{"id":13671,"date":"2026-08-28T08:00:37","date_gmt":"2026-08-28T06:00:37","guid":{"rendered":"https:\/\/rafaramirez.org\/blog\/?p=13671"},"modified":"2026-07-16T12:37:20","modified_gmt":"2026-07-16T10:37:20","slug":"exposicion-robert-frank-y-los-americanos","status":"publish","type":"post","link":"https:\/\/rafaramirez.org\/blog\/index.php\/2026\/08\/28\/exposicion-robert-frank-y-los-americanos\/","title":{"rendered":"El pa\u00eds que no quer\u00eda verse: Robert Frank y la verdad de Los Americanos."},"content":{"rendered":"<p>La exposici\u00f3n <em>Robert Frank &amp; Los Americanos<\/em>, en el Espacio Fundaci\u00f3n Telef\u00f3nica, es un acontecimiento hist\u00f3rico. No es una frase hecha: poder ver la serie completa en Espa\u00f1a, y adem\u00e1s en un espacio que suele cuidar mucho la narrativa expositiva, es una oportunidad \u00fanica, casi un privilegio.<\/p>\n<p>A continuaci\u00f3n, encontrar\u00e1s datos y detalles de la exposici\u00f3n para los amantes de la fotograf\u00eda como lenguaje y como gesto cultural.<\/p>\n<h2><strong><em>Robert Frank y Los Americanos<\/em>: un terremoto visual. <\/strong><\/h2>\n<h3><strong>Un viaje que cambi\u00f3 la fotograf\u00eda para siempre. <\/strong><\/h3>\n<p>Entre 1955 y 1956, Robert Frank recorri\u00f3 Estados Unidos con una Leica y una mirada que no buscaba postales, sino grietas. El resultado fueron 83 fotograf\u00edas que desmontaron la visi\u00f3n idealizada del \u00abestilo de vida americano\u00bb. Lo que Frank capt\u00f3 fue otra cosa: soledad, desigualdad, rituales, silencios, tensiones raciales y gestos m\u00ednimos cargados de verdad.<\/p>\n<p>Su estilo, con desenfoques, encuadres oblicuos, grano y cortes abruptos, rompi\u00f3 con la est\u00e9tica limpia y heroica de la fotograf\u00eda documental de la \u00e9poca. Era casi una declaraci\u00f3n pol\u00edtica hecha desde la poes\u00eda visual.<\/p>\n<h3><strong>Por qu\u00e9 esta exposici\u00f3n es especial.\u00a0<\/strong><\/h3>\n<p>La muestra del Espacio Fundaci\u00f3n Telef\u00f3nica presenta la serie completa, algo que no siempre ocurre. Ver Los Americanos en conjunto es fundamental, ya que no se trata de un \u00e1lbum de im\u00e1genes sueltas, sino de una secuencia con un ritmo y una respiraci\u00f3n propios. Frank orden\u00f3 las fotos como si fueran un libro de viajes interior, donde cada imagen lleva a la siguiente.<\/p>\n<p>La exposici\u00f3n permite entender esa estructura narrativa.\u00a0C\u00f3mo alterna escenas p\u00fablicas y privadas, c\u00f3mo usa el movimiento como met\u00e1fora y c\u00f3mo construye un retrato del pa\u00eds sin recurrir a lo evidente.<\/p>\n<h3><strong>El impacto cultural.\u00a0<\/strong><\/h3>\n<p>Cuando se public\u00f3 en 1958, el libro fue criticado por \u00abantipatri\u00f3tico\u00bb. Hoy en d\u00eda se considera la obra m\u00e1s influyente de la fotograf\u00eda documental del siglo XX. Su huella se encuentra en Diane Arbus, Garry Winogrand, Nan Goldin, Alec Soth y en casi cualquier fot\u00f3grafo que entienda la c\u00e1mara como un instrumento de revelaci\u00f3n y no de adorno.<\/p>\n<h3><strong>Qu\u00e9 esperar en la visita.\u00a0<\/strong><\/h3>\n<p>La exposici\u00f3n sigue abierta (seg\u00fan la programaci\u00f3n, estar\u00e1 disponible hasta el 1 de noviembre de 2026) e incluye:<\/p>\n<ul role=\"list\">\n<li><strong>Copias vintage o de \u00e9poca<\/strong>, o bien impresiones supervisadas por la Fundaci\u00f3n Frank.<\/li>\n<li><strong>Material contextual<\/strong>: cuadernos, hojas de contacto, cartas y mapas del viaje.<\/li>\n<li><strong>Lecturas cr\u00edticas<\/strong> que explican c\u00f3mo el libro transform\u00f3 la fotograf\u00eda contempor\u00e1nea.<\/li>\n<li>Una museograf\u00eda sobria, acorde con el esp\u00edritu del proyecto: luz contenida, secuencias lineales y silencio.<\/li>\n<\/ul>\n<h3><strong>Fechas de la exposici\u00f3n.\u00a0<\/strong><\/h3>\n<ul role=\"list\">\n<li><strong>Apertura:<\/strong> 29 de mayo de 2026.<\/li>\n<li><strong>Clausura:<\/strong> 1 de noviembre de 2026.<\/li>\n<\/ul>\n<h3><strong>Contexto temporal.\u00a0<\/strong><\/h3>\n<p>La muestra forma parte del tramo final del festival PHotoESPA\u00d1A 2026, pero se extiende m\u00e1s all\u00e1 de su duraci\u00f3n, convirti\u00e9ndose en una de las grandes citas fotogr\u00e1ficas del oto\u00f1o madrile\u00f1o.<\/p>\n<p>M\u00e1s informaci\u00f3n:<\/p>\n<ul>\n<li><a href=\"https:\/\/espacio.fundaciontelefonica.com\/evento\/robert-frank-los-americanos\/\" target=\"_blank\" rel=\"noopener\">Robert Frank &amp; Los Americanos | Espacio Fundaci\u00f3n Telef\u00f3nica<\/a>.<\/li>\n<li><a href=\"https:\/\/phe.es\/exposicion\/los-americanos\/\" target=\"_blank\" rel=\"noopener\">PHotoESPA\u00d1A &#8211; Robert Frank &amp; Los Americanos &#8211; Robert Frank<\/a>.<\/li>\n<li><a href=\"https:\/\/rafaramirez.org\/blog\/index.php\/category\/arte\/fotografia\/\" target=\"_blank\" rel=\"noopener\">M\u00e1s fotograf\u00edas y arte digital en el blog<\/a>.<\/li>\n<\/ul>\n","protected":false},"excerpt":{"rendered":"<p>La exposici\u00f3n Robert Frank &amp; Los Americanos, en el Espacio Fundaci\u00f3n Telef\u00f3nica, es un acontecimiento hist\u00f3rico. No es una frase hecha: poder ver la serie completa en Espa\u00f1a, y adem\u00e1s en un espacio que suele cuidar mucho la narrativa expositiva, es una oportunidad \u00fanica, casi un privilegio. A continuaci\u00f3n, encontrar\u00e1s datos y detalles de la [&hellip;]<\/p>\n","protected":false},"author":1,"featured_media":13675,"comment_status":"open","ping_status":"closed","sticky":false,"template":"","format":"standard","meta":{"site-container-style":"default","site-container-layout":"default","site-sidebar-layout":"default","disable-article-header":"default","disable-site-header":"default","disable-site-footer":"default","disable-content-area-spacing":"default","_jetpack_newsletter_access":"","_jetpack_dont_email_post_to_subs":false,"_jetpack_newsletter_tier_id":0,"_jetpack_memberships_contains_paywalled_content":false,"_jetpack_feature_clip_id":0,"_jetpack_memberships_contains_paid_content":false,"footnotes":"","jetpack_publicize_message":"","jetpack_publicize_feature_enabled":true,"jetpack_social_post_already_shared":true,"jetpack_social_options":{"image_generator_settings":{"template":"highway","default_image_id":0,"font":"","enabled":false},"version":2},"jetpack_post_was_ever_published":false},"categories":[3],"tags":[5150,5061,5063,5064,5093,5149],"class_list":["post-13671","post","type-post","status-publish","format-standard","has-post-thumbnail","hentry","category-fotografia","tag-espacio-fundacion-telefonica","tag-exposicion-fotografia","tag-exposiciones-2026","tag-exposiciones-fotograficas","tag-photoespana-2026","tag-robert-frank-y-los-americanos"],"yoast_head":"<!-- This site is optimized with the Yoast SEO plugin v28.3 - https:\/\/yoast.com\/product\/yoast-seo-wordpress\/ -->\n<title>El pa\u00eds que no quer\u00eda verse: Robert Frank y la verdad de Los Americanos. - Blog de Rafael Ram\u00edrez<\/title>\n<meta name=\"description\" content=\"La exposici\u00f3n Robert Frank &amp; Los Americanos, en el Espacio Fundaci\u00f3n Telef\u00f3nica, es un acontecimiento hist\u00f3rico. No es una frase hecha: poder\" \/>\n<meta name=\"robots\" content=\"index, follow, max-snippet:-1, max-image-preview:large, max-video-preview:-1\" \/>\n<link rel=\"canonical\" href=\"https:\/\/rafaramirez.org\/blog\/index.php\/2026\/08\/28\/exposicion-robert-frank-y-los-americanos\/\" \/>\n<meta property=\"og:locale\" content=\"es_ES\" \/>\n<meta property=\"og:type\" content=\"article\" \/>\n<meta property=\"og:title\" content=\"El pa\u00eds que no quer\u00eda verse: Robert Frank y la verdad de Los Americanos. - Blog de Rafael Ram\u00edrez\" \/>\n<meta property=\"og:description\" content=\"La exposici\u00f3n Robert Frank &amp; Los Americanos, en el Espacio Fundaci\u00f3n Telef\u00f3nica, es un acontecimiento hist\u00f3rico. No es una frase hecha: poder\" \/>\n<meta property=\"og:url\" content=\"https:\/\/rafaramirez.org\/blog\/index.php\/2026\/08\/28\/exposicion-robert-frank-y-los-americanos\/\" \/>\n<meta property=\"og:site_name\" content=\"Blog de Rafael Ram\u00edrez\" \/>\n<meta property=\"article:published_time\" content=\"2026-08-28T06:00:37+00:00\" \/>\n<meta property=\"og:image\" content=\"https:\/\/rafaramirez.org\/blog\/wp-content\/uploads\/2026\/08\/Exposicion-Ropbert-Frank-y-los-americanos_bannerlog.jpg\" \/>\n\t<meta property=\"og:image:width\" content=\"720\" \/>\n\t<meta property=\"og:image:height\" content=\"440\" \/>\n\t<meta property=\"og:image:type\" content=\"image\/jpeg\" \/>\n<meta name=\"author\" content=\"Rafael Ram\u00edrez\" \/>\n<meta name=\"twitter:card\" content=\"summary_large_image\" \/>\n<meta name=\"twitter:creator\" content=\"@rafaramirez_ok\" \/>\n<meta name=\"twitter:site\" content=\"@rafaramirez_ok\" \/>\n<meta name=\"twitter:label1\" content=\"Escrito por\" \/>\n\t<meta name=\"twitter:data1\" content=\"Rafael Ram\u00edrez\" \/>\n\t<meta name=\"twitter:label2\" content=\"Tiempo de lectura\" \/>\n\t<meta name=\"twitter:data2\" content=\"3 minutos\" \/>\n<script type=\"application\/ld+json\" class=\"yoast-schema-graph\">{\"@context\":\"https:\\\/\\\/schema.org\",\"@graph\":[{\"@type\":\"Article\",\"@id\":\"https:\\\/\\\/rafaramirez.org\\\/blog\\\/index.php\\\/2026\\\/08\\\/28\\\/exposicion-robert-frank-y-los-americanos\\\/#article\",\"isPartOf\":{\"@id\":\"https:\\\/\\\/rafaramirez.org\\\/blog\\\/index.php\\\/2026\\\/08\\\/28\\\/exposicion-robert-frank-y-los-americanos\\\/\"},\"author\":{\"name\":\"Rafael Ram\u00edrez\",\"@id\":\"https:\\\/\\\/rafaramirez.org\\\/blog\\\/#\\\/schema\\\/person\\\/50f43b6d60c578760d4c17bda54ab6a5\"},\"headline\":\"El pa\u00eds que no quer\u00eda verse: Robert Frank y la verdad de Los Americanos.\",\"datePublished\":\"2026-08-28T06:00:37+00:00\",\"mainEntityOfPage\":{\"@id\":\"https:\\\/\\\/rafaramirez.org\\\/blog\\\/index.php\\\/2026\\\/08\\\/28\\\/exposicion-robert-frank-y-los-americanos\\\/\"},\"wordCount\":551,\"commentCount\":0,\"publisher\":{\"@id\":\"https:\\\/\\\/rafaramirez.org\\\/blog\\\/#\\\/schema\\\/person\\\/50f43b6d60c578760d4c17bda54ab6a5\"},\"image\":{\"@id\":\"https:\\\/\\\/rafaramirez.org\\\/blog\\\/index.php\\\/2026\\\/08\\\/28\\\/exposicion-robert-frank-y-los-americanos\\\/#primaryimage\"},\"thumbnailUrl\":\"https:\\\/\\\/rafaramirez.org\\\/blog\\\/wp-content\\\/uploads\\\/2026\\\/08\\\/Exposicion-Ropbert-Frank-y-los-americanos_bannerlog.jpg\",\"keywords\":[\"Espacio Fundaci\u00f3n Telef\u00f3nica\",\"exposici\u00f3n fotograf\u00eda\",\"exposiciones 2026\",\"exposiciones fotogr\u00e1ficas\",\"PhotoEspa\u00f1a 2026\",\"Robert Frank y Los Americanos\"],\"articleSection\":[\"Fotograf\u00eda &amp; Arte digital\"],\"inLanguage\":\"es\",\"potentialAction\":[{\"@type\":\"CommentAction\",\"name\":\"Comment\",\"target\":[\"https:\\\/\\\/rafaramirez.org\\\/blog\\\/index.php\\\/2026\\\/08\\\/28\\\/exposicion-robert-frank-y-los-americanos\\\/#respond\"]}]},{\"@type\":\"WebPage\",\"@id\":\"https:\\\/\\\/rafaramirez.org\\\/blog\\\/index.php\\\/2026\\\/08\\\/28\\\/exposicion-robert-frank-y-los-americanos\\\/\",\"url\":\"https:\\\/\\\/rafaramirez.org\\\/blog\\\/index.php\\\/2026\\\/08\\\/28\\\/exposicion-robert-frank-y-los-americanos\\\/\",\"name\":\"El pa\u00eds que no quer\u00eda verse: Robert Frank y la verdad de Los Americanos. - Blog de Rafael Ram\u00edrez\",\"isPartOf\":{\"@id\":\"https:\\\/\\\/rafaramirez.org\\\/blog\\\/#website\"},\"primaryImageOfPage\":{\"@id\":\"https:\\\/\\\/rafaramirez.org\\\/blog\\\/index.php\\\/2026\\\/08\\\/28\\\/exposicion-robert-frank-y-los-americanos\\\/#primaryimage\"},\"image\":{\"@id\":\"https:\\\/\\\/rafaramirez.org\\\/blog\\\/index.php\\\/2026\\\/08\\\/28\\\/exposicion-robert-frank-y-los-americanos\\\/#primaryimage\"},\"thumbnailUrl\":\"https:\\\/\\\/rafaramirez.org\\\/blog\\\/wp-content\\\/uploads\\\/2026\\\/08\\\/Exposicion-Ropbert-Frank-y-los-americanos_bannerlog.jpg\",\"datePublished\":\"2026-08-28T06:00:37+00:00\",\"description\":\"La exposici\u00f3n Robert Frank & Los Americanos, en el Espacio Fundaci\u00f3n Telef\u00f3nica, es un acontecimiento hist\u00f3rico. No es una frase hecha: poder\",\"breadcrumb\":{\"@id\":\"https:\\\/\\\/rafaramirez.org\\\/blog\\\/index.php\\\/2026\\\/08\\\/28\\\/exposicion-robert-frank-y-los-americanos\\\/#breadcrumb\"},\"inLanguage\":\"es\",\"potentialAction\":[{\"@type\":\"ReadAction\",\"target\":[\"https:\\\/\\\/rafaramirez.org\\\/blog\\\/index.php\\\/2026\\\/08\\\/28\\\/exposicion-robert-frank-y-los-americanos\\\/\"]}]},{\"@type\":\"ImageObject\",\"inLanguage\":\"es\",\"@id\":\"https:\\\/\\\/rafaramirez.org\\\/blog\\\/index.php\\\/2026\\\/08\\\/28\\\/exposicion-robert-frank-y-los-americanos\\\/#primaryimage\",\"url\":\"https:\\\/\\\/rafaramirez.org\\\/blog\\\/wp-content\\\/uploads\\\/2026\\\/08\\\/Exposicion-Ropbert-Frank-y-los-americanos_bannerlog.jpg\",\"contentUrl\":\"https:\\\/\\\/rafaramirez.org\\\/blog\\\/wp-content\\\/uploads\\\/2026\\\/08\\\/Exposicion-Ropbert-Frank-y-los-americanos_bannerlog.jpg\",\"width\":720,\"height\":440,\"caption\":\"El pa\u00eds que no quer\u00eda verse: Robert Frank y la verdad de Los Americanos. Blog de Rafael Ram\u00edrez.\"},{\"@type\":\"BreadcrumbList\",\"@id\":\"https:\\\/\\\/rafaramirez.org\\\/blog\\\/index.php\\\/2026\\\/08\\\/28\\\/exposicion-robert-frank-y-los-americanos\\\/#breadcrumb\",\"itemListElement\":[{\"@type\":\"ListItem\",\"position\":1,\"name\":\"Portada\",\"item\":\"https:\\\/\\\/rafaramirez.org\\\/blog\\\/\"},{\"@type\":\"ListItem\",\"position\":2,\"name\":\"El pa\u00eds que no quer\u00eda verse: Robert Frank y la verdad de Los Americanos.\"}]},{\"@type\":\"WebSite\",\"@id\":\"https:\\\/\\\/rafaramirez.org\\\/blog\\\/#website\",\"url\":\"https:\\\/\\\/rafaramirez.org\\\/blog\\\/\",\"name\":\"Blog de Rafael Ram\u00edrez\",\"description\":\"Un sitio social, de arte y cultura\",\"publisher\":{\"@id\":\"https:\\\/\\\/rafaramirez.org\\\/blog\\\/#\\\/schema\\\/person\\\/50f43b6d60c578760d4c17bda54ab6a5\"},\"potentialAction\":[{\"@type\":\"SearchAction\",\"target\":{\"@type\":\"EntryPoint\",\"urlTemplate\":\"https:\\\/\\\/rafaramirez.org\\\/blog\\\/?s={search_term_string}\"},\"query-input\":{\"@type\":\"PropertyValueSpecification\",\"valueRequired\":true,\"valueName\":\"search_term_string\"}}],\"inLanguage\":\"es\"},{\"@type\":[\"Person\",\"Organization\"],\"@id\":\"https:\\\/\\\/rafaramirez.org\\\/blog\\\/#\\\/schema\\\/person\\\/50f43b6d60c578760d4c17bda54ab6a5\",\"name\":\"Rafael Ram\u00edrez\",\"image\":{\"@type\":\"ImageObject\",\"inLanguage\":\"es\",\"@id\":\"https:\\\/\\\/rafaramirez.org\\\/blog\\\/wp-content\\\/uploads\\\/2024\\\/09\\\/RR_socialnetwork.jpg\",\"url\":\"https:\\\/\\\/rafaramirez.org\\\/blog\\\/wp-content\\\/uploads\\\/2024\\\/09\\\/RR_socialnetwork.jpg\",\"contentUrl\":\"https:\\\/\\\/rafaramirez.org\\\/blog\\\/wp-content\\\/uploads\\\/2024\\\/09\\\/RR_socialnetwork.jpg\",\"width\":600,\"height\":606,\"caption\":\"Rafael Ram\u00edrez\"},\"logo\":{\"@id\":\"https:\\\/\\\/rafaramirez.org\\\/blog\\\/wp-content\\\/uploads\\\/2024\\\/09\\\/RR_socialnetwork.jpg\"},\"sameAs\":[\"https:\\\/\\\/www.rafaramirez.org\\\/blog\",\"https:\\\/\\\/www.instagram.com\\\/rafaramirez_ok\\\/\",\"https:\\\/\\\/es.pinterest.com\\\/Ramirez_Rafa\\\/\",\"https:\\\/\\\/x.com\\\/rafaramirez_ok\"],\"url\":\"https:\\\/\\\/rafaramirez.org\\\/blog\\\/index.php\\\/author\\\/rafaell_qm6j97da\\\/\"}]}<\/script>\n<!-- \/ Yoast SEO plugin. -->","yoast_head_json":{"title":"El pa\u00eds que no quer\u00eda verse: Robert Frank y la verdad de Los Americanos. - Blog de Rafael Ram\u00edrez","description":"La exposici\u00f3n Robert Frank & Los Americanos, en el Espacio Fundaci\u00f3n Telef\u00f3nica, es un acontecimiento hist\u00f3rico. No es una frase hecha: poder","robots":{"index":"index","follow":"follow","max-snippet":"max-snippet:-1","max-image-preview":"max-image-preview:large","max-video-preview":"max-video-preview:-1"},"canonical":"https:\/\/rafaramirez.org\/blog\/index.php\/2026\/08\/28\/exposicion-robert-frank-y-los-americanos\/","og_locale":"es_ES","og_type":"article","og_title":"El pa\u00eds que no quer\u00eda verse: Robert Frank y la verdad de Los Americanos. - Blog de Rafael Ram\u00edrez","og_description":"La exposici\u00f3n Robert Frank & Los Americanos, en el Espacio Fundaci\u00f3n Telef\u00f3nica, es un acontecimiento hist\u00f3rico. No es una frase hecha: poder","og_url":"https:\/\/rafaramirez.org\/blog\/index.php\/2026\/08\/28\/exposicion-robert-frank-y-los-americanos\/","og_site_name":"Blog de Rafael Ram\u00edrez","article_published_time":"2026-08-28T06:00:37+00:00","og_image":[{"width":720,"height":440,"url":"https:\/\/rafaramirez.org\/blog\/wp-content\/uploads\/2026\/08\/Exposicion-Ropbert-Frank-y-los-americanos_bannerlog.jpg","type":"image\/jpeg"}],"author":"Rafael Ram\u00edrez","twitter_card":"summary_large_image","twitter_creator":"@rafaramirez_ok","twitter_site":"@rafaramirez_ok","twitter_misc":{"Escrito por":"Rafael Ram\u00edrez","Tiempo de lectura":"3 minutos"},"schema":{"@context":"https:\/\/schema.org","@graph":[{"@type":"Article","@id":"https:\/\/rafaramirez.org\/blog\/index.php\/2026\/08\/28\/exposicion-robert-frank-y-los-americanos\/#article","isPartOf":{"@id":"https:\/\/rafaramirez.org\/blog\/index.php\/2026\/08\/28\/exposicion-robert-frank-y-los-americanos\/"},"author":{"name":"Rafael Ram\u00edrez","@id":"https:\/\/rafaramirez.org\/blog\/#\/schema\/person\/50f43b6d60c578760d4c17bda54ab6a5"},"headline":"El pa\u00eds que no quer\u00eda verse: Robert Frank y la verdad de Los Americanos.","datePublished":"2026-08-28T06:00:37+00:00","mainEntityOfPage":{"@id":"https:\/\/rafaramirez.org\/blog\/index.php\/2026\/08\/28\/exposicion-robert-frank-y-los-americanos\/"},"wordCount":551,"commentCount":0,"publisher":{"@id":"https:\/\/rafaramirez.org\/blog\/#\/schema\/person\/50f43b6d60c578760d4c17bda54ab6a5"},"image":{"@id":"https:\/\/rafaramirez.org\/blog\/index.php\/2026\/08\/28\/exposicion-robert-frank-y-los-americanos\/#primaryimage"},"thumbnailUrl":"https:\/\/rafaramirez.org\/blog\/wp-content\/uploads\/2026\/08\/Exposicion-Ropbert-Frank-y-los-americanos_bannerlog.jpg","keywords":["Espacio Fundaci\u00f3n Telef\u00f3nica","exposici\u00f3n fotograf\u00eda","exposiciones 2026","exposiciones fotogr\u00e1ficas","PhotoEspa\u00f1a 2026","Robert Frank y Los Americanos"],"articleSection":["Fotograf\u00eda &amp; Arte digital"],"inLanguage":"es","potentialAction":[{"@type":"CommentAction","name":"Comment","target":["https:\/\/rafaramirez.org\/blog\/index.php\/2026\/08\/28\/exposicion-robert-frank-y-los-americanos\/#respond"]}]},{"@type":"WebPage","@id":"https:\/\/rafaramirez.org\/blog\/index.php\/2026\/08\/28\/exposicion-robert-frank-y-los-americanos\/","url":"https:\/\/rafaramirez.org\/blog\/index.php\/2026\/08\/28\/exposicion-robert-frank-y-los-americanos\/","name":"El pa\u00eds que no quer\u00eda verse: Robert Frank y la verdad de Los Americanos. - Blog de Rafael Ram\u00edrez","isPartOf":{"@id":"https:\/\/rafaramirez.org\/blog\/#website"},"primaryImageOfPage":{"@id":"https:\/\/rafaramirez.org\/blog\/index.php\/2026\/08\/28\/exposicion-robert-frank-y-los-americanos\/#primaryimage"},"image":{"@id":"https:\/\/rafaramirez.org\/blog\/index.php\/2026\/08\/28\/exposicion-robert-frank-y-los-americanos\/#primaryimage"},"thumbnailUrl":"https:\/\/rafaramirez.org\/blog\/wp-content\/uploads\/2026\/08\/Exposicion-Ropbert-Frank-y-los-americanos_bannerlog.jpg","datePublished":"2026-08-28T06:00:37+00:00","description":"La exposici\u00f3n Robert Frank & Los Americanos, en el Espacio Fundaci\u00f3n Telef\u00f3nica, es un acontecimiento hist\u00f3rico. No es una frase hecha: poder","breadcrumb":{"@id":"https:\/\/rafaramirez.org\/blog\/index.php\/2026\/08\/28\/exposicion-robert-frank-y-los-americanos\/#breadcrumb"},"inLanguage":"es","potentialAction":[{"@type":"ReadAction","target":["https:\/\/rafaramirez.org\/blog\/index.php\/2026\/08\/28\/exposicion-robert-frank-y-los-americanos\/"]}]},{"@type":"ImageObject","inLanguage":"es","@id":"https:\/\/rafaramirez.org\/blog\/index.php\/2026\/08\/28\/exposicion-robert-frank-y-los-americanos\/#primaryimage","url":"https:\/\/rafaramirez.org\/blog\/wp-content\/uploads\/2026\/08\/Exposicion-Ropbert-Frank-y-los-americanos_bannerlog.jpg","contentUrl":"https:\/\/rafaramirez.org\/blog\/wp-content\/uploads\/2026\/08\/Exposicion-Ropbert-Frank-y-los-americanos_bannerlog.jpg","width":720,"height":440,"caption":"El pa\u00eds que no quer\u00eda verse: Robert Frank y la verdad de Los Americanos. Blog de Rafael Ram\u00edrez."},{"@type":"BreadcrumbList","@id":"https:\/\/rafaramirez.org\/blog\/index.php\/2026\/08\/28\/exposicion-robert-frank-y-los-americanos\/#breadcrumb","itemListElement":[{"@type":"ListItem","position":1,"name":"Portada","item":"https:\/\/rafaramirez.org\/blog\/"},{"@type":"ListItem","position":2,"name":"El pa\u00eds que no quer\u00eda verse: Robert Frank y la verdad de Los Americanos."}]},{"@type":"WebSite","@id":"https:\/\/rafaramirez.org\/blog\/#website","url":"https:\/\/rafaramirez.org\/blog\/","name":"Blog de Rafael Ram\u00edrez","description":"Un sitio social, de arte y cultura","publisher":{"@id":"https:\/\/rafaramirez.org\/blog\/#\/schema\/person\/50f43b6d60c578760d4c17bda54ab6a5"},"potentialAction":[{"@type":"SearchAction","target":{"@type":"EntryPoint","urlTemplate":"https:\/\/rafaramirez.org\/blog\/?s={search_term_string}"},"query-input":{"@type":"PropertyValueSpecification","valueRequired":true,"valueName":"search_term_string"}}],"inLanguage":"es"},{"@type":["Person","Organization"],"@id":"https:\/\/rafaramirez.org\/blog\/#\/schema\/person\/50f43b6d60c578760d4c17bda54ab6a5","name":"Rafael Ram\u00edrez","image":{"@type":"ImageObject","inLanguage":"es","@id":"https:\/\/rafaramirez.org\/blog\/wp-content\/uploads\/2024\/09\/RR_socialnetwork.jpg","url":"https:\/\/rafaramirez.org\/blog\/wp-content\/uploads\/2024\/09\/RR_socialnetwork.jpg","contentUrl":"https:\/\/rafaramirez.org\/blog\/wp-content\/uploads\/2024\/09\/RR_socialnetwork.jpg","width":600,"height":606,"caption":"Rafael Ram\u00edrez"},"logo":{"@id":"https:\/\/rafaramirez.org\/blog\/wp-content\/uploads\/2024\/09\/RR_socialnetwork.jpg"},"sameAs":["https:\/\/www.rafaramirez.org\/blog","https:\/\/www.instagram.com\/rafaramirez_ok\/","https:\/\/es.pinterest.com\/Ramirez_Rafa\/","https:\/\/x.com\/rafaramirez_ok"],"url":"https:\/\/rafaramirez.org\/blog\/index.php\/author\/rafaell_qm6j97da\/"}]}},"jetpack_publicize_connections":[],"jetpack_sharing_enabled":true,"jetpack_likes_enabled":true,"jetpack_featured_media_url":"https:\/\/rafaramirez.org\/blog\/wp-content\/uploads\/2026\/08\/Exposicion-Ropbert-Frank-y-los-americanos_bannerlog.jpg","_links":{"self":[{"href":"https:\/\/rafaramirez.org\/blog\/index.php\/wp-json\/wp\/v2\/posts\/13671","targetHints":{"allow":["GET"]}}],"collection":[{"href":"https:\/\/rafaramirez.org\/blog\/index.php\/wp-json\/wp\/v2\/posts"}],"about":[{"href":"https:\/\/rafaramirez.org\/blog\/index.php\/wp-json\/wp\/v2\/types\/post"}],"author":[{"embeddable":true,"href":"https:\/\/rafaramirez.org\/blog\/index.php\/wp-json\/wp\/v2\/users\/1"}],"replies":[{"embeddable":true,"href":"https:\/\/rafaramirez.org\/blog\/index.php\/wp-json\/wp\/v2\/comments?post=13671"}],"version-history":[{"count":5,"href":"https:\/\/rafaramirez.org\/blog\/index.php\/wp-json\/wp\/v2\/posts\/13671\/revisions"}],"predecessor-version":[{"id":13677,"href":"https:\/\/rafaramirez.org\/blog\/index.php\/wp-json\/wp\/v2\/posts\/13671\/revisions\/13677"}],"wp:featuredmedia":[{"embeddable":true,"href":"https:\/\/rafaramirez.org\/blog\/index.php\/wp-json\/wp\/v2\/media\/13675"}],"wp:attachment":[{"href":"https:\/\/rafaramirez.org\/blog\/index.php\/wp-json\/wp\/v2\/media?parent=13671"}],"wp:term":[{"taxonomy":"category","embeddable":true,"href":"https:\/\/rafaramirez.org\/blog\/index.php\/wp-json\/wp\/v2\/categories?post=13671"},{"taxonomy":"post_tag","embeddable":true,"href":"https:\/\/rafaramirez.org\/blog\/index.php\/wp-json\/wp\/v2\/tags?post=13671"}],"curies":[{"name":"wp","href":"https:\/\/api.w.org\/{rel}","templated":true}]}}