{"id":13664,"date":"2026-08-24T08:00:20","date_gmt":"2026-08-24T06:00:20","guid":{"rendered":"https:\/\/rafaramirez.org\/blog\/?p=13664"},"modified":"2026-07-16T11:38:15","modified_gmt":"2026-07-16T09:38:15","slug":"semana-mundial-del-agua-2026","status":"publish","type":"post","link":"https:\/\/rafaramirez.org\/blog\/index.php\/2026\/08\/24\/semana-mundial-del-agua-2026\/","title":{"rendered":"Semana Mundial del Agua 2026: el agua como motor de igualdad y progreso."},"content":{"rendered":"<p>La Semana Mundial del Agua 2026, organizada por el Stockholm International Water Institute (SIWI), se celebrar\u00e1 del 23 al 27 de agosto de 2026 y ser\u00e1 uno de los encuentros globales m\u00e1s influyentes sobre la gesti\u00f3n del agua y el desarrollo sostenible.<\/p>\n<h3>Tema central 2026: <em>Agua para las personas y el progreso<\/em>.<\/h3>\n<p>La edici\u00f3n de 2026 gira en torno a una idea principal: el agua como base del progreso humano en aspectos como la salud, la educaci\u00f3n, la resiliencia clim\u00e1tica y la igualdad social. Este enfoque est\u00e1 en consonancia con los Objetivos de Desarrollo Sostenible y con el mensaje de la ONU para el D\u00eda Mundial del Agua de 2026, que destaca la relaci\u00f3n entre el agua y la igualdad de g\u00e9nero.<\/p>\n<h3><strong>Ejes tem\u00e1ticos destacados.\u00a0<\/strong><\/h3>\n<ul role=\"list\">\n<li><strong>Seguridad h\u00eddrica global<\/strong>: garantizar el acceso a agua potable y saneamiento seguros como pilares del desarrollo humano.<\/li>\n<li><strong>Agua y desigualdad<\/strong>: atenci\u00f3n especial a las comunidades que sufren brechas persistentes en el acceso y la gesti\u00f3n del agua.<\/li>\n<li><strong>Agua y g\u00e9nero<\/strong>: continuidad del mensaje \u201cDonde fluye el agua, crece la igualdad\u201d, que destaca c\u00f3mo la crisis h\u00eddrica afecta de manera desproporcionada a mujeres y ni\u00f1as, y c\u00f3mo su liderazgo es clave para encontrar soluciones sostenibles.<\/li>\n<li class=\"ps-2\"><strong>Resiliencia clim\u00e1tica<\/strong>: adaptaci\u00f3n a sequ\u00edas, inundaciones y degradaci\u00f3n de los ecosistemas.<\/li>\n<li><strong>Gobernanza y pol\u00edticas p\u00fablicas<\/strong>: revisi\u00f3n del progreso hacia los ODS y anticipaci\u00f3n de los marcos que suceder\u00e1n a la Agenda 2030.<\/li>\n<\/ul>\n<h3><strong>\u00bfQu\u00e9 ocurre durante la Semana Mundial del Agua?<\/strong><\/h3>\n<p>Durante cinco d\u00edas, Estocolmo se convierte en un foro internacional donde se re\u00fanen:<\/p>\n<ul role=\"list\">\n<li>Responsables pol\u00edticos, investigadores, organizaciones civiles, empresas y entidades multilaterales.<\/li>\n<\/ul>\n<p>El programa incluye sesiones t\u00e9cnicas, talleres, debates de alto nivel y espacios de innovaci\u00f3n para compartir soluciones y acelerar la acci\u00f3n global.<\/p>\n<h3><strong>Conexi\u00f3n con la agenda de la ONU.\u00a0<\/strong><\/h3>\n<p>La Semana Mundial del Agua de 2026 est\u00e1 estrechamente vinculada al D\u00eda Mundial del Agua, que se celebra el 22 de marzo, y al Informe Mundial de las Naciones Unidas sobre el Desarrollo de los Recursos H\u00eddricos de 2026, que se centra en \u00abAgua para todos: igualdad de derechos y oportunidades\u00bb y analiza c\u00f3mo la desigualdad de g\u00e9nero afecta a la seguridad h\u00eddrica global.<\/p>\n<figure id=\"attachment_5473\" aria-describedby=\"caption-attachment-5473\" style=\"width: 300px\" class=\"wp-caption aligncenter\"><img loading=\"lazy\" decoding=\"async\" class=\"wp-image-5473 size-medium\" src=\"https:\/\/rafaramirez.org\/blog\/wp-content\/uploads\/2024\/08\/frog-2403334-300x225.jpg\" alt=\"Semana Mundial del Agua. Blog de Rafael Ram\u00edrez.\" width=\"300\" height=\"225\" srcset=\"https:\/\/rafaramirez.org\/blog\/wp-content\/uploads\/2024\/08\/frog-2403334-300x225.jpg 300w, https:\/\/rafaramirez.org\/blog\/wp-content\/uploads\/2024\/08\/frog-2403334-1024x768.jpg 1024w, https:\/\/rafaramirez.org\/blog\/wp-content\/uploads\/2024\/08\/frog-2403334-768x576.jpg 768w, https:\/\/rafaramirez.org\/blog\/wp-content\/uploads\/2024\/08\/frog-2403334.jpg 1400w\" sizes=\"auto, (max-width: 300px) 100vw, 300px\" \/><figcaption id=\"caption-attachment-5473\" class=\"wp-caption-text\">Semana Mundial del Agua. Blog de Rafael Ram\u00edrez.<\/figcaption><\/figure>\n<h3><strong>Por qu\u00e9 es importante en 2026.\u00a0<\/strong><\/h3>\n<p>El a\u00f1o 2026 se sit\u00faa en un punto cr\u00edtico:<\/p>\n<ul role=\"list\">\n<li>La crisis clim\u00e1tica intensifica la presi\u00f3n sobre los recursos h\u00eddricos, las desigualdades en el acceso al agua siguen siendo profundas y el mundo se acerca al final de la Agenda 2030, lo que obliga a evaluar los avances y a redefinir las prioridades.<\/li>\n<\/ul>\n<p>La Semana Mundial del Agua se convierte as\u00ed en un espacio para replantear estrategias globales, impulsar la cooperaci\u00f3n y situar a las personas, especialmente a las m\u00e1s vulnerables, en el centro de las soluciones.<\/p>\n<p>M\u00e1s informaci\u00f3n:<\/p>\n<ul>\n<li style=\"list-style-type: none;\">\n<ul>\n<li><a href=\"https:\/\/www.unwater.org\/news\/world-water-week-2026\" target=\"_blank\" rel=\"noopener\">Semana Mundial del Agua 2026 | ONU-Agua<\/a>.<\/li>\n<li><a href=\"https:\/\/www.un.org\/en\/desa\/world-water-day-2026\" target=\"_blank\" rel=\"noopener\">World Water Day 2026: Where water flows, equality grows | United Nations<\/a>.<\/li>\n<\/ul>\n<\/li>\n<\/ul>\n","protected":false},"excerpt":{"rendered":"<p>La Semana Mundial del Agua 2026, organizada por el Stockholm International Water Institute (SIWI), se celebrar\u00e1 del 23 al 27 de agosto de 2026 y ser\u00e1 uno de los encuentros globales m\u00e1s influyentes sobre la gesti\u00f3n del agua y el desarrollo sostenible. Tema central 2026: Agua para las personas y el progreso. La edici\u00f3n de [&hellip;]<\/p>\n","protected":false},"author":1,"featured_media":13668,"comment_status":"open","ping_status":"closed","sticky":false,"template":"","format":"standard","meta":{"site-container-style":"default","site-container-layout":"default","site-sidebar-layout":"default","disable-article-header":"default","disable-site-header":"default","disable-site-footer":"default","disable-content-area-spacing":"default","_jetpack_newsletter_access":"","_jetpack_dont_email_post_to_subs":false,"_jetpack_newsletter_tier_id":0,"_jetpack_memberships_contains_paywalled_content":false,"_jetpack_feature_clip_id":0,"_jetpack_memberships_contains_paid_content":false,"footnotes":"","jetpack_publicize_message":"","jetpack_publicize_feature_enabled":true,"jetpack_social_post_already_shared":true,"jetpack_social_options":{"image_generator_settings":{"template":"highway","default_image_id":0,"font":"","enabled":false},"version":2},"jetpack_post_was_ever_published":false},"categories":[1291,15],"tags":[1652,3129,3135,3136,1323,228,3134,330,2330,3132,3133,336,338,998,3128,3137,3131,3130],"class_list":["post-13664","post","type-post","status-publish","format-standard","has-post-thumbnail","hentry","category-efemerides","category-noticias-sociales","tag-1652","tag-bridging-borders-water-for-a-peaceful-and-sustainable-future","tag-colaboracion-publico-privada","tag-educacion-y-concienciacion","tag-efemerides","tag-informe","tag-inversiones-en-infraestructura","tag-noticias-sociales","tag-objetivos-de-desarrollo-sostenible","tag-ods","tag-ods-6","tag-oms","tag-organizacion-mundial-de-la-salud","tag-problema-social","tag-semana-mundial-del-agua","tag-tecnologia-y-soluciones-innovadoras","tag-unicef","tag-uniendo-fronteras-agua-para-un-futuro-pacifico-y-sostenible"],"yoast_head":"<!-- This site is optimized with the Yoast SEO plugin v28.3 - https:\/\/yoast.com\/product\/yoast-seo-wordpress\/ -->\n<title>Semana Mundial del Agua 2026: el agua como motor de igualdad y progreso. - Blog de Rafael Ram\u00edrez<\/title>\n<meta name=\"description\" content=\"La Semana Mundial del Agua 2026, organizada por el Stockholm International Water Institute (SIWI), se celebrar\u00e1 del 23 al 27 de agosto de\" \/>\n<meta name=\"robots\" content=\"index, follow, max-snippet:-1, max-image-preview:large, max-video-preview:-1\" \/>\n<link rel=\"canonical\" href=\"https:\/\/rafaramirez.org\/blog\/index.php\/2026\/08\/24\/semana-mundial-del-agua-2026\/\" \/>\n<meta property=\"og:locale\" content=\"es_ES\" \/>\n<meta property=\"og:type\" content=\"article\" \/>\n<meta property=\"og:title\" content=\"Semana Mundial del Agua 2026: el agua como motor de igualdad y progreso. - Blog de Rafael Ram\u00edrez\" \/>\n<meta property=\"og:description\" content=\"La Semana Mundial del Agua 2026, organizada por el Stockholm International Water Institute (SIWI), se celebrar\u00e1 del 23 al 27 de agosto de\" \/>\n<meta property=\"og:url\" content=\"https:\/\/rafaramirez.org\/blog\/index.php\/2026\/08\/24\/semana-mundial-del-agua-2026\/\" \/>\n<meta property=\"og:site_name\" content=\"Blog de Rafael Ram\u00edrez\" \/>\n<meta property=\"article:published_time\" content=\"2026-08-24T06:00:20+00:00\" \/>\n<meta property=\"og:image\" content=\"https:\/\/rafaramirez.org\/blog\/wp-content\/uploads\/2026\/08\/Semana-Mundial-del-Agua-2026_bannerlog.jpg\" \/>\n\t<meta property=\"og:image:width\" content=\"720\" \/>\n\t<meta property=\"og:image:height\" content=\"440\" \/>\n\t<meta property=\"og:image:type\" content=\"image\/jpeg\" \/>\n<meta name=\"author\" content=\"Rafael Ram\u00edrez\" \/>\n<meta name=\"twitter:card\" content=\"summary_large_image\" \/>\n<meta name=\"twitter:creator\" content=\"@rafaramirez_ok\" \/>\n<meta name=\"twitter:site\" content=\"@rafaramirez_ok\" \/>\n<meta name=\"twitter:label1\" content=\"Escrito por\" \/>\n\t<meta name=\"twitter:data1\" content=\"Rafael Ram\u00edrez\" \/>\n\t<meta name=\"twitter:label2\" content=\"Tiempo de lectura\" \/>\n\t<meta name=\"twitter:data2\" content=\"3 minutos\" \/>\n<script type=\"application\/ld+json\" class=\"yoast-schema-graph\">{\"@context\":\"https:\\\/\\\/schema.org\",\"@graph\":[{\"@type\":\"Article\",\"@id\":\"https:\\\/\\\/rafaramirez.org\\\/blog\\\/index.php\\\/2026\\\/08\\\/24\\\/semana-mundial-del-agua-2026\\\/#article\",\"isPartOf\":{\"@id\":\"https:\\\/\\\/rafaramirez.org\\\/blog\\\/index.php\\\/2026\\\/08\\\/24\\\/semana-mundial-del-agua-2026\\\/\"},\"author\":{\"name\":\"Rafael Ram\u00edrez\",\"@id\":\"https:\\\/\\\/rafaramirez.org\\\/blog\\\/#\\\/schema\\\/person\\\/50f43b6d60c578760d4c17bda54ab6a5\"},\"headline\":\"Semana Mundial del Agua 2026: el agua como motor de igualdad y progreso.\",\"datePublished\":\"2026-08-24T06:00:20+00:00\",\"mainEntityOfPage\":{\"@id\":\"https:\\\/\\\/rafaramirez.org\\\/blog\\\/index.php\\\/2026\\\/08\\\/24\\\/semana-mundial-del-agua-2026\\\/\"},\"wordCount\":525,\"commentCount\":0,\"publisher\":{\"@id\":\"https:\\\/\\\/rafaramirez.org\\\/blog\\\/#\\\/schema\\\/person\\\/50f43b6d60c578760d4c17bda54ab6a5\"},\"image\":{\"@id\":\"https:\\\/\\\/rafaramirez.org\\\/blog\\\/index.php\\\/2026\\\/08\\\/24\\\/semana-mundial-del-agua-2026\\\/#primaryimage\"},\"thumbnailUrl\":\"https:\\\/\\\/rafaramirez.org\\\/blog\\\/wp-content\\\/uploads\\\/2026\\\/08\\\/Semana-Mundial-del-Agua-2026_bannerlog.jpg\",\"keywords\":[\"2024\",\"Bridging Borders: Water for a Peaceful and Sustainable Future\",\"Colaboraci\u00f3n p\u00fablico-privada\",\"Educaci\u00f3n y concienciaci\u00f3n\",\"efem\u00e9rides\",\"informe\",\"Inversiones en infraestructura\",\"noticias sociales\",\"Objetivos de Desarrollo Sostenible\",\"ODS\",\"ODS 6\",\"oms\",\"organizacion mundial de la salud\",\"problema social\",\"Semana Mundial del Agua\",\"Tecnolog\u00eda y soluciones innovadoras\",\"UNICEF\",\"Uniendo fronteras: Agua para un futuro pac\u00edfico y sostenible\"],\"articleSection\":[\"Efem\u00e9rides\",\"Informe social\"],\"inLanguage\":\"es\",\"potentialAction\":[{\"@type\":\"CommentAction\",\"name\":\"Comment\",\"target\":[\"https:\\\/\\\/rafaramirez.org\\\/blog\\\/index.php\\\/2026\\\/08\\\/24\\\/semana-mundial-del-agua-2026\\\/#respond\"]}]},{\"@type\":\"WebPage\",\"@id\":\"https:\\\/\\\/rafaramirez.org\\\/blog\\\/index.php\\\/2026\\\/08\\\/24\\\/semana-mundial-del-agua-2026\\\/\",\"url\":\"https:\\\/\\\/rafaramirez.org\\\/blog\\\/index.php\\\/2026\\\/08\\\/24\\\/semana-mundial-del-agua-2026\\\/\",\"name\":\"Semana Mundial del Agua 2026: el agua como motor de igualdad y progreso. - Blog de Rafael Ram\u00edrez\",\"isPartOf\":{\"@id\":\"https:\\\/\\\/rafaramirez.org\\\/blog\\\/#website\"},\"primaryImageOfPage\":{\"@id\":\"https:\\\/\\\/rafaramirez.org\\\/blog\\\/index.php\\\/2026\\\/08\\\/24\\\/semana-mundial-del-agua-2026\\\/#primaryimage\"},\"image\":{\"@id\":\"https:\\\/\\\/rafaramirez.org\\\/blog\\\/index.php\\\/2026\\\/08\\\/24\\\/semana-mundial-del-agua-2026\\\/#primaryimage\"},\"thumbnailUrl\":\"https:\\\/\\\/rafaramirez.org\\\/blog\\\/wp-content\\\/uploads\\\/2026\\\/08\\\/Semana-Mundial-del-Agua-2026_bannerlog.jpg\",\"datePublished\":\"2026-08-24T06:00:20+00:00\",\"description\":\"La Semana Mundial del Agua 2026, organizada por el Stockholm International Water Institute (SIWI), se celebrar\u00e1 del 23 al 27 de agosto de\",\"breadcrumb\":{\"@id\":\"https:\\\/\\\/rafaramirez.org\\\/blog\\\/index.php\\\/2026\\\/08\\\/24\\\/semana-mundial-del-agua-2026\\\/#breadcrumb\"},\"inLanguage\":\"es\",\"potentialAction\":[{\"@type\":\"ReadAction\",\"target\":[\"https:\\\/\\\/rafaramirez.org\\\/blog\\\/index.php\\\/2026\\\/08\\\/24\\\/semana-mundial-del-agua-2026\\\/\"]}]},{\"@type\":\"ImageObject\",\"inLanguage\":\"es\",\"@id\":\"https:\\\/\\\/rafaramirez.org\\\/blog\\\/index.php\\\/2026\\\/08\\\/24\\\/semana-mundial-del-agua-2026\\\/#primaryimage\",\"url\":\"https:\\\/\\\/rafaramirez.org\\\/blog\\\/wp-content\\\/uploads\\\/2026\\\/08\\\/Semana-Mundial-del-Agua-2026_bannerlog.jpg\",\"contentUrl\":\"https:\\\/\\\/rafaramirez.org\\\/blog\\\/wp-content\\\/uploads\\\/2026\\\/08\\\/Semana-Mundial-del-Agua-2026_bannerlog.jpg\",\"width\":720,\"height\":440,\"caption\":\"Semana Mundial del Agua 2026. Blog de Rafael Ram\u00edrez.\"},{\"@type\":\"BreadcrumbList\",\"@id\":\"https:\\\/\\\/rafaramirez.org\\\/blog\\\/index.php\\\/2026\\\/08\\\/24\\\/semana-mundial-del-agua-2026\\\/#breadcrumb\",\"itemListElement\":[{\"@type\":\"ListItem\",\"position\":1,\"name\":\"Portada\",\"item\":\"https:\\\/\\\/rafaramirez.org\\\/blog\\\/\"},{\"@type\":\"ListItem\",\"position\":2,\"name\":\"Semana Mundial del Agua 2026: el agua como motor de igualdad y progreso.\"}]},{\"@type\":\"WebSite\",\"@id\":\"https:\\\/\\\/rafaramirez.org\\\/blog\\\/#website\",\"url\":\"https:\\\/\\\/rafaramirez.org\\\/blog\\\/\",\"name\":\"Blog de Rafael Ram\u00edrez\",\"description\":\"Un sitio social, de arte y cultura\",\"publisher\":{\"@id\":\"https:\\\/\\\/rafaramirez.org\\\/blog\\\/#\\\/schema\\\/person\\\/50f43b6d60c578760d4c17bda54ab6a5\"},\"potentialAction\":[{\"@type\":\"SearchAction\",\"target\":{\"@type\":\"EntryPoint\",\"urlTemplate\":\"https:\\\/\\\/rafaramirez.org\\\/blog\\\/?s={search_term_string}\"},\"query-input\":{\"@type\":\"PropertyValueSpecification\",\"valueRequired\":true,\"valueName\":\"search_term_string\"}}],\"inLanguage\":\"es\"},{\"@type\":[\"Person\",\"Organization\"],\"@id\":\"https:\\\/\\\/rafaramirez.org\\\/blog\\\/#\\\/schema\\\/person\\\/50f43b6d60c578760d4c17bda54ab6a5\",\"name\":\"Rafael Ram\u00edrez\",\"image\":{\"@type\":\"ImageObject\",\"inLanguage\":\"es\",\"@id\":\"https:\\\/\\\/rafaramirez.org\\\/blog\\\/wp-content\\\/uploads\\\/2024\\\/09\\\/RR_socialnetwork.jpg\",\"url\":\"https:\\\/\\\/rafaramirez.org\\\/blog\\\/wp-content\\\/uploads\\\/2024\\\/09\\\/RR_socialnetwork.jpg\",\"contentUrl\":\"https:\\\/\\\/rafaramirez.org\\\/blog\\\/wp-content\\\/uploads\\\/2024\\\/09\\\/RR_socialnetwork.jpg\",\"width\":600,\"height\":606,\"caption\":\"Rafael Ram\u00edrez\"},\"logo\":{\"@id\":\"https:\\\/\\\/rafaramirez.org\\\/blog\\\/wp-content\\\/uploads\\\/2024\\\/09\\\/RR_socialnetwork.jpg\"},\"sameAs\":[\"https:\\\/\\\/www.rafaramirez.org\\\/blog\",\"https:\\\/\\\/www.instagram.com\\\/rafaramirez_ok\\\/\",\"https:\\\/\\\/es.pinterest.com\\\/Ramirez_Rafa\\\/\",\"https:\\\/\\\/x.com\\\/rafaramirez_ok\"],\"url\":\"https:\\\/\\\/rafaramirez.org\\\/blog\\\/index.php\\\/author\\\/rafaell_qm6j97da\\\/\"}]}<\/script>\n<!-- \/ Yoast SEO plugin. -->","yoast_head_json":{"title":"Semana Mundial del Agua 2026: el agua como motor de igualdad y progreso. - Blog de Rafael Ram\u00edrez","description":"La Semana Mundial del Agua 2026, organizada por el Stockholm International Water Institute (SIWI), se celebrar\u00e1 del 23 al 27 de agosto de","robots":{"index":"index","follow":"follow","max-snippet":"max-snippet:-1","max-image-preview":"max-image-preview:large","max-video-preview":"max-video-preview:-1"},"canonical":"https:\/\/rafaramirez.org\/blog\/index.php\/2026\/08\/24\/semana-mundial-del-agua-2026\/","og_locale":"es_ES","og_type":"article","og_title":"Semana Mundial del Agua 2026: el agua como motor de igualdad y progreso. - Blog de Rafael Ram\u00edrez","og_description":"La Semana Mundial del Agua 2026, organizada por el Stockholm International Water Institute (SIWI), se celebrar\u00e1 del 23 al 27 de agosto de","og_url":"https:\/\/rafaramirez.org\/blog\/index.php\/2026\/08\/24\/semana-mundial-del-agua-2026\/","og_site_name":"Blog de Rafael Ram\u00edrez","article_published_time":"2026-08-24T06:00:20+00:00","og_image":[{"width":720,"height":440,"url":"https:\/\/rafaramirez.org\/blog\/wp-content\/uploads\/2026\/08\/Semana-Mundial-del-Agua-2026_bannerlog.jpg","type":"image\/jpeg"}],"author":"Rafael Ram\u00edrez","twitter_card":"summary_large_image","twitter_creator":"@rafaramirez_ok","twitter_site":"@rafaramirez_ok","twitter_misc":{"Escrito por":"Rafael Ram\u00edrez","Tiempo de lectura":"3 minutos"},"schema":{"@context":"https:\/\/schema.org","@graph":[{"@type":"Article","@id":"https:\/\/rafaramirez.org\/blog\/index.php\/2026\/08\/24\/semana-mundial-del-agua-2026\/#article","isPartOf":{"@id":"https:\/\/rafaramirez.org\/blog\/index.php\/2026\/08\/24\/semana-mundial-del-agua-2026\/"},"author":{"name":"Rafael Ram\u00edrez","@id":"https:\/\/rafaramirez.org\/blog\/#\/schema\/person\/50f43b6d60c578760d4c17bda54ab6a5"},"headline":"Semana Mundial del Agua 2026: el agua como motor de igualdad y progreso.","datePublished":"2026-08-24T06:00:20+00:00","mainEntityOfPage":{"@id":"https:\/\/rafaramirez.org\/blog\/index.php\/2026\/08\/24\/semana-mundial-del-agua-2026\/"},"wordCount":525,"commentCount":0,"publisher":{"@id":"https:\/\/rafaramirez.org\/blog\/#\/schema\/person\/50f43b6d60c578760d4c17bda54ab6a5"},"image":{"@id":"https:\/\/rafaramirez.org\/blog\/index.php\/2026\/08\/24\/semana-mundial-del-agua-2026\/#primaryimage"},"thumbnailUrl":"https:\/\/rafaramirez.org\/blog\/wp-content\/uploads\/2026\/08\/Semana-Mundial-del-Agua-2026_bannerlog.jpg","keywords":["2024","Bridging Borders: Water for a Peaceful and Sustainable Future","Colaboraci\u00f3n p\u00fablico-privada","Educaci\u00f3n y concienciaci\u00f3n","efem\u00e9rides","informe","Inversiones en infraestructura","noticias sociales","Objetivos de Desarrollo Sostenible","ODS","ODS 6","oms","organizacion mundial de la salud","problema social","Semana Mundial del Agua","Tecnolog\u00eda y soluciones innovadoras","UNICEF","Uniendo fronteras: Agua para un futuro pac\u00edfico y sostenible"],"articleSection":["Efem\u00e9rides","Informe social"],"inLanguage":"es","potentialAction":[{"@type":"CommentAction","name":"Comment","target":["https:\/\/rafaramirez.org\/blog\/index.php\/2026\/08\/24\/semana-mundial-del-agua-2026\/#respond"]}]},{"@type":"WebPage","@id":"https:\/\/rafaramirez.org\/blog\/index.php\/2026\/08\/24\/semana-mundial-del-agua-2026\/","url":"https:\/\/rafaramirez.org\/blog\/index.php\/2026\/08\/24\/semana-mundial-del-agua-2026\/","name":"Semana Mundial del Agua 2026: el agua como motor de igualdad y progreso. - Blog de Rafael Ram\u00edrez","isPartOf":{"@id":"https:\/\/rafaramirez.org\/blog\/#website"},"primaryImageOfPage":{"@id":"https:\/\/rafaramirez.org\/blog\/index.php\/2026\/08\/24\/semana-mundial-del-agua-2026\/#primaryimage"},"image":{"@id":"https:\/\/rafaramirez.org\/blog\/index.php\/2026\/08\/24\/semana-mundial-del-agua-2026\/#primaryimage"},"thumbnailUrl":"https:\/\/rafaramirez.org\/blog\/wp-content\/uploads\/2026\/08\/Semana-Mundial-del-Agua-2026_bannerlog.jpg","datePublished":"2026-08-24T06:00:20+00:00","description":"La Semana Mundial del Agua 2026, organizada por el Stockholm International Water Institute (SIWI), se celebrar\u00e1 del 23 al 27 de agosto de","breadcrumb":{"@id":"https:\/\/rafaramirez.org\/blog\/index.php\/2026\/08\/24\/semana-mundial-del-agua-2026\/#breadcrumb"},"inLanguage":"es","potentialAction":[{"@type":"ReadAction","target":["https:\/\/rafaramirez.org\/blog\/index.php\/2026\/08\/24\/semana-mundial-del-agua-2026\/"]}]},{"@type":"ImageObject","inLanguage":"es","@id":"https:\/\/rafaramirez.org\/blog\/index.php\/2026\/08\/24\/semana-mundial-del-agua-2026\/#primaryimage","url":"https:\/\/rafaramirez.org\/blog\/wp-content\/uploads\/2026\/08\/Semana-Mundial-del-Agua-2026_bannerlog.jpg","contentUrl":"https:\/\/rafaramirez.org\/blog\/wp-content\/uploads\/2026\/08\/Semana-Mundial-del-Agua-2026_bannerlog.jpg","width":720,"height":440,"caption":"Semana Mundial del Agua 2026. Blog de Rafael Ram\u00edrez."},{"@type":"BreadcrumbList","@id":"https:\/\/rafaramirez.org\/blog\/index.php\/2026\/08\/24\/semana-mundial-del-agua-2026\/#breadcrumb","itemListElement":[{"@type":"ListItem","position":1,"name":"Portada","item":"https:\/\/rafaramirez.org\/blog\/"},{"@type":"ListItem","position":2,"name":"Semana Mundial del Agua 2026: el agua como motor de igualdad y progreso."}]},{"@type":"WebSite","@id":"https:\/\/rafaramirez.org\/blog\/#website","url":"https:\/\/rafaramirez.org\/blog\/","name":"Blog de Rafael Ram\u00edrez","description":"Un sitio social, de arte y cultura","publisher":{"@id":"https:\/\/rafaramirez.org\/blog\/#\/schema\/person\/50f43b6d60c578760d4c17bda54ab6a5"},"potentialAction":[{"@type":"SearchAction","target":{"@type":"EntryPoint","urlTemplate":"https:\/\/rafaramirez.org\/blog\/?s={search_term_string}"},"query-input":{"@type":"PropertyValueSpecification","valueRequired":true,"valueName":"search_term_string"}}],"inLanguage":"es"},{"@type":["Person","Organization"],"@id":"https:\/\/rafaramirez.org\/blog\/#\/schema\/person\/50f43b6d60c578760d4c17bda54ab6a5","name":"Rafael Ram\u00edrez","image":{"@type":"ImageObject","inLanguage":"es","@id":"https:\/\/rafaramirez.org\/blog\/wp-content\/uploads\/2024\/09\/RR_socialnetwork.jpg","url":"https:\/\/rafaramirez.org\/blog\/wp-content\/uploads\/2024\/09\/RR_socialnetwork.jpg","contentUrl":"https:\/\/rafaramirez.org\/blog\/wp-content\/uploads\/2024\/09\/RR_socialnetwork.jpg","width":600,"height":606,"caption":"Rafael Ram\u00edrez"},"logo":{"@id":"https:\/\/rafaramirez.org\/blog\/wp-content\/uploads\/2024\/09\/RR_socialnetwork.jpg"},"sameAs":["https:\/\/www.rafaramirez.org\/blog","https:\/\/www.instagram.com\/rafaramirez_ok\/","https:\/\/es.pinterest.com\/Ramirez_Rafa\/","https:\/\/x.com\/rafaramirez_ok"],"url":"https:\/\/rafaramirez.org\/blog\/index.php\/author\/rafaell_qm6j97da\/"}]}},"jetpack_publicize_connections":[],"jetpack_sharing_enabled":true,"jetpack_likes_enabled":true,"jetpack_featured_media_url":"https:\/\/rafaramirez.org\/blog\/wp-content\/uploads\/2026\/08\/Semana-Mundial-del-Agua-2026_bannerlog.jpg","_links":{"self":[{"href":"https:\/\/rafaramirez.org\/blog\/index.php\/wp-json\/wp\/v2\/posts\/13664","targetHints":{"allow":["GET"]}}],"collection":[{"href":"https:\/\/rafaramirez.org\/blog\/index.php\/wp-json\/wp\/v2\/posts"}],"about":[{"href":"https:\/\/rafaramirez.org\/blog\/index.php\/wp-json\/wp\/v2\/types\/post"}],"author":[{"embeddable":true,"href":"https:\/\/rafaramirez.org\/blog\/index.php\/wp-json\/wp\/v2\/users\/1"}],"replies":[{"embeddable":true,"href":"https:\/\/rafaramirez.org\/blog\/index.php\/wp-json\/wp\/v2\/comments?post=13664"}],"version-history":[{"count":5,"href":"https:\/\/rafaramirez.org\/blog\/index.php\/wp-json\/wp\/v2\/posts\/13664\/revisions"}],"predecessor-version":[{"id":13670,"href":"https:\/\/rafaramirez.org\/blog\/index.php\/wp-json\/wp\/v2\/posts\/13664\/revisions\/13670"}],"wp:featuredmedia":[{"embeddable":true,"href":"https:\/\/rafaramirez.org\/blog\/index.php\/wp-json\/wp\/v2\/media\/13668"}],"wp:attachment":[{"href":"https:\/\/rafaramirez.org\/blog\/index.php\/wp-json\/wp\/v2\/media?parent=13664"}],"wp:term":[{"taxonomy":"category","embeddable":true,"href":"https:\/\/rafaramirez.org\/blog\/index.php\/wp-json\/wp\/v2\/categories?post=13664"},{"taxonomy":"post_tag","embeddable":true,"href":"https:\/\/rafaramirez.org\/blog\/index.php\/wp-json\/wp\/v2\/tags?post=13664"}],"curies":[{"name":"wp","href":"https:\/\/api.w.org\/{rel}","templated":true}]}}