{"id":13625,"date":"2026-08-27T08:00:58","date_gmt":"2026-08-27T06:00:58","guid":{"rendered":"https:\/\/rafaramirez.org\/blog\/?p=13625"},"modified":"2026-07-16T11:39:14","modified_gmt":"2026-07-16T09:39:14","slug":"la-obligacion-de-no-ser-los-ultimos-una-reflexion-sobre-la-justicia-hacia-quienes-aun-no-nacen-rafael-ramirez","status":"publish","type":"post","link":"https:\/\/rafaramirez.org\/blog\/index.php\/2026\/08\/27\/la-obligacion-de-no-ser-los-ultimos-una-reflexion-sobre-la-justicia-hacia-quienes-aun-no-nacen-rafael-ramirez\/","title":{"rendered":"La obligaci\u00f3n de no ser los \u00faltimos: una reflexi\u00f3n sobre la justicia hacia quienes a\u00fan no nacen."},"content":{"rendered":"<p>Hay preguntas que no se pueden responder con estad\u00edsticas ni con leyes, sino con una especie de temblor \u00edntimo, como si al formularlas estuvi\u00e9ramos tocando una fibra moral de la que no \u00e9ramos conscientes. Una de ellas es esta: \u00bfqu\u00e9 justicia debemos a quienes a\u00fan no nacen?. No es una pregunta abstracta; es una pregunta que, si se escucha bien, nos coloca frente al espejo.<\/p>\n<p>A menudo pienso que el tiempo es un territorio que habitamos con una mezcla de soberbia y desidia. Caminamos por \u00e9l como quien atraviesa un bosque sin preguntarse qui\u00e9n lo plant\u00f3 ni qui\u00e9n lo necesitar\u00e1 despu\u00e9s. Y, sin embargo, cada uno de nuestros gestos \u2014cada decisi\u00f3n pol\u00edtica, cada consumo, cada renuncia\u2014 es una carta que enviamos al futuro, aunque nunca veamos al destinatario abrirla.<\/p>\n<p>La justicia intergeneracional, dicho as\u00ed, suena a concepto acad\u00e9mico. Pero, en realidad, es algo m\u00e1s sencillo y m\u00e1s inc\u00f3modo: es la obligaci\u00f3n de no comportarnos como si fu\u00e9ramos los \u00faltimos habitantes del mundo. Es la conciencia de que nuestra vida no es una propiedad privada, sino un eslab\u00f3n. Y romper ese eslab\u00f3n, ya sea por negligencia o por ego\u00edsmo, es una forma de injusticia tan grave como las que s\u00ed sabemos nombrar.<\/p>\n<p>A veces me sorprendo imaginando a quienes vendr\u00e1n despu\u00e9s, no como abstracciones, sino como personas concretas con sus miedos, sus rutinas y sus peque\u00f1as alegr\u00edas. Pienso en ellos respirando el aire que habremos dejado, caminando por las ciudades que habremos dise\u00f1ado y heredando las instituciones que habremos cuidado o deteriorado. Y entonces la pregunta se vuelve m\u00e1s punzante: \u00bfqu\u00e9 derecho tenemos a hipotecar su mundo para mejorar el nuestro?.<\/p>\n<p>La respuesta, si somos sinceros, es que no lo tenemos. O no deber\u00edamos tenerlo. Sin embargo, actuamos como si lo tuvi\u00e9ramos: como si el futuro fuera una especie de vertedero moral donde podamos desechar los costes de nuestras comodidades. El clima, la deuda p\u00fablica, la erosi\u00f3n democr\u00e1tica, la desigualdad acumulada&#8230; Todo eso son formas de trasladar hacia adelante lo que no queremos afrontar ahora. Es una especie de truco contable con la vida de otros.<\/p>\n<p>Quiz\u00e1 la justicia hacia quienes a\u00fan no han nacido empieza por un gesto de humildad: aceptar que no somos los protagonistas del tiempo, sino sus custodios. Nuestra tarea no es exprimir el presente, sino entregarlo en condiciones razonables. Y que este deber no es rom\u00e1ntico ni ut\u00f3pico, sino profundamente pr\u00e1ctico. Porque el futuro, aunque no tenga rostro, s\u00ed tiene derechos.<\/p>\n<p>Hay d\u00edas en los que me pregunto si seremos recordados como una generaci\u00f3n que supo mirar m\u00e1s all\u00e1 de s\u00ed misma o como una que vivi\u00f3 de espaldas al ma\u00f1ana. No lo s\u00e9. Pero s\u00ed s\u00e9 que la justicia intergeneracional no es un concepto para expertos, sino una forma de ternura hacia desconocidos. Una manera de decirles: <em>no os conocemos, pero ya os debemos algo<\/em>.<\/p>\n<p>Y quiz\u00e1 ese reconocimiento, tan simple y fr\u00e1gil, sea el primer paso para empezar a comportarnos como si el futuro importara de verdad.<\/p>\n<p>Rafael Ram\u00edrez\u00a92026.<\/p>\n<ul>\n<li><a href=\"https:\/\/rafaramirez.org\/blog\/index.php\/category\/arte\/literatura\/\" target=\"_blank\" rel=\"noopener\">Otras reflexiones y lectura recomendada<\/a>.<\/li>\n<\/ul>\n","protected":false},"excerpt":{"rendered":"<p>Hay preguntas que no se pueden responder con estad\u00edsticas ni con leyes, sino con una especie de temblor \u00edntimo, como si al formularlas estuvi\u00e9ramos tocando una fibra moral de la que no \u00e9ramos conscientes. Una de ellas es esta: \u00bfqu\u00e9 justicia debemos a quienes a\u00fan no nacen?. No es una pregunta abstracta; es una pregunta [&hellip;]<\/p>\n","protected":false},"author":1,"featured_media":13629,"comment_status":"open","ping_status":"closed","sticky":false,"template":"","format":"standard","meta":{"site-container-style":"default","site-container-layout":"default","site-sidebar-layout":"default","disable-article-header":"default","disable-site-header":"default","disable-site-footer":"default","disable-content-area-spacing":"default","_jetpack_newsletter_access":"","_jetpack_dont_email_post_to_subs":false,"_jetpack_newsletter_tier_id":0,"_jetpack_memberships_contains_paywalled_content":false,"_jetpack_feature_clip_id":0,"_jetpack_memberships_contains_paid_content":false,"footnotes":"","jetpack_publicize_message":"","jetpack_publicize_feature_enabled":true,"jetpack_social_post_already_shared":true,"jetpack_social_options":{"image_generator_settings":{"template":"highway","default_image_id":0,"font":"","enabled":false},"version":2},"jetpack_post_was_ever_published":false},"categories":[710],"tags":[4147,4150,5142,5143,350,1796,417,4146,5089,5088],"class_list":["post-13625","post","type-post","status-publish","format-standard","has-post-thumbnail","hentry","category-literatura","tag-articulo-de-opinion","tag-articulo-de-rafael-ramirez","tag-la-justicia-hacia-quienes-aun-no-nacen","tag-la-obligacion-de-no-ser-los-ultimos","tag-para-reflexionar","tag-reflexion-personal","tag-reflexiones","tag-reflexiones-de-rafael-ramirez","tag-reflexiones-sobre-etica","tag-reflexiones-sobre-la-sociedad"],"yoast_head":"<!-- This site is optimized with the Yoast SEO plugin v28.3 - https:\/\/yoast.com\/product\/yoast-seo-wordpress\/ -->\n<title>La obligaci\u00f3n de no ser los \u00faltimos: una reflexi\u00f3n sobre la justicia hacia quienes a\u00fan no nacen. - Blog de Rafael Ram\u00edrez<\/title>\n<meta name=\"description\" content=\"Hay preguntas que no se pueden responder con estad\u00edsticas ni con leyes, sino con una especie de temblor \u00edntimo, como si al formularlas\" \/>\n<meta name=\"robots\" content=\"index, follow, max-snippet:-1, max-image-preview:large, max-video-preview:-1\" \/>\n<link rel=\"canonical\" href=\"https:\/\/rafaramirez.org\/blog\/index.php\/2026\/08\/27\/la-obligacion-de-no-ser-los-ultimos-una-reflexion-sobre-la-justicia-hacia-quienes-aun-no-nacen-rafael-ramirez\/\" \/>\n<meta property=\"og:locale\" content=\"es_ES\" \/>\n<meta property=\"og:type\" content=\"article\" \/>\n<meta property=\"og:title\" content=\"La obligaci\u00f3n de no ser los \u00faltimos: una reflexi\u00f3n sobre la justicia hacia quienes a\u00fan no nacen. - Blog de Rafael Ram\u00edrez\" \/>\n<meta property=\"og:description\" content=\"Hay preguntas que no se pueden responder con estad\u00edsticas ni con leyes, sino con una especie de temblor \u00edntimo, como si al formularlas\" \/>\n<meta property=\"og:url\" content=\"https:\/\/rafaramirez.org\/blog\/index.php\/2026\/08\/27\/la-obligacion-de-no-ser-los-ultimos-una-reflexion-sobre-la-justicia-hacia-quienes-aun-no-nacen-rafael-ramirez\/\" \/>\n<meta property=\"og:site_name\" content=\"Blog de Rafael Ram\u00edrez\" \/>\n<meta property=\"article:published_time\" content=\"2026-08-27T06:00:58+00:00\" \/>\n<meta property=\"og:image\" content=\"https:\/\/rafaramirez.org\/blog\/wp-content\/uploads\/2026\/08\/La-obligacion-de-no-ser-los-ultimos_reflexiones_bannerlog.jpg\" \/>\n\t<meta property=\"og:image:width\" content=\"720\" \/>\n\t<meta property=\"og:image:height\" content=\"440\" \/>\n\t<meta property=\"og:image:type\" content=\"image\/jpeg\" \/>\n<meta name=\"author\" content=\"Rafael Ram\u00edrez\" \/>\n<meta name=\"twitter:card\" content=\"summary_large_image\" \/>\n<meta name=\"twitter:creator\" content=\"@rafaramirez_ok\" \/>\n<meta name=\"twitter:site\" content=\"@rafaramirez_ok\" \/>\n<meta name=\"twitter:label1\" content=\"Escrito por\" \/>\n\t<meta name=\"twitter:data1\" content=\"Rafael Ram\u00edrez\" \/>\n\t<meta name=\"twitter:label2\" content=\"Tiempo de lectura\" \/>\n\t<meta name=\"twitter:data2\" content=\"3 minutos\" \/>\n<script type=\"application\/ld+json\" class=\"yoast-schema-graph\">{\"@context\":\"https:\\\/\\\/schema.org\",\"@graph\":[{\"@type\":\"Article\",\"@id\":\"https:\\\/\\\/rafaramirez.org\\\/blog\\\/index.php\\\/2026\\\/08\\\/27\\\/la-obligacion-de-no-ser-los-ultimos-una-reflexion-sobre-la-justicia-hacia-quienes-aun-no-nacen-rafael-ramirez\\\/#article\",\"isPartOf\":{\"@id\":\"https:\\\/\\\/rafaramirez.org\\\/blog\\\/index.php\\\/2026\\\/08\\\/27\\\/la-obligacion-de-no-ser-los-ultimos-una-reflexion-sobre-la-justicia-hacia-quienes-aun-no-nacen-rafael-ramirez\\\/\"},\"author\":{\"name\":\"Rafael Ram\u00edrez\",\"@id\":\"https:\\\/\\\/rafaramirez.org\\\/blog\\\/#\\\/schema\\\/person\\\/50f43b6d60c578760d4c17bda54ab6a5\"},\"headline\":\"La obligaci\u00f3n de no ser los \u00faltimos: una reflexi\u00f3n sobre la justicia hacia quienes a\u00fan no nacen.\",\"datePublished\":\"2026-08-27T06:00:58+00:00\",\"mainEntityOfPage\":{\"@id\":\"https:\\\/\\\/rafaramirez.org\\\/blog\\\/index.php\\\/2026\\\/08\\\/27\\\/la-obligacion-de-no-ser-los-ultimos-una-reflexion-sobre-la-justicia-hacia-quienes-aun-no-nacen-rafael-ramirez\\\/\"},\"wordCount\":558,\"commentCount\":0,\"publisher\":{\"@id\":\"https:\\\/\\\/rafaramirez.org\\\/blog\\\/#\\\/schema\\\/person\\\/50f43b6d60c578760d4c17bda54ab6a5\"},\"image\":{\"@id\":\"https:\\\/\\\/rafaramirez.org\\\/blog\\\/index.php\\\/2026\\\/08\\\/27\\\/la-obligacion-de-no-ser-los-ultimos-una-reflexion-sobre-la-justicia-hacia-quienes-aun-no-nacen-rafael-ramirez\\\/#primaryimage\"},\"thumbnailUrl\":\"https:\\\/\\\/rafaramirez.org\\\/blog\\\/wp-content\\\/uploads\\\/2026\\\/08\\\/La-obligacion-de-no-ser-los-ultimos_reflexiones_bannerlog.jpg\",\"keywords\":[\"art\u00edculo de opini\u00f3n\",\"art\u00edculo de Rafael Ram\u00edrez\",\"la justicia hacia quienes a\u00fan no nacen\",\"la obligaci\u00f3n de no ser los \u00faltimos\",\"para reflexionar\",\"reflexi\u00f3n personal\",\"reflexiones\",\"reflexiones de Rafael Ram\u00edrez\",\"reflexiones sobre \u00e9tica\",\"reflexiones sobre la sociedad\"],\"articleSection\":[\"Literatura\"],\"inLanguage\":\"es\",\"potentialAction\":[{\"@type\":\"CommentAction\",\"name\":\"Comment\",\"target\":[\"https:\\\/\\\/rafaramirez.org\\\/blog\\\/index.php\\\/2026\\\/08\\\/27\\\/la-obligacion-de-no-ser-los-ultimos-una-reflexion-sobre-la-justicia-hacia-quienes-aun-no-nacen-rafael-ramirez\\\/#respond\"]}]},{\"@type\":\"WebPage\",\"@id\":\"https:\\\/\\\/rafaramirez.org\\\/blog\\\/index.php\\\/2026\\\/08\\\/27\\\/la-obligacion-de-no-ser-los-ultimos-una-reflexion-sobre-la-justicia-hacia-quienes-aun-no-nacen-rafael-ramirez\\\/\",\"url\":\"https:\\\/\\\/rafaramirez.org\\\/blog\\\/index.php\\\/2026\\\/08\\\/27\\\/la-obligacion-de-no-ser-los-ultimos-una-reflexion-sobre-la-justicia-hacia-quienes-aun-no-nacen-rafael-ramirez\\\/\",\"name\":\"La obligaci\u00f3n de no ser los \u00faltimos: una reflexi\u00f3n sobre la justicia hacia quienes a\u00fan no nacen. - Blog de Rafael Ram\u00edrez\",\"isPartOf\":{\"@id\":\"https:\\\/\\\/rafaramirez.org\\\/blog\\\/#website\"},\"primaryImageOfPage\":{\"@id\":\"https:\\\/\\\/rafaramirez.org\\\/blog\\\/index.php\\\/2026\\\/08\\\/27\\\/la-obligacion-de-no-ser-los-ultimos-una-reflexion-sobre-la-justicia-hacia-quienes-aun-no-nacen-rafael-ramirez\\\/#primaryimage\"},\"image\":{\"@id\":\"https:\\\/\\\/rafaramirez.org\\\/blog\\\/index.php\\\/2026\\\/08\\\/27\\\/la-obligacion-de-no-ser-los-ultimos-una-reflexion-sobre-la-justicia-hacia-quienes-aun-no-nacen-rafael-ramirez\\\/#primaryimage\"},\"thumbnailUrl\":\"https:\\\/\\\/rafaramirez.org\\\/blog\\\/wp-content\\\/uploads\\\/2026\\\/08\\\/La-obligacion-de-no-ser-los-ultimos_reflexiones_bannerlog.jpg\",\"datePublished\":\"2026-08-27T06:00:58+00:00\",\"description\":\"Hay preguntas que no se pueden responder con estad\u00edsticas ni con leyes, sino con una especie de temblor \u00edntimo, como si al formularlas\",\"breadcrumb\":{\"@id\":\"https:\\\/\\\/rafaramirez.org\\\/blog\\\/index.php\\\/2026\\\/08\\\/27\\\/la-obligacion-de-no-ser-los-ultimos-una-reflexion-sobre-la-justicia-hacia-quienes-aun-no-nacen-rafael-ramirez\\\/#breadcrumb\"},\"inLanguage\":\"es\",\"potentialAction\":[{\"@type\":\"ReadAction\",\"target\":[\"https:\\\/\\\/rafaramirez.org\\\/blog\\\/index.php\\\/2026\\\/08\\\/27\\\/la-obligacion-de-no-ser-los-ultimos-una-reflexion-sobre-la-justicia-hacia-quienes-aun-no-nacen-rafael-ramirez\\\/\"]}]},{\"@type\":\"ImageObject\",\"inLanguage\":\"es\",\"@id\":\"https:\\\/\\\/rafaramirez.org\\\/blog\\\/index.php\\\/2026\\\/08\\\/27\\\/la-obligacion-de-no-ser-los-ultimos-una-reflexion-sobre-la-justicia-hacia-quienes-aun-no-nacen-rafael-ramirez\\\/#primaryimage\",\"url\":\"https:\\\/\\\/rafaramirez.org\\\/blog\\\/wp-content\\\/uploads\\\/2026\\\/08\\\/La-obligacion-de-no-ser-los-ultimos_reflexiones_bannerlog.jpg\",\"contentUrl\":\"https:\\\/\\\/rafaramirez.org\\\/blog\\\/wp-content\\\/uploads\\\/2026\\\/08\\\/La-obligacion-de-no-ser-los-ultimos_reflexiones_bannerlog.jpg\",\"width\":720,\"height\":440,\"caption\":\"La obligaci\u00f3n de no ser los \u00faltimos: una reflexi\u00f3n sobre la justicia hacia quienes a\u00fan no nacen. Rafael Ram\u00edrez.\"},{\"@type\":\"BreadcrumbList\",\"@id\":\"https:\\\/\\\/rafaramirez.org\\\/blog\\\/index.php\\\/2026\\\/08\\\/27\\\/la-obligacion-de-no-ser-los-ultimos-una-reflexion-sobre-la-justicia-hacia-quienes-aun-no-nacen-rafael-ramirez\\\/#breadcrumb\",\"itemListElement\":[{\"@type\":\"ListItem\",\"position\":1,\"name\":\"Portada\",\"item\":\"https:\\\/\\\/rafaramirez.org\\\/blog\\\/\"},{\"@type\":\"ListItem\",\"position\":2,\"name\":\"La obligaci\u00f3n de no ser los \u00faltimos: una reflexi\u00f3n sobre la justicia hacia quienes a\u00fan no nacen.\"}]},{\"@type\":\"WebSite\",\"@id\":\"https:\\\/\\\/rafaramirez.org\\\/blog\\\/#website\",\"url\":\"https:\\\/\\\/rafaramirez.org\\\/blog\\\/\",\"name\":\"Blog de Rafael Ram\u00edrez\",\"description\":\"Un sitio social, de arte y cultura\",\"publisher\":{\"@id\":\"https:\\\/\\\/rafaramirez.org\\\/blog\\\/#\\\/schema\\\/person\\\/50f43b6d60c578760d4c17bda54ab6a5\"},\"potentialAction\":[{\"@type\":\"SearchAction\",\"target\":{\"@type\":\"EntryPoint\",\"urlTemplate\":\"https:\\\/\\\/rafaramirez.org\\\/blog\\\/?s={search_term_string}\"},\"query-input\":{\"@type\":\"PropertyValueSpecification\",\"valueRequired\":true,\"valueName\":\"search_term_string\"}}],\"inLanguage\":\"es\"},{\"@type\":[\"Person\",\"Organization\"],\"@id\":\"https:\\\/\\\/rafaramirez.org\\\/blog\\\/#\\\/schema\\\/person\\\/50f43b6d60c578760d4c17bda54ab6a5\",\"name\":\"Rafael Ram\u00edrez\",\"image\":{\"@type\":\"ImageObject\",\"inLanguage\":\"es\",\"@id\":\"https:\\\/\\\/rafaramirez.org\\\/blog\\\/wp-content\\\/uploads\\\/2024\\\/09\\\/RR_socialnetwork.jpg\",\"url\":\"https:\\\/\\\/rafaramirez.org\\\/blog\\\/wp-content\\\/uploads\\\/2024\\\/09\\\/RR_socialnetwork.jpg\",\"contentUrl\":\"https:\\\/\\\/rafaramirez.org\\\/blog\\\/wp-content\\\/uploads\\\/2024\\\/09\\\/RR_socialnetwork.jpg\",\"width\":600,\"height\":606,\"caption\":\"Rafael Ram\u00edrez\"},\"logo\":{\"@id\":\"https:\\\/\\\/rafaramirez.org\\\/blog\\\/wp-content\\\/uploads\\\/2024\\\/09\\\/RR_socialnetwork.jpg\"},\"sameAs\":[\"https:\\\/\\\/www.rafaramirez.org\\\/blog\",\"https:\\\/\\\/www.instagram.com\\\/rafaramirez_ok\\\/\",\"https:\\\/\\\/es.pinterest.com\\\/Ramirez_Rafa\\\/\",\"https:\\\/\\\/x.com\\\/rafaramirez_ok\"],\"url\":\"https:\\\/\\\/rafaramirez.org\\\/blog\\\/index.php\\\/author\\\/rafaell_qm6j97da\\\/\"}]}<\/script>\n<!-- \/ Yoast SEO plugin. -->","yoast_head_json":{"title":"La obligaci\u00f3n de no ser los \u00faltimos: una reflexi\u00f3n sobre la justicia hacia quienes a\u00fan no nacen. - Blog de Rafael Ram\u00edrez","description":"Hay preguntas que no se pueden responder con estad\u00edsticas ni con leyes, sino con una especie de temblor \u00edntimo, como si al formularlas","robots":{"index":"index","follow":"follow","max-snippet":"max-snippet:-1","max-image-preview":"max-image-preview:large","max-video-preview":"max-video-preview:-1"},"canonical":"https:\/\/rafaramirez.org\/blog\/index.php\/2026\/08\/27\/la-obligacion-de-no-ser-los-ultimos-una-reflexion-sobre-la-justicia-hacia-quienes-aun-no-nacen-rafael-ramirez\/","og_locale":"es_ES","og_type":"article","og_title":"La obligaci\u00f3n de no ser los \u00faltimos: una reflexi\u00f3n sobre la justicia hacia quienes a\u00fan no nacen. - Blog de Rafael Ram\u00edrez","og_description":"Hay preguntas que no se pueden responder con estad\u00edsticas ni con leyes, sino con una especie de temblor \u00edntimo, como si al formularlas","og_url":"https:\/\/rafaramirez.org\/blog\/index.php\/2026\/08\/27\/la-obligacion-de-no-ser-los-ultimos-una-reflexion-sobre-la-justicia-hacia-quienes-aun-no-nacen-rafael-ramirez\/","og_site_name":"Blog de Rafael Ram\u00edrez","article_published_time":"2026-08-27T06:00:58+00:00","og_image":[{"width":720,"height":440,"url":"https:\/\/rafaramirez.org\/blog\/wp-content\/uploads\/2026\/08\/La-obligacion-de-no-ser-los-ultimos_reflexiones_bannerlog.jpg","type":"image\/jpeg"}],"author":"Rafael Ram\u00edrez","twitter_card":"summary_large_image","twitter_creator":"@rafaramirez_ok","twitter_site":"@rafaramirez_ok","twitter_misc":{"Escrito por":"Rafael Ram\u00edrez","Tiempo de lectura":"3 minutos"},"schema":{"@context":"https:\/\/schema.org","@graph":[{"@type":"Article","@id":"https:\/\/rafaramirez.org\/blog\/index.php\/2026\/08\/27\/la-obligacion-de-no-ser-los-ultimos-una-reflexion-sobre-la-justicia-hacia-quienes-aun-no-nacen-rafael-ramirez\/#article","isPartOf":{"@id":"https:\/\/rafaramirez.org\/blog\/index.php\/2026\/08\/27\/la-obligacion-de-no-ser-los-ultimos-una-reflexion-sobre-la-justicia-hacia-quienes-aun-no-nacen-rafael-ramirez\/"},"author":{"name":"Rafael Ram\u00edrez","@id":"https:\/\/rafaramirez.org\/blog\/#\/schema\/person\/50f43b6d60c578760d4c17bda54ab6a5"},"headline":"La obligaci\u00f3n de no ser los \u00faltimos: una reflexi\u00f3n sobre la justicia hacia quienes a\u00fan no nacen.","datePublished":"2026-08-27T06:00:58+00:00","mainEntityOfPage":{"@id":"https:\/\/rafaramirez.org\/blog\/index.php\/2026\/08\/27\/la-obligacion-de-no-ser-los-ultimos-una-reflexion-sobre-la-justicia-hacia-quienes-aun-no-nacen-rafael-ramirez\/"},"wordCount":558,"commentCount":0,"publisher":{"@id":"https:\/\/rafaramirez.org\/blog\/#\/schema\/person\/50f43b6d60c578760d4c17bda54ab6a5"},"image":{"@id":"https:\/\/rafaramirez.org\/blog\/index.php\/2026\/08\/27\/la-obligacion-de-no-ser-los-ultimos-una-reflexion-sobre-la-justicia-hacia-quienes-aun-no-nacen-rafael-ramirez\/#primaryimage"},"thumbnailUrl":"https:\/\/rafaramirez.org\/blog\/wp-content\/uploads\/2026\/08\/La-obligacion-de-no-ser-los-ultimos_reflexiones_bannerlog.jpg","keywords":["art\u00edculo de opini\u00f3n","art\u00edculo de Rafael Ram\u00edrez","la justicia hacia quienes a\u00fan no nacen","la obligaci\u00f3n de no ser los \u00faltimos","para reflexionar","reflexi\u00f3n personal","reflexiones","reflexiones de Rafael Ram\u00edrez","reflexiones sobre \u00e9tica","reflexiones sobre la sociedad"],"articleSection":["Literatura"],"inLanguage":"es","potentialAction":[{"@type":"CommentAction","name":"Comment","target":["https:\/\/rafaramirez.org\/blog\/index.php\/2026\/08\/27\/la-obligacion-de-no-ser-los-ultimos-una-reflexion-sobre-la-justicia-hacia-quienes-aun-no-nacen-rafael-ramirez\/#respond"]}]},{"@type":"WebPage","@id":"https:\/\/rafaramirez.org\/blog\/index.php\/2026\/08\/27\/la-obligacion-de-no-ser-los-ultimos-una-reflexion-sobre-la-justicia-hacia-quienes-aun-no-nacen-rafael-ramirez\/","url":"https:\/\/rafaramirez.org\/blog\/index.php\/2026\/08\/27\/la-obligacion-de-no-ser-los-ultimos-una-reflexion-sobre-la-justicia-hacia-quienes-aun-no-nacen-rafael-ramirez\/","name":"La obligaci\u00f3n de no ser los \u00faltimos: una reflexi\u00f3n sobre la justicia hacia quienes a\u00fan no nacen. - Blog de Rafael Ram\u00edrez","isPartOf":{"@id":"https:\/\/rafaramirez.org\/blog\/#website"},"primaryImageOfPage":{"@id":"https:\/\/rafaramirez.org\/blog\/index.php\/2026\/08\/27\/la-obligacion-de-no-ser-los-ultimos-una-reflexion-sobre-la-justicia-hacia-quienes-aun-no-nacen-rafael-ramirez\/#primaryimage"},"image":{"@id":"https:\/\/rafaramirez.org\/blog\/index.php\/2026\/08\/27\/la-obligacion-de-no-ser-los-ultimos-una-reflexion-sobre-la-justicia-hacia-quienes-aun-no-nacen-rafael-ramirez\/#primaryimage"},"thumbnailUrl":"https:\/\/rafaramirez.org\/blog\/wp-content\/uploads\/2026\/08\/La-obligacion-de-no-ser-los-ultimos_reflexiones_bannerlog.jpg","datePublished":"2026-08-27T06:00:58+00:00","description":"Hay preguntas que no se pueden responder con estad\u00edsticas ni con leyes, sino con una especie de temblor \u00edntimo, como si al formularlas","breadcrumb":{"@id":"https:\/\/rafaramirez.org\/blog\/index.php\/2026\/08\/27\/la-obligacion-de-no-ser-los-ultimos-una-reflexion-sobre-la-justicia-hacia-quienes-aun-no-nacen-rafael-ramirez\/#breadcrumb"},"inLanguage":"es","potentialAction":[{"@type":"ReadAction","target":["https:\/\/rafaramirez.org\/blog\/index.php\/2026\/08\/27\/la-obligacion-de-no-ser-los-ultimos-una-reflexion-sobre-la-justicia-hacia-quienes-aun-no-nacen-rafael-ramirez\/"]}]},{"@type":"ImageObject","inLanguage":"es","@id":"https:\/\/rafaramirez.org\/blog\/index.php\/2026\/08\/27\/la-obligacion-de-no-ser-los-ultimos-una-reflexion-sobre-la-justicia-hacia-quienes-aun-no-nacen-rafael-ramirez\/#primaryimage","url":"https:\/\/rafaramirez.org\/blog\/wp-content\/uploads\/2026\/08\/La-obligacion-de-no-ser-los-ultimos_reflexiones_bannerlog.jpg","contentUrl":"https:\/\/rafaramirez.org\/blog\/wp-content\/uploads\/2026\/08\/La-obligacion-de-no-ser-los-ultimos_reflexiones_bannerlog.jpg","width":720,"height":440,"caption":"La obligaci\u00f3n de no ser los \u00faltimos: una reflexi\u00f3n sobre la justicia hacia quienes a\u00fan no nacen. Rafael Ram\u00edrez."},{"@type":"BreadcrumbList","@id":"https:\/\/rafaramirez.org\/blog\/index.php\/2026\/08\/27\/la-obligacion-de-no-ser-los-ultimos-una-reflexion-sobre-la-justicia-hacia-quienes-aun-no-nacen-rafael-ramirez\/#breadcrumb","itemListElement":[{"@type":"ListItem","position":1,"name":"Portada","item":"https:\/\/rafaramirez.org\/blog\/"},{"@type":"ListItem","position":2,"name":"La obligaci\u00f3n de no ser los \u00faltimos: una reflexi\u00f3n sobre la justicia hacia quienes a\u00fan no nacen."}]},{"@type":"WebSite","@id":"https:\/\/rafaramirez.org\/blog\/#website","url":"https:\/\/rafaramirez.org\/blog\/","name":"Blog de Rafael Ram\u00edrez","description":"Un sitio social, de arte y cultura","publisher":{"@id":"https:\/\/rafaramirez.org\/blog\/#\/schema\/person\/50f43b6d60c578760d4c17bda54ab6a5"},"potentialAction":[{"@type":"SearchAction","target":{"@type":"EntryPoint","urlTemplate":"https:\/\/rafaramirez.org\/blog\/?s={search_term_string}"},"query-input":{"@type":"PropertyValueSpecification","valueRequired":true,"valueName":"search_term_string"}}],"inLanguage":"es"},{"@type":["Person","Organization"],"@id":"https:\/\/rafaramirez.org\/blog\/#\/schema\/person\/50f43b6d60c578760d4c17bda54ab6a5","name":"Rafael Ram\u00edrez","image":{"@type":"ImageObject","inLanguage":"es","@id":"https:\/\/rafaramirez.org\/blog\/wp-content\/uploads\/2024\/09\/RR_socialnetwork.jpg","url":"https:\/\/rafaramirez.org\/blog\/wp-content\/uploads\/2024\/09\/RR_socialnetwork.jpg","contentUrl":"https:\/\/rafaramirez.org\/blog\/wp-content\/uploads\/2024\/09\/RR_socialnetwork.jpg","width":600,"height":606,"caption":"Rafael Ram\u00edrez"},"logo":{"@id":"https:\/\/rafaramirez.org\/blog\/wp-content\/uploads\/2024\/09\/RR_socialnetwork.jpg"},"sameAs":["https:\/\/www.rafaramirez.org\/blog","https:\/\/www.instagram.com\/rafaramirez_ok\/","https:\/\/es.pinterest.com\/Ramirez_Rafa\/","https:\/\/x.com\/rafaramirez_ok"],"url":"https:\/\/rafaramirez.org\/blog\/index.php\/author\/rafaell_qm6j97da\/"}]}},"jetpack_publicize_connections":[],"jetpack_sharing_enabled":true,"jetpack_likes_enabled":true,"jetpack_featured_media_url":"https:\/\/rafaramirez.org\/blog\/wp-content\/uploads\/2026\/08\/La-obligacion-de-no-ser-los-ultimos_reflexiones_bannerlog.jpg","_links":{"self":[{"href":"https:\/\/rafaramirez.org\/blog\/index.php\/wp-json\/wp\/v2\/posts\/13625","targetHints":{"allow":["GET"]}}],"collection":[{"href":"https:\/\/rafaramirez.org\/blog\/index.php\/wp-json\/wp\/v2\/posts"}],"about":[{"href":"https:\/\/rafaramirez.org\/blog\/index.php\/wp-json\/wp\/v2\/types\/post"}],"author":[{"embeddable":true,"href":"https:\/\/rafaramirez.org\/blog\/index.php\/wp-json\/wp\/v2\/users\/1"}],"replies":[{"embeddable":true,"href":"https:\/\/rafaramirez.org\/blog\/index.php\/wp-json\/wp\/v2\/comments?post=13625"}],"version-history":[{"count":5,"href":"https:\/\/rafaramirez.org\/blog\/index.php\/wp-json\/wp\/v2\/posts\/13625\/revisions"}],"predecessor-version":[{"id":13631,"href":"https:\/\/rafaramirez.org\/blog\/index.php\/wp-json\/wp\/v2\/posts\/13625\/revisions\/13631"}],"wp:featuredmedia":[{"embeddable":true,"href":"https:\/\/rafaramirez.org\/blog\/index.php\/wp-json\/wp\/v2\/media\/13629"}],"wp:attachment":[{"href":"https:\/\/rafaramirez.org\/blog\/index.php\/wp-json\/wp\/v2\/media?parent=13625"}],"wp:term":[{"taxonomy":"category","embeddable":true,"href":"https:\/\/rafaramirez.org\/blog\/index.php\/wp-json\/wp\/v2\/categories?post=13625"},{"taxonomy":"post_tag","embeddable":true,"href":"https:\/\/rafaramirez.org\/blog\/index.php\/wp-json\/wp\/v2\/tags?post=13625"}],"curies":[{"name":"wp","href":"https:\/\/api.w.org\/{rel}","templated":true}]}}