{"id":13610,"date":"2026-08-21T08:00:16","date_gmt":"2026-08-21T06:00:16","guid":{"rendered":"https:\/\/rafaramirez.org\/blog\/?p=13610"},"modified":"2026-07-14T11:28:48","modified_gmt":"2026-07-14T09:28:48","slug":"ignacio-zuloaga-pintor-biografia","status":"publish","type":"post","link":"https:\/\/rafaramirez.org\/blog\/index.php\/2026\/08\/21\/ignacio-zuloaga-pintor-biografia\/","title":{"rendered":"Ignacio Zuloaga: el pintor que retrat\u00f3 el alma profunda de Espa\u00f1a."},"content":{"rendered":"<p>Ignacio Zuloaga aparece en la historia del arte espa\u00f1ol como una figura de filo cortante: profundamente arraigado en la tradici\u00f3n, pero siempre dispuesto a tensarla; heredero de una Espa\u00f1a \u00e1spera y simb\u00f3lica, pero tambi\u00e9n constructor de una imagen que fascin\u00f3 a la cr\u00edtica internacional desde Par\u00eds. Su biograf\u00eda es, en cierto modo, la historia de un artista que convirti\u00f3 su propio pa\u00eds en escenario y mito.<\/p>\n<p>Naci\u00f3 en Eibar en 1870, en el seno de una familia de armeros, damasquinadores y artesanos del metal, donde el oficio era casi una herencia gen\u00e9tica. Ese contacto temprano con la materia y el trabajo manual marc\u00f3 su sensibilidad, aunque pronto se sinti\u00f3 atra\u00eddo por la pintura. Su formaci\u00f3n fue irregular y casi autodidacta, muy alejada de la academia tradicional. En Madrid, frecuent\u00f3 el Museo del Prado con una devoci\u00f3n casi lit\u00fargica; Vel\u00e1zquez, Ribera y Goya se convirtieron en sus maestros invisibles, los pilares de un lenguaje pict\u00f3rico que \u00e9l reinterpretar\u00eda con una crudeza moderna.<\/p>\n<p>A finales del siglo XIX, viaj\u00f3 a Par\u00eds, como tantos otros artistas espa\u00f1oles que buscaban nuevas inspiraciones. All\u00ed se relacion\u00f3 con el c\u00edrculo simbolista, integrado por escritores y pintores que ve\u00edan en Espa\u00f1a un territorio de misterio y autenticidad. Zuloaga, consciente de esa mirada extranjera, supo aprovecharla: cre\u00f3 una iconograf\u00eda que mezclaba lo popular y lo tr\u00e1gico, lo folcl\u00f3rico y lo espiritual. Sus toreros, gitanas, mendigos, curas y paisajes castellanos no eran simples escenas costumbristas, sino alegor\u00edas de una Espa\u00f1a profunda y casi m\u00edtica que \u00e9l presentaba con una teatralidad sobria y una luz dura, como si cada figura estuviera tallada en la propia tierra.<\/p>\n<p>Su obra se convirti\u00f3 en un espejo inc\u00f3modo. Mientras en Par\u00eds lo aclamaban como el pintor que revelaba la \u00abEspa\u00f1a eterna\u00bb, en su propio pa\u00eds generaba pol\u00e9mica: algunos lo acusaban de perpetuar una imagen negativa y anticuada, mientras que otros lo defend\u00edan como un cronista honesto de la realidad. Zuloaga, sin embargo, nunca reneg\u00f3 de esa visi\u00f3n. Para \u00e9l, la belleza resid\u00eda en la verdad \u00e1spera, en la dignidad de los rostros marcados y en la solemnidad de los paisajes despojados.<\/p>\n<p>A partir de 1907, se instal\u00f3 en Segovia, en la casa-taller de San Juan de los Caballeros, un lugar que se convirti\u00f3 en su refugio y su escenario vital. All\u00ed trabaj\u00f3 durante d\u00e9cadas, rodeado de objetos, trajes, modelos y s\u00edmbolos que alimentaban su universo pict\u00f3rico. Viaj\u00f3 con frecuencia, expuso en Europa y Am\u00e9rica, y consolid\u00f3 una reputaci\u00f3n internacional que pocos artistas espa\u00f1oles de su tiempo lograron.<\/p>\n<p>Su vida atraves\u00f3 guerras, cambios pol\u00edticos y transformaciones culturales, pero \u00e9l mantuvo una fidelidad casi obstinada a su estilo. Muri\u00f3 en 1945, dejando una obra amplia y reconocible, marcada por esa mezcla de tradici\u00f3n y modernidad que lo convierte en un puente entre el realismo espa\u00f1ol del Siglo de Oro y la sensibilidad expresiva del siglo XX.<\/p>\n<p>Hablar de Zuloaga es hablar de un pintor que convirti\u00f3 la identidad en materia pict\u00f3rica. Su biograf\u00eda, m\u00e1s que una sucesi\u00f3n de fechas, es la historia de una mirada que busc\u00f3 en Espa\u00f1a no solo temas, sino tambi\u00e9n una verdad est\u00e9tica y emocional que a\u00fan hoy resuena con fuerza.<\/p>\n<figure id=\"attachment_13616\" aria-describedby=\"caption-attachment-13616\" style=\"width: 242px\" class=\"wp-caption aligncenter\"><img loading=\"lazy\" decoding=\"async\" class=\"size-medium wp-image-13616\" src=\"https:\/\/rafaramirez.org\/blog\/wp-content\/uploads\/2026\/08\/Ignacio_Zuloaga_portrait_1925-242x300.jpg\" alt=\"El pintor Ignacio Zuloaga (1925). Blog de Rafael Ram\u00edrez.\" width=\"242\" height=\"300\" srcset=\"https:\/\/rafaramirez.org\/blog\/wp-content\/uploads\/2026\/08\/Ignacio_Zuloaga_portrait_1925-242x300.jpg 242w, https:\/\/rafaramirez.org\/blog\/wp-content\/uploads\/2026\/08\/Ignacio_Zuloaga_portrait_1925.jpg 266w\" sizes=\"auto, (max-width: 242px) 100vw, 242px\" \/><figcaption id=\"caption-attachment-13616\" class=\"wp-caption-text\">El pintor Ignacio Zuloaga (1925). Blog de Rafael Ram\u00edrez.<\/figcaption><\/figure>\n<h3>Estilo e influencia de Ignacio Zuloaga.<\/h3>\n<p>Hablar del estilo y la influencia de Ignacio Zuloaga es adentrarse en un terreno en el que la pintura se convierte en una declaraci\u00f3n cultural, casi un manifiesto. Su obra, tan reconocible, nace de una f\u00e9rtil tensi\u00f3n: la herencia del Siglo de Oro y la modernidad europea; la mirada \u00edntima hacia Espa\u00f1a y la mirada extranjera que lo consagr\u00f3.<\/p>\n<p>Zuloaga construy\u00f3 un estilo que se sustenta en tres pilares: la sobriedad velazque\u00f1a, la crudeza goyesca y una escenograf\u00eda simb\u00f3lica que bebe del simbolismo del fin de siglo. Su paleta, dominada por tonos tierra, ocres y negros, parece sacada directamente de los paisajes castellanos que tanto pint\u00f3. La luz, dura y frontal, no embellece, sino que revela. En sus figuras \u2014toreros, gitanas, mendigos, hidalgos, cl\u00e9rigos\u2014 hay una dignidad austera y una gravedad que convierten lo cotidiano en icono. Zuloaga no pinta escenas, pinta presencias.<\/p>\n<p>Su composici\u00f3n es teatral, pero nunca artificiosa. Los personajes se sit\u00faan en un espacio casi ritual, en el que cada gesto y cada objeto adquieren un peso simb\u00f3lico. Esa teatralidad contenida, unida a la frontalidad de las figuras, genera una sensaci\u00f3n de estatismo solemne, como si sus modelos posaran para la historia m\u00e1s que para el pintor.<\/p>\n<p>En cuanto a su influencia, Zuloaga fue decisivo en la construcci\u00f3n de la imagen internacional de la \u00abEspa\u00f1a profunda\u00bb. En Par\u00eds fue celebrado como el artista capaz de revelar una esencia nacional que otros europeos intu\u00edan, pero no sab\u00edan expresar con palabras. Su obra aliment\u00f3 la fascinaci\u00f3n por una Espa\u00f1a arcaica, tr\u00e1gica y aut\u00e9ntica, una visi\u00f3n que convivi\u00f3 \u2014y a veces choc\u00f3\u2014 con la modernidad cosmopolita de otros artistas espa\u00f1oles.<\/p>\n<p>Su influencia en Espa\u00f1a fue m\u00e1s compleja. Para algunos, Zuloaga perpetuaba una imagen negativa y anticuada del pa\u00eds, mientras que para otros era el \u00fanico capaz de mostrar la realidad social y espiritual de su tiempo sin tapujos. Lo cierto es que su estilo abri\u00f3 una v\u00eda entre tradici\u00f3n y modernidad que influy\u00f3 en generaciones posteriores, desde los realismos regionalistas hasta ciertos pintores expresivos del siglo XX, que encontraron en \u00e9l una forma de unir identidad y pintura.<\/p>\n<p>Zuloaga dej\u00f3 una huella que trasciende a sus disc\u00edpulos y perdura en una est\u00e9tica: la Espa\u00f1a austera, simb\u00f3lica, de luz dura y figuras solemnes. Una Espa\u00f1a que \u00e9l convirti\u00f3 en un mito pict\u00f3rico y que todav\u00eda hoy sigue inseparablemente unida a su nombre.<\/p>\n<h3>Obras m\u00e1s destacadas de Ignacio Zuloaga.<\/h3>\n<p>Las obras de Zuloaga son un mapa emocional y simb\u00f3lico de la Espa\u00f1a que quiso plasmar en sus cuadros: una Espa\u00f1a austera y ritual, de rostros graves y paisajes cargados de historia. M\u00e1s que una lista, son hitos de una visi\u00f3n est\u00e9tica que se convirti\u00f3 en identidad.<\/p>\n<p>Entre sus cuadros m\u00e1s emblem\u00e1ticos se encuentra <strong><em>El enano Gregorio el Botero<\/em> (1908)<\/strong>, una obra que refleja su fascinaci\u00f3n por las figuras marginales y su habilidad para conferirles una dignidad monumental. El personaje, frontal y solemne, se convierte en icono, casi en estatua viviente, gracias a esa luz dura y ese fondo castellano que tanto definieron su estilo.<\/p>\n<figure id=\"attachment_13617\" aria-describedby=\"caption-attachment-13617\" style=\"width: 248px\" class=\"wp-caption aligncenter\"><a href=\"https:\/\/rafaramirez.org\/blog\/wp-content\/uploads\/2026\/08\/El-enano-Gregorio-el-Botero-1908.jpg\" target=\"_blank\" rel=\"noopener\"><img loading=\"lazy\" decoding=\"async\" class=\"wp-image-13617 size-medium\" src=\"https:\/\/rafaramirez.org\/blog\/wp-content\/uploads\/2026\/08\/El-enano-Gregorio-el-Botero-1908-248x300.jpg\" alt=\"El enano Gregorio el Botero (1908). Ignacio Zuloaga. Blog de Rafael Ram\u00edrez. \" width=\"248\" height=\"300\" srcset=\"https:\/\/rafaramirez.org\/blog\/wp-content\/uploads\/2026\/08\/El-enano-Gregorio-el-Botero-1908-248x300.jpg 248w, https:\/\/rafaramirez.org\/blog\/wp-content\/uploads\/2026\/08\/El-enano-Gregorio-el-Botero-1908-768x929.jpg 768w, https:\/\/rafaramirez.org\/blog\/wp-content\/uploads\/2026\/08\/El-enano-Gregorio-el-Botero-1908.jpg 800w\" sizes=\"auto, (max-width: 248px) 100vw, 248px\" \/><\/a><figcaption id=\"caption-attachment-13617\" class=\"wp-caption-text\">El enano Gregorio el Botero (1908). Ignacio Zuloaga. Blog de Rafael Ram\u00edrez.<\/figcaption><\/figure>\n<p>Otro de sus grandes cuadros es <strong><em>La familia del torero gitano<\/em> (1903)<\/strong>, donde Zuloaga despliega su teatralidad contenida: los personajes posan con una gravedad casi lit\u00fargica, rodeados de objetos que funcionan como s\u00edmbolos de un mundo ritualizado. En este cuadro se aprecia claramente c\u00f3mo el pintor convierte lo costumbrista en alegor\u00eda.<\/p>\n<figure id=\"attachment_13618\" aria-describedby=\"caption-attachment-13618\" style=\"width: 292px\" class=\"wp-caption aligncenter\"><a href=\"https:\/\/rafaramirez.org\/blog\/wp-content\/uploads\/2026\/08\/La-familia-del-torero-gitano1903.jpg\" target=\"_blank\" rel=\"noopener\"><img loading=\"lazy\" decoding=\"async\" class=\"wp-image-13618 size-medium\" src=\"https:\/\/rafaramirez.org\/blog\/wp-content\/uploads\/2026\/08\/La-familia-del-torero-gitano1903-292x300.jpg\" alt=\"La familia del torero gitano (1903). Ignacio Zuloaga. Blog de Rafael Ram\u00edrez. \" width=\"292\" height=\"300\" srcset=\"https:\/\/rafaramirez.org\/blog\/wp-content\/uploads\/2026\/08\/La-familia-del-torero-gitano1903-292x300.jpg 292w, https:\/\/rafaramirez.org\/blog\/wp-content\/uploads\/2026\/08\/La-familia-del-torero-gitano1903-768x789.jpg 768w, https:\/\/rafaramirez.org\/blog\/wp-content\/uploads\/2026\/08\/La-familia-del-torero-gitano1903.jpg 974w\" sizes=\"auto, (max-width: 292px) 100vw, 292px\" \/><\/a><figcaption id=\"caption-attachment-13618\" class=\"wp-caption-text\">La familia del torero gitano (1903). Ignacio Zuloaga. Blog de Rafael Ram\u00edrez.<\/figcaption><\/figure>\n<p>En <strong><em>Las brujas de San Mill\u00e1n<\/em><\/strong> <strong>(1907)<\/strong>, Zuloaga se adentra en un imaginario m\u00e1s oscuro, heredero de Goya, donde lo popular se mezcla con lo inquietante. La escena, cargada de misterio, muestra su habilidad para transformar la tradici\u00f3n en un mito visual.<\/p>\n<figure id=\"attachment_13619\" aria-describedby=\"caption-attachment-13619\" style=\"width: 282px\" class=\"wp-caption aligncenter\"><a href=\"https:\/\/rafaramirez.org\/blog\/wp-content\/uploads\/2026\/08\/Las-brujas-de-San-Millan-1907.jpg\" target=\"_blank\" rel=\"noopener\"><img loading=\"lazy\" decoding=\"async\" class=\"wp-image-13619 size-medium\" src=\"https:\/\/rafaramirez.org\/blog\/wp-content\/uploads\/2026\/08\/Las-brujas-de-San-Millan-1907-282x300.jpg\" alt=\"Las brujas de San Mill\u00e1n (1907). Ignacio Zuloaga. Blog de Rafael Ram\u00edrez. \" width=\"282\" height=\"300\" srcset=\"https:\/\/rafaramirez.org\/blog\/wp-content\/uploads\/2026\/08\/Las-brujas-de-San-Millan-1907-282x300.jpg 282w, https:\/\/rafaramirez.org\/blog\/wp-content\/uploads\/2026\/08\/Las-brujas-de-San-Millan-1907-961x1024.jpg 961w, https:\/\/rafaramirez.org\/blog\/wp-content\/uploads\/2026\/08\/Las-brujas-de-San-Millan-1907-768x818.jpg 768w, https:\/\/rafaramirez.org\/blog\/wp-content\/uploads\/2026\/08\/Las-brujas-de-San-Millan-1907.jpg 1280w\" sizes=\"auto, (max-width: 282px) 100vw, 282px\" \/><\/a><figcaption id=\"caption-attachment-13619\" class=\"wp-caption-text\">Las brujas de San Mill\u00e1n (1907). Ignacio Zuloaga. Blog de Rafael Ram\u00edrez.<\/figcaption><\/figure>\n<p>Tambi\u00e9n es fundamental <strong><em>El Cristo de la Sangre<\/em><\/strong> <strong>(1911)<\/strong>, una obra que revela su vertiente m\u00e1s espiritual y dram\u00e1tica. La religiosidad que aparece en la obra de Zuloaga nunca es meramente decorativa, sino que constituye una fuerza cultural que atraviesa la vida espa\u00f1ola y que \u00e9l representa con una intensidad casi asc\u00e9tica.<\/p>\n<figure id=\"attachment_13620\" aria-describedby=\"caption-attachment-13620\" style=\"width: 300px\" class=\"wp-caption aligncenter\"><a href=\"https:\/\/rafaramirez.org\/blog\/wp-content\/uploads\/2026\/08\/El-Cristo-de-la-Sangre-1911.jpg\" target=\"_blank\" rel=\"noopener\"><img loading=\"lazy\" decoding=\"async\" class=\"wp-image-13620 size-medium\" src=\"https:\/\/rafaramirez.org\/blog\/wp-content\/uploads\/2026\/08\/El-Cristo-de-la-Sangre-1911-300x248.jpg\" alt=\"El Cristo de la Sangre (1911). Ignacio Zuloaga. Blog de Rafael Ram\u00edrez. \" width=\"300\" height=\"248\" srcset=\"https:\/\/rafaramirez.org\/blog\/wp-content\/uploads\/2026\/08\/El-Cristo-de-la-Sangre-1911-300x248.jpg 300w, https:\/\/rafaramirez.org\/blog\/wp-content\/uploads\/2026\/08\/El-Cristo-de-la-Sangre-1911-1024x847.jpg 1024w, https:\/\/rafaramirez.org\/blog\/wp-content\/uploads\/2026\/08\/El-Cristo-de-la-Sangre-1911-768x635.jpg 768w, https:\/\/rafaramirez.org\/blog\/wp-content\/uploads\/2026\/08\/El-Cristo-de-la-Sangre-1911.jpg 1440w\" sizes=\"auto, (max-width: 300px) 100vw, 300px\" \/><\/a><figcaption id=\"caption-attachment-13620\" class=\"wp-caption-text\">El Cristo de la Sangre (1911). Ignacio Zuloaga. Blog de Rafael Ram\u00edrez.<\/figcaption><\/figure>\n<p>No puede faltar <strong><em>Retrato de la condesa de Noailles<\/em> (1913)<\/strong>, ejemplo de su prestigio internacional y de su capacidad para trasladar su estilo, tan marcado por lo espa\u00f1ol, a figuras cosmopolitas. En \u00e9l, la condesa aparece envuelta en una atm\u00f3sfera de elegancia severa, donde la psicolog\u00eda pesa tanto como la presencia f\u00edsica.<\/p>\n<figure id=\"attachment_13621\" aria-describedby=\"caption-attachment-13621\" style=\"width: 300px\" class=\"wp-caption aligncenter\"><a href=\"https:\/\/rafaramirez.org\/blog\/wp-content\/uploads\/2026\/08\/Retrato-de-la-condesa-de-Noailles-1913.jpg\" target=\"_blank\" rel=\"noopener\"><img loading=\"lazy\" decoding=\"async\" class=\"wp-image-13621 size-medium\" src=\"https:\/\/rafaramirez.org\/blog\/wp-content\/uploads\/2026\/08\/Retrato-de-la-condesa-de-Noailles-1913-300x232.jpg\" alt=\"Retrato de la condesa de Noailles (1913). Ignacio Zuloaga. Blog de Rafael Ram\u00edrez. \" width=\"300\" height=\"232\" srcset=\"https:\/\/rafaramirez.org\/blog\/wp-content\/uploads\/2026\/08\/Retrato-de-la-condesa-de-Noailles-1913-300x232.jpg 300w, https:\/\/rafaramirez.org\/blog\/wp-content\/uploads\/2026\/08\/Retrato-de-la-condesa-de-Noailles-1913-1024x791.jpg 1024w, https:\/\/rafaramirez.org\/blog\/wp-content\/uploads\/2026\/08\/Retrato-de-la-condesa-de-Noailles-1913-768x593.jpg 768w, https:\/\/rafaramirez.org\/blog\/wp-content\/uploads\/2026\/08\/Retrato-de-la-condesa-de-Noailles-1913.jpg 1280w\" sizes=\"auto, (max-width: 300px) 100vw, 300px\" \/><\/a><figcaption id=\"caption-attachment-13621\" class=\"wp-caption-text\">Retrato de la condesa de Noailles (1913). Ignacio Zuloaga. Blog de Rafael Ram\u00edrez.<\/figcaption><\/figure>\n<p>Tampoco puede faltar <strong><em>El cardenal<\/em><\/strong> <strong>(1912)<\/strong>, uno de sus retratos m\u00e1s c\u00e9lebres, en el que la figura eclesi\u00e1stica se convierte en s\u00edmbolo de poder, tradici\u00f3n y solemnidad. La frontalidad del personaje y la intensidad del color rojo convierten el cuadro en una declaraci\u00f3n est\u00e9tica.<\/p>\n<figure id=\"attachment_13622\" aria-describedby=\"caption-attachment-13622\" style=\"width: 240px\" class=\"wp-caption aligncenter\"><a href=\"https:\/\/rafaramirez.org\/blog\/wp-content\/uploads\/2026\/08\/El-cardenal-1912_ok.jpg\" target=\"_blank\" rel=\"noopener\"><img loading=\"lazy\" decoding=\"async\" class=\"wp-image-13622 size-medium\" src=\"https:\/\/rafaramirez.org\/blog\/wp-content\/uploads\/2026\/08\/El-cardenal-1912_ok-240x300.jpg\" alt=\"El cardenal (1912). Ignacio Zuloaga. Blog de Rafael Ram\u00edrez. \" width=\"240\" height=\"300\" srcset=\"https:\/\/rafaramirez.org\/blog\/wp-content\/uploads\/2026\/08\/El-cardenal-1912_ok-240x300.jpg 240w, https:\/\/rafaramirez.org\/blog\/wp-content\/uploads\/2026\/08\/El-cardenal-1912_ok-819x1024.jpg 819w, https:\/\/rafaramirez.org\/blog\/wp-content\/uploads\/2026\/08\/El-cardenal-1912_ok-768x960.jpg 768w, https:\/\/rafaramirez.org\/blog\/wp-content\/uploads\/2026\/08\/El-cardenal-1912_ok.jpg 1100w\" sizes=\"auto, (max-width: 240px) 100vw, 240px\" \/><\/a><figcaption id=\"caption-attachment-13622\" class=\"wp-caption-text\">El cardenal (1912). Ignacio Zuloaga. Blog de Rafael Ram\u00edrez.<\/figcaption><\/figure>\n<p>Estas obras, junto con muchas otras, conforman el universo zuloaguiano: un territorio en el que lo popular se vuelve \u00e9pico, en el que la luz revela m\u00e1s que embellece y en el que cada figura parece cargada de una historia que el pintor no narra, pero sugiere. Zuloaga no solo pint\u00f3 cuadros, sino que cre\u00f3 una iconograf\u00eda que a\u00fan hoy define una parte profunda de la identidad visual espa\u00f1ola.<\/p>\n<p>M\u00e1s informaci\u00f3n:<\/p>\n<ul>\n<li><a href=\"https:\/\/rafaramirez.org\/blog\/index.php\/category\/arte\/historia-del-arte\/\" target=\"_blank\" rel=\"noopener\">Vida y obra de otros pintores<\/a>.<\/li>\n<li><a href=\"https:\/\/es.wikipedia.org\/wiki\/Ignacio_Zuloaga\" target=\"_blank\" rel=\"noopener\">Ignacio Zuloaga &#8211; Wikipedia, la enciclopedia libre<\/a>.<\/li>\n<li><a href=\"https:\/\/www.museoreinasofia.es\/colecciones\/artista\/zuloaga-ignacio\" target=\"_blank\" rel=\"noopener\">Zuloaga, Ignacio | Museo Nacional Centro de Arte Reina Sof\u00eda<\/a>.<\/li>\n<\/ul>\n","protected":false},"excerpt":{"rendered":"<p>Ignacio Zuloaga aparece en la historia del arte espa\u00f1ol como una figura de filo cortante: profundamente arraigado en la tradici\u00f3n, pero siempre dispuesto a tensarla; heredero de una Espa\u00f1a \u00e1spera y simb\u00f3lica, pero tambi\u00e9n constructor de una imagen que fascin\u00f3 a la cr\u00edtica internacional desde Par\u00eds. Su biograf\u00eda es, en cierto modo, la historia de [&hellip;]<\/p>\n","protected":false},"author":3,"featured_media":13624,"comment_status":"open","ping_status":"closed","sticky":false,"template":"","format":"standard","meta":{"site-container-style":"default","site-container-layout":"default","site-sidebar-layout":"default","disable-article-header":"default","disable-site-header":"default","disable-site-footer":"default","disable-content-area-spacing":"default","_jetpack_newsletter_access":"","_jetpack_dont_email_post_to_subs":false,"_jetpack_newsletter_tier_id":0,"_jetpack_memberships_contains_paywalled_content":false,"_jetpack_feature_clip_id":0,"_jetpack_memberships_contains_paid_content":false,"footnotes":"","jetpack_publicize_message":"","jetpack_publicize_feature_enabled":true,"jetpack_social_post_already_shared":true,"jetpack_social_options":{"image_generator_settings":{"template":"highway","default_image_id":0,"font":"","enabled":false},"version":2},"jetpack_post_was_ever_published":false},"categories":[1290],"tags":[5137,3804,4743,4656,3748,1383,5139,738,5141,1422,4082,5140,1235,5138],"class_list":["post-13610","post","type-post","status-publish","format-standard","has-post-thumbnail","hentry","category-historia-del-arte","tag-biografia-de-ignacio-zuloaga","tag-biografia-de-pintores","tag-clasicos-de-la-pintura","tag-grandes-pintores-del-siglo-xix","tag-historia-de-la-pintura","tag-historia-del-arte","tag-ignacio-zuloaga","tag-maestros-de-la-pintura","tag-modernismo","tag-pintores-del-siglo-20","tag-pintores-del-siglo-xx","tag-siglo-de-oro","tag-simbolismo","tag-simbolista"],"yoast_head":"<!-- This site is optimized with the Yoast SEO plugin v28.3 - https:\/\/yoast.com\/product\/yoast-seo-wordpress\/ -->\n<title>Ignacio Zuloaga: el pintor que retrat\u00f3 el alma profunda de Espa\u00f1a. - Blog de Rafael Ram\u00edrez<\/title>\n<meta name=\"description\" content=\"Ignacio Zuloaga aparece en la historia del arte espa\u00f1ol como una figura de filo cortante: profundamente arraigado en la tradici\u00f3n, pero\" \/>\n<meta name=\"robots\" content=\"index, follow, max-snippet:-1, max-image-preview:large, max-video-preview:-1\" \/>\n<link rel=\"canonical\" href=\"https:\/\/rafaramirez.org\/blog\/index.php\/2026\/08\/21\/ignacio-zuloaga-pintor-biografia\/\" \/>\n<meta property=\"og:locale\" content=\"es_ES\" \/>\n<meta property=\"og:type\" content=\"article\" \/>\n<meta property=\"og:title\" content=\"Ignacio Zuloaga: el pintor que retrat\u00f3 el alma profunda de Espa\u00f1a. - Blog de Rafael Ram\u00edrez\" \/>\n<meta property=\"og:description\" content=\"Ignacio Zuloaga aparece en la historia del arte espa\u00f1ol como una figura de filo cortante: profundamente arraigado en la tradici\u00f3n, pero\" \/>\n<meta property=\"og:url\" content=\"https:\/\/rafaramirez.org\/blog\/index.php\/2026\/08\/21\/ignacio-zuloaga-pintor-biografia\/\" \/>\n<meta property=\"og:site_name\" content=\"Blog de Rafael Ram\u00edrez\" \/>\n<meta property=\"article:published_time\" content=\"2026-08-21T06:00:16+00:00\" \/>\n<meta property=\"og:image\" content=\"https:\/\/rafaramirez.org\/blog\/wp-content\/uploads\/2026\/08\/Ignacio-Zuloaga_bannerlog.jpg\" \/>\n\t<meta property=\"og:image:width\" content=\"720\" \/>\n\t<meta property=\"og:image:height\" content=\"440\" \/>\n\t<meta property=\"og:image:type\" content=\"image\/jpeg\" \/>\n<meta name=\"author\" content=\"Documentaci\u00f3n e investigaci\u00f3n\" \/>\n<meta name=\"twitter:card\" content=\"summary_large_image\" \/>\n<meta name=\"twitter:site\" content=\"@rafaramirez_ok\" \/>\n<meta name=\"twitter:label1\" content=\"Escrito por\" \/>\n\t<meta name=\"twitter:data1\" content=\"Documentaci\u00f3n e investigaci\u00f3n\" \/>\n\t<meta name=\"twitter:label2\" content=\"Tiempo de lectura\" \/>\n\t<meta name=\"twitter:data2\" content=\"9 minutos\" \/>\n<script type=\"application\/ld+json\" class=\"yoast-schema-graph\">{\"@context\":\"https:\\\/\\\/schema.org\",\"@graph\":[{\"@type\":\"Article\",\"@id\":\"https:\\\/\\\/rafaramirez.org\\\/blog\\\/index.php\\\/2026\\\/08\\\/21\\\/ignacio-zuloaga-pintor-biografia\\\/#article\",\"isPartOf\":{\"@id\":\"https:\\\/\\\/rafaramirez.org\\\/blog\\\/index.php\\\/2026\\\/08\\\/21\\\/ignacio-zuloaga-pintor-biografia\\\/\"},\"author\":{\"name\":\"Documentaci\u00f3n e investigaci\u00f3n\",\"@id\":\"https:\\\/\\\/rafaramirez.org\\\/blog\\\/#\\\/schema\\\/person\\\/8debd05b3d9a1d16fb21af726811617d\"},\"headline\":\"Ignacio Zuloaga: el pintor que retrat\u00f3 el alma profunda de Espa\u00f1a.\",\"datePublished\":\"2026-08-21T06:00:16+00:00\",\"mainEntityOfPage\":{\"@id\":\"https:\\\/\\\/rafaramirez.org\\\/blog\\\/index.php\\\/2026\\\/08\\\/21\\\/ignacio-zuloaga-pintor-biografia\\\/\"},\"wordCount\":1622,\"commentCount\":0,\"publisher\":{\"@id\":\"https:\\\/\\\/rafaramirez.org\\\/blog\\\/#\\\/schema\\\/person\\\/50f43b6d60c578760d4c17bda54ab6a5\"},\"image\":{\"@id\":\"https:\\\/\\\/rafaramirez.org\\\/blog\\\/index.php\\\/2026\\\/08\\\/21\\\/ignacio-zuloaga-pintor-biografia\\\/#primaryimage\"},\"thumbnailUrl\":\"https:\\\/\\\/rafaramirez.org\\\/blog\\\/wp-content\\\/uploads\\\/2026\\\/08\\\/Ignacio-Zuloaga_bannerlog.jpg\",\"keywords\":[\"biograf\u00eda de Ignacio Zuloaga\",\"biograf\u00eda de pintores\",\"cl\u00e1sicos de la pintura\",\"grandes pintores del siglo XIX\",\"historia de la pintura\",\"historia del arte\",\"Ignacio Zuloaga\",\"maestros de la pintura\",\"modernismo\",\"pintores del siglo 20\",\"pintores del siglo XX\",\"siglo de oro\",\"simbolismo\",\"simbolista\"],\"articleSection\":[\"Historia del arte\"],\"inLanguage\":\"es\",\"potentialAction\":[{\"@type\":\"CommentAction\",\"name\":\"Comment\",\"target\":[\"https:\\\/\\\/rafaramirez.org\\\/blog\\\/index.php\\\/2026\\\/08\\\/21\\\/ignacio-zuloaga-pintor-biografia\\\/#respond\"]}]},{\"@type\":\"WebPage\",\"@id\":\"https:\\\/\\\/rafaramirez.org\\\/blog\\\/index.php\\\/2026\\\/08\\\/21\\\/ignacio-zuloaga-pintor-biografia\\\/\",\"url\":\"https:\\\/\\\/rafaramirez.org\\\/blog\\\/index.php\\\/2026\\\/08\\\/21\\\/ignacio-zuloaga-pintor-biografia\\\/\",\"name\":\"Ignacio Zuloaga: el pintor que retrat\u00f3 el alma profunda de Espa\u00f1a. - Blog de Rafael Ram\u00edrez\",\"isPartOf\":{\"@id\":\"https:\\\/\\\/rafaramirez.org\\\/blog\\\/#website\"},\"primaryImageOfPage\":{\"@id\":\"https:\\\/\\\/rafaramirez.org\\\/blog\\\/index.php\\\/2026\\\/08\\\/21\\\/ignacio-zuloaga-pintor-biografia\\\/#primaryimage\"},\"image\":{\"@id\":\"https:\\\/\\\/rafaramirez.org\\\/blog\\\/index.php\\\/2026\\\/08\\\/21\\\/ignacio-zuloaga-pintor-biografia\\\/#primaryimage\"},\"thumbnailUrl\":\"https:\\\/\\\/rafaramirez.org\\\/blog\\\/wp-content\\\/uploads\\\/2026\\\/08\\\/Ignacio-Zuloaga_bannerlog.jpg\",\"datePublished\":\"2026-08-21T06:00:16+00:00\",\"description\":\"Ignacio Zuloaga aparece en la historia del arte espa\u00f1ol como una figura de filo cortante: profundamente arraigado en la tradici\u00f3n, pero\",\"breadcrumb\":{\"@id\":\"https:\\\/\\\/rafaramirez.org\\\/blog\\\/index.php\\\/2026\\\/08\\\/21\\\/ignacio-zuloaga-pintor-biografia\\\/#breadcrumb\"},\"inLanguage\":\"es\",\"potentialAction\":[{\"@type\":\"ReadAction\",\"target\":[\"https:\\\/\\\/rafaramirez.org\\\/blog\\\/index.php\\\/2026\\\/08\\\/21\\\/ignacio-zuloaga-pintor-biografia\\\/\"]}]},{\"@type\":\"ImageObject\",\"inLanguage\":\"es\",\"@id\":\"https:\\\/\\\/rafaramirez.org\\\/blog\\\/index.php\\\/2026\\\/08\\\/21\\\/ignacio-zuloaga-pintor-biografia\\\/#primaryimage\",\"url\":\"https:\\\/\\\/rafaramirez.org\\\/blog\\\/wp-content\\\/uploads\\\/2026\\\/08\\\/Ignacio-Zuloaga_bannerlog.jpg\",\"contentUrl\":\"https:\\\/\\\/rafaramirez.org\\\/blog\\\/wp-content\\\/uploads\\\/2026\\\/08\\\/Ignacio-Zuloaga_bannerlog.jpg\",\"width\":720,\"height\":440,\"caption\":\"Ignacio Zuloaga: el pintor que retrat\u00f3 el alma profunda de Espa\u00f1a. Blog de Rafael Ram\u00edrez.\"},{\"@type\":\"BreadcrumbList\",\"@id\":\"https:\\\/\\\/rafaramirez.org\\\/blog\\\/index.php\\\/2026\\\/08\\\/21\\\/ignacio-zuloaga-pintor-biografia\\\/#breadcrumb\",\"itemListElement\":[{\"@type\":\"ListItem\",\"position\":1,\"name\":\"Portada\",\"item\":\"https:\\\/\\\/rafaramirez.org\\\/blog\\\/\"},{\"@type\":\"ListItem\",\"position\":2,\"name\":\"Ignacio Zuloaga: el pintor que retrat\u00f3 el alma profunda de Espa\u00f1a.\"}]},{\"@type\":\"WebSite\",\"@id\":\"https:\\\/\\\/rafaramirez.org\\\/blog\\\/#website\",\"url\":\"https:\\\/\\\/rafaramirez.org\\\/blog\\\/\",\"name\":\"Blog de Rafael Ram\u00edrez\",\"description\":\"Un sitio social, de arte y cultura\",\"publisher\":{\"@id\":\"https:\\\/\\\/rafaramirez.org\\\/blog\\\/#\\\/schema\\\/person\\\/50f43b6d60c578760d4c17bda54ab6a5\"},\"potentialAction\":[{\"@type\":\"SearchAction\",\"target\":{\"@type\":\"EntryPoint\",\"urlTemplate\":\"https:\\\/\\\/rafaramirez.org\\\/blog\\\/?s={search_term_string}\"},\"query-input\":{\"@type\":\"PropertyValueSpecification\",\"valueRequired\":true,\"valueName\":\"search_term_string\"}}],\"inLanguage\":\"es\"},{\"@type\":[\"Person\",\"Organization\"],\"@id\":\"https:\\\/\\\/rafaramirez.org\\\/blog\\\/#\\\/schema\\\/person\\\/50f43b6d60c578760d4c17bda54ab6a5\",\"name\":\"Rafael Ram\u00edrez\",\"image\":{\"@type\":\"ImageObject\",\"inLanguage\":\"es\",\"@id\":\"https:\\\/\\\/rafaramirez.org\\\/blog\\\/wp-content\\\/uploads\\\/2024\\\/09\\\/RR_socialnetwork.jpg\",\"url\":\"https:\\\/\\\/rafaramirez.org\\\/blog\\\/wp-content\\\/uploads\\\/2024\\\/09\\\/RR_socialnetwork.jpg\",\"contentUrl\":\"https:\\\/\\\/rafaramirez.org\\\/blog\\\/wp-content\\\/uploads\\\/2024\\\/09\\\/RR_socialnetwork.jpg\",\"width\":600,\"height\":606,\"caption\":\"Rafael Ram\u00edrez\"},\"logo\":{\"@id\":\"https:\\\/\\\/rafaramirez.org\\\/blog\\\/wp-content\\\/uploads\\\/2024\\\/09\\\/RR_socialnetwork.jpg\"},\"sameAs\":[\"https:\\\/\\\/www.rafaramirez.org\\\/blog\",\"https:\\\/\\\/www.instagram.com\\\/rafaramirez_ok\\\/\",\"https:\\\/\\\/es.pinterest.com\\\/Ramirez_Rafa\\\/\",\"https:\\\/\\\/x.com\\\/rafaramirez_ok\"]},{\"@type\":\"Person\",\"@id\":\"https:\\\/\\\/rafaramirez.org\\\/blog\\\/#\\\/schema\\\/person\\\/8debd05b3d9a1d16fb21af726811617d\",\"name\":\"Documentaci\u00f3n e investigaci\u00f3n\",\"image\":{\"@type\":\"ImageObject\",\"inLanguage\":\"es\",\"@id\":\"https:\\\/\\\/secure.gravatar.com\\\/avatar\\\/fe70e496579a39c7a8fc4982b89275403b1092eb200623138a32daada9416911?s=96&d=mm&r=g\",\"url\":\"https:\\\/\\\/secure.gravatar.com\\\/avatar\\\/fe70e496579a39c7a8fc4982b89275403b1092eb200623138a32daada9416911?s=96&d=mm&r=g\",\"contentUrl\":\"https:\\\/\\\/secure.gravatar.com\\\/avatar\\\/fe70e496579a39c7a8fc4982b89275403b1092eb200623138a32daada9416911?s=96&d=mm&r=g\",\"caption\":\"Documentaci\u00f3n e investigaci\u00f3n\"},\"url\":\"https:\\\/\\\/rafaramirez.org\\\/blog\\\/index.php\\\/author\\\/admin\\\/\"}]}<\/script>\n<!-- \/ Yoast SEO plugin. -->","yoast_head_json":{"title":"Ignacio Zuloaga: el pintor que retrat\u00f3 el alma profunda de Espa\u00f1a. - Blog de Rafael Ram\u00edrez","description":"Ignacio Zuloaga aparece en la historia del arte espa\u00f1ol como una figura de filo cortante: profundamente arraigado en la tradici\u00f3n, pero","robots":{"index":"index","follow":"follow","max-snippet":"max-snippet:-1","max-image-preview":"max-image-preview:large","max-video-preview":"max-video-preview:-1"},"canonical":"https:\/\/rafaramirez.org\/blog\/index.php\/2026\/08\/21\/ignacio-zuloaga-pintor-biografia\/","og_locale":"es_ES","og_type":"article","og_title":"Ignacio Zuloaga: el pintor que retrat\u00f3 el alma profunda de Espa\u00f1a. - Blog de Rafael Ram\u00edrez","og_description":"Ignacio Zuloaga aparece en la historia del arte espa\u00f1ol como una figura de filo cortante: profundamente arraigado en la tradici\u00f3n, pero","og_url":"https:\/\/rafaramirez.org\/blog\/index.php\/2026\/08\/21\/ignacio-zuloaga-pintor-biografia\/","og_site_name":"Blog de Rafael Ram\u00edrez","article_published_time":"2026-08-21T06:00:16+00:00","og_image":[{"width":720,"height":440,"url":"https:\/\/rafaramirez.org\/blog\/wp-content\/uploads\/2026\/08\/Ignacio-Zuloaga_bannerlog.jpg","type":"image\/jpeg"}],"author":"Documentaci\u00f3n e investigaci\u00f3n","twitter_card":"summary_large_image","twitter_site":"@rafaramirez_ok","twitter_misc":{"Escrito por":"Documentaci\u00f3n e investigaci\u00f3n","Tiempo de lectura":"9 minutos"},"schema":{"@context":"https:\/\/schema.org","@graph":[{"@type":"Article","@id":"https:\/\/rafaramirez.org\/blog\/index.php\/2026\/08\/21\/ignacio-zuloaga-pintor-biografia\/#article","isPartOf":{"@id":"https:\/\/rafaramirez.org\/blog\/index.php\/2026\/08\/21\/ignacio-zuloaga-pintor-biografia\/"},"author":{"name":"Documentaci\u00f3n e investigaci\u00f3n","@id":"https:\/\/rafaramirez.org\/blog\/#\/schema\/person\/8debd05b3d9a1d16fb21af726811617d"},"headline":"Ignacio Zuloaga: el pintor que retrat\u00f3 el alma profunda de Espa\u00f1a.","datePublished":"2026-08-21T06:00:16+00:00","mainEntityOfPage":{"@id":"https:\/\/rafaramirez.org\/blog\/index.php\/2026\/08\/21\/ignacio-zuloaga-pintor-biografia\/"},"wordCount":1622,"commentCount":0,"publisher":{"@id":"https:\/\/rafaramirez.org\/blog\/#\/schema\/person\/50f43b6d60c578760d4c17bda54ab6a5"},"image":{"@id":"https:\/\/rafaramirez.org\/blog\/index.php\/2026\/08\/21\/ignacio-zuloaga-pintor-biografia\/#primaryimage"},"thumbnailUrl":"https:\/\/rafaramirez.org\/blog\/wp-content\/uploads\/2026\/08\/Ignacio-Zuloaga_bannerlog.jpg","keywords":["biograf\u00eda de Ignacio Zuloaga","biograf\u00eda de pintores","cl\u00e1sicos de la pintura","grandes pintores del siglo XIX","historia de la pintura","historia del arte","Ignacio Zuloaga","maestros de la pintura","modernismo","pintores del siglo 20","pintores del siglo XX","siglo de oro","simbolismo","simbolista"],"articleSection":["Historia del arte"],"inLanguage":"es","potentialAction":[{"@type":"CommentAction","name":"Comment","target":["https:\/\/rafaramirez.org\/blog\/index.php\/2026\/08\/21\/ignacio-zuloaga-pintor-biografia\/#respond"]}]},{"@type":"WebPage","@id":"https:\/\/rafaramirez.org\/blog\/index.php\/2026\/08\/21\/ignacio-zuloaga-pintor-biografia\/","url":"https:\/\/rafaramirez.org\/blog\/index.php\/2026\/08\/21\/ignacio-zuloaga-pintor-biografia\/","name":"Ignacio Zuloaga: el pintor que retrat\u00f3 el alma profunda de Espa\u00f1a. - Blog de Rafael Ram\u00edrez","isPartOf":{"@id":"https:\/\/rafaramirez.org\/blog\/#website"},"primaryImageOfPage":{"@id":"https:\/\/rafaramirez.org\/blog\/index.php\/2026\/08\/21\/ignacio-zuloaga-pintor-biografia\/#primaryimage"},"image":{"@id":"https:\/\/rafaramirez.org\/blog\/index.php\/2026\/08\/21\/ignacio-zuloaga-pintor-biografia\/#primaryimage"},"thumbnailUrl":"https:\/\/rafaramirez.org\/blog\/wp-content\/uploads\/2026\/08\/Ignacio-Zuloaga_bannerlog.jpg","datePublished":"2026-08-21T06:00:16+00:00","description":"Ignacio Zuloaga aparece en la historia del arte espa\u00f1ol como una figura de filo cortante: profundamente arraigado en la tradici\u00f3n, pero","breadcrumb":{"@id":"https:\/\/rafaramirez.org\/blog\/index.php\/2026\/08\/21\/ignacio-zuloaga-pintor-biografia\/#breadcrumb"},"inLanguage":"es","potentialAction":[{"@type":"ReadAction","target":["https:\/\/rafaramirez.org\/blog\/index.php\/2026\/08\/21\/ignacio-zuloaga-pintor-biografia\/"]}]},{"@type":"ImageObject","inLanguage":"es","@id":"https:\/\/rafaramirez.org\/blog\/index.php\/2026\/08\/21\/ignacio-zuloaga-pintor-biografia\/#primaryimage","url":"https:\/\/rafaramirez.org\/blog\/wp-content\/uploads\/2026\/08\/Ignacio-Zuloaga_bannerlog.jpg","contentUrl":"https:\/\/rafaramirez.org\/blog\/wp-content\/uploads\/2026\/08\/Ignacio-Zuloaga_bannerlog.jpg","width":720,"height":440,"caption":"Ignacio Zuloaga: el pintor que retrat\u00f3 el alma profunda de Espa\u00f1a. Blog de Rafael Ram\u00edrez."},{"@type":"BreadcrumbList","@id":"https:\/\/rafaramirez.org\/blog\/index.php\/2026\/08\/21\/ignacio-zuloaga-pintor-biografia\/#breadcrumb","itemListElement":[{"@type":"ListItem","position":1,"name":"Portada","item":"https:\/\/rafaramirez.org\/blog\/"},{"@type":"ListItem","position":2,"name":"Ignacio Zuloaga: el pintor que retrat\u00f3 el alma profunda de Espa\u00f1a."}]},{"@type":"WebSite","@id":"https:\/\/rafaramirez.org\/blog\/#website","url":"https:\/\/rafaramirez.org\/blog\/","name":"Blog de Rafael Ram\u00edrez","description":"Un sitio social, de arte y cultura","publisher":{"@id":"https:\/\/rafaramirez.org\/blog\/#\/schema\/person\/50f43b6d60c578760d4c17bda54ab6a5"},"potentialAction":[{"@type":"SearchAction","target":{"@type":"EntryPoint","urlTemplate":"https:\/\/rafaramirez.org\/blog\/?s={search_term_string}"},"query-input":{"@type":"PropertyValueSpecification","valueRequired":true,"valueName":"search_term_string"}}],"inLanguage":"es"},{"@type":["Person","Organization"],"@id":"https:\/\/rafaramirez.org\/blog\/#\/schema\/person\/50f43b6d60c578760d4c17bda54ab6a5","name":"Rafael Ram\u00edrez","image":{"@type":"ImageObject","inLanguage":"es","@id":"https:\/\/rafaramirez.org\/blog\/wp-content\/uploads\/2024\/09\/RR_socialnetwork.jpg","url":"https:\/\/rafaramirez.org\/blog\/wp-content\/uploads\/2024\/09\/RR_socialnetwork.jpg","contentUrl":"https:\/\/rafaramirez.org\/blog\/wp-content\/uploads\/2024\/09\/RR_socialnetwork.jpg","width":600,"height":606,"caption":"Rafael Ram\u00edrez"},"logo":{"@id":"https:\/\/rafaramirez.org\/blog\/wp-content\/uploads\/2024\/09\/RR_socialnetwork.jpg"},"sameAs":["https:\/\/www.rafaramirez.org\/blog","https:\/\/www.instagram.com\/rafaramirez_ok\/","https:\/\/es.pinterest.com\/Ramirez_Rafa\/","https:\/\/x.com\/rafaramirez_ok"]},{"@type":"Person","@id":"https:\/\/rafaramirez.org\/blog\/#\/schema\/person\/8debd05b3d9a1d16fb21af726811617d","name":"Documentaci\u00f3n e investigaci\u00f3n","image":{"@type":"ImageObject","inLanguage":"es","@id":"https:\/\/secure.gravatar.com\/avatar\/fe70e496579a39c7a8fc4982b89275403b1092eb200623138a32daada9416911?s=96&d=mm&r=g","url":"https:\/\/secure.gravatar.com\/avatar\/fe70e496579a39c7a8fc4982b89275403b1092eb200623138a32daada9416911?s=96&d=mm&r=g","contentUrl":"https:\/\/secure.gravatar.com\/avatar\/fe70e496579a39c7a8fc4982b89275403b1092eb200623138a32daada9416911?s=96&d=mm&r=g","caption":"Documentaci\u00f3n e investigaci\u00f3n"},"url":"https:\/\/rafaramirez.org\/blog\/index.php\/author\/admin\/"}]}},"jetpack_publicize_connections":[],"jetpack_sharing_enabled":true,"jetpack_likes_enabled":true,"jetpack_featured_media_url":"https:\/\/rafaramirez.org\/blog\/wp-content\/uploads\/2026\/08\/Ignacio-Zuloaga_bannerlog.jpg","_links":{"self":[{"href":"https:\/\/rafaramirez.org\/blog\/index.php\/wp-json\/wp\/v2\/posts\/13610","targetHints":{"allow":["GET"]}}],"collection":[{"href":"https:\/\/rafaramirez.org\/blog\/index.php\/wp-json\/wp\/v2\/posts"}],"about":[{"href":"https:\/\/rafaramirez.org\/blog\/index.php\/wp-json\/wp\/v2\/types\/post"}],"author":[{"embeddable":true,"href":"https:\/\/rafaramirez.org\/blog\/index.php\/wp-json\/wp\/v2\/users\/3"}],"replies":[{"embeddable":true,"href":"https:\/\/rafaramirez.org\/blog\/index.php\/wp-json\/wp\/v2\/comments?post=13610"}],"version-history":[{"count":6,"href":"https:\/\/rafaramirez.org\/blog\/index.php\/wp-json\/wp\/v2\/posts\/13610\/revisions"}],"predecessor-version":[{"id":13623,"href":"https:\/\/rafaramirez.org\/blog\/index.php\/wp-json\/wp\/v2\/posts\/13610\/revisions\/13623"}],"wp:featuredmedia":[{"embeddable":true,"href":"https:\/\/rafaramirez.org\/blog\/index.php\/wp-json\/wp\/v2\/media\/13624"}],"wp:attachment":[{"href":"https:\/\/rafaramirez.org\/blog\/index.php\/wp-json\/wp\/v2\/media?parent=13610"}],"wp:term":[{"taxonomy":"category","embeddable":true,"href":"https:\/\/rafaramirez.org\/blog\/index.php\/wp-json\/wp\/v2\/categories?post=13610"},{"taxonomy":"post_tag","embeddable":true,"href":"https:\/\/rafaramirez.org\/blog\/index.php\/wp-json\/wp\/v2\/tags?post=13610"}],"curies":[{"name":"wp","href":"https:\/\/api.w.org\/{rel}","templated":true}]}}