{"id":13589,"date":"2026-08-19T08:00:42","date_gmt":"2026-08-19T06:00:42","guid":{"rendered":"https:\/\/rafaramirez.org\/blog\/?p=13589"},"modified":"2026-07-13T10:52:17","modified_gmt":"2026-07-13T08:52:17","slug":"dia-mundial-de-la-fotografia-2026","status":"publish","type":"post","link":"https:\/\/rafaramirez.org\/blog\/index.php\/2026\/08\/19\/dia-mundial-de-la-fotografia-2026\/","title":{"rendered":"D\u00eda Mundial de la Fotograf\u00eda 2026: 187 a\u00f1os de luz y revelaci\u00f3n."},"content":{"rendered":"<p>El D\u00eda Mundial de la Fotograf\u00eda, que se celebra cada 19 de agosto, honra el nacimiento oficial de la fotograf\u00eda como pr\u00e1ctica accesible para todos. Su origen se remonta al 19 de agosto de 1839, cuando el Gobierno franc\u00e9s present\u00f3 al p\u00fablico el daguerrotipo, el primer proceso fotogr\u00e1fico pr\u00e1ctico, desarrollado por Louis Daguerre a partir de las investigaciones de Nic\u00e9phore Ni\u00e9pce. Francia compr\u00f3 la patente y la liber\u00f3 como \u00abregalo universal\u00bb, lo que permiti\u00f3 que la fotograf\u00eda se difundiera sin restricciones y se convirtiera en un lenguaje global.<\/p>\n<p>La conmemoraci\u00f3n moderna naci\u00f3 en 2009 de la mano del fot\u00f3grafo australiano Korske Ara y la primera edici\u00f3n global se celebr\u00f3 en 2010. Desde entonces, fot\u00f3grafos de todos los niveles comparten bajo la etiqueta #WorldPhotoDay sus visiones del mundo, se conectan entre s\u00ed, se dan visibilidad y reflexionan sobre la evoluci\u00f3n de esta forma de arte y comunicaci\u00f3n.<\/p>\n<p>El D\u00eda Mundial de la Fotograf\u00eda busca reconocer que una imagen no solo congela un instante, sino que tambi\u00e9n documenta la historia, construye memoria colectiva y democratiza el acceso al arte. Fomenta la creatividad individual y promueve un di\u00e1logo visual que enriquece a la sociedad contempor\u00e1nea al mostrarnos nuevas formas de ver y entender nuestro entorno.<\/p>\n<h3>Evoluci\u00f3n de la fotograf\u00eda desde los primeros daguerrotipos hasta nuestros d\u00edas.<\/h3>\n<p>La historia de la fotograf\u00eda comienza en 1826, cuando Joseph Nic\u00e9phore Ni\u00e9pce obtuvo la primera imagen permanente sobre una placa cubierta de bet\u00fan de Judea, un procedimiento que denomin\u00f3 heliograf\u00eda. Tres a\u00f1os despu\u00e9s, Louis Daguerre perfeccion\u00f3 la t\u00e9cnica y, en 1839, present\u00f3 al mundo el daguerrotipo, un m\u00e9todo que redujo dr\u00e1sticamente los tiempos de exposici\u00f3n y produjo im\u00e1genes de gran nitidez. Como te he contado anteriormente, el gobierno franc\u00e9s apoy\u00f3 la liberaci\u00f3n de la patente.<\/p>\n<p>Poco despu\u00e9s, en 1841, William Henry Fox Talbot patent\u00f3 el calotipo, un procedimiento en papel sensible que introdujo por primera vez el formato negativo-positivo. Aunque la definici\u00f3n de sus copias no era tan alta como la del daguerrotipo, permit\u00edan la reproducci\u00f3n m\u00faltiple de una misma toma y sentaban las bases de la fotograf\u00eda tal y como la conocemos hoy.<\/p>\n<p>En la d\u00e9cada de 1850 naci\u00f3 el colodi\u00f3n h\u00famedo, ideado por Frederick Scott Archer en 1855, que mejoraba la calidad y reduc\u00eda el tiempo de exposici\u00f3n al usar placas de vidrio. Alguna d\u00e9cada despu\u00e9s, en 1871, la invenci\u00f3n de las placas secas de gelatino-bromuro permiti\u00f3 su producci\u00f3n industrial y facilit\u00f3 a\u00fan m\u00e1s el uso profesional y aficionado de la c\u00e1mara fotogr\u00e1fica.<\/p>\n<p>En 1888, George Eastman lanz\u00f3 la primera c\u00e1mara Kodak con carrete de papel y el lema \u00abUsted aprieta el bot\u00f3n; nosotros hacemos el resto\u00bb. Este invento marc\u00f3 el fin de la complejidad t\u00e9cnica y populariz\u00f3 la fotograf\u00eda de forma masiva. A principios del siglo XX, la c\u00e1mara Brownie de Kodak puso una c\u00e1mara en manos de cualquiera y consolid\u00f3 el formato de 35 mm como est\u00e1ndar internacional para el cine y la fotograf\u00eda.<\/p>\n<figure id=\"attachment_10108\" aria-describedby=\"caption-attachment-10108\" style=\"width: 300px\" class=\"wp-caption aligncenter\"><img loading=\"lazy\" decoding=\"async\" class=\"wp-image-10108 size-medium\" src=\"https:\/\/rafaramirez.org\/blog\/wp-content\/uploads\/2025\/08\/camera-711040-300x199.jpg\" alt=\"D\u00eda Mundial de la Fotograf\u00eda: historia, prop\u00f3sito y evoluci\u00f3n. Blog de Rafael Ram\u00edrez.\" width=\"300\" height=\"199\" srcset=\"https:\/\/rafaramirez.org\/blog\/wp-content\/uploads\/2025\/08\/camera-711040-300x199.jpg 300w, https:\/\/rafaramirez.org\/blog\/wp-content\/uploads\/2025\/08\/camera-711040-768x508.jpg 768w, https:\/\/rafaramirez.org\/blog\/wp-content\/uploads\/2025\/08\/camera-711040.jpg 1000w\" sizes=\"auto, (max-width: 300px) 100vw, 300px\" \/><figcaption id=\"caption-attachment-10108\" class=\"wp-caption-text\">D\u00eda Mundial de la Fotograf\u00eda: historia, prop\u00f3sito y evoluci\u00f3n. Blog de Rafael Ram\u00edrez.<\/figcaption><\/figure>\n<p>La fotograf\u00eda en color se populariz\u00f3 en la d\u00e9cada de 1930 con emulsiones como Kodachrome y Agfacolor, que permit\u00edan capturar tonos realistas y dotaban de un matiz emocional a unas im\u00e1genes que hasta entonces hab\u00edan sido exclusivas del blanco y negro.<\/p>\n<p>Paralelamente, en los a\u00f1os treinta, Edwin Land cre\u00f3 la primera c\u00e1mara instant\u00e1nea Polaroid, que se comercializ\u00f3 en 1948, y en 1963 present\u00f3 la versi\u00f3n en color. Esta tecnolog\u00eda devolv\u00eda la foto revelada en pocos minutos, lo que supuso un primer paso hacia la inmediatez que hoy damos por sentada.<\/p>\n<p>El gran cambio digital lleg\u00f3 a finales de la d\u00e9cada de 1960 con el invento del chip CCD por parte de Willard Boyle y George Smith. En 1975, Steven Sasson, de Kodak, desarroll\u00f3 el primer prototipo de c\u00e1mara digital. En 1990, la Dycam Model 1 ya se vend\u00eda al p\u00fablico y, en 2004, las c\u00e1maras digitales superaron en ventas a las de pel\u00edcula, sellando la transici\u00f3n de paradigma.<\/p>\n<p>La fusi\u00f3n con la inform\u00e1tica termin\u00f3 de democratizar la imagen cuando, en el a\u00f1o 2000, Samsung lanz\u00f3 la primera c\u00e1mara para m\u00f3viles y cuando, en 2007, el primer iPhone convirti\u00f3 al tel\u00e9fono en la c\u00e1mara m\u00e1s popular del planeta. Desde entonces, la evoluci\u00f3n de los sensores, las lentes m\u00faltiples y los algoritmos de procesamiento por IA ha ido reforzando la capacidad de capturar, editar y compartir al instante cualquier momento del mundo.<\/p>\n<p>En la actualidad, avanzamos hacia un nuevo cap\u00edtulo en el que la fotograf\u00eda est\u00e1 en todas partes: las c\u00e1maras sin espejo profesionales rivalizan con los tel\u00e9fonos inteligentes de alta gama, las redes sociales impulsan tendencias visuales globales y la inteligencia artificial est\u00e1 redefiniendo la creatividad fotogr\u00e1fica. Desde los primeros daguerrotipos hasta las im\u00e1genes en la nube, la fotograf\u00eda ha evolucionado de un arte de precisi\u00f3n qu\u00edmica a un lenguaje universal inmaterial.<\/p>\n<h3>Actividades con motivo del D\u00eda Mundial de la Fotograf\u00eda.<\/h3>\n<p>Con motivo de esta celebraci\u00f3n, aficionados y profesionales salen a hacer fotos por la ciudad o por entornos naturales, a menudo en grupo o siguiendo retos tem\u00e1ticos que estimulan la creatividad.<\/p>\n<p>Los museos y galer\u00edas aprovechan esta fecha para inaugurar exposiciones de todo tipo: desde demostraciones de daguerrotipos y retrospectivas hist\u00f3ricas hasta muestras de fotoperiodismo contempor\u00e1neo y retrospectivas de autores consagrados.<\/p>\n<p>Se organizan talleres, conferencias y seminarios en l\u00ednea impartidos por expertos en t\u00e9cnicas de iluminaci\u00f3n, narrativa visual, edici\u00f3n digital y creaci\u00f3n de carteras de trabajo, que fomentan el intercambio de conocimientos entre principiantes y profesionales m\u00e1s veteranos.<\/p>\n<p>En las redes sociales proliferan los concursos y desaf\u00edos bajo la etiqueta #WorldPhotographyDay, que invitan a compartir instant\u00e1neas personales que reflejen distintas miradas del mundo y a participar en galer\u00edas virtuales globales con mec\u00e1nicas tan sencillas como publicar una imagen con una breve leyenda sobre el momento capturado.<\/p>\n<p>Algunas iniciativas vinculan la celebraci\u00f3n con causas sociales y destinan los fondos recaudados en cert\u00e1menes fotogr\u00e1ficos a proyectos comunitarios o asociaciones ben\u00e9ficas que utilizan la imagen como herramienta de concienciaci\u00f3n y cambio positivo.<\/p>\n<figure id=\"attachment_10109\" aria-describedby=\"caption-attachment-10109\" style=\"width: 300px\" class=\"wp-caption aligncenter\"><img loading=\"lazy\" decoding=\"async\" class=\"wp-image-10109 size-medium\" src=\"https:\/\/rafaramirez.org\/blog\/wp-content\/uploads\/2025\/08\/man-3672010-300x172.jpg\" alt=\"D\u00eda Mundial de la Fotograf\u00eda: historia, prop\u00f3sito y evoluci\u00f3n. Blog de Rafael Ram\u00edrez.\" width=\"300\" height=\"172\" srcset=\"https:\/\/rafaramirez.org\/blog\/wp-content\/uploads\/2025\/08\/man-3672010-300x172.jpg 300w, https:\/\/rafaramirez.org\/blog\/wp-content\/uploads\/2025\/08\/man-3672010-768x440.jpg 768w, https:\/\/rafaramirez.org\/blog\/wp-content\/uploads\/2025\/08\/man-3672010.jpg 1000w\" sizes=\"auto, (max-width: 300px) 100vw, 300px\" \/><figcaption id=\"caption-attachment-10109\" class=\"wp-caption-text\">D\u00eda Mundial de la Fotograf\u00eda: historia, prop\u00f3sito y evoluci\u00f3n. Blog de Rafael Ram\u00edrez.<\/figcaption><\/figure>\n<p>M\u00e1s informaci\u00f3n:<\/p>\n<ul>\n<li><a href=\"https:\/\/www.infobae.com\/mexico\/2024\/08\/19\/dia-mundial-de-la-fotografia-por-que-se-celebra-el-19-de-agosto\/\" target=\"_blank\" rel=\"noopener\">D\u00eda Mundial de la Fotograf\u00eda: \u00bfPor qu\u00e9 se celebra el 19 de agosto? &#8211; Infobae<\/a>.<\/li>\n<li><a href=\"https:\/\/rafaramirez.org\/blog\/index.php\/category\/arte\/efemerides\/\" target=\"_blank\" rel=\"noopener\">Otras efem\u00e9rides<\/a>.<\/li>\n<li><a href=\"https:\/\/rafaramirez.org\/blog\/index.php\/category\/arte\/fotografia\/\" target=\"_blank\" rel=\"noopener\">Fotograf\u00edas en el blog<\/a>.<\/li>\n<\/ul>\n","protected":false},"excerpt":{"rendered":"<p>El D\u00eda Mundial de la Fotograf\u00eda, que se celebra cada 19 de agosto, honra el nacimiento oficial de la fotograf\u00eda como pr\u00e1ctica accesible para todos. Su origen se remonta al 19 de agosto de 1839, cuando el Gobierno franc\u00e9s present\u00f3 al p\u00fablico el daguerrotipo, el primer proceso fotogr\u00e1fico pr\u00e1ctico, desarrollado por Louis Daguerre a partir [&hellip;]<\/p>\n","protected":false},"author":1,"featured_media":13591,"comment_status":"open","ping_status":"closed","sticky":false,"template":"","format":"standard","meta":{"site-container-style":"default","site-container-layout":"default","site-sidebar-layout":"default","disable-article-header":"default","disable-site-header":"default","disable-site-footer":"default","disable-content-area-spacing":"default","_jetpack_newsletter_access":"","_jetpack_dont_email_post_to_subs":false,"_jetpack_newsletter_tier_id":0,"_jetpack_memberships_contains_paywalled_content":false,"_jetpack_feature_clip_id":0,"_jetpack_memberships_contains_paid_content":false,"footnotes":"","jetpack_publicize_message":"","jetpack_publicize_feature_enabled":true,"jetpack_social_post_already_shared":true,"jetpack_social_options":{"image_generator_settings":{"template":"highway","default_image_id":0,"font":"","enabled":false},"version":2},"jetpack_post_was_ever_published":false},"categories":[1291,3],"tags":[4429,1323,4802,4430,4431,4432],"class_list":["post-13589","post","type-post","status-publish","format-standard","has-post-thumbnail","hentry","category-efemerides","category-fotografia","tag-dia-mundial-de-la-fotografia","tag-efemerides","tag-efemerides-de-2026","tag-efemerides-de-agosto","tag-efemerides-del-19-de-agosto","tag-historia-de-la-fotografia"],"yoast_head":"<!-- This site is optimized with the Yoast SEO plugin v28.3 - https:\/\/yoast.com\/product\/yoast-seo-wordpress\/ -->\n<title>D\u00eda Mundial de la Fotograf\u00eda 2026: 187 a\u00f1os de luz y revelaci\u00f3n. - Blog de Rafael Ram\u00edrez<\/title>\n<meta name=\"description\" content=\"El D\u00eda Mundial de la Fotograf\u00eda, que se celebra cada 19 de agosto, honra el nacimiento oficial de la fotograf\u00eda como pr\u00e1ctica accesible para\" \/>\n<meta name=\"robots\" content=\"index, follow, max-snippet:-1, max-image-preview:large, max-video-preview:-1\" \/>\n<link rel=\"canonical\" href=\"https:\/\/rafaramirez.org\/blog\/index.php\/2026\/08\/19\/dia-mundial-de-la-fotografia-2026\/\" \/>\n<meta property=\"og:locale\" content=\"es_ES\" \/>\n<meta property=\"og:type\" content=\"article\" \/>\n<meta property=\"og:title\" content=\"D\u00eda Mundial de la Fotograf\u00eda 2026: 187 a\u00f1os de luz y revelaci\u00f3n. - Blog de Rafael Ram\u00edrez\" \/>\n<meta property=\"og:description\" content=\"El D\u00eda Mundial de la Fotograf\u00eda, que se celebra cada 19 de agosto, honra el nacimiento oficial de la fotograf\u00eda como pr\u00e1ctica accesible para\" \/>\n<meta property=\"og:url\" content=\"https:\/\/rafaramirez.org\/blog\/index.php\/2026\/08\/19\/dia-mundial-de-la-fotografia-2026\/\" \/>\n<meta property=\"og:site_name\" content=\"Blog de Rafael Ram\u00edrez\" \/>\n<meta property=\"article:published_time\" content=\"2026-08-19T06:00:42+00:00\" \/>\n<meta property=\"og:image\" content=\"https:\/\/rafaramirez.org\/blog\/wp-content\/uploads\/2026\/08\/Dia-mundial-de-la-fotografia-2026_bannerlog.jpg\" \/>\n\t<meta property=\"og:image:width\" content=\"720\" \/>\n\t<meta property=\"og:image:height\" content=\"440\" \/>\n\t<meta property=\"og:image:type\" content=\"image\/jpeg\" \/>\n<meta name=\"author\" content=\"Rafael Ram\u00edrez\" \/>\n<meta name=\"twitter:card\" content=\"summary_large_image\" \/>\n<meta name=\"twitter:creator\" content=\"@rafaramirez_ok\" \/>\n<meta name=\"twitter:site\" content=\"@rafaramirez_ok\" \/>\n<meta name=\"twitter:label1\" content=\"Escrito por\" \/>\n\t<meta name=\"twitter:data1\" content=\"Rafael Ram\u00edrez\" \/>\n\t<meta name=\"twitter:label2\" content=\"Tiempo de lectura\" \/>\n\t<meta name=\"twitter:data2\" content=\"6 minutos\" \/>\n<script type=\"application\/ld+json\" class=\"yoast-schema-graph\">{\"@context\":\"https:\\\/\\\/schema.org\",\"@graph\":[{\"@type\":\"Article\",\"@id\":\"https:\\\/\\\/rafaramirez.org\\\/blog\\\/index.php\\\/2026\\\/08\\\/19\\\/dia-mundial-de-la-fotografia-2026\\\/#article\",\"isPartOf\":{\"@id\":\"https:\\\/\\\/rafaramirez.org\\\/blog\\\/index.php\\\/2026\\\/08\\\/19\\\/dia-mundial-de-la-fotografia-2026\\\/\"},\"author\":{\"name\":\"Rafael Ram\u00edrez\",\"@id\":\"https:\\\/\\\/rafaramirez.org\\\/blog\\\/#\\\/schema\\\/person\\\/50f43b6d60c578760d4c17bda54ab6a5\"},\"headline\":\"D\u00eda Mundial de la Fotograf\u00eda 2026: 187 a\u00f1os de luz y revelaci\u00f3n.\",\"datePublished\":\"2026-08-19T06:00:42+00:00\",\"mainEntityOfPage\":{\"@id\":\"https:\\\/\\\/rafaramirez.org\\\/blog\\\/index.php\\\/2026\\\/08\\\/19\\\/dia-mundial-de-la-fotografia-2026\\\/\"},\"wordCount\":1164,\"commentCount\":0,\"publisher\":{\"@id\":\"https:\\\/\\\/rafaramirez.org\\\/blog\\\/#\\\/schema\\\/person\\\/50f43b6d60c578760d4c17bda54ab6a5\"},\"image\":{\"@id\":\"https:\\\/\\\/rafaramirez.org\\\/blog\\\/index.php\\\/2026\\\/08\\\/19\\\/dia-mundial-de-la-fotografia-2026\\\/#primaryimage\"},\"thumbnailUrl\":\"https:\\\/\\\/rafaramirez.org\\\/blog\\\/wp-content\\\/uploads\\\/2026\\\/08\\\/Dia-mundial-de-la-fotografia-2026_bannerlog.jpg\",\"keywords\":[\"D\u00eda Mundial de la Fotograf\u00eda\",\"efem\u00e9rides\",\"efem\u00e9rides de 2026\",\"efem\u00e9rides de agosto\",\"efem\u00e9rides del 19 de agosto\",\"historia de la fotograf\u00eda\"],\"articleSection\":[\"Efem\u00e9rides\",\"Fotograf\u00eda &amp; Arte digital\"],\"inLanguage\":\"es\",\"potentialAction\":[{\"@type\":\"CommentAction\",\"name\":\"Comment\",\"target\":[\"https:\\\/\\\/rafaramirez.org\\\/blog\\\/index.php\\\/2026\\\/08\\\/19\\\/dia-mundial-de-la-fotografia-2026\\\/#respond\"]}]},{\"@type\":\"WebPage\",\"@id\":\"https:\\\/\\\/rafaramirez.org\\\/blog\\\/index.php\\\/2026\\\/08\\\/19\\\/dia-mundial-de-la-fotografia-2026\\\/\",\"url\":\"https:\\\/\\\/rafaramirez.org\\\/blog\\\/index.php\\\/2026\\\/08\\\/19\\\/dia-mundial-de-la-fotografia-2026\\\/\",\"name\":\"D\u00eda Mundial de la Fotograf\u00eda 2026: 187 a\u00f1os de luz y revelaci\u00f3n. - Blog de Rafael Ram\u00edrez\",\"isPartOf\":{\"@id\":\"https:\\\/\\\/rafaramirez.org\\\/blog\\\/#website\"},\"primaryImageOfPage\":{\"@id\":\"https:\\\/\\\/rafaramirez.org\\\/blog\\\/index.php\\\/2026\\\/08\\\/19\\\/dia-mundial-de-la-fotografia-2026\\\/#primaryimage\"},\"image\":{\"@id\":\"https:\\\/\\\/rafaramirez.org\\\/blog\\\/index.php\\\/2026\\\/08\\\/19\\\/dia-mundial-de-la-fotografia-2026\\\/#primaryimage\"},\"thumbnailUrl\":\"https:\\\/\\\/rafaramirez.org\\\/blog\\\/wp-content\\\/uploads\\\/2026\\\/08\\\/Dia-mundial-de-la-fotografia-2026_bannerlog.jpg\",\"datePublished\":\"2026-08-19T06:00:42+00:00\",\"description\":\"El D\u00eda Mundial de la Fotograf\u00eda, que se celebra cada 19 de agosto, honra el nacimiento oficial de la fotograf\u00eda como pr\u00e1ctica accesible para\",\"breadcrumb\":{\"@id\":\"https:\\\/\\\/rafaramirez.org\\\/blog\\\/index.php\\\/2026\\\/08\\\/19\\\/dia-mundial-de-la-fotografia-2026\\\/#breadcrumb\"},\"inLanguage\":\"es\",\"potentialAction\":[{\"@type\":\"ReadAction\",\"target\":[\"https:\\\/\\\/rafaramirez.org\\\/blog\\\/index.php\\\/2026\\\/08\\\/19\\\/dia-mundial-de-la-fotografia-2026\\\/\"]}]},{\"@type\":\"ImageObject\",\"inLanguage\":\"es\",\"@id\":\"https:\\\/\\\/rafaramirez.org\\\/blog\\\/index.php\\\/2026\\\/08\\\/19\\\/dia-mundial-de-la-fotografia-2026\\\/#primaryimage\",\"url\":\"https:\\\/\\\/rafaramirez.org\\\/blog\\\/wp-content\\\/uploads\\\/2026\\\/08\\\/Dia-mundial-de-la-fotografia-2026_bannerlog.jpg\",\"contentUrl\":\"https:\\\/\\\/rafaramirez.org\\\/blog\\\/wp-content\\\/uploads\\\/2026\\\/08\\\/Dia-mundial-de-la-fotografia-2026_bannerlog.jpg\",\"width\":720,\"height\":440,\"caption\":\"D\u00eda Mundial de la Fotograf\u00eda 2026: 187 a\u00f1os de luz y revelaci\u00f3n. Blog de Rafael Ram\u00edrez.\"},{\"@type\":\"BreadcrumbList\",\"@id\":\"https:\\\/\\\/rafaramirez.org\\\/blog\\\/index.php\\\/2026\\\/08\\\/19\\\/dia-mundial-de-la-fotografia-2026\\\/#breadcrumb\",\"itemListElement\":[{\"@type\":\"ListItem\",\"position\":1,\"name\":\"Portada\",\"item\":\"https:\\\/\\\/rafaramirez.org\\\/blog\\\/\"},{\"@type\":\"ListItem\",\"position\":2,\"name\":\"D\u00eda Mundial de la Fotograf\u00eda 2026: 187 a\u00f1os de luz y revelaci\u00f3n.\"}]},{\"@type\":\"WebSite\",\"@id\":\"https:\\\/\\\/rafaramirez.org\\\/blog\\\/#website\",\"url\":\"https:\\\/\\\/rafaramirez.org\\\/blog\\\/\",\"name\":\"Blog de Rafael Ram\u00edrez\",\"description\":\"Un sitio social, de arte y cultura\",\"publisher\":{\"@id\":\"https:\\\/\\\/rafaramirez.org\\\/blog\\\/#\\\/schema\\\/person\\\/50f43b6d60c578760d4c17bda54ab6a5\"},\"potentialAction\":[{\"@type\":\"SearchAction\",\"target\":{\"@type\":\"EntryPoint\",\"urlTemplate\":\"https:\\\/\\\/rafaramirez.org\\\/blog\\\/?s={search_term_string}\"},\"query-input\":{\"@type\":\"PropertyValueSpecification\",\"valueRequired\":true,\"valueName\":\"search_term_string\"}}],\"inLanguage\":\"es\"},{\"@type\":[\"Person\",\"Organization\"],\"@id\":\"https:\\\/\\\/rafaramirez.org\\\/blog\\\/#\\\/schema\\\/person\\\/50f43b6d60c578760d4c17bda54ab6a5\",\"name\":\"Rafael Ram\u00edrez\",\"image\":{\"@type\":\"ImageObject\",\"inLanguage\":\"es\",\"@id\":\"https:\\\/\\\/rafaramirez.org\\\/blog\\\/wp-content\\\/uploads\\\/2024\\\/09\\\/RR_socialnetwork.jpg\",\"url\":\"https:\\\/\\\/rafaramirez.org\\\/blog\\\/wp-content\\\/uploads\\\/2024\\\/09\\\/RR_socialnetwork.jpg\",\"contentUrl\":\"https:\\\/\\\/rafaramirez.org\\\/blog\\\/wp-content\\\/uploads\\\/2024\\\/09\\\/RR_socialnetwork.jpg\",\"width\":600,\"height\":606,\"caption\":\"Rafael Ram\u00edrez\"},\"logo\":{\"@id\":\"https:\\\/\\\/rafaramirez.org\\\/blog\\\/wp-content\\\/uploads\\\/2024\\\/09\\\/RR_socialnetwork.jpg\"},\"sameAs\":[\"https:\\\/\\\/www.rafaramirez.org\\\/blog\",\"https:\\\/\\\/www.instagram.com\\\/rafaramirez_ok\\\/\",\"https:\\\/\\\/es.pinterest.com\\\/Ramirez_Rafa\\\/\",\"https:\\\/\\\/x.com\\\/rafaramirez_ok\"],\"url\":\"https:\\\/\\\/rafaramirez.org\\\/blog\\\/index.php\\\/author\\\/rafaell_qm6j97da\\\/\"}]}<\/script>\n<!-- \/ Yoast SEO plugin. -->","yoast_head_json":{"title":"D\u00eda Mundial de la Fotograf\u00eda 2026: 187 a\u00f1os de luz y revelaci\u00f3n. - Blog de Rafael Ram\u00edrez","description":"El D\u00eda Mundial de la Fotograf\u00eda, que se celebra cada 19 de agosto, honra el nacimiento oficial de la fotograf\u00eda como pr\u00e1ctica accesible para","robots":{"index":"index","follow":"follow","max-snippet":"max-snippet:-1","max-image-preview":"max-image-preview:large","max-video-preview":"max-video-preview:-1"},"canonical":"https:\/\/rafaramirez.org\/blog\/index.php\/2026\/08\/19\/dia-mundial-de-la-fotografia-2026\/","og_locale":"es_ES","og_type":"article","og_title":"D\u00eda Mundial de la Fotograf\u00eda 2026: 187 a\u00f1os de luz y revelaci\u00f3n. - Blog de Rafael Ram\u00edrez","og_description":"El D\u00eda Mundial de la Fotograf\u00eda, que se celebra cada 19 de agosto, honra el nacimiento oficial de la fotograf\u00eda como pr\u00e1ctica accesible para","og_url":"https:\/\/rafaramirez.org\/blog\/index.php\/2026\/08\/19\/dia-mundial-de-la-fotografia-2026\/","og_site_name":"Blog de Rafael Ram\u00edrez","article_published_time":"2026-08-19T06:00:42+00:00","og_image":[{"width":720,"height":440,"url":"https:\/\/rafaramirez.org\/blog\/wp-content\/uploads\/2026\/08\/Dia-mundial-de-la-fotografia-2026_bannerlog.jpg","type":"image\/jpeg"}],"author":"Rafael Ram\u00edrez","twitter_card":"summary_large_image","twitter_creator":"@rafaramirez_ok","twitter_site":"@rafaramirez_ok","twitter_misc":{"Escrito por":"Rafael Ram\u00edrez","Tiempo de lectura":"6 minutos"},"schema":{"@context":"https:\/\/schema.org","@graph":[{"@type":"Article","@id":"https:\/\/rafaramirez.org\/blog\/index.php\/2026\/08\/19\/dia-mundial-de-la-fotografia-2026\/#article","isPartOf":{"@id":"https:\/\/rafaramirez.org\/blog\/index.php\/2026\/08\/19\/dia-mundial-de-la-fotografia-2026\/"},"author":{"name":"Rafael Ram\u00edrez","@id":"https:\/\/rafaramirez.org\/blog\/#\/schema\/person\/50f43b6d60c578760d4c17bda54ab6a5"},"headline":"D\u00eda Mundial de la Fotograf\u00eda 2026: 187 a\u00f1os de luz y revelaci\u00f3n.","datePublished":"2026-08-19T06:00:42+00:00","mainEntityOfPage":{"@id":"https:\/\/rafaramirez.org\/blog\/index.php\/2026\/08\/19\/dia-mundial-de-la-fotografia-2026\/"},"wordCount":1164,"commentCount":0,"publisher":{"@id":"https:\/\/rafaramirez.org\/blog\/#\/schema\/person\/50f43b6d60c578760d4c17bda54ab6a5"},"image":{"@id":"https:\/\/rafaramirez.org\/blog\/index.php\/2026\/08\/19\/dia-mundial-de-la-fotografia-2026\/#primaryimage"},"thumbnailUrl":"https:\/\/rafaramirez.org\/blog\/wp-content\/uploads\/2026\/08\/Dia-mundial-de-la-fotografia-2026_bannerlog.jpg","keywords":["D\u00eda Mundial de la Fotograf\u00eda","efem\u00e9rides","efem\u00e9rides de 2026","efem\u00e9rides de agosto","efem\u00e9rides del 19 de agosto","historia de la fotograf\u00eda"],"articleSection":["Efem\u00e9rides","Fotograf\u00eda &amp; Arte digital"],"inLanguage":"es","potentialAction":[{"@type":"CommentAction","name":"Comment","target":["https:\/\/rafaramirez.org\/blog\/index.php\/2026\/08\/19\/dia-mundial-de-la-fotografia-2026\/#respond"]}]},{"@type":"WebPage","@id":"https:\/\/rafaramirez.org\/blog\/index.php\/2026\/08\/19\/dia-mundial-de-la-fotografia-2026\/","url":"https:\/\/rafaramirez.org\/blog\/index.php\/2026\/08\/19\/dia-mundial-de-la-fotografia-2026\/","name":"D\u00eda Mundial de la Fotograf\u00eda 2026: 187 a\u00f1os de luz y revelaci\u00f3n. - Blog de Rafael Ram\u00edrez","isPartOf":{"@id":"https:\/\/rafaramirez.org\/blog\/#website"},"primaryImageOfPage":{"@id":"https:\/\/rafaramirez.org\/blog\/index.php\/2026\/08\/19\/dia-mundial-de-la-fotografia-2026\/#primaryimage"},"image":{"@id":"https:\/\/rafaramirez.org\/blog\/index.php\/2026\/08\/19\/dia-mundial-de-la-fotografia-2026\/#primaryimage"},"thumbnailUrl":"https:\/\/rafaramirez.org\/blog\/wp-content\/uploads\/2026\/08\/Dia-mundial-de-la-fotografia-2026_bannerlog.jpg","datePublished":"2026-08-19T06:00:42+00:00","description":"El D\u00eda Mundial de la Fotograf\u00eda, que se celebra cada 19 de agosto, honra el nacimiento oficial de la fotograf\u00eda como pr\u00e1ctica accesible para","breadcrumb":{"@id":"https:\/\/rafaramirez.org\/blog\/index.php\/2026\/08\/19\/dia-mundial-de-la-fotografia-2026\/#breadcrumb"},"inLanguage":"es","potentialAction":[{"@type":"ReadAction","target":["https:\/\/rafaramirez.org\/blog\/index.php\/2026\/08\/19\/dia-mundial-de-la-fotografia-2026\/"]}]},{"@type":"ImageObject","inLanguage":"es","@id":"https:\/\/rafaramirez.org\/blog\/index.php\/2026\/08\/19\/dia-mundial-de-la-fotografia-2026\/#primaryimage","url":"https:\/\/rafaramirez.org\/blog\/wp-content\/uploads\/2026\/08\/Dia-mundial-de-la-fotografia-2026_bannerlog.jpg","contentUrl":"https:\/\/rafaramirez.org\/blog\/wp-content\/uploads\/2026\/08\/Dia-mundial-de-la-fotografia-2026_bannerlog.jpg","width":720,"height":440,"caption":"D\u00eda Mundial de la Fotograf\u00eda 2026: 187 a\u00f1os de luz y revelaci\u00f3n. Blog de Rafael Ram\u00edrez."},{"@type":"BreadcrumbList","@id":"https:\/\/rafaramirez.org\/blog\/index.php\/2026\/08\/19\/dia-mundial-de-la-fotografia-2026\/#breadcrumb","itemListElement":[{"@type":"ListItem","position":1,"name":"Portada","item":"https:\/\/rafaramirez.org\/blog\/"},{"@type":"ListItem","position":2,"name":"D\u00eda Mundial de la Fotograf\u00eda 2026: 187 a\u00f1os de luz y revelaci\u00f3n."}]},{"@type":"WebSite","@id":"https:\/\/rafaramirez.org\/blog\/#website","url":"https:\/\/rafaramirez.org\/blog\/","name":"Blog de Rafael Ram\u00edrez","description":"Un sitio social, de arte y cultura","publisher":{"@id":"https:\/\/rafaramirez.org\/blog\/#\/schema\/person\/50f43b6d60c578760d4c17bda54ab6a5"},"potentialAction":[{"@type":"SearchAction","target":{"@type":"EntryPoint","urlTemplate":"https:\/\/rafaramirez.org\/blog\/?s={search_term_string}"},"query-input":{"@type":"PropertyValueSpecification","valueRequired":true,"valueName":"search_term_string"}}],"inLanguage":"es"},{"@type":["Person","Organization"],"@id":"https:\/\/rafaramirez.org\/blog\/#\/schema\/person\/50f43b6d60c578760d4c17bda54ab6a5","name":"Rafael Ram\u00edrez","image":{"@type":"ImageObject","inLanguage":"es","@id":"https:\/\/rafaramirez.org\/blog\/wp-content\/uploads\/2024\/09\/RR_socialnetwork.jpg","url":"https:\/\/rafaramirez.org\/blog\/wp-content\/uploads\/2024\/09\/RR_socialnetwork.jpg","contentUrl":"https:\/\/rafaramirez.org\/blog\/wp-content\/uploads\/2024\/09\/RR_socialnetwork.jpg","width":600,"height":606,"caption":"Rafael Ram\u00edrez"},"logo":{"@id":"https:\/\/rafaramirez.org\/blog\/wp-content\/uploads\/2024\/09\/RR_socialnetwork.jpg"},"sameAs":["https:\/\/www.rafaramirez.org\/blog","https:\/\/www.instagram.com\/rafaramirez_ok\/","https:\/\/es.pinterest.com\/Ramirez_Rafa\/","https:\/\/x.com\/rafaramirez_ok"],"url":"https:\/\/rafaramirez.org\/blog\/index.php\/author\/rafaell_qm6j97da\/"}]}},"jetpack_publicize_connections":[],"jetpack_sharing_enabled":true,"jetpack_likes_enabled":true,"jetpack_featured_media_url":"https:\/\/rafaramirez.org\/blog\/wp-content\/uploads\/2026\/08\/Dia-mundial-de-la-fotografia-2026_bannerlog.jpg","_links":{"self":[{"href":"https:\/\/rafaramirez.org\/blog\/index.php\/wp-json\/wp\/v2\/posts\/13589","targetHints":{"allow":["GET"]}}],"collection":[{"href":"https:\/\/rafaramirez.org\/blog\/index.php\/wp-json\/wp\/v2\/posts"}],"about":[{"href":"https:\/\/rafaramirez.org\/blog\/index.php\/wp-json\/wp\/v2\/types\/post"}],"author":[{"embeddable":true,"href":"https:\/\/rafaramirez.org\/blog\/index.php\/wp-json\/wp\/v2\/users\/1"}],"replies":[{"embeddable":true,"href":"https:\/\/rafaramirez.org\/blog\/index.php\/wp-json\/wp\/v2\/comments?post=13589"}],"version-history":[{"count":4,"href":"https:\/\/rafaramirez.org\/blog\/index.php\/wp-json\/wp\/v2\/posts\/13589\/revisions"}],"predecessor-version":[{"id":13594,"href":"https:\/\/rafaramirez.org\/blog\/index.php\/wp-json\/wp\/v2\/posts\/13589\/revisions\/13594"}],"wp:featuredmedia":[{"embeddable":true,"href":"https:\/\/rafaramirez.org\/blog\/index.php\/wp-json\/wp\/v2\/media\/13591"}],"wp:attachment":[{"href":"https:\/\/rafaramirez.org\/blog\/index.php\/wp-json\/wp\/v2\/media?parent=13589"}],"wp:term":[{"taxonomy":"category","embeddable":true,"href":"https:\/\/rafaramirez.org\/blog\/index.php\/wp-json\/wp\/v2\/categories?post=13589"},{"taxonomy":"post_tag","embeddable":true,"href":"https:\/\/rafaramirez.org\/blog\/index.php\/wp-json\/wp\/v2\/tags?post=13589"}],"curies":[{"name":"wp","href":"https:\/\/api.w.org\/{rel}","templated":true}]}}