{"id":1261,"date":"2011-04-27T23:52:17","date_gmt":"2011-04-27T21:52:17","guid":{"rendered":"http:\/\/rafaelramirez.co.cc\/?p=1089"},"modified":"2024-03-11T19:40:18","modified_gmt":"2024-03-11T18:40:18","slug":"dia-internacional-del-libro-shakespeare-y-cervantes-murieron-el-mismo-dia","status":"publish","type":"post","link":"https:\/\/rafaramirez.org\/blog\/index.php\/2011\/04\/27\/dia-internacional-del-libro-shakespeare-y-cervantes-murieron-el-mismo-dia\/","title":{"rendered":"D\u00eda internacional del libro: Shakespeare y Cervantes murieron el mismo dia de 1616&#8230;"},"content":{"rendered":"<p>No exactamente. Pero de ah\u00ed es que se conmemora el D\u00eda Internacional del Libro.<\/p>\n<p>Les explico, seg\u00fan el calendario vigente en\u00a01616\u00a0en ambos pa\u00edses, Inglaterra y Espa\u00f1a, ambos escritores, <a href=\"http:\/\/es.wikipedia.org\/wiki\/Miguel_de_Cervantes\" target=\"_blank\" rel=\"noopener noreferrer\">Cervantes<\/a> y <a href=\"http:\/\/es.wikipedia.org\/wiki\/William_Shakespeare\" target=\"_blank\" rel=\"noopener noreferrer\">Shakespeare<\/a>,\u00a0murieron un\u00a023\u00a0 de abril del citado a\u00f1o.<\/p>\n<p>La historia es que en 1582, el <a href=\"http:\/\/es.wikipedia.org\/wiki\/Gregorio_XII\" target=\"_blank\" rel=\"noopener noreferrer\">Papa Gregorio XII <\/a>adelant\u00f3 10 d\u00edas el calendario, de modo que el d\u00eda 5 de octubre pas\u00f3 a ser el 15 del mismo mes. Francia, Italia y Espa\u00f1a adoptaron inmediatamente este cambio pero\u00a0Inglaterra no lo hizo hasta 1752. As\u00ed que para los ingleses, <a href=\"http:\/\/es.wikipedia.org\/wiki\/William_Shakespeare\" target=\"_blank\" rel=\"noopener noreferrer\">Shakespeare <\/a>muri\u00f3 el 23 de abril, pero para\u00a0estos tres pa\u00edses el \u00f3bito\u00a0ocurri\u00f3 el 3 de mayo. Cuando en 1752 Inglaterra decidi\u00f3 adaptar su calendario al cat\u00f3lico pas\u00f3 directamente del 3 al 14 de septiembre corrigiendo el desfase entre ambos por lo que las dos fechas de fallecimiento de estos grand\u00edsimos escritores fueron la misma.<\/p>\n<p style=\"text-align: center;\"><a href=\"https:\/\/rafaramirez.org\/blog\/wp-content\/uploads\/2011\/04\/quijote-hamlet.jpg\"><img loading=\"lazy\" decoding=\"async\" class=\"alignnone size-full wp-image-2580\" src=\"https:\/\/rafaramirez.org\/blog\/wp-content\/uploads\/2011\/04\/quijote-hamlet.jpg\" alt=\"\" width=\"500\" height=\"393\" srcset=\"https:\/\/rafaramirez.org\/blog\/wp-content\/uploads\/2011\/04\/quijote-hamlet.jpg 500w, https:\/\/rafaramirez.org\/blog\/wp-content\/uploads\/2011\/04\/quijote-hamlet-300x236.jpg 300w\" sizes=\"auto, (max-width: 500px) 100vw, 500px\" \/><\/a><\/p>\n","protected":false},"excerpt":{"rendered":"<p>No exactamente. Pero de ah\u00ed es que se conmemora el D\u00eda Internacional del Libro. Les explico, seg\u00fan el calendario vigente en\u00a01616\u00a0en ambos pa\u00edses, Inglaterra y Espa\u00f1a, ambos escritores, Cervantes y Shakespeare,\u00a0murieron un\u00a023\u00a0 de abril del citado a\u00f1o. La historia es que en 1582, el Papa Gregorio XII adelant\u00f3 10 d\u00edas el calendario, de modo que [&hellip;]<\/p>\n","protected":false},"author":1,"featured_media":2577,"comment_status":"open","ping_status":"closed","sticky":false,"template":"","format":"standard","meta":{"site-container-style":"default","site-container-layout":"default","site-sidebar-layout":"default","disable-article-header":"default","disable-site-header":"default","disable-site-footer":"default","disable-content-area-spacing":"default","_jetpack_newsletter_access":"","_jetpack_dont_email_post_to_subs":false,"_jetpack_newsletter_tier_id":0,"_jetpack_memberships_contains_paywalled_content":false,"_jetpack_feature_clip_id":0,"_jetpack_memberships_contains_paid_content":false,"footnotes":"","jetpack_publicize_message":"","jetpack_publicize_feature_enabled":true,"jetpack_social_post_already_shared":true,"jetpack_social_options":{"image_generator_settings":{"template":"highway","default_image_id":0,"font":"","enabled":false},"version":2},"jetpack_post_was_ever_published":false},"categories":[710],"tags":[589,592,325,591,590],"class_list":["post-1261","post","type-post","status-publish","format-standard","has-post-thumbnail","hentry","category-literatura","tag-cervantes","tag-dia-del-libro","tag-noticias-culturales","tag-papa-gregorio-12","tag-shakespeare"],"yoast_head":"<!-- This site is optimized with the Yoast SEO plugin v28.4 - https:\/\/yoast.com\/product\/yoast-seo-wordpress\/ -->\n<title>D\u00eda internacional del libro: Shakespeare y Cervantes murieron el mismo dia de 1616... - Blog de Rafael Ram\u00edrez<\/title>\n<meta name=\"robots\" content=\"index, follow, max-snippet:-1, max-image-preview:large, max-video-preview:-1\" \/>\n<link rel=\"canonical\" href=\"https:\/\/rafaramirez.org\/blog\/index.php\/2011\/04\/27\/dia-internacional-del-libro-shakespeare-y-cervantes-murieron-el-mismo-dia\/\" \/>\n<meta property=\"og:locale\" content=\"es_ES\" \/>\n<meta property=\"og:type\" content=\"article\" \/>\n<meta property=\"og:title\" content=\"D\u00eda internacional del libro: Shakespeare y Cervantes murieron el mismo dia de 1616... - Blog de Rafael Ram\u00edrez\" \/>\n<meta property=\"og:description\" content=\"No exactamente. Pero de ah\u00ed es que se conmemora el D\u00eda Internacional del Libro. Les explico, seg\u00fan el calendario vigente en\u00a01616\u00a0en ambos pa\u00edses, Inglaterra y Espa\u00f1a, ambos escritores, Cervantes y Shakespeare,\u00a0murieron un\u00a023\u00a0 de abril del citado a\u00f1o. La historia es que en 1582, el Papa Gregorio XII adelant\u00f3 10 d\u00edas el calendario, de modo que [&hellip;]\" \/>\n<meta property=\"og:url\" content=\"https:\/\/rafaramirez.org\/blog\/index.php\/2011\/04\/27\/dia-internacional-del-libro-shakespeare-y-cervantes-murieron-el-mismo-dia\/\" \/>\n<meta property=\"og:site_name\" content=\"Blog de Rafael Ram\u00edrez\" \/>\n<meta property=\"article:published_time\" content=\"2011-04-27T21:52:17+00:00\" \/>\n<meta property=\"article:modified_time\" content=\"2024-03-11T18:40:18+00:00\" \/>\n<meta property=\"og:image\" content=\"https:\/\/rafaramirez.org\/blog\/wp-content\/uploads\/2011\/04\/cervantes-shakespeare.jpg\" \/>\n\t<meta property=\"og:image:width\" content=\"700\" \/>\n\t<meta property=\"og:image:height\" content=\"465\" \/>\n\t<meta property=\"og:image:type\" content=\"image\/jpeg\" \/>\n<meta name=\"author\" content=\"Rafael Ram\u00edrez\" \/>\n<meta name=\"twitter:card\" content=\"summary_large_image\" \/>\n<meta name=\"twitter:creator\" content=\"@rafaramirez_ok\" \/>\n<meta name=\"twitter:site\" content=\"@rafaramirez_ok\" \/>\n<meta name=\"twitter:label1\" content=\"Escrito por\" \/>\n\t<meta name=\"twitter:data1\" content=\"Rafael Ram\u00edrez\" \/>\n\t<meta name=\"twitter:label2\" content=\"Tiempo de lectura\" \/>\n\t<meta name=\"twitter:data2\" content=\"1 minuto\" \/>\n<script type=\"application\/ld+json\" class=\"yoast-schema-graph\">{\"@context\":\"https:\\\/\\\/schema.org\",\"@graph\":[{\"@type\":\"Article\",\"@id\":\"https:\\\/\\\/rafaramirez.org\\\/blog\\\/index.php\\\/2011\\\/04\\\/27\\\/dia-internacional-del-libro-shakespeare-y-cervantes-murieron-el-mismo-dia\\\/#article\",\"isPartOf\":{\"@id\":\"https:\\\/\\\/rafaramirez.org\\\/blog\\\/index.php\\\/2011\\\/04\\\/27\\\/dia-internacional-del-libro-shakespeare-y-cervantes-murieron-el-mismo-dia\\\/\"},\"author\":{\"name\":\"Rafael Ram\u00edrez\",\"@id\":\"https:\\\/\\\/rafaramirez.org\\\/blog\\\/#\\\/schema\\\/person\\\/50f43b6d60c578760d4c17bda54ab6a5\"},\"headline\":\"D\u00eda internacional del libro: Shakespeare y Cervantes murieron el mismo dia de 1616&#8230;\",\"datePublished\":\"2011-04-27T21:52:17+00:00\",\"dateModified\":\"2024-03-11T18:40:18+00:00\",\"mainEntityOfPage\":{\"@id\":\"https:\\\/\\\/rafaramirez.org\\\/blog\\\/index.php\\\/2011\\\/04\\\/27\\\/dia-internacional-del-libro-shakespeare-y-cervantes-murieron-el-mismo-dia\\\/\"},\"wordCount\":160,\"commentCount\":4,\"publisher\":{\"@id\":\"https:\\\/\\\/rafaramirez.org\\\/blog\\\/#\\\/schema\\\/person\\\/50f43b6d60c578760d4c17bda54ab6a5\"},\"image\":{\"@id\":\"https:\\\/\\\/rafaramirez.org\\\/blog\\\/index.php\\\/2011\\\/04\\\/27\\\/dia-internacional-del-libro-shakespeare-y-cervantes-murieron-el-mismo-dia\\\/#primaryimage\"},\"thumbnailUrl\":\"https:\\\/\\\/rafaramirez.org\\\/blog\\\/wp-content\\\/uploads\\\/2011\\\/04\\\/cervantes-shakespeare.jpg\",\"keywords\":[\"Cervantes\",\"d\u00eda del libro\",\"noticias culturales\",\"Papa Gregorio 12\",\"Shakespeare\"],\"articleSection\":[\"Literatura\"],\"inLanguage\":\"es\",\"potentialAction\":[{\"@type\":\"CommentAction\",\"name\":\"Comment\",\"target\":[\"https:\\\/\\\/rafaramirez.org\\\/blog\\\/index.php\\\/2011\\\/04\\\/27\\\/dia-internacional-del-libro-shakespeare-y-cervantes-murieron-el-mismo-dia\\\/#respond\"]}]},{\"@type\":\"WebPage\",\"@id\":\"https:\\\/\\\/rafaramirez.org\\\/blog\\\/index.php\\\/2011\\\/04\\\/27\\\/dia-internacional-del-libro-shakespeare-y-cervantes-murieron-el-mismo-dia\\\/\",\"url\":\"https:\\\/\\\/rafaramirez.org\\\/blog\\\/index.php\\\/2011\\\/04\\\/27\\\/dia-internacional-del-libro-shakespeare-y-cervantes-murieron-el-mismo-dia\\\/\",\"name\":\"D\u00eda internacional del libro: Shakespeare y Cervantes murieron el mismo dia de 1616... - Blog de Rafael Ram\u00edrez\",\"isPartOf\":{\"@id\":\"https:\\\/\\\/rafaramirez.org\\\/blog\\\/#website\"},\"primaryImageOfPage\":{\"@id\":\"https:\\\/\\\/rafaramirez.org\\\/blog\\\/index.php\\\/2011\\\/04\\\/27\\\/dia-internacional-del-libro-shakespeare-y-cervantes-murieron-el-mismo-dia\\\/#primaryimage\"},\"image\":{\"@id\":\"https:\\\/\\\/rafaramirez.org\\\/blog\\\/index.php\\\/2011\\\/04\\\/27\\\/dia-internacional-del-libro-shakespeare-y-cervantes-murieron-el-mismo-dia\\\/#primaryimage\"},\"thumbnailUrl\":\"https:\\\/\\\/rafaramirez.org\\\/blog\\\/wp-content\\\/uploads\\\/2011\\\/04\\\/cervantes-shakespeare.jpg\",\"datePublished\":\"2011-04-27T21:52:17+00:00\",\"dateModified\":\"2024-03-11T18:40:18+00:00\",\"breadcrumb\":{\"@id\":\"https:\\\/\\\/rafaramirez.org\\\/blog\\\/index.php\\\/2011\\\/04\\\/27\\\/dia-internacional-del-libro-shakespeare-y-cervantes-murieron-el-mismo-dia\\\/#breadcrumb\"},\"inLanguage\":\"es\",\"potentialAction\":[{\"@type\":\"ReadAction\",\"target\":[\"https:\\\/\\\/rafaramirez.org\\\/blog\\\/index.php\\\/2011\\\/04\\\/27\\\/dia-internacional-del-libro-shakespeare-y-cervantes-murieron-el-mismo-dia\\\/\"]}]},{\"@type\":\"ImageObject\",\"inLanguage\":\"es\",\"@id\":\"https:\\\/\\\/rafaramirez.org\\\/blog\\\/index.php\\\/2011\\\/04\\\/27\\\/dia-internacional-del-libro-shakespeare-y-cervantes-murieron-el-mismo-dia\\\/#primaryimage\",\"url\":\"https:\\\/\\\/rafaramirez.org\\\/blog\\\/wp-content\\\/uploads\\\/2011\\\/04\\\/cervantes-shakespeare.jpg\",\"contentUrl\":\"https:\\\/\\\/rafaramirez.org\\\/blog\\\/wp-content\\\/uploads\\\/2011\\\/04\\\/cervantes-shakespeare.jpg\",\"width\":700,\"height\":465},{\"@type\":\"BreadcrumbList\",\"@id\":\"https:\\\/\\\/rafaramirez.org\\\/blog\\\/index.php\\\/2011\\\/04\\\/27\\\/dia-internacional-del-libro-shakespeare-y-cervantes-murieron-el-mismo-dia\\\/#breadcrumb\",\"itemListElement\":[{\"@type\":\"ListItem\",\"position\":1,\"name\":\"Portada\",\"item\":\"https:\\\/\\\/rafaramirez.org\\\/blog\\\/\"},{\"@type\":\"ListItem\",\"position\":2,\"name\":\"D\u00eda internacional del libro: Shakespeare y Cervantes murieron el mismo dia de 1616&#8230;\"}]},{\"@type\":\"WebSite\",\"@id\":\"https:\\\/\\\/rafaramirez.org\\\/blog\\\/#website\",\"url\":\"https:\\\/\\\/rafaramirez.org\\\/blog\\\/\",\"name\":\"Blog de Rafael Ram\u00edrez\",\"description\":\"Un sitio social, de arte y cultura\",\"publisher\":{\"@id\":\"https:\\\/\\\/rafaramirez.org\\\/blog\\\/#\\\/schema\\\/person\\\/50f43b6d60c578760d4c17bda54ab6a5\"},\"potentialAction\":[{\"@type\":\"SearchAction\",\"target\":{\"@type\":\"EntryPoint\",\"urlTemplate\":\"https:\\\/\\\/rafaramirez.org\\\/blog\\\/?s={search_term_string}\"},\"query-input\":{\"@type\":\"PropertyValueSpecification\",\"valueRequired\":true,\"valueName\":\"search_term_string\"}}],\"inLanguage\":\"es\"},{\"@type\":[\"Person\",\"Organization\"],\"@id\":\"https:\\\/\\\/rafaramirez.org\\\/blog\\\/#\\\/schema\\\/person\\\/50f43b6d60c578760d4c17bda54ab6a5\",\"name\":\"Rafael Ram\u00edrez\",\"image\":{\"@type\":\"ImageObject\",\"inLanguage\":\"es\",\"@id\":\"https:\\\/\\\/rafaramirez.org\\\/blog\\\/wp-content\\\/uploads\\\/2024\\\/09\\\/RR_socialnetwork.jpg\",\"url\":\"https:\\\/\\\/rafaramirez.org\\\/blog\\\/wp-content\\\/uploads\\\/2024\\\/09\\\/RR_socialnetwork.jpg\",\"contentUrl\":\"https:\\\/\\\/rafaramirez.org\\\/blog\\\/wp-content\\\/uploads\\\/2024\\\/09\\\/RR_socialnetwork.jpg\",\"width\":600,\"height\":606,\"caption\":\"Rafael Ram\u00edrez\"},\"logo\":{\"@id\":\"https:\\\/\\\/rafaramirez.org\\\/blog\\\/wp-content\\\/uploads\\\/2024\\\/09\\\/RR_socialnetwork.jpg\"},\"sameAs\":[\"https:\\\/\\\/www.rafaramirez.org\\\/blog\",\"https:\\\/\\\/www.instagram.com\\\/rafaramirez_ok\\\/\",\"https:\\\/\\\/es.pinterest.com\\\/Ramirez_Rafa\\\/\",\"https:\\\/\\\/x.com\\\/rafaramirez_ok\"],\"url\":\"https:\\\/\\\/rafaramirez.org\\\/blog\\\/index.php\\\/author\\\/rafaell_qm6j97da\\\/\"}]}<\/script>\n<!-- \/ Yoast SEO plugin. -->","yoast_head_json":{"title":"D\u00eda internacional del libro: Shakespeare y Cervantes murieron el mismo dia de 1616... - Blog de Rafael Ram\u00edrez","robots":{"index":"index","follow":"follow","max-snippet":"max-snippet:-1","max-image-preview":"max-image-preview:large","max-video-preview":"max-video-preview:-1"},"canonical":"https:\/\/rafaramirez.org\/blog\/index.php\/2011\/04\/27\/dia-internacional-del-libro-shakespeare-y-cervantes-murieron-el-mismo-dia\/","og_locale":"es_ES","og_type":"article","og_title":"D\u00eda internacional del libro: Shakespeare y Cervantes murieron el mismo dia de 1616... - Blog de Rafael Ram\u00edrez","og_description":"No exactamente. Pero de ah\u00ed es que se conmemora el D\u00eda Internacional del Libro. Les explico, seg\u00fan el calendario vigente en\u00a01616\u00a0en ambos pa\u00edses, Inglaterra y Espa\u00f1a, ambos escritores, Cervantes y Shakespeare,\u00a0murieron un\u00a023\u00a0 de abril del citado a\u00f1o. La historia es que en 1582, el Papa Gregorio XII adelant\u00f3 10 d\u00edas el calendario, de modo que [&hellip;]","og_url":"https:\/\/rafaramirez.org\/blog\/index.php\/2011\/04\/27\/dia-internacional-del-libro-shakespeare-y-cervantes-murieron-el-mismo-dia\/","og_site_name":"Blog de Rafael Ram\u00edrez","article_published_time":"2011-04-27T21:52:17+00:00","article_modified_time":"2024-03-11T18:40:18+00:00","og_image":[{"width":700,"height":465,"url":"https:\/\/rafaramirez.org\/blog\/wp-content\/uploads\/2011\/04\/cervantes-shakespeare.jpg","type":"image\/jpeg"}],"author":"Rafael Ram\u00edrez","twitter_card":"summary_large_image","twitter_creator":"@rafaramirez_ok","twitter_site":"@rafaramirez_ok","twitter_misc":{"Escrito por":"Rafael Ram\u00edrez","Tiempo de lectura":"1 minuto"},"schema":{"@context":"https:\/\/schema.org","@graph":[{"@type":"Article","@id":"https:\/\/rafaramirez.org\/blog\/index.php\/2011\/04\/27\/dia-internacional-del-libro-shakespeare-y-cervantes-murieron-el-mismo-dia\/#article","isPartOf":{"@id":"https:\/\/rafaramirez.org\/blog\/index.php\/2011\/04\/27\/dia-internacional-del-libro-shakespeare-y-cervantes-murieron-el-mismo-dia\/"},"author":{"name":"Rafael Ram\u00edrez","@id":"https:\/\/rafaramirez.org\/blog\/#\/schema\/person\/50f43b6d60c578760d4c17bda54ab6a5"},"headline":"D\u00eda internacional del libro: Shakespeare y Cervantes murieron el mismo dia de 1616&#8230;","datePublished":"2011-04-27T21:52:17+00:00","dateModified":"2024-03-11T18:40:18+00:00","mainEntityOfPage":{"@id":"https:\/\/rafaramirez.org\/blog\/index.php\/2011\/04\/27\/dia-internacional-del-libro-shakespeare-y-cervantes-murieron-el-mismo-dia\/"},"wordCount":160,"commentCount":4,"publisher":{"@id":"https:\/\/rafaramirez.org\/blog\/#\/schema\/person\/50f43b6d60c578760d4c17bda54ab6a5"},"image":{"@id":"https:\/\/rafaramirez.org\/blog\/index.php\/2011\/04\/27\/dia-internacional-del-libro-shakespeare-y-cervantes-murieron-el-mismo-dia\/#primaryimage"},"thumbnailUrl":"https:\/\/rafaramirez.org\/blog\/wp-content\/uploads\/2011\/04\/cervantes-shakespeare.jpg","keywords":["Cervantes","d\u00eda del libro","noticias culturales","Papa Gregorio 12","Shakespeare"],"articleSection":["Literatura"],"inLanguage":"es","potentialAction":[{"@type":"CommentAction","name":"Comment","target":["https:\/\/rafaramirez.org\/blog\/index.php\/2011\/04\/27\/dia-internacional-del-libro-shakespeare-y-cervantes-murieron-el-mismo-dia\/#respond"]}]},{"@type":"WebPage","@id":"https:\/\/rafaramirez.org\/blog\/index.php\/2011\/04\/27\/dia-internacional-del-libro-shakespeare-y-cervantes-murieron-el-mismo-dia\/","url":"https:\/\/rafaramirez.org\/blog\/index.php\/2011\/04\/27\/dia-internacional-del-libro-shakespeare-y-cervantes-murieron-el-mismo-dia\/","name":"D\u00eda internacional del libro: Shakespeare y Cervantes murieron el mismo dia de 1616... - Blog de Rafael Ram\u00edrez","isPartOf":{"@id":"https:\/\/rafaramirez.org\/blog\/#website"},"primaryImageOfPage":{"@id":"https:\/\/rafaramirez.org\/blog\/index.php\/2011\/04\/27\/dia-internacional-del-libro-shakespeare-y-cervantes-murieron-el-mismo-dia\/#primaryimage"},"image":{"@id":"https:\/\/rafaramirez.org\/blog\/index.php\/2011\/04\/27\/dia-internacional-del-libro-shakespeare-y-cervantes-murieron-el-mismo-dia\/#primaryimage"},"thumbnailUrl":"https:\/\/rafaramirez.org\/blog\/wp-content\/uploads\/2011\/04\/cervantes-shakespeare.jpg","datePublished":"2011-04-27T21:52:17+00:00","dateModified":"2024-03-11T18:40:18+00:00","breadcrumb":{"@id":"https:\/\/rafaramirez.org\/blog\/index.php\/2011\/04\/27\/dia-internacional-del-libro-shakespeare-y-cervantes-murieron-el-mismo-dia\/#breadcrumb"},"inLanguage":"es","potentialAction":[{"@type":"ReadAction","target":["https:\/\/rafaramirez.org\/blog\/index.php\/2011\/04\/27\/dia-internacional-del-libro-shakespeare-y-cervantes-murieron-el-mismo-dia\/"]}]},{"@type":"ImageObject","inLanguage":"es","@id":"https:\/\/rafaramirez.org\/blog\/index.php\/2011\/04\/27\/dia-internacional-del-libro-shakespeare-y-cervantes-murieron-el-mismo-dia\/#primaryimage","url":"https:\/\/rafaramirez.org\/blog\/wp-content\/uploads\/2011\/04\/cervantes-shakespeare.jpg","contentUrl":"https:\/\/rafaramirez.org\/blog\/wp-content\/uploads\/2011\/04\/cervantes-shakespeare.jpg","width":700,"height":465},{"@type":"BreadcrumbList","@id":"https:\/\/rafaramirez.org\/blog\/index.php\/2011\/04\/27\/dia-internacional-del-libro-shakespeare-y-cervantes-murieron-el-mismo-dia\/#breadcrumb","itemListElement":[{"@type":"ListItem","position":1,"name":"Portada","item":"https:\/\/rafaramirez.org\/blog\/"},{"@type":"ListItem","position":2,"name":"D\u00eda internacional del libro: Shakespeare y Cervantes murieron el mismo dia de 1616&#8230;"}]},{"@type":"WebSite","@id":"https:\/\/rafaramirez.org\/blog\/#website","url":"https:\/\/rafaramirez.org\/blog\/","name":"Blog de Rafael Ram\u00edrez","description":"Un sitio social, de arte y cultura","publisher":{"@id":"https:\/\/rafaramirez.org\/blog\/#\/schema\/person\/50f43b6d60c578760d4c17bda54ab6a5"},"potentialAction":[{"@type":"SearchAction","target":{"@type":"EntryPoint","urlTemplate":"https:\/\/rafaramirez.org\/blog\/?s={search_term_string}"},"query-input":{"@type":"PropertyValueSpecification","valueRequired":true,"valueName":"search_term_string"}}],"inLanguage":"es"},{"@type":["Person","Organization"],"@id":"https:\/\/rafaramirez.org\/blog\/#\/schema\/person\/50f43b6d60c578760d4c17bda54ab6a5","name":"Rafael Ram\u00edrez","image":{"@type":"ImageObject","inLanguage":"es","@id":"https:\/\/rafaramirez.org\/blog\/wp-content\/uploads\/2024\/09\/RR_socialnetwork.jpg","url":"https:\/\/rafaramirez.org\/blog\/wp-content\/uploads\/2024\/09\/RR_socialnetwork.jpg","contentUrl":"https:\/\/rafaramirez.org\/blog\/wp-content\/uploads\/2024\/09\/RR_socialnetwork.jpg","width":600,"height":606,"caption":"Rafael Ram\u00edrez"},"logo":{"@id":"https:\/\/rafaramirez.org\/blog\/wp-content\/uploads\/2024\/09\/RR_socialnetwork.jpg"},"sameAs":["https:\/\/www.rafaramirez.org\/blog","https:\/\/www.instagram.com\/rafaramirez_ok\/","https:\/\/es.pinterest.com\/Ramirez_Rafa\/","https:\/\/x.com\/rafaramirez_ok"],"url":"https:\/\/rafaramirez.org\/blog\/index.php\/author\/rafaell_qm6j97da\/"}]}},"jetpack_publicize_connections":[],"jetpack_sharing_enabled":true,"jetpack_likes_enabled":true,"jetpack_featured_media_url":"https:\/\/rafaramirez.org\/blog\/wp-content\/uploads\/2011\/04\/cervantes-shakespeare.jpg","_links":{"self":[{"href":"https:\/\/rafaramirez.org\/blog\/index.php\/wp-json\/wp\/v2\/posts\/1261","targetHints":{"allow":["GET"]}}],"collection":[{"href":"https:\/\/rafaramirez.org\/blog\/index.php\/wp-json\/wp\/v2\/posts"}],"about":[{"href":"https:\/\/rafaramirez.org\/blog\/index.php\/wp-json\/wp\/v2\/types\/post"}],"author":[{"embeddable":true,"href":"https:\/\/rafaramirez.org\/blog\/index.php\/wp-json\/wp\/v2\/users\/1"}],"replies":[{"embeddable":true,"href":"https:\/\/rafaramirez.org\/blog\/index.php\/wp-json\/wp\/v2\/comments?post=1261"}],"version-history":[{"count":2,"href":"https:\/\/rafaramirez.org\/blog\/index.php\/wp-json\/wp\/v2\/posts\/1261\/revisions"}],"predecessor-version":[{"id":2581,"href":"https:\/\/rafaramirez.org\/blog\/index.php\/wp-json\/wp\/v2\/posts\/1261\/revisions\/2581"}],"wp:featuredmedia":[{"embeddable":true,"href":"https:\/\/rafaramirez.org\/blog\/index.php\/wp-json\/wp\/v2\/media\/2577"}],"wp:attachment":[{"href":"https:\/\/rafaramirez.org\/blog\/index.php\/wp-json\/wp\/v2\/media?parent=1261"}],"wp:term":[{"taxonomy":"category","embeddable":true,"href":"https:\/\/rafaramirez.org\/blog\/index.php\/wp-json\/wp\/v2\/categories?post=1261"},{"taxonomy":"post_tag","embeddable":true,"href":"https:\/\/rafaramirez.org\/blog\/index.php\/wp-json\/wp\/v2\/tags?post=1261"}],"curies":[{"name":"wp","href":"https:\/\/api.w.org\/{rel}","templated":true}]}}