{"id":1257,"date":"2011-02-18T12:36:54","date_gmt":"2011-02-18T10:36:54","guid":{"rendered":"http:\/\/rafaelramirez.co.cc\/?p=1065"},"modified":"2024-04-17T10:42:24","modified_gmt":"2024-04-17T08:42:24","slug":"la-historia-de-koria","status":"publish","type":"post","link":"https:\/\/rafaramirez.org\/blog\/index.php\/2011\/02\/18\/la-historia-de-koria\/","title":{"rendered":"La historia de Koria"},"content":{"rendered":"<blockquote><p><strong>La Historia<\/strong><\/p>\n<p>Hace 10 a\u00f1os, un matrimonio de la localidad de San Miguel de Salinas (en Alicante), Jos\u00e9 Vicente Ma\u00f1ogil y Bienvenida Campillo, acogieron a una ni\u00f1a saharaui de 7 a\u00f1os de edad para pasar un mes de vacaciones en Espa\u00f1a, esta ni\u00f1a, Elkouria Badbad Hafed, a quien todos conocen por Koria en su pueblo de acogida, result\u00f3 tener anemia cr\u00f3nica y una dolencia cardiaca, por lo que pasado el mes previsto de vacaciones, para que pudiera seguir un tratamiento que no habr\u00edan podido darle en los campamentos de refugiados en los que viv\u00eda, se qued\u00f3 en Espa\u00f1a. Al parecer, los padres biol\u00f3gicos no estaban de acuerdo con esto, por lo que, dada la gravedad de la enfermedad de la ni\u00f1a la Conseller\u00eda de Bienestar Social asumi\u00f3 la tutela de \u00e9sta dejando su custodia en r\u00e9gimen de acogida a los citados padres.<\/p>\n<p>Koria lleva viviendo en Espa\u00f1a m\u00e1s de 10 a\u00f1os y en todo ese tiempo, gracias a que ha tenido unos cuidados m\u00e9dicos y una alimentaci\u00f3n adecuada ha podido hacer una vida normal; estudia 2\u00ba de bachiller y tiene intenci\u00f3n de estudiar una carrera universitaria. Pese a todo sigue necesitando cuidados m\u00e9dicos, hasta el punto de que hace dos a\u00f1os fue operada del coraz\u00f3n y debe pasar revisiones peri\u00f3dicas.<\/p>\n<p>En las pasadas Navidades, fue el deseo de la propia Koria ir a los campamentos de refugiados a visitar a su familia, no lo hab\u00eda hecho antes porque hasta ahora no hab\u00eda tenido papeles que regularan sus situaci\u00f3n en Espa\u00f1a, por lo que no hab\u00eda podido salir del pa\u00eds. Fue acompa\u00f1ada de su madre de acogida y del hijo de \u00e9sta. Cuando lleg\u00f3 el momento de volver, los padres biol\u00f3gicos junto con otros familiares la retuvieron impidi\u00e9ndole regresar a Espa\u00f1a como era su deseo, y su madre de acogida y el hijo de \u00e9sta no tuvieron m\u00e1s remedio que volver sin ella. Lo cierto es que Koria, no s\u00f3lo ha sido retenida contra su voluntad, adem\u00e1s ocurre que su salud es muy precaria y donde est\u00e1 ahora no se le pueden dar los cuidados que necesita; sus padres de acogida temen por su vida.<\/p>\n<p>Desde ese d\u00eda esta familia de acogida ha estado moviliz\u00e1ndose para que Koria pueda volver a Espa\u00f1a cuanto antes, est\u00e1n pidiendo firmas y llamando a todas las puertas que pueden para conseguir cualquier tipo de apoyo, de ayuntamientos, instituciones y cualquier organismo que pueda ayudar de cualquier forma (institucionalmente, con notas de prensa, mociones, etc&#8230;), es por ello que te pedimos que, si no lo has hecho a\u00fan, firmes el manifiesto que te presentamos en esta p\u00e1gina para que Kor\u00eda pueda regresar cuanto antes.<\/p><\/blockquote>\n<p>Este es un tema controvertido y que da pie a muchas interpretaciones, desde mi punto de vista la ni\u00f1a, obviamente, necesita de unos cuidados m\u00e9dicos y un r\u00e9gimen alimenticio adecuados. Esto dif\u00edcilmente puede ser garantizado en el campamento en el que se encuentra retenida, aparentemente, por sus padres. Ella tiene derechos a la vida y a recibir una atenci\u00f3n sanitaria adecuada, derechos que deben ser cautelados y garantizados Por otro lado est\u00e1 el derecho de la menor a vivir en un ambiente familiar, a ser posible con su familia biol\u00f3gica. Es l\u00f3gico que la ni\u00f1a quisiera volver a Espa\u00f1a con sus padres de acogida, entre otras cosas por los 10 a\u00f1os transcurridos desde que Koria lleg\u00f3 a nuestro pa\u00eds. Creo que la autoridades pol\u00edticas espa\u00f1olas deber\u00edan haber resuelto este tema hace mucho tiempo, para as\u00ed evitar situaciones como esta. Los 10 a\u00f1os de Koria en Espa\u00f1a produjeron un desarraigo cultural y familiar\u00a0en la ni\u00f1a dif\u00edciles de superar, por otra parte\u00a0la dieron una salud que no pose\u00eda gracias a la atenci\u00f3n m\u00e9dica recibida, quiz\u00e1 de no haber sido as\u00ed otra ser\u00eda la historia.<\/p>\n<p>Si os sent\u00eds sensibilizad@s con la historia de Koria y deseais el retorno de ella a Espa\u00f1a pode\u00eds\u00a0solidarizaros firmando el manifiesto en la web: <a href=\"http:\/\/www.libertadparakoria.org\" target=\"_blank\" rel=\"noopener noreferrer\">www.libertadparakoria.org<\/a> *<\/p>\n<p><strong><img loading=\"lazy\" decoding=\"async\" class=\"alignnone size-full wp-image-1066\" title=\"Elkouria Badbad Hafed\" src=\"https:\/\/rafaramirez.org\/blog\/wp-content\/uploads\/2011\/02\/koria-carnet.jpg\" alt=\"\" width=\"253\" height=\"299\" \/><\/strong><\/p>\n<p>*La informaci\u00f3n\u00a0aparecida en este post, as\u00ed como la fotograf\u00eda de Koria\u00a0fue extraida\u00a0de esta web.<\/p>\n","protected":false},"excerpt":{"rendered":"<p>La Historia Hace 10 a\u00f1os, un matrimonio de la localidad de San Miguel de Salinas (en Alicante), Jos\u00e9 Vicente Ma\u00f1ogil y Bienvenida Campillo, acogieron a una ni\u00f1a saharaui de 7 a\u00f1os de edad para pasar un mes de vacaciones en Espa\u00f1a, esta ni\u00f1a, Elkouria Badbad Hafed, a quien todos conocen por Koria en su pueblo [&hellip;]<\/p>\n","protected":false},"author":1,"featured_media":2589,"comment_status":"open","ping_status":"closed","sticky":false,"template":"","format":"standard","meta":{"site-container-style":"default","site-container-layout":"default","site-sidebar-layout":"default","disable-article-header":"default","disable-site-header":"default","disable-site-footer":"default","disable-content-area-spacing":"default","_jetpack_newsletter_access":"","_jetpack_dont_email_post_to_subs":false,"_jetpack_newsletter_tier_id":0,"_jetpack_memberships_contains_paywalled_content":false,"_jetpack_feature_clip_id":0,"_jetpack_memberships_contains_paid_content":false,"footnotes":"","jetpack_publicize_message":"","jetpack_publicize_feature_enabled":true,"jetpack_social_post_already_shared":true,"jetpack_social_options":{"image_generator_settings":{"template":"highway","default_image_id":0,"font":"","enabled":false},"version":2},"jetpack_post_was_ever_published":false},"categories":[15],"tags":[139,246,251,330,418],"class_list":["post-1257","post","type-post","status-publish","format-standard","has-post-thumbnail","hentry","category-noticias-sociales","tag-destacado","tag-koria","tag-la-historia-de-koria","tag-noticias-sociales","tag-refugiados"],"yoast_head":"<!-- This site is optimized with the Yoast SEO plugin v28.4 - https:\/\/yoast.com\/product\/yoast-seo-wordpress\/ -->\n<title>La historia de Koria - Blog de Rafael Ram\u00edrez<\/title>\n<meta name=\"robots\" content=\"index, follow, max-snippet:-1, max-image-preview:large, max-video-preview:-1\" \/>\n<link rel=\"canonical\" href=\"https:\/\/rafaramirez.org\/blog\/index.php\/2011\/02\/18\/la-historia-de-koria\/\" \/>\n<meta property=\"og:locale\" content=\"es_ES\" \/>\n<meta property=\"og:type\" content=\"article\" \/>\n<meta property=\"og:title\" content=\"La historia de Koria - Blog de Rafael Ram\u00edrez\" \/>\n<meta property=\"og:description\" content=\"La Historia Hace 10 a\u00f1os, un matrimonio de la localidad de San Miguel de Salinas (en Alicante), Jos\u00e9 Vicente Ma\u00f1ogil y Bienvenida Campillo, acogieron a una ni\u00f1a saharaui de 7 a\u00f1os de edad para pasar un mes de vacaciones en Espa\u00f1a, esta ni\u00f1a, Elkouria Badbad Hafed, a quien todos conocen por Koria en su pueblo [&hellip;]\" \/>\n<meta property=\"og:url\" content=\"https:\/\/rafaramirez.org\/blog\/index.php\/2011\/02\/18\/la-historia-de-koria\/\" \/>\n<meta property=\"og:site_name\" content=\"Blog de Rafael Ram\u00edrez\" \/>\n<meta property=\"article:published_time\" content=\"2011-02-18T10:36:54+00:00\" \/>\n<meta property=\"article:modified_time\" content=\"2024-04-17T08:42:24+00:00\" \/>\n<meta property=\"og:image\" content=\"https:\/\/rafaramirez.org\/blog\/wp-content\/uploads\/2011\/02\/koria-libre-MED-1.jpg\" \/>\n\t<meta property=\"og:image:width\" content=\"700\" \/>\n\t<meta property=\"og:image:height\" content=\"480\" \/>\n\t<meta property=\"og:image:type\" content=\"image\/jpeg\" \/>\n<meta name=\"author\" content=\"Rafael Ram\u00edrez\" \/>\n<meta name=\"twitter:card\" content=\"summary_large_image\" \/>\n<meta name=\"twitter:creator\" content=\"@rafaramirez_ok\" \/>\n<meta name=\"twitter:site\" content=\"@rafaramirez_ok\" \/>\n<meta name=\"twitter:label1\" content=\"Escrito por\" \/>\n\t<meta name=\"twitter:data1\" content=\"Rafael Ram\u00edrez\" \/>\n\t<meta name=\"twitter:label2\" content=\"Tiempo de lectura\" \/>\n\t<meta name=\"twitter:data2\" content=\"4 minutos\" \/>\n<script type=\"application\/ld+json\" class=\"yoast-schema-graph\">{\"@context\":\"https:\\\/\\\/schema.org\",\"@graph\":[{\"@type\":\"Article\",\"@id\":\"https:\\\/\\\/rafaramirez.org\\\/blog\\\/index.php\\\/2011\\\/02\\\/18\\\/la-historia-de-koria\\\/#article\",\"isPartOf\":{\"@id\":\"https:\\\/\\\/rafaramirez.org\\\/blog\\\/index.php\\\/2011\\\/02\\\/18\\\/la-historia-de-koria\\\/\"},\"author\":{\"name\":\"Rafael Ram\u00edrez\",\"@id\":\"https:\\\/\\\/rafaramirez.org\\\/blog\\\/#\\\/schema\\\/person\\\/50f43b6d60c578760d4c17bda54ab6a5\"},\"headline\":\"La historia de Koria\",\"datePublished\":\"2011-02-18T10:36:54+00:00\",\"dateModified\":\"2024-04-17T08:42:24+00:00\",\"mainEntityOfPage\":{\"@id\":\"https:\\\/\\\/rafaramirez.org\\\/blog\\\/index.php\\\/2011\\\/02\\\/18\\\/la-historia-de-koria\\\/\"},\"wordCount\":737,\"commentCount\":0,\"publisher\":{\"@id\":\"https:\\\/\\\/rafaramirez.org\\\/blog\\\/#\\\/schema\\\/person\\\/50f43b6d60c578760d4c17bda54ab6a5\"},\"image\":{\"@id\":\"https:\\\/\\\/rafaramirez.org\\\/blog\\\/index.php\\\/2011\\\/02\\\/18\\\/la-historia-de-koria\\\/#primaryimage\"},\"thumbnailUrl\":\"https:\\\/\\\/rafaramirez.org\\\/blog\\\/wp-content\\\/uploads\\\/2011\\\/02\\\/koria-libre-MED-1.jpg\",\"keywords\":[\"destacado\",\"koria\",\"la historia de koria\",\"noticias sociales\",\"refugiados\"],\"articleSection\":[\"Informe social\"],\"inLanguage\":\"es\",\"potentialAction\":[{\"@type\":\"CommentAction\",\"name\":\"Comment\",\"target\":[\"https:\\\/\\\/rafaramirez.org\\\/blog\\\/index.php\\\/2011\\\/02\\\/18\\\/la-historia-de-koria\\\/#respond\"]}]},{\"@type\":\"WebPage\",\"@id\":\"https:\\\/\\\/rafaramirez.org\\\/blog\\\/index.php\\\/2011\\\/02\\\/18\\\/la-historia-de-koria\\\/\",\"url\":\"https:\\\/\\\/rafaramirez.org\\\/blog\\\/index.php\\\/2011\\\/02\\\/18\\\/la-historia-de-koria\\\/\",\"name\":\"La historia de Koria - Blog de Rafael Ram\u00edrez\",\"isPartOf\":{\"@id\":\"https:\\\/\\\/rafaramirez.org\\\/blog\\\/#website\"},\"primaryImageOfPage\":{\"@id\":\"https:\\\/\\\/rafaramirez.org\\\/blog\\\/index.php\\\/2011\\\/02\\\/18\\\/la-historia-de-koria\\\/#primaryimage\"},\"image\":{\"@id\":\"https:\\\/\\\/rafaramirez.org\\\/blog\\\/index.php\\\/2011\\\/02\\\/18\\\/la-historia-de-koria\\\/#primaryimage\"},\"thumbnailUrl\":\"https:\\\/\\\/rafaramirez.org\\\/blog\\\/wp-content\\\/uploads\\\/2011\\\/02\\\/koria-libre-MED-1.jpg\",\"datePublished\":\"2011-02-18T10:36:54+00:00\",\"dateModified\":\"2024-04-17T08:42:24+00:00\",\"breadcrumb\":{\"@id\":\"https:\\\/\\\/rafaramirez.org\\\/blog\\\/index.php\\\/2011\\\/02\\\/18\\\/la-historia-de-koria\\\/#breadcrumb\"},\"inLanguage\":\"es\",\"potentialAction\":[{\"@type\":\"ReadAction\",\"target\":[\"https:\\\/\\\/rafaramirez.org\\\/blog\\\/index.php\\\/2011\\\/02\\\/18\\\/la-historia-de-koria\\\/\"]}]},{\"@type\":\"ImageObject\",\"inLanguage\":\"es\",\"@id\":\"https:\\\/\\\/rafaramirez.org\\\/blog\\\/index.php\\\/2011\\\/02\\\/18\\\/la-historia-de-koria\\\/#primaryimage\",\"url\":\"https:\\\/\\\/rafaramirez.org\\\/blog\\\/wp-content\\\/uploads\\\/2011\\\/02\\\/koria-libre-MED-1.jpg\",\"contentUrl\":\"https:\\\/\\\/rafaramirez.org\\\/blog\\\/wp-content\\\/uploads\\\/2011\\\/02\\\/koria-libre-MED-1.jpg\",\"width\":700,\"height\":480},{\"@type\":\"BreadcrumbList\",\"@id\":\"https:\\\/\\\/rafaramirez.org\\\/blog\\\/index.php\\\/2011\\\/02\\\/18\\\/la-historia-de-koria\\\/#breadcrumb\",\"itemListElement\":[{\"@type\":\"ListItem\",\"position\":1,\"name\":\"Portada\",\"item\":\"https:\\\/\\\/rafaramirez.org\\\/blog\\\/\"},{\"@type\":\"ListItem\",\"position\":2,\"name\":\"La historia de Koria\"}]},{\"@type\":\"WebSite\",\"@id\":\"https:\\\/\\\/rafaramirez.org\\\/blog\\\/#website\",\"url\":\"https:\\\/\\\/rafaramirez.org\\\/blog\\\/\",\"name\":\"Blog de Rafael Ram\u00edrez\",\"description\":\"Un sitio social, de arte y cultura\",\"publisher\":{\"@id\":\"https:\\\/\\\/rafaramirez.org\\\/blog\\\/#\\\/schema\\\/person\\\/50f43b6d60c578760d4c17bda54ab6a5\"},\"potentialAction\":[{\"@type\":\"SearchAction\",\"target\":{\"@type\":\"EntryPoint\",\"urlTemplate\":\"https:\\\/\\\/rafaramirez.org\\\/blog\\\/?s={search_term_string}\"},\"query-input\":{\"@type\":\"PropertyValueSpecification\",\"valueRequired\":true,\"valueName\":\"search_term_string\"}}],\"inLanguage\":\"es\"},{\"@type\":[\"Person\",\"Organization\"],\"@id\":\"https:\\\/\\\/rafaramirez.org\\\/blog\\\/#\\\/schema\\\/person\\\/50f43b6d60c578760d4c17bda54ab6a5\",\"name\":\"Rafael Ram\u00edrez\",\"image\":{\"@type\":\"ImageObject\",\"inLanguage\":\"es\",\"@id\":\"https:\\\/\\\/rafaramirez.org\\\/blog\\\/wp-content\\\/uploads\\\/2024\\\/09\\\/RR_socialnetwork.jpg\",\"url\":\"https:\\\/\\\/rafaramirez.org\\\/blog\\\/wp-content\\\/uploads\\\/2024\\\/09\\\/RR_socialnetwork.jpg\",\"contentUrl\":\"https:\\\/\\\/rafaramirez.org\\\/blog\\\/wp-content\\\/uploads\\\/2024\\\/09\\\/RR_socialnetwork.jpg\",\"width\":600,\"height\":606,\"caption\":\"Rafael Ram\u00edrez\"},\"logo\":{\"@id\":\"https:\\\/\\\/rafaramirez.org\\\/blog\\\/wp-content\\\/uploads\\\/2024\\\/09\\\/RR_socialnetwork.jpg\"},\"sameAs\":[\"https:\\\/\\\/www.rafaramirez.org\\\/blog\",\"https:\\\/\\\/www.instagram.com\\\/rafaramirez_ok\\\/\",\"https:\\\/\\\/es.pinterest.com\\\/Ramirez_Rafa\\\/\",\"https:\\\/\\\/x.com\\\/rafaramirez_ok\"],\"url\":\"https:\\\/\\\/rafaramirez.org\\\/blog\\\/index.php\\\/author\\\/rafaell_qm6j97da\\\/\"}]}<\/script>\n<!-- \/ Yoast SEO plugin. -->","yoast_head_json":{"title":"La historia de Koria - Blog de Rafael Ram\u00edrez","robots":{"index":"index","follow":"follow","max-snippet":"max-snippet:-1","max-image-preview":"max-image-preview:large","max-video-preview":"max-video-preview:-1"},"canonical":"https:\/\/rafaramirez.org\/blog\/index.php\/2011\/02\/18\/la-historia-de-koria\/","og_locale":"es_ES","og_type":"article","og_title":"La historia de Koria - Blog de Rafael Ram\u00edrez","og_description":"La Historia Hace 10 a\u00f1os, un matrimonio de la localidad de San Miguel de Salinas (en Alicante), Jos\u00e9 Vicente Ma\u00f1ogil y Bienvenida Campillo, acogieron a una ni\u00f1a saharaui de 7 a\u00f1os de edad para pasar un mes de vacaciones en Espa\u00f1a, esta ni\u00f1a, Elkouria Badbad Hafed, a quien todos conocen por Koria en su pueblo [&hellip;]","og_url":"https:\/\/rafaramirez.org\/blog\/index.php\/2011\/02\/18\/la-historia-de-koria\/","og_site_name":"Blog de Rafael Ram\u00edrez","article_published_time":"2011-02-18T10:36:54+00:00","article_modified_time":"2024-04-17T08:42:24+00:00","og_image":[{"width":700,"height":480,"url":"https:\/\/rafaramirez.org\/blog\/wp-content\/uploads\/2011\/02\/koria-libre-MED-1.jpg","type":"image\/jpeg"}],"author":"Rafael Ram\u00edrez","twitter_card":"summary_large_image","twitter_creator":"@rafaramirez_ok","twitter_site":"@rafaramirez_ok","twitter_misc":{"Escrito por":"Rafael Ram\u00edrez","Tiempo de lectura":"4 minutos"},"schema":{"@context":"https:\/\/schema.org","@graph":[{"@type":"Article","@id":"https:\/\/rafaramirez.org\/blog\/index.php\/2011\/02\/18\/la-historia-de-koria\/#article","isPartOf":{"@id":"https:\/\/rafaramirez.org\/blog\/index.php\/2011\/02\/18\/la-historia-de-koria\/"},"author":{"name":"Rafael Ram\u00edrez","@id":"https:\/\/rafaramirez.org\/blog\/#\/schema\/person\/50f43b6d60c578760d4c17bda54ab6a5"},"headline":"La historia de Koria","datePublished":"2011-02-18T10:36:54+00:00","dateModified":"2024-04-17T08:42:24+00:00","mainEntityOfPage":{"@id":"https:\/\/rafaramirez.org\/blog\/index.php\/2011\/02\/18\/la-historia-de-koria\/"},"wordCount":737,"commentCount":0,"publisher":{"@id":"https:\/\/rafaramirez.org\/blog\/#\/schema\/person\/50f43b6d60c578760d4c17bda54ab6a5"},"image":{"@id":"https:\/\/rafaramirez.org\/blog\/index.php\/2011\/02\/18\/la-historia-de-koria\/#primaryimage"},"thumbnailUrl":"https:\/\/rafaramirez.org\/blog\/wp-content\/uploads\/2011\/02\/koria-libre-MED-1.jpg","keywords":["destacado","koria","la historia de koria","noticias sociales","refugiados"],"articleSection":["Informe social"],"inLanguage":"es","potentialAction":[{"@type":"CommentAction","name":"Comment","target":["https:\/\/rafaramirez.org\/blog\/index.php\/2011\/02\/18\/la-historia-de-koria\/#respond"]}]},{"@type":"WebPage","@id":"https:\/\/rafaramirez.org\/blog\/index.php\/2011\/02\/18\/la-historia-de-koria\/","url":"https:\/\/rafaramirez.org\/blog\/index.php\/2011\/02\/18\/la-historia-de-koria\/","name":"La historia de Koria - Blog de Rafael Ram\u00edrez","isPartOf":{"@id":"https:\/\/rafaramirez.org\/blog\/#website"},"primaryImageOfPage":{"@id":"https:\/\/rafaramirez.org\/blog\/index.php\/2011\/02\/18\/la-historia-de-koria\/#primaryimage"},"image":{"@id":"https:\/\/rafaramirez.org\/blog\/index.php\/2011\/02\/18\/la-historia-de-koria\/#primaryimage"},"thumbnailUrl":"https:\/\/rafaramirez.org\/blog\/wp-content\/uploads\/2011\/02\/koria-libre-MED-1.jpg","datePublished":"2011-02-18T10:36:54+00:00","dateModified":"2024-04-17T08:42:24+00:00","breadcrumb":{"@id":"https:\/\/rafaramirez.org\/blog\/index.php\/2011\/02\/18\/la-historia-de-koria\/#breadcrumb"},"inLanguage":"es","potentialAction":[{"@type":"ReadAction","target":["https:\/\/rafaramirez.org\/blog\/index.php\/2011\/02\/18\/la-historia-de-koria\/"]}]},{"@type":"ImageObject","inLanguage":"es","@id":"https:\/\/rafaramirez.org\/blog\/index.php\/2011\/02\/18\/la-historia-de-koria\/#primaryimage","url":"https:\/\/rafaramirez.org\/blog\/wp-content\/uploads\/2011\/02\/koria-libre-MED-1.jpg","contentUrl":"https:\/\/rafaramirez.org\/blog\/wp-content\/uploads\/2011\/02\/koria-libre-MED-1.jpg","width":700,"height":480},{"@type":"BreadcrumbList","@id":"https:\/\/rafaramirez.org\/blog\/index.php\/2011\/02\/18\/la-historia-de-koria\/#breadcrumb","itemListElement":[{"@type":"ListItem","position":1,"name":"Portada","item":"https:\/\/rafaramirez.org\/blog\/"},{"@type":"ListItem","position":2,"name":"La historia de Koria"}]},{"@type":"WebSite","@id":"https:\/\/rafaramirez.org\/blog\/#website","url":"https:\/\/rafaramirez.org\/blog\/","name":"Blog de Rafael Ram\u00edrez","description":"Un sitio social, de arte y cultura","publisher":{"@id":"https:\/\/rafaramirez.org\/blog\/#\/schema\/person\/50f43b6d60c578760d4c17bda54ab6a5"},"potentialAction":[{"@type":"SearchAction","target":{"@type":"EntryPoint","urlTemplate":"https:\/\/rafaramirez.org\/blog\/?s={search_term_string}"},"query-input":{"@type":"PropertyValueSpecification","valueRequired":true,"valueName":"search_term_string"}}],"inLanguage":"es"},{"@type":["Person","Organization"],"@id":"https:\/\/rafaramirez.org\/blog\/#\/schema\/person\/50f43b6d60c578760d4c17bda54ab6a5","name":"Rafael Ram\u00edrez","image":{"@type":"ImageObject","inLanguage":"es","@id":"https:\/\/rafaramirez.org\/blog\/wp-content\/uploads\/2024\/09\/RR_socialnetwork.jpg","url":"https:\/\/rafaramirez.org\/blog\/wp-content\/uploads\/2024\/09\/RR_socialnetwork.jpg","contentUrl":"https:\/\/rafaramirez.org\/blog\/wp-content\/uploads\/2024\/09\/RR_socialnetwork.jpg","width":600,"height":606,"caption":"Rafael Ram\u00edrez"},"logo":{"@id":"https:\/\/rafaramirez.org\/blog\/wp-content\/uploads\/2024\/09\/RR_socialnetwork.jpg"},"sameAs":["https:\/\/www.rafaramirez.org\/blog","https:\/\/www.instagram.com\/rafaramirez_ok\/","https:\/\/es.pinterest.com\/Ramirez_Rafa\/","https:\/\/x.com\/rafaramirez_ok"],"url":"https:\/\/rafaramirez.org\/blog\/index.php\/author\/rafaell_qm6j97da\/"}]}},"jetpack_publicize_connections":[],"jetpack_sharing_enabled":true,"jetpack_likes_enabled":true,"jetpack_featured_media_url":"https:\/\/rafaramirez.org\/blog\/wp-content\/uploads\/2011\/02\/koria-libre-MED-1.jpg","_links":{"self":[{"href":"https:\/\/rafaramirez.org\/blog\/index.php\/wp-json\/wp\/v2\/posts\/1257","targetHints":{"allow":["GET"]}}],"collection":[{"href":"https:\/\/rafaramirez.org\/blog\/index.php\/wp-json\/wp\/v2\/posts"}],"about":[{"href":"https:\/\/rafaramirez.org\/blog\/index.php\/wp-json\/wp\/v2\/types\/post"}],"author":[{"embeddable":true,"href":"https:\/\/rafaramirez.org\/blog\/index.php\/wp-json\/wp\/v2\/users\/1"}],"replies":[{"embeddable":true,"href":"https:\/\/rafaramirez.org\/blog\/index.php\/wp-json\/wp\/v2\/comments?post=1257"}],"version-history":[{"count":2,"href":"https:\/\/rafaramirez.org\/blog\/index.php\/wp-json\/wp\/v2\/posts\/1257\/revisions"}],"predecessor-version":[{"id":2591,"href":"https:\/\/rafaramirez.org\/blog\/index.php\/wp-json\/wp\/v2\/posts\/1257\/revisions\/2591"}],"wp:featuredmedia":[{"embeddable":true,"href":"https:\/\/rafaramirez.org\/blog\/index.php\/wp-json\/wp\/v2\/media\/2589"}],"wp:attachment":[{"href":"https:\/\/rafaramirez.org\/blog\/index.php\/wp-json\/wp\/v2\/media?parent=1257"}],"wp:term":[{"taxonomy":"category","embeddable":true,"href":"https:\/\/rafaramirez.org\/blog\/index.php\/wp-json\/wp\/v2\/categories?post=1257"},{"taxonomy":"post_tag","embeddable":true,"href":"https:\/\/rafaramirez.org\/blog\/index.php\/wp-json\/wp\/v2\/tags?post=1257"}],"curies":[{"name":"wp","href":"https:\/\/api.w.org\/{rel}","templated":true}]}}