{"id":1250,"date":"2010-11-22T13:00:37","date_gmt":"2010-11-22T11:00:37","guid":{"rendered":"http:\/\/rafaelramirez.co.cc\/?p=1008"},"modified":"2024-03-13T11:01:46","modified_gmt":"2024-03-13T10:01:46","slug":"dia-universal-de-la-infancia-2011","status":"publish","type":"post","link":"https:\/\/rafaramirez.org\/blog\/index.php\/2010\/11\/22\/dia-universal-de-la-infancia-2011\/","title":{"rendered":"Dia Universal de la Infancia 2011"},"content":{"rendered":"<p>El pasado 20 de noviembre se conmemor\u00f3 el D\u00eda Universal de la Infancia, han pasado 21 a\u00f1os ya desde aquel\u00a020\u00a0 de Noviembre de 1989 cuando\u00a0fue aprobada, por la Asamblea de las Naciones Unidas, la Declaraci\u00f3n sobre los Derechos del Ni\u00f1o, desde entonces en esta fecha se celebra este Dia.<\/p>\n<p style=\"text-align: center;\"><a href=\"https:\/\/rafaramirez.org\/blog\/wp-content\/uploads\/2010\/11\/world-childrens-day-520272_1920.jpg\"><img loading=\"lazy\" decoding=\"async\" class=\"alignnone size-large wp-image-2609\" src=\"https:\/\/rafaramirez.org\/blog\/wp-content\/uploads\/2010\/11\/world-childrens-day-520272_1920-1024x410.jpg\" alt=\"\" width=\"640\" height=\"256\" srcset=\"https:\/\/rafaramirez.org\/blog\/wp-content\/uploads\/2010\/11\/world-childrens-day-520272_1920-1024x410.jpg 1024w, https:\/\/rafaramirez.org\/blog\/wp-content\/uploads\/2010\/11\/world-childrens-day-520272_1920-300x120.jpg 300w, https:\/\/rafaramirez.org\/blog\/wp-content\/uploads\/2010\/11\/world-childrens-day-520272_1920-768x307.jpg 768w, https:\/\/rafaramirez.org\/blog\/wp-content\/uploads\/2010\/11\/world-childrens-day-520272_1920-1536x614.jpg 1536w, https:\/\/rafaramirez.org\/blog\/wp-content\/uploads\/2010\/11\/world-childrens-day-520272_1920.jpg 1920w\" sizes=\"auto, (max-width: 640px) 100vw, 640px\" \/><\/a><\/p>\n<p>Con esta Declaraci\u00f3n se reconoce por primera vez\u00a0\u00a0la ciudadan\u00eda de los ni\u00f1os y ni\u00f1as y se toman en cuenta tres aspectos fundamentales:<\/p>\n<blockquote><p>\u00a0Derecho a ser protegido frente a ciertas clases de conducta como el abandono, maltrato \u00f3\u00a0explotaci\u00f3n<\/p>\n<p>Derecho a acceder a ciertos beneficios y servicios como la educaci\u00f3n, la atenci\u00f3n sanitaria y social<\/p>\n<p>Derecho a ser tomado en cuenta, a realizar ciertas actividades y a participar en ellas<\/p><\/blockquote>\n<p>Los\u00a0 Derechos\u00a0 fundamentales\u00a0enumerados en la Declaraci\u00f3n de 1989, son los siguientes:<\/p>\n<blockquote><p>\u00a0Derecho\u00a0 a la igualdad<\/p>\n<p>Derecho a la Protecci\u00f3n.<\/p>\n<p>Derecho a la Identidad y a la Nacionalidad.<\/p>\n<p>Derecho a tener una casa, alimentos y atenci\u00f3n.<\/p>\n<p>Derecho a la educaci\u00f3n y a la atenci\u00f3n al disminuido.<\/p>\n<p>Derecho al amor de los padres y la sociedad.<\/p>\n<p>Derecho a la educaci\u00f3n gratuita y a jugar.<\/p>\n<p>Derecho a ser el primero en recibir ayuda.<\/p>\n<p>Derecho a ser protegido contra el abandono y la explotaci\u00f3n<\/p>\n<p>Derecho a crecer en solidaridad, comprensi\u00f3n y justicia entre los pueblos<\/p><\/blockquote>\n<p>FELICIDADES NI\u00d1OS Y NI\u00d1AS DEL MUNDO, sigamos avanzando en la defensa de sus derechos.<\/p>\n","protected":false},"excerpt":{"rendered":"<p>El pasado 20 de noviembre se conmemor\u00f3 el D\u00eda Universal de la Infancia, han pasado 21 a\u00f1os ya desde aquel\u00a020\u00a0 de Noviembre de 1989 cuando\u00a0fue aprobada, por la Asamblea de las Naciones Unidas, la Declaraci\u00f3n sobre los Derechos del Ni\u00f1o, desde entonces en esta fecha se celebra este Dia. Con esta Declaraci\u00f3n se reconoce por [&hellip;]<\/p>\n","protected":false},"author":1,"featured_media":2606,"comment_status":"open","ping_status":"closed","sticky":false,"template":"","format":"standard","meta":{"site-container-style":"default","site-container-layout":"default","site-sidebar-layout":"default","disable-article-header":"default","disable-site-header":"default","disable-site-footer":"default","disable-content-area-spacing":"default","_jetpack_newsletter_access":"","_jetpack_dont_email_post_to_subs":false,"_jetpack_newsletter_tier_id":0,"_jetpack_memberships_contains_paywalled_content":false,"_jetpack_feature_clip_id":0,"_jetpack_memberships_contains_paid_content":false,"footnotes":"","jetpack_publicize_message":"","jetpack_publicize_feature_enabled":true,"jetpack_social_post_already_shared":true,"jetpack_social_options":{"image_generator_settings":{"template":"highway","default_image_id":0,"font":"","enabled":false},"version":2},"jetpack_post_was_ever_published":false},"categories":[1291,15],"tags":[615,617,613,616,611,141,612,614],"class_list":["post-1250","post","type-post","status-publish","format-standard","has-post-thumbnail","hentry","category-efemerides","category-noticias-sociales","tag-20-de-noviembre","tag-asamblea-de-las-naciones-unidas","tag-conmemoracion","tag-declaracion-sobre-los-derechos-del-nino","tag-derechos-del-nino","tag-dia-internacional-del-nino","tag-dia-mundial-de-la-infancia","tag-dia-universal-de-la-infancia"],"yoast_head":"<!-- This site is optimized with the Yoast SEO plugin v28.4 - https:\/\/yoast.com\/product\/yoast-seo-wordpress\/ -->\n<title>Dia Universal de la Infancia 2011 - Blog de Rafael Ram\u00edrez<\/title>\n<meta name=\"robots\" content=\"index, follow, max-snippet:-1, max-image-preview:large, max-video-preview:-1\" \/>\n<link rel=\"canonical\" href=\"https:\/\/rafaramirez.org\/blog\/index.php\/2010\/11\/22\/dia-universal-de-la-infancia-2011\/\" \/>\n<meta property=\"og:locale\" content=\"es_ES\" \/>\n<meta property=\"og:type\" content=\"article\" \/>\n<meta property=\"og:title\" content=\"Dia Universal de la Infancia 2011 - Blog de Rafael Ram\u00edrez\" \/>\n<meta property=\"og:description\" content=\"El pasado 20 de noviembre se conmemor\u00f3 el D\u00eda Universal de la Infancia, han pasado 21 a\u00f1os ya desde aquel\u00a020\u00a0 de Noviembre de 1989 cuando\u00a0fue aprobada, por la Asamblea de las Naciones Unidas, la Declaraci\u00f3n sobre los Derechos del Ni\u00f1o, desde entonces en esta fecha se celebra este Dia. Con esta Declaraci\u00f3n se reconoce por [&hellip;]\" \/>\n<meta property=\"og:url\" content=\"https:\/\/rafaramirez.org\/blog\/index.php\/2010\/11\/22\/dia-universal-de-la-infancia-2011\/\" \/>\n<meta property=\"og:site_name\" content=\"Blog de Rafael Ram\u00edrez\" \/>\n<meta property=\"article:published_time\" content=\"2010-11-22T11:00:37+00:00\" \/>\n<meta property=\"article:modified_time\" content=\"2024-03-13T10:01:46+00:00\" \/>\n<meta property=\"og:image\" content=\"https:\/\/rafaramirez.org\/blog\/wp-content\/uploads\/2010\/11\/dia-mundial-de-la-infancia-1.jpg\" \/>\n\t<meta property=\"og:image:width\" content=\"600\" \/>\n\t<meta property=\"og:image:height\" content=\"400\" \/>\n\t<meta property=\"og:image:type\" content=\"image\/jpeg\" \/>\n<meta name=\"author\" content=\"Rafael Ram\u00edrez\" \/>\n<meta name=\"twitter:card\" content=\"summary_large_image\" \/>\n<meta name=\"twitter:creator\" content=\"@rafaramirez_ok\" \/>\n<meta name=\"twitter:site\" content=\"@rafaramirez_ok\" \/>\n<meta name=\"twitter:label1\" content=\"Escrito por\" \/>\n\t<meta name=\"twitter:data1\" content=\"Rafael Ram\u00edrez\" \/>\n\t<meta name=\"twitter:label2\" content=\"Tiempo de lectura\" \/>\n\t<meta name=\"twitter:data2\" content=\"1 minuto\" \/>\n<script type=\"application\/ld+json\" class=\"yoast-schema-graph\">{\"@context\":\"https:\\\/\\\/schema.org\",\"@graph\":[{\"@type\":\"Article\",\"@id\":\"https:\\\/\\\/rafaramirez.org\\\/blog\\\/index.php\\\/2010\\\/11\\\/22\\\/dia-universal-de-la-infancia-2011\\\/#article\",\"isPartOf\":{\"@id\":\"https:\\\/\\\/rafaramirez.org\\\/blog\\\/index.php\\\/2010\\\/11\\\/22\\\/dia-universal-de-la-infancia-2011\\\/\"},\"author\":{\"name\":\"Rafael Ram\u00edrez\",\"@id\":\"https:\\\/\\\/rafaramirez.org\\\/blog\\\/#\\\/schema\\\/person\\\/50f43b6d60c578760d4c17bda54ab6a5\"},\"headline\":\"Dia Universal de la Infancia 2011\",\"datePublished\":\"2010-11-22T11:00:37+00:00\",\"dateModified\":\"2024-03-13T10:01:46+00:00\",\"mainEntityOfPage\":{\"@id\":\"https:\\\/\\\/rafaramirez.org\\\/blog\\\/index.php\\\/2010\\\/11\\\/22\\\/dia-universal-de-la-infancia-2011\\\/\"},\"wordCount\":247,\"commentCount\":1,\"publisher\":{\"@id\":\"https:\\\/\\\/rafaramirez.org\\\/blog\\\/#\\\/schema\\\/person\\\/50f43b6d60c578760d4c17bda54ab6a5\"},\"image\":{\"@id\":\"https:\\\/\\\/rafaramirez.org\\\/blog\\\/index.php\\\/2010\\\/11\\\/22\\\/dia-universal-de-la-infancia-2011\\\/#primaryimage\"},\"thumbnailUrl\":\"https:\\\/\\\/rafaramirez.org\\\/blog\\\/wp-content\\\/uploads\\\/2010\\\/11\\\/dia-mundial-de-la-infancia-1.jpg\",\"keywords\":[\"20\u00a0 de Noviembre\",\"Asamblea de las Naciones Unidas\",\"conmemoraci\u00f3n\",\"Declaraci\u00f3n sobre los Derechos del Ni\u00f1o\",\"derechos del ni\u00f1o\",\"dia internacional del ni\u00f1o\",\"d\u00eda mundial de la infancia\",\"D\u00eda Universal de la Infancia\"],\"articleSection\":[\"Efem\u00e9rides\",\"Informe social\"],\"inLanguage\":\"es\",\"potentialAction\":[{\"@type\":\"CommentAction\",\"name\":\"Comment\",\"target\":[\"https:\\\/\\\/rafaramirez.org\\\/blog\\\/index.php\\\/2010\\\/11\\\/22\\\/dia-universal-de-la-infancia-2011\\\/#respond\"]}]},{\"@type\":\"WebPage\",\"@id\":\"https:\\\/\\\/rafaramirez.org\\\/blog\\\/index.php\\\/2010\\\/11\\\/22\\\/dia-universal-de-la-infancia-2011\\\/\",\"url\":\"https:\\\/\\\/rafaramirez.org\\\/blog\\\/index.php\\\/2010\\\/11\\\/22\\\/dia-universal-de-la-infancia-2011\\\/\",\"name\":\"Dia Universal de la Infancia 2011 - Blog de Rafael Ram\u00edrez\",\"isPartOf\":{\"@id\":\"https:\\\/\\\/rafaramirez.org\\\/blog\\\/#website\"},\"primaryImageOfPage\":{\"@id\":\"https:\\\/\\\/rafaramirez.org\\\/blog\\\/index.php\\\/2010\\\/11\\\/22\\\/dia-universal-de-la-infancia-2011\\\/#primaryimage\"},\"image\":{\"@id\":\"https:\\\/\\\/rafaramirez.org\\\/blog\\\/index.php\\\/2010\\\/11\\\/22\\\/dia-universal-de-la-infancia-2011\\\/#primaryimage\"},\"thumbnailUrl\":\"https:\\\/\\\/rafaramirez.org\\\/blog\\\/wp-content\\\/uploads\\\/2010\\\/11\\\/dia-mundial-de-la-infancia-1.jpg\",\"datePublished\":\"2010-11-22T11:00:37+00:00\",\"dateModified\":\"2024-03-13T10:01:46+00:00\",\"breadcrumb\":{\"@id\":\"https:\\\/\\\/rafaramirez.org\\\/blog\\\/index.php\\\/2010\\\/11\\\/22\\\/dia-universal-de-la-infancia-2011\\\/#breadcrumb\"},\"inLanguage\":\"es\",\"potentialAction\":[{\"@type\":\"ReadAction\",\"target\":[\"https:\\\/\\\/rafaramirez.org\\\/blog\\\/index.php\\\/2010\\\/11\\\/22\\\/dia-universal-de-la-infancia-2011\\\/\"]}]},{\"@type\":\"ImageObject\",\"inLanguage\":\"es\",\"@id\":\"https:\\\/\\\/rafaramirez.org\\\/blog\\\/index.php\\\/2010\\\/11\\\/22\\\/dia-universal-de-la-infancia-2011\\\/#primaryimage\",\"url\":\"https:\\\/\\\/rafaramirez.org\\\/blog\\\/wp-content\\\/uploads\\\/2010\\\/11\\\/dia-mundial-de-la-infancia-1.jpg\",\"contentUrl\":\"https:\\\/\\\/rafaramirez.org\\\/blog\\\/wp-content\\\/uploads\\\/2010\\\/11\\\/dia-mundial-de-la-infancia-1.jpg\",\"width\":600,\"height\":400},{\"@type\":\"BreadcrumbList\",\"@id\":\"https:\\\/\\\/rafaramirez.org\\\/blog\\\/index.php\\\/2010\\\/11\\\/22\\\/dia-universal-de-la-infancia-2011\\\/#breadcrumb\",\"itemListElement\":[{\"@type\":\"ListItem\",\"position\":1,\"name\":\"Portada\",\"item\":\"https:\\\/\\\/rafaramirez.org\\\/blog\\\/\"},{\"@type\":\"ListItem\",\"position\":2,\"name\":\"Dia Universal de la Infancia 2011\"}]},{\"@type\":\"WebSite\",\"@id\":\"https:\\\/\\\/rafaramirez.org\\\/blog\\\/#website\",\"url\":\"https:\\\/\\\/rafaramirez.org\\\/blog\\\/\",\"name\":\"Blog de Rafael Ram\u00edrez\",\"description\":\"Un sitio social, de arte y cultura\",\"publisher\":{\"@id\":\"https:\\\/\\\/rafaramirez.org\\\/blog\\\/#\\\/schema\\\/person\\\/50f43b6d60c578760d4c17bda54ab6a5\"},\"potentialAction\":[{\"@type\":\"SearchAction\",\"target\":{\"@type\":\"EntryPoint\",\"urlTemplate\":\"https:\\\/\\\/rafaramirez.org\\\/blog\\\/?s={search_term_string}\"},\"query-input\":{\"@type\":\"PropertyValueSpecification\",\"valueRequired\":true,\"valueName\":\"search_term_string\"}}],\"inLanguage\":\"es\"},{\"@type\":[\"Person\",\"Organization\"],\"@id\":\"https:\\\/\\\/rafaramirez.org\\\/blog\\\/#\\\/schema\\\/person\\\/50f43b6d60c578760d4c17bda54ab6a5\",\"name\":\"Rafael Ram\u00edrez\",\"image\":{\"@type\":\"ImageObject\",\"inLanguage\":\"es\",\"@id\":\"https:\\\/\\\/rafaramirez.org\\\/blog\\\/wp-content\\\/uploads\\\/2024\\\/09\\\/RR_socialnetwork.jpg\",\"url\":\"https:\\\/\\\/rafaramirez.org\\\/blog\\\/wp-content\\\/uploads\\\/2024\\\/09\\\/RR_socialnetwork.jpg\",\"contentUrl\":\"https:\\\/\\\/rafaramirez.org\\\/blog\\\/wp-content\\\/uploads\\\/2024\\\/09\\\/RR_socialnetwork.jpg\",\"width\":600,\"height\":606,\"caption\":\"Rafael Ram\u00edrez\"},\"logo\":{\"@id\":\"https:\\\/\\\/rafaramirez.org\\\/blog\\\/wp-content\\\/uploads\\\/2024\\\/09\\\/RR_socialnetwork.jpg\"},\"sameAs\":[\"https:\\\/\\\/www.rafaramirez.org\\\/blog\",\"https:\\\/\\\/www.instagram.com\\\/rafaramirez_ok\\\/\",\"https:\\\/\\\/es.pinterest.com\\\/Ramirez_Rafa\\\/\",\"https:\\\/\\\/x.com\\\/rafaramirez_ok\"],\"url\":\"https:\\\/\\\/rafaramirez.org\\\/blog\\\/index.php\\\/author\\\/rafaell_qm6j97da\\\/\"}]}<\/script>\n<!-- \/ Yoast SEO plugin. -->","yoast_head_json":{"title":"Dia Universal de la Infancia 2011 - Blog de Rafael Ram\u00edrez","robots":{"index":"index","follow":"follow","max-snippet":"max-snippet:-1","max-image-preview":"max-image-preview:large","max-video-preview":"max-video-preview:-1"},"canonical":"https:\/\/rafaramirez.org\/blog\/index.php\/2010\/11\/22\/dia-universal-de-la-infancia-2011\/","og_locale":"es_ES","og_type":"article","og_title":"Dia Universal de la Infancia 2011 - Blog de Rafael Ram\u00edrez","og_description":"El pasado 20 de noviembre se conmemor\u00f3 el D\u00eda Universal de la Infancia, han pasado 21 a\u00f1os ya desde aquel\u00a020\u00a0 de Noviembre de 1989 cuando\u00a0fue aprobada, por la Asamblea de las Naciones Unidas, la Declaraci\u00f3n sobre los Derechos del Ni\u00f1o, desde entonces en esta fecha se celebra este Dia. Con esta Declaraci\u00f3n se reconoce por [&hellip;]","og_url":"https:\/\/rafaramirez.org\/blog\/index.php\/2010\/11\/22\/dia-universal-de-la-infancia-2011\/","og_site_name":"Blog de Rafael Ram\u00edrez","article_published_time":"2010-11-22T11:00:37+00:00","article_modified_time":"2024-03-13T10:01:46+00:00","og_image":[{"width":600,"height":400,"url":"https:\/\/rafaramirez.org\/blog\/wp-content\/uploads\/2010\/11\/dia-mundial-de-la-infancia-1.jpg","type":"image\/jpeg"}],"author":"Rafael Ram\u00edrez","twitter_card":"summary_large_image","twitter_creator":"@rafaramirez_ok","twitter_site":"@rafaramirez_ok","twitter_misc":{"Escrito por":"Rafael Ram\u00edrez","Tiempo de lectura":"1 minuto"},"schema":{"@context":"https:\/\/schema.org","@graph":[{"@type":"Article","@id":"https:\/\/rafaramirez.org\/blog\/index.php\/2010\/11\/22\/dia-universal-de-la-infancia-2011\/#article","isPartOf":{"@id":"https:\/\/rafaramirez.org\/blog\/index.php\/2010\/11\/22\/dia-universal-de-la-infancia-2011\/"},"author":{"name":"Rafael Ram\u00edrez","@id":"https:\/\/rafaramirez.org\/blog\/#\/schema\/person\/50f43b6d60c578760d4c17bda54ab6a5"},"headline":"Dia Universal de la Infancia 2011","datePublished":"2010-11-22T11:00:37+00:00","dateModified":"2024-03-13T10:01:46+00:00","mainEntityOfPage":{"@id":"https:\/\/rafaramirez.org\/blog\/index.php\/2010\/11\/22\/dia-universal-de-la-infancia-2011\/"},"wordCount":247,"commentCount":1,"publisher":{"@id":"https:\/\/rafaramirez.org\/blog\/#\/schema\/person\/50f43b6d60c578760d4c17bda54ab6a5"},"image":{"@id":"https:\/\/rafaramirez.org\/blog\/index.php\/2010\/11\/22\/dia-universal-de-la-infancia-2011\/#primaryimage"},"thumbnailUrl":"https:\/\/rafaramirez.org\/blog\/wp-content\/uploads\/2010\/11\/dia-mundial-de-la-infancia-1.jpg","keywords":["20\u00a0 de Noviembre","Asamblea de las Naciones Unidas","conmemoraci\u00f3n","Declaraci\u00f3n sobre los Derechos del Ni\u00f1o","derechos del ni\u00f1o","dia internacional del ni\u00f1o","d\u00eda mundial de la infancia","D\u00eda Universal de la Infancia"],"articleSection":["Efem\u00e9rides","Informe social"],"inLanguage":"es","potentialAction":[{"@type":"CommentAction","name":"Comment","target":["https:\/\/rafaramirez.org\/blog\/index.php\/2010\/11\/22\/dia-universal-de-la-infancia-2011\/#respond"]}]},{"@type":"WebPage","@id":"https:\/\/rafaramirez.org\/blog\/index.php\/2010\/11\/22\/dia-universal-de-la-infancia-2011\/","url":"https:\/\/rafaramirez.org\/blog\/index.php\/2010\/11\/22\/dia-universal-de-la-infancia-2011\/","name":"Dia Universal de la Infancia 2011 - Blog de Rafael Ram\u00edrez","isPartOf":{"@id":"https:\/\/rafaramirez.org\/blog\/#website"},"primaryImageOfPage":{"@id":"https:\/\/rafaramirez.org\/blog\/index.php\/2010\/11\/22\/dia-universal-de-la-infancia-2011\/#primaryimage"},"image":{"@id":"https:\/\/rafaramirez.org\/blog\/index.php\/2010\/11\/22\/dia-universal-de-la-infancia-2011\/#primaryimage"},"thumbnailUrl":"https:\/\/rafaramirez.org\/blog\/wp-content\/uploads\/2010\/11\/dia-mundial-de-la-infancia-1.jpg","datePublished":"2010-11-22T11:00:37+00:00","dateModified":"2024-03-13T10:01:46+00:00","breadcrumb":{"@id":"https:\/\/rafaramirez.org\/blog\/index.php\/2010\/11\/22\/dia-universal-de-la-infancia-2011\/#breadcrumb"},"inLanguage":"es","potentialAction":[{"@type":"ReadAction","target":["https:\/\/rafaramirez.org\/blog\/index.php\/2010\/11\/22\/dia-universal-de-la-infancia-2011\/"]}]},{"@type":"ImageObject","inLanguage":"es","@id":"https:\/\/rafaramirez.org\/blog\/index.php\/2010\/11\/22\/dia-universal-de-la-infancia-2011\/#primaryimage","url":"https:\/\/rafaramirez.org\/blog\/wp-content\/uploads\/2010\/11\/dia-mundial-de-la-infancia-1.jpg","contentUrl":"https:\/\/rafaramirez.org\/blog\/wp-content\/uploads\/2010\/11\/dia-mundial-de-la-infancia-1.jpg","width":600,"height":400},{"@type":"BreadcrumbList","@id":"https:\/\/rafaramirez.org\/blog\/index.php\/2010\/11\/22\/dia-universal-de-la-infancia-2011\/#breadcrumb","itemListElement":[{"@type":"ListItem","position":1,"name":"Portada","item":"https:\/\/rafaramirez.org\/blog\/"},{"@type":"ListItem","position":2,"name":"Dia Universal de la Infancia 2011"}]},{"@type":"WebSite","@id":"https:\/\/rafaramirez.org\/blog\/#website","url":"https:\/\/rafaramirez.org\/blog\/","name":"Blog de Rafael Ram\u00edrez","description":"Un sitio social, de arte y cultura","publisher":{"@id":"https:\/\/rafaramirez.org\/blog\/#\/schema\/person\/50f43b6d60c578760d4c17bda54ab6a5"},"potentialAction":[{"@type":"SearchAction","target":{"@type":"EntryPoint","urlTemplate":"https:\/\/rafaramirez.org\/blog\/?s={search_term_string}"},"query-input":{"@type":"PropertyValueSpecification","valueRequired":true,"valueName":"search_term_string"}}],"inLanguage":"es"},{"@type":["Person","Organization"],"@id":"https:\/\/rafaramirez.org\/blog\/#\/schema\/person\/50f43b6d60c578760d4c17bda54ab6a5","name":"Rafael Ram\u00edrez","image":{"@type":"ImageObject","inLanguage":"es","@id":"https:\/\/rafaramirez.org\/blog\/wp-content\/uploads\/2024\/09\/RR_socialnetwork.jpg","url":"https:\/\/rafaramirez.org\/blog\/wp-content\/uploads\/2024\/09\/RR_socialnetwork.jpg","contentUrl":"https:\/\/rafaramirez.org\/blog\/wp-content\/uploads\/2024\/09\/RR_socialnetwork.jpg","width":600,"height":606,"caption":"Rafael Ram\u00edrez"},"logo":{"@id":"https:\/\/rafaramirez.org\/blog\/wp-content\/uploads\/2024\/09\/RR_socialnetwork.jpg"},"sameAs":["https:\/\/www.rafaramirez.org\/blog","https:\/\/www.instagram.com\/rafaramirez_ok\/","https:\/\/es.pinterest.com\/Ramirez_Rafa\/","https:\/\/x.com\/rafaramirez_ok"],"url":"https:\/\/rafaramirez.org\/blog\/index.php\/author\/rafaell_qm6j97da\/"}]}},"jetpack_publicize_connections":[],"jetpack_sharing_enabled":true,"jetpack_likes_enabled":true,"jetpack_featured_media_url":"https:\/\/rafaramirez.org\/blog\/wp-content\/uploads\/2010\/11\/dia-mundial-de-la-infancia-1.jpg","_links":{"self":[{"href":"https:\/\/rafaramirez.org\/blog\/index.php\/wp-json\/wp\/v2\/posts\/1250","targetHints":{"allow":["GET"]}}],"collection":[{"href":"https:\/\/rafaramirez.org\/blog\/index.php\/wp-json\/wp\/v2\/posts"}],"about":[{"href":"https:\/\/rafaramirez.org\/blog\/index.php\/wp-json\/wp\/v2\/types\/post"}],"author":[{"embeddable":true,"href":"https:\/\/rafaramirez.org\/blog\/index.php\/wp-json\/wp\/v2\/users\/1"}],"replies":[{"embeddable":true,"href":"https:\/\/rafaramirez.org\/blog\/index.php\/wp-json\/wp\/v2\/comments?post=1250"}],"version-history":[{"count":2,"href":"https:\/\/rafaramirez.org\/blog\/index.php\/wp-json\/wp\/v2\/posts\/1250\/revisions"}],"predecessor-version":[{"id":2610,"href":"https:\/\/rafaramirez.org\/blog\/index.php\/wp-json\/wp\/v2\/posts\/1250\/revisions\/2610"}],"wp:featuredmedia":[{"embeddable":true,"href":"https:\/\/rafaramirez.org\/blog\/index.php\/wp-json\/wp\/v2\/media\/2606"}],"wp:attachment":[{"href":"https:\/\/rafaramirez.org\/blog\/index.php\/wp-json\/wp\/v2\/media?parent=1250"}],"wp:term":[{"taxonomy":"category","embeddable":true,"href":"https:\/\/rafaramirez.org\/blog\/index.php\/wp-json\/wp\/v2\/categories?post=1250"},{"taxonomy":"post_tag","embeddable":true,"href":"https:\/\/rafaramirez.org\/blog\/index.php\/wp-json\/wp\/v2\/tags?post=1250"}],"curies":[{"name":"wp","href":"https:\/\/api.w.org\/{rel}","templated":true}]}}