{"id":1248,"date":"2010-11-16T13:31:52","date_gmt":"2010-11-16T11:31:52","guid":{"rendered":"http:\/\/rafaelramirez.co.cc\/?p=992"},"modified":"2024-01-18T16:07:18","modified_gmt":"2024-01-18T15:07:18","slug":"ciclo-de-cine-en-centro-de-arte-contemporaneo-de-malaga","status":"publish","type":"post","link":"https:\/\/rafaramirez.org\/blog\/index.php\/2010\/11\/16\/ciclo-de-cine-en-centro-de-arte-contemporaneo-de-malaga\/","title":{"rendered":"Ciclo de cine en Centro de Arte Contemporaneo de M\u00e1laga"},"content":{"rendered":"<p><img loading=\"lazy\" decoding=\"async\" class=\"alignnone size-medium wp-image-995\" title=\"Fantasias Orientales ciclo cine CAC Malaga\" src=\"https:\/\/rafaramirez.org\/blog\/wp-content\/uploads\/2010\/11\/Fantasiasorientales2-300x85.jpg\" alt=\"\" width=\"300\" height=\"85\" \/><\/p>\n<p>Durante todo el mes de noviembre pueden visionarse en el Centro de Arte Contempor\u00e1neo de M\u00e1laga &#8211; CAC una selecci\u00f3n de pel\u00edculas espa\u00f1olas con tem\u00e1tica oriental. El ciclo titulado <strong><em>Fantas\u00edas Orientales<\/em><\/strong>, est\u00e1 organizado por el propio CAC y\u00a0Casa \u00c1rabe en colaboraci\u00f3n con Cajamar. El objetivo es mostrar la visi\u00f3n\u00a0ex\u00f3tica y cargada de estereotipos que Occidente, en este caso Espa\u00f1a, manten\u00eda sobre Oriente en el cine del siglo XX. \u00a0La entrada es gratuita hasta completar aforo y\u00a0las proyecciones se realizan todos los martes a las 20:00 horas. Hoy se puede ver la pel\u00edcula <em><strong>Los cien caballeros\u00a0(1964)<\/strong><\/em>, coproducci\u00f3n de Espa\u00f1a, Italia, Alemania dirigida por Vittorio Cottafavi.<br \/>\n<img loading=\"lazy\" decoding=\"async\" class=\"alignnone size-full wp-image-994\" title=\"Los cien caballeros\" src=\"https:\/\/rafaramirez.org\/blog\/wp-content\/uploads\/2010\/11\/losciencaballeros.jpg\" alt=\"\" width=\"172\" height=\"244\" \/><\/p>\n<blockquote><p>PROGRAMA<\/p>\n<p>2 de noviembre 2010 &#8211; &#8216;La secta de los misteriosos&#8217;, (1916) y &#8216;La canci\u00f3n de Aixa&#8217; (1939)<\/p>\n<p>9 de noviembre de 2010 &#8211; &#8216;Los amantes del desierto&#8217; (1957)<\/p>\n<p>16 de noviembre de 2010 &#8211; &#8216;Los cien caballeros&#8217; (1964)<\/p>\n<p>23 de noviembre de 2010 &#8211; &#8216;La esclava del Para\u00edso&#8217; (1968)<\/p>\n<p>30 de noviembre de 2010 &#8211; &#8216;R\u00e9quiem por Granada&#8217; (1991).<\/p><\/blockquote>\n","protected":false},"excerpt":{"rendered":"<p>Durante todo el mes de noviembre pueden visionarse en el Centro de Arte Contempor\u00e1neo de M\u00e1laga &#8211; CAC una selecci\u00f3n de pel\u00edculas espa\u00f1olas con tem\u00e1tica oriental. El ciclo titulado Fantas\u00edas Orientales, est\u00e1 organizado por el propio CAC y\u00a0Casa \u00c1rabe en colaboraci\u00f3n con Cajamar. El objetivo es mostrar la visi\u00f3n\u00a0ex\u00f3tica y cargada de estereotipos que Occidente, [&hellip;]<\/p>\n","protected":false},"author":1,"featured_media":2614,"comment_status":"open","ping_status":"closed","sticky":false,"template":"","format":"standard","meta":{"site-container-style":"default","site-container-layout":"default","site-sidebar-layout":"default","disable-article-header":"default","disable-site-header":"default","disable-site-footer":"default","disable-content-area-spacing":"default","_jetpack_newsletter_access":"","_jetpack_dont_email_post_to_subs":false,"_jetpack_newsletter_tier_id":0,"_jetpack_memberships_contains_paywalled_content":false,"_jetpack_feature_clip_id":0,"_jetpack_memberships_contains_paid_content":false,"footnotes":"","jetpack_publicize_message":"","jetpack_publicize_feature_enabled":true,"jetpack_social_post_already_shared":true,"jetpack_social_options":{"image_generator_settings":{"template":"highway","default_image_id":0,"font":"","enabled":false},"version":2},"jetpack_post_was_ever_published":false},"categories":[711],"tags":[625,626,624,623,276],"class_list":["post-1248","post","type-post","status-publish","format-standard","has-post-thumbnail","hentry","category-cine","tag-cac-malaga","tag-centro-de-arte-contemporaneo-de-malaga","tag-ciclo-de-cine","tag-fantasias-orientales","tag-malaga"],"yoast_head":"<!-- This site is optimized with the Yoast SEO plugin v28.4 - https:\/\/yoast.com\/product\/yoast-seo-wordpress\/ -->\n<title>Ciclo de cine en Centro de Arte Contemporaneo de M\u00e1laga - Blog de Rafael Ram\u00edrez<\/title>\n<meta name=\"robots\" content=\"index, follow, max-snippet:-1, max-image-preview:large, max-video-preview:-1\" \/>\n<link rel=\"canonical\" href=\"https:\/\/rafaramirez.org\/blog\/index.php\/2010\/11\/16\/ciclo-de-cine-en-centro-de-arte-contemporaneo-de-malaga\/\" \/>\n<meta property=\"og:locale\" content=\"es_ES\" \/>\n<meta property=\"og:type\" content=\"article\" \/>\n<meta property=\"og:title\" content=\"Ciclo de cine en Centro de Arte Contemporaneo de M\u00e1laga - Blog de Rafael Ram\u00edrez\" \/>\n<meta property=\"og:description\" content=\"Durante todo el mes de noviembre pueden visionarse en el Centro de Arte Contempor\u00e1neo de M\u00e1laga &#8211; CAC una selecci\u00f3n de pel\u00edculas espa\u00f1olas con tem\u00e1tica oriental. El ciclo titulado Fantas\u00edas Orientales, est\u00e1 organizado por el propio CAC y\u00a0Casa \u00c1rabe en colaboraci\u00f3n con Cajamar. El objetivo es mostrar la visi\u00f3n\u00a0ex\u00f3tica y cargada de estereotipos que Occidente, [&hellip;]\" \/>\n<meta property=\"og:url\" content=\"https:\/\/rafaramirez.org\/blog\/index.php\/2010\/11\/16\/ciclo-de-cine-en-centro-de-arte-contemporaneo-de-malaga\/\" \/>\n<meta property=\"og:site_name\" content=\"Blog de Rafael Ram\u00edrez\" \/>\n<meta property=\"article:published_time\" content=\"2010-11-16T11:31:52+00:00\" \/>\n<meta property=\"article:modified_time\" content=\"2024-01-18T15:07:18+00:00\" \/>\n<meta property=\"og:image\" content=\"https:\/\/rafaramirez.org\/blog\/wp-content\/uploads\/2010\/11\/Centro_de_Arte_Contemporaneo_de_Malaga_reduc.jpg\" \/>\n\t<meta property=\"og:image:width\" content=\"600\" \/>\n\t<meta property=\"og:image:height\" content=\"450\" \/>\n\t<meta property=\"og:image:type\" content=\"image\/jpeg\" \/>\n<meta name=\"author\" content=\"Rafael Ram\u00edrez\" \/>\n<meta name=\"twitter:card\" content=\"summary_large_image\" \/>\n<meta name=\"twitter:creator\" content=\"@rafaramirez_ok\" \/>\n<meta name=\"twitter:site\" content=\"@rafaramirez_ok\" \/>\n<meta name=\"twitter:label1\" content=\"Escrito por\" \/>\n\t<meta name=\"twitter:data1\" content=\"Rafael Ram\u00edrez\" \/>\n\t<meta name=\"twitter:label2\" content=\"Tiempo de lectura\" \/>\n\t<meta name=\"twitter:data2\" content=\"1 minuto\" \/>\n<script type=\"application\/ld+json\" class=\"yoast-schema-graph\">{\"@context\":\"https:\\\/\\\/schema.org\",\"@graph\":[{\"@type\":\"Article\",\"@id\":\"https:\\\/\\\/rafaramirez.org\\\/blog\\\/index.php\\\/2010\\\/11\\\/16\\\/ciclo-de-cine-en-centro-de-arte-contemporaneo-de-malaga\\\/#article\",\"isPartOf\":{\"@id\":\"https:\\\/\\\/rafaramirez.org\\\/blog\\\/index.php\\\/2010\\\/11\\\/16\\\/ciclo-de-cine-en-centro-de-arte-contemporaneo-de-malaga\\\/\"},\"author\":{\"name\":\"Rafael Ram\u00edrez\",\"@id\":\"https:\\\/\\\/rafaramirez.org\\\/blog\\\/#\\\/schema\\\/person\\\/50f43b6d60c578760d4c17bda54ab6a5\"},\"headline\":\"Ciclo de cine en Centro de Arte Contemporaneo de M\u00e1laga\",\"datePublished\":\"2010-11-16T11:31:52+00:00\",\"dateModified\":\"2024-01-18T15:07:18+00:00\",\"mainEntityOfPage\":{\"@id\":\"https:\\\/\\\/rafaramirez.org\\\/blog\\\/index.php\\\/2010\\\/11\\\/16\\\/ciclo-de-cine-en-centro-de-arte-contemporaneo-de-malaga\\\/\"},\"wordCount\":179,\"commentCount\":0,\"publisher\":{\"@id\":\"https:\\\/\\\/rafaramirez.org\\\/blog\\\/#\\\/schema\\\/person\\\/50f43b6d60c578760d4c17bda54ab6a5\"},\"image\":{\"@id\":\"https:\\\/\\\/rafaramirez.org\\\/blog\\\/index.php\\\/2010\\\/11\\\/16\\\/ciclo-de-cine-en-centro-de-arte-contemporaneo-de-malaga\\\/#primaryimage\"},\"thumbnailUrl\":\"https:\\\/\\\/rafaramirez.org\\\/blog\\\/wp-content\\\/uploads\\\/2010\\\/11\\\/Centro_de_Arte_Contemporaneo_de_Malaga_reduc.jpg\",\"keywords\":[\"cac m\u00e1laga\",\"Centro de Arte Contemporaneo de M\u00e1laga\",\"Ciclo de cine\",\"Fantas\u00edas Orientales\",\"M\u00e1laga\"],\"articleSection\":[\"Cine\"],\"inLanguage\":\"es\",\"potentialAction\":[{\"@type\":\"CommentAction\",\"name\":\"Comment\",\"target\":[\"https:\\\/\\\/rafaramirez.org\\\/blog\\\/index.php\\\/2010\\\/11\\\/16\\\/ciclo-de-cine-en-centro-de-arte-contemporaneo-de-malaga\\\/#respond\"]}]},{\"@type\":\"WebPage\",\"@id\":\"https:\\\/\\\/rafaramirez.org\\\/blog\\\/index.php\\\/2010\\\/11\\\/16\\\/ciclo-de-cine-en-centro-de-arte-contemporaneo-de-malaga\\\/\",\"url\":\"https:\\\/\\\/rafaramirez.org\\\/blog\\\/index.php\\\/2010\\\/11\\\/16\\\/ciclo-de-cine-en-centro-de-arte-contemporaneo-de-malaga\\\/\",\"name\":\"Ciclo de cine en Centro de Arte Contemporaneo de M\u00e1laga - Blog de Rafael Ram\u00edrez\",\"isPartOf\":{\"@id\":\"https:\\\/\\\/rafaramirez.org\\\/blog\\\/#website\"},\"primaryImageOfPage\":{\"@id\":\"https:\\\/\\\/rafaramirez.org\\\/blog\\\/index.php\\\/2010\\\/11\\\/16\\\/ciclo-de-cine-en-centro-de-arte-contemporaneo-de-malaga\\\/#primaryimage\"},\"image\":{\"@id\":\"https:\\\/\\\/rafaramirez.org\\\/blog\\\/index.php\\\/2010\\\/11\\\/16\\\/ciclo-de-cine-en-centro-de-arte-contemporaneo-de-malaga\\\/#primaryimage\"},\"thumbnailUrl\":\"https:\\\/\\\/rafaramirez.org\\\/blog\\\/wp-content\\\/uploads\\\/2010\\\/11\\\/Centro_de_Arte_Contemporaneo_de_Malaga_reduc.jpg\",\"datePublished\":\"2010-11-16T11:31:52+00:00\",\"dateModified\":\"2024-01-18T15:07:18+00:00\",\"breadcrumb\":{\"@id\":\"https:\\\/\\\/rafaramirez.org\\\/blog\\\/index.php\\\/2010\\\/11\\\/16\\\/ciclo-de-cine-en-centro-de-arte-contemporaneo-de-malaga\\\/#breadcrumb\"},\"inLanguage\":\"es\",\"potentialAction\":[{\"@type\":\"ReadAction\",\"target\":[\"https:\\\/\\\/rafaramirez.org\\\/blog\\\/index.php\\\/2010\\\/11\\\/16\\\/ciclo-de-cine-en-centro-de-arte-contemporaneo-de-malaga\\\/\"]}]},{\"@type\":\"ImageObject\",\"inLanguage\":\"es\",\"@id\":\"https:\\\/\\\/rafaramirez.org\\\/blog\\\/index.php\\\/2010\\\/11\\\/16\\\/ciclo-de-cine-en-centro-de-arte-contemporaneo-de-malaga\\\/#primaryimage\",\"url\":\"https:\\\/\\\/rafaramirez.org\\\/blog\\\/wp-content\\\/uploads\\\/2010\\\/11\\\/Centro_de_Arte_Contemporaneo_de_Malaga_reduc.jpg\",\"contentUrl\":\"https:\\\/\\\/rafaramirez.org\\\/blog\\\/wp-content\\\/uploads\\\/2010\\\/11\\\/Centro_de_Arte_Contemporaneo_de_Malaga_reduc.jpg\",\"width\":600,\"height\":450},{\"@type\":\"BreadcrumbList\",\"@id\":\"https:\\\/\\\/rafaramirez.org\\\/blog\\\/index.php\\\/2010\\\/11\\\/16\\\/ciclo-de-cine-en-centro-de-arte-contemporaneo-de-malaga\\\/#breadcrumb\",\"itemListElement\":[{\"@type\":\"ListItem\",\"position\":1,\"name\":\"Portada\",\"item\":\"https:\\\/\\\/rafaramirez.org\\\/blog\\\/\"},{\"@type\":\"ListItem\",\"position\":2,\"name\":\"Ciclo de cine en Centro de Arte Contemporaneo de M\u00e1laga\"}]},{\"@type\":\"WebSite\",\"@id\":\"https:\\\/\\\/rafaramirez.org\\\/blog\\\/#website\",\"url\":\"https:\\\/\\\/rafaramirez.org\\\/blog\\\/\",\"name\":\"Blog de Rafael Ram\u00edrez\",\"description\":\"Un sitio social, de arte y cultura\",\"publisher\":{\"@id\":\"https:\\\/\\\/rafaramirez.org\\\/blog\\\/#\\\/schema\\\/person\\\/50f43b6d60c578760d4c17bda54ab6a5\"},\"potentialAction\":[{\"@type\":\"SearchAction\",\"target\":{\"@type\":\"EntryPoint\",\"urlTemplate\":\"https:\\\/\\\/rafaramirez.org\\\/blog\\\/?s={search_term_string}\"},\"query-input\":{\"@type\":\"PropertyValueSpecification\",\"valueRequired\":true,\"valueName\":\"search_term_string\"}}],\"inLanguage\":\"es\"},{\"@type\":[\"Person\",\"Organization\"],\"@id\":\"https:\\\/\\\/rafaramirez.org\\\/blog\\\/#\\\/schema\\\/person\\\/50f43b6d60c578760d4c17bda54ab6a5\",\"name\":\"Rafael Ram\u00edrez\",\"image\":{\"@type\":\"ImageObject\",\"inLanguage\":\"es\",\"@id\":\"https:\\\/\\\/rafaramirez.org\\\/blog\\\/wp-content\\\/uploads\\\/2024\\\/09\\\/RR_socialnetwork.jpg\",\"url\":\"https:\\\/\\\/rafaramirez.org\\\/blog\\\/wp-content\\\/uploads\\\/2024\\\/09\\\/RR_socialnetwork.jpg\",\"contentUrl\":\"https:\\\/\\\/rafaramirez.org\\\/blog\\\/wp-content\\\/uploads\\\/2024\\\/09\\\/RR_socialnetwork.jpg\",\"width\":600,\"height\":606,\"caption\":\"Rafael Ram\u00edrez\"},\"logo\":{\"@id\":\"https:\\\/\\\/rafaramirez.org\\\/blog\\\/wp-content\\\/uploads\\\/2024\\\/09\\\/RR_socialnetwork.jpg\"},\"sameAs\":[\"https:\\\/\\\/www.rafaramirez.org\\\/blog\",\"https:\\\/\\\/www.instagram.com\\\/rafaramirez_ok\\\/\",\"https:\\\/\\\/es.pinterest.com\\\/Ramirez_Rafa\\\/\",\"https:\\\/\\\/x.com\\\/rafaramirez_ok\"],\"url\":\"https:\\\/\\\/rafaramirez.org\\\/blog\\\/index.php\\\/author\\\/rafaell_qm6j97da\\\/\"}]}<\/script>\n<!-- \/ Yoast SEO plugin. -->","yoast_head_json":{"title":"Ciclo de cine en Centro de Arte Contemporaneo de M\u00e1laga - Blog de Rafael Ram\u00edrez","robots":{"index":"index","follow":"follow","max-snippet":"max-snippet:-1","max-image-preview":"max-image-preview:large","max-video-preview":"max-video-preview:-1"},"canonical":"https:\/\/rafaramirez.org\/blog\/index.php\/2010\/11\/16\/ciclo-de-cine-en-centro-de-arte-contemporaneo-de-malaga\/","og_locale":"es_ES","og_type":"article","og_title":"Ciclo de cine en Centro de Arte Contemporaneo de M\u00e1laga - Blog de Rafael Ram\u00edrez","og_description":"Durante todo el mes de noviembre pueden visionarse en el Centro de Arte Contempor\u00e1neo de M\u00e1laga &#8211; CAC una selecci\u00f3n de pel\u00edculas espa\u00f1olas con tem\u00e1tica oriental. El ciclo titulado Fantas\u00edas Orientales, est\u00e1 organizado por el propio CAC y\u00a0Casa \u00c1rabe en colaboraci\u00f3n con Cajamar. El objetivo es mostrar la visi\u00f3n\u00a0ex\u00f3tica y cargada de estereotipos que Occidente, [&hellip;]","og_url":"https:\/\/rafaramirez.org\/blog\/index.php\/2010\/11\/16\/ciclo-de-cine-en-centro-de-arte-contemporaneo-de-malaga\/","og_site_name":"Blog de Rafael Ram\u00edrez","article_published_time":"2010-11-16T11:31:52+00:00","article_modified_time":"2024-01-18T15:07:18+00:00","og_image":[{"width":600,"height":450,"url":"https:\/\/rafaramirez.org\/blog\/wp-content\/uploads\/2010\/11\/Centro_de_Arte_Contemporaneo_de_Malaga_reduc.jpg","type":"image\/jpeg"}],"author":"Rafael Ram\u00edrez","twitter_card":"summary_large_image","twitter_creator":"@rafaramirez_ok","twitter_site":"@rafaramirez_ok","twitter_misc":{"Escrito por":"Rafael Ram\u00edrez","Tiempo de lectura":"1 minuto"},"schema":{"@context":"https:\/\/schema.org","@graph":[{"@type":"Article","@id":"https:\/\/rafaramirez.org\/blog\/index.php\/2010\/11\/16\/ciclo-de-cine-en-centro-de-arte-contemporaneo-de-malaga\/#article","isPartOf":{"@id":"https:\/\/rafaramirez.org\/blog\/index.php\/2010\/11\/16\/ciclo-de-cine-en-centro-de-arte-contemporaneo-de-malaga\/"},"author":{"name":"Rafael Ram\u00edrez","@id":"https:\/\/rafaramirez.org\/blog\/#\/schema\/person\/50f43b6d60c578760d4c17bda54ab6a5"},"headline":"Ciclo de cine en Centro de Arte Contemporaneo de M\u00e1laga","datePublished":"2010-11-16T11:31:52+00:00","dateModified":"2024-01-18T15:07:18+00:00","mainEntityOfPage":{"@id":"https:\/\/rafaramirez.org\/blog\/index.php\/2010\/11\/16\/ciclo-de-cine-en-centro-de-arte-contemporaneo-de-malaga\/"},"wordCount":179,"commentCount":0,"publisher":{"@id":"https:\/\/rafaramirez.org\/blog\/#\/schema\/person\/50f43b6d60c578760d4c17bda54ab6a5"},"image":{"@id":"https:\/\/rafaramirez.org\/blog\/index.php\/2010\/11\/16\/ciclo-de-cine-en-centro-de-arte-contemporaneo-de-malaga\/#primaryimage"},"thumbnailUrl":"https:\/\/rafaramirez.org\/blog\/wp-content\/uploads\/2010\/11\/Centro_de_Arte_Contemporaneo_de_Malaga_reduc.jpg","keywords":["cac m\u00e1laga","Centro de Arte Contemporaneo de M\u00e1laga","Ciclo de cine","Fantas\u00edas Orientales","M\u00e1laga"],"articleSection":["Cine"],"inLanguage":"es","potentialAction":[{"@type":"CommentAction","name":"Comment","target":["https:\/\/rafaramirez.org\/blog\/index.php\/2010\/11\/16\/ciclo-de-cine-en-centro-de-arte-contemporaneo-de-malaga\/#respond"]}]},{"@type":"WebPage","@id":"https:\/\/rafaramirez.org\/blog\/index.php\/2010\/11\/16\/ciclo-de-cine-en-centro-de-arte-contemporaneo-de-malaga\/","url":"https:\/\/rafaramirez.org\/blog\/index.php\/2010\/11\/16\/ciclo-de-cine-en-centro-de-arte-contemporaneo-de-malaga\/","name":"Ciclo de cine en Centro de Arte Contemporaneo de M\u00e1laga - Blog de Rafael Ram\u00edrez","isPartOf":{"@id":"https:\/\/rafaramirez.org\/blog\/#website"},"primaryImageOfPage":{"@id":"https:\/\/rafaramirez.org\/blog\/index.php\/2010\/11\/16\/ciclo-de-cine-en-centro-de-arte-contemporaneo-de-malaga\/#primaryimage"},"image":{"@id":"https:\/\/rafaramirez.org\/blog\/index.php\/2010\/11\/16\/ciclo-de-cine-en-centro-de-arte-contemporaneo-de-malaga\/#primaryimage"},"thumbnailUrl":"https:\/\/rafaramirez.org\/blog\/wp-content\/uploads\/2010\/11\/Centro_de_Arte_Contemporaneo_de_Malaga_reduc.jpg","datePublished":"2010-11-16T11:31:52+00:00","dateModified":"2024-01-18T15:07:18+00:00","breadcrumb":{"@id":"https:\/\/rafaramirez.org\/blog\/index.php\/2010\/11\/16\/ciclo-de-cine-en-centro-de-arte-contemporaneo-de-malaga\/#breadcrumb"},"inLanguage":"es","potentialAction":[{"@type":"ReadAction","target":["https:\/\/rafaramirez.org\/blog\/index.php\/2010\/11\/16\/ciclo-de-cine-en-centro-de-arte-contemporaneo-de-malaga\/"]}]},{"@type":"ImageObject","inLanguage":"es","@id":"https:\/\/rafaramirez.org\/blog\/index.php\/2010\/11\/16\/ciclo-de-cine-en-centro-de-arte-contemporaneo-de-malaga\/#primaryimage","url":"https:\/\/rafaramirez.org\/blog\/wp-content\/uploads\/2010\/11\/Centro_de_Arte_Contemporaneo_de_Malaga_reduc.jpg","contentUrl":"https:\/\/rafaramirez.org\/blog\/wp-content\/uploads\/2010\/11\/Centro_de_Arte_Contemporaneo_de_Malaga_reduc.jpg","width":600,"height":450},{"@type":"BreadcrumbList","@id":"https:\/\/rafaramirez.org\/blog\/index.php\/2010\/11\/16\/ciclo-de-cine-en-centro-de-arte-contemporaneo-de-malaga\/#breadcrumb","itemListElement":[{"@type":"ListItem","position":1,"name":"Portada","item":"https:\/\/rafaramirez.org\/blog\/"},{"@type":"ListItem","position":2,"name":"Ciclo de cine en Centro de Arte Contemporaneo de M\u00e1laga"}]},{"@type":"WebSite","@id":"https:\/\/rafaramirez.org\/blog\/#website","url":"https:\/\/rafaramirez.org\/blog\/","name":"Blog de Rafael Ram\u00edrez","description":"Un sitio social, de arte y cultura","publisher":{"@id":"https:\/\/rafaramirez.org\/blog\/#\/schema\/person\/50f43b6d60c578760d4c17bda54ab6a5"},"potentialAction":[{"@type":"SearchAction","target":{"@type":"EntryPoint","urlTemplate":"https:\/\/rafaramirez.org\/blog\/?s={search_term_string}"},"query-input":{"@type":"PropertyValueSpecification","valueRequired":true,"valueName":"search_term_string"}}],"inLanguage":"es"},{"@type":["Person","Organization"],"@id":"https:\/\/rafaramirez.org\/blog\/#\/schema\/person\/50f43b6d60c578760d4c17bda54ab6a5","name":"Rafael Ram\u00edrez","image":{"@type":"ImageObject","inLanguage":"es","@id":"https:\/\/rafaramirez.org\/blog\/wp-content\/uploads\/2024\/09\/RR_socialnetwork.jpg","url":"https:\/\/rafaramirez.org\/blog\/wp-content\/uploads\/2024\/09\/RR_socialnetwork.jpg","contentUrl":"https:\/\/rafaramirez.org\/blog\/wp-content\/uploads\/2024\/09\/RR_socialnetwork.jpg","width":600,"height":606,"caption":"Rafael Ram\u00edrez"},"logo":{"@id":"https:\/\/rafaramirez.org\/blog\/wp-content\/uploads\/2024\/09\/RR_socialnetwork.jpg"},"sameAs":["https:\/\/www.rafaramirez.org\/blog","https:\/\/www.instagram.com\/rafaramirez_ok\/","https:\/\/es.pinterest.com\/Ramirez_Rafa\/","https:\/\/x.com\/rafaramirez_ok"],"url":"https:\/\/rafaramirez.org\/blog\/index.php\/author\/rafaell_qm6j97da\/"}]}},"jetpack_publicize_connections":[],"jetpack_sharing_enabled":true,"jetpack_likes_enabled":true,"jetpack_featured_media_url":"https:\/\/rafaramirez.org\/blog\/wp-content\/uploads\/2010\/11\/Centro_de_Arte_Contemporaneo_de_Malaga_reduc.jpg","_links":{"self":[{"href":"https:\/\/rafaramirez.org\/blog\/index.php\/wp-json\/wp\/v2\/posts\/1248","targetHints":{"allow":["GET"]}}],"collection":[{"href":"https:\/\/rafaramirez.org\/blog\/index.php\/wp-json\/wp\/v2\/posts"}],"about":[{"href":"https:\/\/rafaramirez.org\/blog\/index.php\/wp-json\/wp\/v2\/types\/post"}],"author":[{"embeddable":true,"href":"https:\/\/rafaramirez.org\/blog\/index.php\/wp-json\/wp\/v2\/users\/1"}],"replies":[{"embeddable":true,"href":"https:\/\/rafaramirez.org\/blog\/index.php\/wp-json\/wp\/v2\/comments?post=1248"}],"version-history":[{"count":2,"href":"https:\/\/rafaramirez.org\/blog\/index.php\/wp-json\/wp\/v2\/posts\/1248\/revisions"}],"predecessor-version":[{"id":2616,"href":"https:\/\/rafaramirez.org\/blog\/index.php\/wp-json\/wp\/v2\/posts\/1248\/revisions\/2616"}],"wp:featuredmedia":[{"embeddable":true,"href":"https:\/\/rafaramirez.org\/blog\/index.php\/wp-json\/wp\/v2\/media\/2614"}],"wp:attachment":[{"href":"https:\/\/rafaramirez.org\/blog\/index.php\/wp-json\/wp\/v2\/media?parent=1248"}],"wp:term":[{"taxonomy":"category","embeddable":true,"href":"https:\/\/rafaramirez.org\/blog\/index.php\/wp-json\/wp\/v2\/categories?post=1248"},{"taxonomy":"post_tag","embeddable":true,"href":"https:\/\/rafaramirez.org\/blog\/index.php\/wp-json\/wp\/v2\/tags?post=1248"}],"curies":[{"name":"wp","href":"https:\/\/api.w.org\/{rel}","templated":true}]}}