{"id":1247,"date":"2010-11-15T13:26:49","date_gmt":"2010-11-15T11:26:49","guid":{"rendered":"http:\/\/rafaelramirez.co.cc\/?p=982"},"modified":"2025-06-17T13:13:25","modified_gmt":"2025-06-17T11:13:25","slug":"paseando-por-malaga-fotos-para-empezar-la-semana","status":"publish","type":"post","link":"https:\/\/rafaramirez.org\/blog\/index.php\/2010\/11\/15\/paseando-por-malaga-fotos-para-empezar-la-semana\/","title":{"rendered":"Paseando por M\u00e1laga, fotos para empezar la semana."},"content":{"rendered":"<figure id=\"attachment_983\" aria-describedby=\"caption-attachment-983\" style=\"width: 300px\" class=\"wp-caption alignnone\"><a href=\"https:\/\/rafaramirez.org\/blog\/wp-content\/uploads\/2010\/11\/Arlequin_resize.jpg\" target=\"_blank\" rel=\"noopener\"><img loading=\"lazy\" decoding=\"async\" class=\"wp-image-983 size-medium\" title=\"Arlequin en M\u00e1laga\" src=\"https:\/\/rafaramirez.org\/blog\/wp-content\/uploads\/2010\/11\/Arlequin_resize-300x293.jpg\" alt=\"\" width=\"300\" height=\"293\" \/><\/a><figcaption id=\"caption-attachment-983\" class=\"wp-caption-text\">Clic para ampliar<\/figcaption><\/figure>\n<p>En la calle Larios me encuentro a este Arlequ\u00edn disfrazado de payaso o al rev\u00e9s; hace globos y el mundo parece girar alrededor de \u00e9l y del ni\u00f1o que le mira.<\/p>\n<figure id=\"attachment_984\" aria-describedby=\"caption-attachment-984\" style=\"width: 188px\" class=\"wp-caption alignnone\"><a href=\"https:\/\/rafaramirez.org\/blog\/wp-content\/uploads\/2010\/11\/Catedral_Malaga_resize.jpg\" target=\"_blank\" rel=\"noopener\"><img loading=\"lazy\" decoding=\"async\" class=\"wp-image-984 size-medium\" title=\"Catedral de M\u00e1laga\" src=\"https:\/\/rafaramirez.org\/blog\/wp-content\/uploads\/2010\/11\/Catedral_Malaga_resize-188x300.jpg\" alt=\"\" width=\"188\" height=\"300\" \/><\/a><figcaption id=\"caption-attachment-984\" class=\"wp-caption-text\">Clic para ampliar<\/figcaption><\/figure>\n<p>Majestuosa se levanta la Catedral de M\u00e1laga. La <em>\u00abmanquita\u00bb<\/em> pareciera estar \u00a0observ\u00e1ndonos desde las alturas.<\/p>\n<figure id=\"attachment_985\" aria-describedby=\"caption-attachment-985\" style=\"width: 225px\" class=\"wp-caption alignnone\"><a href=\"https:\/\/rafaramirez.org\/blog\/wp-content\/uploads\/2010\/11\/HANS_CRISTIAN_ANDERSEN_RRam.jpg\" target=\"_blank\" rel=\"noopener\"><img loading=\"lazy\" decoding=\"async\" class=\"wp-image-985 size-medium\" title=\"HANS CHRISTIAN ANDERSEN\" src=\"https:\/\/rafaramirez.org\/blog\/wp-content\/uploads\/2010\/11\/HANS_CRISTIAN_ANDERSEN_RRam-225x300.jpg\" alt=\"\" width=\"225\" height=\"300\" \/><\/a><figcaption id=\"caption-attachment-985\" class=\"wp-caption-text\">Clic para ampliar<\/figcaption><\/figure>\n<p>Hans Christian\u00a0 Andersen, viajero incansable y escritor de historias fant\u00e1sticas, espera paciente alg\u00fan viandante que quiera compartir con \u00e9l al menos el ratito de la foto.<\/p>\n","protected":false},"excerpt":{"rendered":"<p>En la calle Larios me encuentro a este Arlequ\u00edn disfrazado de payaso o al rev\u00e9s; hace globos y el mundo parece girar alrededor de \u00e9l y del ni\u00f1o que le mira. Majestuosa se levanta la Catedral de M\u00e1laga. La \u00abmanquita\u00bb pareciera estar \u00a0observ\u00e1ndonos desde las alturas. Hans Christian\u00a0 Andersen, viajero incansable y escritor de historias [&hellip;]<\/p>\n","protected":false},"author":1,"featured_media":2618,"comment_status":"open","ping_status":"closed","sticky":false,"template":"","format":"standard","meta":{"site-container-style":"default","site-container-layout":"default","site-sidebar-layout":"default","disable-article-header":"default","disable-site-header":"default","disable-site-footer":"default","disable-content-area-spacing":"default","_jetpack_newsletter_access":"","_jetpack_dont_email_post_to_subs":false,"_jetpack_newsletter_tier_id":0,"_jetpack_memberships_contains_paywalled_content":false,"_jetpack_feature_clip_id":0,"_jetpack_memberships_contains_paid_content":false,"footnotes":"","jetpack_publicize_message":"","jetpack_publicize_feature_enabled":true,"jetpack_social_post_already_shared":true,"jetpack_social_options":{"image_generator_settings":{"template":"highway","default_image_id":0,"font":"","enabled":false},"version":2},"jetpack_post_was_ever_published":false},"categories":[3],"tags":[632,631,629,198,628,630,627,633],"class_list":["post-1247","post","type-post","status-publish","format-standard","has-post-thumbnail","hentry","category-fotografia","tag-arlequin","tag-calle-larios","tag-catedral-de-malaga","tag-fotos-de-malaga","tag-hans-christian-andersen","tag-la-manquita","tag-paseando-por-malaga","tag-payaso"],"yoast_head":"<!-- This site is optimized with the Yoast SEO plugin v28.4 - https:\/\/yoast.com\/product\/yoast-seo-wordpress\/ -->\n<title>Paseando por M\u00e1laga, fotos para empezar la semana. - Blog de Rafael Ram\u00edrez<\/title>\n<meta name=\"robots\" content=\"index, follow, max-snippet:-1, max-image-preview:large, max-video-preview:-1\" \/>\n<link rel=\"canonical\" href=\"https:\/\/rafaramirez.org\/blog\/index.php\/2010\/11\/15\/paseando-por-malaga-fotos-para-empezar-la-semana\/\" \/>\n<meta property=\"og:locale\" content=\"es_ES\" \/>\n<meta property=\"og:type\" content=\"article\" \/>\n<meta property=\"og:title\" content=\"Paseando por M\u00e1laga, fotos para empezar la semana. - Blog de Rafael Ram\u00edrez\" \/>\n<meta property=\"og:description\" content=\"En la calle Larios me encuentro a este Arlequ\u00edn disfrazado de payaso o al rev\u00e9s; hace globos y el mundo parece girar alrededor de \u00e9l y del ni\u00f1o que le mira. Majestuosa se levanta la Catedral de M\u00e1laga. La \u00abmanquita\u00bb pareciera estar \u00a0observ\u00e1ndonos desde las alturas. Hans Christian\u00a0 Andersen, viajero incansable y escritor de historias [&hellip;]\" \/>\n<meta property=\"og:url\" content=\"https:\/\/rafaramirez.org\/blog\/index.php\/2010\/11\/15\/paseando-por-malaga-fotos-para-empezar-la-semana\/\" \/>\n<meta property=\"og:site_name\" content=\"Blog de Rafael Ram\u00edrez\" \/>\n<meta property=\"article:published_time\" content=\"2010-11-15T11:26:49+00:00\" \/>\n<meta property=\"article:modified_time\" content=\"2025-06-17T11:13:25+00:00\" \/>\n<meta property=\"og:image\" content=\"https:\/\/rafaramirez.org\/blog\/wp-content\/uploads\/2010\/11\/arlequin-1.jpg\" \/>\n\t<meta property=\"og:image:width\" content=\"700\" \/>\n\t<meta property=\"og:image:height\" content=\"368\" \/>\n\t<meta property=\"og:image:type\" content=\"image\/jpeg\" \/>\n<meta name=\"author\" content=\"Rafael Ram\u00edrez\" \/>\n<meta name=\"twitter:card\" content=\"summary_large_image\" \/>\n<meta name=\"twitter:creator\" content=\"@rafaramirez_ok\" \/>\n<meta name=\"twitter:site\" content=\"@rafaramirez_ok\" \/>\n<meta name=\"twitter:label1\" content=\"Escrito por\" \/>\n\t<meta name=\"twitter:data1\" content=\"Rafael Ram\u00edrez\" \/>\n\t<meta name=\"twitter:label2\" content=\"Tiempo de lectura\" \/>\n\t<meta name=\"twitter:data2\" content=\"2 minutos\" \/>\n<script type=\"application\/ld+json\" class=\"yoast-schema-graph\">{\"@context\":\"https:\\\/\\\/schema.org\",\"@graph\":[{\"@type\":\"Article\",\"@id\":\"https:\\\/\\\/rafaramirez.org\\\/blog\\\/index.php\\\/2010\\\/11\\\/15\\\/paseando-por-malaga-fotos-para-empezar-la-semana\\\/#article\",\"isPartOf\":{\"@id\":\"https:\\\/\\\/rafaramirez.org\\\/blog\\\/index.php\\\/2010\\\/11\\\/15\\\/paseando-por-malaga-fotos-para-empezar-la-semana\\\/\"},\"author\":{\"name\":\"Rafael Ram\u00edrez\",\"@id\":\"https:\\\/\\\/rafaramirez.org\\\/blog\\\/#\\\/schema\\\/person\\\/50f43b6d60c578760d4c17bda54ab6a5\"},\"headline\":\"Paseando por M\u00e1laga, fotos para empezar la semana.\",\"datePublished\":\"2010-11-15T11:26:49+00:00\",\"dateModified\":\"2025-06-17T11:13:25+00:00\",\"mainEntityOfPage\":{\"@id\":\"https:\\\/\\\/rafaramirez.org\\\/blog\\\/index.php\\\/2010\\\/11\\\/15\\\/paseando-por-malaga-fotos-para-empezar-la-semana\\\/\"},\"wordCount\":118,\"commentCount\":0,\"publisher\":{\"@id\":\"https:\\\/\\\/rafaramirez.org\\\/blog\\\/#\\\/schema\\\/person\\\/50f43b6d60c578760d4c17bda54ab6a5\"},\"image\":{\"@id\":\"https:\\\/\\\/rafaramirez.org\\\/blog\\\/index.php\\\/2010\\\/11\\\/15\\\/paseando-por-malaga-fotos-para-empezar-la-semana\\\/#primaryimage\"},\"thumbnailUrl\":\"https:\\\/\\\/rafaramirez.org\\\/blog\\\/wp-content\\\/uploads\\\/2010\\\/11\\\/arlequin-1.jpg\",\"keywords\":[\"Arlequ\u00edn\",\"calle Larios\",\"Catedral de M\u00e1laga\",\"fotos de m\u00e1laga\",\"Hans Christian\u00a0 Andersen\",\"La manquita\",\"paseando por m\u00e1laga\",\"payaso\"],\"articleSection\":[\"Fotograf\u00eda &amp; Arte digital\"],\"inLanguage\":\"es\",\"potentialAction\":[{\"@type\":\"CommentAction\",\"name\":\"Comment\",\"target\":[\"https:\\\/\\\/rafaramirez.org\\\/blog\\\/index.php\\\/2010\\\/11\\\/15\\\/paseando-por-malaga-fotos-para-empezar-la-semana\\\/#respond\"]}]},{\"@type\":\"WebPage\",\"@id\":\"https:\\\/\\\/rafaramirez.org\\\/blog\\\/index.php\\\/2010\\\/11\\\/15\\\/paseando-por-malaga-fotos-para-empezar-la-semana\\\/\",\"url\":\"https:\\\/\\\/rafaramirez.org\\\/blog\\\/index.php\\\/2010\\\/11\\\/15\\\/paseando-por-malaga-fotos-para-empezar-la-semana\\\/\",\"name\":\"Paseando por M\u00e1laga, fotos para empezar la semana. - Blog de Rafael Ram\u00edrez\",\"isPartOf\":{\"@id\":\"https:\\\/\\\/rafaramirez.org\\\/blog\\\/#website\"},\"primaryImageOfPage\":{\"@id\":\"https:\\\/\\\/rafaramirez.org\\\/blog\\\/index.php\\\/2010\\\/11\\\/15\\\/paseando-por-malaga-fotos-para-empezar-la-semana\\\/#primaryimage\"},\"image\":{\"@id\":\"https:\\\/\\\/rafaramirez.org\\\/blog\\\/index.php\\\/2010\\\/11\\\/15\\\/paseando-por-malaga-fotos-para-empezar-la-semana\\\/#primaryimage\"},\"thumbnailUrl\":\"https:\\\/\\\/rafaramirez.org\\\/blog\\\/wp-content\\\/uploads\\\/2010\\\/11\\\/arlequin-1.jpg\",\"datePublished\":\"2010-11-15T11:26:49+00:00\",\"dateModified\":\"2025-06-17T11:13:25+00:00\",\"breadcrumb\":{\"@id\":\"https:\\\/\\\/rafaramirez.org\\\/blog\\\/index.php\\\/2010\\\/11\\\/15\\\/paseando-por-malaga-fotos-para-empezar-la-semana\\\/#breadcrumb\"},\"inLanguage\":\"es\",\"potentialAction\":[{\"@type\":\"ReadAction\",\"target\":[\"https:\\\/\\\/rafaramirez.org\\\/blog\\\/index.php\\\/2010\\\/11\\\/15\\\/paseando-por-malaga-fotos-para-empezar-la-semana\\\/\"]}]},{\"@type\":\"ImageObject\",\"inLanguage\":\"es\",\"@id\":\"https:\\\/\\\/rafaramirez.org\\\/blog\\\/index.php\\\/2010\\\/11\\\/15\\\/paseando-por-malaga-fotos-para-empezar-la-semana\\\/#primaryimage\",\"url\":\"https:\\\/\\\/rafaramirez.org\\\/blog\\\/wp-content\\\/uploads\\\/2010\\\/11\\\/arlequin-1.jpg\",\"contentUrl\":\"https:\\\/\\\/rafaramirez.org\\\/blog\\\/wp-content\\\/uploads\\\/2010\\\/11\\\/arlequin-1.jpg\",\"width\":700,\"height\":368},{\"@type\":\"BreadcrumbList\",\"@id\":\"https:\\\/\\\/rafaramirez.org\\\/blog\\\/index.php\\\/2010\\\/11\\\/15\\\/paseando-por-malaga-fotos-para-empezar-la-semana\\\/#breadcrumb\",\"itemListElement\":[{\"@type\":\"ListItem\",\"position\":1,\"name\":\"Portada\",\"item\":\"https:\\\/\\\/rafaramirez.org\\\/blog\\\/\"},{\"@type\":\"ListItem\",\"position\":2,\"name\":\"Paseando por M\u00e1laga, fotos para empezar la semana.\"}]},{\"@type\":\"WebSite\",\"@id\":\"https:\\\/\\\/rafaramirez.org\\\/blog\\\/#website\",\"url\":\"https:\\\/\\\/rafaramirez.org\\\/blog\\\/\",\"name\":\"Blog de Rafael Ram\u00edrez\",\"description\":\"Un sitio social, de arte y cultura\",\"publisher\":{\"@id\":\"https:\\\/\\\/rafaramirez.org\\\/blog\\\/#\\\/schema\\\/person\\\/50f43b6d60c578760d4c17bda54ab6a5\"},\"potentialAction\":[{\"@type\":\"SearchAction\",\"target\":{\"@type\":\"EntryPoint\",\"urlTemplate\":\"https:\\\/\\\/rafaramirez.org\\\/blog\\\/?s={search_term_string}\"},\"query-input\":{\"@type\":\"PropertyValueSpecification\",\"valueRequired\":true,\"valueName\":\"search_term_string\"}}],\"inLanguage\":\"es\"},{\"@type\":[\"Person\",\"Organization\"],\"@id\":\"https:\\\/\\\/rafaramirez.org\\\/blog\\\/#\\\/schema\\\/person\\\/50f43b6d60c578760d4c17bda54ab6a5\",\"name\":\"Rafael Ram\u00edrez\",\"image\":{\"@type\":\"ImageObject\",\"inLanguage\":\"es\",\"@id\":\"https:\\\/\\\/rafaramirez.org\\\/blog\\\/wp-content\\\/uploads\\\/2024\\\/09\\\/RR_socialnetwork.jpg\",\"url\":\"https:\\\/\\\/rafaramirez.org\\\/blog\\\/wp-content\\\/uploads\\\/2024\\\/09\\\/RR_socialnetwork.jpg\",\"contentUrl\":\"https:\\\/\\\/rafaramirez.org\\\/blog\\\/wp-content\\\/uploads\\\/2024\\\/09\\\/RR_socialnetwork.jpg\",\"width\":600,\"height\":606,\"caption\":\"Rafael Ram\u00edrez\"},\"logo\":{\"@id\":\"https:\\\/\\\/rafaramirez.org\\\/blog\\\/wp-content\\\/uploads\\\/2024\\\/09\\\/RR_socialnetwork.jpg\"},\"sameAs\":[\"https:\\\/\\\/www.rafaramirez.org\\\/blog\",\"https:\\\/\\\/www.instagram.com\\\/rafaramirez_ok\\\/\",\"https:\\\/\\\/es.pinterest.com\\\/Ramirez_Rafa\\\/\",\"https:\\\/\\\/x.com\\\/rafaramirez_ok\"],\"url\":\"https:\\\/\\\/rafaramirez.org\\\/blog\\\/index.php\\\/author\\\/rafaell_qm6j97da\\\/\"}]}<\/script>\n<!-- \/ Yoast SEO plugin. -->","yoast_head_json":{"title":"Paseando por M\u00e1laga, fotos para empezar la semana. - Blog de Rafael Ram\u00edrez","robots":{"index":"index","follow":"follow","max-snippet":"max-snippet:-1","max-image-preview":"max-image-preview:large","max-video-preview":"max-video-preview:-1"},"canonical":"https:\/\/rafaramirez.org\/blog\/index.php\/2010\/11\/15\/paseando-por-malaga-fotos-para-empezar-la-semana\/","og_locale":"es_ES","og_type":"article","og_title":"Paseando por M\u00e1laga, fotos para empezar la semana. - Blog de Rafael Ram\u00edrez","og_description":"En la calle Larios me encuentro a este Arlequ\u00edn disfrazado de payaso o al rev\u00e9s; hace globos y el mundo parece girar alrededor de \u00e9l y del ni\u00f1o que le mira. Majestuosa se levanta la Catedral de M\u00e1laga. La \u00abmanquita\u00bb pareciera estar \u00a0observ\u00e1ndonos desde las alturas. Hans Christian\u00a0 Andersen, viajero incansable y escritor de historias [&hellip;]","og_url":"https:\/\/rafaramirez.org\/blog\/index.php\/2010\/11\/15\/paseando-por-malaga-fotos-para-empezar-la-semana\/","og_site_name":"Blog de Rafael Ram\u00edrez","article_published_time":"2010-11-15T11:26:49+00:00","article_modified_time":"2025-06-17T11:13:25+00:00","og_image":[{"width":700,"height":368,"url":"https:\/\/rafaramirez.org\/blog\/wp-content\/uploads\/2010\/11\/arlequin-1.jpg","type":"image\/jpeg"}],"author":"Rafael Ram\u00edrez","twitter_card":"summary_large_image","twitter_creator":"@rafaramirez_ok","twitter_site":"@rafaramirez_ok","twitter_misc":{"Escrito por":"Rafael Ram\u00edrez","Tiempo de lectura":"2 minutos"},"schema":{"@context":"https:\/\/schema.org","@graph":[{"@type":"Article","@id":"https:\/\/rafaramirez.org\/blog\/index.php\/2010\/11\/15\/paseando-por-malaga-fotos-para-empezar-la-semana\/#article","isPartOf":{"@id":"https:\/\/rafaramirez.org\/blog\/index.php\/2010\/11\/15\/paseando-por-malaga-fotos-para-empezar-la-semana\/"},"author":{"name":"Rafael Ram\u00edrez","@id":"https:\/\/rafaramirez.org\/blog\/#\/schema\/person\/50f43b6d60c578760d4c17bda54ab6a5"},"headline":"Paseando por M\u00e1laga, fotos para empezar la semana.","datePublished":"2010-11-15T11:26:49+00:00","dateModified":"2025-06-17T11:13:25+00:00","mainEntityOfPage":{"@id":"https:\/\/rafaramirez.org\/blog\/index.php\/2010\/11\/15\/paseando-por-malaga-fotos-para-empezar-la-semana\/"},"wordCount":118,"commentCount":0,"publisher":{"@id":"https:\/\/rafaramirez.org\/blog\/#\/schema\/person\/50f43b6d60c578760d4c17bda54ab6a5"},"image":{"@id":"https:\/\/rafaramirez.org\/blog\/index.php\/2010\/11\/15\/paseando-por-malaga-fotos-para-empezar-la-semana\/#primaryimage"},"thumbnailUrl":"https:\/\/rafaramirez.org\/blog\/wp-content\/uploads\/2010\/11\/arlequin-1.jpg","keywords":["Arlequ\u00edn","calle Larios","Catedral de M\u00e1laga","fotos de m\u00e1laga","Hans Christian\u00a0 Andersen","La manquita","paseando por m\u00e1laga","payaso"],"articleSection":["Fotograf\u00eda &amp; Arte digital"],"inLanguage":"es","potentialAction":[{"@type":"CommentAction","name":"Comment","target":["https:\/\/rafaramirez.org\/blog\/index.php\/2010\/11\/15\/paseando-por-malaga-fotos-para-empezar-la-semana\/#respond"]}]},{"@type":"WebPage","@id":"https:\/\/rafaramirez.org\/blog\/index.php\/2010\/11\/15\/paseando-por-malaga-fotos-para-empezar-la-semana\/","url":"https:\/\/rafaramirez.org\/blog\/index.php\/2010\/11\/15\/paseando-por-malaga-fotos-para-empezar-la-semana\/","name":"Paseando por M\u00e1laga, fotos para empezar la semana. - Blog de Rafael Ram\u00edrez","isPartOf":{"@id":"https:\/\/rafaramirez.org\/blog\/#website"},"primaryImageOfPage":{"@id":"https:\/\/rafaramirez.org\/blog\/index.php\/2010\/11\/15\/paseando-por-malaga-fotos-para-empezar-la-semana\/#primaryimage"},"image":{"@id":"https:\/\/rafaramirez.org\/blog\/index.php\/2010\/11\/15\/paseando-por-malaga-fotos-para-empezar-la-semana\/#primaryimage"},"thumbnailUrl":"https:\/\/rafaramirez.org\/blog\/wp-content\/uploads\/2010\/11\/arlequin-1.jpg","datePublished":"2010-11-15T11:26:49+00:00","dateModified":"2025-06-17T11:13:25+00:00","breadcrumb":{"@id":"https:\/\/rafaramirez.org\/blog\/index.php\/2010\/11\/15\/paseando-por-malaga-fotos-para-empezar-la-semana\/#breadcrumb"},"inLanguage":"es","potentialAction":[{"@type":"ReadAction","target":["https:\/\/rafaramirez.org\/blog\/index.php\/2010\/11\/15\/paseando-por-malaga-fotos-para-empezar-la-semana\/"]}]},{"@type":"ImageObject","inLanguage":"es","@id":"https:\/\/rafaramirez.org\/blog\/index.php\/2010\/11\/15\/paseando-por-malaga-fotos-para-empezar-la-semana\/#primaryimage","url":"https:\/\/rafaramirez.org\/blog\/wp-content\/uploads\/2010\/11\/arlequin-1.jpg","contentUrl":"https:\/\/rafaramirez.org\/blog\/wp-content\/uploads\/2010\/11\/arlequin-1.jpg","width":700,"height":368},{"@type":"BreadcrumbList","@id":"https:\/\/rafaramirez.org\/blog\/index.php\/2010\/11\/15\/paseando-por-malaga-fotos-para-empezar-la-semana\/#breadcrumb","itemListElement":[{"@type":"ListItem","position":1,"name":"Portada","item":"https:\/\/rafaramirez.org\/blog\/"},{"@type":"ListItem","position":2,"name":"Paseando por M\u00e1laga, fotos para empezar la semana."}]},{"@type":"WebSite","@id":"https:\/\/rafaramirez.org\/blog\/#website","url":"https:\/\/rafaramirez.org\/blog\/","name":"Blog de Rafael Ram\u00edrez","description":"Un sitio social, de arte y cultura","publisher":{"@id":"https:\/\/rafaramirez.org\/blog\/#\/schema\/person\/50f43b6d60c578760d4c17bda54ab6a5"},"potentialAction":[{"@type":"SearchAction","target":{"@type":"EntryPoint","urlTemplate":"https:\/\/rafaramirez.org\/blog\/?s={search_term_string}"},"query-input":{"@type":"PropertyValueSpecification","valueRequired":true,"valueName":"search_term_string"}}],"inLanguage":"es"},{"@type":["Person","Organization"],"@id":"https:\/\/rafaramirez.org\/blog\/#\/schema\/person\/50f43b6d60c578760d4c17bda54ab6a5","name":"Rafael Ram\u00edrez","image":{"@type":"ImageObject","inLanguage":"es","@id":"https:\/\/rafaramirez.org\/blog\/wp-content\/uploads\/2024\/09\/RR_socialnetwork.jpg","url":"https:\/\/rafaramirez.org\/blog\/wp-content\/uploads\/2024\/09\/RR_socialnetwork.jpg","contentUrl":"https:\/\/rafaramirez.org\/blog\/wp-content\/uploads\/2024\/09\/RR_socialnetwork.jpg","width":600,"height":606,"caption":"Rafael Ram\u00edrez"},"logo":{"@id":"https:\/\/rafaramirez.org\/blog\/wp-content\/uploads\/2024\/09\/RR_socialnetwork.jpg"},"sameAs":["https:\/\/www.rafaramirez.org\/blog","https:\/\/www.instagram.com\/rafaramirez_ok\/","https:\/\/es.pinterest.com\/Ramirez_Rafa\/","https:\/\/x.com\/rafaramirez_ok"],"url":"https:\/\/rafaramirez.org\/blog\/index.php\/author\/rafaell_qm6j97da\/"}]}},"jetpack_publicize_connections":[],"jetpack_sharing_enabled":true,"jetpack_likes_enabled":true,"jetpack_featured_media_url":"https:\/\/rafaramirez.org\/blog\/wp-content\/uploads\/2010\/11\/arlequin-1.jpg","_links":{"self":[{"href":"https:\/\/rafaramirez.org\/blog\/index.php\/wp-json\/wp\/v2\/posts\/1247","targetHints":{"allow":["GET"]}}],"collection":[{"href":"https:\/\/rafaramirez.org\/blog\/index.php\/wp-json\/wp\/v2\/posts"}],"about":[{"href":"https:\/\/rafaramirez.org\/blog\/index.php\/wp-json\/wp\/v2\/types\/post"}],"author":[{"embeddable":true,"href":"https:\/\/rafaramirez.org\/blog\/index.php\/wp-json\/wp\/v2\/users\/1"}],"replies":[{"embeddable":true,"href":"https:\/\/rafaramirez.org\/blog\/index.php\/wp-json\/wp\/v2\/comments?post=1247"}],"version-history":[{"count":2,"href":"https:\/\/rafaramirez.org\/blog\/index.php\/wp-json\/wp\/v2\/posts\/1247\/revisions"}],"predecessor-version":[{"id":9724,"href":"https:\/\/rafaramirez.org\/blog\/index.php\/wp-json\/wp\/v2\/posts\/1247\/revisions\/9724"}],"wp:featuredmedia":[{"embeddable":true,"href":"https:\/\/rafaramirez.org\/blog\/index.php\/wp-json\/wp\/v2\/media\/2618"}],"wp:attachment":[{"href":"https:\/\/rafaramirez.org\/blog\/index.php\/wp-json\/wp\/v2\/media?parent=1247"}],"wp:term":[{"taxonomy":"category","embeddable":true,"href":"https:\/\/rafaramirez.org\/blog\/index.php\/wp-json\/wp\/v2\/categories?post=1247"},{"taxonomy":"post_tag","embeddable":true,"href":"https:\/\/rafaramirez.org\/blog\/index.php\/wp-json\/wp\/v2\/tags?post=1247"}],"curies":[{"name":"wp","href":"https:\/\/api.w.org\/{rel}","templated":true}]}}