{"id":1243,"date":"2010-08-15T21:55:36","date_gmt":"2010-08-15T19:55:36","guid":{"rendered":"http:\/\/rafaelramirez.co.cc\/?p=947"},"modified":"2024-01-25T11:34:55","modified_gmt":"2024-01-25T10:34:55","slug":"victor-jara-canta-a-pablo-neruda-poema-15","status":"publish","type":"post","link":"https:\/\/rafaramirez.org\/blog\/index.php\/2010\/08\/15\/victor-jara-canta-a-pablo-neruda-poema-15\/","title":{"rendered":"Victor Jara canta a Pablo Neruda. Poema 15."},"content":{"rendered":"<p><em><strong>\u00abMe gustas cuando callas porque est\u00e1s como ausente&#8230;\u00bb<\/strong><\/em> As\u00ed comienza este poema XV del libro <strong>\u00abVeinte poemas de amor y una canci\u00f3n desesperada\u00bb<\/strong> escrito en 1924 por <a title=\"Conocer m\u00e1s en Wikipedia\" href=\"http:\/\/es.wikipedia.org\/wiki\/Pablo_Neruda\" target=\"_blank\" rel=\"noopener noreferrer\">Pablo Neruda<\/a>.<\/p>\n<p>El gran cantautor chileno embellece a\u00fan m\u00e1s la poes\u00eda de Neruda. Yo no pude resistirme a poner im\u00e1genes en forma de video a esta bonita canci\u00f3n de <a title=\"Conocer m\u00e1s en Wikipedia\" href=\"http:\/\/es.wikipedia.org\/wiki\/V%C3%ADctor_Jara\" target=\"_blank\" rel=\"noopener noreferrer\">Victor Jara<\/a>.<\/p>\n<p>La canci\u00f3n fue\u00a0grabada en el a\u00f1o 1972, poco antes del golpe de estado que acabar\u00eda con la vida de Jara, y\u00a0apareci\u00f3 publicada en Espa\u00f1a en el a\u00f1o 1975 en la cara\u00a0B del LP \u00abVictor Jara. Ultimas canciones\u00bb de EMI Movieplay.<\/p>\n<p>Disfruten esta hermosa interpretaci\u00f3n.<\/p>\n<p><iframe loading=\"lazy\" title=\"YouTube video player\" src=\"https:\/\/www.youtube.com\/embed\/wEy-PDPHhEI\" width=\"560\" height=\"315\" frameborder=\"0\" allowfullscreen=\"allowfullscreen\"><\/iframe><\/p>\n<blockquote><p>Me gustas cuando callas porque est\u00e1s como ausente<br \/>\ny me oyes desde lejos y mi voz no te toca,<br \/>\nparece que los ojos se te hubieran volado<br \/>\ny parece que un beso te cerrara la boca.<\/p>\n<p>Me gustas cuando callas y estas como distante<br \/>\ny estas como quej\u00e1ndote, mariposa en arrullo,<br \/>\ny me oyes desde lejos y mi voz no te alcanza<br \/>\nd\u00e9jame que me calle con el silencio tuyo.<\/p>\n<p>D\u00e9jame que te hable tambi\u00e9n con tu silencio<br \/>\nclaro como una l\u00e1mpara, simple como un anillo,<br \/>\nte pareces a la noche callada y constelada<br \/>\ntu silencio, otra estrella, tan lejano y sencillo.<\/p>\n<p>Me gustas cuando callas porque est\u00e1s como ausente,<br \/>\ndistante y dolorosa como si hubieras muerto,<br \/>\nuna palabra entonces una sonrisa bastan<br \/>\ny estoy alegre, alegre de que no sea cierto.<\/p><\/blockquote>\n<p>&nbsp;<\/p>\n","protected":false},"excerpt":{"rendered":"<p>\u00abMe gustas cuando callas porque est\u00e1s como ausente&#8230;\u00bb As\u00ed comienza este poema XV del libro \u00abVeinte poemas de amor y una canci\u00f3n desesperada\u00bb escrito en 1924 por Pablo Neruda. El gran cantautor chileno embellece a\u00fan m\u00e1s la poes\u00eda de Neruda. Yo no pude resistirme a poner im\u00e1genes en forma de video a esta bonita canci\u00f3n [&hellip;]<\/p>\n","protected":false},"author":1,"featured_media":2629,"comment_status":"open","ping_status":"closed","sticky":false,"template":"","format":"standard","meta":{"site-container-style":"default","site-container-layout":"default","site-sidebar-layout":"default","disable-article-header":"default","disable-site-header":"default","disable-site-footer":"default","disable-content-area-spacing":"default","_jetpack_newsletter_access":"","_jetpack_dont_email_post_to_subs":false,"_jetpack_newsletter_tier_id":0,"_jetpack_memberships_contains_paywalled_content":false,"_jetpack_feature_clip_id":0,"_jetpack_memberships_contains_paid_content":false,"footnotes":"","jetpack_publicize_message":"","jetpack_publicize_feature_enabled":true,"jetpack_social_post_already_shared":true,"jetpack_social_options":{"image_generator_settings":{"template":"highway","default_image_id":0,"font":"","enabled":false},"version":2},"jetpack_post_was_ever_published":false},"categories":[709],"tags":[68,609,635,570,569,733,634,568,572,636],"class_list":["post-1243","post","type-post","status-publish","format-standard","has-post-thumbnail","hentry","category-musica","tag-blog-de-rafael-ramirez","tag-cancion","tag-me-gustas-cuando-callas","tag-pablo-neruda","tag-poema-15","tag-poema-de-pablo-neruda","tag-veinte-poemas-de-amor-y-una-cancion-desesperada","tag-victor-jara","tag-video-musical","tag-xv"],"yoast_head":"<!-- This site is optimized with the Yoast SEO plugin v28.4 - https:\/\/yoast.com\/product\/yoast-seo-wordpress\/ -->\n<title>Victor Jara canta a Pablo Neruda. Poema 15. - Blog de Rafael Ram\u00edrez<\/title>\n<meta name=\"robots\" content=\"index, follow, max-snippet:-1, max-image-preview:large, max-video-preview:-1\" \/>\n<link rel=\"canonical\" href=\"https:\/\/rafaramirez.org\/blog\/index.php\/2010\/08\/15\/victor-jara-canta-a-pablo-neruda-poema-15\/\" \/>\n<meta property=\"og:locale\" content=\"es_ES\" \/>\n<meta property=\"og:type\" content=\"article\" \/>\n<meta property=\"og:title\" content=\"Victor Jara canta a Pablo Neruda. Poema 15. - Blog de Rafael Ram\u00edrez\" \/>\n<meta property=\"og:description\" content=\"\u00abMe gustas cuando callas porque est\u00e1s como ausente&#8230;\u00bb As\u00ed comienza este poema XV del libro \u00abVeinte poemas de amor y una canci\u00f3n desesperada\u00bb escrito en 1924 por Pablo Neruda. El gran cantautor chileno embellece a\u00fan m\u00e1s la poes\u00eda de Neruda. Yo no pude resistirme a poner im\u00e1genes en forma de video a esta bonita canci\u00f3n [&hellip;]\" \/>\n<meta property=\"og:url\" content=\"https:\/\/rafaramirez.org\/blog\/index.php\/2010\/08\/15\/victor-jara-canta-a-pablo-neruda-poema-15\/\" \/>\n<meta property=\"og:site_name\" content=\"Blog de Rafael Ram\u00edrez\" \/>\n<meta property=\"article:published_time\" content=\"2010-08-15T19:55:36+00:00\" \/>\n<meta property=\"article:modified_time\" content=\"2024-01-25T10:34:55+00:00\" \/>\n<meta property=\"og:image\" content=\"https:\/\/rafaramirez.org\/blog\/wp-content\/uploads\/2010\/08\/VICTOR-JARA-PABLO-NERUDA.jpg\" \/>\n\t<meta property=\"og:image:width\" content=\"750\" \/>\n\t<meta property=\"og:image:height\" content=\"543\" \/>\n\t<meta property=\"og:image:type\" content=\"image\/jpeg\" \/>\n<meta name=\"author\" content=\"Rafael Ram\u00edrez\" \/>\n<meta name=\"twitter:card\" content=\"summary_large_image\" \/>\n<meta name=\"twitter:creator\" content=\"@rafaramirez_ok\" \/>\n<meta name=\"twitter:site\" content=\"@rafaramirez_ok\" \/>\n<meta name=\"twitter:label1\" content=\"Escrito por\" \/>\n\t<meta name=\"twitter:data1\" content=\"Rafael Ram\u00edrez\" \/>\n\t<meta name=\"twitter:label2\" content=\"Tiempo de lectura\" \/>\n\t<meta name=\"twitter:data2\" content=\"1 minuto\" \/>\n<script type=\"application\/ld+json\" class=\"yoast-schema-graph\">{\"@context\":\"https:\\\/\\\/schema.org\",\"@graph\":[{\"@type\":\"Article\",\"@id\":\"https:\\\/\\\/rafaramirez.org\\\/blog\\\/index.php\\\/2010\\\/08\\\/15\\\/victor-jara-canta-a-pablo-neruda-poema-15\\\/#article\",\"isPartOf\":{\"@id\":\"https:\\\/\\\/rafaramirez.org\\\/blog\\\/index.php\\\/2010\\\/08\\\/15\\\/victor-jara-canta-a-pablo-neruda-poema-15\\\/\"},\"author\":{\"name\":\"Rafael Ram\u00edrez\",\"@id\":\"https:\\\/\\\/rafaramirez.org\\\/blog\\\/#\\\/schema\\\/person\\\/50f43b6d60c578760d4c17bda54ab6a5\"},\"headline\":\"Victor Jara canta a Pablo Neruda. Poema 15.\",\"datePublished\":\"2010-08-15T19:55:36+00:00\",\"dateModified\":\"2024-01-25T10:34:55+00:00\",\"mainEntityOfPage\":{\"@id\":\"https:\\\/\\\/rafaramirez.org\\\/blog\\\/index.php\\\/2010\\\/08\\\/15\\\/victor-jara-canta-a-pablo-neruda-poema-15\\\/\"},\"wordCount\":262,\"commentCount\":0,\"publisher\":{\"@id\":\"https:\\\/\\\/rafaramirez.org\\\/blog\\\/#\\\/schema\\\/person\\\/50f43b6d60c578760d4c17bda54ab6a5\"},\"image\":{\"@id\":\"https:\\\/\\\/rafaramirez.org\\\/blog\\\/index.php\\\/2010\\\/08\\\/15\\\/victor-jara-canta-a-pablo-neruda-poema-15\\\/#primaryimage\"},\"thumbnailUrl\":\"https:\\\/\\\/rafaramirez.org\\\/blog\\\/wp-content\\\/uploads\\\/2010\\\/08\\\/VICTOR-JARA-PABLO-NERUDA.jpg\",\"keywords\":[\"blog de Rafael Ram\u00edrez\",\"canci\u00f3n\",\"me gustas cuando callas\",\"pablo neruda\",\"poema 15\",\"poema de pablo neruda\",\"Veinte poemas de amor y una canci\u00f3n desesperada\",\"victor jara\",\"video musical\",\"XV\"],\"articleSection\":[\"M\u00fasica\"],\"inLanguage\":\"es\",\"potentialAction\":[{\"@type\":\"CommentAction\",\"name\":\"Comment\",\"target\":[\"https:\\\/\\\/rafaramirez.org\\\/blog\\\/index.php\\\/2010\\\/08\\\/15\\\/victor-jara-canta-a-pablo-neruda-poema-15\\\/#respond\"]}]},{\"@type\":\"WebPage\",\"@id\":\"https:\\\/\\\/rafaramirez.org\\\/blog\\\/index.php\\\/2010\\\/08\\\/15\\\/victor-jara-canta-a-pablo-neruda-poema-15\\\/\",\"url\":\"https:\\\/\\\/rafaramirez.org\\\/blog\\\/index.php\\\/2010\\\/08\\\/15\\\/victor-jara-canta-a-pablo-neruda-poema-15\\\/\",\"name\":\"Victor Jara canta a Pablo Neruda. Poema 15. - Blog de Rafael Ram\u00edrez\",\"isPartOf\":{\"@id\":\"https:\\\/\\\/rafaramirez.org\\\/blog\\\/#website\"},\"primaryImageOfPage\":{\"@id\":\"https:\\\/\\\/rafaramirez.org\\\/blog\\\/index.php\\\/2010\\\/08\\\/15\\\/victor-jara-canta-a-pablo-neruda-poema-15\\\/#primaryimage\"},\"image\":{\"@id\":\"https:\\\/\\\/rafaramirez.org\\\/blog\\\/index.php\\\/2010\\\/08\\\/15\\\/victor-jara-canta-a-pablo-neruda-poema-15\\\/#primaryimage\"},\"thumbnailUrl\":\"https:\\\/\\\/rafaramirez.org\\\/blog\\\/wp-content\\\/uploads\\\/2010\\\/08\\\/VICTOR-JARA-PABLO-NERUDA.jpg\",\"datePublished\":\"2010-08-15T19:55:36+00:00\",\"dateModified\":\"2024-01-25T10:34:55+00:00\",\"breadcrumb\":{\"@id\":\"https:\\\/\\\/rafaramirez.org\\\/blog\\\/index.php\\\/2010\\\/08\\\/15\\\/victor-jara-canta-a-pablo-neruda-poema-15\\\/#breadcrumb\"},\"inLanguage\":\"es\",\"potentialAction\":[{\"@type\":\"ReadAction\",\"target\":[\"https:\\\/\\\/rafaramirez.org\\\/blog\\\/index.php\\\/2010\\\/08\\\/15\\\/victor-jara-canta-a-pablo-neruda-poema-15\\\/\"]}]},{\"@type\":\"ImageObject\",\"inLanguage\":\"es\",\"@id\":\"https:\\\/\\\/rafaramirez.org\\\/blog\\\/index.php\\\/2010\\\/08\\\/15\\\/victor-jara-canta-a-pablo-neruda-poema-15\\\/#primaryimage\",\"url\":\"https:\\\/\\\/rafaramirez.org\\\/blog\\\/wp-content\\\/uploads\\\/2010\\\/08\\\/VICTOR-JARA-PABLO-NERUDA.jpg\",\"contentUrl\":\"https:\\\/\\\/rafaramirez.org\\\/blog\\\/wp-content\\\/uploads\\\/2010\\\/08\\\/VICTOR-JARA-PABLO-NERUDA.jpg\",\"width\":750,\"height\":543},{\"@type\":\"BreadcrumbList\",\"@id\":\"https:\\\/\\\/rafaramirez.org\\\/blog\\\/index.php\\\/2010\\\/08\\\/15\\\/victor-jara-canta-a-pablo-neruda-poema-15\\\/#breadcrumb\",\"itemListElement\":[{\"@type\":\"ListItem\",\"position\":1,\"name\":\"Portada\",\"item\":\"https:\\\/\\\/rafaramirez.org\\\/blog\\\/\"},{\"@type\":\"ListItem\",\"position\":2,\"name\":\"Victor Jara canta a Pablo Neruda. Poema 15.\"}]},{\"@type\":\"WebSite\",\"@id\":\"https:\\\/\\\/rafaramirez.org\\\/blog\\\/#website\",\"url\":\"https:\\\/\\\/rafaramirez.org\\\/blog\\\/\",\"name\":\"Blog de Rafael Ram\u00edrez\",\"description\":\"Un sitio social, de arte y cultura\",\"publisher\":{\"@id\":\"https:\\\/\\\/rafaramirez.org\\\/blog\\\/#\\\/schema\\\/person\\\/50f43b6d60c578760d4c17bda54ab6a5\"},\"potentialAction\":[{\"@type\":\"SearchAction\",\"target\":{\"@type\":\"EntryPoint\",\"urlTemplate\":\"https:\\\/\\\/rafaramirez.org\\\/blog\\\/?s={search_term_string}\"},\"query-input\":{\"@type\":\"PropertyValueSpecification\",\"valueRequired\":true,\"valueName\":\"search_term_string\"}}],\"inLanguage\":\"es\"},{\"@type\":[\"Person\",\"Organization\"],\"@id\":\"https:\\\/\\\/rafaramirez.org\\\/blog\\\/#\\\/schema\\\/person\\\/50f43b6d60c578760d4c17bda54ab6a5\",\"name\":\"Rafael Ram\u00edrez\",\"image\":{\"@type\":\"ImageObject\",\"inLanguage\":\"es\",\"@id\":\"https:\\\/\\\/rafaramirez.org\\\/blog\\\/wp-content\\\/uploads\\\/2024\\\/09\\\/RR_socialnetwork.jpg\",\"url\":\"https:\\\/\\\/rafaramirez.org\\\/blog\\\/wp-content\\\/uploads\\\/2024\\\/09\\\/RR_socialnetwork.jpg\",\"contentUrl\":\"https:\\\/\\\/rafaramirez.org\\\/blog\\\/wp-content\\\/uploads\\\/2024\\\/09\\\/RR_socialnetwork.jpg\",\"width\":600,\"height\":606,\"caption\":\"Rafael Ram\u00edrez\"},\"logo\":{\"@id\":\"https:\\\/\\\/rafaramirez.org\\\/blog\\\/wp-content\\\/uploads\\\/2024\\\/09\\\/RR_socialnetwork.jpg\"},\"sameAs\":[\"https:\\\/\\\/www.rafaramirez.org\\\/blog\",\"https:\\\/\\\/www.instagram.com\\\/rafaramirez_ok\\\/\",\"https:\\\/\\\/es.pinterest.com\\\/Ramirez_Rafa\\\/\",\"https:\\\/\\\/x.com\\\/rafaramirez_ok\"],\"url\":\"https:\\\/\\\/rafaramirez.org\\\/blog\\\/index.php\\\/author\\\/rafaell_qm6j97da\\\/\"}]}<\/script>\n<!-- \/ Yoast SEO plugin. -->","yoast_head_json":{"title":"Victor Jara canta a Pablo Neruda. Poema 15. - Blog de Rafael Ram\u00edrez","robots":{"index":"index","follow":"follow","max-snippet":"max-snippet:-1","max-image-preview":"max-image-preview:large","max-video-preview":"max-video-preview:-1"},"canonical":"https:\/\/rafaramirez.org\/blog\/index.php\/2010\/08\/15\/victor-jara-canta-a-pablo-neruda-poema-15\/","og_locale":"es_ES","og_type":"article","og_title":"Victor Jara canta a Pablo Neruda. Poema 15. - Blog de Rafael Ram\u00edrez","og_description":"\u00abMe gustas cuando callas porque est\u00e1s como ausente&#8230;\u00bb As\u00ed comienza este poema XV del libro \u00abVeinte poemas de amor y una canci\u00f3n desesperada\u00bb escrito en 1924 por Pablo Neruda. El gran cantautor chileno embellece a\u00fan m\u00e1s la poes\u00eda de Neruda. Yo no pude resistirme a poner im\u00e1genes en forma de video a esta bonita canci\u00f3n [&hellip;]","og_url":"https:\/\/rafaramirez.org\/blog\/index.php\/2010\/08\/15\/victor-jara-canta-a-pablo-neruda-poema-15\/","og_site_name":"Blog de Rafael Ram\u00edrez","article_published_time":"2010-08-15T19:55:36+00:00","article_modified_time":"2024-01-25T10:34:55+00:00","og_image":[{"width":750,"height":543,"url":"https:\/\/rafaramirez.org\/blog\/wp-content\/uploads\/2010\/08\/VICTOR-JARA-PABLO-NERUDA.jpg","type":"image\/jpeg"}],"author":"Rafael Ram\u00edrez","twitter_card":"summary_large_image","twitter_creator":"@rafaramirez_ok","twitter_site":"@rafaramirez_ok","twitter_misc":{"Escrito por":"Rafael Ram\u00edrez","Tiempo de lectura":"1 minuto"},"schema":{"@context":"https:\/\/schema.org","@graph":[{"@type":"Article","@id":"https:\/\/rafaramirez.org\/blog\/index.php\/2010\/08\/15\/victor-jara-canta-a-pablo-neruda-poema-15\/#article","isPartOf":{"@id":"https:\/\/rafaramirez.org\/blog\/index.php\/2010\/08\/15\/victor-jara-canta-a-pablo-neruda-poema-15\/"},"author":{"name":"Rafael Ram\u00edrez","@id":"https:\/\/rafaramirez.org\/blog\/#\/schema\/person\/50f43b6d60c578760d4c17bda54ab6a5"},"headline":"Victor Jara canta a Pablo Neruda. Poema 15.","datePublished":"2010-08-15T19:55:36+00:00","dateModified":"2024-01-25T10:34:55+00:00","mainEntityOfPage":{"@id":"https:\/\/rafaramirez.org\/blog\/index.php\/2010\/08\/15\/victor-jara-canta-a-pablo-neruda-poema-15\/"},"wordCount":262,"commentCount":0,"publisher":{"@id":"https:\/\/rafaramirez.org\/blog\/#\/schema\/person\/50f43b6d60c578760d4c17bda54ab6a5"},"image":{"@id":"https:\/\/rafaramirez.org\/blog\/index.php\/2010\/08\/15\/victor-jara-canta-a-pablo-neruda-poema-15\/#primaryimage"},"thumbnailUrl":"https:\/\/rafaramirez.org\/blog\/wp-content\/uploads\/2010\/08\/VICTOR-JARA-PABLO-NERUDA.jpg","keywords":["blog de Rafael Ram\u00edrez","canci\u00f3n","me gustas cuando callas","pablo neruda","poema 15","poema de pablo neruda","Veinte poemas de amor y una canci\u00f3n desesperada","victor jara","video musical","XV"],"articleSection":["M\u00fasica"],"inLanguage":"es","potentialAction":[{"@type":"CommentAction","name":"Comment","target":["https:\/\/rafaramirez.org\/blog\/index.php\/2010\/08\/15\/victor-jara-canta-a-pablo-neruda-poema-15\/#respond"]}]},{"@type":"WebPage","@id":"https:\/\/rafaramirez.org\/blog\/index.php\/2010\/08\/15\/victor-jara-canta-a-pablo-neruda-poema-15\/","url":"https:\/\/rafaramirez.org\/blog\/index.php\/2010\/08\/15\/victor-jara-canta-a-pablo-neruda-poema-15\/","name":"Victor Jara canta a Pablo Neruda. Poema 15. - Blog de Rafael Ram\u00edrez","isPartOf":{"@id":"https:\/\/rafaramirez.org\/blog\/#website"},"primaryImageOfPage":{"@id":"https:\/\/rafaramirez.org\/blog\/index.php\/2010\/08\/15\/victor-jara-canta-a-pablo-neruda-poema-15\/#primaryimage"},"image":{"@id":"https:\/\/rafaramirez.org\/blog\/index.php\/2010\/08\/15\/victor-jara-canta-a-pablo-neruda-poema-15\/#primaryimage"},"thumbnailUrl":"https:\/\/rafaramirez.org\/blog\/wp-content\/uploads\/2010\/08\/VICTOR-JARA-PABLO-NERUDA.jpg","datePublished":"2010-08-15T19:55:36+00:00","dateModified":"2024-01-25T10:34:55+00:00","breadcrumb":{"@id":"https:\/\/rafaramirez.org\/blog\/index.php\/2010\/08\/15\/victor-jara-canta-a-pablo-neruda-poema-15\/#breadcrumb"},"inLanguage":"es","potentialAction":[{"@type":"ReadAction","target":["https:\/\/rafaramirez.org\/blog\/index.php\/2010\/08\/15\/victor-jara-canta-a-pablo-neruda-poema-15\/"]}]},{"@type":"ImageObject","inLanguage":"es","@id":"https:\/\/rafaramirez.org\/blog\/index.php\/2010\/08\/15\/victor-jara-canta-a-pablo-neruda-poema-15\/#primaryimage","url":"https:\/\/rafaramirez.org\/blog\/wp-content\/uploads\/2010\/08\/VICTOR-JARA-PABLO-NERUDA.jpg","contentUrl":"https:\/\/rafaramirez.org\/blog\/wp-content\/uploads\/2010\/08\/VICTOR-JARA-PABLO-NERUDA.jpg","width":750,"height":543},{"@type":"BreadcrumbList","@id":"https:\/\/rafaramirez.org\/blog\/index.php\/2010\/08\/15\/victor-jara-canta-a-pablo-neruda-poema-15\/#breadcrumb","itemListElement":[{"@type":"ListItem","position":1,"name":"Portada","item":"https:\/\/rafaramirez.org\/blog\/"},{"@type":"ListItem","position":2,"name":"Victor Jara canta a Pablo Neruda. Poema 15."}]},{"@type":"WebSite","@id":"https:\/\/rafaramirez.org\/blog\/#website","url":"https:\/\/rafaramirez.org\/blog\/","name":"Blog de Rafael Ram\u00edrez","description":"Un sitio social, de arte y cultura","publisher":{"@id":"https:\/\/rafaramirez.org\/blog\/#\/schema\/person\/50f43b6d60c578760d4c17bda54ab6a5"},"potentialAction":[{"@type":"SearchAction","target":{"@type":"EntryPoint","urlTemplate":"https:\/\/rafaramirez.org\/blog\/?s={search_term_string}"},"query-input":{"@type":"PropertyValueSpecification","valueRequired":true,"valueName":"search_term_string"}}],"inLanguage":"es"},{"@type":["Person","Organization"],"@id":"https:\/\/rafaramirez.org\/blog\/#\/schema\/person\/50f43b6d60c578760d4c17bda54ab6a5","name":"Rafael Ram\u00edrez","image":{"@type":"ImageObject","inLanguage":"es","@id":"https:\/\/rafaramirez.org\/blog\/wp-content\/uploads\/2024\/09\/RR_socialnetwork.jpg","url":"https:\/\/rafaramirez.org\/blog\/wp-content\/uploads\/2024\/09\/RR_socialnetwork.jpg","contentUrl":"https:\/\/rafaramirez.org\/blog\/wp-content\/uploads\/2024\/09\/RR_socialnetwork.jpg","width":600,"height":606,"caption":"Rafael Ram\u00edrez"},"logo":{"@id":"https:\/\/rafaramirez.org\/blog\/wp-content\/uploads\/2024\/09\/RR_socialnetwork.jpg"},"sameAs":["https:\/\/www.rafaramirez.org\/blog","https:\/\/www.instagram.com\/rafaramirez_ok\/","https:\/\/es.pinterest.com\/Ramirez_Rafa\/","https:\/\/x.com\/rafaramirez_ok"],"url":"https:\/\/rafaramirez.org\/blog\/index.php\/author\/rafaell_qm6j97da\/"}]}},"jetpack_publicize_connections":[],"jetpack_sharing_enabled":true,"jetpack_likes_enabled":true,"jetpack_featured_media_url":"https:\/\/rafaramirez.org\/blog\/wp-content\/uploads\/2010\/08\/VICTOR-JARA-PABLO-NERUDA.jpg","_links":{"self":[{"href":"https:\/\/rafaramirez.org\/blog\/index.php\/wp-json\/wp\/v2\/posts\/1243","targetHints":{"allow":["GET"]}}],"collection":[{"href":"https:\/\/rafaramirez.org\/blog\/index.php\/wp-json\/wp\/v2\/posts"}],"about":[{"href":"https:\/\/rafaramirez.org\/blog\/index.php\/wp-json\/wp\/v2\/types\/post"}],"author":[{"embeddable":true,"href":"https:\/\/rafaramirez.org\/blog\/index.php\/wp-json\/wp\/v2\/users\/1"}],"replies":[{"embeddable":true,"href":"https:\/\/rafaramirez.org\/blog\/index.php\/wp-json\/wp\/v2\/comments?post=1243"}],"version-history":[{"count":4,"href":"https:\/\/rafaramirez.org\/blog\/index.php\/wp-json\/wp\/v2\/posts\/1243\/revisions"}],"predecessor-version":[{"id":3077,"href":"https:\/\/rafaramirez.org\/blog\/index.php\/wp-json\/wp\/v2\/posts\/1243\/revisions\/3077"}],"wp:featuredmedia":[{"embeddable":true,"href":"https:\/\/rafaramirez.org\/blog\/index.php\/wp-json\/wp\/v2\/media\/2629"}],"wp:attachment":[{"href":"https:\/\/rafaramirez.org\/blog\/index.php\/wp-json\/wp\/v2\/media?parent=1243"}],"wp:term":[{"taxonomy":"category","embeddable":true,"href":"https:\/\/rafaramirez.org\/blog\/index.php\/wp-json\/wp\/v2\/categories?post=1243"},{"taxonomy":"post_tag","embeddable":true,"href":"https:\/\/rafaramirez.org\/blog\/index.php\/wp-json\/wp\/v2\/tags?post=1243"}],"curies":[{"name":"wp","href":"https:\/\/api.w.org\/{rel}","templated":true}]}}