{"id":1238,"date":"2010-04-15T15:46:33","date_gmt":"2010-04-15T13:46:33","guid":{"rendered":"http:\/\/rafaelramirez.co.cc\/?p=913"},"modified":"2024-03-13T11:02:26","modified_gmt":"2024-03-13T10:02:26","slug":"dia-mundial-del-nino-2010","status":"publish","type":"post","link":"https:\/\/rafaramirez.org\/blog\/index.php\/2010\/04\/15\/dia-mundial-del-nino-2010\/","title":{"rendered":"D\u00eda Mundial del Ni\u00f1o 2010"},"content":{"rendered":"<p class=\"MsoNormal\"><img loading=\"lazy\" decoding=\"async\" class=\"aligncenter size-medium wp-image-920\" title=\"D\u00eda Mundial del Ni\u00f1o\" src=\"https:\/\/rafaramirez.org\/blog\/wp-content\/uploads\/2010\/04\/movninez-300x243.jpg\" alt=\"D\u00eda Mundial del Ni\u00f1o\" width=\"300\" height=\"243\" \/><\/p>\n<p class=\"MsoNormal\">Hoy, en Espa\u00f1a, se conmemora el <strong><a title=\"\u00bfQu\u00e9 es?\" href=\"http:\/\/es.wikipedia.org\/wiki\/D%C3%ADa_del_Ni%C3%B1o\" target=\"_blank\" rel=\"noopener noreferrer\">D\u00eda Mundial del Ni\u00f1o<\/a><\/strong>. Lamentablemente los derechos de los ni\u00f1os y ni\u00f1as no son siempre respetados y en muchas ocasiones no son tomados en cuenta en decisiones importantes que les afectan. En algunos pa\u00edses hasta hace relativamente poco no eran siquiera sujetos de derecho.<\/p>\n<p class=\"MsoNormal\">Todos conocemos casos de vulneraci\u00f3n de estos, casi a diario aparecen a trav\u00e9s de televisi\u00f3n im\u00e1genes de ni\u00f1os trabajadores, maltratados, sin derecho a la educaci\u00f3n, abusados sexualmente, ni\u00f1os por \u00faltimo que pierden su infancia en pa\u00edses sobre todo en v\u00edas de desarrollo, pero no nos enga\u00f1emos, aqu\u00ed en pa\u00edses desarrollados no escapamos a esta lacra. Por poner un ejemplo y seg\u00fan un estudio del <a title=\"Conocer m\u00e1s\" href=\"http:\/\/www.educared.net\/educasalud\/info\/info_noticias.asp?idn=2695\" target=\"_blank\" rel=\"noopener noreferrer\">Centro Reina Sof\u00eda para el Estudio de la Violencia<\/a> del a\u00f1o 2007, en Espa\u00f1a el maltrato infantil se situar\u00eda en el 8%, correspondiendo a maltrato psicol\u00f3gico 6 de cada 10 casos. Deber\u00eda ser por tanto, \u00e9sta, una fecha ante todo de sensibilizaci\u00f3n y reivindicativa de sus derechos.<\/p>\n<p class=\"MsoNormal\">Gracias al esfuerzo de muchas organizaciones y por tanto al trabajo de concienciaci\u00f3n y sensibilizaci\u00f3n de muchas personas que trabajan en pro de la ni\u00f1ez y adolescencia, los ni\u00f1os cuentan en la mayor\u00eda de pa\u00edses del mundo con leyes que les protegen, sin embargo esto no es suficiente, es un largo camino y el que se haya avanzado en la promulgaci\u00f3n de leyes no siempre significa que estas se cumplan, debe ser por tanto un trabajo constante y continuado en el tiempo.<br \/>\nDe mi experiencia de trabajo social en Bolivia, quisiera compartir con ustedes algunos datos de la situaci\u00f3n hist\u00f3rica y presente de la ni\u00f1ez en este pa\u00eds:<\/p>\n<p class=\"MsoNormal\">\u00b7 En el a\u00f1o 1990 Bolivia ratific\u00f3 la Convenci\u00f3n Internacional de los Derechos del Ni\u00f1o el Tratado de Naciones Unidas.<\/p>\n<p class=\"MsoNormal\">\u00b7 El 22 de diciembre de 1999 se promulga el\u00a0<strong>C\u00f3digo del ni\u00f1o, ni\u00f1a y adolescente<\/strong> de Bolivia asegurando con mayor amplitud los Derechos Humanos de los ni\u00f1os, ni\u00f1as y adolescentes. Se establece tambi\u00e9n el principio de Inter\u00e9s Superior del Ni\u00f1o y se recoge el principio a la no discriminaci\u00f3n por raz\u00f3n de la edad. Tambi\u00e9n de forma muy importante se recoge el principio de participaci\u00f3n de los ni\u00f1os, esto es, a recibir informaci\u00f3n y a dar su opini\u00f3n en todos los temas que les ata\u00f1en y, sobre todo, a que \u00e9sta opini\u00f3n sea tomada en cuenta.<\/p>\n<p class=\"MsoNormal\">\u00b7 Un informe de\u00a0<a title=\"Conocer m\u00e1s sobre UNICEF\" href=\"http:\/\/es.wikipedia.org\/wiki\/Unicef\" target=\"_blank\" rel=\"noopener noreferrer\">UNICEF<\/a> (Fondo de Naciones Unidas para la Infancia)\u00a0de 1997 sobre la situaci\u00f3n de la ni\u00f1ez en Bolivia arroja los siguientes datos:<\/p>\n<blockquote>\n<p class=\"MsoListParagraphCxSpFirst\">\u00b7 <em>108 ni\u00f1os menores de 5 a\u00f1os mor\u00edan de cada 1,000 nacidos vivos <\/em><\/p>\n<p class=\"MsoListParagraphCxSpMiddle\">\u00b7 <em>El 28% de los ni\u00f1os sufr\u00edan desnutrici\u00f3n cr\u00f3nica moderada y grave, en total el 48,4% de los ni\u00f1os y ni\u00f1as bolivianos presentaban alg\u00fan grado de desnutrici\u00f3n. <\/em><\/p>\n<p class=\"MsoListParagraphCxSpMiddle\">\u00b7 <em>La cobertura de la educaci\u00f3n\u00a0<strong>preescolar<\/strong> alcanzaba s\u00f3lo al 29.6% de la ni\u00f1ez. <\/em><\/p>\n<p class=\"MsoListParagraphCxSpLast\">\u00b7 <em>Exist\u00edan un total de 1, 000,000 (un mill\u00f3n) de ni\u00f1os maltratados y m\u00e1s de 495,000 (cuatrocientos noventa y cinco mil) ni\u00f1os trabajadores en un censo total de habitantes de alrededor de 6, 500,000 \u00a0de personas.<\/em><\/p>\n<\/blockquote>\n<p class=\"MsoNormal\">En Bolivia el\u00a0<a title=\"\u00bfQu\u00e9 es?\" href=\"http:\/\/es.wikipedia.org\/wiki\/D%C3%ADa_del_Ni%C3%B1o\" target=\"_blank\" rel=\"noopener noreferrer\">D\u00eda del Ni\u00f1o<\/a> se celebra el 12 de abril, en conmemoraci\u00f3n a que fue un 12 de abril de 1952 cuando la\u00a0<a title=\"Conocer m\u00e1s sobre OEA\" href=\"http:\/\/es.wikipedia.org\/wiki\/OEA\" target=\"_blank\" rel=\"noopener noreferrer\">OEA<\/a> (Organizaci\u00f3n de Estados Americanos) y la\u00a0<a title=\"Conocer m\u00e1s sobre UNICEF\" href=\"http:\/\/es.wikipedia.org\/wiki\/Unicef\" target=\"_blank\" rel=\"noopener noreferrer\">UNICEF<\/a> redactaron la Declaraci\u00f3n de Principios Universales del Ni\u00f1o.<\/p>\n<p class=\"MsoNormal\">Felicidades a los Ni\u00f1os y Ni\u00f1as de todo el mundo y felicidades a todas las personas que trabajan en pro de sus derechos, no permitamos que este d\u00eda deje de ser una jornada reivindicativa de lo mucho que todav\u00eda falta por hacer.<\/p>\n","protected":false},"excerpt":{"rendered":"<p>Hoy, en Espa\u00f1a, se conmemora el D\u00eda Mundial del Ni\u00f1o. Lamentablemente los derechos de los ni\u00f1os y ni\u00f1as no son siempre respetados y en muchas ocasiones no son tomados en cuenta en decisiones importantes que les afectan. En algunos pa\u00edses hasta hace relativamente poco no eran siquiera sujetos de derecho. Todos conocemos casos de vulneraci\u00f3n [&hellip;]<\/p>\n","protected":false},"author":1,"featured_media":2632,"comment_status":"open","ping_status":"closed","sticky":false,"template":"","format":"standard","meta":{"site-container-style":"default","site-container-layout":"default","site-sidebar-layout":"default","disable-article-header":"default","disable-site-header":"default","disable-site-footer":"default","disable-content-area-spacing":"default","_jetpack_newsletter_access":"","_jetpack_dont_email_post_to_subs":false,"_jetpack_newsletter_tier_id":0,"_jetpack_memberships_contains_paywalled_content":false,"_jetpack_feature_clip_id":0,"_jetpack_memberships_contains_paid_content":false,"footnotes":"","jetpack_publicize_message":"","jetpack_publicize_feature_enabled":true,"jetpack_social_post_already_shared":true,"jetpack_social_options":{"image_generator_settings":{"template":"highway","default_image_id":0,"font":"","enabled":false},"version":2},"jetpack_post_was_ever_published":false},"categories":[1291,15],"tags":[95,110,117,139,143,318,330,403,482,488],"class_list":["post-1238","post","type-post","status-publish","format-standard","has-post-thumbnail","hentry","category-efemerides","category-noticias-sociales","tag-centro-reina-sofia-para-el-estudio-de-la-violencia","tag-codigo-del-nino","tag-convencion-internacional-de-los-derechos-del-nino","tag-destacado","tag-dia-mundial-del-nino","tag-nina-y-adolescente","tag-noticias-sociales","tag-proyectos-sociales","tag-trabajo-social","tag-unicef-fondo-de-naciones-unidas-para-la-infancia"],"yoast_head":"<!-- This site is optimized with the Yoast SEO plugin v28.4 - https:\/\/yoast.com\/product\/yoast-seo-wordpress\/ -->\n<title>D\u00eda Mundial del Ni\u00f1o 2010 - Blog de Rafael Ram\u00edrez<\/title>\n<meta name=\"robots\" content=\"index, follow, max-snippet:-1, max-image-preview:large, max-video-preview:-1\" \/>\n<link rel=\"canonical\" href=\"https:\/\/rafaramirez.org\/blog\/index.php\/2010\/04\/15\/dia-mundial-del-nino-2010\/\" \/>\n<meta property=\"og:locale\" content=\"es_ES\" \/>\n<meta property=\"og:type\" content=\"article\" \/>\n<meta property=\"og:title\" content=\"D\u00eda Mundial del Ni\u00f1o 2010 - Blog de Rafael Ram\u00edrez\" \/>\n<meta property=\"og:description\" content=\"Hoy, en Espa\u00f1a, se conmemora el D\u00eda Mundial del Ni\u00f1o. Lamentablemente los derechos de los ni\u00f1os y ni\u00f1as no son siempre respetados y en muchas ocasiones no son tomados en cuenta en decisiones importantes que les afectan. En algunos pa\u00edses hasta hace relativamente poco no eran siquiera sujetos de derecho. Todos conocemos casos de vulneraci\u00f3n [&hellip;]\" \/>\n<meta property=\"og:url\" content=\"https:\/\/rafaramirez.org\/blog\/index.php\/2010\/04\/15\/dia-mundial-del-nino-2010\/\" \/>\n<meta property=\"og:site_name\" content=\"Blog de Rafael Ram\u00edrez\" \/>\n<meta property=\"article:published_time\" content=\"2010-04-15T13:46:33+00:00\" \/>\n<meta property=\"article:modified_time\" content=\"2024-03-13T10:02:26+00:00\" \/>\n<meta property=\"og:image\" content=\"https:\/\/rafaramirez.org\/blog\/wp-content\/uploads\/2010\/04\/children-DAY.jpg\" \/>\n\t<meta property=\"og:image:width\" content=\"700\" \/>\n\t<meta property=\"og:image:height\" content=\"500\" \/>\n\t<meta property=\"og:image:type\" content=\"image\/jpeg\" \/>\n<meta name=\"author\" content=\"Rafael Ram\u00edrez\" \/>\n<meta name=\"twitter:card\" content=\"summary_large_image\" \/>\n<meta name=\"twitter:creator\" content=\"@rafaramirez_ok\" \/>\n<meta name=\"twitter:site\" content=\"@rafaramirez_ok\" \/>\n<meta name=\"twitter:label1\" content=\"Escrito por\" \/>\n\t<meta name=\"twitter:data1\" content=\"Rafael Ram\u00edrez\" \/>\n\t<meta name=\"twitter:label2\" content=\"Tiempo de lectura\" \/>\n\t<meta name=\"twitter:data2\" content=\"3 minutos\" \/>\n<script type=\"application\/ld+json\" class=\"yoast-schema-graph\">{\"@context\":\"https:\\\/\\\/schema.org\",\"@graph\":[{\"@type\":\"Article\",\"@id\":\"https:\\\/\\\/rafaramirez.org\\\/blog\\\/index.php\\\/2010\\\/04\\\/15\\\/dia-mundial-del-nino-2010\\\/#article\",\"isPartOf\":{\"@id\":\"https:\\\/\\\/rafaramirez.org\\\/blog\\\/index.php\\\/2010\\\/04\\\/15\\\/dia-mundial-del-nino-2010\\\/\"},\"author\":{\"name\":\"Rafael Ram\u00edrez\",\"@id\":\"https:\\\/\\\/rafaramirez.org\\\/blog\\\/#\\\/schema\\\/person\\\/50f43b6d60c578760d4c17bda54ab6a5\"},\"headline\":\"D\u00eda Mundial del Ni\u00f1o 2010\",\"datePublished\":\"2010-04-15T13:46:33+00:00\",\"dateModified\":\"2024-03-13T10:02:26+00:00\",\"mainEntityOfPage\":{\"@id\":\"https:\\\/\\\/rafaramirez.org\\\/blog\\\/index.php\\\/2010\\\/04\\\/15\\\/dia-mundial-del-nino-2010\\\/\"},\"wordCount\":649,\"commentCount\":0,\"publisher\":{\"@id\":\"https:\\\/\\\/rafaramirez.org\\\/blog\\\/#\\\/schema\\\/person\\\/50f43b6d60c578760d4c17bda54ab6a5\"},\"image\":{\"@id\":\"https:\\\/\\\/rafaramirez.org\\\/blog\\\/index.php\\\/2010\\\/04\\\/15\\\/dia-mundial-del-nino-2010\\\/#primaryimage\"},\"thumbnailUrl\":\"https:\\\/\\\/rafaramirez.org\\\/blog\\\/wp-content\\\/uploads\\\/2010\\\/04\\\/children-DAY.jpg\",\"keywords\":[\"Centro Reina Sof\u00eda para el Estudio de la Violencia\",\"C\u00f3digo del ni\u00f1o\",\"Convenci\u00f3n Internacional de los Derechos del Ni\u00f1o\",\"destacado\",\"D\u00eda Mundial del Ni\u00f1o\",\"ni\u00f1a y adolescente\",\"noticias sociales\",\"proyectos sociales\",\"trabajo social\",\"UNICEF (Fondo de Naciones Unidas para la Infancia\"],\"articleSection\":[\"Efem\u00e9rides\",\"Informe social\"],\"inLanguage\":\"es\",\"potentialAction\":[{\"@type\":\"CommentAction\",\"name\":\"Comment\",\"target\":[\"https:\\\/\\\/rafaramirez.org\\\/blog\\\/index.php\\\/2010\\\/04\\\/15\\\/dia-mundial-del-nino-2010\\\/#respond\"]}]},{\"@type\":\"WebPage\",\"@id\":\"https:\\\/\\\/rafaramirez.org\\\/blog\\\/index.php\\\/2010\\\/04\\\/15\\\/dia-mundial-del-nino-2010\\\/\",\"url\":\"https:\\\/\\\/rafaramirez.org\\\/blog\\\/index.php\\\/2010\\\/04\\\/15\\\/dia-mundial-del-nino-2010\\\/\",\"name\":\"D\u00eda Mundial del Ni\u00f1o 2010 - Blog de Rafael Ram\u00edrez\",\"isPartOf\":{\"@id\":\"https:\\\/\\\/rafaramirez.org\\\/blog\\\/#website\"},\"primaryImageOfPage\":{\"@id\":\"https:\\\/\\\/rafaramirez.org\\\/blog\\\/index.php\\\/2010\\\/04\\\/15\\\/dia-mundial-del-nino-2010\\\/#primaryimage\"},\"image\":{\"@id\":\"https:\\\/\\\/rafaramirez.org\\\/blog\\\/index.php\\\/2010\\\/04\\\/15\\\/dia-mundial-del-nino-2010\\\/#primaryimage\"},\"thumbnailUrl\":\"https:\\\/\\\/rafaramirez.org\\\/blog\\\/wp-content\\\/uploads\\\/2010\\\/04\\\/children-DAY.jpg\",\"datePublished\":\"2010-04-15T13:46:33+00:00\",\"dateModified\":\"2024-03-13T10:02:26+00:00\",\"breadcrumb\":{\"@id\":\"https:\\\/\\\/rafaramirez.org\\\/blog\\\/index.php\\\/2010\\\/04\\\/15\\\/dia-mundial-del-nino-2010\\\/#breadcrumb\"},\"inLanguage\":\"es\",\"potentialAction\":[{\"@type\":\"ReadAction\",\"target\":[\"https:\\\/\\\/rafaramirez.org\\\/blog\\\/index.php\\\/2010\\\/04\\\/15\\\/dia-mundial-del-nino-2010\\\/\"]}]},{\"@type\":\"ImageObject\",\"inLanguage\":\"es\",\"@id\":\"https:\\\/\\\/rafaramirez.org\\\/blog\\\/index.php\\\/2010\\\/04\\\/15\\\/dia-mundial-del-nino-2010\\\/#primaryimage\",\"url\":\"https:\\\/\\\/rafaramirez.org\\\/blog\\\/wp-content\\\/uploads\\\/2010\\\/04\\\/children-DAY.jpg\",\"contentUrl\":\"https:\\\/\\\/rafaramirez.org\\\/blog\\\/wp-content\\\/uploads\\\/2010\\\/04\\\/children-DAY.jpg\",\"width\":700,\"height\":500},{\"@type\":\"BreadcrumbList\",\"@id\":\"https:\\\/\\\/rafaramirez.org\\\/blog\\\/index.php\\\/2010\\\/04\\\/15\\\/dia-mundial-del-nino-2010\\\/#breadcrumb\",\"itemListElement\":[{\"@type\":\"ListItem\",\"position\":1,\"name\":\"Portada\",\"item\":\"https:\\\/\\\/rafaramirez.org\\\/blog\\\/\"},{\"@type\":\"ListItem\",\"position\":2,\"name\":\"D\u00eda Mundial del Ni\u00f1o 2010\"}]},{\"@type\":\"WebSite\",\"@id\":\"https:\\\/\\\/rafaramirez.org\\\/blog\\\/#website\",\"url\":\"https:\\\/\\\/rafaramirez.org\\\/blog\\\/\",\"name\":\"Blog de Rafael Ram\u00edrez\",\"description\":\"Un sitio social, de arte y cultura\",\"publisher\":{\"@id\":\"https:\\\/\\\/rafaramirez.org\\\/blog\\\/#\\\/schema\\\/person\\\/50f43b6d60c578760d4c17bda54ab6a5\"},\"potentialAction\":[{\"@type\":\"SearchAction\",\"target\":{\"@type\":\"EntryPoint\",\"urlTemplate\":\"https:\\\/\\\/rafaramirez.org\\\/blog\\\/?s={search_term_string}\"},\"query-input\":{\"@type\":\"PropertyValueSpecification\",\"valueRequired\":true,\"valueName\":\"search_term_string\"}}],\"inLanguage\":\"es\"},{\"@type\":[\"Person\",\"Organization\"],\"@id\":\"https:\\\/\\\/rafaramirez.org\\\/blog\\\/#\\\/schema\\\/person\\\/50f43b6d60c578760d4c17bda54ab6a5\",\"name\":\"Rafael Ram\u00edrez\",\"image\":{\"@type\":\"ImageObject\",\"inLanguage\":\"es\",\"@id\":\"https:\\\/\\\/rafaramirez.org\\\/blog\\\/wp-content\\\/uploads\\\/2024\\\/09\\\/RR_socialnetwork.jpg\",\"url\":\"https:\\\/\\\/rafaramirez.org\\\/blog\\\/wp-content\\\/uploads\\\/2024\\\/09\\\/RR_socialnetwork.jpg\",\"contentUrl\":\"https:\\\/\\\/rafaramirez.org\\\/blog\\\/wp-content\\\/uploads\\\/2024\\\/09\\\/RR_socialnetwork.jpg\",\"width\":600,\"height\":606,\"caption\":\"Rafael Ram\u00edrez\"},\"logo\":{\"@id\":\"https:\\\/\\\/rafaramirez.org\\\/blog\\\/wp-content\\\/uploads\\\/2024\\\/09\\\/RR_socialnetwork.jpg\"},\"sameAs\":[\"https:\\\/\\\/www.rafaramirez.org\\\/blog\",\"https:\\\/\\\/www.instagram.com\\\/rafaramirez_ok\\\/\",\"https:\\\/\\\/es.pinterest.com\\\/Ramirez_Rafa\\\/\",\"https:\\\/\\\/x.com\\\/rafaramirez_ok\"],\"url\":\"https:\\\/\\\/rafaramirez.org\\\/blog\\\/index.php\\\/author\\\/rafaell_qm6j97da\\\/\"}]}<\/script>\n<!-- \/ Yoast SEO plugin. -->","yoast_head_json":{"title":"D\u00eda Mundial del Ni\u00f1o 2010 - Blog de Rafael Ram\u00edrez","robots":{"index":"index","follow":"follow","max-snippet":"max-snippet:-1","max-image-preview":"max-image-preview:large","max-video-preview":"max-video-preview:-1"},"canonical":"https:\/\/rafaramirez.org\/blog\/index.php\/2010\/04\/15\/dia-mundial-del-nino-2010\/","og_locale":"es_ES","og_type":"article","og_title":"D\u00eda Mundial del Ni\u00f1o 2010 - Blog de Rafael Ram\u00edrez","og_description":"Hoy, en Espa\u00f1a, se conmemora el D\u00eda Mundial del Ni\u00f1o. Lamentablemente los derechos de los ni\u00f1os y ni\u00f1as no son siempre respetados y en muchas ocasiones no son tomados en cuenta en decisiones importantes que les afectan. En algunos pa\u00edses hasta hace relativamente poco no eran siquiera sujetos de derecho. Todos conocemos casos de vulneraci\u00f3n [&hellip;]","og_url":"https:\/\/rafaramirez.org\/blog\/index.php\/2010\/04\/15\/dia-mundial-del-nino-2010\/","og_site_name":"Blog de Rafael Ram\u00edrez","article_published_time":"2010-04-15T13:46:33+00:00","article_modified_time":"2024-03-13T10:02:26+00:00","og_image":[{"width":700,"height":500,"url":"https:\/\/rafaramirez.org\/blog\/wp-content\/uploads\/2010\/04\/children-DAY.jpg","type":"image\/jpeg"}],"author":"Rafael Ram\u00edrez","twitter_card":"summary_large_image","twitter_creator":"@rafaramirez_ok","twitter_site":"@rafaramirez_ok","twitter_misc":{"Escrito por":"Rafael Ram\u00edrez","Tiempo de lectura":"3 minutos"},"schema":{"@context":"https:\/\/schema.org","@graph":[{"@type":"Article","@id":"https:\/\/rafaramirez.org\/blog\/index.php\/2010\/04\/15\/dia-mundial-del-nino-2010\/#article","isPartOf":{"@id":"https:\/\/rafaramirez.org\/blog\/index.php\/2010\/04\/15\/dia-mundial-del-nino-2010\/"},"author":{"name":"Rafael Ram\u00edrez","@id":"https:\/\/rafaramirez.org\/blog\/#\/schema\/person\/50f43b6d60c578760d4c17bda54ab6a5"},"headline":"D\u00eda Mundial del Ni\u00f1o 2010","datePublished":"2010-04-15T13:46:33+00:00","dateModified":"2024-03-13T10:02:26+00:00","mainEntityOfPage":{"@id":"https:\/\/rafaramirez.org\/blog\/index.php\/2010\/04\/15\/dia-mundial-del-nino-2010\/"},"wordCount":649,"commentCount":0,"publisher":{"@id":"https:\/\/rafaramirez.org\/blog\/#\/schema\/person\/50f43b6d60c578760d4c17bda54ab6a5"},"image":{"@id":"https:\/\/rafaramirez.org\/blog\/index.php\/2010\/04\/15\/dia-mundial-del-nino-2010\/#primaryimage"},"thumbnailUrl":"https:\/\/rafaramirez.org\/blog\/wp-content\/uploads\/2010\/04\/children-DAY.jpg","keywords":["Centro Reina Sof\u00eda para el Estudio de la Violencia","C\u00f3digo del ni\u00f1o","Convenci\u00f3n Internacional de los Derechos del Ni\u00f1o","destacado","D\u00eda Mundial del Ni\u00f1o","ni\u00f1a y adolescente","noticias sociales","proyectos sociales","trabajo social","UNICEF (Fondo de Naciones Unidas para la Infancia"],"articleSection":["Efem\u00e9rides","Informe social"],"inLanguage":"es","potentialAction":[{"@type":"CommentAction","name":"Comment","target":["https:\/\/rafaramirez.org\/blog\/index.php\/2010\/04\/15\/dia-mundial-del-nino-2010\/#respond"]}]},{"@type":"WebPage","@id":"https:\/\/rafaramirez.org\/blog\/index.php\/2010\/04\/15\/dia-mundial-del-nino-2010\/","url":"https:\/\/rafaramirez.org\/blog\/index.php\/2010\/04\/15\/dia-mundial-del-nino-2010\/","name":"D\u00eda Mundial del Ni\u00f1o 2010 - Blog de Rafael Ram\u00edrez","isPartOf":{"@id":"https:\/\/rafaramirez.org\/blog\/#website"},"primaryImageOfPage":{"@id":"https:\/\/rafaramirez.org\/blog\/index.php\/2010\/04\/15\/dia-mundial-del-nino-2010\/#primaryimage"},"image":{"@id":"https:\/\/rafaramirez.org\/blog\/index.php\/2010\/04\/15\/dia-mundial-del-nino-2010\/#primaryimage"},"thumbnailUrl":"https:\/\/rafaramirez.org\/blog\/wp-content\/uploads\/2010\/04\/children-DAY.jpg","datePublished":"2010-04-15T13:46:33+00:00","dateModified":"2024-03-13T10:02:26+00:00","breadcrumb":{"@id":"https:\/\/rafaramirez.org\/blog\/index.php\/2010\/04\/15\/dia-mundial-del-nino-2010\/#breadcrumb"},"inLanguage":"es","potentialAction":[{"@type":"ReadAction","target":["https:\/\/rafaramirez.org\/blog\/index.php\/2010\/04\/15\/dia-mundial-del-nino-2010\/"]}]},{"@type":"ImageObject","inLanguage":"es","@id":"https:\/\/rafaramirez.org\/blog\/index.php\/2010\/04\/15\/dia-mundial-del-nino-2010\/#primaryimage","url":"https:\/\/rafaramirez.org\/blog\/wp-content\/uploads\/2010\/04\/children-DAY.jpg","contentUrl":"https:\/\/rafaramirez.org\/blog\/wp-content\/uploads\/2010\/04\/children-DAY.jpg","width":700,"height":500},{"@type":"BreadcrumbList","@id":"https:\/\/rafaramirez.org\/blog\/index.php\/2010\/04\/15\/dia-mundial-del-nino-2010\/#breadcrumb","itemListElement":[{"@type":"ListItem","position":1,"name":"Portada","item":"https:\/\/rafaramirez.org\/blog\/"},{"@type":"ListItem","position":2,"name":"D\u00eda Mundial del Ni\u00f1o 2010"}]},{"@type":"WebSite","@id":"https:\/\/rafaramirez.org\/blog\/#website","url":"https:\/\/rafaramirez.org\/blog\/","name":"Blog de Rafael Ram\u00edrez","description":"Un sitio social, de arte y cultura","publisher":{"@id":"https:\/\/rafaramirez.org\/blog\/#\/schema\/person\/50f43b6d60c578760d4c17bda54ab6a5"},"potentialAction":[{"@type":"SearchAction","target":{"@type":"EntryPoint","urlTemplate":"https:\/\/rafaramirez.org\/blog\/?s={search_term_string}"},"query-input":{"@type":"PropertyValueSpecification","valueRequired":true,"valueName":"search_term_string"}}],"inLanguage":"es"},{"@type":["Person","Organization"],"@id":"https:\/\/rafaramirez.org\/blog\/#\/schema\/person\/50f43b6d60c578760d4c17bda54ab6a5","name":"Rafael Ram\u00edrez","image":{"@type":"ImageObject","inLanguage":"es","@id":"https:\/\/rafaramirez.org\/blog\/wp-content\/uploads\/2024\/09\/RR_socialnetwork.jpg","url":"https:\/\/rafaramirez.org\/blog\/wp-content\/uploads\/2024\/09\/RR_socialnetwork.jpg","contentUrl":"https:\/\/rafaramirez.org\/blog\/wp-content\/uploads\/2024\/09\/RR_socialnetwork.jpg","width":600,"height":606,"caption":"Rafael Ram\u00edrez"},"logo":{"@id":"https:\/\/rafaramirez.org\/blog\/wp-content\/uploads\/2024\/09\/RR_socialnetwork.jpg"},"sameAs":["https:\/\/www.rafaramirez.org\/blog","https:\/\/www.instagram.com\/rafaramirez_ok\/","https:\/\/es.pinterest.com\/Ramirez_Rafa\/","https:\/\/x.com\/rafaramirez_ok"],"url":"https:\/\/rafaramirez.org\/blog\/index.php\/author\/rafaell_qm6j97da\/"}]}},"jetpack_publicize_connections":[],"jetpack_sharing_enabled":true,"jetpack_likes_enabled":true,"jetpack_featured_media_url":"https:\/\/rafaramirez.org\/blog\/wp-content\/uploads\/2010\/04\/children-DAY.jpg","_links":{"self":[{"href":"https:\/\/rafaramirez.org\/blog\/index.php\/wp-json\/wp\/v2\/posts\/1238","targetHints":{"allow":["GET"]}}],"collection":[{"href":"https:\/\/rafaramirez.org\/blog\/index.php\/wp-json\/wp\/v2\/posts"}],"about":[{"href":"https:\/\/rafaramirez.org\/blog\/index.php\/wp-json\/wp\/v2\/types\/post"}],"author":[{"embeddable":true,"href":"https:\/\/rafaramirez.org\/blog\/index.php\/wp-json\/wp\/v2\/users\/1"}],"replies":[{"embeddable":true,"href":"https:\/\/rafaramirez.org\/blog\/index.php\/wp-json\/wp\/v2\/comments?post=1238"}],"version-history":[{"count":1,"href":"https:\/\/rafaramirez.org\/blog\/index.php\/wp-json\/wp\/v2\/posts\/1238\/revisions"}],"predecessor-version":[{"id":2633,"href":"https:\/\/rafaramirez.org\/blog\/index.php\/wp-json\/wp\/v2\/posts\/1238\/revisions\/2633"}],"wp:featuredmedia":[{"embeddable":true,"href":"https:\/\/rafaramirez.org\/blog\/index.php\/wp-json\/wp\/v2\/media\/2632"}],"wp:attachment":[{"href":"https:\/\/rafaramirez.org\/blog\/index.php\/wp-json\/wp\/v2\/media?parent=1238"}],"wp:term":[{"taxonomy":"category","embeddable":true,"href":"https:\/\/rafaramirez.org\/blog\/index.php\/wp-json\/wp\/v2\/categories?post=1238"},{"taxonomy":"post_tag","embeddable":true,"href":"https:\/\/rafaramirez.org\/blog\/index.php\/wp-json\/wp\/v2\/tags?post=1238"}],"curies":[{"name":"wp","href":"https:\/\/api.w.org\/{rel}","templated":true}]}}