{"id":1237,"date":"2010-03-18T17:15:10","date_gmt":"2010-03-18T15:15:10","guid":{"rendered":"http:\/\/rafaelramirez.co.cc\/?p=907"},"modified":"2026-03-27T12:21:27","modified_gmt":"2026-03-27T11:21:27","slug":"dali-y-las-revistas-exposicion","status":"publish","type":"post","link":"https:\/\/rafaramirez.org\/blog\/index.php\/2010\/03\/18\/dali-y-las-revistas-exposicion\/","title":{"rendered":"Dal\u00ed y las revistas. Exposici\u00f3n"},"content":{"rendered":"<p>Este es el t\u00edtulo de la exposici\u00f3n que hasta el 16 de mayo puede visitarse en la Sala de Exposiciones de la Fundaci\u00f3n <a href=\"https:\/\/rafaramirez.org\/blog\/index.php\/2026\/03\/27\/pablo-picasso-un-recorrido-por-los-hitos-que-definieron-al-genio-del-siglo-xx\/\" target=\"_blank\" rel=\"noopener\">Pablo Ru\u00edz Picasso<\/a> en M\u00e1laga.<\/p>\n<p style=\"text-align: center;\"><a href=\"https:\/\/rafaramirez.org\/blog\/wp-content\/uploads\/2010\/03\/dali_y_lasrevistas.jpg\" target=\"_blank\" rel=\"noopener noreferrer\"><img loading=\"lazy\" decoding=\"async\" class=\"size-medium wp-image-908 aligncenter\" title=\"Dal\u00ed y las revistas. Exposici\u00f3n en M\u00e1laga\" src=\"https:\/\/rafaramirez.org\/blog\/wp-content\/uploads\/2010\/03\/dali_y_lasrevistas-210x300.jpg\" alt=\"Dal\u00ed y las revistas. Exposici\u00f3n en M\u00e1laga\" width=\"210\" height=\"300\" \/><\/a><\/p>\n<p><em>La colaboraci\u00f3n de Salvador Dal\u00ed con el mundo de las revistas y la prensa escrita es variada y extensa. Dal\u00ed no se limita a escribir art\u00edculos, sino que tambi\u00e9n realiza portadas y anuncios, e ilustra escritos tanto suyos como de otros autores. Utiliza al mismo tiempo la prensa como soporte, en forma de collage, para su obra, y como fuente de inspiraci\u00f3n: una portada, una imagen, un texto aparecido en la prensa pueden ser &#8211; y algunos lo son &#8211; transformados en otra imagen, en otra lectura, y convertidos en obra suya. <\/em><\/p>\n<p>Si tienen oportunidad ac\u00e9rquense a verla.<\/p>\n<blockquote><p>DAL\u00cd Y LAS REVISTAS<\/p>\n<p>del 10 de marzo de 2010 al 16 de mayo de 2010<\/p>\n<p>de lunes a domingo de 9.30 a 20.00 horas<\/p>\n<p>ENTRADA GRATUITA<\/p>\n<p>Sala de Exposiciones de la Fundaci\u00f3n Pablo Ru\u00edz Picasso<\/p>\n<p>Museo Casa Natal<\/p>\n<p>Plaza de la Merced, 13<\/p>\n<p>M\u00e1laga<\/p><\/blockquote>\n","protected":false},"excerpt":{"rendered":"<p>Este es el t\u00edtulo de la exposici\u00f3n que hasta el 16 de mayo puede visitarse en la Sala de Exposiciones de la Fundaci\u00f3n Pablo Ru\u00edz Picasso en M\u00e1laga. La colaboraci\u00f3n de Salvador Dal\u00ed con el mundo de las revistas y la prensa escrita es variada y extensa. Dal\u00ed no se limita a escribir art\u00edculos, sino [&hellip;]<\/p>\n","protected":false},"author":1,"featured_media":2635,"comment_status":"open","ping_status":"closed","sticky":false,"template":"","format":"standard","meta":{"site-container-style":"default","site-container-layout":"default","site-sidebar-layout":"default","disable-article-header":"default","disable-site-header":"default","disable-site-footer":"default","disable-content-area-spacing":"default","_jetpack_newsletter_access":"","_jetpack_dont_email_post_to_subs":false,"_jetpack_newsletter_tier_id":0,"_jetpack_memberships_contains_paywalled_content":false,"_jetpack_feature_clip_id":0,"_jetpack_memberships_contains_paid_content":false,"footnotes":"","jetpack_publicize_message":"","jetpack_publicize_feature_enabled":true,"jetpack_social_post_already_shared":true,"jetpack_social_options":{"image_generator_settings":{"template":"highway","default_image_id":0,"font":"","enabled":false},"version":2},"jetpack_post_was_ever_published":false},"categories":[1290],"tags":[637,638,639,640,325,435],"class_list":["post-1237","post","type-post","status-publish","format-standard","has-post-thumbnail","hentry","category-historia-del-arte","tag-dali-y-las-revistas","tag-exposicion","tag-fundacion-pablo-ruiz-picasso","tag-museo-casa-natal","tag-noticias-culturales","tag-salvador-dali"],"yoast_head":"<!-- This site is optimized with the Yoast SEO plugin v28.4 - https:\/\/yoast.com\/product\/yoast-seo-wordpress\/ -->\n<title>Dal\u00ed y las revistas. Exposici\u00f3n - Blog de Rafael Ram\u00edrez<\/title>\n<meta name=\"robots\" content=\"index, follow, max-snippet:-1, max-image-preview:large, max-video-preview:-1\" \/>\n<link rel=\"canonical\" href=\"https:\/\/rafaramirez.org\/blog\/index.php\/2010\/03\/18\/dali-y-las-revistas-exposicion\/\" \/>\n<meta property=\"og:locale\" content=\"es_ES\" \/>\n<meta property=\"og:type\" content=\"article\" \/>\n<meta property=\"og:title\" content=\"Dal\u00ed y las revistas. Exposici\u00f3n - Blog de Rafael Ram\u00edrez\" \/>\n<meta property=\"og:description\" content=\"Este es el t\u00edtulo de la exposici\u00f3n que hasta el 16 de mayo puede visitarse en la Sala de Exposiciones de la Fundaci\u00f3n Pablo Ru\u00edz Picasso en M\u00e1laga. La colaboraci\u00f3n de Salvador Dal\u00ed con el mundo de las revistas y la prensa escrita es variada y extensa. Dal\u00ed no se limita a escribir art\u00edculos, sino [&hellip;]\" \/>\n<meta property=\"og:url\" content=\"https:\/\/rafaramirez.org\/blog\/index.php\/2010\/03\/18\/dali-y-las-revistas-exposicion\/\" \/>\n<meta property=\"og:site_name\" content=\"Blog de Rafael Ram\u00edrez\" \/>\n<meta property=\"article:published_time\" content=\"2010-03-18T15:15:10+00:00\" \/>\n<meta property=\"article:modified_time\" content=\"2026-03-27T11:21:27+00:00\" \/>\n<meta property=\"og:image\" content=\"https:\/\/rafaramirez.org\/blog\/wp-content\/uploads\/2010\/03\/dali_y_lasrevistas-1.jpg\" \/>\n\t<meta property=\"og:image:width\" content=\"700\" \/>\n\t<meta property=\"og:image:height\" content=\"500\" \/>\n\t<meta property=\"og:image:type\" content=\"image\/jpeg\" \/>\n<meta name=\"author\" content=\"Rafael Ram\u00edrez\" \/>\n<meta name=\"twitter:card\" content=\"summary_large_image\" \/>\n<meta name=\"twitter:creator\" content=\"@rafaramirez_ok\" \/>\n<meta name=\"twitter:site\" content=\"@rafaramirez_ok\" \/>\n<meta name=\"twitter:label1\" content=\"Escrito por\" \/>\n\t<meta name=\"twitter:data1\" content=\"Rafael Ram\u00edrez\" \/>\n\t<meta name=\"twitter:label2\" content=\"Tiempo de lectura\" \/>\n\t<meta name=\"twitter:data2\" content=\"1 minuto\" \/>\n<script type=\"application\/ld+json\" class=\"yoast-schema-graph\">{\"@context\":\"https:\\\/\\\/schema.org\",\"@graph\":[{\"@type\":\"Article\",\"@id\":\"https:\\\/\\\/rafaramirez.org\\\/blog\\\/index.php\\\/2010\\\/03\\\/18\\\/dali-y-las-revistas-exposicion\\\/#article\",\"isPartOf\":{\"@id\":\"https:\\\/\\\/rafaramirez.org\\\/blog\\\/index.php\\\/2010\\\/03\\\/18\\\/dali-y-las-revistas-exposicion\\\/\"},\"author\":{\"name\":\"Rafael Ram\u00edrez\",\"@id\":\"https:\\\/\\\/rafaramirez.org\\\/blog\\\/#\\\/schema\\\/person\\\/50f43b6d60c578760d4c17bda54ab6a5\"},\"headline\":\"Dal\u00ed y las revistas. Exposici\u00f3n\",\"datePublished\":\"2010-03-18T15:15:10+00:00\",\"dateModified\":\"2026-03-27T11:21:27+00:00\",\"mainEntityOfPage\":{\"@id\":\"https:\\\/\\\/rafaramirez.org\\\/blog\\\/index.php\\\/2010\\\/03\\\/18\\\/dali-y-las-revistas-exposicion\\\/\"},\"wordCount\":182,\"commentCount\":2,\"publisher\":{\"@id\":\"https:\\\/\\\/rafaramirez.org\\\/blog\\\/#\\\/schema\\\/person\\\/50f43b6d60c578760d4c17bda54ab6a5\"},\"image\":{\"@id\":\"https:\\\/\\\/rafaramirez.org\\\/blog\\\/index.php\\\/2010\\\/03\\\/18\\\/dali-y-las-revistas-exposicion\\\/#primaryimage\"},\"thumbnailUrl\":\"https:\\\/\\\/rafaramirez.org\\\/blog\\\/wp-content\\\/uploads\\\/2010\\\/03\\\/dali_y_lasrevistas-1.jpg\",\"keywords\":[\"Dal\u00ed y las revistas\",\"exposici\u00f3n\",\"Fundaci\u00f3n Pablo Ru\u00edz Picasso\",\"Museo Casa Natal\",\"noticias culturales\",\"salvador dal\u00ed\"],\"articleSection\":[\"Historia del arte\"],\"inLanguage\":\"es\",\"potentialAction\":[{\"@type\":\"CommentAction\",\"name\":\"Comment\",\"target\":[\"https:\\\/\\\/rafaramirez.org\\\/blog\\\/index.php\\\/2010\\\/03\\\/18\\\/dali-y-las-revistas-exposicion\\\/#respond\"]}]},{\"@type\":\"WebPage\",\"@id\":\"https:\\\/\\\/rafaramirez.org\\\/blog\\\/index.php\\\/2010\\\/03\\\/18\\\/dali-y-las-revistas-exposicion\\\/\",\"url\":\"https:\\\/\\\/rafaramirez.org\\\/blog\\\/index.php\\\/2010\\\/03\\\/18\\\/dali-y-las-revistas-exposicion\\\/\",\"name\":\"Dal\u00ed y las revistas. Exposici\u00f3n - Blog de Rafael Ram\u00edrez\",\"isPartOf\":{\"@id\":\"https:\\\/\\\/rafaramirez.org\\\/blog\\\/#website\"},\"primaryImageOfPage\":{\"@id\":\"https:\\\/\\\/rafaramirez.org\\\/blog\\\/index.php\\\/2010\\\/03\\\/18\\\/dali-y-las-revistas-exposicion\\\/#primaryimage\"},\"image\":{\"@id\":\"https:\\\/\\\/rafaramirez.org\\\/blog\\\/index.php\\\/2010\\\/03\\\/18\\\/dali-y-las-revistas-exposicion\\\/#primaryimage\"},\"thumbnailUrl\":\"https:\\\/\\\/rafaramirez.org\\\/blog\\\/wp-content\\\/uploads\\\/2010\\\/03\\\/dali_y_lasrevistas-1.jpg\",\"datePublished\":\"2010-03-18T15:15:10+00:00\",\"dateModified\":\"2026-03-27T11:21:27+00:00\",\"breadcrumb\":{\"@id\":\"https:\\\/\\\/rafaramirez.org\\\/blog\\\/index.php\\\/2010\\\/03\\\/18\\\/dali-y-las-revistas-exposicion\\\/#breadcrumb\"},\"inLanguage\":\"es\",\"potentialAction\":[{\"@type\":\"ReadAction\",\"target\":[\"https:\\\/\\\/rafaramirez.org\\\/blog\\\/index.php\\\/2010\\\/03\\\/18\\\/dali-y-las-revistas-exposicion\\\/\"]}]},{\"@type\":\"ImageObject\",\"inLanguage\":\"es\",\"@id\":\"https:\\\/\\\/rafaramirez.org\\\/blog\\\/index.php\\\/2010\\\/03\\\/18\\\/dali-y-las-revistas-exposicion\\\/#primaryimage\",\"url\":\"https:\\\/\\\/rafaramirez.org\\\/blog\\\/wp-content\\\/uploads\\\/2010\\\/03\\\/dali_y_lasrevistas-1.jpg\",\"contentUrl\":\"https:\\\/\\\/rafaramirez.org\\\/blog\\\/wp-content\\\/uploads\\\/2010\\\/03\\\/dali_y_lasrevistas-1.jpg\",\"width\":700,\"height\":500},{\"@type\":\"BreadcrumbList\",\"@id\":\"https:\\\/\\\/rafaramirez.org\\\/blog\\\/index.php\\\/2010\\\/03\\\/18\\\/dali-y-las-revistas-exposicion\\\/#breadcrumb\",\"itemListElement\":[{\"@type\":\"ListItem\",\"position\":1,\"name\":\"Portada\",\"item\":\"https:\\\/\\\/rafaramirez.org\\\/blog\\\/\"},{\"@type\":\"ListItem\",\"position\":2,\"name\":\"Dal\u00ed y las revistas. Exposici\u00f3n\"}]},{\"@type\":\"WebSite\",\"@id\":\"https:\\\/\\\/rafaramirez.org\\\/blog\\\/#website\",\"url\":\"https:\\\/\\\/rafaramirez.org\\\/blog\\\/\",\"name\":\"Blog de Rafael Ram\u00edrez\",\"description\":\"Un sitio social, de arte y cultura\",\"publisher\":{\"@id\":\"https:\\\/\\\/rafaramirez.org\\\/blog\\\/#\\\/schema\\\/person\\\/50f43b6d60c578760d4c17bda54ab6a5\"},\"potentialAction\":[{\"@type\":\"SearchAction\",\"target\":{\"@type\":\"EntryPoint\",\"urlTemplate\":\"https:\\\/\\\/rafaramirez.org\\\/blog\\\/?s={search_term_string}\"},\"query-input\":{\"@type\":\"PropertyValueSpecification\",\"valueRequired\":true,\"valueName\":\"search_term_string\"}}],\"inLanguage\":\"es\"},{\"@type\":[\"Person\",\"Organization\"],\"@id\":\"https:\\\/\\\/rafaramirez.org\\\/blog\\\/#\\\/schema\\\/person\\\/50f43b6d60c578760d4c17bda54ab6a5\",\"name\":\"Rafael Ram\u00edrez\",\"image\":{\"@type\":\"ImageObject\",\"inLanguage\":\"es\",\"@id\":\"https:\\\/\\\/rafaramirez.org\\\/blog\\\/wp-content\\\/uploads\\\/2024\\\/09\\\/RR_socialnetwork.jpg\",\"url\":\"https:\\\/\\\/rafaramirez.org\\\/blog\\\/wp-content\\\/uploads\\\/2024\\\/09\\\/RR_socialnetwork.jpg\",\"contentUrl\":\"https:\\\/\\\/rafaramirez.org\\\/blog\\\/wp-content\\\/uploads\\\/2024\\\/09\\\/RR_socialnetwork.jpg\",\"width\":600,\"height\":606,\"caption\":\"Rafael Ram\u00edrez\"},\"logo\":{\"@id\":\"https:\\\/\\\/rafaramirez.org\\\/blog\\\/wp-content\\\/uploads\\\/2024\\\/09\\\/RR_socialnetwork.jpg\"},\"sameAs\":[\"https:\\\/\\\/www.rafaramirez.org\\\/blog\",\"https:\\\/\\\/www.instagram.com\\\/rafaramirez_ok\\\/\",\"https:\\\/\\\/es.pinterest.com\\\/Ramirez_Rafa\\\/\",\"https:\\\/\\\/x.com\\\/rafaramirez_ok\"],\"url\":\"https:\\\/\\\/rafaramirez.org\\\/blog\\\/index.php\\\/author\\\/rafaell_qm6j97da\\\/\"}]}<\/script>\n<!-- \/ Yoast SEO plugin. -->","yoast_head_json":{"title":"Dal\u00ed y las revistas. Exposici\u00f3n - Blog de Rafael Ram\u00edrez","robots":{"index":"index","follow":"follow","max-snippet":"max-snippet:-1","max-image-preview":"max-image-preview:large","max-video-preview":"max-video-preview:-1"},"canonical":"https:\/\/rafaramirez.org\/blog\/index.php\/2010\/03\/18\/dali-y-las-revistas-exposicion\/","og_locale":"es_ES","og_type":"article","og_title":"Dal\u00ed y las revistas. Exposici\u00f3n - Blog de Rafael Ram\u00edrez","og_description":"Este es el t\u00edtulo de la exposici\u00f3n que hasta el 16 de mayo puede visitarse en la Sala de Exposiciones de la Fundaci\u00f3n Pablo Ru\u00edz Picasso en M\u00e1laga. La colaboraci\u00f3n de Salvador Dal\u00ed con el mundo de las revistas y la prensa escrita es variada y extensa. Dal\u00ed no se limita a escribir art\u00edculos, sino [&hellip;]","og_url":"https:\/\/rafaramirez.org\/blog\/index.php\/2010\/03\/18\/dali-y-las-revistas-exposicion\/","og_site_name":"Blog de Rafael Ram\u00edrez","article_published_time":"2010-03-18T15:15:10+00:00","article_modified_time":"2026-03-27T11:21:27+00:00","og_image":[{"width":700,"height":500,"url":"https:\/\/rafaramirez.org\/blog\/wp-content\/uploads\/2010\/03\/dali_y_lasrevistas-1.jpg","type":"image\/jpeg"}],"author":"Rafael Ram\u00edrez","twitter_card":"summary_large_image","twitter_creator":"@rafaramirez_ok","twitter_site":"@rafaramirez_ok","twitter_misc":{"Escrito por":"Rafael Ram\u00edrez","Tiempo de lectura":"1 minuto"},"schema":{"@context":"https:\/\/schema.org","@graph":[{"@type":"Article","@id":"https:\/\/rafaramirez.org\/blog\/index.php\/2010\/03\/18\/dali-y-las-revistas-exposicion\/#article","isPartOf":{"@id":"https:\/\/rafaramirez.org\/blog\/index.php\/2010\/03\/18\/dali-y-las-revistas-exposicion\/"},"author":{"name":"Rafael Ram\u00edrez","@id":"https:\/\/rafaramirez.org\/blog\/#\/schema\/person\/50f43b6d60c578760d4c17bda54ab6a5"},"headline":"Dal\u00ed y las revistas. Exposici\u00f3n","datePublished":"2010-03-18T15:15:10+00:00","dateModified":"2026-03-27T11:21:27+00:00","mainEntityOfPage":{"@id":"https:\/\/rafaramirez.org\/blog\/index.php\/2010\/03\/18\/dali-y-las-revistas-exposicion\/"},"wordCount":182,"commentCount":2,"publisher":{"@id":"https:\/\/rafaramirez.org\/blog\/#\/schema\/person\/50f43b6d60c578760d4c17bda54ab6a5"},"image":{"@id":"https:\/\/rafaramirez.org\/blog\/index.php\/2010\/03\/18\/dali-y-las-revistas-exposicion\/#primaryimage"},"thumbnailUrl":"https:\/\/rafaramirez.org\/blog\/wp-content\/uploads\/2010\/03\/dali_y_lasrevistas-1.jpg","keywords":["Dal\u00ed y las revistas","exposici\u00f3n","Fundaci\u00f3n Pablo Ru\u00edz Picasso","Museo Casa Natal","noticias culturales","salvador dal\u00ed"],"articleSection":["Historia del arte"],"inLanguage":"es","potentialAction":[{"@type":"CommentAction","name":"Comment","target":["https:\/\/rafaramirez.org\/blog\/index.php\/2010\/03\/18\/dali-y-las-revistas-exposicion\/#respond"]}]},{"@type":"WebPage","@id":"https:\/\/rafaramirez.org\/blog\/index.php\/2010\/03\/18\/dali-y-las-revistas-exposicion\/","url":"https:\/\/rafaramirez.org\/blog\/index.php\/2010\/03\/18\/dali-y-las-revistas-exposicion\/","name":"Dal\u00ed y las revistas. Exposici\u00f3n - Blog de Rafael Ram\u00edrez","isPartOf":{"@id":"https:\/\/rafaramirez.org\/blog\/#website"},"primaryImageOfPage":{"@id":"https:\/\/rafaramirez.org\/blog\/index.php\/2010\/03\/18\/dali-y-las-revistas-exposicion\/#primaryimage"},"image":{"@id":"https:\/\/rafaramirez.org\/blog\/index.php\/2010\/03\/18\/dali-y-las-revistas-exposicion\/#primaryimage"},"thumbnailUrl":"https:\/\/rafaramirez.org\/blog\/wp-content\/uploads\/2010\/03\/dali_y_lasrevistas-1.jpg","datePublished":"2010-03-18T15:15:10+00:00","dateModified":"2026-03-27T11:21:27+00:00","breadcrumb":{"@id":"https:\/\/rafaramirez.org\/blog\/index.php\/2010\/03\/18\/dali-y-las-revistas-exposicion\/#breadcrumb"},"inLanguage":"es","potentialAction":[{"@type":"ReadAction","target":["https:\/\/rafaramirez.org\/blog\/index.php\/2010\/03\/18\/dali-y-las-revistas-exposicion\/"]}]},{"@type":"ImageObject","inLanguage":"es","@id":"https:\/\/rafaramirez.org\/blog\/index.php\/2010\/03\/18\/dali-y-las-revistas-exposicion\/#primaryimage","url":"https:\/\/rafaramirez.org\/blog\/wp-content\/uploads\/2010\/03\/dali_y_lasrevistas-1.jpg","contentUrl":"https:\/\/rafaramirez.org\/blog\/wp-content\/uploads\/2010\/03\/dali_y_lasrevistas-1.jpg","width":700,"height":500},{"@type":"BreadcrumbList","@id":"https:\/\/rafaramirez.org\/blog\/index.php\/2010\/03\/18\/dali-y-las-revistas-exposicion\/#breadcrumb","itemListElement":[{"@type":"ListItem","position":1,"name":"Portada","item":"https:\/\/rafaramirez.org\/blog\/"},{"@type":"ListItem","position":2,"name":"Dal\u00ed y las revistas. Exposici\u00f3n"}]},{"@type":"WebSite","@id":"https:\/\/rafaramirez.org\/blog\/#website","url":"https:\/\/rafaramirez.org\/blog\/","name":"Blog de Rafael Ram\u00edrez","description":"Un sitio social, de arte y cultura","publisher":{"@id":"https:\/\/rafaramirez.org\/blog\/#\/schema\/person\/50f43b6d60c578760d4c17bda54ab6a5"},"potentialAction":[{"@type":"SearchAction","target":{"@type":"EntryPoint","urlTemplate":"https:\/\/rafaramirez.org\/blog\/?s={search_term_string}"},"query-input":{"@type":"PropertyValueSpecification","valueRequired":true,"valueName":"search_term_string"}}],"inLanguage":"es"},{"@type":["Person","Organization"],"@id":"https:\/\/rafaramirez.org\/blog\/#\/schema\/person\/50f43b6d60c578760d4c17bda54ab6a5","name":"Rafael Ram\u00edrez","image":{"@type":"ImageObject","inLanguage":"es","@id":"https:\/\/rafaramirez.org\/blog\/wp-content\/uploads\/2024\/09\/RR_socialnetwork.jpg","url":"https:\/\/rafaramirez.org\/blog\/wp-content\/uploads\/2024\/09\/RR_socialnetwork.jpg","contentUrl":"https:\/\/rafaramirez.org\/blog\/wp-content\/uploads\/2024\/09\/RR_socialnetwork.jpg","width":600,"height":606,"caption":"Rafael Ram\u00edrez"},"logo":{"@id":"https:\/\/rafaramirez.org\/blog\/wp-content\/uploads\/2024\/09\/RR_socialnetwork.jpg"},"sameAs":["https:\/\/www.rafaramirez.org\/blog","https:\/\/www.instagram.com\/rafaramirez_ok\/","https:\/\/es.pinterest.com\/Ramirez_Rafa\/","https:\/\/x.com\/rafaramirez_ok"],"url":"https:\/\/rafaramirez.org\/blog\/index.php\/author\/rafaell_qm6j97da\/"}]}},"jetpack_publicize_connections":[],"jetpack_sharing_enabled":true,"jetpack_likes_enabled":true,"jetpack_featured_media_url":"https:\/\/rafaramirez.org\/blog\/wp-content\/uploads\/2010\/03\/dali_y_lasrevistas-1.jpg","_links":{"self":[{"href":"https:\/\/rafaramirez.org\/blog\/index.php\/wp-json\/wp\/v2\/posts\/1237","targetHints":{"allow":["GET"]}}],"collection":[{"href":"https:\/\/rafaramirez.org\/blog\/index.php\/wp-json\/wp\/v2\/posts"}],"about":[{"href":"https:\/\/rafaramirez.org\/blog\/index.php\/wp-json\/wp\/v2\/types\/post"}],"author":[{"embeddable":true,"href":"https:\/\/rafaramirez.org\/blog\/index.php\/wp-json\/wp\/v2\/users\/1"}],"replies":[{"embeddable":true,"href":"https:\/\/rafaramirez.org\/blog\/index.php\/wp-json\/wp\/v2\/comments?post=1237"}],"version-history":[{"count":3,"href":"https:\/\/rafaramirez.org\/blog\/index.php\/wp-json\/wp\/v2\/posts\/1237\/revisions"}],"predecessor-version":[{"id":12515,"href":"https:\/\/rafaramirez.org\/blog\/index.php\/wp-json\/wp\/v2\/posts\/1237\/revisions\/12515"}],"wp:featuredmedia":[{"embeddable":true,"href":"https:\/\/rafaramirez.org\/blog\/index.php\/wp-json\/wp\/v2\/media\/2635"}],"wp:attachment":[{"href":"https:\/\/rafaramirez.org\/blog\/index.php\/wp-json\/wp\/v2\/media?parent=1237"}],"wp:term":[{"taxonomy":"category","embeddable":true,"href":"https:\/\/rafaramirez.org\/blog\/index.php\/wp-json\/wp\/v2\/categories?post=1237"},{"taxonomy":"post_tag","embeddable":true,"href":"https:\/\/rafaramirez.org\/blog\/index.php\/wp-json\/wp\/v2\/tags?post=1237"}],"curies":[{"name":"wp","href":"https:\/\/api.w.org\/{rel}","templated":true}]}}