{"id":1235,"date":"2010-02-09T22:22:25","date_gmt":"2010-02-09T21:22:25","guid":{"rendered":"http:\/\/rafaelramirez.co.cc\/?p=853"},"modified":"2026-03-18T11:56:14","modified_gmt":"2026-03-18T10:56:14","slug":"la-ilogica-logica-de-una-enfermedad","status":"publish","type":"post","link":"https:\/\/rafaramirez.org\/blog\/index.php\/2010\/02\/09\/la-ilogica-logica-de-una-enfermedad\/","title":{"rendered":"La il\u00f3gica l\u00f3gica de una enfermedad."},"content":{"rendered":"<p>Estoy de lunes y a\u00fan replante\u00e1ndome objetivos y metas para esta nueva semana cuando agarro el peri\u00f3dico y leo un titular que me deja at\u00f3nito: <strong><em>\u00abEstados Unidos levantar\u00e1 el veto que ten\u00eda impuesto desde hace veintid\u00f3s \u00a0a\u00f1os para que puedan ingresar a su territorio personas enfermas de VIH (SIDA)\u00bb<\/em><\/strong>. Me froto los ojos y miro de nuevo por si es que a\u00fan estoy en la siesta del domingo, y no, la noticia es esa. Uno que ya no se sorprende de nada y al que le ha tocado \u00a0presenciar y, a veces, \u00a0padecer an\u00e9cdotas en los aeropuertos de medio mundo, no puede imaginar c\u00f3mo se han debido sentir discriminadas y humilladas aquellas personas portadoras de esta cada vez m\u00e1s conocida como enfermedad cr\u00f3nica al ser retenidas, deportadas <em>in situ<\/em> y tratadas, cuando menos, como apestadas.<\/p>\n<p>Me preparo un caf\u00e9 mientras doy vueltas a la cabeza, incr\u00e9dulo a\u00fan, ante el desconocimiento de este hecho, que se muestra incomprensible para m\u00ed. Tanto devaneo sobre el tema trae a mi mente el recuerdo de aquella primera vez que solicit\u00e9 permiso de residencia en Bolivia, pa\u00eds de belleza extraordinaria al que profeso un gran cari\u00f1o, sobre todo, por la humildad y el calor con el que sus gentes acogen al forastero, al menos en la zona del oriente que es en la que he vivido.<\/p>\n<p>En Bolivia no se discrimina la entrada al pa\u00eds por enfermedad, pero me sorprend\u00ed ingratamente cuando, para el tr\u00e1mite de residencia, se me exig\u00eda realizar una prueba de VIH, algo nunca justificable desde mi punto de vista, pero asumible en el contexto de un pa\u00eds que a\u00fan se est\u00e1 formando e intentando alcanzar su madurez. Digo asumible, ya que quiz\u00e1 hubiera sido entendible bajo el argumento del coste econ\u00f3mico que para las arcas p\u00fablicas de un pa\u00eds pobre y en v\u00edas de desarrollo supone el tratamiento de una persona con SIDA, esto, claro est\u00e1, si es que en Bolivia hubiera existido la sanidad gratuita. Nunca supe si a las personas que daban positivo en la prueba se les negaba la residencia, aunque es de suponer, ya que de otra forma no hubiera tenido sentido la exigencia de ese test. En la actualidad, la sanidad p\u00fablica boliviana da cobertura a ni\u00f1os y personas mayores sin recursos, aunque en la realidad no siempre se cumple; tampoco cubre los medicamentos.<\/p>\n<p>Triste panorama, pienso, mientras apuro mi \u00faltimo sorbo de caf\u00e9, pero supone un gran avance, esfuerzo, y es mucho m\u00e1s que lo que hace su gigante vecino del norte.<\/p>\n<p>No deja de ser parad\u00f3jico que en Estados Unidos, pa\u00eds que figura entre los m\u00e1s ricos del mundo, a la vanguardia en las investigaciones del VIH, con el mayor n\u00famero de laboratorios farmac\u00e9uticos dedicados a la producci\u00f3n de medicamentos retrovirales y, c\u00f3mo no, tambi\u00e9n a la cabeza en ganancias obtenidas por la venta de estos, hayan tenido vigente una ley discriminatoria y atentatoria contra la dignidad e intimidad de las personas por tantos a\u00f1os.<\/p>\n<p>Lamentablemente, ya sabemos que para algunos \u00abbusiness is business\u00bb.<\/p>\n<p><strong><em>Rafael Ram\u00edrez.<\/em><\/strong><\/p>\n","protected":false},"excerpt":{"rendered":"<p>Estoy de lunes y a\u00fan replante\u00e1ndome objetivos y metas para esta nueva semana cuando agarro el peri\u00f3dico y leo un titular que me deja at\u00f3nito: \u00abEstados Unidos levantar\u00e1 el veto que ten\u00eda impuesto desde hace veintid\u00f3s \u00a0a\u00f1os para que puedan ingresar a su territorio personas enfermas de VIH (SIDA)\u00bb. Me froto los ojos y miro [&hellip;]<\/p>\n","protected":false},"author":1,"featured_media":2638,"comment_status":"open","ping_status":"closed","sticky":false,"template":"","format":"standard","meta":{"site-container-style":"default","site-container-layout":"default","site-sidebar-layout":"default","disable-article-header":"default","disable-site-header":"default","disable-site-footer":"default","disable-content-area-spacing":"default","_jetpack_newsletter_access":"","_jetpack_dont_email_post_to_subs":false,"_jetpack_newsletter_tier_id":0,"_jetpack_memberships_contains_paywalled_content":false,"_jetpack_feature_clip_id":0,"_jetpack_memberships_contains_paid_content":false,"footnotes":"","jetpack_publicize_message":"","jetpack_publicize_feature_enabled":true,"jetpack_social_post_already_shared":true,"jetpack_social_options":{"image_generator_settings":{"template":"highway","default_image_id":0,"font":"","enabled":false},"version":2},"jetpack_post_was_ever_published":false},"categories":[15,710],"tags":[70,139,168,270,330,497,507],"class_list":["post-1235","post","type-post","status-publish","format-standard","has-post-thumbnail","hentry","category-noticias-sociales","category-literatura","tag-bolivia","tag-destacado","tag-estados-unidos","tag-lucha-sida","tag-noticias-sociales","tag-veto","tag-vih"],"yoast_head":"<!-- This site is optimized with the Yoast SEO plugin v28.4 - https:\/\/yoast.com\/product\/yoast-seo-wordpress\/ -->\n<title>La il\u00f3gica l\u00f3gica de una enfermedad. - Blog de Rafael Ram\u00edrez<\/title>\n<meta name=\"robots\" content=\"index, follow, max-snippet:-1, max-image-preview:large, max-video-preview:-1\" \/>\n<link rel=\"canonical\" href=\"https:\/\/rafaramirez.org\/blog\/index.php\/2010\/02\/09\/la-ilogica-logica-de-una-enfermedad\/\" \/>\n<meta property=\"og:locale\" content=\"es_ES\" \/>\n<meta property=\"og:type\" content=\"article\" \/>\n<meta property=\"og:title\" content=\"La il\u00f3gica l\u00f3gica de una enfermedad. - Blog de Rafael Ram\u00edrez\" \/>\n<meta property=\"og:description\" content=\"Estoy de lunes y a\u00fan replante\u00e1ndome objetivos y metas para esta nueva semana cuando agarro el peri\u00f3dico y leo un titular que me deja at\u00f3nito: \u00abEstados Unidos levantar\u00e1 el veto que ten\u00eda impuesto desde hace veintid\u00f3s \u00a0a\u00f1os para que puedan ingresar a su territorio personas enfermas de VIH (SIDA)\u00bb. Me froto los ojos y miro [&hellip;]\" \/>\n<meta property=\"og:url\" content=\"https:\/\/rafaramirez.org\/blog\/index.php\/2010\/02\/09\/la-ilogica-logica-de-una-enfermedad\/\" \/>\n<meta property=\"og:site_name\" content=\"Blog de Rafael Ram\u00edrez\" \/>\n<meta property=\"article:published_time\" content=\"2010-02-09T21:22:25+00:00\" \/>\n<meta property=\"article:modified_time\" content=\"2026-03-18T10:56:14+00:00\" \/>\n<meta property=\"og:image\" content=\"https:\/\/rafaramirez.org\/blog\/wp-content\/uploads\/2010\/02\/passport-315266_960_MED-672x372-1.jpg\" \/>\n\t<meta property=\"og:image:width\" content=\"672\" \/>\n\t<meta property=\"og:image:height\" content=\"372\" \/>\n\t<meta property=\"og:image:type\" content=\"image\/jpeg\" \/>\n<meta name=\"author\" content=\"Rafael Ram\u00edrez\" \/>\n<meta name=\"twitter:card\" content=\"summary_large_image\" \/>\n<meta name=\"twitter:creator\" content=\"@rafaramirez_ok\" \/>\n<meta name=\"twitter:site\" content=\"@rafaramirez_ok\" \/>\n<meta name=\"twitter:label1\" content=\"Escrito por\" \/>\n\t<meta name=\"twitter:data1\" content=\"Rafael Ram\u00edrez\" \/>\n\t<meta name=\"twitter:label2\" content=\"Tiempo de lectura\" \/>\n\t<meta name=\"twitter:data2\" content=\"3 minutos\" \/>\n<script type=\"application\/ld+json\" class=\"yoast-schema-graph\">{\"@context\":\"https:\\\/\\\/schema.org\",\"@graph\":[{\"@type\":\"Article\",\"@id\":\"https:\\\/\\\/rafaramirez.org\\\/blog\\\/index.php\\\/2010\\\/02\\\/09\\\/la-ilogica-logica-de-una-enfermedad\\\/#article\",\"isPartOf\":{\"@id\":\"https:\\\/\\\/rafaramirez.org\\\/blog\\\/index.php\\\/2010\\\/02\\\/09\\\/la-ilogica-logica-de-una-enfermedad\\\/\"},\"author\":{\"name\":\"Rafael Ram\u00edrez\",\"@id\":\"https:\\\/\\\/rafaramirez.org\\\/blog\\\/#\\\/schema\\\/person\\\/50f43b6d60c578760d4c17bda54ab6a5\"},\"headline\":\"La il\u00f3gica l\u00f3gica de una enfermedad.\",\"datePublished\":\"2010-02-09T21:22:25+00:00\",\"dateModified\":\"2026-03-18T10:56:14+00:00\",\"mainEntityOfPage\":{\"@id\":\"https:\\\/\\\/rafaramirez.org\\\/blog\\\/index.php\\\/2010\\\/02\\\/09\\\/la-ilogica-logica-de-una-enfermedad\\\/\"},\"wordCount\":548,\"commentCount\":2,\"publisher\":{\"@id\":\"https:\\\/\\\/rafaramirez.org\\\/blog\\\/#\\\/schema\\\/person\\\/50f43b6d60c578760d4c17bda54ab6a5\"},\"image\":{\"@id\":\"https:\\\/\\\/rafaramirez.org\\\/blog\\\/index.php\\\/2010\\\/02\\\/09\\\/la-ilogica-logica-de-una-enfermedad\\\/#primaryimage\"},\"thumbnailUrl\":\"https:\\\/\\\/rafaramirez.org\\\/blog\\\/wp-content\\\/uploads\\\/2010\\\/02\\\/passport-315266_960_MED-672x372-1.jpg\",\"keywords\":[\"bolivia\",\"destacado\",\"Estados Unidos\",\"lucha sida\",\"noticias sociales\",\"veto\",\"vih\"],\"articleSection\":[\"Informe social\",\"Literatura\"],\"inLanguage\":\"es\",\"potentialAction\":[{\"@type\":\"CommentAction\",\"name\":\"Comment\",\"target\":[\"https:\\\/\\\/rafaramirez.org\\\/blog\\\/index.php\\\/2010\\\/02\\\/09\\\/la-ilogica-logica-de-una-enfermedad\\\/#respond\"]}]},{\"@type\":\"WebPage\",\"@id\":\"https:\\\/\\\/rafaramirez.org\\\/blog\\\/index.php\\\/2010\\\/02\\\/09\\\/la-ilogica-logica-de-una-enfermedad\\\/\",\"url\":\"https:\\\/\\\/rafaramirez.org\\\/blog\\\/index.php\\\/2010\\\/02\\\/09\\\/la-ilogica-logica-de-una-enfermedad\\\/\",\"name\":\"La il\u00f3gica l\u00f3gica de una enfermedad. - Blog de Rafael Ram\u00edrez\",\"isPartOf\":{\"@id\":\"https:\\\/\\\/rafaramirez.org\\\/blog\\\/#website\"},\"primaryImageOfPage\":{\"@id\":\"https:\\\/\\\/rafaramirez.org\\\/blog\\\/index.php\\\/2010\\\/02\\\/09\\\/la-ilogica-logica-de-una-enfermedad\\\/#primaryimage\"},\"image\":{\"@id\":\"https:\\\/\\\/rafaramirez.org\\\/blog\\\/index.php\\\/2010\\\/02\\\/09\\\/la-ilogica-logica-de-una-enfermedad\\\/#primaryimage\"},\"thumbnailUrl\":\"https:\\\/\\\/rafaramirez.org\\\/blog\\\/wp-content\\\/uploads\\\/2010\\\/02\\\/passport-315266_960_MED-672x372-1.jpg\",\"datePublished\":\"2010-02-09T21:22:25+00:00\",\"dateModified\":\"2026-03-18T10:56:14+00:00\",\"breadcrumb\":{\"@id\":\"https:\\\/\\\/rafaramirez.org\\\/blog\\\/index.php\\\/2010\\\/02\\\/09\\\/la-ilogica-logica-de-una-enfermedad\\\/#breadcrumb\"},\"inLanguage\":\"es\",\"potentialAction\":[{\"@type\":\"ReadAction\",\"target\":[\"https:\\\/\\\/rafaramirez.org\\\/blog\\\/index.php\\\/2010\\\/02\\\/09\\\/la-ilogica-logica-de-una-enfermedad\\\/\"]}]},{\"@type\":\"ImageObject\",\"inLanguage\":\"es\",\"@id\":\"https:\\\/\\\/rafaramirez.org\\\/blog\\\/index.php\\\/2010\\\/02\\\/09\\\/la-ilogica-logica-de-una-enfermedad\\\/#primaryimage\",\"url\":\"https:\\\/\\\/rafaramirez.org\\\/blog\\\/wp-content\\\/uploads\\\/2010\\\/02\\\/passport-315266_960_MED-672x372-1.jpg\",\"contentUrl\":\"https:\\\/\\\/rafaramirez.org\\\/blog\\\/wp-content\\\/uploads\\\/2010\\\/02\\\/passport-315266_960_MED-672x372-1.jpg\",\"width\":672,\"height\":372},{\"@type\":\"BreadcrumbList\",\"@id\":\"https:\\\/\\\/rafaramirez.org\\\/blog\\\/index.php\\\/2010\\\/02\\\/09\\\/la-ilogica-logica-de-una-enfermedad\\\/#breadcrumb\",\"itemListElement\":[{\"@type\":\"ListItem\",\"position\":1,\"name\":\"Portada\",\"item\":\"https:\\\/\\\/rafaramirez.org\\\/blog\\\/\"},{\"@type\":\"ListItem\",\"position\":2,\"name\":\"La il\u00f3gica l\u00f3gica de una enfermedad.\"}]},{\"@type\":\"WebSite\",\"@id\":\"https:\\\/\\\/rafaramirez.org\\\/blog\\\/#website\",\"url\":\"https:\\\/\\\/rafaramirez.org\\\/blog\\\/\",\"name\":\"Blog de Rafael Ram\u00edrez\",\"description\":\"Un sitio social, de arte y cultura\",\"publisher\":{\"@id\":\"https:\\\/\\\/rafaramirez.org\\\/blog\\\/#\\\/schema\\\/person\\\/50f43b6d60c578760d4c17bda54ab6a5\"},\"potentialAction\":[{\"@type\":\"SearchAction\",\"target\":{\"@type\":\"EntryPoint\",\"urlTemplate\":\"https:\\\/\\\/rafaramirez.org\\\/blog\\\/?s={search_term_string}\"},\"query-input\":{\"@type\":\"PropertyValueSpecification\",\"valueRequired\":true,\"valueName\":\"search_term_string\"}}],\"inLanguage\":\"es\"},{\"@type\":[\"Person\",\"Organization\"],\"@id\":\"https:\\\/\\\/rafaramirez.org\\\/blog\\\/#\\\/schema\\\/person\\\/50f43b6d60c578760d4c17bda54ab6a5\",\"name\":\"Rafael Ram\u00edrez\",\"image\":{\"@type\":\"ImageObject\",\"inLanguage\":\"es\",\"@id\":\"https:\\\/\\\/rafaramirez.org\\\/blog\\\/wp-content\\\/uploads\\\/2024\\\/09\\\/RR_socialnetwork.jpg\",\"url\":\"https:\\\/\\\/rafaramirez.org\\\/blog\\\/wp-content\\\/uploads\\\/2024\\\/09\\\/RR_socialnetwork.jpg\",\"contentUrl\":\"https:\\\/\\\/rafaramirez.org\\\/blog\\\/wp-content\\\/uploads\\\/2024\\\/09\\\/RR_socialnetwork.jpg\",\"width\":600,\"height\":606,\"caption\":\"Rafael Ram\u00edrez\"},\"logo\":{\"@id\":\"https:\\\/\\\/rafaramirez.org\\\/blog\\\/wp-content\\\/uploads\\\/2024\\\/09\\\/RR_socialnetwork.jpg\"},\"sameAs\":[\"https:\\\/\\\/www.rafaramirez.org\\\/blog\",\"https:\\\/\\\/www.instagram.com\\\/rafaramirez_ok\\\/\",\"https:\\\/\\\/es.pinterest.com\\\/Ramirez_Rafa\\\/\",\"https:\\\/\\\/x.com\\\/rafaramirez_ok\"],\"url\":\"https:\\\/\\\/rafaramirez.org\\\/blog\\\/index.php\\\/author\\\/rafaell_qm6j97da\\\/\"}]}<\/script>\n<!-- \/ Yoast SEO plugin. -->","yoast_head_json":{"title":"La il\u00f3gica l\u00f3gica de una enfermedad. - Blog de Rafael Ram\u00edrez","robots":{"index":"index","follow":"follow","max-snippet":"max-snippet:-1","max-image-preview":"max-image-preview:large","max-video-preview":"max-video-preview:-1"},"canonical":"https:\/\/rafaramirez.org\/blog\/index.php\/2010\/02\/09\/la-ilogica-logica-de-una-enfermedad\/","og_locale":"es_ES","og_type":"article","og_title":"La il\u00f3gica l\u00f3gica de una enfermedad. - Blog de Rafael Ram\u00edrez","og_description":"Estoy de lunes y a\u00fan replante\u00e1ndome objetivos y metas para esta nueva semana cuando agarro el peri\u00f3dico y leo un titular que me deja at\u00f3nito: \u00abEstados Unidos levantar\u00e1 el veto que ten\u00eda impuesto desde hace veintid\u00f3s \u00a0a\u00f1os para que puedan ingresar a su territorio personas enfermas de VIH (SIDA)\u00bb. Me froto los ojos y miro [&hellip;]","og_url":"https:\/\/rafaramirez.org\/blog\/index.php\/2010\/02\/09\/la-ilogica-logica-de-una-enfermedad\/","og_site_name":"Blog de Rafael Ram\u00edrez","article_published_time":"2010-02-09T21:22:25+00:00","article_modified_time":"2026-03-18T10:56:14+00:00","og_image":[{"width":672,"height":372,"url":"https:\/\/rafaramirez.org\/blog\/wp-content\/uploads\/2010\/02\/passport-315266_960_MED-672x372-1.jpg","type":"image\/jpeg"}],"author":"Rafael Ram\u00edrez","twitter_card":"summary_large_image","twitter_creator":"@rafaramirez_ok","twitter_site":"@rafaramirez_ok","twitter_misc":{"Escrito por":"Rafael Ram\u00edrez","Tiempo de lectura":"3 minutos"},"schema":{"@context":"https:\/\/schema.org","@graph":[{"@type":"Article","@id":"https:\/\/rafaramirez.org\/blog\/index.php\/2010\/02\/09\/la-ilogica-logica-de-una-enfermedad\/#article","isPartOf":{"@id":"https:\/\/rafaramirez.org\/blog\/index.php\/2010\/02\/09\/la-ilogica-logica-de-una-enfermedad\/"},"author":{"name":"Rafael Ram\u00edrez","@id":"https:\/\/rafaramirez.org\/blog\/#\/schema\/person\/50f43b6d60c578760d4c17bda54ab6a5"},"headline":"La il\u00f3gica l\u00f3gica de una enfermedad.","datePublished":"2010-02-09T21:22:25+00:00","dateModified":"2026-03-18T10:56:14+00:00","mainEntityOfPage":{"@id":"https:\/\/rafaramirez.org\/blog\/index.php\/2010\/02\/09\/la-ilogica-logica-de-una-enfermedad\/"},"wordCount":548,"commentCount":2,"publisher":{"@id":"https:\/\/rafaramirez.org\/blog\/#\/schema\/person\/50f43b6d60c578760d4c17bda54ab6a5"},"image":{"@id":"https:\/\/rafaramirez.org\/blog\/index.php\/2010\/02\/09\/la-ilogica-logica-de-una-enfermedad\/#primaryimage"},"thumbnailUrl":"https:\/\/rafaramirez.org\/blog\/wp-content\/uploads\/2010\/02\/passport-315266_960_MED-672x372-1.jpg","keywords":["bolivia","destacado","Estados Unidos","lucha sida","noticias sociales","veto","vih"],"articleSection":["Informe social","Literatura"],"inLanguage":"es","potentialAction":[{"@type":"CommentAction","name":"Comment","target":["https:\/\/rafaramirez.org\/blog\/index.php\/2010\/02\/09\/la-ilogica-logica-de-una-enfermedad\/#respond"]}]},{"@type":"WebPage","@id":"https:\/\/rafaramirez.org\/blog\/index.php\/2010\/02\/09\/la-ilogica-logica-de-una-enfermedad\/","url":"https:\/\/rafaramirez.org\/blog\/index.php\/2010\/02\/09\/la-ilogica-logica-de-una-enfermedad\/","name":"La il\u00f3gica l\u00f3gica de una enfermedad. - Blog de Rafael Ram\u00edrez","isPartOf":{"@id":"https:\/\/rafaramirez.org\/blog\/#website"},"primaryImageOfPage":{"@id":"https:\/\/rafaramirez.org\/blog\/index.php\/2010\/02\/09\/la-ilogica-logica-de-una-enfermedad\/#primaryimage"},"image":{"@id":"https:\/\/rafaramirez.org\/blog\/index.php\/2010\/02\/09\/la-ilogica-logica-de-una-enfermedad\/#primaryimage"},"thumbnailUrl":"https:\/\/rafaramirez.org\/blog\/wp-content\/uploads\/2010\/02\/passport-315266_960_MED-672x372-1.jpg","datePublished":"2010-02-09T21:22:25+00:00","dateModified":"2026-03-18T10:56:14+00:00","breadcrumb":{"@id":"https:\/\/rafaramirez.org\/blog\/index.php\/2010\/02\/09\/la-ilogica-logica-de-una-enfermedad\/#breadcrumb"},"inLanguage":"es","potentialAction":[{"@type":"ReadAction","target":["https:\/\/rafaramirez.org\/blog\/index.php\/2010\/02\/09\/la-ilogica-logica-de-una-enfermedad\/"]}]},{"@type":"ImageObject","inLanguage":"es","@id":"https:\/\/rafaramirez.org\/blog\/index.php\/2010\/02\/09\/la-ilogica-logica-de-una-enfermedad\/#primaryimage","url":"https:\/\/rafaramirez.org\/blog\/wp-content\/uploads\/2010\/02\/passport-315266_960_MED-672x372-1.jpg","contentUrl":"https:\/\/rafaramirez.org\/blog\/wp-content\/uploads\/2010\/02\/passport-315266_960_MED-672x372-1.jpg","width":672,"height":372},{"@type":"BreadcrumbList","@id":"https:\/\/rafaramirez.org\/blog\/index.php\/2010\/02\/09\/la-ilogica-logica-de-una-enfermedad\/#breadcrumb","itemListElement":[{"@type":"ListItem","position":1,"name":"Portada","item":"https:\/\/rafaramirez.org\/blog\/"},{"@type":"ListItem","position":2,"name":"La il\u00f3gica l\u00f3gica de una enfermedad."}]},{"@type":"WebSite","@id":"https:\/\/rafaramirez.org\/blog\/#website","url":"https:\/\/rafaramirez.org\/blog\/","name":"Blog de Rafael Ram\u00edrez","description":"Un sitio social, de arte y cultura","publisher":{"@id":"https:\/\/rafaramirez.org\/blog\/#\/schema\/person\/50f43b6d60c578760d4c17bda54ab6a5"},"potentialAction":[{"@type":"SearchAction","target":{"@type":"EntryPoint","urlTemplate":"https:\/\/rafaramirez.org\/blog\/?s={search_term_string}"},"query-input":{"@type":"PropertyValueSpecification","valueRequired":true,"valueName":"search_term_string"}}],"inLanguage":"es"},{"@type":["Person","Organization"],"@id":"https:\/\/rafaramirez.org\/blog\/#\/schema\/person\/50f43b6d60c578760d4c17bda54ab6a5","name":"Rafael Ram\u00edrez","image":{"@type":"ImageObject","inLanguage":"es","@id":"https:\/\/rafaramirez.org\/blog\/wp-content\/uploads\/2024\/09\/RR_socialnetwork.jpg","url":"https:\/\/rafaramirez.org\/blog\/wp-content\/uploads\/2024\/09\/RR_socialnetwork.jpg","contentUrl":"https:\/\/rafaramirez.org\/blog\/wp-content\/uploads\/2024\/09\/RR_socialnetwork.jpg","width":600,"height":606,"caption":"Rafael Ram\u00edrez"},"logo":{"@id":"https:\/\/rafaramirez.org\/blog\/wp-content\/uploads\/2024\/09\/RR_socialnetwork.jpg"},"sameAs":["https:\/\/www.rafaramirez.org\/blog","https:\/\/www.instagram.com\/rafaramirez_ok\/","https:\/\/es.pinterest.com\/Ramirez_Rafa\/","https:\/\/x.com\/rafaramirez_ok"],"url":"https:\/\/rafaramirez.org\/blog\/index.php\/author\/rafaell_qm6j97da\/"}]}},"jetpack_publicize_connections":[],"jetpack_sharing_enabled":true,"jetpack_likes_enabled":true,"jetpack_featured_media_url":"https:\/\/rafaramirez.org\/blog\/wp-content\/uploads\/2010\/02\/passport-315266_960_MED-672x372-1.jpg","_links":{"self":[{"href":"https:\/\/rafaramirez.org\/blog\/index.php\/wp-json\/wp\/v2\/posts\/1235","targetHints":{"allow":["GET"]}}],"collection":[{"href":"https:\/\/rafaramirez.org\/blog\/index.php\/wp-json\/wp\/v2\/posts"}],"about":[{"href":"https:\/\/rafaramirez.org\/blog\/index.php\/wp-json\/wp\/v2\/types\/post"}],"author":[{"embeddable":true,"href":"https:\/\/rafaramirez.org\/blog\/index.php\/wp-json\/wp\/v2\/users\/1"}],"replies":[{"embeddable":true,"href":"https:\/\/rafaramirez.org\/blog\/index.php\/wp-json\/wp\/v2\/comments?post=1235"}],"version-history":[{"count":4,"href":"https:\/\/rafaramirez.org\/blog\/index.php\/wp-json\/wp\/v2\/posts\/1235\/revisions"}],"predecessor-version":[{"id":12457,"href":"https:\/\/rafaramirez.org\/blog\/index.php\/wp-json\/wp\/v2\/posts\/1235\/revisions\/12457"}],"wp:featuredmedia":[{"embeddable":true,"href":"https:\/\/rafaramirez.org\/blog\/index.php\/wp-json\/wp\/v2\/media\/2638"}],"wp:attachment":[{"href":"https:\/\/rafaramirez.org\/blog\/index.php\/wp-json\/wp\/v2\/media?parent=1235"}],"wp:term":[{"taxonomy":"category","embeddable":true,"href":"https:\/\/rafaramirez.org\/blog\/index.php\/wp-json\/wp\/v2\/categories?post=1235"},{"taxonomy":"post_tag","embeddable":true,"href":"https:\/\/rafaramirez.org\/blog\/index.php\/wp-json\/wp\/v2\/tags?post=1235"}],"curies":[{"name":"wp","href":"https:\/\/api.w.org\/{rel}","templated":true}]}}