{"id":1234,"date":"2024-02-29T08:15:11","date_gmt":"2024-02-29T07:15:11","guid":{"rendered":"http:\/\/rafaelramirez.co.cc\/?p=840"},"modified":"2024-02-27T11:14:38","modified_gmt":"2024-02-27T10:14:38","slug":"la-mairie-vichy-francia-postal-1936","status":"publish","type":"post","link":"https:\/\/rafaramirez.org\/blog\/index.php\/2024\/02\/29\/la-mairie-vichy-francia-postal-1936\/","title":{"rendered":"La Mairie &#8211; Vichy (Francia). Postal de 1936. Postales antiguas (colecci\u00f3n particular)."},"content":{"rendered":"<p>\u00c9sta es una postal de 1936 del\u00a0H\u00f4tel de Ville de Vichy, tambi\u00e9n conocido como La Mairie, es un edificio monumental que se encuentra en la ciudad de Vichy, Francia. No solo es la sede del gobierno local, sino tambi\u00e9n un s\u00edmbolo de la arquitectura y la historia de la ciudad.<\/p>\n<p data-sourcepos=\"5:1-5:16\"><strong>Su historia:<\/strong><\/p>\n<ul data-sourcepos=\"7:1-11:0\">\n<li data-sourcepos=\"7:1-7:93\"><strong>Construcci\u00f3n:<\/strong>\u00a0La construcci\u00f3n del H\u00f4tel de Ville comenz\u00f3 en 1913 y se complet\u00f3 en 1928.<\/li>\n<li data-sourcepos=\"8:1-8:138\"><strong>Estilo arquitect\u00f3nico:<\/strong>\u00a0El edificio presenta un estilo ecl\u00e9ctico que combina elementos del Segundo Imperio franc\u00e9s y del Art Nouveau.<\/li>\n<li data-sourcepos=\"9:1-9:69\"><strong>Influencia:<\/strong>\u00a0Su dise\u00f1o se inspir\u00f3 en el H\u00f4tel de Ville de Par\u00eds.<\/li>\n<li data-sourcepos=\"10:1-11:0\"><strong>Importancia hist\u00f3rica:<\/strong>\u00a0El H\u00f4tel de Ville fue testigo de eventos importantes durante la Segunda Guerra Mundial, cuando Vichy fue la capital de la Francia no ocupada.<\/li>\n<\/ul>\n<p data-sourcepos=\"12:1-12:20\"><strong>Caracter\u00edsticas:<\/strong><\/p>\n<ul data-sourcepos=\"14:1-18:0\">\n<li data-sourcepos=\"14:1-14:92\"><strong>Exterior:<\/strong>\u00a0La fachada del edificio est\u00e1 decorada con esculturas, frisos y balaustradas.<\/li>\n<li data-sourcepos=\"15:1-15:117\"><strong>Interior:<\/strong>\u00a0El interior del H\u00f4tel de Ville es lujoso, con una decoraci\u00f3n que incluye m\u00e1rmol, frescos y vidrieras.<\/li>\n<li data-sourcepos=\"16:1-16:142\"><strong>Destacados:<\/strong>\u00a0Algunos de los espacios m\u00e1s notables del edificio son la sala de los pasos perdidos, la gran escalera y la sala del consejo.<\/li>\n<li data-sourcepos=\"17:1-18:0\"><strong>Monumento hist\u00f3rico:<\/strong>\u00a0El H\u00f4tel de Ville de Vichy fue clasificado como monumento hist\u00f3rico en 1990.<\/li>\n<\/ul>\n<p style=\"text-align: center;\"><em><strong>Anverso de la postal<\/strong><\/em><a href=\"https:\/\/rafaramirez.org\/blog\/wp-content\/uploads\/2010\/02\/postal_vintage_Vichy_LaMairie_anversologblog.jpg\" target=\"_blank\" rel=\"noopener\"><img loading=\"lazy\" decoding=\"async\" class=\"alignnone wp-image-3537 size-medium\" src=\"https:\/\/rafaramirez.org\/blog\/wp-content\/uploads\/2010\/02\/postal_vintage_Vichy_LaMairie_anversologblog-300x182.jpg\" alt=\"Postal vintage de La Mairie - Vichy (Francia). Blog de Rafael Ram\u00edrez.\" width=\"300\" height=\"182\" srcset=\"https:\/\/rafaramirez.org\/blog\/wp-content\/uploads\/2010\/02\/postal_vintage_Vichy_LaMairie_anversologblog-300x182.jpg 300w, https:\/\/rafaramirez.org\/blog\/wp-content\/uploads\/2010\/02\/postal_vintage_Vichy_LaMairie_anversologblog-768x465.jpg 768w, https:\/\/rafaramirez.org\/blog\/wp-content\/uploads\/2010\/02\/postal_vintage_Vichy_LaMairie_anversologblog.jpg 1000w\" sizes=\"auto, (max-width: 300px) 100vw, 300px\" \/><\/a><\/p>\n<p style=\"text-align: center;\"><em><strong>Reverso de la postal<\/strong><\/em><a href=\"https:\/\/rafaramirez.org\/blog\/wp-content\/uploads\/2010\/02\/postal_vintage_Vichy_LaMairie_reversologblog.jpg\" target=\"_blank\" rel=\"noopener\"><img loading=\"lazy\" decoding=\"async\" class=\"alignnone wp-image-3538 size-medium\" src=\"https:\/\/rafaramirez.org\/blog\/wp-content\/uploads\/2010\/02\/postal_vintage_Vichy_LaMairie_reversologblog-300x180.jpg\" alt=\"Postal vintage de La Mairie - Vichy (Francia). Blog de Rafael Ram\u00edrez.\" width=\"300\" height=\"180\" srcset=\"https:\/\/rafaramirez.org\/blog\/wp-content\/uploads\/2010\/02\/postal_vintage_Vichy_LaMairie_reversologblog-300x180.jpg 300w, https:\/\/rafaramirez.org\/blog\/wp-content\/uploads\/2010\/02\/postal_vintage_Vichy_LaMairie_reversologblog-768x460.jpg 768w, https:\/\/rafaramirez.org\/blog\/wp-content\/uploads\/2010\/02\/postal_vintage_Vichy_LaMairie_reversologblog.jpg 1000w\" sizes=\"auto, (max-width: 300px) 100vw, 300px\" \/><\/a><\/p>\n<p><strong>Texto de la postal:<\/strong><\/p>\n<blockquote><p>Dirigida a la Srta. Margarita #######.<\/p>\n<p>M\u00e1laga.<\/p>\n<p>1936<\/p>\n<p>Recuerdos de tu amiga Isabel<\/p><\/blockquote>\n<p data-sourcepos=\"19:1-19:30\"><strong>M\u00e1s informaci\u00f3n del H\u00f4tel de Ville:<\/strong><\/p>\n<ul data-sourcepos=\"21:1-24:0\">\n<li data-sourcepos=\"21:1-21:103\"><strong>Horario de visitas:<\/strong>\u00a0El edificio est\u00e1 abierto al p\u00fablico para visitas guiadas durante todo el a\u00f1o.<\/li>\n<li data-sourcepos=\"22:1-22:127\"><strong>Informaci\u00f3n y reservas:<\/strong>\u00a0Puedes encontrar m\u00e1s informaci\u00f3n sobre las visitas en el sitio web oficial de la ciudad de Vichy.<\/li>\n<li data-sourcepos=\"23:1-24:0\"><strong>Qu\u00e9 ver:<\/strong>\u00a0Durante la visita, puedes admirar la arquitectura del edificio, conocer su historia y ver algunas de las obras de arte que alberga.<\/li>\n<\/ul>\n<p data-sourcepos=\"25:1-25:20\"><strong>Informaci\u00f3n adicional:<\/strong><\/p>\n<ul data-sourcepos=\"27:1-29:0\">\n<li data-sourcepos=\"27:1-27:101\"><strong>Sitio web oficial de la ciudad de Vichy:<\/strong>\u00a0<a href=\"https:\/\/www.ville-vichy.fr\/\" target=\"_blank\" rel=\"noopener\">https:\/\/www.ville-vichy.fr\/<\/a><\/li>\n<li data-sourcepos=\"28:1-29:0\"><strong>P\u00e1gina web del H\u00f4tel de Ville:<\/strong>\u00a0<a class=\"traceable-link\" href=\"https:\/\/vichymonamour.fr\/decouvrir\/envie-de-ville\/architecture-de-villegiature\/influence-de-napoleon-iii\/hotel-de-ville\/\" target=\"_blank\" rel=\"noopener noreferrer\">https:\/\/vichymonamour.fr\/decouvrir\/envie-de-ville\/architecture-de-villegiature\/influence-de-napoleon-iii\/hotel-de-ville\/<\/a><\/li>\n<\/ul>\n<p data-sourcepos=\"30:1-30:17\"><strong>Curiosidades:<\/strong><\/p>\n<ul data-sourcepos=\"32:1-35:0\">\n<li data-sourcepos=\"32:1-32:96\">El H\u00f4tel de Ville de Vichy tiene un peque\u00f1o campanario que alberga un carill\u00f3n de 23 campanas.<\/li>\n<li data-sourcepos=\"33:1-33:76\">La fachada del edificio est\u00e1 decorada con las armas de la ciudad de Vichy.<\/li>\n<li data-sourcepos=\"34:1-35:0\">El H\u00f4tel de Ville ha sido escenario de varias pel\u00edculas y series de televisi\u00f3n.<\/li>\n<\/ul>\n<p>Espero que te haya gustado la postal y la informaci\u00f3n sobre el Hotel de Ville. Puedes dejar tus comentarios debajo de este post. \u00a1Saludos!<\/p>\n<p>&nbsp;<\/p>\n","protected":false},"excerpt":{"rendered":"<p>\u00c9sta es una postal de 1936 del\u00a0H\u00f4tel de Ville de Vichy, tambi\u00e9n conocido como La Mairie, es un edificio monumental que se encuentra en la ciudad de Vichy, Francia. No solo es la sede del gobierno local, sino tambi\u00e9n un s\u00edmbolo de la arquitectura y la historia de la ciudad. Su historia: Construcci\u00f3n:\u00a0La construcci\u00f3n del [&hellip;]<\/p>\n","protected":false},"author":1,"featured_media":3539,"comment_status":"open","ping_status":"closed","sticky":false,"template":"","format":"standard","meta":{"site-container-style":"default","site-container-layout":"default","site-sidebar-layout":"default","disable-article-header":"default","disable-site-header":"default","disable-site-footer":"default","disable-content-area-spacing":"default","_jetpack_newsletter_access":"","_jetpack_dont_email_post_to_subs":false,"_jetpack_newsletter_tier_id":0,"_jetpack_memberships_contains_paywalled_content":false,"_jetpack_feature_clip_id":0,"_jetpack_memberships_contains_paid_content":false,"footnotes":"","jetpack_publicize_message":"","jetpack_publicize_feature_enabled":true,"jetpack_social_post_already_shared":true,"jetpack_social_options":{"image_generator_settings":{"template":"highway","default_image_id":0,"font":"","enabled":false},"version":2},"jetpack_post_was_ever_published":false},"categories":[12],"tags":[1110,1084,1111,1118,139,200,1112,1109,1115,252,1116,1117,393,395,1114,1113,641],"class_list":["post-1234","post","type-post","status-publish","format-standard","has-post-thumbnail","hentry","category-vintage","tag-1110","tag-1084","tag-1111","tag-carillon-de-23-campanas","tag-destacado","tag-francia","tag-hotel-de-ville-de-paris","tag-hotel-de-ville-de-vichy","tag-la-gran-escalera","tag-la-mairie","tag-la-sala-del-consejo","tag-monumento-historico-en-1990","tag-postales-antiguas","tag-postales-vintage","tag-sala-de-los-pasos-perdidos","tag-segunda-guerra-mundial","tag-vichy"],"yoast_head":"<!-- This site is optimized with the Yoast SEO plugin v28.4 - https:\/\/yoast.com\/product\/yoast-seo-wordpress\/ -->\n<title>La Mairie - Vichy (Francia). Postal de 1936. Postales antiguas (colecci\u00f3n particular). - Blog de Rafael Ram\u00edrez<\/title>\n<meta name=\"robots\" content=\"index, follow, max-snippet:-1, max-image-preview:large, max-video-preview:-1\" \/>\n<link rel=\"canonical\" href=\"https:\/\/rafaramirez.org\/blog\/index.php\/2024\/02\/29\/la-mairie-vichy-francia-postal-1936\/\" \/>\n<meta property=\"og:locale\" content=\"es_ES\" \/>\n<meta property=\"og:type\" content=\"article\" \/>\n<meta property=\"og:title\" content=\"La Mairie - Vichy (Francia). Postal de 1936. Postales antiguas (colecci\u00f3n particular). - Blog de Rafael Ram\u00edrez\" \/>\n<meta property=\"og:description\" content=\"\u00c9sta es una postal de 1936 del\u00a0H\u00f4tel de Ville de Vichy, tambi\u00e9n conocido como La Mairie, es un edificio monumental que se encuentra en la ciudad de Vichy, Francia. No solo es la sede del gobierno local, sino tambi\u00e9n un s\u00edmbolo de la arquitectura y la historia de la ciudad. Su historia: Construcci\u00f3n:\u00a0La construcci\u00f3n del [&hellip;]\" \/>\n<meta property=\"og:url\" content=\"https:\/\/rafaramirez.org\/blog\/index.php\/2024\/02\/29\/la-mairie-vichy-francia-postal-1936\/\" \/>\n<meta property=\"og:site_name\" content=\"Blog de Rafael Ram\u00edrez\" \/>\n<meta property=\"article:published_time\" content=\"2024-02-29T07:15:11+00:00\" \/>\n<meta property=\"og:image\" content=\"https:\/\/rafaramirez.org\/blog\/wp-content\/uploads\/2010\/02\/postal_vintage_Vichy_LaMairie_bannerlogblog.jpg\" \/>\n\t<meta property=\"og:image:width\" content=\"897\" \/>\n\t<meta property=\"og:image:height\" content=\"334\" \/>\n\t<meta property=\"og:image:type\" content=\"image\/jpeg\" \/>\n<meta name=\"author\" content=\"Rafael Ram\u00edrez\" \/>\n<meta name=\"twitter:card\" content=\"summary_large_image\" \/>\n<meta name=\"twitter:creator\" content=\"@rafaramirez_ok\" \/>\n<meta name=\"twitter:site\" content=\"@rafaramirez_ok\" \/>\n<meta name=\"twitter:label1\" content=\"Escrito por\" \/>\n\t<meta name=\"twitter:data1\" content=\"Rafael Ram\u00edrez\" \/>\n\t<meta name=\"twitter:label2\" content=\"Tiempo de lectura\" \/>\n\t<meta name=\"twitter:data2\" content=\"2 minutos\" \/>\n<script type=\"application\/ld+json\" class=\"yoast-schema-graph\">{\"@context\":\"https:\\\/\\\/schema.org\",\"@graph\":[{\"@type\":\"Article\",\"@id\":\"https:\\\/\\\/rafaramirez.org\\\/blog\\\/index.php\\\/2024\\\/02\\\/29\\\/la-mairie-vichy-francia-postal-1936\\\/#article\",\"isPartOf\":{\"@id\":\"https:\\\/\\\/rafaramirez.org\\\/blog\\\/index.php\\\/2024\\\/02\\\/29\\\/la-mairie-vichy-francia-postal-1936\\\/\"},\"author\":{\"name\":\"Rafael Ram\u00edrez\",\"@id\":\"https:\\\/\\\/rafaramirez.org\\\/blog\\\/#\\\/schema\\\/person\\\/50f43b6d60c578760d4c17bda54ab6a5\"},\"headline\":\"La Mairie &#8211; Vichy (Francia). Postal de 1936. Postales antiguas (colecci\u00f3n particular).\",\"datePublished\":\"2024-02-29T07:15:11+00:00\",\"mainEntityOfPage\":{\"@id\":\"https:\\\/\\\/rafaramirez.org\\\/blog\\\/index.php\\\/2024\\\/02\\\/29\\\/la-mairie-vichy-francia-postal-1936\\\/\"},\"wordCount\":432,\"commentCount\":0,\"publisher\":{\"@id\":\"https:\\\/\\\/rafaramirez.org\\\/blog\\\/#\\\/schema\\\/person\\\/50f43b6d60c578760d4c17bda54ab6a5\"},\"image\":{\"@id\":\"https:\\\/\\\/rafaramirez.org\\\/blog\\\/index.php\\\/2024\\\/02\\\/29\\\/la-mairie-vichy-francia-postal-1936\\\/#primaryimage\"},\"thumbnailUrl\":\"https:\\\/\\\/rafaramirez.org\\\/blog\\\/wp-content\\\/uploads\\\/2010\\\/02\\\/postal_vintage_Vichy_LaMairie_bannerlogblog.jpg\",\"keywords\":[\"1913\",\"1928\",\"1936\",\"carill\u00f3n de 23 campanas\",\"destacado\",\"Francia\",\"H\u00f4tel de Ville de Par\u00eds\",\"H\u00f4tel de Ville de Vichy\",\"la gran escalera\",\"La Mairie\",\"la sala del consejo\",\"monumento hist\u00f3rico en 1990\",\"postales antiguas\",\"postales vintage\",\"sala de los pasos perdidos\",\"Segunda Guerra Mundial\",\"Vichy\"],\"articleSection\":[\"Vintage\"],\"inLanguage\":\"es\",\"potentialAction\":[{\"@type\":\"CommentAction\",\"name\":\"Comment\",\"target\":[\"https:\\\/\\\/rafaramirez.org\\\/blog\\\/index.php\\\/2024\\\/02\\\/29\\\/la-mairie-vichy-francia-postal-1936\\\/#respond\"]}]},{\"@type\":\"WebPage\",\"@id\":\"https:\\\/\\\/rafaramirez.org\\\/blog\\\/index.php\\\/2024\\\/02\\\/29\\\/la-mairie-vichy-francia-postal-1936\\\/\",\"url\":\"https:\\\/\\\/rafaramirez.org\\\/blog\\\/index.php\\\/2024\\\/02\\\/29\\\/la-mairie-vichy-francia-postal-1936\\\/\",\"name\":\"La Mairie - Vichy (Francia). Postal de 1936. Postales antiguas (colecci\u00f3n particular). - Blog de Rafael Ram\u00edrez\",\"isPartOf\":{\"@id\":\"https:\\\/\\\/rafaramirez.org\\\/blog\\\/#website\"},\"primaryImageOfPage\":{\"@id\":\"https:\\\/\\\/rafaramirez.org\\\/blog\\\/index.php\\\/2024\\\/02\\\/29\\\/la-mairie-vichy-francia-postal-1936\\\/#primaryimage\"},\"image\":{\"@id\":\"https:\\\/\\\/rafaramirez.org\\\/blog\\\/index.php\\\/2024\\\/02\\\/29\\\/la-mairie-vichy-francia-postal-1936\\\/#primaryimage\"},\"thumbnailUrl\":\"https:\\\/\\\/rafaramirez.org\\\/blog\\\/wp-content\\\/uploads\\\/2010\\\/02\\\/postal_vintage_Vichy_LaMairie_bannerlogblog.jpg\",\"datePublished\":\"2024-02-29T07:15:11+00:00\",\"breadcrumb\":{\"@id\":\"https:\\\/\\\/rafaramirez.org\\\/blog\\\/index.php\\\/2024\\\/02\\\/29\\\/la-mairie-vichy-francia-postal-1936\\\/#breadcrumb\"},\"inLanguage\":\"es\",\"potentialAction\":[{\"@type\":\"ReadAction\",\"target\":[\"https:\\\/\\\/rafaramirez.org\\\/blog\\\/index.php\\\/2024\\\/02\\\/29\\\/la-mairie-vichy-francia-postal-1936\\\/\"]}]},{\"@type\":\"ImageObject\",\"inLanguage\":\"es\",\"@id\":\"https:\\\/\\\/rafaramirez.org\\\/blog\\\/index.php\\\/2024\\\/02\\\/29\\\/la-mairie-vichy-francia-postal-1936\\\/#primaryimage\",\"url\":\"https:\\\/\\\/rafaramirez.org\\\/blog\\\/wp-content\\\/uploads\\\/2010\\\/02\\\/postal_vintage_Vichy_LaMairie_bannerlogblog.jpg\",\"contentUrl\":\"https:\\\/\\\/rafaramirez.org\\\/blog\\\/wp-content\\\/uploads\\\/2010\\\/02\\\/postal_vintage_Vichy_LaMairie_bannerlogblog.jpg\",\"width\":897,\"height\":334,\"caption\":\"Postal vintage de La Mairie - Vichy (Francia). Blog de Rafael Ram\u00edrez.\"},{\"@type\":\"BreadcrumbList\",\"@id\":\"https:\\\/\\\/rafaramirez.org\\\/blog\\\/index.php\\\/2024\\\/02\\\/29\\\/la-mairie-vichy-francia-postal-1936\\\/#breadcrumb\",\"itemListElement\":[{\"@type\":\"ListItem\",\"position\":1,\"name\":\"Portada\",\"item\":\"https:\\\/\\\/rafaramirez.org\\\/blog\\\/\"},{\"@type\":\"ListItem\",\"position\":2,\"name\":\"La Mairie &#8211; Vichy (Francia). Postal de 1936. Postales antiguas (colecci\u00f3n particular).\"}]},{\"@type\":\"WebSite\",\"@id\":\"https:\\\/\\\/rafaramirez.org\\\/blog\\\/#website\",\"url\":\"https:\\\/\\\/rafaramirez.org\\\/blog\\\/\",\"name\":\"Blog de Rafael Ram\u00edrez\",\"description\":\"Un sitio social, de arte y cultura\",\"publisher\":{\"@id\":\"https:\\\/\\\/rafaramirez.org\\\/blog\\\/#\\\/schema\\\/person\\\/50f43b6d60c578760d4c17bda54ab6a5\"},\"potentialAction\":[{\"@type\":\"SearchAction\",\"target\":{\"@type\":\"EntryPoint\",\"urlTemplate\":\"https:\\\/\\\/rafaramirez.org\\\/blog\\\/?s={search_term_string}\"},\"query-input\":{\"@type\":\"PropertyValueSpecification\",\"valueRequired\":true,\"valueName\":\"search_term_string\"}}],\"inLanguage\":\"es\"},{\"@type\":[\"Person\",\"Organization\"],\"@id\":\"https:\\\/\\\/rafaramirez.org\\\/blog\\\/#\\\/schema\\\/person\\\/50f43b6d60c578760d4c17bda54ab6a5\",\"name\":\"Rafael Ram\u00edrez\",\"image\":{\"@type\":\"ImageObject\",\"inLanguage\":\"es\",\"@id\":\"https:\\\/\\\/rafaramirez.org\\\/blog\\\/wp-content\\\/uploads\\\/2024\\\/09\\\/RR_socialnetwork.jpg\",\"url\":\"https:\\\/\\\/rafaramirez.org\\\/blog\\\/wp-content\\\/uploads\\\/2024\\\/09\\\/RR_socialnetwork.jpg\",\"contentUrl\":\"https:\\\/\\\/rafaramirez.org\\\/blog\\\/wp-content\\\/uploads\\\/2024\\\/09\\\/RR_socialnetwork.jpg\",\"width\":600,\"height\":606,\"caption\":\"Rafael Ram\u00edrez\"},\"logo\":{\"@id\":\"https:\\\/\\\/rafaramirez.org\\\/blog\\\/wp-content\\\/uploads\\\/2024\\\/09\\\/RR_socialnetwork.jpg\"},\"sameAs\":[\"https:\\\/\\\/www.rafaramirez.org\\\/blog\",\"https:\\\/\\\/www.instagram.com\\\/rafaramirez_ok\\\/\",\"https:\\\/\\\/es.pinterest.com\\\/Ramirez_Rafa\\\/\",\"https:\\\/\\\/x.com\\\/rafaramirez_ok\"],\"url\":\"https:\\\/\\\/rafaramirez.org\\\/blog\\\/index.php\\\/author\\\/rafaell_qm6j97da\\\/\"}]}<\/script>\n<!-- \/ Yoast SEO plugin. -->","yoast_head_json":{"title":"La Mairie - Vichy (Francia). Postal de 1936. Postales antiguas (colecci\u00f3n particular). - Blog de Rafael Ram\u00edrez","robots":{"index":"index","follow":"follow","max-snippet":"max-snippet:-1","max-image-preview":"max-image-preview:large","max-video-preview":"max-video-preview:-1"},"canonical":"https:\/\/rafaramirez.org\/blog\/index.php\/2024\/02\/29\/la-mairie-vichy-francia-postal-1936\/","og_locale":"es_ES","og_type":"article","og_title":"La Mairie - Vichy (Francia). Postal de 1936. Postales antiguas (colecci\u00f3n particular). - Blog de Rafael Ram\u00edrez","og_description":"\u00c9sta es una postal de 1936 del\u00a0H\u00f4tel de Ville de Vichy, tambi\u00e9n conocido como La Mairie, es un edificio monumental que se encuentra en la ciudad de Vichy, Francia. No solo es la sede del gobierno local, sino tambi\u00e9n un s\u00edmbolo de la arquitectura y la historia de la ciudad. Su historia: Construcci\u00f3n:\u00a0La construcci\u00f3n del [&hellip;]","og_url":"https:\/\/rafaramirez.org\/blog\/index.php\/2024\/02\/29\/la-mairie-vichy-francia-postal-1936\/","og_site_name":"Blog de Rafael Ram\u00edrez","article_published_time":"2024-02-29T07:15:11+00:00","og_image":[{"width":897,"height":334,"url":"https:\/\/rafaramirez.org\/blog\/wp-content\/uploads\/2010\/02\/postal_vintage_Vichy_LaMairie_bannerlogblog.jpg","type":"image\/jpeg"}],"author":"Rafael Ram\u00edrez","twitter_card":"summary_large_image","twitter_creator":"@rafaramirez_ok","twitter_site":"@rafaramirez_ok","twitter_misc":{"Escrito por":"Rafael Ram\u00edrez","Tiempo de lectura":"2 minutos"},"schema":{"@context":"https:\/\/schema.org","@graph":[{"@type":"Article","@id":"https:\/\/rafaramirez.org\/blog\/index.php\/2024\/02\/29\/la-mairie-vichy-francia-postal-1936\/#article","isPartOf":{"@id":"https:\/\/rafaramirez.org\/blog\/index.php\/2024\/02\/29\/la-mairie-vichy-francia-postal-1936\/"},"author":{"name":"Rafael Ram\u00edrez","@id":"https:\/\/rafaramirez.org\/blog\/#\/schema\/person\/50f43b6d60c578760d4c17bda54ab6a5"},"headline":"La Mairie &#8211; Vichy (Francia). Postal de 1936. Postales antiguas (colecci\u00f3n particular).","datePublished":"2024-02-29T07:15:11+00:00","mainEntityOfPage":{"@id":"https:\/\/rafaramirez.org\/blog\/index.php\/2024\/02\/29\/la-mairie-vichy-francia-postal-1936\/"},"wordCount":432,"commentCount":0,"publisher":{"@id":"https:\/\/rafaramirez.org\/blog\/#\/schema\/person\/50f43b6d60c578760d4c17bda54ab6a5"},"image":{"@id":"https:\/\/rafaramirez.org\/blog\/index.php\/2024\/02\/29\/la-mairie-vichy-francia-postal-1936\/#primaryimage"},"thumbnailUrl":"https:\/\/rafaramirez.org\/blog\/wp-content\/uploads\/2010\/02\/postal_vintage_Vichy_LaMairie_bannerlogblog.jpg","keywords":["1913","1928","1936","carill\u00f3n de 23 campanas","destacado","Francia","H\u00f4tel de Ville de Par\u00eds","H\u00f4tel de Ville de Vichy","la gran escalera","La Mairie","la sala del consejo","monumento hist\u00f3rico en 1990","postales antiguas","postales vintage","sala de los pasos perdidos","Segunda Guerra Mundial","Vichy"],"articleSection":["Vintage"],"inLanguage":"es","potentialAction":[{"@type":"CommentAction","name":"Comment","target":["https:\/\/rafaramirez.org\/blog\/index.php\/2024\/02\/29\/la-mairie-vichy-francia-postal-1936\/#respond"]}]},{"@type":"WebPage","@id":"https:\/\/rafaramirez.org\/blog\/index.php\/2024\/02\/29\/la-mairie-vichy-francia-postal-1936\/","url":"https:\/\/rafaramirez.org\/blog\/index.php\/2024\/02\/29\/la-mairie-vichy-francia-postal-1936\/","name":"La Mairie - Vichy (Francia). Postal de 1936. Postales antiguas (colecci\u00f3n particular). - Blog de Rafael Ram\u00edrez","isPartOf":{"@id":"https:\/\/rafaramirez.org\/blog\/#website"},"primaryImageOfPage":{"@id":"https:\/\/rafaramirez.org\/blog\/index.php\/2024\/02\/29\/la-mairie-vichy-francia-postal-1936\/#primaryimage"},"image":{"@id":"https:\/\/rafaramirez.org\/blog\/index.php\/2024\/02\/29\/la-mairie-vichy-francia-postal-1936\/#primaryimage"},"thumbnailUrl":"https:\/\/rafaramirez.org\/blog\/wp-content\/uploads\/2010\/02\/postal_vintage_Vichy_LaMairie_bannerlogblog.jpg","datePublished":"2024-02-29T07:15:11+00:00","breadcrumb":{"@id":"https:\/\/rafaramirez.org\/blog\/index.php\/2024\/02\/29\/la-mairie-vichy-francia-postal-1936\/#breadcrumb"},"inLanguage":"es","potentialAction":[{"@type":"ReadAction","target":["https:\/\/rafaramirez.org\/blog\/index.php\/2024\/02\/29\/la-mairie-vichy-francia-postal-1936\/"]}]},{"@type":"ImageObject","inLanguage":"es","@id":"https:\/\/rafaramirez.org\/blog\/index.php\/2024\/02\/29\/la-mairie-vichy-francia-postal-1936\/#primaryimage","url":"https:\/\/rafaramirez.org\/blog\/wp-content\/uploads\/2010\/02\/postal_vintage_Vichy_LaMairie_bannerlogblog.jpg","contentUrl":"https:\/\/rafaramirez.org\/blog\/wp-content\/uploads\/2010\/02\/postal_vintage_Vichy_LaMairie_bannerlogblog.jpg","width":897,"height":334,"caption":"Postal vintage de La Mairie - Vichy (Francia). Blog de Rafael Ram\u00edrez."},{"@type":"BreadcrumbList","@id":"https:\/\/rafaramirez.org\/blog\/index.php\/2024\/02\/29\/la-mairie-vichy-francia-postal-1936\/#breadcrumb","itemListElement":[{"@type":"ListItem","position":1,"name":"Portada","item":"https:\/\/rafaramirez.org\/blog\/"},{"@type":"ListItem","position":2,"name":"La Mairie &#8211; Vichy (Francia). Postal de 1936. Postales antiguas (colecci\u00f3n particular)."}]},{"@type":"WebSite","@id":"https:\/\/rafaramirez.org\/blog\/#website","url":"https:\/\/rafaramirez.org\/blog\/","name":"Blog de Rafael Ram\u00edrez","description":"Un sitio social, de arte y cultura","publisher":{"@id":"https:\/\/rafaramirez.org\/blog\/#\/schema\/person\/50f43b6d60c578760d4c17bda54ab6a5"},"potentialAction":[{"@type":"SearchAction","target":{"@type":"EntryPoint","urlTemplate":"https:\/\/rafaramirez.org\/blog\/?s={search_term_string}"},"query-input":{"@type":"PropertyValueSpecification","valueRequired":true,"valueName":"search_term_string"}}],"inLanguage":"es"},{"@type":["Person","Organization"],"@id":"https:\/\/rafaramirez.org\/blog\/#\/schema\/person\/50f43b6d60c578760d4c17bda54ab6a5","name":"Rafael Ram\u00edrez","image":{"@type":"ImageObject","inLanguage":"es","@id":"https:\/\/rafaramirez.org\/blog\/wp-content\/uploads\/2024\/09\/RR_socialnetwork.jpg","url":"https:\/\/rafaramirez.org\/blog\/wp-content\/uploads\/2024\/09\/RR_socialnetwork.jpg","contentUrl":"https:\/\/rafaramirez.org\/blog\/wp-content\/uploads\/2024\/09\/RR_socialnetwork.jpg","width":600,"height":606,"caption":"Rafael Ram\u00edrez"},"logo":{"@id":"https:\/\/rafaramirez.org\/blog\/wp-content\/uploads\/2024\/09\/RR_socialnetwork.jpg"},"sameAs":["https:\/\/www.rafaramirez.org\/blog","https:\/\/www.instagram.com\/rafaramirez_ok\/","https:\/\/es.pinterest.com\/Ramirez_Rafa\/","https:\/\/x.com\/rafaramirez_ok"],"url":"https:\/\/rafaramirez.org\/blog\/index.php\/author\/rafaell_qm6j97da\/"}]}},"jetpack_publicize_connections":[],"jetpack_sharing_enabled":true,"jetpack_likes_enabled":true,"jetpack_featured_media_url":"https:\/\/rafaramirez.org\/blog\/wp-content\/uploads\/2010\/02\/postal_vintage_Vichy_LaMairie_bannerlogblog.jpg","_links":{"self":[{"href":"https:\/\/rafaramirez.org\/blog\/index.php\/wp-json\/wp\/v2\/posts\/1234","targetHints":{"allow":["GET"]}}],"collection":[{"href":"https:\/\/rafaramirez.org\/blog\/index.php\/wp-json\/wp\/v2\/posts"}],"about":[{"href":"https:\/\/rafaramirez.org\/blog\/index.php\/wp-json\/wp\/v2\/types\/post"}],"author":[{"embeddable":true,"href":"https:\/\/rafaramirez.org\/blog\/index.php\/wp-json\/wp\/v2\/users\/1"}],"replies":[{"embeddable":true,"href":"https:\/\/rafaramirez.org\/blog\/index.php\/wp-json\/wp\/v2\/comments?post=1234"}],"version-history":[{"count":8,"href":"https:\/\/rafaramirez.org\/blog\/index.php\/wp-json\/wp\/v2\/posts\/1234\/revisions"}],"predecessor-version":[{"id":3545,"href":"https:\/\/rafaramirez.org\/blog\/index.php\/wp-json\/wp\/v2\/posts\/1234\/revisions\/3545"}],"wp:featuredmedia":[{"embeddable":true,"href":"https:\/\/rafaramirez.org\/blog\/index.php\/wp-json\/wp\/v2\/media\/3539"}],"wp:attachment":[{"href":"https:\/\/rafaramirez.org\/blog\/index.php\/wp-json\/wp\/v2\/media?parent=1234"}],"wp:term":[{"taxonomy":"category","embeddable":true,"href":"https:\/\/rafaramirez.org\/blog\/index.php\/wp-json\/wp\/v2\/categories?post=1234"},{"taxonomy":"post_tag","embeddable":true,"href":"https:\/\/rafaramirez.org\/blog\/index.php\/wp-json\/wp\/v2\/tags?post=1234"}],"curies":[{"name":"wp","href":"https:\/\/api.w.org\/{rel}","templated":true}]}}