{"id":1231,"date":"2010-01-04T17:39:14","date_gmt":"2010-01-04T16:39:14","guid":{"rendered":"http:\/\/rafaelramirez.co.cc\/?p=791"},"modified":"2024-03-11T19:43:51","modified_gmt":"2024-03-11T18:43:51","slug":"feliz-ano-a-veces","status":"publish","type":"post","link":"https:\/\/rafaramirez.org\/blog\/index.php\/2010\/01\/04\/feliz-ano-a-veces\/","title":{"rendered":"Feliz a\u00f1o a veces."},"content":{"rendered":"<p style=\"text-align: left;\">Estamos dando los primeros pasos de este 2010 y no podemos dejar de sentirnos optimistas con lo que el nuevo a\u00f1o nos depara. Muchos de nosotros, entre los que me incluyo, so\u00f1amos tener mejores d\u00edas.<\/p>\n<p style=\"text-align: left;\">Nuestra mente de pronto comienza a parir ideas a un ritmo fren\u00e9tico y pensamos que vendr\u00e1n mejores tiempos para encontrar o cambiar de trabajo, quiz\u00e1 poner en marcha ese proyecto largamente anhelado o que el amor, que particularmente no buscamos, se presente ante nosotros o consolide de aquel que a\u00fan sigue siendo semilla.<\/p>\n<p style=\"text-align: left;\">He de confesar que llegadas estas fechas me siento, como dir\u00eda la pel\u00edcula, rejuvenecer. Y no, no es que sea viejo o me considere mayor, sino todo lo contrario, pero con el comienzo del a\u00f1o algo de esta ilusi\u00f3n que empieza a crecer y desarrollarse en nuestro interior invade esp\u00edritu y cuerpo para transformarse en caudal de energ\u00eda positiva.<\/p>\n<p style=\"text-align: left;\"><em>\u201c\u00c9ste a\u00f1o ser\u00e9 mejor persona, lo har\u00e9 mejor, alcanzar\u00e9 mis metas, me acercar\u00e9 mas a mis padres, a mi mujer, a mi marido, a mi hija, he de ser m\u00e1s comprensivo con mi novia, lograr\u00e9 aquel ascenso, me divorcio, ese trabajo ser\u00e1 m\u00edo, he de aprobar la oposici\u00f3n, la dieta he de hacerla, el <strong><a title=\"\u00bfQu\u00e9 es esto?\" href=\"http:\/\/es.wikipedia.org\/wiki\/Sorteo_Extraordinario_de_Navidad\" target=\"_blank\" rel=\"noopener noreferrer\">Gordo<\/a><\/strong> de este a\u00f1o no se escapa, \u00a1\u2026 me caso!, me dar\u00e9 a conocer\u2026\u201d <\/em><\/p>\n<p style=\"text-align: left;\">Pasados los primeros momentos de euforia casi org\u00e1smica comenzamos, por propia ley de gravedad y por aquello que dice que todo lo que sube ha de bajar, a poner los pies en el suelo y darnos cuenta que tendremos que seguir haciendo malabares para llegar a final de mes, que el jueves de la pr\u00f3xima semana nos toca a unos cuantos sellar el paro o que, a los m\u00e1s privilegiados, nos toc\u00f3 reducci\u00f3n horaria por la crisis y de ahora en adelante s\u00f3lo trabajaremos &#8211; cobraremos media jornada. Y es aqu\u00ed, justo en este punto, cuando pensamos en consolarnos y decimos aquello de <em>\u00abpor lo menos que me quede como estoy\u00bb<\/em>.<\/p>\n<p style=\"text-align: left;\">La ilusi\u00f3n es alimento del alma, si me apuran aquello que nos hace marcar metas y progresar\u2026 perm\u00edtanme pues continuar con mi esperanza, ya tendr\u00e9 tiempo de decir\u00a0 lo de <em>\u00abel a\u00f1o que viene ser\u00e1 mejor\u00bb<\/em>.<\/p>\n<p style=\"text-align: left;\">\u00a9Rafael Ram\u00edrez. <a href=\"https:\/\/www.rafaramirez.org\/blog\">www.rafaramirez.org<\/a><\/p>\n","protected":false},"excerpt":{"rendered":"<p>Estamos dando los primeros pasos de este 2010 y no podemos dejar de sentirnos optimistas con lo que el nuevo a\u00f1o nos depara. Muchos de nosotros, entre los que me incluyo, so\u00f1amos tener mejores d\u00edas.<br \/>\nNuestra mente de pronto comienza a parir ideas a un ritmo fren\u00e9tico y pensamos que vendr\u00e1n mejores tiempos para encontrar o cambiar de trabajo, quiz\u00e1 poner en marcha ese proyecto largamente anhelado o que el amor, que particularmente no buscamos, se presente ante nosotros o consolide de aquel que a\u00fan sigue siendo semilla.<\/p>\n","protected":false},"author":1,"featured_media":2647,"comment_status":"open","ping_status":"closed","sticky":false,"template":"","format":"standard","meta":{"site-container-style":"default","site-container-layout":"default","site-sidebar-layout":"default","disable-article-header":"default","disable-site-header":"default","disable-site-footer":"default","disable-content-area-spacing":"default","_jetpack_newsletter_access":"","_jetpack_dont_email_post_to_subs":false,"_jetpack_newsletter_tier_id":0,"_jetpack_memberships_contains_paywalled_content":false,"_jetpack_feature_clip_id":0,"_jetpack_memberships_contains_paid_content":false,"footnotes":"","jetpack_publicize_message":"","jetpack_publicize_feature_enabled":true,"jetpack_social_post_already_shared":true,"jetpack_social_options":{"image_generator_settings":{"template":"highway","default_image_id":0,"font":"","enabled":false},"version":2},"jetpack_post_was_ever_published":false},"categories":[1291,710],"tags":[68,644,325,645,646],"class_list":["post-1231","post","type-post","status-publish","format-standard","has-post-thumbnail","hentry","category-efemerides","category-literatura","tag-blog-de-rafael-ramirez","tag-feliz-ano-a-veces","tag-noticias-culturales","tag-opinion","tag-rafael-ramirez"],"yoast_head":"<!-- This site is optimized with the Yoast SEO plugin v28.4 - https:\/\/yoast.com\/product\/yoast-seo-wordpress\/ -->\n<title>Feliz a\u00f1o a veces. - Blog de Rafael Ram\u00edrez<\/title>\n<meta name=\"robots\" content=\"index, follow, max-snippet:-1, max-image-preview:large, max-video-preview:-1\" \/>\n<link rel=\"canonical\" href=\"https:\/\/rafaramirez.org\/blog\/index.php\/2010\/01\/04\/feliz-ano-a-veces\/\" \/>\n<meta property=\"og:locale\" content=\"es_ES\" \/>\n<meta property=\"og:type\" content=\"article\" \/>\n<meta property=\"og:title\" content=\"Feliz a\u00f1o a veces. - Blog de Rafael Ram\u00edrez\" \/>\n<meta property=\"og:description\" content=\"Estamos dando los primeros pasos de este 2010 y no podemos dejar de sentirnos optimistas con lo que el nuevo a\u00f1o nos depara. Muchos de nosotros, entre los que me incluyo, so\u00f1amos tener mejores d\u00edas. Nuestra mente de pronto comienza a parir ideas a un ritmo fren\u00e9tico y pensamos que vendr\u00e1n mejores tiempos para encontrar o cambiar de trabajo, quiz\u00e1 poner en marcha ese proyecto largamente anhelado o que el amor, que particularmente no buscamos, se presente ante nosotros o consolide de aquel que a\u00fan sigue siendo semilla.\" \/>\n<meta property=\"og:url\" content=\"https:\/\/rafaramirez.org\/blog\/index.php\/2010\/01\/04\/feliz-ano-a-veces\/\" \/>\n<meta property=\"og:site_name\" content=\"Blog de Rafael Ram\u00edrez\" \/>\n<meta property=\"article:published_time\" content=\"2010-01-04T16:39:14+00:00\" \/>\n<meta property=\"article:modified_time\" content=\"2024-03-11T18:43:51+00:00\" \/>\n<meta property=\"og:image\" content=\"https:\/\/rafaramirez.org\/blog\/wp-content\/uploads\/2010\/01\/pensando-1.jpg\" \/>\n\t<meta property=\"og:image:width\" content=\"700\" \/>\n\t<meta property=\"og:image:height\" content=\"500\" \/>\n\t<meta property=\"og:image:type\" content=\"image\/jpeg\" \/>\n<meta name=\"author\" content=\"Rafael Ram\u00edrez\" \/>\n<meta name=\"twitter:card\" content=\"summary_large_image\" \/>\n<meta name=\"twitter:creator\" content=\"@rafaramirez_ok\" \/>\n<meta name=\"twitter:site\" content=\"@rafaramirez_ok\" \/>\n<meta name=\"twitter:label1\" content=\"Escrito por\" \/>\n\t<meta name=\"twitter:data1\" content=\"Rafael Ram\u00edrez\" \/>\n\t<meta name=\"twitter:label2\" content=\"Tiempo de lectura\" \/>\n\t<meta name=\"twitter:data2\" content=\"2 minutos\" \/>\n<script type=\"application\/ld+json\" class=\"yoast-schema-graph\">{\"@context\":\"https:\\\/\\\/schema.org\",\"@graph\":[{\"@type\":\"Article\",\"@id\":\"https:\\\/\\\/rafaramirez.org\\\/blog\\\/index.php\\\/2010\\\/01\\\/04\\\/feliz-ano-a-veces\\\/#article\",\"isPartOf\":{\"@id\":\"https:\\\/\\\/rafaramirez.org\\\/blog\\\/index.php\\\/2010\\\/01\\\/04\\\/feliz-ano-a-veces\\\/\"},\"author\":{\"name\":\"Rafael Ram\u00edrez\",\"@id\":\"https:\\\/\\\/rafaramirez.org\\\/blog\\\/#\\\/schema\\\/person\\\/50f43b6d60c578760d4c17bda54ab6a5\"},\"headline\":\"Feliz a\u00f1o a veces.\",\"datePublished\":\"2010-01-04T16:39:14+00:00\",\"dateModified\":\"2024-03-11T18:43:51+00:00\",\"mainEntityOfPage\":{\"@id\":\"https:\\\/\\\/rafaramirez.org\\\/blog\\\/index.php\\\/2010\\\/01\\\/04\\\/feliz-ano-a-veces\\\/\"},\"wordCount\":396,\"commentCount\":2,\"publisher\":{\"@id\":\"https:\\\/\\\/rafaramirez.org\\\/blog\\\/#\\\/schema\\\/person\\\/50f43b6d60c578760d4c17bda54ab6a5\"},\"image\":{\"@id\":\"https:\\\/\\\/rafaramirez.org\\\/blog\\\/index.php\\\/2010\\\/01\\\/04\\\/feliz-ano-a-veces\\\/#primaryimage\"},\"thumbnailUrl\":\"https:\\\/\\\/rafaramirez.org\\\/blog\\\/wp-content\\\/uploads\\\/2010\\\/01\\\/pensando-1.jpg\",\"keywords\":[\"blog de Rafael Ram\u00edrez\",\"Feliz a\u00f1o a veces\",\"noticias culturales\",\"opini\u00f3n\",\"Rafael Ram\u00edrez\"],\"articleSection\":[\"Efem\u00e9rides\",\"Literatura\"],\"inLanguage\":\"es\",\"potentialAction\":[{\"@type\":\"CommentAction\",\"name\":\"Comment\",\"target\":[\"https:\\\/\\\/rafaramirez.org\\\/blog\\\/index.php\\\/2010\\\/01\\\/04\\\/feliz-ano-a-veces\\\/#respond\"]}]},{\"@type\":\"WebPage\",\"@id\":\"https:\\\/\\\/rafaramirez.org\\\/blog\\\/index.php\\\/2010\\\/01\\\/04\\\/feliz-ano-a-veces\\\/\",\"url\":\"https:\\\/\\\/rafaramirez.org\\\/blog\\\/index.php\\\/2010\\\/01\\\/04\\\/feliz-ano-a-veces\\\/\",\"name\":\"Feliz a\u00f1o a veces. - Blog de Rafael Ram\u00edrez\",\"isPartOf\":{\"@id\":\"https:\\\/\\\/rafaramirez.org\\\/blog\\\/#website\"},\"primaryImageOfPage\":{\"@id\":\"https:\\\/\\\/rafaramirez.org\\\/blog\\\/index.php\\\/2010\\\/01\\\/04\\\/feliz-ano-a-veces\\\/#primaryimage\"},\"image\":{\"@id\":\"https:\\\/\\\/rafaramirez.org\\\/blog\\\/index.php\\\/2010\\\/01\\\/04\\\/feliz-ano-a-veces\\\/#primaryimage\"},\"thumbnailUrl\":\"https:\\\/\\\/rafaramirez.org\\\/blog\\\/wp-content\\\/uploads\\\/2010\\\/01\\\/pensando-1.jpg\",\"datePublished\":\"2010-01-04T16:39:14+00:00\",\"dateModified\":\"2024-03-11T18:43:51+00:00\",\"breadcrumb\":{\"@id\":\"https:\\\/\\\/rafaramirez.org\\\/blog\\\/index.php\\\/2010\\\/01\\\/04\\\/feliz-ano-a-veces\\\/#breadcrumb\"},\"inLanguage\":\"es\",\"potentialAction\":[{\"@type\":\"ReadAction\",\"target\":[\"https:\\\/\\\/rafaramirez.org\\\/blog\\\/index.php\\\/2010\\\/01\\\/04\\\/feliz-ano-a-veces\\\/\"]}]},{\"@type\":\"ImageObject\",\"inLanguage\":\"es\",\"@id\":\"https:\\\/\\\/rafaramirez.org\\\/blog\\\/index.php\\\/2010\\\/01\\\/04\\\/feliz-ano-a-veces\\\/#primaryimage\",\"url\":\"https:\\\/\\\/rafaramirez.org\\\/blog\\\/wp-content\\\/uploads\\\/2010\\\/01\\\/pensando-1.jpg\",\"contentUrl\":\"https:\\\/\\\/rafaramirez.org\\\/blog\\\/wp-content\\\/uploads\\\/2010\\\/01\\\/pensando-1.jpg\",\"width\":700,\"height\":500},{\"@type\":\"BreadcrumbList\",\"@id\":\"https:\\\/\\\/rafaramirez.org\\\/blog\\\/index.php\\\/2010\\\/01\\\/04\\\/feliz-ano-a-veces\\\/#breadcrumb\",\"itemListElement\":[{\"@type\":\"ListItem\",\"position\":1,\"name\":\"Portada\",\"item\":\"https:\\\/\\\/rafaramirez.org\\\/blog\\\/\"},{\"@type\":\"ListItem\",\"position\":2,\"name\":\"Feliz a\u00f1o a veces.\"}]},{\"@type\":\"WebSite\",\"@id\":\"https:\\\/\\\/rafaramirez.org\\\/blog\\\/#website\",\"url\":\"https:\\\/\\\/rafaramirez.org\\\/blog\\\/\",\"name\":\"Blog de Rafael Ram\u00edrez\",\"description\":\"Un sitio social, de arte y cultura\",\"publisher\":{\"@id\":\"https:\\\/\\\/rafaramirez.org\\\/blog\\\/#\\\/schema\\\/person\\\/50f43b6d60c578760d4c17bda54ab6a5\"},\"potentialAction\":[{\"@type\":\"SearchAction\",\"target\":{\"@type\":\"EntryPoint\",\"urlTemplate\":\"https:\\\/\\\/rafaramirez.org\\\/blog\\\/?s={search_term_string}\"},\"query-input\":{\"@type\":\"PropertyValueSpecification\",\"valueRequired\":true,\"valueName\":\"search_term_string\"}}],\"inLanguage\":\"es\"},{\"@type\":[\"Person\",\"Organization\"],\"@id\":\"https:\\\/\\\/rafaramirez.org\\\/blog\\\/#\\\/schema\\\/person\\\/50f43b6d60c578760d4c17bda54ab6a5\",\"name\":\"Rafael Ram\u00edrez\",\"image\":{\"@type\":\"ImageObject\",\"inLanguage\":\"es\",\"@id\":\"https:\\\/\\\/rafaramirez.org\\\/blog\\\/wp-content\\\/uploads\\\/2024\\\/09\\\/RR_socialnetwork.jpg\",\"url\":\"https:\\\/\\\/rafaramirez.org\\\/blog\\\/wp-content\\\/uploads\\\/2024\\\/09\\\/RR_socialnetwork.jpg\",\"contentUrl\":\"https:\\\/\\\/rafaramirez.org\\\/blog\\\/wp-content\\\/uploads\\\/2024\\\/09\\\/RR_socialnetwork.jpg\",\"width\":600,\"height\":606,\"caption\":\"Rafael Ram\u00edrez\"},\"logo\":{\"@id\":\"https:\\\/\\\/rafaramirez.org\\\/blog\\\/wp-content\\\/uploads\\\/2024\\\/09\\\/RR_socialnetwork.jpg\"},\"sameAs\":[\"https:\\\/\\\/www.rafaramirez.org\\\/blog\",\"https:\\\/\\\/www.instagram.com\\\/rafaramirez_ok\\\/\",\"https:\\\/\\\/es.pinterest.com\\\/Ramirez_Rafa\\\/\",\"https:\\\/\\\/x.com\\\/rafaramirez_ok\"],\"url\":\"https:\\\/\\\/rafaramirez.org\\\/blog\\\/index.php\\\/author\\\/rafaell_qm6j97da\\\/\"}]}<\/script>\n<!-- \/ Yoast SEO plugin. -->","yoast_head_json":{"title":"Feliz a\u00f1o a veces. - Blog de Rafael Ram\u00edrez","robots":{"index":"index","follow":"follow","max-snippet":"max-snippet:-1","max-image-preview":"max-image-preview:large","max-video-preview":"max-video-preview:-1"},"canonical":"https:\/\/rafaramirez.org\/blog\/index.php\/2010\/01\/04\/feliz-ano-a-veces\/","og_locale":"es_ES","og_type":"article","og_title":"Feliz a\u00f1o a veces. - Blog de Rafael Ram\u00edrez","og_description":"Estamos dando los primeros pasos de este 2010 y no podemos dejar de sentirnos optimistas con lo que el nuevo a\u00f1o nos depara. Muchos de nosotros, entre los que me incluyo, so\u00f1amos tener mejores d\u00edas. Nuestra mente de pronto comienza a parir ideas a un ritmo fren\u00e9tico y pensamos que vendr\u00e1n mejores tiempos para encontrar o cambiar de trabajo, quiz\u00e1 poner en marcha ese proyecto largamente anhelado o que el amor, que particularmente no buscamos, se presente ante nosotros o consolide de aquel que a\u00fan sigue siendo semilla.","og_url":"https:\/\/rafaramirez.org\/blog\/index.php\/2010\/01\/04\/feliz-ano-a-veces\/","og_site_name":"Blog de Rafael Ram\u00edrez","article_published_time":"2010-01-04T16:39:14+00:00","article_modified_time":"2024-03-11T18:43:51+00:00","og_image":[{"width":700,"height":500,"url":"https:\/\/rafaramirez.org\/blog\/wp-content\/uploads\/2010\/01\/pensando-1.jpg","type":"image\/jpeg"}],"author":"Rafael Ram\u00edrez","twitter_card":"summary_large_image","twitter_creator":"@rafaramirez_ok","twitter_site":"@rafaramirez_ok","twitter_misc":{"Escrito por":"Rafael Ram\u00edrez","Tiempo de lectura":"2 minutos"},"schema":{"@context":"https:\/\/schema.org","@graph":[{"@type":"Article","@id":"https:\/\/rafaramirez.org\/blog\/index.php\/2010\/01\/04\/feliz-ano-a-veces\/#article","isPartOf":{"@id":"https:\/\/rafaramirez.org\/blog\/index.php\/2010\/01\/04\/feliz-ano-a-veces\/"},"author":{"name":"Rafael Ram\u00edrez","@id":"https:\/\/rafaramirez.org\/blog\/#\/schema\/person\/50f43b6d60c578760d4c17bda54ab6a5"},"headline":"Feliz a\u00f1o a veces.","datePublished":"2010-01-04T16:39:14+00:00","dateModified":"2024-03-11T18:43:51+00:00","mainEntityOfPage":{"@id":"https:\/\/rafaramirez.org\/blog\/index.php\/2010\/01\/04\/feliz-ano-a-veces\/"},"wordCount":396,"commentCount":2,"publisher":{"@id":"https:\/\/rafaramirez.org\/blog\/#\/schema\/person\/50f43b6d60c578760d4c17bda54ab6a5"},"image":{"@id":"https:\/\/rafaramirez.org\/blog\/index.php\/2010\/01\/04\/feliz-ano-a-veces\/#primaryimage"},"thumbnailUrl":"https:\/\/rafaramirez.org\/blog\/wp-content\/uploads\/2010\/01\/pensando-1.jpg","keywords":["blog de Rafael Ram\u00edrez","Feliz a\u00f1o a veces","noticias culturales","opini\u00f3n","Rafael Ram\u00edrez"],"articleSection":["Efem\u00e9rides","Literatura"],"inLanguage":"es","potentialAction":[{"@type":"CommentAction","name":"Comment","target":["https:\/\/rafaramirez.org\/blog\/index.php\/2010\/01\/04\/feliz-ano-a-veces\/#respond"]}]},{"@type":"WebPage","@id":"https:\/\/rafaramirez.org\/blog\/index.php\/2010\/01\/04\/feliz-ano-a-veces\/","url":"https:\/\/rafaramirez.org\/blog\/index.php\/2010\/01\/04\/feliz-ano-a-veces\/","name":"Feliz a\u00f1o a veces. - Blog de Rafael Ram\u00edrez","isPartOf":{"@id":"https:\/\/rafaramirez.org\/blog\/#website"},"primaryImageOfPage":{"@id":"https:\/\/rafaramirez.org\/blog\/index.php\/2010\/01\/04\/feliz-ano-a-veces\/#primaryimage"},"image":{"@id":"https:\/\/rafaramirez.org\/blog\/index.php\/2010\/01\/04\/feliz-ano-a-veces\/#primaryimage"},"thumbnailUrl":"https:\/\/rafaramirez.org\/blog\/wp-content\/uploads\/2010\/01\/pensando-1.jpg","datePublished":"2010-01-04T16:39:14+00:00","dateModified":"2024-03-11T18:43:51+00:00","breadcrumb":{"@id":"https:\/\/rafaramirez.org\/blog\/index.php\/2010\/01\/04\/feliz-ano-a-veces\/#breadcrumb"},"inLanguage":"es","potentialAction":[{"@type":"ReadAction","target":["https:\/\/rafaramirez.org\/blog\/index.php\/2010\/01\/04\/feliz-ano-a-veces\/"]}]},{"@type":"ImageObject","inLanguage":"es","@id":"https:\/\/rafaramirez.org\/blog\/index.php\/2010\/01\/04\/feliz-ano-a-veces\/#primaryimage","url":"https:\/\/rafaramirez.org\/blog\/wp-content\/uploads\/2010\/01\/pensando-1.jpg","contentUrl":"https:\/\/rafaramirez.org\/blog\/wp-content\/uploads\/2010\/01\/pensando-1.jpg","width":700,"height":500},{"@type":"BreadcrumbList","@id":"https:\/\/rafaramirez.org\/blog\/index.php\/2010\/01\/04\/feliz-ano-a-veces\/#breadcrumb","itemListElement":[{"@type":"ListItem","position":1,"name":"Portada","item":"https:\/\/rafaramirez.org\/blog\/"},{"@type":"ListItem","position":2,"name":"Feliz a\u00f1o a veces."}]},{"@type":"WebSite","@id":"https:\/\/rafaramirez.org\/blog\/#website","url":"https:\/\/rafaramirez.org\/blog\/","name":"Blog de Rafael Ram\u00edrez","description":"Un sitio social, de arte y cultura","publisher":{"@id":"https:\/\/rafaramirez.org\/blog\/#\/schema\/person\/50f43b6d60c578760d4c17bda54ab6a5"},"potentialAction":[{"@type":"SearchAction","target":{"@type":"EntryPoint","urlTemplate":"https:\/\/rafaramirez.org\/blog\/?s={search_term_string}"},"query-input":{"@type":"PropertyValueSpecification","valueRequired":true,"valueName":"search_term_string"}}],"inLanguage":"es"},{"@type":["Person","Organization"],"@id":"https:\/\/rafaramirez.org\/blog\/#\/schema\/person\/50f43b6d60c578760d4c17bda54ab6a5","name":"Rafael Ram\u00edrez","image":{"@type":"ImageObject","inLanguage":"es","@id":"https:\/\/rafaramirez.org\/blog\/wp-content\/uploads\/2024\/09\/RR_socialnetwork.jpg","url":"https:\/\/rafaramirez.org\/blog\/wp-content\/uploads\/2024\/09\/RR_socialnetwork.jpg","contentUrl":"https:\/\/rafaramirez.org\/blog\/wp-content\/uploads\/2024\/09\/RR_socialnetwork.jpg","width":600,"height":606,"caption":"Rafael Ram\u00edrez"},"logo":{"@id":"https:\/\/rafaramirez.org\/blog\/wp-content\/uploads\/2024\/09\/RR_socialnetwork.jpg"},"sameAs":["https:\/\/www.rafaramirez.org\/blog","https:\/\/www.instagram.com\/rafaramirez_ok\/","https:\/\/es.pinterest.com\/Ramirez_Rafa\/","https:\/\/x.com\/rafaramirez_ok"],"url":"https:\/\/rafaramirez.org\/blog\/index.php\/author\/rafaell_qm6j97da\/"}]}},"jetpack_publicize_connections":[],"jetpack_sharing_enabled":true,"jetpack_likes_enabled":true,"jetpack_featured_media_url":"https:\/\/rafaramirez.org\/blog\/wp-content\/uploads\/2010\/01\/pensando-1.jpg","_links":{"self":[{"href":"https:\/\/rafaramirez.org\/blog\/index.php\/wp-json\/wp\/v2\/posts\/1231","targetHints":{"allow":["GET"]}}],"collection":[{"href":"https:\/\/rafaramirez.org\/blog\/index.php\/wp-json\/wp\/v2\/posts"}],"about":[{"href":"https:\/\/rafaramirez.org\/blog\/index.php\/wp-json\/wp\/v2\/types\/post"}],"author":[{"embeddable":true,"href":"https:\/\/rafaramirez.org\/blog\/index.php\/wp-json\/wp\/v2\/users\/1"}],"replies":[{"embeddable":true,"href":"https:\/\/rafaramirez.org\/blog\/index.php\/wp-json\/wp\/v2\/comments?post=1231"}],"version-history":[{"count":6,"href":"https:\/\/rafaramirez.org\/blog\/index.php\/wp-json\/wp\/v2\/posts\/1231\/revisions"}],"predecessor-version":[{"id":3278,"href":"https:\/\/rafaramirez.org\/blog\/index.php\/wp-json\/wp\/v2\/posts\/1231\/revisions\/3278"}],"wp:featuredmedia":[{"embeddable":true,"href":"https:\/\/rafaramirez.org\/blog\/index.php\/wp-json\/wp\/v2\/media\/2647"}],"wp:attachment":[{"href":"https:\/\/rafaramirez.org\/blog\/index.php\/wp-json\/wp\/v2\/media?parent=1231"}],"wp:term":[{"taxonomy":"category","embeddable":true,"href":"https:\/\/rafaramirez.org\/blog\/index.php\/wp-json\/wp\/v2\/categories?post=1231"},{"taxonomy":"post_tag","embeddable":true,"href":"https:\/\/rafaramirez.org\/blog\/index.php\/wp-json\/wp\/v2\/tags?post=1231"}],"curies":[{"name":"wp","href":"https:\/\/api.w.org\/{rel}","templated":true}]}}