{"id":1229,"date":"2024-03-06T08:15:22","date_gmt":"2024-03-06T07:15:22","guid":{"rendered":"http:\/\/rafaelramirez.co.cc\/?p=781"},"modified":"2024-03-05T17:03:27","modified_gmt":"2024-03-05T16:03:27","slug":"plaza-de-toros-de-las-ventas-madrid-postal-1958","status":"publish","type":"post","link":"https:\/\/rafaramirez.org\/blog\/index.php\/2024\/03\/06\/plaza-de-toros-de-las-ventas-madrid-postal-1958\/","title":{"rendered":"Plaza de Toros de Las Ventas &#8211; Madrid. Postal de 1958. Postales antiguas (colecci\u00f3n particular)."},"content":{"rendered":"<p>Esta postal es de 1958 y contiene un error tipogr\u00e1fico, en su reverso describe la imagen como \u00abPlaza de Toros Monumental\u00bb en vez de \u00abPlaza de Toros de las Ventas\u00bb.<\/p>\n<p><strong>Informaci\u00f3n impresa en la postal:\u00a0<\/strong><\/p>\n<blockquote>\n<p style=\"text-align: left;\">1056 MADRID.<\/p>\n<p style=\"text-align: left;\">Plaza de Toros Monumental<\/p>\n<p style=\"text-align: left;\">Monumental Bull-fighting Ring<\/p>\n<p style=\"text-align: left;\">Monumentale Place pour les Courses de Taureaux.<\/p>\n<\/blockquote>\n<figure id=\"attachment_3594\" aria-describedby=\"caption-attachment-3594\" style=\"width: 300px\" class=\"wp-caption alignnone\"><a href=\"https:\/\/rafaramirez.org\/blog\/wp-content\/uploads\/2024\/03\/postal_vintage_Plaza_de_Las_Ventas_anversologblog.jpg\" target=\"_blank\" rel=\"noopener\"><img loading=\"lazy\" decoding=\"async\" class=\"wp-image-3594 size-medium\" src=\"https:\/\/rafaramirez.org\/blog\/wp-content\/uploads\/2024\/03\/postal_vintage_Plaza_de_Las_Ventas_anversologblog-300x199.jpg\" alt=\"Plaza de Toros de Las Ventas. Madrid - Postal (1958) Anverso\" width=\"300\" height=\"199\" srcset=\"https:\/\/rafaramirez.org\/blog\/wp-content\/uploads\/2024\/03\/postal_vintage_Plaza_de_Las_Ventas_anversologblog-300x199.jpg 300w, https:\/\/rafaramirez.org\/blog\/wp-content\/uploads\/2024\/03\/postal_vintage_Plaza_de_Las_Ventas_anversologblog-768x509.jpg 768w, https:\/\/rafaramirez.org\/blog\/wp-content\/uploads\/2024\/03\/postal_vintage_Plaza_de_Las_Ventas_anversologblog.jpg 1000w\" sizes=\"auto, (max-width: 300px) 100vw, 300px\" \/><\/a><figcaption id=\"caption-attachment-3594\" class=\"wp-caption-text\">Plaza de Toros de Las Ventas. Madrid &#8211; Postal (1958) Anverso<\/figcaption><\/figure>\n<p>&nbsp;<\/p>\n<figure id=\"attachment_3595\" aria-describedby=\"caption-attachment-3595\" style=\"width: 300px\" class=\"wp-caption alignnone\"><a href=\"https:\/\/rafaramirez.org\/blog\/wp-content\/uploads\/2024\/03\/postal_vintage_Plaza_de_Las_Ventas_reversologblog.jpg\" target=\"_blank\" rel=\"noopener\"><img loading=\"lazy\" decoding=\"async\" class=\"wp-image-3595 size-medium\" src=\"https:\/\/rafaramirez.org\/blog\/wp-content\/uploads\/2024\/03\/postal_vintage_Plaza_de_Las_Ventas_reversologblog-300x198.jpg\" alt=\"Plaza de Toros de Las Ventas. Madrid - Postal (1958) Reverso\" width=\"300\" height=\"198\" srcset=\"https:\/\/rafaramirez.org\/blog\/wp-content\/uploads\/2024\/03\/postal_vintage_Plaza_de_Las_Ventas_reversologblog-300x198.jpg 300w, https:\/\/rafaramirez.org\/blog\/wp-content\/uploads\/2024\/03\/postal_vintage_Plaza_de_Las_Ventas_reversologblog-768x508.jpg 768w, https:\/\/rafaramirez.org\/blog\/wp-content\/uploads\/2024\/03\/postal_vintage_Plaza_de_Las_Ventas_reversologblog.jpg 1000w\" sizes=\"auto, (max-width: 300px) 100vw, 300px\" \/><\/a><figcaption id=\"caption-attachment-3595\" class=\"wp-caption-text\">Plaza de Toros de Las Ventas. Madrid &#8211; Postal (1958) Reverso<\/figcaption><\/figure>\n<p><strong>Texto de la postal:<\/strong><\/p>\n<blockquote><p>18\/08\/1958<\/p>\n<p>Dirigida al Sr. Antonio #####\u00a0 \u00a0#####.<\/p>\n<p>C\/ ########### n\u00ba ##<\/p>\n<p>M\u00e1laga.<\/p>\n<p>Como te promet\u00ed te mando una tarjeta de la Plaza de Toros de Ventas para que veas que tambi\u00e9n me acuerdo de ti.<\/p>\n<p>Pepa.<\/p><\/blockquote>\n<p><strong>M\u00e1s informaci\u00f3n: <\/strong><\/p>\n<p>Te cuento algo de historia de la <strong>Plaza de Toros de Las Ventas<\/strong>, es el mayor coso taurino de Espa\u00f1a y el <strong>tercero con m\u00e1s aforo del mundo<\/strong>, tras las de M\u00e9xico y Valencia (Venezuela).\u00a0La plaza se inaugur\u00f3 en\u00a0<strong>1929<\/strong>\u00a0en la zona llamada\u00a0<strong>Las Ventas del Esp\u00edritu Santo<\/strong>, en el barrio de La Guindalera del distrito de Salamanca. Fue dise\u00f1ada por el arquitecto\u00a0<a href=\"https:\/\/dbe.rah.es\/biografias\/38465\/jose-espelius-anduaga\" target=\"_blank\" rel=\"noopener\"><strong>Jos\u00e9 Espelius<\/strong><\/a>\u00a0en estilo\u00a0<strong>neomud\u00e9jar<\/strong>\u00a0e iniciada en 1919.\u00a0A su muerte, diez a\u00f1os despu\u00e9s, continuar\u00eda las obras\u00a0<a href=\"https:\/\/es.wikipedia.org\/wiki\/Manuel_Mu%C3%B1oz_Monasterio\" target=\"_blank\" rel=\"noopener\"><strong>Manuel Mu\u00f1oz Monasterio<\/strong><\/a>\u00a0hasta su conclusi\u00f3n en 1931.\u00a0La plaza tiene un ruedo de\u00a0<strong>61,5 m<\/strong>\u00a0de di\u00e1metro, el segundo m\u00e1s grande de Espa\u00f1a, despu\u00e9s del de Ronda.\u00a0Se puede visitar por dentro todos los d\u00edas de 10 a 18 horas, en un recorrido que incluye el interior de la plaza y el Museo Taurino.<\/p>\n<p>Si quieres saber m\u00e1s sobre la plaza y su historia, puedes consultar estos enlaces:<\/p>\n<ul>\n<li><a class=\"ac-anchor\" href=\"https:\/\/es.wikipedia.org\/wiki\/Las_Ventas\" target=\"_blank\" rel=\"noopener\">Las Ventas &#8211; Wikipedia, la enciclopedia libre<\/a><\/li>\n<li><a class=\"ac-anchor\" href=\"https:\/\/www.telemadrid.es\/programas\/mi-camara-y-yo\/plaza-toros-Ventas-mucha-historia-0-2343965582--20210524060000.html\" target=\"_blank\" rel=\"noopener\">La plaza de toros de Las Ventas: mucha historia en menos de un siglo<\/a><\/li>\n<li><a class=\"ac-anchor\" href=\"https:\/\/www.viajarmadrid.com\/plaza-de-toros-de-las-ventas\/\" target=\"_blank\" rel=\"noopener\">Plaza de Toros de las Ventas \u2013 Visitas, c\u00f3mo llegar y \u2026 &#8211; Madrid<\/a><\/li>\n<\/ul>\n<p>Espero que te haya gustado esta antigua postal y te haya sido \u00fatil esta informaci\u00f3n, puedes dejar tus comentarios abajo. \u00a1Saludos!<\/p>\n<p>&nbsp;<\/p>\n","protected":false},"excerpt":{"rendered":"<p>Esta postal es de 1958 y contiene un error tipogr\u00e1fico, en su reverso describe la imagen como \u00abPlaza de Toros Monumental\u00bb en vez de \u00abPlaza de Toros de las Ventas\u00bb. Informaci\u00f3n impresa en la postal:\u00a0 1056 MADRID. Plaza de Toros Monumental Monumental Bull-fighting Ring Monumentale Place pour les Courses de Taureaux. &nbsp; Texto de la [&hellip;]<\/p>\n","protected":false},"author":1,"featured_media":3597,"comment_status":"open","ping_status":"closed","sticky":false,"template":"","format":"standard","meta":{"site-container-style":"default","site-container-layout":"default","site-sidebar-layout":"default","disable-article-header":"default","disable-site-header":"default","disable-site-footer":"default","disable-content-area-spacing":"default","_jetpack_newsletter_access":"","_jetpack_dont_email_post_to_subs":false,"_jetpack_newsletter_tier_id":0,"_jetpack_memberships_contains_paywalled_content":false,"_jetpack_feature_clip_id":0,"_jetpack_memberships_contains_paid_content":false,"footnotes":"","jetpack_publicize_message":"","jetpack_publicize_feature_enabled":true,"jetpack_social_post_already_shared":true,"jetpack_social_options":{"image_generator_settings":{"template":"highway","default_image_id":0,"font":"","enabled":false},"version":2},"jetpack_post_was_ever_published":false},"categories":[12],"tags":[1161,1177,1184,1173,1179,68,139,1180,166,1181,1178,621,1183,1175,1186,1182,389,1174,393,395,1185,1176],"class_list":["post-1229","post","type-post","status-publish","format-standard","has-post-thumbnail","hentry","category-vintage","tag-1161","tag-1177","tag-1184","tag-1173","tag-barrio-de-la-guindalera","tag-blog-de-rafael-ramirez","tag-destacado","tag-distrito-de-salamanca","tag-espana","tag-jose-espelius","tag-las-ventas-del-espiritu-santo","tag-madrid","tag-manuel-munoz-monasterio","tag-mexico","tag-museo-taurino","tag-neomudejar","tag-plaza-de-toros-de-las-ventas","tag-plaza-de-toros-monumental","tag-postales-antiguas","tag-postales-vintage","tag-ronda","tag-valencia-venezuela"],"yoast_head":"<!-- This site is optimized with the Yoast SEO plugin v28.4 - https:\/\/yoast.com\/product\/yoast-seo-wordpress\/ -->\n<title>Plaza de Toros de Las Ventas - Madrid. Postal de 1958. Postales antiguas (colecci\u00f3n particular). - Blog de Rafael Ram\u00edrez<\/title>\n<meta name=\"robots\" content=\"index, follow, max-snippet:-1, max-image-preview:large, max-video-preview:-1\" \/>\n<link rel=\"canonical\" href=\"https:\/\/rafaramirez.org\/blog\/index.php\/2024\/03\/06\/plaza-de-toros-de-las-ventas-madrid-postal-1958\/\" \/>\n<meta property=\"og:locale\" content=\"es_ES\" \/>\n<meta property=\"og:type\" content=\"article\" \/>\n<meta property=\"og:title\" content=\"Plaza de Toros de Las Ventas - Madrid. Postal de 1958. Postales antiguas (colecci\u00f3n particular). - Blog de Rafael Ram\u00edrez\" \/>\n<meta property=\"og:description\" content=\"Esta postal es de 1958 y contiene un error tipogr\u00e1fico, en su reverso describe la imagen como \u00abPlaza de Toros Monumental\u00bb en vez de \u00abPlaza de Toros de las Ventas\u00bb. Informaci\u00f3n impresa en la postal:\u00a0 1056 MADRID. Plaza de Toros Monumental Monumental Bull-fighting Ring Monumentale Place pour les Courses de Taureaux. &nbsp; Texto de la [&hellip;]\" \/>\n<meta property=\"og:url\" content=\"https:\/\/rafaramirez.org\/blog\/index.php\/2024\/03\/06\/plaza-de-toros-de-las-ventas-madrid-postal-1958\/\" \/>\n<meta property=\"og:site_name\" content=\"Blog de Rafael Ram\u00edrez\" \/>\n<meta property=\"article:published_time\" content=\"2024-03-06T07:15:22+00:00\" \/>\n<meta property=\"og:image\" content=\"https:\/\/rafaramirez.org\/blog\/wp-content\/uploads\/2024\/03\/postal_vintage_Plaza_de_Las_Ventas_bannerlogblog.jpg\" \/>\n\t<meta property=\"og:image:width\" content=\"850\" \/>\n\t<meta property=\"og:image:height\" content=\"472\" \/>\n\t<meta property=\"og:image:type\" content=\"image\/jpeg\" \/>\n<meta name=\"author\" content=\"Rafael Ram\u00edrez\" \/>\n<meta name=\"twitter:card\" content=\"summary_large_image\" \/>\n<meta name=\"twitter:creator\" content=\"@rafaramirez_ok\" \/>\n<meta name=\"twitter:site\" content=\"@rafaramirez_ok\" \/>\n<meta name=\"twitter:label1\" content=\"Escrito por\" \/>\n\t<meta name=\"twitter:data1\" content=\"Rafael Ram\u00edrez\" \/>\n\t<meta name=\"twitter:label2\" content=\"Tiempo de lectura\" \/>\n\t<meta name=\"twitter:data2\" content=\"2 minutos\" \/>\n<script type=\"application\/ld+json\" class=\"yoast-schema-graph\">{\"@context\":\"https:\\\/\\\/schema.org\",\"@graph\":[{\"@type\":\"Article\",\"@id\":\"https:\\\/\\\/rafaramirez.org\\\/blog\\\/index.php\\\/2024\\\/03\\\/06\\\/plaza-de-toros-de-las-ventas-madrid-postal-1958\\\/#article\",\"isPartOf\":{\"@id\":\"https:\\\/\\\/rafaramirez.org\\\/blog\\\/index.php\\\/2024\\\/03\\\/06\\\/plaza-de-toros-de-las-ventas-madrid-postal-1958\\\/\"},\"author\":{\"name\":\"Rafael Ram\u00edrez\",\"@id\":\"https:\\\/\\\/rafaramirez.org\\\/blog\\\/#\\\/schema\\\/person\\\/50f43b6d60c578760d4c17bda54ab6a5\"},\"headline\":\"Plaza de Toros de Las Ventas &#8211; Madrid. Postal de 1958. Postales antiguas (colecci\u00f3n particular).\",\"datePublished\":\"2024-03-06T07:15:22+00:00\",\"mainEntityOfPage\":{\"@id\":\"https:\\\/\\\/rafaramirez.org\\\/blog\\\/index.php\\\/2024\\\/03\\\/06\\\/plaza-de-toros-de-las-ventas-madrid-postal-1958\\\/\"},\"wordCount\":362,\"commentCount\":0,\"publisher\":{\"@id\":\"https:\\\/\\\/rafaramirez.org\\\/blog\\\/#\\\/schema\\\/person\\\/50f43b6d60c578760d4c17bda54ab6a5\"},\"image\":{\"@id\":\"https:\\\/\\\/rafaramirez.org\\\/blog\\\/index.php\\\/2024\\\/03\\\/06\\\/plaza-de-toros-de-las-ventas-madrid-postal-1958\\\/#primaryimage\"},\"thumbnailUrl\":\"https:\\\/\\\/rafaramirez.org\\\/blog\\\/wp-content\\\/uploads\\\/2024\\\/03\\\/postal_vintage_Plaza_de_Las_Ventas_bannerlogblog.jpg\",\"keywords\":[\"1919\",\"1929\",\"1931\",\"1958\",\"barrio de La Guindalera\",\"blog de Rafael Ram\u00edrez\",\"destacado\",\"distrito de Salamanca\",\"espa\u00f1a\",\"Jos\u00e9 Espelius\",\"Las Ventas del Esp\u00edritu Santo\",\"Madrid\",\"Manuel Mu\u00f1oz Monasterio\",\"M\u00e9xico\",\"Museo Taurino\",\"neomud\u00e9jar\",\"Plaza de toros de Las Ventas\",\"Plaza de Toros Monumental\",\"postales antiguas\",\"postales vintage\",\"Ronda\",\"Valencia (Venezuela)\"],\"articleSection\":[\"Vintage\"],\"inLanguage\":\"es\",\"potentialAction\":[{\"@type\":\"CommentAction\",\"name\":\"Comment\",\"target\":[\"https:\\\/\\\/rafaramirez.org\\\/blog\\\/index.php\\\/2024\\\/03\\\/06\\\/plaza-de-toros-de-las-ventas-madrid-postal-1958\\\/#respond\"]}]},{\"@type\":\"WebPage\",\"@id\":\"https:\\\/\\\/rafaramirez.org\\\/blog\\\/index.php\\\/2024\\\/03\\\/06\\\/plaza-de-toros-de-las-ventas-madrid-postal-1958\\\/\",\"url\":\"https:\\\/\\\/rafaramirez.org\\\/blog\\\/index.php\\\/2024\\\/03\\\/06\\\/plaza-de-toros-de-las-ventas-madrid-postal-1958\\\/\",\"name\":\"Plaza de Toros de Las Ventas - Madrid. Postal de 1958. Postales antiguas (colecci\u00f3n particular). - Blog de Rafael Ram\u00edrez\",\"isPartOf\":{\"@id\":\"https:\\\/\\\/rafaramirez.org\\\/blog\\\/#website\"},\"primaryImageOfPage\":{\"@id\":\"https:\\\/\\\/rafaramirez.org\\\/blog\\\/index.php\\\/2024\\\/03\\\/06\\\/plaza-de-toros-de-las-ventas-madrid-postal-1958\\\/#primaryimage\"},\"image\":{\"@id\":\"https:\\\/\\\/rafaramirez.org\\\/blog\\\/index.php\\\/2024\\\/03\\\/06\\\/plaza-de-toros-de-las-ventas-madrid-postal-1958\\\/#primaryimage\"},\"thumbnailUrl\":\"https:\\\/\\\/rafaramirez.org\\\/blog\\\/wp-content\\\/uploads\\\/2024\\\/03\\\/postal_vintage_Plaza_de_Las_Ventas_bannerlogblog.jpg\",\"datePublished\":\"2024-03-06T07:15:22+00:00\",\"breadcrumb\":{\"@id\":\"https:\\\/\\\/rafaramirez.org\\\/blog\\\/index.php\\\/2024\\\/03\\\/06\\\/plaza-de-toros-de-las-ventas-madrid-postal-1958\\\/#breadcrumb\"},\"inLanguage\":\"es\",\"potentialAction\":[{\"@type\":\"ReadAction\",\"target\":[\"https:\\\/\\\/rafaramirez.org\\\/blog\\\/index.php\\\/2024\\\/03\\\/06\\\/plaza-de-toros-de-las-ventas-madrid-postal-1958\\\/\"]}]},{\"@type\":\"ImageObject\",\"inLanguage\":\"es\",\"@id\":\"https:\\\/\\\/rafaramirez.org\\\/blog\\\/index.php\\\/2024\\\/03\\\/06\\\/plaza-de-toros-de-las-ventas-madrid-postal-1958\\\/#primaryimage\",\"url\":\"https:\\\/\\\/rafaramirez.org\\\/blog\\\/wp-content\\\/uploads\\\/2024\\\/03\\\/postal_vintage_Plaza_de_Las_Ventas_bannerlogblog.jpg\",\"contentUrl\":\"https:\\\/\\\/rafaramirez.org\\\/blog\\\/wp-content\\\/uploads\\\/2024\\\/03\\\/postal_vintage_Plaza_de_Las_Ventas_bannerlogblog.jpg\",\"width\":850,\"height\":472,\"caption\":\"Plaza de Toros de Las Ventas. Madrid - Postal (1958)\"},{\"@type\":\"BreadcrumbList\",\"@id\":\"https:\\\/\\\/rafaramirez.org\\\/blog\\\/index.php\\\/2024\\\/03\\\/06\\\/plaza-de-toros-de-las-ventas-madrid-postal-1958\\\/#breadcrumb\",\"itemListElement\":[{\"@type\":\"ListItem\",\"position\":1,\"name\":\"Portada\",\"item\":\"https:\\\/\\\/rafaramirez.org\\\/blog\\\/\"},{\"@type\":\"ListItem\",\"position\":2,\"name\":\"Plaza de Toros de Las Ventas &#8211; Madrid. Postal de 1958. Postales antiguas (colecci\u00f3n particular).\"}]},{\"@type\":\"WebSite\",\"@id\":\"https:\\\/\\\/rafaramirez.org\\\/blog\\\/#website\",\"url\":\"https:\\\/\\\/rafaramirez.org\\\/blog\\\/\",\"name\":\"Blog de Rafael Ram\u00edrez\",\"description\":\"Un sitio social, de arte y cultura\",\"publisher\":{\"@id\":\"https:\\\/\\\/rafaramirez.org\\\/blog\\\/#\\\/schema\\\/person\\\/50f43b6d60c578760d4c17bda54ab6a5\"},\"potentialAction\":[{\"@type\":\"SearchAction\",\"target\":{\"@type\":\"EntryPoint\",\"urlTemplate\":\"https:\\\/\\\/rafaramirez.org\\\/blog\\\/?s={search_term_string}\"},\"query-input\":{\"@type\":\"PropertyValueSpecification\",\"valueRequired\":true,\"valueName\":\"search_term_string\"}}],\"inLanguage\":\"es\"},{\"@type\":[\"Person\",\"Organization\"],\"@id\":\"https:\\\/\\\/rafaramirez.org\\\/blog\\\/#\\\/schema\\\/person\\\/50f43b6d60c578760d4c17bda54ab6a5\",\"name\":\"Rafael Ram\u00edrez\",\"image\":{\"@type\":\"ImageObject\",\"inLanguage\":\"es\",\"@id\":\"https:\\\/\\\/rafaramirez.org\\\/blog\\\/wp-content\\\/uploads\\\/2024\\\/09\\\/RR_socialnetwork.jpg\",\"url\":\"https:\\\/\\\/rafaramirez.org\\\/blog\\\/wp-content\\\/uploads\\\/2024\\\/09\\\/RR_socialnetwork.jpg\",\"contentUrl\":\"https:\\\/\\\/rafaramirez.org\\\/blog\\\/wp-content\\\/uploads\\\/2024\\\/09\\\/RR_socialnetwork.jpg\",\"width\":600,\"height\":606,\"caption\":\"Rafael Ram\u00edrez\"},\"logo\":{\"@id\":\"https:\\\/\\\/rafaramirez.org\\\/blog\\\/wp-content\\\/uploads\\\/2024\\\/09\\\/RR_socialnetwork.jpg\"},\"sameAs\":[\"https:\\\/\\\/www.rafaramirez.org\\\/blog\",\"https:\\\/\\\/www.instagram.com\\\/rafaramirez_ok\\\/\",\"https:\\\/\\\/es.pinterest.com\\\/Ramirez_Rafa\\\/\",\"https:\\\/\\\/x.com\\\/rafaramirez_ok\"],\"url\":\"https:\\\/\\\/rafaramirez.org\\\/blog\\\/index.php\\\/author\\\/rafaell_qm6j97da\\\/\"}]}<\/script>\n<!-- \/ Yoast SEO plugin. -->","yoast_head_json":{"title":"Plaza de Toros de Las Ventas - Madrid. Postal de 1958. Postales antiguas (colecci\u00f3n particular). - Blog de Rafael Ram\u00edrez","robots":{"index":"index","follow":"follow","max-snippet":"max-snippet:-1","max-image-preview":"max-image-preview:large","max-video-preview":"max-video-preview:-1"},"canonical":"https:\/\/rafaramirez.org\/blog\/index.php\/2024\/03\/06\/plaza-de-toros-de-las-ventas-madrid-postal-1958\/","og_locale":"es_ES","og_type":"article","og_title":"Plaza de Toros de Las Ventas - Madrid. Postal de 1958. Postales antiguas (colecci\u00f3n particular). - Blog de Rafael Ram\u00edrez","og_description":"Esta postal es de 1958 y contiene un error tipogr\u00e1fico, en su reverso describe la imagen como \u00abPlaza de Toros Monumental\u00bb en vez de \u00abPlaza de Toros de las Ventas\u00bb. Informaci\u00f3n impresa en la postal:\u00a0 1056 MADRID. Plaza de Toros Monumental Monumental Bull-fighting Ring Monumentale Place pour les Courses de Taureaux. &nbsp; Texto de la [&hellip;]","og_url":"https:\/\/rafaramirez.org\/blog\/index.php\/2024\/03\/06\/plaza-de-toros-de-las-ventas-madrid-postal-1958\/","og_site_name":"Blog de Rafael Ram\u00edrez","article_published_time":"2024-03-06T07:15:22+00:00","og_image":[{"width":850,"height":472,"url":"https:\/\/rafaramirez.org\/blog\/wp-content\/uploads\/2024\/03\/postal_vintage_Plaza_de_Las_Ventas_bannerlogblog.jpg","type":"image\/jpeg"}],"author":"Rafael Ram\u00edrez","twitter_card":"summary_large_image","twitter_creator":"@rafaramirez_ok","twitter_site":"@rafaramirez_ok","twitter_misc":{"Escrito por":"Rafael Ram\u00edrez","Tiempo de lectura":"2 minutos"},"schema":{"@context":"https:\/\/schema.org","@graph":[{"@type":"Article","@id":"https:\/\/rafaramirez.org\/blog\/index.php\/2024\/03\/06\/plaza-de-toros-de-las-ventas-madrid-postal-1958\/#article","isPartOf":{"@id":"https:\/\/rafaramirez.org\/blog\/index.php\/2024\/03\/06\/plaza-de-toros-de-las-ventas-madrid-postal-1958\/"},"author":{"name":"Rafael Ram\u00edrez","@id":"https:\/\/rafaramirez.org\/blog\/#\/schema\/person\/50f43b6d60c578760d4c17bda54ab6a5"},"headline":"Plaza de Toros de Las Ventas &#8211; Madrid. Postal de 1958. Postales antiguas (colecci\u00f3n particular).","datePublished":"2024-03-06T07:15:22+00:00","mainEntityOfPage":{"@id":"https:\/\/rafaramirez.org\/blog\/index.php\/2024\/03\/06\/plaza-de-toros-de-las-ventas-madrid-postal-1958\/"},"wordCount":362,"commentCount":0,"publisher":{"@id":"https:\/\/rafaramirez.org\/blog\/#\/schema\/person\/50f43b6d60c578760d4c17bda54ab6a5"},"image":{"@id":"https:\/\/rafaramirez.org\/blog\/index.php\/2024\/03\/06\/plaza-de-toros-de-las-ventas-madrid-postal-1958\/#primaryimage"},"thumbnailUrl":"https:\/\/rafaramirez.org\/blog\/wp-content\/uploads\/2024\/03\/postal_vintage_Plaza_de_Las_Ventas_bannerlogblog.jpg","keywords":["1919","1929","1931","1958","barrio de La Guindalera","blog de Rafael Ram\u00edrez","destacado","distrito de Salamanca","espa\u00f1a","Jos\u00e9 Espelius","Las Ventas del Esp\u00edritu Santo","Madrid","Manuel Mu\u00f1oz Monasterio","M\u00e9xico","Museo Taurino","neomud\u00e9jar","Plaza de toros de Las Ventas","Plaza de Toros Monumental","postales antiguas","postales vintage","Ronda","Valencia (Venezuela)"],"articleSection":["Vintage"],"inLanguage":"es","potentialAction":[{"@type":"CommentAction","name":"Comment","target":["https:\/\/rafaramirez.org\/blog\/index.php\/2024\/03\/06\/plaza-de-toros-de-las-ventas-madrid-postal-1958\/#respond"]}]},{"@type":"WebPage","@id":"https:\/\/rafaramirez.org\/blog\/index.php\/2024\/03\/06\/plaza-de-toros-de-las-ventas-madrid-postal-1958\/","url":"https:\/\/rafaramirez.org\/blog\/index.php\/2024\/03\/06\/plaza-de-toros-de-las-ventas-madrid-postal-1958\/","name":"Plaza de Toros de Las Ventas - Madrid. Postal de 1958. Postales antiguas (colecci\u00f3n particular). - Blog de Rafael Ram\u00edrez","isPartOf":{"@id":"https:\/\/rafaramirez.org\/blog\/#website"},"primaryImageOfPage":{"@id":"https:\/\/rafaramirez.org\/blog\/index.php\/2024\/03\/06\/plaza-de-toros-de-las-ventas-madrid-postal-1958\/#primaryimage"},"image":{"@id":"https:\/\/rafaramirez.org\/blog\/index.php\/2024\/03\/06\/plaza-de-toros-de-las-ventas-madrid-postal-1958\/#primaryimage"},"thumbnailUrl":"https:\/\/rafaramirez.org\/blog\/wp-content\/uploads\/2024\/03\/postal_vintage_Plaza_de_Las_Ventas_bannerlogblog.jpg","datePublished":"2024-03-06T07:15:22+00:00","breadcrumb":{"@id":"https:\/\/rafaramirez.org\/blog\/index.php\/2024\/03\/06\/plaza-de-toros-de-las-ventas-madrid-postal-1958\/#breadcrumb"},"inLanguage":"es","potentialAction":[{"@type":"ReadAction","target":["https:\/\/rafaramirez.org\/blog\/index.php\/2024\/03\/06\/plaza-de-toros-de-las-ventas-madrid-postal-1958\/"]}]},{"@type":"ImageObject","inLanguage":"es","@id":"https:\/\/rafaramirez.org\/blog\/index.php\/2024\/03\/06\/plaza-de-toros-de-las-ventas-madrid-postal-1958\/#primaryimage","url":"https:\/\/rafaramirez.org\/blog\/wp-content\/uploads\/2024\/03\/postal_vintage_Plaza_de_Las_Ventas_bannerlogblog.jpg","contentUrl":"https:\/\/rafaramirez.org\/blog\/wp-content\/uploads\/2024\/03\/postal_vintage_Plaza_de_Las_Ventas_bannerlogblog.jpg","width":850,"height":472,"caption":"Plaza de Toros de Las Ventas. Madrid - Postal (1958)"},{"@type":"BreadcrumbList","@id":"https:\/\/rafaramirez.org\/blog\/index.php\/2024\/03\/06\/plaza-de-toros-de-las-ventas-madrid-postal-1958\/#breadcrumb","itemListElement":[{"@type":"ListItem","position":1,"name":"Portada","item":"https:\/\/rafaramirez.org\/blog\/"},{"@type":"ListItem","position":2,"name":"Plaza de Toros de Las Ventas &#8211; Madrid. Postal de 1958. Postales antiguas (colecci\u00f3n particular)."}]},{"@type":"WebSite","@id":"https:\/\/rafaramirez.org\/blog\/#website","url":"https:\/\/rafaramirez.org\/blog\/","name":"Blog de Rafael Ram\u00edrez","description":"Un sitio social, de arte y cultura","publisher":{"@id":"https:\/\/rafaramirez.org\/blog\/#\/schema\/person\/50f43b6d60c578760d4c17bda54ab6a5"},"potentialAction":[{"@type":"SearchAction","target":{"@type":"EntryPoint","urlTemplate":"https:\/\/rafaramirez.org\/blog\/?s={search_term_string}"},"query-input":{"@type":"PropertyValueSpecification","valueRequired":true,"valueName":"search_term_string"}}],"inLanguage":"es"},{"@type":["Person","Organization"],"@id":"https:\/\/rafaramirez.org\/blog\/#\/schema\/person\/50f43b6d60c578760d4c17bda54ab6a5","name":"Rafael Ram\u00edrez","image":{"@type":"ImageObject","inLanguage":"es","@id":"https:\/\/rafaramirez.org\/blog\/wp-content\/uploads\/2024\/09\/RR_socialnetwork.jpg","url":"https:\/\/rafaramirez.org\/blog\/wp-content\/uploads\/2024\/09\/RR_socialnetwork.jpg","contentUrl":"https:\/\/rafaramirez.org\/blog\/wp-content\/uploads\/2024\/09\/RR_socialnetwork.jpg","width":600,"height":606,"caption":"Rafael Ram\u00edrez"},"logo":{"@id":"https:\/\/rafaramirez.org\/blog\/wp-content\/uploads\/2024\/09\/RR_socialnetwork.jpg"},"sameAs":["https:\/\/www.rafaramirez.org\/blog","https:\/\/www.instagram.com\/rafaramirez_ok\/","https:\/\/es.pinterest.com\/Ramirez_Rafa\/","https:\/\/x.com\/rafaramirez_ok"],"url":"https:\/\/rafaramirez.org\/blog\/index.php\/author\/rafaell_qm6j97da\/"}]}},"jetpack_publicize_connections":[],"jetpack_sharing_enabled":true,"jetpack_likes_enabled":true,"jetpack_featured_media_url":"https:\/\/rafaramirez.org\/blog\/wp-content\/uploads\/2024\/03\/postal_vintage_Plaza_de_Las_Ventas_bannerlogblog.jpg","_links":{"self":[{"href":"https:\/\/rafaramirez.org\/blog\/index.php\/wp-json\/wp\/v2\/posts\/1229","targetHints":{"allow":["GET"]}}],"collection":[{"href":"https:\/\/rafaramirez.org\/blog\/index.php\/wp-json\/wp\/v2\/posts"}],"about":[{"href":"https:\/\/rafaramirez.org\/blog\/index.php\/wp-json\/wp\/v2\/types\/post"}],"author":[{"embeddable":true,"href":"https:\/\/rafaramirez.org\/blog\/index.php\/wp-json\/wp\/v2\/users\/1"}],"replies":[{"embeddable":true,"href":"https:\/\/rafaramirez.org\/blog\/index.php\/wp-json\/wp\/v2\/comments?post=1229"}],"version-history":[{"count":5,"href":"https:\/\/rafaramirez.org\/blog\/index.php\/wp-json\/wp\/v2\/posts\/1229\/revisions"}],"predecessor-version":[{"id":3598,"href":"https:\/\/rafaramirez.org\/blog\/index.php\/wp-json\/wp\/v2\/posts\/1229\/revisions\/3598"}],"wp:featuredmedia":[{"embeddable":true,"href":"https:\/\/rafaramirez.org\/blog\/index.php\/wp-json\/wp\/v2\/media\/3597"}],"wp:attachment":[{"href":"https:\/\/rafaramirez.org\/blog\/index.php\/wp-json\/wp\/v2\/media?parent=1229"}],"wp:term":[{"taxonomy":"category","embeddable":true,"href":"https:\/\/rafaramirez.org\/blog\/index.php\/wp-json\/wp\/v2\/categories?post=1229"},{"taxonomy":"post_tag","embeddable":true,"href":"https:\/\/rafaramirez.org\/blog\/index.php\/wp-json\/wp\/v2\/tags?post=1229"}],"curies":[{"name":"wp","href":"https:\/\/api.w.org\/{rel}","templated":true}]}}