{"id":1228,"date":"2024-07-09T08:15:08","date_gmt":"2024-07-09T06:15:08","guid":{"rendered":"http:\/\/rafaelramirez.co.cc\/?p=776"},"modified":"2024-06-25T13:27:40","modified_gmt":"2024-06-25T11:27:40","slug":"paseo-del-prado-madrid-postal-1964","status":"publish","type":"post","link":"https:\/\/rafaramirez.org\/blog\/index.php\/2024\/07\/09\/paseo-del-prado-madrid-postal-1964\/","title":{"rendered":"Paseo del Prado. Madrid: Postal de 1964. Postales antiguas (colecci\u00f3n particular)."},"content":{"rendered":"<p>Esta es una postal errada, en su reverso describe la imagen como \u00abSal\u00f3n del Prado\u00bb en vez de \u00abPaseo del Prado\u00bb. La postal est\u00e1 fechada el 17\/01\/1964. Debajo de las fotograf\u00edas os dejo informaci\u00f3n sobre este paseo madrile\u00f1o y su historia.<\/p>\n<p><strong>Informaci\u00f3n impresa en la postal:\u00a0<\/strong><\/p>\n<blockquote><p>18 \u2013 MADRID<\/p>\n<p>Sal\u00f3n del Prado.<\/p>\n<p>Prado Walk.<\/p>\n<p>Promenade du Prado.<\/p>\n<p>GARC\u00cdA GARRABELLA y C\u00eda. S.R.C.<\/p>\n<p>Distribuidor: V. Mart\u00ednez. &#8211; A. Ferrant, 8, 6\u00ba Telf. 23960996.<\/p><\/blockquote>\n<figure id=\"attachment_4975\" aria-describedby=\"caption-attachment-4975\" style=\"width: 300px\" class=\"wp-caption aligncenter\"><a href=\"https:\/\/rafaramirez.org\/blog\/wp-content\/uploads\/2024\/07\/postal_vintage_Paseo_del_Prado_anversologblog.jpg\" target=\"_blank\" rel=\"noopener\"><img loading=\"lazy\" decoding=\"async\" class=\"wp-image-4975 size-medium\" src=\"https:\/\/rafaramirez.org\/blog\/wp-content\/uploads\/2024\/07\/postal_vintage_Paseo_del_Prado_anversologblog-300x205.jpg\" alt=\"Paseo del Prado. Madrid - Postal (1964) Anverso. Blog de Rafael Ram\u00edrez.\" width=\"300\" height=\"205\" srcset=\"https:\/\/rafaramirez.org\/blog\/wp-content\/uploads\/2024\/07\/postal_vintage_Paseo_del_Prado_anversologblog-300x205.jpg 300w, https:\/\/rafaramirez.org\/blog\/wp-content\/uploads\/2024\/07\/postal_vintage_Paseo_del_Prado_anversologblog-768x526.jpg 768w, https:\/\/rafaramirez.org\/blog\/wp-content\/uploads\/2024\/07\/postal_vintage_Paseo_del_Prado_anversologblog.jpg 990w\" sizes=\"auto, (max-width: 300px) 100vw, 300px\" \/><\/a><figcaption id=\"caption-attachment-4975\" class=\"wp-caption-text\">Paseo del Prado. Madrid &#8211; Postal (1964) Anverso. Blog de Rafael Ram\u00edrez.<\/figcaption><\/figure>\n<figure id=\"attachment_4976\" aria-describedby=\"caption-attachment-4976\" style=\"width: 300px\" class=\"wp-caption aligncenter\"><a href=\"https:\/\/rafaramirez.org\/blog\/wp-content\/uploads\/2024\/07\/postal_vintage_Paseo_del_Prado_reversologblog.jpg\" target=\"_blank\" rel=\"noopener\"><img loading=\"lazy\" decoding=\"async\" class=\"wp-image-4976 size-medium\" src=\"https:\/\/rafaramirez.org\/blog\/wp-content\/uploads\/2024\/07\/postal_vintage_Paseo_del_Prado_reversologblog-300x203.jpg\" alt=\"Paseo del Prado. Madrid - Postal (1964) Reverso. Blog de Rafael Ram\u00edrez.\" width=\"300\" height=\"203\" srcset=\"https:\/\/rafaramirez.org\/blog\/wp-content\/uploads\/2024\/07\/postal_vintage_Paseo_del_Prado_reversologblog-300x203.jpg 300w, https:\/\/rafaramirez.org\/blog\/wp-content\/uploads\/2024\/07\/postal_vintage_Paseo_del_Prado_reversologblog-768x520.jpg 768w, https:\/\/rafaramirez.org\/blog\/wp-content\/uploads\/2024\/07\/postal_vintage_Paseo_del_Prado_reversologblog.jpg 990w\" sizes=\"auto, (max-width: 300px) 100vw, 300px\" \/><\/a><figcaption id=\"caption-attachment-4976\" class=\"wp-caption-text\">Paseo del Prado. Madrid &#8211; Postal (1964) Reverso. Blog de Rafael Ram\u00edrez.<\/figcaption><\/figure>\n<p><strong>Texto de la postal:<\/strong><\/p>\n<blockquote><p>17\/01\/1964<\/p>\n<p>Queridos tito y prima, me encuentro en Madrid con mucho fr\u00edo. Esta noche a las 11 salgo para la frontera, ya os pondr\u00e9 postal desde all\u00ed.<\/p>\n<p>Un abrazo de Trini.<\/p><\/blockquote>\n<p>El\u00a0<strong>Paseo del Prado<\/strong>\u00a0es un bulevar emblem\u00e1tico en la ciudad de Madrid, Espa\u00f1a. Se extiende desde la\u00a0<strong>Plaza de Cibeles<\/strong>\u00a0hasta la\u00a0<strong>Plaza del Emperador Carlos V<\/strong>, tambi\u00e9n conocida como\u00a0<strong>Glorieta de Atocha<\/strong>. Aqu\u00ed tienes algunos datos interesantes sobre su historia:<\/p>\n<ol>\n<li><strong>Origen y Dise\u00f1o<\/strong>:\n<ul>\n<li>El paseo fue concebido en el siglo XVI por el rey\u00a0<strong>Felipe II<\/strong>\u00a0como un espacio arbolado donde\u00a0<strong>todos los ciudadanos<\/strong>, independientemente de su clase social, pudieran disfrutar de la naturaleza dentro de los l\u00edmites de la ciudad.<\/li>\n<li>Junto con los paseos de\u00a0<strong>la Castellana<\/strong>\u00a0y\u00a0<strong>Recoletos<\/strong>, forma uno de los principales ejes viarios de Madrid, conocido como\u00a0<strong>eje Prado-Recoletos<\/strong>.<\/li>\n<\/ul>\n<\/li>\n<li><strong>Focos Muse\u00edsticos<\/strong>:\n<ul>\n<li>El Paseo del Prado alberga algunos de los museos m\u00e1s importantes del mundo:\n<ul>\n<li><strong>Museo del Prado<\/strong>: Uno de los museos de arte m\u00e1s destacados, con una impresionante colecci\u00f3n de obras maestras europeas.<\/li>\n<li><strong>Museo Thyssen-Bornemisza<\/strong>: Otra joya art\u00edstica que exhibe una amplia variedad de estilos y \u00e9pocas.<\/li>\n<li><strong>Centro de Arte Reina Sof\u00eda<\/strong>: Conocido por su colecci\u00f3n de arte contempor\u00e1neo, incluyendo la famosa obra \u201cGuernica\u201d de Picasso.<\/li>\n<\/ul>\n<\/li>\n<\/ul>\n<\/li>\n<li><strong>Monumentos y Recintos<\/strong>:\n<ul>\n<li>En el Paseo del Prado se encuentran varios monumentos y espacios hist\u00f3rico-art\u00edsticos:\n<ul>\n<li><strong>Edificio Villanueva<\/strong>: Sede principal del Museo del Prado.<\/li>\n<li><strong>Real Jard\u00edn Bot\u00e1nico<\/strong>: Un oasis verde en medio de la ciudad.<\/li>\n<li><strong>Fuentes de Neptuno, Cibeles y Apolo<\/strong>: Conjuntos escult\u00f3ricos ic\u00f3nicos.<\/li>\n<\/ul>\n<\/li>\n<\/ul>\n<\/li>\n<li><strong>Patrimonio de la Humanidad<\/strong>:\n<ul>\n<li>El Paseo del Prado forma parte del\u00a0<strong>Paisaje de la Luz<\/strong>, declarado\u00a0<strong>Patrimonio de la Humanidad<\/strong>\u00a0por la UNESCO en julio de 2021.\u00a0Este paisaje cultural tambi\u00e9n incluye el\u00a0<strong>Parque del Retiro<\/strong>\u00a0y el\u00a0<strong>Barrio de los Jer\u00f3nimos<\/strong>.<\/li>\n<\/ul>\n<\/li>\n<\/ol>\n<p>En resumen, el Paseo del Prado es un lugar lleno de historia, arte y belleza que sigue siendo un punto de encuentro para madrile\u00f1os y visitantes de todo el mundo.<\/p>\n<p><strong>Espero te haya gustado esta antigua postal, la historia detr\u00e1s de ella as\u00ed como la informaci\u00f3n sobre este famoso paseo madrile\u00f1o. Como siempre, puedes dejar tus comentarios debajo del post \u00a1Saludos!<\/strong>\u2728<\/p>\n<p>M\u00e1s informaci\u00f3n:<\/p>\n<ul>\n<li><a href=\"https:\/\/es.wikipedia.org\/wiki\/Paseo_del_Prado\" target=\"_blank\" rel=\"noopener\">Wikipedia.es<\/a><\/li>\n<li><a href=\"https:\/\/www.esmadrid.com\/informacion-turistica\/paseo-prado\" target=\"_blank\" rel=\"noopener\">Es Madrid.com<\/a><\/li>\n<\/ul>\n","protected":false},"excerpt":{"rendered":"<p>Esta es una postal errada, en su reverso describe la imagen como \u00abSal\u00f3n del Prado\u00bb en vez de \u00abPaseo del Prado\u00bb. La postal est\u00e1 fechada el 17\/01\/1964. Debajo de las fotograf\u00edas os dejo informaci\u00f3n sobre este paseo madrile\u00f1o y su historia. Informaci\u00f3n impresa en la postal:\u00a0 18 \u2013 MADRID Sal\u00f3n del Prado. Prado Walk. Promenade [&hellip;]<\/p>\n","protected":false},"author":1,"featured_media":4978,"comment_status":"open","ping_status":"closed","sticky":false,"template":"","format":"standard","meta":{"site-container-style":"default","site-container-layout":"default","site-sidebar-layout":"default","disable-article-header":"default","disable-site-header":"default","disable-site-footer":"default","disable-content-area-spacing":"default","_jetpack_newsletter_access":"","_jetpack_dont_email_post_to_subs":false,"_jetpack_newsletter_tier_id":0,"_jetpack_memberships_contains_paywalled_content":false,"_jetpack_feature_clip_id":0,"_jetpack_memberships_contains_paid_content":false,"footnotes":"","jetpack_publicize_message":"","jetpack_publicize_feature_enabled":true,"jetpack_social_post_already_shared":true,"jetpack_social_options":{"image_generator_settings":{"template":"highway","default_image_id":0,"font":"","enabled":false},"version":2},"jetpack_post_was_ever_published":false},"categories":[12],"tags":[2705,2709,2698,2700,2704,139,2701,2522,1533,2697,619,1550,2695,621,937,308,2703,2706,2708,354,2707,2693,2694,393,395,2702,2699,2696,1649,509],"class_list":["post-1228","post","type-post","status-publish","format-standard","has-post-thumbnail","hentry","category-vintage","tag-apolo","tag-barrio-de-los-jeronimos","tag-castellana","tag-centro-de-arte-reina-sofia","tag-cibeles","tag-destacado","tag-edificio-villanueva","tag-emigrantes","tag-emigrantes-espanoles","tag-felipe-ii","tag-fotografia-vintage","tag-fotos-vintage","tag-glorieta-de-atocha","tag-madrid","tag-museo-del-prado","tag-museo-thyssen-bornemisza","tag-neptuno","tag-paisaje-de-la-luz","tag-parque-del-retiro","tag-paseo-del-prado","tag-patrimonio-de-la-humanidad","tag-plaza-de-cibeles","tag-plaza-del-emperador-carlos-v","tag-postales-antiguas","tag-postales-vintage","tag-real-jardin-botanico","tag-recoletos","tag-siglo-xvi","tag-unesco","tag-vintage"],"yoast_head":"<!-- This site is optimized with the Yoast SEO plugin v28.4 - https:\/\/yoast.com\/product\/yoast-seo-wordpress\/ -->\n<title>Paseo del Prado. Madrid: Postal de 1964. Postales antiguas (colecci\u00f3n particular). - Blog de Rafael Ram\u00edrez<\/title>\n<meta name=\"robots\" content=\"index, follow, max-snippet:-1, max-image-preview:large, max-video-preview:-1\" \/>\n<link rel=\"canonical\" href=\"https:\/\/rafaramirez.org\/blog\/index.php\/2024\/07\/09\/paseo-del-prado-madrid-postal-1964\/\" \/>\n<meta property=\"og:locale\" content=\"es_ES\" \/>\n<meta property=\"og:type\" content=\"article\" \/>\n<meta property=\"og:title\" content=\"Paseo del Prado. Madrid: Postal de 1964. Postales antiguas (colecci\u00f3n particular). - Blog de Rafael Ram\u00edrez\" \/>\n<meta property=\"og:description\" content=\"Esta es una postal errada, en su reverso describe la imagen como \u00abSal\u00f3n del Prado\u00bb en vez de \u00abPaseo del Prado\u00bb. La postal est\u00e1 fechada el 17\/01\/1964. Debajo de las fotograf\u00edas os dejo informaci\u00f3n sobre este paseo madrile\u00f1o y su historia. Informaci\u00f3n impresa en la postal:\u00a0 18 \u2013 MADRID Sal\u00f3n del Prado. Prado Walk. Promenade [&hellip;]\" \/>\n<meta property=\"og:url\" content=\"https:\/\/rafaramirez.org\/blog\/index.php\/2024\/07\/09\/paseo-del-prado-madrid-postal-1964\/\" \/>\n<meta property=\"og:site_name\" content=\"Blog de Rafael Ram\u00edrez\" \/>\n<meta property=\"article:published_time\" content=\"2024-07-09T06:15:08+00:00\" \/>\n<meta property=\"og:image\" content=\"https:\/\/rafaramirez.org\/blog\/wp-content\/uploads\/2024\/07\/postal_vintage_Paseo_del_Prado_bannerlogblog.jpg\" \/>\n\t<meta property=\"og:image:width\" content=\"750\" \/>\n\t<meta property=\"og:image:height\" content=\"400\" \/>\n\t<meta property=\"og:image:type\" content=\"image\/jpeg\" \/>\n<meta name=\"author\" content=\"Rafael Ram\u00edrez\" \/>\n<meta name=\"twitter:card\" content=\"summary_large_image\" \/>\n<meta name=\"twitter:creator\" content=\"@rafaramirez_ok\" \/>\n<meta name=\"twitter:site\" content=\"@rafaramirez_ok\" \/>\n<meta name=\"twitter:label1\" content=\"Escrito por\" \/>\n\t<meta name=\"twitter:data1\" content=\"Rafael Ram\u00edrez\" \/>\n\t<meta name=\"twitter:label2\" content=\"Tiempo de lectura\" \/>\n\t<meta name=\"twitter:data2\" content=\"3 minutos\" \/>\n<script type=\"application\/ld+json\" class=\"yoast-schema-graph\">{\"@context\":\"https:\\\/\\\/schema.org\",\"@graph\":[{\"@type\":\"Article\",\"@id\":\"https:\\\/\\\/rafaramirez.org\\\/blog\\\/index.php\\\/2024\\\/07\\\/09\\\/paseo-del-prado-madrid-postal-1964\\\/#article\",\"isPartOf\":{\"@id\":\"https:\\\/\\\/rafaramirez.org\\\/blog\\\/index.php\\\/2024\\\/07\\\/09\\\/paseo-del-prado-madrid-postal-1964\\\/\"},\"author\":{\"name\":\"Rafael Ram\u00edrez\",\"@id\":\"https:\\\/\\\/rafaramirez.org\\\/blog\\\/#\\\/schema\\\/person\\\/50f43b6d60c578760d4c17bda54ab6a5\"},\"headline\":\"Paseo del Prado. Madrid: Postal de 1964. Postales antiguas (colecci\u00f3n particular).\",\"datePublished\":\"2024-07-09T06:15:08+00:00\",\"mainEntityOfPage\":{\"@id\":\"https:\\\/\\\/rafaramirez.org\\\/blog\\\/index.php\\\/2024\\\/07\\\/09\\\/paseo-del-prado-madrid-postal-1964\\\/\"},\"wordCount\":511,\"commentCount\":0,\"publisher\":{\"@id\":\"https:\\\/\\\/rafaramirez.org\\\/blog\\\/#\\\/schema\\\/person\\\/50f43b6d60c578760d4c17bda54ab6a5\"},\"image\":{\"@id\":\"https:\\\/\\\/rafaramirez.org\\\/blog\\\/index.php\\\/2024\\\/07\\\/09\\\/paseo-del-prado-madrid-postal-1964\\\/#primaryimage\"},\"thumbnailUrl\":\"https:\\\/\\\/rafaramirez.org\\\/blog\\\/wp-content\\\/uploads\\\/2024\\\/07\\\/postal_vintage_Paseo_del_Prado_bannerlogblog.jpg\",\"keywords\":[\"Apolo\",\"Barrio de los Jer\u00f3nimos\",\"Castellana\",\"Centro de Arte Reina Sof\u00eda\",\"Cibeles\",\"destacado\",\"Edificio Villanueva\",\"emigrantes\",\"emigrantes espa\u00f1oles\",\"Felipe II\",\"fotograf\u00eda vintage\",\"fotos vintage\",\"Glorieta de Atocha\",\"Madrid\",\"Museo del Prado\",\"Museo Thyssen-Bornemisza\",\"Neptuno\",\"Paisaje de la Luz\",\"Parque del Retiro\",\"Paseo del Prado\",\"Patrimonio de la Humanidad\",\"Plaza de Cibeles\",\"Plaza del Emperador Carlos V\",\"postales antiguas\",\"postales vintage\",\"Real Jard\u00edn Bot\u00e1nico\",\"Recoletos\",\"siglo XVI\",\"UNESCO\",\"vintage\"],\"articleSection\":[\"Vintage\"],\"inLanguage\":\"es\",\"potentialAction\":[{\"@type\":\"CommentAction\",\"name\":\"Comment\",\"target\":[\"https:\\\/\\\/rafaramirez.org\\\/blog\\\/index.php\\\/2024\\\/07\\\/09\\\/paseo-del-prado-madrid-postal-1964\\\/#respond\"]}]},{\"@type\":\"WebPage\",\"@id\":\"https:\\\/\\\/rafaramirez.org\\\/blog\\\/index.php\\\/2024\\\/07\\\/09\\\/paseo-del-prado-madrid-postal-1964\\\/\",\"url\":\"https:\\\/\\\/rafaramirez.org\\\/blog\\\/index.php\\\/2024\\\/07\\\/09\\\/paseo-del-prado-madrid-postal-1964\\\/\",\"name\":\"Paseo del Prado. Madrid: Postal de 1964. Postales antiguas (colecci\u00f3n particular). - Blog de Rafael Ram\u00edrez\",\"isPartOf\":{\"@id\":\"https:\\\/\\\/rafaramirez.org\\\/blog\\\/#website\"},\"primaryImageOfPage\":{\"@id\":\"https:\\\/\\\/rafaramirez.org\\\/blog\\\/index.php\\\/2024\\\/07\\\/09\\\/paseo-del-prado-madrid-postal-1964\\\/#primaryimage\"},\"image\":{\"@id\":\"https:\\\/\\\/rafaramirez.org\\\/blog\\\/index.php\\\/2024\\\/07\\\/09\\\/paseo-del-prado-madrid-postal-1964\\\/#primaryimage\"},\"thumbnailUrl\":\"https:\\\/\\\/rafaramirez.org\\\/blog\\\/wp-content\\\/uploads\\\/2024\\\/07\\\/postal_vintage_Paseo_del_Prado_bannerlogblog.jpg\",\"datePublished\":\"2024-07-09T06:15:08+00:00\",\"breadcrumb\":{\"@id\":\"https:\\\/\\\/rafaramirez.org\\\/blog\\\/index.php\\\/2024\\\/07\\\/09\\\/paseo-del-prado-madrid-postal-1964\\\/#breadcrumb\"},\"inLanguage\":\"es\",\"potentialAction\":[{\"@type\":\"ReadAction\",\"target\":[\"https:\\\/\\\/rafaramirez.org\\\/blog\\\/index.php\\\/2024\\\/07\\\/09\\\/paseo-del-prado-madrid-postal-1964\\\/\"]}]},{\"@type\":\"ImageObject\",\"inLanguage\":\"es\",\"@id\":\"https:\\\/\\\/rafaramirez.org\\\/blog\\\/index.php\\\/2024\\\/07\\\/09\\\/paseo-del-prado-madrid-postal-1964\\\/#primaryimage\",\"url\":\"https:\\\/\\\/rafaramirez.org\\\/blog\\\/wp-content\\\/uploads\\\/2024\\\/07\\\/postal_vintage_Paseo_del_Prado_bannerlogblog.jpg\",\"contentUrl\":\"https:\\\/\\\/rafaramirez.org\\\/blog\\\/wp-content\\\/uploads\\\/2024\\\/07\\\/postal_vintage_Paseo_del_Prado_bannerlogblog.jpg\",\"width\":750,\"height\":400,\"caption\":\"Paseo del Prado. Madrid - Postal (1964). Blog de Rafael Ram\u00edrez.\"},{\"@type\":\"BreadcrumbList\",\"@id\":\"https:\\\/\\\/rafaramirez.org\\\/blog\\\/index.php\\\/2024\\\/07\\\/09\\\/paseo-del-prado-madrid-postal-1964\\\/#breadcrumb\",\"itemListElement\":[{\"@type\":\"ListItem\",\"position\":1,\"name\":\"Portada\",\"item\":\"https:\\\/\\\/rafaramirez.org\\\/blog\\\/\"},{\"@type\":\"ListItem\",\"position\":2,\"name\":\"Paseo del Prado. Madrid: Postal de 1964. Postales antiguas (colecci\u00f3n particular).\"}]},{\"@type\":\"WebSite\",\"@id\":\"https:\\\/\\\/rafaramirez.org\\\/blog\\\/#website\",\"url\":\"https:\\\/\\\/rafaramirez.org\\\/blog\\\/\",\"name\":\"Blog de Rafael Ram\u00edrez\",\"description\":\"Un sitio social, de arte y cultura\",\"publisher\":{\"@id\":\"https:\\\/\\\/rafaramirez.org\\\/blog\\\/#\\\/schema\\\/person\\\/50f43b6d60c578760d4c17bda54ab6a5\"},\"potentialAction\":[{\"@type\":\"SearchAction\",\"target\":{\"@type\":\"EntryPoint\",\"urlTemplate\":\"https:\\\/\\\/rafaramirez.org\\\/blog\\\/?s={search_term_string}\"},\"query-input\":{\"@type\":\"PropertyValueSpecification\",\"valueRequired\":true,\"valueName\":\"search_term_string\"}}],\"inLanguage\":\"es\"},{\"@type\":[\"Person\",\"Organization\"],\"@id\":\"https:\\\/\\\/rafaramirez.org\\\/blog\\\/#\\\/schema\\\/person\\\/50f43b6d60c578760d4c17bda54ab6a5\",\"name\":\"Rafael Ram\u00edrez\",\"image\":{\"@type\":\"ImageObject\",\"inLanguage\":\"es\",\"@id\":\"https:\\\/\\\/rafaramirez.org\\\/blog\\\/wp-content\\\/uploads\\\/2024\\\/09\\\/RR_socialnetwork.jpg\",\"url\":\"https:\\\/\\\/rafaramirez.org\\\/blog\\\/wp-content\\\/uploads\\\/2024\\\/09\\\/RR_socialnetwork.jpg\",\"contentUrl\":\"https:\\\/\\\/rafaramirez.org\\\/blog\\\/wp-content\\\/uploads\\\/2024\\\/09\\\/RR_socialnetwork.jpg\",\"width\":600,\"height\":606,\"caption\":\"Rafael Ram\u00edrez\"},\"logo\":{\"@id\":\"https:\\\/\\\/rafaramirez.org\\\/blog\\\/wp-content\\\/uploads\\\/2024\\\/09\\\/RR_socialnetwork.jpg\"},\"sameAs\":[\"https:\\\/\\\/www.rafaramirez.org\\\/blog\",\"https:\\\/\\\/www.instagram.com\\\/rafaramirez_ok\\\/\",\"https:\\\/\\\/es.pinterest.com\\\/Ramirez_Rafa\\\/\",\"https:\\\/\\\/x.com\\\/rafaramirez_ok\"],\"url\":\"https:\\\/\\\/rafaramirez.org\\\/blog\\\/index.php\\\/author\\\/rafaell_qm6j97da\\\/\"}]}<\/script>\n<!-- \/ Yoast SEO plugin. -->","yoast_head_json":{"title":"Paseo del Prado. Madrid: Postal de 1964. Postales antiguas (colecci\u00f3n particular). - Blog de Rafael Ram\u00edrez","robots":{"index":"index","follow":"follow","max-snippet":"max-snippet:-1","max-image-preview":"max-image-preview:large","max-video-preview":"max-video-preview:-1"},"canonical":"https:\/\/rafaramirez.org\/blog\/index.php\/2024\/07\/09\/paseo-del-prado-madrid-postal-1964\/","og_locale":"es_ES","og_type":"article","og_title":"Paseo del Prado. Madrid: Postal de 1964. Postales antiguas (colecci\u00f3n particular). - Blog de Rafael Ram\u00edrez","og_description":"Esta es una postal errada, en su reverso describe la imagen como \u00abSal\u00f3n del Prado\u00bb en vez de \u00abPaseo del Prado\u00bb. La postal est\u00e1 fechada el 17\/01\/1964. Debajo de las fotograf\u00edas os dejo informaci\u00f3n sobre este paseo madrile\u00f1o y su historia. Informaci\u00f3n impresa en la postal:\u00a0 18 \u2013 MADRID Sal\u00f3n del Prado. Prado Walk. Promenade [&hellip;]","og_url":"https:\/\/rafaramirez.org\/blog\/index.php\/2024\/07\/09\/paseo-del-prado-madrid-postal-1964\/","og_site_name":"Blog de Rafael Ram\u00edrez","article_published_time":"2024-07-09T06:15:08+00:00","og_image":[{"width":750,"height":400,"url":"https:\/\/rafaramirez.org\/blog\/wp-content\/uploads\/2024\/07\/postal_vintage_Paseo_del_Prado_bannerlogblog.jpg","type":"image\/jpeg"}],"author":"Rafael Ram\u00edrez","twitter_card":"summary_large_image","twitter_creator":"@rafaramirez_ok","twitter_site":"@rafaramirez_ok","twitter_misc":{"Escrito por":"Rafael Ram\u00edrez","Tiempo de lectura":"3 minutos"},"schema":{"@context":"https:\/\/schema.org","@graph":[{"@type":"Article","@id":"https:\/\/rafaramirez.org\/blog\/index.php\/2024\/07\/09\/paseo-del-prado-madrid-postal-1964\/#article","isPartOf":{"@id":"https:\/\/rafaramirez.org\/blog\/index.php\/2024\/07\/09\/paseo-del-prado-madrid-postal-1964\/"},"author":{"name":"Rafael Ram\u00edrez","@id":"https:\/\/rafaramirez.org\/blog\/#\/schema\/person\/50f43b6d60c578760d4c17bda54ab6a5"},"headline":"Paseo del Prado. Madrid: Postal de 1964. Postales antiguas (colecci\u00f3n particular).","datePublished":"2024-07-09T06:15:08+00:00","mainEntityOfPage":{"@id":"https:\/\/rafaramirez.org\/blog\/index.php\/2024\/07\/09\/paseo-del-prado-madrid-postal-1964\/"},"wordCount":511,"commentCount":0,"publisher":{"@id":"https:\/\/rafaramirez.org\/blog\/#\/schema\/person\/50f43b6d60c578760d4c17bda54ab6a5"},"image":{"@id":"https:\/\/rafaramirez.org\/blog\/index.php\/2024\/07\/09\/paseo-del-prado-madrid-postal-1964\/#primaryimage"},"thumbnailUrl":"https:\/\/rafaramirez.org\/blog\/wp-content\/uploads\/2024\/07\/postal_vintage_Paseo_del_Prado_bannerlogblog.jpg","keywords":["Apolo","Barrio de los Jer\u00f3nimos","Castellana","Centro de Arte Reina Sof\u00eda","Cibeles","destacado","Edificio Villanueva","emigrantes","emigrantes espa\u00f1oles","Felipe II","fotograf\u00eda vintage","fotos vintage","Glorieta de Atocha","Madrid","Museo del Prado","Museo Thyssen-Bornemisza","Neptuno","Paisaje de la Luz","Parque del Retiro","Paseo del Prado","Patrimonio de la Humanidad","Plaza de Cibeles","Plaza del Emperador Carlos V","postales antiguas","postales vintage","Real Jard\u00edn Bot\u00e1nico","Recoletos","siglo XVI","UNESCO","vintage"],"articleSection":["Vintage"],"inLanguage":"es","potentialAction":[{"@type":"CommentAction","name":"Comment","target":["https:\/\/rafaramirez.org\/blog\/index.php\/2024\/07\/09\/paseo-del-prado-madrid-postal-1964\/#respond"]}]},{"@type":"WebPage","@id":"https:\/\/rafaramirez.org\/blog\/index.php\/2024\/07\/09\/paseo-del-prado-madrid-postal-1964\/","url":"https:\/\/rafaramirez.org\/blog\/index.php\/2024\/07\/09\/paseo-del-prado-madrid-postal-1964\/","name":"Paseo del Prado. Madrid: Postal de 1964. Postales antiguas (colecci\u00f3n particular). - Blog de Rafael Ram\u00edrez","isPartOf":{"@id":"https:\/\/rafaramirez.org\/blog\/#website"},"primaryImageOfPage":{"@id":"https:\/\/rafaramirez.org\/blog\/index.php\/2024\/07\/09\/paseo-del-prado-madrid-postal-1964\/#primaryimage"},"image":{"@id":"https:\/\/rafaramirez.org\/blog\/index.php\/2024\/07\/09\/paseo-del-prado-madrid-postal-1964\/#primaryimage"},"thumbnailUrl":"https:\/\/rafaramirez.org\/blog\/wp-content\/uploads\/2024\/07\/postal_vintage_Paseo_del_Prado_bannerlogblog.jpg","datePublished":"2024-07-09T06:15:08+00:00","breadcrumb":{"@id":"https:\/\/rafaramirez.org\/blog\/index.php\/2024\/07\/09\/paseo-del-prado-madrid-postal-1964\/#breadcrumb"},"inLanguage":"es","potentialAction":[{"@type":"ReadAction","target":["https:\/\/rafaramirez.org\/blog\/index.php\/2024\/07\/09\/paseo-del-prado-madrid-postal-1964\/"]}]},{"@type":"ImageObject","inLanguage":"es","@id":"https:\/\/rafaramirez.org\/blog\/index.php\/2024\/07\/09\/paseo-del-prado-madrid-postal-1964\/#primaryimage","url":"https:\/\/rafaramirez.org\/blog\/wp-content\/uploads\/2024\/07\/postal_vintage_Paseo_del_Prado_bannerlogblog.jpg","contentUrl":"https:\/\/rafaramirez.org\/blog\/wp-content\/uploads\/2024\/07\/postal_vintage_Paseo_del_Prado_bannerlogblog.jpg","width":750,"height":400,"caption":"Paseo del Prado. Madrid - Postal (1964). Blog de Rafael Ram\u00edrez."},{"@type":"BreadcrumbList","@id":"https:\/\/rafaramirez.org\/blog\/index.php\/2024\/07\/09\/paseo-del-prado-madrid-postal-1964\/#breadcrumb","itemListElement":[{"@type":"ListItem","position":1,"name":"Portada","item":"https:\/\/rafaramirez.org\/blog\/"},{"@type":"ListItem","position":2,"name":"Paseo del Prado. Madrid: Postal de 1964. Postales antiguas (colecci\u00f3n particular)."}]},{"@type":"WebSite","@id":"https:\/\/rafaramirez.org\/blog\/#website","url":"https:\/\/rafaramirez.org\/blog\/","name":"Blog de Rafael Ram\u00edrez","description":"Un sitio social, de arte y cultura","publisher":{"@id":"https:\/\/rafaramirez.org\/blog\/#\/schema\/person\/50f43b6d60c578760d4c17bda54ab6a5"},"potentialAction":[{"@type":"SearchAction","target":{"@type":"EntryPoint","urlTemplate":"https:\/\/rafaramirez.org\/blog\/?s={search_term_string}"},"query-input":{"@type":"PropertyValueSpecification","valueRequired":true,"valueName":"search_term_string"}}],"inLanguage":"es"},{"@type":["Person","Organization"],"@id":"https:\/\/rafaramirez.org\/blog\/#\/schema\/person\/50f43b6d60c578760d4c17bda54ab6a5","name":"Rafael Ram\u00edrez","image":{"@type":"ImageObject","inLanguage":"es","@id":"https:\/\/rafaramirez.org\/blog\/wp-content\/uploads\/2024\/09\/RR_socialnetwork.jpg","url":"https:\/\/rafaramirez.org\/blog\/wp-content\/uploads\/2024\/09\/RR_socialnetwork.jpg","contentUrl":"https:\/\/rafaramirez.org\/blog\/wp-content\/uploads\/2024\/09\/RR_socialnetwork.jpg","width":600,"height":606,"caption":"Rafael Ram\u00edrez"},"logo":{"@id":"https:\/\/rafaramirez.org\/blog\/wp-content\/uploads\/2024\/09\/RR_socialnetwork.jpg"},"sameAs":["https:\/\/www.rafaramirez.org\/blog","https:\/\/www.instagram.com\/rafaramirez_ok\/","https:\/\/es.pinterest.com\/Ramirez_Rafa\/","https:\/\/x.com\/rafaramirez_ok"],"url":"https:\/\/rafaramirez.org\/blog\/index.php\/author\/rafaell_qm6j97da\/"}]}},"jetpack_publicize_connections":[],"jetpack_sharing_enabled":true,"jetpack_likes_enabled":true,"jetpack_featured_media_url":"https:\/\/rafaramirez.org\/blog\/wp-content\/uploads\/2024\/07\/postal_vintage_Paseo_del_Prado_bannerlogblog.jpg","_links":{"self":[{"href":"https:\/\/rafaramirez.org\/blog\/index.php\/wp-json\/wp\/v2\/posts\/1228","targetHints":{"allow":["GET"]}}],"collection":[{"href":"https:\/\/rafaramirez.org\/blog\/index.php\/wp-json\/wp\/v2\/posts"}],"about":[{"href":"https:\/\/rafaramirez.org\/blog\/index.php\/wp-json\/wp\/v2\/types\/post"}],"author":[{"embeddable":true,"href":"https:\/\/rafaramirez.org\/blog\/index.php\/wp-json\/wp\/v2\/users\/1"}],"replies":[{"embeddable":true,"href":"https:\/\/rafaramirez.org\/blog\/index.php\/wp-json\/wp\/v2\/comments?post=1228"}],"version-history":[{"count":6,"href":"https:\/\/rafaramirez.org\/blog\/index.php\/wp-json\/wp\/v2\/posts\/1228\/revisions"}],"predecessor-version":[{"id":4980,"href":"https:\/\/rafaramirez.org\/blog\/index.php\/wp-json\/wp\/v2\/posts\/1228\/revisions\/4980"}],"wp:featuredmedia":[{"embeddable":true,"href":"https:\/\/rafaramirez.org\/blog\/index.php\/wp-json\/wp\/v2\/media\/4978"}],"wp:attachment":[{"href":"https:\/\/rafaramirez.org\/blog\/index.php\/wp-json\/wp\/v2\/media?parent=1228"}],"wp:term":[{"taxonomy":"category","embeddable":true,"href":"https:\/\/rafaramirez.org\/blog\/index.php\/wp-json\/wp\/v2\/categories?post=1228"},{"taxonomy":"post_tag","embeddable":true,"href":"https:\/\/rafaramirez.org\/blog\/index.php\/wp-json\/wp\/v2\/tags?post=1228"}],"curies":[{"name":"wp","href":"https:\/\/api.w.org\/{rel}","templated":true}]}}