{"id":1225,"date":"2009-12-14T12:01:42","date_gmt":"2009-12-14T11:01:42","guid":{"rendered":"http:\/\/rafaelramirez.co.cc\/?p=731"},"modified":"2024-11-06T12:06:00","modified_gmt":"2024-11-06T11:06:00","slug":"nada-carmen-laforet","status":"publish","type":"post","link":"https:\/\/rafaramirez.org\/blog\/index.php\/2009\/12\/14\/nada-carmen-laforet\/","title":{"rendered":"\u00abNada\u00bb de Carmen Laforet: novela fundamental de la literatura espa\u00f1ola."},"content":{"rendered":"<figure id=\"attachment_732\" aria-describedby=\"caption-attachment-732\" style=\"width: 197px\" class=\"wp-caption aligncenter\"><a href=\"https:\/\/rafaramirez.org\/blog\/wp-content\/uploads\/2009\/12\/nada_carmenlaforet-197x300.jpg\" target=\"_blank\" rel=\"noopener\"><img loading=\"lazy\" decoding=\"async\" class=\"wp-image-732 size-medium\" title=\"&quot;Nada&quot; de Carmen Laforet. Blog de Rafael Ram\u00edrez.\" src=\"https:\/\/rafaramirez.org\/blog\/wp-content\/uploads\/2009\/12\/nada_carmenlaforet-197x300.jpg\" alt=\"&quot;Nada&quot; de Carmen Laforet. Blog de Rafael Ram\u00edrez.\" width=\"197\" height=\"300\" \/><\/a><figcaption id=\"caption-attachment-732\" class=\"wp-caption-text\">Portada del libro \u00abNada\u00bb de Carmen Laforet. Blog de Rafael Ram\u00edrez.<\/figcaption><\/figure>\n<p>Es esta una hermosa novela, escrita con maestr\u00eda. Publicada en 1944, la autora hace un retrato de la posguerra espa\u00f1ola desde la posguerra. Fue el primer libro de <strong>Carmen Laforet<\/strong> y con tan s\u00f3lo 23 a\u00f1os la hizo <strong>ganadora del premio Nadal<\/strong> de ese a\u00f1o. <em><strong>Nada<\/strong><\/em> consagr\u00f3 a la joven literata e influy\u00f3 en gran manera en los escritores de su generaci\u00f3n.<\/p>\n<p>Relatada en primera persona con soltura y frescura, \u00a0Laforet se sirve de la historia para mostrarnos una <strong>burgues\u00eda en decadencia<\/strong>, el paso forzado de la juventud a la madurez y la dif\u00edcil convivencia entre <strong>las miserias y la soledad de una \u00e9poca<\/strong>.<\/p>\n<p><em><strong>Nada<\/strong><\/em> es, sin duda, considerada una <strong>obra cl\u00e1sica y fundamental de la literatura espa\u00f1ola<\/strong> contempor\u00e1nea, una de las m\u00e1s importantes del siglo XX. As\u00ed que si a\u00fan no has tenido la oportunidad de leerla, an\u00edmate a hacerlo.<\/p>\n<h3><em><strong>Sinopsis<\/strong><\/em><\/h3>\n<p>Andrea llega a la ciudad con la intenci\u00f3n de estudiar Letras y se instala en casa de su abuela. Los gratos recuerdos de la Barcelona de su infancia y de su familia materna se desintegran al percibir la miseria que carcome a los grotescos personajes de la posguerra con los que se ve obligada a vivir. En la amistad de Ena, compa\u00f1era de la Facultad, halla cierto consuelo; sin embargo, la constataci\u00f3n de que su entorno familiar y el universitario guardan un morboso v\u00ednculo com\u00fan acaba sumiendo a la protagonista en una turbadora confusi\u00f3n.<\/p>\n<blockquote><p><strong>Nada<\/strong><\/p>\n<p><strong><em>Autora:<\/em><\/strong> Carmen Laforet<\/p>\n<p><em><strong>Editorial:<\/strong><\/em> Booket<\/p>\n<p><strong><em>ISBN:<\/em><\/strong> 978-84-233-4062-0<\/p>\n<p><em><strong>P\u00e1ginas:<\/strong><\/em> 300<\/p><\/blockquote>\n<h3><em><strong>Sobre su autora.\u00a0<\/strong><\/em><\/h3>\n<p>Carmen Laforet fue una destacada escritora espa\u00f1ola nacida el 6 de septiembre de 1921 en Barcelona y fallecida el 28 de febrero de 2004 en Majadahonda.\u00a0Es conocida principalmente por su novela\u00a0<strong>\u201cNada\u201d<\/strong>, que hoy te presento y que como te he contado anteriormente, gan\u00f3 el primer Premio Nadal en 1944.\u00a0Esta obra es considerada, sin duda, una de las grandes novelas de la literatura espa\u00f1ola del siglo XX y un referente del realismo literario de posguerra.<\/p>\n<p>Laforet pas\u00f3 gran parte de su infancia y adolescencia en Las Palmas de Gran Canaria, adonde se traslad\u00f3 con su familia cuando ten\u00eda dos a\u00f1os. Asimismo, estudi\u00f3 Filosof\u00eda y Letras en Barcelona y luego Derecho en Madrid, aunque no termin\u00f3 ninguna de las dos carreras. Su oficio literario despeg\u00f3 con la publicaci\u00f3n de \u201cNada\u201d, que tuvo un gran \u00e9xito de cr\u00edtica y p\u00fablico.<\/p>\n<p>Adem\u00e1s de \u201cNada\u201d, escribi\u00f3 otras novelas importantes como\u00a0<strong>\u201cLa isla y los demonios\u201d<\/strong>\u00a0(1952),\u00a0<strong>\u201cLa mujer nueva\u201d<\/strong>\u00a0(1955), y\u00a0<strong>\u201cLa insolaci\u00f3n\u201d<\/strong> (1963).\u00a0Su obra se caracteriza por un estilo introspectivo y una profunda exploraci\u00f3n de la realidad social y emocional de sus personajes.<\/p>\n<p>M\u00e1s informaci\u00f3n:<\/p>\n<ul>\n<li><a href=\"https:\/\/es.wikipedia.org\/wiki\/Carmen_Laforet\" target=\"_blank\" rel=\"noopener\">Wikipedia<\/a>.<\/li>\n<li><a href=\"https:\/\/www.lecturalia.com\/autor\/1009\/carmen-laforet\" target=\"_blank\" rel=\"noopener\">Lecturalia<\/a>.<\/li>\n<li><a href=\"https:\/\/historiauniversal.org\/carmen-laforet\/\" target=\"_blank\" rel=\"noopener\">Historia Universal<\/a>.<\/li>\n<li><a href=\"https:\/\/www.google.com\/search?q=comprar+%22Nada%22+de+Carmen+Laforet\" target=\"_blank\" rel=\"noopener\">D\u00f3nde comprar \u00abNada\u00bb de Carmen Laforet<\/a>.<\/li>\n<li><a href=\"https:\/\/rafaramirez.org\/blog\/index.php\/category\/arte\/literatura\/\" target=\"_blank\" rel=\"noopener\">M\u00e1s recomendaciones de lectura<\/a>.<\/li>\n<\/ul>\n","protected":false},"excerpt":{"rendered":"<p>Es esta una hermosa novela, escrita con maestr\u00eda. Publicada en 1944, la autora hace un retrato de la posguerra espa\u00f1ola desde la posguerra. Fue el primer libro de Carmen Laforet y con tan s\u00f3lo 23 a\u00f1os la hizo ganadora del premio Nadal de ese a\u00f1o. Nada consagr\u00f3 a la joven literata e influy\u00f3 en gran [&hellip;]<\/p>\n","protected":false},"author":1,"featured_media":2665,"comment_status":"open","ping_status":"closed","sticky":false,"template":"","format":"standard","meta":{"site-container-style":"default","site-container-layout":"default","site-sidebar-layout":"default","disable-article-header":"default","disable-site-header":"default","disable-site-footer":"default","disable-content-area-spacing":"default","_jetpack_newsletter_access":"","_jetpack_dont_email_post_to_subs":false,"_jetpack_newsletter_tier_id":0,"_jetpack_memberships_contains_paywalled_content":false,"_jetpack_feature_clip_id":0,"_jetpack_memberships_contains_paid_content":false,"footnotes":"","jetpack_publicize_message":"","jetpack_publicize_feature_enabled":true,"jetpack_social_post_already_shared":true,"jetpack_social_options":{"image_generator_settings":{"template":"highway","default_image_id":0,"font":"","enabled":false},"version":2},"jetpack_post_was_ever_published":false},"categories":[710],"tags":[68,650,1470,1585,3610,264,649,594],"class_list":["post-1225","post","type-post","status-publish","format-standard","has-post-thumbnail","hentry","category-literatura","tag-blog-de-rafael-ramirez","tag-carmen-laforet","tag-critica-libro","tag-critica-literaria","tag-lectura-recomendada","tag-libro-recomendado","tag-nada-de-carmen-laforet","tag-premio-nadal"],"yoast_head":"<!-- This site is optimized with the Yoast SEO plugin v28.4 - https:\/\/yoast.com\/product\/yoast-seo-wordpress\/ -->\n<title>&quot;Nada&quot; de Carmen Laforet: novela fundamental de la literatura espa\u00f1ola. - Blog de Rafael Ram\u00edrez<\/title>\n<meta name=\"description\" content=\"Es esta una hermosa novela, escrita con maestr\u00eda. &quot;Nada&quot; de Carmen Laforet, hace un retrato de la posguerra espa\u00f1ola desde la posguerra.\" \/>\n<meta name=\"robots\" content=\"index, follow, max-snippet:-1, max-image-preview:large, max-video-preview:-1\" \/>\n<link rel=\"canonical\" href=\"https:\/\/rafaramirez.org\/blog\/index.php\/2009\/12\/14\/nada-carmen-laforet\/\" \/>\n<meta property=\"og:locale\" content=\"es_ES\" \/>\n<meta property=\"og:type\" content=\"article\" \/>\n<meta property=\"og:title\" content=\"&quot;Nada&quot; de Carmen Laforet: novela fundamental de la literatura espa\u00f1ola. - Blog de Rafael Ram\u00edrez\" \/>\n<meta property=\"og:description\" content=\"Es esta una hermosa novela, escrita con maestr\u00eda. &quot;Nada&quot; de Carmen Laforet, hace un retrato de la posguerra espa\u00f1ola desde la posguerra.\" \/>\n<meta property=\"og:url\" content=\"https:\/\/rafaramirez.org\/blog\/index.php\/2009\/12\/14\/nada-carmen-laforet\/\" \/>\n<meta property=\"og:site_name\" content=\"Blog de Rafael Ram\u00edrez\" \/>\n<meta property=\"article:published_time\" content=\"2009-12-14T11:01:42+00:00\" \/>\n<meta property=\"article:modified_time\" content=\"2024-11-06T11:06:00+00:00\" \/>\n<meta property=\"og:image\" content=\"https:\/\/rafaramirez.org\/blog\/wp-content\/uploads\/2009\/12\/carmen-laforet-reduc.jpg\" \/>\n\t<meta property=\"og:image:width\" content=\"700\" \/>\n\t<meta property=\"og:image:height\" content=\"394\" \/>\n\t<meta property=\"og:image:type\" content=\"image\/jpeg\" \/>\n<meta name=\"author\" content=\"Rafael Ram\u00edrez\" \/>\n<meta name=\"twitter:card\" content=\"summary_large_image\" \/>\n<meta name=\"twitter:creator\" content=\"@rafaramirez_ok\" \/>\n<meta name=\"twitter:site\" content=\"@rafaramirez_ok\" \/>\n<meta name=\"twitter:label1\" content=\"Escrito por\" \/>\n\t<meta name=\"twitter:data1\" content=\"Rafael Ram\u00edrez\" \/>\n\t<meta name=\"twitter:label2\" content=\"Tiempo de lectura\" \/>\n\t<meta name=\"twitter:data2\" content=\"3 minutos\" \/>\n<script type=\"application\/ld+json\" class=\"yoast-schema-graph\">{\"@context\":\"https:\\\/\\\/schema.org\",\"@graph\":[{\"@type\":\"Article\",\"@id\":\"https:\\\/\\\/rafaramirez.org\\\/blog\\\/index.php\\\/2009\\\/12\\\/14\\\/nada-carmen-laforet\\\/#article\",\"isPartOf\":{\"@id\":\"https:\\\/\\\/rafaramirez.org\\\/blog\\\/index.php\\\/2009\\\/12\\\/14\\\/nada-carmen-laforet\\\/\"},\"author\":{\"name\":\"Rafael Ram\u00edrez\",\"@id\":\"https:\\\/\\\/rafaramirez.org\\\/blog\\\/#\\\/schema\\\/person\\\/50f43b6d60c578760d4c17bda54ab6a5\"},\"headline\":\"\u00abNada\u00bb de Carmen Laforet: novela fundamental de la literatura espa\u00f1ola.\",\"datePublished\":\"2009-12-14T11:01:42+00:00\",\"dateModified\":\"2024-11-06T11:06:00+00:00\",\"mainEntityOfPage\":{\"@id\":\"https:\\\/\\\/rafaramirez.org\\\/blog\\\/index.php\\\/2009\\\/12\\\/14\\\/nada-carmen-laforet\\\/\"},\"wordCount\":506,\"commentCount\":2,\"publisher\":{\"@id\":\"https:\\\/\\\/rafaramirez.org\\\/blog\\\/#\\\/schema\\\/person\\\/50f43b6d60c578760d4c17bda54ab6a5\"},\"image\":{\"@id\":\"https:\\\/\\\/rafaramirez.org\\\/blog\\\/index.php\\\/2009\\\/12\\\/14\\\/nada-carmen-laforet\\\/#primaryimage\"},\"thumbnailUrl\":\"https:\\\/\\\/rafaramirez.org\\\/blog\\\/wp-content\\\/uploads\\\/2009\\\/12\\\/carmen-laforet-reduc.jpg\",\"keywords\":[\"blog de Rafael Ram\u00edrez\",\"Carmen Laforet\",\"critica libro\",\"cr\u00edtica literaria\",\"lectura recomendada\",\"libro recomendado\",\"Nada de Carmen Laforet\",\"Premio Nadal\"],\"articleSection\":[\"Literatura\"],\"inLanguage\":\"es\",\"potentialAction\":[{\"@type\":\"CommentAction\",\"name\":\"Comment\",\"target\":[\"https:\\\/\\\/rafaramirez.org\\\/blog\\\/index.php\\\/2009\\\/12\\\/14\\\/nada-carmen-laforet\\\/#respond\"]}]},{\"@type\":\"WebPage\",\"@id\":\"https:\\\/\\\/rafaramirez.org\\\/blog\\\/index.php\\\/2009\\\/12\\\/14\\\/nada-carmen-laforet\\\/\",\"url\":\"https:\\\/\\\/rafaramirez.org\\\/blog\\\/index.php\\\/2009\\\/12\\\/14\\\/nada-carmen-laforet\\\/\",\"name\":\"\\\"Nada\\\" de Carmen Laforet: novela fundamental de la literatura espa\u00f1ola. - Blog de Rafael Ram\u00edrez\",\"isPartOf\":{\"@id\":\"https:\\\/\\\/rafaramirez.org\\\/blog\\\/#website\"},\"primaryImageOfPage\":{\"@id\":\"https:\\\/\\\/rafaramirez.org\\\/blog\\\/index.php\\\/2009\\\/12\\\/14\\\/nada-carmen-laforet\\\/#primaryimage\"},\"image\":{\"@id\":\"https:\\\/\\\/rafaramirez.org\\\/blog\\\/index.php\\\/2009\\\/12\\\/14\\\/nada-carmen-laforet\\\/#primaryimage\"},\"thumbnailUrl\":\"https:\\\/\\\/rafaramirez.org\\\/blog\\\/wp-content\\\/uploads\\\/2009\\\/12\\\/carmen-laforet-reduc.jpg\",\"datePublished\":\"2009-12-14T11:01:42+00:00\",\"dateModified\":\"2024-11-06T11:06:00+00:00\",\"description\":\"Es esta una hermosa novela, escrita con maestr\u00eda. \\\"Nada\\\" de Carmen Laforet, hace un retrato de la posguerra espa\u00f1ola desde la posguerra.\",\"breadcrumb\":{\"@id\":\"https:\\\/\\\/rafaramirez.org\\\/blog\\\/index.php\\\/2009\\\/12\\\/14\\\/nada-carmen-laforet\\\/#breadcrumb\"},\"inLanguage\":\"es\",\"potentialAction\":[{\"@type\":\"ReadAction\",\"target\":[\"https:\\\/\\\/rafaramirez.org\\\/blog\\\/index.php\\\/2009\\\/12\\\/14\\\/nada-carmen-laforet\\\/\"]}]},{\"@type\":\"ImageObject\",\"inLanguage\":\"es\",\"@id\":\"https:\\\/\\\/rafaramirez.org\\\/blog\\\/index.php\\\/2009\\\/12\\\/14\\\/nada-carmen-laforet\\\/#primaryimage\",\"url\":\"https:\\\/\\\/rafaramirez.org\\\/blog\\\/wp-content\\\/uploads\\\/2009\\\/12\\\/carmen-laforet-reduc.jpg\",\"contentUrl\":\"https:\\\/\\\/rafaramirez.org\\\/blog\\\/wp-content\\\/uploads\\\/2009\\\/12\\\/carmen-laforet-reduc.jpg\",\"width\":700,\"height\":394,\"caption\":\"\\\"Nada\\\" de Carmen Laforet. Blog de Rafael Ram\u00edrez.\"},{\"@type\":\"BreadcrumbList\",\"@id\":\"https:\\\/\\\/rafaramirez.org\\\/blog\\\/index.php\\\/2009\\\/12\\\/14\\\/nada-carmen-laforet\\\/#breadcrumb\",\"itemListElement\":[{\"@type\":\"ListItem\",\"position\":1,\"name\":\"Portada\",\"item\":\"https:\\\/\\\/rafaramirez.org\\\/blog\\\/\"},{\"@type\":\"ListItem\",\"position\":2,\"name\":\"\u00abNada\u00bb de Carmen Laforet: novela fundamental de la literatura espa\u00f1ola.\"}]},{\"@type\":\"WebSite\",\"@id\":\"https:\\\/\\\/rafaramirez.org\\\/blog\\\/#website\",\"url\":\"https:\\\/\\\/rafaramirez.org\\\/blog\\\/\",\"name\":\"Blog de Rafael Ram\u00edrez\",\"description\":\"Un sitio social, de arte y cultura\",\"publisher\":{\"@id\":\"https:\\\/\\\/rafaramirez.org\\\/blog\\\/#\\\/schema\\\/person\\\/50f43b6d60c578760d4c17bda54ab6a5\"},\"potentialAction\":[{\"@type\":\"SearchAction\",\"target\":{\"@type\":\"EntryPoint\",\"urlTemplate\":\"https:\\\/\\\/rafaramirez.org\\\/blog\\\/?s={search_term_string}\"},\"query-input\":{\"@type\":\"PropertyValueSpecification\",\"valueRequired\":true,\"valueName\":\"search_term_string\"}}],\"inLanguage\":\"es\"},{\"@type\":[\"Person\",\"Organization\"],\"@id\":\"https:\\\/\\\/rafaramirez.org\\\/blog\\\/#\\\/schema\\\/person\\\/50f43b6d60c578760d4c17bda54ab6a5\",\"name\":\"Rafael Ram\u00edrez\",\"image\":{\"@type\":\"ImageObject\",\"inLanguage\":\"es\",\"@id\":\"https:\\\/\\\/rafaramirez.org\\\/blog\\\/wp-content\\\/uploads\\\/2024\\\/09\\\/RR_socialnetwork.jpg\",\"url\":\"https:\\\/\\\/rafaramirez.org\\\/blog\\\/wp-content\\\/uploads\\\/2024\\\/09\\\/RR_socialnetwork.jpg\",\"contentUrl\":\"https:\\\/\\\/rafaramirez.org\\\/blog\\\/wp-content\\\/uploads\\\/2024\\\/09\\\/RR_socialnetwork.jpg\",\"width\":600,\"height\":606,\"caption\":\"Rafael Ram\u00edrez\"},\"logo\":{\"@id\":\"https:\\\/\\\/rafaramirez.org\\\/blog\\\/wp-content\\\/uploads\\\/2024\\\/09\\\/RR_socialnetwork.jpg\"},\"sameAs\":[\"https:\\\/\\\/www.rafaramirez.org\\\/blog\",\"https:\\\/\\\/www.instagram.com\\\/rafaramirez_ok\\\/\",\"https:\\\/\\\/es.pinterest.com\\\/Ramirez_Rafa\\\/\",\"https:\\\/\\\/x.com\\\/rafaramirez_ok\"],\"url\":\"https:\\\/\\\/rafaramirez.org\\\/blog\\\/index.php\\\/author\\\/rafaell_qm6j97da\\\/\"}]}<\/script>\n<!-- \/ Yoast SEO plugin. -->","yoast_head_json":{"title":"\"Nada\" de Carmen Laforet: novela fundamental de la literatura espa\u00f1ola. - Blog de Rafael Ram\u00edrez","description":"Es esta una hermosa novela, escrita con maestr\u00eda. \"Nada\" de Carmen Laforet, hace un retrato de la posguerra espa\u00f1ola desde la posguerra.","robots":{"index":"index","follow":"follow","max-snippet":"max-snippet:-1","max-image-preview":"max-image-preview:large","max-video-preview":"max-video-preview:-1"},"canonical":"https:\/\/rafaramirez.org\/blog\/index.php\/2009\/12\/14\/nada-carmen-laforet\/","og_locale":"es_ES","og_type":"article","og_title":"\"Nada\" de Carmen Laforet: novela fundamental de la literatura espa\u00f1ola. - Blog de Rafael Ram\u00edrez","og_description":"Es esta una hermosa novela, escrita con maestr\u00eda. \"Nada\" de Carmen Laforet, hace un retrato de la posguerra espa\u00f1ola desde la posguerra.","og_url":"https:\/\/rafaramirez.org\/blog\/index.php\/2009\/12\/14\/nada-carmen-laforet\/","og_site_name":"Blog de Rafael Ram\u00edrez","article_published_time":"2009-12-14T11:01:42+00:00","article_modified_time":"2024-11-06T11:06:00+00:00","og_image":[{"width":700,"height":394,"url":"https:\/\/rafaramirez.org\/blog\/wp-content\/uploads\/2009\/12\/carmen-laforet-reduc.jpg","type":"image\/jpeg"}],"author":"Rafael Ram\u00edrez","twitter_card":"summary_large_image","twitter_creator":"@rafaramirez_ok","twitter_site":"@rafaramirez_ok","twitter_misc":{"Escrito por":"Rafael Ram\u00edrez","Tiempo de lectura":"3 minutos"},"schema":{"@context":"https:\/\/schema.org","@graph":[{"@type":"Article","@id":"https:\/\/rafaramirez.org\/blog\/index.php\/2009\/12\/14\/nada-carmen-laforet\/#article","isPartOf":{"@id":"https:\/\/rafaramirez.org\/blog\/index.php\/2009\/12\/14\/nada-carmen-laforet\/"},"author":{"name":"Rafael Ram\u00edrez","@id":"https:\/\/rafaramirez.org\/blog\/#\/schema\/person\/50f43b6d60c578760d4c17bda54ab6a5"},"headline":"\u00abNada\u00bb de Carmen Laforet: novela fundamental de la literatura espa\u00f1ola.","datePublished":"2009-12-14T11:01:42+00:00","dateModified":"2024-11-06T11:06:00+00:00","mainEntityOfPage":{"@id":"https:\/\/rafaramirez.org\/blog\/index.php\/2009\/12\/14\/nada-carmen-laforet\/"},"wordCount":506,"commentCount":2,"publisher":{"@id":"https:\/\/rafaramirez.org\/blog\/#\/schema\/person\/50f43b6d60c578760d4c17bda54ab6a5"},"image":{"@id":"https:\/\/rafaramirez.org\/blog\/index.php\/2009\/12\/14\/nada-carmen-laforet\/#primaryimage"},"thumbnailUrl":"https:\/\/rafaramirez.org\/blog\/wp-content\/uploads\/2009\/12\/carmen-laforet-reduc.jpg","keywords":["blog de Rafael Ram\u00edrez","Carmen Laforet","critica libro","cr\u00edtica literaria","lectura recomendada","libro recomendado","Nada de Carmen Laforet","Premio Nadal"],"articleSection":["Literatura"],"inLanguage":"es","potentialAction":[{"@type":"CommentAction","name":"Comment","target":["https:\/\/rafaramirez.org\/blog\/index.php\/2009\/12\/14\/nada-carmen-laforet\/#respond"]}]},{"@type":"WebPage","@id":"https:\/\/rafaramirez.org\/blog\/index.php\/2009\/12\/14\/nada-carmen-laforet\/","url":"https:\/\/rafaramirez.org\/blog\/index.php\/2009\/12\/14\/nada-carmen-laforet\/","name":"\"Nada\" de Carmen Laforet: novela fundamental de la literatura espa\u00f1ola. - Blog de Rafael Ram\u00edrez","isPartOf":{"@id":"https:\/\/rafaramirez.org\/blog\/#website"},"primaryImageOfPage":{"@id":"https:\/\/rafaramirez.org\/blog\/index.php\/2009\/12\/14\/nada-carmen-laforet\/#primaryimage"},"image":{"@id":"https:\/\/rafaramirez.org\/blog\/index.php\/2009\/12\/14\/nada-carmen-laforet\/#primaryimage"},"thumbnailUrl":"https:\/\/rafaramirez.org\/blog\/wp-content\/uploads\/2009\/12\/carmen-laforet-reduc.jpg","datePublished":"2009-12-14T11:01:42+00:00","dateModified":"2024-11-06T11:06:00+00:00","description":"Es esta una hermosa novela, escrita con maestr\u00eda. \"Nada\" de Carmen Laforet, hace un retrato de la posguerra espa\u00f1ola desde la posguerra.","breadcrumb":{"@id":"https:\/\/rafaramirez.org\/blog\/index.php\/2009\/12\/14\/nada-carmen-laforet\/#breadcrumb"},"inLanguage":"es","potentialAction":[{"@type":"ReadAction","target":["https:\/\/rafaramirez.org\/blog\/index.php\/2009\/12\/14\/nada-carmen-laforet\/"]}]},{"@type":"ImageObject","inLanguage":"es","@id":"https:\/\/rafaramirez.org\/blog\/index.php\/2009\/12\/14\/nada-carmen-laforet\/#primaryimage","url":"https:\/\/rafaramirez.org\/blog\/wp-content\/uploads\/2009\/12\/carmen-laforet-reduc.jpg","contentUrl":"https:\/\/rafaramirez.org\/blog\/wp-content\/uploads\/2009\/12\/carmen-laforet-reduc.jpg","width":700,"height":394,"caption":"\"Nada\" de Carmen Laforet. Blog de Rafael Ram\u00edrez."},{"@type":"BreadcrumbList","@id":"https:\/\/rafaramirez.org\/blog\/index.php\/2009\/12\/14\/nada-carmen-laforet\/#breadcrumb","itemListElement":[{"@type":"ListItem","position":1,"name":"Portada","item":"https:\/\/rafaramirez.org\/blog\/"},{"@type":"ListItem","position":2,"name":"\u00abNada\u00bb de Carmen Laforet: novela fundamental de la literatura espa\u00f1ola."}]},{"@type":"WebSite","@id":"https:\/\/rafaramirez.org\/blog\/#website","url":"https:\/\/rafaramirez.org\/blog\/","name":"Blog de Rafael Ram\u00edrez","description":"Un sitio social, de arte y cultura","publisher":{"@id":"https:\/\/rafaramirez.org\/blog\/#\/schema\/person\/50f43b6d60c578760d4c17bda54ab6a5"},"potentialAction":[{"@type":"SearchAction","target":{"@type":"EntryPoint","urlTemplate":"https:\/\/rafaramirez.org\/blog\/?s={search_term_string}"},"query-input":{"@type":"PropertyValueSpecification","valueRequired":true,"valueName":"search_term_string"}}],"inLanguage":"es"},{"@type":["Person","Organization"],"@id":"https:\/\/rafaramirez.org\/blog\/#\/schema\/person\/50f43b6d60c578760d4c17bda54ab6a5","name":"Rafael Ram\u00edrez","image":{"@type":"ImageObject","inLanguage":"es","@id":"https:\/\/rafaramirez.org\/blog\/wp-content\/uploads\/2024\/09\/RR_socialnetwork.jpg","url":"https:\/\/rafaramirez.org\/blog\/wp-content\/uploads\/2024\/09\/RR_socialnetwork.jpg","contentUrl":"https:\/\/rafaramirez.org\/blog\/wp-content\/uploads\/2024\/09\/RR_socialnetwork.jpg","width":600,"height":606,"caption":"Rafael Ram\u00edrez"},"logo":{"@id":"https:\/\/rafaramirez.org\/blog\/wp-content\/uploads\/2024\/09\/RR_socialnetwork.jpg"},"sameAs":["https:\/\/www.rafaramirez.org\/blog","https:\/\/www.instagram.com\/rafaramirez_ok\/","https:\/\/es.pinterest.com\/Ramirez_Rafa\/","https:\/\/x.com\/rafaramirez_ok"],"url":"https:\/\/rafaramirez.org\/blog\/index.php\/author\/rafaell_qm6j97da\/"}]}},"jetpack_publicize_connections":[],"jetpack_sharing_enabled":true,"jetpack_likes_enabled":true,"jetpack_featured_media_url":"https:\/\/rafaramirez.org\/blog\/wp-content\/uploads\/2009\/12\/carmen-laforet-reduc.jpg","_links":{"self":[{"href":"https:\/\/rafaramirez.org\/blog\/index.php\/wp-json\/wp\/v2\/posts\/1225","targetHints":{"allow":["GET"]}}],"collection":[{"href":"https:\/\/rafaramirez.org\/blog\/index.php\/wp-json\/wp\/v2\/posts"}],"about":[{"href":"https:\/\/rafaramirez.org\/blog\/index.php\/wp-json\/wp\/v2\/types\/post"}],"author":[{"embeddable":true,"href":"https:\/\/rafaramirez.org\/blog\/index.php\/wp-json\/wp\/v2\/users\/1"}],"replies":[{"embeddable":true,"href":"https:\/\/rafaramirez.org\/blog\/index.php\/wp-json\/wp\/v2\/comments?post=1225"}],"version-history":[{"count":4,"href":"https:\/\/rafaramirez.org\/blog\/index.php\/wp-json\/wp\/v2\/posts\/1225\/revisions"}],"predecessor-version":[{"id":6824,"href":"https:\/\/rafaramirez.org\/blog\/index.php\/wp-json\/wp\/v2\/posts\/1225\/revisions\/6824"}],"wp:featuredmedia":[{"embeddable":true,"href":"https:\/\/rafaramirez.org\/blog\/index.php\/wp-json\/wp\/v2\/media\/2665"}],"wp:attachment":[{"href":"https:\/\/rafaramirez.org\/blog\/index.php\/wp-json\/wp\/v2\/media?parent=1225"}],"wp:term":[{"taxonomy":"category","embeddable":true,"href":"https:\/\/rafaramirez.org\/blog\/index.php\/wp-json\/wp\/v2\/categories?post=1225"},{"taxonomy":"post_tag","embeddable":true,"href":"https:\/\/rafaramirez.org\/blog\/index.php\/wp-json\/wp\/v2\/tags?post=1225"}],"curies":[{"name":"wp","href":"https:\/\/api.w.org\/{rel}","templated":true}]}}