{"id":1224,"date":"2009-12-11T22:28:53","date_gmt":"2009-12-11T21:28:53","guid":{"rendered":"http:\/\/rafaelramirez.co.cc\/?p=725"},"modified":"2024-01-25T11:43:43","modified_gmt":"2024-01-25T10:43:43","slug":"cd-cuba-de-putumayo-varios-artistas-1999","status":"publish","type":"post","link":"https:\/\/rafaramirez.org\/blog\/index.php\/2009\/12\/11\/cd-cuba-de-putumayo-varios-artistas-1999\/","title":{"rendered":"CD Cuba de Putumayo. Varios Artistas (1999)"},"content":{"rendered":"<figure id=\"attachment_726\" aria-describedby=\"caption-attachment-726\" style=\"width: 300px\" class=\"wp-caption aligncenter\"><img loading=\"lazy\" decoding=\"async\" class=\"size-medium wp-image-726 \" title=\"CD Putumayo presents CUBA (1999)\" src=\"https:\/\/rafaramirez.org\/blog\/wp-content\/uploads\/2009\/12\/cuba_putumayo-300x277.jpg\" alt=\"CD Putumayo presents CUBA (1999)\" width=\"300\" height=\"277\" \/><figcaption id=\"caption-attachment-726\" class=\"wp-caption-text\">CD Putumayo presents CUBA (1999)<\/figcaption><\/figure>\n<p>La mayor parte de las canciones de este CD son de un estilo llamado <em><strong>Son<\/strong><\/em>, una de las formas m\u00e1s populares e influyentes de la m\u00fasica cubana. El <em><strong>Son<\/strong><\/em> se desarroll\u00f3 a principios del pasado siglo en Oriente, una regi\u00f3n al este de Cuba. M\u00fasicos que emigraron llevaron este <em><strong>Son<\/strong><\/em> al oeste, a La Habana en los a\u00f1os 1920, donde alcanz\u00f3 un tremendo \u00e9xito y popularidad. El elemento fundamental del <em><strong>Son<\/strong><\/em> es un patr\u00f3n r\u00edtmico llamado <em><strong>clave<\/strong><\/em>. Tocado en dos palos de madera, llamados <em><strong>claves<\/strong><\/em>, este repetitivo golpeteo es el fundamento de la m\u00fasica alrededor del cual todos los otros elementos musicales son estructurados. Esto da al <em><strong>Son<\/strong><\/em> ese impulsivo movimiento que lo ha hecho gustar a personas alrededor de todo el mundo. La <strong><em>Salsa <\/em><\/strong>m\u00e1s contempor\u00e1nea est\u00e1 basada en el <em><strong>Son<\/strong><\/em>.<\/p>\n<p>Es un CD maravilloso que nos atrapa desde el principio y que les recomiendo a l@s amantes de este ritmo.<\/p>\n<p>El disco apareci\u00f3 en el a\u00f1o 1999 y ha sido uno de los mayores \u00e9xitos de la discogr\u00e1fica Putumayo. Este CD puede comprarse en diferentes plataformas de venta online.<\/p>\n<p><a href=\"https:\/\/www.google.com\/search?q=CD+Cuba+de+Putumayo+comprar\" target=\"_blank\" rel=\"noopener\">MIRAR DONDE COMPRAR<\/a><\/p>\n<p><strong>Una de las canciones contenidas en el CD<\/strong><br \/>\n<iframe loading=\"lazy\" src=\"https:\/\/www.youtube.com\/embed\/ZIT5tUSzBaI\" width=\"420\" height=\"315\" frameborder=\"0\" allowfullscreen=\"allowfullscreen\"><\/iframe><\/p>\n<blockquote><p><em>T\u00edtulo:<\/em> <strong>Putumayo presents CUBA<\/strong><br \/>\n<em><strong>Contenido:<\/strong><\/em><br \/>\n1 &#8211; Compositor confundido \u00a0 (Ibrahim Ferrer)<br \/>\n2 &#8211; Al vaiven de mi carreta \u00a0 (Eliades Ochoa Y el Cuarteto Patria)<br \/>\n3 &#8211; El adios de este momento \u00a0 (Septeto Nacional de Ignacio Pinero)<br \/>\n4 &#8211; Campi\u00f1a \u00a0(Afro-Cuban Jazz Project)<br \/>\n5 &#8211; Sabroso como el guarapo \u00a0 (Orquesta Sublime)<br \/>\n6 &#8211; Mecanica De Amor \u00a0 (Mi Son)<br \/>\n7 &#8211; Mami Me Gusto \u00a0 (Todos Estrellas)<br \/>\n8 &#8211; Boliviana \u00a0 \u00a0(Irakere)<br \/>\n9 &#8211; El Reloj De Pastora \u00a0 (Sierra Maestra)<br \/>\n10 &#8211; Patria Querida \u00a0 (Los Guaracheros De Oriente)<\/p><\/blockquote>\n<p>&nbsp;<\/p>\n","protected":false},"excerpt":{"rendered":"<p>La mayor parte de las canciones de este CD son de un estilo llamado Son, una de las formas m\u00e1s populares e influyentes de la m\u00fasica cubana. El Son se desarroll\u00f3 a principios del pasado siglo en Oriente, una regi\u00f3n al este de Cuba. M\u00fasicos que emigraron llevaron este Son al oeste, a La Habana [&hellip;]<\/p>\n","protected":false},"author":1,"featured_media":2668,"comment_status":"open","ping_status":"closed","sticky":false,"template":"","format":"standard","meta":{"site-container-style":"default","site-container-layout":"default","site-sidebar-layout":"default","disable-article-header":"default","disable-site-header":"default","disable-site-footer":"default","disable-content-area-spacing":"default","_jetpack_newsletter_access":"","_jetpack_dont_email_post_to_subs":false,"_jetpack_newsletter_tier_id":0,"_jetpack_memberships_contains_paywalled_content":false,"_jetpack_feature_clip_id":0,"_jetpack_memberships_contains_paid_content":false,"footnotes":"","jetpack_publicize_message":"","jetpack_publicize_feature_enabled":true,"jetpack_social_post_already_shared":true,"jetpack_social_options":{"image_generator_settings":{"template":"highway","default_image_id":0,"font":"","enabled":false},"version":2},"jetpack_post_was_ever_published":false},"categories":[709],"tags":[89,654,309,325,651,652,653,572],"class_list":["post-1224","post","type-post","status-publish","format-standard","has-post-thumbnail","hentry","category-musica","tag-cd-recomendado","tag-la-habana","tag-musica","tag-noticias-culturales","tag-putumayo-cuba","tag-salsa","tag-son-cubano","tag-video-musical"],"yoast_head":"<!-- This site is optimized with the Yoast SEO plugin v28.4 - https:\/\/yoast.com\/product\/yoast-seo-wordpress\/ -->\n<title>CD Cuba de Putumayo. Varios Artistas (1999) - Blog de Rafael Ram\u00edrez<\/title>\n<meta name=\"robots\" content=\"index, follow, max-snippet:-1, max-image-preview:large, max-video-preview:-1\" \/>\n<link rel=\"canonical\" href=\"https:\/\/rafaramirez.org\/blog\/index.php\/2009\/12\/11\/cd-cuba-de-putumayo-varios-artistas-1999\/\" \/>\n<meta property=\"og:locale\" content=\"es_ES\" \/>\n<meta property=\"og:type\" content=\"article\" \/>\n<meta property=\"og:title\" content=\"CD Cuba de Putumayo. Varios Artistas (1999) - Blog de Rafael Ram\u00edrez\" \/>\n<meta property=\"og:description\" content=\"La mayor parte de las canciones de este CD son de un estilo llamado Son, una de las formas m\u00e1s populares e influyentes de la m\u00fasica cubana. El Son se desarroll\u00f3 a principios del pasado siglo en Oriente, una regi\u00f3n al este de Cuba. M\u00fasicos que emigraron llevaron este Son al oeste, a La Habana [&hellip;]\" \/>\n<meta property=\"og:url\" content=\"https:\/\/rafaramirez.org\/blog\/index.php\/2009\/12\/11\/cd-cuba-de-putumayo-varios-artistas-1999\/\" \/>\n<meta property=\"og:site_name\" content=\"Blog de Rafael Ram\u00edrez\" \/>\n<meta property=\"article:published_time\" content=\"2009-12-11T21:28:53+00:00\" \/>\n<meta property=\"article:modified_time\" content=\"2024-01-25T10:43:43+00:00\" \/>\n<meta property=\"og:image\" content=\"https:\/\/rafaramirez.org\/blog\/wp-content\/uploads\/2009\/12\/Putumayo-Cuba.jpg\" \/>\n\t<meta property=\"og:image:width\" content=\"700\" \/>\n\t<meta property=\"og:image:height\" content=\"400\" \/>\n\t<meta property=\"og:image:type\" content=\"image\/jpeg\" \/>\n<meta name=\"author\" content=\"Rafael Ram\u00edrez\" \/>\n<meta name=\"twitter:card\" content=\"summary_large_image\" \/>\n<meta name=\"twitter:creator\" content=\"@rafaramirez_ok\" \/>\n<meta name=\"twitter:site\" content=\"@rafaramirez_ok\" \/>\n<meta name=\"twitter:label1\" content=\"Escrito por\" \/>\n\t<meta name=\"twitter:data1\" content=\"Rafael Ram\u00edrez\" \/>\n\t<meta name=\"twitter:label2\" content=\"Tiempo de lectura\" \/>\n\t<meta name=\"twitter:data2\" content=\"1 minuto\" \/>\n<script type=\"application\/ld+json\" class=\"yoast-schema-graph\">{\"@context\":\"https:\\\/\\\/schema.org\",\"@graph\":[{\"@type\":\"Article\",\"@id\":\"https:\\\/\\\/rafaramirez.org\\\/blog\\\/index.php\\\/2009\\\/12\\\/11\\\/cd-cuba-de-putumayo-varios-artistas-1999\\\/#article\",\"isPartOf\":{\"@id\":\"https:\\\/\\\/rafaramirez.org\\\/blog\\\/index.php\\\/2009\\\/12\\\/11\\\/cd-cuba-de-putumayo-varios-artistas-1999\\\/\"},\"author\":{\"name\":\"Rafael Ram\u00edrez\",\"@id\":\"https:\\\/\\\/rafaramirez.org\\\/blog\\\/#\\\/schema\\\/person\\\/50f43b6d60c578760d4c17bda54ab6a5\"},\"headline\":\"CD Cuba de Putumayo. Varios Artistas (1999)\",\"datePublished\":\"2009-12-11T21:28:53+00:00\",\"dateModified\":\"2024-01-25T10:43:43+00:00\",\"mainEntityOfPage\":{\"@id\":\"https:\\\/\\\/rafaramirez.org\\\/blog\\\/index.php\\\/2009\\\/12\\\/11\\\/cd-cuba-de-putumayo-varios-artistas-1999\\\/\"},\"wordCount\":297,\"commentCount\":0,\"publisher\":{\"@id\":\"https:\\\/\\\/rafaramirez.org\\\/blog\\\/#\\\/schema\\\/person\\\/50f43b6d60c578760d4c17bda54ab6a5\"},\"image\":{\"@id\":\"https:\\\/\\\/rafaramirez.org\\\/blog\\\/index.php\\\/2009\\\/12\\\/11\\\/cd-cuba-de-putumayo-varios-artistas-1999\\\/#primaryimage\"},\"thumbnailUrl\":\"https:\\\/\\\/rafaramirez.org\\\/blog\\\/wp-content\\\/uploads\\\/2009\\\/12\\\/Putumayo-Cuba.jpg\",\"keywords\":[\"cd recomendado\",\"La Habana\",\"M\u00fasica\",\"noticias culturales\",\"Putumayo Cuba\",\"Salsa\",\"Son cubano\",\"video musical\"],\"articleSection\":[\"M\u00fasica\"],\"inLanguage\":\"es\",\"potentialAction\":[{\"@type\":\"CommentAction\",\"name\":\"Comment\",\"target\":[\"https:\\\/\\\/rafaramirez.org\\\/blog\\\/index.php\\\/2009\\\/12\\\/11\\\/cd-cuba-de-putumayo-varios-artistas-1999\\\/#respond\"]}]},{\"@type\":\"WebPage\",\"@id\":\"https:\\\/\\\/rafaramirez.org\\\/blog\\\/index.php\\\/2009\\\/12\\\/11\\\/cd-cuba-de-putumayo-varios-artistas-1999\\\/\",\"url\":\"https:\\\/\\\/rafaramirez.org\\\/blog\\\/index.php\\\/2009\\\/12\\\/11\\\/cd-cuba-de-putumayo-varios-artistas-1999\\\/\",\"name\":\"CD Cuba de Putumayo. Varios Artistas (1999) - Blog de Rafael Ram\u00edrez\",\"isPartOf\":{\"@id\":\"https:\\\/\\\/rafaramirez.org\\\/blog\\\/#website\"},\"primaryImageOfPage\":{\"@id\":\"https:\\\/\\\/rafaramirez.org\\\/blog\\\/index.php\\\/2009\\\/12\\\/11\\\/cd-cuba-de-putumayo-varios-artistas-1999\\\/#primaryimage\"},\"image\":{\"@id\":\"https:\\\/\\\/rafaramirez.org\\\/blog\\\/index.php\\\/2009\\\/12\\\/11\\\/cd-cuba-de-putumayo-varios-artistas-1999\\\/#primaryimage\"},\"thumbnailUrl\":\"https:\\\/\\\/rafaramirez.org\\\/blog\\\/wp-content\\\/uploads\\\/2009\\\/12\\\/Putumayo-Cuba.jpg\",\"datePublished\":\"2009-12-11T21:28:53+00:00\",\"dateModified\":\"2024-01-25T10:43:43+00:00\",\"breadcrumb\":{\"@id\":\"https:\\\/\\\/rafaramirez.org\\\/blog\\\/index.php\\\/2009\\\/12\\\/11\\\/cd-cuba-de-putumayo-varios-artistas-1999\\\/#breadcrumb\"},\"inLanguage\":\"es\",\"potentialAction\":[{\"@type\":\"ReadAction\",\"target\":[\"https:\\\/\\\/rafaramirez.org\\\/blog\\\/index.php\\\/2009\\\/12\\\/11\\\/cd-cuba-de-putumayo-varios-artistas-1999\\\/\"]}]},{\"@type\":\"ImageObject\",\"inLanguage\":\"es\",\"@id\":\"https:\\\/\\\/rafaramirez.org\\\/blog\\\/index.php\\\/2009\\\/12\\\/11\\\/cd-cuba-de-putumayo-varios-artistas-1999\\\/#primaryimage\",\"url\":\"https:\\\/\\\/rafaramirez.org\\\/blog\\\/wp-content\\\/uploads\\\/2009\\\/12\\\/Putumayo-Cuba.jpg\",\"contentUrl\":\"https:\\\/\\\/rafaramirez.org\\\/blog\\\/wp-content\\\/uploads\\\/2009\\\/12\\\/Putumayo-Cuba.jpg\",\"width\":700,\"height\":400},{\"@type\":\"BreadcrumbList\",\"@id\":\"https:\\\/\\\/rafaramirez.org\\\/blog\\\/index.php\\\/2009\\\/12\\\/11\\\/cd-cuba-de-putumayo-varios-artistas-1999\\\/#breadcrumb\",\"itemListElement\":[{\"@type\":\"ListItem\",\"position\":1,\"name\":\"Portada\",\"item\":\"https:\\\/\\\/rafaramirez.org\\\/blog\\\/\"},{\"@type\":\"ListItem\",\"position\":2,\"name\":\"CD Cuba de Putumayo. Varios Artistas (1999)\"}]},{\"@type\":\"WebSite\",\"@id\":\"https:\\\/\\\/rafaramirez.org\\\/blog\\\/#website\",\"url\":\"https:\\\/\\\/rafaramirez.org\\\/blog\\\/\",\"name\":\"Blog de Rafael Ram\u00edrez\",\"description\":\"Un sitio social, de arte y cultura\",\"publisher\":{\"@id\":\"https:\\\/\\\/rafaramirez.org\\\/blog\\\/#\\\/schema\\\/person\\\/50f43b6d60c578760d4c17bda54ab6a5\"},\"potentialAction\":[{\"@type\":\"SearchAction\",\"target\":{\"@type\":\"EntryPoint\",\"urlTemplate\":\"https:\\\/\\\/rafaramirez.org\\\/blog\\\/?s={search_term_string}\"},\"query-input\":{\"@type\":\"PropertyValueSpecification\",\"valueRequired\":true,\"valueName\":\"search_term_string\"}}],\"inLanguage\":\"es\"},{\"@type\":[\"Person\",\"Organization\"],\"@id\":\"https:\\\/\\\/rafaramirez.org\\\/blog\\\/#\\\/schema\\\/person\\\/50f43b6d60c578760d4c17bda54ab6a5\",\"name\":\"Rafael Ram\u00edrez\",\"image\":{\"@type\":\"ImageObject\",\"inLanguage\":\"es\",\"@id\":\"https:\\\/\\\/rafaramirez.org\\\/blog\\\/wp-content\\\/uploads\\\/2024\\\/09\\\/RR_socialnetwork.jpg\",\"url\":\"https:\\\/\\\/rafaramirez.org\\\/blog\\\/wp-content\\\/uploads\\\/2024\\\/09\\\/RR_socialnetwork.jpg\",\"contentUrl\":\"https:\\\/\\\/rafaramirez.org\\\/blog\\\/wp-content\\\/uploads\\\/2024\\\/09\\\/RR_socialnetwork.jpg\",\"width\":600,\"height\":606,\"caption\":\"Rafael Ram\u00edrez\"},\"logo\":{\"@id\":\"https:\\\/\\\/rafaramirez.org\\\/blog\\\/wp-content\\\/uploads\\\/2024\\\/09\\\/RR_socialnetwork.jpg\"},\"sameAs\":[\"https:\\\/\\\/www.rafaramirez.org\\\/blog\",\"https:\\\/\\\/www.instagram.com\\\/rafaramirez_ok\\\/\",\"https:\\\/\\\/es.pinterest.com\\\/Ramirez_Rafa\\\/\",\"https:\\\/\\\/x.com\\\/rafaramirez_ok\"],\"url\":\"https:\\\/\\\/rafaramirez.org\\\/blog\\\/index.php\\\/author\\\/rafaell_qm6j97da\\\/\"}]}<\/script>\n<!-- \/ Yoast SEO plugin. -->","yoast_head_json":{"title":"CD Cuba de Putumayo. Varios Artistas (1999) - Blog de Rafael Ram\u00edrez","robots":{"index":"index","follow":"follow","max-snippet":"max-snippet:-1","max-image-preview":"max-image-preview:large","max-video-preview":"max-video-preview:-1"},"canonical":"https:\/\/rafaramirez.org\/blog\/index.php\/2009\/12\/11\/cd-cuba-de-putumayo-varios-artistas-1999\/","og_locale":"es_ES","og_type":"article","og_title":"CD Cuba de Putumayo. Varios Artistas (1999) - Blog de Rafael Ram\u00edrez","og_description":"La mayor parte de las canciones de este CD son de un estilo llamado Son, una de las formas m\u00e1s populares e influyentes de la m\u00fasica cubana. El Son se desarroll\u00f3 a principios del pasado siglo en Oriente, una regi\u00f3n al este de Cuba. M\u00fasicos que emigraron llevaron este Son al oeste, a La Habana [&hellip;]","og_url":"https:\/\/rafaramirez.org\/blog\/index.php\/2009\/12\/11\/cd-cuba-de-putumayo-varios-artistas-1999\/","og_site_name":"Blog de Rafael Ram\u00edrez","article_published_time":"2009-12-11T21:28:53+00:00","article_modified_time":"2024-01-25T10:43:43+00:00","og_image":[{"width":700,"height":400,"url":"https:\/\/rafaramirez.org\/blog\/wp-content\/uploads\/2009\/12\/Putumayo-Cuba.jpg","type":"image\/jpeg"}],"author":"Rafael Ram\u00edrez","twitter_card":"summary_large_image","twitter_creator":"@rafaramirez_ok","twitter_site":"@rafaramirez_ok","twitter_misc":{"Escrito por":"Rafael Ram\u00edrez","Tiempo de lectura":"1 minuto"},"schema":{"@context":"https:\/\/schema.org","@graph":[{"@type":"Article","@id":"https:\/\/rafaramirez.org\/blog\/index.php\/2009\/12\/11\/cd-cuba-de-putumayo-varios-artistas-1999\/#article","isPartOf":{"@id":"https:\/\/rafaramirez.org\/blog\/index.php\/2009\/12\/11\/cd-cuba-de-putumayo-varios-artistas-1999\/"},"author":{"name":"Rafael Ram\u00edrez","@id":"https:\/\/rafaramirez.org\/blog\/#\/schema\/person\/50f43b6d60c578760d4c17bda54ab6a5"},"headline":"CD Cuba de Putumayo. Varios Artistas (1999)","datePublished":"2009-12-11T21:28:53+00:00","dateModified":"2024-01-25T10:43:43+00:00","mainEntityOfPage":{"@id":"https:\/\/rafaramirez.org\/blog\/index.php\/2009\/12\/11\/cd-cuba-de-putumayo-varios-artistas-1999\/"},"wordCount":297,"commentCount":0,"publisher":{"@id":"https:\/\/rafaramirez.org\/blog\/#\/schema\/person\/50f43b6d60c578760d4c17bda54ab6a5"},"image":{"@id":"https:\/\/rafaramirez.org\/blog\/index.php\/2009\/12\/11\/cd-cuba-de-putumayo-varios-artistas-1999\/#primaryimage"},"thumbnailUrl":"https:\/\/rafaramirez.org\/blog\/wp-content\/uploads\/2009\/12\/Putumayo-Cuba.jpg","keywords":["cd recomendado","La Habana","M\u00fasica","noticias culturales","Putumayo Cuba","Salsa","Son cubano","video musical"],"articleSection":["M\u00fasica"],"inLanguage":"es","potentialAction":[{"@type":"CommentAction","name":"Comment","target":["https:\/\/rafaramirez.org\/blog\/index.php\/2009\/12\/11\/cd-cuba-de-putumayo-varios-artistas-1999\/#respond"]}]},{"@type":"WebPage","@id":"https:\/\/rafaramirez.org\/blog\/index.php\/2009\/12\/11\/cd-cuba-de-putumayo-varios-artistas-1999\/","url":"https:\/\/rafaramirez.org\/blog\/index.php\/2009\/12\/11\/cd-cuba-de-putumayo-varios-artistas-1999\/","name":"CD Cuba de Putumayo. Varios Artistas (1999) - Blog de Rafael Ram\u00edrez","isPartOf":{"@id":"https:\/\/rafaramirez.org\/blog\/#website"},"primaryImageOfPage":{"@id":"https:\/\/rafaramirez.org\/blog\/index.php\/2009\/12\/11\/cd-cuba-de-putumayo-varios-artistas-1999\/#primaryimage"},"image":{"@id":"https:\/\/rafaramirez.org\/blog\/index.php\/2009\/12\/11\/cd-cuba-de-putumayo-varios-artistas-1999\/#primaryimage"},"thumbnailUrl":"https:\/\/rafaramirez.org\/blog\/wp-content\/uploads\/2009\/12\/Putumayo-Cuba.jpg","datePublished":"2009-12-11T21:28:53+00:00","dateModified":"2024-01-25T10:43:43+00:00","breadcrumb":{"@id":"https:\/\/rafaramirez.org\/blog\/index.php\/2009\/12\/11\/cd-cuba-de-putumayo-varios-artistas-1999\/#breadcrumb"},"inLanguage":"es","potentialAction":[{"@type":"ReadAction","target":["https:\/\/rafaramirez.org\/blog\/index.php\/2009\/12\/11\/cd-cuba-de-putumayo-varios-artistas-1999\/"]}]},{"@type":"ImageObject","inLanguage":"es","@id":"https:\/\/rafaramirez.org\/blog\/index.php\/2009\/12\/11\/cd-cuba-de-putumayo-varios-artistas-1999\/#primaryimage","url":"https:\/\/rafaramirez.org\/blog\/wp-content\/uploads\/2009\/12\/Putumayo-Cuba.jpg","contentUrl":"https:\/\/rafaramirez.org\/blog\/wp-content\/uploads\/2009\/12\/Putumayo-Cuba.jpg","width":700,"height":400},{"@type":"BreadcrumbList","@id":"https:\/\/rafaramirez.org\/blog\/index.php\/2009\/12\/11\/cd-cuba-de-putumayo-varios-artistas-1999\/#breadcrumb","itemListElement":[{"@type":"ListItem","position":1,"name":"Portada","item":"https:\/\/rafaramirez.org\/blog\/"},{"@type":"ListItem","position":2,"name":"CD Cuba de Putumayo. Varios Artistas (1999)"}]},{"@type":"WebSite","@id":"https:\/\/rafaramirez.org\/blog\/#website","url":"https:\/\/rafaramirez.org\/blog\/","name":"Blog de Rafael Ram\u00edrez","description":"Un sitio social, de arte y cultura","publisher":{"@id":"https:\/\/rafaramirez.org\/blog\/#\/schema\/person\/50f43b6d60c578760d4c17bda54ab6a5"},"potentialAction":[{"@type":"SearchAction","target":{"@type":"EntryPoint","urlTemplate":"https:\/\/rafaramirez.org\/blog\/?s={search_term_string}"},"query-input":{"@type":"PropertyValueSpecification","valueRequired":true,"valueName":"search_term_string"}}],"inLanguage":"es"},{"@type":["Person","Organization"],"@id":"https:\/\/rafaramirez.org\/blog\/#\/schema\/person\/50f43b6d60c578760d4c17bda54ab6a5","name":"Rafael Ram\u00edrez","image":{"@type":"ImageObject","inLanguage":"es","@id":"https:\/\/rafaramirez.org\/blog\/wp-content\/uploads\/2024\/09\/RR_socialnetwork.jpg","url":"https:\/\/rafaramirez.org\/blog\/wp-content\/uploads\/2024\/09\/RR_socialnetwork.jpg","contentUrl":"https:\/\/rafaramirez.org\/blog\/wp-content\/uploads\/2024\/09\/RR_socialnetwork.jpg","width":600,"height":606,"caption":"Rafael Ram\u00edrez"},"logo":{"@id":"https:\/\/rafaramirez.org\/blog\/wp-content\/uploads\/2024\/09\/RR_socialnetwork.jpg"},"sameAs":["https:\/\/www.rafaramirez.org\/blog","https:\/\/www.instagram.com\/rafaramirez_ok\/","https:\/\/es.pinterest.com\/Ramirez_Rafa\/","https:\/\/x.com\/rafaramirez_ok"],"url":"https:\/\/rafaramirez.org\/blog\/index.php\/author\/rafaell_qm6j97da\/"}]}},"jetpack_publicize_connections":[],"jetpack_sharing_enabled":true,"jetpack_likes_enabled":true,"jetpack_featured_media_url":"https:\/\/rafaramirez.org\/blog\/wp-content\/uploads\/2009\/12\/Putumayo-Cuba.jpg","_links":{"self":[{"href":"https:\/\/rafaramirez.org\/blog\/index.php\/wp-json\/wp\/v2\/posts\/1224","targetHints":{"allow":["GET"]}}],"collection":[{"href":"https:\/\/rafaramirez.org\/blog\/index.php\/wp-json\/wp\/v2\/posts"}],"about":[{"href":"https:\/\/rafaramirez.org\/blog\/index.php\/wp-json\/wp\/v2\/types\/post"}],"author":[{"embeddable":true,"href":"https:\/\/rafaramirez.org\/blog\/index.php\/wp-json\/wp\/v2\/users\/1"}],"replies":[{"embeddable":true,"href":"https:\/\/rafaramirez.org\/blog\/index.php\/wp-json\/wp\/v2\/comments?post=1224"}],"version-history":[{"count":4,"href":"https:\/\/rafaramirez.org\/blog\/index.php\/wp-json\/wp\/v2\/posts\/1224\/revisions"}],"predecessor-version":[{"id":3079,"href":"https:\/\/rafaramirez.org\/blog\/index.php\/wp-json\/wp\/v2\/posts\/1224\/revisions\/3079"}],"wp:featuredmedia":[{"embeddable":true,"href":"https:\/\/rafaramirez.org\/blog\/index.php\/wp-json\/wp\/v2\/media\/2668"}],"wp:attachment":[{"href":"https:\/\/rafaramirez.org\/blog\/index.php\/wp-json\/wp\/v2\/media?parent=1224"}],"wp:term":[{"taxonomy":"category","embeddable":true,"href":"https:\/\/rafaramirez.org\/blog\/index.php\/wp-json\/wp\/v2\/categories?post=1224"},{"taxonomy":"post_tag","embeddable":true,"href":"https:\/\/rafaramirez.org\/blog\/index.php\/wp-json\/wp\/v2\/tags?post=1224"}],"curies":[{"name":"wp","href":"https:\/\/api.w.org\/{rel}","templated":true}]}}