{"id":1219,"date":"2009-11-27T22:12:02","date_gmt":"2009-11-27T20:12:02","guid":{"rendered":"http:\/\/rafaelramirez.co.cc\/?p=657"},"modified":"2024-01-18T16:17:59","modified_gmt":"2024-01-18T15:17:59","slug":"el-olor-de-la-guayaba-gabriel-garcia-marquez","status":"publish","type":"post","link":"https:\/\/rafaramirez.org\/blog\/index.php\/2009\/11\/27\/el-olor-de-la-guayaba-gabriel-garcia-marquez\/","title":{"rendered":"El olor de la guayaba. Gabriel Garcia M\u00e1rquez."},"content":{"rendered":"<figure id=\"attachment_658\" aria-describedby=\"caption-attachment-658\" style=\"width: 200px\" class=\"wp-caption aligncenter\"><img loading=\"lazy\" decoding=\"async\" class=\"size-full wp-image-658\" title=\"El olor de la guayaba: Conversaciones con Plinio Apuleyo Mendoza\" src=\"https:\/\/rafaramirez.org\/blog\/wp-content\/uploads\/2009\/11\/olordelaguayaba_mondadori.jpg\" alt=\"El olor de la guayaba: Conversaciones con Plinio Apuleyo Mendoza\" width=\"200\" height=\"150\" \/><figcaption id=\"caption-attachment-658\" class=\"wp-caption-text\">El olor de la guayaba: Conversaciones con Plinio Apuleyo Mendoza<\/figcaption><\/figure>\n<p><strong><em>El olor de la guayaba<\/em><\/strong> nace en 1982 de prolongadas conversaciones entre Plinio Apuleyo Mendoza, escritor y periodista colombiano, y su viejo amigo Gabriel Garc\u00eda M\u00e1rquez.<\/p>\n<p>Recuerdos de infancia y de juventud, evocaciones de im\u00e1genes y olores del Caribe, relaciones con sus amigos an\u00f3nimos y famosos, literatura y creaci\u00f3n, pol\u00edtica y compromiso&#8230;<\/p>\n<p>Quien las quiera buscar encontrar\u00e1 aqu\u00ed las llaves que abren algunas de las puertas del universo de Gabriel Garc\u00eda M\u00e1rquez.<\/p>\n<blockquote><p><strong>El olor de la guayaba: Conversaciones con Plinio Apuleyo Mendoza<\/strong><\/p>\n<p>Autor:\u00a0\u00a0GABRIEL GARC\u00cdA M\u00c1RQUEZ \/ PLINIO APULEYO M.<\/p>\n<p>Editorial:\u00a0MONDADORI<\/p>\n<p>ISBN:\u00a08439719493<\/p>\n<p>ISBN-13: 9788439719496<\/p>\n<p>Precio:\u00a0\u00a0\u20ac 14,90<\/p><\/blockquote>\n","protected":false},"excerpt":{"rendered":"<p>El olor de la guayaba nace en 1982 de prolongadas conversaciones entre Plinio Apuleyo Mendoza, escritor y periodista colombiano, y su viejo amigo Gabriel Garc\u00eda M\u00e1rquez. Recuerdos de infancia y de juventud, evocaciones de im\u00e1genes y olores del Caribe, relaciones con sus amigos an\u00f3nimos y famosos, literatura y creaci\u00f3n, pol\u00edtica y compromiso&#8230; Quien las quiera [&hellip;]<\/p>\n","protected":false},"author":1,"featured_media":2674,"comment_status":"open","ping_status":"closed","sticky":false,"template":"","format":"standard","meta":{"site-container-style":"default","site-container-layout":"default","site-sidebar-layout":"default","disable-article-header":"default","disable-site-header":"default","disable-site-footer":"default","disable-content-area-spacing":"default","_jetpack_newsletter_access":"","_jetpack_dont_email_post_to_subs":false,"_jetpack_newsletter_tier_id":0,"_jetpack_memberships_contains_paywalled_content":false,"_jetpack_feature_clip_id":0,"_jetpack_memberships_contains_paid_content":false,"footnotes":"","jetpack_publicize_message":"","jetpack_publicize_feature_enabled":true,"jetpack_social_post_already_shared":true,"jetpack_social_options":{"image_generator_settings":{"template":"highway","default_image_id":0,"font":"","enabled":false},"version":2},"jetpack_post_was_ever_published":false},"categories":[710],"tags":[657,204,264,325,658],"class_list":["post-1219","post","type-post","status-publish","format-standard","has-post-thumbnail","hentry","category-literatura","tag-el-olor-de-la-guayaba","tag-gabriel-garcia-marquez","tag-libro-recomendado","tag-noticias-culturales","tag-plinio-apuleyo-mendoza"],"yoast_head":"<!-- This site is optimized with the Yoast SEO plugin v28.4 - https:\/\/yoast.com\/product\/yoast-seo-wordpress\/ -->\n<title>El olor de la guayaba. Gabriel Garcia M\u00e1rquez. - Blog de Rafael Ram\u00edrez<\/title>\n<meta name=\"robots\" content=\"index, follow, max-snippet:-1, max-image-preview:large, max-video-preview:-1\" \/>\n<link rel=\"canonical\" href=\"https:\/\/rafaramirez.org\/blog\/index.php\/2009\/11\/27\/el-olor-de-la-guayaba-gabriel-garcia-marquez\/\" \/>\n<meta property=\"og:locale\" content=\"es_ES\" \/>\n<meta property=\"og:type\" content=\"article\" \/>\n<meta property=\"og:title\" content=\"El olor de la guayaba. Gabriel Garcia M\u00e1rquez. - Blog de Rafael Ram\u00edrez\" \/>\n<meta property=\"og:description\" content=\"El olor de la guayaba nace en 1982 de prolongadas conversaciones entre Plinio Apuleyo Mendoza, escritor y periodista colombiano, y su viejo amigo Gabriel Garc\u00eda M\u00e1rquez. Recuerdos de infancia y de juventud, evocaciones de im\u00e1genes y olores del Caribe, relaciones con sus amigos an\u00f3nimos y famosos, literatura y creaci\u00f3n, pol\u00edtica y compromiso&#8230; Quien las quiera [&hellip;]\" \/>\n<meta property=\"og:url\" content=\"https:\/\/rafaramirez.org\/blog\/index.php\/2009\/11\/27\/el-olor-de-la-guayaba-gabriel-garcia-marquez\/\" \/>\n<meta property=\"og:site_name\" content=\"Blog de Rafael Ram\u00edrez\" \/>\n<meta property=\"article:published_time\" content=\"2009-11-27T20:12:02+00:00\" \/>\n<meta property=\"article:modified_time\" content=\"2024-01-18T15:17:59+00:00\" \/>\n<meta property=\"og:image\" content=\"https:\/\/rafaramirez.org\/blog\/wp-content\/uploads\/2009\/11\/Gabriel_Garcia_Marquez.jpg\" \/>\n\t<meta property=\"og:image:width\" content=\"700\" \/>\n\t<meta property=\"og:image:height\" content=\"434\" \/>\n\t<meta property=\"og:image:type\" content=\"image\/jpeg\" \/>\n<meta name=\"author\" content=\"Rafael Ram\u00edrez\" \/>\n<meta name=\"twitter:card\" content=\"summary_large_image\" \/>\n<meta name=\"twitter:creator\" content=\"@rafaramirez_ok\" \/>\n<meta name=\"twitter:site\" content=\"@rafaramirez_ok\" \/>\n<meta name=\"twitter:label1\" content=\"Escrito por\" \/>\n\t<meta name=\"twitter:data1\" content=\"Rafael Ram\u00edrez\" \/>\n\t<meta name=\"twitter:label2\" content=\"Tiempo de lectura\" \/>\n\t<meta name=\"twitter:data2\" content=\"1 minuto\" \/>\n<script type=\"application\/ld+json\" class=\"yoast-schema-graph\">{\"@context\":\"https:\\\/\\\/schema.org\",\"@graph\":[{\"@type\":\"Article\",\"@id\":\"https:\\\/\\\/rafaramirez.org\\\/blog\\\/index.php\\\/2009\\\/11\\\/27\\\/el-olor-de-la-guayaba-gabriel-garcia-marquez\\\/#article\",\"isPartOf\":{\"@id\":\"https:\\\/\\\/rafaramirez.org\\\/blog\\\/index.php\\\/2009\\\/11\\\/27\\\/el-olor-de-la-guayaba-gabriel-garcia-marquez\\\/\"},\"author\":{\"name\":\"Rafael Ram\u00edrez\",\"@id\":\"https:\\\/\\\/rafaramirez.org\\\/blog\\\/#\\\/schema\\\/person\\\/50f43b6d60c578760d4c17bda54ab6a5\"},\"headline\":\"El olor de la guayaba. Gabriel Garcia M\u00e1rquez.\",\"datePublished\":\"2009-11-27T20:12:02+00:00\",\"dateModified\":\"2024-01-18T15:17:59+00:00\",\"mainEntityOfPage\":{\"@id\":\"https:\\\/\\\/rafaramirez.org\\\/blog\\\/index.php\\\/2009\\\/11\\\/27\\\/el-olor-de-la-guayaba-gabriel-garcia-marquez\\\/\"},\"wordCount\":129,\"commentCount\":0,\"publisher\":{\"@id\":\"https:\\\/\\\/rafaramirez.org\\\/blog\\\/#\\\/schema\\\/person\\\/50f43b6d60c578760d4c17bda54ab6a5\"},\"image\":{\"@id\":\"https:\\\/\\\/rafaramirez.org\\\/blog\\\/index.php\\\/2009\\\/11\\\/27\\\/el-olor-de-la-guayaba-gabriel-garcia-marquez\\\/#primaryimage\"},\"thumbnailUrl\":\"https:\\\/\\\/rafaramirez.org\\\/blog\\\/wp-content\\\/uploads\\\/2009\\\/11\\\/Gabriel_Garcia_Marquez.jpg\",\"keywords\":[\"El olor de la guayaba\",\"Gabriel Garc\u00eda Marquez\",\"libro recomendado\",\"noticias culturales\",\"Plinio Apuleyo Mendoza\"],\"articleSection\":[\"Literatura\"],\"inLanguage\":\"es\",\"potentialAction\":[{\"@type\":\"CommentAction\",\"name\":\"Comment\",\"target\":[\"https:\\\/\\\/rafaramirez.org\\\/blog\\\/index.php\\\/2009\\\/11\\\/27\\\/el-olor-de-la-guayaba-gabriel-garcia-marquez\\\/#respond\"]}]},{\"@type\":\"WebPage\",\"@id\":\"https:\\\/\\\/rafaramirez.org\\\/blog\\\/index.php\\\/2009\\\/11\\\/27\\\/el-olor-de-la-guayaba-gabriel-garcia-marquez\\\/\",\"url\":\"https:\\\/\\\/rafaramirez.org\\\/blog\\\/index.php\\\/2009\\\/11\\\/27\\\/el-olor-de-la-guayaba-gabriel-garcia-marquez\\\/\",\"name\":\"El olor de la guayaba. Gabriel Garcia M\u00e1rquez. - Blog de Rafael Ram\u00edrez\",\"isPartOf\":{\"@id\":\"https:\\\/\\\/rafaramirez.org\\\/blog\\\/#website\"},\"primaryImageOfPage\":{\"@id\":\"https:\\\/\\\/rafaramirez.org\\\/blog\\\/index.php\\\/2009\\\/11\\\/27\\\/el-olor-de-la-guayaba-gabriel-garcia-marquez\\\/#primaryimage\"},\"image\":{\"@id\":\"https:\\\/\\\/rafaramirez.org\\\/blog\\\/index.php\\\/2009\\\/11\\\/27\\\/el-olor-de-la-guayaba-gabriel-garcia-marquez\\\/#primaryimage\"},\"thumbnailUrl\":\"https:\\\/\\\/rafaramirez.org\\\/blog\\\/wp-content\\\/uploads\\\/2009\\\/11\\\/Gabriel_Garcia_Marquez.jpg\",\"datePublished\":\"2009-11-27T20:12:02+00:00\",\"dateModified\":\"2024-01-18T15:17:59+00:00\",\"breadcrumb\":{\"@id\":\"https:\\\/\\\/rafaramirez.org\\\/blog\\\/index.php\\\/2009\\\/11\\\/27\\\/el-olor-de-la-guayaba-gabriel-garcia-marquez\\\/#breadcrumb\"},\"inLanguage\":\"es\",\"potentialAction\":[{\"@type\":\"ReadAction\",\"target\":[\"https:\\\/\\\/rafaramirez.org\\\/blog\\\/index.php\\\/2009\\\/11\\\/27\\\/el-olor-de-la-guayaba-gabriel-garcia-marquez\\\/\"]}]},{\"@type\":\"ImageObject\",\"inLanguage\":\"es\",\"@id\":\"https:\\\/\\\/rafaramirez.org\\\/blog\\\/index.php\\\/2009\\\/11\\\/27\\\/el-olor-de-la-guayaba-gabriel-garcia-marquez\\\/#primaryimage\",\"url\":\"https:\\\/\\\/rafaramirez.org\\\/blog\\\/wp-content\\\/uploads\\\/2009\\\/11\\\/Gabriel_Garcia_Marquez.jpg\",\"contentUrl\":\"https:\\\/\\\/rafaramirez.org\\\/blog\\\/wp-content\\\/uploads\\\/2009\\\/11\\\/Gabriel_Garcia_Marquez.jpg\",\"width\":700,\"height\":434},{\"@type\":\"BreadcrumbList\",\"@id\":\"https:\\\/\\\/rafaramirez.org\\\/blog\\\/index.php\\\/2009\\\/11\\\/27\\\/el-olor-de-la-guayaba-gabriel-garcia-marquez\\\/#breadcrumb\",\"itemListElement\":[{\"@type\":\"ListItem\",\"position\":1,\"name\":\"Portada\",\"item\":\"https:\\\/\\\/rafaramirez.org\\\/blog\\\/\"},{\"@type\":\"ListItem\",\"position\":2,\"name\":\"El olor de la guayaba. Gabriel Garcia M\u00e1rquez.\"}]},{\"@type\":\"WebSite\",\"@id\":\"https:\\\/\\\/rafaramirez.org\\\/blog\\\/#website\",\"url\":\"https:\\\/\\\/rafaramirez.org\\\/blog\\\/\",\"name\":\"Blog de Rafael Ram\u00edrez\",\"description\":\"Un sitio social, de arte y cultura\",\"publisher\":{\"@id\":\"https:\\\/\\\/rafaramirez.org\\\/blog\\\/#\\\/schema\\\/person\\\/50f43b6d60c578760d4c17bda54ab6a5\"},\"potentialAction\":[{\"@type\":\"SearchAction\",\"target\":{\"@type\":\"EntryPoint\",\"urlTemplate\":\"https:\\\/\\\/rafaramirez.org\\\/blog\\\/?s={search_term_string}\"},\"query-input\":{\"@type\":\"PropertyValueSpecification\",\"valueRequired\":true,\"valueName\":\"search_term_string\"}}],\"inLanguage\":\"es\"},{\"@type\":[\"Person\",\"Organization\"],\"@id\":\"https:\\\/\\\/rafaramirez.org\\\/blog\\\/#\\\/schema\\\/person\\\/50f43b6d60c578760d4c17bda54ab6a5\",\"name\":\"Rafael Ram\u00edrez\",\"image\":{\"@type\":\"ImageObject\",\"inLanguage\":\"es\",\"@id\":\"https:\\\/\\\/rafaramirez.org\\\/blog\\\/wp-content\\\/uploads\\\/2024\\\/09\\\/RR_socialnetwork.jpg\",\"url\":\"https:\\\/\\\/rafaramirez.org\\\/blog\\\/wp-content\\\/uploads\\\/2024\\\/09\\\/RR_socialnetwork.jpg\",\"contentUrl\":\"https:\\\/\\\/rafaramirez.org\\\/blog\\\/wp-content\\\/uploads\\\/2024\\\/09\\\/RR_socialnetwork.jpg\",\"width\":600,\"height\":606,\"caption\":\"Rafael Ram\u00edrez\"},\"logo\":{\"@id\":\"https:\\\/\\\/rafaramirez.org\\\/blog\\\/wp-content\\\/uploads\\\/2024\\\/09\\\/RR_socialnetwork.jpg\"},\"sameAs\":[\"https:\\\/\\\/www.rafaramirez.org\\\/blog\",\"https:\\\/\\\/www.instagram.com\\\/rafaramirez_ok\\\/\",\"https:\\\/\\\/es.pinterest.com\\\/Ramirez_Rafa\\\/\",\"https:\\\/\\\/x.com\\\/rafaramirez_ok\"],\"url\":\"https:\\\/\\\/rafaramirez.org\\\/blog\\\/index.php\\\/author\\\/rafaell_qm6j97da\\\/\"}]}<\/script>\n<!-- \/ Yoast SEO plugin. -->","yoast_head_json":{"title":"El olor de la guayaba. Gabriel Garcia M\u00e1rquez. - Blog de Rafael Ram\u00edrez","robots":{"index":"index","follow":"follow","max-snippet":"max-snippet:-1","max-image-preview":"max-image-preview:large","max-video-preview":"max-video-preview:-1"},"canonical":"https:\/\/rafaramirez.org\/blog\/index.php\/2009\/11\/27\/el-olor-de-la-guayaba-gabriel-garcia-marquez\/","og_locale":"es_ES","og_type":"article","og_title":"El olor de la guayaba. Gabriel Garcia M\u00e1rquez. - Blog de Rafael Ram\u00edrez","og_description":"El olor de la guayaba nace en 1982 de prolongadas conversaciones entre Plinio Apuleyo Mendoza, escritor y periodista colombiano, y su viejo amigo Gabriel Garc\u00eda M\u00e1rquez. Recuerdos de infancia y de juventud, evocaciones de im\u00e1genes y olores del Caribe, relaciones con sus amigos an\u00f3nimos y famosos, literatura y creaci\u00f3n, pol\u00edtica y compromiso&#8230; Quien las quiera [&hellip;]","og_url":"https:\/\/rafaramirez.org\/blog\/index.php\/2009\/11\/27\/el-olor-de-la-guayaba-gabriel-garcia-marquez\/","og_site_name":"Blog de Rafael Ram\u00edrez","article_published_time":"2009-11-27T20:12:02+00:00","article_modified_time":"2024-01-18T15:17:59+00:00","og_image":[{"width":700,"height":434,"url":"https:\/\/rafaramirez.org\/blog\/wp-content\/uploads\/2009\/11\/Gabriel_Garcia_Marquez.jpg","type":"image\/jpeg"}],"author":"Rafael Ram\u00edrez","twitter_card":"summary_large_image","twitter_creator":"@rafaramirez_ok","twitter_site":"@rafaramirez_ok","twitter_misc":{"Escrito por":"Rafael Ram\u00edrez","Tiempo de lectura":"1 minuto"},"schema":{"@context":"https:\/\/schema.org","@graph":[{"@type":"Article","@id":"https:\/\/rafaramirez.org\/blog\/index.php\/2009\/11\/27\/el-olor-de-la-guayaba-gabriel-garcia-marquez\/#article","isPartOf":{"@id":"https:\/\/rafaramirez.org\/blog\/index.php\/2009\/11\/27\/el-olor-de-la-guayaba-gabriel-garcia-marquez\/"},"author":{"name":"Rafael Ram\u00edrez","@id":"https:\/\/rafaramirez.org\/blog\/#\/schema\/person\/50f43b6d60c578760d4c17bda54ab6a5"},"headline":"El olor de la guayaba. Gabriel Garcia M\u00e1rquez.","datePublished":"2009-11-27T20:12:02+00:00","dateModified":"2024-01-18T15:17:59+00:00","mainEntityOfPage":{"@id":"https:\/\/rafaramirez.org\/blog\/index.php\/2009\/11\/27\/el-olor-de-la-guayaba-gabriel-garcia-marquez\/"},"wordCount":129,"commentCount":0,"publisher":{"@id":"https:\/\/rafaramirez.org\/blog\/#\/schema\/person\/50f43b6d60c578760d4c17bda54ab6a5"},"image":{"@id":"https:\/\/rafaramirez.org\/blog\/index.php\/2009\/11\/27\/el-olor-de-la-guayaba-gabriel-garcia-marquez\/#primaryimage"},"thumbnailUrl":"https:\/\/rafaramirez.org\/blog\/wp-content\/uploads\/2009\/11\/Gabriel_Garcia_Marquez.jpg","keywords":["El olor de la guayaba","Gabriel Garc\u00eda Marquez","libro recomendado","noticias culturales","Plinio Apuleyo Mendoza"],"articleSection":["Literatura"],"inLanguage":"es","potentialAction":[{"@type":"CommentAction","name":"Comment","target":["https:\/\/rafaramirez.org\/blog\/index.php\/2009\/11\/27\/el-olor-de-la-guayaba-gabriel-garcia-marquez\/#respond"]}]},{"@type":"WebPage","@id":"https:\/\/rafaramirez.org\/blog\/index.php\/2009\/11\/27\/el-olor-de-la-guayaba-gabriel-garcia-marquez\/","url":"https:\/\/rafaramirez.org\/blog\/index.php\/2009\/11\/27\/el-olor-de-la-guayaba-gabriel-garcia-marquez\/","name":"El olor de la guayaba. Gabriel Garcia M\u00e1rquez. - Blog de Rafael Ram\u00edrez","isPartOf":{"@id":"https:\/\/rafaramirez.org\/blog\/#website"},"primaryImageOfPage":{"@id":"https:\/\/rafaramirez.org\/blog\/index.php\/2009\/11\/27\/el-olor-de-la-guayaba-gabriel-garcia-marquez\/#primaryimage"},"image":{"@id":"https:\/\/rafaramirez.org\/blog\/index.php\/2009\/11\/27\/el-olor-de-la-guayaba-gabriel-garcia-marquez\/#primaryimage"},"thumbnailUrl":"https:\/\/rafaramirez.org\/blog\/wp-content\/uploads\/2009\/11\/Gabriel_Garcia_Marquez.jpg","datePublished":"2009-11-27T20:12:02+00:00","dateModified":"2024-01-18T15:17:59+00:00","breadcrumb":{"@id":"https:\/\/rafaramirez.org\/blog\/index.php\/2009\/11\/27\/el-olor-de-la-guayaba-gabriel-garcia-marquez\/#breadcrumb"},"inLanguage":"es","potentialAction":[{"@type":"ReadAction","target":["https:\/\/rafaramirez.org\/blog\/index.php\/2009\/11\/27\/el-olor-de-la-guayaba-gabriel-garcia-marquez\/"]}]},{"@type":"ImageObject","inLanguage":"es","@id":"https:\/\/rafaramirez.org\/blog\/index.php\/2009\/11\/27\/el-olor-de-la-guayaba-gabriel-garcia-marquez\/#primaryimage","url":"https:\/\/rafaramirez.org\/blog\/wp-content\/uploads\/2009\/11\/Gabriel_Garcia_Marquez.jpg","contentUrl":"https:\/\/rafaramirez.org\/blog\/wp-content\/uploads\/2009\/11\/Gabriel_Garcia_Marquez.jpg","width":700,"height":434},{"@type":"BreadcrumbList","@id":"https:\/\/rafaramirez.org\/blog\/index.php\/2009\/11\/27\/el-olor-de-la-guayaba-gabriel-garcia-marquez\/#breadcrumb","itemListElement":[{"@type":"ListItem","position":1,"name":"Portada","item":"https:\/\/rafaramirez.org\/blog\/"},{"@type":"ListItem","position":2,"name":"El olor de la guayaba. Gabriel Garcia M\u00e1rquez."}]},{"@type":"WebSite","@id":"https:\/\/rafaramirez.org\/blog\/#website","url":"https:\/\/rafaramirez.org\/blog\/","name":"Blog de Rafael Ram\u00edrez","description":"Un sitio social, de arte y cultura","publisher":{"@id":"https:\/\/rafaramirez.org\/blog\/#\/schema\/person\/50f43b6d60c578760d4c17bda54ab6a5"},"potentialAction":[{"@type":"SearchAction","target":{"@type":"EntryPoint","urlTemplate":"https:\/\/rafaramirez.org\/blog\/?s={search_term_string}"},"query-input":{"@type":"PropertyValueSpecification","valueRequired":true,"valueName":"search_term_string"}}],"inLanguage":"es"},{"@type":["Person","Organization"],"@id":"https:\/\/rafaramirez.org\/blog\/#\/schema\/person\/50f43b6d60c578760d4c17bda54ab6a5","name":"Rafael Ram\u00edrez","image":{"@type":"ImageObject","inLanguage":"es","@id":"https:\/\/rafaramirez.org\/blog\/wp-content\/uploads\/2024\/09\/RR_socialnetwork.jpg","url":"https:\/\/rafaramirez.org\/blog\/wp-content\/uploads\/2024\/09\/RR_socialnetwork.jpg","contentUrl":"https:\/\/rafaramirez.org\/blog\/wp-content\/uploads\/2024\/09\/RR_socialnetwork.jpg","width":600,"height":606,"caption":"Rafael Ram\u00edrez"},"logo":{"@id":"https:\/\/rafaramirez.org\/blog\/wp-content\/uploads\/2024\/09\/RR_socialnetwork.jpg"},"sameAs":["https:\/\/www.rafaramirez.org\/blog","https:\/\/www.instagram.com\/rafaramirez_ok\/","https:\/\/es.pinterest.com\/Ramirez_Rafa\/","https:\/\/x.com\/rafaramirez_ok"],"url":"https:\/\/rafaramirez.org\/blog\/index.php\/author\/rafaell_qm6j97da\/"}]}},"jetpack_publicize_connections":[],"jetpack_sharing_enabled":true,"jetpack_likes_enabled":true,"jetpack_featured_media_url":"https:\/\/rafaramirez.org\/blog\/wp-content\/uploads\/2009\/11\/Gabriel_Garcia_Marquez.jpg","_links":{"self":[{"href":"https:\/\/rafaramirez.org\/blog\/index.php\/wp-json\/wp\/v2\/posts\/1219","targetHints":{"allow":["GET"]}}],"collection":[{"href":"https:\/\/rafaramirez.org\/blog\/index.php\/wp-json\/wp\/v2\/posts"}],"about":[{"href":"https:\/\/rafaramirez.org\/blog\/index.php\/wp-json\/wp\/v2\/types\/post"}],"author":[{"embeddable":true,"href":"https:\/\/rafaramirez.org\/blog\/index.php\/wp-json\/wp\/v2\/users\/1"}],"replies":[{"embeddable":true,"href":"https:\/\/rafaramirez.org\/blog\/index.php\/wp-json\/wp\/v2\/comments?post=1219"}],"version-history":[{"count":2,"href":"https:\/\/rafaramirez.org\/blog\/index.php\/wp-json\/wp\/v2\/posts\/1219\/revisions"}],"predecessor-version":[{"id":2676,"href":"https:\/\/rafaramirez.org\/blog\/index.php\/wp-json\/wp\/v2\/posts\/1219\/revisions\/2676"}],"wp:featuredmedia":[{"embeddable":true,"href":"https:\/\/rafaramirez.org\/blog\/index.php\/wp-json\/wp\/v2\/media\/2674"}],"wp:attachment":[{"href":"https:\/\/rafaramirez.org\/blog\/index.php\/wp-json\/wp\/v2\/media?parent=1219"}],"wp:term":[{"taxonomy":"category","embeddable":true,"href":"https:\/\/rafaramirez.org\/blog\/index.php\/wp-json\/wp\/v2\/categories?post=1219"},{"taxonomy":"post_tag","embeddable":true,"href":"https:\/\/rafaramirez.org\/blog\/index.php\/wp-json\/wp\/v2\/tags?post=1219"}],"curies":[{"name":"wp","href":"https:\/\/api.w.org\/{rel}","templated":true}]}}