{"id":12173,"date":"2026-03-23T08:00:44","date_gmt":"2026-03-23T07:00:44","guid":{"rendered":"https:\/\/rafaramirez.org\/blog\/?p=12173"},"modified":"2026-03-23T12:03:49","modified_gmt":"2026-03-23T11:03:49","slug":"primavera-en-otono-1973-pelicula-recomendada","status":"publish","type":"post","link":"https:\/\/rafaramirez.org\/blog\/index.php\/2026\/03\/23\/primavera-en-otono-1973-pelicula-recomendada\/","title":{"rendered":"Primavera en oto\u00f1o, de Clint Eastwood: cuando el tiempo se detiene para escuchar al coraz\u00f3n."},"content":{"rendered":"<p>Hablar de Primavera en oto\u00f1o (1973) \u2014o Breezy, su t\u00edtulo original\u2014 es hacerlo de una de las peque\u00f1as rarezas dentro de la filmograf\u00eda de Clint Eastwood como director, una peque\u00f1a joya que hoy os traigo dentro de las recomendaciones de cine. Se trata de una pel\u00edcula \u00edntima, casi pudorosa, que parece hecha a contracorriente de la imagen dura y lac\u00f3nica que por entonces defin\u00eda al actor. En esta ocasi\u00f3n, Eastwood deja a un lado las pistolas y los silencios amenazantes para contarnos una historia de amor improbable entre un hombre maduro, interpretado por William Holden, y una joven hippie llena de vitalidad, encarnada por Kay Lenz.<\/p>\n<p>Lo interesante es que la pel\u00edcula no se limita a plantear el romance como un choque generacional, sino como un encuentro entre dos formas de estar en el mundo. Holden interpreta a un hombre cansado, casi resignado, que ha hecho de la rutina su refugio; Lenz, por su parte, aparece como una bocanada de aire fresco, con una espontaneidad que no es ingenua, sino profundamente humana. Eastwood filma esta relaci\u00f3n con una delicadeza que sorprende: evita el morbo y el juicio, y se concentra en la ternura, los silencios compartidos y la manera en que dos personas pueden encontrarse cuando ya no esperaban nada.<\/p>\n<p>La pel\u00edcula tiene ese aroma de los a\u00f1os setenta, cuando el cine estadounidense se permit\u00eda ser m\u00e1s contemplativo y emocional sin caer en el sentimentalismo. Hay escenas que parecen casi improvisadas, como si la c\u00e1mara simplemente acompa\u00f1ara a los personajes mientras descubren qu\u00e9 hacer con lo que sienten. Y, aunque algunos la han tachado de \u00abmenor\u00bb dentro de la carrera de Eastwood, lo cierto es que Primavera en oto\u00f1o posee una honestidad que muchas obras m\u00e1s ambiciosas no logran.<\/p>\n<p>Holden, ya en una etapa crepuscular de su carrera, ofrece una interpretaci\u00f3n llena de matices: un hombre que teme al rid\u00edculo y se debate entre el deseo y la prudencia, entre la necesidad de afecto y el miedo a perder el control. Lenz, por su parte, ilumina la pantalla con una mezcla de fragilidad y determinaci\u00f3n que hace cre\u00edble la relaci\u00f3n desde el primer momento. Eastwood, detr\u00e1s de la c\u00e1mara, parece observarlos con una mezcla de respeto y curiosidad, sin imponer un mensaje moral ni convertir la historia en un manifiesto generacional.<\/p>\n<p>Quiz\u00e1 por eso la pel\u00edcula funciona: no pretende demostrar nada. Es un relato sencillo y casi humilde sobre dos personas que se encuentran en un momento inesperado de sus vidas. Aunque el paso del tiempo ha hecho que algunos elementos envejezcan \u2014la est\u00e9tica hippie, ciertos di\u00e1logos propios de la \u00e9poca\u2014, la emoci\u00f3n central permanece intacta. Primavera en oto\u00f1o es, en el fondo, una pel\u00edcula sobre la posibilidad de volver a sentir, incluso cuando uno cree que ya no le queda primavera.<\/p>\n<h3>Detr\u00e1s de \u00abPrimavera en oto\u00f1o\u00bb.<\/h3>\n<p>La historia que hay detr\u00e1s de Primavera en oto\u00f1o es casi tan interesante como la propia pel\u00edcula. Clint Eastwood ven\u00eda de dirigir Escalofr\u00edo en la noche e Infierno de cobardes, dos pel\u00edculas intensas marcadas por la violencia y el suspense. El hecho de que su tercer largometraje fuera un drama rom\u00e1ntico \u00edntimo, en el que \u00e9l no aparec\u00eda, desconcert\u00f3 a muchos en la industria. Pero ah\u00ed est\u00e1 precisamente la clave: Eastwood quer\u00eda demostrar que pod\u00eda dirigir algo completamente distinto, algo peque\u00f1o, emocional y sin artificios. Para ello, apost\u00f3 por un guion de Jo Heims, una escritora con la que ya hab\u00eda colaborado y que ten\u00eda un talento especial para explorar relaciones complejas sin caer en t\u00f3picos.<\/p>\n<p>Lo curioso es que Primavera en oto\u00f1o fue una producci\u00f3n modesta: un presupuesto de apenas 750 000 d\u00f3lares, un rodaje r\u00e1pido y un equipo reducido. Trabaj\u00f3 con su productora, Malpaso, lo que le dio libertad creativa, pero tambi\u00e9n signific\u00f3 que deb\u00eda ser extremadamente eficiente. William Holden, por entonces una estrella veterana, acept\u00f3 el papel porque le atra\u00eda la idea de interpretar a un hombre vulnerable, lejos de los h\u00e9roes duros que sol\u00eda encarnar. Kay Lenz, en cambio, era pr\u00e1cticamente una reci\u00e9n llegada: Eastwood la eligi\u00f3 por su naturalidad, su mezcla de fragilidad y determinaci\u00f3n, y porque encarnaba sin esfuerzo el esp\u00edritu libre del personaje.<\/p>\n<p>Durante el rodaje, Eastwood mantuvo un ambiente relajado, casi familiar. Las fotograf\u00edas del making of muestran a un director joven y tranquilo conversando con Holden y Lenz, sin grandes despliegues t\u00e9cnicos. Su estilo era directo: pocos ensayos, tomas naturales y mucha confianza en la intuici\u00f3n de los actores. Holden, acostumbrado a rodajes m\u00e1s r\u00edgidos, qued\u00f3 sorprendido por la sencillez del m\u00e9todo, pero termin\u00f3 apreci\u00e1ndolo. Lenz, por su parte, ha contado en entrevistas que Eastwood la trat\u00f3 con enorme respeto, consciente de que su personaje pod\u00eda ser malinterpretado si no se manejaba con delicadeza.<\/p>\n<p>Un detalle interesante es que la pel\u00edcula fue recibida con tibieza en Estados Unidos, pero funcion\u00f3 mejor en Europa, especialmente en Francia y Espa\u00f1a, donde se valoraron su sensibilidad y su tono melanc\u00f3lico. Con el paso del tiempo, Primavera en oto\u00f1o se ha convertido en una obra de culto dentro de la filmograf\u00eda de Eastwood: una producci\u00f3n modesta, pero honesta. Tambi\u00e9n es una de las pocas veces que el director explor\u00f3 el amor desde un punto de vista \u00edntimo, sin cinismo, iron\u00eda ni violencia. Solo dos personas intentando entenderse.<\/p>\n<p>Y quiz\u00e1 ah\u00ed reside su encanto: en que no pretende ser grandiosa, sino verdadera. Una pel\u00edcula que, como su protagonista, llega sin avisar y se queda m\u00e1s tiempo del esperado.<\/p>\n<figure id=\"attachment_12178\" aria-describedby=\"caption-attachment-12178\" style=\"width: 212px\" class=\"wp-caption aligncenter\"><a href=\"https:\/\/rafaramirez.org\/blog\/wp-content\/uploads\/2026\/03\/Primavera-en-otonio_cartel.jpg\" target=\"_blank\" rel=\"noopener\"><img loading=\"lazy\" decoding=\"async\" class=\"wp-image-12178 size-medium\" src=\"https:\/\/rafaramirez.org\/blog\/wp-content\/uploads\/2026\/03\/Primavera-en-otonio_cartel-212x300.jpg\" alt=\"Cartel de &quot;Primavera en oto\u00f1o&quot; (1973). Pel\u00edcula recomendada. Blog de Rafael Ram\u00edrez.\" width=\"212\" height=\"300\" srcset=\"https:\/\/rafaramirez.org\/blog\/wp-content\/uploads\/2026\/03\/Primavera-en-otonio_cartel-212x300.jpg 212w, https:\/\/rafaramirez.org\/blog\/wp-content\/uploads\/2026\/03\/Primavera-en-otonio_cartel.jpg 589w\" sizes=\"auto, (max-width: 212px) 100vw, 212px\" \/><\/a><figcaption id=\"caption-attachment-12178\" class=\"wp-caption-text\">Cartel de \u00abPrimavera en oto\u00f1o\u00bb (1973). Pel\u00edcula recomendada. Blog de Rafael Ram\u00edrez.<\/figcaption><\/figure>\n<h3>Ficha t\u00e9cnica de la pel\u00edcula.<\/h3>\n<p><strong>T\u00edtulo original:<\/strong> <em>Breezy<\/em><\/p>\n<p><strong>T\u00edtulo en Espa\u00f1a:<\/strong> <em>Primavera en oto\u00f1o<\/em><\/p>\n<p><strong>A\u00f1o:<\/strong> 1973<\/p>\n<p><strong>Pa\u00eds:<\/strong> Estados Unidos<\/p>\n<p><strong>Duraci\u00f3n:<\/strong> 108 minutos<\/p>\n<p><strong>G\u00e9nero:<\/strong> Drama rom\u00e1ntico<\/p>\n<p><strong>Direcci\u00f3n:<\/strong> Clint Eastwood<\/p>\n<p><strong>Guion:<\/strong> Jo Heims<\/p>\n<p><strong>Producci\u00f3n:<\/strong> Malpaso Company \/ Universal Pictures<\/p>\n<p><strong>Productores:<\/strong> Clint Eastwood, Robert Daley<\/p>\n<p><strong>Fotograf\u00eda:<\/strong> Frank Stanley<\/p>\n<p><strong>Montaje:<\/strong> Ferris Webster<\/p>\n<p><strong>M\u00fasica:<\/strong> Michel Legrand<\/p>\n<p><strong>Reparto principal:<\/strong><\/p>\n<ul>\n<li>William Holden (Frank Harmon)<\/li>\n<li>Kay Lenz (Breezy)<\/li>\n<li>Roger C. Carmel<\/li>\n<li>Marj Dusay<\/li>\n<li>Joan Hotchkiss<\/li>\n<\/ul>\n<p><strong>Distribuidora:<\/strong> Universal Pictures<\/p>\n<p><strong>Presupuesto estimado:<\/strong> alrededor de 750.000 d\u00f3lares<\/p>\n<figure id=\"attachment_12179\" aria-describedby=\"caption-attachment-12179\" style=\"width: 300px\" class=\"wp-caption aligncenter\"><a href=\"https:\/\/rafaramirez.org\/blog\/wp-content\/uploads\/2026\/03\/primavera-en-otono.jpg\" target=\"_blank\" rel=\"noopener\"><img loading=\"lazy\" decoding=\"async\" class=\"wp-image-12179 size-medium\" src=\"https:\/\/rafaramirez.org\/blog\/wp-content\/uploads\/2026\/03\/primavera-en-otono-300x156.jpg\" alt=\"Escena de &quot;Primavera en oto\u00f1o&quot; (1973). Pel\u00edcula recomendada. Blog de Rafael Ram\u00edrez.\" width=\"300\" height=\"156\" srcset=\"https:\/\/rafaramirez.org\/blog\/wp-content\/uploads\/2026\/03\/primavera-en-otono-300x156.jpg 300w, https:\/\/rafaramirez.org\/blog\/wp-content\/uploads\/2026\/03\/primavera-en-otono.jpg 640w\" sizes=\"auto, (max-width: 300px) 100vw, 300px\" \/><\/a><figcaption id=\"caption-attachment-12179\" class=\"wp-caption-text\">Escena de \u00abPrimavera en oto\u00f1o\u00bb (1973). Pel\u00edcula recomendada. Blog de Rafael Ram\u00edrez.<\/figcaption><\/figure>\n<h3>Tr\u00e1iler de \u201cPrimavera en oto\u00f1o\u201d.<\/h3>\n<p><iframe loading=\"lazy\" title=\"YouTube video player\" src=\"https:\/\/www.youtube.com\/embed\/38zpqhU_GcM?si=LZ5hMzpsz0NY7CJd\" width=\"560\" height=\"315\" frameborder=\"0\" allowfullscreen=\"allowfullscreen\"><\/iframe><\/p>\n<p>En resumen, no te la pierdas porque es una pel\u00edcula que respira verdad. Primavera en oto\u00f1o no intenta deslumbrar con artificios, sino que se centra en algo mucho m\u00e1s dif\u00edcil: mostrar c\u00f3mo dos personas muy distintas se encuentran y se transforman. Eastwood dirige con una sensibilidad inesperada, William Holden ofrece una de sus interpretaciones m\u00e1s humanas y Kay Lenz ilumina cada escena con una naturalidad desarmante. Es una historia sencilla, honesta y c\u00e1lida, de esas que no buscan imponerse, pero que te acompa\u00f1an despu\u00e9s de verla.<\/p>\n<p>M\u00e1s informaci\u00f3n:<\/p>\n<ul>\n<li><a href=\"https:\/\/www.dcine.org\/primavera-en-otono\" target=\"_blank\" rel=\"noopener\">Primavera en oto\u00f1o &#8211; Pel\u00edcula (1973) &#8211; Dcine.org<\/a>.<\/li>\n<li><a href=\"https:\/\/es.wikipedia.org\/wiki\/Breezy\" target=\"_blank\" rel=\"noopener\">Breezy &#8211; Wikipedia, la enciclopedia libre<\/a>.<\/li>\n<li><a href=\"https:\/\/www.google.com\/search?q=donde+comprar+o+ver+primavera+en+oto%C3%B1o+1973\" target=\"_blank\" rel=\"noopener\">D\u00f3nde comprar o ver Primavera en oto\u00f1o (1973) &#8211; Buscar con Google<\/a>.<\/li>\n<li><a href=\"https:\/\/rafaramirez.org\/blog\/index.php\/category\/arte\/cine\/\" target=\"_blank\" rel=\"noopener\">M\u00e1s cine recomendado<\/a>.<\/li>\n<\/ul>\n","protected":false},"excerpt":{"rendered":"<p>Hablar de Primavera en oto\u00f1o (1973) \u2014o Breezy, su t\u00edtulo original\u2014 es hacerlo de una de las peque\u00f1as rarezas dentro de la filmograf\u00eda de Clint Eastwood como director, una peque\u00f1a joya que hoy os traigo dentro de las recomendaciones de cine. Se trata de una pel\u00edcula \u00edntima, casi pudorosa, que parece hecha a contracorriente de [&hellip;]<\/p>\n","protected":false},"author":1,"featured_media":12177,"comment_status":"open","ping_status":"closed","sticky":false,"template":"","format":"standard","meta":{"site-container-style":"default","site-container-layout":"default","site-sidebar-layout":"default","disable-article-header":"default","disable-site-header":"default","disable-site-footer":"default","disable-content-area-spacing":"default","_jetpack_newsletter_access":"","_jetpack_dont_email_post_to_subs":false,"_jetpack_newsletter_tier_id":0,"_jetpack_memberships_contains_paywalled_content":false,"_jetpack_feature_clip_id":0,"_jetpack_memberships_contains_paid_content":false,"footnotes":"","jetpack_publicize_message":"","jetpack_publicize_feature_enabled":true,"jetpack_social_post_already_shared":true,"jetpack_social_options":{"image_generator_settings":{"template":"highway","default_image_id":0,"font":"","enabled":false},"version":2},"jetpack_post_was_ever_published":false},"categories":[711],"tags":[103,4004,4806,1456,4807,4808,4805,897,4803,4645,4804],"class_list":["post-12173","post","type-post","status-publish","format-standard","has-post-thumbnail","hentry","category-cine","tag-cine","tag-cine-recomendado","tag-clint-eastwood","tag-critica-de-peliculas","tag-kay-lenz","tag-pelicula-de-1973","tag-pelicula-de-clint-eastwood","tag-pelicula-recomendada","tag-primavera-en-otono-1973","tag-resena-de-peliculas","tag-william-holden"],"yoast_head":"<!-- This site is optimized with the Yoast SEO plugin v28.4 - https:\/\/yoast.com\/product\/yoast-seo-wordpress\/ -->\n<title>Primavera en oto\u00f1o, de Clint Eastwood: cuando el tiempo se detiene para escuchar al coraz\u00f3n. - Blog de Rafael Ram\u00edrez<\/title>\n<meta name=\"description\" content=\"Hablar de Primavera en oto\u00f1o (1973) \u2014o Breezy, su t\u00edtulo original\u2014 es hacerlo de una de las peque\u00f1as rarezas dentro de la filmograf\u00eda de Clin\" \/>\n<meta name=\"robots\" content=\"index, follow, max-snippet:-1, max-image-preview:large, max-video-preview:-1\" \/>\n<link rel=\"canonical\" href=\"https:\/\/rafaramirez.org\/blog\/index.php\/2026\/03\/23\/primavera-en-otono-1973-pelicula-recomendada\/\" \/>\n<meta property=\"og:locale\" content=\"es_ES\" \/>\n<meta property=\"og:type\" content=\"article\" \/>\n<meta property=\"og:title\" content=\"Primavera en oto\u00f1o, de Clint Eastwood: cuando el tiempo se detiene para escuchar al coraz\u00f3n. - Blog de Rafael Ram\u00edrez\" \/>\n<meta property=\"og:description\" content=\"Hablar de Primavera en oto\u00f1o (1973) \u2014o Breezy, su t\u00edtulo original\u2014 es hacerlo de una de las peque\u00f1as rarezas dentro de la filmograf\u00eda de Clin\" \/>\n<meta property=\"og:url\" content=\"https:\/\/rafaramirez.org\/blog\/index.php\/2026\/03\/23\/primavera-en-otono-1973-pelicula-recomendada\/\" \/>\n<meta property=\"og:site_name\" content=\"Blog de Rafael Ram\u00edrez\" \/>\n<meta property=\"article:published_time\" content=\"2026-03-23T07:00:44+00:00\" \/>\n<meta property=\"article:modified_time\" content=\"2026-03-23T11:03:49+00:00\" \/>\n<meta property=\"og:image\" content=\"https:\/\/rafaramirez.org\/blog\/wp-content\/uploads\/2026\/03\/Primavera-en-otono_bannerlog.jpg\" \/>\n\t<meta property=\"og:image:width\" content=\"720\" \/>\n\t<meta property=\"og:image:height\" content=\"440\" \/>\n\t<meta property=\"og:image:type\" content=\"image\/jpeg\" \/>\n<meta name=\"author\" content=\"Rafael Ram\u00edrez\" \/>\n<meta name=\"twitter:card\" content=\"summary_large_image\" \/>\n<meta name=\"twitter:creator\" content=\"@rafaramirez_ok\" \/>\n<meta name=\"twitter:site\" content=\"@rafaramirez_ok\" \/>\n<meta name=\"twitter:label1\" content=\"Escrito por\" \/>\n\t<meta name=\"twitter:data1\" content=\"Rafael Ram\u00edrez\" \/>\n\t<meta name=\"twitter:label2\" content=\"Tiempo de lectura\" \/>\n\t<meta name=\"twitter:data2\" content=\"6 minutos\" \/>\n<script type=\"application\/ld+json\" class=\"yoast-schema-graph\">{\"@context\":\"https:\\\/\\\/schema.org\",\"@graph\":[{\"@type\":\"Article\",\"@id\":\"https:\\\/\\\/rafaramirez.org\\\/blog\\\/index.php\\\/2026\\\/03\\\/23\\\/primavera-en-otono-1973-pelicula-recomendada\\\/#article\",\"isPartOf\":{\"@id\":\"https:\\\/\\\/rafaramirez.org\\\/blog\\\/index.php\\\/2026\\\/03\\\/23\\\/primavera-en-otono-1973-pelicula-recomendada\\\/\"},\"author\":{\"name\":\"Rafael Ram\u00edrez\",\"@id\":\"https:\\\/\\\/rafaramirez.org\\\/blog\\\/#\\\/schema\\\/person\\\/50f43b6d60c578760d4c17bda54ab6a5\"},\"headline\":\"Primavera en oto\u00f1o, de Clint Eastwood: cuando el tiempo se detiene para escuchar al coraz\u00f3n.\",\"datePublished\":\"2026-03-23T07:00:44+00:00\",\"dateModified\":\"2026-03-23T11:03:49+00:00\",\"mainEntityOfPage\":{\"@id\":\"https:\\\/\\\/rafaramirez.org\\\/blog\\\/index.php\\\/2026\\\/03\\\/23\\\/primavera-en-otono-1973-pelicula-recomendada\\\/\"},\"wordCount\":1261,\"commentCount\":0,\"publisher\":{\"@id\":\"https:\\\/\\\/rafaramirez.org\\\/blog\\\/#\\\/schema\\\/person\\\/50f43b6d60c578760d4c17bda54ab6a5\"},\"image\":{\"@id\":\"https:\\\/\\\/rafaramirez.org\\\/blog\\\/index.php\\\/2026\\\/03\\\/23\\\/primavera-en-otono-1973-pelicula-recomendada\\\/#primaryimage\"},\"thumbnailUrl\":\"https:\\\/\\\/rafaramirez.org\\\/blog\\\/wp-content\\\/uploads\\\/2026\\\/03\\\/Primavera-en-otono_bannerlog.jpg\",\"keywords\":[\"cine\",\"cine recomendado\",\"Clint Eastwood\",\"cr\u00edtica de pel\u00edculas\",\"Kay Lenz\",\"pel\u00edcula de 1973\",\"pel\u00edcula de Clint Eastwood\",\"pel\u00edcula recomendada\",\"Primavera en oto\u00f1o 1973\",\"rese\u00f1a de pel\u00edculas\",\"William Holden\"],\"articleSection\":[\"Cine\"],\"inLanguage\":\"es\",\"potentialAction\":[{\"@type\":\"CommentAction\",\"name\":\"Comment\",\"target\":[\"https:\\\/\\\/rafaramirez.org\\\/blog\\\/index.php\\\/2026\\\/03\\\/23\\\/primavera-en-otono-1973-pelicula-recomendada\\\/#respond\"]}]},{\"@type\":\"WebPage\",\"@id\":\"https:\\\/\\\/rafaramirez.org\\\/blog\\\/index.php\\\/2026\\\/03\\\/23\\\/primavera-en-otono-1973-pelicula-recomendada\\\/\",\"url\":\"https:\\\/\\\/rafaramirez.org\\\/blog\\\/index.php\\\/2026\\\/03\\\/23\\\/primavera-en-otono-1973-pelicula-recomendada\\\/\",\"name\":\"Primavera en oto\u00f1o, de Clint Eastwood: cuando el tiempo se detiene para escuchar al coraz\u00f3n. - Blog de Rafael Ram\u00edrez\",\"isPartOf\":{\"@id\":\"https:\\\/\\\/rafaramirez.org\\\/blog\\\/#website\"},\"primaryImageOfPage\":{\"@id\":\"https:\\\/\\\/rafaramirez.org\\\/blog\\\/index.php\\\/2026\\\/03\\\/23\\\/primavera-en-otono-1973-pelicula-recomendada\\\/#primaryimage\"},\"image\":{\"@id\":\"https:\\\/\\\/rafaramirez.org\\\/blog\\\/index.php\\\/2026\\\/03\\\/23\\\/primavera-en-otono-1973-pelicula-recomendada\\\/#primaryimage\"},\"thumbnailUrl\":\"https:\\\/\\\/rafaramirez.org\\\/blog\\\/wp-content\\\/uploads\\\/2026\\\/03\\\/Primavera-en-otono_bannerlog.jpg\",\"datePublished\":\"2026-03-23T07:00:44+00:00\",\"dateModified\":\"2026-03-23T11:03:49+00:00\",\"description\":\"Hablar de Primavera en oto\u00f1o (1973) \u2014o Breezy, su t\u00edtulo original\u2014 es hacerlo de una de las peque\u00f1as rarezas dentro de la filmograf\u00eda de Clin\",\"breadcrumb\":{\"@id\":\"https:\\\/\\\/rafaramirez.org\\\/blog\\\/index.php\\\/2026\\\/03\\\/23\\\/primavera-en-otono-1973-pelicula-recomendada\\\/#breadcrumb\"},\"inLanguage\":\"es\",\"potentialAction\":[{\"@type\":\"ReadAction\",\"target\":[\"https:\\\/\\\/rafaramirez.org\\\/blog\\\/index.php\\\/2026\\\/03\\\/23\\\/primavera-en-otono-1973-pelicula-recomendada\\\/\"]}]},{\"@type\":\"ImageObject\",\"inLanguage\":\"es\",\"@id\":\"https:\\\/\\\/rafaramirez.org\\\/blog\\\/index.php\\\/2026\\\/03\\\/23\\\/primavera-en-otono-1973-pelicula-recomendada\\\/#primaryimage\",\"url\":\"https:\\\/\\\/rafaramirez.org\\\/blog\\\/wp-content\\\/uploads\\\/2026\\\/03\\\/Primavera-en-otono_bannerlog.jpg\",\"contentUrl\":\"https:\\\/\\\/rafaramirez.org\\\/blog\\\/wp-content\\\/uploads\\\/2026\\\/03\\\/Primavera-en-otono_bannerlog.jpg\",\"width\":720,\"height\":440,\"caption\":\"\\\"Primavera en oto\u00f1o\\\" (1973). Pel\u00edcula recomendada. Blog de Rafael Ram\u00edrez.\"},{\"@type\":\"BreadcrumbList\",\"@id\":\"https:\\\/\\\/rafaramirez.org\\\/blog\\\/index.php\\\/2026\\\/03\\\/23\\\/primavera-en-otono-1973-pelicula-recomendada\\\/#breadcrumb\",\"itemListElement\":[{\"@type\":\"ListItem\",\"position\":1,\"name\":\"Portada\",\"item\":\"https:\\\/\\\/rafaramirez.org\\\/blog\\\/\"},{\"@type\":\"ListItem\",\"position\":2,\"name\":\"Primavera en oto\u00f1o, de Clint Eastwood: cuando el tiempo se detiene para escuchar al coraz\u00f3n.\"}]},{\"@type\":\"WebSite\",\"@id\":\"https:\\\/\\\/rafaramirez.org\\\/blog\\\/#website\",\"url\":\"https:\\\/\\\/rafaramirez.org\\\/blog\\\/\",\"name\":\"Blog de Rafael Ram\u00edrez\",\"description\":\"Un sitio social, de arte y cultura\",\"publisher\":{\"@id\":\"https:\\\/\\\/rafaramirez.org\\\/blog\\\/#\\\/schema\\\/person\\\/50f43b6d60c578760d4c17bda54ab6a5\"},\"potentialAction\":[{\"@type\":\"SearchAction\",\"target\":{\"@type\":\"EntryPoint\",\"urlTemplate\":\"https:\\\/\\\/rafaramirez.org\\\/blog\\\/?s={search_term_string}\"},\"query-input\":{\"@type\":\"PropertyValueSpecification\",\"valueRequired\":true,\"valueName\":\"search_term_string\"}}],\"inLanguage\":\"es\"},{\"@type\":[\"Person\",\"Organization\"],\"@id\":\"https:\\\/\\\/rafaramirez.org\\\/blog\\\/#\\\/schema\\\/person\\\/50f43b6d60c578760d4c17bda54ab6a5\",\"name\":\"Rafael Ram\u00edrez\",\"image\":{\"@type\":\"ImageObject\",\"inLanguage\":\"es\",\"@id\":\"https:\\\/\\\/rafaramirez.org\\\/blog\\\/wp-content\\\/uploads\\\/2024\\\/09\\\/RR_socialnetwork.jpg\",\"url\":\"https:\\\/\\\/rafaramirez.org\\\/blog\\\/wp-content\\\/uploads\\\/2024\\\/09\\\/RR_socialnetwork.jpg\",\"contentUrl\":\"https:\\\/\\\/rafaramirez.org\\\/blog\\\/wp-content\\\/uploads\\\/2024\\\/09\\\/RR_socialnetwork.jpg\",\"width\":600,\"height\":606,\"caption\":\"Rafael Ram\u00edrez\"},\"logo\":{\"@id\":\"https:\\\/\\\/rafaramirez.org\\\/blog\\\/wp-content\\\/uploads\\\/2024\\\/09\\\/RR_socialnetwork.jpg\"},\"sameAs\":[\"https:\\\/\\\/www.rafaramirez.org\\\/blog\",\"https:\\\/\\\/www.instagram.com\\\/rafaramirez_ok\\\/\",\"https:\\\/\\\/es.pinterest.com\\\/Ramirez_Rafa\\\/\",\"https:\\\/\\\/x.com\\\/rafaramirez_ok\"],\"url\":\"https:\\\/\\\/rafaramirez.org\\\/blog\\\/index.php\\\/author\\\/rafaell_qm6j97da\\\/\"}]}<\/script>\n<!-- \/ Yoast SEO plugin. -->","yoast_head_json":{"title":"Primavera en oto\u00f1o, de Clint Eastwood: cuando el tiempo se detiene para escuchar al coraz\u00f3n. - Blog de Rafael Ram\u00edrez","description":"Hablar de Primavera en oto\u00f1o (1973) \u2014o Breezy, su t\u00edtulo original\u2014 es hacerlo de una de las peque\u00f1as rarezas dentro de la filmograf\u00eda de Clin","robots":{"index":"index","follow":"follow","max-snippet":"max-snippet:-1","max-image-preview":"max-image-preview:large","max-video-preview":"max-video-preview:-1"},"canonical":"https:\/\/rafaramirez.org\/blog\/index.php\/2026\/03\/23\/primavera-en-otono-1973-pelicula-recomendada\/","og_locale":"es_ES","og_type":"article","og_title":"Primavera en oto\u00f1o, de Clint Eastwood: cuando el tiempo se detiene para escuchar al coraz\u00f3n. - Blog de Rafael Ram\u00edrez","og_description":"Hablar de Primavera en oto\u00f1o (1973) \u2014o Breezy, su t\u00edtulo original\u2014 es hacerlo de una de las peque\u00f1as rarezas dentro de la filmograf\u00eda de Clin","og_url":"https:\/\/rafaramirez.org\/blog\/index.php\/2026\/03\/23\/primavera-en-otono-1973-pelicula-recomendada\/","og_site_name":"Blog de Rafael Ram\u00edrez","article_published_time":"2026-03-23T07:00:44+00:00","article_modified_time":"2026-03-23T11:03:49+00:00","og_image":[{"width":720,"height":440,"url":"https:\/\/rafaramirez.org\/blog\/wp-content\/uploads\/2026\/03\/Primavera-en-otono_bannerlog.jpg","type":"image\/jpeg"}],"author":"Rafael Ram\u00edrez","twitter_card":"summary_large_image","twitter_creator":"@rafaramirez_ok","twitter_site":"@rafaramirez_ok","twitter_misc":{"Escrito por":"Rafael Ram\u00edrez","Tiempo de lectura":"6 minutos"},"schema":{"@context":"https:\/\/schema.org","@graph":[{"@type":"Article","@id":"https:\/\/rafaramirez.org\/blog\/index.php\/2026\/03\/23\/primavera-en-otono-1973-pelicula-recomendada\/#article","isPartOf":{"@id":"https:\/\/rafaramirez.org\/blog\/index.php\/2026\/03\/23\/primavera-en-otono-1973-pelicula-recomendada\/"},"author":{"name":"Rafael Ram\u00edrez","@id":"https:\/\/rafaramirez.org\/blog\/#\/schema\/person\/50f43b6d60c578760d4c17bda54ab6a5"},"headline":"Primavera en oto\u00f1o, de Clint Eastwood: cuando el tiempo se detiene para escuchar al coraz\u00f3n.","datePublished":"2026-03-23T07:00:44+00:00","dateModified":"2026-03-23T11:03:49+00:00","mainEntityOfPage":{"@id":"https:\/\/rafaramirez.org\/blog\/index.php\/2026\/03\/23\/primavera-en-otono-1973-pelicula-recomendada\/"},"wordCount":1261,"commentCount":0,"publisher":{"@id":"https:\/\/rafaramirez.org\/blog\/#\/schema\/person\/50f43b6d60c578760d4c17bda54ab6a5"},"image":{"@id":"https:\/\/rafaramirez.org\/blog\/index.php\/2026\/03\/23\/primavera-en-otono-1973-pelicula-recomendada\/#primaryimage"},"thumbnailUrl":"https:\/\/rafaramirez.org\/blog\/wp-content\/uploads\/2026\/03\/Primavera-en-otono_bannerlog.jpg","keywords":["cine","cine recomendado","Clint Eastwood","cr\u00edtica de pel\u00edculas","Kay Lenz","pel\u00edcula de 1973","pel\u00edcula de Clint Eastwood","pel\u00edcula recomendada","Primavera en oto\u00f1o 1973","rese\u00f1a de pel\u00edculas","William Holden"],"articleSection":["Cine"],"inLanguage":"es","potentialAction":[{"@type":"CommentAction","name":"Comment","target":["https:\/\/rafaramirez.org\/blog\/index.php\/2026\/03\/23\/primavera-en-otono-1973-pelicula-recomendada\/#respond"]}]},{"@type":"WebPage","@id":"https:\/\/rafaramirez.org\/blog\/index.php\/2026\/03\/23\/primavera-en-otono-1973-pelicula-recomendada\/","url":"https:\/\/rafaramirez.org\/blog\/index.php\/2026\/03\/23\/primavera-en-otono-1973-pelicula-recomendada\/","name":"Primavera en oto\u00f1o, de Clint Eastwood: cuando el tiempo se detiene para escuchar al coraz\u00f3n. - Blog de Rafael Ram\u00edrez","isPartOf":{"@id":"https:\/\/rafaramirez.org\/blog\/#website"},"primaryImageOfPage":{"@id":"https:\/\/rafaramirez.org\/blog\/index.php\/2026\/03\/23\/primavera-en-otono-1973-pelicula-recomendada\/#primaryimage"},"image":{"@id":"https:\/\/rafaramirez.org\/blog\/index.php\/2026\/03\/23\/primavera-en-otono-1973-pelicula-recomendada\/#primaryimage"},"thumbnailUrl":"https:\/\/rafaramirez.org\/blog\/wp-content\/uploads\/2026\/03\/Primavera-en-otono_bannerlog.jpg","datePublished":"2026-03-23T07:00:44+00:00","dateModified":"2026-03-23T11:03:49+00:00","description":"Hablar de Primavera en oto\u00f1o (1973) \u2014o Breezy, su t\u00edtulo original\u2014 es hacerlo de una de las peque\u00f1as rarezas dentro de la filmograf\u00eda de Clin","breadcrumb":{"@id":"https:\/\/rafaramirez.org\/blog\/index.php\/2026\/03\/23\/primavera-en-otono-1973-pelicula-recomendada\/#breadcrumb"},"inLanguage":"es","potentialAction":[{"@type":"ReadAction","target":["https:\/\/rafaramirez.org\/blog\/index.php\/2026\/03\/23\/primavera-en-otono-1973-pelicula-recomendada\/"]}]},{"@type":"ImageObject","inLanguage":"es","@id":"https:\/\/rafaramirez.org\/blog\/index.php\/2026\/03\/23\/primavera-en-otono-1973-pelicula-recomendada\/#primaryimage","url":"https:\/\/rafaramirez.org\/blog\/wp-content\/uploads\/2026\/03\/Primavera-en-otono_bannerlog.jpg","contentUrl":"https:\/\/rafaramirez.org\/blog\/wp-content\/uploads\/2026\/03\/Primavera-en-otono_bannerlog.jpg","width":720,"height":440,"caption":"\"Primavera en oto\u00f1o\" (1973). Pel\u00edcula recomendada. Blog de Rafael Ram\u00edrez."},{"@type":"BreadcrumbList","@id":"https:\/\/rafaramirez.org\/blog\/index.php\/2026\/03\/23\/primavera-en-otono-1973-pelicula-recomendada\/#breadcrumb","itemListElement":[{"@type":"ListItem","position":1,"name":"Portada","item":"https:\/\/rafaramirez.org\/blog\/"},{"@type":"ListItem","position":2,"name":"Primavera en oto\u00f1o, de Clint Eastwood: cuando el tiempo se detiene para escuchar al coraz\u00f3n."}]},{"@type":"WebSite","@id":"https:\/\/rafaramirez.org\/blog\/#website","url":"https:\/\/rafaramirez.org\/blog\/","name":"Blog de Rafael Ram\u00edrez","description":"Un sitio social, de arte y cultura","publisher":{"@id":"https:\/\/rafaramirez.org\/blog\/#\/schema\/person\/50f43b6d60c578760d4c17bda54ab6a5"},"potentialAction":[{"@type":"SearchAction","target":{"@type":"EntryPoint","urlTemplate":"https:\/\/rafaramirez.org\/blog\/?s={search_term_string}"},"query-input":{"@type":"PropertyValueSpecification","valueRequired":true,"valueName":"search_term_string"}}],"inLanguage":"es"},{"@type":["Person","Organization"],"@id":"https:\/\/rafaramirez.org\/blog\/#\/schema\/person\/50f43b6d60c578760d4c17bda54ab6a5","name":"Rafael Ram\u00edrez","image":{"@type":"ImageObject","inLanguage":"es","@id":"https:\/\/rafaramirez.org\/blog\/wp-content\/uploads\/2024\/09\/RR_socialnetwork.jpg","url":"https:\/\/rafaramirez.org\/blog\/wp-content\/uploads\/2024\/09\/RR_socialnetwork.jpg","contentUrl":"https:\/\/rafaramirez.org\/blog\/wp-content\/uploads\/2024\/09\/RR_socialnetwork.jpg","width":600,"height":606,"caption":"Rafael Ram\u00edrez"},"logo":{"@id":"https:\/\/rafaramirez.org\/blog\/wp-content\/uploads\/2024\/09\/RR_socialnetwork.jpg"},"sameAs":["https:\/\/www.rafaramirez.org\/blog","https:\/\/www.instagram.com\/rafaramirez_ok\/","https:\/\/es.pinterest.com\/Ramirez_Rafa\/","https:\/\/x.com\/rafaramirez_ok"],"url":"https:\/\/rafaramirez.org\/blog\/index.php\/author\/rafaell_qm6j97da\/"}]}},"jetpack_publicize_connections":[],"jetpack_sharing_enabled":true,"jetpack_likes_enabled":true,"jetpack_featured_media_url":"https:\/\/rafaramirez.org\/blog\/wp-content\/uploads\/2026\/03\/Primavera-en-otono_bannerlog.jpg","_links":{"self":[{"href":"https:\/\/rafaramirez.org\/blog\/index.php\/wp-json\/wp\/v2\/posts\/12173","targetHints":{"allow":["GET"]}}],"collection":[{"href":"https:\/\/rafaramirez.org\/blog\/index.php\/wp-json\/wp\/v2\/posts"}],"about":[{"href":"https:\/\/rafaramirez.org\/blog\/index.php\/wp-json\/wp\/v2\/types\/post"}],"author":[{"embeddable":true,"href":"https:\/\/rafaramirez.org\/blog\/index.php\/wp-json\/wp\/v2\/users\/1"}],"replies":[{"embeddable":true,"href":"https:\/\/rafaramirez.org\/blog\/index.php\/wp-json\/wp\/v2\/comments?post=12173"}],"version-history":[{"count":6,"href":"https:\/\/rafaramirez.org\/blog\/index.php\/wp-json\/wp\/v2\/posts\/12173\/revisions"}],"predecessor-version":[{"id":12464,"href":"https:\/\/rafaramirez.org\/blog\/index.php\/wp-json\/wp\/v2\/posts\/12173\/revisions\/12464"}],"wp:featuredmedia":[{"embeddable":true,"href":"https:\/\/rafaramirez.org\/blog\/index.php\/wp-json\/wp\/v2\/media\/12177"}],"wp:attachment":[{"href":"https:\/\/rafaramirez.org\/blog\/index.php\/wp-json\/wp\/v2\/media?parent=12173"}],"wp:term":[{"taxonomy":"category","embeddable":true,"href":"https:\/\/rafaramirez.org\/blog\/index.php\/wp-json\/wp\/v2\/categories?post=12173"},{"taxonomy":"post_tag","embeddable":true,"href":"https:\/\/rafaramirez.org\/blog\/index.php\/wp-json\/wp\/v2\/tags?post=12173"}],"curies":[{"name":"wp","href":"https:\/\/api.w.org\/{rel}","templated":true}]}}