{"id":12151,"date":"2026-03-20T08:00:24","date_gmt":"2026-03-20T07:00:24","guid":{"rendered":"https:\/\/rafaramirez.org\/blog\/?p=12151"},"modified":"2026-02-19T11:24:45","modified_gmt":"2026-02-19T10:24:45","slug":"equinoccio-de-primavera-2026","status":"publish","type":"post","link":"https:\/\/rafaramirez.org\/blog\/index.php\/2026\/03\/20\/equinoccio-de-primavera-2026\/","title":{"rendered":"Equinoccio de primavera de 2026: ciencia, cultura y renacimiento."},"content":{"rendered":"<p>El equinoccio de primavera marca el momento en que el d\u00eda y la noche tienen casi la misma duraci\u00f3n. Esto sucede porque el Sol cruza el ecuador celeste y pasa del hemisferio sur al hemisferio norte, ubic\u00e1ndose directamente sobre el ecuador terrestre. Este cruce hace que el d\u00eda y la noche tengan pr\u00e1cticamente la misma duraci\u00f3n. Generalmente, ocurre alrededor del 20 o el 21 de marzo (este a\u00f1o es el 20) en el hemisferio norte y marca el inicio de la primavera astron\u00f3mica.<\/p>\n<p>Es un evento importante en muchas culturas y tradiciones, ya que simboliza el renacimiento, el equilibrio y el comienzo de un nuevo ciclo. Por ejemplo:<\/p>\n<ul>\n<li>En Ir\u00e1n y otras regiones se celebra el Nowruz, el A\u00f1o Nuevo persa.<\/li>\n<li>En la cultura celta y neopagana se asocia con Ostara, una festividad para honrar la fertilidad y la renovaci\u00f3n.<\/li>\n<li>En M\u00e9xico, sitios arqueol\u00f3gicos como Chich\u00e9n Itz\u00e1 reciben a miles de personas que observan los efectos visuales del equinoccio en las pir\u00e1mides.<\/li>\n<\/ul>\n<p>Adem\u00e1s, es un momento clave para los fen\u00f3menos naturales, ya que a partir de entonces los d\u00edas comienzan a alargarse y traen m\u00e1s luz y calor a muchas partes del mundo.<\/p>\n<figure id=\"attachment_12156\" aria-describedby=\"caption-attachment-12156\" style=\"width: 300px\" class=\"wp-caption aligncenter\"><img loading=\"lazy\" decoding=\"async\" class=\"wp-image-12156 size-medium\" src=\"https:\/\/rafaramirez.org\/blog\/wp-content\/uploads\/2026\/03\/Equinoccio-de-primavera-2026_1-300x200.jpg\" alt=\"Equinoccio de primavera 2026, 20 de marzo. Blog de Rafael Ram\u00edrez.\" width=\"300\" height=\"200\" srcset=\"https:\/\/rafaramirez.org\/blog\/wp-content\/uploads\/2026\/03\/Equinoccio-de-primavera-2026_1-300x200.jpg 300w, https:\/\/rafaramirez.org\/blog\/wp-content\/uploads\/2026\/03\/Equinoccio-de-primavera-2026_1-768x512.jpg 768w, https:\/\/rafaramirez.org\/blog\/wp-content\/uploads\/2026\/03\/Equinoccio-de-primavera-2026_1.jpg 850w\" sizes=\"auto, (max-width: 300px) 100vw, 300px\" \/><figcaption id=\"caption-attachment-12156\" class=\"wp-caption-text\">Equinoccio de primavera 2026, 20 de marzo. Blog de Rafael Ram\u00edrez.<\/figcaption><\/figure>\n<h3>Importancia de este d\u00eda.<\/h3>\n<p>El equinoccio de primavera tiene una gran importancia en diferentes aspectos de la vida:<\/p>\n<p><strong>1. Cultural y espiritual:<\/strong> muchas culturas lo asocian con el renacimiento de la naturaleza y la fertilidad. Por ejemplo, las antiguas civilizaciones celebraban rituales para agradecer la llegada de la primavera y pedir buenas cosechas.<br \/>\nTradiciones y festivales: festividades como el Nowruz en Ir\u00e1n, la Ostara en las tradiciones paganas o los rituales en yacimientos arqueol\u00f3gicos como Chich\u00e9n Itz\u00e1 reflejan la importancia simb\u00f3lica de este d\u00eda.<\/p>\n<p><strong>2. Astron\u00f3mico:<\/strong> es un evento clave para entender los movimientos del Sol y la Tierra. Marca el momento en que el Sol cruza el ecuador celeste, lo que trae equilibrio entre el d\u00eda y la noche.<\/p>\n<p><strong>3. Ecol\u00f3gico y natural:<\/strong> da inicio a un per\u00edodo de mayor luz y calor en el hemisferio norte, lo que influye en el crecimiento de las plantas, la reproducci\u00f3n animal y el inicio de las actividades agr\u00edcolas.<\/p>\n<p><strong>4. Psicol\u00f3gico y emocional:<\/strong> este d\u00eda simboliza nuevos comienzos, equilibrio y esperanza. Con la llegada de m\u00e1s luz, muchas personas sienten un impulso de energ\u00eda y optimismo.<\/p>\n<p>Es un momento que invita a reflexionar sobre el equilibrio en nuestras vidas y a celebrar la conexi\u00f3n con la naturaleza.<\/p>\n<figure id=\"attachment_12157\" aria-describedby=\"caption-attachment-12157\" style=\"width: 200px\" class=\"wp-caption aligncenter\"><img loading=\"lazy\" decoding=\"async\" class=\"wp-image-12157 size-medium\" src=\"https:\/\/rafaramirez.org\/blog\/wp-content\/uploads\/2026\/03\/Equinoccio-de-primavera-2026_2-200x300.jpg\" alt=\"Equinoccio de primavera 2026, 20 de marzo. Blog de Rafael Ram\u00edrez.\" width=\"200\" height=\"300\" srcset=\"https:\/\/rafaramirez.org\/blog\/wp-content\/uploads\/2026\/03\/Equinoccio-de-primavera-2026_2-200x300.jpg 200w, https:\/\/rafaramirez.org\/blog\/wp-content\/uploads\/2026\/03\/Equinoccio-de-primavera-2026_2.jpg 567w\" sizes=\"auto, (max-width: 200px) 100vw, 200px\" \/><figcaption id=\"caption-attachment-12157\" class=\"wp-caption-text\">Equinoccio de primavera 2026, 20 de marzo. Blog de Rafael Ram\u00edrez.<\/figcaption><\/figure>\n<p>El equinoccio de primavera es el canto de la naturaleza que anuncia el renacer: un momento en el que la luz y la oscuridad est\u00e1n en equilibrio perfecto. Simboliza nuevos comienzos, la fertilidad de la tierra y la \u00edntima conexi\u00f3n con los ciclos eternos del cosmos. Es un d\u00eda para sembrar sue\u00f1os y florecer junto con la primavera.<\/p>\n<p>M\u00e1s informaci\u00f3n:<\/p>\n<ul>\n<li><a href=\"https:\/\/es.wikipedia.org\/wiki\/Equinoccio_de_marzo\" target=\"_blank\" rel=\"noopener\">Equinoccio de marzo &#8211; Wikipedia, la enciclopedia libre<\/a>.<\/li>\n<li><a href=\"https:\/\/rafaramirez.org\/blog\/index.php\/2025\/09\/22\/equinoccio-de-otono-2025\/\" target=\"_blank\" rel=\"noopener\">Equinoccio de oto\u00f1o<\/a>.<\/li>\n<li><a href=\"https:\/\/rafaramirez.org\/blog\/index.php\/2025\/12\/21\/solsticio-de-invierno-2025\/\" target=\"_blank\" rel=\"noopener\">Solsticio de invierno<\/a>.<\/li>\n<li><a href=\"https:\/\/rafaramirez.org\/blog\/index.php\/2025\/06\/21\/solsticio-de-verano\/\" target=\"_blank\" rel=\"noopener\">Solsticio de verano<\/a>.<\/li>\n<li><a href=\"https:\/\/rafaramirez.org\/blog\/index.php\/category\/arte\/efemerides\/\" target=\"_blank\" rel=\"noopener\">M\u00e1s efem\u00e9rides<\/a>.<\/li>\n<\/ul>\n","protected":false},"excerpt":{"rendered":"<p>El equinoccio de primavera marca el momento en que el d\u00eda y la noche tienen casi la misma duraci\u00f3n. Esto sucede porque el Sol cruza el ecuador celeste y pasa del hemisferio sur al hemisferio norte, ubic\u00e1ndose directamente sobre el ecuador terrestre. Este cruce hace que el d\u00eda y la noche tengan pr\u00e1cticamente la misma [&hellip;]<\/p>\n","protected":false},"author":1,"featured_media":12160,"comment_status":"open","ping_status":"closed","sticky":false,"template":"","format":"standard","meta":{"site-container-style":"default","site-container-layout":"default","site-sidebar-layout":"default","disable-article-header":"default","disable-site-header":"default","disable-site-footer":"default","disable-content-area-spacing":"default","_jetpack_newsletter_access":"","_jetpack_dont_email_post_to_subs":false,"_jetpack_newsletter_tier_id":0,"_jetpack_memberships_contains_paywalled_content":false,"_jetpack_feature_clip_id":0,"_jetpack_memberships_contains_paid_content":false,"footnotes":"","jetpack_publicize_message":"","jetpack_publicize_feature_enabled":true,"jetpack_social_post_already_shared":true,"jetpack_social_options":{"image_generator_settings":{"template":"highway","default_image_id":0,"font":"","enabled":false},"version":2},"jetpack_post_was_ever_published":false},"categories":[1291],"tags":[1323,4117,4776,4098,4118],"class_list":["post-12151","post","type-post","status-publish","format-standard","has-post-thumbnail","hentry","category-efemerides","tag-efemerides","tag-efemerides-20-de-marzo","tag-efemerides-2026","tag-efemerides-de-marzo","tag-equinoccio-de-primavera"],"yoast_head":"<!-- This site is optimized with the Yoast SEO plugin v28.4 - https:\/\/yoast.com\/product\/yoast-seo-wordpress\/ -->\n<title>Equinoccio de primavera de 2026: ciencia, cultura y renacimiento. - Blog de Rafael Ram\u00edrez<\/title>\n<meta name=\"description\" content=\"El equinoccio de primavera marca el momento en que el d\u00eda y la noche tienen casi la misma duraci\u00f3n. Esto sucede porque el Sol cruza el ecuado\" \/>\n<meta name=\"robots\" content=\"index, follow, max-snippet:-1, max-image-preview:large, max-video-preview:-1\" \/>\n<link rel=\"canonical\" href=\"https:\/\/rafaramirez.org\/blog\/index.php\/2026\/03\/20\/equinoccio-de-primavera-2026\/\" \/>\n<meta property=\"og:locale\" content=\"es_ES\" \/>\n<meta property=\"og:type\" content=\"article\" \/>\n<meta property=\"og:title\" content=\"Equinoccio de primavera de 2026: ciencia, cultura y renacimiento. - Blog de Rafael Ram\u00edrez\" \/>\n<meta property=\"og:description\" content=\"El equinoccio de primavera marca el momento en que el d\u00eda y la noche tienen casi la misma duraci\u00f3n. Esto sucede porque el Sol cruza el ecuado\" \/>\n<meta property=\"og:url\" content=\"https:\/\/rafaramirez.org\/blog\/index.php\/2026\/03\/20\/equinoccio-de-primavera-2026\/\" \/>\n<meta property=\"og:site_name\" content=\"Blog de Rafael Ram\u00edrez\" \/>\n<meta property=\"article:published_time\" content=\"2026-03-20T07:00:24+00:00\" \/>\n<meta property=\"og:image\" content=\"https:\/\/rafaramirez.org\/blog\/wp-content\/uploads\/2026\/03\/Equinoccio-de-primavera-2026_bannerlog2.jpg\" \/>\n\t<meta property=\"og:image:width\" content=\"720\" \/>\n\t<meta property=\"og:image:height\" content=\"440\" \/>\n\t<meta property=\"og:image:type\" content=\"image\/jpeg\" \/>\n<meta name=\"author\" content=\"Rafael Ram\u00edrez\" \/>\n<meta name=\"twitter:card\" content=\"summary_large_image\" \/>\n<meta name=\"twitter:creator\" content=\"@rafaramirez_ok\" \/>\n<meta name=\"twitter:site\" content=\"@rafaramirez_ok\" \/>\n<meta name=\"twitter:label1\" content=\"Escrito por\" \/>\n\t<meta name=\"twitter:data1\" content=\"Rafael Ram\u00edrez\" \/>\n\t<meta name=\"twitter:label2\" content=\"Tiempo de lectura\" \/>\n\t<meta name=\"twitter:data2\" content=\"3 minutos\" \/>\n<script type=\"application\/ld+json\" class=\"yoast-schema-graph\">{\"@context\":\"https:\\\/\\\/schema.org\",\"@graph\":[{\"@type\":\"Article\",\"@id\":\"https:\\\/\\\/rafaramirez.org\\\/blog\\\/index.php\\\/2026\\\/03\\\/20\\\/equinoccio-de-primavera-2026\\\/#article\",\"isPartOf\":{\"@id\":\"https:\\\/\\\/rafaramirez.org\\\/blog\\\/index.php\\\/2026\\\/03\\\/20\\\/equinoccio-de-primavera-2026\\\/\"},\"author\":{\"name\":\"Rafael Ram\u00edrez\",\"@id\":\"https:\\\/\\\/rafaramirez.org\\\/blog\\\/#\\\/schema\\\/person\\\/50f43b6d60c578760d4c17bda54ab6a5\"},\"headline\":\"Equinoccio de primavera de 2026: ciencia, cultura y renacimiento.\",\"datePublished\":\"2026-03-20T07:00:24+00:00\",\"mainEntityOfPage\":{\"@id\":\"https:\\\/\\\/rafaramirez.org\\\/blog\\\/index.php\\\/2026\\\/03\\\/20\\\/equinoccio-de-primavera-2026\\\/\"},\"wordCount\":557,\"commentCount\":0,\"publisher\":{\"@id\":\"https:\\\/\\\/rafaramirez.org\\\/blog\\\/#\\\/schema\\\/person\\\/50f43b6d60c578760d4c17bda54ab6a5\"},\"image\":{\"@id\":\"https:\\\/\\\/rafaramirez.org\\\/blog\\\/index.php\\\/2026\\\/03\\\/20\\\/equinoccio-de-primavera-2026\\\/#primaryimage\"},\"thumbnailUrl\":\"https:\\\/\\\/rafaramirez.org\\\/blog\\\/wp-content\\\/uploads\\\/2026\\\/03\\\/Equinoccio-de-primavera-2026_bannerlog2.jpg\",\"keywords\":[\"efem\u00e9rides\",\"efem\u00e9rides 20 de marzo\",\"efem\u00e9rides 2026\",\"efem\u00e9rides de marzo\",\"Equinoccio de Primavera\"],\"articleSection\":[\"Efem\u00e9rides\"],\"inLanguage\":\"es\",\"potentialAction\":[{\"@type\":\"CommentAction\",\"name\":\"Comment\",\"target\":[\"https:\\\/\\\/rafaramirez.org\\\/blog\\\/index.php\\\/2026\\\/03\\\/20\\\/equinoccio-de-primavera-2026\\\/#respond\"]}]},{\"@type\":\"WebPage\",\"@id\":\"https:\\\/\\\/rafaramirez.org\\\/blog\\\/index.php\\\/2026\\\/03\\\/20\\\/equinoccio-de-primavera-2026\\\/\",\"url\":\"https:\\\/\\\/rafaramirez.org\\\/blog\\\/index.php\\\/2026\\\/03\\\/20\\\/equinoccio-de-primavera-2026\\\/\",\"name\":\"Equinoccio de primavera de 2026: ciencia, cultura y renacimiento. - Blog de Rafael Ram\u00edrez\",\"isPartOf\":{\"@id\":\"https:\\\/\\\/rafaramirez.org\\\/blog\\\/#website\"},\"primaryImageOfPage\":{\"@id\":\"https:\\\/\\\/rafaramirez.org\\\/blog\\\/index.php\\\/2026\\\/03\\\/20\\\/equinoccio-de-primavera-2026\\\/#primaryimage\"},\"image\":{\"@id\":\"https:\\\/\\\/rafaramirez.org\\\/blog\\\/index.php\\\/2026\\\/03\\\/20\\\/equinoccio-de-primavera-2026\\\/#primaryimage\"},\"thumbnailUrl\":\"https:\\\/\\\/rafaramirez.org\\\/blog\\\/wp-content\\\/uploads\\\/2026\\\/03\\\/Equinoccio-de-primavera-2026_bannerlog2.jpg\",\"datePublished\":\"2026-03-20T07:00:24+00:00\",\"description\":\"El equinoccio de primavera marca el momento en que el d\u00eda y la noche tienen casi la misma duraci\u00f3n. Esto sucede porque el Sol cruza el ecuado\",\"breadcrumb\":{\"@id\":\"https:\\\/\\\/rafaramirez.org\\\/blog\\\/index.php\\\/2026\\\/03\\\/20\\\/equinoccio-de-primavera-2026\\\/#breadcrumb\"},\"inLanguage\":\"es\",\"potentialAction\":[{\"@type\":\"ReadAction\",\"target\":[\"https:\\\/\\\/rafaramirez.org\\\/blog\\\/index.php\\\/2026\\\/03\\\/20\\\/equinoccio-de-primavera-2026\\\/\"]}]},{\"@type\":\"ImageObject\",\"inLanguage\":\"es\",\"@id\":\"https:\\\/\\\/rafaramirez.org\\\/blog\\\/index.php\\\/2026\\\/03\\\/20\\\/equinoccio-de-primavera-2026\\\/#primaryimage\",\"url\":\"https:\\\/\\\/rafaramirez.org\\\/blog\\\/wp-content\\\/uploads\\\/2026\\\/03\\\/Equinoccio-de-primavera-2026_bannerlog2.jpg\",\"contentUrl\":\"https:\\\/\\\/rafaramirez.org\\\/blog\\\/wp-content\\\/uploads\\\/2026\\\/03\\\/Equinoccio-de-primavera-2026_bannerlog2.jpg\",\"width\":720,\"height\":440,\"caption\":\"Equinoccio de primavera de 2026: ciencia, cultura y renacimiento. Blog de Rafael Ram\u00edrez.\"},{\"@type\":\"BreadcrumbList\",\"@id\":\"https:\\\/\\\/rafaramirez.org\\\/blog\\\/index.php\\\/2026\\\/03\\\/20\\\/equinoccio-de-primavera-2026\\\/#breadcrumb\",\"itemListElement\":[{\"@type\":\"ListItem\",\"position\":1,\"name\":\"Portada\",\"item\":\"https:\\\/\\\/rafaramirez.org\\\/blog\\\/\"},{\"@type\":\"ListItem\",\"position\":2,\"name\":\"Equinoccio de primavera de 2026: ciencia, cultura y renacimiento.\"}]},{\"@type\":\"WebSite\",\"@id\":\"https:\\\/\\\/rafaramirez.org\\\/blog\\\/#website\",\"url\":\"https:\\\/\\\/rafaramirez.org\\\/blog\\\/\",\"name\":\"Blog de Rafael Ram\u00edrez\",\"description\":\"Un sitio social, de arte y cultura\",\"publisher\":{\"@id\":\"https:\\\/\\\/rafaramirez.org\\\/blog\\\/#\\\/schema\\\/person\\\/50f43b6d60c578760d4c17bda54ab6a5\"},\"potentialAction\":[{\"@type\":\"SearchAction\",\"target\":{\"@type\":\"EntryPoint\",\"urlTemplate\":\"https:\\\/\\\/rafaramirez.org\\\/blog\\\/?s={search_term_string}\"},\"query-input\":{\"@type\":\"PropertyValueSpecification\",\"valueRequired\":true,\"valueName\":\"search_term_string\"}}],\"inLanguage\":\"es\"},{\"@type\":[\"Person\",\"Organization\"],\"@id\":\"https:\\\/\\\/rafaramirez.org\\\/blog\\\/#\\\/schema\\\/person\\\/50f43b6d60c578760d4c17bda54ab6a5\",\"name\":\"Rafael Ram\u00edrez\",\"image\":{\"@type\":\"ImageObject\",\"inLanguage\":\"es\",\"@id\":\"https:\\\/\\\/rafaramirez.org\\\/blog\\\/wp-content\\\/uploads\\\/2024\\\/09\\\/RR_socialnetwork.jpg\",\"url\":\"https:\\\/\\\/rafaramirez.org\\\/blog\\\/wp-content\\\/uploads\\\/2024\\\/09\\\/RR_socialnetwork.jpg\",\"contentUrl\":\"https:\\\/\\\/rafaramirez.org\\\/blog\\\/wp-content\\\/uploads\\\/2024\\\/09\\\/RR_socialnetwork.jpg\",\"width\":600,\"height\":606,\"caption\":\"Rafael Ram\u00edrez\"},\"logo\":{\"@id\":\"https:\\\/\\\/rafaramirez.org\\\/blog\\\/wp-content\\\/uploads\\\/2024\\\/09\\\/RR_socialnetwork.jpg\"},\"sameAs\":[\"https:\\\/\\\/www.rafaramirez.org\\\/blog\",\"https:\\\/\\\/www.instagram.com\\\/rafaramirez_ok\\\/\",\"https:\\\/\\\/es.pinterest.com\\\/Ramirez_Rafa\\\/\",\"https:\\\/\\\/x.com\\\/rafaramirez_ok\"],\"url\":\"https:\\\/\\\/rafaramirez.org\\\/blog\\\/index.php\\\/author\\\/rafaell_qm6j97da\\\/\"}]}<\/script>\n<!-- \/ Yoast SEO plugin. -->","yoast_head_json":{"title":"Equinoccio de primavera de 2026: ciencia, cultura y renacimiento. - Blog de Rafael Ram\u00edrez","description":"El equinoccio de primavera marca el momento en que el d\u00eda y la noche tienen casi la misma duraci\u00f3n. Esto sucede porque el Sol cruza el ecuado","robots":{"index":"index","follow":"follow","max-snippet":"max-snippet:-1","max-image-preview":"max-image-preview:large","max-video-preview":"max-video-preview:-1"},"canonical":"https:\/\/rafaramirez.org\/blog\/index.php\/2026\/03\/20\/equinoccio-de-primavera-2026\/","og_locale":"es_ES","og_type":"article","og_title":"Equinoccio de primavera de 2026: ciencia, cultura y renacimiento. - Blog de Rafael Ram\u00edrez","og_description":"El equinoccio de primavera marca el momento en que el d\u00eda y la noche tienen casi la misma duraci\u00f3n. Esto sucede porque el Sol cruza el ecuado","og_url":"https:\/\/rafaramirez.org\/blog\/index.php\/2026\/03\/20\/equinoccio-de-primavera-2026\/","og_site_name":"Blog de Rafael Ram\u00edrez","article_published_time":"2026-03-20T07:00:24+00:00","og_image":[{"width":720,"height":440,"url":"https:\/\/rafaramirez.org\/blog\/wp-content\/uploads\/2026\/03\/Equinoccio-de-primavera-2026_bannerlog2.jpg","type":"image\/jpeg"}],"author":"Rafael Ram\u00edrez","twitter_card":"summary_large_image","twitter_creator":"@rafaramirez_ok","twitter_site":"@rafaramirez_ok","twitter_misc":{"Escrito por":"Rafael Ram\u00edrez","Tiempo de lectura":"3 minutos"},"schema":{"@context":"https:\/\/schema.org","@graph":[{"@type":"Article","@id":"https:\/\/rafaramirez.org\/blog\/index.php\/2026\/03\/20\/equinoccio-de-primavera-2026\/#article","isPartOf":{"@id":"https:\/\/rafaramirez.org\/blog\/index.php\/2026\/03\/20\/equinoccio-de-primavera-2026\/"},"author":{"name":"Rafael Ram\u00edrez","@id":"https:\/\/rafaramirez.org\/blog\/#\/schema\/person\/50f43b6d60c578760d4c17bda54ab6a5"},"headline":"Equinoccio de primavera de 2026: ciencia, cultura y renacimiento.","datePublished":"2026-03-20T07:00:24+00:00","mainEntityOfPage":{"@id":"https:\/\/rafaramirez.org\/blog\/index.php\/2026\/03\/20\/equinoccio-de-primavera-2026\/"},"wordCount":557,"commentCount":0,"publisher":{"@id":"https:\/\/rafaramirez.org\/blog\/#\/schema\/person\/50f43b6d60c578760d4c17bda54ab6a5"},"image":{"@id":"https:\/\/rafaramirez.org\/blog\/index.php\/2026\/03\/20\/equinoccio-de-primavera-2026\/#primaryimage"},"thumbnailUrl":"https:\/\/rafaramirez.org\/blog\/wp-content\/uploads\/2026\/03\/Equinoccio-de-primavera-2026_bannerlog2.jpg","keywords":["efem\u00e9rides","efem\u00e9rides 20 de marzo","efem\u00e9rides 2026","efem\u00e9rides de marzo","Equinoccio de Primavera"],"articleSection":["Efem\u00e9rides"],"inLanguage":"es","potentialAction":[{"@type":"CommentAction","name":"Comment","target":["https:\/\/rafaramirez.org\/blog\/index.php\/2026\/03\/20\/equinoccio-de-primavera-2026\/#respond"]}]},{"@type":"WebPage","@id":"https:\/\/rafaramirez.org\/blog\/index.php\/2026\/03\/20\/equinoccio-de-primavera-2026\/","url":"https:\/\/rafaramirez.org\/blog\/index.php\/2026\/03\/20\/equinoccio-de-primavera-2026\/","name":"Equinoccio de primavera de 2026: ciencia, cultura y renacimiento. - Blog de Rafael Ram\u00edrez","isPartOf":{"@id":"https:\/\/rafaramirez.org\/blog\/#website"},"primaryImageOfPage":{"@id":"https:\/\/rafaramirez.org\/blog\/index.php\/2026\/03\/20\/equinoccio-de-primavera-2026\/#primaryimage"},"image":{"@id":"https:\/\/rafaramirez.org\/blog\/index.php\/2026\/03\/20\/equinoccio-de-primavera-2026\/#primaryimage"},"thumbnailUrl":"https:\/\/rafaramirez.org\/blog\/wp-content\/uploads\/2026\/03\/Equinoccio-de-primavera-2026_bannerlog2.jpg","datePublished":"2026-03-20T07:00:24+00:00","description":"El equinoccio de primavera marca el momento en que el d\u00eda y la noche tienen casi la misma duraci\u00f3n. Esto sucede porque el Sol cruza el ecuado","breadcrumb":{"@id":"https:\/\/rafaramirez.org\/blog\/index.php\/2026\/03\/20\/equinoccio-de-primavera-2026\/#breadcrumb"},"inLanguage":"es","potentialAction":[{"@type":"ReadAction","target":["https:\/\/rafaramirez.org\/blog\/index.php\/2026\/03\/20\/equinoccio-de-primavera-2026\/"]}]},{"@type":"ImageObject","inLanguage":"es","@id":"https:\/\/rafaramirez.org\/blog\/index.php\/2026\/03\/20\/equinoccio-de-primavera-2026\/#primaryimage","url":"https:\/\/rafaramirez.org\/blog\/wp-content\/uploads\/2026\/03\/Equinoccio-de-primavera-2026_bannerlog2.jpg","contentUrl":"https:\/\/rafaramirez.org\/blog\/wp-content\/uploads\/2026\/03\/Equinoccio-de-primavera-2026_bannerlog2.jpg","width":720,"height":440,"caption":"Equinoccio de primavera de 2026: ciencia, cultura y renacimiento. Blog de Rafael Ram\u00edrez."},{"@type":"BreadcrumbList","@id":"https:\/\/rafaramirez.org\/blog\/index.php\/2026\/03\/20\/equinoccio-de-primavera-2026\/#breadcrumb","itemListElement":[{"@type":"ListItem","position":1,"name":"Portada","item":"https:\/\/rafaramirez.org\/blog\/"},{"@type":"ListItem","position":2,"name":"Equinoccio de primavera de 2026: ciencia, cultura y renacimiento."}]},{"@type":"WebSite","@id":"https:\/\/rafaramirez.org\/blog\/#website","url":"https:\/\/rafaramirez.org\/blog\/","name":"Blog de Rafael Ram\u00edrez","description":"Un sitio social, de arte y cultura","publisher":{"@id":"https:\/\/rafaramirez.org\/blog\/#\/schema\/person\/50f43b6d60c578760d4c17bda54ab6a5"},"potentialAction":[{"@type":"SearchAction","target":{"@type":"EntryPoint","urlTemplate":"https:\/\/rafaramirez.org\/blog\/?s={search_term_string}"},"query-input":{"@type":"PropertyValueSpecification","valueRequired":true,"valueName":"search_term_string"}}],"inLanguage":"es"},{"@type":["Person","Organization"],"@id":"https:\/\/rafaramirez.org\/blog\/#\/schema\/person\/50f43b6d60c578760d4c17bda54ab6a5","name":"Rafael Ram\u00edrez","image":{"@type":"ImageObject","inLanguage":"es","@id":"https:\/\/rafaramirez.org\/blog\/wp-content\/uploads\/2024\/09\/RR_socialnetwork.jpg","url":"https:\/\/rafaramirez.org\/blog\/wp-content\/uploads\/2024\/09\/RR_socialnetwork.jpg","contentUrl":"https:\/\/rafaramirez.org\/blog\/wp-content\/uploads\/2024\/09\/RR_socialnetwork.jpg","width":600,"height":606,"caption":"Rafael Ram\u00edrez"},"logo":{"@id":"https:\/\/rafaramirez.org\/blog\/wp-content\/uploads\/2024\/09\/RR_socialnetwork.jpg"},"sameAs":["https:\/\/www.rafaramirez.org\/blog","https:\/\/www.instagram.com\/rafaramirez_ok\/","https:\/\/es.pinterest.com\/Ramirez_Rafa\/","https:\/\/x.com\/rafaramirez_ok"],"url":"https:\/\/rafaramirez.org\/blog\/index.php\/author\/rafaell_qm6j97da\/"}]}},"jetpack_publicize_connections":[],"jetpack_sharing_enabled":true,"jetpack_likes_enabled":true,"jetpack_featured_media_url":"https:\/\/rafaramirez.org\/blog\/wp-content\/uploads\/2026\/03\/Equinoccio-de-primavera-2026_bannerlog2.jpg","_links":{"self":[{"href":"https:\/\/rafaramirez.org\/blog\/index.php\/wp-json\/wp\/v2\/posts\/12151","targetHints":{"allow":["GET"]}}],"collection":[{"href":"https:\/\/rafaramirez.org\/blog\/index.php\/wp-json\/wp\/v2\/posts"}],"about":[{"href":"https:\/\/rafaramirez.org\/blog\/index.php\/wp-json\/wp\/v2\/types\/post"}],"author":[{"embeddable":true,"href":"https:\/\/rafaramirez.org\/blog\/index.php\/wp-json\/wp\/v2\/users\/1"}],"replies":[{"embeddable":true,"href":"https:\/\/rafaramirez.org\/blog\/index.php\/wp-json\/wp\/v2\/comments?post=12151"}],"version-history":[{"count":4,"href":"https:\/\/rafaramirez.org\/blog\/index.php\/wp-json\/wp\/v2\/posts\/12151\/revisions"}],"predecessor-version":[{"id":12159,"href":"https:\/\/rafaramirez.org\/blog\/index.php\/wp-json\/wp\/v2\/posts\/12151\/revisions\/12159"}],"wp:featuredmedia":[{"embeddable":true,"href":"https:\/\/rafaramirez.org\/blog\/index.php\/wp-json\/wp\/v2\/media\/12160"}],"wp:attachment":[{"href":"https:\/\/rafaramirez.org\/blog\/index.php\/wp-json\/wp\/v2\/media?parent=12151"}],"wp:term":[{"taxonomy":"category","embeddable":true,"href":"https:\/\/rafaramirez.org\/blog\/index.php\/wp-json\/wp\/v2\/categories?post=12151"},{"taxonomy":"post_tag","embeddable":true,"href":"https:\/\/rafaramirez.org\/blog\/index.php\/wp-json\/wp\/v2\/tags?post=12151"}],"curies":[{"name":"wp","href":"https:\/\/api.w.org\/{rel}","templated":true}]}}