{"id":1215,"date":"2009-10-18T17:52:45","date_gmt":"2009-10-18T15:52:45","guid":{"rendered":"http:\/\/rafaelramirez.co.cc\/?p=600"},"modified":"2024-01-25T11:49:45","modified_gmt":"2024-01-25T10:49:45","slug":"tributo-al-maestro-luciano-pavarotti","status":"publish","type":"post","link":"https:\/\/rafaramirez.org\/blog\/index.php\/2009\/10\/18\/tributo-al-maestro-luciano-pavarotti\/","title":{"rendered":"Tributo al maestro Luciano Pavarotti."},"content":{"rendered":"<p>Un peque\u00f1o homenaje a Luciano Pavarotti, en mi opini\u00f3n uno de los mejores y m\u00e1s importantes tenores contempor\u00e1neos.<\/p>\n<figure id=\"attachment_613\" aria-describedby=\"caption-attachment-613\" style=\"width: 183px\" class=\"wp-caption aligncenter\"><a href=\"https:\/\/rafaramirez.org\/blog\/wp-content\/uploads\/2009\/10\/luciano-pavarotti.jpg\"><img loading=\"lazy\" decoding=\"async\" class=\"size-medium wp-image-613 \" title=\"Luciano Pavarotti\" src=\"https:\/\/rafaramirez.org\/blog\/wp-content\/uploads\/2009\/10\/luciano-pavarotti-183x300.jpg\" alt=\"Lucciano Pavarotti\" width=\"183\" height=\"300\" \/><\/a><figcaption id=\"caption-attachment-613\" class=\"wp-caption-text\">Luciano Pavarotti<\/figcaption><\/figure>\n<p><strong>Resumen biogr\u00e1fico sonoro de Pavarotti<\/strong><br \/>\n<iframe loading=\"lazy\" src=\"https:\/\/www.youtube.com\/embed\/mPE54dv-sGo\" width=\"420\" height=\"315\" frameborder=\"0\" allowfullscreen=\"allowfullscreen\"><\/iframe><\/p>\n<p>Esta es la \u00faltima actuaci\u00f3n p\u00fablica de Pavarotti. Ocurri\u00f3 durante la inauguraci\u00f3n de los juegos ol\u00edmpicos de invierno de \u00a0Torino en Italia en el a\u00f1o 2006. El tenor, desoyendo todos los consejos m\u00e9dicos y despu\u00e9s de llevar dos a\u00f1os retirado por su enfermedad, quiso despedirse del p\u00fablico interpretando, magistralmente y por \u00faltima vez, el Nessum Dorma de Puccini&#8230; morir\u00eda unos meses despu\u00e9s.<\/p>\n<p><strong>Luciano Pavarotti &#8211; Nessun Dorma de la \u00f3pera Turandot de Giacomo Puccini<\/strong><br \/>\n<iframe loading=\"lazy\" title=\"YouTube video player\" src=\"https:\/\/www.youtube.com\/embed\/cWc7vYjgnTs\" width=\"560\" height=\"315\" frameborder=\"0\" allowfullscreen=\"allowfullscreen\"><\/iframe><br \/>\nSi algo destac\u00f3 a Pavarotti fueron sus conciertos populares al aire libre en parques y estadios. Tambi\u00e9n su incursi\u00f3n fuera del <em><strong>Bel canto<\/strong><\/em> actuando con grupos y artistas pop, lo que supuso una cierta revoluci\u00f3n en su momento y le vali\u00f3 algunas cr\u00edticas en el encorsetado mundo de la \u00f3pera.<\/p>\n<p>Todos los a\u00f1os celebraba en Modena (Italia) los conocidos conciertos de <strong><em>Pavarotti &amp; Friends<\/em><\/strong> en los que el tenor recaudaba fondos para diversas causas donde los ni\u00f1os de pa\u00edses en guerra eran los protagonistas.<\/p>\n<p>Disfruta de algunas de estas actuaciones.<\/p>\n<p><strong>Luciano Pavarotti y Queen &#8211; Too Much Love Will Kill You<\/strong><br \/>\n<iframe loading=\"lazy\" title=\"YouTube video player\" src=\"https:\/\/www.youtube.com\/embed\/obBkkOmVCAk\" width=\"560\" height=\"315\" frameborder=\"0\" allowfullscreen=\"allowfullscreen\"><\/iframe><br \/>\n<strong>Luciano Pavarotti y Tracy Chapman &#8211; Baby Can I Hold You<\/strong><br \/>\n<iframe loading=\"lazy\" src=\"https:\/\/www.youtube.com\/embed\/qQdnl0_IuRg\" width=\"420\" height=\"315\" frameborder=\"0\" allowfullscreen=\"allowfullscreen\"><\/iframe><br \/>\n<strong>Luciano Pavarotti y Liza Minelli &#8211; New York, New York<\/strong><br \/>\n<iframe loading=\"lazy\" title=\"YouTube video player\" src=\"https:\/\/www.youtube.com\/embed\/N8hVOMAmY-s\" width=\"560\" height=\"315\" frameborder=\"0\" allowfullscreen=\"allowfullscreen\"><\/iframe><br \/>\n<strong>Luciano Pavarotti y Mariah Carey &#8211; Hero<\/strong><br \/>\n<iframe loading=\"lazy\" title=\"YouTube video player\" src=\"https:\/\/www.youtube.com\/embed\/rjvTzFlHVRs\" width=\"560\" height=\"315\" frameborder=\"0\" allowfullscreen=\"allowfullscreen\"><\/iframe><br \/>\n<strong>Luciano Pavarotti y Jon Bon Jovi &#8211; Let it Rain<\/strong><br \/>\n<iframe loading=\"lazy\" title=\"YouTube video player\" src=\"https:\/\/www.youtube.com\/embed\/Z8z5T6JGa-0\" width=\"560\" height=\"315\" frameborder=\"0\" allowfullscreen=\"allowfullscreen\"><\/iframe><\/p>\n<p>Para cerrar este homenaje una maravillosa interpretaci\u00f3n del maestro en el Ave Mar\u00eda de Schubert.<br \/>\n<iframe loading=\"lazy\" title=\"YouTube video player\" src=\"https:\/\/www.youtube.com\/embed\/XpYGgtrMTYs\" width=\"560\" height=\"315\" frameborder=\"0\" allowfullscreen=\"allowfullscreen\"><\/iframe><br \/>\nPuedes conocer m\u00e1s de Luciano Pavarotti visitando su web oficial\u00a0 <a href=\"https:\/\/www.pavarottiofficial.com\/\" target=\"_blank\" rel=\"noopener\">https:\/\/www.pavarottiofficial.com\/\u00a0<\/a><\/p>\n<p>&nbsp;<\/p>\n","protected":false},"excerpt":{"rendered":"<p>Un peque\u00f1o homenaje a Luciano Pavarotti, en mi opini\u00f3n uno de los mejores y m\u00e1s importantes tenores contempor\u00e1neos. Resumen biogr\u00e1fico sonoro de Pavarotti Esta es la \u00faltima actuaci\u00f3n p\u00fablica de Pavarotti. Ocurri\u00f3 durante la inauguraci\u00f3n de los juegos ol\u00edmpicos de invierno de \u00a0Torino en Italia en el a\u00f1o 2006. El tenor, desoyendo todos los consejos [&hellip;]<\/p>\n","protected":false},"author":1,"featured_media":2680,"comment_status":"open","ping_status":"closed","sticky":false,"template":"","format":"standard","meta":{"site-container-style":"default","site-container-layout":"default","site-sidebar-layout":"default","disable-article-header":"default","disable-site-header":"default","disable-site-footer":"default","disable-content-area-spacing":"default","_jetpack_newsletter_access":"","_jetpack_dont_email_post_to_subs":false,"_jetpack_newsletter_tier_id":0,"_jetpack_memberships_contains_paywalled_content":false,"_jetpack_feature_clip_id":0,"_jetpack_memberships_contains_paid_content":false,"footnotes":"","jetpack_publicize_message":"","jetpack_publicize_feature_enabled":true,"jetpack_social_post_already_shared":true,"jetpack_social_options":{"image_generator_settings":{"template":"highway","default_image_id":0,"font":"","enabled":false},"version":2},"jetpack_post_was_ever_published":false},"categories":[709],"tags":[736,662,65,734,68,607,665,659,664,660,325,663,661,735],"class_list":["post-1215","post","type-post","status-publish","format-standard","has-post-thumbnail","hentry","category-musica","tag-actuaciones-de-pavarotti","tag-bel-canto","tag-biografia","tag-biografia-de-pavarotti","tag-blog-de-rafael-ramirez","tag-homenaje","tag-italia","tag-luciano-pavarotti","tag-modena","tag-nessun-dorma","tag-noticias-culturales","tag-pavarotti-friends","tag-turandot-de-giacomo-puccini","tag-videos-de-pavarotti"],"yoast_head":"<!-- This site is optimized with the Yoast SEO plugin v28.4 - https:\/\/yoast.com\/product\/yoast-seo-wordpress\/ -->\n<title>Tributo al maestro Luciano Pavarotti. - Blog de Rafael Ram\u00edrez<\/title>\n<meta name=\"robots\" content=\"index, follow, max-snippet:-1, max-image-preview:large, max-video-preview:-1\" \/>\n<link rel=\"canonical\" href=\"https:\/\/rafaramirez.org\/blog\/index.php\/2009\/10\/18\/tributo-al-maestro-luciano-pavarotti\/\" \/>\n<meta property=\"og:locale\" content=\"es_ES\" \/>\n<meta property=\"og:type\" content=\"article\" \/>\n<meta property=\"og:title\" content=\"Tributo al maestro Luciano Pavarotti. - Blog de Rafael Ram\u00edrez\" \/>\n<meta property=\"og:description\" content=\"Un peque\u00f1o homenaje a Luciano Pavarotti, en mi opini\u00f3n uno de los mejores y m\u00e1s importantes tenores contempor\u00e1neos. Resumen biogr\u00e1fico sonoro de Pavarotti Esta es la \u00faltima actuaci\u00f3n p\u00fablica de Pavarotti. Ocurri\u00f3 durante la inauguraci\u00f3n de los juegos ol\u00edmpicos de invierno de \u00a0Torino en Italia en el a\u00f1o 2006. El tenor, desoyendo todos los consejos [&hellip;]\" \/>\n<meta property=\"og:url\" content=\"https:\/\/rafaramirez.org\/blog\/index.php\/2009\/10\/18\/tributo-al-maestro-luciano-pavarotti\/\" \/>\n<meta property=\"og:site_name\" content=\"Blog de Rafael Ram\u00edrez\" \/>\n<meta property=\"article:published_time\" content=\"2009-10-18T15:52:45+00:00\" \/>\n<meta property=\"article:modified_time\" content=\"2024-01-25T10:49:45+00:00\" \/>\n<meta property=\"og:image\" content=\"https:\/\/rafaramirez.org\/blog\/wp-content\/uploads\/2009\/10\/Luciano_Pavarotti_reduc.jpg\" \/>\n\t<meta property=\"og:image:width\" content=\"700\" \/>\n\t<meta property=\"og:image:height\" content=\"450\" \/>\n\t<meta property=\"og:image:type\" content=\"image\/jpeg\" \/>\n<meta name=\"author\" content=\"Rafael Ram\u00edrez\" \/>\n<meta name=\"twitter:card\" content=\"summary_large_image\" \/>\n<meta name=\"twitter:creator\" content=\"@rafaramirez_ok\" \/>\n<meta name=\"twitter:site\" content=\"@rafaramirez_ok\" \/>\n<meta name=\"twitter:label1\" content=\"Escrito por\" \/>\n\t<meta name=\"twitter:data1\" content=\"Rafael Ram\u00edrez\" \/>\n\t<meta name=\"twitter:label2\" content=\"Tiempo de lectura\" \/>\n\t<meta name=\"twitter:data2\" content=\"2 minutos\" \/>\n<script type=\"application\/ld+json\" class=\"yoast-schema-graph\">{\"@context\":\"https:\\\/\\\/schema.org\",\"@graph\":[{\"@type\":\"Article\",\"@id\":\"https:\\\/\\\/rafaramirez.org\\\/blog\\\/index.php\\\/2009\\\/10\\\/18\\\/tributo-al-maestro-luciano-pavarotti\\\/#article\",\"isPartOf\":{\"@id\":\"https:\\\/\\\/rafaramirez.org\\\/blog\\\/index.php\\\/2009\\\/10\\\/18\\\/tributo-al-maestro-luciano-pavarotti\\\/\"},\"author\":{\"name\":\"Rafael Ram\u00edrez\",\"@id\":\"https:\\\/\\\/rafaramirez.org\\\/blog\\\/#\\\/schema\\\/person\\\/50f43b6d60c578760d4c17bda54ab6a5\"},\"headline\":\"Tributo al maestro Luciano Pavarotti.\",\"datePublished\":\"2009-10-18T15:52:45+00:00\",\"dateModified\":\"2024-01-25T10:49:45+00:00\",\"mainEntityOfPage\":{\"@id\":\"https:\\\/\\\/rafaramirez.org\\\/blog\\\/index.php\\\/2009\\\/10\\\/18\\\/tributo-al-maestro-luciano-pavarotti\\\/\"},\"wordCount\":305,\"commentCount\":0,\"publisher\":{\"@id\":\"https:\\\/\\\/rafaramirez.org\\\/blog\\\/#\\\/schema\\\/person\\\/50f43b6d60c578760d4c17bda54ab6a5\"},\"image\":{\"@id\":\"https:\\\/\\\/rafaramirez.org\\\/blog\\\/index.php\\\/2009\\\/10\\\/18\\\/tributo-al-maestro-luciano-pavarotti\\\/#primaryimage\"},\"thumbnailUrl\":\"https:\\\/\\\/rafaramirez.org\\\/blog\\\/wp-content\\\/uploads\\\/2009\\\/10\\\/Luciano_Pavarotti_reduc.jpg\",\"keywords\":[\"actuaciones de pavarotti\",\"Bel canto\",\"biograf\u00eda\",\"biograf\u00eda de pavarotti\",\"blog de Rafael Ram\u00edrez\",\"homenaje\",\"Italia\",\"Luciano Pavarotti\",\"Modena\",\"Nessun Dorma\",\"noticias culturales\",\"Pavarotti &amp; Friends\",\"Turandot de Giacomo Puccini\",\"videos de pavarotti\"],\"articleSection\":[\"M\u00fasica\"],\"inLanguage\":\"es\",\"potentialAction\":[{\"@type\":\"CommentAction\",\"name\":\"Comment\",\"target\":[\"https:\\\/\\\/rafaramirez.org\\\/blog\\\/index.php\\\/2009\\\/10\\\/18\\\/tributo-al-maestro-luciano-pavarotti\\\/#respond\"]}]},{\"@type\":\"WebPage\",\"@id\":\"https:\\\/\\\/rafaramirez.org\\\/blog\\\/index.php\\\/2009\\\/10\\\/18\\\/tributo-al-maestro-luciano-pavarotti\\\/\",\"url\":\"https:\\\/\\\/rafaramirez.org\\\/blog\\\/index.php\\\/2009\\\/10\\\/18\\\/tributo-al-maestro-luciano-pavarotti\\\/\",\"name\":\"Tributo al maestro Luciano Pavarotti. - Blog de Rafael Ram\u00edrez\",\"isPartOf\":{\"@id\":\"https:\\\/\\\/rafaramirez.org\\\/blog\\\/#website\"},\"primaryImageOfPage\":{\"@id\":\"https:\\\/\\\/rafaramirez.org\\\/blog\\\/index.php\\\/2009\\\/10\\\/18\\\/tributo-al-maestro-luciano-pavarotti\\\/#primaryimage\"},\"image\":{\"@id\":\"https:\\\/\\\/rafaramirez.org\\\/blog\\\/index.php\\\/2009\\\/10\\\/18\\\/tributo-al-maestro-luciano-pavarotti\\\/#primaryimage\"},\"thumbnailUrl\":\"https:\\\/\\\/rafaramirez.org\\\/blog\\\/wp-content\\\/uploads\\\/2009\\\/10\\\/Luciano_Pavarotti_reduc.jpg\",\"datePublished\":\"2009-10-18T15:52:45+00:00\",\"dateModified\":\"2024-01-25T10:49:45+00:00\",\"breadcrumb\":{\"@id\":\"https:\\\/\\\/rafaramirez.org\\\/blog\\\/index.php\\\/2009\\\/10\\\/18\\\/tributo-al-maestro-luciano-pavarotti\\\/#breadcrumb\"},\"inLanguage\":\"es\",\"potentialAction\":[{\"@type\":\"ReadAction\",\"target\":[\"https:\\\/\\\/rafaramirez.org\\\/blog\\\/index.php\\\/2009\\\/10\\\/18\\\/tributo-al-maestro-luciano-pavarotti\\\/\"]}]},{\"@type\":\"ImageObject\",\"inLanguage\":\"es\",\"@id\":\"https:\\\/\\\/rafaramirez.org\\\/blog\\\/index.php\\\/2009\\\/10\\\/18\\\/tributo-al-maestro-luciano-pavarotti\\\/#primaryimage\",\"url\":\"https:\\\/\\\/rafaramirez.org\\\/blog\\\/wp-content\\\/uploads\\\/2009\\\/10\\\/Luciano_Pavarotti_reduc.jpg\",\"contentUrl\":\"https:\\\/\\\/rafaramirez.org\\\/blog\\\/wp-content\\\/uploads\\\/2009\\\/10\\\/Luciano_Pavarotti_reduc.jpg\",\"width\":700,\"height\":450},{\"@type\":\"BreadcrumbList\",\"@id\":\"https:\\\/\\\/rafaramirez.org\\\/blog\\\/index.php\\\/2009\\\/10\\\/18\\\/tributo-al-maestro-luciano-pavarotti\\\/#breadcrumb\",\"itemListElement\":[{\"@type\":\"ListItem\",\"position\":1,\"name\":\"Portada\",\"item\":\"https:\\\/\\\/rafaramirez.org\\\/blog\\\/\"},{\"@type\":\"ListItem\",\"position\":2,\"name\":\"Tributo al maestro Luciano Pavarotti.\"}]},{\"@type\":\"WebSite\",\"@id\":\"https:\\\/\\\/rafaramirez.org\\\/blog\\\/#website\",\"url\":\"https:\\\/\\\/rafaramirez.org\\\/blog\\\/\",\"name\":\"Blog de Rafael Ram\u00edrez\",\"description\":\"Un sitio social, de arte y cultura\",\"publisher\":{\"@id\":\"https:\\\/\\\/rafaramirez.org\\\/blog\\\/#\\\/schema\\\/person\\\/50f43b6d60c578760d4c17bda54ab6a5\"},\"potentialAction\":[{\"@type\":\"SearchAction\",\"target\":{\"@type\":\"EntryPoint\",\"urlTemplate\":\"https:\\\/\\\/rafaramirez.org\\\/blog\\\/?s={search_term_string}\"},\"query-input\":{\"@type\":\"PropertyValueSpecification\",\"valueRequired\":true,\"valueName\":\"search_term_string\"}}],\"inLanguage\":\"es\"},{\"@type\":[\"Person\",\"Organization\"],\"@id\":\"https:\\\/\\\/rafaramirez.org\\\/blog\\\/#\\\/schema\\\/person\\\/50f43b6d60c578760d4c17bda54ab6a5\",\"name\":\"Rafael Ram\u00edrez\",\"image\":{\"@type\":\"ImageObject\",\"inLanguage\":\"es\",\"@id\":\"https:\\\/\\\/rafaramirez.org\\\/blog\\\/wp-content\\\/uploads\\\/2024\\\/09\\\/RR_socialnetwork.jpg\",\"url\":\"https:\\\/\\\/rafaramirez.org\\\/blog\\\/wp-content\\\/uploads\\\/2024\\\/09\\\/RR_socialnetwork.jpg\",\"contentUrl\":\"https:\\\/\\\/rafaramirez.org\\\/blog\\\/wp-content\\\/uploads\\\/2024\\\/09\\\/RR_socialnetwork.jpg\",\"width\":600,\"height\":606,\"caption\":\"Rafael Ram\u00edrez\"},\"logo\":{\"@id\":\"https:\\\/\\\/rafaramirez.org\\\/blog\\\/wp-content\\\/uploads\\\/2024\\\/09\\\/RR_socialnetwork.jpg\"},\"sameAs\":[\"https:\\\/\\\/www.rafaramirez.org\\\/blog\",\"https:\\\/\\\/www.instagram.com\\\/rafaramirez_ok\\\/\",\"https:\\\/\\\/es.pinterest.com\\\/Ramirez_Rafa\\\/\",\"https:\\\/\\\/x.com\\\/rafaramirez_ok\"],\"url\":\"https:\\\/\\\/rafaramirez.org\\\/blog\\\/index.php\\\/author\\\/rafaell_qm6j97da\\\/\"}]}<\/script>\n<!-- \/ Yoast SEO plugin. -->","yoast_head_json":{"title":"Tributo al maestro Luciano Pavarotti. - Blog de Rafael Ram\u00edrez","robots":{"index":"index","follow":"follow","max-snippet":"max-snippet:-1","max-image-preview":"max-image-preview:large","max-video-preview":"max-video-preview:-1"},"canonical":"https:\/\/rafaramirez.org\/blog\/index.php\/2009\/10\/18\/tributo-al-maestro-luciano-pavarotti\/","og_locale":"es_ES","og_type":"article","og_title":"Tributo al maestro Luciano Pavarotti. - Blog de Rafael Ram\u00edrez","og_description":"Un peque\u00f1o homenaje a Luciano Pavarotti, en mi opini\u00f3n uno de los mejores y m\u00e1s importantes tenores contempor\u00e1neos. Resumen biogr\u00e1fico sonoro de Pavarotti Esta es la \u00faltima actuaci\u00f3n p\u00fablica de Pavarotti. Ocurri\u00f3 durante la inauguraci\u00f3n de los juegos ol\u00edmpicos de invierno de \u00a0Torino en Italia en el a\u00f1o 2006. El tenor, desoyendo todos los consejos [&hellip;]","og_url":"https:\/\/rafaramirez.org\/blog\/index.php\/2009\/10\/18\/tributo-al-maestro-luciano-pavarotti\/","og_site_name":"Blog de Rafael Ram\u00edrez","article_published_time":"2009-10-18T15:52:45+00:00","article_modified_time":"2024-01-25T10:49:45+00:00","og_image":[{"width":700,"height":450,"url":"https:\/\/rafaramirez.org\/blog\/wp-content\/uploads\/2009\/10\/Luciano_Pavarotti_reduc.jpg","type":"image\/jpeg"}],"author":"Rafael Ram\u00edrez","twitter_card":"summary_large_image","twitter_creator":"@rafaramirez_ok","twitter_site":"@rafaramirez_ok","twitter_misc":{"Escrito por":"Rafael Ram\u00edrez","Tiempo de lectura":"2 minutos"},"schema":{"@context":"https:\/\/schema.org","@graph":[{"@type":"Article","@id":"https:\/\/rafaramirez.org\/blog\/index.php\/2009\/10\/18\/tributo-al-maestro-luciano-pavarotti\/#article","isPartOf":{"@id":"https:\/\/rafaramirez.org\/blog\/index.php\/2009\/10\/18\/tributo-al-maestro-luciano-pavarotti\/"},"author":{"name":"Rafael Ram\u00edrez","@id":"https:\/\/rafaramirez.org\/blog\/#\/schema\/person\/50f43b6d60c578760d4c17bda54ab6a5"},"headline":"Tributo al maestro Luciano Pavarotti.","datePublished":"2009-10-18T15:52:45+00:00","dateModified":"2024-01-25T10:49:45+00:00","mainEntityOfPage":{"@id":"https:\/\/rafaramirez.org\/blog\/index.php\/2009\/10\/18\/tributo-al-maestro-luciano-pavarotti\/"},"wordCount":305,"commentCount":0,"publisher":{"@id":"https:\/\/rafaramirez.org\/blog\/#\/schema\/person\/50f43b6d60c578760d4c17bda54ab6a5"},"image":{"@id":"https:\/\/rafaramirez.org\/blog\/index.php\/2009\/10\/18\/tributo-al-maestro-luciano-pavarotti\/#primaryimage"},"thumbnailUrl":"https:\/\/rafaramirez.org\/blog\/wp-content\/uploads\/2009\/10\/Luciano_Pavarotti_reduc.jpg","keywords":["actuaciones de pavarotti","Bel canto","biograf\u00eda","biograf\u00eda de pavarotti","blog de Rafael Ram\u00edrez","homenaje","Italia","Luciano Pavarotti","Modena","Nessun Dorma","noticias culturales","Pavarotti &amp; Friends","Turandot de Giacomo Puccini","videos de pavarotti"],"articleSection":["M\u00fasica"],"inLanguage":"es","potentialAction":[{"@type":"CommentAction","name":"Comment","target":["https:\/\/rafaramirez.org\/blog\/index.php\/2009\/10\/18\/tributo-al-maestro-luciano-pavarotti\/#respond"]}]},{"@type":"WebPage","@id":"https:\/\/rafaramirez.org\/blog\/index.php\/2009\/10\/18\/tributo-al-maestro-luciano-pavarotti\/","url":"https:\/\/rafaramirez.org\/blog\/index.php\/2009\/10\/18\/tributo-al-maestro-luciano-pavarotti\/","name":"Tributo al maestro Luciano Pavarotti. - Blog de Rafael Ram\u00edrez","isPartOf":{"@id":"https:\/\/rafaramirez.org\/blog\/#website"},"primaryImageOfPage":{"@id":"https:\/\/rafaramirez.org\/blog\/index.php\/2009\/10\/18\/tributo-al-maestro-luciano-pavarotti\/#primaryimage"},"image":{"@id":"https:\/\/rafaramirez.org\/blog\/index.php\/2009\/10\/18\/tributo-al-maestro-luciano-pavarotti\/#primaryimage"},"thumbnailUrl":"https:\/\/rafaramirez.org\/blog\/wp-content\/uploads\/2009\/10\/Luciano_Pavarotti_reduc.jpg","datePublished":"2009-10-18T15:52:45+00:00","dateModified":"2024-01-25T10:49:45+00:00","breadcrumb":{"@id":"https:\/\/rafaramirez.org\/blog\/index.php\/2009\/10\/18\/tributo-al-maestro-luciano-pavarotti\/#breadcrumb"},"inLanguage":"es","potentialAction":[{"@type":"ReadAction","target":["https:\/\/rafaramirez.org\/blog\/index.php\/2009\/10\/18\/tributo-al-maestro-luciano-pavarotti\/"]}]},{"@type":"ImageObject","inLanguage":"es","@id":"https:\/\/rafaramirez.org\/blog\/index.php\/2009\/10\/18\/tributo-al-maestro-luciano-pavarotti\/#primaryimage","url":"https:\/\/rafaramirez.org\/blog\/wp-content\/uploads\/2009\/10\/Luciano_Pavarotti_reduc.jpg","contentUrl":"https:\/\/rafaramirez.org\/blog\/wp-content\/uploads\/2009\/10\/Luciano_Pavarotti_reduc.jpg","width":700,"height":450},{"@type":"BreadcrumbList","@id":"https:\/\/rafaramirez.org\/blog\/index.php\/2009\/10\/18\/tributo-al-maestro-luciano-pavarotti\/#breadcrumb","itemListElement":[{"@type":"ListItem","position":1,"name":"Portada","item":"https:\/\/rafaramirez.org\/blog\/"},{"@type":"ListItem","position":2,"name":"Tributo al maestro Luciano Pavarotti."}]},{"@type":"WebSite","@id":"https:\/\/rafaramirez.org\/blog\/#website","url":"https:\/\/rafaramirez.org\/blog\/","name":"Blog de Rafael Ram\u00edrez","description":"Un sitio social, de arte y cultura","publisher":{"@id":"https:\/\/rafaramirez.org\/blog\/#\/schema\/person\/50f43b6d60c578760d4c17bda54ab6a5"},"potentialAction":[{"@type":"SearchAction","target":{"@type":"EntryPoint","urlTemplate":"https:\/\/rafaramirez.org\/blog\/?s={search_term_string}"},"query-input":{"@type":"PropertyValueSpecification","valueRequired":true,"valueName":"search_term_string"}}],"inLanguage":"es"},{"@type":["Person","Organization"],"@id":"https:\/\/rafaramirez.org\/blog\/#\/schema\/person\/50f43b6d60c578760d4c17bda54ab6a5","name":"Rafael Ram\u00edrez","image":{"@type":"ImageObject","inLanguage":"es","@id":"https:\/\/rafaramirez.org\/blog\/wp-content\/uploads\/2024\/09\/RR_socialnetwork.jpg","url":"https:\/\/rafaramirez.org\/blog\/wp-content\/uploads\/2024\/09\/RR_socialnetwork.jpg","contentUrl":"https:\/\/rafaramirez.org\/blog\/wp-content\/uploads\/2024\/09\/RR_socialnetwork.jpg","width":600,"height":606,"caption":"Rafael Ram\u00edrez"},"logo":{"@id":"https:\/\/rafaramirez.org\/blog\/wp-content\/uploads\/2024\/09\/RR_socialnetwork.jpg"},"sameAs":["https:\/\/www.rafaramirez.org\/blog","https:\/\/www.instagram.com\/rafaramirez_ok\/","https:\/\/es.pinterest.com\/Ramirez_Rafa\/","https:\/\/x.com\/rafaramirez_ok"],"url":"https:\/\/rafaramirez.org\/blog\/index.php\/author\/rafaell_qm6j97da\/"}]}},"jetpack_publicize_connections":[],"jetpack_sharing_enabled":true,"jetpack_likes_enabled":true,"jetpack_featured_media_url":"https:\/\/rafaramirez.org\/blog\/wp-content\/uploads\/2009\/10\/Luciano_Pavarotti_reduc.jpg","_links":{"self":[{"href":"https:\/\/rafaramirez.org\/blog\/index.php\/wp-json\/wp\/v2\/posts\/1215","targetHints":{"allow":["GET"]}}],"collection":[{"href":"https:\/\/rafaramirez.org\/blog\/index.php\/wp-json\/wp\/v2\/posts"}],"about":[{"href":"https:\/\/rafaramirez.org\/blog\/index.php\/wp-json\/wp\/v2\/types\/post"}],"author":[{"embeddable":true,"href":"https:\/\/rafaramirez.org\/blog\/index.php\/wp-json\/wp\/v2\/users\/1"}],"replies":[{"embeddable":true,"href":"https:\/\/rafaramirez.org\/blog\/index.php\/wp-json\/wp\/v2\/comments?post=1215"}],"version-history":[{"count":7,"href":"https:\/\/rafaramirez.org\/blog\/index.php\/wp-json\/wp\/v2\/posts\/1215\/revisions"}],"predecessor-version":[{"id":3081,"href":"https:\/\/rafaramirez.org\/blog\/index.php\/wp-json\/wp\/v2\/posts\/1215\/revisions\/3081"}],"wp:featuredmedia":[{"embeddable":true,"href":"https:\/\/rafaramirez.org\/blog\/index.php\/wp-json\/wp\/v2\/media\/2680"}],"wp:attachment":[{"href":"https:\/\/rafaramirez.org\/blog\/index.php\/wp-json\/wp\/v2\/media?parent=1215"}],"wp:term":[{"taxonomy":"category","embeddable":true,"href":"https:\/\/rafaramirez.org\/blog\/index.php\/wp-json\/wp\/v2\/categories?post=1215"},{"taxonomy":"post_tag","embeddable":true,"href":"https:\/\/rafaramirez.org\/blog\/index.php\/wp-json\/wp\/v2\/tags?post=1215"}],"curies":[{"name":"wp","href":"https:\/\/api.w.org\/{rel}","templated":true}]}}