{"id":12142,"date":"2026-03-20T08:00:55","date_gmt":"2026-03-20T07:00:55","guid":{"rendered":"https:\/\/rafaramirez.org\/blog\/?p=12142"},"modified":"2026-02-18T12:25:52","modified_gmt":"2026-02-18T11:25:52","slug":"dia-internacional-de-la-felicidad-2026","status":"publish","type":"post","link":"https:\/\/rafaramirez.org\/blog\/index.php\/2026\/03\/20\/dia-internacional-de-la-felicidad-2026\/","title":{"rendered":"D\u00eda Internacional de la Felicidad 2026: mucho m\u00e1s que una sonrisa."},"content":{"rendered":"<p>El D\u00eda Internacional de la Felicidad se celebra cada 20 de marzo desde 2013, tras ser proclamado por la Asamblea General de las Naciones Unidas en 2012. La ONU lo cre\u00f3 para recordarnos que la felicidad no es un lujo, sino una meta humana fundamental y un indicador clave del bienestar social.<\/p>\n<p>El objetivo de esta celebraci\u00f3n es promover una visi\u00f3n m\u00e1s positiva del mundo y destacar la necesidad de adoptar pol\u00edticas p\u00fablicas y acciones que favorezcan el bienestar de las personas. Adem\u00e1s, se hace hincapi\u00e9 en la conexi\u00f3n existente entre felicidad, desarrollo sostenible y erradicaci\u00f3n de la pobreza. Por ejemplo, la felicidad a menudo depende del acceso a la educaci\u00f3n, la salud y la justicia social.<\/p>\n<p>Con motivo de este d\u00eda, se organizan actividades, campa\u00f1as y eventos que fomentan la gratitud, la amabilidad y el optimismo.<\/p>\n<h3>Historia de este d\u00eda.<\/h3>\n<p>El D\u00eda Internacional de la Felicidad se remonta a una resoluci\u00f3n de la Asamblea General de las Naciones Unidas de 2012. Se celebr\u00f3 por primera vez en 2013 y fue propuesto por el Reino de But\u00e1n, un pa\u00eds que, desde la d\u00e9cada de 1970, ha priorizado la \u00abFelicidad Nacional Bruta\u00bb sobre el Producto Interior Bruto como medida del \u00e9xito. La filosof\u00eda de But\u00e1n inspir\u00f3 a la ONU para que reconociera la felicidad y el bienestar como aspiraciones universales de los seres humanos y para que destacara su importancia en las pol\u00edticas gubernamentales.<\/p>\n<p>La fecha elegida, el 20 de marzo, simboliza el equilibrio, ya que coincide con el equinoccio de primavera en el hemisferio norte y el de oto\u00f1o en el hemisferio sur. El objetivo de esta celebraci\u00f3n es promover un enfoque m\u00e1s inclusivo y equilibrado del desarrollo econ\u00f3mico que fomente la erradicaci\u00f3n de la pobreza y el bienestar global.<\/p>\n<figure id=\"attachment_12144\" aria-describedby=\"caption-attachment-12144\" style=\"width: 300px\" class=\"wp-caption aligncenter\"><img loading=\"lazy\" decoding=\"async\" class=\"wp-image-12144 size-medium\" src=\"https:\/\/rafaramirez.org\/blog\/wp-content\/uploads\/2026\/03\/Dia-internacional-de-la-felicidad_1-300x200.jpg\" alt=\"D\u00eda Internacional de la Felicidad 2026, 20 de marzo. Blog de Rafael Ram\u00edrez.\" width=\"300\" height=\"200\" srcset=\"https:\/\/rafaramirez.org\/blog\/wp-content\/uploads\/2026\/03\/Dia-internacional-de-la-felicidad_1-300x200.jpg 300w, https:\/\/rafaramirez.org\/blog\/wp-content\/uploads\/2026\/03\/Dia-internacional-de-la-felicidad_1-768x512.jpg 768w, https:\/\/rafaramirez.org\/blog\/wp-content\/uploads\/2026\/03\/Dia-internacional-de-la-felicidad_1.jpg 850w\" sizes=\"auto, (max-width: 300px) 100vw, 300px\" \/><figcaption id=\"caption-attachment-12144\" class=\"wp-caption-text\">D\u00eda Internacional de la Felicidad 2026, 20 de marzo. Blog de Rafael Ram\u00edrez.<\/figcaption><\/figure>\n<h3>Celebraci\u00f3n de este d\u00eda en diferentes partes del mundo.<\/h3>\n<p>El D\u00eda Internacional de la Felicidad se celebra de diversas maneras, reflejando las culturas y tradiciones locales.<\/p>\n<ul>\n<li>En Dinamarca, se promueve el concepto de hygge, que se centra en disfrutar de los peque\u00f1os placeres de la vida, como compartir momentos acogedores con amigos y familiares.<\/li>\n<li>But\u00e1n: este pa\u00eds, pionero en la idea de la Felicidad Nacional Bruta, organiza eventos que destacan la importancia del bienestar colectivo y el desarrollo sostenible.<\/li>\n<li>En Canad\u00e1 se fomenta la joie de vivre, la gratitud y la amabilidad en las interacciones diarias.<\/li>\n<li>En Finlandia, se practica el kalsarik\u00e4nnit, que consiste en relajarse en casa con ropa c\u00f3moda y disfrutar de un momento de tranquilidad.<\/li>\n<\/ul>\n<p>En general, muchas personas y organizaciones aprovechan este d\u00eda para realizar actividades que promuevan la felicidad, como actos de bondad, talleres de bienestar y campa\u00f1as de concienciaci\u00f3n sobre la importancia del equilibrio emocional y social.<\/p>\n<h3>\u00bfC\u00f3mo puedo celebrar este d\u00eda?<\/h3>\n<p>El D\u00eda Internacional de la Felicidad es una ocasi\u00f3n estupenda para centrarse en el bienestar y compartir la alegr\u00eda. Aqu\u00ed tienes algunas ideas:<\/p>\n<ul>\n<li>Practica la gratitud: t\u00f3mate unos minutos para pensar en las cosas por las que est\u00e1s agradecido. Puedes escribirlas en un diario o compartirlas con esa persona especial.<\/li>\n<li>Realiza un acto de bondad: sorprende a alguien con un gesto amable, como dejarle una nota positiva, hacerle un favor inesperado o simplemente regalarle una sonrisa.<\/li>\n<li>Conecta con la naturaleza: da un paseo al aire libre, visita un parque o simplemente disfruta del sol. La naturaleza tiene un efecto positivo en nuestro estado de \u00e1nimo.<\/li>\n<li>Reserva tiempo para ti: haz actividades que te hagan feliz, como escuchar m\u00fasica, leer, meditar o practicar alg\u00fan pasatiempo que te apasione.<\/li>\n<li>Celebra con amigos o familiares: re\u00fane a tus seres queridos, cocinad juntos, jugad a algo divertido o simplemente compartid un buen momento.<\/li>\n<li>Difunde optimismo en las redes sociales: comparte mensajes positivos, historias inspiradoras o reflexiones sobre lo que significa la felicidad para ti.<\/li>\n<\/ul>\n<figure id=\"attachment_12146\" aria-describedby=\"caption-attachment-12146\" style=\"width: 300px\" class=\"wp-caption aligncenter\"><img loading=\"lazy\" decoding=\"async\" class=\"wp-image-12146 size-medium\" src=\"https:\/\/rafaramirez.org\/blog\/wp-content\/uploads\/2026\/03\/Dia-internacional-de-la-felicidad_2-300x200.jpg\" alt=\"D\u00eda Internacional de la Felicidad 2026, 20 de marzo. Blog de Rafael Ram\u00edrez.\" width=\"300\" height=\"200\" srcset=\"https:\/\/rafaramirez.org\/blog\/wp-content\/uploads\/2026\/03\/Dia-internacional-de-la-felicidad_2-300x200.jpg 300w, https:\/\/rafaramirez.org\/blog\/wp-content\/uploads\/2026\/03\/Dia-internacional-de-la-felicidad_2-768x512.jpg 768w, https:\/\/rafaramirez.org\/blog\/wp-content\/uploads\/2026\/03\/Dia-internacional-de-la-felicidad_2.jpg 850w\" sizes=\"auto, (max-width: 300px) 100vw, 300px\" \/><figcaption id=\"caption-attachment-12146\" class=\"wp-caption-text\">D\u00eda Internacional de la Felicidad 2026, 20 de marzo. Blog de Rafael Ram\u00edrez.<\/figcaption><\/figure>\n<p>En resumen, el D\u00eda Internacional de la Felicidad es importante porque nos recuerda que el bienestar y la felicidad son derechos universales y fundamentales. Fomenta la amabilidad, la gratitud y la solidaridad, y destaca la conexi\u00f3n entre felicidad, desarrollo sostenible y justicia social.<\/p>\n<p>M\u00e1s informaci\u00f3n:<\/p>\n<ul>\n<li><a href=\"https:\/\/www.un.org\/es\/observances\/happiness-day\" target=\"_blank\" rel=\"noopener\">D\u00eda Internacional de la Felicidad | Naciones Unidas<\/a>.<\/li>\n<li><a href=\"https:\/\/es.wikipedia.org\/wiki\/D%C3%ADa_Internacional_de_la_Felicidad\" target=\"_blank\" rel=\"noopener\">D\u00eda Internacional de la Felicidad &#8211; Wikipedia, la enciclopedia libre<\/a>.<\/li>\n<li><a href=\"https:\/\/rafaramirez.org\/blog\/index.php\/category\/arte\/efemerides\/\" target=\"_blank\" rel=\"noopener\">Otras efem\u00e9rides<\/a>.<\/li>\n<\/ul>\n","protected":false},"excerpt":{"rendered":"<p>El D\u00eda Internacional de la Felicidad se celebra cada 20 de marzo desde 2013, tras ser proclamado por la Asamblea General de las Naciones Unidas en 2012. La ONU lo cre\u00f3 para recordarnos que la felicidad no es un lujo, sino una meta humana fundamental y un indicador clave del bienestar social. El objetivo de [&hellip;]<\/p>\n","protected":false},"author":1,"featured_media":12140,"comment_status":"open","ping_status":"closed","sticky":false,"template":"","format":"standard","meta":{"site-container-style":"default","site-container-layout":"default","site-sidebar-layout":"default","disable-article-header":"default","disable-site-header":"default","disable-site-footer":"default","disable-content-area-spacing":"default","_jetpack_newsletter_access":"","_jetpack_dont_email_post_to_subs":false,"_jetpack_newsletter_tier_id":0,"_jetpack_memberships_contains_paywalled_content":false,"_jetpack_feature_clip_id":0,"_jetpack_memberships_contains_paid_content":false,"footnotes":"","jetpack_publicize_message":"","jetpack_publicize_feature_enabled":true,"jetpack_social_post_already_shared":true,"jetpack_social_options":{"image_generator_settings":{"template":"highway","default_image_id":0,"font":"","enabled":false},"version":2},"jetpack_post_was_ever_published":false},"categories":[1291],"tags":[4116,1323,4117,4099,4098,2324,1702],"class_list":["post-12142","post","type-post","status-publish","format-standard","has-post-thumbnail","hentry","category-efemerides","tag-dia-internacional-de-la-felicidad","tag-efemerides","tag-efemerides-20-de-marzo","tag-efemerides-de-2025","tag-efemerides-de-marzo","tag-naciones-unidas","tag-onu"],"yoast_head":"<!-- This site is optimized with the Yoast SEO plugin v28.4 - https:\/\/yoast.com\/product\/yoast-seo-wordpress\/ -->\n<title>D\u00eda Internacional de la Felicidad 2026: mucho m\u00e1s que una sonrisa. - Blog de Rafael Ram\u00edrez<\/title>\n<meta name=\"description\" content=\"El D\u00eda Internacional de la Felicidad se celebra cada 20 de marzo desde 2013,\u00a0tras ser proclamada por la Asamblea General de las Naciones Unid\" \/>\n<meta name=\"robots\" content=\"index, follow, max-snippet:-1, max-image-preview:large, max-video-preview:-1\" \/>\n<link rel=\"canonical\" href=\"https:\/\/rafaramirez.org\/blog\/index.php\/2026\/03\/20\/dia-internacional-de-la-felicidad-2026\/\" \/>\n<meta property=\"og:locale\" content=\"es_ES\" \/>\n<meta property=\"og:type\" content=\"article\" \/>\n<meta property=\"og:title\" content=\"D\u00eda Internacional de la Felicidad 2026: mucho m\u00e1s que una sonrisa. - Blog de Rafael Ram\u00edrez\" \/>\n<meta property=\"og:description\" content=\"El D\u00eda Internacional de la Felicidad se celebra cada 20 de marzo desde 2013,\u00a0tras ser proclamada por la Asamblea General de las Naciones Unid\" \/>\n<meta property=\"og:url\" content=\"https:\/\/rafaramirez.org\/blog\/index.php\/2026\/03\/20\/dia-internacional-de-la-felicidad-2026\/\" \/>\n<meta property=\"og:site_name\" content=\"Blog de Rafael Ram\u00edrez\" \/>\n<meta property=\"article:published_time\" content=\"2026-03-20T07:00:55+00:00\" \/>\n<meta property=\"og:image\" content=\"https:\/\/rafaramirez.org\/blog\/wp-content\/uploads\/2026\/02\/Dia-internacional-de-la-felicidad_bannerlog.jpg\" \/>\n\t<meta property=\"og:image:width\" content=\"720\" \/>\n\t<meta property=\"og:image:height\" content=\"440\" \/>\n\t<meta property=\"og:image:type\" content=\"image\/jpeg\" \/>\n<meta name=\"author\" content=\"Rafael Ram\u00edrez\" \/>\n<meta name=\"twitter:card\" content=\"summary_large_image\" \/>\n<meta name=\"twitter:creator\" content=\"@rafaramirez_ok\" \/>\n<meta name=\"twitter:site\" content=\"@rafaramirez_ok\" \/>\n<meta name=\"twitter:label1\" content=\"Escrito por\" \/>\n\t<meta name=\"twitter:data1\" content=\"Rafael Ram\u00edrez\" \/>\n\t<meta name=\"twitter:label2\" content=\"Tiempo de lectura\" \/>\n\t<meta name=\"twitter:data2\" content=\"4 minutos\" \/>\n<script type=\"application\/ld+json\" class=\"yoast-schema-graph\">{\"@context\":\"https:\\\/\\\/schema.org\",\"@graph\":[{\"@type\":\"Article\",\"@id\":\"https:\\\/\\\/rafaramirez.org\\\/blog\\\/index.php\\\/2026\\\/03\\\/20\\\/dia-internacional-de-la-felicidad-2026\\\/#article\",\"isPartOf\":{\"@id\":\"https:\\\/\\\/rafaramirez.org\\\/blog\\\/index.php\\\/2026\\\/03\\\/20\\\/dia-internacional-de-la-felicidad-2026\\\/\"},\"author\":{\"name\":\"Rafael Ram\u00edrez\",\"@id\":\"https:\\\/\\\/rafaramirez.org\\\/blog\\\/#\\\/schema\\\/person\\\/50f43b6d60c578760d4c17bda54ab6a5\"},\"headline\":\"D\u00eda Internacional de la Felicidad 2026: mucho m\u00e1s que una sonrisa.\",\"datePublished\":\"2026-03-20T07:00:55+00:00\",\"mainEntityOfPage\":{\"@id\":\"https:\\\/\\\/rafaramirez.org\\\/blog\\\/index.php\\\/2026\\\/03\\\/20\\\/dia-internacional-de-la-felicidad-2026\\\/\"},\"wordCount\":781,\"commentCount\":0,\"publisher\":{\"@id\":\"https:\\\/\\\/rafaramirez.org\\\/blog\\\/#\\\/schema\\\/person\\\/50f43b6d60c578760d4c17bda54ab6a5\"},\"image\":{\"@id\":\"https:\\\/\\\/rafaramirez.org\\\/blog\\\/index.php\\\/2026\\\/03\\\/20\\\/dia-internacional-de-la-felicidad-2026\\\/#primaryimage\"},\"thumbnailUrl\":\"https:\\\/\\\/rafaramirez.org\\\/blog\\\/wp-content\\\/uploads\\\/2026\\\/02\\\/Dia-internacional-de-la-felicidad_bannerlog.jpg\",\"keywords\":[\"D\u00eda Internacional de la Felicidad\",\"efem\u00e9rides\",\"efem\u00e9rides 20 de marzo\",\"efem\u00e9rides de 2025\",\"efem\u00e9rides de marzo\",\"Naciones Unidas\",\"ONU\"],\"articleSection\":[\"Efem\u00e9rides\"],\"inLanguage\":\"es\",\"potentialAction\":[{\"@type\":\"CommentAction\",\"name\":\"Comment\",\"target\":[\"https:\\\/\\\/rafaramirez.org\\\/blog\\\/index.php\\\/2026\\\/03\\\/20\\\/dia-internacional-de-la-felicidad-2026\\\/#respond\"]}]},{\"@type\":\"WebPage\",\"@id\":\"https:\\\/\\\/rafaramirez.org\\\/blog\\\/index.php\\\/2026\\\/03\\\/20\\\/dia-internacional-de-la-felicidad-2026\\\/\",\"url\":\"https:\\\/\\\/rafaramirez.org\\\/blog\\\/index.php\\\/2026\\\/03\\\/20\\\/dia-internacional-de-la-felicidad-2026\\\/\",\"name\":\"D\u00eda Internacional de la Felicidad 2026: mucho m\u00e1s que una sonrisa. - Blog de Rafael Ram\u00edrez\",\"isPartOf\":{\"@id\":\"https:\\\/\\\/rafaramirez.org\\\/blog\\\/#website\"},\"primaryImageOfPage\":{\"@id\":\"https:\\\/\\\/rafaramirez.org\\\/blog\\\/index.php\\\/2026\\\/03\\\/20\\\/dia-internacional-de-la-felicidad-2026\\\/#primaryimage\"},\"image\":{\"@id\":\"https:\\\/\\\/rafaramirez.org\\\/blog\\\/index.php\\\/2026\\\/03\\\/20\\\/dia-internacional-de-la-felicidad-2026\\\/#primaryimage\"},\"thumbnailUrl\":\"https:\\\/\\\/rafaramirez.org\\\/blog\\\/wp-content\\\/uploads\\\/2026\\\/02\\\/Dia-internacional-de-la-felicidad_bannerlog.jpg\",\"datePublished\":\"2026-03-20T07:00:55+00:00\",\"description\":\"El D\u00eda Internacional de la Felicidad se celebra cada 20 de marzo desde 2013,\u00a0tras ser proclamada por la Asamblea General de las Naciones Unid\",\"breadcrumb\":{\"@id\":\"https:\\\/\\\/rafaramirez.org\\\/blog\\\/index.php\\\/2026\\\/03\\\/20\\\/dia-internacional-de-la-felicidad-2026\\\/#breadcrumb\"},\"inLanguage\":\"es\",\"potentialAction\":[{\"@type\":\"ReadAction\",\"target\":[\"https:\\\/\\\/rafaramirez.org\\\/blog\\\/index.php\\\/2026\\\/03\\\/20\\\/dia-internacional-de-la-felicidad-2026\\\/\"]}]},{\"@type\":\"ImageObject\",\"inLanguage\":\"es\",\"@id\":\"https:\\\/\\\/rafaramirez.org\\\/blog\\\/index.php\\\/2026\\\/03\\\/20\\\/dia-internacional-de-la-felicidad-2026\\\/#primaryimage\",\"url\":\"https:\\\/\\\/rafaramirez.org\\\/blog\\\/wp-content\\\/uploads\\\/2026\\\/02\\\/Dia-internacional-de-la-felicidad_bannerlog.jpg\",\"contentUrl\":\"https:\\\/\\\/rafaramirez.org\\\/blog\\\/wp-content\\\/uploads\\\/2026\\\/02\\\/Dia-internacional-de-la-felicidad_bannerlog.jpg\",\"width\":720,\"height\":440,\"caption\":\"D\u00eda Internacional de la Felicidad 2026, 20 de marzo. Blog de Rafael Ram\u00edrez.\"},{\"@type\":\"BreadcrumbList\",\"@id\":\"https:\\\/\\\/rafaramirez.org\\\/blog\\\/index.php\\\/2026\\\/03\\\/20\\\/dia-internacional-de-la-felicidad-2026\\\/#breadcrumb\",\"itemListElement\":[{\"@type\":\"ListItem\",\"position\":1,\"name\":\"Portada\",\"item\":\"https:\\\/\\\/rafaramirez.org\\\/blog\\\/\"},{\"@type\":\"ListItem\",\"position\":2,\"name\":\"D\u00eda Internacional de la Felicidad 2026: mucho m\u00e1s que una sonrisa.\"}]},{\"@type\":\"WebSite\",\"@id\":\"https:\\\/\\\/rafaramirez.org\\\/blog\\\/#website\",\"url\":\"https:\\\/\\\/rafaramirez.org\\\/blog\\\/\",\"name\":\"Blog de Rafael Ram\u00edrez\",\"description\":\"Un sitio social, de arte y cultura\",\"publisher\":{\"@id\":\"https:\\\/\\\/rafaramirez.org\\\/blog\\\/#\\\/schema\\\/person\\\/50f43b6d60c578760d4c17bda54ab6a5\"},\"potentialAction\":[{\"@type\":\"SearchAction\",\"target\":{\"@type\":\"EntryPoint\",\"urlTemplate\":\"https:\\\/\\\/rafaramirez.org\\\/blog\\\/?s={search_term_string}\"},\"query-input\":{\"@type\":\"PropertyValueSpecification\",\"valueRequired\":true,\"valueName\":\"search_term_string\"}}],\"inLanguage\":\"es\"},{\"@type\":[\"Person\",\"Organization\"],\"@id\":\"https:\\\/\\\/rafaramirez.org\\\/blog\\\/#\\\/schema\\\/person\\\/50f43b6d60c578760d4c17bda54ab6a5\",\"name\":\"Rafael Ram\u00edrez\",\"image\":{\"@type\":\"ImageObject\",\"inLanguage\":\"es\",\"@id\":\"https:\\\/\\\/rafaramirez.org\\\/blog\\\/wp-content\\\/uploads\\\/2024\\\/09\\\/RR_socialnetwork.jpg\",\"url\":\"https:\\\/\\\/rafaramirez.org\\\/blog\\\/wp-content\\\/uploads\\\/2024\\\/09\\\/RR_socialnetwork.jpg\",\"contentUrl\":\"https:\\\/\\\/rafaramirez.org\\\/blog\\\/wp-content\\\/uploads\\\/2024\\\/09\\\/RR_socialnetwork.jpg\",\"width\":600,\"height\":606,\"caption\":\"Rafael Ram\u00edrez\"},\"logo\":{\"@id\":\"https:\\\/\\\/rafaramirez.org\\\/blog\\\/wp-content\\\/uploads\\\/2024\\\/09\\\/RR_socialnetwork.jpg\"},\"sameAs\":[\"https:\\\/\\\/www.rafaramirez.org\\\/blog\",\"https:\\\/\\\/www.instagram.com\\\/rafaramirez_ok\\\/\",\"https:\\\/\\\/es.pinterest.com\\\/Ramirez_Rafa\\\/\",\"https:\\\/\\\/x.com\\\/rafaramirez_ok\"],\"url\":\"https:\\\/\\\/rafaramirez.org\\\/blog\\\/index.php\\\/author\\\/rafaell_qm6j97da\\\/\"}]}<\/script>\n<!-- \/ Yoast SEO plugin. -->","yoast_head_json":{"title":"D\u00eda Internacional de la Felicidad 2026: mucho m\u00e1s que una sonrisa. - Blog de Rafael Ram\u00edrez","description":"El D\u00eda Internacional de la Felicidad se celebra cada 20 de marzo desde 2013,\u00a0tras ser proclamada por la Asamblea General de las Naciones Unid","robots":{"index":"index","follow":"follow","max-snippet":"max-snippet:-1","max-image-preview":"max-image-preview:large","max-video-preview":"max-video-preview:-1"},"canonical":"https:\/\/rafaramirez.org\/blog\/index.php\/2026\/03\/20\/dia-internacional-de-la-felicidad-2026\/","og_locale":"es_ES","og_type":"article","og_title":"D\u00eda Internacional de la Felicidad 2026: mucho m\u00e1s que una sonrisa. - Blog de Rafael Ram\u00edrez","og_description":"El D\u00eda Internacional de la Felicidad se celebra cada 20 de marzo desde 2013,\u00a0tras ser proclamada por la Asamblea General de las Naciones Unid","og_url":"https:\/\/rafaramirez.org\/blog\/index.php\/2026\/03\/20\/dia-internacional-de-la-felicidad-2026\/","og_site_name":"Blog de Rafael Ram\u00edrez","article_published_time":"2026-03-20T07:00:55+00:00","og_image":[{"width":720,"height":440,"url":"https:\/\/rafaramirez.org\/blog\/wp-content\/uploads\/2026\/02\/Dia-internacional-de-la-felicidad_bannerlog.jpg","type":"image\/jpeg"}],"author":"Rafael Ram\u00edrez","twitter_card":"summary_large_image","twitter_creator":"@rafaramirez_ok","twitter_site":"@rafaramirez_ok","twitter_misc":{"Escrito por":"Rafael Ram\u00edrez","Tiempo de lectura":"4 minutos"},"schema":{"@context":"https:\/\/schema.org","@graph":[{"@type":"Article","@id":"https:\/\/rafaramirez.org\/blog\/index.php\/2026\/03\/20\/dia-internacional-de-la-felicidad-2026\/#article","isPartOf":{"@id":"https:\/\/rafaramirez.org\/blog\/index.php\/2026\/03\/20\/dia-internacional-de-la-felicidad-2026\/"},"author":{"name":"Rafael Ram\u00edrez","@id":"https:\/\/rafaramirez.org\/blog\/#\/schema\/person\/50f43b6d60c578760d4c17bda54ab6a5"},"headline":"D\u00eda Internacional de la Felicidad 2026: mucho m\u00e1s que una sonrisa.","datePublished":"2026-03-20T07:00:55+00:00","mainEntityOfPage":{"@id":"https:\/\/rafaramirez.org\/blog\/index.php\/2026\/03\/20\/dia-internacional-de-la-felicidad-2026\/"},"wordCount":781,"commentCount":0,"publisher":{"@id":"https:\/\/rafaramirez.org\/blog\/#\/schema\/person\/50f43b6d60c578760d4c17bda54ab6a5"},"image":{"@id":"https:\/\/rafaramirez.org\/blog\/index.php\/2026\/03\/20\/dia-internacional-de-la-felicidad-2026\/#primaryimage"},"thumbnailUrl":"https:\/\/rafaramirez.org\/blog\/wp-content\/uploads\/2026\/02\/Dia-internacional-de-la-felicidad_bannerlog.jpg","keywords":["D\u00eda Internacional de la Felicidad","efem\u00e9rides","efem\u00e9rides 20 de marzo","efem\u00e9rides de 2025","efem\u00e9rides de marzo","Naciones Unidas","ONU"],"articleSection":["Efem\u00e9rides"],"inLanguage":"es","potentialAction":[{"@type":"CommentAction","name":"Comment","target":["https:\/\/rafaramirez.org\/blog\/index.php\/2026\/03\/20\/dia-internacional-de-la-felicidad-2026\/#respond"]}]},{"@type":"WebPage","@id":"https:\/\/rafaramirez.org\/blog\/index.php\/2026\/03\/20\/dia-internacional-de-la-felicidad-2026\/","url":"https:\/\/rafaramirez.org\/blog\/index.php\/2026\/03\/20\/dia-internacional-de-la-felicidad-2026\/","name":"D\u00eda Internacional de la Felicidad 2026: mucho m\u00e1s que una sonrisa. - Blog de Rafael Ram\u00edrez","isPartOf":{"@id":"https:\/\/rafaramirez.org\/blog\/#website"},"primaryImageOfPage":{"@id":"https:\/\/rafaramirez.org\/blog\/index.php\/2026\/03\/20\/dia-internacional-de-la-felicidad-2026\/#primaryimage"},"image":{"@id":"https:\/\/rafaramirez.org\/blog\/index.php\/2026\/03\/20\/dia-internacional-de-la-felicidad-2026\/#primaryimage"},"thumbnailUrl":"https:\/\/rafaramirez.org\/blog\/wp-content\/uploads\/2026\/02\/Dia-internacional-de-la-felicidad_bannerlog.jpg","datePublished":"2026-03-20T07:00:55+00:00","description":"El D\u00eda Internacional de la Felicidad se celebra cada 20 de marzo desde 2013,\u00a0tras ser proclamada por la Asamblea General de las Naciones Unid","breadcrumb":{"@id":"https:\/\/rafaramirez.org\/blog\/index.php\/2026\/03\/20\/dia-internacional-de-la-felicidad-2026\/#breadcrumb"},"inLanguage":"es","potentialAction":[{"@type":"ReadAction","target":["https:\/\/rafaramirez.org\/blog\/index.php\/2026\/03\/20\/dia-internacional-de-la-felicidad-2026\/"]}]},{"@type":"ImageObject","inLanguage":"es","@id":"https:\/\/rafaramirez.org\/blog\/index.php\/2026\/03\/20\/dia-internacional-de-la-felicidad-2026\/#primaryimage","url":"https:\/\/rafaramirez.org\/blog\/wp-content\/uploads\/2026\/02\/Dia-internacional-de-la-felicidad_bannerlog.jpg","contentUrl":"https:\/\/rafaramirez.org\/blog\/wp-content\/uploads\/2026\/02\/Dia-internacional-de-la-felicidad_bannerlog.jpg","width":720,"height":440,"caption":"D\u00eda Internacional de la Felicidad 2026, 20 de marzo. Blog de Rafael Ram\u00edrez."},{"@type":"BreadcrumbList","@id":"https:\/\/rafaramirez.org\/blog\/index.php\/2026\/03\/20\/dia-internacional-de-la-felicidad-2026\/#breadcrumb","itemListElement":[{"@type":"ListItem","position":1,"name":"Portada","item":"https:\/\/rafaramirez.org\/blog\/"},{"@type":"ListItem","position":2,"name":"D\u00eda Internacional de la Felicidad 2026: mucho m\u00e1s que una sonrisa."}]},{"@type":"WebSite","@id":"https:\/\/rafaramirez.org\/blog\/#website","url":"https:\/\/rafaramirez.org\/blog\/","name":"Blog de Rafael Ram\u00edrez","description":"Un sitio social, de arte y cultura","publisher":{"@id":"https:\/\/rafaramirez.org\/blog\/#\/schema\/person\/50f43b6d60c578760d4c17bda54ab6a5"},"potentialAction":[{"@type":"SearchAction","target":{"@type":"EntryPoint","urlTemplate":"https:\/\/rafaramirez.org\/blog\/?s={search_term_string}"},"query-input":{"@type":"PropertyValueSpecification","valueRequired":true,"valueName":"search_term_string"}}],"inLanguage":"es"},{"@type":["Person","Organization"],"@id":"https:\/\/rafaramirez.org\/blog\/#\/schema\/person\/50f43b6d60c578760d4c17bda54ab6a5","name":"Rafael Ram\u00edrez","image":{"@type":"ImageObject","inLanguage":"es","@id":"https:\/\/rafaramirez.org\/blog\/wp-content\/uploads\/2024\/09\/RR_socialnetwork.jpg","url":"https:\/\/rafaramirez.org\/blog\/wp-content\/uploads\/2024\/09\/RR_socialnetwork.jpg","contentUrl":"https:\/\/rafaramirez.org\/blog\/wp-content\/uploads\/2024\/09\/RR_socialnetwork.jpg","width":600,"height":606,"caption":"Rafael Ram\u00edrez"},"logo":{"@id":"https:\/\/rafaramirez.org\/blog\/wp-content\/uploads\/2024\/09\/RR_socialnetwork.jpg"},"sameAs":["https:\/\/www.rafaramirez.org\/blog","https:\/\/www.instagram.com\/rafaramirez_ok\/","https:\/\/es.pinterest.com\/Ramirez_Rafa\/","https:\/\/x.com\/rafaramirez_ok"],"url":"https:\/\/rafaramirez.org\/blog\/index.php\/author\/rafaell_qm6j97da\/"}]}},"jetpack_publicize_connections":[],"jetpack_sharing_enabled":true,"jetpack_likes_enabled":true,"jetpack_featured_media_url":"https:\/\/rafaramirez.org\/blog\/wp-content\/uploads\/2026\/02\/Dia-internacional-de-la-felicidad_bannerlog.jpg","_links":{"self":[{"href":"https:\/\/rafaramirez.org\/blog\/index.php\/wp-json\/wp\/v2\/posts\/12142","targetHints":{"allow":["GET"]}}],"collection":[{"href":"https:\/\/rafaramirez.org\/blog\/index.php\/wp-json\/wp\/v2\/posts"}],"about":[{"href":"https:\/\/rafaramirez.org\/blog\/index.php\/wp-json\/wp\/v2\/types\/post"}],"author":[{"embeddable":true,"href":"https:\/\/rafaramirez.org\/blog\/index.php\/wp-json\/wp\/v2\/users\/1"}],"replies":[{"embeddable":true,"href":"https:\/\/rafaramirez.org\/blog\/index.php\/wp-json\/wp\/v2\/comments?post=12142"}],"version-history":[{"count":6,"href":"https:\/\/rafaramirez.org\/blog\/index.php\/wp-json\/wp\/v2\/posts\/12142\/revisions"}],"predecessor-version":[{"id":12150,"href":"https:\/\/rafaramirez.org\/blog\/index.php\/wp-json\/wp\/v2\/posts\/12142\/revisions\/12150"}],"wp:featuredmedia":[{"embeddable":true,"href":"https:\/\/rafaramirez.org\/blog\/index.php\/wp-json\/wp\/v2\/media\/12140"}],"wp:attachment":[{"href":"https:\/\/rafaramirez.org\/blog\/index.php\/wp-json\/wp\/v2\/media?parent=12142"}],"wp:term":[{"taxonomy":"category","embeddable":true,"href":"https:\/\/rafaramirez.org\/blog\/index.php\/wp-json\/wp\/v2\/categories?post=12142"},{"taxonomy":"post_tag","embeddable":true,"href":"https:\/\/rafaramirez.org\/blog\/index.php\/wp-json\/wp\/v2\/tags?post=12142"}],"curies":[{"name":"wp","href":"https:\/\/api.w.org\/{rel}","templated":true}]}}