{"id":12134,"date":"2026-03-19T08:00:43","date_gmt":"2026-03-19T07:00:43","guid":{"rendered":"https:\/\/rafaramirez.org\/blog\/?p=12134"},"modified":"2026-02-18T11:31:49","modified_gmt":"2026-02-18T10:31:49","slug":"19-de-marzo-dia-del-padre-2026","status":"publish","type":"post","link":"https:\/\/rafaramirez.org\/blog\/index.php\/2026\/03\/19\/19-de-marzo-dia-del-padre-2026\/","title":{"rendered":"D\u00eda del Padre 2026: origen, tradici\u00f3n y c\u00f3mo se celebra en Espa\u00f1a y en el mundo."},"content":{"rendered":"<p>El D\u00eda del Padre se celebra el 19 de marzo en muchos pa\u00edses, especialmente en Espa\u00f1a, y tiene un gran significado religioso en el contexto cat\u00f3lico, ya que coincide con la festividad de San Jos\u00e9, el esposo de la Virgen Mar\u00eda y padre terrenal de Jes\u00fas.<\/p>\n<p>En Espa\u00f1a es tradicional honrar a los padres y figuras paternas con muestras de cari\u00f1o, regalos o gestos especiales. Muchas familias lo celebran reuni\u00e9ndose y compartiendo una comida especial, o regalando tarjetas y obsequios a los padres. Aunque en algunas regiones no es festivo oficial, en otras, como la Comunidad Valenciana, coincide con las Fallas, lo que le a\u00f1ade a\u00fan m\u00e1s colorido y ambiente festivo.<\/p>\n<h3>Historia.<\/h3>\n<p>La Iglesia cat\u00f3lica conmemora el 19 de marzo como el d\u00eda de San Jos\u00e9 por una combinaci\u00f3n de tradici\u00f3n, devoci\u00f3n, calendario lit\u00fargico, simbolismo y proclamaci\u00f3n papal. Se trata de un momento para celebrar la figura de san Jos\u00e9 y reflexionar sobre su importancia en la fe cristiana. La Iglesia asoci\u00f3 esta fecha con la muerte de san Jos\u00e9 en el siglo IV. Aunque no hay certeza hist\u00f3rica sobre la fecha exacta de su fallecimiento, la tradici\u00f3n se consolid\u00f3 y se estableci\u00f3 el 19 de marzo como d\u00eda de su festividad.<\/p>\n<p>San Jos\u00e9 ha sido objeto de gran devoci\u00f3n en la Iglesia cat\u00f3lica desde los primeros tiempos. Se le considera un modelo de padre, esposo y protector de la Sagrada Familia. Su papel como custodio de Jes\u00fas y Mar\u00eda lo convierte en una figura clave para la fe cristiana. Adem\u00e1s, el 19 de marzo coincide con la llegada de la primavera en el hemisferio norte, lo que le confiere un significado simb\u00f3lico. Esta estaci\u00f3n se asocia con la renovaci\u00f3n y la vida, cualidades que se relacionan con la figura de san Jos\u00e9 como protector y gu\u00eda de la Sagrada Familia.<\/p>\n<figure id=\"attachment_12136\" aria-describedby=\"caption-attachment-12136\" style=\"width: 300px\" class=\"wp-caption aligncenter\"><img loading=\"lazy\" decoding=\"async\" class=\"wp-image-12136 size-medium\" src=\"https:\/\/rafaramirez.org\/blog\/wp-content\/uploads\/2026\/02\/Dia-del-Padre-2026_1-300x300.jpg\" alt=\"D\u00eda del Padre 2026, 19 de Marzo. Blog de Rafael Ram\u00edrez.\" width=\"300\" height=\"300\" srcset=\"https:\/\/rafaramirez.org\/blog\/wp-content\/uploads\/2026\/02\/Dia-del-Padre-2026_1-300x300.jpg 300w, https:\/\/rafaramirez.org\/blog\/wp-content\/uploads\/2026\/02\/Dia-del-Padre-2026_1-150x150.jpg 150w, https:\/\/rafaramirez.org\/blog\/wp-content\/uploads\/2026\/02\/Dia-del-Padre-2026_1-768x768.jpg 768w, https:\/\/rafaramirez.org\/blog\/wp-content\/uploads\/2026\/02\/Dia-del-Padre-2026_1.jpg 850w\" sizes=\"auto, (max-width: 300px) 100vw, 300px\" \/><figcaption id=\"caption-attachment-12136\" class=\"wp-caption-text\">D\u00eda del Padre 2026, 19 de Marzo. Blog de Rafael Ram\u00edrez.<\/figcaption><\/figure>\n<h3 data-sourcepos=\"1:1-1:42\">Celebraci\u00f3n del D\u00eda del Padre en Espa\u00f1a.<\/h3>\n<p>La celebraci\u00f3n del D\u00eda del Padre en Espa\u00f1a se remonta a 1948. Aunque existen diferentes versiones sobre su origen, la m\u00e1s popular atribuye su creaci\u00f3n a Manuela Vicente Ferrero, una maestra zamorana conocida como \u00abNely\u00bb.<\/p>\n<p>En su escuela del barrio de Belmonte, en Madrid, algunos padres le pidieron que creara un d\u00eda para celebrar la figura paterna, similar al D\u00eda de la Madre. Inspirada por esta petici\u00f3n, Nely propuso dedicar el 19 de marzo, d\u00eda de San Jos\u00e9, a homenajear a los padres. San Jos\u00e9, padre adoptivo de Jes\u00fas, era considerado un modelo de padre amoroso y protector, por lo que se eligi\u00f3 esa fecha.<\/p>\n<figure id=\"attachment_3788\" aria-describedby=\"caption-attachment-3788\" style=\"width: 225px\" class=\"wp-caption alignnone\"><img loading=\"lazy\" decoding=\"async\" class=\"wp-image-3788 size-medium\" src=\"https:\/\/rafaramirez.org\/blog\/wp-content\/uploads\/2024\/03\/Manuela_Vicente_Ferrero_con_sus_hijos_Manuel_y_Ma_Jose-225x300.jpg\" alt=\"D\u00eda del Padre en Espa\u00f1a. Manuela Vicente Ferrero con sus hijos Manuel y M\u00aa Jos\u00e9.\" width=\"225\" height=\"300\" srcset=\"https:\/\/rafaramirez.org\/blog\/wp-content\/uploads\/2024\/03\/Manuela_Vicente_Ferrero_con_sus_hijos_Manuel_y_Ma_Jose-225x300.jpg 225w, https:\/\/rafaramirez.org\/blog\/wp-content\/uploads\/2024\/03\/Manuela_Vicente_Ferrero_con_sus_hijos_Manuel_y_Ma_Jose-768x1024.jpg 768w, https:\/\/rafaramirez.org\/blog\/wp-content\/uploads\/2024\/03\/Manuela_Vicente_Ferrero_con_sus_hijos_Manuel_y_Ma_Jose-1152x1536.jpg 1152w, https:\/\/rafaramirez.org\/blog\/wp-content\/uploads\/2024\/03\/Manuela_Vicente_Ferrero_con_sus_hijos_Manuel_y_Ma_Jose.jpg 1536w\" sizes=\"auto, (max-width: 225px) 100vw, 225px\" \/><figcaption id=\"caption-attachment-3788\" class=\"wp-caption-text\">D\u00eda del Padre en Espa\u00f1a. Manuela Vicente Ferrero con sus hijos Manuel y M\u00aa Jos\u00e9.<\/figcaption><\/figure>\n<p data-sourcepos=\"9:1-9:19\"><strong>Popularizaci\u00f3n.<\/strong><\/p>\n<p data-sourcepos=\"11:1-11:239\">A partir de 1948, Nely promovi\u00f3 la celebraci\u00f3n del D\u00eda del Padre a trav\u00e9s de su columna en la revista El Magisterio Espa\u00f1ol. La idea fue ganando popularidad y, en la d\u00e9cada de 1960, ya se celebraba en muchas escuelas y hogares espa\u00f1oles.<\/p>\n<p data-sourcepos=\"13:1-13:21\"><strong>Comercializaci\u00f3n.\u00a0<\/strong><\/p>\n<p data-sourcepos=\"15:1-15:244\">Con el paso del tiempo, el D\u00eda del Padre se convirti\u00f3 en una fecha muy importante desde el punto de vista comercial. Las tiendas y empresas comenzaron a ofrecer descuentos y promociones especiales para la ocasi\u00f3n y la tradici\u00f3n de regalar un detalle a los padres se fue consolidando.<\/p>\n<h3 data-sourcepos=\"17:1-17:17\"><strong>El D\u00eda del Padre en otros pa\u00edses. <\/strong><\/h3>\n<p>Se celebra en diferentes fechas y con diversas tradiciones en todo el mundo. A continuaci\u00f3n, te muestro algunos ejemplos interesantes:<\/p>\n<ul>\n<li>En Estados Unidos, el Reino Unido y otros pa\u00edses se celebra el tercer domingo de junio. Es costumbre regalar tarjetas y obsequios, y pasar tiempo con los padres. En EE. UU., esta festividad se reconoci\u00f3 oficialmente en 1972 por el presidente Nixon.<\/li>\n<li>En Alemania se celebra el mismo d\u00eda que la Ascensi\u00f3n, cuarenta d\u00edas despu\u00e9s de la Pascua. Se conoce como \u00abVatertag\u00bb y tiene un enfoque \u00fanico: los hombres suelen disfrutar de un d\u00eda de excursi\u00f3n con amigos, a menudo acompa\u00f1ado de comida y bebida.<\/li>\n<li>En Tailandia, el D\u00eda del Padre se celebra el 5 de diciembre, en honor al cumplea\u00f1os del difunto rey Bhumibol Adulyadej. Es un d\u00eda para mostrar respeto a los padres y a la figura paterna.<\/li>\n<li>En Italia y Portugal, el D\u00eda del Padre se celebra el 19 de marzo, en el D\u00eda de San Jos\u00e9, y la celebraci\u00f3n tiene un fuerte car\u00e1cter religioso. Otros pa\u00edses que celebran este d\u00eda son B\u00e9lgica, Honduras y Bolivia.<\/li>\n<li>En Corea del Sur no hay un d\u00eda espec\u00edfico para celebrar el D\u00eda del Padre, sino que celebran el \u00abD\u00eda de los Padres\u00bb el 8 de mayo, dedicado tanto a padres como a madres. Es tradici\u00f3n regalar claveles rojos.<\/li>\n<\/ul>\n<p data-sourcepos=\"28:1-28:156\">Cabe destacar que la mayor\u00eda de los pa\u00edses de Am\u00e9rica Latina celebran el D\u00eda del Padre en el tercer domingo de junio, siguiendo la tradici\u00f3n estadounidense. Cada pa\u00eds tiene formas \u00fanicas de honrar a los padres.<\/p>\n<figure id=\"attachment_12137\" aria-describedby=\"caption-attachment-12137\" style=\"width: 300px\" class=\"wp-caption aligncenter\"><img loading=\"lazy\" decoding=\"async\" class=\"wp-image-12137 size-medium\" src=\"https:\/\/rafaramirez.org\/blog\/wp-content\/uploads\/2026\/02\/Dia-del-Padre-2026_2-300x200.jpg\" alt=\"D\u00eda del Padre 2026, 19 de Marzo. Blog de Rafael Ram\u00edrez.\" width=\"300\" height=\"200\" srcset=\"https:\/\/rafaramirez.org\/blog\/wp-content\/uploads\/2026\/02\/Dia-del-Padre-2026_2-300x200.jpg 300w, https:\/\/rafaramirez.org\/blog\/wp-content\/uploads\/2026\/02\/Dia-del-Padre-2026_2-768x512.jpg 768w, https:\/\/rafaramirez.org\/blog\/wp-content\/uploads\/2026\/02\/Dia-del-Padre-2026_2.jpg 850w\" sizes=\"auto, (max-width: 300px) 100vw, 300px\" \/><figcaption id=\"caption-attachment-12137\" class=\"wp-caption-text\">D\u00eda del Padre 2026, 19 de Marzo. Blog de Rafael Ram\u00edrez.<\/figcaption><\/figure>\n<p>En resumen, el D\u00eda del Padre se celebra en Espa\u00f1a el 19 de marzo, d\u00eda de San Jos\u00e9, por iniciativa de la maestra Manuela Vicente Ferrero en 1948. Esta fecha rinde homenaje a la figura paterna y se ha convertido en una importante tradici\u00f3n familiar y comercial. Adem\u00e1s de en Espa\u00f1a, esta festividad se celebra el mismo d\u00eda en otros pa\u00edses como Italia, Portugal y B\u00e9lgica.<\/p>\n<p data-sourcepos=\"32:1-32:354\">M\u00e1s informaci\u00f3n:<\/p>\n<ul>\n<li data-sourcepos=\"32:1-32:354\"><a href=\"https:\/\/www.20minutos.es\/cultura\/blogs\/yaestaellistoquetodolosabe\/manuela-vicente-ferrero-maestra-que-invento-dia-padre-espana-5624944\/\" target=\"_blank\" rel=\"noopener\">Manuela Vicente Ferrero, la maestra que invent\u00f3 el \u2018D\u00eda del Padre\u2019 en Espa\u00f1a<\/a>.<\/li>\n<li data-sourcepos=\"32:1-32:354\"><a href=\"https:\/\/www.laopiniondezamora.es\/comarcas\/2018\/03\/25\/tabaresa-nely-vicente-invento-dia-2627334.html\" target=\"_blank\" rel=\"noopener\">La tabaresa Nely Vicente \u00abinvent\u00f3\u00bb el D\u00eda del Padre<\/a>.<\/li>\n<li data-sourcepos=\"32:1-32:354\"><a href=\"https:\/\/es.wikipedia.org\/wiki\/D%C3%ADa_del_Padre\" target=\"_blank\" rel=\"noopener\">D\u00eda del Padre &#8211; Wikipedia, la enciclopedia libre<\/a>.<\/li>\n<li data-sourcepos=\"32:1-32:354\"><a href=\"https:\/\/rafaramirez.org\/blog\/index.php\/category\/arte\/efemerides\/\" target=\"_blank\" rel=\"noopener\">Otras efem\u00e9rides<\/a>.<\/li>\n<\/ul>\n","protected":false},"excerpt":{"rendered":"<p>El D\u00eda del Padre se celebra el 19 de marzo en muchos pa\u00edses, especialmente en Espa\u00f1a, y tiene un gran significado religioso en el contexto cat\u00f3lico, ya que coincide con la festividad de San Jos\u00e9, el esposo de la Virgen Mar\u00eda y padre terrenal de Jes\u00fas. En Espa\u00f1a es tradicional honrar a los padres y [&hellip;]<\/p>\n","protected":false},"author":1,"featured_media":12135,"comment_status":"open","ping_status":"closed","sticky":false,"template":"","format":"standard","meta":{"site-container-style":"default","site-container-layout":"default","site-sidebar-layout":"default","disable-article-header":"default","disable-site-header":"default","disable-site-footer":"default","disable-content-area-spacing":"default","_jetpack_newsletter_access":"","_jetpack_dont_email_post_to_subs":false,"_jetpack_newsletter_tier_id":0,"_jetpack_memberships_contains_paywalled_content":false,"_jetpack_feature_clip_id":0,"_jetpack_memberships_contains_paid_content":false,"footnotes":"","jetpack_publicize_message":"","jetpack_publicize_feature_enabled":true,"jetpack_social_post_already_shared":true,"jetpack_social_options":{"image_generator_settings":{"template":"highway","default_image_id":0,"font":"","enabled":false},"version":2},"jetpack_post_was_ever_published":false},"categories":[1291],"tags":[4114,4113,4115,1323,4099,4098],"class_list":["post-12134","post","type-post","status-publish","format-standard","has-post-thumbnail","hentry","category-efemerides","tag-19-de-marzo","tag-dia-del-padre","tag-dia-del-padre-en-espana","tag-efemerides","tag-efemerides-de-2025","tag-efemerides-de-marzo"],"yoast_head":"<!-- This site is optimized with the Yoast SEO plugin v28.4 - https:\/\/yoast.com\/product\/yoast-seo-wordpress\/ -->\n<title>D\u00eda del Padre 2026: origen, tradici\u00f3n y c\u00f3mo se celebra en Espa\u00f1a y en el mundo. - Blog de Rafael Ram\u00edrez<\/title>\n<meta name=\"description\" content=\"El D\u00eda del Padre se celebra el 19 de marzo en muchos pa\u00edses, especialmente en Espa\u00f1a, y tiene un gran significado religioso en el contexto\" \/>\n<meta name=\"robots\" content=\"index, follow, max-snippet:-1, max-image-preview:large, max-video-preview:-1\" \/>\n<link rel=\"canonical\" href=\"https:\/\/rafaramirez.org\/blog\/index.php\/2026\/03\/19\/19-de-marzo-dia-del-padre-2026\/\" \/>\n<meta property=\"og:locale\" content=\"es_ES\" \/>\n<meta property=\"og:type\" content=\"article\" \/>\n<meta property=\"og:title\" content=\"D\u00eda del Padre 2026: origen, tradici\u00f3n y c\u00f3mo se celebra en Espa\u00f1a y en el mundo. - Blog de Rafael Ram\u00edrez\" \/>\n<meta property=\"og:description\" content=\"El D\u00eda del Padre se celebra el 19 de marzo en muchos pa\u00edses, especialmente en Espa\u00f1a, y tiene un gran significado religioso en el contexto\" \/>\n<meta property=\"og:url\" content=\"https:\/\/rafaramirez.org\/blog\/index.php\/2026\/03\/19\/19-de-marzo-dia-del-padre-2026\/\" \/>\n<meta property=\"og:site_name\" content=\"Blog de Rafael Ram\u00edrez\" \/>\n<meta property=\"article:published_time\" content=\"2026-03-19T07:00:43+00:00\" \/>\n<meta property=\"og:image\" content=\"https:\/\/rafaramirez.org\/blog\/wp-content\/uploads\/2026\/02\/Dia-del-Padre-2026_bannerlog.jpg\" \/>\n\t<meta property=\"og:image:width\" content=\"720\" \/>\n\t<meta property=\"og:image:height\" content=\"440\" \/>\n\t<meta property=\"og:image:type\" content=\"image\/jpeg\" \/>\n<meta name=\"author\" content=\"Rafael Ram\u00edrez\" \/>\n<meta name=\"twitter:card\" content=\"summary_large_image\" \/>\n<meta name=\"twitter:creator\" content=\"@rafaramirez_ok\" \/>\n<meta name=\"twitter:site\" content=\"@rafaramirez_ok\" \/>\n<meta name=\"twitter:label1\" content=\"Escrito por\" \/>\n\t<meta name=\"twitter:data1\" content=\"Rafael Ram\u00edrez\" \/>\n\t<meta name=\"twitter:label2\" content=\"Tiempo de lectura\" \/>\n\t<meta name=\"twitter:data2\" content=\"6 minutos\" \/>\n<script type=\"application\/ld+json\" class=\"yoast-schema-graph\">{\"@context\":\"https:\\\/\\\/schema.org\",\"@graph\":[{\"@type\":\"Article\",\"@id\":\"https:\\\/\\\/rafaramirez.org\\\/blog\\\/index.php\\\/2026\\\/03\\\/19\\\/19-de-marzo-dia-del-padre-2026\\\/#article\",\"isPartOf\":{\"@id\":\"https:\\\/\\\/rafaramirez.org\\\/blog\\\/index.php\\\/2026\\\/03\\\/19\\\/19-de-marzo-dia-del-padre-2026\\\/\"},\"author\":{\"name\":\"Rafael Ram\u00edrez\",\"@id\":\"https:\\\/\\\/rafaramirez.org\\\/blog\\\/#\\\/schema\\\/person\\\/50f43b6d60c578760d4c17bda54ab6a5\"},\"headline\":\"D\u00eda del Padre 2026: origen, tradici\u00f3n y c\u00f3mo se celebra en Espa\u00f1a y en el mundo.\",\"datePublished\":\"2026-03-19T07:00:43+00:00\",\"mainEntityOfPage\":{\"@id\":\"https:\\\/\\\/rafaramirez.org\\\/blog\\\/index.php\\\/2026\\\/03\\\/19\\\/19-de-marzo-dia-del-padre-2026\\\/\"},\"wordCount\":1036,\"commentCount\":0,\"publisher\":{\"@id\":\"https:\\\/\\\/rafaramirez.org\\\/blog\\\/#\\\/schema\\\/person\\\/50f43b6d60c578760d4c17bda54ab6a5\"},\"image\":{\"@id\":\"https:\\\/\\\/rafaramirez.org\\\/blog\\\/index.php\\\/2026\\\/03\\\/19\\\/19-de-marzo-dia-del-padre-2026\\\/#primaryimage\"},\"thumbnailUrl\":\"https:\\\/\\\/rafaramirez.org\\\/blog\\\/wp-content\\\/uploads\\\/2026\\\/02\\\/Dia-del-Padre-2026_bannerlog.jpg\",\"keywords\":[\"19 de marzo\",\"D\u00eda del Padre\",\"D\u00eda del Padre en Espa\u00f1a\",\"efem\u00e9rides\",\"efem\u00e9rides de 2025\",\"efem\u00e9rides de marzo\"],\"articleSection\":[\"Efem\u00e9rides\"],\"inLanguage\":\"es\",\"potentialAction\":[{\"@type\":\"CommentAction\",\"name\":\"Comment\",\"target\":[\"https:\\\/\\\/rafaramirez.org\\\/blog\\\/index.php\\\/2026\\\/03\\\/19\\\/19-de-marzo-dia-del-padre-2026\\\/#respond\"]}]},{\"@type\":\"WebPage\",\"@id\":\"https:\\\/\\\/rafaramirez.org\\\/blog\\\/index.php\\\/2026\\\/03\\\/19\\\/19-de-marzo-dia-del-padre-2026\\\/\",\"url\":\"https:\\\/\\\/rafaramirez.org\\\/blog\\\/index.php\\\/2026\\\/03\\\/19\\\/19-de-marzo-dia-del-padre-2026\\\/\",\"name\":\"D\u00eda del Padre 2026: origen, tradici\u00f3n y c\u00f3mo se celebra en Espa\u00f1a y en el mundo. - Blog de Rafael Ram\u00edrez\",\"isPartOf\":{\"@id\":\"https:\\\/\\\/rafaramirez.org\\\/blog\\\/#website\"},\"primaryImageOfPage\":{\"@id\":\"https:\\\/\\\/rafaramirez.org\\\/blog\\\/index.php\\\/2026\\\/03\\\/19\\\/19-de-marzo-dia-del-padre-2026\\\/#primaryimage\"},\"image\":{\"@id\":\"https:\\\/\\\/rafaramirez.org\\\/blog\\\/index.php\\\/2026\\\/03\\\/19\\\/19-de-marzo-dia-del-padre-2026\\\/#primaryimage\"},\"thumbnailUrl\":\"https:\\\/\\\/rafaramirez.org\\\/blog\\\/wp-content\\\/uploads\\\/2026\\\/02\\\/Dia-del-Padre-2026_bannerlog.jpg\",\"datePublished\":\"2026-03-19T07:00:43+00:00\",\"description\":\"El D\u00eda del Padre se celebra el 19 de marzo en muchos pa\u00edses, especialmente en Espa\u00f1a, y tiene un gran significado religioso en el contexto\",\"breadcrumb\":{\"@id\":\"https:\\\/\\\/rafaramirez.org\\\/blog\\\/index.php\\\/2026\\\/03\\\/19\\\/19-de-marzo-dia-del-padre-2026\\\/#breadcrumb\"},\"inLanguage\":\"es\",\"potentialAction\":[{\"@type\":\"ReadAction\",\"target\":[\"https:\\\/\\\/rafaramirez.org\\\/blog\\\/index.php\\\/2026\\\/03\\\/19\\\/19-de-marzo-dia-del-padre-2026\\\/\"]}]},{\"@type\":\"ImageObject\",\"inLanguage\":\"es\",\"@id\":\"https:\\\/\\\/rafaramirez.org\\\/blog\\\/index.php\\\/2026\\\/03\\\/19\\\/19-de-marzo-dia-del-padre-2026\\\/#primaryimage\",\"url\":\"https:\\\/\\\/rafaramirez.org\\\/blog\\\/wp-content\\\/uploads\\\/2026\\\/02\\\/Dia-del-Padre-2026_bannerlog.jpg\",\"contentUrl\":\"https:\\\/\\\/rafaramirez.org\\\/blog\\\/wp-content\\\/uploads\\\/2026\\\/02\\\/Dia-del-Padre-2026_bannerlog.jpg\",\"width\":720,\"height\":440,\"caption\":\"D\u00eda del Padre 2026, 19 de Marzo. Blog de Rafael Ram\u00edrez.\"},{\"@type\":\"BreadcrumbList\",\"@id\":\"https:\\\/\\\/rafaramirez.org\\\/blog\\\/index.php\\\/2026\\\/03\\\/19\\\/19-de-marzo-dia-del-padre-2026\\\/#breadcrumb\",\"itemListElement\":[{\"@type\":\"ListItem\",\"position\":1,\"name\":\"Portada\",\"item\":\"https:\\\/\\\/rafaramirez.org\\\/blog\\\/\"},{\"@type\":\"ListItem\",\"position\":2,\"name\":\"D\u00eda del Padre 2026: origen, tradici\u00f3n y c\u00f3mo se celebra en Espa\u00f1a y en el mundo.\"}]},{\"@type\":\"WebSite\",\"@id\":\"https:\\\/\\\/rafaramirez.org\\\/blog\\\/#website\",\"url\":\"https:\\\/\\\/rafaramirez.org\\\/blog\\\/\",\"name\":\"Blog de Rafael Ram\u00edrez\",\"description\":\"Un sitio social, de arte y cultura\",\"publisher\":{\"@id\":\"https:\\\/\\\/rafaramirez.org\\\/blog\\\/#\\\/schema\\\/person\\\/50f43b6d60c578760d4c17bda54ab6a5\"},\"potentialAction\":[{\"@type\":\"SearchAction\",\"target\":{\"@type\":\"EntryPoint\",\"urlTemplate\":\"https:\\\/\\\/rafaramirez.org\\\/blog\\\/?s={search_term_string}\"},\"query-input\":{\"@type\":\"PropertyValueSpecification\",\"valueRequired\":true,\"valueName\":\"search_term_string\"}}],\"inLanguage\":\"es\"},{\"@type\":[\"Person\",\"Organization\"],\"@id\":\"https:\\\/\\\/rafaramirez.org\\\/blog\\\/#\\\/schema\\\/person\\\/50f43b6d60c578760d4c17bda54ab6a5\",\"name\":\"Rafael Ram\u00edrez\",\"image\":{\"@type\":\"ImageObject\",\"inLanguage\":\"es\",\"@id\":\"https:\\\/\\\/rafaramirez.org\\\/blog\\\/wp-content\\\/uploads\\\/2024\\\/09\\\/RR_socialnetwork.jpg\",\"url\":\"https:\\\/\\\/rafaramirez.org\\\/blog\\\/wp-content\\\/uploads\\\/2024\\\/09\\\/RR_socialnetwork.jpg\",\"contentUrl\":\"https:\\\/\\\/rafaramirez.org\\\/blog\\\/wp-content\\\/uploads\\\/2024\\\/09\\\/RR_socialnetwork.jpg\",\"width\":600,\"height\":606,\"caption\":\"Rafael Ram\u00edrez\"},\"logo\":{\"@id\":\"https:\\\/\\\/rafaramirez.org\\\/blog\\\/wp-content\\\/uploads\\\/2024\\\/09\\\/RR_socialnetwork.jpg\"},\"sameAs\":[\"https:\\\/\\\/www.rafaramirez.org\\\/blog\",\"https:\\\/\\\/www.instagram.com\\\/rafaramirez_ok\\\/\",\"https:\\\/\\\/es.pinterest.com\\\/Ramirez_Rafa\\\/\",\"https:\\\/\\\/x.com\\\/rafaramirez_ok\"],\"url\":\"https:\\\/\\\/rafaramirez.org\\\/blog\\\/index.php\\\/author\\\/rafaell_qm6j97da\\\/\"}]}<\/script>\n<!-- \/ Yoast SEO plugin. -->","yoast_head_json":{"title":"D\u00eda del Padre 2026: origen, tradici\u00f3n y c\u00f3mo se celebra en Espa\u00f1a y en el mundo. - Blog de Rafael Ram\u00edrez","description":"El D\u00eda del Padre se celebra el 19 de marzo en muchos pa\u00edses, especialmente en Espa\u00f1a, y tiene un gran significado religioso en el contexto","robots":{"index":"index","follow":"follow","max-snippet":"max-snippet:-1","max-image-preview":"max-image-preview:large","max-video-preview":"max-video-preview:-1"},"canonical":"https:\/\/rafaramirez.org\/blog\/index.php\/2026\/03\/19\/19-de-marzo-dia-del-padre-2026\/","og_locale":"es_ES","og_type":"article","og_title":"D\u00eda del Padre 2026: origen, tradici\u00f3n y c\u00f3mo se celebra en Espa\u00f1a y en el mundo. - Blog de Rafael Ram\u00edrez","og_description":"El D\u00eda del Padre se celebra el 19 de marzo en muchos pa\u00edses, especialmente en Espa\u00f1a, y tiene un gran significado religioso en el contexto","og_url":"https:\/\/rafaramirez.org\/blog\/index.php\/2026\/03\/19\/19-de-marzo-dia-del-padre-2026\/","og_site_name":"Blog de Rafael Ram\u00edrez","article_published_time":"2026-03-19T07:00:43+00:00","og_image":[{"width":720,"height":440,"url":"https:\/\/rafaramirez.org\/blog\/wp-content\/uploads\/2026\/02\/Dia-del-Padre-2026_bannerlog.jpg","type":"image\/jpeg"}],"author":"Rafael Ram\u00edrez","twitter_card":"summary_large_image","twitter_creator":"@rafaramirez_ok","twitter_site":"@rafaramirez_ok","twitter_misc":{"Escrito por":"Rafael Ram\u00edrez","Tiempo de lectura":"6 minutos"},"schema":{"@context":"https:\/\/schema.org","@graph":[{"@type":"Article","@id":"https:\/\/rafaramirez.org\/blog\/index.php\/2026\/03\/19\/19-de-marzo-dia-del-padre-2026\/#article","isPartOf":{"@id":"https:\/\/rafaramirez.org\/blog\/index.php\/2026\/03\/19\/19-de-marzo-dia-del-padre-2026\/"},"author":{"name":"Rafael Ram\u00edrez","@id":"https:\/\/rafaramirez.org\/blog\/#\/schema\/person\/50f43b6d60c578760d4c17bda54ab6a5"},"headline":"D\u00eda del Padre 2026: origen, tradici\u00f3n y c\u00f3mo se celebra en Espa\u00f1a y en el mundo.","datePublished":"2026-03-19T07:00:43+00:00","mainEntityOfPage":{"@id":"https:\/\/rafaramirez.org\/blog\/index.php\/2026\/03\/19\/19-de-marzo-dia-del-padre-2026\/"},"wordCount":1036,"commentCount":0,"publisher":{"@id":"https:\/\/rafaramirez.org\/blog\/#\/schema\/person\/50f43b6d60c578760d4c17bda54ab6a5"},"image":{"@id":"https:\/\/rafaramirez.org\/blog\/index.php\/2026\/03\/19\/19-de-marzo-dia-del-padre-2026\/#primaryimage"},"thumbnailUrl":"https:\/\/rafaramirez.org\/blog\/wp-content\/uploads\/2026\/02\/Dia-del-Padre-2026_bannerlog.jpg","keywords":["19 de marzo","D\u00eda del Padre","D\u00eda del Padre en Espa\u00f1a","efem\u00e9rides","efem\u00e9rides de 2025","efem\u00e9rides de marzo"],"articleSection":["Efem\u00e9rides"],"inLanguage":"es","potentialAction":[{"@type":"CommentAction","name":"Comment","target":["https:\/\/rafaramirez.org\/blog\/index.php\/2026\/03\/19\/19-de-marzo-dia-del-padre-2026\/#respond"]}]},{"@type":"WebPage","@id":"https:\/\/rafaramirez.org\/blog\/index.php\/2026\/03\/19\/19-de-marzo-dia-del-padre-2026\/","url":"https:\/\/rafaramirez.org\/blog\/index.php\/2026\/03\/19\/19-de-marzo-dia-del-padre-2026\/","name":"D\u00eda del Padre 2026: origen, tradici\u00f3n y c\u00f3mo se celebra en Espa\u00f1a y en el mundo. - Blog de Rafael Ram\u00edrez","isPartOf":{"@id":"https:\/\/rafaramirez.org\/blog\/#website"},"primaryImageOfPage":{"@id":"https:\/\/rafaramirez.org\/blog\/index.php\/2026\/03\/19\/19-de-marzo-dia-del-padre-2026\/#primaryimage"},"image":{"@id":"https:\/\/rafaramirez.org\/blog\/index.php\/2026\/03\/19\/19-de-marzo-dia-del-padre-2026\/#primaryimage"},"thumbnailUrl":"https:\/\/rafaramirez.org\/blog\/wp-content\/uploads\/2026\/02\/Dia-del-Padre-2026_bannerlog.jpg","datePublished":"2026-03-19T07:00:43+00:00","description":"El D\u00eda del Padre se celebra el 19 de marzo en muchos pa\u00edses, especialmente en Espa\u00f1a, y tiene un gran significado religioso en el contexto","breadcrumb":{"@id":"https:\/\/rafaramirez.org\/blog\/index.php\/2026\/03\/19\/19-de-marzo-dia-del-padre-2026\/#breadcrumb"},"inLanguage":"es","potentialAction":[{"@type":"ReadAction","target":["https:\/\/rafaramirez.org\/blog\/index.php\/2026\/03\/19\/19-de-marzo-dia-del-padre-2026\/"]}]},{"@type":"ImageObject","inLanguage":"es","@id":"https:\/\/rafaramirez.org\/blog\/index.php\/2026\/03\/19\/19-de-marzo-dia-del-padre-2026\/#primaryimage","url":"https:\/\/rafaramirez.org\/blog\/wp-content\/uploads\/2026\/02\/Dia-del-Padre-2026_bannerlog.jpg","contentUrl":"https:\/\/rafaramirez.org\/blog\/wp-content\/uploads\/2026\/02\/Dia-del-Padre-2026_bannerlog.jpg","width":720,"height":440,"caption":"D\u00eda del Padre 2026, 19 de Marzo. Blog de Rafael Ram\u00edrez."},{"@type":"BreadcrumbList","@id":"https:\/\/rafaramirez.org\/blog\/index.php\/2026\/03\/19\/19-de-marzo-dia-del-padre-2026\/#breadcrumb","itemListElement":[{"@type":"ListItem","position":1,"name":"Portada","item":"https:\/\/rafaramirez.org\/blog\/"},{"@type":"ListItem","position":2,"name":"D\u00eda del Padre 2026: origen, tradici\u00f3n y c\u00f3mo se celebra en Espa\u00f1a y en el mundo."}]},{"@type":"WebSite","@id":"https:\/\/rafaramirez.org\/blog\/#website","url":"https:\/\/rafaramirez.org\/blog\/","name":"Blog de Rafael Ram\u00edrez","description":"Un sitio social, de arte y cultura","publisher":{"@id":"https:\/\/rafaramirez.org\/blog\/#\/schema\/person\/50f43b6d60c578760d4c17bda54ab6a5"},"potentialAction":[{"@type":"SearchAction","target":{"@type":"EntryPoint","urlTemplate":"https:\/\/rafaramirez.org\/blog\/?s={search_term_string}"},"query-input":{"@type":"PropertyValueSpecification","valueRequired":true,"valueName":"search_term_string"}}],"inLanguage":"es"},{"@type":["Person","Organization"],"@id":"https:\/\/rafaramirez.org\/blog\/#\/schema\/person\/50f43b6d60c578760d4c17bda54ab6a5","name":"Rafael Ram\u00edrez","image":{"@type":"ImageObject","inLanguage":"es","@id":"https:\/\/rafaramirez.org\/blog\/wp-content\/uploads\/2024\/09\/RR_socialnetwork.jpg","url":"https:\/\/rafaramirez.org\/blog\/wp-content\/uploads\/2024\/09\/RR_socialnetwork.jpg","contentUrl":"https:\/\/rafaramirez.org\/blog\/wp-content\/uploads\/2024\/09\/RR_socialnetwork.jpg","width":600,"height":606,"caption":"Rafael Ram\u00edrez"},"logo":{"@id":"https:\/\/rafaramirez.org\/blog\/wp-content\/uploads\/2024\/09\/RR_socialnetwork.jpg"},"sameAs":["https:\/\/www.rafaramirez.org\/blog","https:\/\/www.instagram.com\/rafaramirez_ok\/","https:\/\/es.pinterest.com\/Ramirez_Rafa\/","https:\/\/x.com\/rafaramirez_ok"],"url":"https:\/\/rafaramirez.org\/blog\/index.php\/author\/rafaell_qm6j97da\/"}]}},"jetpack_publicize_connections":[],"jetpack_sharing_enabled":true,"jetpack_likes_enabled":true,"jetpack_featured_media_url":"https:\/\/rafaramirez.org\/blog\/wp-content\/uploads\/2026\/02\/Dia-del-Padre-2026_bannerlog.jpg","_links":{"self":[{"href":"https:\/\/rafaramirez.org\/blog\/index.php\/wp-json\/wp\/v2\/posts\/12134","targetHints":{"allow":["GET"]}}],"collection":[{"href":"https:\/\/rafaramirez.org\/blog\/index.php\/wp-json\/wp\/v2\/posts"}],"about":[{"href":"https:\/\/rafaramirez.org\/blog\/index.php\/wp-json\/wp\/v2\/types\/post"}],"author":[{"embeddable":true,"href":"https:\/\/rafaramirez.org\/blog\/index.php\/wp-json\/wp\/v2\/users\/1"}],"replies":[{"embeddable":true,"href":"https:\/\/rafaramirez.org\/blog\/index.php\/wp-json\/wp\/v2\/comments?post=12134"}],"version-history":[{"count":1,"href":"https:\/\/rafaramirez.org\/blog\/index.php\/wp-json\/wp\/v2\/posts\/12134\/revisions"}],"predecessor-version":[{"id":12138,"href":"https:\/\/rafaramirez.org\/blog\/index.php\/wp-json\/wp\/v2\/posts\/12134\/revisions\/12138"}],"wp:featuredmedia":[{"embeddable":true,"href":"https:\/\/rafaramirez.org\/blog\/index.php\/wp-json\/wp\/v2\/media\/12135"}],"wp:attachment":[{"href":"https:\/\/rafaramirez.org\/blog\/index.php\/wp-json\/wp\/v2\/media?parent=12134"}],"wp:term":[{"taxonomy":"category","embeddable":true,"href":"https:\/\/rafaramirez.org\/blog\/index.php\/wp-json\/wp\/v2\/categories?post=12134"},{"taxonomy":"post_tag","embeddable":true,"href":"https:\/\/rafaramirez.org\/blog\/index.php\/wp-json\/wp\/v2\/tags?post=12134"}],"curies":[{"name":"wp","href":"https:\/\/api.w.org\/{rel}","templated":true}]}}