{"id":1212,"date":"2009-07-26T19:47:50","date_gmt":"2009-07-26T17:47:50","guid":{"rendered":"http:\/\/rafaelramirez.co.cc\/?p=489"},"modified":"2021-04-07T19:44:55","modified_gmt":"2021-04-07T17:44:55","slug":"el-mundo-en-tus-manos-fotografia","status":"publish","type":"post","link":"https:\/\/rafaramirez.org\/blog\/index.php\/2009\/07\/26\/el-mundo-en-tus-manos-fotografia\/","title":{"rendered":"El Mundo en tus manos o Un Mundo para salvar (dec\u00e1logo de Ervin L\u00e1szl\u00f3)"},"content":{"rendered":"<p>Haz clic sobre la imagen para ampliarla.<\/p>\n<figure id=\"attachment_490\" aria-describedby=\"caption-attachment-490\" style=\"width: 222px\" class=\"wp-caption aligncenter\"><a href=\"https:\/\/rafaramirez.org\/blog\/wp-content\/uploads\/2009\/07\/elmundoentusmanos.jpg\" target=\"_blank\" rel=\"noopener noreferrer\"><img loading=\"lazy\" decoding=\"async\" class=\"size-medium wp-image-490 \" title=\"El mundo en tus manos. Fotograf\u00eda Rafael Ram\u00edrez (2008)\" src=\"https:\/\/rafaramirez.org\/blog\/wp-content\/uploads\/2009\/07\/elmundoentusmanos-222x300.jpg\" alt=\"El mundo en tus manos. Fotograf\u00eda Rafael Ram\u00edrez (2008)\" width=\"222\" height=\"300\" \/><\/a><figcaption id=\"caption-attachment-490\" class=\"wp-caption-text\">El mundo en tus manos. Fotograf\u00eda Rafael Ram\u00edrez (2008)<\/figcaption><\/figure>\n<blockquote><p><strong>DEC\u00c1LOGO PARA SALVAR EL MUNDO<\/strong><\/p>\n<p>1.Satisface tus necesidades sin mermar las de los dem\u00e1s.<br \/>\n2.Vive respetando el derecho a la vida y al desarrollo de los dem\u00e1s.<br \/>\n3.Salvaguarda el derecho a la vida y ala salud de todas las cosas vivas.<br \/>\n4. Persigue la felicidad, la libertad y la realizaci\u00f3n personal y de los dem\u00e1s.<br \/>\n5. Ayuda a los menos privilegiados a vivir sin hambre y sin miseria.<br \/>\n6. Preserva o recupera la integridad del medioambiente.<br \/>\n7. Ayuda a los ni\u00f1os y a los j\u00f3venes a que descubran formas de pensamiento y act\u00faen por s\u00ed mismos.<br \/>\n8.Pide a tu gobierno que trate a las dem\u00e1s naciones de forma pac\u00edfica y cooperativa.<br \/>\n9. Patrocina empresas que no da\u00f1en el medioambiente.<br \/>\n10.Escucha s\u00f3lo a los medios de comunicaci\u00f3n que proporcionen informaci\u00f3n de confianza.<\/p>\n<p><strong>Ervin L\u00e1szl\u00f3<\/strong><\/p><\/blockquote>\n<p>Nacido en 1932 en Budapest, Hungr\u00eda. Fil\u00f3sofo de la ciencia, teorista de sistemas, teorista integral, y pianista cl\u00e1sico. Publico alrededor de 75 libros y m\u00e1s de 400 ensayos, y es editor del peri\u00f3dico World Futures: The Journal of General Evolution.<\/p>\n","protected":false},"excerpt":{"rendered":"<p>Haz clic sobre la imagen para ampliarla. DEC\u00c1LOGO PARA SALVAR EL MUNDO 1.Satisface tus necesidades sin mermar las de los dem\u00e1s. 2.Vive respetando el derecho a la vida y al desarrollo de los dem\u00e1s. 3.Salvaguarda el derecho a la vida y ala salud de todas las cosas vivas. 4. Persigue la felicidad, la libertad y [&hellip;]<\/p>\n","protected":false},"author":1,"featured_media":2694,"comment_status":"open","ping_status":"closed","sticky":false,"template":"","format":"standard","meta":{"site-container-style":"default","site-container-layout":"default","site-sidebar-layout":"default","disable-article-header":"default","disable-site-header":"default","disable-site-footer":"default","disable-content-area-spacing":"default","_jetpack_newsletter_access":"","_jetpack_dont_email_post_to_subs":false,"_jetpack_newsletter_tier_id":0,"_jetpack_memberships_contains_paywalled_content":false,"_jetpack_feature_clip_id":0,"_jetpack_memberships_contains_paid_content":false,"footnotes":"","jetpack_publicize_message":"","jetpack_publicize_feature_enabled":true,"jetpack_social_post_already_shared":true,"jetpack_social_options":{"image_generator_settings":{"template":"highway","default_image_id":0,"font":"","enabled":false},"version":2},"jetpack_post_was_ever_published":false},"categories":[3],"tags":[672,197,671,325],"class_list":["post-1212","post","type-post","status-publish","format-standard","has-post-thumbnail","hentry","category-fotografia","tag-el-mundo-en-tus-manos","tag-fotografia-artistica","tag-fotografia-de-rafael-ramirez","tag-noticias-culturales"],"yoast_head":"<!-- This site is optimized with the Yoast SEO plugin v28.4 - https:\/\/yoast.com\/product\/yoast-seo-wordpress\/ -->\n<title>El Mundo en tus manos o Un Mundo para salvar (dec\u00e1logo de Ervin L\u00e1szl\u00f3) - Blog de Rafael Ram\u00edrez<\/title>\n<meta name=\"robots\" content=\"index, follow, max-snippet:-1, max-image-preview:large, max-video-preview:-1\" \/>\n<link rel=\"canonical\" href=\"https:\/\/rafaramirez.org\/blog\/index.php\/2009\/07\/26\/el-mundo-en-tus-manos-fotografia\/\" \/>\n<meta property=\"og:locale\" content=\"es_ES\" \/>\n<meta property=\"og:type\" content=\"article\" \/>\n<meta property=\"og:title\" content=\"El Mundo en tus manos o Un Mundo para salvar (dec\u00e1logo de Ervin L\u00e1szl\u00f3) - Blog de Rafael Ram\u00edrez\" \/>\n<meta property=\"og:description\" content=\"Haz clic sobre la imagen para ampliarla. DEC\u00c1LOGO PARA SALVAR EL MUNDO 1.Satisface tus necesidades sin mermar las de los dem\u00e1s. 2.Vive respetando el derecho a la vida y al desarrollo de los dem\u00e1s. 3.Salvaguarda el derecho a la vida y ala salud de todas las cosas vivas. 4. Persigue la felicidad, la libertad y [&hellip;]\" \/>\n<meta property=\"og:url\" content=\"https:\/\/rafaramirez.org\/blog\/index.php\/2009\/07\/26\/el-mundo-en-tus-manos-fotografia\/\" \/>\n<meta property=\"og:site_name\" content=\"Blog de Rafael Ram\u00edrez\" \/>\n<meta property=\"article:published_time\" content=\"2009-07-26T17:47:50+00:00\" \/>\n<meta property=\"article:modified_time\" content=\"2021-04-07T17:44:55+00:00\" \/>\n<meta property=\"og:image\" content=\"https:\/\/rafaramirez.org\/blog\/wp-content\/uploads\/2009\/07\/el-mundo-en-tus-manos-de-rafael-ramirez.jpg\" \/>\n\t<meta property=\"og:image:width\" content=\"700\" \/>\n\t<meta property=\"og:image:height\" content=\"450\" \/>\n\t<meta property=\"og:image:type\" content=\"image\/jpeg\" \/>\n<meta name=\"author\" content=\"Rafael Ram\u00edrez\" \/>\n<meta name=\"twitter:card\" content=\"summary_large_image\" \/>\n<meta name=\"twitter:creator\" content=\"@rafaramirez_ok\" \/>\n<meta name=\"twitter:site\" content=\"@rafaramirez_ok\" \/>\n<meta name=\"twitter:label1\" content=\"Escrito por\" \/>\n\t<meta name=\"twitter:data1\" content=\"Rafael Ram\u00edrez\" \/>\n\t<meta name=\"twitter:label2\" content=\"Tiempo de lectura\" \/>\n\t<meta name=\"twitter:data2\" content=\"1 minuto\" \/>\n<script type=\"application\/ld+json\" class=\"yoast-schema-graph\">{\"@context\":\"https:\\\/\\\/schema.org\",\"@graph\":[{\"@type\":\"Article\",\"@id\":\"https:\\\/\\\/rafaramirez.org\\\/blog\\\/index.php\\\/2009\\\/07\\\/26\\\/el-mundo-en-tus-manos-fotografia\\\/#article\",\"isPartOf\":{\"@id\":\"https:\\\/\\\/rafaramirez.org\\\/blog\\\/index.php\\\/2009\\\/07\\\/26\\\/el-mundo-en-tus-manos-fotografia\\\/\"},\"author\":{\"name\":\"Rafael Ram\u00edrez\",\"@id\":\"https:\\\/\\\/rafaramirez.org\\\/blog\\\/#\\\/schema\\\/person\\\/50f43b6d60c578760d4c17bda54ab6a5\"},\"headline\":\"El Mundo en tus manos o Un Mundo para salvar (dec\u00e1logo de Ervin L\u00e1szl\u00f3)\",\"datePublished\":\"2009-07-26T17:47:50+00:00\",\"dateModified\":\"2021-04-07T17:44:55+00:00\",\"mainEntityOfPage\":{\"@id\":\"https:\\\/\\\/rafaramirez.org\\\/blog\\\/index.php\\\/2009\\\/07\\\/26\\\/el-mundo-en-tus-manos-fotografia\\\/\"},\"wordCount\":225,\"commentCount\":1,\"publisher\":{\"@id\":\"https:\\\/\\\/rafaramirez.org\\\/blog\\\/#\\\/schema\\\/person\\\/50f43b6d60c578760d4c17bda54ab6a5\"},\"image\":{\"@id\":\"https:\\\/\\\/rafaramirez.org\\\/blog\\\/index.php\\\/2009\\\/07\\\/26\\\/el-mundo-en-tus-manos-fotografia\\\/#primaryimage\"},\"thumbnailUrl\":\"https:\\\/\\\/rafaramirez.org\\\/blog\\\/wp-content\\\/uploads\\\/2009\\\/07\\\/el-mundo-en-tus-manos-de-rafael-ramirez.jpg\",\"keywords\":[\"El mundo en tus manos\",\"fotograf\u00eda art\u00edstica\",\"fotograf\u00eda de rafael ram\u00edrez\",\"noticias culturales\"],\"articleSection\":[\"Fotograf\u00eda &amp; Arte digital\"],\"inLanguage\":\"es\",\"potentialAction\":[{\"@type\":\"CommentAction\",\"name\":\"Comment\",\"target\":[\"https:\\\/\\\/rafaramirez.org\\\/blog\\\/index.php\\\/2009\\\/07\\\/26\\\/el-mundo-en-tus-manos-fotografia\\\/#respond\"]}]},{\"@type\":\"WebPage\",\"@id\":\"https:\\\/\\\/rafaramirez.org\\\/blog\\\/index.php\\\/2009\\\/07\\\/26\\\/el-mundo-en-tus-manos-fotografia\\\/\",\"url\":\"https:\\\/\\\/rafaramirez.org\\\/blog\\\/index.php\\\/2009\\\/07\\\/26\\\/el-mundo-en-tus-manos-fotografia\\\/\",\"name\":\"El Mundo en tus manos o Un Mundo para salvar (dec\u00e1logo de Ervin L\u00e1szl\u00f3) - Blog de Rafael Ram\u00edrez\",\"isPartOf\":{\"@id\":\"https:\\\/\\\/rafaramirez.org\\\/blog\\\/#website\"},\"primaryImageOfPage\":{\"@id\":\"https:\\\/\\\/rafaramirez.org\\\/blog\\\/index.php\\\/2009\\\/07\\\/26\\\/el-mundo-en-tus-manos-fotografia\\\/#primaryimage\"},\"image\":{\"@id\":\"https:\\\/\\\/rafaramirez.org\\\/blog\\\/index.php\\\/2009\\\/07\\\/26\\\/el-mundo-en-tus-manos-fotografia\\\/#primaryimage\"},\"thumbnailUrl\":\"https:\\\/\\\/rafaramirez.org\\\/blog\\\/wp-content\\\/uploads\\\/2009\\\/07\\\/el-mundo-en-tus-manos-de-rafael-ramirez.jpg\",\"datePublished\":\"2009-07-26T17:47:50+00:00\",\"dateModified\":\"2021-04-07T17:44:55+00:00\",\"breadcrumb\":{\"@id\":\"https:\\\/\\\/rafaramirez.org\\\/blog\\\/index.php\\\/2009\\\/07\\\/26\\\/el-mundo-en-tus-manos-fotografia\\\/#breadcrumb\"},\"inLanguage\":\"es\",\"potentialAction\":[{\"@type\":\"ReadAction\",\"target\":[\"https:\\\/\\\/rafaramirez.org\\\/blog\\\/index.php\\\/2009\\\/07\\\/26\\\/el-mundo-en-tus-manos-fotografia\\\/\"]}]},{\"@type\":\"ImageObject\",\"inLanguage\":\"es\",\"@id\":\"https:\\\/\\\/rafaramirez.org\\\/blog\\\/index.php\\\/2009\\\/07\\\/26\\\/el-mundo-en-tus-manos-fotografia\\\/#primaryimage\",\"url\":\"https:\\\/\\\/rafaramirez.org\\\/blog\\\/wp-content\\\/uploads\\\/2009\\\/07\\\/el-mundo-en-tus-manos-de-rafael-ramirez.jpg\",\"contentUrl\":\"https:\\\/\\\/rafaramirez.org\\\/blog\\\/wp-content\\\/uploads\\\/2009\\\/07\\\/el-mundo-en-tus-manos-de-rafael-ramirez.jpg\",\"width\":700,\"height\":450},{\"@type\":\"BreadcrumbList\",\"@id\":\"https:\\\/\\\/rafaramirez.org\\\/blog\\\/index.php\\\/2009\\\/07\\\/26\\\/el-mundo-en-tus-manos-fotografia\\\/#breadcrumb\",\"itemListElement\":[{\"@type\":\"ListItem\",\"position\":1,\"name\":\"Portada\",\"item\":\"https:\\\/\\\/rafaramirez.org\\\/blog\\\/\"},{\"@type\":\"ListItem\",\"position\":2,\"name\":\"El Mundo en tus manos o Un Mundo para salvar (dec\u00e1logo de Ervin L\u00e1szl\u00f3)\"}]},{\"@type\":\"WebSite\",\"@id\":\"https:\\\/\\\/rafaramirez.org\\\/blog\\\/#website\",\"url\":\"https:\\\/\\\/rafaramirez.org\\\/blog\\\/\",\"name\":\"Blog de Rafael Ram\u00edrez\",\"description\":\"Un sitio social, de arte y cultura\",\"publisher\":{\"@id\":\"https:\\\/\\\/rafaramirez.org\\\/blog\\\/#\\\/schema\\\/person\\\/50f43b6d60c578760d4c17bda54ab6a5\"},\"potentialAction\":[{\"@type\":\"SearchAction\",\"target\":{\"@type\":\"EntryPoint\",\"urlTemplate\":\"https:\\\/\\\/rafaramirez.org\\\/blog\\\/?s={search_term_string}\"},\"query-input\":{\"@type\":\"PropertyValueSpecification\",\"valueRequired\":true,\"valueName\":\"search_term_string\"}}],\"inLanguage\":\"es\"},{\"@type\":[\"Person\",\"Organization\"],\"@id\":\"https:\\\/\\\/rafaramirez.org\\\/blog\\\/#\\\/schema\\\/person\\\/50f43b6d60c578760d4c17bda54ab6a5\",\"name\":\"Rafael Ram\u00edrez\",\"image\":{\"@type\":\"ImageObject\",\"inLanguage\":\"es\",\"@id\":\"https:\\\/\\\/rafaramirez.org\\\/blog\\\/wp-content\\\/uploads\\\/2024\\\/09\\\/RR_socialnetwork.jpg\",\"url\":\"https:\\\/\\\/rafaramirez.org\\\/blog\\\/wp-content\\\/uploads\\\/2024\\\/09\\\/RR_socialnetwork.jpg\",\"contentUrl\":\"https:\\\/\\\/rafaramirez.org\\\/blog\\\/wp-content\\\/uploads\\\/2024\\\/09\\\/RR_socialnetwork.jpg\",\"width\":600,\"height\":606,\"caption\":\"Rafael Ram\u00edrez\"},\"logo\":{\"@id\":\"https:\\\/\\\/rafaramirez.org\\\/blog\\\/wp-content\\\/uploads\\\/2024\\\/09\\\/RR_socialnetwork.jpg\"},\"sameAs\":[\"https:\\\/\\\/www.rafaramirez.org\\\/blog\",\"https:\\\/\\\/www.instagram.com\\\/rafaramirez_ok\\\/\",\"https:\\\/\\\/es.pinterest.com\\\/Ramirez_Rafa\\\/\",\"https:\\\/\\\/x.com\\\/rafaramirez_ok\"],\"url\":\"https:\\\/\\\/rafaramirez.org\\\/blog\\\/index.php\\\/author\\\/rafaell_qm6j97da\\\/\"}]}<\/script>\n<!-- \/ Yoast SEO plugin. -->","yoast_head_json":{"title":"El Mundo en tus manos o Un Mundo para salvar (dec\u00e1logo de Ervin L\u00e1szl\u00f3) - Blog de Rafael Ram\u00edrez","robots":{"index":"index","follow":"follow","max-snippet":"max-snippet:-1","max-image-preview":"max-image-preview:large","max-video-preview":"max-video-preview:-1"},"canonical":"https:\/\/rafaramirez.org\/blog\/index.php\/2009\/07\/26\/el-mundo-en-tus-manos-fotografia\/","og_locale":"es_ES","og_type":"article","og_title":"El Mundo en tus manos o Un Mundo para salvar (dec\u00e1logo de Ervin L\u00e1szl\u00f3) - Blog de Rafael Ram\u00edrez","og_description":"Haz clic sobre la imagen para ampliarla. DEC\u00c1LOGO PARA SALVAR EL MUNDO 1.Satisface tus necesidades sin mermar las de los dem\u00e1s. 2.Vive respetando el derecho a la vida y al desarrollo de los dem\u00e1s. 3.Salvaguarda el derecho a la vida y ala salud de todas las cosas vivas. 4. Persigue la felicidad, la libertad y [&hellip;]","og_url":"https:\/\/rafaramirez.org\/blog\/index.php\/2009\/07\/26\/el-mundo-en-tus-manos-fotografia\/","og_site_name":"Blog de Rafael Ram\u00edrez","article_published_time":"2009-07-26T17:47:50+00:00","article_modified_time":"2021-04-07T17:44:55+00:00","og_image":[{"width":700,"height":450,"url":"https:\/\/rafaramirez.org\/blog\/wp-content\/uploads\/2009\/07\/el-mundo-en-tus-manos-de-rafael-ramirez.jpg","type":"image\/jpeg"}],"author":"Rafael Ram\u00edrez","twitter_card":"summary_large_image","twitter_creator":"@rafaramirez_ok","twitter_site":"@rafaramirez_ok","twitter_misc":{"Escrito por":"Rafael Ram\u00edrez","Tiempo de lectura":"1 minuto"},"schema":{"@context":"https:\/\/schema.org","@graph":[{"@type":"Article","@id":"https:\/\/rafaramirez.org\/blog\/index.php\/2009\/07\/26\/el-mundo-en-tus-manos-fotografia\/#article","isPartOf":{"@id":"https:\/\/rafaramirez.org\/blog\/index.php\/2009\/07\/26\/el-mundo-en-tus-manos-fotografia\/"},"author":{"name":"Rafael Ram\u00edrez","@id":"https:\/\/rafaramirez.org\/blog\/#\/schema\/person\/50f43b6d60c578760d4c17bda54ab6a5"},"headline":"El Mundo en tus manos o Un Mundo para salvar (dec\u00e1logo de Ervin L\u00e1szl\u00f3)","datePublished":"2009-07-26T17:47:50+00:00","dateModified":"2021-04-07T17:44:55+00:00","mainEntityOfPage":{"@id":"https:\/\/rafaramirez.org\/blog\/index.php\/2009\/07\/26\/el-mundo-en-tus-manos-fotografia\/"},"wordCount":225,"commentCount":1,"publisher":{"@id":"https:\/\/rafaramirez.org\/blog\/#\/schema\/person\/50f43b6d60c578760d4c17bda54ab6a5"},"image":{"@id":"https:\/\/rafaramirez.org\/blog\/index.php\/2009\/07\/26\/el-mundo-en-tus-manos-fotografia\/#primaryimage"},"thumbnailUrl":"https:\/\/rafaramirez.org\/blog\/wp-content\/uploads\/2009\/07\/el-mundo-en-tus-manos-de-rafael-ramirez.jpg","keywords":["El mundo en tus manos","fotograf\u00eda art\u00edstica","fotograf\u00eda de rafael ram\u00edrez","noticias culturales"],"articleSection":["Fotograf\u00eda &amp; Arte digital"],"inLanguage":"es","potentialAction":[{"@type":"CommentAction","name":"Comment","target":["https:\/\/rafaramirez.org\/blog\/index.php\/2009\/07\/26\/el-mundo-en-tus-manos-fotografia\/#respond"]}]},{"@type":"WebPage","@id":"https:\/\/rafaramirez.org\/blog\/index.php\/2009\/07\/26\/el-mundo-en-tus-manos-fotografia\/","url":"https:\/\/rafaramirez.org\/blog\/index.php\/2009\/07\/26\/el-mundo-en-tus-manos-fotografia\/","name":"El Mundo en tus manos o Un Mundo para salvar (dec\u00e1logo de Ervin L\u00e1szl\u00f3) - Blog de Rafael Ram\u00edrez","isPartOf":{"@id":"https:\/\/rafaramirez.org\/blog\/#website"},"primaryImageOfPage":{"@id":"https:\/\/rafaramirez.org\/blog\/index.php\/2009\/07\/26\/el-mundo-en-tus-manos-fotografia\/#primaryimage"},"image":{"@id":"https:\/\/rafaramirez.org\/blog\/index.php\/2009\/07\/26\/el-mundo-en-tus-manos-fotografia\/#primaryimage"},"thumbnailUrl":"https:\/\/rafaramirez.org\/blog\/wp-content\/uploads\/2009\/07\/el-mundo-en-tus-manos-de-rafael-ramirez.jpg","datePublished":"2009-07-26T17:47:50+00:00","dateModified":"2021-04-07T17:44:55+00:00","breadcrumb":{"@id":"https:\/\/rafaramirez.org\/blog\/index.php\/2009\/07\/26\/el-mundo-en-tus-manos-fotografia\/#breadcrumb"},"inLanguage":"es","potentialAction":[{"@type":"ReadAction","target":["https:\/\/rafaramirez.org\/blog\/index.php\/2009\/07\/26\/el-mundo-en-tus-manos-fotografia\/"]}]},{"@type":"ImageObject","inLanguage":"es","@id":"https:\/\/rafaramirez.org\/blog\/index.php\/2009\/07\/26\/el-mundo-en-tus-manos-fotografia\/#primaryimage","url":"https:\/\/rafaramirez.org\/blog\/wp-content\/uploads\/2009\/07\/el-mundo-en-tus-manos-de-rafael-ramirez.jpg","contentUrl":"https:\/\/rafaramirez.org\/blog\/wp-content\/uploads\/2009\/07\/el-mundo-en-tus-manos-de-rafael-ramirez.jpg","width":700,"height":450},{"@type":"BreadcrumbList","@id":"https:\/\/rafaramirez.org\/blog\/index.php\/2009\/07\/26\/el-mundo-en-tus-manos-fotografia\/#breadcrumb","itemListElement":[{"@type":"ListItem","position":1,"name":"Portada","item":"https:\/\/rafaramirez.org\/blog\/"},{"@type":"ListItem","position":2,"name":"El Mundo en tus manos o Un Mundo para salvar (dec\u00e1logo de Ervin L\u00e1szl\u00f3)"}]},{"@type":"WebSite","@id":"https:\/\/rafaramirez.org\/blog\/#website","url":"https:\/\/rafaramirez.org\/blog\/","name":"Blog de Rafael Ram\u00edrez","description":"Un sitio social, de arte y cultura","publisher":{"@id":"https:\/\/rafaramirez.org\/blog\/#\/schema\/person\/50f43b6d60c578760d4c17bda54ab6a5"},"potentialAction":[{"@type":"SearchAction","target":{"@type":"EntryPoint","urlTemplate":"https:\/\/rafaramirez.org\/blog\/?s={search_term_string}"},"query-input":{"@type":"PropertyValueSpecification","valueRequired":true,"valueName":"search_term_string"}}],"inLanguage":"es"},{"@type":["Person","Organization"],"@id":"https:\/\/rafaramirez.org\/blog\/#\/schema\/person\/50f43b6d60c578760d4c17bda54ab6a5","name":"Rafael Ram\u00edrez","image":{"@type":"ImageObject","inLanguage":"es","@id":"https:\/\/rafaramirez.org\/blog\/wp-content\/uploads\/2024\/09\/RR_socialnetwork.jpg","url":"https:\/\/rafaramirez.org\/blog\/wp-content\/uploads\/2024\/09\/RR_socialnetwork.jpg","contentUrl":"https:\/\/rafaramirez.org\/blog\/wp-content\/uploads\/2024\/09\/RR_socialnetwork.jpg","width":600,"height":606,"caption":"Rafael Ram\u00edrez"},"logo":{"@id":"https:\/\/rafaramirez.org\/blog\/wp-content\/uploads\/2024\/09\/RR_socialnetwork.jpg"},"sameAs":["https:\/\/www.rafaramirez.org\/blog","https:\/\/www.instagram.com\/rafaramirez_ok\/","https:\/\/es.pinterest.com\/Ramirez_Rafa\/","https:\/\/x.com\/rafaramirez_ok"],"url":"https:\/\/rafaramirez.org\/blog\/index.php\/author\/rafaell_qm6j97da\/"}]}},"jetpack_publicize_connections":[],"jetpack_sharing_enabled":true,"jetpack_likes_enabled":true,"jetpack_featured_media_url":"https:\/\/rafaramirez.org\/blog\/wp-content\/uploads\/2009\/07\/el-mundo-en-tus-manos-de-rafael-ramirez.jpg","_links":{"self":[{"href":"https:\/\/rafaramirez.org\/blog\/index.php\/wp-json\/wp\/v2\/posts\/1212","targetHints":{"allow":["GET"]}}],"collection":[{"href":"https:\/\/rafaramirez.org\/blog\/index.php\/wp-json\/wp\/v2\/posts"}],"about":[{"href":"https:\/\/rafaramirez.org\/blog\/index.php\/wp-json\/wp\/v2\/types\/post"}],"author":[{"embeddable":true,"href":"https:\/\/rafaramirez.org\/blog\/index.php\/wp-json\/wp\/v2\/users\/1"}],"replies":[{"embeddable":true,"href":"https:\/\/rafaramirez.org\/blog\/index.php\/wp-json\/wp\/v2\/comments?post=1212"}],"version-history":[{"count":2,"href":"https:\/\/rafaramirez.org\/blog\/index.php\/wp-json\/wp\/v2\/posts\/1212\/revisions"}],"predecessor-version":[{"id":2696,"href":"https:\/\/rafaramirez.org\/blog\/index.php\/wp-json\/wp\/v2\/posts\/1212\/revisions\/2696"}],"wp:featuredmedia":[{"embeddable":true,"href":"https:\/\/rafaramirez.org\/blog\/index.php\/wp-json\/wp\/v2\/media\/2694"}],"wp:attachment":[{"href":"https:\/\/rafaramirez.org\/blog\/index.php\/wp-json\/wp\/v2\/media?parent=1212"}],"wp:term":[{"taxonomy":"category","embeddable":true,"href":"https:\/\/rafaramirez.org\/blog\/index.php\/wp-json\/wp\/v2\/categories?post=1212"},{"taxonomy":"post_tag","embeddable":true,"href":"https:\/\/rafaramirez.org\/blog\/index.php\/wp-json\/wp\/v2\/tags?post=1212"}],"curies":[{"name":"wp","href":"https:\/\/api.w.org\/{rel}","templated":true}]}}