{"id":12094,"date":"2026-03-17T08:00:04","date_gmt":"2026-03-17T07:00:04","guid":{"rendered":"https:\/\/rafaramirez.org\/blog\/?p=12094"},"modified":"2026-02-16T12:21:28","modified_gmt":"2026-02-16T11:21:28","slug":"dia-de-san-patricio-2026-historia","status":"publish","type":"post","link":"https:\/\/rafaramirez.org\/blog\/index.php\/2026\/03\/17\/dia-de-san-patricio-2026-historia\/","title":{"rendered":"D\u00eda de San Patricio 2026: historia, tradiciones y una celebraci\u00f3n que conquist\u00f3 el mundo."},"content":{"rendered":"<p>El D\u00eda de San Patricio es una de esas celebraciones que han trascendido su origen religioso y su pa\u00eds de origen, convirti\u00e9ndose en un fen\u00f3meno cultural global. Vamos por partes para que tengas una visi\u00f3n completa y acertada.<\/p>\n<p>El D\u00eda de San Patricio, tambi\u00e9n conocido como Saint Patrick\u2019s Day, es una festividad cultural y religiosa que se celebra anualmente el 17 de marzo. Aunque su nombre est\u00e1 vinculado al santo patr\u00f3n de Irlanda, san Patricio, su origen no es ni irland\u00e9s ni estadounidense, sino que tiene un nexo colonial espa\u00f1ol.<\/p>\n<p>En Irlanda, esta festividad tiene un profundo significado religioso y cultural, y es fiesta nacional. Se celebra con misas, desfiles, m\u00fasica tradicional irlandesa, bailes, comida y bebida. El color verde, asociado con la isla y con San Patricio, est\u00e1 presente en la decoraci\u00f3n, la ropa y la comida.<\/p>\n<figure id=\"attachment_8412\" aria-describedby=\"caption-attachment-8412\" style=\"width: 188px\" class=\"wp-caption aligncenter\"><img loading=\"lazy\" decoding=\"async\" class=\"wp-image-8412 size-medium\" src=\"https:\/\/rafaramirez.org\/blog\/wp-content\/uploads\/2025\/03\/Dia_de_San_Patricio_2-188x300.jpg\" alt=\"San Patricio - Saint Patrick\u2019s. D\u00eda de San Patricio historia (17 de marzo). Blog de Rafael Ram\u00edrez.\" width=\"188\" height=\"300\" srcset=\"https:\/\/rafaramirez.org\/blog\/wp-content\/uploads\/2025\/03\/Dia_de_San_Patricio_2-188x300.jpg 188w, https:\/\/rafaramirez.org\/blog\/wp-content\/uploads\/2025\/03\/Dia_de_San_Patricio_2.jpg 502w\" sizes=\"auto, (max-width: 188px) 100vw, 188px\" \/><figcaption id=\"caption-attachment-8412\" class=\"wp-caption-text\">San Patricio &#8211; Saint Patrick\u2019s. D\u00eda de San Patricio. Blog de Rafael Ram\u00edrez.<\/figcaption><\/figure>\n<h3>Historia de la celebraci\u00f3n de este d\u00eda.<\/h3>\n<p>El D\u00eda de San Patricio tiene sus ra\u00edces en la historia y la religi\u00f3n de Irlanda. Esta festividad rinde homenaje a san Patricio, el santo patr\u00f3n de Irlanda, que desempe\u00f1\u00f3 un papel crucial en la conversi\u00f3n de los irlandeses al cristianismo en el siglo V. Seg\u00fan la tradici\u00f3n, san Patricio utiliz\u00f3 el tr\u00e9bol de tres hojas para explicar la Sant\u00edsima Trinidad, por lo que esta planta se ha convertido en un s\u00edmbolo ic\u00f3nico de la festividad.<\/p>\n<p>Originalmente, el D\u00eda de San Patricio era una festividad religiosa, pero con el paso del tiempo se ha transformado en una celebraci\u00f3n cultural que trasciende fronteras. En Irlanda y en muchas otras partes del mundo con comunidades irlandesas, se organizan desfiles, festivales y eventos llenos de m\u00fasica, danza y gastronom\u00eda t\u00edpicas. El color verde, asociado con los paisajes de Irlanda y la herencia celta, est\u00e1 presente en la vestimenta y la decoraci\u00f3n.<\/p>\n<p><strong>\u00bfQui\u00e9n fue san Patricio?<\/strong><\/p>\n<ul>\n<li>San Patricio, cuyo nombre original era Maewyn Succat, naci\u00f3 en Gran Breta\u00f1a alrededor del a\u00f1o 390 d. C.<\/li>\n<li>La conexi\u00f3n con un origen \u00abcolonial espa\u00f1ol\u00bb es un hecho curioso: la historia nos cuenta que la primera celebraci\u00f3n documentada del D\u00eda de San Patricio no tuvo lugar en Irlanda, sino en una guarnici\u00f3n espa\u00f1ola de San Agust\u00edn (Florida), en 1600, cuando esta regi\u00f3n era colonia de Espa\u00f1a.<\/li>\n<li>A los diecis\u00e9is a\u00f1os, fue secuestrado por piratas y llevado a Irlanda, donde se convirti\u00f3 en esclavo y cuid\u00f3 ovejas durante varios a\u00f1os.<\/li>\n<li>Durante su cautiverio, desarroll\u00f3 una gran fe en Dios y se dedic\u00f3 a orar y buscar su gu\u00eda divina.<\/li>\n<li>Seg\u00fan la leyenda, escuch\u00f3 voces que le indicaron que escapara a Gran Breta\u00f1a, pero despu\u00e9s se le inst\u00f3 a regresar a Irlanda.<\/li>\n<li>Antes de regresar, se orden\u00f3 sacerdote y cambi\u00f3 su nombre a Patricius o Patricio.<\/li>\n<li>A pesar de las dificultades, san Patricio fue un misionero exitoso en Irlanda y contribuy\u00f3 a la conversi\u00f3n de muchos irlandeses al cristianismo.<\/li>\n<\/ul>\n<p><strong>S\u00edmbolos asociados a San Patricio:<\/strong><\/p>\n<ul>\n<li>Duendes (leprechauns): estos peque\u00f1os seres m\u00edticos forman parte de la tradici\u00f3n irlandesa y se asocian con la b\u00fasqueda de tesoros escondidos.<\/li>\n<li>Shamrocks (Tr\u00e9boles): el tr\u00e9bol de tres hojas es un s\u00edmbolo de buena suerte y, como te he contado, se cree que san Patricio lo utiliz\u00f3 para explicar la Sant\u00edsima Trinidad a los paganos.<\/li>\n<li>Cerveza verde: aunque la mayor\u00eda de las bebidas siguen siendo rubias o negras, en el D\u00eda de San Patricio, la cerveza se ti\u00f1e de verde en honor a la festividad.<\/li>\n<li>Arpas: representan la m\u00fasica y la cultura irlandesas.<\/li>\n<li>Corned beef con col: este plato es t\u00edpico del 17 de marzo y se asocia con las celebraciones.\n<p><figure id=\"attachment_8413\" aria-describedby=\"caption-attachment-8413\" style=\"width: 300px\" class=\"wp-caption aligncenter\"><img loading=\"lazy\" decoding=\"async\" class=\"wp-image-8413 size-medium\" src=\"https:\/\/rafaramirez.org\/blog\/wp-content\/uploads\/2025\/03\/Dia_de_San_Patricio_3-300x200.jpg\" alt=\"D\u00eda de San Patricio historia (17 de marzo). Blog de Rafael Ram\u00edrez.\" width=\"300\" height=\"200\" srcset=\"https:\/\/rafaramirez.org\/blog\/wp-content\/uploads\/2025\/03\/Dia_de_San_Patricio_3-300x200.jpg 300w, https:\/\/rafaramirez.org\/blog\/wp-content\/uploads\/2025\/03\/Dia_de_San_Patricio_3-768x512.jpg 768w, https:\/\/rafaramirez.org\/blog\/wp-content\/uploads\/2025\/03\/Dia_de_San_Patricio_3.jpg 800w\" sizes=\"auto, (max-width: 300px) 100vw, 300px\" \/><figcaption id=\"caption-attachment-8413\" class=\"wp-caption-text\">D\u00eda de San Patricio 17 de marzo. Blog de Rafael Ram\u00edrez.<\/figcaption><\/figure><\/li>\n<\/ul>\n<p><strong>Celebraci\u00f3n en el mundo:<\/strong><\/p>\n<ul>\n<li>Estados Unidos es uno de los pa\u00edses donde esta festividad se celebra con mayor entusiasmo, debido a la influencia de los irlandeses expatriados.<\/li>\n<li>En ciudades como Chicago, Boston, Nueva York o Londres se organizan grandes desfiles que atraen a miles de personas. La festividad es una celebraci\u00f3n de la cultura irlandesa en general, m\u00e1s all\u00e1 de la religi\u00f3n.<\/li>\n<li>En otras ciudades del mundo tambi\u00e9n forman parte de las celebraciones los desfiles, la m\u00fasica, la comida y la bebida.<\/li>\n<li>Australia, Canad\u00e1, Argentina, Nueva Zelanda y otros pa\u00edses tambi\u00e9n se suman a la celebraci\u00f3n.<\/li>\n<\/ul>\n<p><strong>Arraigo en Espa\u00f1a:<\/strong><\/p>\n<ul>\n<li>Aunque no es una festividad tradicional, en los \u00faltimos a\u00f1os ha ganado popularidad en Espa\u00f1a.<\/li>\n<li>Algunas ciudades organizan eventos especiales, como desfiles, fiestas en pubs irlandeses y actividades culturales. Cada vez m\u00e1s personas se suman a la celebraci\u00f3n vistiendo de verde, disfrutando de la m\u00fasica y la gastronom\u00eda irlandesas, y dispuestas a unirse a la diversi\u00f3n.<\/li>\n<li>Aunque no tiene la misma relevancia que en otros lugares, el D\u00eda de San Patricio se ha convertido en una excusa para celebrar y disfrutar de la cultura irlandesa en Espa\u00f1a.<\/li>\n<\/ul>\n<figure id=\"attachment_12097\" aria-describedby=\"caption-attachment-12097\" style=\"width: 300px\" class=\"wp-caption aligncenter\"><img loading=\"lazy\" decoding=\"async\" class=\"wp-image-12097 size-medium\" src=\"https:\/\/rafaramirez.org\/blog\/wp-content\/uploads\/2026\/02\/Dia-de-San-Patricio-2026_1-300x200.jpg\" alt=\"D\u00eda de San Patricio 2026: 17 de marzo. Blog de Rafael Ram\u00edrez.\" width=\"300\" height=\"200\" srcset=\"https:\/\/rafaramirez.org\/blog\/wp-content\/uploads\/2026\/02\/Dia-de-San-Patricio-2026_1-300x200.jpg 300w, https:\/\/rafaramirez.org\/blog\/wp-content\/uploads\/2026\/02\/Dia-de-San-Patricio-2026_1-768x512.jpg 768w, https:\/\/rafaramirez.org\/blog\/wp-content\/uploads\/2026\/02\/Dia-de-San-Patricio-2026_1.jpg 850w\" sizes=\"auto, (max-width: 300px) 100vw, 300px\" \/><figcaption id=\"caption-attachment-12097\" class=\"wp-caption-text\">D\u00eda de San Patricio 2026: 17 de marzo. Blog de Rafael Ram\u00edrez.<\/figcaption><\/figure>\n<p>En resumen, el D\u00eda de San Patricio es una oportunidad para celebrar la herencia irlandesa, la fe y la cultura, y se ha convertido en una festividad global llena de alegr\u00eda y color. En Espa\u00f1a, esta celebraci\u00f3n ha ido ganando popularidad en los \u00faltimos a\u00f1os, atrayendo a un p\u00fablico cada vez m\u00e1s numeroso. La fiesta ofrece la oportunidad de disfrutar de la m\u00fasica, la gastronom\u00eda y las tradiciones irlandesas, as\u00ed como de celebrar la diversidad cultural.<\/p>\n<p>M\u00e1s informaci\u00f3n:<\/p>\n<ul>\n<li><a href=\"https:\/\/es.wikipedia.org\/wiki\/D%C3%ADa_de_San_Patricio\" target=\"_blank\" rel=\"noopener\">D\u00eda de San Patricio &#8211; Wikipedia, la enciclopedia libre<\/a>.<\/li>\n<li><a href=\"https:\/\/viajes.nationalgeographic.com.es\/lifestyle\/san-patricio-el-dia-en-el-que-irlanda-pinta-de-verde-el-mundo_16610\" target=\"_blank\" rel=\"noopener\">San Patricio: origen y curiosidades de la fiesta m\u00e1s internacional de Irlanda<\/a>.<\/li>\n<li><a href=\"https:\/\/www.worldhistory.org\/trans\/es\/1-13953\/san-patricio\/\" target=\"_blank\" rel=\"noopener\">San Patricio &#8211; Enciclopedia de la Historia del Mundo<\/a>.<\/li>\n<li><a href=\"https:\/\/historia.nationalgeographic.com.es\/a\/la-increible-historia-de-los-origenes-de-saint-patricks-day_19311\" target=\"_blank\" rel=\"noopener\">El origen inesperado del D\u00eda de San Patricio<\/a>.<\/li>\n<\/ul>\n","protected":false},"excerpt":{"rendered":"<p>El D\u00eda de San Patricio es una de esas celebraciones que han trascendido su origen religioso y su pa\u00eds de origen, convirti\u00e9ndose en un fen\u00f3meno cultural global. Vamos por partes para que tengas una visi\u00f3n completa y acertada. El D\u00eda de San Patricio, tambi\u00e9n conocido como Saint Patrick\u2019s Day, es una festividad cultural y religiosa [&hellip;]<\/p>\n","protected":false},"author":1,"featured_media":12098,"comment_status":"open","ping_status":"closed","sticky":false,"template":"","format":"standard","meta":{"site-container-style":"default","site-container-layout":"default","site-sidebar-layout":"default","disable-article-header":"default","disable-site-header":"default","disable-site-footer":"default","disable-content-area-spacing":"default","_jetpack_newsletter_access":"","_jetpack_dont_email_post_to_subs":false,"_jetpack_newsletter_tier_id":0,"_jetpack_memberships_contains_paywalled_content":false,"_jetpack_feature_clip_id":0,"_jetpack_memberships_contains_paid_content":false,"footnotes":"","jetpack_publicize_message":"","jetpack_publicize_feature_enabled":true,"jetpack_social_post_already_shared":true,"jetpack_social_options":{"image_generator_settings":{"template":"highway","default_image_id":0,"font":"","enabled":false},"version":2},"jetpack_post_was_ever_published":false},"categories":[1291],"tags":[1322,1313,1332,1320,1309,52,1335,1330,68,1325,1331,1308,1324,1334,1319,100,1329,1321,1337,1328,1305,1317,1323,168,1310,1312,1307,1314,1316,1327,621,1311,309,1326,1333,1315,1306,1318],"class_list":["post-12094","post","type-post","status-publish","format-standard","has-post-thumbnail","hentry","category-efemerides","tag-17-de-marzo","tag-390-d-c","tag-argentina","tag-arpas","tag-arraigo-en-espana","tag-australia","tag-barcelona","tag-bebida","tag-blog-de-rafael-ramirez","tag-boston","tag-canada","tag-celebracion","tag-celebracion-en-el-mundo","tag-celebracion-en-espana","tag-cerveza-verde","tag-chicago","tag-comida","tag-corned-beef-con-col","tag-cultura-irlandesa-en-espana","tag-desfiles","tag-dia-de-san-patricio","tag-duendes-leprechauns","tag-efemerides","tag-estados-unidos","tag-fe-en-dios","tag-gran-bretana","tag-historia","tag-irlanda","tag-irlandeses-al-cristianismo","tag-londres","tag-madrid","tag-maewyn-succat","tag-musica","tag-nueva-york","tag-nueva-zelanda","tag-patricius-o-patricio","tag-saint-patricks-day","tag-shamrocks-treboles"],"yoast_head":"<!-- This site is optimized with the Yoast SEO plugin v28.4 - https:\/\/yoast.com\/product\/yoast-seo-wordpress\/ -->\n<title>D\u00eda de San Patricio 2026: historia, tradiciones y una celebraci\u00f3n que conquist\u00f3 el mundo. - Blog de Rafael Ram\u00edrez<\/title>\n<meta name=\"description\" content=\"El D\u00eda de San Patricio es una de esas celebraciones que han trascendido su origen religioso y su pa\u00eds de origen, convirti\u00e9ndose en un fen\u00f3men\" \/>\n<meta name=\"robots\" content=\"index, follow, max-snippet:-1, max-image-preview:large, max-video-preview:-1\" \/>\n<link rel=\"canonical\" href=\"https:\/\/rafaramirez.org\/blog\/index.php\/2026\/03\/17\/dia-de-san-patricio-2026-historia\/\" \/>\n<meta property=\"og:locale\" content=\"es_ES\" \/>\n<meta property=\"og:type\" content=\"article\" \/>\n<meta property=\"og:title\" content=\"D\u00eda de San Patricio 2026: historia, tradiciones y una celebraci\u00f3n que conquist\u00f3 el mundo. - Blog de Rafael Ram\u00edrez\" \/>\n<meta property=\"og:description\" content=\"El D\u00eda de San Patricio es una de esas celebraciones que han trascendido su origen religioso y su pa\u00eds de origen, convirti\u00e9ndose en un fen\u00f3men\" \/>\n<meta property=\"og:url\" content=\"https:\/\/rafaramirez.org\/blog\/index.php\/2026\/03\/17\/dia-de-san-patricio-2026-historia\/\" \/>\n<meta property=\"og:site_name\" content=\"Blog de Rafael Ram\u00edrez\" \/>\n<meta property=\"article:published_time\" content=\"2026-03-17T07:00:04+00:00\" \/>\n<meta property=\"og:image\" content=\"https:\/\/rafaramirez.org\/blog\/wp-content\/uploads\/2026\/02\/Dia-de-San-Patricio-2026_bannerlog.jpg\" \/>\n\t<meta property=\"og:image:width\" content=\"720\" \/>\n\t<meta property=\"og:image:height\" content=\"440\" \/>\n\t<meta property=\"og:image:type\" content=\"image\/jpeg\" \/>\n<meta name=\"author\" content=\"Rafael Ram\u00edrez\" \/>\n<meta name=\"twitter:card\" content=\"summary_large_image\" \/>\n<meta name=\"twitter:creator\" content=\"@rafaramirez_ok\" \/>\n<meta name=\"twitter:site\" content=\"@rafaramirez_ok\" \/>\n<meta name=\"twitter:label1\" content=\"Escrito por\" \/>\n\t<meta name=\"twitter:data1\" content=\"Rafael Ram\u00edrez\" \/>\n\t<meta name=\"twitter:label2\" content=\"Tiempo de lectura\" \/>\n\t<meta name=\"twitter:data2\" content=\"6 minutos\" \/>\n<script type=\"application\/ld+json\" class=\"yoast-schema-graph\">{\"@context\":\"https:\\\/\\\/schema.org\",\"@graph\":[{\"@type\":\"Article\",\"@id\":\"https:\\\/\\\/rafaramirez.org\\\/blog\\\/index.php\\\/2026\\\/03\\\/17\\\/dia-de-san-patricio-2026-historia\\\/#article\",\"isPartOf\":{\"@id\":\"https:\\\/\\\/rafaramirez.org\\\/blog\\\/index.php\\\/2026\\\/03\\\/17\\\/dia-de-san-patricio-2026-historia\\\/\"},\"author\":{\"name\":\"Rafael Ram\u00edrez\",\"@id\":\"https:\\\/\\\/rafaramirez.org\\\/blog\\\/#\\\/schema\\\/person\\\/50f43b6d60c578760d4c17bda54ab6a5\"},\"headline\":\"D\u00eda de San Patricio 2026: historia, tradiciones y una celebraci\u00f3n que conquist\u00f3 el mundo.\",\"datePublished\":\"2026-03-17T07:00:04+00:00\",\"mainEntityOfPage\":{\"@id\":\"https:\\\/\\\/rafaramirez.org\\\/blog\\\/index.php\\\/2026\\\/03\\\/17\\\/dia-de-san-patricio-2026-historia\\\/\"},\"wordCount\":1053,\"commentCount\":0,\"publisher\":{\"@id\":\"https:\\\/\\\/rafaramirez.org\\\/blog\\\/#\\\/schema\\\/person\\\/50f43b6d60c578760d4c17bda54ab6a5\"},\"image\":{\"@id\":\"https:\\\/\\\/rafaramirez.org\\\/blog\\\/index.php\\\/2026\\\/03\\\/17\\\/dia-de-san-patricio-2026-historia\\\/#primaryimage\"},\"thumbnailUrl\":\"https:\\\/\\\/rafaramirez.org\\\/blog\\\/wp-content\\\/uploads\\\/2026\\\/02\\\/Dia-de-San-Patricio-2026_bannerlog.jpg\",\"keywords\":[\"17 de marzo\",\"390 d.C.\",\"Argentina\",\"Arpas\",\"arraigo en Espa\u00f1a\",\"Australia\",\"Barcelona\",\"bebida\",\"blog de Rafael Ram\u00edrez\",\"Boston\",\"Canad\u00e1\",\"celebraci\u00f3n\",\"celebraci\u00f3n en el mundo\",\"celebraci\u00f3n en Espa\u00f1a\",\"Cerveza Verde\",\"Chicago\",\"comida\",\"Corned Beef con Col\",\"cultura irlandesa en Espa\u00f1a\",\"desfiles\",\"D\u00eda de San Patricio\",\"Duendes (Leprechauns)\",\"efem\u00e9rides\",\"Estados Unidos\",\"fe en Dios\",\"Gran Breta\u00f1a\",\"Historia\",\"Irlanda\",\"irlandeses al cristianismo\",\"Londres\",\"Madrid\",\"Maewyn Succat\",\"M\u00fasica\",\"Nueva York\",\"Nueva Zelanda\",\"Patricius\u00a0o\u00a0Patricio\",\"Saint Patrick\u2019s Day\",\"Shamrocks (Tr\u00e9boles)\"],\"articleSection\":[\"Efem\u00e9rides\"],\"inLanguage\":\"es\",\"potentialAction\":[{\"@type\":\"CommentAction\",\"name\":\"Comment\",\"target\":[\"https:\\\/\\\/rafaramirez.org\\\/blog\\\/index.php\\\/2026\\\/03\\\/17\\\/dia-de-san-patricio-2026-historia\\\/#respond\"]}]},{\"@type\":\"WebPage\",\"@id\":\"https:\\\/\\\/rafaramirez.org\\\/blog\\\/index.php\\\/2026\\\/03\\\/17\\\/dia-de-san-patricio-2026-historia\\\/\",\"url\":\"https:\\\/\\\/rafaramirez.org\\\/blog\\\/index.php\\\/2026\\\/03\\\/17\\\/dia-de-san-patricio-2026-historia\\\/\",\"name\":\"D\u00eda de San Patricio 2026: historia, tradiciones y una celebraci\u00f3n que conquist\u00f3 el mundo. - Blog de Rafael Ram\u00edrez\",\"isPartOf\":{\"@id\":\"https:\\\/\\\/rafaramirez.org\\\/blog\\\/#website\"},\"primaryImageOfPage\":{\"@id\":\"https:\\\/\\\/rafaramirez.org\\\/blog\\\/index.php\\\/2026\\\/03\\\/17\\\/dia-de-san-patricio-2026-historia\\\/#primaryimage\"},\"image\":{\"@id\":\"https:\\\/\\\/rafaramirez.org\\\/blog\\\/index.php\\\/2026\\\/03\\\/17\\\/dia-de-san-patricio-2026-historia\\\/#primaryimage\"},\"thumbnailUrl\":\"https:\\\/\\\/rafaramirez.org\\\/blog\\\/wp-content\\\/uploads\\\/2026\\\/02\\\/Dia-de-San-Patricio-2026_bannerlog.jpg\",\"datePublished\":\"2026-03-17T07:00:04+00:00\",\"description\":\"El D\u00eda de San Patricio es una de esas celebraciones que han trascendido su origen religioso y su pa\u00eds de origen, convirti\u00e9ndose en un fen\u00f3men\",\"breadcrumb\":{\"@id\":\"https:\\\/\\\/rafaramirez.org\\\/blog\\\/index.php\\\/2026\\\/03\\\/17\\\/dia-de-san-patricio-2026-historia\\\/#breadcrumb\"},\"inLanguage\":\"es\",\"potentialAction\":[{\"@type\":\"ReadAction\",\"target\":[\"https:\\\/\\\/rafaramirez.org\\\/blog\\\/index.php\\\/2026\\\/03\\\/17\\\/dia-de-san-patricio-2026-historia\\\/\"]}]},{\"@type\":\"ImageObject\",\"inLanguage\":\"es\",\"@id\":\"https:\\\/\\\/rafaramirez.org\\\/blog\\\/index.php\\\/2026\\\/03\\\/17\\\/dia-de-san-patricio-2026-historia\\\/#primaryimage\",\"url\":\"https:\\\/\\\/rafaramirez.org\\\/blog\\\/wp-content\\\/uploads\\\/2026\\\/02\\\/Dia-de-San-Patricio-2026_bannerlog.jpg\",\"contentUrl\":\"https:\\\/\\\/rafaramirez.org\\\/blog\\\/wp-content\\\/uploads\\\/2026\\\/02\\\/Dia-de-San-Patricio-2026_bannerlog.jpg\",\"width\":720,\"height\":440,\"caption\":\"D\u00eda de San Patricio 2026: historia, tradiciones y una celebraci\u00f3n que conquist\u00f3 el mundo. Blog de Rafael Ram\u00edrez.\"},{\"@type\":\"BreadcrumbList\",\"@id\":\"https:\\\/\\\/rafaramirez.org\\\/blog\\\/index.php\\\/2026\\\/03\\\/17\\\/dia-de-san-patricio-2026-historia\\\/#breadcrumb\",\"itemListElement\":[{\"@type\":\"ListItem\",\"position\":1,\"name\":\"Portada\",\"item\":\"https:\\\/\\\/rafaramirez.org\\\/blog\\\/\"},{\"@type\":\"ListItem\",\"position\":2,\"name\":\"D\u00eda de San Patricio 2026: historia, tradiciones y una celebraci\u00f3n que conquist\u00f3 el mundo.\"}]},{\"@type\":\"WebSite\",\"@id\":\"https:\\\/\\\/rafaramirez.org\\\/blog\\\/#website\",\"url\":\"https:\\\/\\\/rafaramirez.org\\\/blog\\\/\",\"name\":\"Blog de Rafael Ram\u00edrez\",\"description\":\"Un sitio social, de arte y cultura\",\"publisher\":{\"@id\":\"https:\\\/\\\/rafaramirez.org\\\/blog\\\/#\\\/schema\\\/person\\\/50f43b6d60c578760d4c17bda54ab6a5\"},\"potentialAction\":[{\"@type\":\"SearchAction\",\"target\":{\"@type\":\"EntryPoint\",\"urlTemplate\":\"https:\\\/\\\/rafaramirez.org\\\/blog\\\/?s={search_term_string}\"},\"query-input\":{\"@type\":\"PropertyValueSpecification\",\"valueRequired\":true,\"valueName\":\"search_term_string\"}}],\"inLanguage\":\"es\"},{\"@type\":[\"Person\",\"Organization\"],\"@id\":\"https:\\\/\\\/rafaramirez.org\\\/blog\\\/#\\\/schema\\\/person\\\/50f43b6d60c578760d4c17bda54ab6a5\",\"name\":\"Rafael Ram\u00edrez\",\"image\":{\"@type\":\"ImageObject\",\"inLanguage\":\"es\",\"@id\":\"https:\\\/\\\/rafaramirez.org\\\/blog\\\/wp-content\\\/uploads\\\/2024\\\/09\\\/RR_socialnetwork.jpg\",\"url\":\"https:\\\/\\\/rafaramirez.org\\\/blog\\\/wp-content\\\/uploads\\\/2024\\\/09\\\/RR_socialnetwork.jpg\",\"contentUrl\":\"https:\\\/\\\/rafaramirez.org\\\/blog\\\/wp-content\\\/uploads\\\/2024\\\/09\\\/RR_socialnetwork.jpg\",\"width\":600,\"height\":606,\"caption\":\"Rafael Ram\u00edrez\"},\"logo\":{\"@id\":\"https:\\\/\\\/rafaramirez.org\\\/blog\\\/wp-content\\\/uploads\\\/2024\\\/09\\\/RR_socialnetwork.jpg\"},\"sameAs\":[\"https:\\\/\\\/www.rafaramirez.org\\\/blog\",\"https:\\\/\\\/www.instagram.com\\\/rafaramirez_ok\\\/\",\"https:\\\/\\\/es.pinterest.com\\\/Ramirez_Rafa\\\/\",\"https:\\\/\\\/x.com\\\/rafaramirez_ok\"],\"url\":\"https:\\\/\\\/rafaramirez.org\\\/blog\\\/index.php\\\/author\\\/rafaell_qm6j97da\\\/\"}]}<\/script>\n<!-- \/ Yoast SEO plugin. -->","yoast_head_json":{"title":"D\u00eda de San Patricio 2026: historia, tradiciones y una celebraci\u00f3n que conquist\u00f3 el mundo. - Blog de Rafael Ram\u00edrez","description":"El D\u00eda de San Patricio es una de esas celebraciones que han trascendido su origen religioso y su pa\u00eds de origen, convirti\u00e9ndose en un fen\u00f3men","robots":{"index":"index","follow":"follow","max-snippet":"max-snippet:-1","max-image-preview":"max-image-preview:large","max-video-preview":"max-video-preview:-1"},"canonical":"https:\/\/rafaramirez.org\/blog\/index.php\/2026\/03\/17\/dia-de-san-patricio-2026-historia\/","og_locale":"es_ES","og_type":"article","og_title":"D\u00eda de San Patricio 2026: historia, tradiciones y una celebraci\u00f3n que conquist\u00f3 el mundo. - Blog de Rafael Ram\u00edrez","og_description":"El D\u00eda de San Patricio es una de esas celebraciones que han trascendido su origen religioso y su pa\u00eds de origen, convirti\u00e9ndose en un fen\u00f3men","og_url":"https:\/\/rafaramirez.org\/blog\/index.php\/2026\/03\/17\/dia-de-san-patricio-2026-historia\/","og_site_name":"Blog de Rafael Ram\u00edrez","article_published_time":"2026-03-17T07:00:04+00:00","og_image":[{"width":720,"height":440,"url":"https:\/\/rafaramirez.org\/blog\/wp-content\/uploads\/2026\/02\/Dia-de-San-Patricio-2026_bannerlog.jpg","type":"image\/jpeg"}],"author":"Rafael Ram\u00edrez","twitter_card":"summary_large_image","twitter_creator":"@rafaramirez_ok","twitter_site":"@rafaramirez_ok","twitter_misc":{"Escrito por":"Rafael Ram\u00edrez","Tiempo de lectura":"6 minutos"},"schema":{"@context":"https:\/\/schema.org","@graph":[{"@type":"Article","@id":"https:\/\/rafaramirez.org\/blog\/index.php\/2026\/03\/17\/dia-de-san-patricio-2026-historia\/#article","isPartOf":{"@id":"https:\/\/rafaramirez.org\/blog\/index.php\/2026\/03\/17\/dia-de-san-patricio-2026-historia\/"},"author":{"name":"Rafael Ram\u00edrez","@id":"https:\/\/rafaramirez.org\/blog\/#\/schema\/person\/50f43b6d60c578760d4c17bda54ab6a5"},"headline":"D\u00eda de San Patricio 2026: historia, tradiciones y una celebraci\u00f3n que conquist\u00f3 el mundo.","datePublished":"2026-03-17T07:00:04+00:00","mainEntityOfPage":{"@id":"https:\/\/rafaramirez.org\/blog\/index.php\/2026\/03\/17\/dia-de-san-patricio-2026-historia\/"},"wordCount":1053,"commentCount":0,"publisher":{"@id":"https:\/\/rafaramirez.org\/blog\/#\/schema\/person\/50f43b6d60c578760d4c17bda54ab6a5"},"image":{"@id":"https:\/\/rafaramirez.org\/blog\/index.php\/2026\/03\/17\/dia-de-san-patricio-2026-historia\/#primaryimage"},"thumbnailUrl":"https:\/\/rafaramirez.org\/blog\/wp-content\/uploads\/2026\/02\/Dia-de-San-Patricio-2026_bannerlog.jpg","keywords":["17 de marzo","390 d.C.","Argentina","Arpas","arraigo en Espa\u00f1a","Australia","Barcelona","bebida","blog de Rafael Ram\u00edrez","Boston","Canad\u00e1","celebraci\u00f3n","celebraci\u00f3n en el mundo","celebraci\u00f3n en Espa\u00f1a","Cerveza Verde","Chicago","comida","Corned Beef con Col","cultura irlandesa en Espa\u00f1a","desfiles","D\u00eda de San Patricio","Duendes (Leprechauns)","efem\u00e9rides","Estados Unidos","fe en Dios","Gran Breta\u00f1a","Historia","Irlanda","irlandeses al cristianismo","Londres","Madrid","Maewyn Succat","M\u00fasica","Nueva York","Nueva Zelanda","Patricius\u00a0o\u00a0Patricio","Saint Patrick\u2019s Day","Shamrocks (Tr\u00e9boles)"],"articleSection":["Efem\u00e9rides"],"inLanguage":"es","potentialAction":[{"@type":"CommentAction","name":"Comment","target":["https:\/\/rafaramirez.org\/blog\/index.php\/2026\/03\/17\/dia-de-san-patricio-2026-historia\/#respond"]}]},{"@type":"WebPage","@id":"https:\/\/rafaramirez.org\/blog\/index.php\/2026\/03\/17\/dia-de-san-patricio-2026-historia\/","url":"https:\/\/rafaramirez.org\/blog\/index.php\/2026\/03\/17\/dia-de-san-patricio-2026-historia\/","name":"D\u00eda de San Patricio 2026: historia, tradiciones y una celebraci\u00f3n que conquist\u00f3 el mundo. - Blog de Rafael Ram\u00edrez","isPartOf":{"@id":"https:\/\/rafaramirez.org\/blog\/#website"},"primaryImageOfPage":{"@id":"https:\/\/rafaramirez.org\/blog\/index.php\/2026\/03\/17\/dia-de-san-patricio-2026-historia\/#primaryimage"},"image":{"@id":"https:\/\/rafaramirez.org\/blog\/index.php\/2026\/03\/17\/dia-de-san-patricio-2026-historia\/#primaryimage"},"thumbnailUrl":"https:\/\/rafaramirez.org\/blog\/wp-content\/uploads\/2026\/02\/Dia-de-San-Patricio-2026_bannerlog.jpg","datePublished":"2026-03-17T07:00:04+00:00","description":"El D\u00eda de San Patricio es una de esas celebraciones que han trascendido su origen religioso y su pa\u00eds de origen, convirti\u00e9ndose en un fen\u00f3men","breadcrumb":{"@id":"https:\/\/rafaramirez.org\/blog\/index.php\/2026\/03\/17\/dia-de-san-patricio-2026-historia\/#breadcrumb"},"inLanguage":"es","potentialAction":[{"@type":"ReadAction","target":["https:\/\/rafaramirez.org\/blog\/index.php\/2026\/03\/17\/dia-de-san-patricio-2026-historia\/"]}]},{"@type":"ImageObject","inLanguage":"es","@id":"https:\/\/rafaramirez.org\/blog\/index.php\/2026\/03\/17\/dia-de-san-patricio-2026-historia\/#primaryimage","url":"https:\/\/rafaramirez.org\/blog\/wp-content\/uploads\/2026\/02\/Dia-de-San-Patricio-2026_bannerlog.jpg","contentUrl":"https:\/\/rafaramirez.org\/blog\/wp-content\/uploads\/2026\/02\/Dia-de-San-Patricio-2026_bannerlog.jpg","width":720,"height":440,"caption":"D\u00eda de San Patricio 2026: historia, tradiciones y una celebraci\u00f3n que conquist\u00f3 el mundo. Blog de Rafael Ram\u00edrez."},{"@type":"BreadcrumbList","@id":"https:\/\/rafaramirez.org\/blog\/index.php\/2026\/03\/17\/dia-de-san-patricio-2026-historia\/#breadcrumb","itemListElement":[{"@type":"ListItem","position":1,"name":"Portada","item":"https:\/\/rafaramirez.org\/blog\/"},{"@type":"ListItem","position":2,"name":"D\u00eda de San Patricio 2026: historia, tradiciones y una celebraci\u00f3n que conquist\u00f3 el mundo."}]},{"@type":"WebSite","@id":"https:\/\/rafaramirez.org\/blog\/#website","url":"https:\/\/rafaramirez.org\/blog\/","name":"Blog de Rafael Ram\u00edrez","description":"Un sitio social, de arte y cultura","publisher":{"@id":"https:\/\/rafaramirez.org\/blog\/#\/schema\/person\/50f43b6d60c578760d4c17bda54ab6a5"},"potentialAction":[{"@type":"SearchAction","target":{"@type":"EntryPoint","urlTemplate":"https:\/\/rafaramirez.org\/blog\/?s={search_term_string}"},"query-input":{"@type":"PropertyValueSpecification","valueRequired":true,"valueName":"search_term_string"}}],"inLanguage":"es"},{"@type":["Person","Organization"],"@id":"https:\/\/rafaramirez.org\/blog\/#\/schema\/person\/50f43b6d60c578760d4c17bda54ab6a5","name":"Rafael Ram\u00edrez","image":{"@type":"ImageObject","inLanguage":"es","@id":"https:\/\/rafaramirez.org\/blog\/wp-content\/uploads\/2024\/09\/RR_socialnetwork.jpg","url":"https:\/\/rafaramirez.org\/blog\/wp-content\/uploads\/2024\/09\/RR_socialnetwork.jpg","contentUrl":"https:\/\/rafaramirez.org\/blog\/wp-content\/uploads\/2024\/09\/RR_socialnetwork.jpg","width":600,"height":606,"caption":"Rafael Ram\u00edrez"},"logo":{"@id":"https:\/\/rafaramirez.org\/blog\/wp-content\/uploads\/2024\/09\/RR_socialnetwork.jpg"},"sameAs":["https:\/\/www.rafaramirez.org\/blog","https:\/\/www.instagram.com\/rafaramirez_ok\/","https:\/\/es.pinterest.com\/Ramirez_Rafa\/","https:\/\/x.com\/rafaramirez_ok"],"url":"https:\/\/rafaramirez.org\/blog\/index.php\/author\/rafaell_qm6j97da\/"}]}},"jetpack_publicize_connections":[],"jetpack_sharing_enabled":true,"jetpack_likes_enabled":true,"jetpack_featured_media_url":"https:\/\/rafaramirez.org\/blog\/wp-content\/uploads\/2026\/02\/Dia-de-San-Patricio-2026_bannerlog.jpg","_links":{"self":[{"href":"https:\/\/rafaramirez.org\/blog\/index.php\/wp-json\/wp\/v2\/posts\/12094","targetHints":{"allow":["GET"]}}],"collection":[{"href":"https:\/\/rafaramirez.org\/blog\/index.php\/wp-json\/wp\/v2\/posts"}],"about":[{"href":"https:\/\/rafaramirez.org\/blog\/index.php\/wp-json\/wp\/v2\/types\/post"}],"author":[{"embeddable":true,"href":"https:\/\/rafaramirez.org\/blog\/index.php\/wp-json\/wp\/v2\/users\/1"}],"replies":[{"embeddable":true,"href":"https:\/\/rafaramirez.org\/blog\/index.php\/wp-json\/wp\/v2\/comments?post=12094"}],"version-history":[{"count":6,"href":"https:\/\/rafaramirez.org\/blog\/index.php\/wp-json\/wp\/v2\/posts\/12094\/revisions"}],"predecessor-version":[{"id":12102,"href":"https:\/\/rafaramirez.org\/blog\/index.php\/wp-json\/wp\/v2\/posts\/12094\/revisions\/12102"}],"wp:featuredmedia":[{"embeddable":true,"href":"https:\/\/rafaramirez.org\/blog\/index.php\/wp-json\/wp\/v2\/media\/12098"}],"wp:attachment":[{"href":"https:\/\/rafaramirez.org\/blog\/index.php\/wp-json\/wp\/v2\/media?parent=12094"}],"wp:term":[{"taxonomy":"category","embeddable":true,"href":"https:\/\/rafaramirez.org\/blog\/index.php\/wp-json\/wp\/v2\/categories?post=12094"},{"taxonomy":"post_tag","embeddable":true,"href":"https:\/\/rafaramirez.org\/blog\/index.php\/wp-json\/wp\/v2\/tags?post=12094"}],"curies":[{"name":"wp","href":"https:\/\/api.w.org\/{rel}","templated":true}]}}