{"id":12088,"date":"2026-03-16T08:00:33","date_gmt":"2026-03-16T07:00:33","guid":{"rendered":"https:\/\/rafaramirez.org\/blog\/?p=12088"},"modified":"2026-03-18T11:28:08","modified_gmt":"2026-03-18T10:28:08","slug":"reflexiones-las-migas-que-guardo-confesiones-sobre-el-sentido-de-la-vida-rafael-ramirez","status":"publish","type":"post","link":"https:\/\/rafaramirez.org\/blog\/index.php\/2026\/03\/16\/reflexiones-las-migas-que-guardo-confesiones-sobre-el-sentido-de-la-vida-rafael-ramirez\/","title":{"rendered":"Reflexiones: huellas de lo vivido, apuntes \u00edntimos sobre el sentido de existir."},"content":{"rendered":"<p>Hay ma\u00f1anas en las que el sentido de la vida no me llega como un gran descubrimiento, sino como una serie de peque\u00f1as confirmaciones que se van acumulando hasta formar un paisaje. Me gusta pensar en el sentido como una costura: no siempre visible, pero firme; hecha con hilos de decisiones m\u00ednimas que, juntas, sostienen algo m\u00e1s grande. No se trata de una verdad revelada, sino de una pr\u00e1ctica diaria que se aprende con los dedos, con la repetici\u00f3n y con la ternura que ponemos en lo peque\u00f1o.<\/p>\n<p>Hay gestos que act\u00faan como br\u00fajulas. Preparar un caf\u00e9 y esperar a que el aroma llene la cocina, regar una planta y ver c\u00f3mo responde al tiempo con una hoja nueva o contestar un mensaje que llevaba posponiendo y escuchar la voz de alguien que me necesita. Esos actos no resuelven grandes misterios, pero me devuelven a m\u00ed mismo: me recuerdan que soy capaz de cuidar, atender y sostener. En ellos hay una prueba silenciosa de que mi presencia importa, aunque sea para una taza, una maceta o una breve conversaci\u00f3n.<\/p>\n<p>El sentido tambi\u00e9n se revela en las promesas cumplidas y en las peque\u00f1as fidelidades. Llegar a tiempo a una cita con un amigo, devolver un libro prestado o terminar una tarea que parec\u00eda eterna son actos que construyen confianza, primero conmigo mismo y luego con los dem\u00e1s. Cada vez que cumplo, aunque nadie lo celebre, estoy forjando una versi\u00f3n de m\u00ed que merece respeto. Esa coherencia cotidiana es una forma de sentido que no necesita grandes gestos para ser profunda.<\/p>\n<p>A veces, el sentido aparece en la creaci\u00f3n: escribir una l\u00ednea, cocinar algo nuevo o arreglar una prenda. No importa la escala; lo que importa es el acto de transformar algo \u2014una idea, ingredientes, una tela\u2014 en algo nuevo con intenci\u00f3n. Crear es afirmar que el mundo puede recibir algo tuyo y que eso, por peque\u00f1o que sea, cambia el curso de los acontecimientos. Esa alteraci\u00f3n es la prueba de que tu vida deja huella, aunque sea apenas una migaja de pan en la mesa.<\/p>\n<p>Tambi\u00e9n hay actos que nos devuelven al mundo: ayudar a un desconocido a cruzar la calle, sonre\u00edr a la cajera o recoger un papel del suelo. Son gestos que rompen la burbuja del yo y nos recuerdan que formamos parte de una red. No siempre se ven recompensados, pero funcionan como se\u00f1ales: cuando act\u00fao con atenci\u00f3n hacia los dem\u00e1s, el mundo responde con una m\u00ednima reciprocidad que confirma que mi existencia tiene efecto fuera de m\u00ed.<\/p>\n<p>El sentido se encuentra en los rituales que elegimos mantener: el paseo diario, la llamada semanal a quien vive lejos, la lectura antes de dormir. Los rituales son anclas que nos devuelven a nuestro propio ritmo cuando todo lo dem\u00e1s se desordena. No son cadenas, sino mapas que nos permiten orientarnos. Y en la repetici\u00f3n amable de esos actos se instala una calma que, con el tiempo, se parece mucho a la certeza.<\/p>\n<p>No hay una \u00fanica respuesta ni una f\u00f3rmula universal. Lo que s\u00ed existe es la posibilidad de reconocer y nombrar esas peque\u00f1as pruebas: la planta que no se marchita, la palabra que consuela, la tarea que se termina. Hay que guardarlas, celebrarlas en silencio y escribirlas en la memoria como si fueran piedras preciosas. Al final, el sentido no siempre se percibe como un faro lejano, sino como la luz tenue de una l\u00e1mpara que enciendes cada d\u00eda para no tropezar en la oscuridad.<\/p>\n<p>Vivir con sentido es, en buena medida, elegir volver: volver a la mesa, a la conversaci\u00f3n, a la tarea, a la persona que necesita tu presencia. Es aceptar que la grandeza de la vida puede caber en lo cotidiano y que, si prestamos atenci\u00f3n, esos peque\u00f1os actos nos confirman una y otra vez que estamos aqu\u00ed por una raz\u00f3n que no siempre se explica, pero que se siente.<\/p>\n<p>Rafael Ram\u00edrez\u00a92026.<\/p>\n<figure id=\"attachment_12092\" aria-describedby=\"caption-attachment-12092\" style=\"width: 300px\" class=\"wp-caption aligncenter\"><img loading=\"lazy\" decoding=\"async\" class=\"wp-image-12092 size-medium\" src=\"https:\/\/rafaramirez.org\/blog\/wp-content\/uploads\/2026\/03\/Confesiones-sobre-el-sentido-de-la-vida_1-300x200.jpg\" alt=\"Reflexiones: huellas de lo vivido, apuntes \u00edntimos sobre el sentido de existir.\" width=\"300\" height=\"200\" srcset=\"https:\/\/rafaramirez.org\/blog\/wp-content\/uploads\/2026\/03\/Confesiones-sobre-el-sentido-de-la-vida_1-300x200.jpg 300w, https:\/\/rafaramirez.org\/blog\/wp-content\/uploads\/2026\/03\/Confesiones-sobre-el-sentido-de-la-vida_1-768x512.jpg 768w, https:\/\/rafaramirez.org\/blog\/wp-content\/uploads\/2026\/03\/Confesiones-sobre-el-sentido-de-la-vida_1.jpg 850w\" sizes=\"auto, (max-width: 300px) 100vw, 300px\" \/><figcaption id=\"caption-attachment-12092\" class=\"wp-caption-text\">Reflexiones: huellas de lo vivido, apuntes \u00edntimos sobre el sentido de existir.<\/figcaption><\/figure>\n<ul>\n<li><a href=\"https:\/\/rafaramirez.org\/blog\/index.php\/category\/arte\/literatura\/\" target=\"_blank\" rel=\"noopener\">Otras reflexiones y lectura recomendada<\/a>.<\/li>\n<li><a href=\"https:\/\/es.pinterest.com\/Ramirez_Rafa\/\" target=\"_blank\" rel=\"noopener\">En Pinterest.<\/a><\/li>\n<\/ul>\n","protected":false},"excerpt":{"rendered":"<p>Hay ma\u00f1anas en las que el sentido de la vida no me llega como un gran descubrimiento, sino como una serie de peque\u00f1as confirmaciones que se van acumulando hasta formar un paisaje. Me gusta pensar en el sentido como una costura: no siempre visible, pero firme; hecha con hilos de decisiones m\u00ednimas que, juntas, sostienen [&hellip;]<\/p>\n","protected":false},"author":1,"featured_media":12409,"comment_status":"open","ping_status":"closed","sticky":false,"template":"","format":"standard","meta":{"site-container-style":"default","site-container-layout":"default","site-sidebar-layout":"default","disable-article-header":"default","disable-site-header":"default","disable-site-footer":"default","disable-content-area-spacing":"default","_jetpack_newsletter_access":"","_jetpack_dont_email_post_to_subs":false,"_jetpack_newsletter_tier_id":0,"_jetpack_memberships_contains_paywalled_content":false,"_jetpack_feature_clip_id":0,"_jetpack_memberships_contains_paid_content":false,"footnotes":"","jetpack_publicize_message":"","jetpack_publicize_feature_enabled":true,"jetpack_social_post_already_shared":true,"jetpack_social_options":{"image_generator_settings":{"template":"highway","default_image_id":0,"font":"","enabled":false},"version":2},"jetpack_post_was_ever_published":false},"categories":[710],"tags":[4147,4150,350,1796,4799,4146],"class_list":["post-12088","post","type-post","status-publish","format-standard","has-post-thumbnail","hentry","category-literatura","tag-articulo-de-opinion","tag-articulo-de-rafael-ramirez","tag-para-reflexionar","tag-reflexion-personal","tag-reflexion-sobre-el-sentido-de-la-vida","tag-reflexiones-de-rafael-ramirez"],"yoast_head":"<!-- This site is optimized with the Yoast SEO plugin v28.4 - https:\/\/yoast.com\/product\/yoast-seo-wordpress\/ -->\n<title>Reflexiones: huellas de lo vivido, apuntes \u00edntimos sobre el sentido de existir. - Blog de Rafael Ram\u00edrez<\/title>\n<meta name=\"description\" content=\"Hay ma\u00f1anas en las que el sentido de la vida no me llega como un gran descubrimiento, sino como una serie de peque\u00f1as confirmaciones que se\" \/>\n<meta name=\"robots\" content=\"index, follow, max-snippet:-1, max-image-preview:large, max-video-preview:-1\" \/>\n<link rel=\"canonical\" href=\"https:\/\/rafaramirez.org\/blog\/index.php\/2026\/03\/16\/reflexiones-las-migas-que-guardo-confesiones-sobre-el-sentido-de-la-vida-rafael-ramirez\/\" \/>\n<meta property=\"og:locale\" content=\"es_ES\" \/>\n<meta property=\"og:type\" content=\"article\" \/>\n<meta property=\"og:title\" content=\"Reflexiones: huellas de lo vivido, apuntes \u00edntimos sobre el sentido de existir. - Blog de Rafael Ram\u00edrez\" \/>\n<meta property=\"og:description\" content=\"Hay ma\u00f1anas en las que el sentido de la vida no me llega como un gran descubrimiento, sino como una serie de peque\u00f1as confirmaciones que se\" \/>\n<meta property=\"og:url\" content=\"https:\/\/rafaramirez.org\/blog\/index.php\/2026\/03\/16\/reflexiones-las-migas-que-guardo-confesiones-sobre-el-sentido-de-la-vida-rafael-ramirez\/\" \/>\n<meta property=\"og:site_name\" content=\"Blog de Rafael Ram\u00edrez\" \/>\n<meta property=\"article:published_time\" content=\"2026-03-16T07:00:33+00:00\" \/>\n<meta property=\"article:modified_time\" content=\"2026-03-18T10:28:08+00:00\" \/>\n<meta property=\"og:image\" content=\"https:\/\/rafaramirez.org\/blog\/wp-content\/uploads\/2026\/03\/Confesiones-sobre-el-sentido-de-la-vida2_bannerlog.jpg\" \/>\n\t<meta property=\"og:image:width\" content=\"720\" \/>\n\t<meta property=\"og:image:height\" content=\"440\" \/>\n\t<meta property=\"og:image:type\" content=\"image\/jpeg\" \/>\n<meta name=\"author\" content=\"Rafael Ram\u00edrez\" \/>\n<meta name=\"twitter:card\" content=\"summary_large_image\" \/>\n<meta name=\"twitter:creator\" content=\"@rafaramirez_ok\" \/>\n<meta name=\"twitter:site\" content=\"@rafaramirez_ok\" \/>\n<meta name=\"twitter:label1\" content=\"Escrito por\" \/>\n\t<meta name=\"twitter:data1\" content=\"Rafael Ram\u00edrez\" \/>\n\t<meta name=\"twitter:label2\" content=\"Tiempo de lectura\" \/>\n\t<meta name=\"twitter:data2\" content=\"4 minutos\" \/>\n<script type=\"application\/ld+json\" class=\"yoast-schema-graph\">{\"@context\":\"https:\\\/\\\/schema.org\",\"@graph\":[{\"@type\":\"Article\",\"@id\":\"https:\\\/\\\/rafaramirez.org\\\/blog\\\/index.php\\\/2026\\\/03\\\/16\\\/reflexiones-las-migas-que-guardo-confesiones-sobre-el-sentido-de-la-vida-rafael-ramirez\\\/#article\",\"isPartOf\":{\"@id\":\"https:\\\/\\\/rafaramirez.org\\\/blog\\\/index.php\\\/2026\\\/03\\\/16\\\/reflexiones-las-migas-que-guardo-confesiones-sobre-el-sentido-de-la-vida-rafael-ramirez\\\/\"},\"author\":{\"name\":\"Rafael Ram\u00edrez\",\"@id\":\"https:\\\/\\\/rafaramirez.org\\\/blog\\\/#\\\/schema\\\/person\\\/50f43b6d60c578760d4c17bda54ab6a5\"},\"headline\":\"Reflexiones: huellas de lo vivido, apuntes \u00edntimos sobre el sentido de existir.\",\"datePublished\":\"2026-03-16T07:00:33+00:00\",\"dateModified\":\"2026-03-18T10:28:08+00:00\",\"mainEntityOfPage\":{\"@id\":\"https:\\\/\\\/rafaramirez.org\\\/blog\\\/index.php\\\/2026\\\/03\\\/16\\\/reflexiones-las-migas-que-guardo-confesiones-sobre-el-sentido-de-la-vida-rafael-ramirez\\\/\"},\"wordCount\":724,\"commentCount\":0,\"publisher\":{\"@id\":\"https:\\\/\\\/rafaramirez.org\\\/blog\\\/#\\\/schema\\\/person\\\/50f43b6d60c578760d4c17bda54ab6a5\"},\"image\":{\"@id\":\"https:\\\/\\\/rafaramirez.org\\\/blog\\\/index.php\\\/2026\\\/03\\\/16\\\/reflexiones-las-migas-que-guardo-confesiones-sobre-el-sentido-de-la-vida-rafael-ramirez\\\/#primaryimage\"},\"thumbnailUrl\":\"https:\\\/\\\/rafaramirez.org\\\/blog\\\/wp-content\\\/uploads\\\/2026\\\/03\\\/Confesiones-sobre-el-sentido-de-la-vida2_bannerlog.jpg\",\"keywords\":[\"art\u00edculo de opini\u00f3n\",\"art\u00edculo de Rafael Ram\u00edrez\",\"para reflexionar\",\"reflexi\u00f3n personal\",\"reflexi\u00f3n sobre el sentido de la vida\",\"reflexiones de Rafael Ram\u00edrez\"],\"articleSection\":[\"Literatura\"],\"inLanguage\":\"es\",\"potentialAction\":[{\"@type\":\"CommentAction\",\"name\":\"Comment\",\"target\":[\"https:\\\/\\\/rafaramirez.org\\\/blog\\\/index.php\\\/2026\\\/03\\\/16\\\/reflexiones-las-migas-que-guardo-confesiones-sobre-el-sentido-de-la-vida-rafael-ramirez\\\/#respond\"]}]},{\"@type\":\"WebPage\",\"@id\":\"https:\\\/\\\/rafaramirez.org\\\/blog\\\/index.php\\\/2026\\\/03\\\/16\\\/reflexiones-las-migas-que-guardo-confesiones-sobre-el-sentido-de-la-vida-rafael-ramirez\\\/\",\"url\":\"https:\\\/\\\/rafaramirez.org\\\/blog\\\/index.php\\\/2026\\\/03\\\/16\\\/reflexiones-las-migas-que-guardo-confesiones-sobre-el-sentido-de-la-vida-rafael-ramirez\\\/\",\"name\":\"Reflexiones: huellas de lo vivido, apuntes \u00edntimos sobre el sentido de existir. - Blog de Rafael Ram\u00edrez\",\"isPartOf\":{\"@id\":\"https:\\\/\\\/rafaramirez.org\\\/blog\\\/#website\"},\"primaryImageOfPage\":{\"@id\":\"https:\\\/\\\/rafaramirez.org\\\/blog\\\/index.php\\\/2026\\\/03\\\/16\\\/reflexiones-las-migas-que-guardo-confesiones-sobre-el-sentido-de-la-vida-rafael-ramirez\\\/#primaryimage\"},\"image\":{\"@id\":\"https:\\\/\\\/rafaramirez.org\\\/blog\\\/index.php\\\/2026\\\/03\\\/16\\\/reflexiones-las-migas-que-guardo-confesiones-sobre-el-sentido-de-la-vida-rafael-ramirez\\\/#primaryimage\"},\"thumbnailUrl\":\"https:\\\/\\\/rafaramirez.org\\\/blog\\\/wp-content\\\/uploads\\\/2026\\\/03\\\/Confesiones-sobre-el-sentido-de-la-vida2_bannerlog.jpg\",\"datePublished\":\"2026-03-16T07:00:33+00:00\",\"dateModified\":\"2026-03-18T10:28:08+00:00\",\"description\":\"Hay ma\u00f1anas en las que el sentido de la vida no me llega como un gran descubrimiento, sino como una serie de peque\u00f1as confirmaciones que se\",\"breadcrumb\":{\"@id\":\"https:\\\/\\\/rafaramirez.org\\\/blog\\\/index.php\\\/2026\\\/03\\\/16\\\/reflexiones-las-migas-que-guardo-confesiones-sobre-el-sentido-de-la-vida-rafael-ramirez\\\/#breadcrumb\"},\"inLanguage\":\"es\",\"potentialAction\":[{\"@type\":\"ReadAction\",\"target\":[\"https:\\\/\\\/rafaramirez.org\\\/blog\\\/index.php\\\/2026\\\/03\\\/16\\\/reflexiones-las-migas-que-guardo-confesiones-sobre-el-sentido-de-la-vida-rafael-ramirez\\\/\"]}]},{\"@type\":\"ImageObject\",\"inLanguage\":\"es\",\"@id\":\"https:\\\/\\\/rafaramirez.org\\\/blog\\\/index.php\\\/2026\\\/03\\\/16\\\/reflexiones-las-migas-que-guardo-confesiones-sobre-el-sentido-de-la-vida-rafael-ramirez\\\/#primaryimage\",\"url\":\"https:\\\/\\\/rafaramirez.org\\\/blog\\\/wp-content\\\/uploads\\\/2026\\\/03\\\/Confesiones-sobre-el-sentido-de-la-vida2_bannerlog.jpg\",\"contentUrl\":\"https:\\\/\\\/rafaramirez.org\\\/blog\\\/wp-content\\\/uploads\\\/2026\\\/03\\\/Confesiones-sobre-el-sentido-de-la-vida2_bannerlog.jpg\",\"width\":720,\"height\":440,\"caption\":\"Reflexiones: huellas de lo vivido, apuntes \u00edntimos sobre el sentido de existir. Blog de Rafael Ram\u00edrez.\"},{\"@type\":\"BreadcrumbList\",\"@id\":\"https:\\\/\\\/rafaramirez.org\\\/blog\\\/index.php\\\/2026\\\/03\\\/16\\\/reflexiones-las-migas-que-guardo-confesiones-sobre-el-sentido-de-la-vida-rafael-ramirez\\\/#breadcrumb\",\"itemListElement\":[{\"@type\":\"ListItem\",\"position\":1,\"name\":\"Portada\",\"item\":\"https:\\\/\\\/rafaramirez.org\\\/blog\\\/\"},{\"@type\":\"ListItem\",\"position\":2,\"name\":\"Reflexiones: huellas de lo vivido, apuntes \u00edntimos sobre el sentido de existir.\"}]},{\"@type\":\"WebSite\",\"@id\":\"https:\\\/\\\/rafaramirez.org\\\/blog\\\/#website\",\"url\":\"https:\\\/\\\/rafaramirez.org\\\/blog\\\/\",\"name\":\"Blog de Rafael Ram\u00edrez\",\"description\":\"Un sitio social, de arte y cultura\",\"publisher\":{\"@id\":\"https:\\\/\\\/rafaramirez.org\\\/blog\\\/#\\\/schema\\\/person\\\/50f43b6d60c578760d4c17bda54ab6a5\"},\"potentialAction\":[{\"@type\":\"SearchAction\",\"target\":{\"@type\":\"EntryPoint\",\"urlTemplate\":\"https:\\\/\\\/rafaramirez.org\\\/blog\\\/?s={search_term_string}\"},\"query-input\":{\"@type\":\"PropertyValueSpecification\",\"valueRequired\":true,\"valueName\":\"search_term_string\"}}],\"inLanguage\":\"es\"},{\"@type\":[\"Person\",\"Organization\"],\"@id\":\"https:\\\/\\\/rafaramirez.org\\\/blog\\\/#\\\/schema\\\/person\\\/50f43b6d60c578760d4c17bda54ab6a5\",\"name\":\"Rafael Ram\u00edrez\",\"image\":{\"@type\":\"ImageObject\",\"inLanguage\":\"es\",\"@id\":\"https:\\\/\\\/rafaramirez.org\\\/blog\\\/wp-content\\\/uploads\\\/2024\\\/09\\\/RR_socialnetwork.jpg\",\"url\":\"https:\\\/\\\/rafaramirez.org\\\/blog\\\/wp-content\\\/uploads\\\/2024\\\/09\\\/RR_socialnetwork.jpg\",\"contentUrl\":\"https:\\\/\\\/rafaramirez.org\\\/blog\\\/wp-content\\\/uploads\\\/2024\\\/09\\\/RR_socialnetwork.jpg\",\"width\":600,\"height\":606,\"caption\":\"Rafael Ram\u00edrez\"},\"logo\":{\"@id\":\"https:\\\/\\\/rafaramirez.org\\\/blog\\\/wp-content\\\/uploads\\\/2024\\\/09\\\/RR_socialnetwork.jpg\"},\"sameAs\":[\"https:\\\/\\\/www.rafaramirez.org\\\/blog\",\"https:\\\/\\\/www.instagram.com\\\/rafaramirez_ok\\\/\",\"https:\\\/\\\/es.pinterest.com\\\/Ramirez_Rafa\\\/\",\"https:\\\/\\\/x.com\\\/rafaramirez_ok\"],\"url\":\"https:\\\/\\\/rafaramirez.org\\\/blog\\\/index.php\\\/author\\\/rafaell_qm6j97da\\\/\"}]}<\/script>\n<!-- \/ Yoast SEO plugin. -->","yoast_head_json":{"title":"Reflexiones: huellas de lo vivido, apuntes \u00edntimos sobre el sentido de existir. - Blog de Rafael Ram\u00edrez","description":"Hay ma\u00f1anas en las que el sentido de la vida no me llega como un gran descubrimiento, sino como una serie de peque\u00f1as confirmaciones que se","robots":{"index":"index","follow":"follow","max-snippet":"max-snippet:-1","max-image-preview":"max-image-preview:large","max-video-preview":"max-video-preview:-1"},"canonical":"https:\/\/rafaramirez.org\/blog\/index.php\/2026\/03\/16\/reflexiones-las-migas-que-guardo-confesiones-sobre-el-sentido-de-la-vida-rafael-ramirez\/","og_locale":"es_ES","og_type":"article","og_title":"Reflexiones: huellas de lo vivido, apuntes \u00edntimos sobre el sentido de existir. - Blog de Rafael Ram\u00edrez","og_description":"Hay ma\u00f1anas en las que el sentido de la vida no me llega como un gran descubrimiento, sino como una serie de peque\u00f1as confirmaciones que se","og_url":"https:\/\/rafaramirez.org\/blog\/index.php\/2026\/03\/16\/reflexiones-las-migas-que-guardo-confesiones-sobre-el-sentido-de-la-vida-rafael-ramirez\/","og_site_name":"Blog de Rafael Ram\u00edrez","article_published_time":"2026-03-16T07:00:33+00:00","article_modified_time":"2026-03-18T10:28:08+00:00","og_image":[{"width":720,"height":440,"url":"https:\/\/rafaramirez.org\/blog\/wp-content\/uploads\/2026\/03\/Confesiones-sobre-el-sentido-de-la-vida2_bannerlog.jpg","type":"image\/jpeg"}],"author":"Rafael Ram\u00edrez","twitter_card":"summary_large_image","twitter_creator":"@rafaramirez_ok","twitter_site":"@rafaramirez_ok","twitter_misc":{"Escrito por":"Rafael Ram\u00edrez","Tiempo de lectura":"4 minutos"},"schema":{"@context":"https:\/\/schema.org","@graph":[{"@type":"Article","@id":"https:\/\/rafaramirez.org\/blog\/index.php\/2026\/03\/16\/reflexiones-las-migas-que-guardo-confesiones-sobre-el-sentido-de-la-vida-rafael-ramirez\/#article","isPartOf":{"@id":"https:\/\/rafaramirez.org\/blog\/index.php\/2026\/03\/16\/reflexiones-las-migas-que-guardo-confesiones-sobre-el-sentido-de-la-vida-rafael-ramirez\/"},"author":{"name":"Rafael Ram\u00edrez","@id":"https:\/\/rafaramirez.org\/blog\/#\/schema\/person\/50f43b6d60c578760d4c17bda54ab6a5"},"headline":"Reflexiones: huellas de lo vivido, apuntes \u00edntimos sobre el sentido de existir.","datePublished":"2026-03-16T07:00:33+00:00","dateModified":"2026-03-18T10:28:08+00:00","mainEntityOfPage":{"@id":"https:\/\/rafaramirez.org\/blog\/index.php\/2026\/03\/16\/reflexiones-las-migas-que-guardo-confesiones-sobre-el-sentido-de-la-vida-rafael-ramirez\/"},"wordCount":724,"commentCount":0,"publisher":{"@id":"https:\/\/rafaramirez.org\/blog\/#\/schema\/person\/50f43b6d60c578760d4c17bda54ab6a5"},"image":{"@id":"https:\/\/rafaramirez.org\/blog\/index.php\/2026\/03\/16\/reflexiones-las-migas-que-guardo-confesiones-sobre-el-sentido-de-la-vida-rafael-ramirez\/#primaryimage"},"thumbnailUrl":"https:\/\/rafaramirez.org\/blog\/wp-content\/uploads\/2026\/03\/Confesiones-sobre-el-sentido-de-la-vida2_bannerlog.jpg","keywords":["art\u00edculo de opini\u00f3n","art\u00edculo de Rafael Ram\u00edrez","para reflexionar","reflexi\u00f3n personal","reflexi\u00f3n sobre el sentido de la vida","reflexiones de Rafael Ram\u00edrez"],"articleSection":["Literatura"],"inLanguage":"es","potentialAction":[{"@type":"CommentAction","name":"Comment","target":["https:\/\/rafaramirez.org\/blog\/index.php\/2026\/03\/16\/reflexiones-las-migas-que-guardo-confesiones-sobre-el-sentido-de-la-vida-rafael-ramirez\/#respond"]}]},{"@type":"WebPage","@id":"https:\/\/rafaramirez.org\/blog\/index.php\/2026\/03\/16\/reflexiones-las-migas-que-guardo-confesiones-sobre-el-sentido-de-la-vida-rafael-ramirez\/","url":"https:\/\/rafaramirez.org\/blog\/index.php\/2026\/03\/16\/reflexiones-las-migas-que-guardo-confesiones-sobre-el-sentido-de-la-vida-rafael-ramirez\/","name":"Reflexiones: huellas de lo vivido, apuntes \u00edntimos sobre el sentido de existir. - Blog de Rafael Ram\u00edrez","isPartOf":{"@id":"https:\/\/rafaramirez.org\/blog\/#website"},"primaryImageOfPage":{"@id":"https:\/\/rafaramirez.org\/blog\/index.php\/2026\/03\/16\/reflexiones-las-migas-que-guardo-confesiones-sobre-el-sentido-de-la-vida-rafael-ramirez\/#primaryimage"},"image":{"@id":"https:\/\/rafaramirez.org\/blog\/index.php\/2026\/03\/16\/reflexiones-las-migas-que-guardo-confesiones-sobre-el-sentido-de-la-vida-rafael-ramirez\/#primaryimage"},"thumbnailUrl":"https:\/\/rafaramirez.org\/blog\/wp-content\/uploads\/2026\/03\/Confesiones-sobre-el-sentido-de-la-vida2_bannerlog.jpg","datePublished":"2026-03-16T07:00:33+00:00","dateModified":"2026-03-18T10:28:08+00:00","description":"Hay ma\u00f1anas en las que el sentido de la vida no me llega como un gran descubrimiento, sino como una serie de peque\u00f1as confirmaciones que se","breadcrumb":{"@id":"https:\/\/rafaramirez.org\/blog\/index.php\/2026\/03\/16\/reflexiones-las-migas-que-guardo-confesiones-sobre-el-sentido-de-la-vida-rafael-ramirez\/#breadcrumb"},"inLanguage":"es","potentialAction":[{"@type":"ReadAction","target":["https:\/\/rafaramirez.org\/blog\/index.php\/2026\/03\/16\/reflexiones-las-migas-que-guardo-confesiones-sobre-el-sentido-de-la-vida-rafael-ramirez\/"]}]},{"@type":"ImageObject","inLanguage":"es","@id":"https:\/\/rafaramirez.org\/blog\/index.php\/2026\/03\/16\/reflexiones-las-migas-que-guardo-confesiones-sobre-el-sentido-de-la-vida-rafael-ramirez\/#primaryimage","url":"https:\/\/rafaramirez.org\/blog\/wp-content\/uploads\/2026\/03\/Confesiones-sobre-el-sentido-de-la-vida2_bannerlog.jpg","contentUrl":"https:\/\/rafaramirez.org\/blog\/wp-content\/uploads\/2026\/03\/Confesiones-sobre-el-sentido-de-la-vida2_bannerlog.jpg","width":720,"height":440,"caption":"Reflexiones: huellas de lo vivido, apuntes \u00edntimos sobre el sentido de existir. Blog de Rafael Ram\u00edrez."},{"@type":"BreadcrumbList","@id":"https:\/\/rafaramirez.org\/blog\/index.php\/2026\/03\/16\/reflexiones-las-migas-que-guardo-confesiones-sobre-el-sentido-de-la-vida-rafael-ramirez\/#breadcrumb","itemListElement":[{"@type":"ListItem","position":1,"name":"Portada","item":"https:\/\/rafaramirez.org\/blog\/"},{"@type":"ListItem","position":2,"name":"Reflexiones: huellas de lo vivido, apuntes \u00edntimos sobre el sentido de existir."}]},{"@type":"WebSite","@id":"https:\/\/rafaramirez.org\/blog\/#website","url":"https:\/\/rafaramirez.org\/blog\/","name":"Blog de Rafael Ram\u00edrez","description":"Un sitio social, de arte y cultura","publisher":{"@id":"https:\/\/rafaramirez.org\/blog\/#\/schema\/person\/50f43b6d60c578760d4c17bda54ab6a5"},"potentialAction":[{"@type":"SearchAction","target":{"@type":"EntryPoint","urlTemplate":"https:\/\/rafaramirez.org\/blog\/?s={search_term_string}"},"query-input":{"@type":"PropertyValueSpecification","valueRequired":true,"valueName":"search_term_string"}}],"inLanguage":"es"},{"@type":["Person","Organization"],"@id":"https:\/\/rafaramirez.org\/blog\/#\/schema\/person\/50f43b6d60c578760d4c17bda54ab6a5","name":"Rafael Ram\u00edrez","image":{"@type":"ImageObject","inLanguage":"es","@id":"https:\/\/rafaramirez.org\/blog\/wp-content\/uploads\/2024\/09\/RR_socialnetwork.jpg","url":"https:\/\/rafaramirez.org\/blog\/wp-content\/uploads\/2024\/09\/RR_socialnetwork.jpg","contentUrl":"https:\/\/rafaramirez.org\/blog\/wp-content\/uploads\/2024\/09\/RR_socialnetwork.jpg","width":600,"height":606,"caption":"Rafael Ram\u00edrez"},"logo":{"@id":"https:\/\/rafaramirez.org\/blog\/wp-content\/uploads\/2024\/09\/RR_socialnetwork.jpg"},"sameAs":["https:\/\/www.rafaramirez.org\/blog","https:\/\/www.instagram.com\/rafaramirez_ok\/","https:\/\/es.pinterest.com\/Ramirez_Rafa\/","https:\/\/x.com\/rafaramirez_ok"],"url":"https:\/\/rafaramirez.org\/blog\/index.php\/author\/rafaell_qm6j97da\/"}]}},"jetpack_publicize_connections":[],"jetpack_sharing_enabled":true,"jetpack_likes_enabled":true,"jetpack_featured_media_url":"https:\/\/rafaramirez.org\/blog\/wp-content\/uploads\/2026\/03\/Confesiones-sobre-el-sentido-de-la-vida2_bannerlog.jpg","_links":{"self":[{"href":"https:\/\/rafaramirez.org\/blog\/index.php\/wp-json\/wp\/v2\/posts\/12088","targetHints":{"allow":["GET"]}}],"collection":[{"href":"https:\/\/rafaramirez.org\/blog\/index.php\/wp-json\/wp\/v2\/posts"}],"about":[{"href":"https:\/\/rafaramirez.org\/blog\/index.php\/wp-json\/wp\/v2\/types\/post"}],"author":[{"embeddable":true,"href":"https:\/\/rafaramirez.org\/blog\/index.php\/wp-json\/wp\/v2\/users\/1"}],"replies":[{"embeddable":true,"href":"https:\/\/rafaramirez.org\/blog\/index.php\/wp-json\/wp\/v2\/comments?post=12088"}],"version-history":[{"count":6,"href":"https:\/\/rafaramirez.org\/blog\/index.php\/wp-json\/wp\/v2\/posts\/12088\/revisions"}],"predecessor-version":[{"id":12437,"href":"https:\/\/rafaramirez.org\/blog\/index.php\/wp-json\/wp\/v2\/posts\/12088\/revisions\/12437"}],"wp:featuredmedia":[{"embeddable":true,"href":"https:\/\/rafaramirez.org\/blog\/index.php\/wp-json\/wp\/v2\/media\/12409"}],"wp:attachment":[{"href":"https:\/\/rafaramirez.org\/blog\/index.php\/wp-json\/wp\/v2\/media?parent=12088"}],"wp:term":[{"taxonomy":"category","embeddable":true,"href":"https:\/\/rafaramirez.org\/blog\/index.php\/wp-json\/wp\/v2\/categories?post=12088"},{"taxonomy":"post_tag","embeddable":true,"href":"https:\/\/rafaramirez.org\/blog\/index.php\/wp-json\/wp\/v2\/tags?post=12088"}],"curies":[{"name":"wp","href":"https:\/\/api.w.org\/{rel}","templated":true}]}}