{"id":1208,"date":"2009-06-27T09:06:09","date_gmt":"2009-06-27T07:06:09","guid":{"rendered":"http:\/\/rafaelramirez.co.cc\/?p=448"},"modified":"2024-01-18T16:25:56","modified_gmt":"2024-01-18T15:25:56","slug":"federico-garcia-lorca-poeta","status":"publish","type":"post","link":"https:\/\/rafaramirez.org\/blog\/index.php\/2009\/06\/27\/federico-garcia-lorca-poeta\/","title":{"rendered":"Federico Garcia Lorca&#8230; !!POETA!!"},"content":{"rendered":"<p>Que decir del genio universal de \u00a0Fuente Vaqueros, uno de los mas grandes poetas que ha dado mi tierra, Andalucia y un ser humano que vi\u00f3 truncada su creatividad\u00a0\u00a0al comienzo de la guerra civil espa\u00f1ola\u00a0por la irracionalidad, el egoismo y la ignorancia que a veces aflora en muchos de nuestros cong\u00e9neres.<\/p>\n<p>Muchos de los poemas de Federico Garc\u00eda Lorca han sido convertidos a canciones y versionados por numerosos artistas, algunos de los cuales han compuesto su m\u00fasica tambi\u00e9n como es el caso de Joan Manuel Serrat.<\/p>\n<p>Quiero invitarles a pasear por algunos de su m\u00e1s c\u00e9lebres versos, a trav\u00e9s de esta selecci\u00f3n<iframe loading=\"lazy\" title=\"YouTube video player\" src=\"https:\/\/www.youtube.com\/embed\/8ZIxkWDzHlM\" width=\"560\" height=\"315\" frameborder=\"0\" allowfullscreen=\"allowfullscreen\"><\/iframe> de videos. Algunos son poemas recitados y otros son versiones musicales. Tambi\u00e9n pueden encontrar una breve biograf\u00eda del poeta granadino.<\/p>\n<p>Disfruten.<\/p>\n<p><strong>\u00abMuerte de Anto\u00f1ito el camborio\u00bb.<\/strong><br \/>\n<iframe loading=\"lazy\" title=\"YouTube video player\" src=\"https:\/\/www.youtube.com\/embed\/0GI6b5qfQCY\" width=\"560\" height=\"315\" frameborder=\"0\" allowfullscreen=\"allowfullscreen\"><\/iframe><br \/>\n<strong>\u00abHerido de amor\u00bb. Voz Ana Bel\u00e9n, m\u00fasica de Joan Manuel Serrat.<\/strong><br \/>\n<iframe loading=\"lazy\" title=\"YouTube video player\" src=\"https:\/\/www.youtube.com\/embed\/dQm7wlf8xS4\" width=\"560\" height=\"315\" frameborder=\"0\" allowfullscreen=\"allowfullscreen\"><\/iframe><br \/>\n<strong>\u00abLa casada infiel\u00bb.<\/strong><\/p>\n<p><strong>Romace son\u00e1mbulo. Voz Ana Belen y Manzanita.<\/strong><br \/>\n<iframe loading=\"lazy\" title=\"YouTube video player\" src=\"https:\/\/www.youtube.com\/embed\/SdfrwlR6cN4\" width=\"560\" height=\"315\" frameborder=\"0\" allowfullscreen=\"allowfullscreen\"><\/iframe><br \/>\n<strong>El Romancero Gitano &#8211; Romance de la Luna, Luna &#8211; Federico Garc\u00eda Lorca.<\/strong><br \/>\n<iframe loading=\"lazy\" title=\"YouTube video player\" src=\"https:\/\/www.youtube.com\/embed\/nfKaoHBfDIk\" width=\"560\" height=\"315\" frameborder=\"0\" allowfullscreen=\"allowfullscreen\"><\/iframe><br \/>\n<strong>Canci\u00f3n \u00a0de Jinete. Voz Paco Iba\u00f1ez.<\/strong><br \/>\n<iframe loading=\"lazy\" title=\"YouTube video player\" src=\"https:\/\/www.youtube.com\/embed\/2TP83thYrjo\" width=\"560\" height=\"315\" frameborder=\"0\" allowfullscreen=\"allowfullscreen\"><\/iframe><\/p>\n<blockquote><p><strong>FEDERICO GARC\u00cdA LORCA. Breve biograf\u00eda.<\/strong><\/p>\n<p class=\"biog\">(Fuente Vaqueros, Espa\u00f1a, 1898 &#8211; V\u00edznar, id., 1936)<\/p>\n<p class=\"biog\">Poeta y dramaturgo espa\u00f1ol.<\/p>\n<p class=\"biog\">Los primeros a\u00f1os de la infancia de Federico Garc\u00eda Lorca transcurrieron en el ambiente rural de su peque\u00f1o pueblo granadino, para despu\u00e9s ir a estudiar a un colegio de Almer\u00eda.<\/p>\n<p class=\"biog\">Continu\u00f3 sus estudios superiores en la Universidad de Granada: estudi\u00f3 filosof\u00eda y letras y se licenci\u00f3 en derecho. En la universidad hizo amistad con Manuel de Falla, quien ejerci\u00f3 una gran influencia en \u00e9l, transmiti\u00e9ndole su amor por el folclore y lo popular.<\/p>\n<figure id=\"attachment_457\" aria-describedby=\"caption-attachment-457\" style=\"width: 278px\" class=\"wp-caption aligncenter\"><a href=\"https:\/\/rafaramirez.org\/blog\/wp-content\/uploads\/2009\/06\/garcia_lorca_1.jpg\" target=\"_blank\" rel=\"noopener noreferrer\"><img loading=\"lazy\" decoding=\"async\" class=\"size-medium wp-image-457 \" title=\"Federico Garc\u00eda Lorca\" src=\"https:\/\/rafaramirez.org\/blog\/wp-content\/uploads\/2009\/06\/garcia_lorca_1-278x300.jpg\" alt=\"Federico Garc\u00eda Lorca a los 18 a\u00f1os\" width=\"278\" height=\"300\" \/><\/a><figcaption id=\"caption-attachment-457\" class=\"wp-caption-text\">Federico Garc\u00eda Lorca a los 18 a\u00f1os<\/figcaption><\/figure>\n<p class=\"biog\">A partir de 1919, se instal\u00f3 en Madrid, en la Residencia de Estudiantes, donde conoci\u00f3 a Juan Ram\u00f3n Jim\u00e9nez y a Machado, y trab\u00f3 amistad con poetas de su generaci\u00f3n y artistas como Bu\u00f1uel o Dal\u00ed. En este ambiente, Lorca se dedic\u00f3 con pasi\u00f3n no s\u00f3lo a la poes\u00eda, sino tambi\u00e9n a la m\u00fasica y el dibujo, y empez\u00f3 a interesarse por el teatro. Sin embargo, su primera pieza teatral,\u00a0<em>El maleficio de la mariposa<\/em>, fue un fracaso.<\/p>\n<p class=\"biog\">En 1921 public\u00f3 su primera obra en verso,\u00a0<em>Libro de poemas<\/em>, con la cual, a pesar de acusar las influencias rom\u00e1nticas y modernistas, consigui\u00f3 llamar la atenci\u00f3n. Sin embargo, el reconocimiento y el \u00e9xito literario de Federico Garc\u00eda Lorca lleg\u00f3 con la publicaci\u00f3n, en 1927, de\u00a0<em>Canciones<\/em> y, sobre todo, con las aplaudidas y continuadas representaciones en Madrid de\u00a0<em>Mariana Pineda<\/em>, drama patri\u00f3tico.<\/p>\n<p class=\"biog\">Entre 1921 y 1924, al mismo tiempo que trabajaba en <em>Canciones<\/em>, escribi\u00f3 una obra basada en el folclore andaluz, el\u00a0<em>Poema del cante jondo<\/em> (publicado en 1931), un libro ya m\u00e1s unitario y madurado, con el que experimenta por primera vez lo que ser\u00e1 un rasgo caracter\u00edstico de su po\u00e9tica: la identificaci\u00f3n con lo popular y su posterior estilizaci\u00f3n culta, y que llev\u00f3 a su plena madurez con el\u00a0<em>Romancero gitano<\/em> (1928), que obtuvo un \u00e9xito inmediato. En \u00e9l se funden lo popular y lo culto para cantar al pueblo perseguido de los gitanos, personajes marginales marcados por un tr\u00e1gico destino. Formalmente, Lorca consigui\u00f3 un lenguaje personal, inconfundible, que reside en la asimilaci\u00f3n de elementos y formas populares combinados con audaces met\u00e1foras, y con una estilizaci\u00f3n propia de las formas de poes\u00eda pura con que se etiquet\u00f3 a su generaci\u00f3n.<\/p>\n<p class=\"biog\">Tras este \u00e9xito, Lorca viaj\u00f3 a Nueva York, ciudad en la que residi\u00f3 como becario durante el curso 1929-1930. Las impresiones que la ciudad imprimi\u00f3 en su \u00e1nimo se materializaron en\u00a0<em>Poeta en Nueva York<\/em> (publicada p\u00f3stumamente en 1940), un canto angustiante, con ecos de denuncia social, contra la civilizaci\u00f3n urbana y mecanizada de hoy. Las formas tradicionales y populares de sus anteriores obras dejan paso en esta otra a visiones apocal\u00edpticas, hechas de im\u00e1genes il\u00f3gicas y on\u00edricas, que entroncan con la corriente surrealista francesa, aunque siempre dentro de la po\u00e9tica personal de Lorca.<\/p>\n<p class=\"biog\">De nuevo en Espa\u00f1a, en 1932 Federico Garc\u00eda Lorca fue nombrado director de La Barraca, compa\u00f1\u00eda de teatro universitario que se propon\u00eda llevar a los pueblos de Castilla el teatro cl\u00e1sico del Siglo de Oro. Su inter\u00e9s por el teatro, tanto en su vertiente creativa como de difusi\u00f3n, responde a una progresiva evoluci\u00f3n hacia lo colectivo y un af\u00e1n por llegar de la forma m\u00e1s directa posible al pueblo. As\u00ed, los \u00faltimos a\u00f1os de su vida los consagr\u00f3 al teatro, a excepci\u00f3n de dos libros de poes\u00eda:\u00a0<em>Div\u00e1n del Tamarit<\/em>, conjunto de poemas inspirados en la poes\u00eda arabigoandaluza, y el\u00a0<em>Llanto por Ignacio S\u00e1nchez Mej\u00edas<\/em> (1936), hermosa eleg\u00eda dedicada a su amigo torero, donde combina el tono popular con im\u00e1genes de filiaci\u00f3n surrealista.<\/p>\n<figure id=\"attachment_458\" aria-describedby=\"caption-attachment-458\" style=\"width: 300px\" class=\"wp-caption aligncenter\"><a href=\"https:\/\/rafaramirez.org\/blog\/wp-content\/uploads\/2009\/06\/garcia_lorca_3.jpg\" target=\"_blank\" rel=\"noopener noreferrer\"><img loading=\"lazy\" decoding=\"async\" class=\"size-medium wp-image-458 \" title=\"Federico Garc\u00eda Lorca)\" src=\"https:\/\/rafaramirez.org\/blog\/wp-content\/uploads\/2009\/06\/garcia_lorca_3-300x226.jpg\" alt=\"Federico Garc\u00eda Lorca con la actriz Margarita Xirgu y Cipriano Rivas en la presentaci\u00f3n de Yerma (1934)\" width=\"300\" height=\"226\" \/><\/a><figcaption id=\"caption-attachment-458\" class=\"wp-caption-text\">Federico Garc\u00eda Lorca con la actriz Margarita Xirgu y Cipriano Rivas en la presentaci\u00f3n de Yerma (1934)<\/figcaption><\/figure>\n<p>Las \u00faltimas obras de Federico Garc\u00eda Lorca son piezas teatrales.\u00a0<em>Yerma<\/em> (1934) es una verdadera tragedia al modo cl\u00e1sico, incluido el coro de lavanderas, con su corifeo que dialoga con la protagonista comentando la acci\u00f3n. Parecido es el asunto en\u00a0<em>Bodas de Sangre<\/em>(1933), donde un suceso real inspir\u00f3 el drama de una novia que huye tras su boda con un antiguo novio (Leonardo). La huida, llena de premoniciones, en la que la propia muerte aparece como personaje, presagia un final al que se viene aludiendo desde la primera escena y en el que ambos hombres se matar\u00e1n, segando as\u00ed la posibilidad de continuidad de la estirpe por ambas ramas y renovando la muerte del padre del novio a manos de la familia de Leonardo. De esta manera, la pasi\u00f3n y la autob\u00fasqueda concluyen con la destrucci\u00f3n de todo el orden establecido.<\/p>\n<p class=\"biog\">Entre toda ellas destaca\u00a0<em>La Casa de Bernarda Alba<\/em>(1936), donde la pasi\u00f3n por la vida de la joven Adela, encerrada en su casa junto con sus hermanas a causa del luto de su padre y oprimida bajo el yugo de una madre tir\u00e1nica, se rebelar\u00e1 sin temor a las \u00faltimas consecuencias. De esta manera, su pasi\u00f3n por la vida se estrellar\u00e1 contra el muro de incomprensi\u00f3n de su familia concluyendo todo con su eliminaci\u00f3n. Junto con la figura de la protagonista, destaca la serie de retratos femeninos que realiza el autor, desde la propia Bernarda hasta la vieja criada confidente de todas (La Poncia), la hermana amargada y envidiosa (Martirio) o la abuela enloquecida que se opone a la tiran\u00eda de Bernarda.<\/p>\n<p class=\"biog\"><em>La casa de Bernarda Alba<\/em>, considerada su obra maestra, fue tambi\u00e9n la \u00faltima, ya que ese mismo a\u00f1o, al estallar la guerra civil, fue detenido por las fuerzas franquistas y fusilado diez d\u00edas m\u00e1s tarde, bajo acusaciones poco claras que se\u00f1alaban hacia su papel de poeta, librepensador y personaje susceptible de alterar el \u00aborden social\u00bb.<\/p>\n<\/blockquote>\n<p class=\"biog\">Fuente: Web\u00a0<a href=\"http:\/\/www.biografiasyvidas.com\/\" target=\"_blank\" rel=\"noopener noreferrer\">www.biografiasyvidas.com<\/a><\/p>\n","protected":false},"excerpt":{"rendered":"<p>Que decir del genio universal de \u00a0Fuente Vaqueros, uno de los mas grandes poetas que ha dado mi tierra, Andalucia y un ser humano que vi\u00f3 truncada su creatividad\u00a0\u00a0al comienzo de la guerra civil espa\u00f1ola\u00a0por la irracionalidad, el egoismo y la ignorancia que a veces aflora en muchos de nuestros cong\u00e9neres. Muchos de los poemas [&hellip;]<\/p>\n","protected":false},"author":1,"featured_media":2705,"comment_status":"open","ping_status":"closed","sticky":false,"template":"","format":"standard","meta":{"site-container-style":"default","site-container-layout":"default","site-sidebar-layout":"default","disable-article-header":"default","disable-site-header":"default","disable-site-footer":"default","disable-content-area-spacing":"default","_jetpack_newsletter_access":"","_jetpack_dont_email_post_to_subs":false,"_jetpack_newsletter_tier_id":0,"_jetpack_memberships_contains_paywalled_content":false,"_jetpack_feature_clip_id":0,"_jetpack_memberships_contains_paid_content":false,"footnotes":"","jetpack_publicize_message":"","jetpack_publicize_feature_enabled":true,"jetpack_social_post_already_shared":true,"jetpack_social_options":{"image_generator_settings":{"template":"highway","default_image_id":0,"font":"","enabled":false},"version":2},"jetpack_post_was_ever_published":false},"categories":[710],"tags":[677,675,607,678,325,573,679,676,572],"class_list":["post-1208","post","type-post","status-publish","format-standard","has-post-thumbnail","hentry","category-literatura","tag-canciones","tag-federico-garcia-lorca","tag-homenaje","tag-mariana-pineda","tag-noticias-culturales","tag-poesia","tag-poeta-en-nueva-york","tag-romancero-gitano","tag-video-musical"],"yoast_head":"<!-- This site is optimized with the Yoast SEO plugin v28.4 - https:\/\/yoast.com\/product\/yoast-seo-wordpress\/ -->\n<title>Federico Garcia Lorca... !!POETA!! - Blog de Rafael Ram\u00edrez<\/title>\n<meta name=\"robots\" content=\"index, follow, max-snippet:-1, max-image-preview:large, max-video-preview:-1\" \/>\n<link rel=\"canonical\" href=\"https:\/\/rafaramirez.org\/blog\/index.php\/2009\/06\/27\/federico-garcia-lorca-poeta\/\" \/>\n<meta property=\"og:locale\" content=\"es_ES\" \/>\n<meta property=\"og:type\" content=\"article\" \/>\n<meta property=\"og:title\" content=\"Federico Garcia Lorca... !!POETA!! - Blog de Rafael Ram\u00edrez\" \/>\n<meta property=\"og:description\" content=\"Que decir del genio universal de \u00a0Fuente Vaqueros, uno de los mas grandes poetas que ha dado mi tierra, Andalucia y un ser humano que vi\u00f3 truncada su creatividad\u00a0\u00a0al comienzo de la guerra civil espa\u00f1ola\u00a0por la irracionalidad, el egoismo y la ignorancia que a veces aflora en muchos de nuestros cong\u00e9neres. Muchos de los poemas [&hellip;]\" \/>\n<meta property=\"og:url\" content=\"https:\/\/rafaramirez.org\/blog\/index.php\/2009\/06\/27\/federico-garcia-lorca-poeta\/\" \/>\n<meta property=\"og:site_name\" content=\"Blog de Rafael Ram\u00edrez\" \/>\n<meta property=\"article:published_time\" content=\"2009-06-27T07:06:09+00:00\" \/>\n<meta property=\"article:modified_time\" content=\"2024-01-18T15:25:56+00:00\" \/>\n<meta property=\"og:image\" content=\"https:\/\/rafaramirez.org\/blog\/wp-content\/uploads\/2009\/06\/garcia_lorca_3-1.jpg\" \/>\n\t<meta property=\"og:image:width\" content=\"600\" \/>\n\t<meta property=\"og:image:height\" content=\"400\" \/>\n\t<meta property=\"og:image:type\" content=\"image\/jpeg\" \/>\n<meta name=\"author\" content=\"Rafael Ram\u00edrez\" \/>\n<meta name=\"twitter:card\" content=\"summary_large_image\" \/>\n<meta name=\"twitter:creator\" content=\"@rafaramirez_ok\" \/>\n<meta name=\"twitter:site\" content=\"@rafaramirez_ok\" \/>\n<meta name=\"twitter:label1\" content=\"Escrito por\" \/>\n\t<meta name=\"twitter:data1\" content=\"Rafael Ram\u00edrez\" \/>\n\t<meta name=\"twitter:label2\" content=\"Tiempo de lectura\" \/>\n\t<meta name=\"twitter:data2\" content=\"6 minutos\" \/>\n<script type=\"application\/ld+json\" class=\"yoast-schema-graph\">{\"@context\":\"https:\\\/\\\/schema.org\",\"@graph\":[{\"@type\":\"Article\",\"@id\":\"https:\\\/\\\/rafaramirez.org\\\/blog\\\/index.php\\\/2009\\\/06\\\/27\\\/federico-garcia-lorca-poeta\\\/#article\",\"isPartOf\":{\"@id\":\"https:\\\/\\\/rafaramirez.org\\\/blog\\\/index.php\\\/2009\\\/06\\\/27\\\/federico-garcia-lorca-poeta\\\/\"},\"author\":{\"name\":\"Rafael Ram\u00edrez\",\"@id\":\"https:\\\/\\\/rafaramirez.org\\\/blog\\\/#\\\/schema\\\/person\\\/50f43b6d60c578760d4c17bda54ab6a5\"},\"headline\":\"Federico Garcia Lorca&#8230; !!POETA!!\",\"datePublished\":\"2009-06-27T07:06:09+00:00\",\"dateModified\":\"2024-01-18T15:25:56+00:00\",\"mainEntityOfPage\":{\"@id\":\"https:\\\/\\\/rafaramirez.org\\\/blog\\\/index.php\\\/2009\\\/06\\\/27\\\/federico-garcia-lorca-poeta\\\/\"},\"wordCount\":1212,\"commentCount\":0,\"publisher\":{\"@id\":\"https:\\\/\\\/rafaramirez.org\\\/blog\\\/#\\\/schema\\\/person\\\/50f43b6d60c578760d4c17bda54ab6a5\"},\"image\":{\"@id\":\"https:\\\/\\\/rafaramirez.org\\\/blog\\\/index.php\\\/2009\\\/06\\\/27\\\/federico-garcia-lorca-poeta\\\/#primaryimage\"},\"thumbnailUrl\":\"https:\\\/\\\/rafaramirez.org\\\/blog\\\/wp-content\\\/uploads\\\/2009\\\/06\\\/garcia_lorca_3-1.jpg\",\"keywords\":[\"Canciones\",\"Federico Garc\u00eda Lorca\",\"homenaje\",\"Mariana Pineda\",\"noticias culturales\",\"poes\u00eda\",\"Poeta en Nueva York\",\"Romancero gitano\",\"video musical\"],\"articleSection\":[\"Literatura\"],\"inLanguage\":\"es\",\"potentialAction\":[{\"@type\":\"CommentAction\",\"name\":\"Comment\",\"target\":[\"https:\\\/\\\/rafaramirez.org\\\/blog\\\/index.php\\\/2009\\\/06\\\/27\\\/federico-garcia-lorca-poeta\\\/#respond\"]}]},{\"@type\":\"WebPage\",\"@id\":\"https:\\\/\\\/rafaramirez.org\\\/blog\\\/index.php\\\/2009\\\/06\\\/27\\\/federico-garcia-lorca-poeta\\\/\",\"url\":\"https:\\\/\\\/rafaramirez.org\\\/blog\\\/index.php\\\/2009\\\/06\\\/27\\\/federico-garcia-lorca-poeta\\\/\",\"name\":\"Federico Garcia Lorca... !!POETA!! - Blog de Rafael Ram\u00edrez\",\"isPartOf\":{\"@id\":\"https:\\\/\\\/rafaramirez.org\\\/blog\\\/#website\"},\"primaryImageOfPage\":{\"@id\":\"https:\\\/\\\/rafaramirez.org\\\/blog\\\/index.php\\\/2009\\\/06\\\/27\\\/federico-garcia-lorca-poeta\\\/#primaryimage\"},\"image\":{\"@id\":\"https:\\\/\\\/rafaramirez.org\\\/blog\\\/index.php\\\/2009\\\/06\\\/27\\\/federico-garcia-lorca-poeta\\\/#primaryimage\"},\"thumbnailUrl\":\"https:\\\/\\\/rafaramirez.org\\\/blog\\\/wp-content\\\/uploads\\\/2009\\\/06\\\/garcia_lorca_3-1.jpg\",\"datePublished\":\"2009-06-27T07:06:09+00:00\",\"dateModified\":\"2024-01-18T15:25:56+00:00\",\"breadcrumb\":{\"@id\":\"https:\\\/\\\/rafaramirez.org\\\/blog\\\/index.php\\\/2009\\\/06\\\/27\\\/federico-garcia-lorca-poeta\\\/#breadcrumb\"},\"inLanguage\":\"es\",\"potentialAction\":[{\"@type\":\"ReadAction\",\"target\":[\"https:\\\/\\\/rafaramirez.org\\\/blog\\\/index.php\\\/2009\\\/06\\\/27\\\/federico-garcia-lorca-poeta\\\/\"]}]},{\"@type\":\"ImageObject\",\"inLanguage\":\"es\",\"@id\":\"https:\\\/\\\/rafaramirez.org\\\/blog\\\/index.php\\\/2009\\\/06\\\/27\\\/federico-garcia-lorca-poeta\\\/#primaryimage\",\"url\":\"https:\\\/\\\/rafaramirez.org\\\/blog\\\/wp-content\\\/uploads\\\/2009\\\/06\\\/garcia_lorca_3-1.jpg\",\"contentUrl\":\"https:\\\/\\\/rafaramirez.org\\\/blog\\\/wp-content\\\/uploads\\\/2009\\\/06\\\/garcia_lorca_3-1.jpg\",\"width\":600,\"height\":400},{\"@type\":\"BreadcrumbList\",\"@id\":\"https:\\\/\\\/rafaramirez.org\\\/blog\\\/index.php\\\/2009\\\/06\\\/27\\\/federico-garcia-lorca-poeta\\\/#breadcrumb\",\"itemListElement\":[{\"@type\":\"ListItem\",\"position\":1,\"name\":\"Portada\",\"item\":\"https:\\\/\\\/rafaramirez.org\\\/blog\\\/\"},{\"@type\":\"ListItem\",\"position\":2,\"name\":\"Federico Garcia Lorca&#8230; !!POETA!!\"}]},{\"@type\":\"WebSite\",\"@id\":\"https:\\\/\\\/rafaramirez.org\\\/blog\\\/#website\",\"url\":\"https:\\\/\\\/rafaramirez.org\\\/blog\\\/\",\"name\":\"Blog de Rafael Ram\u00edrez\",\"description\":\"Un sitio social, de arte y cultura\",\"publisher\":{\"@id\":\"https:\\\/\\\/rafaramirez.org\\\/blog\\\/#\\\/schema\\\/person\\\/50f43b6d60c578760d4c17bda54ab6a5\"},\"potentialAction\":[{\"@type\":\"SearchAction\",\"target\":{\"@type\":\"EntryPoint\",\"urlTemplate\":\"https:\\\/\\\/rafaramirez.org\\\/blog\\\/?s={search_term_string}\"},\"query-input\":{\"@type\":\"PropertyValueSpecification\",\"valueRequired\":true,\"valueName\":\"search_term_string\"}}],\"inLanguage\":\"es\"},{\"@type\":[\"Person\",\"Organization\"],\"@id\":\"https:\\\/\\\/rafaramirez.org\\\/blog\\\/#\\\/schema\\\/person\\\/50f43b6d60c578760d4c17bda54ab6a5\",\"name\":\"Rafael Ram\u00edrez\",\"image\":{\"@type\":\"ImageObject\",\"inLanguage\":\"es\",\"@id\":\"https:\\\/\\\/rafaramirez.org\\\/blog\\\/wp-content\\\/uploads\\\/2024\\\/09\\\/RR_socialnetwork.jpg\",\"url\":\"https:\\\/\\\/rafaramirez.org\\\/blog\\\/wp-content\\\/uploads\\\/2024\\\/09\\\/RR_socialnetwork.jpg\",\"contentUrl\":\"https:\\\/\\\/rafaramirez.org\\\/blog\\\/wp-content\\\/uploads\\\/2024\\\/09\\\/RR_socialnetwork.jpg\",\"width\":600,\"height\":606,\"caption\":\"Rafael Ram\u00edrez\"},\"logo\":{\"@id\":\"https:\\\/\\\/rafaramirez.org\\\/blog\\\/wp-content\\\/uploads\\\/2024\\\/09\\\/RR_socialnetwork.jpg\"},\"sameAs\":[\"https:\\\/\\\/www.rafaramirez.org\\\/blog\",\"https:\\\/\\\/www.instagram.com\\\/rafaramirez_ok\\\/\",\"https:\\\/\\\/es.pinterest.com\\\/Ramirez_Rafa\\\/\",\"https:\\\/\\\/x.com\\\/rafaramirez_ok\"],\"url\":\"https:\\\/\\\/rafaramirez.org\\\/blog\\\/index.php\\\/author\\\/rafaell_qm6j97da\\\/\"}]}<\/script>\n<!-- \/ Yoast SEO plugin. -->","yoast_head_json":{"title":"Federico Garcia Lorca... !!POETA!! - Blog de Rafael Ram\u00edrez","robots":{"index":"index","follow":"follow","max-snippet":"max-snippet:-1","max-image-preview":"max-image-preview:large","max-video-preview":"max-video-preview:-1"},"canonical":"https:\/\/rafaramirez.org\/blog\/index.php\/2009\/06\/27\/federico-garcia-lorca-poeta\/","og_locale":"es_ES","og_type":"article","og_title":"Federico Garcia Lorca... !!POETA!! - Blog de Rafael Ram\u00edrez","og_description":"Que decir del genio universal de \u00a0Fuente Vaqueros, uno de los mas grandes poetas que ha dado mi tierra, Andalucia y un ser humano que vi\u00f3 truncada su creatividad\u00a0\u00a0al comienzo de la guerra civil espa\u00f1ola\u00a0por la irracionalidad, el egoismo y la ignorancia que a veces aflora en muchos de nuestros cong\u00e9neres. Muchos de los poemas [&hellip;]","og_url":"https:\/\/rafaramirez.org\/blog\/index.php\/2009\/06\/27\/federico-garcia-lorca-poeta\/","og_site_name":"Blog de Rafael Ram\u00edrez","article_published_time":"2009-06-27T07:06:09+00:00","article_modified_time":"2024-01-18T15:25:56+00:00","og_image":[{"width":600,"height":400,"url":"https:\/\/rafaramirez.org\/blog\/wp-content\/uploads\/2009\/06\/garcia_lorca_3-1.jpg","type":"image\/jpeg"}],"author":"Rafael Ram\u00edrez","twitter_card":"summary_large_image","twitter_creator":"@rafaramirez_ok","twitter_site":"@rafaramirez_ok","twitter_misc":{"Escrito por":"Rafael Ram\u00edrez","Tiempo de lectura":"6 minutos"},"schema":{"@context":"https:\/\/schema.org","@graph":[{"@type":"Article","@id":"https:\/\/rafaramirez.org\/blog\/index.php\/2009\/06\/27\/federico-garcia-lorca-poeta\/#article","isPartOf":{"@id":"https:\/\/rafaramirez.org\/blog\/index.php\/2009\/06\/27\/federico-garcia-lorca-poeta\/"},"author":{"name":"Rafael Ram\u00edrez","@id":"https:\/\/rafaramirez.org\/blog\/#\/schema\/person\/50f43b6d60c578760d4c17bda54ab6a5"},"headline":"Federico Garcia Lorca&#8230; !!POETA!!","datePublished":"2009-06-27T07:06:09+00:00","dateModified":"2024-01-18T15:25:56+00:00","mainEntityOfPage":{"@id":"https:\/\/rafaramirez.org\/blog\/index.php\/2009\/06\/27\/federico-garcia-lorca-poeta\/"},"wordCount":1212,"commentCount":0,"publisher":{"@id":"https:\/\/rafaramirez.org\/blog\/#\/schema\/person\/50f43b6d60c578760d4c17bda54ab6a5"},"image":{"@id":"https:\/\/rafaramirez.org\/blog\/index.php\/2009\/06\/27\/federico-garcia-lorca-poeta\/#primaryimage"},"thumbnailUrl":"https:\/\/rafaramirez.org\/blog\/wp-content\/uploads\/2009\/06\/garcia_lorca_3-1.jpg","keywords":["Canciones","Federico Garc\u00eda Lorca","homenaje","Mariana Pineda","noticias culturales","poes\u00eda","Poeta en Nueva York","Romancero gitano","video musical"],"articleSection":["Literatura"],"inLanguage":"es","potentialAction":[{"@type":"CommentAction","name":"Comment","target":["https:\/\/rafaramirez.org\/blog\/index.php\/2009\/06\/27\/federico-garcia-lorca-poeta\/#respond"]}]},{"@type":"WebPage","@id":"https:\/\/rafaramirez.org\/blog\/index.php\/2009\/06\/27\/federico-garcia-lorca-poeta\/","url":"https:\/\/rafaramirez.org\/blog\/index.php\/2009\/06\/27\/federico-garcia-lorca-poeta\/","name":"Federico Garcia Lorca... !!POETA!! - Blog de Rafael Ram\u00edrez","isPartOf":{"@id":"https:\/\/rafaramirez.org\/blog\/#website"},"primaryImageOfPage":{"@id":"https:\/\/rafaramirez.org\/blog\/index.php\/2009\/06\/27\/federico-garcia-lorca-poeta\/#primaryimage"},"image":{"@id":"https:\/\/rafaramirez.org\/blog\/index.php\/2009\/06\/27\/federico-garcia-lorca-poeta\/#primaryimage"},"thumbnailUrl":"https:\/\/rafaramirez.org\/blog\/wp-content\/uploads\/2009\/06\/garcia_lorca_3-1.jpg","datePublished":"2009-06-27T07:06:09+00:00","dateModified":"2024-01-18T15:25:56+00:00","breadcrumb":{"@id":"https:\/\/rafaramirez.org\/blog\/index.php\/2009\/06\/27\/federico-garcia-lorca-poeta\/#breadcrumb"},"inLanguage":"es","potentialAction":[{"@type":"ReadAction","target":["https:\/\/rafaramirez.org\/blog\/index.php\/2009\/06\/27\/federico-garcia-lorca-poeta\/"]}]},{"@type":"ImageObject","inLanguage":"es","@id":"https:\/\/rafaramirez.org\/blog\/index.php\/2009\/06\/27\/federico-garcia-lorca-poeta\/#primaryimage","url":"https:\/\/rafaramirez.org\/blog\/wp-content\/uploads\/2009\/06\/garcia_lorca_3-1.jpg","contentUrl":"https:\/\/rafaramirez.org\/blog\/wp-content\/uploads\/2009\/06\/garcia_lorca_3-1.jpg","width":600,"height":400},{"@type":"BreadcrumbList","@id":"https:\/\/rafaramirez.org\/blog\/index.php\/2009\/06\/27\/federico-garcia-lorca-poeta\/#breadcrumb","itemListElement":[{"@type":"ListItem","position":1,"name":"Portada","item":"https:\/\/rafaramirez.org\/blog\/"},{"@type":"ListItem","position":2,"name":"Federico Garcia Lorca&#8230; !!POETA!!"}]},{"@type":"WebSite","@id":"https:\/\/rafaramirez.org\/blog\/#website","url":"https:\/\/rafaramirez.org\/blog\/","name":"Blog de Rafael Ram\u00edrez","description":"Un sitio social, de arte y cultura","publisher":{"@id":"https:\/\/rafaramirez.org\/blog\/#\/schema\/person\/50f43b6d60c578760d4c17bda54ab6a5"},"potentialAction":[{"@type":"SearchAction","target":{"@type":"EntryPoint","urlTemplate":"https:\/\/rafaramirez.org\/blog\/?s={search_term_string}"},"query-input":{"@type":"PropertyValueSpecification","valueRequired":true,"valueName":"search_term_string"}}],"inLanguage":"es"},{"@type":["Person","Organization"],"@id":"https:\/\/rafaramirez.org\/blog\/#\/schema\/person\/50f43b6d60c578760d4c17bda54ab6a5","name":"Rafael Ram\u00edrez","image":{"@type":"ImageObject","inLanguage":"es","@id":"https:\/\/rafaramirez.org\/blog\/wp-content\/uploads\/2024\/09\/RR_socialnetwork.jpg","url":"https:\/\/rafaramirez.org\/blog\/wp-content\/uploads\/2024\/09\/RR_socialnetwork.jpg","contentUrl":"https:\/\/rafaramirez.org\/blog\/wp-content\/uploads\/2024\/09\/RR_socialnetwork.jpg","width":600,"height":606,"caption":"Rafael Ram\u00edrez"},"logo":{"@id":"https:\/\/rafaramirez.org\/blog\/wp-content\/uploads\/2024\/09\/RR_socialnetwork.jpg"},"sameAs":["https:\/\/www.rafaramirez.org\/blog","https:\/\/www.instagram.com\/rafaramirez_ok\/","https:\/\/es.pinterest.com\/Ramirez_Rafa\/","https:\/\/x.com\/rafaramirez_ok"],"url":"https:\/\/rafaramirez.org\/blog\/index.php\/author\/rafaell_qm6j97da\/"}]}},"jetpack_publicize_connections":[],"jetpack_sharing_enabled":true,"jetpack_likes_enabled":true,"jetpack_featured_media_url":"https:\/\/rafaramirez.org\/blog\/wp-content\/uploads\/2009\/06\/garcia_lorca_3-1.jpg","_links":{"self":[{"href":"https:\/\/rafaramirez.org\/blog\/index.php\/wp-json\/wp\/v2\/posts\/1208","targetHints":{"allow":["GET"]}}],"collection":[{"href":"https:\/\/rafaramirez.org\/blog\/index.php\/wp-json\/wp\/v2\/posts"}],"about":[{"href":"https:\/\/rafaramirez.org\/blog\/index.php\/wp-json\/wp\/v2\/types\/post"}],"author":[{"embeddable":true,"href":"https:\/\/rafaramirez.org\/blog\/index.php\/wp-json\/wp\/v2\/users\/1"}],"replies":[{"embeddable":true,"href":"https:\/\/rafaramirez.org\/blog\/index.php\/wp-json\/wp\/v2\/comments?post=1208"}],"version-history":[{"count":2,"href":"https:\/\/rafaramirez.org\/blog\/index.php\/wp-json\/wp\/v2\/posts\/1208\/revisions"}],"predecessor-version":[{"id":2704,"href":"https:\/\/rafaramirez.org\/blog\/index.php\/wp-json\/wp\/v2\/posts\/1208\/revisions\/2704"}],"wp:featuredmedia":[{"embeddable":true,"href":"https:\/\/rafaramirez.org\/blog\/index.php\/wp-json\/wp\/v2\/media\/2705"}],"wp:attachment":[{"href":"https:\/\/rafaramirez.org\/blog\/index.php\/wp-json\/wp\/v2\/media?parent=1208"}],"wp:term":[{"taxonomy":"category","embeddable":true,"href":"https:\/\/rafaramirez.org\/blog\/index.php\/wp-json\/wp\/v2\/categories?post=1208"},{"taxonomy":"post_tag","embeddable":true,"href":"https:\/\/rafaramirez.org\/blog\/index.php\/wp-json\/wp\/v2\/tags?post=1208"}],"curies":[{"name":"wp","href":"https:\/\/api.w.org\/{rel}","templated":true}]}}