{"id":1207,"date":"2024-04-11T08:15:18","date_gmt":"2024-04-11T06:15:18","guid":{"rendered":"http:\/\/rafaelramirez.co.cc\/?p=440"},"modified":"2024-09-19T13:54:24","modified_gmt":"2024-09-19T11:54:24","slug":"mujer-en-ventana-pintura-al-oleo-2009","status":"publish","type":"post","link":"https:\/\/rafaramirez.org\/blog\/index.php\/2024\/04\/11\/mujer-en-ventana-pintura-al-oleo-2009\/","title":{"rendered":"Mujer en la ventana | Pintura al \u00d3leo 60\u00d780 cm | Cuadro original pintado a mano"},"content":{"rendered":"<p>La pintura \u201cMujer en la ventana\u201d de\u00a0<strong>Rafael Ram\u00edrez<\/strong> nos presenta una escena relajada y llena de matices.\u00a0En el centro de la pintura, encontramos a la protagonista: una <strong>mujer concentrada y absorta<\/strong> en su tarea de escritura. Su cabeza flexionada sugiere una profunda inmersi\u00f3n en sus pensamientos. La mujer, sentada en el alf\u00e9izar de la ventana con una camisola blanca, contrasta con la variedad de tonos ocres de la pared. Detr\u00e1s de ella, a trav\u00e9s de la ventana, se vislumbra un <strong>mar azulado<\/strong>\u00a0y un\u00a0<strong>cielo algo nuboso<\/strong>, creando un fondo sereno y expansivo.<\/p>\n<p>La concentraci\u00f3n de la mujer y su postura sugieren\u00a0<strong>intimidad y reflexi\u00f3n<\/strong>. \u00bfQu\u00e9 est\u00e1 escribiendo? \u00bfQu\u00e9 pensamientos la ocupan? El espectador se siente atra\u00eddo por este enigma. La\u00a0<strong>calidez de los tonos ocres<\/strong> y la luz que ba\u00f1a la escena transmiten una sensaci\u00f3n de <strong>tranquilidad y calma<\/strong>.<\/p>\n<style id=\"bwg-style-0\">      #bwg_container1_0 #bwg_container2_0 #bwg_mosaic_thumbnails_div_0 {        width: 100%;        position: relative;        background-color: rgba(255, 255, 255, 0.00);        text-align: center;        justify-content: center;                  margin-left: auto;          margin-right: auto;                    padding-left: 2px;          padding-top: 2px;                }          #bwg_container1_0 #bwg_container2_0 .bwg_mosaic_thumb_spun_0 {        display: block;        position: absolute;\t\t\t\tborder-radius: 0;\t\t\t\tborder: 0px none #CCCCCC;    \t\t    \t\tbackground-color:rgba(0,0,0, 0.30);        -moz-box-sizing: content-box !important;        -webkit-box-sizing: content-box !important;        box-sizing: content-box !important;      }\t\t\t#bwg_container1_0 #bwg_container2_0 .bwg_mosaic_thumb_0 {\t\t\t\tdisplay: block;\t\t\t\t-moz-box-sizing: content-box !important;\t\t\t\t-webkit-box-sizing: content-box !important;\t\t\t\tbox-sizing: content-box !important;\t\t\t\tmargin: 0;\t\t\t\topacity: 1.00;\t\t\t}      #bwg_container1_0 #bwg_container2_0 .bwg_mosaic_thumb_spun_0:hover {        opacity: 1;        backface-visibility: hidden;        -webkit-backface-visibility: hidden;        -moz-backface-visibility: hidden;        -ms-backface-visibility: hidden;        z-index: 102;      }\t     @media only screen and (min-width: 480px) {\t\t#bwg_container1_0 #bwg_container2_0 .bwg-container-0.bwg-mosaic-thumbnails .bwg-item0 img {\t\t\t-webkit-transition: -webkit-transform .3s; transition: transform .3s;\t\t}\t\t#bwg_container1_0 #bwg_container2_0 .bwg-container-0.bwg-mosaic-thumbnails .bwg-item0 img:hover {\t\t\t-ms-transform: scale(1.08);\t\t\t-webkit-transform: scale(1.08);\t\t\ttransform: scale(1.08);\t\t}\t\t      }\t      #bwg_container1_0 #bwg_container2_0 .bwg_mosaic_thumbnails_0 {        background-color: rgba(255, 255, 255, 0.00);        font-size: 0;        position: relative;        text-align: center;        display: inline-block;        visibility: hidden;              }\t  \/*image title styles*\/      #bwg_container1_0 #bwg_container2_0 .bwg_mosaic_title_spun1_0,      #bwg_container1_0 #bwg_container2_0 .bwg-mosaic-thumbnails .bwg_ecommerce_spun1_0 {        position: absolute;        display: block;        opacity: 0;        box-sizing: border-box;        text-align: center;\t\t\t\ttop: 50%;\t\t\t\tleft: 50%;\t\t\t\ttransform: translate(-50%, -50%);      }      #bwg_container1_0 #bwg_container2_0 .bwg-mosaic-thumbnails .bwg_mosaic_title_spun2_0,      #bwg_container1_0 #bwg_container2_0 .bwg-mosaic-thumbnails .bwg_ecommerce_spun2_0 {\t\t    color: #323A45;        font-family: Ubuntu;        font-size: 16px;        font-weight: bold;        text-shadow: ;        vertical-align: middle;        word-wrap: break-word;      }            .bwg_mosaic_play_icon_spun_0 {        display: table;        position: absolute;        left: -10000px;        top: 0px;        opacity: 0;      }      .bwg_mosaic_play_icon_0 {        color: #323A45;        font-size: 32px;        vertical-align: middle;        display: table-cell !important;        z-index: 1;        text-align: center;        margin: 0 auto;      }      #bwg_container1_0 #bwg_container2_0 .bwg_gal_title_0 {        background-color: rgba(0, 0, 0, 0);        color: #323A45;        display: block;        font-family: Ubuntu;        font-size: 16px;        font-weight: bold;        padding: 2px;        text-shadow: ;        text-align: center;      }            @media screen and (max-width: 350px) {      div[class^=\"bwg_mosaic_thumbnails_\"],      span[class^=\"bwg_mosaic_thumb_spun_\"] {      width: 100% !important;      }      img[class^=\"bwg_mosaic_thumb_\"] {      width: 100% !important;      height: auto !important;      margin: 0px auto !important;      }      }      <\/style>    <div id=\"bwg_container1_0\"         class=\"bwg_container bwg_thumbnail bwg_thumbnails_mosaic \"         data-right-click-protection=\"1\"         data-bwg=\"0\"         data-scroll=\"0\"         data-gallery-type=\"thumbnails_mosaic\"         data-gallery-view-type=\"thumbnails_mosaic\"         data-current-url=\"\/blog\/index.php\/wp-json\/wp\/v2\/posts\/1207\"         data-lightbox-url=\"https:\/\/rafaramirez.org\/blog\/wp-admin\/admin-ajax.php?action=GalleryBox&#038;current_view=0&#038;gallery_id=17&#038;tag=0&#038;theme_id=1&#038;shortcode_id=35&#038;sort_by=order&#038;order_by=asc&#038;current_url=%2Fblog%2Findex.php%2Fwp-json%2Fwp%2Fv2%2Fposts%2F1207\"         data-gallery-id=\"17\"         data-popup-width=\"800\"         data-popup-height=\"500\"         data-is-album=\"gallery\"         data-buttons-position=\"bottom\">      <div id=\"bwg_container2_0\">             <div id=\"ajax_loading_0\" class=\"bwg_loading_div_1\">      <div class=\"bwg_loading_div_2\">        <div class=\"bwg_loading_div_3\">          <div id=\"loading_div_0\" class=\"bwg_spider_ajax_loading\">          <\/div>        <\/div>      <\/div>    <\/div>            <form id=\"gal_front_form_0\"              class=\"bwg-hidden\"              method=\"post\"              action=\"#\"              data-current=\"0\"              data-shortcode-id=\"35\"              data-gallery-type=\"thumbnails_mosaic\"              data-gallery-id=\"17\"              data-tag=\"0\"              data-album-id=\"0\"              data-theme-id=\"1\"              data-ajax-url=\"https:\/\/rafaramirez.org\/blog\/wp-admin\/admin-ajax.php?action=bwg_frontend_data\">          <div id=\"bwg_container3_0\" class=\"bwg-background bwg-background-0\">                <div id=\"bwg_mosaic_thumbnails_div_0\"         class=\"bwg-container-0 bwg-container bwg-mosaic-thumbnails\"         data-bwg=\"0\"         data-mosaic-direction=\"vertical\"         data-resizable=\"0\"         data-width=\"250\"         data-height=\"250\"         data-total-width=\"100\"         data-block-id=\"bwg_thumbnails_mosaic_0\"         data-thumb-padding=\"2\"         data-thumb-border=\"0\"         data-title-margin=\"2px\"         data-image-title=\"none\"         data-play-icon=\"1\"         data-ecommerce-icon=\"none\"         data-gallery-id=\"17\"         data-lightbox-url=\"https:\/\/rafaramirez.org\/blog\/wp-admin\/admin-ajax.php?action=GalleryBox&#038;current_view=0&#038;gallery_id=17&#038;tag=0&#038;theme_id=1&#038;shortcode_id=35&#038;sort_by=order&#038;order_by=asc&#038;current_url=%2Fblog%2Findex.php%2Fwp-json%2Fwp%2Fv2%2Fposts%2F1207\"         data-mosaic-thumb-transition=\"1\"         style=\"visibility: hidden\" >      <div id=\"bwg_thumbnails_mosaic_0\" class=\"bwg_mosaic_thumbnails_0\">                  <a  class=\"bwg-a bwg_lightbox bwg_lightbox_0\" href=\"https:\/\/rafaramirez.org\/blog\/wp-content\/uploads\/photo-gallery\/imported_from_media_libray\/Mujer-en-la-ventana_R.Ramirez_logblog.jpg?bwg=1721641999\" data-image-id=\"155\" data-elementor-open-lightbox=\"no\">          <div class=\"bwg_mosaic_thumb_spun_0 bwg-item0 bwg-mosaic-thumb-span \">            <img decoding=\"async\" class=\"bwg_mosaic_thumb_0 skip-lazy bwg_img_clear bwg_img_custom \"                 id=\"155\"                 src=\"https:\/\/rafaramirez.org\/blog\/wp-content\/uploads\/photo-gallery\/imported_from_media_libray\/thumb\/Mujer-en-la-ventana_R.Ramirez_logblog.jpg?bwg=1721641999\"                 data-src=\"https:\/\/rafaramirez.org\/blog\/wp-content\/uploads\/photo-gallery\/imported_from_media_libray\/thumb\/Mujer-en-la-ventana_R.Ramirez_logblog.jpg?bwg=1721641999\"                 data-width=\"371.00\"                 data-height=\"500.00\"                 alt=\"Mujer en la ventana. \u00d3leo de Rafael Ram\u00edrez. \"                 title=\"Mujer en la ventana. \u00d3leo de Rafael Ram\u00edrez. \" \/>                      <\/div>        <\/a>                <a  class=\"bwg-a bwg_lightbox bwg_lightbox_0\" href=\"https:\/\/rafaramirez.org\/blog\/wp-content\/uploads\/photo-gallery\/imported_from_media_libray\/Mujer-en-la-ventana_R.Ramirez.Quintero_2_logblog.jpg?bwg=1721641999\" data-image-id=\"144\" data-elementor-open-lightbox=\"no\">          <div class=\"bwg_mosaic_thumb_spun_0 bwg-item0 bwg-mosaic-thumb-span \">            <img decoding=\"async\" class=\"bwg_mosaic_thumb_0 skip-lazy bwg_img_clear bwg_img_custom \"                 id=\"144\"                 src=\"https:\/\/rafaramirez.org\/blog\/wp-content\/uploads\/photo-gallery\/imported_from_media_libray\/thumb\/Mujer-en-la-ventana_R.Ramirez.Quintero_2_logblog.jpg?bwg=1721641999\"                 data-src=\"https:\/\/rafaramirez.org\/blog\/wp-content\/uploads\/photo-gallery\/imported_from_media_libray\/thumb\/Mujer-en-la-ventana_R.Ramirez.Quintero_2_logblog.jpg?bwg=1721641999\"                 data-width=\"329.00\"                 data-height=\"500.00\"                 alt=\"Mujer en la ventana. \u00d3leo de Rafael Ram\u00edrez. \"                 title=\"Mujer en la ventana. \u00d3leo de Rafael Ram\u00edrez. \" \/>                      <\/div>        <\/a>                <a  class=\"bwg-a bwg_lightbox bwg_lightbox_0\" href=\"https:\/\/rafaramirez.org\/blog\/wp-content\/uploads\/photo-gallery\/imported_from_media_libray\/Mujer-en-la-ventana_R.Ramirez.Quintero_3RZ_logblog.jpg?bwg=1721641999\" data-image-id=\"145\" data-elementor-open-lightbox=\"no\">          <div class=\"bwg_mosaic_thumb_spun_0 bwg-item0 bwg-mosaic-thumb-span \">            <img decoding=\"async\" class=\"bwg_mosaic_thumb_0 skip-lazy bwg_img_clear bwg_img_custom \"                 id=\"145\"                 src=\"https:\/\/rafaramirez.org\/blog\/wp-content\/uploads\/photo-gallery\/imported_from_media_libray\/thumb\/Mujer-en-la-ventana_R.Ramirez.Quintero_3RZ_logblog.jpg?bwg=1721641999\"                 data-src=\"https:\/\/rafaramirez.org\/blog\/wp-content\/uploads\/photo-gallery\/imported_from_media_libray\/thumb\/Mujer-en-la-ventana_R.Ramirez.Quintero_3RZ_logblog.jpg?bwg=1721641999\"                 data-width=\"500.00\"                 data-height=\"375.00\"                 alt=\"Mujer en la ventana. \u00d3leo de Rafael Ram\u00edrez. \"                 title=\"Mujer en la ventana. \u00d3leo de Rafael Ram\u00edrez. \" \/>                      <\/div>        <\/a>                <a  class=\"bwg-a bwg_lightbox bwg_lightbox_0\" href=\"https:\/\/rafaramirez.org\/blog\/wp-content\/uploads\/photo-gallery\/imported_from_media_libray\/Mujer-en-la-ventana_R.Ramirez.Quintero_4RZ_logblog.jpg?bwg=1721641999\" data-image-id=\"146\" data-elementor-open-lightbox=\"no\">          <div class=\"bwg_mosaic_thumb_spun_0 bwg-item0 bwg-mosaic-thumb-span \">            <img decoding=\"async\" class=\"bwg_mosaic_thumb_0 skip-lazy bwg_img_clear bwg_img_custom \"                 id=\"146\"                 src=\"https:\/\/rafaramirez.org\/blog\/wp-content\/uploads\/photo-gallery\/imported_from_media_libray\/thumb\/Mujer-en-la-ventana_R.Ramirez.Quintero_4RZ_logblog.jpg?bwg=1721641999\"                 data-src=\"https:\/\/rafaramirez.org\/blog\/wp-content\/uploads\/photo-gallery\/imported_from_media_libray\/thumb\/Mujer-en-la-ventana_R.Ramirez.Quintero_4RZ_logblog.jpg?bwg=1721641999\"                 data-width=\"500.00\"                 data-height=\"300.00\"                 alt=\"Mujer en la ventana. \u00d3leo de Rafael Ram\u00edrez. \"                 title=\"Mujer en la ventana. \u00d3leo de Rafael Ram\u00edrez. \" \/>                      <\/div>        <\/a>                <a  class=\"bwg-a bwg_lightbox bwg_lightbox_0\" href=\"https:\/\/rafaramirez.org\/blog\/wp-content\/uploads\/photo-gallery\/imported_from_media_libray\/Mujer-en-la-ventana_R.Ramirez.Quintero_5RZ_logblog.jpg?bwg=1721641999\" data-image-id=\"147\" data-elementor-open-lightbox=\"no\">          <div class=\"bwg_mosaic_thumb_spun_0 bwg-item0 bwg-mosaic-thumb-span \">            <img decoding=\"async\" class=\"bwg_mosaic_thumb_0 skip-lazy bwg_img_clear bwg_img_custom \"                 id=\"147\"                 src=\"https:\/\/rafaramirez.org\/blog\/wp-content\/uploads\/photo-gallery\/imported_from_media_libray\/thumb\/Mujer-en-la-ventana_R.Ramirez.Quintero_5RZ_logblog.jpg?bwg=1721641999\"                 data-src=\"https:\/\/rafaramirez.org\/blog\/wp-content\/uploads\/photo-gallery\/imported_from_media_libray\/thumb\/Mujer-en-la-ventana_R.Ramirez.Quintero_5RZ_logblog.jpg?bwg=1721641999\"                 data-width=\"500.00\"                 data-height=\"375.00\"                 alt=\"Mujer en la ventana. \u00d3leo de Rafael Ram\u00edrez. \"                 title=\"Mujer en la ventana. \u00d3leo de Rafael Ram\u00edrez. \" \/>                      <\/div>        <\/a>                <a  class=\"bwg-a bwg_lightbox bwg_lightbox_0\" href=\"https:\/\/rafaramirez.org\/blog\/wp-content\/uploads\/photo-gallery\/imported_from_media_libray\/Mujer-en-la-ventana_R.Ramirez.Quintero_6RZ_logblog.jpg?bwg=1721641999\" data-image-id=\"148\" data-elementor-open-lightbox=\"no\">          <div class=\"bwg_mosaic_thumb_spun_0 bwg-item0 bwg-mosaic-thumb-span \">            <img decoding=\"async\" class=\"bwg_mosaic_thumb_0 skip-lazy bwg_img_clear bwg_img_custom \"                 id=\"148\"                 src=\"https:\/\/rafaramirez.org\/blog\/wp-content\/uploads\/photo-gallery\/imported_from_media_libray\/thumb\/Mujer-en-la-ventana_R.Ramirez.Quintero_6RZ_logblog.jpg?bwg=1721641999\"                 data-src=\"https:\/\/rafaramirez.org\/blog\/wp-content\/uploads\/photo-gallery\/imported_from_media_libray\/thumb\/Mujer-en-la-ventana_R.Ramirez.Quintero_6RZ_logblog.jpg?bwg=1721641999\"                 data-width=\"500.00\"                 data-height=\"333.00\"                 alt=\"Mujer en la ventana. \u00d3leo de Rafael Ram\u00edrez. \"                 title=\"Mujer en la ventana. \u00d3leo de Rafael Ram\u00edrez. \" \/>                      <\/div>        <\/a>                <a  class=\"bwg-a bwg_lightbox bwg_lightbox_0\" href=\"https:\/\/rafaramirez.org\/blog\/wp-content\/uploads\/photo-gallery\/imported_from_media_libray\/Mujer-en-la-ventana_R.Ramirez.Quintero_7RZ_logblog.jpg?bwg=1721641999\" data-image-id=\"149\" data-elementor-open-lightbox=\"no\">          <div class=\"bwg_mosaic_thumb_spun_0 bwg-item0 bwg-mosaic-thumb-span \">            <img decoding=\"async\" class=\"bwg_mosaic_thumb_0 skip-lazy bwg_img_clear bwg_img_custom \"                 id=\"149\"                 src=\"https:\/\/rafaramirez.org\/blog\/wp-content\/uploads\/photo-gallery\/imported_from_media_libray\/thumb\/Mujer-en-la-ventana_R.Ramirez.Quintero_7RZ_logblog.jpg?bwg=1721641999\"                 data-src=\"https:\/\/rafaramirez.org\/blog\/wp-content\/uploads\/photo-gallery\/imported_from_media_libray\/thumb\/Mujer-en-la-ventana_R.Ramirez.Quintero_7RZ_logblog.jpg?bwg=1721641999\"                 data-width=\"373.00\"                 data-height=\"500.00\"                 alt=\"Mujer en la ventana. \u00d3leo de Rafael Ram\u00edrez. \"                 title=\"Mujer en la ventana. \u00d3leo de Rafael Ram\u00edrez. \" \/>                      <\/div>        <\/a>                <a  class=\"bwg-a bwg_lightbox bwg_lightbox_0\" href=\"https:\/\/rafaramirez.org\/blog\/wp-content\/uploads\/photo-gallery\/imported_from_media_libray\/Mujer-en-la-ventana_R.Ramirez.Quintero_9RZ_logblog.jpg?bwg=1721641999\" data-image-id=\"150\" data-elementor-open-lightbox=\"no\">          <div class=\"bwg_mosaic_thumb_spun_0 bwg-item0 bwg-mosaic-thumb-span \">            <img decoding=\"async\" class=\"bwg_mosaic_thumb_0 skip-lazy bwg_img_clear bwg_img_custom \"                 id=\"150\"                 src=\"https:\/\/rafaramirez.org\/blog\/wp-content\/uploads\/photo-gallery\/imported_from_media_libray\/thumb\/Mujer-en-la-ventana_R.Ramirez.Quintero_9RZ_logblog.jpg?bwg=1721641999\"                 data-src=\"https:\/\/rafaramirez.org\/blog\/wp-content\/uploads\/photo-gallery\/imported_from_media_libray\/thumb\/Mujer-en-la-ventana_R.Ramirez.Quintero_9RZ_logblog.jpg?bwg=1721641999\"                 data-width=\"409.00\"                 data-height=\"500.00\"                 alt=\"Mujer en la ventana. \u00d3leo de Rafael Ram\u00edrez. \"                 title=\"Mujer en la ventana. \u00d3leo de Rafael Ram\u00edrez. \" \/>                      <\/div>        <\/a>                <a  class=\"bwg-a bwg_lightbox bwg_lightbox_0\" href=\"https:\/\/rafaramirez.org\/blog\/wp-content\/uploads\/photo-gallery\/imported_from_media_libray\/Mujer-en-la-ventana_R.Ramirez.Quintero_10RZ_logblog.jpg?bwg=1721641999\" data-image-id=\"151\" data-elementor-open-lightbox=\"no\">          <div class=\"bwg_mosaic_thumb_spun_0 bwg-item0 bwg-mosaic-thumb-span \">            <img decoding=\"async\" class=\"bwg_mosaic_thumb_0 skip-lazy bwg_img_clear bwg_img_custom \"                 id=\"151\"                 src=\"https:\/\/rafaramirez.org\/blog\/wp-content\/uploads\/photo-gallery\/imported_from_media_libray\/thumb\/Mujer-en-la-ventana_R.Ramirez.Quintero_10RZ_logblog.jpg?bwg=1721641999\"                 data-src=\"https:\/\/rafaramirez.org\/blog\/wp-content\/uploads\/photo-gallery\/imported_from_media_libray\/thumb\/Mujer-en-la-ventana_R.Ramirez.Quintero_10RZ_logblog.jpg?bwg=1721641999\"                 data-width=\"500.00\"                 data-height=\"334.00\"                 alt=\"Mujer en la ventana. \u00d3leo de Rafael Ram\u00edrez. \"                 title=\"Mujer en la ventana. \u00d3leo de Rafael Ram\u00edrez. \" \/>                      <\/div>        <\/a>                <a  class=\"bwg-a bwg_lightbox bwg_lightbox_0\" href=\"https:\/\/rafaramirez.org\/blog\/wp-content\/uploads\/photo-gallery\/imported_from_media_libray\/Mujer-en-la-ventana_R.Ramirez.Quintero_11RZ_logblog.jpg?bwg=1721641999\" data-image-id=\"152\" data-elementor-open-lightbox=\"no\">          <div class=\"bwg_mosaic_thumb_spun_0 bwg-item0 bwg-mosaic-thumb-span \">            <img decoding=\"async\" class=\"bwg_mosaic_thumb_0 skip-lazy bwg_img_clear bwg_img_custom \"                 id=\"152\"                 src=\"https:\/\/rafaramirez.org\/blog\/wp-content\/uploads\/photo-gallery\/imported_from_media_libray\/thumb\/Mujer-en-la-ventana_R.Ramirez.Quintero_11RZ_logblog.jpg?bwg=1721641999\"                 data-src=\"https:\/\/rafaramirez.org\/blog\/wp-content\/uploads\/photo-gallery\/imported_from_media_libray\/thumb\/Mujer-en-la-ventana_R.Ramirez.Quintero_11RZ_logblog.jpg?bwg=1721641999\"                 data-width=\"500.00\"                 data-height=\"375.00\"                 alt=\"Mujer en la ventana. \u00d3leo de Rafael Ram\u00edrez. \"                 title=\"Mujer en la ventana. \u00d3leo de Rafael Ram\u00edrez. \" \/>                      <\/div>        <\/a>                <a  class=\"bwg-a bwg_lightbox bwg_lightbox_0\" href=\"https:\/\/rafaramirez.org\/blog\/wp-content\/uploads\/photo-gallery\/imported_from_media_libray\/Mujer-en-la-ventana_R.Ramirez.Quintero_13RZ_logblog.jpg?bwg=1721641999\" data-image-id=\"153\" data-elementor-open-lightbox=\"no\">          <div class=\"bwg_mosaic_thumb_spun_0 bwg-item0 bwg-mosaic-thumb-span \">            <img decoding=\"async\" class=\"bwg_mosaic_thumb_0 skip-lazy bwg_img_clear bwg_img_custom \"                 id=\"153\"                 src=\"https:\/\/rafaramirez.org\/blog\/wp-content\/uploads\/photo-gallery\/imported_from_media_libray\/thumb\/Mujer-en-la-ventana_R.Ramirez.Quintero_13RZ_logblog.jpg?bwg=1721641999\"                 data-src=\"https:\/\/rafaramirez.org\/blog\/wp-content\/uploads\/photo-gallery\/imported_from_media_libray\/thumb\/Mujer-en-la-ventana_R.Ramirez.Quintero_13RZ_logblog.jpg?bwg=1721641999\"                 data-width=\"500.00\"                 data-height=\"333.00\"                 alt=\"Mujer en la ventana. \u00d3leo de Rafael Ram\u00edrez. \"                 title=\"Mujer en la ventana. \u00d3leo de Rafael Ram\u00edrez. \" \/>                      <\/div>        <\/a>                <a  class=\"bwg-a bwg_lightbox bwg_lightbox_0\" href=\"https:\/\/rafaramirez.org\/blog\/wp-content\/uploads\/photo-gallery\/imported_from_media_libray\/Mujer-en-la-ventana_R.Ramirez__12RZ_logblog.jpg?bwg=1721641999\" data-image-id=\"154\" data-elementor-open-lightbox=\"no\">          <div class=\"bwg_mosaic_thumb_spun_0 bwg-item0 bwg-mosaic-thumb-span \">            <img decoding=\"async\" class=\"bwg_mosaic_thumb_0 skip-lazy bwg_img_clear bwg_img_custom \"                 id=\"154\"                 src=\"https:\/\/rafaramirez.org\/blog\/wp-content\/uploads\/photo-gallery\/imported_from_media_libray\/thumb\/Mujer-en-la-ventana_R.Ramirez__12RZ_logblog.jpg?bwg=1721641999\"                 data-src=\"https:\/\/rafaramirez.org\/blog\/wp-content\/uploads\/photo-gallery\/imported_from_media_libray\/thumb\/Mujer-en-la-ventana_R.Ramirez__12RZ_logblog.jpg?bwg=1721641999\"                 data-width=\"500.00\"                 data-height=\"334.00\"                 alt=\"Mujer en la ventana. \u00d3leo de Rafael Ram\u00edrez. \"                 title=\"Mujer en la ventana. \u00d3leo de Rafael Ram\u00edrez. \" \/>                      <\/div>        <\/a>            <\/div>    <\/div>    <style>      \/*pagination styles*\/      #bwg_container1_0 #bwg_container2_0 .tablenav-pages_0 {\t\t\t\ttext-align: center;\t\t\t\tfont-size: 12px;\t\t\t\tfont-family: Ubuntu;\t\t\t\tfont-weight: bold;\t\t\t\tcolor: #666666;\t\t\t\tmargin: 6px 0 4px;\t\t\t\tdisplay: block;      }      @media only screen and (max-width : 320px) {      #bwg_container1_0 #bwg_container2_0 .displaying-num_0 {     \t display: none;      }      }      #bwg_container1_0 #bwg_container2_0 .displaying-num_0 {\t\t\t\tfont-size: 12px;\t\t\t\tfont-family: Ubuntu;\t\t\t\tfont-weight: bold;\t\t\t\tcolor: #666666;\t\t\t\tmargin-right: 10px;\t\t\t\tvertical-align: middle;      }      #bwg_container1_0 #bwg_container2_0 .paging-input_0 {\t\t\t\tfont-size: 12px;\t\t\t\tfont-family: Ubuntu;\t\t\t\tfont-weight: bold;\t\t\t\tcolor: #666666;\t\t\t\tvertical-align: middle;      }      #bwg_container1_0 #bwg_container2_0 .tablenav-pages_0 a.disabled,      #bwg_container1_0 #bwg_container2_0 .tablenav-pages_0 a.disabled:hover,      #bwg_container1_0 #bwg_container2_0 .tablenav-pages_0 a.disabled:focus,\t\t\t#bwg_container1_0 #bwg_container2_0 .tablenav-pages_0 input.bwg_current_page {\t\t\t\tcursor: default;\t\t\t\tcolor: rgba(102, 102, 102, 0.5);      }      #bwg_container1_0 #bwg_container2_0 .tablenav-pages_0 a,      #bwg_container1_0 #bwg_container2_0 .tablenav-pages_0 input.bwg_current_page {\t\t\t\tcursor: pointer;\t\t\t\ttext-align: center;\t\t\t\tfont-size: 12px;\t\t\t\tfont-family: Ubuntu;\t\t\t\tfont-weight: bold;\t\t\t\tcolor: #666666;\t\t\t\ttext-decoration: none;\t\t\t\tpadding: 3px 6px;\t\t\t\tmargin: 0;\t\t\t\tborder-radius: 0;\t\t\t\tborder-style: solid;\t\t\t\tborder-width: 1px;\t\t\t\tborder-color: #E3E3E3;\t\t\t\t\t\t\t\tbackground-color: rgba(255, 255, 255, 1.00);\t\t\t\tbox-shadow: 0;\t\t\t\ttransition: all 0.3s ease 0s;-webkit-transition: all 0.3s ease 0s;      }      <\/style>      <span class=\"bwg_nav_cont_0\">              <div class=\"tablenav-pages_0\">                  <\/div>                <input type=\"hidden\" id=\"page_number_0\" name=\"page_number_0\" value=\"1\" \/>      <script type=\"text\/javascript\">        if( jQuery('.bwg_nav_cont_0').length > 1 ) {          jQuery('.bwg_nav_cont_0').first().remove()        }        function spider_page_0(cur, x, y, load_more) {          if (typeof load_more == \"undefined\") {            var load_more = false;          }          if (jQuery(cur).hasClass('disabled')) {            return false;          }          var items_county_0 = 1;          switch (y) {            case 1:              if (x >= items_county_0) {                document.getElementById('page_number_0').value = items_county_0;              }              else {                document.getElementById('page_number_0').value = x + 1;              }              break;            case 2:              document.getElementById('page_number_0').value = items_county_0;              break;            case -1:              if (x == 1) {                document.getElementById('page_number_0').value = 1;              }              else {                document.getElementById('page_number_0').value = x - 1;              }              break;            case -2:              document.getElementById('page_number_0').value = 1;              break;\t\t\t\t\t\tcase 0:              document.getElementById('page_number_0').value = x;              break;            default:              document.getElementById('page_number_0').value = 1;          }          bwg_ajax('gal_front_form_0', '0', 'bwg_thumbnails_mosaic_0', '0', '', 'gallery', 0, '', '', load_more, '', 1);        }                    jQuery('.first-page-0').on('click', function () {              spider_page_0(this, 1, -2, 'numeric');              return false;            });            jQuery('.prev-page-0').on('click', function () {              spider_page_0(this, 1, -1, 'numeric');              return false;            });            jQuery('.next-page-0').on('click', function () {              spider_page_0(this, 1, 1, 'numeric');              return false;            });            jQuery('.last-page-0').on('click', function () {              spider_page_0(this, 1, 2, 'numeric');              return false;            });        \t\t\t\t\/* Change page on input enter. *\/        function bwg_change_page_0( e, that ) {          if (  e.key == 'Enter' ) {            var to_page = parseInt(jQuery(that).val());            var pages_count = jQuery(that).parents(\".pagination-links\").data(\"pages-count\");            var current_url_param = jQuery(that).attr('data-url-info');            if (to_page > pages_count) {              to_page = 1;            }\t \t\t\t\t\t\t\t\t\t\t\t\tspider_page_0(this, to_page, 0, 'numeric');\t\t\t\t\t\t\treturn false;\t\t\t\t\t\t          }          return true;        }        jQuery('.bwg_load_btn_0').on('click', function () {            spider_page_0(this, 1, 1, true);            return false;        });      <\/script>      <\/span>                <\/div>        <\/form>        <style>          #bwg_container1_0 #bwg_container2_0 #spider_popup_overlay_0 {          background-color: #EEEEEE;          opacity: 0.60;          }          <\/style>        <div id=\"bwg_spider_popup_loading_0\" class=\"bwg_spider_popup_loading\"><\/div>        <div id=\"spider_popup_overlay_0\" class=\"spider_popup_overlay\" onclick=\"spider_destroypopup(1000)\"><\/div>        <input type=\"hidden\" id=\"bwg_random_seed_0\" value=\"185447832\">                <\/div>    <\/div>    <script>      if (document.readyState === 'complete') {        if( typeof bwg_main_ready == 'function' ) {          if ( jQuery(\"#bwg_container1_0\").height() ) {            bwg_main_ready(jQuery(\"#bwg_container1_0\"));          }        }      } else {        document.addEventListener('DOMContentLoaded', function() {          if( typeof bwg_main_ready == 'function' ) {            if ( jQuery(\"#bwg_container1_0\").height() ) {             bwg_main_ready(jQuery(\"#bwg_container1_0\"));            }          }        });      }    <\/script>    \n<p>Rafael Ram\u00edrez, como artista, podr\u00eda haber querido explorar la\u00a0<strong>interioridad femenina<\/strong>, la soledad y la b\u00fasqueda de significado. La elecci\u00f3n de los colores c\u00e1lidos y la luz suave podr\u00eda reflejar su deseo de\u00a0<strong>capturar momentos \u00edntimos y humanos<\/strong>\u00a0en medio de la cotidianidad.<\/p>\n<p>En resumen, \u201cMujer en la ventana\u201d nos invita a reflexionar sobre la vida interior, la conexi\u00f3n entre lo personal y lo universal, y la belleza de los momentos silenciosos. Es una obra que nos hace preguntarnos qu\u00e9 historias y emociones se esconden tras y ante esa ventana abierta .<\/p>\n<p><strong>Espero que te guste esta pintura, \u00bfcompartes esta <\/strong><strong>interpretaci\u00f3n? Puedes dejar tus comentarios debajo del post. \u00a1Hasta pronto!<\/strong><\/p>\n<blockquote><p>MUJER EN LA VENTANA<\/p>\n<p>Pintura al \u00d3leo sobre lienzo.<\/p>\n<p>Pintura original realizada por Rafael Ram\u00edrez.<\/p>\n<p>T\u00e9cnica: \u00d3leo sobre lienzo \/ tela.<\/p>\n<p>Tama\u00f1o:<span style=\"color: var(--tw-prose-quotes);\"> 60 x80 cm. \u2013 23.62 x 31.49 in<\/span><\/p><\/blockquote>\n<p>&nbsp;<\/p>\n","protected":false},"excerpt":{"rendered":"<p>La pintura \u201cMujer en la ventana\u201d de\u00a0Rafael Ram\u00edrez nos presenta una escena relajada y llena de matices.\u00a0En el centro de la pintura, encontramos a la protagonista: una mujer concentrada y absorta en su tarea de escritura. Su cabeza flexionada sugiere una profunda inmersi\u00f3n en sus pensamientos. La mujer, sentada en el alf\u00e9izar de la ventana [&hellip;]<\/p>\n","protected":false},"author":3,"featured_media":2288,"comment_status":"open","ping_status":"closed","sticky":false,"template":"","format":"standard","meta":{"site-container-style":"default","site-container-layout":"default","site-sidebar-layout":"default","disable-article-header":"default","disable-site-header":"default","disable-site-footer":"default","disable-content-area-spacing":"default","_jetpack_newsletter_access":"","_jetpack_dont_email_post_to_subs":true,"_jetpack_newsletter_tier_id":0,"_jetpack_memberships_contains_paywalled_content":false,"_jetpack_feature_clip_id":0,"_jetpack_memberships_contains_paid_content":false,"footnotes":"","jetpack_publicize_message":"","jetpack_publicize_feature_enabled":true,"jetpack_social_post_already_shared":true,"jetpack_social_options":{"image_generator_settings":{"template":"highway","default_image_id":0,"font":"","enabled":false},"version":2},"jetpack_post_was_ever_published":false},"categories":[6,8],"tags":[743,68,1628,686,1546,687,980,124,139,1075,1624,1623,1625,537,1622,304,373,375,407,1629,1627,1626],"class_list":["post-1207","post","type-post","status-publish","format-standard","has-post-thumbnail","hentry","category-mi-pintura","category-pintura-al-oleo","tag-arte-y-pintura","tag-blog-de-rafael-ramirez","tag-calidez-de-los-tonos-ocres","tag-cuadro","tag-cuadro-de-lluvia","tag-cuadro-pintado-a-mano","tag-cuadros-al-oleo","tag-cuadros-originales","tag-destacado","tag-dualidad","tag-interioridad-femenina","tag-mar-azulado","tag-momentos-intimos-y-humanos","tag-mujer","tag-mujer-concentrada-y-absorta","tag-mujer-en-la-ventana-pintura-al-oleo-de-rafael-ramirez","tag-pintura-al-oleo","tag-pintura-de-rafael-ramirez","tag-rafael-ramirez-pintura-artistica","tag-tranquilidad-y-calma","tag-umbral-entre-dos-mundos","tag-vida-interior-de-la-mujer"],"yoast_head":"<!-- This site is optimized with the Yoast SEO plugin v28.4 - https:\/\/yoast.com\/product\/yoast-seo-wordpress\/ -->\n<title>Mujer en la ventana | Pintura al \u00d3leo 60\u00d780 cm | Cuadro original pintado a mano - Blog de Rafael Ram\u00edrez<\/title>\n<meta name=\"robots\" content=\"index, follow, max-snippet:-1, max-image-preview:large, max-video-preview:-1\" \/>\n<link rel=\"canonical\" href=\"https:\/\/rafaramirez.org\/blog\/index.php\/2024\/04\/11\/mujer-en-ventana-pintura-al-oleo-2009\/\" \/>\n<meta property=\"og:locale\" content=\"es_ES\" \/>\n<meta property=\"og:type\" content=\"article\" \/>\n<meta property=\"og:title\" content=\"Mujer en la ventana | Pintura al \u00d3leo 60\u00d780 cm | Cuadro original pintado a mano - Blog de Rafael Ram\u00edrez\" \/>\n<meta property=\"og:description\" content=\"La pintura \u201cMujer en la ventana\u201d de\u00a0Rafael Ram\u00edrez nos presenta una escena relajada y llena de matices.\u00a0En el centro de la pintura, encontramos a la protagonista: una mujer concentrada y absorta en su tarea de escritura. Su cabeza flexionada sugiere una profunda inmersi\u00f3n en sus pensamientos. La mujer, sentada en el alf\u00e9izar de la ventana [&hellip;]\" \/>\n<meta property=\"og:url\" content=\"https:\/\/rafaramirez.org\/blog\/index.php\/2024\/04\/11\/mujer-en-ventana-pintura-al-oleo-2009\/\" \/>\n<meta property=\"og:site_name\" content=\"Blog de Rafael Ram\u00edrez\" \/>\n<meta property=\"article:published_time\" content=\"2024-04-11T06:15:18+00:00\" \/>\n<meta property=\"article:modified_time\" content=\"2024-09-19T11:54:24+00:00\" \/>\n<meta property=\"og:image\" content=\"https:\/\/rafaramirez.org\/blog\/wp-content\/uploads\/2009\/06\/Mujer-en-la-ventana_reduc.jpg\" \/>\n\t<meta property=\"og:image:width\" content=\"592\" \/>\n\t<meta property=\"og:image:height\" content=\"279\" \/>\n\t<meta property=\"og:image:type\" content=\"image\/jpeg\" \/>\n<meta name=\"author\" content=\"Documentaci\u00f3n e investigaci\u00f3n\" \/>\n<meta name=\"twitter:card\" content=\"summary_large_image\" \/>\n<meta name=\"twitter:site\" content=\"@rafaramirez_ok\" \/>\n<meta name=\"twitter:label1\" content=\"Escrito por\" \/>\n\t<meta name=\"twitter:data1\" content=\"Documentaci\u00f3n e investigaci\u00f3n\" \/>\n\t<meta name=\"twitter:label2\" content=\"Tiempo de lectura\" \/>\n\t<meta name=\"twitter:data2\" content=\"2 minutos\" \/>\n<script type=\"application\/ld+json\" class=\"yoast-schema-graph\">{\"@context\":\"https:\\\/\\\/schema.org\",\"@graph\":[{\"@type\":\"Article\",\"@id\":\"https:\\\/\\\/rafaramirez.org\\\/blog\\\/index.php\\\/2024\\\/04\\\/11\\\/mujer-en-ventana-pintura-al-oleo-2009\\\/#article\",\"isPartOf\":{\"@id\":\"https:\\\/\\\/rafaramirez.org\\\/blog\\\/index.php\\\/2024\\\/04\\\/11\\\/mujer-en-ventana-pintura-al-oleo-2009\\\/\"},\"author\":{\"name\":\"Documentaci\u00f3n e investigaci\u00f3n\",\"@id\":\"https:\\\/\\\/rafaramirez.org\\\/blog\\\/#\\\/schema\\\/person\\\/8debd05b3d9a1d16fb21af726811617d\"},\"headline\":\"Mujer en la ventana | Pintura al \u00d3leo 60\u00d780 cm | Cuadro original pintado a mano\",\"datePublished\":\"2024-04-11T06:15:18+00:00\",\"dateModified\":\"2024-09-19T11:54:24+00:00\",\"mainEntityOfPage\":{\"@id\":\"https:\\\/\\\/rafaramirez.org\\\/blog\\\/index.php\\\/2024\\\/04\\\/11\\\/mujer-en-ventana-pintura-al-oleo-2009\\\/\"},\"wordCount\":321,\"commentCount\":6,\"publisher\":{\"@id\":\"https:\\\/\\\/rafaramirez.org\\\/blog\\\/#\\\/schema\\\/person\\\/50f43b6d60c578760d4c17bda54ab6a5\"},\"image\":{\"@id\":\"https:\\\/\\\/rafaramirez.org\\\/blog\\\/index.php\\\/2024\\\/04\\\/11\\\/mujer-en-ventana-pintura-al-oleo-2009\\\/#primaryimage\"},\"thumbnailUrl\":\"https:\\\/\\\/rafaramirez.org\\\/blog\\\/wp-content\\\/uploads\\\/2009\\\/06\\\/Mujer-en-la-ventana_reduc.jpg\",\"keywords\":[\"arte y pintura\",\"blog de Rafael Ram\u00edrez\",\"calidez de los tonos ocres\",\"cuadro\",\"cuadro de lluvia\",\"cuadro pintado a mano\",\"cuadros al \u00f3leo\",\"cuadros originales\",\"destacado\",\"dualidad\",\"interioridad femenina\",\"mar azulado\",\"momentos \u00edntimos y humanos\",\"mujer\",\"mujer concentrada y absorta\",\"mujer en la ventana pintura al \u00f3leo de Rafael Ram\u00edrez\",\"pintura al \u00f3leo\",\"pintura de rafael ram\u00edrez\",\"rafael ram\u00edrez pintura art\u00edstica\",\"tranquilidad y calma\",\"umbral entre dos mundos\",\"vida interior de la mujer\"],\"articleSection\":[\"Mi pintura\",\"Pintura al \u00f3leo\"],\"inLanguage\":\"es\",\"potentialAction\":[{\"@type\":\"CommentAction\",\"name\":\"Comment\",\"target\":[\"https:\\\/\\\/rafaramirez.org\\\/blog\\\/index.php\\\/2024\\\/04\\\/11\\\/mujer-en-ventana-pintura-al-oleo-2009\\\/#respond\"]}]},{\"@type\":\"WebPage\",\"@id\":\"https:\\\/\\\/rafaramirez.org\\\/blog\\\/index.php\\\/2024\\\/04\\\/11\\\/mujer-en-ventana-pintura-al-oleo-2009\\\/\",\"url\":\"https:\\\/\\\/rafaramirez.org\\\/blog\\\/index.php\\\/2024\\\/04\\\/11\\\/mujer-en-ventana-pintura-al-oleo-2009\\\/\",\"name\":\"Mujer en la ventana | Pintura al \u00d3leo 60\u00d780 cm | Cuadro original pintado a mano - Blog de Rafael Ram\u00edrez\",\"isPartOf\":{\"@id\":\"https:\\\/\\\/rafaramirez.org\\\/blog\\\/#website\"},\"primaryImageOfPage\":{\"@id\":\"https:\\\/\\\/rafaramirez.org\\\/blog\\\/index.php\\\/2024\\\/04\\\/11\\\/mujer-en-ventana-pintura-al-oleo-2009\\\/#primaryimage\"},\"image\":{\"@id\":\"https:\\\/\\\/rafaramirez.org\\\/blog\\\/index.php\\\/2024\\\/04\\\/11\\\/mujer-en-ventana-pintura-al-oleo-2009\\\/#primaryimage\"},\"thumbnailUrl\":\"https:\\\/\\\/rafaramirez.org\\\/blog\\\/wp-content\\\/uploads\\\/2009\\\/06\\\/Mujer-en-la-ventana_reduc.jpg\",\"datePublished\":\"2024-04-11T06:15:18+00:00\",\"dateModified\":\"2024-09-19T11:54:24+00:00\",\"breadcrumb\":{\"@id\":\"https:\\\/\\\/rafaramirez.org\\\/blog\\\/index.php\\\/2024\\\/04\\\/11\\\/mujer-en-ventana-pintura-al-oleo-2009\\\/#breadcrumb\"},\"inLanguage\":\"es\",\"potentialAction\":[{\"@type\":\"ReadAction\",\"target\":[\"https:\\\/\\\/rafaramirez.org\\\/blog\\\/index.php\\\/2024\\\/04\\\/11\\\/mujer-en-ventana-pintura-al-oleo-2009\\\/\"]}]},{\"@type\":\"ImageObject\",\"inLanguage\":\"es\",\"@id\":\"https:\\\/\\\/rafaramirez.org\\\/blog\\\/index.php\\\/2024\\\/04\\\/11\\\/mujer-en-ventana-pintura-al-oleo-2009\\\/#primaryimage\",\"url\":\"https:\\\/\\\/rafaramirez.org\\\/blog\\\/wp-content\\\/uploads\\\/2009\\\/06\\\/Mujer-en-la-ventana_reduc.jpg\",\"contentUrl\":\"https:\\\/\\\/rafaramirez.org\\\/blog\\\/wp-content\\\/uploads\\\/2009\\\/06\\\/Mujer-en-la-ventana_reduc.jpg\",\"width\":592,\"height\":279},{\"@type\":\"BreadcrumbList\",\"@id\":\"https:\\\/\\\/rafaramirez.org\\\/blog\\\/index.php\\\/2024\\\/04\\\/11\\\/mujer-en-ventana-pintura-al-oleo-2009\\\/#breadcrumb\",\"itemListElement\":[{\"@type\":\"ListItem\",\"position\":1,\"name\":\"Portada\",\"item\":\"https:\\\/\\\/rafaramirez.org\\\/blog\\\/\"},{\"@type\":\"ListItem\",\"position\":2,\"name\":\"Mujer en la ventana | Pintura al \u00d3leo 60\u00d780 cm | Cuadro original pintado a mano\"}]},{\"@type\":\"WebSite\",\"@id\":\"https:\\\/\\\/rafaramirez.org\\\/blog\\\/#website\",\"url\":\"https:\\\/\\\/rafaramirez.org\\\/blog\\\/\",\"name\":\"Blog de Rafael Ram\u00edrez\",\"description\":\"Un sitio social, de arte y cultura\",\"publisher\":{\"@id\":\"https:\\\/\\\/rafaramirez.org\\\/blog\\\/#\\\/schema\\\/person\\\/50f43b6d60c578760d4c17bda54ab6a5\"},\"potentialAction\":[{\"@type\":\"SearchAction\",\"target\":{\"@type\":\"EntryPoint\",\"urlTemplate\":\"https:\\\/\\\/rafaramirez.org\\\/blog\\\/?s={search_term_string}\"},\"query-input\":{\"@type\":\"PropertyValueSpecification\",\"valueRequired\":true,\"valueName\":\"search_term_string\"}}],\"inLanguage\":\"es\"},{\"@type\":[\"Person\",\"Organization\"],\"@id\":\"https:\\\/\\\/rafaramirez.org\\\/blog\\\/#\\\/schema\\\/person\\\/50f43b6d60c578760d4c17bda54ab6a5\",\"name\":\"Rafael Ram\u00edrez\",\"image\":{\"@type\":\"ImageObject\",\"inLanguage\":\"es\",\"@id\":\"https:\\\/\\\/rafaramirez.org\\\/blog\\\/wp-content\\\/uploads\\\/2024\\\/09\\\/RR_socialnetwork.jpg\",\"url\":\"https:\\\/\\\/rafaramirez.org\\\/blog\\\/wp-content\\\/uploads\\\/2024\\\/09\\\/RR_socialnetwork.jpg\",\"contentUrl\":\"https:\\\/\\\/rafaramirez.org\\\/blog\\\/wp-content\\\/uploads\\\/2024\\\/09\\\/RR_socialnetwork.jpg\",\"width\":600,\"height\":606,\"caption\":\"Rafael Ram\u00edrez\"},\"logo\":{\"@id\":\"https:\\\/\\\/rafaramirez.org\\\/blog\\\/wp-content\\\/uploads\\\/2024\\\/09\\\/RR_socialnetwork.jpg\"},\"sameAs\":[\"https:\\\/\\\/www.rafaramirez.org\\\/blog\",\"https:\\\/\\\/www.instagram.com\\\/rafaramirez_ok\\\/\",\"https:\\\/\\\/es.pinterest.com\\\/Ramirez_Rafa\\\/\",\"https:\\\/\\\/x.com\\\/rafaramirez_ok\"]},{\"@type\":\"Person\",\"@id\":\"https:\\\/\\\/rafaramirez.org\\\/blog\\\/#\\\/schema\\\/person\\\/8debd05b3d9a1d16fb21af726811617d\",\"name\":\"Documentaci\u00f3n e investigaci\u00f3n\",\"image\":{\"@type\":\"ImageObject\",\"inLanguage\":\"es\",\"@id\":\"https:\\\/\\\/secure.gravatar.com\\\/avatar\\\/fe70e496579a39c7a8fc4982b89275403b1092eb200623138a32daada9416911?s=96&d=mm&r=g\",\"url\":\"https:\\\/\\\/secure.gravatar.com\\\/avatar\\\/fe70e496579a39c7a8fc4982b89275403b1092eb200623138a32daada9416911?s=96&d=mm&r=g\",\"contentUrl\":\"https:\\\/\\\/secure.gravatar.com\\\/avatar\\\/fe70e496579a39c7a8fc4982b89275403b1092eb200623138a32daada9416911?s=96&d=mm&r=g\",\"caption\":\"Documentaci\u00f3n e investigaci\u00f3n\"},\"url\":\"https:\\\/\\\/rafaramirez.org\\\/blog\\\/index.php\\\/author\\\/admin\\\/\"}]}<\/script>\n<!-- \/ Yoast SEO plugin. -->","yoast_head_json":{"title":"Mujer en la ventana | Pintura al \u00d3leo 60\u00d780 cm | Cuadro original pintado a mano - Blog de Rafael Ram\u00edrez","robots":{"index":"index","follow":"follow","max-snippet":"max-snippet:-1","max-image-preview":"max-image-preview:large","max-video-preview":"max-video-preview:-1"},"canonical":"https:\/\/rafaramirez.org\/blog\/index.php\/2024\/04\/11\/mujer-en-ventana-pintura-al-oleo-2009\/","og_locale":"es_ES","og_type":"article","og_title":"Mujer en la ventana | Pintura al \u00d3leo 60\u00d780 cm | Cuadro original pintado a mano - Blog de Rafael Ram\u00edrez","og_description":"La pintura \u201cMujer en la ventana\u201d de\u00a0Rafael Ram\u00edrez nos presenta una escena relajada y llena de matices.\u00a0En el centro de la pintura, encontramos a la protagonista: una mujer concentrada y absorta en su tarea de escritura. Su cabeza flexionada sugiere una profunda inmersi\u00f3n en sus pensamientos. La mujer, sentada en el alf\u00e9izar de la ventana [&hellip;]","og_url":"https:\/\/rafaramirez.org\/blog\/index.php\/2024\/04\/11\/mujer-en-ventana-pintura-al-oleo-2009\/","og_site_name":"Blog de Rafael Ram\u00edrez","article_published_time":"2024-04-11T06:15:18+00:00","article_modified_time":"2024-09-19T11:54:24+00:00","og_image":[{"width":592,"height":279,"url":"https:\/\/rafaramirez.org\/blog\/wp-content\/uploads\/2009\/06\/Mujer-en-la-ventana_reduc.jpg","type":"image\/jpeg"}],"author":"Documentaci\u00f3n e investigaci\u00f3n","twitter_card":"summary_large_image","twitter_site":"@rafaramirez_ok","twitter_misc":{"Escrito por":"Documentaci\u00f3n e investigaci\u00f3n","Tiempo de lectura":"2 minutos"},"schema":{"@context":"https:\/\/schema.org","@graph":[{"@type":"Article","@id":"https:\/\/rafaramirez.org\/blog\/index.php\/2024\/04\/11\/mujer-en-ventana-pintura-al-oleo-2009\/#article","isPartOf":{"@id":"https:\/\/rafaramirez.org\/blog\/index.php\/2024\/04\/11\/mujer-en-ventana-pintura-al-oleo-2009\/"},"author":{"name":"Documentaci\u00f3n e investigaci\u00f3n","@id":"https:\/\/rafaramirez.org\/blog\/#\/schema\/person\/8debd05b3d9a1d16fb21af726811617d"},"headline":"Mujer en la ventana | Pintura al \u00d3leo 60\u00d780 cm | Cuadro original pintado a mano","datePublished":"2024-04-11T06:15:18+00:00","dateModified":"2024-09-19T11:54:24+00:00","mainEntityOfPage":{"@id":"https:\/\/rafaramirez.org\/blog\/index.php\/2024\/04\/11\/mujer-en-ventana-pintura-al-oleo-2009\/"},"wordCount":321,"commentCount":6,"publisher":{"@id":"https:\/\/rafaramirez.org\/blog\/#\/schema\/person\/50f43b6d60c578760d4c17bda54ab6a5"},"image":{"@id":"https:\/\/rafaramirez.org\/blog\/index.php\/2024\/04\/11\/mujer-en-ventana-pintura-al-oleo-2009\/#primaryimage"},"thumbnailUrl":"https:\/\/rafaramirez.org\/blog\/wp-content\/uploads\/2009\/06\/Mujer-en-la-ventana_reduc.jpg","keywords":["arte y pintura","blog de Rafael Ram\u00edrez","calidez de los tonos ocres","cuadro","cuadro de lluvia","cuadro pintado a mano","cuadros al \u00f3leo","cuadros originales","destacado","dualidad","interioridad femenina","mar azulado","momentos \u00edntimos y humanos","mujer","mujer concentrada y absorta","mujer en la ventana pintura al \u00f3leo de Rafael Ram\u00edrez","pintura al \u00f3leo","pintura de rafael ram\u00edrez","rafael ram\u00edrez pintura art\u00edstica","tranquilidad y calma","umbral entre dos mundos","vida interior de la mujer"],"articleSection":["Mi pintura","Pintura al \u00f3leo"],"inLanguage":"es","potentialAction":[{"@type":"CommentAction","name":"Comment","target":["https:\/\/rafaramirez.org\/blog\/index.php\/2024\/04\/11\/mujer-en-ventana-pintura-al-oleo-2009\/#respond"]}]},{"@type":"WebPage","@id":"https:\/\/rafaramirez.org\/blog\/index.php\/2024\/04\/11\/mujer-en-ventana-pintura-al-oleo-2009\/","url":"https:\/\/rafaramirez.org\/blog\/index.php\/2024\/04\/11\/mujer-en-ventana-pintura-al-oleo-2009\/","name":"Mujer en la ventana | Pintura al \u00d3leo 60\u00d780 cm | Cuadro original pintado a mano - Blog de Rafael Ram\u00edrez","isPartOf":{"@id":"https:\/\/rafaramirez.org\/blog\/#website"},"primaryImageOfPage":{"@id":"https:\/\/rafaramirez.org\/blog\/index.php\/2024\/04\/11\/mujer-en-ventana-pintura-al-oleo-2009\/#primaryimage"},"image":{"@id":"https:\/\/rafaramirez.org\/blog\/index.php\/2024\/04\/11\/mujer-en-ventana-pintura-al-oleo-2009\/#primaryimage"},"thumbnailUrl":"https:\/\/rafaramirez.org\/blog\/wp-content\/uploads\/2009\/06\/Mujer-en-la-ventana_reduc.jpg","datePublished":"2024-04-11T06:15:18+00:00","dateModified":"2024-09-19T11:54:24+00:00","breadcrumb":{"@id":"https:\/\/rafaramirez.org\/blog\/index.php\/2024\/04\/11\/mujer-en-ventana-pintura-al-oleo-2009\/#breadcrumb"},"inLanguage":"es","potentialAction":[{"@type":"ReadAction","target":["https:\/\/rafaramirez.org\/blog\/index.php\/2024\/04\/11\/mujer-en-ventana-pintura-al-oleo-2009\/"]}]},{"@type":"ImageObject","inLanguage":"es","@id":"https:\/\/rafaramirez.org\/blog\/index.php\/2024\/04\/11\/mujer-en-ventana-pintura-al-oleo-2009\/#primaryimage","url":"https:\/\/rafaramirez.org\/blog\/wp-content\/uploads\/2009\/06\/Mujer-en-la-ventana_reduc.jpg","contentUrl":"https:\/\/rafaramirez.org\/blog\/wp-content\/uploads\/2009\/06\/Mujer-en-la-ventana_reduc.jpg","width":592,"height":279},{"@type":"BreadcrumbList","@id":"https:\/\/rafaramirez.org\/blog\/index.php\/2024\/04\/11\/mujer-en-ventana-pintura-al-oleo-2009\/#breadcrumb","itemListElement":[{"@type":"ListItem","position":1,"name":"Portada","item":"https:\/\/rafaramirez.org\/blog\/"},{"@type":"ListItem","position":2,"name":"Mujer en la ventana | Pintura al \u00d3leo 60\u00d780 cm | Cuadro original pintado a mano"}]},{"@type":"WebSite","@id":"https:\/\/rafaramirez.org\/blog\/#website","url":"https:\/\/rafaramirez.org\/blog\/","name":"Blog de Rafael Ram\u00edrez","description":"Un sitio social, de arte y cultura","publisher":{"@id":"https:\/\/rafaramirez.org\/blog\/#\/schema\/person\/50f43b6d60c578760d4c17bda54ab6a5"},"potentialAction":[{"@type":"SearchAction","target":{"@type":"EntryPoint","urlTemplate":"https:\/\/rafaramirez.org\/blog\/?s={search_term_string}"},"query-input":{"@type":"PropertyValueSpecification","valueRequired":true,"valueName":"search_term_string"}}],"inLanguage":"es"},{"@type":["Person","Organization"],"@id":"https:\/\/rafaramirez.org\/blog\/#\/schema\/person\/50f43b6d60c578760d4c17bda54ab6a5","name":"Rafael Ram\u00edrez","image":{"@type":"ImageObject","inLanguage":"es","@id":"https:\/\/rafaramirez.org\/blog\/wp-content\/uploads\/2024\/09\/RR_socialnetwork.jpg","url":"https:\/\/rafaramirez.org\/blog\/wp-content\/uploads\/2024\/09\/RR_socialnetwork.jpg","contentUrl":"https:\/\/rafaramirez.org\/blog\/wp-content\/uploads\/2024\/09\/RR_socialnetwork.jpg","width":600,"height":606,"caption":"Rafael Ram\u00edrez"},"logo":{"@id":"https:\/\/rafaramirez.org\/blog\/wp-content\/uploads\/2024\/09\/RR_socialnetwork.jpg"},"sameAs":["https:\/\/www.rafaramirez.org\/blog","https:\/\/www.instagram.com\/rafaramirez_ok\/","https:\/\/es.pinterest.com\/Ramirez_Rafa\/","https:\/\/x.com\/rafaramirez_ok"]},{"@type":"Person","@id":"https:\/\/rafaramirez.org\/blog\/#\/schema\/person\/8debd05b3d9a1d16fb21af726811617d","name":"Documentaci\u00f3n e investigaci\u00f3n","image":{"@type":"ImageObject","inLanguage":"es","@id":"https:\/\/secure.gravatar.com\/avatar\/fe70e496579a39c7a8fc4982b89275403b1092eb200623138a32daada9416911?s=96&d=mm&r=g","url":"https:\/\/secure.gravatar.com\/avatar\/fe70e496579a39c7a8fc4982b89275403b1092eb200623138a32daada9416911?s=96&d=mm&r=g","contentUrl":"https:\/\/secure.gravatar.com\/avatar\/fe70e496579a39c7a8fc4982b89275403b1092eb200623138a32daada9416911?s=96&d=mm&r=g","caption":"Documentaci\u00f3n e investigaci\u00f3n"},"url":"https:\/\/rafaramirez.org\/blog\/index.php\/author\/admin\/"}]}},"jetpack_publicize_connections":[],"jetpack_sharing_enabled":true,"jetpack_likes_enabled":true,"jetpack_featured_media_url":"https:\/\/rafaramirez.org\/blog\/wp-content\/uploads\/2009\/06\/Mujer-en-la-ventana_reduc.jpg","_links":{"self":[{"href":"https:\/\/rafaramirez.org\/blog\/index.php\/wp-json\/wp\/v2\/posts\/1207","targetHints":{"allow":["GET"]}}],"collection":[{"href":"https:\/\/rafaramirez.org\/blog\/index.php\/wp-json\/wp\/v2\/posts"}],"about":[{"href":"https:\/\/rafaramirez.org\/blog\/index.php\/wp-json\/wp\/v2\/types\/post"}],"author":[{"embeddable":true,"href":"https:\/\/rafaramirez.org\/blog\/index.php\/wp-json\/wp\/v2\/users\/3"}],"replies":[{"embeddable":true,"href":"https:\/\/rafaramirez.org\/blog\/index.php\/wp-json\/wp\/v2\/comments?post=1207"}],"version-history":[{"count":15,"href":"https:\/\/rafaramirez.org\/blog\/index.php\/wp-json\/wp\/v2\/posts\/1207\/revisions"}],"predecessor-version":[{"id":4101,"href":"https:\/\/rafaramirez.org\/blog\/index.php\/wp-json\/wp\/v2\/posts\/1207\/revisions\/4101"}],"wp:featuredmedia":[{"embeddable":true,"href":"https:\/\/rafaramirez.org\/blog\/index.php\/wp-json\/wp\/v2\/media\/2288"}],"wp:attachment":[{"href":"https:\/\/rafaramirez.org\/blog\/index.php\/wp-json\/wp\/v2\/media?parent=1207"}],"wp:term":[{"taxonomy":"category","embeddable":true,"href":"https:\/\/rafaramirez.org\/blog\/index.php\/wp-json\/wp\/v2\/categories?post=1207"},{"taxonomy":"post_tag","embeddable":true,"href":"https:\/\/rafaramirez.org\/blog\/index.php\/wp-json\/wp\/v2\/tags?post=1207"}],"curies":[{"name":"wp","href":"https:\/\/api.w.org\/{rel}","templated":true}]}}