{"id":12069,"date":"2026-03-12T08:00:58","date_gmt":"2026-03-12T07:00:58","guid":{"rendered":"https:\/\/rafaramirez.org\/blog\/?p=12069"},"modified":"2026-02-13T12:07:03","modified_gmt":"2026-02-13T11:07:03","slug":"dia-mundial-contra-la-censura-en-internet-2026","status":"publish","type":"post","link":"https:\/\/rafaramirez.org\/blog\/index.php\/2026\/03\/12\/dia-mundial-contra-la-censura-en-internet-2026\/","title":{"rendered":"D\u00eda Mundial contra la Censura en Internet 2026: un grito global por la libertad digital."},"content":{"rendered":"<p>El D\u00eda Mundial contra la Censura en Internet es una jornada internacional que se celebra cada 12 de marzo con el objetivo de defender la libertad de expresi\u00f3n en l\u00ednea y denunciar las pr\u00e1cticas de censura digital que aplican gobiernos y otros actores en distintos pa\u00edses. Fue creado en 2008 por Reporteros Sin Fronteras (RSF), con apoyo de organizaciones como Amnist\u00eda Internacional.<\/p>\n<p>El prop\u00f3sito central de su celebraci\u00f3n es:<\/p>\n<ul>\n<li>Concienciar sobre la importancia de tener una internet libre y accesible.<\/li>\n<li>Visibilizar los pa\u00edses donde la censura es intensa y afecta a los derechos fundamentales.<\/li>\n<li>Promover la protecci\u00f3n de datos y la diversidad de opiniones en l\u00ednea.<\/li>\n<li>Apoyar a periodistas, activistas y ciudadanos cuyos contenidos son bloqueados o vigilados.<\/li>\n<\/ul>\n<p>La iniciativa naci\u00f3 de Reporteros Sin Fronteras (RSF), que desde 2008 publica listas de \u201cenemigos de Internet\u201d y desarrolla campa\u00f1as para sortear bloqueos.<\/p>\n<p>Una de sus acciones m\u00e1s conocidas es Collateral Freedom, un proyecto que replica sitios web censurados en servidores dif\u00edciles de bloquear. Gracias a esta operaci\u00f3n, se ha logrado restaurar el acceso a m\u00e1s de cien medios en treinta y dos pa\u00edses, aumentando su alcance a\u00f1o tras a\u00f1o.<\/p>\n<figure id=\"attachment_8374\" aria-describedby=\"caption-attachment-8374\" style=\"width: 300px\" class=\"wp-caption aligncenter\"><img loading=\"lazy\" decoding=\"async\" class=\"wp-image-8374 size-medium\" src=\"https:\/\/rafaramirez.org\/blog\/wp-content\/uploads\/2025\/03\/censorship-610101-300x200.jpg\" alt=\"D\u00eda Mundial contra la Censura en Internet. Blog de Rafael Ram\u00edrez.\" width=\"300\" height=\"200\" srcset=\"https:\/\/rafaramirez.org\/blog\/wp-content\/uploads\/2025\/03\/censorship-610101-300x200.jpg 300w, https:\/\/rafaramirez.org\/blog\/wp-content\/uploads\/2025\/03\/censorship-610101-768x512.jpg 768w, https:\/\/rafaramirez.org\/blog\/wp-content\/uploads\/2025\/03\/censorship-610101.jpg 800w\" sizes=\"auto, (max-width: 300px) 100vw, 300px\" \/><figcaption id=\"caption-attachment-8374\" class=\"wp-caption-text\">D\u00eda Mundial contra la Censura en Internet. Blog de Rafael Ram\u00edrez.<\/figcaption><\/figure>\n<h3>\u00daltimos datos sobre la censura en Internet.<\/h3>\n<h4>Tendencias globales recientes.<\/h4>\n<p>Los informes m\u00e1s recientes muestran que la censura digital no solo sigue en aumento, sino que tambi\u00e9n se est\u00e1 volviendo m\u00e1s sofisticada y est\u00e1 m\u00e1s extendida.<\/p>\n<ul>\n<li>En 2025, la censura en internet afect\u00f3 a 4,6 millones de personas en todo el mundo. Se impusieron 81 nuevas restricciones y el a\u00f1o 2026 ha comenzado a\u00fan peor, seg\u00fan los datos de Surfshark, una empresa europea especializada en privacidad digital y ciberseguridad.<\/li>\n<li class=\"ps-2\">La censura ya no es un fen\u00f3meno aislado de unos pocos pa\u00edses, sino que se ha convertido en una condici\u00f3n sist\u00e9mica que afecta a m\u00e1s de la mitad del planeta.<\/li>\n<\/ul>\n<h4>\u00bfQu\u00e9 formas de censura est\u00e1n aumentando?<\/h4>\n<p>Los pa\u00edses m\u00e1s restrictivos est\u00e1n utilizando un arsenal de t\u00e9cnicas cada vez m\u00e1s amplio:<\/p>\n<ul>\n<li>Bloqueo de sitios web y servicios completos.<\/li>\n<li>Censura de palabras clave e incluso de im\u00e1genes mediante IA.<\/li>\n<li>Grandes cortafuegos nacionales que filtran todo el tr\u00e1fico.<\/li>\n<li>Inspecci\u00f3n profunda de paquetes (DPI) para detectar conexiones cifradas.<\/li>\n<li>Criminalizaci\u00f3n del acceso a internet real: en algunos lugares, usar una VPN puede acarrear penas de prisi\u00f3n.<\/li>\n<\/ul>\n<h4>\u00bfD\u00f3nde es m\u00e1s estricta la censura?<\/h4>\n<p>Un an\u00e1lisis global de 2025 muestra que:<\/p>\n<ul>\n<li>Aunque casi el 70 % de la poblaci\u00f3n mundial usa internet, una parte significativa vive bajo restricciones pol\u00edticas, culturales o sociales.<\/li>\n<li>La censura se manifiesta de m\u00faltiples formas, desde bloqueos selectivos hasta apagones totales de internet.<\/li>\n<\/ul>\n<p>Los continentes con mayores restricciones suelen ser Asia y \u00c1frica, aunque tambi\u00e9n hay casos graves en Oriente Medio y en algunos pa\u00edses de Europa del Este.<\/p>\n<h4>\u00bfQu\u00e9 significa todo esto?<\/h4>\n<p>La tendencia es clara: cada vez m\u00e1s pa\u00edses est\u00e1n adoptando medidas de control digital por motivos pol\u00edticos, de seguridad o de vigilancia social. Adem\u00e1s, estas t\u00e9cnicas son cada vez m\u00e1s avanzadas, lo que dificulta eludirlas y aumenta su impacto en la vida cotidiana.<\/p>\n<figure id=\"attachment_8381\" aria-describedby=\"caption-attachment-8381\" style=\"width: 300px\" class=\"wp-caption aligncenter\"><img loading=\"lazy\" decoding=\"async\" class=\"wp-image-8381 size-medium\" src=\"https:\/\/rafaramirez.org\/blog\/wp-content\/uploads\/2025\/03\/sign-107860-300x212.jpg\" alt=\"D\u00eda Mundial contra la Censura en Internet. Blog de Rafael Ram\u00edrez.\" width=\"300\" height=\"212\" srcset=\"https:\/\/rafaramirez.org\/blog\/wp-content\/uploads\/2025\/03\/sign-107860-300x212.jpg 300w, https:\/\/rafaramirez.org\/blog\/wp-content\/uploads\/2025\/03\/sign-107860-768x543.jpg 768w, https:\/\/rafaramirez.org\/blog\/wp-content\/uploads\/2025\/03\/sign-107860.jpg 800w\" sizes=\"auto, (max-width: 300px) 100vw, 300px\" \/><figcaption id=\"caption-attachment-8381\" class=\"wp-caption-text\">D\u00eda Mundial contra la Censura en Internet. Blog de Rafael Ram\u00edrez.<\/figcaption><\/figure>\n<h3>Actividades previstas para 2026.<\/h3>\n<p>Las iniciativas m\u00e1s visibles y documentadas para 2026 giran en torno a <strong>eventos oficiales sobre seguridad digital<\/strong>, que suelen incluir debates, talleres y campa\u00f1as contra la censura, la desinformaci\u00f3n y los riesgos en l\u00ednea.<\/p>\n<p>A continuaci\u00f3n, te presento las actividades m\u00e1s relevante que he encontrado para este a\u00f1o:<\/p>\n<ul>\n<li>\n<h4>El D\u00eda de Internet Segura 2026 (Safer Internet Day &#8211; SID 2026).<\/h4>\n<\/li>\n<\/ul>\n<p>Celebrado el pasado 10 de febrero de 2026.<\/p>\n<p>\u00c1mbito: mundial, con actividades en Europa y Espa\u00f1a.<\/p>\n<ul>\n<li>\n<h4>Espa\u00f1a (INCIBE).<\/h4>\n<\/li>\n<\/ul>\n<p>El Instituto Nacional de Ciberseguridad (INCIBE) organiz\u00f3 un programa completo de actividades educativas dirigido al alumnado de 6.\u00ba de Primaria a 4.\u00ba de ESO. El programa incluye talleres online y presenciales en Ja\u00e9n, centrados en el uso seguro de internet y la educaci\u00f3n digital.<\/p>\n<p>El evento principal, previsto para el 10 de febrero, tuvo que posponerse por condiciones meteorol\u00f3gicas adversas, aunque se mantuvo la celebraci\u00f3n del SID 2026.<\/p>\n<ul>\n<li>\n<h4>Europa.<\/h4>\n<\/li>\n<\/ul>\n<p>La Comisi\u00f3n Europea ha destacado que la 23.\u00aa edici\u00f3n del D\u00eda de Internet Seguro ha contado con eventos, conferencias y actividades en escuelas, cines y plataformas en l\u00ednea durante todo el mes de febrero. El objetivo ha sido promover experiencias digitales seguras y responsables.<\/p>\n<ul>\n<li>\n<h4><strong>Enfoque tem\u00e1tico 2026: IA, menores y seguridad digital.\u00a0<\/strong><\/h4>\n<\/li>\n<\/ul>\n<p>En Espa\u00f1a, una de las principales l\u00edneas de actuaci\u00f3n para este a\u00f1o es la educaci\u00f3n en \u00abSeguridad digital para educar en tiempos de IA\u00bb, que incluye actividades dirigidas a centros educativos y familias. El INCIBE lidera esta iniciativa como Centro de Seguridad en Internet para Menores (IS4K).<\/p>\n<h4>\u00bfY qu\u00e9 hay espec\u00edficamente de la censura en Internet en 2026?<\/h4>\n<p>Los eventos mencionados no se centran exclusivamente en la censura, pero s\u00ed abordan temas estrechamente relacionados.<\/p>\n<ul>\n<li>Acceso seguro y libre a la informaci\u00f3n.<\/li>\n<li>Educaci\u00f3n contra la desinformaci\u00f3n.<\/li>\n<li>Promoci\u00f3n de los derechos digitales.<\/li>\n<li>Protecci\u00f3n de menores y privacidad.<\/li>\n<\/ul>\n<p>Cada 12 de marzo suelen publicarse:<\/p>\n<ul>\n<li>Informes sobre los pa\u00edses con mayor censura.<\/li>\n<li>Campa\u00f1as para liberar contenidos bloqueados.<\/li>\n<li>Acciones de activistas y organizaciones de derechos digitales.<\/li>\n<li>Se hacen llamamientos a las empresas tecnol\u00f3gicas para que protejan la libertad de expresi\u00f3n.<\/li>\n<\/ul>\n<p>Tambi\u00e9n se invita a los usuarios a reflexionar sobre c\u00f3mo afecta la censura a su vida digital cotidiana.<\/p>\n<figure id=\"attachment_12075\" aria-describedby=\"caption-attachment-12075\" style=\"width: 300px\" class=\"wp-caption aligncenter\"><img loading=\"lazy\" decoding=\"async\" class=\"wp-image-12075 size-medium\" src=\"https:\/\/rafaramirez.org\/blog\/wp-content\/uploads\/2026\/03\/dIA-MUNDIAL-CONTRA-LA-CENSURA-EN-INTERNET-2026_1-300x200.jpg\" alt=\"D\u00eda Mundial contra la Censura en Internet. Blog de Rafael Ram\u00edrez.\" width=\"300\" height=\"200\" srcset=\"https:\/\/rafaramirez.org\/blog\/wp-content\/uploads\/2026\/03\/dIA-MUNDIAL-CONTRA-LA-CENSURA-EN-INTERNET-2026_1-300x200.jpg 300w, https:\/\/rafaramirez.org\/blog\/wp-content\/uploads\/2026\/03\/dIA-MUNDIAL-CONTRA-LA-CENSURA-EN-INTERNET-2026_1-768x512.jpg 768w, https:\/\/rafaramirez.org\/blog\/wp-content\/uploads\/2026\/03\/dIA-MUNDIAL-CONTRA-LA-CENSURA-EN-INTERNET-2026_1.jpg 850w\" sizes=\"auto, (max-width: 300px) 100vw, 300px\" \/><figcaption id=\"caption-attachment-12075\" class=\"wp-caption-text\">D\u00eda Mundial contra la Censura en Internet. Blog de Rafael Ram\u00edrez.<\/figcaption><\/figure>\n<p>En resumen, el D\u00eda Mundial contra la Censura en Internet es crucial porque defiende la libertad de expresi\u00f3n en l\u00ednea, promueve el acceso sin restricciones a la informaci\u00f3n independiente y combate la censura que limita los derechos humanos y la democracia en todo el mundo.<\/p>\n<p>M\u00e1s informaci\u00f3n:<\/p>\n<ul>\n<li><a href=\"https:\/\/rsf-es.org\/12-de-marzo-dia-mundial-contra-la-cibercensura-la-iniciativa-de-rsf-collateral-freedom-se-consolida-como-una-de-las-mayores-operaciones-para-sortear-la-censura-en-el-mundo\/\" target=\"_blank\" rel=\"noopener\">12 de marzo, D\u00eda Mundial contra la Cibercensura: la iniciativa de RSF \u201cCollateral Freedom\u201d se consolida como una de las mayores operaciones para sortear la censura en el mundo &#8211; Reporteros Sin Fronteras<\/a>.<\/li>\n<li><a href=\"https:\/\/rsf-es.org\/lucha-contra-la-censura\/\" target=\"_blank\" rel=\"noopener\">Lucha contra la censura :: Reporteros Sin Fronteras<\/a>.<\/li>\n<li><a href=\"https:\/\/www.incibe.es\/eventos\/sid\" target=\"_blank\" rel=\"noopener\">D\u00eda de Internet Segura 2026 | Eventos | INCIBE<\/a>.<\/li>\n<li><a href=\"https:\/\/digital-strategy.ec.europa.eu\/es\/events\/safer-internet-day-2026\" target=\"_blank\" rel=\"noopener\">D\u00eda de Internet m\u00e1s seguro 2026 | Configurar el futuro digital de Europa<\/a>.<\/li>\n<li><a href=\"https:\/\/www.lisanews.org\/actualidad\/donde-es-mas-estricta-la-censura-en-internet-por-continentes\/\" target=\"_blank\" rel=\"noopener\">Mapa global de la censura en Internet: situaci\u00f3n por continentes<\/a>.<\/li>\n<li><a href=\"https:\/\/www.unicef.es\/noticia\/dia-de-internet-segura-el-mundo-digital-debe-ser-un-entorno-protector\" target=\"_blank\" rel=\"noopener\">D\u00eda de Internet Segura: el mundo digital debe ser un entorno protector | UNICEF<\/a>.<\/li>\n<\/ul>\n","protected":false},"excerpt":{"rendered":"<p>El D\u00eda Mundial contra la Censura en Internet es una jornada internacional que se celebra cada 12 de marzo con el objetivo de defender la libertad de expresi\u00f3n en l\u00ednea y denunciar las pr\u00e1cticas de censura digital que aplican gobiernos y otros actores en distintos pa\u00edses. Fue creado en 2008 por Reporteros Sin Fronteras (RSF), [&hellip;]<\/p>\n","protected":false},"author":1,"featured_media":12073,"comment_status":"open","ping_status":"closed","sticky":false,"template":"","format":"standard","meta":{"site-container-style":"default","site-container-layout":"default","site-sidebar-layout":"default","disable-article-header":"default","disable-site-header":"default","disable-site-footer":"default","disable-content-area-spacing":"default","_jetpack_newsletter_access":"","_jetpack_dont_email_post_to_subs":false,"_jetpack_newsletter_tier_id":0,"_jetpack_memberships_contains_paywalled_content":false,"_jetpack_feature_clip_id":0,"_jetpack_memberships_contains_paid_content":false,"footnotes":"","jetpack_publicize_message":"","jetpack_publicize_feature_enabled":true,"jetpack_social_post_already_shared":true,"jetpack_social_options":{"image_generator_settings":{"template":"highway","default_image_id":0,"font":"","enabled":false},"version":2},"jetpack_post_was_ever_published":false},"categories":[1291],"tags":[4102,4105,4104,4101,3817,4097,1323,4776,4098,4103,4100],"class_list":["post-12069","post","type-post","status-publish","format-standard","has-post-thumbnail","hentry","category-efemerides","tag-biblioteca-sin-censura-de-minecraft","tag-libertad-colateral","tag-refugio-anticensura","tag-truthfindsaway","tag-amnistia-internacional","tag-dia-mundial-contra-la-censura-en-internet","tag-efemerides","tag-efemerides-2026","tag-efemerides-de-marzo","tag-lista-de-enemigos-de-internet","tag-reporteros-sin-fronteras"],"yoast_head":"<!-- This site is optimized with the Yoast SEO plugin v28.4 - https:\/\/yoast.com\/product\/yoast-seo-wordpress\/ -->\n<title>D\u00eda Mundial contra la Censura en Internet 2026: un grito global por la libertad digital. - Blog de Rafael Ram\u00edrez<\/title>\n<meta name=\"description\" content=\"El D\u00eda Mundial contra la Censura en Internet se celebra cada a\u00f1o el 12 de marzo. Fue creado en 2008 por Reporteros Sin Fronteras y Amnist\u00eda Internacional\" \/>\n<meta name=\"robots\" content=\"index, follow, max-snippet:-1, max-image-preview:large, max-video-preview:-1\" \/>\n<link rel=\"canonical\" href=\"https:\/\/rafaramirez.org\/blog\/index.php\/2026\/03\/12\/dia-mundial-contra-la-censura-en-internet-2026\/\" \/>\n<meta property=\"og:locale\" content=\"es_ES\" \/>\n<meta property=\"og:type\" content=\"article\" \/>\n<meta property=\"og:title\" content=\"D\u00eda Mundial contra la Censura en Internet 2026: un grito global por la libertad digital. - Blog de Rafael Ram\u00edrez\" \/>\n<meta property=\"og:description\" content=\"El D\u00eda Mundial contra la Censura en Internet se celebra cada a\u00f1o el 12 de marzo. Fue creado en 2008 por Reporteros Sin Fronteras y Amnist\u00eda Internacional\" \/>\n<meta property=\"og:url\" content=\"https:\/\/rafaramirez.org\/blog\/index.php\/2026\/03\/12\/dia-mundial-contra-la-censura-en-internet-2026\/\" \/>\n<meta property=\"og:site_name\" content=\"Blog de Rafael Ram\u00edrez\" \/>\n<meta property=\"article:published_time\" content=\"2026-03-12T07:00:58+00:00\" \/>\n<meta property=\"og:image\" content=\"https:\/\/rafaramirez.org\/blog\/wp-content\/uploads\/2026\/03\/dIA-MUNDIAL-CONTRA-LA-CENSURA-EN-INTERNET-2026_BANNERLOG.jpg\" \/>\n\t<meta property=\"og:image:width\" content=\"720\" \/>\n\t<meta property=\"og:image:height\" content=\"440\" \/>\n\t<meta property=\"og:image:type\" content=\"image\/jpeg\" \/>\n<meta name=\"author\" content=\"Rafael Ram\u00edrez\" \/>\n<meta name=\"twitter:card\" content=\"summary_large_image\" \/>\n<meta name=\"twitter:creator\" content=\"@rafaramirez_ok\" \/>\n<meta name=\"twitter:site\" content=\"@rafaramirez_ok\" \/>\n<meta name=\"twitter:label1\" content=\"Escrito por\" \/>\n\t<meta name=\"twitter:data1\" content=\"Rafael Ram\u00edrez\" \/>\n\t<meta name=\"twitter:label2\" content=\"Tiempo de lectura\" \/>\n\t<meta name=\"twitter:data2\" content=\"6 minutos\" \/>\n<script type=\"application\/ld+json\" class=\"yoast-schema-graph\">{\"@context\":\"https:\\\/\\\/schema.org\",\"@graph\":[{\"@type\":\"Article\",\"@id\":\"https:\\\/\\\/rafaramirez.org\\\/blog\\\/index.php\\\/2026\\\/03\\\/12\\\/dia-mundial-contra-la-censura-en-internet-2026\\\/#article\",\"isPartOf\":{\"@id\":\"https:\\\/\\\/rafaramirez.org\\\/blog\\\/index.php\\\/2026\\\/03\\\/12\\\/dia-mundial-contra-la-censura-en-internet-2026\\\/\"},\"author\":{\"name\":\"Rafael Ram\u00edrez\",\"@id\":\"https:\\\/\\\/rafaramirez.org\\\/blog\\\/#\\\/schema\\\/person\\\/50f43b6d60c578760d4c17bda54ab6a5\"},\"headline\":\"D\u00eda Mundial contra la Censura en Internet 2026: un grito global por la libertad digital.\",\"datePublished\":\"2026-03-12T07:00:58+00:00\",\"mainEntityOfPage\":{\"@id\":\"https:\\\/\\\/rafaramirez.org\\\/blog\\\/index.php\\\/2026\\\/03\\\/12\\\/dia-mundial-contra-la-censura-en-internet-2026\\\/\"},\"wordCount\":1129,\"commentCount\":0,\"publisher\":{\"@id\":\"https:\\\/\\\/rafaramirez.org\\\/blog\\\/#\\\/schema\\\/person\\\/50f43b6d60c578760d4c17bda54ab6a5\"},\"image\":{\"@id\":\"https:\\\/\\\/rafaramirez.org\\\/blog\\\/index.php\\\/2026\\\/03\\\/12\\\/dia-mundial-contra-la-censura-en-internet-2026\\\/#primaryimage\"},\"thumbnailUrl\":\"https:\\\/\\\/rafaramirez.org\\\/blog\\\/wp-content\\\/uploads\\\/2026\\\/03\\\/dIA-MUNDIAL-CONTRA-LA-CENSURA-EN-INTERNET-2026_BANNERLOG.jpg\",\"keywords\":[\"\\\"Biblioteca sin censura\\\" de Minecraft\",\"\\\"Libertad Colateral\\\"\",\"\\\"refugio anticensura\\\"\",\"#TruthFindsAWay\",\"Amnist\u00eda Internacional\",\"D\u00eda Mundial contra la Censura en Internet\",\"efem\u00e9rides\",\"efem\u00e9rides 2026\",\"efem\u00e9rides de marzo\",\"lista de \\\"Enemigos de Internet\\\"\",\"Reporteros Sin Fronteras\"],\"articleSection\":[\"Efem\u00e9rides\"],\"inLanguage\":\"es\",\"potentialAction\":[{\"@type\":\"CommentAction\",\"name\":\"Comment\",\"target\":[\"https:\\\/\\\/rafaramirez.org\\\/blog\\\/index.php\\\/2026\\\/03\\\/12\\\/dia-mundial-contra-la-censura-en-internet-2026\\\/#respond\"]}]},{\"@type\":\"WebPage\",\"@id\":\"https:\\\/\\\/rafaramirez.org\\\/blog\\\/index.php\\\/2026\\\/03\\\/12\\\/dia-mundial-contra-la-censura-en-internet-2026\\\/\",\"url\":\"https:\\\/\\\/rafaramirez.org\\\/blog\\\/index.php\\\/2026\\\/03\\\/12\\\/dia-mundial-contra-la-censura-en-internet-2026\\\/\",\"name\":\"D\u00eda Mundial contra la Censura en Internet 2026: un grito global por la libertad digital. - Blog de Rafael Ram\u00edrez\",\"isPartOf\":{\"@id\":\"https:\\\/\\\/rafaramirez.org\\\/blog\\\/#website\"},\"primaryImageOfPage\":{\"@id\":\"https:\\\/\\\/rafaramirez.org\\\/blog\\\/index.php\\\/2026\\\/03\\\/12\\\/dia-mundial-contra-la-censura-en-internet-2026\\\/#primaryimage\"},\"image\":{\"@id\":\"https:\\\/\\\/rafaramirez.org\\\/blog\\\/index.php\\\/2026\\\/03\\\/12\\\/dia-mundial-contra-la-censura-en-internet-2026\\\/#primaryimage\"},\"thumbnailUrl\":\"https:\\\/\\\/rafaramirez.org\\\/blog\\\/wp-content\\\/uploads\\\/2026\\\/03\\\/dIA-MUNDIAL-CONTRA-LA-CENSURA-EN-INTERNET-2026_BANNERLOG.jpg\",\"datePublished\":\"2026-03-12T07:00:58+00:00\",\"description\":\"El D\u00eda Mundial contra la Censura en Internet se celebra cada a\u00f1o el 12 de marzo. Fue creado en 2008 por Reporteros Sin Fronteras y Amnist\u00eda Internacional\",\"breadcrumb\":{\"@id\":\"https:\\\/\\\/rafaramirez.org\\\/blog\\\/index.php\\\/2026\\\/03\\\/12\\\/dia-mundial-contra-la-censura-en-internet-2026\\\/#breadcrumb\"},\"inLanguage\":\"es\",\"potentialAction\":[{\"@type\":\"ReadAction\",\"target\":[\"https:\\\/\\\/rafaramirez.org\\\/blog\\\/index.php\\\/2026\\\/03\\\/12\\\/dia-mundial-contra-la-censura-en-internet-2026\\\/\"]}]},{\"@type\":\"ImageObject\",\"inLanguage\":\"es\",\"@id\":\"https:\\\/\\\/rafaramirez.org\\\/blog\\\/index.php\\\/2026\\\/03\\\/12\\\/dia-mundial-contra-la-censura-en-internet-2026\\\/#primaryimage\",\"url\":\"https:\\\/\\\/rafaramirez.org\\\/blog\\\/wp-content\\\/uploads\\\/2026\\\/03\\\/dIA-MUNDIAL-CONTRA-LA-CENSURA-EN-INTERNET-2026_BANNERLOG.jpg\",\"contentUrl\":\"https:\\\/\\\/rafaramirez.org\\\/blog\\\/wp-content\\\/uploads\\\/2026\\\/03\\\/dIA-MUNDIAL-CONTRA-LA-CENSURA-EN-INTERNET-2026_BANNERLOG.jpg\",\"width\":720,\"height\":440,\"caption\":\"D\u00eda Mundial contra la Censura en Internet 2026: un grito global por la libertad digital. Blog de Rafael Ram\u00edrez.\"},{\"@type\":\"BreadcrumbList\",\"@id\":\"https:\\\/\\\/rafaramirez.org\\\/blog\\\/index.php\\\/2026\\\/03\\\/12\\\/dia-mundial-contra-la-censura-en-internet-2026\\\/#breadcrumb\",\"itemListElement\":[{\"@type\":\"ListItem\",\"position\":1,\"name\":\"Portada\",\"item\":\"https:\\\/\\\/rafaramirez.org\\\/blog\\\/\"},{\"@type\":\"ListItem\",\"position\":2,\"name\":\"D\u00eda Mundial contra la Censura en Internet 2026: un grito global por la libertad digital.\"}]},{\"@type\":\"WebSite\",\"@id\":\"https:\\\/\\\/rafaramirez.org\\\/blog\\\/#website\",\"url\":\"https:\\\/\\\/rafaramirez.org\\\/blog\\\/\",\"name\":\"Blog de Rafael Ram\u00edrez\",\"description\":\"Un sitio social, de arte y cultura\",\"publisher\":{\"@id\":\"https:\\\/\\\/rafaramirez.org\\\/blog\\\/#\\\/schema\\\/person\\\/50f43b6d60c578760d4c17bda54ab6a5\"},\"potentialAction\":[{\"@type\":\"SearchAction\",\"target\":{\"@type\":\"EntryPoint\",\"urlTemplate\":\"https:\\\/\\\/rafaramirez.org\\\/blog\\\/?s={search_term_string}\"},\"query-input\":{\"@type\":\"PropertyValueSpecification\",\"valueRequired\":true,\"valueName\":\"search_term_string\"}}],\"inLanguage\":\"es\"},{\"@type\":[\"Person\",\"Organization\"],\"@id\":\"https:\\\/\\\/rafaramirez.org\\\/blog\\\/#\\\/schema\\\/person\\\/50f43b6d60c578760d4c17bda54ab6a5\",\"name\":\"Rafael Ram\u00edrez\",\"image\":{\"@type\":\"ImageObject\",\"inLanguage\":\"es\",\"@id\":\"https:\\\/\\\/rafaramirez.org\\\/blog\\\/wp-content\\\/uploads\\\/2024\\\/09\\\/RR_socialnetwork.jpg\",\"url\":\"https:\\\/\\\/rafaramirez.org\\\/blog\\\/wp-content\\\/uploads\\\/2024\\\/09\\\/RR_socialnetwork.jpg\",\"contentUrl\":\"https:\\\/\\\/rafaramirez.org\\\/blog\\\/wp-content\\\/uploads\\\/2024\\\/09\\\/RR_socialnetwork.jpg\",\"width\":600,\"height\":606,\"caption\":\"Rafael Ram\u00edrez\"},\"logo\":{\"@id\":\"https:\\\/\\\/rafaramirez.org\\\/blog\\\/wp-content\\\/uploads\\\/2024\\\/09\\\/RR_socialnetwork.jpg\"},\"sameAs\":[\"https:\\\/\\\/www.rafaramirez.org\\\/blog\",\"https:\\\/\\\/www.instagram.com\\\/rafaramirez_ok\\\/\",\"https:\\\/\\\/es.pinterest.com\\\/Ramirez_Rafa\\\/\",\"https:\\\/\\\/x.com\\\/rafaramirez_ok\"],\"url\":\"https:\\\/\\\/rafaramirez.org\\\/blog\\\/index.php\\\/author\\\/rafaell_qm6j97da\\\/\"}]}<\/script>\n<!-- \/ Yoast SEO plugin. -->","yoast_head_json":{"title":"D\u00eda Mundial contra la Censura en Internet 2026: un grito global por la libertad digital. - Blog de Rafael Ram\u00edrez","description":"El D\u00eda Mundial contra la Censura en Internet se celebra cada a\u00f1o el 12 de marzo. Fue creado en 2008 por Reporteros Sin Fronteras y Amnist\u00eda Internacional","robots":{"index":"index","follow":"follow","max-snippet":"max-snippet:-1","max-image-preview":"max-image-preview:large","max-video-preview":"max-video-preview:-1"},"canonical":"https:\/\/rafaramirez.org\/blog\/index.php\/2026\/03\/12\/dia-mundial-contra-la-censura-en-internet-2026\/","og_locale":"es_ES","og_type":"article","og_title":"D\u00eda Mundial contra la Censura en Internet 2026: un grito global por la libertad digital. - Blog de Rafael Ram\u00edrez","og_description":"El D\u00eda Mundial contra la Censura en Internet se celebra cada a\u00f1o el 12 de marzo. Fue creado en 2008 por Reporteros Sin Fronteras y Amnist\u00eda Internacional","og_url":"https:\/\/rafaramirez.org\/blog\/index.php\/2026\/03\/12\/dia-mundial-contra-la-censura-en-internet-2026\/","og_site_name":"Blog de Rafael Ram\u00edrez","article_published_time":"2026-03-12T07:00:58+00:00","og_image":[{"width":720,"height":440,"url":"https:\/\/rafaramirez.org\/blog\/wp-content\/uploads\/2026\/03\/dIA-MUNDIAL-CONTRA-LA-CENSURA-EN-INTERNET-2026_BANNERLOG.jpg","type":"image\/jpeg"}],"author":"Rafael Ram\u00edrez","twitter_card":"summary_large_image","twitter_creator":"@rafaramirez_ok","twitter_site":"@rafaramirez_ok","twitter_misc":{"Escrito por":"Rafael Ram\u00edrez","Tiempo de lectura":"6 minutos"},"schema":{"@context":"https:\/\/schema.org","@graph":[{"@type":"Article","@id":"https:\/\/rafaramirez.org\/blog\/index.php\/2026\/03\/12\/dia-mundial-contra-la-censura-en-internet-2026\/#article","isPartOf":{"@id":"https:\/\/rafaramirez.org\/blog\/index.php\/2026\/03\/12\/dia-mundial-contra-la-censura-en-internet-2026\/"},"author":{"name":"Rafael Ram\u00edrez","@id":"https:\/\/rafaramirez.org\/blog\/#\/schema\/person\/50f43b6d60c578760d4c17bda54ab6a5"},"headline":"D\u00eda Mundial contra la Censura en Internet 2026: un grito global por la libertad digital.","datePublished":"2026-03-12T07:00:58+00:00","mainEntityOfPage":{"@id":"https:\/\/rafaramirez.org\/blog\/index.php\/2026\/03\/12\/dia-mundial-contra-la-censura-en-internet-2026\/"},"wordCount":1129,"commentCount":0,"publisher":{"@id":"https:\/\/rafaramirez.org\/blog\/#\/schema\/person\/50f43b6d60c578760d4c17bda54ab6a5"},"image":{"@id":"https:\/\/rafaramirez.org\/blog\/index.php\/2026\/03\/12\/dia-mundial-contra-la-censura-en-internet-2026\/#primaryimage"},"thumbnailUrl":"https:\/\/rafaramirez.org\/blog\/wp-content\/uploads\/2026\/03\/dIA-MUNDIAL-CONTRA-LA-CENSURA-EN-INTERNET-2026_BANNERLOG.jpg","keywords":["\"Biblioteca sin censura\" de Minecraft","\"Libertad Colateral\"","\"refugio anticensura\"","#TruthFindsAWay","Amnist\u00eda Internacional","D\u00eda Mundial contra la Censura en Internet","efem\u00e9rides","efem\u00e9rides 2026","efem\u00e9rides de marzo","lista de \"Enemigos de Internet\"","Reporteros Sin Fronteras"],"articleSection":["Efem\u00e9rides"],"inLanguage":"es","potentialAction":[{"@type":"CommentAction","name":"Comment","target":["https:\/\/rafaramirez.org\/blog\/index.php\/2026\/03\/12\/dia-mundial-contra-la-censura-en-internet-2026\/#respond"]}]},{"@type":"WebPage","@id":"https:\/\/rafaramirez.org\/blog\/index.php\/2026\/03\/12\/dia-mundial-contra-la-censura-en-internet-2026\/","url":"https:\/\/rafaramirez.org\/blog\/index.php\/2026\/03\/12\/dia-mundial-contra-la-censura-en-internet-2026\/","name":"D\u00eda Mundial contra la Censura en Internet 2026: un grito global por la libertad digital. - Blog de Rafael Ram\u00edrez","isPartOf":{"@id":"https:\/\/rafaramirez.org\/blog\/#website"},"primaryImageOfPage":{"@id":"https:\/\/rafaramirez.org\/blog\/index.php\/2026\/03\/12\/dia-mundial-contra-la-censura-en-internet-2026\/#primaryimage"},"image":{"@id":"https:\/\/rafaramirez.org\/blog\/index.php\/2026\/03\/12\/dia-mundial-contra-la-censura-en-internet-2026\/#primaryimage"},"thumbnailUrl":"https:\/\/rafaramirez.org\/blog\/wp-content\/uploads\/2026\/03\/dIA-MUNDIAL-CONTRA-LA-CENSURA-EN-INTERNET-2026_BANNERLOG.jpg","datePublished":"2026-03-12T07:00:58+00:00","description":"El D\u00eda Mundial contra la Censura en Internet se celebra cada a\u00f1o el 12 de marzo. Fue creado en 2008 por Reporteros Sin Fronteras y Amnist\u00eda Internacional","breadcrumb":{"@id":"https:\/\/rafaramirez.org\/blog\/index.php\/2026\/03\/12\/dia-mundial-contra-la-censura-en-internet-2026\/#breadcrumb"},"inLanguage":"es","potentialAction":[{"@type":"ReadAction","target":["https:\/\/rafaramirez.org\/blog\/index.php\/2026\/03\/12\/dia-mundial-contra-la-censura-en-internet-2026\/"]}]},{"@type":"ImageObject","inLanguage":"es","@id":"https:\/\/rafaramirez.org\/blog\/index.php\/2026\/03\/12\/dia-mundial-contra-la-censura-en-internet-2026\/#primaryimage","url":"https:\/\/rafaramirez.org\/blog\/wp-content\/uploads\/2026\/03\/dIA-MUNDIAL-CONTRA-LA-CENSURA-EN-INTERNET-2026_BANNERLOG.jpg","contentUrl":"https:\/\/rafaramirez.org\/blog\/wp-content\/uploads\/2026\/03\/dIA-MUNDIAL-CONTRA-LA-CENSURA-EN-INTERNET-2026_BANNERLOG.jpg","width":720,"height":440,"caption":"D\u00eda Mundial contra la Censura en Internet 2026: un grito global por la libertad digital. Blog de Rafael Ram\u00edrez."},{"@type":"BreadcrumbList","@id":"https:\/\/rafaramirez.org\/blog\/index.php\/2026\/03\/12\/dia-mundial-contra-la-censura-en-internet-2026\/#breadcrumb","itemListElement":[{"@type":"ListItem","position":1,"name":"Portada","item":"https:\/\/rafaramirez.org\/blog\/"},{"@type":"ListItem","position":2,"name":"D\u00eda Mundial contra la Censura en Internet 2026: un grito global por la libertad digital."}]},{"@type":"WebSite","@id":"https:\/\/rafaramirez.org\/blog\/#website","url":"https:\/\/rafaramirez.org\/blog\/","name":"Blog de Rafael Ram\u00edrez","description":"Un sitio social, de arte y cultura","publisher":{"@id":"https:\/\/rafaramirez.org\/blog\/#\/schema\/person\/50f43b6d60c578760d4c17bda54ab6a5"},"potentialAction":[{"@type":"SearchAction","target":{"@type":"EntryPoint","urlTemplate":"https:\/\/rafaramirez.org\/blog\/?s={search_term_string}"},"query-input":{"@type":"PropertyValueSpecification","valueRequired":true,"valueName":"search_term_string"}}],"inLanguage":"es"},{"@type":["Person","Organization"],"@id":"https:\/\/rafaramirez.org\/blog\/#\/schema\/person\/50f43b6d60c578760d4c17bda54ab6a5","name":"Rafael Ram\u00edrez","image":{"@type":"ImageObject","inLanguage":"es","@id":"https:\/\/rafaramirez.org\/blog\/wp-content\/uploads\/2024\/09\/RR_socialnetwork.jpg","url":"https:\/\/rafaramirez.org\/blog\/wp-content\/uploads\/2024\/09\/RR_socialnetwork.jpg","contentUrl":"https:\/\/rafaramirez.org\/blog\/wp-content\/uploads\/2024\/09\/RR_socialnetwork.jpg","width":600,"height":606,"caption":"Rafael Ram\u00edrez"},"logo":{"@id":"https:\/\/rafaramirez.org\/blog\/wp-content\/uploads\/2024\/09\/RR_socialnetwork.jpg"},"sameAs":["https:\/\/www.rafaramirez.org\/blog","https:\/\/www.instagram.com\/rafaramirez_ok\/","https:\/\/es.pinterest.com\/Ramirez_Rafa\/","https:\/\/x.com\/rafaramirez_ok"],"url":"https:\/\/rafaramirez.org\/blog\/index.php\/author\/rafaell_qm6j97da\/"}]}},"jetpack_publicize_connections":[],"jetpack_sharing_enabled":true,"jetpack_likes_enabled":true,"jetpack_featured_media_url":"https:\/\/rafaramirez.org\/blog\/wp-content\/uploads\/2026\/03\/dIA-MUNDIAL-CONTRA-LA-CENSURA-EN-INTERNET-2026_BANNERLOG.jpg","_links":{"self":[{"href":"https:\/\/rafaramirez.org\/blog\/index.php\/wp-json\/wp\/v2\/posts\/12069","targetHints":{"allow":["GET"]}}],"collection":[{"href":"https:\/\/rafaramirez.org\/blog\/index.php\/wp-json\/wp\/v2\/posts"}],"about":[{"href":"https:\/\/rafaramirez.org\/blog\/index.php\/wp-json\/wp\/v2\/types\/post"}],"author":[{"embeddable":true,"href":"https:\/\/rafaramirez.org\/blog\/index.php\/wp-json\/wp\/v2\/users\/1"}],"replies":[{"embeddable":true,"href":"https:\/\/rafaramirez.org\/blog\/index.php\/wp-json\/wp\/v2\/comments?post=12069"}],"version-history":[{"count":10,"href":"https:\/\/rafaramirez.org\/blog\/index.php\/wp-json\/wp\/v2\/posts\/12069\/revisions"}],"predecessor-version":[{"id":12081,"href":"https:\/\/rafaramirez.org\/blog\/index.php\/wp-json\/wp\/v2\/posts\/12069\/revisions\/12081"}],"wp:featuredmedia":[{"embeddable":true,"href":"https:\/\/rafaramirez.org\/blog\/index.php\/wp-json\/wp\/v2\/media\/12073"}],"wp:attachment":[{"href":"https:\/\/rafaramirez.org\/blog\/index.php\/wp-json\/wp\/v2\/media?parent=12069"}],"wp:term":[{"taxonomy":"category","embeddable":true,"href":"https:\/\/rafaramirez.org\/blog\/index.php\/wp-json\/wp\/v2\/categories?post=12069"},{"taxonomy":"post_tag","embeddable":true,"href":"https:\/\/rafaramirez.org\/blog\/index.php\/wp-json\/wp\/v2\/tags?post=12069"}],"curies":[{"name":"wp","href":"https:\/\/api.w.org\/{rel}","templated":true}]}}