{"id":12013,"date":"2026-03-06T08:00:19","date_gmt":"2026-03-06T07:00:19","guid":{"rendered":"https:\/\/rafaramirez.org\/blog\/?p=12013"},"modified":"2026-03-18T11:29:05","modified_gmt":"2026-03-18T10:29:05","slug":"reflexiones-entre-el-espejo-y-la-mirada-ajena-rafael-ramirez","status":"publish","type":"post","link":"https:\/\/rafaramirez.org\/blog\/index.php\/2026\/03\/06\/reflexiones-entre-el-espejo-y-la-mirada-ajena-rafael-ramirez\/","title":{"rendered":"Reflexiones: Entre el espejo y la mirada ajena."},"content":{"rendered":"<p>Hay d\u00edas en los que uno se mira al espejo y siente que la imagen le devuelve algo m\u00e1s que un rostro, le devuelve una pregunta. No siempre la formulamos en voz alta, quiz\u00e1 por pudor o por miedo a descubrir que no tenemos una respuesta clara. Pero est\u00e1 ah\u00ed, latiendo como un eco antiguo: \u00bfsoy lo que creo ser o lo que los dem\u00e1s creen que soy?<\/p>\n<p>La identidad, al fin y al cabo, es un territorio movedizo. Nos gusta imaginarla como una casa s\u00f3lida, con cimientos firmes y paredes bien pintadas, pero en realidad se parece m\u00e1s a una tienda de campa\u00f1a en mitad de un claro: basta un cambio de viento para que algo se desplace, para que una cuerda se tense o se afloje, para que la lona adopte otra forma. Y aun as\u00ed, seguimos llam\u00e1ndola \u201chogar\u201d.<\/p>\n<p>A veces pienso que la identidad es una especie de negociaci\u00f3n silenciosa. Por un lado, est\u00e1 lo que uno siente en la intimidad: esa mezcla de certezas y dudas que solo se confiesa en noches largas o en conversaciones que llegan demasiado tarde. Por otro, est\u00e1 la mirada ajena, que act\u00faa como un espejo deformante. No porque los dem\u00e1s quieran deformarnos, sino porque cada persona nos ve desde su propio \u00e1ngulo, con sus propias luces y sombras. Y entre ambas fuerzas \u2014lo que creemos y lo que proyectamos\u2014 vamos construyendo algo que se parece a nosotros, aunque nunca del todo.<\/p>\n<p>Hay quien dice que somos lo que hacemos, no lo que pensamos. Otros defienden que somos lo que sentimos, aunque nadie m\u00e1s lo vea. Y luego est\u00e1n los que creen que somos, inevitablemente, lo que los dem\u00e1s perciben, porque al fin y al cabo vivimos en sociedad y la identidad se vuelve una especie de relato compartido. Yo no tengo una respuesta definitiva y sospecho que nadie la tiene. Quiz\u00e1 porque la identidad no es algo que se posee, sino un proceso que se atraviesa.<\/p>\n<p>Lo que s\u00ed s\u00e9 es que hay un extra\u00f1o alivio en aceptar que no somos una versi\u00f3n fija de nosotros mismos. Que podemos cambiar de opini\u00f3n, de piel, de rumbo&#8230; Que podemos sorprendernos. Podemos ser distintos seg\u00fan qui\u00e9n nos mire y, aun as\u00ed, conservar un n\u00facleo \u00edntimo que solo nosotros conocemos. Ese peque\u00f1o refugio donde, de vez en cuando, nos preguntamos qui\u00e9nes somos&#8230; sin esperar una respuesta perfecta.<\/p>\n<p>Tal vez la identidad sea precisamente esa conversaci\u00f3n inacabada entre lo que creemos ser y lo que los dem\u00e1s ven en nosotros. Una conversaci\u00f3n que, si tenemos suerte, nunca termina del todo.<\/p>\n<p>Rafael Ram\u00edrez\u00a92026.<\/p>\n<ul>\n<li><a href=\"https:\/\/rafaramirez.org\/blog\/index.php\/category\/arte\/literatura\/\" target=\"_blank\" rel=\"noopener\">Otras reflexiones y lectura recomendada<\/a>.<\/li>\n<li><a href=\"https:\/\/es.pinterest.com\/Ramirez_Rafa\/\" target=\"_blank\" rel=\"noopener\">En Pinterest.<\/a><\/li>\n<\/ul>\n","protected":false},"excerpt":{"rendered":"<p>Hay d\u00edas en los que uno se mira al espejo y siente que la imagen le devuelve algo m\u00e1s que un rostro, le devuelve una pregunta. No siempre la formulamos en voz alta, quiz\u00e1 por pudor o por miedo a descubrir que no tenemos una respuesta clara. Pero est\u00e1 ah\u00ed, latiendo como un eco antiguo: [&hellip;]<\/p>\n","protected":false},"author":1,"featured_media":12014,"comment_status":"open","ping_status":"closed","sticky":false,"template":"","format":"standard","meta":{"site-container-style":"default","site-container-layout":"default","site-sidebar-layout":"default","disable-article-header":"default","disable-site-header":"default","disable-site-footer":"default","disable-content-area-spacing":"default","_jetpack_newsletter_access":"","_jetpack_dont_email_post_to_subs":false,"_jetpack_newsletter_tier_id":0,"_jetpack_memberships_contains_paywalled_content":false,"_jetpack_feature_clip_id":0,"_jetpack_memberships_contains_paid_content":false,"footnotes":"","jetpack_publicize_message":"","jetpack_publicize_feature_enabled":true,"jetpack_social_post_already_shared":true,"jetpack_social_options":{"image_generator_settings":{"template":"highway","default_image_id":0,"font":"","enabled":false},"version":2},"jetpack_post_was_ever_published":false},"categories":[710],"tags":[4147,4150,350,1796,4788,4146,4787],"class_list":["post-12013","post","type-post","status-publish","format-standard","has-post-thumbnail","hentry","category-literatura","tag-articulo-de-opinion","tag-articulo-de-rafael-ramirez","tag-para-reflexionar","tag-reflexion-personal","tag-reflexion-sobre-quien-soy","tag-reflexiones-de-rafael-ramirez","tag-soy-lo-que-creo-ser-o-lo-que-los-demas-creen"],"yoast_head":"<!-- This site is optimized with the Yoast SEO plugin v28.4 - https:\/\/yoast.com\/product\/yoast-seo-wordpress\/ -->\n<title>Reflexiones: Entre el espejo y la mirada ajena. - Blog de Rafael Ram\u00edrez<\/title>\n<meta name=\"description\" content=\"Hay d\u00edas en los que uno se mira al espejo y siente que la imagen le devuelve algo m\u00e1s que un rostro, le devuelve una pregunta. No siempre la\" \/>\n<meta name=\"robots\" content=\"index, follow, max-snippet:-1, max-image-preview:large, max-video-preview:-1\" \/>\n<link rel=\"canonical\" href=\"https:\/\/rafaramirez.org\/blog\/index.php\/2026\/03\/06\/reflexiones-entre-el-espejo-y-la-mirada-ajena-rafael-ramirez\/\" \/>\n<meta property=\"og:locale\" content=\"es_ES\" \/>\n<meta property=\"og:type\" content=\"article\" \/>\n<meta property=\"og:title\" content=\"Reflexiones: Entre el espejo y la mirada ajena. - Blog de Rafael Ram\u00edrez\" \/>\n<meta property=\"og:description\" content=\"Hay d\u00edas en los que uno se mira al espejo y siente que la imagen le devuelve algo m\u00e1s que un rostro, le devuelve una pregunta. No siempre la\" \/>\n<meta property=\"og:url\" content=\"https:\/\/rafaramirez.org\/blog\/index.php\/2026\/03\/06\/reflexiones-entre-el-espejo-y-la-mirada-ajena-rafael-ramirez\/\" \/>\n<meta property=\"og:site_name\" content=\"Blog de Rafael Ram\u00edrez\" \/>\n<meta property=\"article:published_time\" content=\"2026-03-06T07:00:19+00:00\" \/>\n<meta property=\"article:modified_time\" content=\"2026-03-18T10:29:05+00:00\" \/>\n<meta property=\"og:image\" content=\"https:\/\/rafaramirez.org\/blog\/wp-content\/uploads\/2026\/02\/Reflexiones-de-Rafael-Ramirez_bannerlog.jpg\" \/>\n\t<meta property=\"og:image:width\" content=\"720\" \/>\n\t<meta property=\"og:image:height\" content=\"440\" \/>\n\t<meta property=\"og:image:type\" content=\"image\/jpeg\" \/>\n<meta name=\"author\" content=\"Rafael Ram\u00edrez\" \/>\n<meta name=\"twitter:card\" content=\"summary_large_image\" \/>\n<meta name=\"twitter:creator\" content=\"@rafaramirez_ok\" \/>\n<meta name=\"twitter:site\" content=\"@rafaramirez_ok\" \/>\n<meta name=\"twitter:label1\" content=\"Escrito por\" \/>\n\t<meta name=\"twitter:data1\" content=\"Rafael Ram\u00edrez\" \/>\n\t<meta name=\"twitter:label2\" content=\"Tiempo de lectura\" \/>\n\t<meta name=\"twitter:data2\" content=\"3 minutos\" \/>\n<script type=\"application\/ld+json\" class=\"yoast-schema-graph\">{\"@context\":\"https:\\\/\\\/schema.org\",\"@graph\":[{\"@type\":\"Article\",\"@id\":\"https:\\\/\\\/rafaramirez.org\\\/blog\\\/index.php\\\/2026\\\/03\\\/06\\\/reflexiones-entre-el-espejo-y-la-mirada-ajena-rafael-ramirez\\\/#article\",\"isPartOf\":{\"@id\":\"https:\\\/\\\/rafaramirez.org\\\/blog\\\/index.php\\\/2026\\\/03\\\/06\\\/reflexiones-entre-el-espejo-y-la-mirada-ajena-rafael-ramirez\\\/\"},\"author\":{\"name\":\"Rafael Ram\u00edrez\",\"@id\":\"https:\\\/\\\/rafaramirez.org\\\/blog\\\/#\\\/schema\\\/person\\\/50f43b6d60c578760d4c17bda54ab6a5\"},\"headline\":\"Reflexiones: Entre el espejo y la mirada ajena.\",\"datePublished\":\"2026-03-06T07:00:19+00:00\",\"dateModified\":\"2026-03-18T10:29:05+00:00\",\"mainEntityOfPage\":{\"@id\":\"https:\\\/\\\/rafaramirez.org\\\/blog\\\/index.php\\\/2026\\\/03\\\/06\\\/reflexiones-entre-el-espejo-y-la-mirada-ajena-rafael-ramirez\\\/\"},\"wordCount\":468,\"commentCount\":0,\"publisher\":{\"@id\":\"https:\\\/\\\/rafaramirez.org\\\/blog\\\/#\\\/schema\\\/person\\\/50f43b6d60c578760d4c17bda54ab6a5\"},\"image\":{\"@id\":\"https:\\\/\\\/rafaramirez.org\\\/blog\\\/index.php\\\/2026\\\/03\\\/06\\\/reflexiones-entre-el-espejo-y-la-mirada-ajena-rafael-ramirez\\\/#primaryimage\"},\"thumbnailUrl\":\"https:\\\/\\\/rafaramirez.org\\\/blog\\\/wp-content\\\/uploads\\\/2026\\\/02\\\/Reflexiones-de-Rafael-Ramirez_bannerlog.jpg\",\"keywords\":[\"art\u00edculo de opini\u00f3n\",\"art\u00edculo de Rafael Ram\u00edrez\",\"para reflexionar\",\"reflexi\u00f3n personal\",\"reflexi\u00f3n sobre quien soy\",\"reflexiones de Rafael Ram\u00edrez\",\"soy lo que creo ser o lo que los demas creen\"],\"articleSection\":[\"Literatura\"],\"inLanguage\":\"es\",\"potentialAction\":[{\"@type\":\"CommentAction\",\"name\":\"Comment\",\"target\":[\"https:\\\/\\\/rafaramirez.org\\\/blog\\\/index.php\\\/2026\\\/03\\\/06\\\/reflexiones-entre-el-espejo-y-la-mirada-ajena-rafael-ramirez\\\/#respond\"]}]},{\"@type\":\"WebPage\",\"@id\":\"https:\\\/\\\/rafaramirez.org\\\/blog\\\/index.php\\\/2026\\\/03\\\/06\\\/reflexiones-entre-el-espejo-y-la-mirada-ajena-rafael-ramirez\\\/\",\"url\":\"https:\\\/\\\/rafaramirez.org\\\/blog\\\/index.php\\\/2026\\\/03\\\/06\\\/reflexiones-entre-el-espejo-y-la-mirada-ajena-rafael-ramirez\\\/\",\"name\":\"Reflexiones: Entre el espejo y la mirada ajena. - Blog de Rafael Ram\u00edrez\",\"isPartOf\":{\"@id\":\"https:\\\/\\\/rafaramirez.org\\\/blog\\\/#website\"},\"primaryImageOfPage\":{\"@id\":\"https:\\\/\\\/rafaramirez.org\\\/blog\\\/index.php\\\/2026\\\/03\\\/06\\\/reflexiones-entre-el-espejo-y-la-mirada-ajena-rafael-ramirez\\\/#primaryimage\"},\"image\":{\"@id\":\"https:\\\/\\\/rafaramirez.org\\\/blog\\\/index.php\\\/2026\\\/03\\\/06\\\/reflexiones-entre-el-espejo-y-la-mirada-ajena-rafael-ramirez\\\/#primaryimage\"},\"thumbnailUrl\":\"https:\\\/\\\/rafaramirez.org\\\/blog\\\/wp-content\\\/uploads\\\/2026\\\/02\\\/Reflexiones-de-Rafael-Ramirez_bannerlog.jpg\",\"datePublished\":\"2026-03-06T07:00:19+00:00\",\"dateModified\":\"2026-03-18T10:29:05+00:00\",\"description\":\"Hay d\u00edas en los que uno se mira al espejo y siente que la imagen le devuelve algo m\u00e1s que un rostro, le devuelve una pregunta. No siempre la\",\"breadcrumb\":{\"@id\":\"https:\\\/\\\/rafaramirez.org\\\/blog\\\/index.php\\\/2026\\\/03\\\/06\\\/reflexiones-entre-el-espejo-y-la-mirada-ajena-rafael-ramirez\\\/#breadcrumb\"},\"inLanguage\":\"es\",\"potentialAction\":[{\"@type\":\"ReadAction\",\"target\":[\"https:\\\/\\\/rafaramirez.org\\\/blog\\\/index.php\\\/2026\\\/03\\\/06\\\/reflexiones-entre-el-espejo-y-la-mirada-ajena-rafael-ramirez\\\/\"]}]},{\"@type\":\"ImageObject\",\"inLanguage\":\"es\",\"@id\":\"https:\\\/\\\/rafaramirez.org\\\/blog\\\/index.php\\\/2026\\\/03\\\/06\\\/reflexiones-entre-el-espejo-y-la-mirada-ajena-rafael-ramirez\\\/#primaryimage\",\"url\":\"https:\\\/\\\/rafaramirez.org\\\/blog\\\/wp-content\\\/uploads\\\/2026\\\/02\\\/Reflexiones-de-Rafael-Ramirez_bannerlog.jpg\",\"contentUrl\":\"https:\\\/\\\/rafaramirez.org\\\/blog\\\/wp-content\\\/uploads\\\/2026\\\/02\\\/Reflexiones-de-Rafael-Ramirez_bannerlog.jpg\",\"width\":720,\"height\":440,\"caption\":\"Reflexiones: Entre el espejo y la mirada ajena. Blog de Rafael Ram\u00edrez.\"},{\"@type\":\"BreadcrumbList\",\"@id\":\"https:\\\/\\\/rafaramirez.org\\\/blog\\\/index.php\\\/2026\\\/03\\\/06\\\/reflexiones-entre-el-espejo-y-la-mirada-ajena-rafael-ramirez\\\/#breadcrumb\",\"itemListElement\":[{\"@type\":\"ListItem\",\"position\":1,\"name\":\"Portada\",\"item\":\"https:\\\/\\\/rafaramirez.org\\\/blog\\\/\"},{\"@type\":\"ListItem\",\"position\":2,\"name\":\"Reflexiones: Entre el espejo y la mirada ajena.\"}]},{\"@type\":\"WebSite\",\"@id\":\"https:\\\/\\\/rafaramirez.org\\\/blog\\\/#website\",\"url\":\"https:\\\/\\\/rafaramirez.org\\\/blog\\\/\",\"name\":\"Blog de Rafael Ram\u00edrez\",\"description\":\"Un sitio social, de arte y cultura\",\"publisher\":{\"@id\":\"https:\\\/\\\/rafaramirez.org\\\/blog\\\/#\\\/schema\\\/person\\\/50f43b6d60c578760d4c17bda54ab6a5\"},\"potentialAction\":[{\"@type\":\"SearchAction\",\"target\":{\"@type\":\"EntryPoint\",\"urlTemplate\":\"https:\\\/\\\/rafaramirez.org\\\/blog\\\/?s={search_term_string}\"},\"query-input\":{\"@type\":\"PropertyValueSpecification\",\"valueRequired\":true,\"valueName\":\"search_term_string\"}}],\"inLanguage\":\"es\"},{\"@type\":[\"Person\",\"Organization\"],\"@id\":\"https:\\\/\\\/rafaramirez.org\\\/blog\\\/#\\\/schema\\\/person\\\/50f43b6d60c578760d4c17bda54ab6a5\",\"name\":\"Rafael Ram\u00edrez\",\"image\":{\"@type\":\"ImageObject\",\"inLanguage\":\"es\",\"@id\":\"https:\\\/\\\/rafaramirez.org\\\/blog\\\/wp-content\\\/uploads\\\/2024\\\/09\\\/RR_socialnetwork.jpg\",\"url\":\"https:\\\/\\\/rafaramirez.org\\\/blog\\\/wp-content\\\/uploads\\\/2024\\\/09\\\/RR_socialnetwork.jpg\",\"contentUrl\":\"https:\\\/\\\/rafaramirez.org\\\/blog\\\/wp-content\\\/uploads\\\/2024\\\/09\\\/RR_socialnetwork.jpg\",\"width\":600,\"height\":606,\"caption\":\"Rafael Ram\u00edrez\"},\"logo\":{\"@id\":\"https:\\\/\\\/rafaramirez.org\\\/blog\\\/wp-content\\\/uploads\\\/2024\\\/09\\\/RR_socialnetwork.jpg\"},\"sameAs\":[\"https:\\\/\\\/www.rafaramirez.org\\\/blog\",\"https:\\\/\\\/www.instagram.com\\\/rafaramirez_ok\\\/\",\"https:\\\/\\\/es.pinterest.com\\\/Ramirez_Rafa\\\/\",\"https:\\\/\\\/x.com\\\/rafaramirez_ok\"],\"url\":\"https:\\\/\\\/rafaramirez.org\\\/blog\\\/index.php\\\/author\\\/rafaell_qm6j97da\\\/\"}]}<\/script>\n<!-- \/ Yoast SEO plugin. -->","yoast_head_json":{"title":"Reflexiones: Entre el espejo y la mirada ajena. - Blog de Rafael Ram\u00edrez","description":"Hay d\u00edas en los que uno se mira al espejo y siente que la imagen le devuelve algo m\u00e1s que un rostro, le devuelve una pregunta. No siempre la","robots":{"index":"index","follow":"follow","max-snippet":"max-snippet:-1","max-image-preview":"max-image-preview:large","max-video-preview":"max-video-preview:-1"},"canonical":"https:\/\/rafaramirez.org\/blog\/index.php\/2026\/03\/06\/reflexiones-entre-el-espejo-y-la-mirada-ajena-rafael-ramirez\/","og_locale":"es_ES","og_type":"article","og_title":"Reflexiones: Entre el espejo y la mirada ajena. - Blog de Rafael Ram\u00edrez","og_description":"Hay d\u00edas en los que uno se mira al espejo y siente que la imagen le devuelve algo m\u00e1s que un rostro, le devuelve una pregunta. No siempre la","og_url":"https:\/\/rafaramirez.org\/blog\/index.php\/2026\/03\/06\/reflexiones-entre-el-espejo-y-la-mirada-ajena-rafael-ramirez\/","og_site_name":"Blog de Rafael Ram\u00edrez","article_published_time":"2026-03-06T07:00:19+00:00","article_modified_time":"2026-03-18T10:29:05+00:00","og_image":[{"width":720,"height":440,"url":"https:\/\/rafaramirez.org\/blog\/wp-content\/uploads\/2026\/02\/Reflexiones-de-Rafael-Ramirez_bannerlog.jpg","type":"image\/jpeg"}],"author":"Rafael Ram\u00edrez","twitter_card":"summary_large_image","twitter_creator":"@rafaramirez_ok","twitter_site":"@rafaramirez_ok","twitter_misc":{"Escrito por":"Rafael Ram\u00edrez","Tiempo de lectura":"3 minutos"},"schema":{"@context":"https:\/\/schema.org","@graph":[{"@type":"Article","@id":"https:\/\/rafaramirez.org\/blog\/index.php\/2026\/03\/06\/reflexiones-entre-el-espejo-y-la-mirada-ajena-rafael-ramirez\/#article","isPartOf":{"@id":"https:\/\/rafaramirez.org\/blog\/index.php\/2026\/03\/06\/reflexiones-entre-el-espejo-y-la-mirada-ajena-rafael-ramirez\/"},"author":{"name":"Rafael Ram\u00edrez","@id":"https:\/\/rafaramirez.org\/blog\/#\/schema\/person\/50f43b6d60c578760d4c17bda54ab6a5"},"headline":"Reflexiones: Entre el espejo y la mirada ajena.","datePublished":"2026-03-06T07:00:19+00:00","dateModified":"2026-03-18T10:29:05+00:00","mainEntityOfPage":{"@id":"https:\/\/rafaramirez.org\/blog\/index.php\/2026\/03\/06\/reflexiones-entre-el-espejo-y-la-mirada-ajena-rafael-ramirez\/"},"wordCount":468,"commentCount":0,"publisher":{"@id":"https:\/\/rafaramirez.org\/blog\/#\/schema\/person\/50f43b6d60c578760d4c17bda54ab6a5"},"image":{"@id":"https:\/\/rafaramirez.org\/blog\/index.php\/2026\/03\/06\/reflexiones-entre-el-espejo-y-la-mirada-ajena-rafael-ramirez\/#primaryimage"},"thumbnailUrl":"https:\/\/rafaramirez.org\/blog\/wp-content\/uploads\/2026\/02\/Reflexiones-de-Rafael-Ramirez_bannerlog.jpg","keywords":["art\u00edculo de opini\u00f3n","art\u00edculo de Rafael Ram\u00edrez","para reflexionar","reflexi\u00f3n personal","reflexi\u00f3n sobre quien soy","reflexiones de Rafael Ram\u00edrez","soy lo que creo ser o lo que los demas creen"],"articleSection":["Literatura"],"inLanguage":"es","potentialAction":[{"@type":"CommentAction","name":"Comment","target":["https:\/\/rafaramirez.org\/blog\/index.php\/2026\/03\/06\/reflexiones-entre-el-espejo-y-la-mirada-ajena-rafael-ramirez\/#respond"]}]},{"@type":"WebPage","@id":"https:\/\/rafaramirez.org\/blog\/index.php\/2026\/03\/06\/reflexiones-entre-el-espejo-y-la-mirada-ajena-rafael-ramirez\/","url":"https:\/\/rafaramirez.org\/blog\/index.php\/2026\/03\/06\/reflexiones-entre-el-espejo-y-la-mirada-ajena-rafael-ramirez\/","name":"Reflexiones: Entre el espejo y la mirada ajena. - Blog de Rafael Ram\u00edrez","isPartOf":{"@id":"https:\/\/rafaramirez.org\/blog\/#website"},"primaryImageOfPage":{"@id":"https:\/\/rafaramirez.org\/blog\/index.php\/2026\/03\/06\/reflexiones-entre-el-espejo-y-la-mirada-ajena-rafael-ramirez\/#primaryimage"},"image":{"@id":"https:\/\/rafaramirez.org\/blog\/index.php\/2026\/03\/06\/reflexiones-entre-el-espejo-y-la-mirada-ajena-rafael-ramirez\/#primaryimage"},"thumbnailUrl":"https:\/\/rafaramirez.org\/blog\/wp-content\/uploads\/2026\/02\/Reflexiones-de-Rafael-Ramirez_bannerlog.jpg","datePublished":"2026-03-06T07:00:19+00:00","dateModified":"2026-03-18T10:29:05+00:00","description":"Hay d\u00edas en los que uno se mira al espejo y siente que la imagen le devuelve algo m\u00e1s que un rostro, le devuelve una pregunta. No siempre la","breadcrumb":{"@id":"https:\/\/rafaramirez.org\/blog\/index.php\/2026\/03\/06\/reflexiones-entre-el-espejo-y-la-mirada-ajena-rafael-ramirez\/#breadcrumb"},"inLanguage":"es","potentialAction":[{"@type":"ReadAction","target":["https:\/\/rafaramirez.org\/blog\/index.php\/2026\/03\/06\/reflexiones-entre-el-espejo-y-la-mirada-ajena-rafael-ramirez\/"]}]},{"@type":"ImageObject","inLanguage":"es","@id":"https:\/\/rafaramirez.org\/blog\/index.php\/2026\/03\/06\/reflexiones-entre-el-espejo-y-la-mirada-ajena-rafael-ramirez\/#primaryimage","url":"https:\/\/rafaramirez.org\/blog\/wp-content\/uploads\/2026\/02\/Reflexiones-de-Rafael-Ramirez_bannerlog.jpg","contentUrl":"https:\/\/rafaramirez.org\/blog\/wp-content\/uploads\/2026\/02\/Reflexiones-de-Rafael-Ramirez_bannerlog.jpg","width":720,"height":440,"caption":"Reflexiones: Entre el espejo y la mirada ajena. Blog de Rafael Ram\u00edrez."},{"@type":"BreadcrumbList","@id":"https:\/\/rafaramirez.org\/blog\/index.php\/2026\/03\/06\/reflexiones-entre-el-espejo-y-la-mirada-ajena-rafael-ramirez\/#breadcrumb","itemListElement":[{"@type":"ListItem","position":1,"name":"Portada","item":"https:\/\/rafaramirez.org\/blog\/"},{"@type":"ListItem","position":2,"name":"Reflexiones: Entre el espejo y la mirada ajena."}]},{"@type":"WebSite","@id":"https:\/\/rafaramirez.org\/blog\/#website","url":"https:\/\/rafaramirez.org\/blog\/","name":"Blog de Rafael Ram\u00edrez","description":"Un sitio social, de arte y cultura","publisher":{"@id":"https:\/\/rafaramirez.org\/blog\/#\/schema\/person\/50f43b6d60c578760d4c17bda54ab6a5"},"potentialAction":[{"@type":"SearchAction","target":{"@type":"EntryPoint","urlTemplate":"https:\/\/rafaramirez.org\/blog\/?s={search_term_string}"},"query-input":{"@type":"PropertyValueSpecification","valueRequired":true,"valueName":"search_term_string"}}],"inLanguage":"es"},{"@type":["Person","Organization"],"@id":"https:\/\/rafaramirez.org\/blog\/#\/schema\/person\/50f43b6d60c578760d4c17bda54ab6a5","name":"Rafael Ram\u00edrez","image":{"@type":"ImageObject","inLanguage":"es","@id":"https:\/\/rafaramirez.org\/blog\/wp-content\/uploads\/2024\/09\/RR_socialnetwork.jpg","url":"https:\/\/rafaramirez.org\/blog\/wp-content\/uploads\/2024\/09\/RR_socialnetwork.jpg","contentUrl":"https:\/\/rafaramirez.org\/blog\/wp-content\/uploads\/2024\/09\/RR_socialnetwork.jpg","width":600,"height":606,"caption":"Rafael Ram\u00edrez"},"logo":{"@id":"https:\/\/rafaramirez.org\/blog\/wp-content\/uploads\/2024\/09\/RR_socialnetwork.jpg"},"sameAs":["https:\/\/www.rafaramirez.org\/blog","https:\/\/www.instagram.com\/rafaramirez_ok\/","https:\/\/es.pinterest.com\/Ramirez_Rafa\/","https:\/\/x.com\/rafaramirez_ok"],"url":"https:\/\/rafaramirez.org\/blog\/index.php\/author\/rafaell_qm6j97da\/"}]}},"jetpack_publicize_connections":[],"jetpack_sharing_enabled":true,"jetpack_likes_enabled":true,"jetpack_featured_media_url":"https:\/\/rafaramirez.org\/blog\/wp-content\/uploads\/2026\/02\/Reflexiones-de-Rafael-Ramirez_bannerlog.jpg","_links":{"self":[{"href":"https:\/\/rafaramirez.org\/blog\/index.php\/wp-json\/wp\/v2\/posts\/12013","targetHints":{"allow":["GET"]}}],"collection":[{"href":"https:\/\/rafaramirez.org\/blog\/index.php\/wp-json\/wp\/v2\/posts"}],"about":[{"href":"https:\/\/rafaramirez.org\/blog\/index.php\/wp-json\/wp\/v2\/types\/post"}],"author":[{"embeddable":true,"href":"https:\/\/rafaramirez.org\/blog\/index.php\/wp-json\/wp\/v2\/users\/1"}],"replies":[{"embeddable":true,"href":"https:\/\/rafaramirez.org\/blog\/index.php\/wp-json\/wp\/v2\/comments?post=12013"}],"version-history":[{"count":4,"href":"https:\/\/rafaramirez.org\/blog\/index.php\/wp-json\/wp\/v2\/posts\/12013\/revisions"}],"predecessor-version":[{"id":12438,"href":"https:\/\/rafaramirez.org\/blog\/index.php\/wp-json\/wp\/v2\/posts\/12013\/revisions\/12438"}],"wp:featuredmedia":[{"embeddable":true,"href":"https:\/\/rafaramirez.org\/blog\/index.php\/wp-json\/wp\/v2\/media\/12014"}],"wp:attachment":[{"href":"https:\/\/rafaramirez.org\/blog\/index.php\/wp-json\/wp\/v2\/media?parent=12013"}],"wp:term":[{"taxonomy":"category","embeddable":true,"href":"https:\/\/rafaramirez.org\/blog\/index.php\/wp-json\/wp\/v2\/categories?post=12013"},{"taxonomy":"post_tag","embeddable":true,"href":"https:\/\/rafaramirez.org\/blog\/index.php\/wp-json\/wp\/v2\/tags?post=12013"}],"curies":[{"name":"wp","href":"https:\/\/api.w.org\/{rel}","templated":true}]}}