{"id":11980,"date":"2026-03-05T08:00:43","date_gmt":"2026-03-05T07:00:43","guid":{"rendered":"https:\/\/rafaramirez.org\/blog\/?p=11980"},"modified":"2026-03-05T08:19:41","modified_gmt":"2026-03-05T07:19:41","slug":"latinoamerica-revelada-memorias-en-blanco-y-negro","status":"publish","type":"post","link":"https:\/\/rafaramirez.org\/blog\/index.php\/2026\/03\/05\/latinoamerica-revelada-memorias-en-blanco-y-negro\/","title":{"rendered":"Latinoam\u00e9rica revelada: memorias en blanco y negro."},"content":{"rendered":"<p>En aquellas fotograf\u00edas en blanco y negro, nacidas entre dos siglos, la luz parece respirar con una calma antigua. Los rostros de las monta\u00f1as latinoamericanas se recortan como silencios inmensos y los lagos, quietos y casi ceremoniales, reflejan un cielo que a\u00fan no conoce el ruido del mundo moderno. En sus orillas, barcazas de madera avanzan con la paciencia de quienes saben interpretar la corriente, mientras los barcos de vapor, orgullosos y humeantes, anuncian un tiempo que empieza a cambiar.<\/p>\n<p>Las personas que habitan esas im\u00e1genes miran a la c\u00e1mara con una mezcla de timidez y firmeza. Rostros ind\u00edgenas que llevan en la piel la memoria de generaciones; alg\u00fan viajero europeo que posa con gesto r\u00edgido, como si temiera que el obturador capturara m\u00e1s de lo que desea mostrar. J\u00f3venes que se arreglan el sombrero antes de hacerse la foto, agricultores que paran un momento la faena para quedar inscritos en la historia sin saberlo.<\/p>\n<p>En los cafetales, las manos recolectan granos como quien recoge amaneceres. Hay algo profundamente humano en la forma en que se inclinan, en la manera en que el polvo de la tierra se mezcla con la luz. Todo parece suspendido en un tiempo que no corre, un tiempo que observa.<\/p>\n<p>No son solo im\u00e1genes de un paisaje o un oficio: revelan un continente en tr\u00e1nsito, un mosaico de vidas que, sin propon\u00e9rselo, dejaron en la emulsi\u00f3n fotogr\u00e1fica la huella de un mundo que ya no existe y que sigue respirando cada vez que alguien las mira.<\/p>\n<style id=\"bwg-style-0\">      #bwg_container1_0 #bwg_container2_0 #bwg_mosaic_thumbnails_div_0 {        width: 100%;        position: relative;        background-color: rgba(255, 255, 255, 0.00);        text-align: center;        justify-content: center;                  margin-left: auto;          margin-right: auto;                    padding-left: 2px;          padding-top: 2px;                }          #bwg_container1_0 #bwg_container2_0 .bwg_mosaic_thumb_spun_0 {        display: block;        position: absolute;\t\t\t\tborder-radius: 0;\t\t\t\tborder: 0px none #CCCCCC;    \t\t    \t\tbackground-color:rgba(0,0,0, 0.30);        -moz-box-sizing: content-box !important;        -webkit-box-sizing: content-box !important;        box-sizing: content-box !important;      }\t\t\t#bwg_container1_0 #bwg_container2_0 .bwg_mosaic_thumb_0 {\t\t\t\tdisplay: block;\t\t\t\t-moz-box-sizing: content-box !important;\t\t\t\t-webkit-box-sizing: content-box !important;\t\t\t\tbox-sizing: content-box !important;\t\t\t\tmargin: 0;\t\t\t\topacity: 1.00;\t\t\t}      #bwg_container1_0 #bwg_container2_0 .bwg_mosaic_thumb_spun_0:hover {        opacity: 1;        backface-visibility: hidden;        -webkit-backface-visibility: hidden;        -moz-backface-visibility: hidden;        -ms-backface-visibility: hidden;        z-index: 102;      }\t     @media only screen and (min-width: 480px) {\t\t#bwg_container1_0 #bwg_container2_0 .bwg-container-0.bwg-mosaic-thumbnails .bwg-item0 img {\t\t\t-webkit-transition: -webkit-transform .3s; transition: transform .3s;\t\t}\t\t#bwg_container1_0 #bwg_container2_0 .bwg-container-0.bwg-mosaic-thumbnails .bwg-item0 img:hover {\t\t\t-ms-transform: scale(1.08);\t\t\t-webkit-transform: scale(1.08);\t\t\ttransform: scale(1.08);\t\t}\t\t      }\t      #bwg_container1_0 #bwg_container2_0 .bwg_mosaic_thumbnails_0 {        background-color: rgba(255, 255, 255, 0.00);        font-size: 0;        position: relative;        text-align: center;        display: inline-block;        visibility: hidden;              }\t  \/*image title styles*\/      #bwg_container1_0 #bwg_container2_0 .bwg_mosaic_title_spun1_0,      #bwg_container1_0 #bwg_container2_0 .bwg-mosaic-thumbnails .bwg_ecommerce_spun1_0 {        position: absolute;        display: block;        opacity: 0;        box-sizing: border-box;        text-align: center;\t\t\t\ttop: 50%;\t\t\t\tleft: 50%;\t\t\t\ttransform: translate(-50%, -50%);      }      #bwg_container1_0 #bwg_container2_0 .bwg-mosaic-thumbnails .bwg_mosaic_title_spun2_0,      #bwg_container1_0 #bwg_container2_0 .bwg-mosaic-thumbnails .bwg_ecommerce_spun2_0 {\t\t    color: #323A45;        font-family: Ubuntu;        font-size: 16px;        font-weight: bold;        text-shadow: ;        vertical-align: middle;        word-wrap: break-word;      }            .bwg_mosaic_play_icon_spun_0 {        display: table;        position: absolute;        left: -10000px;        top: 0px;        opacity: 0;      }      .bwg_mosaic_play_icon_0 {        color: #323A45;        font-size: 32px;        vertical-align: middle;        display: table-cell !important;        z-index: 1;        text-align: center;        margin: 0 auto;      }      #bwg_container1_0 #bwg_container2_0 .bwg_gal_title_0 {        background-color: rgba(0, 0, 0, 0);        color: #323A45;        display: block;        font-family: Ubuntu;        font-size: 16px;        font-weight: bold;        padding: 2px;        text-shadow: ;        text-align: center;      }            @media screen and (max-width: 350px) {      div[class^=\"bwg_mosaic_thumbnails_\"],      span[class^=\"bwg_mosaic_thumb_spun_\"] {      width: 100% !important;      }      img[class^=\"bwg_mosaic_thumb_\"] {      width: 100% !important;      height: auto !important;      margin: 0px auto !important;      }      }      <\/style>    <div id=\"bwg_container1_0\"         class=\"bwg_container bwg_thumbnail bwg_thumbnails_mosaic \"         data-right-click-protection=\"1\"         data-bwg=\"0\"         data-scroll=\"0\"         data-gallery-type=\"thumbnails_mosaic\"         data-gallery-view-type=\"thumbnails_mosaic\"         data-current-url=\"\/blog\/index.php\/wp-json\/wp\/v2\/posts\/11980\"         data-lightbox-url=\"https:\/\/rafaramirez.org\/blog\/wp-admin\/admin-ajax.php?action=GalleryBox&#038;current_view=0&#038;gallery_id=87&#038;tag=0&#038;theme_id=1&#038;shortcode_id=181&#038;sort_by=order&#038;order_by=asc&#038;current_url=%2Fblog%2Findex.php%2Fwp-json%2Fwp%2Fv2%2Fposts%2F11980\"         data-gallery-id=\"87\"         data-popup-width=\"800\"         data-popup-height=\"500\"         data-is-album=\"gallery\"         data-buttons-position=\"bottom\">      <div id=\"bwg_container2_0\">             <div id=\"ajax_loading_0\" class=\"bwg_loading_div_1\">      <div class=\"bwg_loading_div_2\">        <div class=\"bwg_loading_div_3\">          <div id=\"loading_div_0\" class=\"bwg_spider_ajax_loading\">          <\/div>        <\/div>      <\/div>    <\/div>            <form id=\"gal_front_form_0\"              class=\"bwg-hidden\"              method=\"post\"              action=\"#\"              data-current=\"0\"              data-shortcode-id=\"181\"              data-gallery-type=\"thumbnails_mosaic\"              data-gallery-id=\"87\"              data-tag=\"0\"              data-album-id=\"0\"              data-theme-id=\"1\"              data-ajax-url=\"https:\/\/rafaramirez.org\/blog\/wp-admin\/admin-ajax.php?action=bwg_frontend_data\">          <div id=\"bwg_container3_0\" class=\"bwg-background bwg-background-0\">                <div id=\"bwg_mosaic_thumbnails_div_0\"         class=\"bwg-container-0 bwg-container bwg-mosaic-thumbnails\"         data-bwg=\"0\"         data-mosaic-direction=\"vertical\"         data-resizable=\"0\"         data-width=\"250\"         data-height=\"250\"         data-total-width=\"100\"         data-block-id=\"bwg_thumbnails_mosaic_0\"         data-thumb-padding=\"2\"         data-thumb-border=\"0\"         data-title-margin=\"2px\"         data-image-title=\"none\"         data-play-icon=\"1\"         data-ecommerce-icon=\"none\"         data-gallery-id=\"87\"         data-lightbox-url=\"https:\/\/rafaramirez.org\/blog\/wp-admin\/admin-ajax.php?action=GalleryBox&#038;current_view=0&#038;gallery_id=87&#038;tag=0&#038;theme_id=1&#038;shortcode_id=181&#038;sort_by=order&#038;order_by=asc&#038;current_url=%2Fblog%2Findex.php%2Fwp-json%2Fwp%2Fv2%2Fposts%2F11980\"         data-mosaic-thumb-transition=\"1\"         style=\"visibility: hidden\" >      <div id=\"bwg_thumbnails_mosaic_0\" class=\"bwg_mosaic_thumbnails_0\">                  <a  class=\"bwg-a bwg_lightbox bwg_lightbox_0\" href=\"https:\/\/rafaramirez.org\/blog\/wp-content\/uploads\/photo-gallery\/imported_from_media_libray\/15583564404_d18fbee198_k_OK.jpg?bwg=1770721849\" data-image-id=\"1032\" data-elementor-open-lightbox=\"no\">          <div class=\"bwg_mosaic_thumb_spun_0 bwg-item0 bwg-mosaic-thumb-span \">            <img decoding=\"async\" class=\"bwg_mosaic_thumb_0 skip-lazy bwg_img_clear bwg_img_custom \"                 id=\"1032\"                 src=\"https:\/\/rafaramirez.org\/blog\/wp-content\/uploads\/photo-gallery\/imported_from_media_libray\/thumb\/15583564404_d18fbee198_k_OK.jpg?bwg=1770721849\"                 data-src=\"https:\/\/rafaramirez.org\/blog\/wp-content\/uploads\/photo-gallery\/imported_from_media_libray\/thumb\/15583564404_d18fbee198_k_OK.jpg?bwg=1770721849\"                 data-width=\"500.00\"                 data-height=\"328.00\"                 alt=\"Indias.\"                 title=\"Indias.\" \/>                      <\/div>        <\/a>                <a  class=\"bwg-a bwg_lightbox bwg_lightbox_0\" href=\"https:\/\/rafaramirez.org\/blog\/wp-content\/uploads\/photo-gallery\/imported_from_media_libray\/15630996104_3e965a820a_k_OK.jpg?bwg=1770721849\" data-image-id=\"1033\" data-elementor-open-lightbox=\"no\">          <div class=\"bwg_mosaic_thumb_spun_0 bwg-item0 bwg-mosaic-thumb-span \">            <img decoding=\"async\" class=\"bwg_mosaic_thumb_0 skip-lazy bwg_img_clear bwg_img_custom \"                 id=\"1033\"                 src=\"https:\/\/rafaramirez.org\/blog\/wp-content\/uploads\/photo-gallery\/imported_from_media_libray\/thumb\/15630996104_3e965a820a_k_OK.jpg?bwg=1770721849\"                 data-src=\"https:\/\/rafaramirez.org\/blog\/wp-content\/uploads\/photo-gallery\/imported_from_media_libray\/thumb\/15630996104_3e965a820a_k_OK.jpg?bwg=1770721849\"                 data-width=\"369.00\"                 data-height=\"500.00\"                 alt=\"Bernardo Humaza. \"                 title=\"Bernardo Humaza. \" \/>                      <\/div>        <\/a>                <a  class=\"bwg-a bwg_lightbox bwg_lightbox_0\" href=\"https:\/\/rafaramirez.org\/blog\/wp-content\/uploads\/photo-gallery\/imported_from_media_libray\/15710485314_7e522be23a_k_OK.jpg?bwg=1770721849\" data-image-id=\"1034\" data-elementor-open-lightbox=\"no\">          <div class=\"bwg_mosaic_thumb_spun_0 bwg-item0 bwg-mosaic-thumb-span \">            <img decoding=\"async\" class=\"bwg_mosaic_thumb_0 skip-lazy bwg_img_clear bwg_img_custom \"                 id=\"1034\"                 src=\"https:\/\/rafaramirez.org\/blog\/wp-content\/uploads\/photo-gallery\/imported_from_media_libray\/thumb\/15710485314_7e522be23a_k_OK.jpg?bwg=1770721849\"                 data-src=\"https:\/\/rafaramirez.org\/blog\/wp-content\/uploads\/photo-gallery\/imported_from_media_libray\/thumb\/15710485314_7e522be23a_k_OK.jpg?bwg=1770721849\"                 data-width=\"500.00\"                 data-height=\"319.00\"                 alt=\"Peque\u00f1a cascada.\"                 title=\"Peque\u00f1a cascada.\" \/>                      <\/div>        <\/a>                <a  class=\"bwg-a bwg_lightbox bwg_lightbox_0\" href=\"https:\/\/rafaramirez.org\/blog\/wp-content\/uploads\/photo-gallery\/imported_from_media_libray\/15997309380_5774904227_k_OK.jpg?bwg=1770721849\" data-image-id=\"1035\" data-elementor-open-lightbox=\"no\">          <div class=\"bwg_mosaic_thumb_spun_0 bwg-item0 bwg-mosaic-thumb-span \">            <img decoding=\"async\" class=\"bwg_mosaic_thumb_0 skip-lazy bwg_img_clear bwg_img_custom \"                 id=\"1035\"                 src=\"https:\/\/rafaramirez.org\/blog\/wp-content\/uploads\/photo-gallery\/imported_from_media_libray\/thumb\/15997309380_5774904227_k_OK.jpg?bwg=1770721849\"                 data-src=\"https:\/\/rafaramirez.org\/blog\/wp-content\/uploads\/photo-gallery\/imported_from_media_libray\/thumb\/15997309380_5774904227_k_OK.jpg?bwg=1770721849\"                 data-width=\"500.00\"                 data-height=\"380.00\"                 alt=\"Epidemia de viruela. \"                 title=\"Epidemia de viruela. \" \/>                      <\/div>        <\/a>                <a  class=\"bwg-a bwg_lightbox bwg_lightbox_0\" href=\"https:\/\/rafaramirez.org\/blog\/wp-content\/uploads\/photo-gallery\/imported_from_media_libray\/16100298958_428b4f7679_k_OK.jpg?bwg=1770721849\" data-image-id=\"1036\" data-elementor-open-lightbox=\"no\">          <div class=\"bwg_mosaic_thumb_spun_0 bwg-item0 bwg-mosaic-thumb-span \">            <img decoding=\"async\" class=\"bwg_mosaic_thumb_0 skip-lazy bwg_img_clear bwg_img_custom \"                 id=\"1036\"                 src=\"https:\/\/rafaramirez.org\/blog\/wp-content\/uploads\/photo-gallery\/imported_from_media_libray\/thumb\/16100298958_428b4f7679_k_OK.jpg?bwg=1770721849\"                 data-src=\"https:\/\/rafaramirez.org\/blog\/wp-content\/uploads\/photo-gallery\/imported_from_media_libray\/thumb\/16100298958_428b4f7679_k_OK.jpg?bwg=1770721849\"                 data-width=\"500.00\"                 data-height=\"353.00\"                 alt=\"Los vapores \u00abAymor\u00e9\u00bb y \u00abSucre\u00bb en el r\u00edo Madeira. \"                 title=\"Los vapores \u00abAymor\u00e9\u00bb y \u00abSucre\u00bb en el r\u00edo Madeira. \" \/>                      <\/div>        <\/a>                <a  class=\"bwg-a bwg_lightbox bwg_lightbox_0\" href=\"https:\/\/rafaramirez.org\/blog\/wp-content\/uploads\/photo-gallery\/imported_from_media_libray\/16138273238_099301b14a_k_OK.jpg?bwg=1770721849\" data-image-id=\"1037\" data-elementor-open-lightbox=\"no\">          <div class=\"bwg_mosaic_thumb_spun_0 bwg-item0 bwg-mosaic-thumb-span \">            <img decoding=\"async\" class=\"bwg_mosaic_thumb_0 skip-lazy bwg_img_clear bwg_img_custom \"                 id=\"1037\"                 src=\"https:\/\/rafaramirez.org\/blog\/wp-content\/uploads\/photo-gallery\/imported_from_media_libray\/thumb\/16138273238_099301b14a_k_OK.jpg?bwg=1770721849\"                 data-src=\"https:\/\/rafaramirez.org\/blog\/wp-content\/uploads\/photo-gallery\/imported_from_media_libray\/thumb\/16138273238_099301b14a_k_OK.jpg?bwg=1770721849\"                 data-width=\"500.00\"                 data-height=\"319.00\"                 alt=\"Un batel\u00f3n. \"                 title=\"Un batel\u00f3n. \" \/>                      <\/div>        <\/a>                <a  class=\"bwg-a bwg_lightbox bwg_lightbox_0\" href=\"https:\/\/rafaramirez.org\/blog\/wp-content\/uploads\/photo-gallery\/imported_from_media_libray\/16363164451_0e8cfd4d24_k_OK.jpg?bwg=1770721849\" data-image-id=\"1038\" data-elementor-open-lightbox=\"no\">          <div class=\"bwg_mosaic_thumb_spun_0 bwg-item0 bwg-mosaic-thumb-span \">            <img decoding=\"async\" class=\"bwg_mosaic_thumb_0 skip-lazy bwg_img_clear bwg_img_custom \"                 id=\"1038\"                 src=\"https:\/\/rafaramirez.org\/blog\/wp-content\/uploads\/photo-gallery\/imported_from_media_libray\/thumb\/16363164451_0e8cfd4d24_k_OK.jpg?bwg=1770721849\"                 data-src=\"https:\/\/rafaramirez.org\/blog\/wp-content\/uploads\/photo-gallery\/imported_from_media_libray\/thumb\/16363164451_0e8cfd4d24_k_OK.jpg?bwg=1770721849\"                 data-width=\"500.00\"                 data-height=\"365.00\"                 alt=\"Casa Arnold. \"                 title=\"Casa Arnold. \" \/>                      <\/div>        <\/a>                <a  class=\"bwg-a bwg_lightbox bwg_lightbox_0\" href=\"https:\/\/rafaramirez.org\/blog\/wp-content\/uploads\/photo-gallery\/imported_from_media_libray\/17863146339_95259ff3d4_k_OK.jpg?bwg=1770721849\" data-image-id=\"1039\" data-elementor-open-lightbox=\"no\">          <div class=\"bwg_mosaic_thumb_spun_0 bwg-item0 bwg-mosaic-thumb-span \">            <img decoding=\"async\" class=\"bwg_mosaic_thumb_0 skip-lazy bwg_img_clear bwg_img_custom \"                 id=\"1039\"                 src=\"https:\/\/rafaramirez.org\/blog\/wp-content\/uploads\/photo-gallery\/imported_from_media_libray\/thumb\/17863146339_95259ff3d4_k_OK.jpg?bwg=1770721849\"                 data-src=\"https:\/\/rafaramirez.org\/blog\/wp-content\/uploads\/photo-gallery\/imported_from_media_libray\/thumb\/17863146339_95259ff3d4_k_OK.jpg?bwg=1770721849\"                 data-width=\"314.00\"                 data-height=\"500.00\"                 alt=\"El anciano de los Andes. \"                 title=\"El anciano de los Andes. \" \/>                      <\/div>        <\/a>                <a  class=\"bwg-a bwg_lightbox bwg_lightbox_0\" href=\"https:\/\/rafaramirez.org\/blog\/wp-content\/uploads\/photo-gallery\/imported_from_media_libray\/17935621188_7c2119b40b_k_OK.jpg?bwg=1770721849\" data-image-id=\"1040\" data-elementor-open-lightbox=\"no\">          <div class=\"bwg_mosaic_thumb_spun_0 bwg-item0 bwg-mosaic-thumb-span \">            <img decoding=\"async\" class=\"bwg_mosaic_thumb_0 skip-lazy bwg_img_clear bwg_img_custom \"                 id=\"1040\"                 src=\"https:\/\/rafaramirez.org\/blog\/wp-content\/uploads\/photo-gallery\/imported_from_media_libray\/thumb\/17935621188_7c2119b40b_k_OK.jpg?bwg=1770721849\"                 data-src=\"https:\/\/rafaramirez.org\/blog\/wp-content\/uploads\/photo-gallery\/imported_from_media_libray\/thumb\/17935621188_7c2119b40b_k_OK.jpg?bwg=1770721849\"                 data-width=\"362.00\"                 data-height=\"500.00\"                 alt=\"Trajes t\u00edpicos bolivianos. \"                 title=\"Trajes t\u00edpicos bolivianos. \" \/>                      <\/div>        <\/a>                <a  class=\"bwg-a bwg_lightbox bwg_lightbox_0\" href=\"https:\/\/rafaramirez.org\/blog\/wp-content\/uploads\/photo-gallery\/imported_from_media_libray\/17938525101_173d325ac7_k_OK.jpg?bwg=1770721849\" data-image-id=\"1041\" data-elementor-open-lightbox=\"no\">          <div class=\"bwg_mosaic_thumb_spun_0 bwg-item0 bwg-mosaic-thumb-span \">            <img decoding=\"async\" class=\"bwg_mosaic_thumb_0 skip-lazy bwg_img_clear bwg_img_custom \"                 id=\"1041\"                 src=\"https:\/\/rafaramirez.org\/blog\/wp-content\/uploads\/photo-gallery\/imported_from_media_libray\/thumb\/17938525101_173d325ac7_k_OK.jpg?bwg=1770721849\"                 data-src=\"https:\/\/rafaramirez.org\/blog\/wp-content\/uploads\/photo-gallery\/imported_from_media_libray\/thumb\/17938525101_173d325ac7_k_OK.jpg?bwg=1770721849\"                 data-width=\"500.00\"                 data-height=\"343.00\"                 alt=\"Sudam\u00e9rica, d\u00e9cada de 1890. \"                 title=\"Sudam\u00e9rica, d\u00e9cada de 1890. \" \/>                      <\/div>        <\/a>                <a  class=\"bwg-a bwg_lightbox bwg_lightbox_0\" href=\"https:\/\/rafaramirez.org\/blog\/wp-content\/uploads\/photo-gallery\/imported_from_media_libray\/17973159542_baa883cf7b_k_OK.jpg?bwg=1770721849\" data-image-id=\"1042\" data-elementor-open-lightbox=\"no\">          <div class=\"bwg_mosaic_thumb_spun_0 bwg-item0 bwg-mosaic-thumb-span \">            <img decoding=\"async\" class=\"bwg_mosaic_thumb_0 skip-lazy bwg_img_clear bwg_img_custom \"                 id=\"1042\"                 src=\"https:\/\/rafaramirez.org\/blog\/wp-content\/uploads\/photo-gallery\/imported_from_media_libray\/thumb\/17973159542_baa883cf7b_k_OK.jpg?bwg=1770721849\"                 data-src=\"https:\/\/rafaramirez.org\/blog\/wp-content\/uploads\/photo-gallery\/imported_from_media_libray\/thumb\/17973159542_baa883cf7b_k_OK.jpg?bwg=1770721849\"                 data-width=\"348.00\"                 data-height=\"500.00\"                 alt=\"Caba\u00f1a en la cordillera. \"                 title=\"Caba\u00f1a en la cordillera. \" \/>                      <\/div>        <\/a>                <a  class=\"bwg-a bwg_lightbox bwg_lightbox_0\" href=\"https:\/\/rafaramirez.org\/blog\/wp-content\/uploads\/photo-gallery\/imported_from_media_libray\/18084066622_c01f17d0c2_k_OK.jpg?bwg=1770721849\" data-image-id=\"1043\" data-elementor-open-lightbox=\"no\">          <div class=\"bwg_mosaic_thumb_spun_0 bwg-item0 bwg-mosaic-thumb-span \">            <img decoding=\"async\" class=\"bwg_mosaic_thumb_0 skip-lazy bwg_img_clear bwg_img_custom \"                 id=\"1043\"                 src=\"https:\/\/rafaramirez.org\/blog\/wp-content\/uploads\/photo-gallery\/imported_from_media_libray\/thumb\/18084066622_c01f17d0c2_k_OK.jpg?bwg=1770721849\"                 data-src=\"https:\/\/rafaramirez.org\/blog\/wp-content\/uploads\/photo-gallery\/imported_from_media_libray\/thumb\/18084066622_c01f17d0c2_k_OK.jpg?bwg=1770721849\"                 data-width=\"500.00\"                 data-height=\"336.00\"                 alt=\"En los Andes. \"                 title=\"En los Andes. \" \/>                      <\/div>        <\/a>                <a  class=\"bwg-a bwg_lightbox bwg_lightbox_0\" href=\"https:\/\/rafaramirez.org\/blog\/wp-content\/uploads\/photo-gallery\/imported_from_media_libray\/33484962606_ac4def9d90_k_OK.jpg?bwg=1770721849\" data-image-id=\"1044\" data-elementor-open-lightbox=\"no\">          <div class=\"bwg_mosaic_thumb_spun_0 bwg-item0 bwg-mosaic-thumb-span \">            <img decoding=\"async\" class=\"bwg_mosaic_thumb_0 skip-lazy bwg_img_clear bwg_img_custom \"                 id=\"1044\"                 src=\"https:\/\/rafaramirez.org\/blog\/wp-content\/uploads\/photo-gallery\/imported_from_media_libray\/thumb\/33484962606_ac4def9d90_k_OK.jpg?bwg=1770721849\"                 data-src=\"https:\/\/rafaramirez.org\/blog\/wp-content\/uploads\/photo-gallery\/imported_from_media_libray\/thumb\/33484962606_ac4def9d90_k_OK.jpg?bwg=1770721849\"                 data-width=\"500.00\"                 data-height=\"378.00\"                 alt=\"Nuevo F\u00e9nix. \"                 title=\"Nuevo F\u00e9nix. \" \/>                      <\/div>        <\/a>                <a  class=\"bwg-a bwg_lightbox bwg_lightbox_0\" href=\"https:\/\/rafaramirez.org\/blog\/wp-content\/uploads\/photo-gallery\/imported_from_media_libray\/33510627925_b73ba8d291_k_OK.jpg?bwg=1770721849\" data-image-id=\"1045\" data-elementor-open-lightbox=\"no\">          <div class=\"bwg_mosaic_thumb_spun_0 bwg-item0 bwg-mosaic-thumb-span \">            <img decoding=\"async\" class=\"bwg_mosaic_thumb_0 skip-lazy bwg_img_clear bwg_img_custom \"                 id=\"1045\"                 src=\"https:\/\/rafaramirez.org\/blog\/wp-content\/uploads\/photo-gallery\/imported_from_media_libray\/thumb\/33510627925_b73ba8d291_k_OK.jpg?bwg=1770721849\"                 data-src=\"https:\/\/rafaramirez.org\/blog\/wp-content\/uploads\/photo-gallery\/imported_from_media_libray\/thumb\/33510627925_b73ba8d291_k_OK.jpg?bwg=1770721849\"                 data-width=\"500.00\"                 data-height=\"380.00\"                 alt=\"Rumores. \"                 title=\"Rumores. \" \/>                      <\/div>        <\/a>                <a  class=\"bwg-a bwg_lightbox bwg_lightbox_0\" href=\"https:\/\/rafaramirez.org\/blog\/wp-content\/uploads\/photo-gallery\/imported_from_media_libray\/33548336896_355f27f39a_k_OK.jpg?bwg=1770721849\" data-image-id=\"1046\" data-elementor-open-lightbox=\"no\">          <div class=\"bwg_mosaic_thumb_spun_0 bwg-item0 bwg-mosaic-thumb-span \">            <img decoding=\"async\" class=\"bwg_mosaic_thumb_0 skip-lazy bwg_img_clear bwg_img_custom \"                 id=\"1046\"                 src=\"https:\/\/rafaramirez.org\/blog\/wp-content\/uploads\/photo-gallery\/imported_from_media_libray\/thumb\/33548336896_355f27f39a_k_OK.jpg?bwg=1770721849\"                 data-src=\"https:\/\/rafaramirez.org\/blog\/wp-content\/uploads\/photo-gallery\/imported_from_media_libray\/thumb\/33548336896_355f27f39a_k_OK.jpg?bwg=1770721849\"                 data-width=\"375.00\"                 data-height=\"500.00\"                 alt=\"En el jard\u00edn. \"                 title=\"En el jard\u00edn. \" \/>                      <\/div>        <\/a>                <a  class=\"bwg-a bwg_lightbox bwg_lightbox_0\" href=\"https:\/\/rafaramirez.org\/blog\/wp-content\/uploads\/photo-gallery\/imported_from_media_libray\/40577327783_2c8aee5201_k_OK.jpg?bwg=1770721849\" data-image-id=\"1047\" data-elementor-open-lightbox=\"no\">          <div class=\"bwg_mosaic_thumb_spun_0 bwg-item0 bwg-mosaic-thumb-span \">            <img decoding=\"async\" class=\"bwg_mosaic_thumb_0 skip-lazy bwg_img_clear bwg_img_custom \"                 id=\"1047\"                 src=\"https:\/\/rafaramirez.org\/blog\/wp-content\/uploads\/photo-gallery\/imported_from_media_libray\/thumb\/40577327783_2c8aee5201_k_OK.jpg?bwg=1770721849\"                 data-src=\"https:\/\/rafaramirez.org\/blog\/wp-content\/uploads\/photo-gallery\/imported_from_media_libray\/thumb\/40577327783_2c8aee5201_k_OK.jpg?bwg=1770721849\"                 data-width=\"500.00\"                 data-height=\"343.00\"                 alt=\"Llegada a Turrialba. \"                 title=\"Llegada a Turrialba. \" \/>                      <\/div>        <\/a>                <a  class=\"bwg-a bwg_lightbox bwg_lightbox_0\" href=\"https:\/\/rafaramirez.org\/blog\/wp-content\/uploads\/photo-gallery\/imported_from_media_libray\/46838461744_d4bb5130b1_k_OK.jpg?bwg=1770721849\" data-image-id=\"1048\" data-elementor-open-lightbox=\"no\">          <div class=\"bwg_mosaic_thumb_spun_0 bwg-item0 bwg-mosaic-thumb-span \">            <img decoding=\"async\" class=\"bwg_mosaic_thumb_0 skip-lazy bwg_img_clear bwg_img_custom \"                 id=\"1048\"                 src=\"https:\/\/rafaramirez.org\/blog\/wp-content\/uploads\/photo-gallery\/imported_from_media_libray\/thumb\/46838461744_d4bb5130b1_k_OK.jpg?bwg=1770721849\"                 data-src=\"https:\/\/rafaramirez.org\/blog\/wp-content\/uploads\/photo-gallery\/imported_from_media_libray\/thumb\/46838461744_d4bb5130b1_k_OK.jpg?bwg=1770721849\"                 data-width=\"500.00\"                 data-height=\"328.00\"                 alt=\"Chicas de Grecia (Costa Rica).\"                 title=\"Chicas de Grecia (Costa Rica).\" \/>                      <\/div>        <\/a>                <a  class=\"bwg-a bwg_lightbox bwg_lightbox_0\" href=\"https:\/\/rafaramirez.org\/blog\/wp-content\/uploads\/photo-gallery\/imported_from_media_libray\/46873570654_7aa324e9b7_k_OK.jpg?bwg=1770721849\" data-image-id=\"1049\" data-elementor-open-lightbox=\"no\">          <div class=\"bwg_mosaic_thumb_spun_0 bwg-item0 bwg-mosaic-thumb-span \">            <img decoding=\"async\" class=\"bwg_mosaic_thumb_0 skip-lazy bwg_img_clear bwg_img_custom \"                 id=\"1049\"                 src=\"https:\/\/rafaramirez.org\/blog\/wp-content\/uploads\/photo-gallery\/imported_from_media_libray\/thumb\/46873570654_7aa324e9b7_k_OK.jpg?bwg=1770721849\"                 data-src=\"https:\/\/rafaramirez.org\/blog\/wp-content\/uploads\/photo-gallery\/imported_from_media_libray\/thumb\/46873570654_7aa324e9b7_k_OK.jpg?bwg=1770721849\"                 data-width=\"500.00\"                 data-height=\"358.00\"                 alt=\"Tren el\u00e9ctrico.\"                 title=\"Tren el\u00e9ctrico.\" \/>                      <\/div>        <\/a>                <a  class=\"bwg-a bwg_lightbox bwg_lightbox_0\" href=\"https:\/\/rafaramirez.org\/blog\/wp-content\/uploads\/photo-gallery\/imported_from_media_libray\/47384079332_fddd75819a_k_OK.jpg?bwg=1770721849\" data-image-id=\"1050\" data-elementor-open-lightbox=\"no\">          <div class=\"bwg_mosaic_thumb_spun_0 bwg-item0 bwg-mosaic-thumb-span \">            <img decoding=\"async\" class=\"bwg_mosaic_thumb_0 skip-lazy bwg_img_clear bwg_img_custom \"                 id=\"1050\"                 src=\"https:\/\/rafaramirez.org\/blog\/wp-content\/uploads\/photo-gallery\/imported_from_media_libray\/thumb\/47384079332_fddd75819a_k_OK.jpg?bwg=1770721849\"                 data-src=\"https:\/\/rafaramirez.org\/blog\/wp-content\/uploads\/photo-gallery\/imported_from_media_libray\/thumb\/47384079332_fddd75819a_k_OK.jpg?bwg=1770721849\"                 data-width=\"500.00\"                 data-height=\"338.00\"                 alt=\"Ecuador. \"                 title=\"Ecuador. \" \/>                      <\/div>        <\/a>                <a  class=\"bwg-a bwg_lightbox bwg_lightbox_0\" href=\"https:\/\/rafaramirez.org\/blog\/wp-content\/uploads\/photo-gallery\/imported_from_media_libray\/47524536362_ca955cc584_k_OK.jpg?bwg=1770721849\" data-image-id=\"1051\" data-elementor-open-lightbox=\"no\">          <div class=\"bwg_mosaic_thumb_spun_0 bwg-item0 bwg-mosaic-thumb-span \">            <img decoding=\"async\" class=\"bwg_mosaic_thumb_0 skip-lazy bwg_img_clear bwg_img_custom \"                 id=\"1051\"                 src=\"https:\/\/rafaramirez.org\/blog\/wp-content\/uploads\/photo-gallery\/imported_from_media_libray\/thumb\/47524536362_ca955cc584_k_OK.jpg?bwg=1770721849\"                 data-src=\"https:\/\/rafaramirez.org\/blog\/wp-content\/uploads\/photo-gallery\/imported_from_media_libray\/thumb\/47524536362_ca955cc584_k_OK.jpg?bwg=1770721849\"                 data-width=\"500.00\"                 data-height=\"334.00\"                 alt=\"Recolectores de caf\u00e9. \"                 title=\"Recolectores de caf\u00e9. \" \/>                      <\/div>        <\/a>                <a  class=\"bwg-a bwg_lightbox bwg_lightbox_0\" href=\"https:\/\/rafaramirez.org\/blog\/wp-content\/uploads\/photo-gallery\/imported_from_media_libray\/47531673052_7be8321f14_k_OK.jpg?bwg=1770721849\" data-image-id=\"1052\" data-elementor-open-lightbox=\"no\">          <div class=\"bwg_mosaic_thumb_spun_0 bwg-item0 bwg-mosaic-thumb-span \">            <img decoding=\"async\" class=\"bwg_mosaic_thumb_0 skip-lazy bwg_img_clear bwg_img_custom \"                 id=\"1052\"                 src=\"https:\/\/rafaramirez.org\/blog\/wp-content\/uploads\/photo-gallery\/imported_from_media_libray\/thumb\/47531673052_7be8321f14_k_OK.jpg?bwg=1770721849\"                 data-src=\"https:\/\/rafaramirez.org\/blog\/wp-content\/uploads\/photo-gallery\/imported_from_media_libray\/thumb\/47531673052_7be8321f14_k_OK.jpg?bwg=1770721849\"                 data-width=\"338.00\"                 data-height=\"500.00\"                 alt=\"Recolectora de caf\u00e9. \"                 title=\"Recolectora de caf\u00e9. \" \/>                      <\/div>        <\/a>                <a  class=\"bwg-a bwg_lightbox bwg_lightbox_0\" href=\"https:\/\/rafaramirez.org\/blog\/wp-content\/uploads\/photo-gallery\/imported_from_media_libray\/54840640155_207e291fbf_k_OK.jpg?bwg=1770721849\" data-image-id=\"1053\" data-elementor-open-lightbox=\"no\">          <div class=\"bwg_mosaic_thumb_spun_0 bwg-item0 bwg-mosaic-thumb-span \">            <img decoding=\"async\" class=\"bwg_mosaic_thumb_0 skip-lazy bwg_img_clear bwg_img_custom \"                 id=\"1053\"                 src=\"https:\/\/rafaramirez.org\/blog\/wp-content\/uploads\/photo-gallery\/imported_from_media_libray\/thumb\/54840640155_207e291fbf_k_OK.jpg?bwg=1770721849\"                 data-src=\"https:\/\/rafaramirez.org\/blog\/wp-content\/uploads\/photo-gallery\/imported_from_media_libray\/thumb\/54840640155_207e291fbf_k_OK.jpg?bwg=1770721849\"                 data-width=\"500.00\"                 data-height=\"328.00\"                 alt=\"Mujeres ind\u00edgenas en Las Lomitas (Argentina). \"                 title=\"Mujeres ind\u00edgenas en Las Lomitas (Argentina). \" \/>                      <\/div>        <\/a>            <\/div>    <\/div>    <style>      \/*pagination styles*\/      #bwg_container1_0 #bwg_container2_0 .tablenav-pages_0 {\t\t\t\ttext-align: center;\t\t\t\tfont-size: 12px;\t\t\t\tfont-family: Ubuntu;\t\t\t\tfont-weight: bold;\t\t\t\tcolor: #666666;\t\t\t\tmargin: 6px 0 4px;\t\t\t\tdisplay: block;      }      @media only screen and (max-width : 320px) {      #bwg_container1_0 #bwg_container2_0 .displaying-num_0 {     \t display: none;      }      }      #bwg_container1_0 #bwg_container2_0 .displaying-num_0 {\t\t\t\tfont-size: 12px;\t\t\t\tfont-family: Ubuntu;\t\t\t\tfont-weight: bold;\t\t\t\tcolor: #666666;\t\t\t\tmargin-right: 10px;\t\t\t\tvertical-align: middle;      }      #bwg_container1_0 #bwg_container2_0 .paging-input_0 {\t\t\t\tfont-size: 12px;\t\t\t\tfont-family: Ubuntu;\t\t\t\tfont-weight: bold;\t\t\t\tcolor: #666666;\t\t\t\tvertical-align: middle;      }      #bwg_container1_0 #bwg_container2_0 .tablenav-pages_0 a.disabled,      #bwg_container1_0 #bwg_container2_0 .tablenav-pages_0 a.disabled:hover,      #bwg_container1_0 #bwg_container2_0 .tablenav-pages_0 a.disabled:focus,\t\t\t#bwg_container1_0 #bwg_container2_0 .tablenav-pages_0 input.bwg_current_page {\t\t\t\tcursor: default;\t\t\t\tcolor: rgba(102, 102, 102, 0.5);      }      #bwg_container1_0 #bwg_container2_0 .tablenav-pages_0 a,      #bwg_container1_0 #bwg_container2_0 .tablenav-pages_0 input.bwg_current_page {\t\t\t\tcursor: pointer;\t\t\t\ttext-align: center;\t\t\t\tfont-size: 12px;\t\t\t\tfont-family: Ubuntu;\t\t\t\tfont-weight: bold;\t\t\t\tcolor: #666666;\t\t\t\ttext-decoration: none;\t\t\t\tpadding: 3px 6px;\t\t\t\tmargin: 0;\t\t\t\tborder-radius: 0;\t\t\t\tborder-style: solid;\t\t\t\tborder-width: 1px;\t\t\t\tborder-color: #E3E3E3;\t\t\t\t\t\t\t\tbackground-color: rgba(255, 255, 255, 1.00);\t\t\t\tbox-shadow: 0;\t\t\t\ttransition: all 0.3s ease 0s;-webkit-transition: all 0.3s ease 0s;      }      <\/style>      <span class=\"bwg_nav_cont_0\">              <div class=\"tablenav-pages_0\">                  <\/div>                <input type=\"hidden\" id=\"page_number_0\" name=\"page_number_0\" value=\"1\" \/>      <script type=\"text\/javascript\">        if( jQuery('.bwg_nav_cont_0').length > 1 ) {          jQuery('.bwg_nav_cont_0').first().remove()        }        function spider_page_0(cur, x, y, load_more) {          if (typeof load_more == \"undefined\") {            var load_more = false;          }          if (jQuery(cur).hasClass('disabled')) {            return false;          }          var items_county_0 = 1;          switch (y) {            case 1:              if (x >= items_county_0) {                document.getElementById('page_number_0').value = items_county_0;              }              else {                document.getElementById('page_number_0').value = x + 1;              }              break;            case 2:              document.getElementById('page_number_0').value = items_county_0;              break;            case -1:              if (x == 1) {                document.getElementById('page_number_0').value = 1;              }              else {                document.getElementById('page_number_0').value = x - 1;              }              break;            case -2:              document.getElementById('page_number_0').value = 1;              break;\t\t\t\t\t\tcase 0:              document.getElementById('page_number_0').value = x;              break;            default:              document.getElementById('page_number_0').value = 1;          }          bwg_ajax('gal_front_form_0', '0', 'bwg_thumbnails_mosaic_0', '0', '', 'gallery', 0, '', '', load_more, '', 1);        }                    jQuery('.first-page-0').on('click', function () {              spider_page_0(this, 1, -2, 'numeric');              return false;            });            jQuery('.prev-page-0').on('click', function () {              spider_page_0(this, 1, -1, 'numeric');              return false;            });            jQuery('.next-page-0').on('click', function () {              spider_page_0(this, 1, 1, 'numeric');              return false;            });            jQuery('.last-page-0').on('click', function () {              spider_page_0(this, 1, 2, 'numeric');              return false;            });        \t\t\t\t\/* Change page on input enter. *\/        function bwg_change_page_0( e, that ) {          if (  e.key == 'Enter' ) {            var to_page = parseInt(jQuery(that).val());            var pages_count = jQuery(that).parents(\".pagination-links\").data(\"pages-count\");            var current_url_param = jQuery(that).attr('data-url-info');            if (to_page > pages_count) {              to_page = 1;            }\t \t\t\t\t\t\t\t\t\t\t\t\tspider_page_0(this, to_page, 0, 'numeric');\t\t\t\t\t\t\treturn false;\t\t\t\t\t\t          }          return true;        }        jQuery('.bwg_load_btn_0').on('click', function () {            spider_page_0(this, 1, 1, true);            return false;        });      <\/script>      <\/span>                <\/div>        <\/form>        <style>          #bwg_container1_0 #bwg_container2_0 #spider_popup_overlay_0 {          background-color: #EEEEEE;          opacity: 0.60;          }          <\/style>        <div id=\"bwg_spider_popup_loading_0\" class=\"bwg_spider_popup_loading\"><\/div>        <div id=\"spider_popup_overlay_0\" class=\"spider_popup_overlay\" onclick=\"spider_destroypopup(1000)\"><\/div>        <input type=\"hidden\" id=\"bwg_random_seed_0\" value=\"1913896261\">                <\/div>    <\/div>    <script>      if (document.readyState === 'complete') {        if( typeof bwg_main_ready == 'function' ) {          if ( jQuery(\"#bwg_container1_0\").height() ) {            bwg_main_ready(jQuery(\"#bwg_container1_0\"));          }        }      } else {        document.addEventListener('DOMContentLoaded', function() {          if( typeof bwg_main_ready == 'function' ) {            if ( jQuery(\"#bwg_container1_0\").height() ) {             bwg_main_ready(jQuery(\"#bwg_container1_0\"));            }          }        });      }    <\/script>    \n<p>M\u00e1s informaci\u00f3n:<\/p>\n<ul>\n<li><a href=\"https:\/\/www.flickr.com\/photos\/15693951@N00\/\" target=\"_blank\" rel=\"noopener\">Cr\u00e9ditos: Fotograf\u00edas Wolfgang Wiggers en Flickr<\/a>.<\/li>\n<li><a href=\"https:\/\/rafaramirez.org\/blog\/index.php\/category\/vintage\/\" target=\"_blank\" rel=\"noopener\">M\u00e1s im\u00e1genes vintage en el blog<\/a>.<\/li>\n<\/ul>\n","protected":false},"excerpt":{"rendered":"<p>En aquellas fotograf\u00edas en blanco y negro, nacidas entre dos siglos, la luz parece respirar con una calma antigua. Los rostros de las monta\u00f1as latinoamericanas se recortan como silencios inmensos y los lagos, quietos y casi ceremoniales, reflejan un cielo que a\u00fan no conoce el ruido del mundo moderno. En sus orillas, barcazas de madera [&hellip;]<\/p>\n","protected":false},"author":1,"featured_media":11986,"comment_status":"open","ping_status":"closed","sticky":false,"template":"","format":"standard","meta":{"site-container-style":"default","site-container-layout":"default","site-sidebar-layout":"default","disable-article-header":"default","disable-site-header":"default","disable-site-footer":"default","disable-content-area-spacing":"default","_jetpack_newsletter_access":"","_jetpack_dont_email_post_to_subs":false,"_jetpack_newsletter_tier_id":0,"_jetpack_memberships_contains_paywalled_content":false,"_jetpack_feature_clip_id":0,"_jetpack_memberships_contains_paid_content":false,"footnotes":"","jetpack_publicize_message":"","jetpack_publicize_feature_enabled":true,"jetpack_social_post_already_shared":true,"jetpack_social_options":{"image_generator_settings":{"template":"highway","default_image_id":0,"font":"","enabled":false},"version":2},"jetpack_post_was_ever_published":false},"categories":[12],"tags":[3258,4785,4783,4784,4284,4786,1550,395],"class_list":["post-11980","post","type-post","status-publish","format-standard","has-post-thumbnail","hentry","category-vintage","tag-fotografias-antiguas","tag-fotografias-de-latinoamerica","tag-fotografias-del-siglo-xix","tag-fotografias-del-siglo-xx","tag-fotografias-vintage","tag-fotos-antiguas-de-latinoamerica","tag-fotos-vintage","tag-postales-vintage"],"yoast_head":"<!-- This site is optimized with the Yoast SEO plugin v28.4 - https:\/\/yoast.com\/product\/yoast-seo-wordpress\/ -->\n<title>Latinoam\u00e9rica revelada: memorias en blanco y negro. - Blog de Rafael Ram\u00edrez<\/title>\n<meta name=\"description\" content=\"En aquellas fotograf\u00edas en blanco y negro, nacidas entre dos siglos, la luz parece respirar con una calma antigua. Los rostros de las monta\u00f1as\" \/>\n<meta name=\"robots\" content=\"index, follow, max-snippet:-1, max-image-preview:large, max-video-preview:-1\" \/>\n<link rel=\"canonical\" href=\"https:\/\/rafaramirez.org\/blog\/index.php\/2026\/03\/05\/latinoamerica-revelada-memorias-en-blanco-y-negro\/\" \/>\n<meta property=\"og:locale\" content=\"es_ES\" \/>\n<meta property=\"og:type\" content=\"article\" \/>\n<meta property=\"og:title\" content=\"Latinoam\u00e9rica revelada: memorias en blanco y negro. - Blog de Rafael Ram\u00edrez\" \/>\n<meta property=\"og:description\" content=\"En aquellas fotograf\u00edas en blanco y negro, nacidas entre dos siglos, la luz parece respirar con una calma antigua. Los rostros de las monta\u00f1as\" \/>\n<meta property=\"og:url\" content=\"https:\/\/rafaramirez.org\/blog\/index.php\/2026\/03\/05\/latinoamerica-revelada-memorias-en-blanco-y-negro\/\" \/>\n<meta property=\"og:site_name\" content=\"Blog de Rafael Ram\u00edrez\" \/>\n<meta property=\"article:published_time\" content=\"2026-03-05T07:00:43+00:00\" \/>\n<meta property=\"article:modified_time\" content=\"2026-03-05T07:19:41+00:00\" \/>\n<meta property=\"og:image\" content=\"https:\/\/rafaramirez.org\/blog\/wp-content\/uploads\/2026\/03\/Latinoamerica-revelada_bannerlog.jpg\" \/>\n\t<meta property=\"og:image:width\" content=\"720\" \/>\n\t<meta property=\"og:image:height\" content=\"440\" \/>\n\t<meta property=\"og:image:type\" content=\"image\/jpeg\" \/>\n<meta name=\"author\" content=\"Rafael Ram\u00edrez\" \/>\n<meta name=\"twitter:card\" content=\"summary_large_image\" \/>\n<meta name=\"twitter:creator\" content=\"@rafaramirez_ok\" \/>\n<meta name=\"twitter:site\" content=\"@rafaramirez_ok\" \/>\n<meta name=\"twitter:label1\" content=\"Escrito por\" \/>\n\t<meta name=\"twitter:data1\" content=\"Rafael Ram\u00edrez\" \/>\n\t<meta name=\"twitter:label2\" content=\"Tiempo de lectura\" \/>\n\t<meta name=\"twitter:data2\" content=\"2 minutos\" \/>\n<script type=\"application\/ld+json\" class=\"yoast-schema-graph\">{\"@context\":\"https:\\\/\\\/schema.org\",\"@graph\":[{\"@type\":\"Article\",\"@id\":\"https:\\\/\\\/rafaramirez.org\\\/blog\\\/index.php\\\/2026\\\/03\\\/05\\\/latinoamerica-revelada-memorias-en-blanco-y-negro\\\/#article\",\"isPartOf\":{\"@id\":\"https:\\\/\\\/rafaramirez.org\\\/blog\\\/index.php\\\/2026\\\/03\\\/05\\\/latinoamerica-revelada-memorias-en-blanco-y-negro\\\/\"},\"author\":{\"name\":\"Rafael Ram\u00edrez\",\"@id\":\"https:\\\/\\\/rafaramirez.org\\\/blog\\\/#\\\/schema\\\/person\\\/50f43b6d60c578760d4c17bda54ab6a5\"},\"headline\":\"Latinoam\u00e9rica revelada: memorias en blanco y negro.\",\"datePublished\":\"2026-03-05T07:00:43+00:00\",\"dateModified\":\"2026-03-05T07:19:41+00:00\",\"mainEntityOfPage\":{\"@id\":\"https:\\\/\\\/rafaramirez.org\\\/blog\\\/index.php\\\/2026\\\/03\\\/05\\\/latinoamerica-revelada-memorias-en-blanco-y-negro\\\/\"},\"wordCount\":308,\"commentCount\":0,\"publisher\":{\"@id\":\"https:\\\/\\\/rafaramirez.org\\\/blog\\\/#\\\/schema\\\/person\\\/50f43b6d60c578760d4c17bda54ab6a5\"},\"image\":{\"@id\":\"https:\\\/\\\/rafaramirez.org\\\/blog\\\/index.php\\\/2026\\\/03\\\/05\\\/latinoamerica-revelada-memorias-en-blanco-y-negro\\\/#primaryimage\"},\"thumbnailUrl\":\"https:\\\/\\\/rafaramirez.org\\\/blog\\\/wp-content\\\/uploads\\\/2026\\\/03\\\/Latinoamerica-revelada_bannerlog.jpg\",\"keywords\":[\"fotograf\u00edas antiguas\",\"fotograf\u00edas de latinoam\u00e9rica\",\"fotograf\u00edas del siglo XIX\",\"fotograf\u00edas del siglo XX\",\"fotograf\u00edas vintage\",\"fotos antiguas de latinoam\u00e9rica\",\"fotos vintage\",\"postales vintage\"],\"articleSection\":[\"Vintage\"],\"inLanguage\":\"es\",\"potentialAction\":[{\"@type\":\"CommentAction\",\"name\":\"Comment\",\"target\":[\"https:\\\/\\\/rafaramirez.org\\\/blog\\\/index.php\\\/2026\\\/03\\\/05\\\/latinoamerica-revelada-memorias-en-blanco-y-negro\\\/#respond\"]}]},{\"@type\":\"WebPage\",\"@id\":\"https:\\\/\\\/rafaramirez.org\\\/blog\\\/index.php\\\/2026\\\/03\\\/05\\\/latinoamerica-revelada-memorias-en-blanco-y-negro\\\/\",\"url\":\"https:\\\/\\\/rafaramirez.org\\\/blog\\\/index.php\\\/2026\\\/03\\\/05\\\/latinoamerica-revelada-memorias-en-blanco-y-negro\\\/\",\"name\":\"Latinoam\u00e9rica revelada: memorias en blanco y negro. - Blog de Rafael Ram\u00edrez\",\"isPartOf\":{\"@id\":\"https:\\\/\\\/rafaramirez.org\\\/blog\\\/#website\"},\"primaryImageOfPage\":{\"@id\":\"https:\\\/\\\/rafaramirez.org\\\/blog\\\/index.php\\\/2026\\\/03\\\/05\\\/latinoamerica-revelada-memorias-en-blanco-y-negro\\\/#primaryimage\"},\"image\":{\"@id\":\"https:\\\/\\\/rafaramirez.org\\\/blog\\\/index.php\\\/2026\\\/03\\\/05\\\/latinoamerica-revelada-memorias-en-blanco-y-negro\\\/#primaryimage\"},\"thumbnailUrl\":\"https:\\\/\\\/rafaramirez.org\\\/blog\\\/wp-content\\\/uploads\\\/2026\\\/03\\\/Latinoamerica-revelada_bannerlog.jpg\",\"datePublished\":\"2026-03-05T07:00:43+00:00\",\"dateModified\":\"2026-03-05T07:19:41+00:00\",\"description\":\"En aquellas fotograf\u00edas en blanco y negro, nacidas entre dos siglos, la luz parece respirar con una calma antigua. Los rostros de las monta\u00f1as\",\"breadcrumb\":{\"@id\":\"https:\\\/\\\/rafaramirez.org\\\/blog\\\/index.php\\\/2026\\\/03\\\/05\\\/latinoamerica-revelada-memorias-en-blanco-y-negro\\\/#breadcrumb\"},\"inLanguage\":\"es\",\"potentialAction\":[{\"@type\":\"ReadAction\",\"target\":[\"https:\\\/\\\/rafaramirez.org\\\/blog\\\/index.php\\\/2026\\\/03\\\/05\\\/latinoamerica-revelada-memorias-en-blanco-y-negro\\\/\"]}]},{\"@type\":\"ImageObject\",\"inLanguage\":\"es\",\"@id\":\"https:\\\/\\\/rafaramirez.org\\\/blog\\\/index.php\\\/2026\\\/03\\\/05\\\/latinoamerica-revelada-memorias-en-blanco-y-negro\\\/#primaryimage\",\"url\":\"https:\\\/\\\/rafaramirez.org\\\/blog\\\/wp-content\\\/uploads\\\/2026\\\/03\\\/Latinoamerica-revelada_bannerlog.jpg\",\"contentUrl\":\"https:\\\/\\\/rafaramirez.org\\\/blog\\\/wp-content\\\/uploads\\\/2026\\\/03\\\/Latinoamerica-revelada_bannerlog.jpg\",\"width\":720,\"height\":440,\"caption\":\"Latinoam\u00e9rica revelada: memorias en blanco y negro. Blog de Rafael Ram\u00edrez.\"},{\"@type\":\"BreadcrumbList\",\"@id\":\"https:\\\/\\\/rafaramirez.org\\\/blog\\\/index.php\\\/2026\\\/03\\\/05\\\/latinoamerica-revelada-memorias-en-blanco-y-negro\\\/#breadcrumb\",\"itemListElement\":[{\"@type\":\"ListItem\",\"position\":1,\"name\":\"Portada\",\"item\":\"https:\\\/\\\/rafaramirez.org\\\/blog\\\/\"},{\"@type\":\"ListItem\",\"position\":2,\"name\":\"Latinoam\u00e9rica revelada: memorias en blanco y negro.\"}]},{\"@type\":\"WebSite\",\"@id\":\"https:\\\/\\\/rafaramirez.org\\\/blog\\\/#website\",\"url\":\"https:\\\/\\\/rafaramirez.org\\\/blog\\\/\",\"name\":\"Blog de Rafael Ram\u00edrez\",\"description\":\"Un sitio social, de arte y cultura\",\"publisher\":{\"@id\":\"https:\\\/\\\/rafaramirez.org\\\/blog\\\/#\\\/schema\\\/person\\\/50f43b6d60c578760d4c17bda54ab6a5\"},\"potentialAction\":[{\"@type\":\"SearchAction\",\"target\":{\"@type\":\"EntryPoint\",\"urlTemplate\":\"https:\\\/\\\/rafaramirez.org\\\/blog\\\/?s={search_term_string}\"},\"query-input\":{\"@type\":\"PropertyValueSpecification\",\"valueRequired\":true,\"valueName\":\"search_term_string\"}}],\"inLanguage\":\"es\"},{\"@type\":[\"Person\",\"Organization\"],\"@id\":\"https:\\\/\\\/rafaramirez.org\\\/blog\\\/#\\\/schema\\\/person\\\/50f43b6d60c578760d4c17bda54ab6a5\",\"name\":\"Rafael Ram\u00edrez\",\"image\":{\"@type\":\"ImageObject\",\"inLanguage\":\"es\",\"@id\":\"https:\\\/\\\/rafaramirez.org\\\/blog\\\/wp-content\\\/uploads\\\/2024\\\/09\\\/RR_socialnetwork.jpg\",\"url\":\"https:\\\/\\\/rafaramirez.org\\\/blog\\\/wp-content\\\/uploads\\\/2024\\\/09\\\/RR_socialnetwork.jpg\",\"contentUrl\":\"https:\\\/\\\/rafaramirez.org\\\/blog\\\/wp-content\\\/uploads\\\/2024\\\/09\\\/RR_socialnetwork.jpg\",\"width\":600,\"height\":606,\"caption\":\"Rafael Ram\u00edrez\"},\"logo\":{\"@id\":\"https:\\\/\\\/rafaramirez.org\\\/blog\\\/wp-content\\\/uploads\\\/2024\\\/09\\\/RR_socialnetwork.jpg\"},\"sameAs\":[\"https:\\\/\\\/www.rafaramirez.org\\\/blog\",\"https:\\\/\\\/www.instagram.com\\\/rafaramirez_ok\\\/\",\"https:\\\/\\\/es.pinterest.com\\\/Ramirez_Rafa\\\/\",\"https:\\\/\\\/x.com\\\/rafaramirez_ok\"],\"url\":\"https:\\\/\\\/rafaramirez.org\\\/blog\\\/index.php\\\/author\\\/rafaell_qm6j97da\\\/\"}]}<\/script>\n<!-- \/ Yoast SEO plugin. -->","yoast_head_json":{"title":"Latinoam\u00e9rica revelada: memorias en blanco y negro. - Blog de Rafael Ram\u00edrez","description":"En aquellas fotograf\u00edas en blanco y negro, nacidas entre dos siglos, la luz parece respirar con una calma antigua. Los rostros de las monta\u00f1as","robots":{"index":"index","follow":"follow","max-snippet":"max-snippet:-1","max-image-preview":"max-image-preview:large","max-video-preview":"max-video-preview:-1"},"canonical":"https:\/\/rafaramirez.org\/blog\/index.php\/2026\/03\/05\/latinoamerica-revelada-memorias-en-blanco-y-negro\/","og_locale":"es_ES","og_type":"article","og_title":"Latinoam\u00e9rica revelada: memorias en blanco y negro. - Blog de Rafael Ram\u00edrez","og_description":"En aquellas fotograf\u00edas en blanco y negro, nacidas entre dos siglos, la luz parece respirar con una calma antigua. Los rostros de las monta\u00f1as","og_url":"https:\/\/rafaramirez.org\/blog\/index.php\/2026\/03\/05\/latinoamerica-revelada-memorias-en-blanco-y-negro\/","og_site_name":"Blog de Rafael Ram\u00edrez","article_published_time":"2026-03-05T07:00:43+00:00","article_modified_time":"2026-03-05T07:19:41+00:00","og_image":[{"width":720,"height":440,"url":"https:\/\/rafaramirez.org\/blog\/wp-content\/uploads\/2026\/03\/Latinoamerica-revelada_bannerlog.jpg","type":"image\/jpeg"}],"author":"Rafael Ram\u00edrez","twitter_card":"summary_large_image","twitter_creator":"@rafaramirez_ok","twitter_site":"@rafaramirez_ok","twitter_misc":{"Escrito por":"Rafael Ram\u00edrez","Tiempo de lectura":"2 minutos"},"schema":{"@context":"https:\/\/schema.org","@graph":[{"@type":"Article","@id":"https:\/\/rafaramirez.org\/blog\/index.php\/2026\/03\/05\/latinoamerica-revelada-memorias-en-blanco-y-negro\/#article","isPartOf":{"@id":"https:\/\/rafaramirez.org\/blog\/index.php\/2026\/03\/05\/latinoamerica-revelada-memorias-en-blanco-y-negro\/"},"author":{"name":"Rafael Ram\u00edrez","@id":"https:\/\/rafaramirez.org\/blog\/#\/schema\/person\/50f43b6d60c578760d4c17bda54ab6a5"},"headline":"Latinoam\u00e9rica revelada: memorias en blanco y negro.","datePublished":"2026-03-05T07:00:43+00:00","dateModified":"2026-03-05T07:19:41+00:00","mainEntityOfPage":{"@id":"https:\/\/rafaramirez.org\/blog\/index.php\/2026\/03\/05\/latinoamerica-revelada-memorias-en-blanco-y-negro\/"},"wordCount":308,"commentCount":0,"publisher":{"@id":"https:\/\/rafaramirez.org\/blog\/#\/schema\/person\/50f43b6d60c578760d4c17bda54ab6a5"},"image":{"@id":"https:\/\/rafaramirez.org\/blog\/index.php\/2026\/03\/05\/latinoamerica-revelada-memorias-en-blanco-y-negro\/#primaryimage"},"thumbnailUrl":"https:\/\/rafaramirez.org\/blog\/wp-content\/uploads\/2026\/03\/Latinoamerica-revelada_bannerlog.jpg","keywords":["fotograf\u00edas antiguas","fotograf\u00edas de latinoam\u00e9rica","fotograf\u00edas del siglo XIX","fotograf\u00edas del siglo XX","fotograf\u00edas vintage","fotos antiguas de latinoam\u00e9rica","fotos vintage","postales vintage"],"articleSection":["Vintage"],"inLanguage":"es","potentialAction":[{"@type":"CommentAction","name":"Comment","target":["https:\/\/rafaramirez.org\/blog\/index.php\/2026\/03\/05\/latinoamerica-revelada-memorias-en-blanco-y-negro\/#respond"]}]},{"@type":"WebPage","@id":"https:\/\/rafaramirez.org\/blog\/index.php\/2026\/03\/05\/latinoamerica-revelada-memorias-en-blanco-y-negro\/","url":"https:\/\/rafaramirez.org\/blog\/index.php\/2026\/03\/05\/latinoamerica-revelada-memorias-en-blanco-y-negro\/","name":"Latinoam\u00e9rica revelada: memorias en blanco y negro. - Blog de Rafael Ram\u00edrez","isPartOf":{"@id":"https:\/\/rafaramirez.org\/blog\/#website"},"primaryImageOfPage":{"@id":"https:\/\/rafaramirez.org\/blog\/index.php\/2026\/03\/05\/latinoamerica-revelada-memorias-en-blanco-y-negro\/#primaryimage"},"image":{"@id":"https:\/\/rafaramirez.org\/blog\/index.php\/2026\/03\/05\/latinoamerica-revelada-memorias-en-blanco-y-negro\/#primaryimage"},"thumbnailUrl":"https:\/\/rafaramirez.org\/blog\/wp-content\/uploads\/2026\/03\/Latinoamerica-revelada_bannerlog.jpg","datePublished":"2026-03-05T07:00:43+00:00","dateModified":"2026-03-05T07:19:41+00:00","description":"En aquellas fotograf\u00edas en blanco y negro, nacidas entre dos siglos, la luz parece respirar con una calma antigua. Los rostros de las monta\u00f1as","breadcrumb":{"@id":"https:\/\/rafaramirez.org\/blog\/index.php\/2026\/03\/05\/latinoamerica-revelada-memorias-en-blanco-y-negro\/#breadcrumb"},"inLanguage":"es","potentialAction":[{"@type":"ReadAction","target":["https:\/\/rafaramirez.org\/blog\/index.php\/2026\/03\/05\/latinoamerica-revelada-memorias-en-blanco-y-negro\/"]}]},{"@type":"ImageObject","inLanguage":"es","@id":"https:\/\/rafaramirez.org\/blog\/index.php\/2026\/03\/05\/latinoamerica-revelada-memorias-en-blanco-y-negro\/#primaryimage","url":"https:\/\/rafaramirez.org\/blog\/wp-content\/uploads\/2026\/03\/Latinoamerica-revelada_bannerlog.jpg","contentUrl":"https:\/\/rafaramirez.org\/blog\/wp-content\/uploads\/2026\/03\/Latinoamerica-revelada_bannerlog.jpg","width":720,"height":440,"caption":"Latinoam\u00e9rica revelada: memorias en blanco y negro. Blog de Rafael Ram\u00edrez."},{"@type":"BreadcrumbList","@id":"https:\/\/rafaramirez.org\/blog\/index.php\/2026\/03\/05\/latinoamerica-revelada-memorias-en-blanco-y-negro\/#breadcrumb","itemListElement":[{"@type":"ListItem","position":1,"name":"Portada","item":"https:\/\/rafaramirez.org\/blog\/"},{"@type":"ListItem","position":2,"name":"Latinoam\u00e9rica revelada: memorias en blanco y negro."}]},{"@type":"WebSite","@id":"https:\/\/rafaramirez.org\/blog\/#website","url":"https:\/\/rafaramirez.org\/blog\/","name":"Blog de Rafael Ram\u00edrez","description":"Un sitio social, de arte y cultura","publisher":{"@id":"https:\/\/rafaramirez.org\/blog\/#\/schema\/person\/50f43b6d60c578760d4c17bda54ab6a5"},"potentialAction":[{"@type":"SearchAction","target":{"@type":"EntryPoint","urlTemplate":"https:\/\/rafaramirez.org\/blog\/?s={search_term_string}"},"query-input":{"@type":"PropertyValueSpecification","valueRequired":true,"valueName":"search_term_string"}}],"inLanguage":"es"},{"@type":["Person","Organization"],"@id":"https:\/\/rafaramirez.org\/blog\/#\/schema\/person\/50f43b6d60c578760d4c17bda54ab6a5","name":"Rafael Ram\u00edrez","image":{"@type":"ImageObject","inLanguage":"es","@id":"https:\/\/rafaramirez.org\/blog\/wp-content\/uploads\/2024\/09\/RR_socialnetwork.jpg","url":"https:\/\/rafaramirez.org\/blog\/wp-content\/uploads\/2024\/09\/RR_socialnetwork.jpg","contentUrl":"https:\/\/rafaramirez.org\/blog\/wp-content\/uploads\/2024\/09\/RR_socialnetwork.jpg","width":600,"height":606,"caption":"Rafael Ram\u00edrez"},"logo":{"@id":"https:\/\/rafaramirez.org\/blog\/wp-content\/uploads\/2024\/09\/RR_socialnetwork.jpg"},"sameAs":["https:\/\/www.rafaramirez.org\/blog","https:\/\/www.instagram.com\/rafaramirez_ok\/","https:\/\/es.pinterest.com\/Ramirez_Rafa\/","https:\/\/x.com\/rafaramirez_ok"],"url":"https:\/\/rafaramirez.org\/blog\/index.php\/author\/rafaell_qm6j97da\/"}]}},"jetpack_publicize_connections":[],"jetpack_sharing_enabled":true,"jetpack_likes_enabled":true,"jetpack_featured_media_url":"https:\/\/rafaramirez.org\/blog\/wp-content\/uploads\/2026\/03\/Latinoamerica-revelada_bannerlog.jpg","_links":{"self":[{"href":"https:\/\/rafaramirez.org\/blog\/index.php\/wp-json\/wp\/v2\/posts\/11980","targetHints":{"allow":["GET"]}}],"collection":[{"href":"https:\/\/rafaramirez.org\/blog\/index.php\/wp-json\/wp\/v2\/posts"}],"about":[{"href":"https:\/\/rafaramirez.org\/blog\/index.php\/wp-json\/wp\/v2\/types\/post"}],"author":[{"embeddable":true,"href":"https:\/\/rafaramirez.org\/blog\/index.php\/wp-json\/wp\/v2\/users\/1"}],"replies":[{"embeddable":true,"href":"https:\/\/rafaramirez.org\/blog\/index.php\/wp-json\/wp\/v2\/comments?post=11980"}],"version-history":[{"count":8,"href":"https:\/\/rafaramirez.org\/blog\/index.php\/wp-json\/wp\/v2\/posts\/11980\/revisions"}],"predecessor-version":[{"id":12297,"href":"https:\/\/rafaramirez.org\/blog\/index.php\/wp-json\/wp\/v2\/posts\/11980\/revisions\/12297"}],"wp:featuredmedia":[{"embeddable":true,"href":"https:\/\/rafaramirez.org\/blog\/index.php\/wp-json\/wp\/v2\/media\/11986"}],"wp:attachment":[{"href":"https:\/\/rafaramirez.org\/blog\/index.php\/wp-json\/wp\/v2\/media?parent=11980"}],"wp:term":[{"taxonomy":"category","embeddable":true,"href":"https:\/\/rafaramirez.org\/blog\/index.php\/wp-json\/wp\/v2\/categories?post=11980"},{"taxonomy":"post_tag","embeddable":true,"href":"https:\/\/rafaramirez.org\/blog\/index.php\/wp-json\/wp\/v2\/tags?post=11980"}],"curies":[{"name":"wp","href":"https:\/\/api.w.org\/{rel}","templated":true}]}}