{"id":11969,"date":"2026-03-04T08:00:37","date_gmt":"2026-03-04T07:00:37","guid":{"rendered":"https:\/\/rafaramirez.org\/blog\/?p=11969"},"modified":"2026-02-06T12:21:52","modified_gmt":"2026-02-06T11:21:52","slug":"cadena-perpetua-pelicula-de-frank-darabont-la-esperanza-como-acto-de-resistencia","status":"publish","type":"post","link":"https:\/\/rafaramirez.org\/blog\/index.php\/2026\/03\/04\/cadena-perpetua-pelicula-de-frank-darabont-la-esperanza-como-acto-de-resistencia\/","title":{"rendered":"\u00abCadena perpetua\u00bb, pel\u00edcula de Frank Darabont: la esperanza como acto de resistencia."},"content":{"rendered":"<p>Hoy te recomiendo Cadena perpetua, una de esas pel\u00edculas que, con el paso del tiempo, se ha convertido en un peque\u00f1o milagro cultural: una pel\u00edcula que pas\u00f3 casi desapercibida en su estreno, eclipsada por t\u00edtulos como Pulp Fiction o Forrest Gump, y que, sin embargo, ha terminado ocupando un lugar \u00edntimo en la memoria emocional de millones de espectadores. No es dif\u00edcil entender por qu\u00e9. Hay algo en su tono y en su manera de mostrar la vida desde la reclusi\u00f3n que convierte la historia de Andy Dufresne y Red en una especie de par\u00e1bola moderna sobre la dignidad, la paciencia y la obstinaci\u00f3n silenciosa.<\/p>\n<p>Lo fascinante es que Cadena perpetua no necesita grandes artificios para conmover. Frank Darabont filma la prisi\u00f3n de Shawshank como un espacio casi m\u00edtico, donde el tiempo se espesa y los hombres se transforman lentamente, a veces para bien y a veces para mal. La c\u00e1rcel no es solo un escenario, sino un personaje m\u00e1s, un organismo que devora, domestica y anestesia. Y, en medio de ese mundo gris, Andy destaca como una anomal\u00eda luminosa, alguien que se niega a permitir que la instituci\u00f3n le robe el alma. Su resistencia no es \u00e9pica ni ruidosa, sino meticulosa, paciente y casi artesanal. Quiz\u00e1 por eso resulta tan poderosa.<\/p>\n<p>La pel\u00edcula, basada en un relato de Stephen King, tiene esa cualidad de las historias que parecen simples, pero que esconden m\u00faltiples lecturas. Puede verse como un drama carcelario, por supuesto, pero tambi\u00e9n como una reflexi\u00f3n sobre la esperanza como acto de rebeld\u00eda. Red, interpretado con una serenidad magn\u00e9tica por Morgan Freeman, es el contrapunto perfecto: un hombre que ha aprendido a no esperar nada para no sufrir m\u00e1s. Su amistad con Andy es el coraz\u00f3n de la pel\u00edcula: un v\u00ednculo que se forja sin sentimentalismos, a trav\u00e9s de gestos m\u00ednimos, conversaciones al atardecer y silencios compartidos.<\/p>\n<p>Hay escenas que ya forman parte del imaginario colectivo: la m\u00fasica de Mozart inundando el patio, la cerveza en el tejado, la biblioteca que crece como un peque\u00f1o milagro cotidiano&#8230; Son momentos que funcionan casi como rituales de resistencia, peque\u00f1as grietas por donde se cuela la vida en un entorno dise\u00f1ado para sofocarla.<\/p>\n<p>Lo m\u00e1s sorprendente es que Cadena perpetua nunca cae en el cinismo ni en la manipulaci\u00f3n emocional. Su optimismo \u2014porque s\u00ed, es una pel\u00edcula profundamente optimista\u2014 no es ingenuo. Se basa en la conciencia del dolor, la injusticia y la brutalidad del sistema penitenciario. La esperanza no es aqu\u00ed un eslogan, sino un trabajo, una disciplina, una forma de mantenerse humano cuando todo lo que te rodea conspira para lo contrario.<\/p>\n<p>Y, al final, cuando la historia desemboca en esa playa luminosa que parece un sue\u00f1o largamente aplazado, uno entiende que la pel\u00edcula no solo habla de escapar de una prisi\u00f3n f\u00edsica, sino tambi\u00e9n de algo m\u00e1s \u00edntimo: la posibilidad de reconstruirse y de imaginar un futuro, incluso cuando el presente parece clausurado.<\/p>\n<p>Por eso sigue resonando. Porque todos, en alg\u00fan momento, hemos necesitado creer que la paciencia tiene sentido, que la amistad salva y que la esperanza \u2014esa palabra tan gastada\u2014 puede ser una forma de libertad.<\/p>\n<h3>Detr\u00e1s de \u201cCadena perpetua\u201d.<\/h3>\n<p>La historia detr\u00e1s de Cadena perpetua es casi tan improbable y entra\u00f1able como la propia pel\u00edcula. Naci\u00f3 de un gesto humilde: Frank Darabont le compr\u00f3 a Stephen King los derechos de la novela corta Rita Hayworth and Shawshank Redemption por una suma modesta, movido por la fuerza \u00edntima del relato y por la convicci\u00f3n de que all\u00ed hab\u00eda una pel\u00edcula profundamente humana. Lo curioso es que, pese a esa fe, nadie imaginaba que aquel drama carcelario \u2014sin romance, sin acci\u00f3n, sin estrellas \u00abtaquilleras\u00bb\u2014 acabar\u00eda convirti\u00e9ndose en un cl\u00e1sico moderno.<\/p>\n<p>El rodaje se llev\u00f3 a cabo en un lugar que hoy es casi un santuario cin\u00e9filo: la antigua prisi\u00f3n de Mansfield, en Ohio, un edificio imponente y semiderruido que aport\u00f3 a la pel\u00edcula esa atm\u00f3sfera opresiva y casi g\u00f3tica que la caracteriza. El reclusorio, cerrado y condenado a la demolici\u00f3n, se transform\u00f3 para convertirse en Shawshank y termin\u00f3 funcionando como un personaje m\u00e1s, con sus pasillos interminables y su arquitectura que parece pesar sobre los hombros de los protagonistas.<\/p>\n<p>El proceso creativo tambi\u00e9n estuvo marcado por una serie de decisiones que, vistas en retrospectiva, parecen milagrosamente acertadas. Darabont, que debutaba en el largometraje, escribi\u00f3 y dirigi\u00f3 la pel\u00edcula con una mezcla de respeto por el material original y una sensibilidad visual que se apoy\u00f3 en la fotograf\u00eda de Roger Deakins, cuya luz dorada y melanc\u00f3lica convirti\u00f3 la historia en una especie de f\u00e1bula adulta. Thomas Newman, por su parte, compuso una banda sonora que no subraya la emoci\u00f3n, sino que la acompa\u00f1a con una delicadeza casi espiritual.<\/p>\n<p>A pesar del talento involucrado, la pel\u00edcula tuvo un estreno discreto en 1994, eclipsada por otros \u00e9xitos de la temporada. Su recaudaci\u00f3n inicial fue modesta, aunque en Espa\u00f1a \u2014donde lleg\u00f3 un a\u00f1o m\u00e1s tarde\u2014 tuvo una acogida algo mejor. Sin embargo, la pel\u00edcula fue encontrando su p\u00fablico poco a poco, gracias al boca a boca, a los pases televisivos y a la sensaci\u00f3n, dif\u00edcil de explicar, de que conten\u00eda algo esencial sobre la condici\u00f3n humana. Hoy en d\u00eda, es una de las pel\u00edculas mejor valoradas de la historia, un ejemplo de c\u00f3mo el paso del tiempo sabe reconocer lo que el mercado ignor\u00f3 en su momento.<\/p>\n<p>Detr\u00e1s de su aparente sencillez hay un c\u00famulo de decisiones artesanales, intuiciones afortunadas y un equipo que crey\u00f3 en la historia de dos hombres que, en medio de la oscuridad, se aferran a la esperanza. Quiz\u00e1 por eso Cadena perpetua sigue creciendo con los a\u00f1os: su propia existencia es, en cierto modo, un acto de fe.<\/p>\n<figure id=\"attachment_11973\" aria-describedby=\"caption-attachment-11973\" style=\"width: 225px\" class=\"wp-caption aligncenter\"><a href=\"https:\/\/rafaramirez.org\/blog\/wp-content\/uploads\/2026\/03\/Cadena-perpetua-cartel.jpg\" target=\"_blank\" rel=\"noopener\"><img loading=\"lazy\" decoding=\"async\" class=\"wp-image-11973 size-medium\" src=\"https:\/\/rafaramirez.org\/blog\/wp-content\/uploads\/2026\/03\/Cadena-perpetua-cartel-225x300.jpg\" alt=\"Cartel de &quot;Cadena perpetua&quot; (1994). Pel\u00edcula recomendada. Blog de Rafael Ram\u00edrez.\" width=\"225\" height=\"300\" srcset=\"https:\/\/rafaramirez.org\/blog\/wp-content\/uploads\/2026\/03\/Cadena-perpetua-cartel-225x300.jpg 225w, https:\/\/rafaramirez.org\/blog\/wp-content\/uploads\/2026\/03\/Cadena-perpetua-cartel.jpg 768w\" sizes=\"auto, (max-width: 225px) 100vw, 225px\" \/><\/a><figcaption id=\"caption-attachment-11973\" class=\"wp-caption-text\">Cartel de \u00abCadena perpetua\u00bb (1994). Pel\u00edcula recomendada. Blog de Rafael Ram\u00edrez.<\/figcaption><\/figure>\n<h3>Ficha t\u00e9cnica de la pel\u00edcula.<\/h3>\n<ul>\n<li><strong>T\u00edtulo:<\/strong> The Shawshank Redemption<\/li>\n<li><strong>T\u00edtulo en Espa\u00f1a:<\/strong> Cadena perpetua<\/li>\n<li><strong>Pa\u00eds:<\/strong> Estados Unidos<\/li>\n<li><strong>A\u00f1o:<\/strong> 1994<\/li>\n<li><strong>G\u00e9nero:<\/strong> Drama (drama carcelario, amistad, ambientaci\u00f3n en los a\u00f1os 40 y 50)<\/li>\n<li><strong>Duraci\u00f3n:<\/strong> 142 minutos<\/li>\n<li><strong>Idioma:<\/strong> Ingl\u00e9s<\/li>\n<li><strong>Productora:<\/strong> Castle Rock Entertainment<\/li>\n<li><strong>Distribuidora:<\/strong> Columbia Pictures<\/li>\n<\/ul>\n<p><strong>Producci\u00f3n y equipo principal<\/strong><\/p>\n<ul>\n<li><strong>Direcci\u00f3n:<\/strong> Frank Darabont<\/li>\n<li><strong>Producci\u00f3n:<\/strong> Niki Marvin<\/li>\n<li><strong>Guion:<\/strong> Frank Darabont, basado en Stephen King<\/li>\n<li><strong>M\u00fasica:<\/strong> Thomas Newman<\/li>\n<li><strong>Fotograf\u00eda:<\/strong> Roger Deakins<\/li>\n<li><strong>Montaje:<\/strong> Richard Francis-Bruce<\/li>\n<li><strong>Vestuario:<\/strong> Elizabeth McBride<\/li>\n<\/ul>\n<p><strong>Reparto principal<\/strong><\/p>\n<ul>\n<li>Tim Robbins \u2014 Andy Dufresne<\/li>\n<li>Morgan Freeman \u2014 Ellis \u201cRed\u201d Redding<\/li>\n<li>Bob Gunton \u2014 Warden Norton<\/li>\n<li>James Whitmore \u2014 Brooks Hatlen<\/li>\n<li>William Sadler \u2014 Heywood<\/li>\n<li>Clancy Brown \u2014 Hadley<\/li>\n<li>Gil Bellows \u2014 Tommy<\/li>\n<li>Mark Rolston \u2014 Bogs Diamond<\/li>\n<\/ul>\n<p><strong>Estreno<\/strong><\/p>\n<ul>\n<li>10 de septiembre de 1994 en el Festival Internacional de Toronto (TIFF)<\/li>\n<li>23 de septiembre de 1994 en Estados Unidos<\/li>\n<li>24 de febrero de 1995 en Espa\u00f1a<\/li>\n<\/ul>\n<p><strong>Presupuesto y recaudaci\u00f3n<\/strong><\/p>\n<ul>\n<li><strong>Presupuesto:<\/strong> 25 millones USD<\/li>\n<li><strong>Recaudaci\u00f3n inicial:<\/strong> 29,3 millones USD (modesta para su \u00e9poca, aunque luego se convirti\u00f3 en un fen\u00f3meno de culto)<\/li>\n<\/ul>\n<figure id=\"attachment_11974\" aria-describedby=\"caption-attachment-11974\" style=\"width: 300px\" class=\"wp-caption aligncenter\"><a href=\"https:\/\/rafaramirez.org\/blog\/wp-content\/uploads\/2026\/03\/Cadena-perpetua-escenal.jpg\" target=\"_blank\" rel=\"noopener\"><img loading=\"lazy\" decoding=\"async\" class=\"wp-image-11974 size-medium\" src=\"https:\/\/rafaramirez.org\/blog\/wp-content\/uploads\/2026\/03\/Cadena-perpetua-escenal-300x174.jpg\" alt=\"Escena de &quot;Cadena perpetua&quot; (1994). Pel\u00edcula recomendada. Blog de Rafael Ram\u00edrez.\" width=\"300\" height=\"174\" srcset=\"https:\/\/rafaramirez.org\/blog\/wp-content\/uploads\/2026\/03\/Cadena-perpetua-escenal-300x174.jpg 300w, https:\/\/rafaramirez.org\/blog\/wp-content\/uploads\/2026\/03\/Cadena-perpetua-escenal-768x445.jpg 768w, https:\/\/rafaramirez.org\/blog\/wp-content\/uploads\/2026\/03\/Cadena-perpetua-escenal.jpg 995w\" sizes=\"auto, (max-width: 300px) 100vw, 300px\" \/><\/a><figcaption id=\"caption-attachment-11974\" class=\"wp-caption-text\">Escena de \u00abCadena perpetua\u00bb (1994). Pel\u00edcula recomendada. Blog de Rafael Ram\u00edrez.<\/figcaption><\/figure>\n<h3>Tr\u00e1iler de \u201cCadena perpetua\u201d.<\/h3>\n<p><iframe loading=\"lazy\" title=\"YouTube video player\" src=\"https:\/\/www.youtube.com\/embed\/gNS84kTqI3M?si=5gKSqbi9Kd1dxX6Q\" width=\"560\" height=\"315\" frameborder=\"0\" allowfullscreen=\"allowfullscreen\"><\/iframe><\/p>\n<p>Recomendar <em>Cadena perpetua<\/em> es casi un acto de justicia po\u00e9tica. Es una pel\u00edcula que demuestra que la emoci\u00f3n no necesita artificios: basta una historia bien contada, personajes que transmiten verdad y una mirada profundamente humana sobre la esperanza. Su fuerza radica en c\u00f3mo convierte un entorno opresivo en un espacio para la dignidad, la amistad y la resistencia silenciosa. Y porque, en definitiva, nos recuerda algo esencial: incluso en los lugares m\u00e1s oscuros puede abrirse una grieta de luz.<\/p>\n<p>M\u00e1s informaci\u00f3n:<\/p>\n<ul>\n<li><a href=\"https:\/\/www.filmaffinity.com\/es\/film161026.html\" target=\"_blank\" rel=\"noopener\">Cadena perpetua (1994) &#8211; FilmAffinity<\/a>.<\/li>\n<li><a href=\"https:\/\/es.wikipedia.org\/wiki\/The_Shawshank_Redemption\" target=\"_blank\" rel=\"noopener\">The Shawshank Redemption &#8211; Wikipedia, la enciclopedia libre<\/a>.<\/li>\n<li><a href=\"https:\/\/www.google.com\/search?q=donde+comprar+o+ver+cadena+perpetua+1994\" target=\"_blank\" rel=\"noopener\">D\u00f3nde comprar o ver Cadena perpetua (1994) &#8211; Buscar con Google<\/a>.<\/li>\n<li><a href=\"https:\/\/rafaramirez.org\/blog\/index.php\/category\/arte\/cine\/\" target=\"_blank\" rel=\"noopener\">M\u00e1s cine recomendado<\/a>.<\/li>\n<\/ul>\n","protected":false},"excerpt":{"rendered":"<p>Hoy te recomiendo Cadena perpetua, una de esas pel\u00edculas que, con el paso del tiempo, se ha convertido en un peque\u00f1o milagro cultural: una pel\u00edcula que pas\u00f3 casi desapercibida en su estreno, eclipsada por t\u00edtulos como Pulp Fiction o Forrest Gump, y que, sin embargo, ha terminado ocupando un lugar \u00edntimo en la memoria emocional [&hellip;]<\/p>\n","protected":false},"author":1,"featured_media":11971,"comment_status":"open","ping_status":"closed","sticky":false,"template":"","format":"standard","meta":{"site-container-style":"default","site-container-layout":"default","site-sidebar-layout":"default","disable-article-header":"default","disable-site-header":"default","disable-site-footer":"default","disable-content-area-spacing":"default","_jetpack_newsletter_access":"","_jetpack_dont_email_post_to_subs":false,"_jetpack_newsletter_tier_id":0,"_jetpack_memberships_contains_paywalled_content":false,"_jetpack_feature_clip_id":0,"_jetpack_memberships_contains_paid_content":false,"footnotes":"","jetpack_publicize_message":"","jetpack_publicize_feature_enabled":true,"jetpack_social_post_already_shared":true,"jetpack_social_options":{"image_generator_settings":{"template":"highway","default_image_id":0,"font":"","enabled":false},"version":2},"jetpack_post_was_ever_published":false},"categories":[711],"tags":[4781,103,4004,1456,4777,4779,4780,4782,4735,897,4645,4778],"class_list":["post-11969","post","type-post","status-publish","format-standard","has-post-thumbnail","hentry","category-cine","tag-cadena-perpetua-1994","tag-cine","tag-cine-recomendado","tag-critica-de-peliculas","tag-frank-darabont","tag-morgan-freeman","tag-pelicula-de-1994","tag-pelicula-de-frank-darabont","tag-pelicula-de-sydney-pollack","tag-pelicula-recomendada","tag-resena-de-peliculas","tag-tim-robbins"],"yoast_head":"<!-- This site is optimized with the Yoast SEO plugin v28.4 - https:\/\/yoast.com\/product\/yoast-seo-wordpress\/ -->\n<title>&quot;Cadena perpetua&quot;, pel\u00edcula de Frank Darabont: la esperanza como acto de resistencia. - Blog de Rafael Ram\u00edrez<\/title>\n<meta name=\"description\" content=\"Hoy te recomiendo Cadena perpetua, una de esas pel\u00edculas que, con el paso del tiempo, se ha convertido en un peque\u00f1o milagro cultural\" \/>\n<meta name=\"robots\" content=\"index, follow, max-snippet:-1, max-image-preview:large, max-video-preview:-1\" \/>\n<link rel=\"canonical\" href=\"https:\/\/rafaramirez.org\/blog\/index.php\/2026\/03\/04\/cadena-perpetua-pelicula-de-frank-darabont-la-esperanza-como-acto-de-resistencia\/\" \/>\n<meta property=\"og:locale\" content=\"es_ES\" \/>\n<meta property=\"og:type\" content=\"article\" \/>\n<meta property=\"og:title\" content=\"&quot;Cadena perpetua&quot;, pel\u00edcula de Frank Darabont: la esperanza como acto de resistencia. - Blog de Rafael Ram\u00edrez\" \/>\n<meta property=\"og:description\" content=\"Hoy te recomiendo Cadena perpetua, una de esas pel\u00edculas que, con el paso del tiempo, se ha convertido en un peque\u00f1o milagro cultural\" \/>\n<meta property=\"og:url\" content=\"https:\/\/rafaramirez.org\/blog\/index.php\/2026\/03\/04\/cadena-perpetua-pelicula-de-frank-darabont-la-esperanza-como-acto-de-resistencia\/\" \/>\n<meta property=\"og:site_name\" content=\"Blog de Rafael Ram\u00edrez\" \/>\n<meta property=\"article:published_time\" content=\"2026-03-04T07:00:37+00:00\" \/>\n<meta property=\"og:image\" content=\"https:\/\/rafaramirez.org\/blog\/wp-content\/uploads\/2026\/03\/Cadena-perpetua-bannerlog.jpg\" \/>\n\t<meta property=\"og:image:width\" content=\"720\" \/>\n\t<meta property=\"og:image:height\" content=\"440\" \/>\n\t<meta property=\"og:image:type\" content=\"image\/jpeg\" \/>\n<meta name=\"author\" content=\"Rafael Ram\u00edrez\" \/>\n<meta name=\"twitter:card\" content=\"summary_large_image\" \/>\n<meta name=\"twitter:creator\" content=\"@rafaramirez_ok\" \/>\n<meta name=\"twitter:site\" content=\"@rafaramirez_ok\" \/>\n<meta name=\"twitter:label1\" content=\"Escrito por\" \/>\n\t<meta name=\"twitter:data1\" content=\"Rafael Ram\u00edrez\" \/>\n\t<meta name=\"twitter:label2\" content=\"Tiempo de lectura\" \/>\n\t<meta name=\"twitter:data2\" content=\"7 minutos\" \/>\n<script type=\"application\/ld+json\" class=\"yoast-schema-graph\">{\"@context\":\"https:\\\/\\\/schema.org\",\"@graph\":[{\"@type\":\"Article\",\"@id\":\"https:\\\/\\\/rafaramirez.org\\\/blog\\\/index.php\\\/2026\\\/03\\\/04\\\/cadena-perpetua-pelicula-de-frank-darabont-la-esperanza-como-acto-de-resistencia\\\/#article\",\"isPartOf\":{\"@id\":\"https:\\\/\\\/rafaramirez.org\\\/blog\\\/index.php\\\/2026\\\/03\\\/04\\\/cadena-perpetua-pelicula-de-frank-darabont-la-esperanza-como-acto-de-resistencia\\\/\"},\"author\":{\"name\":\"Rafael Ram\u00edrez\",\"@id\":\"https:\\\/\\\/rafaramirez.org\\\/blog\\\/#\\\/schema\\\/person\\\/50f43b6d60c578760d4c17bda54ab6a5\"},\"headline\":\"\u00abCadena perpetua\u00bb, pel\u00edcula de Frank Darabont: la esperanza como acto de resistencia.\",\"datePublished\":\"2026-03-04T07:00:37+00:00\",\"mainEntityOfPage\":{\"@id\":\"https:\\\/\\\/rafaramirez.org\\\/blog\\\/index.php\\\/2026\\\/03\\\/04\\\/cadena-perpetua-pelicula-de-frank-darabont-la-esperanza-como-acto-de-resistencia\\\/\"},\"wordCount\":1360,\"commentCount\":0,\"publisher\":{\"@id\":\"https:\\\/\\\/rafaramirez.org\\\/blog\\\/#\\\/schema\\\/person\\\/50f43b6d60c578760d4c17bda54ab6a5\"},\"image\":{\"@id\":\"https:\\\/\\\/rafaramirez.org\\\/blog\\\/index.php\\\/2026\\\/03\\\/04\\\/cadena-perpetua-pelicula-de-frank-darabont-la-esperanza-como-acto-de-resistencia\\\/#primaryimage\"},\"thumbnailUrl\":\"https:\\\/\\\/rafaramirez.org\\\/blog\\\/wp-content\\\/uploads\\\/2026\\\/03\\\/Cadena-perpetua-bannerlog.jpg\",\"keywords\":[\"Cadena perpetua 1994\",\"cine\",\"cine recomendado\",\"cr\u00edtica de pel\u00edculas\",\"Frank Darabont\",\"Morgan Freeman\",\"pel\u00edcula de 1994\",\"pel\u00edcula de Frank Darabont\",\"pel\u00edcula de Sydney Pollack\",\"pel\u00edcula recomendada\",\"rese\u00f1a de pel\u00edculas\",\"Tim Robbins\"],\"articleSection\":[\"Cine\"],\"inLanguage\":\"es\",\"potentialAction\":[{\"@type\":\"CommentAction\",\"name\":\"Comment\",\"target\":[\"https:\\\/\\\/rafaramirez.org\\\/blog\\\/index.php\\\/2026\\\/03\\\/04\\\/cadena-perpetua-pelicula-de-frank-darabont-la-esperanza-como-acto-de-resistencia\\\/#respond\"]}]},{\"@type\":\"WebPage\",\"@id\":\"https:\\\/\\\/rafaramirez.org\\\/blog\\\/index.php\\\/2026\\\/03\\\/04\\\/cadena-perpetua-pelicula-de-frank-darabont-la-esperanza-como-acto-de-resistencia\\\/\",\"url\":\"https:\\\/\\\/rafaramirez.org\\\/blog\\\/index.php\\\/2026\\\/03\\\/04\\\/cadena-perpetua-pelicula-de-frank-darabont-la-esperanza-como-acto-de-resistencia\\\/\",\"name\":\"\\\"Cadena perpetua\\\", pel\u00edcula de Frank Darabont: la esperanza como acto de resistencia. - Blog de Rafael Ram\u00edrez\",\"isPartOf\":{\"@id\":\"https:\\\/\\\/rafaramirez.org\\\/blog\\\/#website\"},\"primaryImageOfPage\":{\"@id\":\"https:\\\/\\\/rafaramirez.org\\\/blog\\\/index.php\\\/2026\\\/03\\\/04\\\/cadena-perpetua-pelicula-de-frank-darabont-la-esperanza-como-acto-de-resistencia\\\/#primaryimage\"},\"image\":{\"@id\":\"https:\\\/\\\/rafaramirez.org\\\/blog\\\/index.php\\\/2026\\\/03\\\/04\\\/cadena-perpetua-pelicula-de-frank-darabont-la-esperanza-como-acto-de-resistencia\\\/#primaryimage\"},\"thumbnailUrl\":\"https:\\\/\\\/rafaramirez.org\\\/blog\\\/wp-content\\\/uploads\\\/2026\\\/03\\\/Cadena-perpetua-bannerlog.jpg\",\"datePublished\":\"2026-03-04T07:00:37+00:00\",\"description\":\"Hoy te recomiendo Cadena perpetua, una de esas pel\u00edculas que, con el paso del tiempo, se ha convertido en un peque\u00f1o milagro cultural\",\"breadcrumb\":{\"@id\":\"https:\\\/\\\/rafaramirez.org\\\/blog\\\/index.php\\\/2026\\\/03\\\/04\\\/cadena-perpetua-pelicula-de-frank-darabont-la-esperanza-como-acto-de-resistencia\\\/#breadcrumb\"},\"inLanguage\":\"es\",\"potentialAction\":[{\"@type\":\"ReadAction\",\"target\":[\"https:\\\/\\\/rafaramirez.org\\\/blog\\\/index.php\\\/2026\\\/03\\\/04\\\/cadena-perpetua-pelicula-de-frank-darabont-la-esperanza-como-acto-de-resistencia\\\/\"]}]},{\"@type\":\"ImageObject\",\"inLanguage\":\"es\",\"@id\":\"https:\\\/\\\/rafaramirez.org\\\/blog\\\/index.php\\\/2026\\\/03\\\/04\\\/cadena-perpetua-pelicula-de-frank-darabont-la-esperanza-como-acto-de-resistencia\\\/#primaryimage\",\"url\":\"https:\\\/\\\/rafaramirez.org\\\/blog\\\/wp-content\\\/uploads\\\/2026\\\/03\\\/Cadena-perpetua-bannerlog.jpg\",\"contentUrl\":\"https:\\\/\\\/rafaramirez.org\\\/blog\\\/wp-content\\\/uploads\\\/2026\\\/03\\\/Cadena-perpetua-bannerlog.jpg\",\"width\":720,\"height\":440,\"caption\":\"\\\"Cadena perpetua\\\" (1994). Pel\u00edcula recomendada. Blog de Rafael Ram\u00edrez.\"},{\"@type\":\"BreadcrumbList\",\"@id\":\"https:\\\/\\\/rafaramirez.org\\\/blog\\\/index.php\\\/2026\\\/03\\\/04\\\/cadena-perpetua-pelicula-de-frank-darabont-la-esperanza-como-acto-de-resistencia\\\/#breadcrumb\",\"itemListElement\":[{\"@type\":\"ListItem\",\"position\":1,\"name\":\"Portada\",\"item\":\"https:\\\/\\\/rafaramirez.org\\\/blog\\\/\"},{\"@type\":\"ListItem\",\"position\":2,\"name\":\"\u00abCadena perpetua\u00bb, pel\u00edcula de Frank Darabont: la esperanza como acto de resistencia.\"}]},{\"@type\":\"WebSite\",\"@id\":\"https:\\\/\\\/rafaramirez.org\\\/blog\\\/#website\",\"url\":\"https:\\\/\\\/rafaramirez.org\\\/blog\\\/\",\"name\":\"Blog de Rafael Ram\u00edrez\",\"description\":\"Un sitio social, de arte y cultura\",\"publisher\":{\"@id\":\"https:\\\/\\\/rafaramirez.org\\\/blog\\\/#\\\/schema\\\/person\\\/50f43b6d60c578760d4c17bda54ab6a5\"},\"potentialAction\":[{\"@type\":\"SearchAction\",\"target\":{\"@type\":\"EntryPoint\",\"urlTemplate\":\"https:\\\/\\\/rafaramirez.org\\\/blog\\\/?s={search_term_string}\"},\"query-input\":{\"@type\":\"PropertyValueSpecification\",\"valueRequired\":true,\"valueName\":\"search_term_string\"}}],\"inLanguage\":\"es\"},{\"@type\":[\"Person\",\"Organization\"],\"@id\":\"https:\\\/\\\/rafaramirez.org\\\/blog\\\/#\\\/schema\\\/person\\\/50f43b6d60c578760d4c17bda54ab6a5\",\"name\":\"Rafael Ram\u00edrez\",\"image\":{\"@type\":\"ImageObject\",\"inLanguage\":\"es\",\"@id\":\"https:\\\/\\\/rafaramirez.org\\\/blog\\\/wp-content\\\/uploads\\\/2024\\\/09\\\/RR_socialnetwork.jpg\",\"url\":\"https:\\\/\\\/rafaramirez.org\\\/blog\\\/wp-content\\\/uploads\\\/2024\\\/09\\\/RR_socialnetwork.jpg\",\"contentUrl\":\"https:\\\/\\\/rafaramirez.org\\\/blog\\\/wp-content\\\/uploads\\\/2024\\\/09\\\/RR_socialnetwork.jpg\",\"width\":600,\"height\":606,\"caption\":\"Rafael Ram\u00edrez\"},\"logo\":{\"@id\":\"https:\\\/\\\/rafaramirez.org\\\/blog\\\/wp-content\\\/uploads\\\/2024\\\/09\\\/RR_socialnetwork.jpg\"},\"sameAs\":[\"https:\\\/\\\/www.rafaramirez.org\\\/blog\",\"https:\\\/\\\/www.instagram.com\\\/rafaramirez_ok\\\/\",\"https:\\\/\\\/es.pinterest.com\\\/Ramirez_Rafa\\\/\",\"https:\\\/\\\/x.com\\\/rafaramirez_ok\"],\"url\":\"https:\\\/\\\/rafaramirez.org\\\/blog\\\/index.php\\\/author\\\/rafaell_qm6j97da\\\/\"}]}<\/script>\n<!-- \/ Yoast SEO plugin. -->","yoast_head_json":{"title":"\"Cadena perpetua\", pel\u00edcula de Frank Darabont: la esperanza como acto de resistencia. - Blog de Rafael Ram\u00edrez","description":"Hoy te recomiendo Cadena perpetua, una de esas pel\u00edculas que, con el paso del tiempo, se ha convertido en un peque\u00f1o milagro cultural","robots":{"index":"index","follow":"follow","max-snippet":"max-snippet:-1","max-image-preview":"max-image-preview:large","max-video-preview":"max-video-preview:-1"},"canonical":"https:\/\/rafaramirez.org\/blog\/index.php\/2026\/03\/04\/cadena-perpetua-pelicula-de-frank-darabont-la-esperanza-como-acto-de-resistencia\/","og_locale":"es_ES","og_type":"article","og_title":"\"Cadena perpetua\", pel\u00edcula de Frank Darabont: la esperanza como acto de resistencia. - Blog de Rafael Ram\u00edrez","og_description":"Hoy te recomiendo Cadena perpetua, una de esas pel\u00edculas que, con el paso del tiempo, se ha convertido en un peque\u00f1o milagro cultural","og_url":"https:\/\/rafaramirez.org\/blog\/index.php\/2026\/03\/04\/cadena-perpetua-pelicula-de-frank-darabont-la-esperanza-como-acto-de-resistencia\/","og_site_name":"Blog de Rafael Ram\u00edrez","article_published_time":"2026-03-04T07:00:37+00:00","og_image":[{"width":720,"height":440,"url":"https:\/\/rafaramirez.org\/blog\/wp-content\/uploads\/2026\/03\/Cadena-perpetua-bannerlog.jpg","type":"image\/jpeg"}],"author":"Rafael Ram\u00edrez","twitter_card":"summary_large_image","twitter_creator":"@rafaramirez_ok","twitter_site":"@rafaramirez_ok","twitter_misc":{"Escrito por":"Rafael Ram\u00edrez","Tiempo de lectura":"7 minutos"},"schema":{"@context":"https:\/\/schema.org","@graph":[{"@type":"Article","@id":"https:\/\/rafaramirez.org\/blog\/index.php\/2026\/03\/04\/cadena-perpetua-pelicula-de-frank-darabont-la-esperanza-como-acto-de-resistencia\/#article","isPartOf":{"@id":"https:\/\/rafaramirez.org\/blog\/index.php\/2026\/03\/04\/cadena-perpetua-pelicula-de-frank-darabont-la-esperanza-como-acto-de-resistencia\/"},"author":{"name":"Rafael Ram\u00edrez","@id":"https:\/\/rafaramirez.org\/blog\/#\/schema\/person\/50f43b6d60c578760d4c17bda54ab6a5"},"headline":"\u00abCadena perpetua\u00bb, pel\u00edcula de Frank Darabont: la esperanza como acto de resistencia.","datePublished":"2026-03-04T07:00:37+00:00","mainEntityOfPage":{"@id":"https:\/\/rafaramirez.org\/blog\/index.php\/2026\/03\/04\/cadena-perpetua-pelicula-de-frank-darabont-la-esperanza-como-acto-de-resistencia\/"},"wordCount":1360,"commentCount":0,"publisher":{"@id":"https:\/\/rafaramirez.org\/blog\/#\/schema\/person\/50f43b6d60c578760d4c17bda54ab6a5"},"image":{"@id":"https:\/\/rafaramirez.org\/blog\/index.php\/2026\/03\/04\/cadena-perpetua-pelicula-de-frank-darabont-la-esperanza-como-acto-de-resistencia\/#primaryimage"},"thumbnailUrl":"https:\/\/rafaramirez.org\/blog\/wp-content\/uploads\/2026\/03\/Cadena-perpetua-bannerlog.jpg","keywords":["Cadena perpetua 1994","cine","cine recomendado","cr\u00edtica de pel\u00edculas","Frank Darabont","Morgan Freeman","pel\u00edcula de 1994","pel\u00edcula de Frank Darabont","pel\u00edcula de Sydney Pollack","pel\u00edcula recomendada","rese\u00f1a de pel\u00edculas","Tim Robbins"],"articleSection":["Cine"],"inLanguage":"es","potentialAction":[{"@type":"CommentAction","name":"Comment","target":["https:\/\/rafaramirez.org\/blog\/index.php\/2026\/03\/04\/cadena-perpetua-pelicula-de-frank-darabont-la-esperanza-como-acto-de-resistencia\/#respond"]}]},{"@type":"WebPage","@id":"https:\/\/rafaramirez.org\/blog\/index.php\/2026\/03\/04\/cadena-perpetua-pelicula-de-frank-darabont-la-esperanza-como-acto-de-resistencia\/","url":"https:\/\/rafaramirez.org\/blog\/index.php\/2026\/03\/04\/cadena-perpetua-pelicula-de-frank-darabont-la-esperanza-como-acto-de-resistencia\/","name":"\"Cadena perpetua\", pel\u00edcula de Frank Darabont: la esperanza como acto de resistencia. - Blog de Rafael Ram\u00edrez","isPartOf":{"@id":"https:\/\/rafaramirez.org\/blog\/#website"},"primaryImageOfPage":{"@id":"https:\/\/rafaramirez.org\/blog\/index.php\/2026\/03\/04\/cadena-perpetua-pelicula-de-frank-darabont-la-esperanza-como-acto-de-resistencia\/#primaryimage"},"image":{"@id":"https:\/\/rafaramirez.org\/blog\/index.php\/2026\/03\/04\/cadena-perpetua-pelicula-de-frank-darabont-la-esperanza-como-acto-de-resistencia\/#primaryimage"},"thumbnailUrl":"https:\/\/rafaramirez.org\/blog\/wp-content\/uploads\/2026\/03\/Cadena-perpetua-bannerlog.jpg","datePublished":"2026-03-04T07:00:37+00:00","description":"Hoy te recomiendo Cadena perpetua, una de esas pel\u00edculas que, con el paso del tiempo, se ha convertido en un peque\u00f1o milagro cultural","breadcrumb":{"@id":"https:\/\/rafaramirez.org\/blog\/index.php\/2026\/03\/04\/cadena-perpetua-pelicula-de-frank-darabont-la-esperanza-como-acto-de-resistencia\/#breadcrumb"},"inLanguage":"es","potentialAction":[{"@type":"ReadAction","target":["https:\/\/rafaramirez.org\/blog\/index.php\/2026\/03\/04\/cadena-perpetua-pelicula-de-frank-darabont-la-esperanza-como-acto-de-resistencia\/"]}]},{"@type":"ImageObject","inLanguage":"es","@id":"https:\/\/rafaramirez.org\/blog\/index.php\/2026\/03\/04\/cadena-perpetua-pelicula-de-frank-darabont-la-esperanza-como-acto-de-resistencia\/#primaryimage","url":"https:\/\/rafaramirez.org\/blog\/wp-content\/uploads\/2026\/03\/Cadena-perpetua-bannerlog.jpg","contentUrl":"https:\/\/rafaramirez.org\/blog\/wp-content\/uploads\/2026\/03\/Cadena-perpetua-bannerlog.jpg","width":720,"height":440,"caption":"\"Cadena perpetua\" (1994). Pel\u00edcula recomendada. Blog de Rafael Ram\u00edrez."},{"@type":"BreadcrumbList","@id":"https:\/\/rafaramirez.org\/blog\/index.php\/2026\/03\/04\/cadena-perpetua-pelicula-de-frank-darabont-la-esperanza-como-acto-de-resistencia\/#breadcrumb","itemListElement":[{"@type":"ListItem","position":1,"name":"Portada","item":"https:\/\/rafaramirez.org\/blog\/"},{"@type":"ListItem","position":2,"name":"\u00abCadena perpetua\u00bb, pel\u00edcula de Frank Darabont: la esperanza como acto de resistencia."}]},{"@type":"WebSite","@id":"https:\/\/rafaramirez.org\/blog\/#website","url":"https:\/\/rafaramirez.org\/blog\/","name":"Blog de Rafael Ram\u00edrez","description":"Un sitio social, de arte y cultura","publisher":{"@id":"https:\/\/rafaramirez.org\/blog\/#\/schema\/person\/50f43b6d60c578760d4c17bda54ab6a5"},"potentialAction":[{"@type":"SearchAction","target":{"@type":"EntryPoint","urlTemplate":"https:\/\/rafaramirez.org\/blog\/?s={search_term_string}"},"query-input":{"@type":"PropertyValueSpecification","valueRequired":true,"valueName":"search_term_string"}}],"inLanguage":"es"},{"@type":["Person","Organization"],"@id":"https:\/\/rafaramirez.org\/blog\/#\/schema\/person\/50f43b6d60c578760d4c17bda54ab6a5","name":"Rafael Ram\u00edrez","image":{"@type":"ImageObject","inLanguage":"es","@id":"https:\/\/rafaramirez.org\/blog\/wp-content\/uploads\/2024\/09\/RR_socialnetwork.jpg","url":"https:\/\/rafaramirez.org\/blog\/wp-content\/uploads\/2024\/09\/RR_socialnetwork.jpg","contentUrl":"https:\/\/rafaramirez.org\/blog\/wp-content\/uploads\/2024\/09\/RR_socialnetwork.jpg","width":600,"height":606,"caption":"Rafael Ram\u00edrez"},"logo":{"@id":"https:\/\/rafaramirez.org\/blog\/wp-content\/uploads\/2024\/09\/RR_socialnetwork.jpg"},"sameAs":["https:\/\/www.rafaramirez.org\/blog","https:\/\/www.instagram.com\/rafaramirez_ok\/","https:\/\/es.pinterest.com\/Ramirez_Rafa\/","https:\/\/x.com\/rafaramirez_ok"],"url":"https:\/\/rafaramirez.org\/blog\/index.php\/author\/rafaell_qm6j97da\/"}]}},"jetpack_publicize_connections":[],"jetpack_sharing_enabled":true,"jetpack_likes_enabled":true,"jetpack_featured_media_url":"https:\/\/rafaramirez.org\/blog\/wp-content\/uploads\/2026\/03\/Cadena-perpetua-bannerlog.jpg","_links":{"self":[{"href":"https:\/\/rafaramirez.org\/blog\/index.php\/wp-json\/wp\/v2\/posts\/11969","targetHints":{"allow":["GET"]}}],"collection":[{"href":"https:\/\/rafaramirez.org\/blog\/index.php\/wp-json\/wp\/v2\/posts"}],"about":[{"href":"https:\/\/rafaramirez.org\/blog\/index.php\/wp-json\/wp\/v2\/types\/post"}],"author":[{"embeddable":true,"href":"https:\/\/rafaramirez.org\/blog\/index.php\/wp-json\/wp\/v2\/users\/1"}],"replies":[{"embeddable":true,"href":"https:\/\/rafaramirez.org\/blog\/index.php\/wp-json\/wp\/v2\/comments?post=11969"}],"version-history":[{"count":6,"href":"https:\/\/rafaramirez.org\/blog\/index.php\/wp-json\/wp\/v2\/posts\/11969\/revisions"}],"predecessor-version":[{"id":11978,"href":"https:\/\/rafaramirez.org\/blog\/index.php\/wp-json\/wp\/v2\/posts\/11969\/revisions\/11978"}],"wp:featuredmedia":[{"embeddable":true,"href":"https:\/\/rafaramirez.org\/blog\/index.php\/wp-json\/wp\/v2\/media\/11971"}],"wp:attachment":[{"href":"https:\/\/rafaramirez.org\/blog\/index.php\/wp-json\/wp\/v2\/media?parent=11969"}],"wp:term":[{"taxonomy":"category","embeddable":true,"href":"https:\/\/rafaramirez.org\/blog\/index.php\/wp-json\/wp\/v2\/categories?post=11969"},{"taxonomy":"post_tag","embeddable":true,"href":"https:\/\/rafaramirez.org\/blog\/index.php\/wp-json\/wp\/v2\/tags?post=11969"}],"curies":[{"name":"wp","href":"https:\/\/api.w.org\/{rel}","templated":true}]}}