{"id":11963,"date":"2026-03-03T08:00:27","date_gmt":"2026-03-03T07:00:27","guid":{"rendered":"https:\/\/rafaramirez.org\/blog\/?p=11963"},"modified":"2026-02-05T13:13:27","modified_gmt":"2026-02-05T12:13:27","slug":"dia-internacional-de-los-escritores-3-de-marzo-efemerides","status":"publish","type":"post","link":"https:\/\/rafaramirez.org\/blog\/index.php\/2026\/03\/03\/dia-internacional-de-los-escritores-3-de-marzo-efemerides\/","title":{"rendered":"D\u00eda Internacional de los Escritores: celebrando a quienes dan forma al mundo con su escritura."},"content":{"rendered":"<p>El D\u00eda Internacional de los Escritores se celebra cada 3 de marzo y rinde homenaje a quienes moldean la cultura, la memoria y la imaginaci\u00f3n colectiva con la palabra escrita. Se trata de una fecha relativamente reciente, establecida en 1986, pero con un profundo simbolismo: reconocer el poder transformador de la escritura y el papel social de quienes la ejercen.<\/p>\n<p>El D\u00eda Internacional de los Escritores es una paradoja hermosa: una celebraci\u00f3n silenciosa de un oficio que casi siempre se ejerce en silencio. Cada 3 de marzo se abre una peque\u00f1a grieta en el calendario para recordar que detr\u00e1s de cada texto \u2014literario, period\u00edstico, digital o \u00edntimo\u2014 hay alguien que ha dedicado horas a ordenar el mundo a trav\u00e9s de las palabras. No se trata de un homenaje solemne ni grandilocuente, sino de un recordatorio de que la escritura sigue siendo una de las formas m\u00e1s persistentes de resistencia cultural.<\/p>\n<h3>\u00bfQu\u00e9 es y por qu\u00e9 se celebra?<\/h3>\n<ul>\n<li>Fecha: 3 de marzo.<\/li>\n<li>Instituci\u00f3n promotora: fue propuesto en 1986 durante una conferencia mundial de escritores en Par\u00eds y respaldado por PEN International, una organizaci\u00f3n que defiende la libertad de expresi\u00f3n y los derechos de los escritores.<\/li>\n<li class=\"ps-2\"><strong>Objetivo:<\/strong>\n<ul>\n<li>Reconocer la contribuci\u00f3n de escritores, periodistas, traductores y autores de todos los g\u00e9neros.<\/li>\n<li>Destacar el valor de la literatura en la formaci\u00f3n del pensamiento cr\u00edtico y en la transmisi\u00f3n de ideas.<\/li>\n<li>Celebrar la creatividad y el impacto cultural de la palabra escrita.<\/li>\n<\/ul>\n<\/li>\n<\/ul>\n<h3>Significado cultural.<\/h3>\n<p>El d\u00eda subraya que escribir no es solo un oficio, sino un acto de responsabilidad cultural. Los escritores:<\/p>\n<ul>\n<li>Conservan la memoria colectiva.<\/li>\n<li>Desaf\u00edan las estructuras de poder a trav\u00e9s de las ideas.<\/li>\n<li>Crean mundos que ampl\u00edan nuestra sensibilidad.<\/li>\n<li>Conectan emociones, experiencias y saberes a trav\u00e9s del lenguaje.<\/li>\n<\/ul>\n<figure id=\"attachment_11966\" aria-describedby=\"caption-attachment-11966\" style=\"width: 300px\" class=\"wp-caption aligncenter\"><a href=\"https:\/\/rafaramirez.org\/blog\/wp-content\/uploads\/2026\/03\/Dia-Internacional-de-los-escritores_1.jpg\" target=\"_blank\" rel=\"noopener\"><img loading=\"lazy\" decoding=\"async\" class=\"wp-image-11966 size-medium\" src=\"https:\/\/rafaramirez.org\/blog\/wp-content\/uploads\/2026\/03\/Dia-Internacional-de-los-escritores_1-300x200.jpg\" alt=\"D\u00eda Internacional de los Escritores 3 de marzo. Blog de Rafael Ram\u00edrez. \" width=\"300\" height=\"200\" srcset=\"https:\/\/rafaramirez.org\/blog\/wp-content\/uploads\/2026\/03\/Dia-Internacional-de-los-escritores_1-300x200.jpg 300w, https:\/\/rafaramirez.org\/blog\/wp-content\/uploads\/2026\/03\/Dia-Internacional-de-los-escritores_1-768x512.jpg 768w, https:\/\/rafaramirez.org\/blog\/wp-content\/uploads\/2026\/03\/Dia-Internacional-de-los-escritores_1.jpg 1024w\" sizes=\"auto, (max-width: 300px) 100vw, 300px\" \/><\/a><figcaption id=\"caption-attachment-11966\" class=\"wp-caption-text\">D\u00eda Internacional de los Escritores 3 de marzo. Blog de Rafael Ram\u00edrez.<\/figcaption><\/figure>\n<h3>\u00bfC\u00f3mo se celebra?<\/h3>\n<p>Las celebraciones var\u00edan de un pa\u00eds a otro, pero suelen incluir:<\/p>\n<ul>\n<li>Lecturas p\u00fablicas y presentaciones de libros.<\/li>\n<li>Encuentros con autores y talleres de escritura.<\/li>\n<li>Actividades en bibliotecas, universidades y centros culturales.<\/li>\n<li>Campa\u00f1as para promover la libertad de expresi\u00f3n y la defensa de escritores perseguidos.<\/li>\n<\/ul>\n<p>En Espa\u00f1a, y especialmente en ciudades con una intensa vida cultural como M\u00e1laga, se organizan charlas, ferias locales, actividades en bibliotecas municipales y encuentros literarios impulsados por colectivos de escritores.<\/p>\n<h3>Un d\u00eda para agradecer la palabra.<\/h3>\n<p>M\u00e1s all\u00e1 de los actos oficiales, el 3 de marzo es una invitaci\u00f3n a reconocer la labor silenciosa y persistente de todos aquellos que escriben: desde novelistas y poetas hasta redactores, cronistas, guionistas y creadores digitales. Es un recordatorio de que la literatura sigue siendo una de las formas m\u00e1s poderosas de transformar la experiencia humana.<\/p>\n<p>Celebrar el D\u00eda Internacional de los Escritores es, en \u00faltima instancia, celebrar la persistencia de la palabra como herramienta de memoria, imaginaci\u00f3n y di\u00e1logo. Y tambi\u00e9n, \u00bfpor qu\u00e9 no?, agradecer a quienes dedican su vida a mantenerla viva.<\/p>\n<p>M\u00e1s informaci\u00f3n:<\/p>\n<ul>\n<li><a href=\"https:\/\/pablopena.com\/dia-internacional-de-los-escritores\/\" target=\"_blank\" rel=\"noopener\">D\u00eda Internacional de los Escritores: Celebraci\u00f3n Global<\/a>.<\/li>\n<li><a href=\"https:\/\/ricardorodrigo.info\/dia-internacional-de-los-escritores\/\" target=\"_blank\" rel=\"noopener\">D\u00eda Internacional de los escritores &#8211; Ricardo Rodrigo Info<\/a>.<\/li>\n<li><a href=\"https:\/\/redactoresalfa.com\/3-de-marzo-dia-internacional-de-los-escritores\/\" target=\"_blank\" rel=\"noopener\">D\u00eda Internacional de los Escritores &#8211; Celebremos nuestro d\u00eda<\/a>.<\/li>\n<li><a href=\"https:\/\/rafaramirez.org\/blog\/index.php\/category\/arte\/literatura\/\" target=\"_blank\" rel=\"noopener\">Lectura recomendada y reflexiones de Rafael Ram\u00edrez<\/a>.<\/li>\n<li><a href=\"https:\/\/rafaramirez.org\/blog\/index.php\/category\/arte\/efemerides\/\" target=\"_blank\" rel=\"noopener\">Otras efem\u00e9rides<\/a>.<\/li>\n<\/ul>\n","protected":false},"excerpt":{"rendered":"<p>El D\u00eda Internacional de los Escritores se celebra cada 3 de marzo y rinde homenaje a quienes moldean la cultura, la memoria y la imaginaci\u00f3n colectiva con la palabra escrita. Se trata de una fecha relativamente reciente, establecida en 1986, pero con un profundo simbolismo: reconocer el poder transformador de la escritura y el papel [&hellip;]<\/p>\n","protected":false},"author":1,"featured_media":11967,"comment_status":"open","ping_status":"closed","sticky":false,"template":"","format":"standard","meta":{"site-container-style":"default","site-container-layout":"default","site-sidebar-layout":"default","disable-article-header":"default","disable-site-header":"default","disable-site-footer":"default","disable-content-area-spacing":"default","_jetpack_newsletter_access":"","_jetpack_dont_email_post_to_subs":false,"_jetpack_newsletter_tier_id":0,"_jetpack_memberships_contains_paywalled_content":false,"_jetpack_feature_clip_id":0,"_jetpack_memberships_contains_paid_content":false,"footnotes":"","jetpack_publicize_message":"","jetpack_publicize_feature_enabled":true,"jetpack_social_post_already_shared":true,"jetpack_social_options":{"image_generator_settings":{"template":"highway","default_image_id":0,"font":"","enabled":false},"version":2},"jetpack_post_was_ever_published":false},"categories":[1291,710],"tags":[4773,1323,4776,4774,4775],"class_list":["post-11963","post","type-post","status-publish","format-standard","has-post-thumbnail","hentry","category-efemerides","category-literatura","tag-dia-internacional-de-los-escritores","tag-efemerides","tag-efemerides-2026","tag-efemerides-3-de-marzo","tag-efemerides-marzo"],"yoast_head":"<!-- This site is optimized with the Yoast SEO plugin v28.4 - https:\/\/yoast.com\/product\/yoast-seo-wordpress\/ -->\n<title>D\u00eda Internacional de los Escritores: celebrando a quienes dan forma al mundo con su escritura. - Blog de Rafael Ram\u00edrez<\/title>\n<meta name=\"description\" content=\"El D\u00eda Internacional de los Escritores se celebra cada 3 de marzo y rinde homenaje a quienes moldean la cultura, la memoria y la imaginaci\u00f3n\" \/>\n<meta name=\"robots\" content=\"index, follow, max-snippet:-1, max-image-preview:large, max-video-preview:-1\" \/>\n<link rel=\"canonical\" href=\"https:\/\/rafaramirez.org\/blog\/index.php\/2026\/03\/03\/dia-internacional-de-los-escritores-3-de-marzo-efemerides\/\" \/>\n<meta property=\"og:locale\" content=\"es_ES\" \/>\n<meta property=\"og:type\" content=\"article\" \/>\n<meta property=\"og:title\" content=\"D\u00eda Internacional de los Escritores: celebrando a quienes dan forma al mundo con su escritura. - Blog de Rafael Ram\u00edrez\" \/>\n<meta property=\"og:description\" content=\"El D\u00eda Internacional de los Escritores se celebra cada 3 de marzo y rinde homenaje a quienes moldean la cultura, la memoria y la imaginaci\u00f3n\" \/>\n<meta property=\"og:url\" content=\"https:\/\/rafaramirez.org\/blog\/index.php\/2026\/03\/03\/dia-internacional-de-los-escritores-3-de-marzo-efemerides\/\" \/>\n<meta property=\"og:site_name\" content=\"Blog de Rafael Ram\u00edrez\" \/>\n<meta property=\"article:published_time\" content=\"2026-03-03T07:00:27+00:00\" \/>\n<meta property=\"og:image\" content=\"https:\/\/rafaramirez.org\/blog\/wp-content\/uploads\/2026\/03\/Dia-Internacional-de-los-escritores_bannerlog.jpg\" \/>\n\t<meta property=\"og:image:width\" content=\"720\" \/>\n\t<meta property=\"og:image:height\" content=\"440\" \/>\n\t<meta property=\"og:image:type\" content=\"image\/jpeg\" \/>\n<meta name=\"author\" content=\"Rafael Ram\u00edrez\" \/>\n<meta name=\"twitter:card\" content=\"summary_large_image\" \/>\n<meta name=\"twitter:creator\" content=\"@rafaramirez_ok\" \/>\n<meta name=\"twitter:site\" content=\"@rafaramirez_ok\" \/>\n<meta name=\"twitter:label1\" content=\"Escrito por\" \/>\n\t<meta name=\"twitter:data1\" content=\"Rafael Ram\u00edrez\" \/>\n\t<meta name=\"twitter:label2\" content=\"Tiempo de lectura\" \/>\n\t<meta name=\"twitter:data2\" content=\"3 minutos\" \/>\n<script type=\"application\/ld+json\" class=\"yoast-schema-graph\">{\"@context\":\"https:\\\/\\\/schema.org\",\"@graph\":[{\"@type\":\"Article\",\"@id\":\"https:\\\/\\\/rafaramirez.org\\\/blog\\\/index.php\\\/2026\\\/03\\\/03\\\/dia-internacional-de-los-escritores-3-de-marzo-efemerides\\\/#article\",\"isPartOf\":{\"@id\":\"https:\\\/\\\/rafaramirez.org\\\/blog\\\/index.php\\\/2026\\\/03\\\/03\\\/dia-internacional-de-los-escritores-3-de-marzo-efemerides\\\/\"},\"author\":{\"name\":\"Rafael Ram\u00edrez\",\"@id\":\"https:\\\/\\\/rafaramirez.org\\\/blog\\\/#\\\/schema\\\/person\\\/50f43b6d60c578760d4c17bda54ab6a5\"},\"headline\":\"D\u00eda Internacional de los Escritores: celebrando a quienes dan forma al mundo con su escritura.\",\"datePublished\":\"2026-03-03T07:00:27+00:00\",\"mainEntityOfPage\":{\"@id\":\"https:\\\/\\\/rafaramirez.org\\\/blog\\\/index.php\\\/2026\\\/03\\\/03\\\/dia-internacional-de-los-escritores-3-de-marzo-efemerides\\\/\"},\"wordCount\":577,\"commentCount\":0,\"publisher\":{\"@id\":\"https:\\\/\\\/rafaramirez.org\\\/blog\\\/#\\\/schema\\\/person\\\/50f43b6d60c578760d4c17bda54ab6a5\"},\"image\":{\"@id\":\"https:\\\/\\\/rafaramirez.org\\\/blog\\\/index.php\\\/2026\\\/03\\\/03\\\/dia-internacional-de-los-escritores-3-de-marzo-efemerides\\\/#primaryimage\"},\"thumbnailUrl\":\"https:\\\/\\\/rafaramirez.org\\\/blog\\\/wp-content\\\/uploads\\\/2026\\\/03\\\/Dia-Internacional-de-los-escritores_bannerlog.jpg\",\"keywords\":[\"D\u00eda Internacional de los Escritores\",\"efem\u00e9rides\",\"efem\u00e9rides 2026\",\"efem\u00e9rides 3 de marzo\",\"efem\u00e9rides marzo\"],\"articleSection\":[\"Efem\u00e9rides\",\"Literatura\"],\"inLanguage\":\"es\",\"potentialAction\":[{\"@type\":\"CommentAction\",\"name\":\"Comment\",\"target\":[\"https:\\\/\\\/rafaramirez.org\\\/blog\\\/index.php\\\/2026\\\/03\\\/03\\\/dia-internacional-de-los-escritores-3-de-marzo-efemerides\\\/#respond\"]}]},{\"@type\":\"WebPage\",\"@id\":\"https:\\\/\\\/rafaramirez.org\\\/blog\\\/index.php\\\/2026\\\/03\\\/03\\\/dia-internacional-de-los-escritores-3-de-marzo-efemerides\\\/\",\"url\":\"https:\\\/\\\/rafaramirez.org\\\/blog\\\/index.php\\\/2026\\\/03\\\/03\\\/dia-internacional-de-los-escritores-3-de-marzo-efemerides\\\/\",\"name\":\"D\u00eda Internacional de los Escritores: celebrando a quienes dan forma al mundo con su escritura. - Blog de Rafael Ram\u00edrez\",\"isPartOf\":{\"@id\":\"https:\\\/\\\/rafaramirez.org\\\/blog\\\/#website\"},\"primaryImageOfPage\":{\"@id\":\"https:\\\/\\\/rafaramirez.org\\\/blog\\\/index.php\\\/2026\\\/03\\\/03\\\/dia-internacional-de-los-escritores-3-de-marzo-efemerides\\\/#primaryimage\"},\"image\":{\"@id\":\"https:\\\/\\\/rafaramirez.org\\\/blog\\\/index.php\\\/2026\\\/03\\\/03\\\/dia-internacional-de-los-escritores-3-de-marzo-efemerides\\\/#primaryimage\"},\"thumbnailUrl\":\"https:\\\/\\\/rafaramirez.org\\\/blog\\\/wp-content\\\/uploads\\\/2026\\\/03\\\/Dia-Internacional-de-los-escritores_bannerlog.jpg\",\"datePublished\":\"2026-03-03T07:00:27+00:00\",\"description\":\"El D\u00eda Internacional de los Escritores se celebra cada 3 de marzo y rinde homenaje a quienes moldean la cultura, la memoria y la imaginaci\u00f3n\",\"breadcrumb\":{\"@id\":\"https:\\\/\\\/rafaramirez.org\\\/blog\\\/index.php\\\/2026\\\/03\\\/03\\\/dia-internacional-de-los-escritores-3-de-marzo-efemerides\\\/#breadcrumb\"},\"inLanguage\":\"es\",\"potentialAction\":[{\"@type\":\"ReadAction\",\"target\":[\"https:\\\/\\\/rafaramirez.org\\\/blog\\\/index.php\\\/2026\\\/03\\\/03\\\/dia-internacional-de-los-escritores-3-de-marzo-efemerides\\\/\"]}]},{\"@type\":\"ImageObject\",\"inLanguage\":\"es\",\"@id\":\"https:\\\/\\\/rafaramirez.org\\\/blog\\\/index.php\\\/2026\\\/03\\\/03\\\/dia-internacional-de-los-escritores-3-de-marzo-efemerides\\\/#primaryimage\",\"url\":\"https:\\\/\\\/rafaramirez.org\\\/blog\\\/wp-content\\\/uploads\\\/2026\\\/03\\\/Dia-Internacional-de-los-escritores_bannerlog.jpg\",\"contentUrl\":\"https:\\\/\\\/rafaramirez.org\\\/blog\\\/wp-content\\\/uploads\\\/2026\\\/03\\\/Dia-Internacional-de-los-escritores_bannerlog.jpg\",\"width\":720,\"height\":440,\"caption\":\"D\u00eda Internacional de los Escritores 3 de marzo. Blog de Rafael Ram\u00edrez.\"},{\"@type\":\"BreadcrumbList\",\"@id\":\"https:\\\/\\\/rafaramirez.org\\\/blog\\\/index.php\\\/2026\\\/03\\\/03\\\/dia-internacional-de-los-escritores-3-de-marzo-efemerides\\\/#breadcrumb\",\"itemListElement\":[{\"@type\":\"ListItem\",\"position\":1,\"name\":\"Portada\",\"item\":\"https:\\\/\\\/rafaramirez.org\\\/blog\\\/\"},{\"@type\":\"ListItem\",\"position\":2,\"name\":\"D\u00eda Internacional de los Escritores: celebrando a quienes dan forma al mundo con su escritura.\"}]},{\"@type\":\"WebSite\",\"@id\":\"https:\\\/\\\/rafaramirez.org\\\/blog\\\/#website\",\"url\":\"https:\\\/\\\/rafaramirez.org\\\/blog\\\/\",\"name\":\"Blog de Rafael Ram\u00edrez\",\"description\":\"Un sitio social, de arte y cultura\",\"publisher\":{\"@id\":\"https:\\\/\\\/rafaramirez.org\\\/blog\\\/#\\\/schema\\\/person\\\/50f43b6d60c578760d4c17bda54ab6a5\"},\"potentialAction\":[{\"@type\":\"SearchAction\",\"target\":{\"@type\":\"EntryPoint\",\"urlTemplate\":\"https:\\\/\\\/rafaramirez.org\\\/blog\\\/?s={search_term_string}\"},\"query-input\":{\"@type\":\"PropertyValueSpecification\",\"valueRequired\":true,\"valueName\":\"search_term_string\"}}],\"inLanguage\":\"es\"},{\"@type\":[\"Person\",\"Organization\"],\"@id\":\"https:\\\/\\\/rafaramirez.org\\\/blog\\\/#\\\/schema\\\/person\\\/50f43b6d60c578760d4c17bda54ab6a5\",\"name\":\"Rafael Ram\u00edrez\",\"image\":{\"@type\":\"ImageObject\",\"inLanguage\":\"es\",\"@id\":\"https:\\\/\\\/rafaramirez.org\\\/blog\\\/wp-content\\\/uploads\\\/2024\\\/09\\\/RR_socialnetwork.jpg\",\"url\":\"https:\\\/\\\/rafaramirez.org\\\/blog\\\/wp-content\\\/uploads\\\/2024\\\/09\\\/RR_socialnetwork.jpg\",\"contentUrl\":\"https:\\\/\\\/rafaramirez.org\\\/blog\\\/wp-content\\\/uploads\\\/2024\\\/09\\\/RR_socialnetwork.jpg\",\"width\":600,\"height\":606,\"caption\":\"Rafael Ram\u00edrez\"},\"logo\":{\"@id\":\"https:\\\/\\\/rafaramirez.org\\\/blog\\\/wp-content\\\/uploads\\\/2024\\\/09\\\/RR_socialnetwork.jpg\"},\"sameAs\":[\"https:\\\/\\\/www.rafaramirez.org\\\/blog\",\"https:\\\/\\\/www.instagram.com\\\/rafaramirez_ok\\\/\",\"https:\\\/\\\/es.pinterest.com\\\/Ramirez_Rafa\\\/\",\"https:\\\/\\\/x.com\\\/rafaramirez_ok\"],\"url\":\"https:\\\/\\\/rafaramirez.org\\\/blog\\\/index.php\\\/author\\\/rafaell_qm6j97da\\\/\"}]}<\/script>\n<!-- \/ Yoast SEO plugin. -->","yoast_head_json":{"title":"D\u00eda Internacional de los Escritores: celebrando a quienes dan forma al mundo con su escritura. - Blog de Rafael Ram\u00edrez","description":"El D\u00eda Internacional de los Escritores se celebra cada 3 de marzo y rinde homenaje a quienes moldean la cultura, la memoria y la imaginaci\u00f3n","robots":{"index":"index","follow":"follow","max-snippet":"max-snippet:-1","max-image-preview":"max-image-preview:large","max-video-preview":"max-video-preview:-1"},"canonical":"https:\/\/rafaramirez.org\/blog\/index.php\/2026\/03\/03\/dia-internacional-de-los-escritores-3-de-marzo-efemerides\/","og_locale":"es_ES","og_type":"article","og_title":"D\u00eda Internacional de los Escritores: celebrando a quienes dan forma al mundo con su escritura. - Blog de Rafael Ram\u00edrez","og_description":"El D\u00eda Internacional de los Escritores se celebra cada 3 de marzo y rinde homenaje a quienes moldean la cultura, la memoria y la imaginaci\u00f3n","og_url":"https:\/\/rafaramirez.org\/blog\/index.php\/2026\/03\/03\/dia-internacional-de-los-escritores-3-de-marzo-efemerides\/","og_site_name":"Blog de Rafael Ram\u00edrez","article_published_time":"2026-03-03T07:00:27+00:00","og_image":[{"width":720,"height":440,"url":"https:\/\/rafaramirez.org\/blog\/wp-content\/uploads\/2026\/03\/Dia-Internacional-de-los-escritores_bannerlog.jpg","type":"image\/jpeg"}],"author":"Rafael Ram\u00edrez","twitter_card":"summary_large_image","twitter_creator":"@rafaramirez_ok","twitter_site":"@rafaramirez_ok","twitter_misc":{"Escrito por":"Rafael Ram\u00edrez","Tiempo de lectura":"3 minutos"},"schema":{"@context":"https:\/\/schema.org","@graph":[{"@type":"Article","@id":"https:\/\/rafaramirez.org\/blog\/index.php\/2026\/03\/03\/dia-internacional-de-los-escritores-3-de-marzo-efemerides\/#article","isPartOf":{"@id":"https:\/\/rafaramirez.org\/blog\/index.php\/2026\/03\/03\/dia-internacional-de-los-escritores-3-de-marzo-efemerides\/"},"author":{"name":"Rafael Ram\u00edrez","@id":"https:\/\/rafaramirez.org\/blog\/#\/schema\/person\/50f43b6d60c578760d4c17bda54ab6a5"},"headline":"D\u00eda Internacional de los Escritores: celebrando a quienes dan forma al mundo con su escritura.","datePublished":"2026-03-03T07:00:27+00:00","mainEntityOfPage":{"@id":"https:\/\/rafaramirez.org\/blog\/index.php\/2026\/03\/03\/dia-internacional-de-los-escritores-3-de-marzo-efemerides\/"},"wordCount":577,"commentCount":0,"publisher":{"@id":"https:\/\/rafaramirez.org\/blog\/#\/schema\/person\/50f43b6d60c578760d4c17bda54ab6a5"},"image":{"@id":"https:\/\/rafaramirez.org\/blog\/index.php\/2026\/03\/03\/dia-internacional-de-los-escritores-3-de-marzo-efemerides\/#primaryimage"},"thumbnailUrl":"https:\/\/rafaramirez.org\/blog\/wp-content\/uploads\/2026\/03\/Dia-Internacional-de-los-escritores_bannerlog.jpg","keywords":["D\u00eda Internacional de los Escritores","efem\u00e9rides","efem\u00e9rides 2026","efem\u00e9rides 3 de marzo","efem\u00e9rides marzo"],"articleSection":["Efem\u00e9rides","Literatura"],"inLanguage":"es","potentialAction":[{"@type":"CommentAction","name":"Comment","target":["https:\/\/rafaramirez.org\/blog\/index.php\/2026\/03\/03\/dia-internacional-de-los-escritores-3-de-marzo-efemerides\/#respond"]}]},{"@type":"WebPage","@id":"https:\/\/rafaramirez.org\/blog\/index.php\/2026\/03\/03\/dia-internacional-de-los-escritores-3-de-marzo-efemerides\/","url":"https:\/\/rafaramirez.org\/blog\/index.php\/2026\/03\/03\/dia-internacional-de-los-escritores-3-de-marzo-efemerides\/","name":"D\u00eda Internacional de los Escritores: celebrando a quienes dan forma al mundo con su escritura. - Blog de Rafael Ram\u00edrez","isPartOf":{"@id":"https:\/\/rafaramirez.org\/blog\/#website"},"primaryImageOfPage":{"@id":"https:\/\/rafaramirez.org\/blog\/index.php\/2026\/03\/03\/dia-internacional-de-los-escritores-3-de-marzo-efemerides\/#primaryimage"},"image":{"@id":"https:\/\/rafaramirez.org\/blog\/index.php\/2026\/03\/03\/dia-internacional-de-los-escritores-3-de-marzo-efemerides\/#primaryimage"},"thumbnailUrl":"https:\/\/rafaramirez.org\/blog\/wp-content\/uploads\/2026\/03\/Dia-Internacional-de-los-escritores_bannerlog.jpg","datePublished":"2026-03-03T07:00:27+00:00","description":"El D\u00eda Internacional de los Escritores se celebra cada 3 de marzo y rinde homenaje a quienes moldean la cultura, la memoria y la imaginaci\u00f3n","breadcrumb":{"@id":"https:\/\/rafaramirez.org\/blog\/index.php\/2026\/03\/03\/dia-internacional-de-los-escritores-3-de-marzo-efemerides\/#breadcrumb"},"inLanguage":"es","potentialAction":[{"@type":"ReadAction","target":["https:\/\/rafaramirez.org\/blog\/index.php\/2026\/03\/03\/dia-internacional-de-los-escritores-3-de-marzo-efemerides\/"]}]},{"@type":"ImageObject","inLanguage":"es","@id":"https:\/\/rafaramirez.org\/blog\/index.php\/2026\/03\/03\/dia-internacional-de-los-escritores-3-de-marzo-efemerides\/#primaryimage","url":"https:\/\/rafaramirez.org\/blog\/wp-content\/uploads\/2026\/03\/Dia-Internacional-de-los-escritores_bannerlog.jpg","contentUrl":"https:\/\/rafaramirez.org\/blog\/wp-content\/uploads\/2026\/03\/Dia-Internacional-de-los-escritores_bannerlog.jpg","width":720,"height":440,"caption":"D\u00eda Internacional de los Escritores 3 de marzo. Blog de Rafael Ram\u00edrez."},{"@type":"BreadcrumbList","@id":"https:\/\/rafaramirez.org\/blog\/index.php\/2026\/03\/03\/dia-internacional-de-los-escritores-3-de-marzo-efemerides\/#breadcrumb","itemListElement":[{"@type":"ListItem","position":1,"name":"Portada","item":"https:\/\/rafaramirez.org\/blog\/"},{"@type":"ListItem","position":2,"name":"D\u00eda Internacional de los Escritores: celebrando a quienes dan forma al mundo con su escritura."}]},{"@type":"WebSite","@id":"https:\/\/rafaramirez.org\/blog\/#website","url":"https:\/\/rafaramirez.org\/blog\/","name":"Blog de Rafael Ram\u00edrez","description":"Un sitio social, de arte y cultura","publisher":{"@id":"https:\/\/rafaramirez.org\/blog\/#\/schema\/person\/50f43b6d60c578760d4c17bda54ab6a5"},"potentialAction":[{"@type":"SearchAction","target":{"@type":"EntryPoint","urlTemplate":"https:\/\/rafaramirez.org\/blog\/?s={search_term_string}"},"query-input":{"@type":"PropertyValueSpecification","valueRequired":true,"valueName":"search_term_string"}}],"inLanguage":"es"},{"@type":["Person","Organization"],"@id":"https:\/\/rafaramirez.org\/blog\/#\/schema\/person\/50f43b6d60c578760d4c17bda54ab6a5","name":"Rafael Ram\u00edrez","image":{"@type":"ImageObject","inLanguage":"es","@id":"https:\/\/rafaramirez.org\/blog\/wp-content\/uploads\/2024\/09\/RR_socialnetwork.jpg","url":"https:\/\/rafaramirez.org\/blog\/wp-content\/uploads\/2024\/09\/RR_socialnetwork.jpg","contentUrl":"https:\/\/rafaramirez.org\/blog\/wp-content\/uploads\/2024\/09\/RR_socialnetwork.jpg","width":600,"height":606,"caption":"Rafael Ram\u00edrez"},"logo":{"@id":"https:\/\/rafaramirez.org\/blog\/wp-content\/uploads\/2024\/09\/RR_socialnetwork.jpg"},"sameAs":["https:\/\/www.rafaramirez.org\/blog","https:\/\/www.instagram.com\/rafaramirez_ok\/","https:\/\/es.pinterest.com\/Ramirez_Rafa\/","https:\/\/x.com\/rafaramirez_ok"],"url":"https:\/\/rafaramirez.org\/blog\/index.php\/author\/rafaell_qm6j97da\/"}]}},"jetpack_publicize_connections":[],"jetpack_sharing_enabled":true,"jetpack_likes_enabled":true,"jetpack_featured_media_url":"https:\/\/rafaramirez.org\/blog\/wp-content\/uploads\/2026\/03\/Dia-Internacional-de-los-escritores_bannerlog.jpg","_links":{"self":[{"href":"https:\/\/rafaramirez.org\/blog\/index.php\/wp-json\/wp\/v2\/posts\/11963","targetHints":{"allow":["GET"]}}],"collection":[{"href":"https:\/\/rafaramirez.org\/blog\/index.php\/wp-json\/wp\/v2\/posts"}],"about":[{"href":"https:\/\/rafaramirez.org\/blog\/index.php\/wp-json\/wp\/v2\/types\/post"}],"author":[{"embeddable":true,"href":"https:\/\/rafaramirez.org\/blog\/index.php\/wp-json\/wp\/v2\/users\/1"}],"replies":[{"embeddable":true,"href":"https:\/\/rafaramirez.org\/blog\/index.php\/wp-json\/wp\/v2\/comments?post=11963"}],"version-history":[{"count":3,"href":"https:\/\/rafaramirez.org\/blog\/index.php\/wp-json\/wp\/v2\/posts\/11963\/revisions"}],"predecessor-version":[{"id":11968,"href":"https:\/\/rafaramirez.org\/blog\/index.php\/wp-json\/wp\/v2\/posts\/11963\/revisions\/11968"}],"wp:featuredmedia":[{"embeddable":true,"href":"https:\/\/rafaramirez.org\/blog\/index.php\/wp-json\/wp\/v2\/media\/11967"}],"wp:attachment":[{"href":"https:\/\/rafaramirez.org\/blog\/index.php\/wp-json\/wp\/v2\/media?parent=11963"}],"wp:term":[{"taxonomy":"category","embeddable":true,"href":"https:\/\/rafaramirez.org\/blog\/index.php\/wp-json\/wp\/v2\/categories?post=11963"},{"taxonomy":"post_tag","embeddable":true,"href":"https:\/\/rafaramirez.org\/blog\/index.php\/wp-json\/wp\/v2\/tags?post=11963"}],"curies":[{"name":"wp","href":"https:\/\/api.w.org\/{rel}","templated":true}]}}