{"id":11955,"date":"2026-03-02T08:00:40","date_gmt":"2026-03-02T07:00:40","guid":{"rendered":"https:\/\/rafaramirez.org\/blog\/?p=11955"},"modified":"2026-02-06T12:48:09","modified_gmt":"2026-02-06T11:48:09","slug":"aprender-a-hablar-de-hilary-mantel-lectura-recomendada","status":"publish","type":"post","link":"https:\/\/rafaramirez.org\/blog\/index.php\/2026\/03\/02\/aprender-a-hablar-de-hilary-mantel-lectura-recomendada\/","title":{"rendered":"\u00abAprender a hablar\u00bb, de Hilary Mantel: la infancia como territorio de la voz."},"content":{"rendered":"<p>Hoy te recomiendo la lectura de Aprender a hablar, de Hilary Mantel, que es uno de esos libros que parecen menores en apariencia \u2014un volumen de memorias breves, una colecci\u00f3n de escenas de la infancia\u2014, pero que, al abrirlos, revelan una arquitectura emocional y literaria mucho m\u00e1s ambiciosa. No se trata de una autobiograf\u00eda al uso ni de un simple ejercicio de nostalgia. Es, m\u00e1s bien, la exploraci\u00f3n de un territorio \u00edntimo en el que la autora intenta descifrar c\u00f3mo se forma una conciencia cuando el lenguaje todav\u00eda es un instrumento torpe, insuficiente e incluso hostil.<\/p>\n<p>Lo fascinante es que Mantel no escribe desde la complacencia del recuerdo, sino desde la incomodidad. Su infancia, marcada por la enfermedad, la pobreza y una estructura familiar inestable, no se presenta como un cat\u00e1logo de desgracias, sino como el laboratorio donde se forj\u00f3 su mirada. Cada episodio funciona como una miniatura afilada: la ni\u00f1a que observa a los adultos sin comprenderlos del todo, la adolescente que empieza a sospechar que su cuerpo ser\u00e1 un campo de batalla, la joven que descubre que escribir es la \u00fanica forma de ordenar un mundo que se le escapa. Hay algo profundamente honesto en esa manera de narrar sin dramatizar, sin pedir compasi\u00f3n, pero tampoco sin esconder la dureza.<\/p>\n<p>El t\u00edtulo, Aprender a hablar, es casi ir\u00f3nico. Mantel sugiere que hablar \u2014y por extensi\u00f3n, escribir\u2014 no es un acto natural, sino un aprendizaje arduo, lleno de interferencias. La voz no surge: se conquista. Y en su caso, esa conquista pasa por enfrentarse a un entorno que no favorece la expresi\u00f3n, a una educaci\u00f3n que limita, a una sociedad que espera silencio de ciertas personas. El libro, entonces, se convierte en la cr\u00f3nica de c\u00f3mo una escritora encuentra su tono en medio del ruido ajeno.<\/p>\n<p>Lo m\u00e1s sorprendente es la precisi\u00f3n con la que Mantel reconstruye sensaciones que tienden a desvanecerse con el tiempo: la mezcla de miedo y fascinaci\u00f3n ante los adultos, la percepci\u00f3n f\u00edsica del mundo y la intuici\u00f3n de que algo no encaja, aunque a\u00fan no se sabe qu\u00e9. Su prosa, siempre contenida, evita el sentimentalismo y apuesta por una claridad que, en ocasiones, resulta brutal. Esa claridad es, quiz\u00e1, la verdadera lecci\u00f3n del libro: aprender a hablar implica aprender a mirar sin adornos.<\/p>\n<p>Como rese\u00f1a, podr\u00eda decirse que es un libro breve pero intenso, perfecto para quienes buscan entender de d\u00f3nde nace una escritora tan singular. Como art\u00edculo de opini\u00f3n, a\u00f1adir\u00eda que Aprender a hablar funciona como un recordatorio de que la literatura no surge de la comodidad, sino de la fricci\u00f3n entre la experiencia vivida y el pensamiento. Mantel convierte esa fricci\u00f3n en una forma de lucidez. Y uno termina el libro con la sensaci\u00f3n de haber asistido no solo al relato de una infancia, sino al origen de una mirada que, a\u00f1os despu\u00e9s, dar\u00eda lugar a algunas de las novelas m\u00e1s poderosas de la literatura inglesa contempor\u00e1nea.<\/p>\n<figure id=\"attachment_11959\" aria-describedby=\"caption-attachment-11959\" style=\"width: 176px\" class=\"wp-caption aligncenter\"><a href=\"https:\/\/rafaramirez.org\/blog\/wp-content\/uploads\/2026\/03\/Aprender-a-hablar_portada.jpg\" target=\"_blank\" rel=\"noopener\"><img loading=\"lazy\" decoding=\"async\" class=\"wp-image-11959 size-medium\" src=\"https:\/\/rafaramirez.org\/blog\/wp-content\/uploads\/2026\/03\/Aprender-a-hablar_portada-176x300.jpg\" alt=\"&quot;Aprender a hablar&quot;, de Hilary Mantel. Lectura recomendada. Blog de Rafael Ram\u00edrez.\" width=\"176\" height=\"300\" srcset=\"https:\/\/rafaramirez.org\/blog\/wp-content\/uploads\/2026\/03\/Aprender-a-hablar_portada-176x300.jpg 176w, https:\/\/rafaramirez.org\/blog\/wp-content\/uploads\/2026\/03\/Aprender-a-hablar_portada.jpg 499w\" sizes=\"auto, (max-width: 176px) 100vw, 176px\" \/><\/a><figcaption id=\"caption-attachment-11959\" class=\"wp-caption-text\">\u00abAprender a hablar\u00bb, de Hilary Mantel. Lectura recomendada. Blog de Rafael Ram\u00edrez.<\/figcaption><\/figure>\n<h3>Ficha t\u00e9cnica.<\/h3>\n<ul>\n<li><strong>T\u00edtulo:<\/strong> <em>Aprender a hablar<\/em><\/li>\n<li><strong>T\u00edtulo original:<\/strong> <em>Learning to Talk<\/em><\/li>\n<li><strong>Autora:<\/strong> Hilary Mantel<\/li>\n<li><strong>Tem\u00e1tica \/ G\u00e9nero:<\/strong> Relatos autobiogr\u00e1ficos \/ Cuentos y relatos<\/li>\n<li><strong>Editorial:<\/strong> Ediciones Destino<\/li>\n<li><strong>Colecci\u00f3n:<\/strong> \u00c1ncora &amp; Delf\u00edn (seg\u00fan ediciones comerciales)<\/li>\n<li><strong>Fecha de publicaci\u00f3n en Espa\u00f1a:<\/strong> 10 de abril de 2024<\/li>\n<li><strong>Traducci\u00f3n:<\/strong> Albert Vit\u00f3 i Godina<\/li>\n<li><strong>Presentaci\u00f3n:<\/strong> R\u00fastica con solapas<\/li>\n<li><strong>Formato:<\/strong> 13,3 \u00d7 23 cm<\/li>\n<li><strong>N\u00famero de p\u00e1ginas:<\/strong> 200<\/li>\n<li><strong>ISBN:<\/strong> 978\u201184\u2011233\u20116507\u20114<\/li>\n<\/ul>\n<h3>Sobre su autora.<\/h3>\n<p>La biograf\u00eda de Hilary Mantel parece escrita para explicar su obra, pero en realidad solo la ilumina parcialmente. Naci\u00f3 en 1952 en Derbyshire, en el seno de una familia obrera cat\u00f3lica, y creci\u00f3 en un entorno marcado por la inestabilidad dom\u00e9stica, la enfermedad y la sensaci\u00f3n de desajuste. Esa infancia \u2014que en Aprender a hablar aparece filtrada por la memoria y la lucidez adulta\u2014 marc\u00f3 profundamente su mirada: una mezcla de distancia anal\u00edtica y sensibilidad feroz.<\/p>\n<p>Antes de dedicarse a la escritura, Mantel estudi\u00f3 Derecho en la London School of Economics y en Sheffield, aunque nunca lleg\u00f3 a ejercer. Su vida dio un giro cuando, tras a\u00f1os de dolor cr\u00f3nico mal diagnosticado, descubri\u00f3 que padec\u00eda endometriosis severa. Las operaciones y sus consecuencias (infertilidad, cambios f\u00edsicos, una larga convivencia con el dolor) no solo transformaron su vida, sino que tambi\u00e9n moldearon su escritura. En su obra se aprecia una conciencia muy aguda del cuerpo como territorio pol\u00edtico y vulnerable.<\/p>\n<p>Aunque comenz\u00f3 a publicar novelas en la d\u00e9cada de los ochenta, no fue hasta la trilog\u00eda de Thomas Cromwell \u2014En la corte del lobo, Una reina en el estrado y El espejo y la luz\u2014 cuando alcanz\u00f3 el reconocimiento internacional. Con esta trilog\u00eda no solo revitaliz\u00f3 la novela hist\u00f3rica, sino que la llev\u00f3 a un territorio casi psicol\u00f3gico en el que el poder se entiende como una forma de interpretar el mundo. Gan\u00f3 dos veces el premio Booker, un logro excepcional, y se convirti\u00f3 en una figura central de la literatura brit\u00e1nica contempor\u00e1nea.<\/p>\n<p>Pero a menudo se olvida que Mantel tambi\u00e9n fue una extraordinaria memorialista y ensayista. Aprender a hablar pertenece a esa vertiente m\u00e1s \u00edntima, la de la escritora que se observa a s\u00ed misma como si fuera un personaje y disecciona su origen para entender c\u00f3mo se forma una voz literaria. En sus memorias, al igual que en sus novelas, encontramos una precisi\u00f3n quir\u00fargica, una iron\u00eda seca y una capacidad para captar la ambig\u00fcedad moral que la diferencian de casi todos sus contempor\u00e1neos.<\/p>\n<p>Muri\u00f3 en 2022, dejando una obra que combina ambici\u00f3n formal, inteligencia hist\u00f3rica y una gran sensibilidad humana. Leerla, ya sea en sus novelas monumentales o en sus textos autobiogr\u00e1ficos, es entrar en contacto con una mente que nunca dej\u00f3 de examinar el mundo con una mezcla de compasi\u00f3n y lucidez implacable.<\/p>\n<figure id=\"attachment_11960\" aria-describedby=\"caption-attachment-11960\" style=\"width: 290px\" class=\"wp-caption aligncenter\"><a href=\"https:\/\/rafaramirez.org\/blog\/wp-content\/uploads\/2026\/03\/Hilary_Mantel.jpg\"><img loading=\"lazy\" decoding=\"async\" class=\"size-full wp-image-11960\" src=\"https:\/\/rafaramirez.org\/blog\/wp-content\/uploads\/2026\/03\/Hilary_Mantel.jpg\" alt=\"La escritora Hilary Mantel. Lectura recomendada. Blog de Rafael Ram\u00edrez.\" width=\"290\" height=\"290\" srcset=\"https:\/\/rafaramirez.org\/blog\/wp-content\/uploads\/2026\/03\/Hilary_Mantel.jpg 290w, https:\/\/rafaramirez.org\/blog\/wp-content\/uploads\/2026\/03\/Hilary_Mantel-150x150.jpg 150w\" sizes=\"auto, (max-width: 290px) 100vw, 290px\" \/><\/a><figcaption id=\"caption-attachment-11960\" class=\"wp-caption-text\">La escritora Hilary Mantel. Lectura recomendada. Blog de Rafael Ram\u00edrez.<\/figcaption><\/figure>\n<p>M\u00e1s informaci\u00f3n:<\/p>\n<ul>\n<li><a href=\"https:\/\/www.planetadelibros.com\/libro-aprender-a-hablar\/394018\" target=\"_blank\" rel=\"noopener\">Aprender a hablar &#8211; Hilary Mantel | PlanetadeLibros<\/a>.<\/li>\n<li><a href=\"https:\/\/www.lecturalia.com\/libro\/112112\/aprender-a-hablar\" target=\"_blank\" rel=\"noopener\">Aprender a hablar &#8211; Libro de Hilary Mantel: rese\u00f1a, resumen y opiniones<\/a>.<\/li>\n<li><a href=\"https:\/\/www.google.com\/search?q=Aprender+a+hablar+de+Hilary+Mantel+comprar\" target=\"_blank\" rel=\"noopener\">D\u00f3nde comprar o leer Aprender a hablar de Hilary Mantel<\/a>.<\/li>\n<li><a href=\"https:\/\/rafaramirez.org\/blog\/index.php\/category\/arte\/literatura\/\" target=\"_blank\" rel=\"noopener\">Otra lectura recomendada<\/a>.<\/li>\n<\/ul>\n","protected":false},"excerpt":{"rendered":"<p>Hoy te recomiendo la lectura de Aprender a hablar, de Hilary Mantel, que es uno de esos libros que parecen menores en apariencia \u2014un volumen de memorias breves, una colecci\u00f3n de escenas de la infancia\u2014, pero que, al abrirlos, revelan una arquitectura emocional y literaria mucho m\u00e1s ambiciosa. No se trata de una autobiograf\u00eda al [&hellip;]<\/p>\n","protected":false},"author":1,"featured_media":11958,"comment_status":"open","ping_status":"closed","sticky":false,"template":"","format":"standard","meta":{"site-container-style":"default","site-container-layout":"default","site-sidebar-layout":"default","disable-article-header":"default","disable-site-header":"default","disable-site-footer":"default","disable-content-area-spacing":"default","_jetpack_newsletter_access":"","_jetpack_dont_email_post_to_subs":false,"_jetpack_newsletter_tier_id":0,"_jetpack_memberships_contains_paywalled_content":false,"_jetpack_feature_clip_id":0,"_jetpack_memberships_contains_paid_content":false,"footnotes":"","jetpack_publicize_message":"","jetpack_publicize_feature_enabled":true,"jetpack_social_post_already_shared":true,"jetpack_social_options":{"image_generator_settings":{"template":"highway","default_image_id":0,"font":"","enabled":false},"version":2},"jetpack_post_was_ever_published":false},"categories":[710],"tags":[4771,1585,4772,3610,264,598,1262,4663],"class_list":["post-11955","post","type-post","status-publish","format-standard","has-post-thumbnail","hentry","category-literatura","tag-aprender-a-hablar-de-hilary-mantel","tag-critica-literaria","tag-hilary-mantel","tag-lectura-recomendada","tag-libro-recomendado","tag-novela","tag-novela-recomendada","tag-resena-literaria"],"yoast_head":"<!-- This site is optimized with the Yoast SEO plugin v28.4 - https:\/\/yoast.com\/product\/yoast-seo-wordpress\/ -->\n<title>&quot;Aprender a hablar&quot;, de Hilary Mantel: la infancia como territorio de la voz. - Blog de Rafael Ram\u00edrez<\/title>\n<meta name=\"description\" content=\"Aprender a hablar, de Hilary Mantel, es uno de esos libros que parecen menores en apariencia \u2014un volumen de memorias breves, una colecci\u00f3n de\" \/>\n<meta name=\"robots\" content=\"index, follow, max-snippet:-1, max-image-preview:large, max-video-preview:-1\" \/>\n<link rel=\"canonical\" href=\"https:\/\/rafaramirez.org\/blog\/index.php\/2026\/03\/02\/aprender-a-hablar-de-hilary-mantel-lectura-recomendada\/\" \/>\n<meta property=\"og:locale\" content=\"es_ES\" \/>\n<meta property=\"og:type\" content=\"article\" \/>\n<meta property=\"og:title\" content=\"&quot;Aprender a hablar&quot;, de Hilary Mantel: la infancia como territorio de la voz. - Blog de Rafael Ram\u00edrez\" \/>\n<meta property=\"og:description\" content=\"Aprender a hablar, de Hilary Mantel, es uno de esos libros que parecen menores en apariencia \u2014un volumen de memorias breves, una colecci\u00f3n de\" \/>\n<meta property=\"og:url\" content=\"https:\/\/rafaramirez.org\/blog\/index.php\/2026\/03\/02\/aprender-a-hablar-de-hilary-mantel-lectura-recomendada\/\" \/>\n<meta property=\"og:site_name\" content=\"Blog de Rafael Ram\u00edrez\" \/>\n<meta property=\"article:published_time\" content=\"2026-03-02T07:00:40+00:00\" \/>\n<meta property=\"og:image\" content=\"https:\/\/rafaramirez.org\/blog\/wp-content\/uploads\/2026\/03\/Aprender-a-hablar_bannerlog.jpg\" \/>\n\t<meta property=\"og:image:width\" content=\"720\" \/>\n\t<meta property=\"og:image:height\" content=\"440\" \/>\n\t<meta property=\"og:image:type\" content=\"image\/jpeg\" \/>\n<meta name=\"author\" content=\"Rafael Ram\u00edrez\" \/>\n<meta name=\"twitter:card\" content=\"summary_large_image\" \/>\n<meta name=\"twitter:creator\" content=\"@rafaramirez_ok\" \/>\n<meta name=\"twitter:site\" content=\"@rafaramirez_ok\" \/>\n<meta name=\"twitter:label1\" content=\"Escrito por\" \/>\n\t<meta name=\"twitter:data1\" content=\"Rafael Ram\u00edrez\" \/>\n\t<meta name=\"twitter:label2\" content=\"Tiempo de lectura\" \/>\n\t<meta name=\"twitter:data2\" content=\"6 minutos\" \/>\n<script type=\"application\/ld+json\" class=\"yoast-schema-graph\">{\"@context\":\"https:\\\/\\\/schema.org\",\"@graph\":[{\"@type\":\"Article\",\"@id\":\"https:\\\/\\\/rafaramirez.org\\\/blog\\\/index.php\\\/2026\\\/03\\\/02\\\/aprender-a-hablar-de-hilary-mantel-lectura-recomendada\\\/#article\",\"isPartOf\":{\"@id\":\"https:\\\/\\\/rafaramirez.org\\\/blog\\\/index.php\\\/2026\\\/03\\\/02\\\/aprender-a-hablar-de-hilary-mantel-lectura-recomendada\\\/\"},\"author\":{\"name\":\"Rafael Ram\u00edrez\",\"@id\":\"https:\\\/\\\/rafaramirez.org\\\/blog\\\/#\\\/schema\\\/person\\\/50f43b6d60c578760d4c17bda54ab6a5\"},\"headline\":\"\u00abAprender a hablar\u00bb, de Hilary Mantel: la infancia como territorio de la voz.\",\"datePublished\":\"2026-03-02T07:00:40+00:00\",\"mainEntityOfPage\":{\"@id\":\"https:\\\/\\\/rafaramirez.org\\\/blog\\\/index.php\\\/2026\\\/03\\\/02\\\/aprender-a-hablar-de-hilary-mantel-lectura-recomendada\\\/\"},\"wordCount\":1099,\"commentCount\":0,\"publisher\":{\"@id\":\"https:\\\/\\\/rafaramirez.org\\\/blog\\\/#\\\/schema\\\/person\\\/50f43b6d60c578760d4c17bda54ab6a5\"},\"image\":{\"@id\":\"https:\\\/\\\/rafaramirez.org\\\/blog\\\/index.php\\\/2026\\\/03\\\/02\\\/aprender-a-hablar-de-hilary-mantel-lectura-recomendada\\\/#primaryimage\"},\"thumbnailUrl\":\"https:\\\/\\\/rafaramirez.org\\\/blog\\\/wp-content\\\/uploads\\\/2026\\\/03\\\/Aprender-a-hablar_bannerlog.jpg\",\"keywords\":[\"\\\"Aprender a hablar\\\" de Hilary Mantel\",\"cr\u00edtica literaria\",\"Hilary Mantel\",\"lectura recomendada\",\"libro recomendado\",\"novela\",\"novela recomendada\",\"rese\u00f1a literaria\"],\"articleSection\":[\"Literatura\"],\"inLanguage\":\"es\",\"potentialAction\":[{\"@type\":\"CommentAction\",\"name\":\"Comment\",\"target\":[\"https:\\\/\\\/rafaramirez.org\\\/blog\\\/index.php\\\/2026\\\/03\\\/02\\\/aprender-a-hablar-de-hilary-mantel-lectura-recomendada\\\/#respond\"]}]},{\"@type\":\"WebPage\",\"@id\":\"https:\\\/\\\/rafaramirez.org\\\/blog\\\/index.php\\\/2026\\\/03\\\/02\\\/aprender-a-hablar-de-hilary-mantel-lectura-recomendada\\\/\",\"url\":\"https:\\\/\\\/rafaramirez.org\\\/blog\\\/index.php\\\/2026\\\/03\\\/02\\\/aprender-a-hablar-de-hilary-mantel-lectura-recomendada\\\/\",\"name\":\"\\\"Aprender a hablar\\\", de Hilary Mantel: la infancia como territorio de la voz. - Blog de Rafael Ram\u00edrez\",\"isPartOf\":{\"@id\":\"https:\\\/\\\/rafaramirez.org\\\/blog\\\/#website\"},\"primaryImageOfPage\":{\"@id\":\"https:\\\/\\\/rafaramirez.org\\\/blog\\\/index.php\\\/2026\\\/03\\\/02\\\/aprender-a-hablar-de-hilary-mantel-lectura-recomendada\\\/#primaryimage\"},\"image\":{\"@id\":\"https:\\\/\\\/rafaramirez.org\\\/blog\\\/index.php\\\/2026\\\/03\\\/02\\\/aprender-a-hablar-de-hilary-mantel-lectura-recomendada\\\/#primaryimage\"},\"thumbnailUrl\":\"https:\\\/\\\/rafaramirez.org\\\/blog\\\/wp-content\\\/uploads\\\/2026\\\/03\\\/Aprender-a-hablar_bannerlog.jpg\",\"datePublished\":\"2026-03-02T07:00:40+00:00\",\"description\":\"Aprender a hablar, de Hilary Mantel, es uno de esos libros que parecen menores en apariencia \u2014un volumen de memorias breves, una colecci\u00f3n de\",\"breadcrumb\":{\"@id\":\"https:\\\/\\\/rafaramirez.org\\\/blog\\\/index.php\\\/2026\\\/03\\\/02\\\/aprender-a-hablar-de-hilary-mantel-lectura-recomendada\\\/#breadcrumb\"},\"inLanguage\":\"es\",\"potentialAction\":[{\"@type\":\"ReadAction\",\"target\":[\"https:\\\/\\\/rafaramirez.org\\\/blog\\\/index.php\\\/2026\\\/03\\\/02\\\/aprender-a-hablar-de-hilary-mantel-lectura-recomendada\\\/\"]}]},{\"@type\":\"ImageObject\",\"inLanguage\":\"es\",\"@id\":\"https:\\\/\\\/rafaramirez.org\\\/blog\\\/index.php\\\/2026\\\/03\\\/02\\\/aprender-a-hablar-de-hilary-mantel-lectura-recomendada\\\/#primaryimage\",\"url\":\"https:\\\/\\\/rafaramirez.org\\\/blog\\\/wp-content\\\/uploads\\\/2026\\\/03\\\/Aprender-a-hablar_bannerlog.jpg\",\"contentUrl\":\"https:\\\/\\\/rafaramirez.org\\\/blog\\\/wp-content\\\/uploads\\\/2026\\\/03\\\/Aprender-a-hablar_bannerlog.jpg\",\"width\":720,\"height\":440,\"caption\":\"\\\"Aprender a hablar\\\", de Hilary Mantel: la infancia como territorio de la voz. Blog de Rafael Ram\u00edrez.\"},{\"@type\":\"BreadcrumbList\",\"@id\":\"https:\\\/\\\/rafaramirez.org\\\/blog\\\/index.php\\\/2026\\\/03\\\/02\\\/aprender-a-hablar-de-hilary-mantel-lectura-recomendada\\\/#breadcrumb\",\"itemListElement\":[{\"@type\":\"ListItem\",\"position\":1,\"name\":\"Portada\",\"item\":\"https:\\\/\\\/rafaramirez.org\\\/blog\\\/\"},{\"@type\":\"ListItem\",\"position\":2,\"name\":\"\u00abAprender a hablar\u00bb, de Hilary Mantel: la infancia como territorio de la voz.\"}]},{\"@type\":\"WebSite\",\"@id\":\"https:\\\/\\\/rafaramirez.org\\\/blog\\\/#website\",\"url\":\"https:\\\/\\\/rafaramirez.org\\\/blog\\\/\",\"name\":\"Blog de Rafael Ram\u00edrez\",\"description\":\"Un sitio social, de arte y cultura\",\"publisher\":{\"@id\":\"https:\\\/\\\/rafaramirez.org\\\/blog\\\/#\\\/schema\\\/person\\\/50f43b6d60c578760d4c17bda54ab6a5\"},\"potentialAction\":[{\"@type\":\"SearchAction\",\"target\":{\"@type\":\"EntryPoint\",\"urlTemplate\":\"https:\\\/\\\/rafaramirez.org\\\/blog\\\/?s={search_term_string}\"},\"query-input\":{\"@type\":\"PropertyValueSpecification\",\"valueRequired\":true,\"valueName\":\"search_term_string\"}}],\"inLanguage\":\"es\"},{\"@type\":[\"Person\",\"Organization\"],\"@id\":\"https:\\\/\\\/rafaramirez.org\\\/blog\\\/#\\\/schema\\\/person\\\/50f43b6d60c578760d4c17bda54ab6a5\",\"name\":\"Rafael Ram\u00edrez\",\"image\":{\"@type\":\"ImageObject\",\"inLanguage\":\"es\",\"@id\":\"https:\\\/\\\/rafaramirez.org\\\/blog\\\/wp-content\\\/uploads\\\/2024\\\/09\\\/RR_socialnetwork.jpg\",\"url\":\"https:\\\/\\\/rafaramirez.org\\\/blog\\\/wp-content\\\/uploads\\\/2024\\\/09\\\/RR_socialnetwork.jpg\",\"contentUrl\":\"https:\\\/\\\/rafaramirez.org\\\/blog\\\/wp-content\\\/uploads\\\/2024\\\/09\\\/RR_socialnetwork.jpg\",\"width\":600,\"height\":606,\"caption\":\"Rafael Ram\u00edrez\"},\"logo\":{\"@id\":\"https:\\\/\\\/rafaramirez.org\\\/blog\\\/wp-content\\\/uploads\\\/2024\\\/09\\\/RR_socialnetwork.jpg\"},\"sameAs\":[\"https:\\\/\\\/www.rafaramirez.org\\\/blog\",\"https:\\\/\\\/www.instagram.com\\\/rafaramirez_ok\\\/\",\"https:\\\/\\\/es.pinterest.com\\\/Ramirez_Rafa\\\/\",\"https:\\\/\\\/x.com\\\/rafaramirez_ok\"],\"url\":\"https:\\\/\\\/rafaramirez.org\\\/blog\\\/index.php\\\/author\\\/rafaell_qm6j97da\\\/\"}]}<\/script>\n<!-- \/ Yoast SEO plugin. -->","yoast_head_json":{"title":"\"Aprender a hablar\", de Hilary Mantel: la infancia como territorio de la voz. - Blog de Rafael Ram\u00edrez","description":"Aprender a hablar, de Hilary Mantel, es uno de esos libros que parecen menores en apariencia \u2014un volumen de memorias breves, una colecci\u00f3n de","robots":{"index":"index","follow":"follow","max-snippet":"max-snippet:-1","max-image-preview":"max-image-preview:large","max-video-preview":"max-video-preview:-1"},"canonical":"https:\/\/rafaramirez.org\/blog\/index.php\/2026\/03\/02\/aprender-a-hablar-de-hilary-mantel-lectura-recomendada\/","og_locale":"es_ES","og_type":"article","og_title":"\"Aprender a hablar\", de Hilary Mantel: la infancia como territorio de la voz. - Blog de Rafael Ram\u00edrez","og_description":"Aprender a hablar, de Hilary Mantel, es uno de esos libros que parecen menores en apariencia \u2014un volumen de memorias breves, una colecci\u00f3n de","og_url":"https:\/\/rafaramirez.org\/blog\/index.php\/2026\/03\/02\/aprender-a-hablar-de-hilary-mantel-lectura-recomendada\/","og_site_name":"Blog de Rafael Ram\u00edrez","article_published_time":"2026-03-02T07:00:40+00:00","og_image":[{"width":720,"height":440,"url":"https:\/\/rafaramirez.org\/blog\/wp-content\/uploads\/2026\/03\/Aprender-a-hablar_bannerlog.jpg","type":"image\/jpeg"}],"author":"Rafael Ram\u00edrez","twitter_card":"summary_large_image","twitter_creator":"@rafaramirez_ok","twitter_site":"@rafaramirez_ok","twitter_misc":{"Escrito por":"Rafael Ram\u00edrez","Tiempo de lectura":"6 minutos"},"schema":{"@context":"https:\/\/schema.org","@graph":[{"@type":"Article","@id":"https:\/\/rafaramirez.org\/blog\/index.php\/2026\/03\/02\/aprender-a-hablar-de-hilary-mantel-lectura-recomendada\/#article","isPartOf":{"@id":"https:\/\/rafaramirez.org\/blog\/index.php\/2026\/03\/02\/aprender-a-hablar-de-hilary-mantel-lectura-recomendada\/"},"author":{"name":"Rafael Ram\u00edrez","@id":"https:\/\/rafaramirez.org\/blog\/#\/schema\/person\/50f43b6d60c578760d4c17bda54ab6a5"},"headline":"\u00abAprender a hablar\u00bb, de Hilary Mantel: la infancia como territorio de la voz.","datePublished":"2026-03-02T07:00:40+00:00","mainEntityOfPage":{"@id":"https:\/\/rafaramirez.org\/blog\/index.php\/2026\/03\/02\/aprender-a-hablar-de-hilary-mantel-lectura-recomendada\/"},"wordCount":1099,"commentCount":0,"publisher":{"@id":"https:\/\/rafaramirez.org\/blog\/#\/schema\/person\/50f43b6d60c578760d4c17bda54ab6a5"},"image":{"@id":"https:\/\/rafaramirez.org\/blog\/index.php\/2026\/03\/02\/aprender-a-hablar-de-hilary-mantel-lectura-recomendada\/#primaryimage"},"thumbnailUrl":"https:\/\/rafaramirez.org\/blog\/wp-content\/uploads\/2026\/03\/Aprender-a-hablar_bannerlog.jpg","keywords":["\"Aprender a hablar\" de Hilary Mantel","cr\u00edtica literaria","Hilary Mantel","lectura recomendada","libro recomendado","novela","novela recomendada","rese\u00f1a literaria"],"articleSection":["Literatura"],"inLanguage":"es","potentialAction":[{"@type":"CommentAction","name":"Comment","target":["https:\/\/rafaramirez.org\/blog\/index.php\/2026\/03\/02\/aprender-a-hablar-de-hilary-mantel-lectura-recomendada\/#respond"]}]},{"@type":"WebPage","@id":"https:\/\/rafaramirez.org\/blog\/index.php\/2026\/03\/02\/aprender-a-hablar-de-hilary-mantel-lectura-recomendada\/","url":"https:\/\/rafaramirez.org\/blog\/index.php\/2026\/03\/02\/aprender-a-hablar-de-hilary-mantel-lectura-recomendada\/","name":"\"Aprender a hablar\", de Hilary Mantel: la infancia como territorio de la voz. - Blog de Rafael Ram\u00edrez","isPartOf":{"@id":"https:\/\/rafaramirez.org\/blog\/#website"},"primaryImageOfPage":{"@id":"https:\/\/rafaramirez.org\/blog\/index.php\/2026\/03\/02\/aprender-a-hablar-de-hilary-mantel-lectura-recomendada\/#primaryimage"},"image":{"@id":"https:\/\/rafaramirez.org\/blog\/index.php\/2026\/03\/02\/aprender-a-hablar-de-hilary-mantel-lectura-recomendada\/#primaryimage"},"thumbnailUrl":"https:\/\/rafaramirez.org\/blog\/wp-content\/uploads\/2026\/03\/Aprender-a-hablar_bannerlog.jpg","datePublished":"2026-03-02T07:00:40+00:00","description":"Aprender a hablar, de Hilary Mantel, es uno de esos libros que parecen menores en apariencia \u2014un volumen de memorias breves, una colecci\u00f3n de","breadcrumb":{"@id":"https:\/\/rafaramirez.org\/blog\/index.php\/2026\/03\/02\/aprender-a-hablar-de-hilary-mantel-lectura-recomendada\/#breadcrumb"},"inLanguage":"es","potentialAction":[{"@type":"ReadAction","target":["https:\/\/rafaramirez.org\/blog\/index.php\/2026\/03\/02\/aprender-a-hablar-de-hilary-mantel-lectura-recomendada\/"]}]},{"@type":"ImageObject","inLanguage":"es","@id":"https:\/\/rafaramirez.org\/blog\/index.php\/2026\/03\/02\/aprender-a-hablar-de-hilary-mantel-lectura-recomendada\/#primaryimage","url":"https:\/\/rafaramirez.org\/blog\/wp-content\/uploads\/2026\/03\/Aprender-a-hablar_bannerlog.jpg","contentUrl":"https:\/\/rafaramirez.org\/blog\/wp-content\/uploads\/2026\/03\/Aprender-a-hablar_bannerlog.jpg","width":720,"height":440,"caption":"\"Aprender a hablar\", de Hilary Mantel: la infancia como territorio de la voz. Blog de Rafael Ram\u00edrez."},{"@type":"BreadcrumbList","@id":"https:\/\/rafaramirez.org\/blog\/index.php\/2026\/03\/02\/aprender-a-hablar-de-hilary-mantel-lectura-recomendada\/#breadcrumb","itemListElement":[{"@type":"ListItem","position":1,"name":"Portada","item":"https:\/\/rafaramirez.org\/blog\/"},{"@type":"ListItem","position":2,"name":"\u00abAprender a hablar\u00bb, de Hilary Mantel: la infancia como territorio de la voz."}]},{"@type":"WebSite","@id":"https:\/\/rafaramirez.org\/blog\/#website","url":"https:\/\/rafaramirez.org\/blog\/","name":"Blog de Rafael Ram\u00edrez","description":"Un sitio social, de arte y cultura","publisher":{"@id":"https:\/\/rafaramirez.org\/blog\/#\/schema\/person\/50f43b6d60c578760d4c17bda54ab6a5"},"potentialAction":[{"@type":"SearchAction","target":{"@type":"EntryPoint","urlTemplate":"https:\/\/rafaramirez.org\/blog\/?s={search_term_string}"},"query-input":{"@type":"PropertyValueSpecification","valueRequired":true,"valueName":"search_term_string"}}],"inLanguage":"es"},{"@type":["Person","Organization"],"@id":"https:\/\/rafaramirez.org\/blog\/#\/schema\/person\/50f43b6d60c578760d4c17bda54ab6a5","name":"Rafael Ram\u00edrez","image":{"@type":"ImageObject","inLanguage":"es","@id":"https:\/\/rafaramirez.org\/blog\/wp-content\/uploads\/2024\/09\/RR_socialnetwork.jpg","url":"https:\/\/rafaramirez.org\/blog\/wp-content\/uploads\/2024\/09\/RR_socialnetwork.jpg","contentUrl":"https:\/\/rafaramirez.org\/blog\/wp-content\/uploads\/2024\/09\/RR_socialnetwork.jpg","width":600,"height":606,"caption":"Rafael Ram\u00edrez"},"logo":{"@id":"https:\/\/rafaramirez.org\/blog\/wp-content\/uploads\/2024\/09\/RR_socialnetwork.jpg"},"sameAs":["https:\/\/www.rafaramirez.org\/blog","https:\/\/www.instagram.com\/rafaramirez_ok\/","https:\/\/es.pinterest.com\/Ramirez_Rafa\/","https:\/\/x.com\/rafaramirez_ok"],"url":"https:\/\/rafaramirez.org\/blog\/index.php\/author\/rafaell_qm6j97da\/"}]}},"jetpack_publicize_connections":[],"jetpack_sharing_enabled":true,"jetpack_likes_enabled":true,"jetpack_featured_media_url":"https:\/\/rafaramirez.org\/blog\/wp-content\/uploads\/2026\/03\/Aprender-a-hablar_bannerlog.jpg","_links":{"self":[{"href":"https:\/\/rafaramirez.org\/blog\/index.php\/wp-json\/wp\/v2\/posts\/11955","targetHints":{"allow":["GET"]}}],"collection":[{"href":"https:\/\/rafaramirez.org\/blog\/index.php\/wp-json\/wp\/v2\/posts"}],"about":[{"href":"https:\/\/rafaramirez.org\/blog\/index.php\/wp-json\/wp\/v2\/types\/post"}],"author":[{"embeddable":true,"href":"https:\/\/rafaramirez.org\/blog\/index.php\/wp-json\/wp\/v2\/users\/1"}],"replies":[{"embeddable":true,"href":"https:\/\/rafaramirez.org\/blog\/index.php\/wp-json\/wp\/v2\/comments?post=11955"}],"version-history":[{"count":5,"href":"https:\/\/rafaramirez.org\/blog\/index.php\/wp-json\/wp\/v2\/posts\/11955\/revisions"}],"predecessor-version":[{"id":11979,"href":"https:\/\/rafaramirez.org\/blog\/index.php\/wp-json\/wp\/v2\/posts\/11955\/revisions\/11979"}],"wp:featuredmedia":[{"embeddable":true,"href":"https:\/\/rafaramirez.org\/blog\/index.php\/wp-json\/wp\/v2\/media\/11958"}],"wp:attachment":[{"href":"https:\/\/rafaramirez.org\/blog\/index.php\/wp-json\/wp\/v2\/media?parent=11955"}],"wp:term":[{"taxonomy":"category","embeddable":true,"href":"https:\/\/rafaramirez.org\/blog\/index.php\/wp-json\/wp\/v2\/categories?post=11955"},{"taxonomy":"post_tag","embeddable":true,"href":"https:\/\/rafaramirez.org\/blog\/index.php\/wp-json\/wp\/v2\/tags?post=11955"}],"curies":[{"name":"wp","href":"https:\/\/api.w.org\/{rel}","templated":true}]}}