{"id":1195,"date":"2024-06-20T08:15:50","date_gmt":"2024-06-20T06:15:50","guid":{"rendered":"http:\/\/rafaelramirez.co.cc\/?p=223"},"modified":"2024-06-12T13:41:09","modified_gmt":"2024-06-12T11:41:09","slug":"campos-eliseos-paris-postal-1963","status":"publish","type":"post","link":"https:\/\/rafaramirez.org\/blog\/index.php\/2024\/06\/20\/campos-eliseos-paris-postal-1963\/","title":{"rendered":"Campos El\u00edseos. Par\u00eds (Francia): Postal de 1963. Postales antiguas (colecci\u00f3n particular)."},"content":{"rendered":"<p>Postal del a\u00f1o 1963 de la <strong>Avenida de los Campos El\u00edseos de Par\u00eds<\/strong>. Debajo de las fotograf\u00edas os dejo informaci\u00f3n sobre esta avenida parisina y su historia.<\/p>\n<p><strong>Informaci\u00f3n impresa en la postal:\u00a0<\/strong><\/p>\n<blockquote><p>589 \u2013 PARIS<\/p>\n<p>Avenue des Champs Elys\u00e9es.<\/p>\n<p>Elysion Fields Avenue.<\/p>\n<p>Elyseeallee.<\/p>\n<p>Viale dei Campi Elisi.<\/p>\n<p>EDUG &#8211; PARIS<\/p>\n<p>Printed in Belgium.<\/p><\/blockquote>\n<figure id=\"attachment_4809\" aria-describedby=\"caption-attachment-4809\" style=\"width: 300px\" class=\"wp-caption aligncenter\"><a href=\"https:\/\/rafaramirez.org\/blog\/wp-content\/uploads\/2009\/04\/postal_vintage_Campos_Elyseos_anversologblog.jpg\" target=\"_blank\" rel=\"noopener\"><img loading=\"lazy\" decoding=\"async\" class=\"wp-image-4809 size-medium\" src=\"https:\/\/rafaramirez.org\/blog\/wp-content\/uploads\/2009\/04\/postal_vintage_Campos_Elyseos_anversologblog-300x191.jpg\" alt=\"Avenida de los Campos El\u00edseos. Par\u00eds (1963). Anverso.\" width=\"300\" height=\"191\" srcset=\"https:\/\/rafaramirez.org\/blog\/wp-content\/uploads\/2009\/04\/postal_vintage_Campos_Elyseos_anversologblog-300x191.jpg 300w, https:\/\/rafaramirez.org\/blog\/wp-content\/uploads\/2009\/04\/postal_vintage_Campos_Elyseos_anversologblog-768x488.jpg 768w, https:\/\/rafaramirez.org\/blog\/wp-content\/uploads\/2009\/04\/postal_vintage_Campos_Elyseos_anversologblog.jpg 990w\" sizes=\"auto, (max-width: 300px) 100vw, 300px\" \/><\/a><figcaption id=\"caption-attachment-4809\" class=\"wp-caption-text\">Avenida de los Campos El\u00edseos. Par\u00eds (1963). Anverso.<\/figcaption><\/figure>\n<figure id=\"attachment_4810\" aria-describedby=\"caption-attachment-4810\" style=\"width: 300px\" class=\"wp-caption aligncenter\"><a href=\"https:\/\/rafaramirez.org\/blog\/wp-content\/uploads\/2009\/04\/postal_vintage_Campos_Elyseos_reversologblog.jpg\" target=\"_blank\" rel=\"noopener\"><img loading=\"lazy\" decoding=\"async\" class=\"wp-image-4810 size-medium\" src=\"https:\/\/rafaramirez.org\/blog\/wp-content\/uploads\/2009\/04\/postal_vintage_Campos_Elyseos_reversologblog-300x191.jpg\" alt=\"Avenida de los Campos El\u00edseos. Par\u00eds (1963). Reverso.\" width=\"300\" height=\"191\" srcset=\"https:\/\/rafaramirez.org\/blog\/wp-content\/uploads\/2009\/04\/postal_vintage_Campos_Elyseos_reversologblog-300x191.jpg 300w, https:\/\/rafaramirez.org\/blog\/wp-content\/uploads\/2009\/04\/postal_vintage_Campos_Elyseos_reversologblog-768x488.jpg 768w, https:\/\/rafaramirez.org\/blog\/wp-content\/uploads\/2009\/04\/postal_vintage_Campos_Elyseos_reversologblog.jpg 990w\" sizes=\"auto, (max-width: 300px) 100vw, 300px\" \/><\/a><figcaption id=\"caption-attachment-4810\" class=\"wp-caption-text\">Avenida de los Campos El\u00edseos. Par\u00eds (1963). Reverso.<\/figcaption><\/figure>\n<p><strong>Texto de la postal:<\/strong><\/p>\n<blockquote><p>Sr. Don Andr\u00e9s\u00a0 ###########<\/p>\n<p>Apartado ####<\/p>\n<p>M\u00e1laga.<\/p>\n<p>Espagne.<\/p>\n<p><strong><em>Querido padre y hermana: <\/em><\/strong><\/p>\n<p><strong><em>Os deseo pas\u00e9is un buen d\u00eda del santo y cumplea\u00f1os de pap\u00e1 y que el a\u00f1o que viene sea de verdad que est\u00e9 yo junto a vosotros, yo estoy muy bien ayer trabaj\u00e9 en otro sitio y seguro que estar\u00e9 el resto de la semana para empezar el 12 en la Electro, como os dec\u00eda Rateau empieza con 40 horas la semana que viene. Lo \u00fanico que siento es de no poder pasar las Navidades en M\u00e1laga como ten\u00eda proyectado. <\/em><\/strong><\/p>\n<p><strong><em>Espero noticias vuestras ayer tuve carta de Trini y seg\u00fan dice el m\u00e1s peque\u00f1o de los ********** est\u00e1 bastante resfriado, esperemos no sea de cuidado. <\/em><\/strong><\/p>\n<p><strong><em>Os abraza fuerte. <\/em><\/strong><\/p>\n<p><strong><em>Pepe.<\/em><\/strong><\/p><\/blockquote>\n<div class=\"message\">\n<div class=\"content user-select-text\" tabindex=\"0\" role=\"heading\" aria-level=\"6\" aria-description=\"\" aria-label=\"Enviado por Copilot: Los **Campos El\u00edseos** (Champs-\u00c9lys\u00e9es) son una de las avenidas m\u00e1s famosas del mundo y una joya de Par\u00eds. Aqu\u00ed tienes algunos detalles interesantes: 1. **Historia y Origen**: - En 1640, se plantaron \u00e1rboles a lo largo de lo que se convertir\u00eda en los Campos El\u00edseos. - El nombre proviene de la mitolog\u00eda griega y se refiere a un lugar equivalente al Para\u00edso cristiano. - Durante la Revoluci\u00f3n Francesa, esta avenida fue escenario de importantes manifestaciones y desfiles, incluyendo la famosa toma de la Bastilla[^1^] [^2^]. 2. **Arquitectura y Atracciones**: - La avenida se extiende por casi dos kil\u00f3metros y est\u00e1 dividida en dos partes. - La zona baja, cerca de la Plaza de la Concordia, est\u00e1 rodeada de jardines y edificios imponentes como el Palacio del Descubrimiento y el Grand Palais. - La parte alta comienza en la Place de l\u2019Etoile, junto al Arco del Triunfo, y alberga tiendas de lujo, restaurantes y cines. - Desde el Gran Arco en La Defensa, se obtienen vistas \u00fanicas de los Campos El\u00edseos[^1^]. 3. **Eventos y Significado**: - Aqu\u00ed se celebra el desfile militar anual en la Fiesta Nacional de Francia. - Desde 1975, es la meta final del Tour de Francia[^4^]. En resumen, los Campos El\u00edseos son un s\u00edmbolo de sofisticaci\u00f3n y glamour en la Ciudad de la Luz. \u00a1Un lugar imprescindible para visitar! \ud83c\uddeb\ud83c\uddf7\u2728[^1^] [^3^] [^5^]\">\n<div class=\"ac-container ac-adaptiveCard has-image\">\n<div class=\"ac-textBlock\">\n<p>Los\u00a0<strong>Campos El\u00edseos<\/strong>\u00a0(Champs-\u00c9lys\u00e9es) son una de las avenidas m\u00e1s famosas del mundo y una joya de Par\u00eds. Aqu\u00ed tienes algunos detalles interesantes:<\/p>\n<ul>\n<li><strong>Historia y Origen<\/strong>:\n<ul>\n<li>En 1640, se plantaron \u00e1rboles a lo largo de lo que se convertir\u00eda en los Campos El\u00edseos.<\/li>\n<li>El nombre proviene de la mitolog\u00eda griega y se refiere a un lugar equivalente al Para\u00edso cristiano.<\/li>\n<li>Durante la Revoluci\u00f3n Francesa, esta avenida fue escenario de importantes manifestaciones y desfiles, incluyendo la famosa toma de la Bastilla.<\/li>\n<\/ul>\n<\/li>\n<li><strong>Arquitectura y Atracciones<\/strong>:\n<ul>\n<li>La avenida se extiende por casi dos kil\u00f3metros y est\u00e1 dividida en dos partes.<\/li>\n<li>La zona baja, cerca de la Plaza de la Concordia, est\u00e1 rodeada de jardines y edificios imponentes como el Palacio del Descubrimiento y el Grand Palais.<\/li>\n<li>La parte alta comienza en la Place de l\u2019Etoile, junto al Arco del Triunfo, y alberga tiendas de lujo, restaurantes y cines.<\/li>\n<li>Desde el Gran Arco en La Defensa, se obtienen vistas \u00fanicas de los Campos El\u00edseos.<\/li>\n<\/ul>\n<\/li>\n<li><strong>Eventos y Significado<\/strong>:\n<ul>\n<li>Aqu\u00ed se celebra el desfile militar anual en la Fiesta Nacional de Francia.<\/li>\n<li>Desde 1975, es la meta final del Tour de Francia.<\/li>\n<\/ul>\n<\/li>\n<\/ul>\n<p><strong>En resumen, los Campos El\u00edseos son un s\u00edmbolo de sofisticaci\u00f3n y glamour en la Ciudad de la Luz \u00a1Un lugar imprescindible para visitar! Espero te haya gustado esta antigua postal y la historia detr\u00e1s de ella, as\u00ed como la informaci\u00f3n sobre esta famosa avenida. Puedes dejar tus comentarios debajo del post \u00a1Saludos!<\/strong>\u2728<\/p>\n<p>M\u00e1s informaci\u00f3n:<\/p>\n<ul>\n<li><a href=\"https:\/\/www.paris.es\/campos-eliseos\" target=\"_blank\" rel=\"noopener\">Paris.es<\/a><\/li>\n<li><a href=\"https:\/\/es.wikipedia.org\/wiki\/Avenida_de_los_Campos_El%C3%ADseos\" target=\"_blank\" rel=\"noopener\">Wikipedia.es<\/a><\/li>\n<\/ul>\n<\/div>\n<\/div>\n<\/div>\n<\/div>\n","protected":false},"excerpt":{"rendered":"<p>Postal del a\u00f1o 1963 de la Avenida de los Campos El\u00edseos de Par\u00eds. Debajo de las fotograf\u00edas os dejo informaci\u00f3n sobre esta avenida parisina y su historia. Informaci\u00f3n impresa en la postal:\u00a0 589 \u2013 PARIS Avenue des Champs Elys\u00e9es. Elysion Fields Avenue. Elyseeallee. Viale dei Campi Elisi. EDUG &#8211; PARIS Printed in Belgium. Texto de [&hellip;]<\/p>\n","protected":false},"author":1,"featured_media":4815,"comment_status":"open","ping_status":"closed","sticky":false,"template":"","format":"standard","meta":{"site-container-style":"default","site-container-layout":"default","site-sidebar-layout":"default","disable-article-header":"default","disable-site-header":"default","disable-site-footer":"default","disable-content-area-spacing":"default","_jetpack_newsletter_access":"","_jetpack_dont_email_post_to_subs":false,"_jetpack_newsletter_tier_id":0,"_jetpack_memberships_contains_paywalled_content":false,"_jetpack_feature_clip_id":0,"_jetpack_memberships_contains_paid_content":false,"footnotes":"","jetpack_publicize_message":"","jetpack_publicize_feature_enabled":true,"jetpack_social_post_already_shared":true,"jetpack_social_options":{"image_generator_settings":{"template":"highway","default_image_id":0,"font":"","enabled":false},"version":2},"jetpack_post_was_ever_published":false},"categories":[12],"tags":[2480,68,79,2472,2483,2488,2485,139,2486,200,2484,2478,2475,2142,2477,2473,351,2479,2476,393,395,2482,2474,2481,2487],"class_list":["post-1195","post","type-post","status-publish","format-standard","has-post-thumbnail","hentry","category-vintage","tag-arco-del-triunfo","tag-blog-de-rafael-ramirez","tag-campos-eliseos","tag-champs-elysees","tag-cines","tag-ciudad-de-la-luz","tag-desfile-militar-anual","tag-destacado","tag-fiesta-nacional-de-francia","tag-francia","tag-gran-arco-en-la-defensa","tag-grand-palais","tag-la-bastilla","tag-mitologia-griega","tag-palacio-del-descubrimiento","tag-paraiso-cristiano","tag-paris","tag-place-de-letoile","tag-plaza-de-la-concordia","tag-postales-antiguas","tag-postales-vintage","tag-restaurantes","tag-revolucion-francesa","tag-tiendas-de-lujo","tag-tour-de-francia"],"yoast_head":"<!-- This site is optimized with the Yoast SEO plugin v28.4 - https:\/\/yoast.com\/product\/yoast-seo-wordpress\/ -->\n<title>Campos El\u00edseos. Par\u00eds (Francia): Postal de 1963. Postales antiguas (colecci\u00f3n particular). - Blog de Rafael Ram\u00edrez<\/title>\n<meta name=\"robots\" content=\"index, follow, max-snippet:-1, max-image-preview:large, max-video-preview:-1\" \/>\n<link rel=\"canonical\" href=\"https:\/\/rafaramirez.org\/blog\/index.php\/2024\/06\/20\/campos-eliseos-paris-postal-1963\/\" \/>\n<meta property=\"og:locale\" content=\"es_ES\" \/>\n<meta property=\"og:type\" content=\"article\" \/>\n<meta property=\"og:title\" content=\"Campos El\u00edseos. Par\u00eds (Francia): Postal de 1963. Postales antiguas (colecci\u00f3n particular). - Blog de Rafael Ram\u00edrez\" \/>\n<meta property=\"og:description\" content=\"Postal del a\u00f1o 1963 de la Avenida de los Campos El\u00edseos de Par\u00eds. Debajo de las fotograf\u00edas os dejo informaci\u00f3n sobre esta avenida parisina y su historia. Informaci\u00f3n impresa en la postal:\u00a0 589 \u2013 PARIS Avenue des Champs Elys\u00e9es. Elysion Fields Avenue. Elyseeallee. Viale dei Campi Elisi. EDUG &#8211; PARIS Printed in Belgium. Texto de [&hellip;]\" \/>\n<meta property=\"og:url\" content=\"https:\/\/rafaramirez.org\/blog\/index.php\/2024\/06\/20\/campos-eliseos-paris-postal-1963\/\" \/>\n<meta property=\"og:site_name\" content=\"Blog de Rafael Ram\u00edrez\" \/>\n<meta property=\"article:published_time\" content=\"2024-06-20T06:15:50+00:00\" \/>\n<meta property=\"og:image\" content=\"https:\/\/rafaramirez.org\/blog\/wp-content\/uploads\/2024\/06\/postal_vintage_Campos_Elyseos_bannerlogblog.jpg\" \/>\n\t<meta property=\"og:image:width\" content=\"750\" \/>\n\t<meta property=\"og:image:height\" content=\"391\" \/>\n\t<meta property=\"og:image:type\" content=\"image\/jpeg\" \/>\n<meta name=\"author\" content=\"Rafael Ram\u00edrez\" \/>\n<meta name=\"twitter:card\" content=\"summary_large_image\" \/>\n<meta name=\"twitter:creator\" content=\"@rafaramirez_ok\" \/>\n<meta name=\"twitter:site\" content=\"@rafaramirez_ok\" \/>\n<meta name=\"twitter:label1\" content=\"Escrito por\" \/>\n\t<meta name=\"twitter:data1\" content=\"Rafael Ram\u00edrez\" \/>\n\t<meta name=\"twitter:label2\" content=\"Tiempo de lectura\" \/>\n\t<meta name=\"twitter:data2\" content=\"2 minutos\" \/>\n<script type=\"application\/ld+json\" class=\"yoast-schema-graph\">{\"@context\":\"https:\\\/\\\/schema.org\",\"@graph\":[{\"@type\":\"Article\",\"@id\":\"https:\\\/\\\/rafaramirez.org\\\/blog\\\/index.php\\\/2024\\\/06\\\/20\\\/campos-eliseos-paris-postal-1963\\\/#article\",\"isPartOf\":{\"@id\":\"https:\\\/\\\/rafaramirez.org\\\/blog\\\/index.php\\\/2024\\\/06\\\/20\\\/campos-eliseos-paris-postal-1963\\\/\"},\"author\":{\"name\":\"Rafael Ram\u00edrez\",\"@id\":\"https:\\\/\\\/rafaramirez.org\\\/blog\\\/#\\\/schema\\\/person\\\/50f43b6d60c578760d4c17bda54ab6a5\"},\"headline\":\"Campos El\u00edseos. Par\u00eds (Francia): Postal de 1963. Postales antiguas (colecci\u00f3n particular).\",\"datePublished\":\"2024-06-20T06:15:50+00:00\",\"mainEntityOfPage\":{\"@id\":\"https:\\\/\\\/rafaramirez.org\\\/blog\\\/index.php\\\/2024\\\/06\\\/20\\\/campos-eliseos-paris-postal-1963\\\/\"},\"wordCount\":496,\"commentCount\":0,\"publisher\":{\"@id\":\"https:\\\/\\\/rafaramirez.org\\\/blog\\\/#\\\/schema\\\/person\\\/50f43b6d60c578760d4c17bda54ab6a5\"},\"image\":{\"@id\":\"https:\\\/\\\/rafaramirez.org\\\/blog\\\/index.php\\\/2024\\\/06\\\/20\\\/campos-eliseos-paris-postal-1963\\\/#primaryimage\"},\"thumbnailUrl\":\"https:\\\/\\\/rafaramirez.org\\\/blog\\\/wp-content\\\/uploads\\\/2024\\\/06\\\/postal_vintage_Campos_Elyseos_bannerlogblog.jpg\",\"keywords\":[\"Arco del Triunfo\",\"blog de Rafael Ram\u00edrez\",\"campos eliseos\",\"Champs-\u00c9lys\u00e9es\",\"cines\",\"Ciudad de la Luz\",\"desfile militar anual\",\"destacado\",\"Fiesta Nacional de Francia\",\"Francia\",\"Gran Arco en La Defensa\",\"Grand Palais\",\"la Bastilla\",\"mitolog\u00eda griega\",\"Palacio del Descubrimiento\",\"Para\u00edso cristiano\",\"Paris\",\"Place de l\u2019Etoile\",\"Plaza de la Concordia\",\"postales antiguas\",\"postales vintage\",\"restaurantes\",\"Revoluci\u00f3n Francesa\",\"tiendas de lujo\",\"Tour de Francia\"],\"articleSection\":[\"Vintage\"],\"inLanguage\":\"es\",\"potentialAction\":[{\"@type\":\"CommentAction\",\"name\":\"Comment\",\"target\":[\"https:\\\/\\\/rafaramirez.org\\\/blog\\\/index.php\\\/2024\\\/06\\\/20\\\/campos-eliseos-paris-postal-1963\\\/#respond\"]}]},{\"@type\":\"WebPage\",\"@id\":\"https:\\\/\\\/rafaramirez.org\\\/blog\\\/index.php\\\/2024\\\/06\\\/20\\\/campos-eliseos-paris-postal-1963\\\/\",\"url\":\"https:\\\/\\\/rafaramirez.org\\\/blog\\\/index.php\\\/2024\\\/06\\\/20\\\/campos-eliseos-paris-postal-1963\\\/\",\"name\":\"Campos El\u00edseos. Par\u00eds (Francia): Postal de 1963. Postales antiguas (colecci\u00f3n particular). - Blog de Rafael Ram\u00edrez\",\"isPartOf\":{\"@id\":\"https:\\\/\\\/rafaramirez.org\\\/blog\\\/#website\"},\"primaryImageOfPage\":{\"@id\":\"https:\\\/\\\/rafaramirez.org\\\/blog\\\/index.php\\\/2024\\\/06\\\/20\\\/campos-eliseos-paris-postal-1963\\\/#primaryimage\"},\"image\":{\"@id\":\"https:\\\/\\\/rafaramirez.org\\\/blog\\\/index.php\\\/2024\\\/06\\\/20\\\/campos-eliseos-paris-postal-1963\\\/#primaryimage\"},\"thumbnailUrl\":\"https:\\\/\\\/rafaramirez.org\\\/blog\\\/wp-content\\\/uploads\\\/2024\\\/06\\\/postal_vintage_Campos_Elyseos_bannerlogblog.jpg\",\"datePublished\":\"2024-06-20T06:15:50+00:00\",\"breadcrumb\":{\"@id\":\"https:\\\/\\\/rafaramirez.org\\\/blog\\\/index.php\\\/2024\\\/06\\\/20\\\/campos-eliseos-paris-postal-1963\\\/#breadcrumb\"},\"inLanguage\":\"es\",\"potentialAction\":[{\"@type\":\"ReadAction\",\"target\":[\"https:\\\/\\\/rafaramirez.org\\\/blog\\\/index.php\\\/2024\\\/06\\\/20\\\/campos-eliseos-paris-postal-1963\\\/\"]}]},{\"@type\":\"ImageObject\",\"inLanguage\":\"es\",\"@id\":\"https:\\\/\\\/rafaramirez.org\\\/blog\\\/index.php\\\/2024\\\/06\\\/20\\\/campos-eliseos-paris-postal-1963\\\/#primaryimage\",\"url\":\"https:\\\/\\\/rafaramirez.org\\\/blog\\\/wp-content\\\/uploads\\\/2024\\\/06\\\/postal_vintage_Campos_Elyseos_bannerlogblog.jpg\",\"contentUrl\":\"https:\\\/\\\/rafaramirez.org\\\/blog\\\/wp-content\\\/uploads\\\/2024\\\/06\\\/postal_vintage_Campos_Elyseos_bannerlogblog.jpg\",\"width\":750,\"height\":391,\"caption\":\"Avenida de los Campos El\u00edseos. Par\u00eds (1963). Blog de Rafael Ram\u00edrez.\"},{\"@type\":\"BreadcrumbList\",\"@id\":\"https:\\\/\\\/rafaramirez.org\\\/blog\\\/index.php\\\/2024\\\/06\\\/20\\\/campos-eliseos-paris-postal-1963\\\/#breadcrumb\",\"itemListElement\":[{\"@type\":\"ListItem\",\"position\":1,\"name\":\"Portada\",\"item\":\"https:\\\/\\\/rafaramirez.org\\\/blog\\\/\"},{\"@type\":\"ListItem\",\"position\":2,\"name\":\"Campos El\u00edseos. Par\u00eds (Francia): Postal de 1963. Postales antiguas (colecci\u00f3n particular).\"}]},{\"@type\":\"WebSite\",\"@id\":\"https:\\\/\\\/rafaramirez.org\\\/blog\\\/#website\",\"url\":\"https:\\\/\\\/rafaramirez.org\\\/blog\\\/\",\"name\":\"Blog de Rafael Ram\u00edrez\",\"description\":\"Un sitio social, de arte y cultura\",\"publisher\":{\"@id\":\"https:\\\/\\\/rafaramirez.org\\\/blog\\\/#\\\/schema\\\/person\\\/50f43b6d60c578760d4c17bda54ab6a5\"},\"potentialAction\":[{\"@type\":\"SearchAction\",\"target\":{\"@type\":\"EntryPoint\",\"urlTemplate\":\"https:\\\/\\\/rafaramirez.org\\\/blog\\\/?s={search_term_string}\"},\"query-input\":{\"@type\":\"PropertyValueSpecification\",\"valueRequired\":true,\"valueName\":\"search_term_string\"}}],\"inLanguage\":\"es\"},{\"@type\":[\"Person\",\"Organization\"],\"@id\":\"https:\\\/\\\/rafaramirez.org\\\/blog\\\/#\\\/schema\\\/person\\\/50f43b6d60c578760d4c17bda54ab6a5\",\"name\":\"Rafael Ram\u00edrez\",\"image\":{\"@type\":\"ImageObject\",\"inLanguage\":\"es\",\"@id\":\"https:\\\/\\\/rafaramirez.org\\\/blog\\\/wp-content\\\/uploads\\\/2024\\\/09\\\/RR_socialnetwork.jpg\",\"url\":\"https:\\\/\\\/rafaramirez.org\\\/blog\\\/wp-content\\\/uploads\\\/2024\\\/09\\\/RR_socialnetwork.jpg\",\"contentUrl\":\"https:\\\/\\\/rafaramirez.org\\\/blog\\\/wp-content\\\/uploads\\\/2024\\\/09\\\/RR_socialnetwork.jpg\",\"width\":600,\"height\":606,\"caption\":\"Rafael Ram\u00edrez\"},\"logo\":{\"@id\":\"https:\\\/\\\/rafaramirez.org\\\/blog\\\/wp-content\\\/uploads\\\/2024\\\/09\\\/RR_socialnetwork.jpg\"},\"sameAs\":[\"https:\\\/\\\/www.rafaramirez.org\\\/blog\",\"https:\\\/\\\/www.instagram.com\\\/rafaramirez_ok\\\/\",\"https:\\\/\\\/es.pinterest.com\\\/Ramirez_Rafa\\\/\",\"https:\\\/\\\/x.com\\\/rafaramirez_ok\"],\"url\":\"https:\\\/\\\/rafaramirez.org\\\/blog\\\/index.php\\\/author\\\/rafaell_qm6j97da\\\/\"}]}<\/script>\n<!-- \/ Yoast SEO plugin. -->","yoast_head_json":{"title":"Campos El\u00edseos. Par\u00eds (Francia): Postal de 1963. Postales antiguas (colecci\u00f3n particular). - Blog de Rafael Ram\u00edrez","robots":{"index":"index","follow":"follow","max-snippet":"max-snippet:-1","max-image-preview":"max-image-preview:large","max-video-preview":"max-video-preview:-1"},"canonical":"https:\/\/rafaramirez.org\/blog\/index.php\/2024\/06\/20\/campos-eliseos-paris-postal-1963\/","og_locale":"es_ES","og_type":"article","og_title":"Campos El\u00edseos. Par\u00eds (Francia): Postal de 1963. Postales antiguas (colecci\u00f3n particular). - Blog de Rafael Ram\u00edrez","og_description":"Postal del a\u00f1o 1963 de la Avenida de los Campos El\u00edseos de Par\u00eds. Debajo de las fotograf\u00edas os dejo informaci\u00f3n sobre esta avenida parisina y su historia. Informaci\u00f3n impresa en la postal:\u00a0 589 \u2013 PARIS Avenue des Champs Elys\u00e9es. Elysion Fields Avenue. Elyseeallee. Viale dei Campi Elisi. EDUG &#8211; PARIS Printed in Belgium. Texto de [&hellip;]","og_url":"https:\/\/rafaramirez.org\/blog\/index.php\/2024\/06\/20\/campos-eliseos-paris-postal-1963\/","og_site_name":"Blog de Rafael Ram\u00edrez","article_published_time":"2024-06-20T06:15:50+00:00","og_image":[{"width":750,"height":391,"url":"https:\/\/rafaramirez.org\/blog\/wp-content\/uploads\/2024\/06\/postal_vintage_Campos_Elyseos_bannerlogblog.jpg","type":"image\/jpeg"}],"author":"Rafael Ram\u00edrez","twitter_card":"summary_large_image","twitter_creator":"@rafaramirez_ok","twitter_site":"@rafaramirez_ok","twitter_misc":{"Escrito por":"Rafael Ram\u00edrez","Tiempo de lectura":"2 minutos"},"schema":{"@context":"https:\/\/schema.org","@graph":[{"@type":"Article","@id":"https:\/\/rafaramirez.org\/blog\/index.php\/2024\/06\/20\/campos-eliseos-paris-postal-1963\/#article","isPartOf":{"@id":"https:\/\/rafaramirez.org\/blog\/index.php\/2024\/06\/20\/campos-eliseos-paris-postal-1963\/"},"author":{"name":"Rafael Ram\u00edrez","@id":"https:\/\/rafaramirez.org\/blog\/#\/schema\/person\/50f43b6d60c578760d4c17bda54ab6a5"},"headline":"Campos El\u00edseos. Par\u00eds (Francia): Postal de 1963. Postales antiguas (colecci\u00f3n particular).","datePublished":"2024-06-20T06:15:50+00:00","mainEntityOfPage":{"@id":"https:\/\/rafaramirez.org\/blog\/index.php\/2024\/06\/20\/campos-eliseos-paris-postal-1963\/"},"wordCount":496,"commentCount":0,"publisher":{"@id":"https:\/\/rafaramirez.org\/blog\/#\/schema\/person\/50f43b6d60c578760d4c17bda54ab6a5"},"image":{"@id":"https:\/\/rafaramirez.org\/blog\/index.php\/2024\/06\/20\/campos-eliseos-paris-postal-1963\/#primaryimage"},"thumbnailUrl":"https:\/\/rafaramirez.org\/blog\/wp-content\/uploads\/2024\/06\/postal_vintage_Campos_Elyseos_bannerlogblog.jpg","keywords":["Arco del Triunfo","blog de Rafael Ram\u00edrez","campos eliseos","Champs-\u00c9lys\u00e9es","cines","Ciudad de la Luz","desfile militar anual","destacado","Fiesta Nacional de Francia","Francia","Gran Arco en La Defensa","Grand Palais","la Bastilla","mitolog\u00eda griega","Palacio del Descubrimiento","Para\u00edso cristiano","Paris","Place de l\u2019Etoile","Plaza de la Concordia","postales antiguas","postales vintage","restaurantes","Revoluci\u00f3n Francesa","tiendas de lujo","Tour de Francia"],"articleSection":["Vintage"],"inLanguage":"es","potentialAction":[{"@type":"CommentAction","name":"Comment","target":["https:\/\/rafaramirez.org\/blog\/index.php\/2024\/06\/20\/campos-eliseos-paris-postal-1963\/#respond"]}]},{"@type":"WebPage","@id":"https:\/\/rafaramirez.org\/blog\/index.php\/2024\/06\/20\/campos-eliseos-paris-postal-1963\/","url":"https:\/\/rafaramirez.org\/blog\/index.php\/2024\/06\/20\/campos-eliseos-paris-postal-1963\/","name":"Campos El\u00edseos. Par\u00eds (Francia): Postal de 1963. Postales antiguas (colecci\u00f3n particular). - Blog de Rafael Ram\u00edrez","isPartOf":{"@id":"https:\/\/rafaramirez.org\/blog\/#website"},"primaryImageOfPage":{"@id":"https:\/\/rafaramirez.org\/blog\/index.php\/2024\/06\/20\/campos-eliseos-paris-postal-1963\/#primaryimage"},"image":{"@id":"https:\/\/rafaramirez.org\/blog\/index.php\/2024\/06\/20\/campos-eliseos-paris-postal-1963\/#primaryimage"},"thumbnailUrl":"https:\/\/rafaramirez.org\/blog\/wp-content\/uploads\/2024\/06\/postal_vintage_Campos_Elyseos_bannerlogblog.jpg","datePublished":"2024-06-20T06:15:50+00:00","breadcrumb":{"@id":"https:\/\/rafaramirez.org\/blog\/index.php\/2024\/06\/20\/campos-eliseos-paris-postal-1963\/#breadcrumb"},"inLanguage":"es","potentialAction":[{"@type":"ReadAction","target":["https:\/\/rafaramirez.org\/blog\/index.php\/2024\/06\/20\/campos-eliseos-paris-postal-1963\/"]}]},{"@type":"ImageObject","inLanguage":"es","@id":"https:\/\/rafaramirez.org\/blog\/index.php\/2024\/06\/20\/campos-eliseos-paris-postal-1963\/#primaryimage","url":"https:\/\/rafaramirez.org\/blog\/wp-content\/uploads\/2024\/06\/postal_vintage_Campos_Elyseos_bannerlogblog.jpg","contentUrl":"https:\/\/rafaramirez.org\/blog\/wp-content\/uploads\/2024\/06\/postal_vintage_Campos_Elyseos_bannerlogblog.jpg","width":750,"height":391,"caption":"Avenida de los Campos El\u00edseos. Par\u00eds (1963). Blog de Rafael Ram\u00edrez."},{"@type":"BreadcrumbList","@id":"https:\/\/rafaramirez.org\/blog\/index.php\/2024\/06\/20\/campos-eliseos-paris-postal-1963\/#breadcrumb","itemListElement":[{"@type":"ListItem","position":1,"name":"Portada","item":"https:\/\/rafaramirez.org\/blog\/"},{"@type":"ListItem","position":2,"name":"Campos El\u00edseos. Par\u00eds (Francia): Postal de 1963. Postales antiguas (colecci\u00f3n particular)."}]},{"@type":"WebSite","@id":"https:\/\/rafaramirez.org\/blog\/#website","url":"https:\/\/rafaramirez.org\/blog\/","name":"Blog de Rafael Ram\u00edrez","description":"Un sitio social, de arte y cultura","publisher":{"@id":"https:\/\/rafaramirez.org\/blog\/#\/schema\/person\/50f43b6d60c578760d4c17bda54ab6a5"},"potentialAction":[{"@type":"SearchAction","target":{"@type":"EntryPoint","urlTemplate":"https:\/\/rafaramirez.org\/blog\/?s={search_term_string}"},"query-input":{"@type":"PropertyValueSpecification","valueRequired":true,"valueName":"search_term_string"}}],"inLanguage":"es"},{"@type":["Person","Organization"],"@id":"https:\/\/rafaramirez.org\/blog\/#\/schema\/person\/50f43b6d60c578760d4c17bda54ab6a5","name":"Rafael Ram\u00edrez","image":{"@type":"ImageObject","inLanguage":"es","@id":"https:\/\/rafaramirez.org\/blog\/wp-content\/uploads\/2024\/09\/RR_socialnetwork.jpg","url":"https:\/\/rafaramirez.org\/blog\/wp-content\/uploads\/2024\/09\/RR_socialnetwork.jpg","contentUrl":"https:\/\/rafaramirez.org\/blog\/wp-content\/uploads\/2024\/09\/RR_socialnetwork.jpg","width":600,"height":606,"caption":"Rafael Ram\u00edrez"},"logo":{"@id":"https:\/\/rafaramirez.org\/blog\/wp-content\/uploads\/2024\/09\/RR_socialnetwork.jpg"},"sameAs":["https:\/\/www.rafaramirez.org\/blog","https:\/\/www.instagram.com\/rafaramirez_ok\/","https:\/\/es.pinterest.com\/Ramirez_Rafa\/","https:\/\/x.com\/rafaramirez_ok"],"url":"https:\/\/rafaramirez.org\/blog\/index.php\/author\/rafaell_qm6j97da\/"}]}},"jetpack_publicize_connections":[],"jetpack_sharing_enabled":true,"jetpack_likes_enabled":true,"jetpack_featured_media_url":"https:\/\/rafaramirez.org\/blog\/wp-content\/uploads\/2024\/06\/postal_vintage_Campos_Elyseos_bannerlogblog.jpg","_links":{"self":[{"href":"https:\/\/rafaramirez.org\/blog\/index.php\/wp-json\/wp\/v2\/posts\/1195","targetHints":{"allow":["GET"]}}],"collection":[{"href":"https:\/\/rafaramirez.org\/blog\/index.php\/wp-json\/wp\/v2\/posts"}],"about":[{"href":"https:\/\/rafaramirez.org\/blog\/index.php\/wp-json\/wp\/v2\/types\/post"}],"author":[{"embeddable":true,"href":"https:\/\/rafaramirez.org\/blog\/index.php\/wp-json\/wp\/v2\/users\/1"}],"replies":[{"embeddable":true,"href":"https:\/\/rafaramirez.org\/blog\/index.php\/wp-json\/wp\/v2\/comments?post=1195"}],"version-history":[{"count":7,"href":"https:\/\/rafaramirez.org\/blog\/index.php\/wp-json\/wp\/v2\/posts\/1195\/revisions"}],"predecessor-version":[{"id":4816,"href":"https:\/\/rafaramirez.org\/blog\/index.php\/wp-json\/wp\/v2\/posts\/1195\/revisions\/4816"}],"wp:featuredmedia":[{"embeddable":true,"href":"https:\/\/rafaramirez.org\/blog\/index.php\/wp-json\/wp\/v2\/media\/4815"}],"wp:attachment":[{"href":"https:\/\/rafaramirez.org\/blog\/index.php\/wp-json\/wp\/v2\/media?parent=1195"}],"wp:term":[{"taxonomy":"category","embeddable":true,"href":"https:\/\/rafaramirez.org\/blog\/index.php\/wp-json\/wp\/v2\/categories?post=1195"},{"taxonomy":"post_tag","embeddable":true,"href":"https:\/\/rafaramirez.org\/blog\/index.php\/wp-json\/wp\/v2\/tags?post=1195"}],"curies":[{"name":"wp","href":"https:\/\/api.w.org\/{rel}","templated":true}]}}