{"id":1192,"date":"2009-04-10T07:53:50","date_gmt":"2009-04-10T05:53:50","guid":{"rendered":"http:\/\/rafaelramirez.co.cc\/?p=185"},"modified":"2025-11-27T11:53:08","modified_gmt":"2025-11-27T10:53:08","slug":"homenaje-a-pablo-neruda","status":"publish","type":"post","link":"https:\/\/rafaramirez.org\/blog\/index.php\/2009\/04\/10\/homenaje-a-pablo-neruda\/","title":{"rendered":"Homenaje a Pablo Neruda"},"content":{"rendered":"<p>Dos poemas maravillosos de un genio de la poes\u00eda contemporanea, Pablo Neruda.<\/p>\n<p>Se trata de\u00a0sus poemas <strong>XX <\/strong>y <strong>XV. <\/strong> Este \u00faltimo en dos versiones, una recitado por Alejandro Sanz y otra versi\u00f3n cantada de Mercedes Sosa.<\/p>\n<p>Disfrutadlos!!<\/p>\n<p><strong>POEMA XX &#8211; Puedo escribir los versos m\u00e1s tristes esta noche&#8230;<\/strong><br \/>\n<iframe loading=\"lazy\" title=\"YouTube video player\" src=\"https:\/\/www.youtube.com\/embed\/J1ekZtqszNw?si=hAN1ymwxGjErgeqK\" width=\"560\" height=\"315\" frameborder=\"0\" allowfullscreen=\"allowfullscreen\"><\/iframe><br \/>\n<strong>POEMA<\/strong> <strong>XV &#8211; Me gusta cuando callas&#8230;<br \/>\n<\/strong>Leido por Alejandro Sanz<br \/>\n<iframe loading=\"lazy\" title=\"YouTube video player\" src=\"https:\/\/www.youtube.com\/embed\/9mmTbcjgNUQ\" width=\"560\" height=\"315\" frameborder=\"0\" allowfullscreen=\"allowfullscreen\"><\/iframe><br \/>\n<strong>POEMA<\/strong> <strong>XV &#8211; Me gusta cuando callas&#8230;<br \/>\n<\/strong>Cantado por Mercedes Sosa<br \/>\n<iframe loading=\"lazy\" title=\"YouTube video player\" src=\"https:\/\/www.youtube.com\/embed\/XGo9kACg7xE\" width=\"560\" height=\"315\" frameborder=\"0\" allowfullscreen=\"allowfullscreen\"><\/iframe><\/p>\n<blockquote><p><strong>Pablo Neruda &#8211; Breve biograf\u00eda.<\/strong><\/p>\n<p>(Seud\u00f3nimo de Neftal\u00ed Ricardo Reyes Basoalto; Parral, Chile, 1904-Santiago de Chile, 1973)<\/p>\n<p>Poeta chileno.<\/p>\n<p>Comenz\u00f3 muy pronto a escribir poes\u00eda, y en 1921 public\u00f3 La canci\u00f3n de la fiesta, su primer poema, con el seud\u00f3nimo de Pablo Neruda, en homenaje al poeta checo Jan Neruda, nombre que mantuvo a partir de entonces y que legaliz\u00f3 en 1946.<\/p>\n<p>Su madre muri\u00f3 s\u00f3lo un mes m\u00e1s tarde de que naciera \u00e9l, momento en que su padre, un empleado ferroviario, se instal\u00f3 en Temuco, donde el joven Pablo Neruda curs\u00f3 sus primeros estudios y conoci\u00f3 a Gabriela Mistral. All\u00ed tambi\u00e9n comenz\u00f3 a trabajar en un peri\u00f3dico, hasta que a los diecis\u00e9is a\u00f1os se traslad\u00f3 a Santiago, donde public\u00f3 sus primeros poemas en la revista Claridad.<\/p>\n<p>Tras publicar algunos libros de poes\u00eda, en 1924 alcanz\u00f3 fama internacional con Veinte poemas de amor y una canci\u00f3n desesperada, obra que, junto con Tentativa del hombre infinito, distingue la primera etapa de su producci\u00f3n po\u00e9tica, se\u00f1alada por la transici\u00f3n del <a href=\"https:\/\/rafaramirez.org\/blog\/index.php\/2025\/11\/27\/el-modernismo-en-la-pintura\/\" target=\"_blank\" rel=\"noopener\">modernismo<\/a> a formas vanguardistas influidas por el creacionismo de Vicente Huidobro.<\/p>\n<figure id=\"attachment_190\" aria-describedby=\"caption-attachment-190\" style=\"width: 300px\" class=\"wp-caption alignleft\"><a href=\"https:\/\/rafaramirez.org\/blog\/wp-content\/uploads\/2009\/04\/pablo_neruda.jpg\" target=\"_blank\" rel=\"noopener noreferrer\"><img loading=\"lazy\" decoding=\"async\" class=\"size-medium wp-image-190 \" title=\"Pablo Neruda \" src=\"https:\/\/rafaramirez.org\/blog\/wp-content\/uploads\/2009\/04\/pablo_neruda-300x182.jpg\" alt=\"Pablo Neruda\" width=\"300\" height=\"182\" \/><\/a><figcaption id=\"caption-attachment-190\" class=\"wp-caption-text\">Pablo Neruda<\/figcaption><\/figure>\n<p style=\"text-align: left;\">Los problemas econ\u00f3micos indujeron a Pablo Neruda a emprender, en 1926, la carrera consular que lo llev\u00f3 a residir en Birmania, Ceil\u00e1n, Java, Singapur y, entre 1934 y 1938, en Espa\u00f1a, donde se relacion\u00f3 con Garc\u00eda Lorca, Aleixandre, Gerardo Diego y otros componentes de la llamada Generaci\u00f3n del 27, y fund\u00f3 la revista Caballo Verde para la Poes\u00eda. Desde su primer manifiesto tom\u00f3 partido por una \u00abpoes\u00eda sin pureza\u00bb y pr\u00f3xima a la realidad inmediata, en consonancia con su toma de conciencia social.<\/p>\n<p>En tal sentido, Neruda apoy\u00f3 a los republicanos al estallar la guerra civil y escribi\u00f3 Espa\u00f1a en el coraz\u00f3n. Progresivamente sus poemas experimentaron una transici\u00f3n hacia formas herm\u00e9ticas y un tono m\u00e1s sombr\u00edo al percibir el paso del tiempo, el caos y la muerte en la realidad cotidiana.<\/p>\n<p>De regreso en Chile, en 1939 Neruda ingres\u00f3 en el Partido Comunista y su obra experiment\u00f3 un giro hacia la militancia pol\u00edtica que culmin\u00f3 con la exaltaci\u00f3n de los mitos americanos de su Canto general. En 1945 fue el primer poeta en ser galardonado con el Premio Nacional de Literatura de Chile. Al mismo tiempo, desde su esca\u00f1o de senador utiliz\u00f3 su oratoria para denunciar los abusos y las desigualdades del sistema. Tal actitud provoc\u00f3 la persecuci\u00f3n gubernamental y su posterior exilio en Argentina<\/p>\n<p>De all\u00ed pas\u00f3 a M\u00e9xico, y m\u00e1s tarde viaj\u00f3 por la URSS, China y los pa\u00edses de Europa Oriental. Tras este viaje, durante el cual Neruda escribi\u00f3 poemas laudatorios y propagand\u00edsticos y recibi\u00f3 el Premio Lenin de la Paz, volvi\u00f3 a Chile. A partir de entonces, la poes\u00eda de Pablo Neruda inici\u00f3 una nueva etapa en la que la simplicidad formal se correspondi\u00f3 con una gran intensidad l\u00edrica y un tono general de serenidad.<\/p>\n<p>Su prestigio internacional fue reconocido en 1971, a\u00f1o en que se le concedi\u00f3 el Premio Nobel de Literatura. El a\u00f1o anterior Pablo Neruda hab\u00eda renunciado a la candidatura presidencial en favor de Salvador Allende, quien lo nombr\u00f3 poco despu\u00e9s embajador en Par\u00eds. Dos a\u00f1os m\u00e1s tarde, ya gravemente enfermo, regres\u00f3 a Chile.<\/p>\n<p>De publicaci\u00f3n p\u00f3stuma es la autobiograf\u00eda <a href=\"https:\/\/es.wikipedia.org\/wiki\/Confieso_que_he_vivido\" target=\"_blank\" rel=\"noopener\">\u00abConfieso que he vivido\u00bb<\/a>.<\/p><\/blockquote>\n<p>Fuente: Web <a href=\"http:\/\/www.biografiasyvidas.com\" target=\"_blank\" rel=\"noopener noreferrer\">www.biografiasyvidas.com<\/a><\/p>\n<p>La Fundaci\u00f3n Pablo Neruda tiene su sitio web en <a href=\"http:\/\/www.fundacionneruda.org\" target=\"_blank\" rel=\"noopener noreferrer\">www.fundacionneruda.org<\/a> aqu\u00ed podr\u00e1s encontrar\u00a0abundante informaci\u00f3n actualizada del poeta y sus casas museo, archivo fotogr\u00e1fico y cronograma de actividades culturales puestas en marcha por la fundaci\u00f3n.<\/p>\n","protected":false},"excerpt":{"rendered":"<p>Dos poemas maravillosos de un genio de la poes\u00eda contemporanea, Pablo Neruda. Se trata de\u00a0sus poemas XX y XV. Este \u00faltimo en dos versiones, una recitado por Alejandro Sanz y otra versi\u00f3n cantada de Mercedes Sosa. Disfrutadlos!! POEMA XX &#8211; Puedo escribir los versos m\u00e1s tristes esta noche&#8230; POEMA XV &#8211; Me gusta cuando callas&#8230; [&hellip;]<\/p>\n","protected":false},"author":1,"featured_media":2738,"comment_status":"open","ping_status":"closed","sticky":false,"template":"","format":"standard","meta":{"site-container-style":"default","site-container-layout":"default","site-sidebar-layout":"default","disable-article-header":"default","disable-site-header":"default","disable-site-footer":"default","disable-content-area-spacing":"default","_jetpack_newsletter_access":"","_jetpack_dont_email_post_to_subs":false,"_jetpack_newsletter_tier_id":0,"_jetpack_memberships_contains_paywalled_content":false,"_jetpack_feature_clip_id":0,"_jetpack_memberships_contains_paid_content":false,"footnotes":"","jetpack_publicize_message":"","jetpack_publicize_feature_enabled":true,"jetpack_social_post_already_shared":true,"jetpack_social_options":{"image_generator_settings":{"template":"highway","default_image_id":0,"font":"","enabled":false},"version":2},"jetpack_post_was_ever_published":false},"categories":[710],"tags":[680,681,325,570,573],"class_list":["post-1192","post","type-post","status-publish","format-standard","has-post-thumbnail","hentry","category-literatura","tag-alejandro-sanz","tag-mercedes-sosa","tag-noticias-culturales","tag-pablo-neruda","tag-poesia"],"yoast_head":"<!-- This site is optimized with the Yoast SEO plugin v28.4 - https:\/\/yoast.com\/product\/yoast-seo-wordpress\/ -->\n<title>Homenaje a Pablo Neruda - Blog de Rafael Ram\u00edrez<\/title>\n<meta name=\"robots\" content=\"index, follow, max-snippet:-1, max-image-preview:large, max-video-preview:-1\" \/>\n<link rel=\"canonical\" href=\"https:\/\/rafaramirez.org\/blog\/index.php\/2009\/04\/10\/homenaje-a-pablo-neruda\/\" \/>\n<meta property=\"og:locale\" content=\"es_ES\" \/>\n<meta property=\"og:type\" content=\"article\" \/>\n<meta property=\"og:title\" content=\"Homenaje a Pablo Neruda - Blog de Rafael Ram\u00edrez\" \/>\n<meta property=\"og:description\" content=\"Dos poemas maravillosos de un genio de la poes\u00eda contemporanea, Pablo Neruda. Se trata de\u00a0sus poemas XX y XV. Este \u00faltimo en dos versiones, una recitado por Alejandro Sanz y otra versi\u00f3n cantada de Mercedes Sosa. Disfrutadlos!! POEMA XX &#8211; Puedo escribir los versos m\u00e1s tristes esta noche&#8230; POEMA XV &#8211; Me gusta cuando callas&#8230; [&hellip;]\" \/>\n<meta property=\"og:url\" content=\"https:\/\/rafaramirez.org\/blog\/index.php\/2009\/04\/10\/homenaje-a-pablo-neruda\/\" \/>\n<meta property=\"og:site_name\" content=\"Blog de Rafael Ram\u00edrez\" \/>\n<meta property=\"article:published_time\" content=\"2009-04-10T05:53:50+00:00\" \/>\n<meta property=\"article:modified_time\" content=\"2025-11-27T10:53:08+00:00\" \/>\n<meta property=\"og:image\" content=\"https:\/\/rafaramirez.org\/blog\/wp-content\/uploads\/2009\/04\/Neruda-reduc.jpg\" \/>\n\t<meta property=\"og:image:width\" content=\"650\" \/>\n\t<meta property=\"og:image:height\" content=\"418\" \/>\n\t<meta property=\"og:image:type\" content=\"image\/jpeg\" \/>\n<meta name=\"author\" content=\"Rafael Ram\u00edrez\" \/>\n<meta name=\"twitter:card\" content=\"summary_large_image\" \/>\n<meta name=\"twitter:creator\" content=\"@rafaramirez_ok\" \/>\n<meta name=\"twitter:site\" content=\"@rafaramirez_ok\" \/>\n<meta name=\"twitter:label1\" content=\"Escrito por\" \/>\n\t<meta name=\"twitter:data1\" content=\"Rafael Ram\u00edrez\" \/>\n\t<meta name=\"twitter:label2\" content=\"Tiempo de lectura\" \/>\n\t<meta name=\"twitter:data2\" content=\"1 minuto\" \/>\n<script type=\"application\/ld+json\" class=\"yoast-schema-graph\">{\"@context\":\"https:\\\/\\\/schema.org\",\"@graph\":[{\"@type\":\"Article\",\"@id\":\"https:\\\/\\\/rafaramirez.org\\\/blog\\\/index.php\\\/2009\\\/04\\\/10\\\/homenaje-a-pablo-neruda\\\/#article\",\"isPartOf\":{\"@id\":\"https:\\\/\\\/rafaramirez.org\\\/blog\\\/index.php\\\/2009\\\/04\\\/10\\\/homenaje-a-pablo-neruda\\\/\"},\"author\":{\"name\":\"Rafael Ram\u00edrez\",\"@id\":\"https:\\\/\\\/rafaramirez.org\\\/blog\\\/#\\\/schema\\\/person\\\/50f43b6d60c578760d4c17bda54ab6a5\"},\"headline\":\"Homenaje a Pablo Neruda\",\"datePublished\":\"2009-04-10T05:53:50+00:00\",\"dateModified\":\"2025-11-27T10:53:08+00:00\",\"mainEntityOfPage\":{\"@id\":\"https:\\\/\\\/rafaramirez.org\\\/blog\\\/index.php\\\/2009\\\/04\\\/10\\\/homenaje-a-pablo-neruda\\\/\"},\"wordCount\":704,\"commentCount\":2,\"publisher\":{\"@id\":\"https:\\\/\\\/rafaramirez.org\\\/blog\\\/#\\\/schema\\\/person\\\/50f43b6d60c578760d4c17bda54ab6a5\"},\"image\":{\"@id\":\"https:\\\/\\\/rafaramirez.org\\\/blog\\\/index.php\\\/2009\\\/04\\\/10\\\/homenaje-a-pablo-neruda\\\/#primaryimage\"},\"thumbnailUrl\":\"https:\\\/\\\/rafaramirez.org\\\/blog\\\/wp-content\\\/uploads\\\/2009\\\/04\\\/Neruda-reduc.jpg\",\"keywords\":[\"Alejandro Sanz\",\"Mercedes Sosa\",\"noticias culturales\",\"pablo neruda\",\"poes\u00eda\"],\"articleSection\":[\"Literatura\"],\"inLanguage\":\"es\",\"potentialAction\":[{\"@type\":\"CommentAction\",\"name\":\"Comment\",\"target\":[\"https:\\\/\\\/rafaramirez.org\\\/blog\\\/index.php\\\/2009\\\/04\\\/10\\\/homenaje-a-pablo-neruda\\\/#respond\"]}]},{\"@type\":\"WebPage\",\"@id\":\"https:\\\/\\\/rafaramirez.org\\\/blog\\\/index.php\\\/2009\\\/04\\\/10\\\/homenaje-a-pablo-neruda\\\/\",\"url\":\"https:\\\/\\\/rafaramirez.org\\\/blog\\\/index.php\\\/2009\\\/04\\\/10\\\/homenaje-a-pablo-neruda\\\/\",\"name\":\"Homenaje a Pablo Neruda - Blog de Rafael Ram\u00edrez\",\"isPartOf\":{\"@id\":\"https:\\\/\\\/rafaramirez.org\\\/blog\\\/#website\"},\"primaryImageOfPage\":{\"@id\":\"https:\\\/\\\/rafaramirez.org\\\/blog\\\/index.php\\\/2009\\\/04\\\/10\\\/homenaje-a-pablo-neruda\\\/#primaryimage\"},\"image\":{\"@id\":\"https:\\\/\\\/rafaramirez.org\\\/blog\\\/index.php\\\/2009\\\/04\\\/10\\\/homenaje-a-pablo-neruda\\\/#primaryimage\"},\"thumbnailUrl\":\"https:\\\/\\\/rafaramirez.org\\\/blog\\\/wp-content\\\/uploads\\\/2009\\\/04\\\/Neruda-reduc.jpg\",\"datePublished\":\"2009-04-10T05:53:50+00:00\",\"dateModified\":\"2025-11-27T10:53:08+00:00\",\"breadcrumb\":{\"@id\":\"https:\\\/\\\/rafaramirez.org\\\/blog\\\/index.php\\\/2009\\\/04\\\/10\\\/homenaje-a-pablo-neruda\\\/#breadcrumb\"},\"inLanguage\":\"es\",\"potentialAction\":[{\"@type\":\"ReadAction\",\"target\":[\"https:\\\/\\\/rafaramirez.org\\\/blog\\\/index.php\\\/2009\\\/04\\\/10\\\/homenaje-a-pablo-neruda\\\/\"]}]},{\"@type\":\"ImageObject\",\"inLanguage\":\"es\",\"@id\":\"https:\\\/\\\/rafaramirez.org\\\/blog\\\/index.php\\\/2009\\\/04\\\/10\\\/homenaje-a-pablo-neruda\\\/#primaryimage\",\"url\":\"https:\\\/\\\/rafaramirez.org\\\/blog\\\/wp-content\\\/uploads\\\/2009\\\/04\\\/Neruda-reduc.jpg\",\"contentUrl\":\"https:\\\/\\\/rafaramirez.org\\\/blog\\\/wp-content\\\/uploads\\\/2009\\\/04\\\/Neruda-reduc.jpg\",\"width\":650,\"height\":418},{\"@type\":\"BreadcrumbList\",\"@id\":\"https:\\\/\\\/rafaramirez.org\\\/blog\\\/index.php\\\/2009\\\/04\\\/10\\\/homenaje-a-pablo-neruda\\\/#breadcrumb\",\"itemListElement\":[{\"@type\":\"ListItem\",\"position\":1,\"name\":\"Portada\",\"item\":\"https:\\\/\\\/rafaramirez.org\\\/blog\\\/\"},{\"@type\":\"ListItem\",\"position\":2,\"name\":\"Homenaje a Pablo Neruda\"}]},{\"@type\":\"WebSite\",\"@id\":\"https:\\\/\\\/rafaramirez.org\\\/blog\\\/#website\",\"url\":\"https:\\\/\\\/rafaramirez.org\\\/blog\\\/\",\"name\":\"Blog de Rafael Ram\u00edrez\",\"description\":\"Un sitio social, de arte y cultura\",\"publisher\":{\"@id\":\"https:\\\/\\\/rafaramirez.org\\\/blog\\\/#\\\/schema\\\/person\\\/50f43b6d60c578760d4c17bda54ab6a5\"},\"potentialAction\":[{\"@type\":\"SearchAction\",\"target\":{\"@type\":\"EntryPoint\",\"urlTemplate\":\"https:\\\/\\\/rafaramirez.org\\\/blog\\\/?s={search_term_string}\"},\"query-input\":{\"@type\":\"PropertyValueSpecification\",\"valueRequired\":true,\"valueName\":\"search_term_string\"}}],\"inLanguage\":\"es\"},{\"@type\":[\"Person\",\"Organization\"],\"@id\":\"https:\\\/\\\/rafaramirez.org\\\/blog\\\/#\\\/schema\\\/person\\\/50f43b6d60c578760d4c17bda54ab6a5\",\"name\":\"Rafael Ram\u00edrez\",\"image\":{\"@type\":\"ImageObject\",\"inLanguage\":\"es\",\"@id\":\"https:\\\/\\\/rafaramirez.org\\\/blog\\\/wp-content\\\/uploads\\\/2024\\\/09\\\/RR_socialnetwork.jpg\",\"url\":\"https:\\\/\\\/rafaramirez.org\\\/blog\\\/wp-content\\\/uploads\\\/2024\\\/09\\\/RR_socialnetwork.jpg\",\"contentUrl\":\"https:\\\/\\\/rafaramirez.org\\\/blog\\\/wp-content\\\/uploads\\\/2024\\\/09\\\/RR_socialnetwork.jpg\",\"width\":600,\"height\":606,\"caption\":\"Rafael Ram\u00edrez\"},\"logo\":{\"@id\":\"https:\\\/\\\/rafaramirez.org\\\/blog\\\/wp-content\\\/uploads\\\/2024\\\/09\\\/RR_socialnetwork.jpg\"},\"sameAs\":[\"https:\\\/\\\/www.rafaramirez.org\\\/blog\",\"https:\\\/\\\/www.instagram.com\\\/rafaramirez_ok\\\/\",\"https:\\\/\\\/es.pinterest.com\\\/Ramirez_Rafa\\\/\",\"https:\\\/\\\/x.com\\\/rafaramirez_ok\"],\"url\":\"https:\\\/\\\/rafaramirez.org\\\/blog\\\/index.php\\\/author\\\/rafaell_qm6j97da\\\/\"}]}<\/script>\n<!-- \/ Yoast SEO plugin. -->","yoast_head_json":{"title":"Homenaje a Pablo Neruda - Blog de Rafael Ram\u00edrez","robots":{"index":"index","follow":"follow","max-snippet":"max-snippet:-1","max-image-preview":"max-image-preview:large","max-video-preview":"max-video-preview:-1"},"canonical":"https:\/\/rafaramirez.org\/blog\/index.php\/2009\/04\/10\/homenaje-a-pablo-neruda\/","og_locale":"es_ES","og_type":"article","og_title":"Homenaje a Pablo Neruda - Blog de Rafael Ram\u00edrez","og_description":"Dos poemas maravillosos de un genio de la poes\u00eda contemporanea, Pablo Neruda. Se trata de\u00a0sus poemas XX y XV. Este \u00faltimo en dos versiones, una recitado por Alejandro Sanz y otra versi\u00f3n cantada de Mercedes Sosa. Disfrutadlos!! POEMA XX &#8211; Puedo escribir los versos m\u00e1s tristes esta noche&#8230; POEMA XV &#8211; Me gusta cuando callas&#8230; [&hellip;]","og_url":"https:\/\/rafaramirez.org\/blog\/index.php\/2009\/04\/10\/homenaje-a-pablo-neruda\/","og_site_name":"Blog de Rafael Ram\u00edrez","article_published_time":"2009-04-10T05:53:50+00:00","article_modified_time":"2025-11-27T10:53:08+00:00","og_image":[{"width":650,"height":418,"url":"https:\/\/rafaramirez.org\/blog\/wp-content\/uploads\/2009\/04\/Neruda-reduc.jpg","type":"image\/jpeg"}],"author":"Rafael Ram\u00edrez","twitter_card":"summary_large_image","twitter_creator":"@rafaramirez_ok","twitter_site":"@rafaramirez_ok","twitter_misc":{"Escrito por":"Rafael Ram\u00edrez","Tiempo de lectura":"1 minuto"},"schema":{"@context":"https:\/\/schema.org","@graph":[{"@type":"Article","@id":"https:\/\/rafaramirez.org\/blog\/index.php\/2009\/04\/10\/homenaje-a-pablo-neruda\/#article","isPartOf":{"@id":"https:\/\/rafaramirez.org\/blog\/index.php\/2009\/04\/10\/homenaje-a-pablo-neruda\/"},"author":{"name":"Rafael Ram\u00edrez","@id":"https:\/\/rafaramirez.org\/blog\/#\/schema\/person\/50f43b6d60c578760d4c17bda54ab6a5"},"headline":"Homenaje a Pablo Neruda","datePublished":"2009-04-10T05:53:50+00:00","dateModified":"2025-11-27T10:53:08+00:00","mainEntityOfPage":{"@id":"https:\/\/rafaramirez.org\/blog\/index.php\/2009\/04\/10\/homenaje-a-pablo-neruda\/"},"wordCount":704,"commentCount":2,"publisher":{"@id":"https:\/\/rafaramirez.org\/blog\/#\/schema\/person\/50f43b6d60c578760d4c17bda54ab6a5"},"image":{"@id":"https:\/\/rafaramirez.org\/blog\/index.php\/2009\/04\/10\/homenaje-a-pablo-neruda\/#primaryimage"},"thumbnailUrl":"https:\/\/rafaramirez.org\/blog\/wp-content\/uploads\/2009\/04\/Neruda-reduc.jpg","keywords":["Alejandro Sanz","Mercedes Sosa","noticias culturales","pablo neruda","poes\u00eda"],"articleSection":["Literatura"],"inLanguage":"es","potentialAction":[{"@type":"CommentAction","name":"Comment","target":["https:\/\/rafaramirez.org\/blog\/index.php\/2009\/04\/10\/homenaje-a-pablo-neruda\/#respond"]}]},{"@type":"WebPage","@id":"https:\/\/rafaramirez.org\/blog\/index.php\/2009\/04\/10\/homenaje-a-pablo-neruda\/","url":"https:\/\/rafaramirez.org\/blog\/index.php\/2009\/04\/10\/homenaje-a-pablo-neruda\/","name":"Homenaje a Pablo Neruda - Blog de Rafael Ram\u00edrez","isPartOf":{"@id":"https:\/\/rafaramirez.org\/blog\/#website"},"primaryImageOfPage":{"@id":"https:\/\/rafaramirez.org\/blog\/index.php\/2009\/04\/10\/homenaje-a-pablo-neruda\/#primaryimage"},"image":{"@id":"https:\/\/rafaramirez.org\/blog\/index.php\/2009\/04\/10\/homenaje-a-pablo-neruda\/#primaryimage"},"thumbnailUrl":"https:\/\/rafaramirez.org\/blog\/wp-content\/uploads\/2009\/04\/Neruda-reduc.jpg","datePublished":"2009-04-10T05:53:50+00:00","dateModified":"2025-11-27T10:53:08+00:00","breadcrumb":{"@id":"https:\/\/rafaramirez.org\/blog\/index.php\/2009\/04\/10\/homenaje-a-pablo-neruda\/#breadcrumb"},"inLanguage":"es","potentialAction":[{"@type":"ReadAction","target":["https:\/\/rafaramirez.org\/blog\/index.php\/2009\/04\/10\/homenaje-a-pablo-neruda\/"]}]},{"@type":"ImageObject","inLanguage":"es","@id":"https:\/\/rafaramirez.org\/blog\/index.php\/2009\/04\/10\/homenaje-a-pablo-neruda\/#primaryimage","url":"https:\/\/rafaramirez.org\/blog\/wp-content\/uploads\/2009\/04\/Neruda-reduc.jpg","contentUrl":"https:\/\/rafaramirez.org\/blog\/wp-content\/uploads\/2009\/04\/Neruda-reduc.jpg","width":650,"height":418},{"@type":"BreadcrumbList","@id":"https:\/\/rafaramirez.org\/blog\/index.php\/2009\/04\/10\/homenaje-a-pablo-neruda\/#breadcrumb","itemListElement":[{"@type":"ListItem","position":1,"name":"Portada","item":"https:\/\/rafaramirez.org\/blog\/"},{"@type":"ListItem","position":2,"name":"Homenaje a Pablo Neruda"}]},{"@type":"WebSite","@id":"https:\/\/rafaramirez.org\/blog\/#website","url":"https:\/\/rafaramirez.org\/blog\/","name":"Blog de Rafael Ram\u00edrez","description":"Un sitio social, de arte y cultura","publisher":{"@id":"https:\/\/rafaramirez.org\/blog\/#\/schema\/person\/50f43b6d60c578760d4c17bda54ab6a5"},"potentialAction":[{"@type":"SearchAction","target":{"@type":"EntryPoint","urlTemplate":"https:\/\/rafaramirez.org\/blog\/?s={search_term_string}"},"query-input":{"@type":"PropertyValueSpecification","valueRequired":true,"valueName":"search_term_string"}}],"inLanguage":"es"},{"@type":["Person","Organization"],"@id":"https:\/\/rafaramirez.org\/blog\/#\/schema\/person\/50f43b6d60c578760d4c17bda54ab6a5","name":"Rafael Ram\u00edrez","image":{"@type":"ImageObject","inLanguage":"es","@id":"https:\/\/rafaramirez.org\/blog\/wp-content\/uploads\/2024\/09\/RR_socialnetwork.jpg","url":"https:\/\/rafaramirez.org\/blog\/wp-content\/uploads\/2024\/09\/RR_socialnetwork.jpg","contentUrl":"https:\/\/rafaramirez.org\/blog\/wp-content\/uploads\/2024\/09\/RR_socialnetwork.jpg","width":600,"height":606,"caption":"Rafael Ram\u00edrez"},"logo":{"@id":"https:\/\/rafaramirez.org\/blog\/wp-content\/uploads\/2024\/09\/RR_socialnetwork.jpg"},"sameAs":["https:\/\/www.rafaramirez.org\/blog","https:\/\/www.instagram.com\/rafaramirez_ok\/","https:\/\/es.pinterest.com\/Ramirez_Rafa\/","https:\/\/x.com\/rafaramirez_ok"],"url":"https:\/\/rafaramirez.org\/blog\/index.php\/author\/rafaell_qm6j97da\/"}]}},"jetpack_publicize_connections":[],"jetpack_sharing_enabled":true,"jetpack_likes_enabled":true,"jetpack_featured_media_url":"https:\/\/rafaramirez.org\/blog\/wp-content\/uploads\/2009\/04\/Neruda-reduc.jpg","_links":{"self":[{"href":"https:\/\/rafaramirez.org\/blog\/index.php\/wp-json\/wp\/v2\/posts\/1192","targetHints":{"allow":["GET"]}}],"collection":[{"href":"https:\/\/rafaramirez.org\/blog\/index.php\/wp-json\/wp\/v2\/posts"}],"about":[{"href":"https:\/\/rafaramirez.org\/blog\/index.php\/wp-json\/wp\/v2\/types\/post"}],"author":[{"embeddable":true,"href":"https:\/\/rafaramirez.org\/blog\/index.php\/wp-json\/wp\/v2\/users\/1"}],"replies":[{"embeddable":true,"href":"https:\/\/rafaramirez.org\/blog\/index.php\/wp-json\/wp\/v2\/comments?post=1192"}],"version-history":[{"count":4,"href":"https:\/\/rafaramirez.org\/blog\/index.php\/wp-json\/wp\/v2\/posts\/1192\/revisions"}],"predecessor-version":[{"id":11304,"href":"https:\/\/rafaramirez.org\/blog\/index.php\/wp-json\/wp\/v2\/posts\/1192\/revisions\/11304"}],"wp:featuredmedia":[{"embeddable":true,"href":"https:\/\/rafaramirez.org\/blog\/index.php\/wp-json\/wp\/v2\/media\/2738"}],"wp:attachment":[{"href":"https:\/\/rafaramirez.org\/blog\/index.php\/wp-json\/wp\/v2\/media?parent=1192"}],"wp:term":[{"taxonomy":"category","embeddable":true,"href":"https:\/\/rafaramirez.org\/blog\/index.php\/wp-json\/wp\/v2\/categories?post=1192"},{"taxonomy":"post_tag","embeddable":true,"href":"https:\/\/rafaramirez.org\/blog\/index.php\/wp-json\/wp\/v2\/tags?post=1192"}],"curies":[{"name":"wp","href":"https:\/\/api.w.org\/{rel}","templated":true}]}}