{"id":11383,"date":"2025-12-31T08:00:56","date_gmt":"2025-12-31T07:00:56","guid":{"rendered":"https:\/\/rafaramirez.org\/blog\/?p=11383"},"modified":"2025-12-04T13:16:46","modified_gmt":"2025-12-04T12:16:46","slug":"nochevieja-2025-en-espana-y-el-mundo","status":"publish","type":"post","link":"https:\/\/rafaramirez.org\/blog\/index.php\/2025\/12\/31\/nochevieja-2025-en-espana-y-el-mundo\/","title":{"rendered":"Nochevieja 2025 en Espa\u00f1a y m\u00e1s all\u00e1: c\u00f3mo el mundo despide el a\u00f1o."},"content":{"rendered":"<p>La Nochevieja, tambi\u00e9n conocida como la v\u00edspera de A\u00f1o Nuevo, marca el final de un a\u00f1o y el comienzo de otro. En Espa\u00f1a, esta celebraci\u00f3n est\u00e1 llena de simbolismo: se despide el a\u00f1o comiendo las doce uvas de la suerte y se da la bienvenida al nuevo con fiestas, rituales y esperanza. En otros pa\u00edses, las tradiciones var\u00edan desde saltar olas en Brasil hasta romper platos en Dinamarca, lo que muestra la diversidad cultural del mundo.<\/p>\n<p>A continuaci\u00f3n, te muestro algunas de las costumbres m\u00e1s destacadas en Espa\u00f1a.<\/p>\n<ul>\n<li>La tradici\u00f3n de comer 12 uvas a medianoche: se cree que comer 12 uvas al ritmo de las campanadas trae buena suerte para el a\u00f1o nuevo.<\/li>\n<li>Fiestas y cotillones: muchas personas asisten a fiestas conocidas como cotillones, donde se baila, se canta y se celebra hasta altas horas de la madrugada.<\/li>\n<li>Brindar con cava: es costumbre brindar con este vino espumoso espa\u00f1ol para dar la bienvenida al a\u00f1o nuevo.<\/li>\n<li>Llevar ropa interior roja: se cree que llevar ropa interior roja en Nochevieja trae buena suerte y amor en el a\u00f1o que comienza.<\/li>\n<li>Los fuegos artificiales anuncian la llegada del nuevo a\u00f1o en muchas ciudades.<\/li>\n<\/ul>\n<figure id=\"attachment_11387\" aria-describedby=\"caption-attachment-11387\" style=\"width: 300px\" class=\"wp-caption aligncenter\"><a href=\"https:\/\/rafaramirez.org\/blog\/wp-content\/uploads\/2025\/12\/Nochevieja-2025_1.jpg\" target=\"_blank\" rel=\"noopener\"><img loading=\"lazy\" decoding=\"async\" class=\"wp-image-11387 size-medium\" src=\"https:\/\/rafaramirez.org\/blog\/wp-content\/uploads\/2025\/12\/Nochevieja-2025_1-300x200.jpg\" alt=\"Nochevieja: 31 de diciembre de 2025. Blog de Rafael Ram\u00edrez.\" width=\"300\" height=\"200\" srcset=\"https:\/\/rafaramirez.org\/blog\/wp-content\/uploads\/2025\/12\/Nochevieja-2025_1-300x200.jpg 300w, https:\/\/rafaramirez.org\/blog\/wp-content\/uploads\/2025\/12\/Nochevieja-2025_1-768x512.jpg 768w, https:\/\/rafaramirez.org\/blog\/wp-content\/uploads\/2025\/12\/Nochevieja-2025_1.jpg 1024w\" sizes=\"auto, (max-width: 300px) 100vw, 300px\" \/><\/a><figcaption id=\"caption-attachment-11387\" class=\"wp-caption-text\">Nochevieja: 31 de diciembre de 2025. Blog de Rafael Ram\u00edrez.<\/figcaption><\/figure>\n<h3>Or\u00edgenes de esta celebraci\u00f3n.<\/h3>\n<p>La celebraci\u00f3n de Nochevieja tiene ra\u00edces profundas y variadas. A continuaci\u00f3n, te proporciono algunos datos interesantes sobre sus or\u00edgenes:<\/p>\n<ul>\n<li>En la antigua Babilonia, las primeras festividades de A\u00f1o Nuevo de las que se tienen registros datan de hace unos 4000 a\u00f1os. Se trataba de un festival religioso llamado Akitu que se celebraba a finales de marzo.<\/li>\n<li>En el Imperio romano se rend\u00eda homenaje al dios Janus, relacionado con el mes de enero. Janus ten\u00eda dos rostros: uno viejo que miraba al pasado y otro joven que miraba al futuro.<\/li>\n<li>El calendario romano primitivo constaba de diez meses y 304 d\u00edas, y cada nuevo a\u00f1o comenzaba en el equinoccio de primavera. En el a\u00f1o 46 a. C., el emperador Julio C\u00e9sar introdujo el calendario juliano, muy similar al calendario gregoriano actual, estableciendo el 1 de enero como el primer d\u00eda del a\u00f1o.<\/li>\n<li>Tradiciones espa\u00f1olas: la tradici\u00f3n de tomar las uvas de la suerte se inici\u00f3 en Espa\u00f1a en 1909, debido a un excedente de uva en la cosecha de Alicante. Cada uva representa un mes del a\u00f1o y hay que com\u00e9rsela con cada una de las campanadas del reloj.<\/li>\n<li>Otra teor\u00eda sugiere que esta costumbre se origin\u00f3 en Madrid en 1880 como s\u00e1tira hacia la burgues\u00eda, que celebraba con champ\u00e1n y uvas.<\/li>\n<\/ul>\n<p>Con el paso del tiempo, esta celebraci\u00f3n ha evolucionado y se ha adaptado a diferentes culturas y tradiciones, pero siempre ha mantenido su esp\u00edritu de celebraci\u00f3n y renovaci\u00f3n.<\/p>\n<figure id=\"attachment_11388\" aria-describedby=\"caption-attachment-11388\" style=\"width: 300px\" class=\"wp-caption aligncenter\"><a href=\"https:\/\/rafaramirez.org\/blog\/wp-content\/uploads\/2025\/12\/Nochevieja-2025_3.jpg\" target=\"_blank\" rel=\"noopener\"><img loading=\"lazy\" decoding=\"async\" class=\"wp-image-11388 size-medium\" src=\"https:\/\/rafaramirez.org\/blog\/wp-content\/uploads\/2025\/12\/Nochevieja-2025_3-300x300.jpg\" alt=\"Nochevieja: 31 de diciembre de 2025. Blog de Rafael Ram\u00edrez.\" width=\"300\" height=\"300\" srcset=\"https:\/\/rafaramirez.org\/blog\/wp-content\/uploads\/2025\/12\/Nochevieja-2025_3-300x300.jpg 300w, https:\/\/rafaramirez.org\/blog\/wp-content\/uploads\/2025\/12\/Nochevieja-2025_3-150x150.jpg 150w, https:\/\/rafaramirez.org\/blog\/wp-content\/uploads\/2025\/12\/Nochevieja-2025_3-768x768.jpg 768w, https:\/\/rafaramirez.org\/blog\/wp-content\/uploads\/2025\/12\/Nochevieja-2025_3.jpg 850w\" sizes=\"auto, (max-width: 300px) 100vw, 300px\" \/><\/a><figcaption id=\"caption-attachment-11388\" class=\"wp-caption-text\">Nochevieja: 31 de diciembre de 2025. Blog de Rafael Ram\u00edrez.<\/figcaption><\/figure>\n<h3>C\u00f3mo se celebra la Nochevieja en otros pa\u00edses.<\/h3>\n<p>La Nochevieja se celebra de diversas maneras en todo el mundo. A continuaci\u00f3n, te presento algunas tradiciones interesantes:<\/p>\n<ul>\n<li>En Estados Unidos, en la ciudad de Nueva York, la famosa bola de Times Square desciende a medianoche, marcando el inicio del nuevo a\u00f1o. Millones de personas se re\u00fanen para presenciar este acontecimiento en persona o a trav\u00e9s de la televisi\u00f3n.<\/li>\n<li>En el Reino Unido, la gente se congrega alrededor del Big Ben para escuchar las campanadas de medianoche. Los fuegos artificiales sobre el r\u00edo T\u00e1mesis son un espect\u00e1culo impresionante.<\/li>\n<li>En Jap\u00f3n, la Nochevieja, conocida como \u014cmisoka, es un momento para limpiar la casa y prepararse para el nuevo a\u00f1o. A medianoche, muchas personas visitan templos budistas para tocar las campanas 108 veces, un ritual que simboliza la purificaci\u00f3n de los pecados.<\/li>\n<li>En Brasil, la playa de Copacabana se llena de gente vestida de blanco, un color que simboliza la paz. Los fuegos artificiales y la m\u00fasica en directo son parte esencial de la celebraci\u00f3n. Tambi\u00e9n es tradici\u00f3n saltar siete olas en la playa para atraer la suerte y la prosperidad.<\/li>\n<li>En M\u00e9xico y otros pa\u00edses latinoamericanos se queman mu\u00f1ecos de trapo que simbolizan los malos recuerdos.<\/li>\n<li>En Australia, S\u00eddney es famosa por sus espectaculares fuegos artificiales sobre el puerto, con la \u00d3pera de S\u00eddney y el Puente del Puerto como tel\u00f3n de fondo.<\/li>\n<li>Nueva Zelanda: es uno de los primeros pa\u00edses en recibir el A\u00f1o Nuevo y se celebran grandes fiestas y conciertos.<\/li>\n<li>En Dinamarca, la tradici\u00f3n consiste en romper platos viejos en las puertas de amigos y familiares para atraer la buena suerte. Tambi\u00e9n saltan desde una silla a medianoche para \u00absaltar\u00bb al nuevo a\u00f1o.<\/li>\n<li>En Rusia, la celebraci\u00f3n incluye una cena festiva y la apertura de regalos. A medianoche, las familias suelen ver el discurso del presidente y despu\u00e9s salen a ver los fuegos artificiales.<\/li>\n<\/ul>\n<p>Cada pa\u00eds tiene sus propias costumbres y tradiciones, lo que hace que la Nochevieja sea una celebraci\u00f3n \u00fanica y diversa en todo el mundo.<\/p>\n<figure id=\"attachment_11389\" aria-describedby=\"caption-attachment-11389\" style=\"width: 300px\" class=\"wp-caption aligncenter\"><a href=\"https:\/\/rafaramirez.org\/blog\/wp-content\/uploads\/2025\/12\/Nochevieja-2025_2.jpg\" target=\"_blank\" rel=\"noopener\"><img loading=\"lazy\" decoding=\"async\" class=\"wp-image-11389 size-medium\" src=\"https:\/\/rafaramirez.org\/blog\/wp-content\/uploads\/2025\/12\/Nochevieja-2025_2-300x200.jpg\" alt=\"Nochevieja: 31 de diciembre de 2025. Blog de Rafael Ram\u00edrez.\" width=\"300\" height=\"200\" srcset=\"https:\/\/rafaramirez.org\/blog\/wp-content\/uploads\/2025\/12\/Nochevieja-2025_2-300x200.jpg 300w, https:\/\/rafaramirez.org\/blog\/wp-content\/uploads\/2025\/12\/Nochevieja-2025_2-768x512.jpg 768w, https:\/\/rafaramirez.org\/blog\/wp-content\/uploads\/2025\/12\/Nochevieja-2025_2.jpg 1024w\" sizes=\"auto, (max-width: 300px) 100vw, 300px\" \/><\/a><figcaption id=\"caption-attachment-11389\" class=\"wp-caption-text\">Nochevieja: 31 de diciembre de 2025. Blog de Rafael Ram\u00edrez.<\/figcaption><\/figure>\n<p>En definitiva, la Nochevieja es importante porque simboliza el final de un ciclo y el comienzo de otro. Es una oportunidad para reflexionar sobre el a\u00f1o que termina, celebrar los logros alcanzados y aprender de las experiencias vividas. Tambi\u00e9n es un momento para renovar esperanzas y marcarse nuevos prop\u00f3sitos para el a\u00f1o que comienza. Adem\u00e1s, esta celebraci\u00f3n fortalece los lazos sociales y familiares, ya que muchas personas se re\u00fanen con sus seres queridos para compartir este momento especial.<\/p>\n<p>La Nochevieja es mucho m\u00e1s que una fiesta: es un ritual de transici\u00f3n en el que se mezclan la nostalgia por lo vivido y la ilusi\u00f3n por lo que vendr\u00e1. En Espa\u00f1a, las uvas marcan ese instante m\u00e1gico de comuni\u00f3n, mientras que en otros pa\u00edses las tradiciones var\u00edan, pero todos comparten la misma esencia: cerrar un ciclo y abrir otro con esperanza.<\/p>\n<p>M\u00e1s informaci\u00f3n:<\/p>\n<ul>\n<li><a href=\"https:\/\/es.wikipedia.org\/wiki\/Nochevieja\" target=\"_blank\" rel=\"noopener\">Nochevieja &#8211; Wikipedia, la enciclopedia libre<\/a>.<\/li>\n<li><a href=\"https:\/\/historia.nationalgeographic.com.es\/a\/nochevieja-su-origen-actualidad-celebracion-paso-tiempo_22852\" target=\"_blank\" rel=\"noopener\">Nochevieja, de su origen a la actualidad: una celebraci\u00f3n del paso del tiempo<\/a>.<\/li>\n<li><a href=\"https:\/\/rafaramirez.org\/blog\/index.php\/category\/arte\/efemerides\/\" target=\"_blank\" rel=\"noopener\">Otras efem\u00e9rides<\/a>.<\/li>\n<\/ul>\n","protected":false},"excerpt":{"rendered":"<p>La Nochevieja, tambi\u00e9n conocida como la v\u00edspera de A\u00f1o Nuevo, marca el final de un a\u00f1o y el comienzo de otro. En Espa\u00f1a, esta celebraci\u00f3n est\u00e1 llena de simbolismo: se despide el a\u00f1o comiendo las doce uvas de la suerte y se da la bienvenida al nuevo con fiestas, rituales y esperanza. En otros pa\u00edses, [&hellip;]<\/p>\n","protected":false},"author":1,"featured_media":11386,"comment_status":"open","ping_status":"closed","sticky":false,"template":"","format":"standard","meta":{"site-container-style":"default","site-container-layout":"default","site-sidebar-layout":"default","disable-article-header":"default","disable-site-header":"default","disable-site-footer":"default","disable-content-area-spacing":"default","_jetpack_newsletter_access":"","_jetpack_dont_email_post_to_subs":false,"_jetpack_newsletter_tier_id":0,"_jetpack_memberships_contains_paywalled_content":false,"_jetpack_feature_clip_id":0,"_jetpack_memberships_contains_paid_content":false,"footnotes":"","jetpack_publicize_message":"","jetpack_publicize_feature_enabled":true,"jetpack_social_post_already_shared":true,"jetpack_social_options":{"image_generator_settings":{"template":"highway","default_image_id":0,"font":"","enabled":false},"version":2},"jetpack_post_was_ever_published":false},"categories":[1291],"tags":[3914,3912,1323,3873,3913,3916,3911,3915],"class_list":["post-11383","post","type-post","status-publish","format-standard","has-post-thumbnail","hentry","category-efemerides","tag-31-de-diciembre","tag-celebracion-de-la-nochevieja","tag-efemerides","tag-efemerides-en-diciembre","tag-historia-de-la-nochevieja","tag-la-nochevieja-en-el-mundo","tag-nochevieja","tag-origenes-de-la-nochevieja"],"yoast_head":"<!-- This site is optimized with the Yoast SEO plugin v28.3 - https:\/\/yoast.com\/product\/yoast-seo-wordpress\/ -->\n<title>Nochevieja 2025 en Espa\u00f1a y m\u00e1s all\u00e1: c\u00f3mo el mundo despide el a\u00f1o. - Blog de Rafael Ram\u00edrez<\/title>\n<meta name=\"description\" content=\"La Nochevieja, tambi\u00e9n conocida como la v\u00edspera de A\u00f1o Nuevo, marca el final de un a\u00f1o y el comienzo de otro. En Espa\u00f1a, esta celebraci\u00f3n\" \/>\n<meta name=\"robots\" content=\"index, follow, max-snippet:-1, max-image-preview:large, max-video-preview:-1\" \/>\n<link rel=\"canonical\" href=\"https:\/\/rafaramirez.org\/blog\/index.php\/2025\/12\/31\/nochevieja-2025-en-espana-y-el-mundo\/\" \/>\n<meta property=\"og:locale\" content=\"es_ES\" \/>\n<meta property=\"og:type\" content=\"article\" \/>\n<meta property=\"og:title\" content=\"Nochevieja 2025 en Espa\u00f1a y m\u00e1s all\u00e1: c\u00f3mo el mundo despide el a\u00f1o. - Blog de Rafael Ram\u00edrez\" \/>\n<meta property=\"og:description\" content=\"La Nochevieja, tambi\u00e9n conocida como la v\u00edspera de A\u00f1o Nuevo, marca el final de un a\u00f1o y el comienzo de otro. En Espa\u00f1a, esta celebraci\u00f3n\" \/>\n<meta property=\"og:url\" content=\"https:\/\/rafaramirez.org\/blog\/index.php\/2025\/12\/31\/nochevieja-2025-en-espana-y-el-mundo\/\" \/>\n<meta property=\"og:site_name\" content=\"Blog de Rafael Ram\u00edrez\" \/>\n<meta property=\"article:published_time\" content=\"2025-12-31T07:00:56+00:00\" \/>\n<meta property=\"og:image\" content=\"https:\/\/rafaramirez.org\/blog\/wp-content\/uploads\/2025\/12\/Nochevieja-2025_bannerlog.jpg\" \/>\n\t<meta property=\"og:image:width\" content=\"720\" \/>\n\t<meta property=\"og:image:height\" content=\"440\" \/>\n\t<meta property=\"og:image:type\" content=\"image\/jpeg\" \/>\n<meta name=\"author\" content=\"Rafael Ram\u00edrez\" \/>\n<meta name=\"twitter:card\" content=\"summary_large_image\" \/>\n<meta name=\"twitter:creator\" content=\"@rafaramirez_ok\" \/>\n<meta name=\"twitter:site\" content=\"@rafaramirez_ok\" \/>\n<meta name=\"twitter:label1\" content=\"Escrito por\" \/>\n\t<meta name=\"twitter:data1\" content=\"Rafael Ram\u00edrez\" \/>\n\t<meta name=\"twitter:label2\" content=\"Tiempo de lectura\" \/>\n\t<meta name=\"twitter:data2\" content=\"6 minutos\" \/>\n<script type=\"application\/ld+json\" class=\"yoast-schema-graph\">{\"@context\":\"https:\\\/\\\/schema.org\",\"@graph\":[{\"@type\":\"Article\",\"@id\":\"https:\\\/\\\/rafaramirez.org\\\/blog\\\/index.php\\\/2025\\\/12\\\/31\\\/nochevieja-2025-en-espana-y-el-mundo\\\/#article\",\"isPartOf\":{\"@id\":\"https:\\\/\\\/rafaramirez.org\\\/blog\\\/index.php\\\/2025\\\/12\\\/31\\\/nochevieja-2025-en-espana-y-el-mundo\\\/\"},\"author\":{\"name\":\"Rafael Ram\u00edrez\",\"@id\":\"https:\\\/\\\/rafaramirez.org\\\/blog\\\/#\\\/schema\\\/person\\\/50f43b6d60c578760d4c17bda54ab6a5\"},\"headline\":\"Nochevieja 2025 en Espa\u00f1a y m\u00e1s all\u00e1: c\u00f3mo el mundo despide el a\u00f1o.\",\"datePublished\":\"2025-12-31T07:00:56+00:00\",\"mainEntityOfPage\":{\"@id\":\"https:\\\/\\\/rafaramirez.org\\\/blog\\\/index.php\\\/2025\\\/12\\\/31\\\/nochevieja-2025-en-espana-y-el-mundo\\\/\"},\"wordCount\":1089,\"commentCount\":0,\"publisher\":{\"@id\":\"https:\\\/\\\/rafaramirez.org\\\/blog\\\/#\\\/schema\\\/person\\\/50f43b6d60c578760d4c17bda54ab6a5\"},\"image\":{\"@id\":\"https:\\\/\\\/rafaramirez.org\\\/blog\\\/index.php\\\/2025\\\/12\\\/31\\\/nochevieja-2025-en-espana-y-el-mundo\\\/#primaryimage\"},\"thumbnailUrl\":\"https:\\\/\\\/rafaramirez.org\\\/blog\\\/wp-content\\\/uploads\\\/2025\\\/12\\\/Nochevieja-2025_bannerlog.jpg\",\"keywords\":[\"31 de diciembre\",\"Celebraci\u00f3n de la Nochevieja\",\"efem\u00e9rides\",\"efem\u00e9rides en diciembre\",\"Historia de la Nochevieja\",\"la Nochevieja en el mundo\",\"Nochevieja\",\"Or\u00edgenes de la Nochevieja\"],\"articleSection\":[\"Efem\u00e9rides\"],\"inLanguage\":\"es\",\"potentialAction\":[{\"@type\":\"CommentAction\",\"name\":\"Comment\",\"target\":[\"https:\\\/\\\/rafaramirez.org\\\/blog\\\/index.php\\\/2025\\\/12\\\/31\\\/nochevieja-2025-en-espana-y-el-mundo\\\/#respond\"]}]},{\"@type\":\"WebPage\",\"@id\":\"https:\\\/\\\/rafaramirez.org\\\/blog\\\/index.php\\\/2025\\\/12\\\/31\\\/nochevieja-2025-en-espana-y-el-mundo\\\/\",\"url\":\"https:\\\/\\\/rafaramirez.org\\\/blog\\\/index.php\\\/2025\\\/12\\\/31\\\/nochevieja-2025-en-espana-y-el-mundo\\\/\",\"name\":\"Nochevieja 2025 en Espa\u00f1a y m\u00e1s all\u00e1: c\u00f3mo el mundo despide el a\u00f1o. - Blog de Rafael Ram\u00edrez\",\"isPartOf\":{\"@id\":\"https:\\\/\\\/rafaramirez.org\\\/blog\\\/#website\"},\"primaryImageOfPage\":{\"@id\":\"https:\\\/\\\/rafaramirez.org\\\/blog\\\/index.php\\\/2025\\\/12\\\/31\\\/nochevieja-2025-en-espana-y-el-mundo\\\/#primaryimage\"},\"image\":{\"@id\":\"https:\\\/\\\/rafaramirez.org\\\/blog\\\/index.php\\\/2025\\\/12\\\/31\\\/nochevieja-2025-en-espana-y-el-mundo\\\/#primaryimage\"},\"thumbnailUrl\":\"https:\\\/\\\/rafaramirez.org\\\/blog\\\/wp-content\\\/uploads\\\/2025\\\/12\\\/Nochevieja-2025_bannerlog.jpg\",\"datePublished\":\"2025-12-31T07:00:56+00:00\",\"description\":\"La Nochevieja, tambi\u00e9n conocida como la v\u00edspera de A\u00f1o Nuevo, marca el final de un a\u00f1o y el comienzo de otro. En Espa\u00f1a, esta celebraci\u00f3n\",\"breadcrumb\":{\"@id\":\"https:\\\/\\\/rafaramirez.org\\\/blog\\\/index.php\\\/2025\\\/12\\\/31\\\/nochevieja-2025-en-espana-y-el-mundo\\\/#breadcrumb\"},\"inLanguage\":\"es\",\"potentialAction\":[{\"@type\":\"ReadAction\",\"target\":[\"https:\\\/\\\/rafaramirez.org\\\/blog\\\/index.php\\\/2025\\\/12\\\/31\\\/nochevieja-2025-en-espana-y-el-mundo\\\/\"]}]},{\"@type\":\"ImageObject\",\"inLanguage\":\"es\",\"@id\":\"https:\\\/\\\/rafaramirez.org\\\/blog\\\/index.php\\\/2025\\\/12\\\/31\\\/nochevieja-2025-en-espana-y-el-mundo\\\/#primaryimage\",\"url\":\"https:\\\/\\\/rafaramirez.org\\\/blog\\\/wp-content\\\/uploads\\\/2025\\\/12\\\/Nochevieja-2025_bannerlog.jpg\",\"contentUrl\":\"https:\\\/\\\/rafaramirez.org\\\/blog\\\/wp-content\\\/uploads\\\/2025\\\/12\\\/Nochevieja-2025_bannerlog.jpg\",\"width\":720,\"height\":440,\"caption\":\"Nochevieja 2025 en Espa\u00f1a y m\u00e1s all\u00e1: c\u00f3mo el mundo despide el a\u00f1o. Blog de Rafael Ram\u00edrez.\"},{\"@type\":\"BreadcrumbList\",\"@id\":\"https:\\\/\\\/rafaramirez.org\\\/blog\\\/index.php\\\/2025\\\/12\\\/31\\\/nochevieja-2025-en-espana-y-el-mundo\\\/#breadcrumb\",\"itemListElement\":[{\"@type\":\"ListItem\",\"position\":1,\"name\":\"Portada\",\"item\":\"https:\\\/\\\/rafaramirez.org\\\/blog\\\/\"},{\"@type\":\"ListItem\",\"position\":2,\"name\":\"Nochevieja 2025 en Espa\u00f1a y m\u00e1s all\u00e1: c\u00f3mo el mundo despide el a\u00f1o.\"}]},{\"@type\":\"WebSite\",\"@id\":\"https:\\\/\\\/rafaramirez.org\\\/blog\\\/#website\",\"url\":\"https:\\\/\\\/rafaramirez.org\\\/blog\\\/\",\"name\":\"Blog de Rafael Ram\u00edrez\",\"description\":\"Un sitio social, de arte y cultura\",\"publisher\":{\"@id\":\"https:\\\/\\\/rafaramirez.org\\\/blog\\\/#\\\/schema\\\/person\\\/50f43b6d60c578760d4c17bda54ab6a5\"},\"potentialAction\":[{\"@type\":\"SearchAction\",\"target\":{\"@type\":\"EntryPoint\",\"urlTemplate\":\"https:\\\/\\\/rafaramirez.org\\\/blog\\\/?s={search_term_string}\"},\"query-input\":{\"@type\":\"PropertyValueSpecification\",\"valueRequired\":true,\"valueName\":\"search_term_string\"}}],\"inLanguage\":\"es\"},{\"@type\":[\"Person\",\"Organization\"],\"@id\":\"https:\\\/\\\/rafaramirez.org\\\/blog\\\/#\\\/schema\\\/person\\\/50f43b6d60c578760d4c17bda54ab6a5\",\"name\":\"Rafael Ram\u00edrez\",\"image\":{\"@type\":\"ImageObject\",\"inLanguage\":\"es\",\"@id\":\"https:\\\/\\\/rafaramirez.org\\\/blog\\\/wp-content\\\/uploads\\\/2024\\\/09\\\/RR_socialnetwork.jpg\",\"url\":\"https:\\\/\\\/rafaramirez.org\\\/blog\\\/wp-content\\\/uploads\\\/2024\\\/09\\\/RR_socialnetwork.jpg\",\"contentUrl\":\"https:\\\/\\\/rafaramirez.org\\\/blog\\\/wp-content\\\/uploads\\\/2024\\\/09\\\/RR_socialnetwork.jpg\",\"width\":600,\"height\":606,\"caption\":\"Rafael Ram\u00edrez\"},\"logo\":{\"@id\":\"https:\\\/\\\/rafaramirez.org\\\/blog\\\/wp-content\\\/uploads\\\/2024\\\/09\\\/RR_socialnetwork.jpg\"},\"sameAs\":[\"https:\\\/\\\/www.rafaramirez.org\\\/blog\",\"https:\\\/\\\/www.instagram.com\\\/rafaramirez_ok\\\/\",\"https:\\\/\\\/es.pinterest.com\\\/Ramirez_Rafa\\\/\",\"https:\\\/\\\/x.com\\\/rafaramirez_ok\"],\"url\":\"https:\\\/\\\/rafaramirez.org\\\/blog\\\/index.php\\\/author\\\/rafaell_qm6j97da\\\/\"}]}<\/script>\n<!-- \/ Yoast SEO plugin. -->","yoast_head_json":{"title":"Nochevieja 2025 en Espa\u00f1a y m\u00e1s all\u00e1: c\u00f3mo el mundo despide el a\u00f1o. - Blog de Rafael Ram\u00edrez","description":"La Nochevieja, tambi\u00e9n conocida como la v\u00edspera de A\u00f1o Nuevo, marca el final de un a\u00f1o y el comienzo de otro. En Espa\u00f1a, esta celebraci\u00f3n","robots":{"index":"index","follow":"follow","max-snippet":"max-snippet:-1","max-image-preview":"max-image-preview:large","max-video-preview":"max-video-preview:-1"},"canonical":"https:\/\/rafaramirez.org\/blog\/index.php\/2025\/12\/31\/nochevieja-2025-en-espana-y-el-mundo\/","og_locale":"es_ES","og_type":"article","og_title":"Nochevieja 2025 en Espa\u00f1a y m\u00e1s all\u00e1: c\u00f3mo el mundo despide el a\u00f1o. - Blog de Rafael Ram\u00edrez","og_description":"La Nochevieja, tambi\u00e9n conocida como la v\u00edspera de A\u00f1o Nuevo, marca el final de un a\u00f1o y el comienzo de otro. En Espa\u00f1a, esta celebraci\u00f3n","og_url":"https:\/\/rafaramirez.org\/blog\/index.php\/2025\/12\/31\/nochevieja-2025-en-espana-y-el-mundo\/","og_site_name":"Blog de Rafael Ram\u00edrez","article_published_time":"2025-12-31T07:00:56+00:00","og_image":[{"width":720,"height":440,"url":"https:\/\/rafaramirez.org\/blog\/wp-content\/uploads\/2025\/12\/Nochevieja-2025_bannerlog.jpg","type":"image\/jpeg"}],"author":"Rafael Ram\u00edrez","twitter_card":"summary_large_image","twitter_creator":"@rafaramirez_ok","twitter_site":"@rafaramirez_ok","twitter_misc":{"Escrito por":"Rafael Ram\u00edrez","Tiempo de lectura":"6 minutos"},"schema":{"@context":"https:\/\/schema.org","@graph":[{"@type":"Article","@id":"https:\/\/rafaramirez.org\/blog\/index.php\/2025\/12\/31\/nochevieja-2025-en-espana-y-el-mundo\/#article","isPartOf":{"@id":"https:\/\/rafaramirez.org\/blog\/index.php\/2025\/12\/31\/nochevieja-2025-en-espana-y-el-mundo\/"},"author":{"name":"Rafael Ram\u00edrez","@id":"https:\/\/rafaramirez.org\/blog\/#\/schema\/person\/50f43b6d60c578760d4c17bda54ab6a5"},"headline":"Nochevieja 2025 en Espa\u00f1a y m\u00e1s all\u00e1: c\u00f3mo el mundo despide el a\u00f1o.","datePublished":"2025-12-31T07:00:56+00:00","mainEntityOfPage":{"@id":"https:\/\/rafaramirez.org\/blog\/index.php\/2025\/12\/31\/nochevieja-2025-en-espana-y-el-mundo\/"},"wordCount":1089,"commentCount":0,"publisher":{"@id":"https:\/\/rafaramirez.org\/blog\/#\/schema\/person\/50f43b6d60c578760d4c17bda54ab6a5"},"image":{"@id":"https:\/\/rafaramirez.org\/blog\/index.php\/2025\/12\/31\/nochevieja-2025-en-espana-y-el-mundo\/#primaryimage"},"thumbnailUrl":"https:\/\/rafaramirez.org\/blog\/wp-content\/uploads\/2025\/12\/Nochevieja-2025_bannerlog.jpg","keywords":["31 de diciembre","Celebraci\u00f3n de la Nochevieja","efem\u00e9rides","efem\u00e9rides en diciembre","Historia de la Nochevieja","la Nochevieja en el mundo","Nochevieja","Or\u00edgenes de la Nochevieja"],"articleSection":["Efem\u00e9rides"],"inLanguage":"es","potentialAction":[{"@type":"CommentAction","name":"Comment","target":["https:\/\/rafaramirez.org\/blog\/index.php\/2025\/12\/31\/nochevieja-2025-en-espana-y-el-mundo\/#respond"]}]},{"@type":"WebPage","@id":"https:\/\/rafaramirez.org\/blog\/index.php\/2025\/12\/31\/nochevieja-2025-en-espana-y-el-mundo\/","url":"https:\/\/rafaramirez.org\/blog\/index.php\/2025\/12\/31\/nochevieja-2025-en-espana-y-el-mundo\/","name":"Nochevieja 2025 en Espa\u00f1a y m\u00e1s all\u00e1: c\u00f3mo el mundo despide el a\u00f1o. - Blog de Rafael Ram\u00edrez","isPartOf":{"@id":"https:\/\/rafaramirez.org\/blog\/#website"},"primaryImageOfPage":{"@id":"https:\/\/rafaramirez.org\/blog\/index.php\/2025\/12\/31\/nochevieja-2025-en-espana-y-el-mundo\/#primaryimage"},"image":{"@id":"https:\/\/rafaramirez.org\/blog\/index.php\/2025\/12\/31\/nochevieja-2025-en-espana-y-el-mundo\/#primaryimage"},"thumbnailUrl":"https:\/\/rafaramirez.org\/blog\/wp-content\/uploads\/2025\/12\/Nochevieja-2025_bannerlog.jpg","datePublished":"2025-12-31T07:00:56+00:00","description":"La Nochevieja, tambi\u00e9n conocida como la v\u00edspera de A\u00f1o Nuevo, marca el final de un a\u00f1o y el comienzo de otro. En Espa\u00f1a, esta celebraci\u00f3n","breadcrumb":{"@id":"https:\/\/rafaramirez.org\/blog\/index.php\/2025\/12\/31\/nochevieja-2025-en-espana-y-el-mundo\/#breadcrumb"},"inLanguage":"es","potentialAction":[{"@type":"ReadAction","target":["https:\/\/rafaramirez.org\/blog\/index.php\/2025\/12\/31\/nochevieja-2025-en-espana-y-el-mundo\/"]}]},{"@type":"ImageObject","inLanguage":"es","@id":"https:\/\/rafaramirez.org\/blog\/index.php\/2025\/12\/31\/nochevieja-2025-en-espana-y-el-mundo\/#primaryimage","url":"https:\/\/rafaramirez.org\/blog\/wp-content\/uploads\/2025\/12\/Nochevieja-2025_bannerlog.jpg","contentUrl":"https:\/\/rafaramirez.org\/blog\/wp-content\/uploads\/2025\/12\/Nochevieja-2025_bannerlog.jpg","width":720,"height":440,"caption":"Nochevieja 2025 en Espa\u00f1a y m\u00e1s all\u00e1: c\u00f3mo el mundo despide el a\u00f1o. Blog de Rafael Ram\u00edrez."},{"@type":"BreadcrumbList","@id":"https:\/\/rafaramirez.org\/blog\/index.php\/2025\/12\/31\/nochevieja-2025-en-espana-y-el-mundo\/#breadcrumb","itemListElement":[{"@type":"ListItem","position":1,"name":"Portada","item":"https:\/\/rafaramirez.org\/blog\/"},{"@type":"ListItem","position":2,"name":"Nochevieja 2025 en Espa\u00f1a y m\u00e1s all\u00e1: c\u00f3mo el mundo despide el a\u00f1o."}]},{"@type":"WebSite","@id":"https:\/\/rafaramirez.org\/blog\/#website","url":"https:\/\/rafaramirez.org\/blog\/","name":"Blog de Rafael Ram\u00edrez","description":"Un sitio social, de arte y cultura","publisher":{"@id":"https:\/\/rafaramirez.org\/blog\/#\/schema\/person\/50f43b6d60c578760d4c17bda54ab6a5"},"potentialAction":[{"@type":"SearchAction","target":{"@type":"EntryPoint","urlTemplate":"https:\/\/rafaramirez.org\/blog\/?s={search_term_string}"},"query-input":{"@type":"PropertyValueSpecification","valueRequired":true,"valueName":"search_term_string"}}],"inLanguage":"es"},{"@type":["Person","Organization"],"@id":"https:\/\/rafaramirez.org\/blog\/#\/schema\/person\/50f43b6d60c578760d4c17bda54ab6a5","name":"Rafael Ram\u00edrez","image":{"@type":"ImageObject","inLanguage":"es","@id":"https:\/\/rafaramirez.org\/blog\/wp-content\/uploads\/2024\/09\/RR_socialnetwork.jpg","url":"https:\/\/rafaramirez.org\/blog\/wp-content\/uploads\/2024\/09\/RR_socialnetwork.jpg","contentUrl":"https:\/\/rafaramirez.org\/blog\/wp-content\/uploads\/2024\/09\/RR_socialnetwork.jpg","width":600,"height":606,"caption":"Rafael Ram\u00edrez"},"logo":{"@id":"https:\/\/rafaramirez.org\/blog\/wp-content\/uploads\/2024\/09\/RR_socialnetwork.jpg"},"sameAs":["https:\/\/www.rafaramirez.org\/blog","https:\/\/www.instagram.com\/rafaramirez_ok\/","https:\/\/es.pinterest.com\/Ramirez_Rafa\/","https:\/\/x.com\/rafaramirez_ok"],"url":"https:\/\/rafaramirez.org\/blog\/index.php\/author\/rafaell_qm6j97da\/"}]}},"jetpack_publicize_connections":[],"jetpack_sharing_enabled":true,"jetpack_likes_enabled":true,"jetpack_featured_media_url":"https:\/\/rafaramirez.org\/blog\/wp-content\/uploads\/2025\/12\/Nochevieja-2025_bannerlog.jpg","_links":{"self":[{"href":"https:\/\/rafaramirez.org\/blog\/index.php\/wp-json\/wp\/v2\/posts\/11383","targetHints":{"allow":["GET"]}}],"collection":[{"href":"https:\/\/rafaramirez.org\/blog\/index.php\/wp-json\/wp\/v2\/posts"}],"about":[{"href":"https:\/\/rafaramirez.org\/blog\/index.php\/wp-json\/wp\/v2\/types\/post"}],"author":[{"embeddable":true,"href":"https:\/\/rafaramirez.org\/blog\/index.php\/wp-json\/wp\/v2\/users\/1"}],"replies":[{"embeddable":true,"href":"https:\/\/rafaramirez.org\/blog\/index.php\/wp-json\/wp\/v2\/comments?post=11383"}],"version-history":[{"count":4,"href":"https:\/\/rafaramirez.org\/blog\/index.php\/wp-json\/wp\/v2\/posts\/11383\/revisions"}],"predecessor-version":[{"id":11385,"href":"https:\/\/rafaramirez.org\/blog\/index.php\/wp-json\/wp\/v2\/posts\/11383\/revisions\/11385"}],"wp:featuredmedia":[{"embeddable":true,"href":"https:\/\/rafaramirez.org\/blog\/index.php\/wp-json\/wp\/v2\/media\/11386"}],"wp:attachment":[{"href":"https:\/\/rafaramirez.org\/blog\/index.php\/wp-json\/wp\/v2\/media?parent=11383"}],"wp:term":[{"taxonomy":"category","embeddable":true,"href":"https:\/\/rafaramirez.org\/blog\/index.php\/wp-json\/wp\/v2\/categories?post=11383"},{"taxonomy":"post_tag","embeddable":true,"href":"https:\/\/rafaramirez.org\/blog\/index.php\/wp-json\/wp\/v2\/tags?post=11383"}],"curies":[{"name":"wp","href":"https:\/\/api.w.org\/{rel}","templated":true}]}}