{"id":11324,"date":"2025-12-21T08:00:54","date_gmt":"2025-12-21T07:00:54","guid":{"rendered":"https:\/\/rafaramirez.org\/blog\/?p=11324"},"modified":"2025-11-28T13:05:25","modified_gmt":"2025-11-28T12:05:25","slug":"solsticio-de-invierno-2025","status":"publish","type":"post","link":"https:\/\/rafaramirez.org\/blog\/index.php\/2025\/12\/21\/solsticio-de-invierno-2025\/","title":{"rendered":"Solsticio de Invierno 2025: cuando la luz comienza a volver."},"content":{"rendered":"<p>El solsticio de invierno es la noche m\u00e1s larga del a\u00f1o, un umbral simb\u00f3lico que marca el inicio del invierno y el renacimiento de la luz.<\/p>\n<p>Cada a\u00f1o, entre el 21 y el 22 de diciembre, el hemisferio norte se inclina todo lo posible alej\u00e1ndose del Sol, lo que da lugar a un fen\u00f3meno astron\u00f3mico que, desde tiempos remotos, se ha interpretado como un momento de transici\u00f3n y esperanza. La oscuridad alcanza su punto m\u00e1ximo, pero es precisamente entonces cuando comienza el lento retorno de los d\u00edas m\u00e1s largos. En muchas culturas, este instante se ha celebrado como el triunfo de la luz sobre la oscuridad, un recordatorio de que incluso en la estaci\u00f3n m\u00e1s fr\u00eda late la promesa de renovaci\u00f3n.<\/p>\n<figure id=\"attachment_4807\" aria-describedby=\"caption-attachment-4807\" style=\"width: 300px\" class=\"wp-caption aligncenter\"><a href=\"https:\/\/rafaramirez.org\/blog\/wp-content\/uploads\/2024\/06\/Sol-Tierra-Sol-Eje.jpg\" target=\"_blank\" rel=\"noopener\"><img loading=\"lazy\" decoding=\"async\" class=\"wp-image-4807 size-medium\" src=\"https:\/\/rafaramirez.org\/blog\/wp-content\/uploads\/2024\/06\/Sol-Tierra-Sol-Eje-300x168.jpg\" alt=\"Eje y plano de la Tierra y el Sol. Blog de Rafael Ram\u00edrez.\" width=\"300\" height=\"168\" srcset=\"https:\/\/rafaramirez.org\/blog\/wp-content\/uploads\/2024\/06\/Sol-Tierra-Sol-Eje-300x168.jpg 300w, https:\/\/rafaramirez.org\/blog\/wp-content\/uploads\/2024\/06\/Sol-Tierra-Sol-Eje.jpg 500w\" sizes=\"auto, (max-width: 300px) 100vw, 300px\" \/><\/a><figcaption id=\"caption-attachment-4807\" class=\"wp-caption-text\">Solsticios. Eje y plano de la Tierra y el Sol. Blog de Rafael Ram\u00edrez.<\/figcaption><\/figure>\n<p>Las antiguas civilizaciones supieron ver en el cielo una se\u00f1al de continuidad. Los romanos, por ejemplo, celebraban las Saturnales, unas fiestas de j\u00fabilo y exceso que coincid\u00edan con el solsticio y que m\u00e1s tarde influir\u00edan en las tradiciones navide\u00f1as. En las islas brit\u00e1nicas, monumentos como Stonehenge se alinean con el amanecer del solsticio, lo que demuestra c\u00f3mo la arquitectura se convirti\u00f3 en un calendario ritual. Jap\u00f3n, cuenta con la tradici\u00f3n del Toji que consiste en ba\u00f1arse en aguas calientes con yuzu, un c\u00edtrico que simboliza la purificaci\u00f3n y la salud. En Escocia, por su parte, se encend\u00edan hogueras para ahuyentar la oscuridad y dar la bienvenida al nuevo ciclo.<\/p>\n<p>El simbolismo del solsticio tambi\u00e9n se extiende a las plantas y los rituales. El mu\u00e9rdago y el acebo, considerados sagrados, se usaban como amuletos de protecci\u00f3n y fertilidad. La vigilancia de la noche m\u00e1s larga, practicada en distintas culturas, simbolizaba la espera paciente del amanecer, como si toda la comunidad acompa\u00f1ara al sol en su renacimiento. En la actualidad, muchas personas siguen realizando ceremonias \u00edntimas: escribir lo que desean dejar atr\u00e1s y quemarlo, encender velas para invocar claridad o simplemente reunirse en silencio para contemplar la salida del sol.<\/p>\n<p>M\u00e1s all\u00e1 de las tradiciones, el solsticio de invierno nos recuerda la fragilidad y la fuerza de los ciclos naturales. Nos recuerda que la oscuridad nunca es definitiva y que la vida sigue un ritmo de descenso y ascenso, de p\u00e9rdida y recuperaci\u00f3n. A lo largo de la historia, la humanidad ha encontrado siempre un motivo para celebrar la noche m\u00e1s larga, porque en ella se esconde la certeza de que la luz volver\u00e1.<\/p>\n<h3>Las Saturnales romanas.<\/h3>\n<p>Esta festividad, que se celebraba en honor al dios Saturno entre el 17 y el 23 de diciembre, coincidiendo con el solsticio de invierno, era la m\u00e1s alegre y desbordante de la Antigua Roma.<\/p>\n<p>Se trataba de una festividad profundamente vinculada al ciclo agr\u00edcola y al mito de la Edad de Oro, cuando Saturno reinaba y los hombres viv\u00edan en abundancia y sin jerarqu\u00edas. En sus or\u00edgenes, las Saturnales inclu\u00edan un sacrificio en el Templo de Saturno, en el Foro Romano, al que segu\u00eda un banquete p\u00fablico. Sin embargo, con el tiempo se convirtieron en una celebraci\u00f3n popular que desbordaba las calles y los hogares, marcada por la suspensi\u00f3n de las normas sociales y la inversi\u00f3n de roles.<\/p>\n<p>Durante esos d\u00edas, los esclavos pod\u00edan sentarse a la mesa con sus amos, que les serv\u00edan. Se intercambiaban regalos, especialmente velas y figurillas llamadas sigillaria, y se organizaban juegos, cantos y banquetes privados. El poeta Catulo lleg\u00f3 a describirlas como \u00abel mejor de los d\u00edas\u00bb. El ambiente era de carnaval: se permit\u00edan los excesos, las risas y las licencias, como si toda Roma se entregara a un par\u00e9ntesis de libertad.<\/p>\n<p>El trasfondo simb\u00f3lico era evidente: en la noche m\u00e1s larga del a\u00f1o, la comunidad celebraba el retorno de la luz y la esperanza de un nuevo ciclo agr\u00edcola. La figura de Saturno, dios de la siembra y del tiempo, encarnaba esa promesa de renovaci\u00f3n. Con el paso de los siglos, las Saturnales se extendieron hasta finales de diciembre y su influencia fue decisiva en la configuraci\u00f3n de la Navidad cristiana. La costumbre de intercambiar regalos, la decoraci\u00f3n festiva y el esp\u00edritu de convivencia tienen su origen en estas antiguas fiestas.<\/p>\n<p>En definitiva, las Saturnales fueron mucho m\u00e1s que un rito religioso: fueron un recordatorio colectivo de la abundancia perdida y del deseo de recuperarla; un espacio de igualdad ef\u00edmera y de celebraci\u00f3n desbordante que a\u00fan perdura en nuestras tradiciones invernales.<\/p>\n<figure id=\"attachment_7371\" aria-describedby=\"caption-attachment-7371\" style=\"width: 300px\" class=\"wp-caption aligncenter\"><a href=\"https:\/\/rafaramirez.org\/blog\/wp-content\/uploads\/2024\/12\/stonehenge-4614639.jpg\" target=\"_blank\" rel=\"noopener\"><img loading=\"lazy\" decoding=\"async\" class=\"wp-image-7371 size-medium\" src=\"https:\/\/rafaramirez.org\/blog\/wp-content\/uploads\/2024\/12\/stonehenge-4614639-300x200.jpg\" alt=\"Solsticio de Invierno. Blog de Rafael Ram\u00edrez.\" width=\"300\" height=\"200\" srcset=\"https:\/\/rafaramirez.org\/blog\/wp-content\/uploads\/2024\/12\/stonehenge-4614639-300x200.jpg 300w, https:\/\/rafaramirez.org\/blog\/wp-content\/uploads\/2024\/12\/stonehenge-4614639-768x512.jpg 768w, https:\/\/rafaramirez.org\/blog\/wp-content\/uploads\/2024\/12\/stonehenge-4614639.jpg 1000w\" sizes=\"auto, (max-width: 300px) 100vw, 300px\" \/><\/a><figcaption id=\"caption-attachment-7371\" class=\"wp-caption-text\">Solsticio de Invierno. Blog de Rafael Ram\u00edrez.<\/figcaption><\/figure>\n<h3>\u00bfC\u00f3mo celebran otras culturas el solsticio de invierno?<\/h3>\n<p>El solsticio de invierno se celebra de diversas maneras en todo el mundo, lo que refleja la rica diversidad cultural y las tradiciones \u00fanicas de cada regi\u00f3n. A continuaci\u00f3n, te muestro algunos ejemplos:<\/p>\n<ul>\n<li><strong>Yule (Escandinavia y otras regiones n\u00f3rdicas):<\/strong> esta antigua festividad pagana celebra el renacimiento del sol y la luz. Las personas encienden hogueras y velas para simbolizar el regreso de la luz, y decoran \u00e1rboles, una tradici\u00f3n que ha influido en la costumbre actual de poner \u00e1rboles de Navidad.<\/li>\n<li><strong>Dongzhi (China):<\/strong>\u00a0este festival marca el inicio de los d\u00edas m\u00e1s largos y el aumento de la energ\u00eda positiva. Las familias se re\u00fanen para disfrutar de comidas especiales, como los tangyuan, bolas de arroz dulce que simbolizan la uni\u00f3n familiar.<\/li>\n<li><strong>Soyal (Hopi, Estados Unidos):<\/strong> los hopi, una tribu nativa americana, celebran el solsticio de invierno con ceremonias que incluyen danzas y rituales para invocar el regreso del sol y la protecci\u00f3n de su pueblo.<\/li>\n<li><strong>Inti Raymi (cultura inca, Per\u00fa):<\/strong> aunque tradicionalmente se celebra en el solsticio de invierno del hemisferio sur (junio), esta festividad rinde homenaje al dios sol Inti. Incluye danzas, m\u00fasica y ofrendas para asegurar una buena cosecha.<\/li>\n<li><strong>Shab-e Yalda (Ir\u00e1n):<\/strong> esta antigua celebraci\u00f3n persa marca la noche m\u00e1s larga del a\u00f1o. Las familias se re\u00fanen para leer poes\u00eda, contar historias y comer frutas como la granada y la sand\u00eda, que simbolizan la luz y la renovaci\u00f3n.<\/li>\n<\/ul>\n<p>Estas son solo algunas de las muchas formas en que las culturas de todo el mundo celebran el solsticio de invierno. Todas ellas reflejan una profunda conexi\u00f3n con la naturaleza y el ciclo de las estaciones.<\/p>\n<figure id=\"attachment_7370\" aria-describedby=\"caption-attachment-7370\" style=\"width: 300px\" class=\"wp-caption aligncenter\"><a href=\"https:\/\/rafaramirez.org\/blog\/wp-content\/uploads\/2024\/12\/snow-616319.jpg\" target=\"_blank\" rel=\"noopener\"><img loading=\"lazy\" decoding=\"async\" class=\"wp-image-7370 size-medium\" src=\"https:\/\/rafaramirez.org\/blog\/wp-content\/uploads\/2024\/12\/snow-616319-300x200.jpg\" alt=\"Solsticio de Invierno. Blog de Rafael Ram\u00edrez.\" width=\"300\" height=\"200\" srcset=\"https:\/\/rafaramirez.org\/blog\/wp-content\/uploads\/2024\/12\/snow-616319-300x200.jpg 300w, https:\/\/rafaramirez.org\/blog\/wp-content\/uploads\/2024\/12\/snow-616319-768x513.jpg 768w, https:\/\/rafaramirez.org\/blog\/wp-content\/uploads\/2024\/12\/snow-616319.jpg 1000w\" sizes=\"auto, (max-width: 300px) 100vw, 300px\" \/><\/a><figcaption id=\"caption-attachment-7370\" class=\"wp-caption-text\">Solsticio de Invierno. Blog de Rafael Ram\u00edrez.<\/figcaption><\/figure>\n<p>En resumen, el solsticio de invierno es importante porque marca el d\u00eda m\u00e1s corto y la noche m\u00e1s larga del a\u00f1o, lo que simboliza el renacimiento del sol y el inicio de d\u00edas m\u00e1s largos. Muchas culturas celebran este acontecimiento con festivales y rituales en los que se honra la luz, la renovaci\u00f3n y la esperanza de un nuevo ciclo. Estas celebraciones reflejan una profunda conexi\u00f3n con la naturaleza y el ciclo de las estaciones.<\/p>\n<p>M\u00e1s informaci\u00f3n:<\/p>\n<ul>\n<li><a href=\"https:\/\/es.wikipedia.org\/wiki\/Solsticio_de_invierno\" target=\"_blank\" rel=\"noopener\">Solsticio de invierno &#8211; Wikipedia, la enciclopedia libre<\/a>.<\/li>\n<li><a href=\"https:\/\/es.wikipedia.org\/wiki\/Saturnales\" target=\"_blank\" rel=\"noopener\">Saturnales &#8211; Wikipedia, la enciclopedia libre<\/a>.<\/li>\n<li><a href=\"https:\/\/rafaramirez.org\/blog\/index.php\/2025\/06\/21\/solsticio-de-verano\/\" target=\"_blank\" rel=\"noopener\">Solsticio de verano<\/a>.<\/li>\n<li><a href=\"https:\/\/rafaramirez.org\/blog\/index.php\/category\/arte\/efemerides\/\" target=\"_blank\" rel=\"noopener\">Otras efem\u00e9rides<\/a>.<\/li>\n<\/ul>\n","protected":false},"excerpt":{"rendered":"<p>El solsticio de invierno es la noche m\u00e1s larga del a\u00f1o, un umbral simb\u00f3lico que marca el inicio del invierno y el renacimiento de la luz. Cada a\u00f1o, entre el 21 y el 22 de diciembre, el hemisferio norte se inclina todo lo posible alej\u00e1ndose del Sol, lo que da lugar a un fen\u00f3meno astron\u00f3mico [&hellip;]<\/p>\n","protected":false},"author":1,"featured_media":11328,"comment_status":"open","ping_status":"closed","sticky":false,"template":"","format":"standard","meta":{"site-container-style":"default","site-container-layout":"default","site-sidebar-layout":"default","disable-article-header":"default","disable-site-header":"default","disable-site-footer":"default","disable-content-area-spacing":"default","_jetpack_newsletter_access":"","_jetpack_dont_email_post_to_subs":false,"_jetpack_newsletter_tier_id":0,"_jetpack_memberships_contains_paywalled_content":false,"_jetpack_feature_clip_id":0,"_jetpack_memberships_contains_paid_content":false,"footnotes":"","jetpack_publicize_message":"","jetpack_publicize_feature_enabled":true,"jetpack_social_post_already_shared":true,"jetpack_social_options":{"image_generator_settings":{"template":"highway","default_image_id":0,"font":"","enabled":false},"version":2},"jetpack_post_was_ever_published":false},"categories":[1291],"tags":[3872,3874,3870,1323,3873,3871,3435,3869,3868,3867,3866],"class_list":["post-11324","post","type-post","status-publish","format-standard","has-post-thumbnail","hentry","category-efemerides","tag-21-de-diciembre","tag-21-de-diciembre-solsticio-de-invierno","tag-dios-saturno","tag-efemerides","tag-efemerides-en-diciembre","tag-festival-de-saturnalia","tag-roma","tag-romanos","tag-saturnales","tag-saturnalia","tag-solsticio-de-invierno"],"yoast_head":"<!-- This site is optimized with the Yoast SEO plugin v28.3 - https:\/\/yoast.com\/product\/yoast-seo-wordpress\/ -->\n<title>Solsticio de Invierno 2025: cuando la luz comienza a volver. - Blog de Rafael Ram\u00edrez<\/title>\n<meta name=\"description\" content=\"El solsticio de invierno es la noche m\u00e1s larga del a\u00f1o, un umbral simb\u00f3lico que marca el inicio del invierno y el renacimiento de la luz.\" \/>\n<meta name=\"robots\" content=\"index, follow, max-snippet:-1, max-image-preview:large, max-video-preview:-1\" \/>\n<link rel=\"canonical\" href=\"https:\/\/rafaramirez.org\/blog\/index.php\/2025\/12\/21\/solsticio-de-invierno-2025\/\" \/>\n<meta property=\"og:locale\" content=\"es_ES\" \/>\n<meta property=\"og:type\" content=\"article\" \/>\n<meta property=\"og:title\" content=\"Solsticio de Invierno 2025: cuando la luz comienza a volver. - Blog de Rafael Ram\u00edrez\" \/>\n<meta property=\"og:description\" content=\"El solsticio de invierno es la noche m\u00e1s larga del a\u00f1o, un umbral simb\u00f3lico que marca el inicio del invierno y el renacimiento de la luz.\" \/>\n<meta property=\"og:url\" content=\"https:\/\/rafaramirez.org\/blog\/index.php\/2025\/12\/21\/solsticio-de-invierno-2025\/\" \/>\n<meta property=\"og:site_name\" content=\"Blog de Rafael Ram\u00edrez\" \/>\n<meta property=\"article:published_time\" content=\"2025-12-21T07:00:54+00:00\" \/>\n<meta property=\"og:image\" content=\"https:\/\/rafaramirez.org\/blog\/wp-content\/uploads\/2025\/12\/Solsticio-de-invierno_bannerlog.jpg\" \/>\n\t<meta property=\"og:image:width\" content=\"720\" \/>\n\t<meta property=\"og:image:height\" content=\"440\" \/>\n\t<meta property=\"og:image:type\" content=\"image\/jpeg\" \/>\n<meta name=\"author\" content=\"Rafael Ram\u00edrez\" \/>\n<meta name=\"twitter:card\" content=\"summary_large_image\" \/>\n<meta name=\"twitter:creator\" content=\"@rafaramirez_ok\" \/>\n<meta name=\"twitter:site\" content=\"@rafaramirez_ok\" \/>\n<meta name=\"twitter:label1\" content=\"Escrito por\" \/>\n\t<meta name=\"twitter:data1\" content=\"Rafael Ram\u00edrez\" \/>\n\t<meta name=\"twitter:label2\" content=\"Tiempo de lectura\" \/>\n\t<meta name=\"twitter:data2\" content=\"6 minutos\" \/>\n<script type=\"application\/ld+json\" class=\"yoast-schema-graph\">{\"@context\":\"https:\\\/\\\/schema.org\",\"@graph\":[{\"@type\":\"Article\",\"@id\":\"https:\\\/\\\/rafaramirez.org\\\/blog\\\/index.php\\\/2025\\\/12\\\/21\\\/solsticio-de-invierno-2025\\\/#article\",\"isPartOf\":{\"@id\":\"https:\\\/\\\/rafaramirez.org\\\/blog\\\/index.php\\\/2025\\\/12\\\/21\\\/solsticio-de-invierno-2025\\\/\"},\"author\":{\"name\":\"Rafael Ram\u00edrez\",\"@id\":\"https:\\\/\\\/rafaramirez.org\\\/blog\\\/#\\\/schema\\\/person\\\/50f43b6d60c578760d4c17bda54ab6a5\"},\"headline\":\"Solsticio de Invierno 2025: cuando la luz comienza a volver.\",\"datePublished\":\"2025-12-21T07:00:54+00:00\",\"mainEntityOfPage\":{\"@id\":\"https:\\\/\\\/rafaramirez.org\\\/blog\\\/index.php\\\/2025\\\/12\\\/21\\\/solsticio-de-invierno-2025\\\/\"},\"wordCount\":1241,\"commentCount\":0,\"publisher\":{\"@id\":\"https:\\\/\\\/rafaramirez.org\\\/blog\\\/#\\\/schema\\\/person\\\/50f43b6d60c578760d4c17bda54ab6a5\"},\"image\":{\"@id\":\"https:\\\/\\\/rafaramirez.org\\\/blog\\\/index.php\\\/2025\\\/12\\\/21\\\/solsticio-de-invierno-2025\\\/#primaryimage\"},\"thumbnailUrl\":\"https:\\\/\\\/rafaramirez.org\\\/blog\\\/wp-content\\\/uploads\\\/2025\\\/12\\\/Solsticio-de-invierno_bannerlog.jpg\",\"keywords\":[\"21 de diciembre\",\"21 de diciembre Solsticio de Invierno\",\"dios Saturno\",\"efem\u00e9rides\",\"efem\u00e9rides en diciembre\",\"festival de Saturnalia\",\"Roma\",\"romanos\",\"Saturnales\",\"Saturnalia\",\"Solsticio de Invierno\"],\"articleSection\":[\"Efem\u00e9rides\"],\"inLanguage\":\"es\",\"potentialAction\":[{\"@type\":\"CommentAction\",\"name\":\"Comment\",\"target\":[\"https:\\\/\\\/rafaramirez.org\\\/blog\\\/index.php\\\/2025\\\/12\\\/21\\\/solsticio-de-invierno-2025\\\/#respond\"]}]},{\"@type\":\"WebPage\",\"@id\":\"https:\\\/\\\/rafaramirez.org\\\/blog\\\/index.php\\\/2025\\\/12\\\/21\\\/solsticio-de-invierno-2025\\\/\",\"url\":\"https:\\\/\\\/rafaramirez.org\\\/blog\\\/index.php\\\/2025\\\/12\\\/21\\\/solsticio-de-invierno-2025\\\/\",\"name\":\"Solsticio de Invierno 2025: cuando la luz comienza a volver. - Blog de Rafael Ram\u00edrez\",\"isPartOf\":{\"@id\":\"https:\\\/\\\/rafaramirez.org\\\/blog\\\/#website\"},\"primaryImageOfPage\":{\"@id\":\"https:\\\/\\\/rafaramirez.org\\\/blog\\\/index.php\\\/2025\\\/12\\\/21\\\/solsticio-de-invierno-2025\\\/#primaryimage\"},\"image\":{\"@id\":\"https:\\\/\\\/rafaramirez.org\\\/blog\\\/index.php\\\/2025\\\/12\\\/21\\\/solsticio-de-invierno-2025\\\/#primaryimage\"},\"thumbnailUrl\":\"https:\\\/\\\/rafaramirez.org\\\/blog\\\/wp-content\\\/uploads\\\/2025\\\/12\\\/Solsticio-de-invierno_bannerlog.jpg\",\"datePublished\":\"2025-12-21T07:00:54+00:00\",\"description\":\"El solsticio de invierno es la noche m\u00e1s larga del a\u00f1o, un umbral simb\u00f3lico que marca el inicio del invierno y el renacimiento de la luz.\",\"breadcrumb\":{\"@id\":\"https:\\\/\\\/rafaramirez.org\\\/blog\\\/index.php\\\/2025\\\/12\\\/21\\\/solsticio-de-invierno-2025\\\/#breadcrumb\"},\"inLanguage\":\"es\",\"potentialAction\":[{\"@type\":\"ReadAction\",\"target\":[\"https:\\\/\\\/rafaramirez.org\\\/blog\\\/index.php\\\/2025\\\/12\\\/21\\\/solsticio-de-invierno-2025\\\/\"]}]},{\"@type\":\"ImageObject\",\"inLanguage\":\"es\",\"@id\":\"https:\\\/\\\/rafaramirez.org\\\/blog\\\/index.php\\\/2025\\\/12\\\/21\\\/solsticio-de-invierno-2025\\\/#primaryimage\",\"url\":\"https:\\\/\\\/rafaramirez.org\\\/blog\\\/wp-content\\\/uploads\\\/2025\\\/12\\\/Solsticio-de-invierno_bannerlog.jpg\",\"contentUrl\":\"https:\\\/\\\/rafaramirez.org\\\/blog\\\/wp-content\\\/uploads\\\/2025\\\/12\\\/Solsticio-de-invierno_bannerlog.jpg\",\"width\":720,\"height\":440,\"caption\":\"Solsticio de Invierno 2025: cuando la luz comienza a volver. Blog de Rafael Ram\u00edrez.\"},{\"@type\":\"BreadcrumbList\",\"@id\":\"https:\\\/\\\/rafaramirez.org\\\/blog\\\/index.php\\\/2025\\\/12\\\/21\\\/solsticio-de-invierno-2025\\\/#breadcrumb\",\"itemListElement\":[{\"@type\":\"ListItem\",\"position\":1,\"name\":\"Portada\",\"item\":\"https:\\\/\\\/rafaramirez.org\\\/blog\\\/\"},{\"@type\":\"ListItem\",\"position\":2,\"name\":\"Solsticio de Invierno 2025: cuando la luz comienza a volver.\"}]},{\"@type\":\"WebSite\",\"@id\":\"https:\\\/\\\/rafaramirez.org\\\/blog\\\/#website\",\"url\":\"https:\\\/\\\/rafaramirez.org\\\/blog\\\/\",\"name\":\"Blog de Rafael Ram\u00edrez\",\"description\":\"Un sitio social, de arte y cultura\",\"publisher\":{\"@id\":\"https:\\\/\\\/rafaramirez.org\\\/blog\\\/#\\\/schema\\\/person\\\/50f43b6d60c578760d4c17bda54ab6a5\"},\"potentialAction\":[{\"@type\":\"SearchAction\",\"target\":{\"@type\":\"EntryPoint\",\"urlTemplate\":\"https:\\\/\\\/rafaramirez.org\\\/blog\\\/?s={search_term_string}\"},\"query-input\":{\"@type\":\"PropertyValueSpecification\",\"valueRequired\":true,\"valueName\":\"search_term_string\"}}],\"inLanguage\":\"es\"},{\"@type\":[\"Person\",\"Organization\"],\"@id\":\"https:\\\/\\\/rafaramirez.org\\\/blog\\\/#\\\/schema\\\/person\\\/50f43b6d60c578760d4c17bda54ab6a5\",\"name\":\"Rafael Ram\u00edrez\",\"image\":{\"@type\":\"ImageObject\",\"inLanguage\":\"es\",\"@id\":\"https:\\\/\\\/rafaramirez.org\\\/blog\\\/wp-content\\\/uploads\\\/2024\\\/09\\\/RR_socialnetwork.jpg\",\"url\":\"https:\\\/\\\/rafaramirez.org\\\/blog\\\/wp-content\\\/uploads\\\/2024\\\/09\\\/RR_socialnetwork.jpg\",\"contentUrl\":\"https:\\\/\\\/rafaramirez.org\\\/blog\\\/wp-content\\\/uploads\\\/2024\\\/09\\\/RR_socialnetwork.jpg\",\"width\":600,\"height\":606,\"caption\":\"Rafael Ram\u00edrez\"},\"logo\":{\"@id\":\"https:\\\/\\\/rafaramirez.org\\\/blog\\\/wp-content\\\/uploads\\\/2024\\\/09\\\/RR_socialnetwork.jpg\"},\"sameAs\":[\"https:\\\/\\\/www.rafaramirez.org\\\/blog\",\"https:\\\/\\\/www.instagram.com\\\/rafaramirez_ok\\\/\",\"https:\\\/\\\/es.pinterest.com\\\/Ramirez_Rafa\\\/\",\"https:\\\/\\\/x.com\\\/rafaramirez_ok\"],\"url\":\"https:\\\/\\\/rafaramirez.org\\\/blog\\\/index.php\\\/author\\\/rafaell_qm6j97da\\\/\"}]}<\/script>\n<!-- \/ Yoast SEO plugin. -->","yoast_head_json":{"title":"Solsticio de Invierno 2025: cuando la luz comienza a volver. - Blog de Rafael Ram\u00edrez","description":"El solsticio de invierno es la noche m\u00e1s larga del a\u00f1o, un umbral simb\u00f3lico que marca el inicio del invierno y el renacimiento de la luz.","robots":{"index":"index","follow":"follow","max-snippet":"max-snippet:-1","max-image-preview":"max-image-preview:large","max-video-preview":"max-video-preview:-1"},"canonical":"https:\/\/rafaramirez.org\/blog\/index.php\/2025\/12\/21\/solsticio-de-invierno-2025\/","og_locale":"es_ES","og_type":"article","og_title":"Solsticio de Invierno 2025: cuando la luz comienza a volver. - Blog de Rafael Ram\u00edrez","og_description":"El solsticio de invierno es la noche m\u00e1s larga del a\u00f1o, un umbral simb\u00f3lico que marca el inicio del invierno y el renacimiento de la luz.","og_url":"https:\/\/rafaramirez.org\/blog\/index.php\/2025\/12\/21\/solsticio-de-invierno-2025\/","og_site_name":"Blog de Rafael Ram\u00edrez","article_published_time":"2025-12-21T07:00:54+00:00","og_image":[{"width":720,"height":440,"url":"https:\/\/rafaramirez.org\/blog\/wp-content\/uploads\/2025\/12\/Solsticio-de-invierno_bannerlog.jpg","type":"image\/jpeg"}],"author":"Rafael Ram\u00edrez","twitter_card":"summary_large_image","twitter_creator":"@rafaramirez_ok","twitter_site":"@rafaramirez_ok","twitter_misc":{"Escrito por":"Rafael Ram\u00edrez","Tiempo de lectura":"6 minutos"},"schema":{"@context":"https:\/\/schema.org","@graph":[{"@type":"Article","@id":"https:\/\/rafaramirez.org\/blog\/index.php\/2025\/12\/21\/solsticio-de-invierno-2025\/#article","isPartOf":{"@id":"https:\/\/rafaramirez.org\/blog\/index.php\/2025\/12\/21\/solsticio-de-invierno-2025\/"},"author":{"name":"Rafael Ram\u00edrez","@id":"https:\/\/rafaramirez.org\/blog\/#\/schema\/person\/50f43b6d60c578760d4c17bda54ab6a5"},"headline":"Solsticio de Invierno 2025: cuando la luz comienza a volver.","datePublished":"2025-12-21T07:00:54+00:00","mainEntityOfPage":{"@id":"https:\/\/rafaramirez.org\/blog\/index.php\/2025\/12\/21\/solsticio-de-invierno-2025\/"},"wordCount":1241,"commentCount":0,"publisher":{"@id":"https:\/\/rafaramirez.org\/blog\/#\/schema\/person\/50f43b6d60c578760d4c17bda54ab6a5"},"image":{"@id":"https:\/\/rafaramirez.org\/blog\/index.php\/2025\/12\/21\/solsticio-de-invierno-2025\/#primaryimage"},"thumbnailUrl":"https:\/\/rafaramirez.org\/blog\/wp-content\/uploads\/2025\/12\/Solsticio-de-invierno_bannerlog.jpg","keywords":["21 de diciembre","21 de diciembre Solsticio de Invierno","dios Saturno","efem\u00e9rides","efem\u00e9rides en diciembre","festival de Saturnalia","Roma","romanos","Saturnales","Saturnalia","Solsticio de Invierno"],"articleSection":["Efem\u00e9rides"],"inLanguage":"es","potentialAction":[{"@type":"CommentAction","name":"Comment","target":["https:\/\/rafaramirez.org\/blog\/index.php\/2025\/12\/21\/solsticio-de-invierno-2025\/#respond"]}]},{"@type":"WebPage","@id":"https:\/\/rafaramirez.org\/blog\/index.php\/2025\/12\/21\/solsticio-de-invierno-2025\/","url":"https:\/\/rafaramirez.org\/blog\/index.php\/2025\/12\/21\/solsticio-de-invierno-2025\/","name":"Solsticio de Invierno 2025: cuando la luz comienza a volver. - Blog de Rafael Ram\u00edrez","isPartOf":{"@id":"https:\/\/rafaramirez.org\/blog\/#website"},"primaryImageOfPage":{"@id":"https:\/\/rafaramirez.org\/blog\/index.php\/2025\/12\/21\/solsticio-de-invierno-2025\/#primaryimage"},"image":{"@id":"https:\/\/rafaramirez.org\/blog\/index.php\/2025\/12\/21\/solsticio-de-invierno-2025\/#primaryimage"},"thumbnailUrl":"https:\/\/rafaramirez.org\/blog\/wp-content\/uploads\/2025\/12\/Solsticio-de-invierno_bannerlog.jpg","datePublished":"2025-12-21T07:00:54+00:00","description":"El solsticio de invierno es la noche m\u00e1s larga del a\u00f1o, un umbral simb\u00f3lico que marca el inicio del invierno y el renacimiento de la luz.","breadcrumb":{"@id":"https:\/\/rafaramirez.org\/blog\/index.php\/2025\/12\/21\/solsticio-de-invierno-2025\/#breadcrumb"},"inLanguage":"es","potentialAction":[{"@type":"ReadAction","target":["https:\/\/rafaramirez.org\/blog\/index.php\/2025\/12\/21\/solsticio-de-invierno-2025\/"]}]},{"@type":"ImageObject","inLanguage":"es","@id":"https:\/\/rafaramirez.org\/blog\/index.php\/2025\/12\/21\/solsticio-de-invierno-2025\/#primaryimage","url":"https:\/\/rafaramirez.org\/blog\/wp-content\/uploads\/2025\/12\/Solsticio-de-invierno_bannerlog.jpg","contentUrl":"https:\/\/rafaramirez.org\/blog\/wp-content\/uploads\/2025\/12\/Solsticio-de-invierno_bannerlog.jpg","width":720,"height":440,"caption":"Solsticio de Invierno 2025: cuando la luz comienza a volver. Blog de Rafael Ram\u00edrez."},{"@type":"BreadcrumbList","@id":"https:\/\/rafaramirez.org\/blog\/index.php\/2025\/12\/21\/solsticio-de-invierno-2025\/#breadcrumb","itemListElement":[{"@type":"ListItem","position":1,"name":"Portada","item":"https:\/\/rafaramirez.org\/blog\/"},{"@type":"ListItem","position":2,"name":"Solsticio de Invierno 2025: cuando la luz comienza a volver."}]},{"@type":"WebSite","@id":"https:\/\/rafaramirez.org\/blog\/#website","url":"https:\/\/rafaramirez.org\/blog\/","name":"Blog de Rafael Ram\u00edrez","description":"Un sitio social, de arte y cultura","publisher":{"@id":"https:\/\/rafaramirez.org\/blog\/#\/schema\/person\/50f43b6d60c578760d4c17bda54ab6a5"},"potentialAction":[{"@type":"SearchAction","target":{"@type":"EntryPoint","urlTemplate":"https:\/\/rafaramirez.org\/blog\/?s={search_term_string}"},"query-input":{"@type":"PropertyValueSpecification","valueRequired":true,"valueName":"search_term_string"}}],"inLanguage":"es"},{"@type":["Person","Organization"],"@id":"https:\/\/rafaramirez.org\/blog\/#\/schema\/person\/50f43b6d60c578760d4c17bda54ab6a5","name":"Rafael Ram\u00edrez","image":{"@type":"ImageObject","inLanguage":"es","@id":"https:\/\/rafaramirez.org\/blog\/wp-content\/uploads\/2024\/09\/RR_socialnetwork.jpg","url":"https:\/\/rafaramirez.org\/blog\/wp-content\/uploads\/2024\/09\/RR_socialnetwork.jpg","contentUrl":"https:\/\/rafaramirez.org\/blog\/wp-content\/uploads\/2024\/09\/RR_socialnetwork.jpg","width":600,"height":606,"caption":"Rafael Ram\u00edrez"},"logo":{"@id":"https:\/\/rafaramirez.org\/blog\/wp-content\/uploads\/2024\/09\/RR_socialnetwork.jpg"},"sameAs":["https:\/\/www.rafaramirez.org\/blog","https:\/\/www.instagram.com\/rafaramirez_ok\/","https:\/\/es.pinterest.com\/Ramirez_Rafa\/","https:\/\/x.com\/rafaramirez_ok"],"url":"https:\/\/rafaramirez.org\/blog\/index.php\/author\/rafaell_qm6j97da\/"}]}},"jetpack_publicize_connections":[],"jetpack_sharing_enabled":true,"jetpack_likes_enabled":true,"jetpack_featured_media_url":"https:\/\/rafaramirez.org\/blog\/wp-content\/uploads\/2025\/12\/Solsticio-de-invierno_bannerlog.jpg","_links":{"self":[{"href":"https:\/\/rafaramirez.org\/blog\/index.php\/wp-json\/wp\/v2\/posts\/11324","targetHints":{"allow":["GET"]}}],"collection":[{"href":"https:\/\/rafaramirez.org\/blog\/index.php\/wp-json\/wp\/v2\/posts"}],"about":[{"href":"https:\/\/rafaramirez.org\/blog\/index.php\/wp-json\/wp\/v2\/types\/post"}],"author":[{"embeddable":true,"href":"https:\/\/rafaramirez.org\/blog\/index.php\/wp-json\/wp\/v2\/users\/1"}],"replies":[{"embeddable":true,"href":"https:\/\/rafaramirez.org\/blog\/index.php\/wp-json\/wp\/v2\/comments?post=11324"}],"version-history":[{"count":5,"href":"https:\/\/rafaramirez.org\/blog\/index.php\/wp-json\/wp\/v2\/posts\/11324\/revisions"}],"predecessor-version":[{"id":11330,"href":"https:\/\/rafaramirez.org\/blog\/index.php\/wp-json\/wp\/v2\/posts\/11324\/revisions\/11330"}],"wp:featuredmedia":[{"embeddable":true,"href":"https:\/\/rafaramirez.org\/blog\/index.php\/wp-json\/wp\/v2\/media\/11328"}],"wp:attachment":[{"href":"https:\/\/rafaramirez.org\/blog\/index.php\/wp-json\/wp\/v2\/media?parent=11324"}],"wp:term":[{"taxonomy":"category","embeddable":true,"href":"https:\/\/rafaramirez.org\/blog\/index.php\/wp-json\/wp\/v2\/categories?post=11324"},{"taxonomy":"post_tag","embeddable":true,"href":"https:\/\/rafaramirez.org\/blog\/index.php\/wp-json\/wp\/v2\/tags?post=11324"}],"curies":[{"name":"wp","href":"https:\/\/api.w.org\/{rel}","templated":true}]}}