{"id":11316,"date":"2025-12-25T08:00:56","date_gmt":"2025-12-25T07:00:56","guid":{"rendered":"https:\/\/rafaramirez.org\/blog\/?p=11316"},"modified":"2025-11-27T13:41:03","modified_gmt":"2025-11-27T12:41:03","slug":"dia-de-navidad-2025-historia-y-rituales","status":"publish","type":"post","link":"https:\/\/rafaramirez.org\/blog\/index.php\/2025\/12\/25\/dia-de-navidad-2025-historia-y-rituales\/","title":{"rendered":"D\u00eda de Navidad 2025: entre la memoria sagrada y el ritual cotidiano."},"content":{"rendered":"<p>La Navidad es, al mismo tiempo, memoria y presente: una celebraci\u00f3n que hunde sus ra\u00edces en la historia cristiana y que se ha transformado en un mosaico de rituales familiares, s\u00edmbolos culturales y gestos comunitarios.<\/p>\n<p>El 25 de diciembre se conmemora el nacimiento de Jesucristo, aunque la elecci\u00f3n de esta fecha no fue inmediata ni universal. En los primeros siglos del cristianismo, las comunidades celebraban la Natividad en distintos momentos del a\u00f1o hasta que, en el siglo IV, la Iglesia la fij\u00f3 el 25 de diciembre, coincidiendo con antiguas festividades paganas del solsticio de invierno. La intenci\u00f3n era clara: resignificar el retorno de la luz y el triunfo del sol como met\u00e1fora del nacimiento del Salvador.<\/p>\n<p>A partir de ah\u00ed, la Navidad se convirti\u00f3 en una de las grandes fiestas del calendario cristiano, acompa\u00f1ada de rituales lit\u00fargicos como la Misa del Gallo a medianoche del d\u00eda 24, que recuerda la tradici\u00f3n de que Jes\u00fas naci\u00f3 de noche. Sin embargo, la fiesta trascendi\u00f3 la liturgia y se expandi\u00f3 hacia lo dom\u00e9stico y lo comunitario. El \u00e1rbol de Navidad, por ejemplo, tiene un origen anterior al cristianismo: los pueblos celtas decoraban robles en el solsticio para invocar el regreso del sol y los druidas veneraban el Yggdrasil como s\u00edmbolo de vida. Con el tiempo, el cristianismo adopt\u00f3 y reinterpret\u00f3 estos s\u00edmbolos, y el abeto adornado con luces y esferas que conocemos hoy es el resultado.<\/p>\n<p>Los rituales navide\u00f1os se diversificaron seg\u00fan las culturas. En Espa\u00f1a, adem\u00e1s de la cena familiar y los dulces como el turr\u00f3n, existen tradiciones regionales singulares: en Catalu\u00f1a, por ejemplo, est\u00e1 el Caga Ti\u00f3; en otras regiones, los belenes artesanales que recrean con todo detalle el nacimiento de Jes\u00fas. En Puerto Rico, la Navidad se prolonga durante semanas con parrandas y m\u00fasica; en Polonia, la cena de Nochebuena incluye doce platos en recuerdo de los ap\u00f3stoles, y en Rusia, la figura de Ded Moroz, el Abuelo del Fr\u00edo, sustituye a Pap\u00e1 Noel.<\/p>\n<figure id=\"attachment_7433\" aria-describedby=\"caption-attachment-7433\" style=\"width: 300px\" class=\"wp-caption aligncenter\"><a href=\"https:\/\/rafaramirez.org\/blog\/wp-content\/uploads\/2024\/12\/christmas-background-4669449.jpg\" target=\"_blank\" rel=\"noopener\"><img loading=\"lazy\" decoding=\"async\" class=\"wp-image-7433 size-medium\" src=\"https:\/\/rafaramirez.org\/blog\/wp-content\/uploads\/2024\/12\/christmas-background-4669449-300x200.jpg\" alt=\"Regalos por Navidad o Reyes. Blog de Rafael Ram\u00edrez.\" width=\"300\" height=\"200\" srcset=\"https:\/\/rafaramirez.org\/blog\/wp-content\/uploads\/2024\/12\/christmas-background-4669449-300x200.jpg 300w, https:\/\/rafaramirez.org\/blog\/wp-content\/uploads\/2024\/12\/christmas-background-4669449-768x512.jpg 768w, https:\/\/rafaramirez.org\/blog\/wp-content\/uploads\/2024\/12\/christmas-background-4669449.jpg 1000w\" sizes=\"auto, (max-width: 300px) 100vw, 300px\" \/><\/a><figcaption id=\"caption-attachment-7433\" class=\"wp-caption-text\">Regalos por Navidad o Reyes. Blog de Rafael Ram\u00edrez.<\/figcaption><\/figure>\n<p>La tradici\u00f3n de los regalos, hoy tan asociada al consumo, tambi\u00e9n tiene ra\u00edces espirituales: recuerda los dones que los Reyes Magos ofrecieron al Ni\u00f1o Jes\u00fas y la generosidad de san Nicol\u00e1s, obispo del siglo IV en quien se inspir\u00f3 la figura de Santa Claus. Sin embargo, en la actualidad, la anticipaci\u00f3n de la Navidad se ha convertido en un fen\u00f3meno comercial que adelanta las luces y los villancicos a octubre, diluyendo en ocasiones la espera y el misterio.<\/p>\n<p>En el fondo, la Navidad sigue siendo un ritual de encuentro. Se canta, se comparte la mesa, se intercambian regalos y se encienden luces que simbolizan la esperanza. Es una fiesta que combina lo sagrado y lo profano, lo \u00edntimo y lo p\u00fablico, y que cada a\u00f1o nos recuerda la necesidad de detenernos, de celebrar la vida y de reforzar los v\u00ednculos. La historia de la Navidad es la historia de c\u00f3mo una conmemoraci\u00f3n religiosa se convirti\u00f3 en un lenguaje universal de comunidad capaz de adaptarse a cada cultura sin perder su esencia: la idea de que la luz vence a la oscuridad y de que todo nacimiento, ya sea el de un ni\u00f1o o el de un nuevo ciclo, merece ser celebrado.<\/p>\n<h3>Celebraci\u00f3n del d\u00eda de Navidad en Andaluc\u00eda (Espa\u00f1a).<\/h3>\n<p>En esta comunidad aut\u00f3noma, el D\u00eda de Navidad se vive como una fiesta \u00edntima y familiar, marcada por la gastronom\u00eda, la m\u00fasica y las tradiciones populares que llenan de calor tanto las casas como las calles.<\/p>\n<p>El 25 de diciembre, despu\u00e9s de la Nochebuena, las familias andaluzas vuelven a reunirse en torno a la mesa. La celebraci\u00f3n se prolonga con comidas abundantes que reflejan la diversidad culinaria de la regi\u00f3n. En muchas provincias es habitual comenzar con sopa de picadillo, un caldo reconfortante con huevo duro y jam\u00f3n, seguido de carnes como cordero a la miel, chivo asado o pavo a la alpujarre\u00f1a. Los dulces ocupan un lugar central en la mesa: mantecados de Estepa, pesti\u00f1os, roscos de vino, el pan de C\u00e1diz relleno de mazap\u00e1n y frutas confitadas o los piononos granadinos, que aportan un toque festivo y local.<\/p>\n<p>M\u00e1s all\u00e1 de la mesa, la Navidad en Andaluc\u00eda se distingue por sus belenes vivientes y autos sacramentales, representaciones teatrales que recrean el nacimiento de Jes\u00fas en plazas y pueblos con la participaci\u00f3n de los vecinos como actores. Estos espect\u00e1culos, junto con las impresionantes iluminaciones de ciudades como M\u00e1laga, Sevilla o Granada, convierten las calles en escenarios de convivencia y celebraci\u00f3n.<\/p>\n<p>La m\u00fasica tambi\u00e9n es protagonista. En muchos hogares y plazas se escuchan villancicos flamencos que le dan un toque especial a la Navidad andaluza. El flamenco se entrelaza con la tradici\u00f3n religiosa y popular, creando un ambiente \u00fanico de j\u00fabilo y recogimiento.<\/p>\n<p>En los pueblos, los mercadillos navide\u00f1os ofrecen artesan\u00eda y dulces, y organizan actividades para ni\u00f1os, lo que refuerza el car\u00e1cter comunitario de la fiesta. Aunque el d\u00eda de Navidad suele ser m\u00e1s tranquilo que la Nochebuena, se mantiene el esp\u00edritu de compartir: visitas a familiares, paseos por las calles iluminadas y entrega de peque\u00f1os regalos.<\/p>\n<p>En definitiva, la Navidad en Andaluc\u00eda es una celebraci\u00f3n que combina lo sagrado y lo cotidiano, en la que se entrelazan la fe, la gastronom\u00eda y la cultura popular. Es un d\u00eda para reafirmar la identidad andaluza a trav\u00e9s de sus sabores, su m\u00fasica y sus rituales comunitarios, en un ambiente que mezcla recogimiento y alegr\u00eda.<\/p>\n<p>.<\/p>\n<figure id=\"attachment_7429\" aria-describedby=\"caption-attachment-7429\" style=\"width: 300px\" class=\"wp-caption aligncenter\"><a href=\"https:\/\/rafaramirez.org\/blog\/wp-content\/uploads\/2024\/12\/christmas-market-4705877.jpg\" target=\"_blank\" rel=\"noopener\"><img loading=\"lazy\" decoding=\"async\" class=\"wp-image-7429 size-medium\" src=\"https:\/\/rafaramirez.org\/blog\/wp-content\/uploads\/2024\/12\/christmas-market-4705877-300x200.jpg\" alt=\"Mercado navide\u00f1o. Blog de Rafael Ram\u00edrez.\" width=\"300\" height=\"200\" srcset=\"https:\/\/rafaramirez.org\/blog\/wp-content\/uploads\/2024\/12\/christmas-market-4705877-300x200.jpg 300w, https:\/\/rafaramirez.org\/blog\/wp-content\/uploads\/2024\/12\/christmas-market-4705877-768x512.jpg 768w, https:\/\/rafaramirez.org\/blog\/wp-content\/uploads\/2024\/12\/christmas-market-4705877.jpg 1000w\" sizes=\"auto, (max-width: 300px) 100vw, 300px\" \/><\/a><figcaption id=\"caption-attachment-7429\" class=\"wp-caption-text\">Mercado navide\u00f1o. D\u00eda de Navidad. Blog de Rafael Ram\u00edrez.<\/figcaption><\/figure>\n<h3>Reflexi\u00f3n navide\u00f1a.<\/h3>\n<p>Sin duda, la Navidad es una festividad que trasciende las barreras culturales y religiosas, y su importancia radica en los valores universales que promueve. Es un momento para la reflexi\u00f3n, la gratitud y la renovaci\u00f3n de la esperanza. La Navidad nos invita a reconectar con nuestros seres queridos, a compartir momentos de alegr\u00eda y a practicar la generosidad y la solidaridad.<\/p>\n<p>En un mundo que a menudo se mueve a un ritmo fren\u00e9tico, la Navidad nos ofrece una pausa para valorar lo que realmente importa: las relaciones humanas, el amor y la compasi\u00f3n. Tambi\u00e9n es una oportunidad para recordar que, a pesar de las diferencias, todos compartimos la misma humanidad y podemos encontrar puntos en com\u00fan en la bondad y el deseo de un mundo mejor.<\/p>\n<p>Para los cristianos, la Navidad tiene un profundo significado espiritual, ya que celebra el nacimiento de Jesucristo, que representa la esperanza y la salvaci\u00f3n. Esta festividad nos recuerda la importancia de la fe y la espiritualidad en nuestras vidas y nos anima a vivir seg\u00fan los principios de paz y justicia.<\/p>\n<p>En resumen, la Navidad es mucho m\u00e1s que una celebraci\u00f3n: es un recordatorio de los valores que nos unen y nos inspiran para ser mejores personas. Es un momento para renovar nuestro compromiso con la bondad y la generosidad, y para sembrar semillas de amor y esperanza en el coraz\u00f3n de quienes nos rodean.<\/p>\n<figure id=\"attachment_7432\" aria-describedby=\"caption-attachment-7432\" style=\"width: 300px\" class=\"wp-caption aligncenter\"><a href=\"https:\/\/rafaramirez.org\/blog\/wp-content\/uploads\/2024\/12\/merry-christmas-2953721.jpg\" target=\"_blank\" rel=\"noopener\"><img loading=\"lazy\" decoding=\"async\" class=\"wp-image-7432 size-medium\" src=\"https:\/\/rafaramirez.org\/blog\/wp-content\/uploads\/2024\/12\/merry-christmas-2953721-300x207.jpg\" alt=\"Feliz Navidad. Blog de Rafael Ram\u00edrez.\" width=\"300\" height=\"207\" srcset=\"https:\/\/rafaramirez.org\/blog\/wp-content\/uploads\/2024\/12\/merry-christmas-2953721-300x207.jpg 300w, https:\/\/rafaramirez.org\/blog\/wp-content\/uploads\/2024\/12\/merry-christmas-2953721-768x529.jpg 768w, https:\/\/rafaramirez.org\/blog\/wp-content\/uploads\/2024\/12\/merry-christmas-2953721.jpg 1000w\" sizes=\"auto, (max-width: 300px) 100vw, 300px\" \/><\/a><figcaption id=\"caption-attachment-7432\" class=\"wp-caption-text\">Feliz Navidad. Blog de Rafael Ram\u00edrez.<\/figcaption><\/figure>\n<p>M\u00e1s informaci\u00f3n:<\/p>\n<ul>\n<li><a href=\"https:\/\/es.wikipedia.org\/wiki\/Navidad\" target=\"_blank\" rel=\"noopener\">Navidad &#8211; Wikipedia, la enciclopedia libre<\/a>.<\/li>\n<li><a href=\"https:\/\/www.andalucia.org\/ideas-e-inspiracion\/navidad\/\" target=\"_blank\" rel=\"noopener\">Navidad en Andaluc\u00eda<\/a>.<\/li>\n<li><a href=\"https:\/\/rafaramirez.org\/blog\/index.php\/category\/arte\/cine\/\" target=\"_blank\" rel=\"noopener\">Cine recomendado navide\u00f1o<\/a>.<\/li>\n<li><a href=\"https:\/\/rafaramirez.org\/blog\/index.php\/category\/arte\/efemerides\/\" target=\"_blank\" rel=\"noopener\">Otras efem\u00e9rides<\/a>.<\/li>\n<\/ul>\n","protected":false},"excerpt":{"rendered":"<p>La Navidad es, al mismo tiempo, memoria y presente: una celebraci\u00f3n que hunde sus ra\u00edces en la historia cristiana y que se ha transformado en un mosaico de rituales familiares, s\u00edmbolos culturales y gestos comunitarios. El 25 de diciembre se conmemora el nacimiento de Jesucristo, aunque la elecci\u00f3n de esta fecha no fue inmediata ni [&hellip;]<\/p>\n","protected":false},"author":1,"featured_media":11320,"comment_status":"open","ping_status":"closed","sticky":false,"template":"","format":"standard","meta":{"site-container-style":"default","site-container-layout":"default","site-sidebar-layout":"default","disable-article-header":"default","disable-site-header":"default","disable-site-footer":"default","disable-content-area-spacing":"default","_jetpack_newsletter_access":"","_jetpack_dont_email_post_to_subs":false,"_jetpack_newsletter_tier_id":0,"_jetpack_memberships_contains_paywalled_content":false,"_jetpack_feature_clip_id":0,"_jetpack_memberships_contains_paid_content":false,"footnotes":"","jetpack_publicize_message":"","jetpack_publicize_feature_enabled":true,"jetpack_social_post_already_shared":true,"jetpack_social_options":{"image_generator_settings":{"template":"highway","default_image_id":0,"font":"","enabled":false},"version":2},"jetpack_post_was_ever_published":false},"categories":[1291],"tags":[1348,68,3894,1323,3873,3895,3896,3868,3867],"class_list":["post-11316","post","type-post","status-publish","format-standard","has-post-thumbnail","hentry","category-efemerides","tag-25-de-diciembre","tag-blog-de-rafael-ramirez","tag-dia-de-navidad","tag-efemerides","tag-efemerides-en-diciembre","tag-nacimiento-de-jesucristo","tag-natividad","tag-saturnales","tag-saturnalia"],"yoast_head":"<!-- This site is optimized with the Yoast SEO plugin v28.3 - https:\/\/yoast.com\/product\/yoast-seo-wordpress\/ -->\n<title>D\u00eda de Navidad 2025: entre la memoria sagrada y el ritual cotidiano. - Blog de Rafael Ram\u00edrez<\/title>\n<meta name=\"description\" content=\"El D\u00eda de Navidad es, al mismo tiempo, memoria y presente: el 25 de diciembre se conmemora el nacimiento de Jesucristo, aunque la elecci\u00f3n de\" \/>\n<meta name=\"robots\" content=\"index, follow, max-snippet:-1, max-image-preview:large, max-video-preview:-1\" \/>\n<link rel=\"canonical\" href=\"https:\/\/rafaramirez.org\/blog\/index.php\/2025\/12\/25\/dia-de-navidad-2025-historia-y-rituales\/\" \/>\n<meta property=\"og:locale\" content=\"es_ES\" \/>\n<meta property=\"og:type\" content=\"article\" \/>\n<meta property=\"og:title\" content=\"D\u00eda de Navidad 2025: entre la memoria sagrada y el ritual cotidiano. - Blog de Rafael Ram\u00edrez\" \/>\n<meta property=\"og:description\" content=\"El D\u00eda de Navidad es, al mismo tiempo, memoria y presente: el 25 de diciembre se conmemora el nacimiento de Jesucristo, aunque la elecci\u00f3n de\" \/>\n<meta property=\"og:url\" content=\"https:\/\/rafaramirez.org\/blog\/index.php\/2025\/12\/25\/dia-de-navidad-2025-historia-y-rituales\/\" \/>\n<meta property=\"og:site_name\" content=\"Blog de Rafael Ram\u00edrez\" \/>\n<meta property=\"article:published_time\" content=\"2025-12-25T07:00:56+00:00\" \/>\n<meta property=\"og:image\" content=\"https:\/\/rafaramirez.org\/blog\/wp-content\/uploads\/2025\/12\/Dia-de-Navidad_bannerlog.jpg\" \/>\n\t<meta property=\"og:image:width\" content=\"720\" \/>\n\t<meta property=\"og:image:height\" content=\"440\" \/>\n\t<meta property=\"og:image:type\" content=\"image\/jpeg\" \/>\n<meta name=\"author\" content=\"Rafael Ram\u00edrez\" \/>\n<meta name=\"twitter:card\" content=\"summary_large_image\" \/>\n<meta name=\"twitter:creator\" content=\"@rafaramirez_ok\" \/>\n<meta name=\"twitter:site\" content=\"@rafaramirez_ok\" \/>\n<meta name=\"twitter:label1\" content=\"Escrito por\" \/>\n\t<meta name=\"twitter:data1\" content=\"Rafael Ram\u00edrez\" \/>\n\t<meta name=\"twitter:label2\" content=\"Tiempo de lectura\" \/>\n\t<meta name=\"twitter:data2\" content=\"7 minutos\" \/>\n<script type=\"application\/ld+json\" class=\"yoast-schema-graph\">{\"@context\":\"https:\\\/\\\/schema.org\",\"@graph\":[{\"@type\":\"Article\",\"@id\":\"https:\\\/\\\/rafaramirez.org\\\/blog\\\/index.php\\\/2025\\\/12\\\/25\\\/dia-de-navidad-2025-historia-y-rituales\\\/#article\",\"isPartOf\":{\"@id\":\"https:\\\/\\\/rafaramirez.org\\\/blog\\\/index.php\\\/2025\\\/12\\\/25\\\/dia-de-navidad-2025-historia-y-rituales\\\/\"},\"author\":{\"name\":\"Rafael Ram\u00edrez\",\"@id\":\"https:\\\/\\\/rafaramirez.org\\\/blog\\\/#\\\/schema\\\/person\\\/50f43b6d60c578760d4c17bda54ab6a5\"},\"headline\":\"D\u00eda de Navidad 2025: entre la memoria sagrada y el ritual cotidiano.\",\"datePublished\":\"2025-12-25T07:00:56+00:00\",\"mainEntityOfPage\":{\"@id\":\"https:\\\/\\\/rafaramirez.org\\\/blog\\\/index.php\\\/2025\\\/12\\\/25\\\/dia-de-navidad-2025-historia-y-rituales\\\/\"},\"wordCount\":1294,\"commentCount\":0,\"publisher\":{\"@id\":\"https:\\\/\\\/rafaramirez.org\\\/blog\\\/#\\\/schema\\\/person\\\/50f43b6d60c578760d4c17bda54ab6a5\"},\"image\":{\"@id\":\"https:\\\/\\\/rafaramirez.org\\\/blog\\\/index.php\\\/2025\\\/12\\\/25\\\/dia-de-navidad-2025-historia-y-rituales\\\/#primaryimage\"},\"thumbnailUrl\":\"https:\\\/\\\/rafaramirez.org\\\/blog\\\/wp-content\\\/uploads\\\/2025\\\/12\\\/Dia-de-Navidad_bannerlog.jpg\",\"keywords\":[\"25 de diciembre\",\"blog de Rafael Ram\u00edrez\",\"d\u00eda de Navidad\",\"efem\u00e9rides\",\"efem\u00e9rides en diciembre\",\"nacimiento de Jesucristo\",\"natividad\",\"Saturnales\",\"Saturnalia\"],\"articleSection\":[\"Efem\u00e9rides\"],\"inLanguage\":\"es\",\"potentialAction\":[{\"@type\":\"CommentAction\",\"name\":\"Comment\",\"target\":[\"https:\\\/\\\/rafaramirez.org\\\/blog\\\/index.php\\\/2025\\\/12\\\/25\\\/dia-de-navidad-2025-historia-y-rituales\\\/#respond\"]}]},{\"@type\":\"WebPage\",\"@id\":\"https:\\\/\\\/rafaramirez.org\\\/blog\\\/index.php\\\/2025\\\/12\\\/25\\\/dia-de-navidad-2025-historia-y-rituales\\\/\",\"url\":\"https:\\\/\\\/rafaramirez.org\\\/blog\\\/index.php\\\/2025\\\/12\\\/25\\\/dia-de-navidad-2025-historia-y-rituales\\\/\",\"name\":\"D\u00eda de Navidad 2025: entre la memoria sagrada y el ritual cotidiano. - Blog de Rafael Ram\u00edrez\",\"isPartOf\":{\"@id\":\"https:\\\/\\\/rafaramirez.org\\\/blog\\\/#website\"},\"primaryImageOfPage\":{\"@id\":\"https:\\\/\\\/rafaramirez.org\\\/blog\\\/index.php\\\/2025\\\/12\\\/25\\\/dia-de-navidad-2025-historia-y-rituales\\\/#primaryimage\"},\"image\":{\"@id\":\"https:\\\/\\\/rafaramirez.org\\\/blog\\\/index.php\\\/2025\\\/12\\\/25\\\/dia-de-navidad-2025-historia-y-rituales\\\/#primaryimage\"},\"thumbnailUrl\":\"https:\\\/\\\/rafaramirez.org\\\/blog\\\/wp-content\\\/uploads\\\/2025\\\/12\\\/Dia-de-Navidad_bannerlog.jpg\",\"datePublished\":\"2025-12-25T07:00:56+00:00\",\"description\":\"El D\u00eda de Navidad es, al mismo tiempo, memoria y presente: el 25 de diciembre se conmemora el nacimiento de Jesucristo, aunque la elecci\u00f3n de\",\"breadcrumb\":{\"@id\":\"https:\\\/\\\/rafaramirez.org\\\/blog\\\/index.php\\\/2025\\\/12\\\/25\\\/dia-de-navidad-2025-historia-y-rituales\\\/#breadcrumb\"},\"inLanguage\":\"es\",\"potentialAction\":[{\"@type\":\"ReadAction\",\"target\":[\"https:\\\/\\\/rafaramirez.org\\\/blog\\\/index.php\\\/2025\\\/12\\\/25\\\/dia-de-navidad-2025-historia-y-rituales\\\/\"]}]},{\"@type\":\"ImageObject\",\"inLanguage\":\"es\",\"@id\":\"https:\\\/\\\/rafaramirez.org\\\/blog\\\/index.php\\\/2025\\\/12\\\/25\\\/dia-de-navidad-2025-historia-y-rituales\\\/#primaryimage\",\"url\":\"https:\\\/\\\/rafaramirez.org\\\/blog\\\/wp-content\\\/uploads\\\/2025\\\/12\\\/Dia-de-Navidad_bannerlog.jpg\",\"contentUrl\":\"https:\\\/\\\/rafaramirez.org\\\/blog\\\/wp-content\\\/uploads\\\/2025\\\/12\\\/Dia-de-Navidad_bannerlog.jpg\",\"width\":720,\"height\":440,\"caption\":\"D\u00eda de Navidad 2025: entre la memoria sagrada y el ritual cotidiano. Blog de Rafael Ram\u00edrez.\"},{\"@type\":\"BreadcrumbList\",\"@id\":\"https:\\\/\\\/rafaramirez.org\\\/blog\\\/index.php\\\/2025\\\/12\\\/25\\\/dia-de-navidad-2025-historia-y-rituales\\\/#breadcrumb\",\"itemListElement\":[{\"@type\":\"ListItem\",\"position\":1,\"name\":\"Portada\",\"item\":\"https:\\\/\\\/rafaramirez.org\\\/blog\\\/\"},{\"@type\":\"ListItem\",\"position\":2,\"name\":\"D\u00eda de Navidad 2025: entre la memoria sagrada y el ritual cotidiano.\"}]},{\"@type\":\"WebSite\",\"@id\":\"https:\\\/\\\/rafaramirez.org\\\/blog\\\/#website\",\"url\":\"https:\\\/\\\/rafaramirez.org\\\/blog\\\/\",\"name\":\"Blog de Rafael Ram\u00edrez\",\"description\":\"Un sitio social, de arte y cultura\",\"publisher\":{\"@id\":\"https:\\\/\\\/rafaramirez.org\\\/blog\\\/#\\\/schema\\\/person\\\/50f43b6d60c578760d4c17bda54ab6a5\"},\"potentialAction\":[{\"@type\":\"SearchAction\",\"target\":{\"@type\":\"EntryPoint\",\"urlTemplate\":\"https:\\\/\\\/rafaramirez.org\\\/blog\\\/?s={search_term_string}\"},\"query-input\":{\"@type\":\"PropertyValueSpecification\",\"valueRequired\":true,\"valueName\":\"search_term_string\"}}],\"inLanguage\":\"es\"},{\"@type\":[\"Person\",\"Organization\"],\"@id\":\"https:\\\/\\\/rafaramirez.org\\\/blog\\\/#\\\/schema\\\/person\\\/50f43b6d60c578760d4c17bda54ab6a5\",\"name\":\"Rafael Ram\u00edrez\",\"image\":{\"@type\":\"ImageObject\",\"inLanguage\":\"es\",\"@id\":\"https:\\\/\\\/rafaramirez.org\\\/blog\\\/wp-content\\\/uploads\\\/2024\\\/09\\\/RR_socialnetwork.jpg\",\"url\":\"https:\\\/\\\/rafaramirez.org\\\/blog\\\/wp-content\\\/uploads\\\/2024\\\/09\\\/RR_socialnetwork.jpg\",\"contentUrl\":\"https:\\\/\\\/rafaramirez.org\\\/blog\\\/wp-content\\\/uploads\\\/2024\\\/09\\\/RR_socialnetwork.jpg\",\"width\":600,\"height\":606,\"caption\":\"Rafael Ram\u00edrez\"},\"logo\":{\"@id\":\"https:\\\/\\\/rafaramirez.org\\\/blog\\\/wp-content\\\/uploads\\\/2024\\\/09\\\/RR_socialnetwork.jpg\"},\"sameAs\":[\"https:\\\/\\\/www.rafaramirez.org\\\/blog\",\"https:\\\/\\\/www.instagram.com\\\/rafaramirez_ok\\\/\",\"https:\\\/\\\/es.pinterest.com\\\/Ramirez_Rafa\\\/\",\"https:\\\/\\\/x.com\\\/rafaramirez_ok\"],\"url\":\"https:\\\/\\\/rafaramirez.org\\\/blog\\\/index.php\\\/author\\\/rafaell_qm6j97da\\\/\"}]}<\/script>\n<!-- \/ Yoast SEO plugin. -->","yoast_head_json":{"title":"D\u00eda de Navidad 2025: entre la memoria sagrada y el ritual cotidiano. - Blog de Rafael Ram\u00edrez","description":"El D\u00eda de Navidad es, al mismo tiempo, memoria y presente: el 25 de diciembre se conmemora el nacimiento de Jesucristo, aunque la elecci\u00f3n de","robots":{"index":"index","follow":"follow","max-snippet":"max-snippet:-1","max-image-preview":"max-image-preview:large","max-video-preview":"max-video-preview:-1"},"canonical":"https:\/\/rafaramirez.org\/blog\/index.php\/2025\/12\/25\/dia-de-navidad-2025-historia-y-rituales\/","og_locale":"es_ES","og_type":"article","og_title":"D\u00eda de Navidad 2025: entre la memoria sagrada y el ritual cotidiano. - Blog de Rafael Ram\u00edrez","og_description":"El D\u00eda de Navidad es, al mismo tiempo, memoria y presente: el 25 de diciembre se conmemora el nacimiento de Jesucristo, aunque la elecci\u00f3n de","og_url":"https:\/\/rafaramirez.org\/blog\/index.php\/2025\/12\/25\/dia-de-navidad-2025-historia-y-rituales\/","og_site_name":"Blog de Rafael Ram\u00edrez","article_published_time":"2025-12-25T07:00:56+00:00","og_image":[{"width":720,"height":440,"url":"https:\/\/rafaramirez.org\/blog\/wp-content\/uploads\/2025\/12\/Dia-de-Navidad_bannerlog.jpg","type":"image\/jpeg"}],"author":"Rafael Ram\u00edrez","twitter_card":"summary_large_image","twitter_creator":"@rafaramirez_ok","twitter_site":"@rafaramirez_ok","twitter_misc":{"Escrito por":"Rafael Ram\u00edrez","Tiempo de lectura":"7 minutos"},"schema":{"@context":"https:\/\/schema.org","@graph":[{"@type":"Article","@id":"https:\/\/rafaramirez.org\/blog\/index.php\/2025\/12\/25\/dia-de-navidad-2025-historia-y-rituales\/#article","isPartOf":{"@id":"https:\/\/rafaramirez.org\/blog\/index.php\/2025\/12\/25\/dia-de-navidad-2025-historia-y-rituales\/"},"author":{"name":"Rafael Ram\u00edrez","@id":"https:\/\/rafaramirez.org\/blog\/#\/schema\/person\/50f43b6d60c578760d4c17bda54ab6a5"},"headline":"D\u00eda de Navidad 2025: entre la memoria sagrada y el ritual cotidiano.","datePublished":"2025-12-25T07:00:56+00:00","mainEntityOfPage":{"@id":"https:\/\/rafaramirez.org\/blog\/index.php\/2025\/12\/25\/dia-de-navidad-2025-historia-y-rituales\/"},"wordCount":1294,"commentCount":0,"publisher":{"@id":"https:\/\/rafaramirez.org\/blog\/#\/schema\/person\/50f43b6d60c578760d4c17bda54ab6a5"},"image":{"@id":"https:\/\/rafaramirez.org\/blog\/index.php\/2025\/12\/25\/dia-de-navidad-2025-historia-y-rituales\/#primaryimage"},"thumbnailUrl":"https:\/\/rafaramirez.org\/blog\/wp-content\/uploads\/2025\/12\/Dia-de-Navidad_bannerlog.jpg","keywords":["25 de diciembre","blog de Rafael Ram\u00edrez","d\u00eda de Navidad","efem\u00e9rides","efem\u00e9rides en diciembre","nacimiento de Jesucristo","natividad","Saturnales","Saturnalia"],"articleSection":["Efem\u00e9rides"],"inLanguage":"es","potentialAction":[{"@type":"CommentAction","name":"Comment","target":["https:\/\/rafaramirez.org\/blog\/index.php\/2025\/12\/25\/dia-de-navidad-2025-historia-y-rituales\/#respond"]}]},{"@type":"WebPage","@id":"https:\/\/rafaramirez.org\/blog\/index.php\/2025\/12\/25\/dia-de-navidad-2025-historia-y-rituales\/","url":"https:\/\/rafaramirez.org\/blog\/index.php\/2025\/12\/25\/dia-de-navidad-2025-historia-y-rituales\/","name":"D\u00eda de Navidad 2025: entre la memoria sagrada y el ritual cotidiano. - Blog de Rafael Ram\u00edrez","isPartOf":{"@id":"https:\/\/rafaramirez.org\/blog\/#website"},"primaryImageOfPage":{"@id":"https:\/\/rafaramirez.org\/blog\/index.php\/2025\/12\/25\/dia-de-navidad-2025-historia-y-rituales\/#primaryimage"},"image":{"@id":"https:\/\/rafaramirez.org\/blog\/index.php\/2025\/12\/25\/dia-de-navidad-2025-historia-y-rituales\/#primaryimage"},"thumbnailUrl":"https:\/\/rafaramirez.org\/blog\/wp-content\/uploads\/2025\/12\/Dia-de-Navidad_bannerlog.jpg","datePublished":"2025-12-25T07:00:56+00:00","description":"El D\u00eda de Navidad es, al mismo tiempo, memoria y presente: el 25 de diciembre se conmemora el nacimiento de Jesucristo, aunque la elecci\u00f3n de","breadcrumb":{"@id":"https:\/\/rafaramirez.org\/blog\/index.php\/2025\/12\/25\/dia-de-navidad-2025-historia-y-rituales\/#breadcrumb"},"inLanguage":"es","potentialAction":[{"@type":"ReadAction","target":["https:\/\/rafaramirez.org\/blog\/index.php\/2025\/12\/25\/dia-de-navidad-2025-historia-y-rituales\/"]}]},{"@type":"ImageObject","inLanguage":"es","@id":"https:\/\/rafaramirez.org\/blog\/index.php\/2025\/12\/25\/dia-de-navidad-2025-historia-y-rituales\/#primaryimage","url":"https:\/\/rafaramirez.org\/blog\/wp-content\/uploads\/2025\/12\/Dia-de-Navidad_bannerlog.jpg","contentUrl":"https:\/\/rafaramirez.org\/blog\/wp-content\/uploads\/2025\/12\/Dia-de-Navidad_bannerlog.jpg","width":720,"height":440,"caption":"D\u00eda de Navidad 2025: entre la memoria sagrada y el ritual cotidiano. Blog de Rafael Ram\u00edrez."},{"@type":"BreadcrumbList","@id":"https:\/\/rafaramirez.org\/blog\/index.php\/2025\/12\/25\/dia-de-navidad-2025-historia-y-rituales\/#breadcrumb","itemListElement":[{"@type":"ListItem","position":1,"name":"Portada","item":"https:\/\/rafaramirez.org\/blog\/"},{"@type":"ListItem","position":2,"name":"D\u00eda de Navidad 2025: entre la memoria sagrada y el ritual cotidiano."}]},{"@type":"WebSite","@id":"https:\/\/rafaramirez.org\/blog\/#website","url":"https:\/\/rafaramirez.org\/blog\/","name":"Blog de Rafael Ram\u00edrez","description":"Un sitio social, de arte y cultura","publisher":{"@id":"https:\/\/rafaramirez.org\/blog\/#\/schema\/person\/50f43b6d60c578760d4c17bda54ab6a5"},"potentialAction":[{"@type":"SearchAction","target":{"@type":"EntryPoint","urlTemplate":"https:\/\/rafaramirez.org\/blog\/?s={search_term_string}"},"query-input":{"@type":"PropertyValueSpecification","valueRequired":true,"valueName":"search_term_string"}}],"inLanguage":"es"},{"@type":["Person","Organization"],"@id":"https:\/\/rafaramirez.org\/blog\/#\/schema\/person\/50f43b6d60c578760d4c17bda54ab6a5","name":"Rafael Ram\u00edrez","image":{"@type":"ImageObject","inLanguage":"es","@id":"https:\/\/rafaramirez.org\/blog\/wp-content\/uploads\/2024\/09\/RR_socialnetwork.jpg","url":"https:\/\/rafaramirez.org\/blog\/wp-content\/uploads\/2024\/09\/RR_socialnetwork.jpg","contentUrl":"https:\/\/rafaramirez.org\/blog\/wp-content\/uploads\/2024\/09\/RR_socialnetwork.jpg","width":600,"height":606,"caption":"Rafael Ram\u00edrez"},"logo":{"@id":"https:\/\/rafaramirez.org\/blog\/wp-content\/uploads\/2024\/09\/RR_socialnetwork.jpg"},"sameAs":["https:\/\/www.rafaramirez.org\/blog","https:\/\/www.instagram.com\/rafaramirez_ok\/","https:\/\/es.pinterest.com\/Ramirez_Rafa\/","https:\/\/x.com\/rafaramirez_ok"],"url":"https:\/\/rafaramirez.org\/blog\/index.php\/author\/rafaell_qm6j97da\/"}]}},"jetpack_publicize_connections":[],"jetpack_sharing_enabled":true,"jetpack_likes_enabled":true,"jetpack_featured_media_url":"https:\/\/rafaramirez.org\/blog\/wp-content\/uploads\/2025\/12\/Dia-de-Navidad_bannerlog.jpg","_links":{"self":[{"href":"https:\/\/rafaramirez.org\/blog\/index.php\/wp-json\/wp\/v2\/posts\/11316","targetHints":{"allow":["GET"]}}],"collection":[{"href":"https:\/\/rafaramirez.org\/blog\/index.php\/wp-json\/wp\/v2\/posts"}],"about":[{"href":"https:\/\/rafaramirez.org\/blog\/index.php\/wp-json\/wp\/v2\/types\/post"}],"author":[{"embeddable":true,"href":"https:\/\/rafaramirez.org\/blog\/index.php\/wp-json\/wp\/v2\/users\/1"}],"replies":[{"embeddable":true,"href":"https:\/\/rafaramirez.org\/blog\/index.php\/wp-json\/wp\/v2\/comments?post=11316"}],"version-history":[{"count":6,"href":"https:\/\/rafaramirez.org\/blog\/index.php\/wp-json\/wp\/v2\/posts\/11316\/revisions"}],"predecessor-version":[{"id":11323,"href":"https:\/\/rafaramirez.org\/blog\/index.php\/wp-json\/wp\/v2\/posts\/11316\/revisions\/11323"}],"wp:featuredmedia":[{"embeddable":true,"href":"https:\/\/rafaramirez.org\/blog\/index.php\/wp-json\/wp\/v2\/media\/11320"}],"wp:attachment":[{"href":"https:\/\/rafaramirez.org\/blog\/index.php\/wp-json\/wp\/v2\/media?parent=11316"}],"wp:term":[{"taxonomy":"category","embeddable":true,"href":"https:\/\/rafaramirez.org\/blog\/index.php\/wp-json\/wp\/v2\/categories?post=11316"},{"taxonomy":"post_tag","embeddable":true,"href":"https:\/\/rafaramirez.org\/blog\/index.php\/wp-json\/wp\/v2\/tags?post=11316"}],"curies":[{"name":"wp","href":"https:\/\/api.w.org\/{rel}","templated":true}]}}