{"id":11306,"date":"2025-12-24T08:00:31","date_gmt":"2025-12-24T07:00:31","guid":{"rendered":"https:\/\/rafaramirez.org\/blog\/?p=11306"},"modified":"2025-12-24T08:21:33","modified_gmt":"2025-12-24T07:21:33","slug":"nochebuena-2025-ritual-e-historia","status":"publish","type":"post","link":"https:\/\/rafaramirez.org\/blog\/index.php\/2025\/12\/24\/nochebuena-2025-ritual-e-historia\/","title":{"rendered":"Nochebuena 2025: el ritual de estar juntos. Historia y tradiciones."},"content":{"rendered":"<p>La Nochebuena se celebra principalmente para conmemorar el nacimiento de Jes\u00fas, que, seg\u00fan la tradici\u00f3n cristiana, tuvo lugar la noche del 24 de diciembre.<\/p>\n<p>La historia de la Nochebuena est\u00e1 llena de s\u00edmbolos religiosos y tradiciones culturales. En el calendario cristiano, el 24 de diciembre se convirti\u00f3 en la v\u00edspera de Navidad, la noche en la que se espera el nacimiento de Jes\u00fas en Bel\u00e9n. La Iglesia estableci\u00f3 oficialmente el 25 de diciembre como fecha de la Natividad y la Nochebuena se transform\u00f3 en un tiempo de preparaci\u00f3n espiritual y comunitaria.<\/p>\n<p>Uno de los elementos m\u00e1s antiguos asociados a esta celebraci\u00f3n es la Misa del Gallo, que se celebra a medianoche. Su origen se remonta a la tradici\u00f3n de los pastores, que seg\u00fan los evangelios fueron los primeros en recibir el anuncio del nacimiento de Cristo. La misa simboliza la espera vigilante y la alegr\u00eda del amanecer de un tiempo nuevo.<\/p>\n<p>Es una noche para la reflexi\u00f3n, la reuni\u00f3n familiar y la celebraci\u00f3n conjunta. A continuaci\u00f3n, te ofrezco algunos detalles sobre esta celebraci\u00f3n:<\/p>\n<ul>\n<li><strong>Nacimiento de Jes\u00fas:<\/strong> la Nochebuena marca el inicio de la Navidad, en la que se celebra el nacimiento de Jes\u00fas en Bel\u00e9n. Para los cristianos, es un momento de gran importancia religiosa.<\/li>\n<li><strong>Uni\u00f3n familiar:<\/strong> es una ocasi\u00f3n para reunir a la familia y compartir una cena especial. La Nochebuena fomenta la uni\u00f3n y el fortalecimiento de los lazos familiares.<\/li>\n<li><strong>Tradiciones y costumbres:<\/strong> a lo largo de los siglos se han desarrollado diversas tradiciones y costumbres en torno a la Nochebuena, como la Misa del Gallo, los villancicos y las decoraciones navide\u00f1as.<\/li>\n<li><strong>Reflexi\u00f3n y gratitud:<\/strong> es un momento para reflexionar sobre el a\u00f1o que ha pasado, dar las gracias por las bendiciones recibidas y compartir con los seres queridos.<\/li>\n<\/ul>\n<p>La Nochebuena es una celebraci\u00f3n que combina elementos religiosos, culturales y familiares y que crea un ambiente de alegr\u00eda y esperanza. Es m\u00e1s que una fecha en el calendario: es un rito compartido que condensa la memoria de generaciones y la expectativa de un momento de plenitud. En muchos hogares, se convierte en el momento \u00e1lgido de las fiestas. No se trata solo de la cena, del \u00e1rbol iluminado o de los villancicos que se repiten cada a\u00f1o, sino de la sensaci\u00f3n de que el tiempo se detiene para dejar espacio a la intimidad, a la reuni\u00f3n y a la pausa en medio de la vor\u00e1gine cotidiana.<\/p>\n<figure id=\"attachment_7417\" aria-describedby=\"caption-attachment-7417\" style=\"width: 300px\" class=\"wp-caption aligncenter\"><a href=\"https:\/\/rafaramirez.org\/blog\/wp-content\/uploads\/2024\/12\/6871485.jpg\" target=\"_blank\" rel=\"noopener\"><img loading=\"lazy\" decoding=\"async\" class=\"wp-image-7417 size-medium\" src=\"https:\/\/rafaramirez.org\/blog\/wp-content\/uploads\/2024\/12\/6871485-300x283.jpg\" alt=\"Nochebuena 24 de diciembre. Blog de Rafael Ram\u00edrez.\" width=\"300\" height=\"283\" srcset=\"https:\/\/rafaramirez.org\/blog\/wp-content\/uploads\/2024\/12\/6871485-300x283.jpg 300w, https:\/\/rafaramirez.org\/blog\/wp-content\/uploads\/2024\/12\/6871485-768x725.jpg 768w, https:\/\/rafaramirez.org\/blog\/wp-content\/uploads\/2024\/12\/6871485.jpg 1000w\" sizes=\"auto, (max-width: 300px) 100vw, 300px\" \/><\/a><figcaption id=\"caption-attachment-7417\" class=\"wp-caption-text\">Nochebuena 24 de diciembre. Blog de Rafael Ram\u00edrez.<\/figcaption><\/figure>\n<h3>Nochebuena en Andaluc\u00eda (Espa\u00f1a).<\/h3>\n<p>En Espa\u00f1a y en muchos otros pa\u00edses de habla hispana, la Nochebuena se celebra alrededor de la mesa. La Nochebuena en Andaluc\u00eda es una celebraci\u00f3n llena de tradiciones y alegr\u00eda. A continuaci\u00f3n, te muestro algunos aspectos destacados:<\/p>\n<ul>\n<li><strong>Cena familiar:<\/strong> como en el resto del mundo, en Andaluc\u00eda la Nochebuena es una ocasi\u00f3n para reunirse con la familia y disfrutar de una cena especial. Los platos t\u00edpicos incluyen pavo, cordero, marisco y dulces como el turr\u00f3n y los polvorones.<\/li>\n<li><strong>Villancicos:<\/strong> es costumbre cantar villancicos, canciones navide\u00f1as tradicionales. Muchas familias se re\u00fanen alrededor del bel\u00e9n o del \u00e1rbol de Navidad para cantarlos juntos.<\/li>\n<li><strong>Misa del Gallo:<\/strong> tambi\u00e9n en Andaluc\u00eda, muchas personas asisten a la Misa del Gallo a medianoche, una misa especial que conmemora el nacimiento de Jes\u00fas. Es una tradici\u00f3n muy arraigada en la cultura andaluza.<\/li>\n<li><strong>Zambombas:<\/strong> en algunas localidades, especialmente en Jerez de la Frontera, se celebran las zambombas, que son fiestas populares en las que se canta y se toca la zambomba, un instrumento tradicional.<\/li>\n<li><strong>Decoraciones:<\/strong> Las calles y las casas se llenan de luces y decoraciones navide\u00f1as. Los belenes, que representan el nacimiento de Jes\u00fas, son muy populares y se pueden ver en muchas plazas y hogares.<\/li>\n<\/ul>\n<p>La Nochebuena en Andaluc\u00eda es una mezcla de tradiciones, m\u00fasica y gastronom\u00eda que crea un ambiente muy especial y festivo. Sin embargo, lo m\u00e1s profundo es la experiencia de estar juntos. La Nochebuena es un recordatorio de que la familia, sea de sangre o elegida, se convierte en refugio. Es la ocasi\u00f3n de reencontrarse, de reconciliarse y de compartir historias que se repiten cada a\u00f1o, pero que nunca pierden su encanto. En este sentido, la Nochebuena es tanto una celebraci\u00f3n como una confesi\u00f3n: se abre un espacio para la vulnerabilidad, para el agradecimiento y para la conciencia de que los momentos compartidos son fugaces y, por eso mismo, preciosos.<\/p>\n<p>As\u00ed, la Nochebuena se convierte en un reflejo de lo que cada uno valora. Para algunos, es la fe; para otros, la tradici\u00f3n; y para otros, simplemente, la oportunidad de detenerse y observar a los suyos con m\u00e1s atenci\u00f3n. Lo cierto es que, m\u00e1s all\u00e1 de las diferencias, la noche del 24 de diciembre sigue siendo un s\u00edmbolo universal de reuni\u00f3n, calor humano y esperanza renovada. En ella se condensa la paradoja de lo ef\u00edmero y lo eterno: un instante que pasa r\u00e1pido, pero que se guarda en la memoria como si durara toda la vida.<\/p>\n<figure id=\"attachment_7419\" aria-describedby=\"caption-attachment-7419\" style=\"width: 300px\" class=\"wp-caption aligncenter\"><a href=\"https:\/\/rafaramirez.org\/blog\/wp-content\/uploads\/2024\/12\/christmas-3866464.jpg\" target=\"_blank\" rel=\"noopener\"><img loading=\"lazy\" decoding=\"async\" class=\"wp-image-7419 size-medium\" src=\"https:\/\/rafaramirez.org\/blog\/wp-content\/uploads\/2024\/12\/christmas-3866464-300x200.jpg\" alt=\"Nochebuena 24 de diciembre. Blog de Rafael Ram\u00edrez.\" width=\"300\" height=\"200\" srcset=\"https:\/\/rafaramirez.org\/blog\/wp-content\/uploads\/2024\/12\/christmas-3866464-300x200.jpg 300w, https:\/\/rafaramirez.org\/blog\/wp-content\/uploads\/2024\/12\/christmas-3866464-768x512.jpg 768w, https:\/\/rafaramirez.org\/blog\/wp-content\/uploads\/2024\/12\/christmas-3866464.jpg 1000w\" sizes=\"auto, (max-width: 300px) 100vw, 300px\" \/><\/a><figcaption id=\"caption-attachment-7419\" class=\"wp-caption-text\">Nochebuena 24 de diciembre. Blog de Rafael Ram\u00edrez.<\/figcaption><\/figure>\n<h3>Reflexiones para la v\u00edspera de Navidad.<\/h3>\n<p>La Nochebuena es una noche m\u00e1gica que nos invita a reflexionar sobre el verdadero sentido de la Navidad. M\u00e1s all\u00e1 de los regalos y las luces, es un momento para valorar la importancia de la familia, la generosidad y la esperanza. Es una oportunidad para detenernos y apreciar las peque\u00f1as cosas que a menudo damos por sentado: una cena compartida, una sonrisa, un abrazo.<\/p>\n<p>En un mundo que a veces parece ca\u00f3tico y acelerado, la Nochebuena nos recuerda la belleza de la simplicidad y la calidez de estar con nuestros seres queridos. Es un momento para renovar nuestros lazos, perdonar y dar las gracias por lo que tenemos.<\/p>\n<p>La Nochebuena tambi\u00e9n nos invita a mirar hacia el futuro con optimismo, a so\u00f1ar con un mundo mejor y a comprometernos a ser una luz en la vida de los dem\u00e1s. Es una noche para recordar que, aunque las circunstancias cambien, el esp\u00edritu navide\u00f1o siempre nos acompa\u00f1ar\u00e1, llen\u00e1ndonos de amor y esperanza.<\/p>\n<p>M\u00e1s informaci\u00f3n:<\/p>\n<ul>\n<li><a href=\"https:\/\/es.wikipedia.org\/wiki\/Nochebuena\" target=\"_blank\" rel=\"noopener\">Nochebuena &#8211; Wikipedia, la enciclopedia libre<\/a>.<\/li>\n<li><a href=\"https:\/\/rafaramirez.org\/blog\/index.php\/category\/arte\/cine\/\" target=\"_blank\" rel=\"noopener\">Cine recomendado navide\u00f1o<\/a>.<\/li>\n<li><a href=\"https:\/\/rafaramirez.org\/blog\/index.php\/category\/arte\/efemerides\/\" target=\"_blank\" rel=\"noopener\">Otras efem\u00e9rides<\/a>.<\/li>\n<\/ul>\n","protected":false},"excerpt":{"rendered":"<p>La Nochebuena se celebra principalmente para conmemorar el nacimiento de Jes\u00fas, que, seg\u00fan la tradici\u00f3n cristiana, tuvo lugar la noche del 24 de diciembre. La historia de la Nochebuena est\u00e1 llena de s\u00edmbolos religiosos y tradiciones culturales. En el calendario cristiano, el 24 de diciembre se convirti\u00f3 en la v\u00edspera de Navidad, la noche en [&hellip;]<\/p>\n","protected":false},"author":1,"featured_media":11309,"comment_status":"open","ping_status":"closed","sticky":false,"template":"","format":"standard","meta":{"site-container-style":"default","site-container-layout":"default","site-sidebar-layout":"default","disable-article-header":"default","disable-site-header":"default","disable-site-footer":"default","disable-content-area-spacing":"default","_jetpack_newsletter_access":"","_jetpack_dont_email_post_to_subs":false,"_jetpack_newsletter_tier_id":0,"_jetpack_memberships_contains_paywalled_content":false,"_jetpack_feature_clip_id":0,"_jetpack_memberships_contains_paid_content":false,"footnotes":"","jetpack_publicize_message":"","jetpack_publicize_feature_enabled":true,"jetpack_social_post_already_shared":true,"jetpack_social_options":{"image_generator_settings":{"template":"highway","default_image_id":0,"font":"","enabled":false},"version":2},"jetpack_post_was_ever_published":false},"categories":[1291],"tags":[3892,68,1323,3893,603,3891],"class_list":["post-11306","post","type-post","status-publish","format-standard","has-post-thumbnail","hentry","category-efemerides","tag-24-de-diciembre","tag-blog-de-rafael-ramirez","tag-efemerides","tag-misa-del-gallo","tag-navidad","tag-nochebuena"],"yoast_head":"<!-- This site is optimized with the Yoast SEO plugin v28.3 - https:\/\/yoast.com\/product\/yoast-seo-wordpress\/ -->\n<title>Nochebuena 2025: el ritual de estar juntos. Historia y tradiciones. - Blog de Rafael Ram\u00edrez<\/title>\n<meta name=\"description\" content=\"La Nochebuena se celebra principalmente para conmemorar el nacimiento de Jes\u00fas, que seg\u00fan la tradici\u00f3n cristiana, ocurri\u00f3 el 24 de diciembre.\" \/>\n<meta name=\"robots\" content=\"index, follow, max-snippet:-1, max-image-preview:large, max-video-preview:-1\" \/>\n<link rel=\"canonical\" href=\"https:\/\/rafaramirez.org\/blog\/index.php\/2025\/12\/24\/nochebuena-2025-ritual-e-historia\/\" \/>\n<meta property=\"og:locale\" content=\"es_ES\" \/>\n<meta property=\"og:type\" content=\"article\" \/>\n<meta property=\"og:title\" content=\"Nochebuena 2025: el ritual de estar juntos. Historia y tradiciones. - Blog de Rafael Ram\u00edrez\" \/>\n<meta property=\"og:description\" content=\"La Nochebuena se celebra principalmente para conmemorar el nacimiento de Jes\u00fas, que seg\u00fan la tradici\u00f3n cristiana, ocurri\u00f3 el 24 de diciembre.\" \/>\n<meta property=\"og:url\" content=\"https:\/\/rafaramirez.org\/blog\/index.php\/2025\/12\/24\/nochebuena-2025-ritual-e-historia\/\" \/>\n<meta property=\"og:site_name\" content=\"Blog de Rafael Ram\u00edrez\" \/>\n<meta property=\"article:published_time\" content=\"2025-12-24T07:00:31+00:00\" \/>\n<meta property=\"article:modified_time\" content=\"2025-12-24T07:21:33+00:00\" \/>\n<meta property=\"og:image\" content=\"https:\/\/rafaramirez.org\/blog\/wp-content\/uploads\/2025\/12\/Nochebuena_bannerlog.jpg\" \/>\n\t<meta property=\"og:image:width\" content=\"720\" \/>\n\t<meta property=\"og:image:height\" content=\"440\" \/>\n\t<meta property=\"og:image:type\" content=\"image\/jpeg\" \/>\n<meta name=\"author\" content=\"Rafael Ram\u00edrez\" \/>\n<meta name=\"twitter:card\" content=\"summary_large_image\" \/>\n<meta name=\"twitter:creator\" content=\"@rafaramirez_ok\" \/>\n<meta name=\"twitter:site\" content=\"@rafaramirez_ok\" \/>\n<meta name=\"twitter:label1\" content=\"Escrito por\" \/>\n\t<meta name=\"twitter:data1\" content=\"Rafael Ram\u00edrez\" \/>\n\t<meta name=\"twitter:label2\" content=\"Tiempo de lectura\" \/>\n\t<meta name=\"twitter:data2\" content=\"6 minutos\" \/>\n<script type=\"application\/ld+json\" class=\"yoast-schema-graph\">{\"@context\":\"https:\\\/\\\/schema.org\",\"@graph\":[{\"@type\":\"Article\",\"@id\":\"https:\\\/\\\/rafaramirez.org\\\/blog\\\/index.php\\\/2025\\\/12\\\/24\\\/nochebuena-2025-ritual-e-historia\\\/#article\",\"isPartOf\":{\"@id\":\"https:\\\/\\\/rafaramirez.org\\\/blog\\\/index.php\\\/2025\\\/12\\\/24\\\/nochebuena-2025-ritual-e-historia\\\/\"},\"author\":{\"name\":\"Rafael Ram\u00edrez\",\"@id\":\"https:\\\/\\\/rafaramirez.org\\\/blog\\\/#\\\/schema\\\/person\\\/50f43b6d60c578760d4c17bda54ab6a5\"},\"headline\":\"Nochebuena 2025: el ritual de estar juntos. Historia y tradiciones.\",\"datePublished\":\"2025-12-24T07:00:31+00:00\",\"dateModified\":\"2025-12-24T07:21:33+00:00\",\"mainEntityOfPage\":{\"@id\":\"https:\\\/\\\/rafaramirez.org\\\/blog\\\/index.php\\\/2025\\\/12\\\/24\\\/nochebuena-2025-ritual-e-historia\\\/\"},\"wordCount\":1107,\"commentCount\":0,\"publisher\":{\"@id\":\"https:\\\/\\\/rafaramirez.org\\\/blog\\\/#\\\/schema\\\/person\\\/50f43b6d60c578760d4c17bda54ab6a5\"},\"image\":{\"@id\":\"https:\\\/\\\/rafaramirez.org\\\/blog\\\/index.php\\\/2025\\\/12\\\/24\\\/nochebuena-2025-ritual-e-historia\\\/#primaryimage\"},\"thumbnailUrl\":\"https:\\\/\\\/rafaramirez.org\\\/blog\\\/wp-content\\\/uploads\\\/2025\\\/12\\\/Nochebuena_bannerlog.jpg\",\"keywords\":[\"24 de diciembre\",\"blog de Rafael Ram\u00edrez\",\"efem\u00e9rides\",\"misa del gallo\",\"navidad\",\"Nochebuena\"],\"articleSection\":[\"Efem\u00e9rides\"],\"inLanguage\":\"es\",\"potentialAction\":[{\"@type\":\"CommentAction\",\"name\":\"Comment\",\"target\":[\"https:\\\/\\\/rafaramirez.org\\\/blog\\\/index.php\\\/2025\\\/12\\\/24\\\/nochebuena-2025-ritual-e-historia\\\/#respond\"]}]},{\"@type\":\"WebPage\",\"@id\":\"https:\\\/\\\/rafaramirez.org\\\/blog\\\/index.php\\\/2025\\\/12\\\/24\\\/nochebuena-2025-ritual-e-historia\\\/\",\"url\":\"https:\\\/\\\/rafaramirez.org\\\/blog\\\/index.php\\\/2025\\\/12\\\/24\\\/nochebuena-2025-ritual-e-historia\\\/\",\"name\":\"Nochebuena 2025: el ritual de estar juntos. Historia y tradiciones. - Blog de Rafael Ram\u00edrez\",\"isPartOf\":{\"@id\":\"https:\\\/\\\/rafaramirez.org\\\/blog\\\/#website\"},\"primaryImageOfPage\":{\"@id\":\"https:\\\/\\\/rafaramirez.org\\\/blog\\\/index.php\\\/2025\\\/12\\\/24\\\/nochebuena-2025-ritual-e-historia\\\/#primaryimage\"},\"image\":{\"@id\":\"https:\\\/\\\/rafaramirez.org\\\/blog\\\/index.php\\\/2025\\\/12\\\/24\\\/nochebuena-2025-ritual-e-historia\\\/#primaryimage\"},\"thumbnailUrl\":\"https:\\\/\\\/rafaramirez.org\\\/blog\\\/wp-content\\\/uploads\\\/2025\\\/12\\\/Nochebuena_bannerlog.jpg\",\"datePublished\":\"2025-12-24T07:00:31+00:00\",\"dateModified\":\"2025-12-24T07:21:33+00:00\",\"description\":\"La Nochebuena se celebra principalmente para conmemorar el nacimiento de Jes\u00fas, que seg\u00fan la tradici\u00f3n cristiana, ocurri\u00f3 el 24 de diciembre.\",\"breadcrumb\":{\"@id\":\"https:\\\/\\\/rafaramirez.org\\\/blog\\\/index.php\\\/2025\\\/12\\\/24\\\/nochebuena-2025-ritual-e-historia\\\/#breadcrumb\"},\"inLanguage\":\"es\",\"potentialAction\":[{\"@type\":\"ReadAction\",\"target\":[\"https:\\\/\\\/rafaramirez.org\\\/blog\\\/index.php\\\/2025\\\/12\\\/24\\\/nochebuena-2025-ritual-e-historia\\\/\"]}]},{\"@type\":\"ImageObject\",\"inLanguage\":\"es\",\"@id\":\"https:\\\/\\\/rafaramirez.org\\\/blog\\\/index.php\\\/2025\\\/12\\\/24\\\/nochebuena-2025-ritual-e-historia\\\/#primaryimage\",\"url\":\"https:\\\/\\\/rafaramirez.org\\\/blog\\\/wp-content\\\/uploads\\\/2025\\\/12\\\/Nochebuena_bannerlog.jpg\",\"contentUrl\":\"https:\\\/\\\/rafaramirez.org\\\/blog\\\/wp-content\\\/uploads\\\/2025\\\/12\\\/Nochebuena_bannerlog.jpg\",\"width\":720,\"height\":440,\"caption\":\"Nochebuena 2025: el ritual de estar juntos. Historia y tradiciones. Blog de Rafael Ram\u00edrez.\"},{\"@type\":\"BreadcrumbList\",\"@id\":\"https:\\\/\\\/rafaramirez.org\\\/blog\\\/index.php\\\/2025\\\/12\\\/24\\\/nochebuena-2025-ritual-e-historia\\\/#breadcrumb\",\"itemListElement\":[{\"@type\":\"ListItem\",\"position\":1,\"name\":\"Portada\",\"item\":\"https:\\\/\\\/rafaramirez.org\\\/blog\\\/\"},{\"@type\":\"ListItem\",\"position\":2,\"name\":\"Nochebuena 2025: el ritual de estar juntos. Historia y tradiciones.\"}]},{\"@type\":\"WebSite\",\"@id\":\"https:\\\/\\\/rafaramirez.org\\\/blog\\\/#website\",\"url\":\"https:\\\/\\\/rafaramirez.org\\\/blog\\\/\",\"name\":\"Blog de Rafael Ram\u00edrez\",\"description\":\"Un sitio social, de arte y cultura\",\"publisher\":{\"@id\":\"https:\\\/\\\/rafaramirez.org\\\/blog\\\/#\\\/schema\\\/person\\\/50f43b6d60c578760d4c17bda54ab6a5\"},\"potentialAction\":[{\"@type\":\"SearchAction\",\"target\":{\"@type\":\"EntryPoint\",\"urlTemplate\":\"https:\\\/\\\/rafaramirez.org\\\/blog\\\/?s={search_term_string}\"},\"query-input\":{\"@type\":\"PropertyValueSpecification\",\"valueRequired\":true,\"valueName\":\"search_term_string\"}}],\"inLanguage\":\"es\"},{\"@type\":[\"Person\",\"Organization\"],\"@id\":\"https:\\\/\\\/rafaramirez.org\\\/blog\\\/#\\\/schema\\\/person\\\/50f43b6d60c578760d4c17bda54ab6a5\",\"name\":\"Rafael Ram\u00edrez\",\"image\":{\"@type\":\"ImageObject\",\"inLanguage\":\"es\",\"@id\":\"https:\\\/\\\/rafaramirez.org\\\/blog\\\/wp-content\\\/uploads\\\/2024\\\/09\\\/RR_socialnetwork.jpg\",\"url\":\"https:\\\/\\\/rafaramirez.org\\\/blog\\\/wp-content\\\/uploads\\\/2024\\\/09\\\/RR_socialnetwork.jpg\",\"contentUrl\":\"https:\\\/\\\/rafaramirez.org\\\/blog\\\/wp-content\\\/uploads\\\/2024\\\/09\\\/RR_socialnetwork.jpg\",\"width\":600,\"height\":606,\"caption\":\"Rafael Ram\u00edrez\"},\"logo\":{\"@id\":\"https:\\\/\\\/rafaramirez.org\\\/blog\\\/wp-content\\\/uploads\\\/2024\\\/09\\\/RR_socialnetwork.jpg\"},\"sameAs\":[\"https:\\\/\\\/www.rafaramirez.org\\\/blog\",\"https:\\\/\\\/www.instagram.com\\\/rafaramirez_ok\\\/\",\"https:\\\/\\\/es.pinterest.com\\\/Ramirez_Rafa\\\/\",\"https:\\\/\\\/x.com\\\/rafaramirez_ok\"],\"url\":\"https:\\\/\\\/rafaramirez.org\\\/blog\\\/index.php\\\/author\\\/rafaell_qm6j97da\\\/\"}]}<\/script>\n<!-- \/ Yoast SEO plugin. -->","yoast_head_json":{"title":"Nochebuena 2025: el ritual de estar juntos. Historia y tradiciones. - Blog de Rafael Ram\u00edrez","description":"La Nochebuena se celebra principalmente para conmemorar el nacimiento de Jes\u00fas, que seg\u00fan la tradici\u00f3n cristiana, ocurri\u00f3 el 24 de diciembre.","robots":{"index":"index","follow":"follow","max-snippet":"max-snippet:-1","max-image-preview":"max-image-preview:large","max-video-preview":"max-video-preview:-1"},"canonical":"https:\/\/rafaramirez.org\/blog\/index.php\/2025\/12\/24\/nochebuena-2025-ritual-e-historia\/","og_locale":"es_ES","og_type":"article","og_title":"Nochebuena 2025: el ritual de estar juntos. Historia y tradiciones. - Blog de Rafael Ram\u00edrez","og_description":"La Nochebuena se celebra principalmente para conmemorar el nacimiento de Jes\u00fas, que seg\u00fan la tradici\u00f3n cristiana, ocurri\u00f3 el 24 de diciembre.","og_url":"https:\/\/rafaramirez.org\/blog\/index.php\/2025\/12\/24\/nochebuena-2025-ritual-e-historia\/","og_site_name":"Blog de Rafael Ram\u00edrez","article_published_time":"2025-12-24T07:00:31+00:00","article_modified_time":"2025-12-24T07:21:33+00:00","og_image":[{"width":720,"height":440,"url":"https:\/\/rafaramirez.org\/blog\/wp-content\/uploads\/2025\/12\/Nochebuena_bannerlog.jpg","type":"image\/jpeg"}],"author":"Rafael Ram\u00edrez","twitter_card":"summary_large_image","twitter_creator":"@rafaramirez_ok","twitter_site":"@rafaramirez_ok","twitter_misc":{"Escrito por":"Rafael Ram\u00edrez","Tiempo de lectura":"6 minutos"},"schema":{"@context":"https:\/\/schema.org","@graph":[{"@type":"Article","@id":"https:\/\/rafaramirez.org\/blog\/index.php\/2025\/12\/24\/nochebuena-2025-ritual-e-historia\/#article","isPartOf":{"@id":"https:\/\/rafaramirez.org\/blog\/index.php\/2025\/12\/24\/nochebuena-2025-ritual-e-historia\/"},"author":{"name":"Rafael Ram\u00edrez","@id":"https:\/\/rafaramirez.org\/blog\/#\/schema\/person\/50f43b6d60c578760d4c17bda54ab6a5"},"headline":"Nochebuena 2025: el ritual de estar juntos. Historia y tradiciones.","datePublished":"2025-12-24T07:00:31+00:00","dateModified":"2025-12-24T07:21:33+00:00","mainEntityOfPage":{"@id":"https:\/\/rafaramirez.org\/blog\/index.php\/2025\/12\/24\/nochebuena-2025-ritual-e-historia\/"},"wordCount":1107,"commentCount":0,"publisher":{"@id":"https:\/\/rafaramirez.org\/blog\/#\/schema\/person\/50f43b6d60c578760d4c17bda54ab6a5"},"image":{"@id":"https:\/\/rafaramirez.org\/blog\/index.php\/2025\/12\/24\/nochebuena-2025-ritual-e-historia\/#primaryimage"},"thumbnailUrl":"https:\/\/rafaramirez.org\/blog\/wp-content\/uploads\/2025\/12\/Nochebuena_bannerlog.jpg","keywords":["24 de diciembre","blog de Rafael Ram\u00edrez","efem\u00e9rides","misa del gallo","navidad","Nochebuena"],"articleSection":["Efem\u00e9rides"],"inLanguage":"es","potentialAction":[{"@type":"CommentAction","name":"Comment","target":["https:\/\/rafaramirez.org\/blog\/index.php\/2025\/12\/24\/nochebuena-2025-ritual-e-historia\/#respond"]}]},{"@type":"WebPage","@id":"https:\/\/rafaramirez.org\/blog\/index.php\/2025\/12\/24\/nochebuena-2025-ritual-e-historia\/","url":"https:\/\/rafaramirez.org\/blog\/index.php\/2025\/12\/24\/nochebuena-2025-ritual-e-historia\/","name":"Nochebuena 2025: el ritual de estar juntos. Historia y tradiciones. - Blog de Rafael Ram\u00edrez","isPartOf":{"@id":"https:\/\/rafaramirez.org\/blog\/#website"},"primaryImageOfPage":{"@id":"https:\/\/rafaramirez.org\/blog\/index.php\/2025\/12\/24\/nochebuena-2025-ritual-e-historia\/#primaryimage"},"image":{"@id":"https:\/\/rafaramirez.org\/blog\/index.php\/2025\/12\/24\/nochebuena-2025-ritual-e-historia\/#primaryimage"},"thumbnailUrl":"https:\/\/rafaramirez.org\/blog\/wp-content\/uploads\/2025\/12\/Nochebuena_bannerlog.jpg","datePublished":"2025-12-24T07:00:31+00:00","dateModified":"2025-12-24T07:21:33+00:00","description":"La Nochebuena se celebra principalmente para conmemorar el nacimiento de Jes\u00fas, que seg\u00fan la tradici\u00f3n cristiana, ocurri\u00f3 el 24 de diciembre.","breadcrumb":{"@id":"https:\/\/rafaramirez.org\/blog\/index.php\/2025\/12\/24\/nochebuena-2025-ritual-e-historia\/#breadcrumb"},"inLanguage":"es","potentialAction":[{"@type":"ReadAction","target":["https:\/\/rafaramirez.org\/blog\/index.php\/2025\/12\/24\/nochebuena-2025-ritual-e-historia\/"]}]},{"@type":"ImageObject","inLanguage":"es","@id":"https:\/\/rafaramirez.org\/blog\/index.php\/2025\/12\/24\/nochebuena-2025-ritual-e-historia\/#primaryimage","url":"https:\/\/rafaramirez.org\/blog\/wp-content\/uploads\/2025\/12\/Nochebuena_bannerlog.jpg","contentUrl":"https:\/\/rafaramirez.org\/blog\/wp-content\/uploads\/2025\/12\/Nochebuena_bannerlog.jpg","width":720,"height":440,"caption":"Nochebuena 2025: el ritual de estar juntos. Historia y tradiciones. Blog de Rafael Ram\u00edrez."},{"@type":"BreadcrumbList","@id":"https:\/\/rafaramirez.org\/blog\/index.php\/2025\/12\/24\/nochebuena-2025-ritual-e-historia\/#breadcrumb","itemListElement":[{"@type":"ListItem","position":1,"name":"Portada","item":"https:\/\/rafaramirez.org\/blog\/"},{"@type":"ListItem","position":2,"name":"Nochebuena 2025: el ritual de estar juntos. Historia y tradiciones."}]},{"@type":"WebSite","@id":"https:\/\/rafaramirez.org\/blog\/#website","url":"https:\/\/rafaramirez.org\/blog\/","name":"Blog de Rafael Ram\u00edrez","description":"Un sitio social, de arte y cultura","publisher":{"@id":"https:\/\/rafaramirez.org\/blog\/#\/schema\/person\/50f43b6d60c578760d4c17bda54ab6a5"},"potentialAction":[{"@type":"SearchAction","target":{"@type":"EntryPoint","urlTemplate":"https:\/\/rafaramirez.org\/blog\/?s={search_term_string}"},"query-input":{"@type":"PropertyValueSpecification","valueRequired":true,"valueName":"search_term_string"}}],"inLanguage":"es"},{"@type":["Person","Organization"],"@id":"https:\/\/rafaramirez.org\/blog\/#\/schema\/person\/50f43b6d60c578760d4c17bda54ab6a5","name":"Rafael Ram\u00edrez","image":{"@type":"ImageObject","inLanguage":"es","@id":"https:\/\/rafaramirez.org\/blog\/wp-content\/uploads\/2024\/09\/RR_socialnetwork.jpg","url":"https:\/\/rafaramirez.org\/blog\/wp-content\/uploads\/2024\/09\/RR_socialnetwork.jpg","contentUrl":"https:\/\/rafaramirez.org\/blog\/wp-content\/uploads\/2024\/09\/RR_socialnetwork.jpg","width":600,"height":606,"caption":"Rafael Ram\u00edrez"},"logo":{"@id":"https:\/\/rafaramirez.org\/blog\/wp-content\/uploads\/2024\/09\/RR_socialnetwork.jpg"},"sameAs":["https:\/\/www.rafaramirez.org\/blog","https:\/\/www.instagram.com\/rafaramirez_ok\/","https:\/\/es.pinterest.com\/Ramirez_Rafa\/","https:\/\/x.com\/rafaramirez_ok"],"url":"https:\/\/rafaramirez.org\/blog\/index.php\/author\/rafaell_qm6j97da\/"}]}},"jetpack_publicize_connections":[],"jetpack_sharing_enabled":true,"jetpack_likes_enabled":true,"jetpack_featured_media_url":"https:\/\/rafaramirez.org\/blog\/wp-content\/uploads\/2025\/12\/Nochebuena_bannerlog.jpg","_links":{"self":[{"href":"https:\/\/rafaramirez.org\/blog\/index.php\/wp-json\/wp\/v2\/posts\/11306","targetHints":{"allow":["GET"]}}],"collection":[{"href":"https:\/\/rafaramirez.org\/blog\/index.php\/wp-json\/wp\/v2\/posts"}],"about":[{"href":"https:\/\/rafaramirez.org\/blog\/index.php\/wp-json\/wp\/v2\/types\/post"}],"author":[{"embeddable":true,"href":"https:\/\/rafaramirez.org\/blog\/index.php\/wp-json\/wp\/v2\/users\/1"}],"replies":[{"embeddable":true,"href":"https:\/\/rafaramirez.org\/blog\/index.php\/wp-json\/wp\/v2\/comments?post=11306"}],"version-history":[{"count":9,"href":"https:\/\/rafaramirez.org\/blog\/index.php\/wp-json\/wp\/v2\/posts\/11306\/revisions"}],"predecessor-version":[{"id":11486,"href":"https:\/\/rafaramirez.org\/blog\/index.php\/wp-json\/wp\/v2\/posts\/11306\/revisions\/11486"}],"wp:featuredmedia":[{"embeddable":true,"href":"https:\/\/rafaramirez.org\/blog\/index.php\/wp-json\/wp\/v2\/media\/11309"}],"wp:attachment":[{"href":"https:\/\/rafaramirez.org\/blog\/index.php\/wp-json\/wp\/v2\/media?parent=11306"}],"wp:term":[{"taxonomy":"category","embeddable":true,"href":"https:\/\/rafaramirez.org\/blog\/index.php\/wp-json\/wp\/v2\/categories?post=11306"},{"taxonomy":"post_tag","embeddable":true,"href":"https:\/\/rafaramirez.org\/blog\/index.php\/wp-json\/wp\/v2\/tags?post=11306"}],"curies":[{"name":"wp","href":"https:\/\/api.w.org\/{rel}","templated":true}]}}