{"id":11280,"date":"2025-12-19T08:00:59","date_gmt":"2025-12-19T07:00:59","guid":{"rendered":"https:\/\/rafaramirez.org\/blog\/?p=11280"},"modified":"2025-11-25T12:52:32","modified_gmt":"2025-11-25T11:52:32","slug":"epifania-palabra-bonita-en-nuestro-proyecto-significado-e-historia","status":"publish","type":"post","link":"https:\/\/rafaramirez.org\/blog\/index.php\/2025\/12\/19\/epifania-palabra-bonita-en-nuestro-proyecto-significado-e-historia\/","title":{"rendered":"\u00abEpifan\u00eda\u00bb, palabra bonita en nuestro proyecto. Te cuento su significado e historia."},"content":{"rendered":"<p>Epifan\u00eda significa \u00abmanifestaci\u00f3n\u00bb o \u00abaparici\u00f3n\u00bb, y su ra\u00edz est\u00e1 en el griego epiphaneia, que alude a la acci\u00f3n de mostrarse o hacerse visible.<\/p>\n<p>La palabra proviene del verbo griego epiphanein \u2014compuesto de epi- (\u00abpor encima\u00bb) y pha\u00ednein (\u00abaparecer, brillar\u00bb)\u2014, y desde la Antig\u00fcedad se usaba para designar la irrupci\u00f3n de lo divino en el mundo sensible, es decir, la aparici\u00f3n de un dios o una fuerza sobrenatural. De esa misma ra\u00edz nacen t\u00e9rminos como \u00abfen\u00f3meno\u00bb, \u00abfantasma\u00bb o \u00abdi\u00e1fano\u00bb, todos ellos vinculados a la idea de lo que se hace patente a la mirada. En lat\u00edn tard\u00edo se adopt\u00f3 como epiphania, y de ah\u00ed pas\u00f3 a las lenguas romances.<\/p>\n<p>Dentro del \u00e1mbito cristiano, la Epifan\u00eda se convirti\u00f3 en una de las festividades m\u00e1s antiguas. En Oriente se celebraba la aparici\u00f3n de Cristo en la carne, es decir, su nacimiento. En Occidente, la tradici\u00f3n se centr\u00f3 en la adoraci\u00f3n de los Reyes Magos, vista como la primera revelaci\u00f3n de Jes\u00fas a los pueblos no jud\u00edos. Por eso, el 6 de enero se conmemora la llegada de los Reyes Magos, que simbolizan que la divinidad se manifiesta m\u00e1s all\u00e1 de las fronteras de Israel. Con el paso del tiempo, esta festividad se carg\u00f3 de costumbres populares, desde representaciones teatrales hasta rituales familiares, y se convirti\u00f3 en un momento de encuentro cultural y religioso.<\/p>\n<p>Fuera del marco lit\u00fargico, \u00abepifan\u00eda\u00bb adquiri\u00f3 un sentido m\u00e1s amplio: cualquier revelaci\u00f3n s\u00fabita, un instante de claridad en el que algo oculto se muestra con fuerza. En el \u00e1mbito de la literatura, por ejemplo, James Joyce populariz\u00f3 el t\u00e9rmino para describir esos momentos de iluminaci\u00f3n interior en los que un detalle cotidiano revela una verdad profunda. As\u00ed, la palabra conserva su n\u00facleo original \u2014la irrupci\u00f3n de lo visible\u2014, pero se expande hacia la experiencia humana de lo revelado: lo inesperado que se manifiesta y transforma la percepci\u00f3n.<\/p>\n<figure id=\"attachment_11284\" aria-describedby=\"caption-attachment-11284\" style=\"width: 300px\" class=\"wp-caption aligncenter\"><a href=\"https:\/\/rafaramirez.org\/blog\/wp-content\/uploads\/2025\/12\/Epifania-palabra-bonita_1.jpg\" target=\"_blank\" rel=\"noopener\"><img loading=\"lazy\" decoding=\"async\" class=\"wp-image-11284 size-medium\" src=\"https:\/\/rafaramirez.org\/blog\/wp-content\/uploads\/2025\/12\/Epifania-palabra-bonita_1-300x200.jpg\" alt=\"&quot;Epifan\u00eda&quot;, proyecto palabras bonitas. Blog de Rafael Ram\u00edrez. \" width=\"300\" height=\"200\" srcset=\"https:\/\/rafaramirez.org\/blog\/wp-content\/uploads\/2025\/12\/Epifania-palabra-bonita_1-300x200.jpg 300w, https:\/\/rafaramirez.org\/blog\/wp-content\/uploads\/2025\/12\/Epifania-palabra-bonita_1-768x512.jpg 768w, https:\/\/rafaramirez.org\/blog\/wp-content\/uploads\/2025\/12\/Epifania-palabra-bonita_1.jpg 1024w\" sizes=\"auto, (max-width: 300px) 100vw, 300px\" \/><\/a><figcaption id=\"caption-attachment-11284\" class=\"wp-caption-text\">\u00abEpifan\u00eda\u00bb, proyecto palabras bonitas. Blog de Rafael Ram\u00edrez.<\/figcaption><\/figure>\n<p>En resumen, \u00abepifan\u00eda\u00bb es una palabra bonita porque suena luminosa y evoca revelaci\u00f3n. Procede del griego epiph\u00e1neia, que significa \u00abmanifestaci\u00f3n\u00bb, y sugiere el momento en que algo oculto se muestra con claridad. Tiene resonancia espiritual, po\u00e9tica y humana: es el nombre de lo que irrumpe suavemente para transformar la mirada.<\/p>\n<p>M\u00e1s informaci\u00f3n:<\/p>\n<ul>\n<li><a href=\"https:\/\/rafaramirez.org\/blog\/index.php\/category\/arte\/palabras-bonitas\/\" target=\"_blank\" rel=\"noopener\">Otras palabras bonitas en el proyecto<\/a>.<\/li>\n<li><a href=\"https:\/\/es.wikipedia.org\/wiki\/Epifan%C3%ADa\" target=\"_blank\" rel=\"noopener\">Epifan\u00eda &#8211; Wikipedia, la enciclopedia libre<\/a>.<\/li>\n<li><a href=\"https:\/\/dle.rae.es\/epifan%C3%ADa\" target=\"_blank\" rel=\"noopener\">epifan\u00eda | Definici\u00f3n | Diccionario de la lengua espa\u00f1ola | RAE &#8211; ASALE<\/a>.<\/li>\n<\/ul>\n","protected":false},"excerpt":{"rendered":"<p>Epifan\u00eda significa \u00abmanifestaci\u00f3n\u00bb o \u00abaparici\u00f3n\u00bb, y su ra\u00edz est\u00e1 en el griego epiphaneia, que alude a la acci\u00f3n de mostrarse o hacerse visible. La palabra proviene del verbo griego epiphanein \u2014compuesto de epi- (\u00abpor encima\u00bb) y pha\u00ednein (\u00abaparecer, brillar\u00bb)\u2014, y desde la Antig\u00fcedad se usaba para designar la irrupci\u00f3n de lo divino en el mundo [&hellip;]<\/p>\n","protected":false},"author":1,"featured_media":11283,"comment_status":"open","ping_status":"closed","sticky":false,"template":"","format":"standard","meta":{"site-container-style":"default","site-container-layout":"default","site-sidebar-layout":"default","disable-article-header":"default","disable-site-header":"default","disable-site-footer":"default","disable-content-area-spacing":"default","_jetpack_newsletter_access":"","_jetpack_dont_email_post_to_subs":false,"_jetpack_newsletter_tier_id":0,"_jetpack_memberships_contains_paywalled_content":false,"_jetpack_feature_clip_id":0,"_jetpack_memberships_contains_paid_content":false,"footnotes":"","jetpack_publicize_message":"","jetpack_publicize_feature_enabled":true,"jetpack_social_post_already_shared":true,"jetpack_social_options":{"image_generator_settings":{"template":"highway","default_image_id":0,"font":"","enabled":false},"version":2},"jetpack_post_was_ever_published":false},"categories":[581],"tags":[3932,4664,4665,4666,346,3326],"class_list":["post-11280","post","type-post","status-publish","format-standard","has-post-thumbnail","hentry","category-palabras-bonitas","tag-epifania","tag-epifania-etimologia","tag-epifania-historia","tag-epifania-palabra-bonita","tag-palabras-bonitas","tag-proyecto-palabras-bonitas"],"yoast_head":"<!-- This site is optimized with the Yoast SEO plugin v28.4 - https:\/\/yoast.com\/product\/yoast-seo-wordpress\/ -->\n<title>&quot;Epifan\u00eda&quot;, palabra bonita en nuestro proyecto. Te cuento su significado e historia. - Blog de Rafael Ram\u00edrez<\/title>\n<meta name=\"description\" content=\"Epifan\u00eda significa \u201cmanifestaci\u00f3n\u201d o \u201caparici\u00f3n\u201d, y su ra\u00edz est\u00e1 en el griego \u1f10\u03c0\u03b9\u03c6\u03ac\u03bd\u03b5\u03b9\u03b1, que alude a la acci\u00f3n de mostrarse o hacerse visible\" \/>\n<meta name=\"robots\" content=\"index, follow, max-snippet:-1, max-image-preview:large, max-video-preview:-1\" \/>\n<link rel=\"canonical\" href=\"https:\/\/rafaramirez.org\/blog\/index.php\/2025\/12\/19\/epifania-palabra-bonita-en-nuestro-proyecto-significado-e-historia\/\" \/>\n<meta property=\"og:locale\" content=\"es_ES\" \/>\n<meta property=\"og:type\" content=\"article\" \/>\n<meta property=\"og:title\" content=\"&quot;Epifan\u00eda&quot;, palabra bonita en nuestro proyecto. Te cuento su significado e historia. - Blog de Rafael Ram\u00edrez\" \/>\n<meta property=\"og:description\" content=\"Epifan\u00eda significa \u201cmanifestaci\u00f3n\u201d o \u201caparici\u00f3n\u201d, y su ra\u00edz est\u00e1 en el griego \u1f10\u03c0\u03b9\u03c6\u03ac\u03bd\u03b5\u03b9\u03b1, que alude a la acci\u00f3n de mostrarse o hacerse visible\" \/>\n<meta property=\"og:url\" content=\"https:\/\/rafaramirez.org\/blog\/index.php\/2025\/12\/19\/epifania-palabra-bonita-en-nuestro-proyecto-significado-e-historia\/\" \/>\n<meta property=\"og:site_name\" content=\"Blog de Rafael Ram\u00edrez\" \/>\n<meta property=\"article:published_time\" content=\"2025-12-19T07:00:59+00:00\" \/>\n<meta property=\"og:image\" content=\"https:\/\/rafaramirez.org\/blog\/wp-content\/uploads\/2025\/12\/Epifania-palabra-bonita_bannerlog.jpg\" \/>\n\t<meta property=\"og:image:width\" content=\"720\" \/>\n\t<meta property=\"og:image:height\" content=\"440\" \/>\n\t<meta property=\"og:image:type\" content=\"image\/jpeg\" \/>\n<meta name=\"author\" content=\"Rafael Ram\u00edrez\" \/>\n<meta name=\"twitter:card\" content=\"summary_large_image\" \/>\n<meta name=\"twitter:creator\" content=\"@rafaramirez_ok\" \/>\n<meta name=\"twitter:site\" content=\"@rafaramirez_ok\" \/>\n<meta name=\"twitter:label1\" content=\"Escrito por\" \/>\n\t<meta name=\"twitter:data1\" content=\"Rafael Ram\u00edrez\" \/>\n\t<meta name=\"twitter:label2\" content=\"Tiempo de lectura\" \/>\n\t<meta name=\"twitter:data2\" content=\"3 minutos\" \/>\n<script type=\"application\/ld+json\" class=\"yoast-schema-graph\">{\"@context\":\"https:\\\/\\\/schema.org\",\"@graph\":[{\"@type\":\"Article\",\"@id\":\"https:\\\/\\\/rafaramirez.org\\\/blog\\\/index.php\\\/2025\\\/12\\\/19\\\/epifania-palabra-bonita-en-nuestro-proyecto-significado-e-historia\\\/#article\",\"isPartOf\":{\"@id\":\"https:\\\/\\\/rafaramirez.org\\\/blog\\\/index.php\\\/2025\\\/12\\\/19\\\/epifania-palabra-bonita-en-nuestro-proyecto-significado-e-historia\\\/\"},\"author\":{\"name\":\"Rafael Ram\u00edrez\",\"@id\":\"https:\\\/\\\/rafaramirez.org\\\/blog\\\/#\\\/schema\\\/person\\\/50f43b6d60c578760d4c17bda54ab6a5\"},\"headline\":\"\u00abEpifan\u00eda\u00bb, palabra bonita en nuestro proyecto. Te cuento su significado e historia.\",\"datePublished\":\"2025-12-19T07:00:59+00:00\",\"mainEntityOfPage\":{\"@id\":\"https:\\\/\\\/rafaramirez.org\\\/blog\\\/index.php\\\/2025\\\/12\\\/19\\\/epifania-palabra-bonita-en-nuestro-proyecto-significado-e-historia\\\/\"},\"wordCount\":455,\"commentCount\":0,\"publisher\":{\"@id\":\"https:\\\/\\\/rafaramirez.org\\\/blog\\\/#\\\/schema\\\/person\\\/50f43b6d60c578760d4c17bda54ab6a5\"},\"image\":{\"@id\":\"https:\\\/\\\/rafaramirez.org\\\/blog\\\/index.php\\\/2025\\\/12\\\/19\\\/epifania-palabra-bonita-en-nuestro-proyecto-significado-e-historia\\\/#primaryimage\"},\"thumbnailUrl\":\"https:\\\/\\\/rafaramirez.org\\\/blog\\\/wp-content\\\/uploads\\\/2025\\\/12\\\/Epifania-palabra-bonita_bannerlog.jpg\",\"keywords\":[\"Epifan\u00eda\",\"epifan\u00eda etimolog\u00eda\",\"epifan\u00eda historia\",\"epifan\u00eda palabra bonita\",\"palabras bonitas\",\"proyecto palabras bonitas\"],\"articleSection\":[\"Proyecto Palabras Bonitas\"],\"inLanguage\":\"es\",\"potentialAction\":[{\"@type\":\"CommentAction\",\"name\":\"Comment\",\"target\":[\"https:\\\/\\\/rafaramirez.org\\\/blog\\\/index.php\\\/2025\\\/12\\\/19\\\/epifania-palabra-bonita-en-nuestro-proyecto-significado-e-historia\\\/#respond\"]}]},{\"@type\":\"WebPage\",\"@id\":\"https:\\\/\\\/rafaramirez.org\\\/blog\\\/index.php\\\/2025\\\/12\\\/19\\\/epifania-palabra-bonita-en-nuestro-proyecto-significado-e-historia\\\/\",\"url\":\"https:\\\/\\\/rafaramirez.org\\\/blog\\\/index.php\\\/2025\\\/12\\\/19\\\/epifania-palabra-bonita-en-nuestro-proyecto-significado-e-historia\\\/\",\"name\":\"\\\"Epifan\u00eda\\\", palabra bonita en nuestro proyecto. Te cuento su significado e historia. - Blog de Rafael Ram\u00edrez\",\"isPartOf\":{\"@id\":\"https:\\\/\\\/rafaramirez.org\\\/blog\\\/#website\"},\"primaryImageOfPage\":{\"@id\":\"https:\\\/\\\/rafaramirez.org\\\/blog\\\/index.php\\\/2025\\\/12\\\/19\\\/epifania-palabra-bonita-en-nuestro-proyecto-significado-e-historia\\\/#primaryimage\"},\"image\":{\"@id\":\"https:\\\/\\\/rafaramirez.org\\\/blog\\\/index.php\\\/2025\\\/12\\\/19\\\/epifania-palabra-bonita-en-nuestro-proyecto-significado-e-historia\\\/#primaryimage\"},\"thumbnailUrl\":\"https:\\\/\\\/rafaramirez.org\\\/blog\\\/wp-content\\\/uploads\\\/2025\\\/12\\\/Epifania-palabra-bonita_bannerlog.jpg\",\"datePublished\":\"2025-12-19T07:00:59+00:00\",\"description\":\"Epifan\u00eda significa \u201cmanifestaci\u00f3n\u201d o \u201caparici\u00f3n\u201d, y su ra\u00edz est\u00e1 en el griego \u1f10\u03c0\u03b9\u03c6\u03ac\u03bd\u03b5\u03b9\u03b1, que alude a la acci\u00f3n de mostrarse o hacerse visible\",\"breadcrumb\":{\"@id\":\"https:\\\/\\\/rafaramirez.org\\\/blog\\\/index.php\\\/2025\\\/12\\\/19\\\/epifania-palabra-bonita-en-nuestro-proyecto-significado-e-historia\\\/#breadcrumb\"},\"inLanguage\":\"es\",\"potentialAction\":[{\"@type\":\"ReadAction\",\"target\":[\"https:\\\/\\\/rafaramirez.org\\\/blog\\\/index.php\\\/2025\\\/12\\\/19\\\/epifania-palabra-bonita-en-nuestro-proyecto-significado-e-historia\\\/\"]}]},{\"@type\":\"ImageObject\",\"inLanguage\":\"es\",\"@id\":\"https:\\\/\\\/rafaramirez.org\\\/blog\\\/index.php\\\/2025\\\/12\\\/19\\\/epifania-palabra-bonita-en-nuestro-proyecto-significado-e-historia\\\/#primaryimage\",\"url\":\"https:\\\/\\\/rafaramirez.org\\\/blog\\\/wp-content\\\/uploads\\\/2025\\\/12\\\/Epifania-palabra-bonita_bannerlog.jpg\",\"contentUrl\":\"https:\\\/\\\/rafaramirez.org\\\/blog\\\/wp-content\\\/uploads\\\/2025\\\/12\\\/Epifania-palabra-bonita_bannerlog.jpg\",\"width\":720,\"height\":440,\"caption\":\"\\\"Epifan\u00eda\\\", palabra bonita en nuestro proyecto. Te cuento su significado e historia. Blog de Rafael Ram\u00edrez.\"},{\"@type\":\"BreadcrumbList\",\"@id\":\"https:\\\/\\\/rafaramirez.org\\\/blog\\\/index.php\\\/2025\\\/12\\\/19\\\/epifania-palabra-bonita-en-nuestro-proyecto-significado-e-historia\\\/#breadcrumb\",\"itemListElement\":[{\"@type\":\"ListItem\",\"position\":1,\"name\":\"Portada\",\"item\":\"https:\\\/\\\/rafaramirez.org\\\/blog\\\/\"},{\"@type\":\"ListItem\",\"position\":2,\"name\":\"\u00abEpifan\u00eda\u00bb, palabra bonita en nuestro proyecto. Te cuento su significado e historia.\"}]},{\"@type\":\"WebSite\",\"@id\":\"https:\\\/\\\/rafaramirez.org\\\/blog\\\/#website\",\"url\":\"https:\\\/\\\/rafaramirez.org\\\/blog\\\/\",\"name\":\"Blog de Rafael Ram\u00edrez\",\"description\":\"Un sitio social, de arte y cultura\",\"publisher\":{\"@id\":\"https:\\\/\\\/rafaramirez.org\\\/blog\\\/#\\\/schema\\\/person\\\/50f43b6d60c578760d4c17bda54ab6a5\"},\"potentialAction\":[{\"@type\":\"SearchAction\",\"target\":{\"@type\":\"EntryPoint\",\"urlTemplate\":\"https:\\\/\\\/rafaramirez.org\\\/blog\\\/?s={search_term_string}\"},\"query-input\":{\"@type\":\"PropertyValueSpecification\",\"valueRequired\":true,\"valueName\":\"search_term_string\"}}],\"inLanguage\":\"es\"},{\"@type\":[\"Person\",\"Organization\"],\"@id\":\"https:\\\/\\\/rafaramirez.org\\\/blog\\\/#\\\/schema\\\/person\\\/50f43b6d60c578760d4c17bda54ab6a5\",\"name\":\"Rafael Ram\u00edrez\",\"image\":{\"@type\":\"ImageObject\",\"inLanguage\":\"es\",\"@id\":\"https:\\\/\\\/rafaramirez.org\\\/blog\\\/wp-content\\\/uploads\\\/2024\\\/09\\\/RR_socialnetwork.jpg\",\"url\":\"https:\\\/\\\/rafaramirez.org\\\/blog\\\/wp-content\\\/uploads\\\/2024\\\/09\\\/RR_socialnetwork.jpg\",\"contentUrl\":\"https:\\\/\\\/rafaramirez.org\\\/blog\\\/wp-content\\\/uploads\\\/2024\\\/09\\\/RR_socialnetwork.jpg\",\"width\":600,\"height\":606,\"caption\":\"Rafael Ram\u00edrez\"},\"logo\":{\"@id\":\"https:\\\/\\\/rafaramirez.org\\\/blog\\\/wp-content\\\/uploads\\\/2024\\\/09\\\/RR_socialnetwork.jpg\"},\"sameAs\":[\"https:\\\/\\\/www.rafaramirez.org\\\/blog\",\"https:\\\/\\\/www.instagram.com\\\/rafaramirez_ok\\\/\",\"https:\\\/\\\/es.pinterest.com\\\/Ramirez_Rafa\\\/\",\"https:\\\/\\\/x.com\\\/rafaramirez_ok\"],\"url\":\"https:\\\/\\\/rafaramirez.org\\\/blog\\\/index.php\\\/author\\\/rafaell_qm6j97da\\\/\"}]}<\/script>\n<!-- \/ Yoast SEO plugin. -->","yoast_head_json":{"title":"\"Epifan\u00eda\", palabra bonita en nuestro proyecto. Te cuento su significado e historia. - Blog de Rafael Ram\u00edrez","description":"Epifan\u00eda significa \u201cmanifestaci\u00f3n\u201d o \u201caparici\u00f3n\u201d, y su ra\u00edz est\u00e1 en el griego \u1f10\u03c0\u03b9\u03c6\u03ac\u03bd\u03b5\u03b9\u03b1, que alude a la acci\u00f3n de mostrarse o hacerse visible","robots":{"index":"index","follow":"follow","max-snippet":"max-snippet:-1","max-image-preview":"max-image-preview:large","max-video-preview":"max-video-preview:-1"},"canonical":"https:\/\/rafaramirez.org\/blog\/index.php\/2025\/12\/19\/epifania-palabra-bonita-en-nuestro-proyecto-significado-e-historia\/","og_locale":"es_ES","og_type":"article","og_title":"\"Epifan\u00eda\", palabra bonita en nuestro proyecto. Te cuento su significado e historia. - Blog de Rafael Ram\u00edrez","og_description":"Epifan\u00eda significa \u201cmanifestaci\u00f3n\u201d o \u201caparici\u00f3n\u201d, y su ra\u00edz est\u00e1 en el griego \u1f10\u03c0\u03b9\u03c6\u03ac\u03bd\u03b5\u03b9\u03b1, que alude a la acci\u00f3n de mostrarse o hacerse visible","og_url":"https:\/\/rafaramirez.org\/blog\/index.php\/2025\/12\/19\/epifania-palabra-bonita-en-nuestro-proyecto-significado-e-historia\/","og_site_name":"Blog de Rafael Ram\u00edrez","article_published_time":"2025-12-19T07:00:59+00:00","og_image":[{"width":720,"height":440,"url":"https:\/\/rafaramirez.org\/blog\/wp-content\/uploads\/2025\/12\/Epifania-palabra-bonita_bannerlog.jpg","type":"image\/jpeg"}],"author":"Rafael Ram\u00edrez","twitter_card":"summary_large_image","twitter_creator":"@rafaramirez_ok","twitter_site":"@rafaramirez_ok","twitter_misc":{"Escrito por":"Rafael Ram\u00edrez","Tiempo de lectura":"3 minutos"},"schema":{"@context":"https:\/\/schema.org","@graph":[{"@type":"Article","@id":"https:\/\/rafaramirez.org\/blog\/index.php\/2025\/12\/19\/epifania-palabra-bonita-en-nuestro-proyecto-significado-e-historia\/#article","isPartOf":{"@id":"https:\/\/rafaramirez.org\/blog\/index.php\/2025\/12\/19\/epifania-palabra-bonita-en-nuestro-proyecto-significado-e-historia\/"},"author":{"name":"Rafael Ram\u00edrez","@id":"https:\/\/rafaramirez.org\/blog\/#\/schema\/person\/50f43b6d60c578760d4c17bda54ab6a5"},"headline":"\u00abEpifan\u00eda\u00bb, palabra bonita en nuestro proyecto. Te cuento su significado e historia.","datePublished":"2025-12-19T07:00:59+00:00","mainEntityOfPage":{"@id":"https:\/\/rafaramirez.org\/blog\/index.php\/2025\/12\/19\/epifania-palabra-bonita-en-nuestro-proyecto-significado-e-historia\/"},"wordCount":455,"commentCount":0,"publisher":{"@id":"https:\/\/rafaramirez.org\/blog\/#\/schema\/person\/50f43b6d60c578760d4c17bda54ab6a5"},"image":{"@id":"https:\/\/rafaramirez.org\/blog\/index.php\/2025\/12\/19\/epifania-palabra-bonita-en-nuestro-proyecto-significado-e-historia\/#primaryimage"},"thumbnailUrl":"https:\/\/rafaramirez.org\/blog\/wp-content\/uploads\/2025\/12\/Epifania-palabra-bonita_bannerlog.jpg","keywords":["Epifan\u00eda","epifan\u00eda etimolog\u00eda","epifan\u00eda historia","epifan\u00eda palabra bonita","palabras bonitas","proyecto palabras bonitas"],"articleSection":["Proyecto Palabras Bonitas"],"inLanguage":"es","potentialAction":[{"@type":"CommentAction","name":"Comment","target":["https:\/\/rafaramirez.org\/blog\/index.php\/2025\/12\/19\/epifania-palabra-bonita-en-nuestro-proyecto-significado-e-historia\/#respond"]}]},{"@type":"WebPage","@id":"https:\/\/rafaramirez.org\/blog\/index.php\/2025\/12\/19\/epifania-palabra-bonita-en-nuestro-proyecto-significado-e-historia\/","url":"https:\/\/rafaramirez.org\/blog\/index.php\/2025\/12\/19\/epifania-palabra-bonita-en-nuestro-proyecto-significado-e-historia\/","name":"\"Epifan\u00eda\", palabra bonita en nuestro proyecto. Te cuento su significado e historia. - Blog de Rafael Ram\u00edrez","isPartOf":{"@id":"https:\/\/rafaramirez.org\/blog\/#website"},"primaryImageOfPage":{"@id":"https:\/\/rafaramirez.org\/blog\/index.php\/2025\/12\/19\/epifania-palabra-bonita-en-nuestro-proyecto-significado-e-historia\/#primaryimage"},"image":{"@id":"https:\/\/rafaramirez.org\/blog\/index.php\/2025\/12\/19\/epifania-palabra-bonita-en-nuestro-proyecto-significado-e-historia\/#primaryimage"},"thumbnailUrl":"https:\/\/rafaramirez.org\/blog\/wp-content\/uploads\/2025\/12\/Epifania-palabra-bonita_bannerlog.jpg","datePublished":"2025-12-19T07:00:59+00:00","description":"Epifan\u00eda significa \u201cmanifestaci\u00f3n\u201d o \u201caparici\u00f3n\u201d, y su ra\u00edz est\u00e1 en el griego \u1f10\u03c0\u03b9\u03c6\u03ac\u03bd\u03b5\u03b9\u03b1, que alude a la acci\u00f3n de mostrarse o hacerse visible","breadcrumb":{"@id":"https:\/\/rafaramirez.org\/blog\/index.php\/2025\/12\/19\/epifania-palabra-bonita-en-nuestro-proyecto-significado-e-historia\/#breadcrumb"},"inLanguage":"es","potentialAction":[{"@type":"ReadAction","target":["https:\/\/rafaramirez.org\/blog\/index.php\/2025\/12\/19\/epifania-palabra-bonita-en-nuestro-proyecto-significado-e-historia\/"]}]},{"@type":"ImageObject","inLanguage":"es","@id":"https:\/\/rafaramirez.org\/blog\/index.php\/2025\/12\/19\/epifania-palabra-bonita-en-nuestro-proyecto-significado-e-historia\/#primaryimage","url":"https:\/\/rafaramirez.org\/blog\/wp-content\/uploads\/2025\/12\/Epifania-palabra-bonita_bannerlog.jpg","contentUrl":"https:\/\/rafaramirez.org\/blog\/wp-content\/uploads\/2025\/12\/Epifania-palabra-bonita_bannerlog.jpg","width":720,"height":440,"caption":"\"Epifan\u00eda\", palabra bonita en nuestro proyecto. Te cuento su significado e historia. Blog de Rafael Ram\u00edrez."},{"@type":"BreadcrumbList","@id":"https:\/\/rafaramirez.org\/blog\/index.php\/2025\/12\/19\/epifania-palabra-bonita-en-nuestro-proyecto-significado-e-historia\/#breadcrumb","itemListElement":[{"@type":"ListItem","position":1,"name":"Portada","item":"https:\/\/rafaramirez.org\/blog\/"},{"@type":"ListItem","position":2,"name":"\u00abEpifan\u00eda\u00bb, palabra bonita en nuestro proyecto. Te cuento su significado e historia."}]},{"@type":"WebSite","@id":"https:\/\/rafaramirez.org\/blog\/#website","url":"https:\/\/rafaramirez.org\/blog\/","name":"Blog de Rafael Ram\u00edrez","description":"Un sitio social, de arte y cultura","publisher":{"@id":"https:\/\/rafaramirez.org\/blog\/#\/schema\/person\/50f43b6d60c578760d4c17bda54ab6a5"},"potentialAction":[{"@type":"SearchAction","target":{"@type":"EntryPoint","urlTemplate":"https:\/\/rafaramirez.org\/blog\/?s={search_term_string}"},"query-input":{"@type":"PropertyValueSpecification","valueRequired":true,"valueName":"search_term_string"}}],"inLanguage":"es"},{"@type":["Person","Organization"],"@id":"https:\/\/rafaramirez.org\/blog\/#\/schema\/person\/50f43b6d60c578760d4c17bda54ab6a5","name":"Rafael Ram\u00edrez","image":{"@type":"ImageObject","inLanguage":"es","@id":"https:\/\/rafaramirez.org\/blog\/wp-content\/uploads\/2024\/09\/RR_socialnetwork.jpg","url":"https:\/\/rafaramirez.org\/blog\/wp-content\/uploads\/2024\/09\/RR_socialnetwork.jpg","contentUrl":"https:\/\/rafaramirez.org\/blog\/wp-content\/uploads\/2024\/09\/RR_socialnetwork.jpg","width":600,"height":606,"caption":"Rafael Ram\u00edrez"},"logo":{"@id":"https:\/\/rafaramirez.org\/blog\/wp-content\/uploads\/2024\/09\/RR_socialnetwork.jpg"},"sameAs":["https:\/\/www.rafaramirez.org\/blog","https:\/\/www.instagram.com\/rafaramirez_ok\/","https:\/\/es.pinterest.com\/Ramirez_Rafa\/","https:\/\/x.com\/rafaramirez_ok"],"url":"https:\/\/rafaramirez.org\/blog\/index.php\/author\/rafaell_qm6j97da\/"}]}},"jetpack_publicize_connections":[],"jetpack_sharing_enabled":true,"jetpack_likes_enabled":true,"jetpack_featured_media_url":"https:\/\/rafaramirez.org\/blog\/wp-content\/uploads\/2025\/12\/Epifania-palabra-bonita_bannerlog.jpg","_links":{"self":[{"href":"https:\/\/rafaramirez.org\/blog\/index.php\/wp-json\/wp\/v2\/posts\/11280","targetHints":{"allow":["GET"]}}],"collection":[{"href":"https:\/\/rafaramirez.org\/blog\/index.php\/wp-json\/wp\/v2\/posts"}],"about":[{"href":"https:\/\/rafaramirez.org\/blog\/index.php\/wp-json\/wp\/v2\/types\/post"}],"author":[{"embeddable":true,"href":"https:\/\/rafaramirez.org\/blog\/index.php\/wp-json\/wp\/v2\/users\/1"}],"replies":[{"embeddable":true,"href":"https:\/\/rafaramirez.org\/blog\/index.php\/wp-json\/wp\/v2\/comments?post=11280"}],"version-history":[{"count":4,"href":"https:\/\/rafaramirez.org\/blog\/index.php\/wp-json\/wp\/v2\/posts\/11280\/revisions"}],"predecessor-version":[{"id":11286,"href":"https:\/\/rafaramirez.org\/blog\/index.php\/wp-json\/wp\/v2\/posts\/11280\/revisions\/11286"}],"wp:featuredmedia":[{"embeddable":true,"href":"https:\/\/rafaramirez.org\/blog\/index.php\/wp-json\/wp\/v2\/media\/11283"}],"wp:attachment":[{"href":"https:\/\/rafaramirez.org\/blog\/index.php\/wp-json\/wp\/v2\/media?parent=11280"}],"wp:term":[{"taxonomy":"category","embeddable":true,"href":"https:\/\/rafaramirez.org\/blog\/index.php\/wp-json\/wp\/v2\/categories?post=11280"},{"taxonomy":"post_tag","embeddable":true,"href":"https:\/\/rafaramirez.org\/blog\/index.php\/wp-json\/wp\/v2\/tags?post=11280"}],"curies":[{"name":"wp","href":"https:\/\/api.w.org\/{rel}","templated":true}]}}