{"id":11243,"date":"2025-12-17T08:00:57","date_gmt":"2025-12-17T07:00:57","guid":{"rendered":"https:\/\/rafaramirez.org\/blog\/?p=11243"},"modified":"2026-07-14T11:41:00","modified_gmt":"2026-07-14T09:41:00","slug":"paul-signac-biografia","status":"publish","type":"post","link":"https:\/\/rafaramirez.org\/blog\/index.php\/2025\/12\/17\/paul-signac-biografia\/","title":{"rendered":"Paul Signac: la vibraci\u00f3n del color y la libertad del mar."},"content":{"rendered":"<p>Paul Signac fue uno de los grandes representantes del neoimpresionismo, un pintor que convirti\u00f3 la luz y el color en los protagonistas absolutos de su obra. Su vida y su arte se entrelazan en una b\u00fasqueda constante de libertad expresiva y rigor t\u00e9cnico que marc\u00f3 profundamente la evoluci\u00f3n de la pintura moderna.<\/p>\n<p>Nacido en Par\u00eds en 1863, proven\u00eda de una familia acomodada que le permiti\u00f3 dedicarse plenamente a la pintura, abandonando as\u00ed la posibilidad de seguir una carrera como arquitecto. Sus primeros pasos estuvieron influenciados por los impresionistas \u2014<a href=\"https:\/\/rafaramirez.org\/blog\/index.php\/2024\/09\/26\/claude-monet\/\" target=\"_blank\" rel=\"noopener\">Monet<\/a>, <a href=\"https:\/\/rafaramirez.org\/blog\/index.php\/2024\/04\/09\/camille-pissarro\/\" target=\"_blank\" rel=\"noopener\">Pissarro<\/a>, <a href=\"https:\/\/rafaramirez.org\/blog\/index.php\/2024\/03\/05\/pierre-auguste-renoir-un-maestro-del-impresionismo\/\" target=\"_blank\" rel=\"noopener\">Renoir<\/a>\u2014, pero su encuentro con <a href=\"https:\/\/rafaramirez.org\/blog\/index.php\/2025\/10\/06\/georges-seurat-biografia\/\" target=\"_blank\" rel=\"noopener\">Georges Seurat<\/a> en 1884 result\u00f3 decisivo. Juntos desarrollaron el puntillismo o divisionismo, una t\u00e9cnica que consist\u00eda en aplicar peque\u00f1as pinceladas de color puro que se mezclaban \u00f3pticamente en la retina del espectador, creando una vibraci\u00f3n luminosa \u00fanica.<\/p>\n<p>Signac no solo fue un ejecutor de esta t\u00e9cnica, sino tambi\u00e9n un te\u00f3rico y un defensor del arte independiente. Particip\u00f3 en la fundaci\u00f3n del Sal\u00f3n de los Independientes de Par\u00eds y, m\u00e1s tarde, se convirti\u00f3 en presidente de la Soci\u00e9t\u00e9 des Artistes Ind\u00e9pendants, defendiendo la libertad creativa frente a las instituciones acad\u00e9micas. Su compromiso con la autonom\u00eda art\u00edstica lo convirti\u00f3 en una figura clave en la transici\u00f3n hacia las vanguardias del siglo XX.<\/p>\n<p>En cuanto a los temas, a Signac le atra\u00eda el mar y los paisajes portuarios. Sus cuadros de veleros, faros y puertos transmiten una atm\u00f3sfera serena y, al mismo tiempo, vibrante, gracias a la disposici\u00f3n calculada de los puntos de color. Obras como La entrada al puerto de La Rochelle o sus vistas de Marsella muestran su fascinaci\u00f3n por la luz cambiante del agua y el dinamismo de la vida mar\u00edtima. Con el tiempo, su estilo se volvi\u00f3 menos r\u00edgido que el de <a href=\"https:\/\/rafaramirez.org\/blog\/index.php\/2025\/10\/06\/georges-seurat-biografia\/\" target=\"_blank\" rel=\"noopener\">Seurat<\/a>, con pinceladas m\u00e1s amplias y una composici\u00f3n m\u00e1s libre, lo que influy\u00f3 en artistas posteriores como <a href=\"https:\/\/rafaramirez.org\/blog\/index.php\/2025\/02\/10\/henri-matisse\/\" target=\"_blank\" rel=\"noopener\">Henri Matisse<\/a>.<\/p>\n<p>Adem\u00e1s de pintor, Signac era un apasionado de la navegaci\u00f3n. Sus viajes en barco por las costas mediterr\u00e1nea y atl\u00e1ntica le proporcionaron una inspiraci\u00f3n constante y su visi\u00f3n del mar se convirti\u00f3 en una met\u00e1fora de libertad y exploraci\u00f3n. La uni\u00f3n entre arte y vida, entre teor\u00eda y pr\u00e1ctica, lo consolid\u00f3 como un artista completo, capaz de combinar la disciplina cient\u00edfica con la sensibilidad po\u00e9tica.<\/p>\n<p>Paul Signac muri\u00f3 en Par\u00eds en 1935, dejando tras de s\u00ed un legado que no solo se mide en cuadros, sino tambi\u00e9n en ideas. Su defensa del color como entidad aut\u00f3noma y su impulso a la independencia art\u00edstica abrieron caminos que ser\u00edan recorridos por el <a href=\"https:\/\/rafaramirez.org\/blog\/index.php\/2025\/06\/18\/fauvismo\/\" target=\"_blank\" rel=\"noopener\">fauvismo<\/a> y otras corrientes modernas. Hoy en d\u00eda, su obra sigue siendo admirada por la luminosidad y frescura con la que supo capturar la vibraci\u00f3n del mundo.<\/p>\n<figure id=\"attachment_11260\" aria-describedby=\"caption-attachment-11260\" style=\"width: 227px\" class=\"wp-caption aligncenter\"><a href=\"https:\/\/rafaramirez.org\/blog\/wp-content\/uploads\/2025\/12\/Seurat_Paul_Signac_portrait.jpg\" target=\"_blank\" rel=\"noopener\"><img loading=\"lazy\" decoding=\"async\" class=\"wp-image-11260 size-medium\" src=\"https:\/\/rafaramirez.org\/blog\/wp-content\/uploads\/2025\/12\/Seurat_Paul_Signac_portrait-227x300.jpg\" alt=\"Retrato del pintor Paul Signac. Realizado por Georges Seurat (1890). Blog de Rafael Ram\u00edrez.\" width=\"227\" height=\"300\" srcset=\"https:\/\/rafaramirez.org\/blog\/wp-content\/uploads\/2025\/12\/Seurat_Paul_Signac_portrait-227x300.jpg 227w, https:\/\/rafaramirez.org\/blog\/wp-content\/uploads\/2025\/12\/Seurat_Paul_Signac_portrait.jpg 758w\" sizes=\"auto, (max-width: 227px) 100vw, 227px\" \/><\/a><figcaption id=\"caption-attachment-11260\" class=\"wp-caption-text\">Retrato del pintor Paul Signac. Realizado por Georges Seurat (1890). Blog de Rafael Ram\u00edrez.<\/figcaption><\/figure>\n<h3>Influencia de Signac en otros pintores contempor\u00e1neos.<\/h3>\n<p>Paul Signac ejerci\u00f3 una influencia decisiva en varios pintores contempor\u00e1neos, especialmente en aquellos que buscaban nuevas formas de entender el color y la luz. Su defensa del neoimpresionismo y del puntillismo abri\u00f3 caminos que marcaron el rumbo de las vanguardias posteriores.<\/p>\n<p>Junto a <a href=\"https:\/\/rafaramirez.org\/blog\/index.php\/2025\/10\/06\/georges-seurat-biografia\/\" target=\"_blank\" rel=\"noopener\">Georges Seurat<\/a>, fue uno de los principales te\u00f3ricos del divisionismo y su concepci\u00f3n del color como unidades puras que se combinan en la retina inspir\u00f3 a toda una generaci\u00f3n. Pintores como <a href=\"https:\/\/rafaramirez.org\/blog\/index.php\/2025\/02\/10\/henri-matisse\/\" target=\"_blank\" rel=\"noopener\">Henri Matisse<\/a> y otros fauvistas encontraron en su obra un precedente para liberar el color de la representaci\u00f3n estricta y convertirlo en un elemento aut\u00f3nomo. La vibraci\u00f3n crom\u00e1tica que Signac consegu\u00eda con sus puntos y pinceladas amplias se transform\u00f3 en un lenguaje que los fauvistas radicalizaron, intensificando los contrastes y la expresividad.<\/p>\n<p>Su influencia tambi\u00e9n lleg\u00f3 a artistas como Andr\u00e9 Derain y Maurice de Vlaminck, quienes, aunque abandonaron el rigor cient\u00edfico del puntillismo, heredaron de Signac la idea de que el color pod\u00eda ser una fuerza emocional y estructural. Incluso <a href=\"https:\/\/rafaramirez.org\/blog\/index.php\/2024\/01\/26\/vincent-van-gogh-no-se-considera-un-pintor-impresionista\/\" target=\"_blank\" rel=\"noopener\">Vincent van Gogh<\/a>, aunque cronol\u00f3gicamente anterior, se interes\u00f3 por los experimentos crom\u00e1ticos de Seurat y Signac, y en su correspondencia manifestaba su admiraci\u00f3n por la audacia de estos m\u00e9todos.<\/p>\n<p>Adem\u00e1s, Signac fue un puente entre el <a href=\"https:\/\/rafaramirez.org\/blog\/index.php\/2024\/01\/18\/el-impresionismo-en-la-pintura\/\" target=\"_blank\" rel=\"noopener\">impresionismo<\/a> y las vanguardias del siglo XX. Su papel como presidente de la Sociedad de Artistas Independientes permiti\u00f3 que los j\u00f3venes artistas expusieran sin las restricciones acad\u00e9micas, lo que dio lugar a movimientos como el cubismo y el <a href=\"https:\/\/rafaramirez.org\/blog\/index.php\/2025\/06\/18\/fauvismo\/\" target=\"_blank\" rel=\"noopener\">fauvismo<\/a>. En este sentido, su influencia no solo fue est\u00e9tica, sino tambi\u00e9n institucional, ya que defendi\u00f3 la libertad creativa y la autonom\u00eda del artista frente a las academias y los salones oficiales.<\/p>\n<p>En resumen, Signac no solo dej\u00f3 huella en la t\u00e9cnica pict\u00f3rica, sino tambi\u00e9n en la concepci\u00f3n misma del arte moderno. Su insistencia en la independencia art\u00edstica y su exploraci\u00f3n del color como energ\u00eda aut\u00f3noma influyeron en <a href=\"https:\/\/rafaramirez.org\/blog\/index.php\/2025\/02\/10\/henri-matisse\/\" target=\"_blank\" rel=\"noopener\">Matisse<\/a>, Derain, Vlaminck y toda una generaci\u00f3n que convirti\u00f3 la pintura en un territorio de experimentaci\u00f3n y libertad.<\/p>\n<h3>Principales obras de Paul Signac.<\/h3>\n<p>Las principales obras de Paul Signac reflejan su pasi\u00f3n por el mar, la luz y los colores vibrantes, y son ejemplos emblem\u00e1ticos del neoimpresionismo. Entre ellas, destacan sus vistas portuarias y paisajes urbanos, en los que el puntillismo se convierte en un lenguaje po\u00e9tico y cient\u00edfico a la vez.<\/p>\n<p>A lo largo de su carrera, Signac produjo una gran cantidad de lienzos, pero algunos se han convertido en hitos de su trayectoria. Una de sus obras m\u00e1s c\u00e9lebres es La entrada al puerto de La Rochelle, donde la disposici\u00f3n de los puntos de color crea una atm\u00f3sfera luminosa y din\u00e1mica. Tambi\u00e9n destaca El puerto de Marsella, que refleja su fascinaci\u00f3n por la vida mar\u00edtima y la vibraci\u00f3n crom\u00e1tica del agua y los barcos. Otro ejemplo es El Puerto de Saint-Tropez, una serie de vistas que capturan la luz mediterr\u00e1nea con un sentido casi musical del color.<\/p>\n<figure id=\"attachment_11251\" aria-describedby=\"caption-attachment-11251\" style=\"width: 300px\" class=\"wp-caption aligncenter\"><a href=\"https:\/\/rafaramirez.org\/blog\/wp-content\/uploads\/2025\/12\/La-entrada-al-puerto-de-La-Rochelle1921.jpg\" target=\"_blank\" rel=\"noopener\"><img loading=\"lazy\" decoding=\"async\" class=\"wp-image-11251 size-medium\" src=\"https:\/\/rafaramirez.org\/blog\/wp-content\/uploads\/2025\/12\/La-entrada-al-puerto-de-La-Rochelle1921-300x241.jpg\" alt=\"La entrada al puerto de La Rochelle (1921) Paul Signac. Blog de Rafael Ram\u00edrez. \" width=\"300\" height=\"241\" srcset=\"https:\/\/rafaramirez.org\/blog\/wp-content\/uploads\/2025\/12\/La-entrada-al-puerto-de-La-Rochelle1921-300x241.jpg 300w, https:\/\/rafaramirez.org\/blog\/wp-content\/uploads\/2025\/12\/La-entrada-al-puerto-de-La-Rochelle1921-768x616.jpg 768w, https:\/\/rafaramirez.org\/blog\/wp-content\/uploads\/2025\/12\/La-entrada-al-puerto-de-La-Rochelle1921.jpg 850w\" sizes=\"auto, (max-width: 300px) 100vw, 300px\" \/><\/a><figcaption id=\"caption-attachment-11251\" class=\"wp-caption-text\">La entrada al puerto de La Rochelle (1921) Paul Signac. Blog de Rafael Ram\u00edrez.<\/figcaption><\/figure>\n<figure id=\"attachment_11252\" aria-describedby=\"caption-attachment-11252\" style=\"width: 300px\" class=\"wp-caption aligncenter\"><a href=\"https:\/\/rafaramirez.org\/blog\/wp-content\/uploads\/2025\/12\/Paul_Signac_Port_de_Marseilles1907_ok.jpg\" target=\"_blank\" rel=\"noopener\"><img loading=\"lazy\" decoding=\"async\" class=\"wp-image-11252 size-medium\" src=\"https:\/\/rafaramirez.org\/blog\/wp-content\/uploads\/2025\/12\/Paul_Signac_Port_de_Marseilles1907_ok-300x250.jpg\" alt=\"El puerto de Marsella (1907) Paul Signac. Blog de Rafael Ram\u00edrez. \" width=\"300\" height=\"250\" srcset=\"https:\/\/rafaramirez.org\/blog\/wp-content\/uploads\/2025\/12\/Paul_Signac_Port_de_Marseilles1907_ok-300x250.jpg 300w, https:\/\/rafaramirez.org\/blog\/wp-content\/uploads\/2025\/12\/Paul_Signac_Port_de_Marseilles1907_ok-1024x853.jpg 1024w, https:\/\/rafaramirez.org\/blog\/wp-content\/uploads\/2025\/12\/Paul_Signac_Port_de_Marseilles1907_ok-768x640.jpg 768w, https:\/\/rafaramirez.org\/blog\/wp-content\/uploads\/2025\/12\/Paul_Signac_Port_de_Marseilles1907_ok.jpg 1400w\" sizes=\"auto, (max-width: 300px) 100vw, 300px\" \/><\/a><figcaption id=\"caption-attachment-11252\" class=\"wp-caption-text\">El puerto de Marsella (1907) Paul Signac. Blog de Rafael Ram\u00edrez.<\/figcaption><\/figure>\n<figure id=\"attachment_11253\" aria-describedby=\"caption-attachment-11253\" style=\"width: 300px\" class=\"wp-caption aligncenter\"><a href=\"https:\/\/rafaramirez.org\/blog\/wp-content\/uploads\/2025\/12\/port-of-saint-tropez.jpg\" target=\"_blank\" rel=\"noopener\"><img loading=\"lazy\" decoding=\"async\" class=\"wp-image-11253 size-medium\" src=\"https:\/\/rafaramirez.org\/blog\/wp-content\/uploads\/2025\/12\/port-of-saint-tropez-300x239.jpg\" alt=\"El Puerto de Saint-Tropez Paul Signac. Blog de Rafael Ram\u00edrez. \" width=\"300\" height=\"239\" srcset=\"https:\/\/rafaramirez.org\/blog\/wp-content\/uploads\/2025\/12\/port-of-saint-tropez-300x239.jpg 300w, https:\/\/rafaramirez.org\/blog\/wp-content\/uploads\/2025\/12\/port-of-saint-tropez.jpg 598w\" sizes=\"auto, (max-width: 300px) 100vw, 300px\" \/><\/a><figcaption id=\"caption-attachment-11253\" class=\"wp-caption-text\">El Puerto de Saint-Tropez Paul Signac. Blog de Rafael Ram\u00edrez.<\/figcaption><\/figure>\n<p>A lo largo de su evoluci\u00f3n, Signac pas\u00f3 de un puntillismo m\u00e1s r\u00edgido, cercano al m\u00e9todo de Seurat, a un estilo m\u00e1s libre y amplio, como se aprecia en obras como El puerto de R\u00f3terdam, Venecia o La Punta de la Dogana. Estas pinturas revelan c\u00f3mo fue ampliando la pincelada y otorgando mayor protagonismo a la intensidad crom\u00e1tica, anticipando el uso expresivo del color que luego desarrollar\u00edan los fauvistas.<\/p>\n<figure id=\"attachment_11254\" aria-describedby=\"caption-attachment-11254\" style=\"width: 300px\" class=\"wp-caption aligncenter\"><a href=\"https:\/\/rafaramirez.org\/blog\/wp-content\/uploads\/2025\/12\/4-the-port-of-rotterdam-paul-signac1907.jpg\" target=\"_blank\" rel=\"noopener\"><img loading=\"lazy\" decoding=\"async\" class=\"wp-image-11254 size-medium\" src=\"https:\/\/rafaramirez.org\/blog\/wp-content\/uploads\/2025\/12\/4-the-port-of-rotterdam-paul-signac1907-300x229.jpg\" alt=\"El puerto de Rotterdam (1907) Paul Signac. Blog de Rafael Ram\u00edrez. \" width=\"300\" height=\"229\" srcset=\"https:\/\/rafaramirez.org\/blog\/wp-content\/uploads\/2025\/12\/4-the-port-of-rotterdam-paul-signac1907-300x229.jpg 300w, https:\/\/rafaramirez.org\/blog\/wp-content\/uploads\/2025\/12\/4-the-port-of-rotterdam-paul-signac1907-768x587.jpg 768w, https:\/\/rafaramirez.org\/blog\/wp-content\/uploads\/2025\/12\/4-the-port-of-rotterdam-paul-signac1907.jpg 900w\" sizes=\"auto, (max-width: 300px) 100vw, 300px\" \/><\/a><figcaption id=\"caption-attachment-11254\" class=\"wp-caption-text\">El puerto de Rotterdam (1907) Paul Signac. Blog de Rafael Ram\u00edrez.<\/figcaption><\/figure>\n<figure id=\"attachment_11255\" aria-describedby=\"caption-attachment-11255\" style=\"width: 300px\" class=\"wp-caption aligncenter\"><a href=\"https:\/\/rafaramirez.org\/blog\/wp-content\/uploads\/2025\/12\/venice-the-pink-cloud-1909.jpg\" target=\"_blank\" rel=\"noopener\"><img loading=\"lazy\" decoding=\"async\" class=\"wp-image-11255 size-medium\" src=\"https:\/\/rafaramirez.org\/blog\/wp-content\/uploads\/2025\/12\/venice-the-pink-cloud-1909-300x238.jpg\" alt=\"Venecia (1909) Paul Signac. Blog de Rafael Ram\u00edrez. \" width=\"300\" height=\"238\" srcset=\"https:\/\/rafaramirez.org\/blog\/wp-content\/uploads\/2025\/12\/venice-the-pink-cloud-1909-300x238.jpg 300w, https:\/\/rafaramirez.org\/blog\/wp-content\/uploads\/2025\/12\/venice-the-pink-cloud-1909.jpg 750w\" sizes=\"auto, (max-width: 300px) 100vw, 300px\" \/><\/a><figcaption id=\"caption-attachment-11255\" class=\"wp-caption-text\">Venecia (1909) Paul Signac. Blog de Rafael Ram\u00edrez.<\/figcaption><\/figure>\n<figure id=\"attachment_11256\" aria-describedby=\"caption-attachment-11256\" style=\"width: 300px\" class=\"wp-caption aligncenter\"><a href=\"https:\/\/rafaramirez.org\/blog\/wp-content\/uploads\/2025\/12\/Paul-Signac-la-dogana-Venice-1923_ok.jpg\" target=\"_blank\" rel=\"noopener\"><img loading=\"lazy\" decoding=\"async\" class=\"wp-image-11256 size-medium\" src=\"https:\/\/rafaramirez.org\/blog\/wp-content\/uploads\/2025\/12\/Paul-Signac-la-dogana-Venice-1923_ok-300x235.jpg\" alt=\"La Punta de la Dogana (1923) Paul Signac. Blog de Rafael Ram\u00edrez. \" width=\"300\" height=\"235\" srcset=\"https:\/\/rafaramirez.org\/blog\/wp-content\/uploads\/2025\/12\/Paul-Signac-la-dogana-Venice-1923_ok-300x235.jpg 300w, https:\/\/rafaramirez.org\/blog\/wp-content\/uploads\/2025\/12\/Paul-Signac-la-dogana-Venice-1923_ok-1024x801.jpg 1024w, https:\/\/rafaramirez.org\/blog\/wp-content\/uploads\/2025\/12\/Paul-Signac-la-dogana-Venice-1923_ok-768x601.jpg 768w, https:\/\/rafaramirez.org\/blog\/wp-content\/uploads\/2025\/12\/Paul-Signac-la-dogana-Venice-1923_ok-1536x1202.jpg 1536w, https:\/\/rafaramirez.org\/blog\/wp-content\/uploads\/2025\/12\/Paul-Signac-la-dogana-Venice-1923_ok.jpg 1600w\" sizes=\"auto, (max-width: 300px) 100vw, 300px\" \/><\/a><figcaption id=\"caption-attachment-11256\" class=\"wp-caption-text\">La Punta de la Dogana (1923) Paul Signac. Blog de Rafael Ram\u00edrez.<\/figcaption><\/figure>\n<p>Adem\u00e1s de sus paisajes portuarios, Signac realiz\u00f3 obras de car\u00e1cter aleg\u00f3rico y urbano. El Tiempo de la Armon\u00eda es un mural ut\u00f3pico que refleja sus ideales anarquistas y su visi\u00f3n de un mundo en equilibrio, mientras que Los Demoledores muestra su inter\u00e9s por la vida moderna y el trabajo colectivo.<\/p>\n<figure id=\"attachment_11257\" aria-describedby=\"caption-attachment-11257\" style=\"width: 300px\" class=\"wp-caption aligncenter\"><a href=\"https:\/\/rafaramirez.org\/blog\/wp-content\/uploads\/2025\/12\/Paul_Signac_1893-95_Au_temps_dharmonie_ok.jpg\" target=\"_blank\" rel=\"noopener\"><img loading=\"lazy\" decoding=\"async\" class=\"wp-image-11257 size-medium\" src=\"https:\/\/rafaramirez.org\/blog\/wp-content\/uploads\/2025\/12\/Paul_Signac_1893-95_Au_temps_dharmonie_ok-300x225.jpg\" alt=\"El Tiempo de la Armon\u00eda (1893-1895) Paul Signac. Blog de Rafael Ram\u00edrez.\" width=\"300\" height=\"225\" srcset=\"https:\/\/rafaramirez.org\/blog\/wp-content\/uploads\/2025\/12\/Paul_Signac_1893-95_Au_temps_dharmonie_ok-300x225.jpg 300w, https:\/\/rafaramirez.org\/blog\/wp-content\/uploads\/2025\/12\/Paul_Signac_1893-95_Au_temps_dharmonie_ok-1024x767.jpg 1024w, https:\/\/rafaramirez.org\/blog\/wp-content\/uploads\/2025\/12\/Paul_Signac_1893-95_Au_temps_dharmonie_ok-768x575.jpg 768w, https:\/\/rafaramirez.org\/blog\/wp-content\/uploads\/2025\/12\/Paul_Signac_1893-95_Au_temps_dharmonie_ok.jpg 1420w\" sizes=\"auto, (max-width: 300px) 100vw, 300px\" \/><\/a><figcaption id=\"caption-attachment-11257\" class=\"wp-caption-text\">El Tiempo de la Armon\u00eda (1893-1895) Paul Signac. Blog de Rafael Ram\u00edrez.<\/figcaption><\/figure>\n<figure id=\"attachment_11258\" aria-describedby=\"caption-attachment-11258\" style=\"width: 180px\" class=\"wp-caption aligncenter\"><a href=\"https:\/\/rafaramirez.org\/blog\/wp-content\/uploads\/2025\/12\/Le-Demolisseur1897-1899.jpg\" target=\"_blank\" rel=\"noopener\"><img loading=\"lazy\" decoding=\"async\" class=\"wp-image-11258 size-medium\" src=\"https:\/\/rafaramirez.org\/blog\/wp-content\/uploads\/2025\/12\/Le-Demolisseur1897-1899-180x300.jpg\" alt=\"Los Demoledores (1897-1899) Paul Signac. Blog de Rafael Ram\u00edrez.\" width=\"180\" height=\"300\" srcset=\"https:\/\/rafaramirez.org\/blog\/wp-content\/uploads\/2025\/12\/Le-Demolisseur1897-1899-180x300.jpg 180w, https:\/\/rafaramirez.org\/blog\/wp-content\/uploads\/2025\/12\/Le-Demolisseur1897-1899.jpg 510w\" sizes=\"auto, (max-width: 180px) 100vw, 180px\" \/><\/a><figcaption id=\"caption-attachment-11258\" class=\"wp-caption-text\">Los Demoledores (1897-1899) Paul Signac. Blog de Rafael Ram\u00edrez.<\/figcaption><\/figure>\n<p>En conjunto, sus principales obras no solo son testimonios de su virtuosismo t\u00e9cnico, sino tambi\u00e9n de su compromiso con una pintura que buscaba unir ciencia y emoci\u00f3n. Signac convirti\u00f3 cada puerto y cada paisaje en un laboratorio de luz y color, dejando un legado que influy\u00f3 en Matisse, Derain y otros artistas de su tiempo.<\/p>\n<p>M\u00e1s informaci\u00f3n:<\/p>\n<ul>\n<li><a href=\"https:\/\/es.wikipedia.org\/wiki\/Paul_Signac\" target=\"_blank\" rel=\"noopener\">Paul Signac &#8211; Wikipedia, la enciclopedia libre<\/a>.<\/li>\n<li><a href=\"https:\/\/historia-arte.com\/artistas\/paul-signac\" target=\"_blank\" rel=\"noopener\">Paul Signac &#8211; Historia Arte (HA!)<\/a>.<\/li>\n<li><a href=\"https:\/\/rafaramirez.org\/blog\/index.php\/category\/arte\/historia-del-arte\/\" target=\"_blank\" rel=\"noopener\">Vida y obra de otros pintores que marcaron \u00e9poca<\/a>.<\/li>\n<\/ul>\n","protected":false},"excerpt":{"rendered":"<p>Paul Signac fue uno de los grandes representantes del neoimpresionismo, un pintor que convirti\u00f3 la luz y el color en los protagonistas absolutos de su obra. Su vida y su arte se entrelazan en una b\u00fasqueda constante de libertad expresiva y rigor t\u00e9cnico que marc\u00f3 profundamente la evoluci\u00f3n de la pintura moderna. Nacido en Par\u00eds [&hellip;]<\/p>\n","protected":false},"author":3,"featured_media":11262,"comment_status":"open","ping_status":"closed","sticky":false,"template":"","format":"standard","meta":{"site-container-style":"default","site-container-layout":"default","site-sidebar-layout":"default","disable-article-header":"default","disable-site-header":"default","disable-site-footer":"default","disable-content-area-spacing":"default","_jetpack_newsletter_access":"","_jetpack_dont_email_post_to_subs":false,"_jetpack_newsletter_tier_id":0,"_jetpack_memberships_contains_paywalled_content":false,"_jetpack_feature_clip_id":0,"_jetpack_memberships_contains_paid_content":false,"footnotes":"","jetpack_publicize_message":"","jetpack_publicize_feature_enabled":true,"jetpack_social_post_already_shared":true,"jetpack_social_options":{"image_generator_settings":{"template":"highway","default_image_id":0,"font":"","enabled":false},"version":2},"jetpack_post_was_ever_published":false},"categories":[1290],"tags":[3804,4655,4656,3748,1383,4654,4653],"class_list":["post-11243","post","type-post","status-publish","format-standard","has-post-thumbnail","hentry","category-historia-del-arte","tag-biografia-de-pintores","tag-casico-de-la-pintura","tag-grandes-pintores-del-siglo-xix","tag-historia-de-la-pintura","tag-historia-del-arte","tag-neoimpresionismo","tag-paul-signac"],"yoast_head":"<!-- This site is optimized with the Yoast SEO plugin v28.3 - https:\/\/yoast.com\/product\/yoast-seo-wordpress\/ -->\n<title>Paul Signac: la vibraci\u00f3n del color y la libertad del mar. - Blog de Rafael Ram\u00edrez<\/title>\n<meta name=\"description\" content=\"Paul Signac fue uno de los grandes representantes del neoimpresionismo, un pintor que convirti\u00f3 la luz y el color en los protagonistas absolu\" \/>\n<meta name=\"robots\" content=\"index, follow, max-snippet:-1, max-image-preview:large, max-video-preview:-1\" \/>\n<link rel=\"canonical\" href=\"https:\/\/rafaramirez.org\/blog\/index.php\/2025\/12\/17\/paul-signac-biografia\/\" \/>\n<meta property=\"og:locale\" content=\"es_ES\" \/>\n<meta property=\"og:type\" content=\"article\" \/>\n<meta property=\"og:title\" content=\"Paul Signac: la vibraci\u00f3n del color y la libertad del mar. - Blog de Rafael Ram\u00edrez\" \/>\n<meta property=\"og:description\" content=\"Paul Signac fue uno de los grandes representantes del neoimpresionismo, un pintor que convirti\u00f3 la luz y el color en los protagonistas absolu\" \/>\n<meta property=\"og:url\" content=\"https:\/\/rafaramirez.org\/blog\/index.php\/2025\/12\/17\/paul-signac-biografia\/\" \/>\n<meta property=\"og:site_name\" content=\"Blog de Rafael Ram\u00edrez\" \/>\n<meta property=\"article:published_time\" content=\"2025-12-17T07:00:57+00:00\" \/>\n<meta property=\"article:modified_time\" content=\"2026-07-14T09:41:00+00:00\" \/>\n<meta property=\"og:image\" content=\"https:\/\/rafaramirez.org\/blog\/wp-content\/uploads\/2025\/12\/Paul-Signac_bannerlog.jpg\" \/>\n\t<meta property=\"og:image:width\" content=\"720\" \/>\n\t<meta property=\"og:image:height\" content=\"440\" \/>\n\t<meta property=\"og:image:type\" content=\"image\/jpeg\" \/>\n<meta name=\"author\" content=\"Documentaci\u00f3n e investigaci\u00f3n\" \/>\n<meta name=\"twitter:card\" content=\"summary_large_image\" \/>\n<meta name=\"twitter:site\" content=\"@rafaramirez_ok\" \/>\n<meta name=\"twitter:label1\" content=\"Escrito por\" \/>\n\t<meta name=\"twitter:data1\" content=\"Documentaci\u00f3n e investigaci\u00f3n\" \/>\n\t<meta name=\"twitter:label2\" content=\"Tiempo de lectura\" \/>\n\t<meta name=\"twitter:data2\" content=\"8 minutos\" \/>\n<script type=\"application\/ld+json\" class=\"yoast-schema-graph\">{\"@context\":\"https:\\\/\\\/schema.org\",\"@graph\":[{\"@type\":\"Article\",\"@id\":\"https:\\\/\\\/rafaramirez.org\\\/blog\\\/index.php\\\/2025\\\/12\\\/17\\\/paul-signac-biografia\\\/#article\",\"isPartOf\":{\"@id\":\"https:\\\/\\\/rafaramirez.org\\\/blog\\\/index.php\\\/2025\\\/12\\\/17\\\/paul-signac-biografia\\\/\"},\"author\":{\"name\":\"Documentaci\u00f3n e investigaci\u00f3n\",\"@id\":\"https:\\\/\\\/rafaramirez.org\\\/blog\\\/#\\\/schema\\\/person\\\/8debd05b3d9a1d16fb21af726811617d\"},\"headline\":\"Paul Signac: la vibraci\u00f3n del color y la libertad del mar.\",\"datePublished\":\"2025-12-17T07:00:57+00:00\",\"dateModified\":\"2026-07-14T09:41:00+00:00\",\"mainEntityOfPage\":{\"@id\":\"https:\\\/\\\/rafaramirez.org\\\/blog\\\/index.php\\\/2025\\\/12\\\/17\\\/paul-signac-biografia\\\/\"},\"wordCount\":1421,\"commentCount\":0,\"publisher\":{\"@id\":\"https:\\\/\\\/rafaramirez.org\\\/blog\\\/#\\\/schema\\\/person\\\/50f43b6d60c578760d4c17bda54ab6a5\"},\"image\":{\"@id\":\"https:\\\/\\\/rafaramirez.org\\\/blog\\\/index.php\\\/2025\\\/12\\\/17\\\/paul-signac-biografia\\\/#primaryimage\"},\"thumbnailUrl\":\"https:\\\/\\\/rafaramirez.org\\\/blog\\\/wp-content\\\/uploads\\\/2025\\\/12\\\/Paul-Signac_bannerlog.jpg\",\"keywords\":[\"biograf\u00eda de pintores\",\"c\u00e1sico de la pintura\",\"grandes pintores del siglo XIX\",\"historia de la pintura\",\"historia del arte\",\"neoimpresionismo\",\"Paul Signac\"],\"articleSection\":[\"Historia del arte\"],\"inLanguage\":\"es\",\"potentialAction\":[{\"@type\":\"CommentAction\",\"name\":\"Comment\",\"target\":[\"https:\\\/\\\/rafaramirez.org\\\/blog\\\/index.php\\\/2025\\\/12\\\/17\\\/paul-signac-biografia\\\/#respond\"]}]},{\"@type\":\"WebPage\",\"@id\":\"https:\\\/\\\/rafaramirez.org\\\/blog\\\/index.php\\\/2025\\\/12\\\/17\\\/paul-signac-biografia\\\/\",\"url\":\"https:\\\/\\\/rafaramirez.org\\\/blog\\\/index.php\\\/2025\\\/12\\\/17\\\/paul-signac-biografia\\\/\",\"name\":\"Paul Signac: la vibraci\u00f3n del color y la libertad del mar. - Blog de Rafael Ram\u00edrez\",\"isPartOf\":{\"@id\":\"https:\\\/\\\/rafaramirez.org\\\/blog\\\/#website\"},\"primaryImageOfPage\":{\"@id\":\"https:\\\/\\\/rafaramirez.org\\\/blog\\\/index.php\\\/2025\\\/12\\\/17\\\/paul-signac-biografia\\\/#primaryimage\"},\"image\":{\"@id\":\"https:\\\/\\\/rafaramirez.org\\\/blog\\\/index.php\\\/2025\\\/12\\\/17\\\/paul-signac-biografia\\\/#primaryimage\"},\"thumbnailUrl\":\"https:\\\/\\\/rafaramirez.org\\\/blog\\\/wp-content\\\/uploads\\\/2025\\\/12\\\/Paul-Signac_bannerlog.jpg\",\"datePublished\":\"2025-12-17T07:00:57+00:00\",\"dateModified\":\"2026-07-14T09:41:00+00:00\",\"description\":\"Paul Signac fue uno de los grandes representantes del neoimpresionismo, un pintor que convirti\u00f3 la luz y el color en los protagonistas absolu\",\"breadcrumb\":{\"@id\":\"https:\\\/\\\/rafaramirez.org\\\/blog\\\/index.php\\\/2025\\\/12\\\/17\\\/paul-signac-biografia\\\/#breadcrumb\"},\"inLanguage\":\"es\",\"potentialAction\":[{\"@type\":\"ReadAction\",\"target\":[\"https:\\\/\\\/rafaramirez.org\\\/blog\\\/index.php\\\/2025\\\/12\\\/17\\\/paul-signac-biografia\\\/\"]}]},{\"@type\":\"ImageObject\",\"inLanguage\":\"es\",\"@id\":\"https:\\\/\\\/rafaramirez.org\\\/blog\\\/index.php\\\/2025\\\/12\\\/17\\\/paul-signac-biografia\\\/#primaryimage\",\"url\":\"https:\\\/\\\/rafaramirez.org\\\/blog\\\/wp-content\\\/uploads\\\/2025\\\/12\\\/Paul-Signac_bannerlog.jpg\",\"contentUrl\":\"https:\\\/\\\/rafaramirez.org\\\/blog\\\/wp-content\\\/uploads\\\/2025\\\/12\\\/Paul-Signac_bannerlog.jpg\",\"width\":720,\"height\":440,\"caption\":\"Paul Signac: la vibraci\u00f3n del color y la libertad del mar. Blog de Rafael Ram\u00edrez.\"},{\"@type\":\"BreadcrumbList\",\"@id\":\"https:\\\/\\\/rafaramirez.org\\\/blog\\\/index.php\\\/2025\\\/12\\\/17\\\/paul-signac-biografia\\\/#breadcrumb\",\"itemListElement\":[{\"@type\":\"ListItem\",\"position\":1,\"name\":\"Portada\",\"item\":\"https:\\\/\\\/rafaramirez.org\\\/blog\\\/\"},{\"@type\":\"ListItem\",\"position\":2,\"name\":\"Paul Signac: la vibraci\u00f3n del color y la libertad del mar.\"}]},{\"@type\":\"WebSite\",\"@id\":\"https:\\\/\\\/rafaramirez.org\\\/blog\\\/#website\",\"url\":\"https:\\\/\\\/rafaramirez.org\\\/blog\\\/\",\"name\":\"Blog de Rafael Ram\u00edrez\",\"description\":\"Un sitio social, de arte y cultura\",\"publisher\":{\"@id\":\"https:\\\/\\\/rafaramirez.org\\\/blog\\\/#\\\/schema\\\/person\\\/50f43b6d60c578760d4c17bda54ab6a5\"},\"potentialAction\":[{\"@type\":\"SearchAction\",\"target\":{\"@type\":\"EntryPoint\",\"urlTemplate\":\"https:\\\/\\\/rafaramirez.org\\\/blog\\\/?s={search_term_string}\"},\"query-input\":{\"@type\":\"PropertyValueSpecification\",\"valueRequired\":true,\"valueName\":\"search_term_string\"}}],\"inLanguage\":\"es\"},{\"@type\":[\"Person\",\"Organization\"],\"@id\":\"https:\\\/\\\/rafaramirez.org\\\/blog\\\/#\\\/schema\\\/person\\\/50f43b6d60c578760d4c17bda54ab6a5\",\"name\":\"Rafael Ram\u00edrez\",\"image\":{\"@type\":\"ImageObject\",\"inLanguage\":\"es\",\"@id\":\"https:\\\/\\\/rafaramirez.org\\\/blog\\\/wp-content\\\/uploads\\\/2024\\\/09\\\/RR_socialnetwork.jpg\",\"url\":\"https:\\\/\\\/rafaramirez.org\\\/blog\\\/wp-content\\\/uploads\\\/2024\\\/09\\\/RR_socialnetwork.jpg\",\"contentUrl\":\"https:\\\/\\\/rafaramirez.org\\\/blog\\\/wp-content\\\/uploads\\\/2024\\\/09\\\/RR_socialnetwork.jpg\",\"width\":600,\"height\":606,\"caption\":\"Rafael Ram\u00edrez\"},\"logo\":{\"@id\":\"https:\\\/\\\/rafaramirez.org\\\/blog\\\/wp-content\\\/uploads\\\/2024\\\/09\\\/RR_socialnetwork.jpg\"},\"sameAs\":[\"https:\\\/\\\/www.rafaramirez.org\\\/blog\",\"https:\\\/\\\/www.instagram.com\\\/rafaramirez_ok\\\/\",\"https:\\\/\\\/es.pinterest.com\\\/Ramirez_Rafa\\\/\",\"https:\\\/\\\/x.com\\\/rafaramirez_ok\"]},{\"@type\":\"Person\",\"@id\":\"https:\\\/\\\/rafaramirez.org\\\/blog\\\/#\\\/schema\\\/person\\\/8debd05b3d9a1d16fb21af726811617d\",\"name\":\"Documentaci\u00f3n e investigaci\u00f3n\",\"image\":{\"@type\":\"ImageObject\",\"inLanguage\":\"es\",\"@id\":\"https:\\\/\\\/secure.gravatar.com\\\/avatar\\\/fe70e496579a39c7a8fc4982b89275403b1092eb200623138a32daada9416911?s=96&d=mm&r=g\",\"url\":\"https:\\\/\\\/secure.gravatar.com\\\/avatar\\\/fe70e496579a39c7a8fc4982b89275403b1092eb200623138a32daada9416911?s=96&d=mm&r=g\",\"contentUrl\":\"https:\\\/\\\/secure.gravatar.com\\\/avatar\\\/fe70e496579a39c7a8fc4982b89275403b1092eb200623138a32daada9416911?s=96&d=mm&r=g\",\"caption\":\"Documentaci\u00f3n e investigaci\u00f3n\"},\"url\":\"https:\\\/\\\/rafaramirez.org\\\/blog\\\/index.php\\\/author\\\/admin\\\/\"}]}<\/script>\n<!-- \/ Yoast SEO plugin. -->","yoast_head_json":{"title":"Paul Signac: la vibraci\u00f3n del color y la libertad del mar. - Blog de Rafael Ram\u00edrez","description":"Paul Signac fue uno de los grandes representantes del neoimpresionismo, un pintor que convirti\u00f3 la luz y el color en los protagonistas absolu","robots":{"index":"index","follow":"follow","max-snippet":"max-snippet:-1","max-image-preview":"max-image-preview:large","max-video-preview":"max-video-preview:-1"},"canonical":"https:\/\/rafaramirez.org\/blog\/index.php\/2025\/12\/17\/paul-signac-biografia\/","og_locale":"es_ES","og_type":"article","og_title":"Paul Signac: la vibraci\u00f3n del color y la libertad del mar. - Blog de Rafael Ram\u00edrez","og_description":"Paul Signac fue uno de los grandes representantes del neoimpresionismo, un pintor que convirti\u00f3 la luz y el color en los protagonistas absolu","og_url":"https:\/\/rafaramirez.org\/blog\/index.php\/2025\/12\/17\/paul-signac-biografia\/","og_site_name":"Blog de Rafael Ram\u00edrez","article_published_time":"2025-12-17T07:00:57+00:00","article_modified_time":"2026-07-14T09:41:00+00:00","og_image":[{"width":720,"height":440,"url":"https:\/\/rafaramirez.org\/blog\/wp-content\/uploads\/2025\/12\/Paul-Signac_bannerlog.jpg","type":"image\/jpeg"}],"author":"Documentaci\u00f3n e investigaci\u00f3n","twitter_card":"summary_large_image","twitter_site":"@rafaramirez_ok","twitter_misc":{"Escrito por":"Documentaci\u00f3n e investigaci\u00f3n","Tiempo de lectura":"8 minutos"},"schema":{"@context":"https:\/\/schema.org","@graph":[{"@type":"Article","@id":"https:\/\/rafaramirez.org\/blog\/index.php\/2025\/12\/17\/paul-signac-biografia\/#article","isPartOf":{"@id":"https:\/\/rafaramirez.org\/blog\/index.php\/2025\/12\/17\/paul-signac-biografia\/"},"author":{"name":"Documentaci\u00f3n e investigaci\u00f3n","@id":"https:\/\/rafaramirez.org\/blog\/#\/schema\/person\/8debd05b3d9a1d16fb21af726811617d"},"headline":"Paul Signac: la vibraci\u00f3n del color y la libertad del mar.","datePublished":"2025-12-17T07:00:57+00:00","dateModified":"2026-07-14T09:41:00+00:00","mainEntityOfPage":{"@id":"https:\/\/rafaramirez.org\/blog\/index.php\/2025\/12\/17\/paul-signac-biografia\/"},"wordCount":1421,"commentCount":0,"publisher":{"@id":"https:\/\/rafaramirez.org\/blog\/#\/schema\/person\/50f43b6d60c578760d4c17bda54ab6a5"},"image":{"@id":"https:\/\/rafaramirez.org\/blog\/index.php\/2025\/12\/17\/paul-signac-biografia\/#primaryimage"},"thumbnailUrl":"https:\/\/rafaramirez.org\/blog\/wp-content\/uploads\/2025\/12\/Paul-Signac_bannerlog.jpg","keywords":["biograf\u00eda de pintores","c\u00e1sico de la pintura","grandes pintores del siglo XIX","historia de la pintura","historia del arte","neoimpresionismo","Paul Signac"],"articleSection":["Historia del arte"],"inLanguage":"es","potentialAction":[{"@type":"CommentAction","name":"Comment","target":["https:\/\/rafaramirez.org\/blog\/index.php\/2025\/12\/17\/paul-signac-biografia\/#respond"]}]},{"@type":"WebPage","@id":"https:\/\/rafaramirez.org\/blog\/index.php\/2025\/12\/17\/paul-signac-biografia\/","url":"https:\/\/rafaramirez.org\/blog\/index.php\/2025\/12\/17\/paul-signac-biografia\/","name":"Paul Signac: la vibraci\u00f3n del color y la libertad del mar. - Blog de Rafael Ram\u00edrez","isPartOf":{"@id":"https:\/\/rafaramirez.org\/blog\/#website"},"primaryImageOfPage":{"@id":"https:\/\/rafaramirez.org\/blog\/index.php\/2025\/12\/17\/paul-signac-biografia\/#primaryimage"},"image":{"@id":"https:\/\/rafaramirez.org\/blog\/index.php\/2025\/12\/17\/paul-signac-biografia\/#primaryimage"},"thumbnailUrl":"https:\/\/rafaramirez.org\/blog\/wp-content\/uploads\/2025\/12\/Paul-Signac_bannerlog.jpg","datePublished":"2025-12-17T07:00:57+00:00","dateModified":"2026-07-14T09:41:00+00:00","description":"Paul Signac fue uno de los grandes representantes del neoimpresionismo, un pintor que convirti\u00f3 la luz y el color en los protagonistas absolu","breadcrumb":{"@id":"https:\/\/rafaramirez.org\/blog\/index.php\/2025\/12\/17\/paul-signac-biografia\/#breadcrumb"},"inLanguage":"es","potentialAction":[{"@type":"ReadAction","target":["https:\/\/rafaramirez.org\/blog\/index.php\/2025\/12\/17\/paul-signac-biografia\/"]}]},{"@type":"ImageObject","inLanguage":"es","@id":"https:\/\/rafaramirez.org\/blog\/index.php\/2025\/12\/17\/paul-signac-biografia\/#primaryimage","url":"https:\/\/rafaramirez.org\/blog\/wp-content\/uploads\/2025\/12\/Paul-Signac_bannerlog.jpg","contentUrl":"https:\/\/rafaramirez.org\/blog\/wp-content\/uploads\/2025\/12\/Paul-Signac_bannerlog.jpg","width":720,"height":440,"caption":"Paul Signac: la vibraci\u00f3n del color y la libertad del mar. Blog de Rafael Ram\u00edrez."},{"@type":"BreadcrumbList","@id":"https:\/\/rafaramirez.org\/blog\/index.php\/2025\/12\/17\/paul-signac-biografia\/#breadcrumb","itemListElement":[{"@type":"ListItem","position":1,"name":"Portada","item":"https:\/\/rafaramirez.org\/blog\/"},{"@type":"ListItem","position":2,"name":"Paul Signac: la vibraci\u00f3n del color y la libertad del mar."}]},{"@type":"WebSite","@id":"https:\/\/rafaramirez.org\/blog\/#website","url":"https:\/\/rafaramirez.org\/blog\/","name":"Blog de Rafael Ram\u00edrez","description":"Un sitio social, de arte y cultura","publisher":{"@id":"https:\/\/rafaramirez.org\/blog\/#\/schema\/person\/50f43b6d60c578760d4c17bda54ab6a5"},"potentialAction":[{"@type":"SearchAction","target":{"@type":"EntryPoint","urlTemplate":"https:\/\/rafaramirez.org\/blog\/?s={search_term_string}"},"query-input":{"@type":"PropertyValueSpecification","valueRequired":true,"valueName":"search_term_string"}}],"inLanguage":"es"},{"@type":["Person","Organization"],"@id":"https:\/\/rafaramirez.org\/blog\/#\/schema\/person\/50f43b6d60c578760d4c17bda54ab6a5","name":"Rafael Ram\u00edrez","image":{"@type":"ImageObject","inLanguage":"es","@id":"https:\/\/rafaramirez.org\/blog\/wp-content\/uploads\/2024\/09\/RR_socialnetwork.jpg","url":"https:\/\/rafaramirez.org\/blog\/wp-content\/uploads\/2024\/09\/RR_socialnetwork.jpg","contentUrl":"https:\/\/rafaramirez.org\/blog\/wp-content\/uploads\/2024\/09\/RR_socialnetwork.jpg","width":600,"height":606,"caption":"Rafael Ram\u00edrez"},"logo":{"@id":"https:\/\/rafaramirez.org\/blog\/wp-content\/uploads\/2024\/09\/RR_socialnetwork.jpg"},"sameAs":["https:\/\/www.rafaramirez.org\/blog","https:\/\/www.instagram.com\/rafaramirez_ok\/","https:\/\/es.pinterest.com\/Ramirez_Rafa\/","https:\/\/x.com\/rafaramirez_ok"]},{"@type":"Person","@id":"https:\/\/rafaramirez.org\/blog\/#\/schema\/person\/8debd05b3d9a1d16fb21af726811617d","name":"Documentaci\u00f3n e investigaci\u00f3n","image":{"@type":"ImageObject","inLanguage":"es","@id":"https:\/\/secure.gravatar.com\/avatar\/fe70e496579a39c7a8fc4982b89275403b1092eb200623138a32daada9416911?s=96&d=mm&r=g","url":"https:\/\/secure.gravatar.com\/avatar\/fe70e496579a39c7a8fc4982b89275403b1092eb200623138a32daada9416911?s=96&d=mm&r=g","contentUrl":"https:\/\/secure.gravatar.com\/avatar\/fe70e496579a39c7a8fc4982b89275403b1092eb200623138a32daada9416911?s=96&d=mm&r=g","caption":"Documentaci\u00f3n e investigaci\u00f3n"},"url":"https:\/\/rafaramirez.org\/blog\/index.php\/author\/admin\/"}]}},"jetpack_publicize_connections":[],"jetpack_sharing_enabled":true,"jetpack_likes_enabled":true,"jetpack_featured_media_url":"https:\/\/rafaramirez.org\/blog\/wp-content\/uploads\/2025\/12\/Paul-Signac_bannerlog.jpg","_links":{"self":[{"href":"https:\/\/rafaramirez.org\/blog\/index.php\/wp-json\/wp\/v2\/posts\/11243","targetHints":{"allow":["GET"]}}],"collection":[{"href":"https:\/\/rafaramirez.org\/blog\/index.php\/wp-json\/wp\/v2\/posts"}],"about":[{"href":"https:\/\/rafaramirez.org\/blog\/index.php\/wp-json\/wp\/v2\/types\/post"}],"author":[{"embeddable":true,"href":"https:\/\/rafaramirez.org\/blog\/index.php\/wp-json\/wp\/v2\/users\/3"}],"replies":[{"embeddable":true,"href":"https:\/\/rafaramirez.org\/blog\/index.php\/wp-json\/wp\/v2\/comments?post=11243"}],"version-history":[{"count":11,"href":"https:\/\/rafaramirez.org\/blog\/index.php\/wp-json\/wp\/v2\/posts\/11243\/revisions"}],"predecessor-version":[{"id":11637,"href":"https:\/\/rafaramirez.org\/blog\/index.php\/wp-json\/wp\/v2\/posts\/11243\/revisions\/11637"}],"wp:featuredmedia":[{"embeddable":true,"href":"https:\/\/rafaramirez.org\/blog\/index.php\/wp-json\/wp\/v2\/media\/11262"}],"wp:attachment":[{"href":"https:\/\/rafaramirez.org\/blog\/index.php\/wp-json\/wp\/v2\/media?parent=11243"}],"wp:term":[{"taxonomy":"category","embeddable":true,"href":"https:\/\/rafaramirez.org\/blog\/index.php\/wp-json\/wp\/v2\/categories?post=11243"},{"taxonomy":"post_tag","embeddable":true,"href":"https:\/\/rafaramirez.org\/blog\/index.php\/wp-json\/wp\/v2\/tags?post=11243"}],"curies":[{"name":"wp","href":"https:\/\/api.w.org\/{rel}","templated":true}]}}