{"id":11188,"date":"2025-12-11T08:00:18","date_gmt":"2025-12-11T07:00:18","guid":{"rendered":"https:\/\/rafaramirez.org\/blog\/?p=11188"},"modified":"2026-03-18T11:33:44","modified_gmt":"2026-03-18T10:33:44","slug":"reflexiones-navidad-la-magia-de-lo-compartido","status":"publish","type":"post","link":"https:\/\/rafaramirez.org\/blog\/index.php\/2025\/12\/11\/reflexiones-navidad-la-magia-de-lo-compartido\/","title":{"rendered":"Reflexiones: Navidad, la magia de lo compartido."},"content":{"rendered":"<p>Hay una luz particular en diciembre que me entra por la piel como si fuera un recuerdo antiguo que vuelve a latir. Para m\u00ed, la Navidad no es una conquista del calendario ni una agenda suplantada por escaparates, sino una ocasi\u00f3n para estrechar los lazos familiares como quien afina una guitarra antes de interpretar una canci\u00f3n que solo suena bien cuando todos los acordes est\u00e1n en su sitio. Me gusta estar con mi pareja y con mi familia \u2014esas reuniones que huelen a guisos, a voces compartidas y a historias que se repiten con peque\u00f1os cambios\u2014, y tambi\u00e9n con amigos que son familia elegida. Me gusta la sensaci\u00f3n de que, por un tiempo, todos los hilos, ya est\u00e9n tensos o sueltos, se entrelazan con m\u00e1s paciencia.<\/p>\n<p>Reconozco que para otras personas este tiempo pesa. Lo he visto en miradas cansadas, en agendas abarrotadas de compromisos y en la nostalgia que, en ocasiones, se vuelve exigencia. Para algunos, la Navidad suena a obligaci\u00f3n, a v\u00e9rtigo de regalos y a encuentros que no encajan. Y ah\u00ed est\u00e1 la extra\u00f1eza: dos verdades simult\u00e1neas que no se contradicen, sino que se superponen. Mi experiencia es diferente: cada vez me parece que estas semanas pasan m\u00e1s r\u00e1pido, como si el a\u00f1o entero hiciera cola para pasar por un t\u00fanel y saliera distinto al otro lado. Esa fugacidad me empuja a exprimir los momentos, a detener con la atenci\u00f3n los peque\u00f1os gestos que, en otras \u00e9pocas, dejar\u00eda pasar: la risa que se repite, la mano que busca otra mano, el silencio compartido sin prisa.<\/p>\n<p>No lo vivo como un tiempo comercial, sino como una tregua en la rutina que permite que los afectos se manifiesten con la misma generosidad con la que se le abre la casa a un amigo. Es un permiso para la humildad emocional: admitir que necesitamos, que a\u00f1oramos, que cuidamos. Y tambi\u00e9n para la gratitud, que no siempre es una palabra formal, sino un gesto: una llamada improvisada, un plato repuesto, un abrazo que dura un segundo m\u00e1s de lo habitual. Ese despliegue de cari\u00f1o \u2014sencillo, dom\u00e9stico, a veces torpe\u2014 es lo que me parece m\u00e1gico. Es la suma de peque\u00f1as liturgias que no necesitan altar: poner el bel\u00e9n, colgar un adorno, preparar el cotill\u00f3n, alargar la sobremesa.<\/p>\n<p>Quiz\u00e1 la clave est\u00e9 en aceptar que la Navidad es lo que cada quien pueda sostener sin agotarse. Para m\u00ed, ahora consiste en aprovechar con cuidado: priorizar, elegir presencias que nutran y dejar atr\u00e1s compromisos que empobrecen. Hago una Navidad m\u00e1s breve con la intenci\u00f3n de llenarla de verdad; la contraintuitiva urgencia de acortar el tiempo es, en realidad, una decisi\u00f3n para intensificar la calidad de lo compartido. Prefiero menos encuentros cargados de sentido que una agenda repleta de formalismos.<\/p>\n<p>En definitiva, la Navidad que amo es una peque\u00f1a revoluci\u00f3n dom\u00e9stica que reivindica la ternura sin espect\u00e1culo, el reparo mutuo sin grandilocuencia y la memoria afectiva que nos recuerda qui\u00e9nes somos cuando nadie nos observa. Me quedo con eso, con la posibilidad de devolver a quienes quiero un poco del calor que me dieron y con la paciencia para escuchar a quienes sienten lo contrario, porque en esa diversidad tambi\u00e9n hay verdad.<\/p>\n<p>Rafael Ram\u00edrez\u00a92025.<\/p>\n<figure id=\"attachment_11193\" aria-describedby=\"caption-attachment-11193\" style=\"width: 300px\" class=\"wp-caption aligncenter\"><a href=\"https:\/\/rafaramirez.org\/blog\/wp-content\/uploads\/2025\/12\/Reflexiones-Navidad_1.jpg\" target=\"_blank\" rel=\"noopener\"><img loading=\"lazy\" decoding=\"async\" class=\"wp-image-11193 size-medium\" src=\"https:\/\/rafaramirez.org\/blog\/wp-content\/uploads\/2025\/12\/Reflexiones-Navidad_1-300x200.jpg\" alt=\"Reflexiones: Navidad, la magia de lo compartido. Blog de Rafael Ram\u00edrez. \" width=\"300\" height=\"200\" srcset=\"https:\/\/rafaramirez.org\/blog\/wp-content\/uploads\/2025\/12\/Reflexiones-Navidad_1-300x200.jpg 300w, https:\/\/rafaramirez.org\/blog\/wp-content\/uploads\/2025\/12\/Reflexiones-Navidad_1-768x512.jpg 768w, https:\/\/rafaramirez.org\/blog\/wp-content\/uploads\/2025\/12\/Reflexiones-Navidad_1.jpg 1024w\" sizes=\"auto, (max-width: 300px) 100vw, 300px\" \/><\/a><figcaption id=\"caption-attachment-11193\" class=\"wp-caption-text\">Reflexiones: Navidad, la magia de lo compartido. Blog de Rafael Ram\u00edrez.<\/figcaption><\/figure>\n<ul>\n<li><a href=\"https:\/\/rafaramirez.org\/blog\/index.php\/category\/arte\/literatura\/\" target=\"_blank\" rel=\"noopener\">Otras reflexiones y lectura recomendada<\/a>.<\/li>\n<li><a href=\"https:\/\/es.pinterest.com\/Ramirez_Rafa\/\" target=\"_blank\" rel=\"noopener\">En Pinterest.<\/a><\/li>\n<\/ul>\n","protected":false},"excerpt":{"rendered":"<p>Hay una luz particular en diciembre que me entra por la piel como si fuera un recuerdo antiguo que vuelve a latir. Para m\u00ed, la Navidad no es una conquista del calendario ni una agenda suplantada por escaparates, sino una ocasi\u00f3n para estrechar los lazos familiares como quien afina una guitarra antes de interpretar una [&hellip;]<\/p>\n","protected":false},"author":1,"featured_media":11192,"comment_status":"open","ping_status":"closed","sticky":false,"template":"","format":"standard","meta":{"site-container-style":"default","site-container-layout":"default","site-sidebar-layout":"default","disable-article-header":"default","disable-site-header":"default","disable-site-footer":"default","disable-content-area-spacing":"default","_jetpack_newsletter_access":"","_jetpack_dont_email_post_to_subs":false,"_jetpack_newsletter_tier_id":0,"_jetpack_memberships_contains_paywalled_content":false,"_jetpack_feature_clip_id":0,"_jetpack_memberships_contains_paid_content":false,"footnotes":"","jetpack_publicize_message":"","jetpack_publicize_feature_enabled":true,"jetpack_social_post_already_shared":true,"jetpack_social_options":{"image_generator_settings":{"template":"highway","default_image_id":0,"font":"","enabled":false},"version":2},"jetpack_post_was_ever_published":false},"categories":[710],"tags":[4147,4150,350,1796,4641,4146],"class_list":["post-11188","post","type-post","status-publish","format-standard","has-post-thumbnail","hentry","category-literatura","tag-articulo-de-opinion","tag-articulo-de-rafael-ramirez","tag-para-reflexionar","tag-reflexion-personal","tag-reflexion-sobre-la-navidad","tag-reflexiones-de-rafael-ramirez"],"yoast_head":"<!-- This site is optimized with the Yoast SEO plugin v28.3 - https:\/\/yoast.com\/product\/yoast-seo-wordpress\/ -->\n<title>Reflexiones: Navidad, la magia de lo compartido. - Blog de Rafael Ram\u00edrez<\/title>\n<meta name=\"description\" content=\"Hay una luz particular en diciembre que me entra por la piel como si fuera un recuerdo antiguo que vuelve a latir. Para m\u00ed la Navidad no es\" \/>\n<meta name=\"robots\" content=\"index, follow, max-snippet:-1, max-image-preview:large, max-video-preview:-1\" \/>\n<link rel=\"canonical\" href=\"https:\/\/rafaramirez.org\/blog\/index.php\/2025\/12\/11\/reflexiones-navidad-la-magia-de-lo-compartido\/\" \/>\n<meta property=\"og:locale\" content=\"es_ES\" \/>\n<meta property=\"og:type\" content=\"article\" \/>\n<meta property=\"og:title\" content=\"Reflexiones: Navidad, la magia de lo compartido. - Blog de Rafael Ram\u00edrez\" \/>\n<meta property=\"og:description\" content=\"Hay una luz particular en diciembre que me entra por la piel como si fuera un recuerdo antiguo que vuelve a latir. Para m\u00ed la Navidad no es\" \/>\n<meta property=\"og:url\" content=\"https:\/\/rafaramirez.org\/blog\/index.php\/2025\/12\/11\/reflexiones-navidad-la-magia-de-lo-compartido\/\" \/>\n<meta property=\"og:site_name\" content=\"Blog de Rafael Ram\u00edrez\" \/>\n<meta property=\"article:published_time\" content=\"2025-12-11T07:00:18+00:00\" \/>\n<meta property=\"article:modified_time\" content=\"2026-03-18T10:33:44+00:00\" \/>\n<meta property=\"og:image\" content=\"https:\/\/rafaramirez.org\/blog\/wp-content\/uploads\/2025\/12\/Reflexiones-Navidad_bannerlog.jpg\" \/>\n\t<meta property=\"og:image:width\" content=\"720\" \/>\n\t<meta property=\"og:image:height\" content=\"440\" \/>\n\t<meta property=\"og:image:type\" content=\"image\/jpeg\" \/>\n<meta name=\"author\" content=\"Rafael Ram\u00edrez\" \/>\n<meta name=\"twitter:card\" content=\"summary_large_image\" \/>\n<meta name=\"twitter:creator\" content=\"@rafaramirez_ok\" \/>\n<meta name=\"twitter:site\" content=\"@rafaramirez_ok\" \/>\n<meta name=\"twitter:label1\" content=\"Escrito por\" \/>\n\t<meta name=\"twitter:data1\" content=\"Rafael Ram\u00edrez\" \/>\n\t<meta name=\"twitter:label2\" content=\"Tiempo de lectura\" \/>\n\t<meta name=\"twitter:data2\" content=\"3 minutos\" \/>\n<script type=\"application\/ld+json\" class=\"yoast-schema-graph\">{\"@context\":\"https:\\\/\\\/schema.org\",\"@graph\":[{\"@type\":\"Article\",\"@id\":\"https:\\\/\\\/rafaramirez.org\\\/blog\\\/index.php\\\/2025\\\/12\\\/11\\\/reflexiones-navidad-la-magia-de-lo-compartido\\\/#article\",\"isPartOf\":{\"@id\":\"https:\\\/\\\/rafaramirez.org\\\/blog\\\/index.php\\\/2025\\\/12\\\/11\\\/reflexiones-navidad-la-magia-de-lo-compartido\\\/\"},\"author\":{\"name\":\"Rafael Ram\u00edrez\",\"@id\":\"https:\\\/\\\/rafaramirez.org\\\/blog\\\/#\\\/schema\\\/person\\\/50f43b6d60c578760d4c17bda54ab6a5\"},\"headline\":\"Reflexiones: Navidad, la magia de lo compartido.\",\"datePublished\":\"2025-12-11T07:00:18+00:00\",\"dateModified\":\"2026-03-18T10:33:44+00:00\",\"mainEntityOfPage\":{\"@id\":\"https:\\\/\\\/rafaramirez.org\\\/blog\\\/index.php\\\/2025\\\/12\\\/11\\\/reflexiones-navidad-la-magia-de-lo-compartido\\\/\"},\"wordCount\":602,\"commentCount\":0,\"publisher\":{\"@id\":\"https:\\\/\\\/rafaramirez.org\\\/blog\\\/#\\\/schema\\\/person\\\/50f43b6d60c578760d4c17bda54ab6a5\"},\"image\":{\"@id\":\"https:\\\/\\\/rafaramirez.org\\\/blog\\\/index.php\\\/2025\\\/12\\\/11\\\/reflexiones-navidad-la-magia-de-lo-compartido\\\/#primaryimage\"},\"thumbnailUrl\":\"https:\\\/\\\/rafaramirez.org\\\/blog\\\/wp-content\\\/uploads\\\/2025\\\/12\\\/Reflexiones-Navidad_bannerlog.jpg\",\"keywords\":[\"art\u00edculo de opini\u00f3n\",\"art\u00edculo de Rafael Ram\u00edrez\",\"para reflexionar\",\"reflexi\u00f3n personal\",\"reflexi\u00f3n sobre la navidad\",\"reflexiones de Rafael Ram\u00edrez\"],\"articleSection\":[\"Literatura\"],\"inLanguage\":\"es\",\"potentialAction\":[{\"@type\":\"CommentAction\",\"name\":\"Comment\",\"target\":[\"https:\\\/\\\/rafaramirez.org\\\/blog\\\/index.php\\\/2025\\\/12\\\/11\\\/reflexiones-navidad-la-magia-de-lo-compartido\\\/#respond\"]}]},{\"@type\":\"WebPage\",\"@id\":\"https:\\\/\\\/rafaramirez.org\\\/blog\\\/index.php\\\/2025\\\/12\\\/11\\\/reflexiones-navidad-la-magia-de-lo-compartido\\\/\",\"url\":\"https:\\\/\\\/rafaramirez.org\\\/blog\\\/index.php\\\/2025\\\/12\\\/11\\\/reflexiones-navidad-la-magia-de-lo-compartido\\\/\",\"name\":\"Reflexiones: Navidad, la magia de lo compartido. - Blog de Rafael Ram\u00edrez\",\"isPartOf\":{\"@id\":\"https:\\\/\\\/rafaramirez.org\\\/blog\\\/#website\"},\"primaryImageOfPage\":{\"@id\":\"https:\\\/\\\/rafaramirez.org\\\/blog\\\/index.php\\\/2025\\\/12\\\/11\\\/reflexiones-navidad-la-magia-de-lo-compartido\\\/#primaryimage\"},\"image\":{\"@id\":\"https:\\\/\\\/rafaramirez.org\\\/blog\\\/index.php\\\/2025\\\/12\\\/11\\\/reflexiones-navidad-la-magia-de-lo-compartido\\\/#primaryimage\"},\"thumbnailUrl\":\"https:\\\/\\\/rafaramirez.org\\\/blog\\\/wp-content\\\/uploads\\\/2025\\\/12\\\/Reflexiones-Navidad_bannerlog.jpg\",\"datePublished\":\"2025-12-11T07:00:18+00:00\",\"dateModified\":\"2026-03-18T10:33:44+00:00\",\"description\":\"Hay una luz particular en diciembre que me entra por la piel como si fuera un recuerdo antiguo que vuelve a latir. Para m\u00ed la Navidad no es\",\"breadcrumb\":{\"@id\":\"https:\\\/\\\/rafaramirez.org\\\/blog\\\/index.php\\\/2025\\\/12\\\/11\\\/reflexiones-navidad-la-magia-de-lo-compartido\\\/#breadcrumb\"},\"inLanguage\":\"es\",\"potentialAction\":[{\"@type\":\"ReadAction\",\"target\":[\"https:\\\/\\\/rafaramirez.org\\\/blog\\\/index.php\\\/2025\\\/12\\\/11\\\/reflexiones-navidad-la-magia-de-lo-compartido\\\/\"]}]},{\"@type\":\"ImageObject\",\"inLanguage\":\"es\",\"@id\":\"https:\\\/\\\/rafaramirez.org\\\/blog\\\/index.php\\\/2025\\\/12\\\/11\\\/reflexiones-navidad-la-magia-de-lo-compartido\\\/#primaryimage\",\"url\":\"https:\\\/\\\/rafaramirez.org\\\/blog\\\/wp-content\\\/uploads\\\/2025\\\/12\\\/Reflexiones-Navidad_bannerlog.jpg\",\"contentUrl\":\"https:\\\/\\\/rafaramirez.org\\\/blog\\\/wp-content\\\/uploads\\\/2025\\\/12\\\/Reflexiones-Navidad_bannerlog.jpg\",\"width\":720,\"height\":440,\"caption\":\"Reflexiones: Navidad, la magia de lo compartido. Blog de Rafael Ram\u00edrez.\"},{\"@type\":\"BreadcrumbList\",\"@id\":\"https:\\\/\\\/rafaramirez.org\\\/blog\\\/index.php\\\/2025\\\/12\\\/11\\\/reflexiones-navidad-la-magia-de-lo-compartido\\\/#breadcrumb\",\"itemListElement\":[{\"@type\":\"ListItem\",\"position\":1,\"name\":\"Portada\",\"item\":\"https:\\\/\\\/rafaramirez.org\\\/blog\\\/\"},{\"@type\":\"ListItem\",\"position\":2,\"name\":\"Reflexiones: Navidad, la magia de lo compartido.\"}]},{\"@type\":\"WebSite\",\"@id\":\"https:\\\/\\\/rafaramirez.org\\\/blog\\\/#website\",\"url\":\"https:\\\/\\\/rafaramirez.org\\\/blog\\\/\",\"name\":\"Blog de Rafael Ram\u00edrez\",\"description\":\"Un sitio social, de arte y cultura\",\"publisher\":{\"@id\":\"https:\\\/\\\/rafaramirez.org\\\/blog\\\/#\\\/schema\\\/person\\\/50f43b6d60c578760d4c17bda54ab6a5\"},\"potentialAction\":[{\"@type\":\"SearchAction\",\"target\":{\"@type\":\"EntryPoint\",\"urlTemplate\":\"https:\\\/\\\/rafaramirez.org\\\/blog\\\/?s={search_term_string}\"},\"query-input\":{\"@type\":\"PropertyValueSpecification\",\"valueRequired\":true,\"valueName\":\"search_term_string\"}}],\"inLanguage\":\"es\"},{\"@type\":[\"Person\",\"Organization\"],\"@id\":\"https:\\\/\\\/rafaramirez.org\\\/blog\\\/#\\\/schema\\\/person\\\/50f43b6d60c578760d4c17bda54ab6a5\",\"name\":\"Rafael Ram\u00edrez\",\"image\":{\"@type\":\"ImageObject\",\"inLanguage\":\"es\",\"@id\":\"https:\\\/\\\/rafaramirez.org\\\/blog\\\/wp-content\\\/uploads\\\/2024\\\/09\\\/RR_socialnetwork.jpg\",\"url\":\"https:\\\/\\\/rafaramirez.org\\\/blog\\\/wp-content\\\/uploads\\\/2024\\\/09\\\/RR_socialnetwork.jpg\",\"contentUrl\":\"https:\\\/\\\/rafaramirez.org\\\/blog\\\/wp-content\\\/uploads\\\/2024\\\/09\\\/RR_socialnetwork.jpg\",\"width\":600,\"height\":606,\"caption\":\"Rafael Ram\u00edrez\"},\"logo\":{\"@id\":\"https:\\\/\\\/rafaramirez.org\\\/blog\\\/wp-content\\\/uploads\\\/2024\\\/09\\\/RR_socialnetwork.jpg\"},\"sameAs\":[\"https:\\\/\\\/www.rafaramirez.org\\\/blog\",\"https:\\\/\\\/www.instagram.com\\\/rafaramirez_ok\\\/\",\"https:\\\/\\\/es.pinterest.com\\\/Ramirez_Rafa\\\/\",\"https:\\\/\\\/x.com\\\/rafaramirez_ok\"],\"url\":\"https:\\\/\\\/rafaramirez.org\\\/blog\\\/index.php\\\/author\\\/rafaell_qm6j97da\\\/\"}]}<\/script>\n<!-- \/ Yoast SEO plugin. -->","yoast_head_json":{"title":"Reflexiones: Navidad, la magia de lo compartido. - Blog de Rafael Ram\u00edrez","description":"Hay una luz particular en diciembre que me entra por la piel como si fuera un recuerdo antiguo que vuelve a latir. Para m\u00ed la Navidad no es","robots":{"index":"index","follow":"follow","max-snippet":"max-snippet:-1","max-image-preview":"max-image-preview:large","max-video-preview":"max-video-preview:-1"},"canonical":"https:\/\/rafaramirez.org\/blog\/index.php\/2025\/12\/11\/reflexiones-navidad-la-magia-de-lo-compartido\/","og_locale":"es_ES","og_type":"article","og_title":"Reflexiones: Navidad, la magia de lo compartido. - Blog de Rafael Ram\u00edrez","og_description":"Hay una luz particular en diciembre que me entra por la piel como si fuera un recuerdo antiguo que vuelve a latir. Para m\u00ed la Navidad no es","og_url":"https:\/\/rafaramirez.org\/blog\/index.php\/2025\/12\/11\/reflexiones-navidad-la-magia-de-lo-compartido\/","og_site_name":"Blog de Rafael Ram\u00edrez","article_published_time":"2025-12-11T07:00:18+00:00","article_modified_time":"2026-03-18T10:33:44+00:00","og_image":[{"width":720,"height":440,"url":"https:\/\/rafaramirez.org\/blog\/wp-content\/uploads\/2025\/12\/Reflexiones-Navidad_bannerlog.jpg","type":"image\/jpeg"}],"author":"Rafael Ram\u00edrez","twitter_card":"summary_large_image","twitter_creator":"@rafaramirez_ok","twitter_site":"@rafaramirez_ok","twitter_misc":{"Escrito por":"Rafael Ram\u00edrez","Tiempo de lectura":"3 minutos"},"schema":{"@context":"https:\/\/schema.org","@graph":[{"@type":"Article","@id":"https:\/\/rafaramirez.org\/blog\/index.php\/2025\/12\/11\/reflexiones-navidad-la-magia-de-lo-compartido\/#article","isPartOf":{"@id":"https:\/\/rafaramirez.org\/blog\/index.php\/2025\/12\/11\/reflexiones-navidad-la-magia-de-lo-compartido\/"},"author":{"name":"Rafael Ram\u00edrez","@id":"https:\/\/rafaramirez.org\/blog\/#\/schema\/person\/50f43b6d60c578760d4c17bda54ab6a5"},"headline":"Reflexiones: Navidad, la magia de lo compartido.","datePublished":"2025-12-11T07:00:18+00:00","dateModified":"2026-03-18T10:33:44+00:00","mainEntityOfPage":{"@id":"https:\/\/rafaramirez.org\/blog\/index.php\/2025\/12\/11\/reflexiones-navidad-la-magia-de-lo-compartido\/"},"wordCount":602,"commentCount":0,"publisher":{"@id":"https:\/\/rafaramirez.org\/blog\/#\/schema\/person\/50f43b6d60c578760d4c17bda54ab6a5"},"image":{"@id":"https:\/\/rafaramirez.org\/blog\/index.php\/2025\/12\/11\/reflexiones-navidad-la-magia-de-lo-compartido\/#primaryimage"},"thumbnailUrl":"https:\/\/rafaramirez.org\/blog\/wp-content\/uploads\/2025\/12\/Reflexiones-Navidad_bannerlog.jpg","keywords":["art\u00edculo de opini\u00f3n","art\u00edculo de Rafael Ram\u00edrez","para reflexionar","reflexi\u00f3n personal","reflexi\u00f3n sobre la navidad","reflexiones de Rafael Ram\u00edrez"],"articleSection":["Literatura"],"inLanguage":"es","potentialAction":[{"@type":"CommentAction","name":"Comment","target":["https:\/\/rafaramirez.org\/blog\/index.php\/2025\/12\/11\/reflexiones-navidad-la-magia-de-lo-compartido\/#respond"]}]},{"@type":"WebPage","@id":"https:\/\/rafaramirez.org\/blog\/index.php\/2025\/12\/11\/reflexiones-navidad-la-magia-de-lo-compartido\/","url":"https:\/\/rafaramirez.org\/blog\/index.php\/2025\/12\/11\/reflexiones-navidad-la-magia-de-lo-compartido\/","name":"Reflexiones: Navidad, la magia de lo compartido. - Blog de Rafael Ram\u00edrez","isPartOf":{"@id":"https:\/\/rafaramirez.org\/blog\/#website"},"primaryImageOfPage":{"@id":"https:\/\/rafaramirez.org\/blog\/index.php\/2025\/12\/11\/reflexiones-navidad-la-magia-de-lo-compartido\/#primaryimage"},"image":{"@id":"https:\/\/rafaramirez.org\/blog\/index.php\/2025\/12\/11\/reflexiones-navidad-la-magia-de-lo-compartido\/#primaryimage"},"thumbnailUrl":"https:\/\/rafaramirez.org\/blog\/wp-content\/uploads\/2025\/12\/Reflexiones-Navidad_bannerlog.jpg","datePublished":"2025-12-11T07:00:18+00:00","dateModified":"2026-03-18T10:33:44+00:00","description":"Hay una luz particular en diciembre que me entra por la piel como si fuera un recuerdo antiguo que vuelve a latir. Para m\u00ed la Navidad no es","breadcrumb":{"@id":"https:\/\/rafaramirez.org\/blog\/index.php\/2025\/12\/11\/reflexiones-navidad-la-magia-de-lo-compartido\/#breadcrumb"},"inLanguage":"es","potentialAction":[{"@type":"ReadAction","target":["https:\/\/rafaramirez.org\/blog\/index.php\/2025\/12\/11\/reflexiones-navidad-la-magia-de-lo-compartido\/"]}]},{"@type":"ImageObject","inLanguage":"es","@id":"https:\/\/rafaramirez.org\/blog\/index.php\/2025\/12\/11\/reflexiones-navidad-la-magia-de-lo-compartido\/#primaryimage","url":"https:\/\/rafaramirez.org\/blog\/wp-content\/uploads\/2025\/12\/Reflexiones-Navidad_bannerlog.jpg","contentUrl":"https:\/\/rafaramirez.org\/blog\/wp-content\/uploads\/2025\/12\/Reflexiones-Navidad_bannerlog.jpg","width":720,"height":440,"caption":"Reflexiones: Navidad, la magia de lo compartido. Blog de Rafael Ram\u00edrez."},{"@type":"BreadcrumbList","@id":"https:\/\/rafaramirez.org\/blog\/index.php\/2025\/12\/11\/reflexiones-navidad-la-magia-de-lo-compartido\/#breadcrumb","itemListElement":[{"@type":"ListItem","position":1,"name":"Portada","item":"https:\/\/rafaramirez.org\/blog\/"},{"@type":"ListItem","position":2,"name":"Reflexiones: Navidad, la magia de lo compartido."}]},{"@type":"WebSite","@id":"https:\/\/rafaramirez.org\/blog\/#website","url":"https:\/\/rafaramirez.org\/blog\/","name":"Blog de Rafael Ram\u00edrez","description":"Un sitio social, de arte y cultura","publisher":{"@id":"https:\/\/rafaramirez.org\/blog\/#\/schema\/person\/50f43b6d60c578760d4c17bda54ab6a5"},"potentialAction":[{"@type":"SearchAction","target":{"@type":"EntryPoint","urlTemplate":"https:\/\/rafaramirez.org\/blog\/?s={search_term_string}"},"query-input":{"@type":"PropertyValueSpecification","valueRequired":true,"valueName":"search_term_string"}}],"inLanguage":"es"},{"@type":["Person","Organization"],"@id":"https:\/\/rafaramirez.org\/blog\/#\/schema\/person\/50f43b6d60c578760d4c17bda54ab6a5","name":"Rafael Ram\u00edrez","image":{"@type":"ImageObject","inLanguage":"es","@id":"https:\/\/rafaramirez.org\/blog\/wp-content\/uploads\/2024\/09\/RR_socialnetwork.jpg","url":"https:\/\/rafaramirez.org\/blog\/wp-content\/uploads\/2024\/09\/RR_socialnetwork.jpg","contentUrl":"https:\/\/rafaramirez.org\/blog\/wp-content\/uploads\/2024\/09\/RR_socialnetwork.jpg","width":600,"height":606,"caption":"Rafael Ram\u00edrez"},"logo":{"@id":"https:\/\/rafaramirez.org\/blog\/wp-content\/uploads\/2024\/09\/RR_socialnetwork.jpg"},"sameAs":["https:\/\/www.rafaramirez.org\/blog","https:\/\/www.instagram.com\/rafaramirez_ok\/","https:\/\/es.pinterest.com\/Ramirez_Rafa\/","https:\/\/x.com\/rafaramirez_ok"],"url":"https:\/\/rafaramirez.org\/blog\/index.php\/author\/rafaell_qm6j97da\/"}]}},"jetpack_publicize_connections":[],"jetpack_sharing_enabled":true,"jetpack_likes_enabled":true,"jetpack_featured_media_url":"https:\/\/rafaramirez.org\/blog\/wp-content\/uploads\/2025\/12\/Reflexiones-Navidad_bannerlog.jpg","_links":{"self":[{"href":"https:\/\/rafaramirez.org\/blog\/index.php\/wp-json\/wp\/v2\/posts\/11188","targetHints":{"allow":["GET"]}}],"collection":[{"href":"https:\/\/rafaramirez.org\/blog\/index.php\/wp-json\/wp\/v2\/posts"}],"about":[{"href":"https:\/\/rafaramirez.org\/blog\/index.php\/wp-json\/wp\/v2\/types\/post"}],"author":[{"embeddable":true,"href":"https:\/\/rafaramirez.org\/blog\/index.php\/wp-json\/wp\/v2\/users\/1"}],"replies":[{"embeddable":true,"href":"https:\/\/rafaramirez.org\/blog\/index.php\/wp-json\/wp\/v2\/comments?post=11188"}],"version-history":[{"count":5,"href":"https:\/\/rafaramirez.org\/blog\/index.php\/wp-json\/wp\/v2\/posts\/11188\/revisions"}],"predecessor-version":[{"id":12442,"href":"https:\/\/rafaramirez.org\/blog\/index.php\/wp-json\/wp\/v2\/posts\/11188\/revisions\/12442"}],"wp:featuredmedia":[{"embeddable":true,"href":"https:\/\/rafaramirez.org\/blog\/index.php\/wp-json\/wp\/v2\/media\/11192"}],"wp:attachment":[{"href":"https:\/\/rafaramirez.org\/blog\/index.php\/wp-json\/wp\/v2\/media?parent=11188"}],"wp:term":[{"taxonomy":"category","embeddable":true,"href":"https:\/\/rafaramirez.org\/blog\/index.php\/wp-json\/wp\/v2\/categories?post=11188"},{"taxonomy":"post_tag","embeddable":true,"href":"https:\/\/rafaramirez.org\/blog\/index.php\/wp-json\/wp\/v2\/tags?post=11188"}],"curies":[{"name":"wp","href":"https:\/\/api.w.org\/{rel}","templated":true}]}}