{"id":11166,"date":"2025-12-09T08:00:14","date_gmt":"2025-12-09T07:00:14","guid":{"rendered":"https:\/\/rafaramirez.org\/blog\/?p=11166"},"modified":"2025-11-17T19:31:55","modified_gmt":"2025-11-17T18:31:55","slug":"mediterranean-sun-dance-paco-de-lucia-al-di-meola-john-mclaughlin-directo-live-vivo","status":"publish","type":"post","link":"https:\/\/rafaramirez.org\/blog\/index.php\/2025\/12\/09\/mediterranean-sun-dance-paco-de-lucia-al-di-meola-john-mclaughlin-directo-live-vivo\/","title":{"rendered":"\u00abMediterranean Sun Dance\u00bb. Paco de Lucia, Al Di Meola, John McLaughlin (Directo\/live\/vivo)."},"content":{"rendered":"<p>La versi\u00f3n de \u00abMediterranean Sun Dance\u00bb que ofrecieron Paco de Luc\u00eda, Al Di Meola y John McLaughlin en el concierto de Pavarotti &amp; Friends de 1996 es, ante todo, una reuni\u00f3n de espejos: cada int\u00e9rprete aporta su propio mundo y lo refleja en los otros dos, hasta que la pieza deja de ser solo una composici\u00f3n para convertirse en un di\u00e1logo p\u00fablico. Esa noche, recuperaron el esp\u00edritu del d\u00fao original Di Meola-Paco de los a\u00f1os setenta, pero lo ampliaron con la guitarra caracter\u00edstica de McLaughlin, m\u00e1s cortante en los ataques y m\u00e1s l\u00edquida en los arpegios, convirtiendo el tema en un tr\u00edo en el que la conversaci\u00f3n flamenca, la precisi\u00f3n jazz\u00edstica y la velocidad r\u00edtmica se alternan sin jerarqu\u00edas aparentes.<\/p>\n<p>Lo primero que salta al o\u00eddo es la gesti\u00f3n del comp\u00e1s y la din\u00e1mica. Paco imprime la marca del comp\u00e1s flamenco, que no solo es ritmo, sino un pulso comunitario que sostiene y empuja la interpretaci\u00f3n. Di Meola, heredero directo de la pieza original, aporta la memoria de la melod\u00eda y una t\u00e9cnica percutiva que crea una sensaci\u00f3n de urgencia. McLaughlin hace de puente: introduce colores arm\u00f3nicos y l\u00edneas mel\u00f3dicas que desalojan moment\u00e1neamente la tesitura t\u00edpica de la pieza para devolverla transformada. La alternancia de roles \u2014acompa\u00f1ar, responder, desafiar\u2014 convierte los pasajes acelerados en peque\u00f1as escenas dram\u00e1ticas, en las que los silencios, los rasgueos y los deslizamientos sobre el m\u00e1stil marcan giros emocionales m\u00e1s que cambios formales.<\/p>\n<figure id=\"attachment_11170\" aria-describedby=\"caption-attachment-11170\" style=\"width: 300px\" class=\"wp-caption aligncenter\"><a href=\"https:\/\/rafaramirez.org\/blog\/wp-content\/uploads\/2025\/12\/Mediterranean-sun-dance_1.jpg\" target=\"_blank\" rel=\"noopener\"><img loading=\"lazy\" decoding=\"async\" class=\"wp-image-11170 size-medium\" src=\"https:\/\/rafaramirez.org\/blog\/wp-content\/uploads\/2025\/12\/Mediterranean-sun-dance_1-300x200.jpg\" alt=\"&quot;Mediterranean Sun Dance&quot;. Paco de Lucia, Al Di Meola, John McLaughlin (Directo\/live\/vivo). Blog de Rafael Ram\u00edrez.\" width=\"300\" height=\"200\" srcset=\"https:\/\/rafaramirez.org\/blog\/wp-content\/uploads\/2025\/12\/Mediterranean-sun-dance_1-300x200.jpg 300w, https:\/\/rafaramirez.org\/blog\/wp-content\/uploads\/2025\/12\/Mediterranean-sun-dance_1-768x512.jpg 768w, https:\/\/rafaramirez.org\/blog\/wp-content\/uploads\/2025\/12\/Mediterranean-sun-dance_1.jpg 1024w\" sizes=\"auto, (max-width: 300px) 100vw, 300px\" \/><\/a><figcaption id=\"caption-attachment-11170\" class=\"wp-caption-text\">\u00abMediterranean Sun Dance\u00bb. Paco de Lucia, Al Di Meola, John McLaughlin. Blog de Rafael Ram\u00edrez.<\/figcaption><\/figure>\n<p>En t\u00e9rminos de timbre y fraseo, hay una econom\u00eda deliberada: ninguno intenta competir en volumen o virtuosismo ostentoso, sino que buscan los huecos, las resonancias y los microcontratiempos. El resultado es una textura en la que las aristas mel\u00f3dicas de Di Meola y McLaughlin encajan con la calidez y rotundidad del toque de Paco, y en la que los pasajes de velocidad absoluta sirven para intensificar la comuni\u00f3n entre los m\u00fasicos y el p\u00fablico. Esa comuni\u00f3n qued\u00f3 registrada y difundida en el proyecto Pavarotti &amp; Friends, donde la pieza apareci\u00f3 como testimonio de la qu\u00edmica entre la tradici\u00f3n y el virtuosismo contempor\u00e1neo.<\/p>\n<p>M\u00e1s all\u00e1 de los detalles t\u00e9cnicos, lo que hace memorable aquella interpretaci\u00f3n es la sensaci\u00f3n de que la pieza respira: sube, se repliega, ofrece peque\u00f1os regalos de fraseo y devuelve al oyente a la ra\u00edz mediterr\u00e1nea \u2014sol, polvo, plazas\u2014, pero desde la madurez art\u00edstica de tres trayectorias distintas. Escuchar esta versi\u00f3n es como escuchar una larga y brillante conversaci\u00f3n entre maestros que se respetan, se empujan y, sobre todo, disfrutan tocando juntos.<\/p>\n<p><iframe loading=\"lazy\" title=\"YouTube video player\" src=\"https:\/\/www.youtube.com\/embed\/dshrxsQfafA?si=UDaPW_6e4TdLgRMo\" width=\"560\" height=\"315\" frameborder=\"0\" allowfullscreen=\"allowfullscreen\"><\/iframe><\/p>\n<p>M\u00e1s informaci\u00f3n:<\/p>\n<ul>\n<li style=\"list-style-type: none;\">\n<ul>\n<li><a href=\"https:\/\/es.wikipedia.org\/wiki\/Pavarotti_%26_Friends\" target=\"_blank\" rel=\"noopener\">Wikipedia<\/a>.<\/li>\n<li><a href=\"https:\/\/en.wikipedia.org\/wiki\/Mediterranean_Sundance\" target=\"_blank\" rel=\"noopener\">Mediterranean Sundance &#8211; Wikipedia<\/a>.<\/li>\n<li><a href=\"https:\/\/www.youtube.com\/@TheTelevideo\/videos\" target=\"_blank\" rel=\"noopener\">Canal TheTelevideo en Youtube<\/a>.<\/li>\n<li><a href=\"https:\/\/rafaramirez.org\/blog\/index.php\/category\/arte\/musica\/\" target=\"_blank\" rel=\"noopener\">M\u00e1s M\u00fasica<\/a>.<\/li>\n<\/ul>\n<\/li>\n<\/ul>\n","protected":false},"excerpt":{"rendered":"<p>La versi\u00f3n de \u00abMediterranean Sun Dance\u00bb que ofrecieron Paco de Luc\u00eda, Al Di Meola y John McLaughlin en el concierto de Pavarotti &amp; Friends de 1996 es, ante todo, una reuni\u00f3n de espejos: cada int\u00e9rprete aporta su propio mundo y lo refleja en los otros dos, hasta que la pieza deja de ser solo una [&hellip;]<\/p>\n","protected":false},"author":1,"featured_media":11167,"comment_status":"open","ping_status":"closed","sticky":false,"template":"","format":"standard","meta":{"site-container-style":"default","site-container-layout":"default","site-sidebar-layout":"default","disable-article-header":"default","disable-site-header":"default","disable-site-footer":"default","disable-content-area-spacing":"default","_jetpack_newsletter_access":"","_jetpack_dont_email_post_to_subs":false,"_jetpack_newsletter_tier_id":0,"_jetpack_memberships_contains_paywalled_content":false,"_jetpack_feature_clip_id":0,"_jetpack_memberships_contains_paid_content":false,"footnotes":"","jetpack_publicize_message":"","jetpack_publicize_feature_enabled":true,"jetpack_social_post_already_shared":true,"jetpack_social_options":{"image_generator_settings":{"template":"highway","default_image_id":0,"font":"","enabled":false},"version":2},"jetpack_post_was_ever_published":false},"categories":[709],"tags":[4636,4519,4021,4638,115,4122,160,665,4639,2068,309,3356,2515,4637,4124,2067],"class_list":["post-11166","post","type-post","status-publish","format-standard","has-post-thumbnail","hentry","category-musica","tag-mediterranean-sun-dance","tag-4519","tag-actuacion-en-directo","tag-al-di-meola","tag-concierto","tag-concierto-pavarotti-friends","tag-en-vivo","tag-italia","tag-john-mclaughlin","tag-live","tag-musica","tag-musica-en-directo","tag-musica-recomendada","tag-paco-de-lucia","tag-parco-novi-sad-de-modena","tag-pavarotti-friends-for-war-child"],"yoast_head":"<!-- This site is optimized with the Yoast SEO plugin v28.4 - https:\/\/yoast.com\/product\/yoast-seo-wordpress\/ -->\n<title>&quot;Mediterranean Sun Dance&quot;. Paco de Lucia, Al Di Meola, John McLaughlin (Directo\/live\/vivo). - Blog de Rafael Ram\u00edrez<\/title>\n<meta name=\"description\" content=\"La versi\u00f3n de &quot;Mediterranean Sun Dance&quot; que ofrecieron Paco de Luc\u00eda, Al Di Meola y John McLaughlin en el concierto de Pavarotti &amp; Friends de\" \/>\n<meta name=\"robots\" content=\"index, follow, max-snippet:-1, max-image-preview:large, max-video-preview:-1\" \/>\n<link rel=\"canonical\" href=\"https:\/\/rafaramirez.org\/blog\/index.php\/2025\/12\/09\/mediterranean-sun-dance-paco-de-lucia-al-di-meola-john-mclaughlin-directo-live-vivo\/\" \/>\n<meta property=\"og:locale\" content=\"es_ES\" \/>\n<meta property=\"og:type\" content=\"article\" \/>\n<meta property=\"og:title\" content=\"&quot;Mediterranean Sun Dance&quot;. Paco de Lucia, Al Di Meola, John McLaughlin (Directo\/live\/vivo). - Blog de Rafael Ram\u00edrez\" \/>\n<meta property=\"og:description\" content=\"La versi\u00f3n de &quot;Mediterranean Sun Dance&quot; que ofrecieron Paco de Luc\u00eda, Al Di Meola y John McLaughlin en el concierto de Pavarotti &amp; Friends de\" \/>\n<meta property=\"og:url\" content=\"https:\/\/rafaramirez.org\/blog\/index.php\/2025\/12\/09\/mediterranean-sun-dance-paco-de-lucia-al-di-meola-john-mclaughlin-directo-live-vivo\/\" \/>\n<meta property=\"og:site_name\" content=\"Blog de Rafael Ram\u00edrez\" \/>\n<meta property=\"article:published_time\" content=\"2025-12-09T07:00:14+00:00\" \/>\n<meta property=\"og:image\" content=\"https:\/\/rafaramirez.org\/blog\/wp-content\/uploads\/2025\/11\/Mediterranean-sun-dance_bannerlog.jpg\" \/>\n\t<meta property=\"og:image:width\" content=\"720\" \/>\n\t<meta property=\"og:image:height\" content=\"480\" \/>\n\t<meta property=\"og:image:type\" content=\"image\/jpeg\" \/>\n<meta name=\"author\" content=\"Rafael Ram\u00edrez\" \/>\n<meta name=\"twitter:card\" content=\"summary_large_image\" \/>\n<meta name=\"twitter:creator\" content=\"@rafaramirez_ok\" \/>\n<meta name=\"twitter:site\" content=\"@rafaramirez_ok\" \/>\n<meta name=\"twitter:label1\" content=\"Escrito por\" \/>\n\t<meta name=\"twitter:data1\" content=\"Rafael Ram\u00edrez\" \/>\n\t<meta name=\"twitter:label2\" content=\"Tiempo de lectura\" \/>\n\t<meta name=\"twitter:data2\" content=\"3 minutos\" \/>\n<script type=\"application\/ld+json\" class=\"yoast-schema-graph\">{\"@context\":\"https:\\\/\\\/schema.org\",\"@graph\":[{\"@type\":\"Article\",\"@id\":\"https:\\\/\\\/rafaramirez.org\\\/blog\\\/index.php\\\/2025\\\/12\\\/09\\\/mediterranean-sun-dance-paco-de-lucia-al-di-meola-john-mclaughlin-directo-live-vivo\\\/#article\",\"isPartOf\":{\"@id\":\"https:\\\/\\\/rafaramirez.org\\\/blog\\\/index.php\\\/2025\\\/12\\\/09\\\/mediterranean-sun-dance-paco-de-lucia-al-di-meola-john-mclaughlin-directo-live-vivo\\\/\"},\"author\":{\"name\":\"Rafael Ram\u00edrez\",\"@id\":\"https:\\\/\\\/rafaramirez.org\\\/blog\\\/#\\\/schema\\\/person\\\/50f43b6d60c578760d4c17bda54ab6a5\"},\"headline\":\"\u00abMediterranean Sun Dance\u00bb. Paco de Lucia, Al Di Meola, John McLaughlin (Directo\\\/live\\\/vivo).\",\"datePublished\":\"2025-12-09T07:00:14+00:00\",\"mainEntityOfPage\":{\"@id\":\"https:\\\/\\\/rafaramirez.org\\\/blog\\\/index.php\\\/2025\\\/12\\\/09\\\/mediterranean-sun-dance-paco-de-lucia-al-di-meola-john-mclaughlin-directo-live-vivo\\\/\"},\"wordCount\":523,\"commentCount\":0,\"publisher\":{\"@id\":\"https:\\\/\\\/rafaramirez.org\\\/blog\\\/#\\\/schema\\\/person\\\/50f43b6d60c578760d4c17bda54ab6a5\"},\"image\":{\"@id\":\"https:\\\/\\\/rafaramirez.org\\\/blog\\\/index.php\\\/2025\\\/12\\\/09\\\/mediterranean-sun-dance-paco-de-lucia-al-di-meola-john-mclaughlin-directo-live-vivo\\\/#primaryimage\"},\"thumbnailUrl\":\"https:\\\/\\\/rafaramirez.org\\\/blog\\\/wp-content\\\/uploads\\\/2025\\\/11\\\/Mediterranean-sun-dance_bannerlog.jpg\",\"keywords\":[\"\\\"Mediterranean Sun Dance\\\"\",\"1996\",\"actuaci\u00f3n en directo\",\"Al Di Meola\",\"concierto\",\"concierto Pavarotti &amp; Friends\",\"en vivo\",\"Italia\",\"John McLaughlin\",\"live\",\"M\u00fasica\",\"m\u00fasica en directo\",\"m\u00fasica recomendada\",\"Paco de Lucia\",\"Parco Novi Sad de M\u00f3dena\",\"Pavarotti &amp; Friends for War Child\"],\"articleSection\":[\"M\u00fasica\"],\"inLanguage\":\"es\",\"potentialAction\":[{\"@type\":\"CommentAction\",\"name\":\"Comment\",\"target\":[\"https:\\\/\\\/rafaramirez.org\\\/blog\\\/index.php\\\/2025\\\/12\\\/09\\\/mediterranean-sun-dance-paco-de-lucia-al-di-meola-john-mclaughlin-directo-live-vivo\\\/#respond\"]}]},{\"@type\":\"WebPage\",\"@id\":\"https:\\\/\\\/rafaramirez.org\\\/blog\\\/index.php\\\/2025\\\/12\\\/09\\\/mediterranean-sun-dance-paco-de-lucia-al-di-meola-john-mclaughlin-directo-live-vivo\\\/\",\"url\":\"https:\\\/\\\/rafaramirez.org\\\/blog\\\/index.php\\\/2025\\\/12\\\/09\\\/mediterranean-sun-dance-paco-de-lucia-al-di-meola-john-mclaughlin-directo-live-vivo\\\/\",\"name\":\"\\\"Mediterranean Sun Dance\\\". Paco de Lucia, Al Di Meola, John McLaughlin (Directo\\\/live\\\/vivo). - Blog de Rafael Ram\u00edrez\",\"isPartOf\":{\"@id\":\"https:\\\/\\\/rafaramirez.org\\\/blog\\\/#website\"},\"primaryImageOfPage\":{\"@id\":\"https:\\\/\\\/rafaramirez.org\\\/blog\\\/index.php\\\/2025\\\/12\\\/09\\\/mediterranean-sun-dance-paco-de-lucia-al-di-meola-john-mclaughlin-directo-live-vivo\\\/#primaryimage\"},\"image\":{\"@id\":\"https:\\\/\\\/rafaramirez.org\\\/blog\\\/index.php\\\/2025\\\/12\\\/09\\\/mediterranean-sun-dance-paco-de-lucia-al-di-meola-john-mclaughlin-directo-live-vivo\\\/#primaryimage\"},\"thumbnailUrl\":\"https:\\\/\\\/rafaramirez.org\\\/blog\\\/wp-content\\\/uploads\\\/2025\\\/11\\\/Mediterranean-sun-dance_bannerlog.jpg\",\"datePublished\":\"2025-12-09T07:00:14+00:00\",\"description\":\"La versi\u00f3n de \\\"Mediterranean Sun Dance\\\" que ofrecieron Paco de Luc\u00eda, Al Di Meola y John McLaughlin en el concierto de Pavarotti & Friends de\",\"breadcrumb\":{\"@id\":\"https:\\\/\\\/rafaramirez.org\\\/blog\\\/index.php\\\/2025\\\/12\\\/09\\\/mediterranean-sun-dance-paco-de-lucia-al-di-meola-john-mclaughlin-directo-live-vivo\\\/#breadcrumb\"},\"inLanguage\":\"es\",\"potentialAction\":[{\"@type\":\"ReadAction\",\"target\":[\"https:\\\/\\\/rafaramirez.org\\\/blog\\\/index.php\\\/2025\\\/12\\\/09\\\/mediterranean-sun-dance-paco-de-lucia-al-di-meola-john-mclaughlin-directo-live-vivo\\\/\"]}]},{\"@type\":\"ImageObject\",\"inLanguage\":\"es\",\"@id\":\"https:\\\/\\\/rafaramirez.org\\\/blog\\\/index.php\\\/2025\\\/12\\\/09\\\/mediterranean-sun-dance-paco-de-lucia-al-di-meola-john-mclaughlin-directo-live-vivo\\\/#primaryimage\",\"url\":\"https:\\\/\\\/rafaramirez.org\\\/blog\\\/wp-content\\\/uploads\\\/2025\\\/11\\\/Mediterranean-sun-dance_bannerlog.jpg\",\"contentUrl\":\"https:\\\/\\\/rafaramirez.org\\\/blog\\\/wp-content\\\/uploads\\\/2025\\\/11\\\/Mediterranean-sun-dance_bannerlog.jpg\",\"width\":720,\"height\":480,\"caption\":\"\\\"Mediterranean Sun Dance\\\". Paco de Lucia, Al Di Meola, John McLaughlin (Directo\\\/live\\\/vivo). Blog de Rafael Ram\u00edrez.\"},{\"@type\":\"BreadcrumbList\",\"@id\":\"https:\\\/\\\/rafaramirez.org\\\/blog\\\/index.php\\\/2025\\\/12\\\/09\\\/mediterranean-sun-dance-paco-de-lucia-al-di-meola-john-mclaughlin-directo-live-vivo\\\/#breadcrumb\",\"itemListElement\":[{\"@type\":\"ListItem\",\"position\":1,\"name\":\"Portada\",\"item\":\"https:\\\/\\\/rafaramirez.org\\\/blog\\\/\"},{\"@type\":\"ListItem\",\"position\":2,\"name\":\"\u00abMediterranean Sun Dance\u00bb. Paco de Lucia, Al Di Meola, John McLaughlin (Directo\\\/live\\\/vivo).\"}]},{\"@type\":\"WebSite\",\"@id\":\"https:\\\/\\\/rafaramirez.org\\\/blog\\\/#website\",\"url\":\"https:\\\/\\\/rafaramirez.org\\\/blog\\\/\",\"name\":\"Blog de Rafael Ram\u00edrez\",\"description\":\"Un sitio social, de arte y cultura\",\"publisher\":{\"@id\":\"https:\\\/\\\/rafaramirez.org\\\/blog\\\/#\\\/schema\\\/person\\\/50f43b6d60c578760d4c17bda54ab6a5\"},\"potentialAction\":[{\"@type\":\"SearchAction\",\"target\":{\"@type\":\"EntryPoint\",\"urlTemplate\":\"https:\\\/\\\/rafaramirez.org\\\/blog\\\/?s={search_term_string}\"},\"query-input\":{\"@type\":\"PropertyValueSpecification\",\"valueRequired\":true,\"valueName\":\"search_term_string\"}}],\"inLanguage\":\"es\"},{\"@type\":[\"Person\",\"Organization\"],\"@id\":\"https:\\\/\\\/rafaramirez.org\\\/blog\\\/#\\\/schema\\\/person\\\/50f43b6d60c578760d4c17bda54ab6a5\",\"name\":\"Rafael Ram\u00edrez\",\"image\":{\"@type\":\"ImageObject\",\"inLanguage\":\"es\",\"@id\":\"https:\\\/\\\/rafaramirez.org\\\/blog\\\/wp-content\\\/uploads\\\/2024\\\/09\\\/RR_socialnetwork.jpg\",\"url\":\"https:\\\/\\\/rafaramirez.org\\\/blog\\\/wp-content\\\/uploads\\\/2024\\\/09\\\/RR_socialnetwork.jpg\",\"contentUrl\":\"https:\\\/\\\/rafaramirez.org\\\/blog\\\/wp-content\\\/uploads\\\/2024\\\/09\\\/RR_socialnetwork.jpg\",\"width\":600,\"height\":606,\"caption\":\"Rafael Ram\u00edrez\"},\"logo\":{\"@id\":\"https:\\\/\\\/rafaramirez.org\\\/blog\\\/wp-content\\\/uploads\\\/2024\\\/09\\\/RR_socialnetwork.jpg\"},\"sameAs\":[\"https:\\\/\\\/www.rafaramirez.org\\\/blog\",\"https:\\\/\\\/www.instagram.com\\\/rafaramirez_ok\\\/\",\"https:\\\/\\\/es.pinterest.com\\\/Ramirez_Rafa\\\/\",\"https:\\\/\\\/x.com\\\/rafaramirez_ok\"],\"url\":\"https:\\\/\\\/rafaramirez.org\\\/blog\\\/index.php\\\/author\\\/rafaell_qm6j97da\\\/\"}]}<\/script>\n<!-- \/ Yoast SEO plugin. -->","yoast_head_json":{"title":"\"Mediterranean Sun Dance\". Paco de Lucia, Al Di Meola, John McLaughlin (Directo\/live\/vivo). - Blog de Rafael Ram\u00edrez","description":"La versi\u00f3n de \"Mediterranean Sun Dance\" que ofrecieron Paco de Luc\u00eda, Al Di Meola y John McLaughlin en el concierto de Pavarotti & Friends de","robots":{"index":"index","follow":"follow","max-snippet":"max-snippet:-1","max-image-preview":"max-image-preview:large","max-video-preview":"max-video-preview:-1"},"canonical":"https:\/\/rafaramirez.org\/blog\/index.php\/2025\/12\/09\/mediterranean-sun-dance-paco-de-lucia-al-di-meola-john-mclaughlin-directo-live-vivo\/","og_locale":"es_ES","og_type":"article","og_title":"\"Mediterranean Sun Dance\". Paco de Lucia, Al Di Meola, John McLaughlin (Directo\/live\/vivo). - Blog de Rafael Ram\u00edrez","og_description":"La versi\u00f3n de \"Mediterranean Sun Dance\" que ofrecieron Paco de Luc\u00eda, Al Di Meola y John McLaughlin en el concierto de Pavarotti & Friends de","og_url":"https:\/\/rafaramirez.org\/blog\/index.php\/2025\/12\/09\/mediterranean-sun-dance-paco-de-lucia-al-di-meola-john-mclaughlin-directo-live-vivo\/","og_site_name":"Blog de Rafael Ram\u00edrez","article_published_time":"2025-12-09T07:00:14+00:00","og_image":[{"width":720,"height":480,"url":"https:\/\/rafaramirez.org\/blog\/wp-content\/uploads\/2025\/11\/Mediterranean-sun-dance_bannerlog.jpg","type":"image\/jpeg"}],"author":"Rafael Ram\u00edrez","twitter_card":"summary_large_image","twitter_creator":"@rafaramirez_ok","twitter_site":"@rafaramirez_ok","twitter_misc":{"Escrito por":"Rafael Ram\u00edrez","Tiempo de lectura":"3 minutos"},"schema":{"@context":"https:\/\/schema.org","@graph":[{"@type":"Article","@id":"https:\/\/rafaramirez.org\/blog\/index.php\/2025\/12\/09\/mediterranean-sun-dance-paco-de-lucia-al-di-meola-john-mclaughlin-directo-live-vivo\/#article","isPartOf":{"@id":"https:\/\/rafaramirez.org\/blog\/index.php\/2025\/12\/09\/mediterranean-sun-dance-paco-de-lucia-al-di-meola-john-mclaughlin-directo-live-vivo\/"},"author":{"name":"Rafael Ram\u00edrez","@id":"https:\/\/rafaramirez.org\/blog\/#\/schema\/person\/50f43b6d60c578760d4c17bda54ab6a5"},"headline":"\u00abMediterranean Sun Dance\u00bb. Paco de Lucia, Al Di Meola, John McLaughlin (Directo\/live\/vivo).","datePublished":"2025-12-09T07:00:14+00:00","mainEntityOfPage":{"@id":"https:\/\/rafaramirez.org\/blog\/index.php\/2025\/12\/09\/mediterranean-sun-dance-paco-de-lucia-al-di-meola-john-mclaughlin-directo-live-vivo\/"},"wordCount":523,"commentCount":0,"publisher":{"@id":"https:\/\/rafaramirez.org\/blog\/#\/schema\/person\/50f43b6d60c578760d4c17bda54ab6a5"},"image":{"@id":"https:\/\/rafaramirez.org\/blog\/index.php\/2025\/12\/09\/mediterranean-sun-dance-paco-de-lucia-al-di-meola-john-mclaughlin-directo-live-vivo\/#primaryimage"},"thumbnailUrl":"https:\/\/rafaramirez.org\/blog\/wp-content\/uploads\/2025\/11\/Mediterranean-sun-dance_bannerlog.jpg","keywords":["\"Mediterranean Sun Dance\"","1996","actuaci\u00f3n en directo","Al Di Meola","concierto","concierto Pavarotti &amp; Friends","en vivo","Italia","John McLaughlin","live","M\u00fasica","m\u00fasica en directo","m\u00fasica recomendada","Paco de Lucia","Parco Novi Sad de M\u00f3dena","Pavarotti &amp; Friends for War Child"],"articleSection":["M\u00fasica"],"inLanguage":"es","potentialAction":[{"@type":"CommentAction","name":"Comment","target":["https:\/\/rafaramirez.org\/blog\/index.php\/2025\/12\/09\/mediterranean-sun-dance-paco-de-lucia-al-di-meola-john-mclaughlin-directo-live-vivo\/#respond"]}]},{"@type":"WebPage","@id":"https:\/\/rafaramirez.org\/blog\/index.php\/2025\/12\/09\/mediterranean-sun-dance-paco-de-lucia-al-di-meola-john-mclaughlin-directo-live-vivo\/","url":"https:\/\/rafaramirez.org\/blog\/index.php\/2025\/12\/09\/mediterranean-sun-dance-paco-de-lucia-al-di-meola-john-mclaughlin-directo-live-vivo\/","name":"\"Mediterranean Sun Dance\". Paco de Lucia, Al Di Meola, John McLaughlin (Directo\/live\/vivo). - Blog de Rafael Ram\u00edrez","isPartOf":{"@id":"https:\/\/rafaramirez.org\/blog\/#website"},"primaryImageOfPage":{"@id":"https:\/\/rafaramirez.org\/blog\/index.php\/2025\/12\/09\/mediterranean-sun-dance-paco-de-lucia-al-di-meola-john-mclaughlin-directo-live-vivo\/#primaryimage"},"image":{"@id":"https:\/\/rafaramirez.org\/blog\/index.php\/2025\/12\/09\/mediterranean-sun-dance-paco-de-lucia-al-di-meola-john-mclaughlin-directo-live-vivo\/#primaryimage"},"thumbnailUrl":"https:\/\/rafaramirez.org\/blog\/wp-content\/uploads\/2025\/11\/Mediterranean-sun-dance_bannerlog.jpg","datePublished":"2025-12-09T07:00:14+00:00","description":"La versi\u00f3n de \"Mediterranean Sun Dance\" que ofrecieron Paco de Luc\u00eda, Al Di Meola y John McLaughlin en el concierto de Pavarotti & Friends de","breadcrumb":{"@id":"https:\/\/rafaramirez.org\/blog\/index.php\/2025\/12\/09\/mediterranean-sun-dance-paco-de-lucia-al-di-meola-john-mclaughlin-directo-live-vivo\/#breadcrumb"},"inLanguage":"es","potentialAction":[{"@type":"ReadAction","target":["https:\/\/rafaramirez.org\/blog\/index.php\/2025\/12\/09\/mediterranean-sun-dance-paco-de-lucia-al-di-meola-john-mclaughlin-directo-live-vivo\/"]}]},{"@type":"ImageObject","inLanguage":"es","@id":"https:\/\/rafaramirez.org\/blog\/index.php\/2025\/12\/09\/mediterranean-sun-dance-paco-de-lucia-al-di-meola-john-mclaughlin-directo-live-vivo\/#primaryimage","url":"https:\/\/rafaramirez.org\/blog\/wp-content\/uploads\/2025\/11\/Mediterranean-sun-dance_bannerlog.jpg","contentUrl":"https:\/\/rafaramirez.org\/blog\/wp-content\/uploads\/2025\/11\/Mediterranean-sun-dance_bannerlog.jpg","width":720,"height":480,"caption":"\"Mediterranean Sun Dance\". Paco de Lucia, Al Di Meola, John McLaughlin (Directo\/live\/vivo). Blog de Rafael Ram\u00edrez."},{"@type":"BreadcrumbList","@id":"https:\/\/rafaramirez.org\/blog\/index.php\/2025\/12\/09\/mediterranean-sun-dance-paco-de-lucia-al-di-meola-john-mclaughlin-directo-live-vivo\/#breadcrumb","itemListElement":[{"@type":"ListItem","position":1,"name":"Portada","item":"https:\/\/rafaramirez.org\/blog\/"},{"@type":"ListItem","position":2,"name":"\u00abMediterranean Sun Dance\u00bb. Paco de Lucia, Al Di Meola, John McLaughlin (Directo\/live\/vivo)."}]},{"@type":"WebSite","@id":"https:\/\/rafaramirez.org\/blog\/#website","url":"https:\/\/rafaramirez.org\/blog\/","name":"Blog de Rafael Ram\u00edrez","description":"Un sitio social, de arte y cultura","publisher":{"@id":"https:\/\/rafaramirez.org\/blog\/#\/schema\/person\/50f43b6d60c578760d4c17bda54ab6a5"},"potentialAction":[{"@type":"SearchAction","target":{"@type":"EntryPoint","urlTemplate":"https:\/\/rafaramirez.org\/blog\/?s={search_term_string}"},"query-input":{"@type":"PropertyValueSpecification","valueRequired":true,"valueName":"search_term_string"}}],"inLanguage":"es"},{"@type":["Person","Organization"],"@id":"https:\/\/rafaramirez.org\/blog\/#\/schema\/person\/50f43b6d60c578760d4c17bda54ab6a5","name":"Rafael Ram\u00edrez","image":{"@type":"ImageObject","inLanguage":"es","@id":"https:\/\/rafaramirez.org\/blog\/wp-content\/uploads\/2024\/09\/RR_socialnetwork.jpg","url":"https:\/\/rafaramirez.org\/blog\/wp-content\/uploads\/2024\/09\/RR_socialnetwork.jpg","contentUrl":"https:\/\/rafaramirez.org\/blog\/wp-content\/uploads\/2024\/09\/RR_socialnetwork.jpg","width":600,"height":606,"caption":"Rafael Ram\u00edrez"},"logo":{"@id":"https:\/\/rafaramirez.org\/blog\/wp-content\/uploads\/2024\/09\/RR_socialnetwork.jpg"},"sameAs":["https:\/\/www.rafaramirez.org\/blog","https:\/\/www.instagram.com\/rafaramirez_ok\/","https:\/\/es.pinterest.com\/Ramirez_Rafa\/","https:\/\/x.com\/rafaramirez_ok"],"url":"https:\/\/rafaramirez.org\/blog\/index.php\/author\/rafaell_qm6j97da\/"}]}},"jetpack_publicize_connections":[],"jetpack_sharing_enabled":true,"jetpack_likes_enabled":true,"jetpack_featured_media_url":"https:\/\/rafaramirez.org\/blog\/wp-content\/uploads\/2025\/11\/Mediterranean-sun-dance_bannerlog.jpg","_links":{"self":[{"href":"https:\/\/rafaramirez.org\/blog\/index.php\/wp-json\/wp\/v2\/posts\/11166","targetHints":{"allow":["GET"]}}],"collection":[{"href":"https:\/\/rafaramirez.org\/blog\/index.php\/wp-json\/wp\/v2\/posts"}],"about":[{"href":"https:\/\/rafaramirez.org\/blog\/index.php\/wp-json\/wp\/v2\/types\/post"}],"author":[{"embeddable":true,"href":"https:\/\/rafaramirez.org\/blog\/index.php\/wp-json\/wp\/v2\/users\/1"}],"replies":[{"embeddable":true,"href":"https:\/\/rafaramirez.org\/blog\/index.php\/wp-json\/wp\/v2\/comments?post=11166"}],"version-history":[{"count":9,"href":"https:\/\/rafaramirez.org\/blog\/index.php\/wp-json\/wp\/v2\/posts\/11166\/revisions"}],"predecessor-version":[{"id":11177,"href":"https:\/\/rafaramirez.org\/blog\/index.php\/wp-json\/wp\/v2\/posts\/11166\/revisions\/11177"}],"wp:featuredmedia":[{"embeddable":true,"href":"https:\/\/rafaramirez.org\/blog\/index.php\/wp-json\/wp\/v2\/media\/11167"}],"wp:attachment":[{"href":"https:\/\/rafaramirez.org\/blog\/index.php\/wp-json\/wp\/v2\/media?parent=11166"}],"wp:term":[{"taxonomy":"category","embeddable":true,"href":"https:\/\/rafaramirez.org\/blog\/index.php\/wp-json\/wp\/v2\/categories?post=11166"},{"taxonomy":"post_tag","embeddable":true,"href":"https:\/\/rafaramirez.org\/blog\/index.php\/wp-json\/wp\/v2\/tags?post=11166"}],"curies":[{"name":"wp","href":"https:\/\/api.w.org\/{rel}","templated":true}]}}