{"id":1115,"date":"2011-10-08T22:45:48","date_gmt":"2011-10-08T20:45:48","guid":{"rendered":"http:\/\/rafaelramirez.co.cc\/?p=1115"},"modified":"2026-06-18T10:33:56","modified_gmt":"2026-06-18T08:33:56","slug":"la-tradicion-moderna-museo-carmen-thyssen-malaga-2","status":"publish","type":"post","link":"https:\/\/rafaramirez.org\/blog\/index.php\/2011\/10\/08\/la-tradicion-moderna-museo-carmen-thyssen-malaga-2\/","title":{"rendered":"La tradici\u00f3n moderna. Museo Carmen Thyssen M\u00e1laga."},"content":{"rendered":"<div id=\"_mcePaste\">Estuve visitando la exposici\u00f3n temporal del museo Carmen Thyssen de M\u00e1laga.<\/div>\n<div>Titulada \u00abLa tradici\u00f3n moderna\u00bb, est\u00e1 cargada de obras de arte de primer nivel, bellas obras que hicieron un verdadero placer la visita. Grandes maestros como <a href=\"https:\/\/rafaramirez.org\/blog\/index.php\/2024\/09\/26\/claude-monet\/\" target=\"_blank\" rel=\"noopener\">Monet<\/a>, <a href=\"https:\/\/rafaramirez.org\/blog\/index.php\/2025\/02\/10\/henri-matisse\/\" target=\"_blank\" rel=\"noopener\">Matisse<\/a> o <a href=\"https:\/\/rafaramirez.org\/blog\/index.php\/2026\/03\/27\/pablo-picasso-un-recorrido-por-los-hitos-que-definieron-al-genio-del-siglo-xx\/\" target=\"_blank\" rel=\"noopener\">Picasso<\/a>, pero tambi\u00e9n \u00a0<a href=\"https:\/\/rafaramirez.org\/blog\/index.php\/2025\/01\/20\/joaquin-sorolla-pintor\/\" target=\"_blank\" rel=\"noopener\">Sorolla<\/a>, Childe Hassam, <a href=\"https:\/\/rafaramirez.org\/blog\/index.php\/2026\/06\/02\/maurice-denis-el-pintor-que-convirtio-la-superficie-en-revelacion-biografia\/\" target=\"_blank\" rel=\"noopener\">Maurice Denis<\/a>, Juan Gris, <a href=\"https:\/\/rafaramirez.org\/blog\/index.php\/2026\/06\/18\/ramon-casas-la-luz-moderna-que-retrato-el-alma-de-una-epoca-biografia\/\" target=\"_blank\" rel=\"noopener\">Ram\u00f3n Casas<\/a>, etc. se dan cabida en esta exposici\u00f3n.<\/div>\n<div>Les recomiendo que si tienen la oportunidad la visiten ya que se ha ampliado la fecha hasta el pr\u00f3ximo 6 de noviembre de 2011.<\/div>\n<div>El precio de entrada es de 4 \u20ac pero si est\u00e1n en paro, son mayores de 65 a\u00f1os, pensionistas, estudiantes menores de 26 a\u00f1os&#8230; les costar\u00e1 2, 50 \u20ac<\/div>\n<div style=\"text-align: center;\"><a href=\"https:\/\/rafaramirez.org\/blog\/wp-content\/uploads\/2011\/10\/latradicionmoderna_expomalaga.jpg\" target=\"_blank\" rel=\"noopener noreferrer\"><img loading=\"lazy\" decoding=\"async\" class=\"alignnone size-medium wp-image-1111\" title=\"La Tradicion Moderna, exposicion del museo Carmen Thyssen Malaga\" src=\"https:\/\/rafaramirez.org\/blog\/wp-content\/uploads\/2011\/10\/latradicionmoderna_expomalaga-146x300.jpg\" alt=\"\" width=\"146\" height=\"300\" \/><\/a><\/div>\n<blockquote>\n<div id=\"_mcePaste\">La exposici\u00f3n La tradici\u00f3n moderna en la Colecci\u00f3n Carmen Thyssen. Monet, Picasso, Matisse, Mir\u00f3 presenta una selecci\u00f3n de las obras m\u00e1s contempor\u00e1neas de la Colecci\u00f3n Carmen Thyssen-Bornemisza. El recorrido est\u00e1 estructurado en torno al arte espa\u00f1ol realizado entre 1890 y 1960, aunque tambi\u00e9n figuran algunos ejemplos relevantes del arte internacional.<\/div>\n<div id=\"_mcePaste\">El objetivo que se persigue con ello es establecer un di\u00e1logo entre las principales propuestas pl\u00e1sticas protagonizadas por artistas espa\u00f1oles y determinadas corrientes europeas y americanas que jugaron un papel fundamental en la configuraci\u00f3n de la modernidad en nuestro pa\u00eds. Y todo ello gracias a la propia riqueza de los fondos de la Colecci\u00f3n Carmen Thyssen.<\/div>\n<p>Del 14 de junio al 16 de octubre de 2011 (Prorrogada hasta el 6 de noviembre)La exposici\u00f3n La tradici\u00f3n moderna en la Colecci\u00f3n Carmen Thyssen. Monet, Picasso, Matisse, Mir\u00f3 presenta una selecci\u00f3n de las obras m\u00e1s contempor\u00e1neas de la Colecci\u00f3n Carmen Thyssen-Bornemisza. El recorrido est\u00e1 estructurado en torno al arte espa\u00f1ol realizado entre 1890 y 1960, aunque tambi\u00e9n figuran algunos ejemplos relevantes del arte internacional. El objetivo que se persigue con ello es establecer un di\u00e1logo entre las principales propuestas pl\u00e1sticas protagonizadas por artistas espa\u00f1oles y determinadas corrientes europeas y americanas que jugaron un papel fundamental en la configuraci\u00f3n de la modernidad en nuestro pa\u00eds. Y todo ello gracias a la propia riqueza de los fondos de la Colecci\u00f3n Carmen Thyssen.<\/p>\n<p>Algunos datos:<\/p><\/blockquote>\n<ul>\n<li>Del 14 de junio al 16 de octubre de 2011 (Prorrogada hasta el 6 de noviembre)<\/li>\n<li>Direcci\u00f3nCalle Compa\u00f1\u00eda 10.<\/li>\n<li>29008. M\u00e1laga<\/li>\n<li>Tel\u00e9fono de informaci\u00f3n: 902 303131<\/li>\n<li>Horario\u00b7<\/li>\n<li>Martes a jueves de 10.00 a 20.00 h.\u00b7<\/li>\n<li>Viernes y s\u00e1bados de 10.00 a 21.00 h.\u00b7<\/li>\n<li>Domingos y festivos de 10.00 a 20.00 h.\u00b7<\/li>\n<li>Lunes cerrado (excepto lunes festivos)<\/li>\n<li>Visita virtual de la exposici\u00f3n (<strong>por si no tienen oportunidad de ir, pero recuerden que nada como verla en persona!!!<\/strong>) aqu\u00ed:\u00a0<a href=\"http:\/\/www.carmenthyssenmalaga.org\/exposiciones\/2011\/tradicion_moderna\/vv\/visita_virtual_es.htm\" target=\"_blank\" rel=\"noopener noreferrer\">http:\/\/www.carmenthyssenmalaga.org\/exposiciones\/2011\/tradicion_moderna\/vv\/visita_virtual_es.htm<\/a><\/li>\n<\/ul>\n","protected":false},"excerpt":{"rendered":"<p>Estuve visitando la exposici\u00f3n temporal del museo Carmen Thyssen de M\u00e1laga. Titulada \u00abLa tradici\u00f3n moderna\u00bb, est\u00e1 cargada de obras de arte de primer nivel, bellas obras que hicieron un verdadero placer la visita. Grandes maestros como Monet, Matisse o Picasso, pero tambi\u00e9n \u00a0Sorolla, Childe Hassam, Maurice Denis, Juan Gris, Ram\u00f3n Casas, etc. se dan cabida [&hellip;]<\/p>\n","protected":false},"author":1,"featured_media":2573,"comment_status":"open","ping_status":"closed","sticky":false,"template":"","format":"standard","meta":{"site-container-style":"default","site-container-layout":"default","site-sidebar-layout":"default","disable-article-header":"default","disable-site-header":"default","disable-site-footer":"default","disable-content-area-spacing":"default","_jetpack_newsletter_access":"","_jetpack_dont_email_post_to_subs":false,"_jetpack_newsletter_tier_id":0,"_jetpack_memberships_contains_paywalled_content":false,"_jetpack_feature_clip_id":0,"_jetpack_memberships_contains_paid_content":false,"footnotes":"","jetpack_publicize_message":"","jetpack_publicize_feature_enabled":true,"jetpack_social_post_already_shared":true,"jetpack_social_options":{"image_generator_settings":{"template":"highway","default_image_id":0,"font":"","enabled":false},"version":2},"jetpack_post_was_ever_published":false},"categories":[1290],"tags":[588,181,586,276,587],"class_list":["post-1115","post","type-post","status-publish","format-standard","has-post-thumbnail","hentry","category-historia-del-arte","tag-coleccion-carmen-thyssen-bornemisza","tag-exposicion-pintura","tag-la-tradicion-moderna","tag-malaga","tag-museo-carmen-thyssen"],"yoast_head":"<!-- This site is optimized with the Yoast SEO plugin v28.4 - https:\/\/yoast.com\/product\/yoast-seo-wordpress\/ -->\n<title>La tradici\u00f3n moderna. Museo Carmen Thyssen M\u00e1laga. - Blog de Rafael Ram\u00edrez<\/title>\n<meta name=\"robots\" content=\"index, follow, max-snippet:-1, max-image-preview:large, max-video-preview:-1\" \/>\n<link rel=\"canonical\" href=\"https:\/\/rafaramirez.org\/blog\/index.php\/2011\/10\/08\/la-tradicion-moderna-museo-carmen-thyssen-malaga-2\/\" \/>\n<meta property=\"og:locale\" content=\"es_ES\" \/>\n<meta property=\"og:type\" content=\"article\" \/>\n<meta property=\"og:title\" content=\"La tradici\u00f3n moderna. Museo Carmen Thyssen M\u00e1laga. - Blog de Rafael Ram\u00edrez\" \/>\n<meta property=\"og:description\" content=\"Estuve visitando la exposici\u00f3n temporal del museo Carmen Thyssen de M\u00e1laga. Titulada \u00abLa tradici\u00f3n moderna\u00bb, est\u00e1 cargada de obras de arte de primer nivel, bellas obras que hicieron un verdadero placer la visita. Grandes maestros como Monet, Matisse o Picasso, pero tambi\u00e9n \u00a0Sorolla, Childe Hassam, Maurice Denis, Juan Gris, Ram\u00f3n Casas, etc. se dan cabida [&hellip;]\" \/>\n<meta property=\"og:url\" content=\"https:\/\/rafaramirez.org\/blog\/index.php\/2011\/10\/08\/la-tradicion-moderna-museo-carmen-thyssen-malaga-2\/\" \/>\n<meta property=\"og:site_name\" content=\"Blog de Rafael Ram\u00edrez\" \/>\n<meta property=\"article:published_time\" content=\"2011-10-08T20:45:48+00:00\" \/>\n<meta property=\"article:modified_time\" content=\"2026-06-18T08:33:56+00:00\" \/>\n<meta property=\"og:image\" content=\"https:\/\/rafaramirez.org\/blog\/wp-content\/uploads\/2011\/10\/Museo_Thyssen_Malaga-reduc.jpg\" \/>\n\t<meta property=\"og:image:width\" content=\"600\" \/>\n\t<meta property=\"og:image:height\" content=\"452\" \/>\n\t<meta property=\"og:image:type\" content=\"image\/jpeg\" \/>\n<meta name=\"author\" content=\"Rafael Ram\u00edrez\" \/>\n<meta name=\"twitter:card\" content=\"summary_large_image\" \/>\n<meta name=\"twitter:creator\" content=\"@rafaramirez_ok\" \/>\n<meta name=\"twitter:site\" content=\"@rafaramirez_ok\" \/>\n<meta name=\"twitter:label1\" content=\"Escrito por\" \/>\n\t<meta name=\"twitter:data1\" content=\"Rafael Ram\u00edrez\" \/>\n\t<meta name=\"twitter:label2\" content=\"Tiempo de lectura\" \/>\n\t<meta name=\"twitter:data2\" content=\"2 minutos\" \/>\n<script type=\"application\/ld+json\" class=\"yoast-schema-graph\">{\"@context\":\"https:\\\/\\\/schema.org\",\"@graph\":[{\"@type\":\"Article\",\"@id\":\"https:\\\/\\\/rafaramirez.org\\\/blog\\\/index.php\\\/2011\\\/10\\\/08\\\/la-tradicion-moderna-museo-carmen-thyssen-malaga-2\\\/#article\",\"isPartOf\":{\"@id\":\"https:\\\/\\\/rafaramirez.org\\\/blog\\\/index.php\\\/2011\\\/10\\\/08\\\/la-tradicion-moderna-museo-carmen-thyssen-malaga-2\\\/\"},\"author\":{\"name\":\"Rafael Ram\u00edrez\",\"@id\":\"https:\\\/\\\/rafaramirez.org\\\/blog\\\/#\\\/schema\\\/person\\\/50f43b6d60c578760d4c17bda54ab6a5\"},\"headline\":\"La tradici\u00f3n moderna. Museo Carmen Thyssen M\u00e1laga.\",\"datePublished\":\"2011-10-08T20:45:48+00:00\",\"dateModified\":\"2026-06-18T08:33:56+00:00\",\"mainEntityOfPage\":{\"@id\":\"https:\\\/\\\/rafaramirez.org\\\/blog\\\/index.php\\\/2011\\\/10\\\/08\\\/la-tradicion-moderna-museo-carmen-thyssen-malaga-2\\\/\"},\"wordCount\":455,\"commentCount\":0,\"publisher\":{\"@id\":\"https:\\\/\\\/rafaramirez.org\\\/blog\\\/#\\\/schema\\\/person\\\/50f43b6d60c578760d4c17bda54ab6a5\"},\"image\":{\"@id\":\"https:\\\/\\\/rafaramirez.org\\\/blog\\\/index.php\\\/2011\\\/10\\\/08\\\/la-tradicion-moderna-museo-carmen-thyssen-malaga-2\\\/#primaryimage\"},\"thumbnailUrl\":\"https:\\\/\\\/rafaramirez.org\\\/blog\\\/wp-content\\\/uploads\\\/2011\\\/10\\\/Museo_Thyssen_Malaga-reduc.jpg\",\"keywords\":[\"Colecci\u00f3n Carmen Thyssen-Bornemisza\",\"Exposici\u00f3n pintura\",\"la tradici\u00f3n moderna\",\"M\u00e1laga\",\"Museo Carmen Thyssen\"],\"articleSection\":[\"Historia del arte\"],\"inLanguage\":\"es\",\"potentialAction\":[{\"@type\":\"CommentAction\",\"name\":\"Comment\",\"target\":[\"https:\\\/\\\/rafaramirez.org\\\/blog\\\/index.php\\\/2011\\\/10\\\/08\\\/la-tradicion-moderna-museo-carmen-thyssen-malaga-2\\\/#respond\"]}]},{\"@type\":\"WebPage\",\"@id\":\"https:\\\/\\\/rafaramirez.org\\\/blog\\\/index.php\\\/2011\\\/10\\\/08\\\/la-tradicion-moderna-museo-carmen-thyssen-malaga-2\\\/\",\"url\":\"https:\\\/\\\/rafaramirez.org\\\/blog\\\/index.php\\\/2011\\\/10\\\/08\\\/la-tradicion-moderna-museo-carmen-thyssen-malaga-2\\\/\",\"name\":\"La tradici\u00f3n moderna. Museo Carmen Thyssen M\u00e1laga. - Blog de Rafael Ram\u00edrez\",\"isPartOf\":{\"@id\":\"https:\\\/\\\/rafaramirez.org\\\/blog\\\/#website\"},\"primaryImageOfPage\":{\"@id\":\"https:\\\/\\\/rafaramirez.org\\\/blog\\\/index.php\\\/2011\\\/10\\\/08\\\/la-tradicion-moderna-museo-carmen-thyssen-malaga-2\\\/#primaryimage\"},\"image\":{\"@id\":\"https:\\\/\\\/rafaramirez.org\\\/blog\\\/index.php\\\/2011\\\/10\\\/08\\\/la-tradicion-moderna-museo-carmen-thyssen-malaga-2\\\/#primaryimage\"},\"thumbnailUrl\":\"https:\\\/\\\/rafaramirez.org\\\/blog\\\/wp-content\\\/uploads\\\/2011\\\/10\\\/Museo_Thyssen_Malaga-reduc.jpg\",\"datePublished\":\"2011-10-08T20:45:48+00:00\",\"dateModified\":\"2026-06-18T08:33:56+00:00\",\"breadcrumb\":{\"@id\":\"https:\\\/\\\/rafaramirez.org\\\/blog\\\/index.php\\\/2011\\\/10\\\/08\\\/la-tradicion-moderna-museo-carmen-thyssen-malaga-2\\\/#breadcrumb\"},\"inLanguage\":\"es\",\"potentialAction\":[{\"@type\":\"ReadAction\",\"target\":[\"https:\\\/\\\/rafaramirez.org\\\/blog\\\/index.php\\\/2011\\\/10\\\/08\\\/la-tradicion-moderna-museo-carmen-thyssen-malaga-2\\\/\"]}]},{\"@type\":\"ImageObject\",\"inLanguage\":\"es\",\"@id\":\"https:\\\/\\\/rafaramirez.org\\\/blog\\\/index.php\\\/2011\\\/10\\\/08\\\/la-tradicion-moderna-museo-carmen-thyssen-malaga-2\\\/#primaryimage\",\"url\":\"https:\\\/\\\/rafaramirez.org\\\/blog\\\/wp-content\\\/uploads\\\/2011\\\/10\\\/Museo_Thyssen_Malaga-reduc.jpg\",\"contentUrl\":\"https:\\\/\\\/rafaramirez.org\\\/blog\\\/wp-content\\\/uploads\\\/2011\\\/10\\\/Museo_Thyssen_Malaga-reduc.jpg\",\"width\":600,\"height\":452},{\"@type\":\"BreadcrumbList\",\"@id\":\"https:\\\/\\\/rafaramirez.org\\\/blog\\\/index.php\\\/2011\\\/10\\\/08\\\/la-tradicion-moderna-museo-carmen-thyssen-malaga-2\\\/#breadcrumb\",\"itemListElement\":[{\"@type\":\"ListItem\",\"position\":1,\"name\":\"Portada\",\"item\":\"https:\\\/\\\/rafaramirez.org\\\/blog\\\/\"},{\"@type\":\"ListItem\",\"position\":2,\"name\":\"La tradici\u00f3n moderna. Museo Carmen Thyssen M\u00e1laga.\"}]},{\"@type\":\"WebSite\",\"@id\":\"https:\\\/\\\/rafaramirez.org\\\/blog\\\/#website\",\"url\":\"https:\\\/\\\/rafaramirez.org\\\/blog\\\/\",\"name\":\"Blog de Rafael Ram\u00edrez\",\"description\":\"Un sitio social, de arte y cultura\",\"publisher\":{\"@id\":\"https:\\\/\\\/rafaramirez.org\\\/blog\\\/#\\\/schema\\\/person\\\/50f43b6d60c578760d4c17bda54ab6a5\"},\"potentialAction\":[{\"@type\":\"SearchAction\",\"target\":{\"@type\":\"EntryPoint\",\"urlTemplate\":\"https:\\\/\\\/rafaramirez.org\\\/blog\\\/?s={search_term_string}\"},\"query-input\":{\"@type\":\"PropertyValueSpecification\",\"valueRequired\":true,\"valueName\":\"search_term_string\"}}],\"inLanguage\":\"es\"},{\"@type\":[\"Person\",\"Organization\"],\"@id\":\"https:\\\/\\\/rafaramirez.org\\\/blog\\\/#\\\/schema\\\/person\\\/50f43b6d60c578760d4c17bda54ab6a5\",\"name\":\"Rafael Ram\u00edrez\",\"image\":{\"@type\":\"ImageObject\",\"inLanguage\":\"es\",\"@id\":\"https:\\\/\\\/rafaramirez.org\\\/blog\\\/wp-content\\\/uploads\\\/2024\\\/09\\\/RR_socialnetwork.jpg\",\"url\":\"https:\\\/\\\/rafaramirez.org\\\/blog\\\/wp-content\\\/uploads\\\/2024\\\/09\\\/RR_socialnetwork.jpg\",\"contentUrl\":\"https:\\\/\\\/rafaramirez.org\\\/blog\\\/wp-content\\\/uploads\\\/2024\\\/09\\\/RR_socialnetwork.jpg\",\"width\":600,\"height\":606,\"caption\":\"Rafael Ram\u00edrez\"},\"logo\":{\"@id\":\"https:\\\/\\\/rafaramirez.org\\\/blog\\\/wp-content\\\/uploads\\\/2024\\\/09\\\/RR_socialnetwork.jpg\"},\"sameAs\":[\"https:\\\/\\\/www.rafaramirez.org\\\/blog\",\"https:\\\/\\\/www.instagram.com\\\/rafaramirez_ok\\\/\",\"https:\\\/\\\/es.pinterest.com\\\/Ramirez_Rafa\\\/\",\"https:\\\/\\\/x.com\\\/rafaramirez_ok\"],\"url\":\"https:\\\/\\\/rafaramirez.org\\\/blog\\\/index.php\\\/author\\\/rafaell_qm6j97da\\\/\"}]}<\/script>\n<!-- \/ Yoast SEO plugin. -->","yoast_head_json":{"title":"La tradici\u00f3n moderna. Museo Carmen Thyssen M\u00e1laga. - Blog de Rafael Ram\u00edrez","robots":{"index":"index","follow":"follow","max-snippet":"max-snippet:-1","max-image-preview":"max-image-preview:large","max-video-preview":"max-video-preview:-1"},"canonical":"https:\/\/rafaramirez.org\/blog\/index.php\/2011\/10\/08\/la-tradicion-moderna-museo-carmen-thyssen-malaga-2\/","og_locale":"es_ES","og_type":"article","og_title":"La tradici\u00f3n moderna. Museo Carmen Thyssen M\u00e1laga. - Blog de Rafael Ram\u00edrez","og_description":"Estuve visitando la exposici\u00f3n temporal del museo Carmen Thyssen de M\u00e1laga. Titulada \u00abLa tradici\u00f3n moderna\u00bb, est\u00e1 cargada de obras de arte de primer nivel, bellas obras que hicieron un verdadero placer la visita. Grandes maestros como Monet, Matisse o Picasso, pero tambi\u00e9n \u00a0Sorolla, Childe Hassam, Maurice Denis, Juan Gris, Ram\u00f3n Casas, etc. se dan cabida [&hellip;]","og_url":"https:\/\/rafaramirez.org\/blog\/index.php\/2011\/10\/08\/la-tradicion-moderna-museo-carmen-thyssen-malaga-2\/","og_site_name":"Blog de Rafael Ram\u00edrez","article_published_time":"2011-10-08T20:45:48+00:00","article_modified_time":"2026-06-18T08:33:56+00:00","og_image":[{"width":600,"height":452,"url":"https:\/\/rafaramirez.org\/blog\/wp-content\/uploads\/2011\/10\/Museo_Thyssen_Malaga-reduc.jpg","type":"image\/jpeg"}],"author":"Rafael Ram\u00edrez","twitter_card":"summary_large_image","twitter_creator":"@rafaramirez_ok","twitter_site":"@rafaramirez_ok","twitter_misc":{"Escrito por":"Rafael Ram\u00edrez","Tiempo de lectura":"2 minutos"},"schema":{"@context":"https:\/\/schema.org","@graph":[{"@type":"Article","@id":"https:\/\/rafaramirez.org\/blog\/index.php\/2011\/10\/08\/la-tradicion-moderna-museo-carmen-thyssen-malaga-2\/#article","isPartOf":{"@id":"https:\/\/rafaramirez.org\/blog\/index.php\/2011\/10\/08\/la-tradicion-moderna-museo-carmen-thyssen-malaga-2\/"},"author":{"name":"Rafael Ram\u00edrez","@id":"https:\/\/rafaramirez.org\/blog\/#\/schema\/person\/50f43b6d60c578760d4c17bda54ab6a5"},"headline":"La tradici\u00f3n moderna. Museo Carmen Thyssen M\u00e1laga.","datePublished":"2011-10-08T20:45:48+00:00","dateModified":"2026-06-18T08:33:56+00:00","mainEntityOfPage":{"@id":"https:\/\/rafaramirez.org\/blog\/index.php\/2011\/10\/08\/la-tradicion-moderna-museo-carmen-thyssen-malaga-2\/"},"wordCount":455,"commentCount":0,"publisher":{"@id":"https:\/\/rafaramirez.org\/blog\/#\/schema\/person\/50f43b6d60c578760d4c17bda54ab6a5"},"image":{"@id":"https:\/\/rafaramirez.org\/blog\/index.php\/2011\/10\/08\/la-tradicion-moderna-museo-carmen-thyssen-malaga-2\/#primaryimage"},"thumbnailUrl":"https:\/\/rafaramirez.org\/blog\/wp-content\/uploads\/2011\/10\/Museo_Thyssen_Malaga-reduc.jpg","keywords":["Colecci\u00f3n Carmen Thyssen-Bornemisza","Exposici\u00f3n pintura","la tradici\u00f3n moderna","M\u00e1laga","Museo Carmen Thyssen"],"articleSection":["Historia del arte"],"inLanguage":"es","potentialAction":[{"@type":"CommentAction","name":"Comment","target":["https:\/\/rafaramirez.org\/blog\/index.php\/2011\/10\/08\/la-tradicion-moderna-museo-carmen-thyssen-malaga-2\/#respond"]}]},{"@type":"WebPage","@id":"https:\/\/rafaramirez.org\/blog\/index.php\/2011\/10\/08\/la-tradicion-moderna-museo-carmen-thyssen-malaga-2\/","url":"https:\/\/rafaramirez.org\/blog\/index.php\/2011\/10\/08\/la-tradicion-moderna-museo-carmen-thyssen-malaga-2\/","name":"La tradici\u00f3n moderna. Museo Carmen Thyssen M\u00e1laga. - Blog de Rafael Ram\u00edrez","isPartOf":{"@id":"https:\/\/rafaramirez.org\/blog\/#website"},"primaryImageOfPage":{"@id":"https:\/\/rafaramirez.org\/blog\/index.php\/2011\/10\/08\/la-tradicion-moderna-museo-carmen-thyssen-malaga-2\/#primaryimage"},"image":{"@id":"https:\/\/rafaramirez.org\/blog\/index.php\/2011\/10\/08\/la-tradicion-moderna-museo-carmen-thyssen-malaga-2\/#primaryimage"},"thumbnailUrl":"https:\/\/rafaramirez.org\/blog\/wp-content\/uploads\/2011\/10\/Museo_Thyssen_Malaga-reduc.jpg","datePublished":"2011-10-08T20:45:48+00:00","dateModified":"2026-06-18T08:33:56+00:00","breadcrumb":{"@id":"https:\/\/rafaramirez.org\/blog\/index.php\/2011\/10\/08\/la-tradicion-moderna-museo-carmen-thyssen-malaga-2\/#breadcrumb"},"inLanguage":"es","potentialAction":[{"@type":"ReadAction","target":["https:\/\/rafaramirez.org\/blog\/index.php\/2011\/10\/08\/la-tradicion-moderna-museo-carmen-thyssen-malaga-2\/"]}]},{"@type":"ImageObject","inLanguage":"es","@id":"https:\/\/rafaramirez.org\/blog\/index.php\/2011\/10\/08\/la-tradicion-moderna-museo-carmen-thyssen-malaga-2\/#primaryimage","url":"https:\/\/rafaramirez.org\/blog\/wp-content\/uploads\/2011\/10\/Museo_Thyssen_Malaga-reduc.jpg","contentUrl":"https:\/\/rafaramirez.org\/blog\/wp-content\/uploads\/2011\/10\/Museo_Thyssen_Malaga-reduc.jpg","width":600,"height":452},{"@type":"BreadcrumbList","@id":"https:\/\/rafaramirez.org\/blog\/index.php\/2011\/10\/08\/la-tradicion-moderna-museo-carmen-thyssen-malaga-2\/#breadcrumb","itemListElement":[{"@type":"ListItem","position":1,"name":"Portada","item":"https:\/\/rafaramirez.org\/blog\/"},{"@type":"ListItem","position":2,"name":"La tradici\u00f3n moderna. Museo Carmen Thyssen M\u00e1laga."}]},{"@type":"WebSite","@id":"https:\/\/rafaramirez.org\/blog\/#website","url":"https:\/\/rafaramirez.org\/blog\/","name":"Blog de Rafael Ram\u00edrez","description":"Un sitio social, de arte y cultura","publisher":{"@id":"https:\/\/rafaramirez.org\/blog\/#\/schema\/person\/50f43b6d60c578760d4c17bda54ab6a5"},"potentialAction":[{"@type":"SearchAction","target":{"@type":"EntryPoint","urlTemplate":"https:\/\/rafaramirez.org\/blog\/?s={search_term_string}"},"query-input":{"@type":"PropertyValueSpecification","valueRequired":true,"valueName":"search_term_string"}}],"inLanguage":"es"},{"@type":["Person","Organization"],"@id":"https:\/\/rafaramirez.org\/blog\/#\/schema\/person\/50f43b6d60c578760d4c17bda54ab6a5","name":"Rafael Ram\u00edrez","image":{"@type":"ImageObject","inLanguage":"es","@id":"https:\/\/rafaramirez.org\/blog\/wp-content\/uploads\/2024\/09\/RR_socialnetwork.jpg","url":"https:\/\/rafaramirez.org\/blog\/wp-content\/uploads\/2024\/09\/RR_socialnetwork.jpg","contentUrl":"https:\/\/rafaramirez.org\/blog\/wp-content\/uploads\/2024\/09\/RR_socialnetwork.jpg","width":600,"height":606,"caption":"Rafael Ram\u00edrez"},"logo":{"@id":"https:\/\/rafaramirez.org\/blog\/wp-content\/uploads\/2024\/09\/RR_socialnetwork.jpg"},"sameAs":["https:\/\/www.rafaramirez.org\/blog","https:\/\/www.instagram.com\/rafaramirez_ok\/","https:\/\/es.pinterest.com\/Ramirez_Rafa\/","https:\/\/x.com\/rafaramirez_ok"],"url":"https:\/\/rafaramirez.org\/blog\/index.php\/author\/rafaell_qm6j97da\/"}]}},"jetpack_publicize_connections":[],"jetpack_sharing_enabled":true,"jetpack_likes_enabled":true,"jetpack_featured_media_url":"https:\/\/rafaramirez.org\/blog\/wp-content\/uploads\/2011\/10\/Museo_Thyssen_Malaga-reduc.jpg","_links":{"self":[{"href":"https:\/\/rafaramirez.org\/blog\/index.php\/wp-json\/wp\/v2\/posts\/1115","targetHints":{"allow":["GET"]}}],"collection":[{"href":"https:\/\/rafaramirez.org\/blog\/index.php\/wp-json\/wp\/v2\/posts"}],"about":[{"href":"https:\/\/rafaramirez.org\/blog\/index.php\/wp-json\/wp\/v2\/types\/post"}],"author":[{"embeddable":true,"href":"https:\/\/rafaramirez.org\/blog\/index.php\/wp-json\/wp\/v2\/users\/1"}],"replies":[{"embeddable":true,"href":"https:\/\/rafaramirez.org\/blog\/index.php\/wp-json\/wp\/v2\/comments?post=1115"}],"version-history":[{"count":5,"href":"https:\/\/rafaramirez.org\/blog\/index.php\/wp-json\/wp\/v2\/posts\/1115\/revisions"}],"predecessor-version":[{"id":13328,"href":"https:\/\/rafaramirez.org\/blog\/index.php\/wp-json\/wp\/v2\/posts\/1115\/revisions\/13328"}],"wp:featuredmedia":[{"embeddable":true,"href":"https:\/\/rafaramirez.org\/blog\/index.php\/wp-json\/wp\/v2\/media\/2573"}],"wp:attachment":[{"href":"https:\/\/rafaramirez.org\/blog\/index.php\/wp-json\/wp\/v2\/media?parent=1115"}],"wp:term":[{"taxonomy":"category","embeddable":true,"href":"https:\/\/rafaramirez.org\/blog\/index.php\/wp-json\/wp\/v2\/categories?post=1115"},{"taxonomy":"post_tag","embeddable":true,"href":"https:\/\/rafaramirez.org\/blog\/index.php\/wp-json\/wp\/v2\/tags?post=1115"}],"curies":[{"name":"wp","href":"https:\/\/api.w.org\/{rel}","templated":true}]}}