{"id":11119,"date":"2025-12-03T08:00:55","date_gmt":"2025-12-03T07:00:55","guid":{"rendered":"https:\/\/rafaramirez.org\/blog\/?p=11119"},"modified":"2025-11-12T13:44:11","modified_gmt":"2025-11-12T12:44:11","slug":"malaga-en-navidad-fotografias-de-arte-digital","status":"publish","type":"post","link":"https:\/\/rafaramirez.org\/blog\/index.php\/2025\/12\/03\/malaga-en-navidad-fotografias-de-arte-digital\/","title":{"rendered":"M\u00e1laga en navidad, fotograf\u00edas de arte digital."},"content":{"rendered":"<p>En esta colecci\u00f3n de fotograf\u00edas de arte digital titulada M\u00e1laga en Navidad, se despliega una ciudad que no solo se contempla, sino que se sue\u00f1a. M\u00e1laga, con su luz mediterr\u00e1nea y su alma festiva, se convierte aqu\u00ed en el escenario de una celebraci\u00f3n \u00edntima y universal, donde cada rinc\u00f3n es un s\u00edmbolo, cada calle es un verso y cada imagen es una ofrenda.<\/p>\n<p>No se trata de una reproducci\u00f3n fiel de lo visible, sino de una interpretaci\u00f3n po\u00e9tica de lo vivido y lo anhelado. Las escenas que se presentan aqu\u00ed \u2014desde la Farola que vigila el puerto como un faro antiguo de esperanza hasta los patios encalados donde las poinsetias florecen como promesas\u2014 son recreaciones digitales que buscan capturar no solo la forma, sino tambi\u00e9n el esp\u00edritu de M\u00e1laga en estas fechas.<\/p>\n<p>La ciudad aparece envuelta en guirnaldas de memoria y luz, con sus plazas convertidas en altares de lo cotidiano, sus fuentes como custodias de lo mitol\u00f3gico, y sus calles como pasillos de un templo abierto al cielo. Cada imagen es una celebraci\u00f3n del cuidado invisible que sostiene la belleza: las manos que decoran, los pasos que pasean, las miradas que se detienen.<\/p>\n<p>En este lugar, el arte digital no pretende sustituir la realidad, sino rendirle homenaje. Las luces que cuelgan entre las palmeras, los belenes que se encienden en los rincones, los reflejos sobre el mar en calma&#8230; Todo est\u00e1 inspirado en la realidad, pero llevado m\u00e1s all\u00e1 por la imaginaci\u00f3n, como si M\u00e1laga se permitiera so\u00f1ar consigo misma.<\/p>\n<p>Esta serie es, en el fondo, una carta de amor a la ciudad. Es una invitaci\u00f3n a mirar con otros ojos lo que ya conocemos, a descubrir lo festivo en lo cotidiano y a entender que la Navidad no es solo una fecha, sino una forma de mirar, de agradecer y de compartir.<\/p>\n<p>Bienvenidos a esta M\u00e1laga so\u00f1ada. Que cada imagen les hable como lo hace una canci\u00f3n antigua: con emoci\u00f3n, ternura y luz.<\/p>\n<style id=\"bwg-style-0\">      #bwg_container1_0 #bwg_container2_0 #bwg_mosaic_thumbnails_div_0 {        width: 100%;        position: relative;        background-color: rgba(255, 255, 255, 0.00);        text-align: center;        justify-content: center;                  margin-left: auto;          margin-right: auto;                    padding-left: 2px;          padding-top: 2px;                }          #bwg_container1_0 #bwg_container2_0 .bwg_mosaic_thumb_spun_0 {        display: block;        position: absolute;\t\t\t\tborder-radius: 0;\t\t\t\tborder: 0px none #CCCCCC;    \t\t    \t\tbackground-color:rgba(0,0,0, 0.30);        -moz-box-sizing: content-box !important;        -webkit-box-sizing: content-box !important;        box-sizing: content-box !important;      }\t\t\t#bwg_container1_0 #bwg_container2_0 .bwg_mosaic_thumb_0 {\t\t\t\tdisplay: block;\t\t\t\t-moz-box-sizing: content-box !important;\t\t\t\t-webkit-box-sizing: content-box !important;\t\t\t\tbox-sizing: content-box !important;\t\t\t\tmargin: 0;\t\t\t\topacity: 1.00;\t\t\t}      #bwg_container1_0 #bwg_container2_0 .bwg_mosaic_thumb_spun_0:hover {        opacity: 1;        backface-visibility: hidden;        -webkit-backface-visibility: hidden;        -moz-backface-visibility: hidden;        -ms-backface-visibility: hidden;        z-index: 102;      }\t     @media only screen and (min-width: 480px) {\t\t#bwg_container1_0 #bwg_container2_0 .bwg-container-0.bwg-mosaic-thumbnails .bwg-item0 img {\t\t\t-webkit-transition: -webkit-transform .3s; transition: transform .3s;\t\t}\t\t#bwg_container1_0 #bwg_container2_0 .bwg-container-0.bwg-mosaic-thumbnails .bwg-item0 img:hover {\t\t\t-ms-transform: scale(1.08);\t\t\t-webkit-transform: scale(1.08);\t\t\ttransform: scale(1.08);\t\t}\t\t      }\t      #bwg_container1_0 #bwg_container2_0 .bwg_mosaic_thumbnails_0 {        background-color: rgba(255, 255, 255, 0.00);        font-size: 0;        position: relative;        text-align: center;        display: inline-block;        visibility: hidden;              }\t  \/*image title styles*\/      #bwg_container1_0 #bwg_container2_0 .bwg_mosaic_title_spun1_0,      #bwg_container1_0 #bwg_container2_0 .bwg-mosaic-thumbnails .bwg_ecommerce_spun1_0 {        position: absolute;        display: block;        opacity: 0;        box-sizing: border-box;        text-align: center;\t\t\t\ttop: 50%;\t\t\t\tleft: 50%;\t\t\t\ttransform: translate(-50%, -50%);      }      #bwg_container1_0 #bwg_container2_0 .bwg-mosaic-thumbnails .bwg_mosaic_title_spun2_0,      #bwg_container1_0 #bwg_container2_0 .bwg-mosaic-thumbnails .bwg_ecommerce_spun2_0 {\t\t    color: #323A45;        font-family: Ubuntu;        font-size: 16px;        font-weight: bold;        text-shadow: ;        vertical-align: middle;        word-wrap: break-word;      }            .bwg_mosaic_play_icon_spun_0 {        display: table;        position: absolute;        left: -10000px;        top: 0px;        opacity: 0;      }      .bwg_mosaic_play_icon_0 {        color: #323A45;        font-size: 32px;        vertical-align: middle;        display: table-cell !important;        z-index: 1;        text-align: center;        margin: 0 auto;      }      #bwg_container1_0 #bwg_container2_0 .bwg_gal_title_0 {        background-color: rgba(0, 0, 0, 0);        color: #323A45;        display: block;        font-family: Ubuntu;        font-size: 16px;        font-weight: bold;        padding: 2px;        text-shadow: ;        text-align: center;      }            @media screen and (max-width: 350px) {      div[class^=\"bwg_mosaic_thumbnails_\"],      span[class^=\"bwg_mosaic_thumb_spun_\"] {      width: 100% !important;      }      img[class^=\"bwg_mosaic_thumb_\"] {      width: 100% !important;      height: auto !important;      margin: 0px auto !important;      }      }      <\/style>    <div id=\"bwg_container1_0\"         class=\"bwg_container bwg_thumbnail bwg_thumbnails_mosaic \"         data-right-click-protection=\"1\"         data-bwg=\"0\"         data-scroll=\"0\"         data-gallery-type=\"thumbnails_mosaic\"         data-gallery-view-type=\"thumbnails_mosaic\"         data-current-url=\"\/blog\/index.php\/wp-json\/wp\/v2\/posts\/11119\"         data-lightbox-url=\"https:\/\/rafaramirez.org\/blog\/wp-admin\/admin-ajax.php?action=GalleryBox&#038;current_view=0&#038;gallery_id=82&#038;tag=0&#038;theme_id=1&#038;shortcode_id=171&#038;sort_by=order&#038;order_by=asc&#038;current_url=%2Fblog%2Findex.php%2Fwp-json%2Fwp%2Fv2%2Fposts%2F11119\"         data-gallery-id=\"82\"         data-popup-width=\"800\"         data-popup-height=\"500\"         data-is-album=\"gallery\"         data-buttons-position=\"bottom\">      <div id=\"bwg_container2_0\">             <div id=\"ajax_loading_0\" class=\"bwg_loading_div_1\">      <div class=\"bwg_loading_div_2\">        <div class=\"bwg_loading_div_3\">          <div id=\"loading_div_0\" class=\"bwg_spider_ajax_loading\">          <\/div>        <\/div>      <\/div>    <\/div>            <form id=\"gal_front_form_0\"              class=\"bwg-hidden\"              method=\"post\"              action=\"#\"              data-current=\"0\"              data-shortcode-id=\"171\"              data-gallery-type=\"thumbnails_mosaic\"              data-gallery-id=\"82\"              data-tag=\"0\"              data-album-id=\"0\"              data-theme-id=\"1\"              data-ajax-url=\"https:\/\/rafaramirez.org\/blog\/wp-admin\/admin-ajax.php?action=bwg_frontend_data\">          <div id=\"bwg_container3_0\" class=\"bwg-background bwg-background-0\">                <div id=\"bwg_mosaic_thumbnails_div_0\"         class=\"bwg-container-0 bwg-container bwg-mosaic-thumbnails\"         data-bwg=\"0\"         data-mosaic-direction=\"vertical\"         data-resizable=\"0\"         data-width=\"250\"         data-height=\"250\"         data-total-width=\"100\"         data-block-id=\"bwg_thumbnails_mosaic_0\"         data-thumb-padding=\"2\"         data-thumb-border=\"0\"         data-title-margin=\"2px\"         data-image-title=\"none\"         data-play-icon=\"1\"         data-ecommerce-icon=\"none\"         data-gallery-id=\"82\"         data-lightbox-url=\"https:\/\/rafaramirez.org\/blog\/wp-admin\/admin-ajax.php?action=GalleryBox&#038;current_view=0&#038;gallery_id=82&#038;tag=0&#038;theme_id=1&#038;shortcode_id=171&#038;sort_by=order&#038;order_by=asc&#038;current_url=%2Fblog%2Findex.php%2Fwp-json%2Fwp%2Fv2%2Fposts%2F11119\"         data-mosaic-thumb-transition=\"1\"         style=\"visibility: hidden\" >      <div id=\"bwg_thumbnails_mosaic_0\" class=\"bwg_mosaic_thumbnails_0\">                  <a  class=\"bwg-a bwg_lightbox bwg_lightbox_0\" href=\"https:\/\/rafaramirez.org\/blog\/wp-content\/uploads\/photo-gallery\/imported_from_media_libray\/Calle_Alcazabilla-Blog-de-Rafael-Ramirez.jpg?bwg=1762951212\" data-image-id=\"961\" data-elementor-open-lightbox=\"no\">          <div class=\"bwg_mosaic_thumb_spun_0 bwg-item0 bwg-mosaic-thumb-span \">            <img decoding=\"async\" class=\"bwg_mosaic_thumb_0 skip-lazy bwg_img_clear bwg_img_custom \"                 id=\"961\"                 src=\"https:\/\/rafaramirez.org\/blog\/wp-content\/uploads\/photo-gallery\/imported_from_media_libray\/thumb\/Calle_Alcazabilla-Blog-de-Rafael-Ramirez.jpg?bwg=1762951212\"                 data-src=\"https:\/\/rafaramirez.org\/blog\/wp-content\/uploads\/photo-gallery\/imported_from_media_libray\/thumb\/Calle_Alcazabilla-Blog-de-Rafael-Ramirez.jpg?bwg=1762951212\"                 data-width=\"500.00\"                 data-height=\"333.00\"                 alt=\"Calle Alcazabilla - Blog de Rafael Ram\u00edrez.\"                 title=\"Calle Alcazabilla - Blog de Rafael Ram\u00edrez.\" \/>                      <\/div>        <\/a>                <a  class=\"bwg-a bwg_lightbox bwg_lightbox_0\" href=\"https:\/\/rafaramirez.org\/blog\/wp-content\/uploads\/photo-gallery\/imported_from_media_libray\/Calle_Cister-Blog-de-Rafael-Ramirez.jpg?bwg=1762951212\" data-image-id=\"962\" data-elementor-open-lightbox=\"no\">          <div class=\"bwg_mosaic_thumb_spun_0 bwg-item0 bwg-mosaic-thumb-span \">            <img decoding=\"async\" class=\"bwg_mosaic_thumb_0 skip-lazy bwg_img_clear bwg_img_custom \"                 id=\"962\"                 src=\"https:\/\/rafaramirez.org\/blog\/wp-content\/uploads\/photo-gallery\/imported_from_media_libray\/thumb\/Calle_Cister-Blog-de-Rafael-Ramirez.jpg?bwg=1762951212\"                 data-src=\"https:\/\/rafaramirez.org\/blog\/wp-content\/uploads\/photo-gallery\/imported_from_media_libray\/thumb\/Calle_Cister-Blog-de-Rafael-Ramirez.jpg?bwg=1762951212\"                 data-width=\"500.00\"                 data-height=\"333.00\"                 alt=\"Calle Cister - Blog de Rafael Ram\u00edrez.\"                 title=\"Calle Cister - Blog de Rafael Ram\u00edrez.\" \/>                      <\/div>        <\/a>                <a  class=\"bwg-a bwg_lightbox bwg_lightbox_0\" href=\"https:\/\/rafaramirez.org\/blog\/wp-content\/uploads\/photo-gallery\/imported_from_media_libray\/Calle_Cister-Blog-de-Rafael-Ramirez_2.jpg?bwg=1762951212\" data-image-id=\"963\" data-elementor-open-lightbox=\"no\">          <div class=\"bwg_mosaic_thumb_spun_0 bwg-item0 bwg-mosaic-thumb-span \">            <img decoding=\"async\" class=\"bwg_mosaic_thumb_0 skip-lazy bwg_img_clear bwg_img_custom \"                 id=\"963\"                 src=\"https:\/\/rafaramirez.org\/blog\/wp-content\/uploads\/photo-gallery\/imported_from_media_libray\/thumb\/Calle_Cister-Blog-de-Rafael-Ramirez_2.jpg?bwg=1762951212\"                 data-src=\"https:\/\/rafaramirez.org\/blog\/wp-content\/uploads\/photo-gallery\/imported_from_media_libray\/thumb\/Calle_Cister-Blog-de-Rafael-Ramirez_2.jpg?bwg=1762951212\"                 data-width=\"333.00\"                 data-height=\"500.00\"                 alt=\"Calle Cister - Blog de Rafael Ram\u00edrez.\"                 title=\"Calle Cister - Blog de Rafael Ram\u00edrez.\" \/>                      <\/div>        <\/a>                <a  class=\"bwg-a bwg_lightbox bwg_lightbox_0\" href=\"https:\/\/rafaramirez.org\/blog\/wp-content\/uploads\/photo-gallery\/imported_from_media_libray\/Calle_Larios-Blog-de-Rafael-Ramirez.jpg?bwg=1762951212\" data-image-id=\"964\" data-elementor-open-lightbox=\"no\">          <div class=\"bwg_mosaic_thumb_spun_0 bwg-item0 bwg-mosaic-thumb-span \">            <img decoding=\"async\" class=\"bwg_mosaic_thumb_0 skip-lazy bwg_img_clear bwg_img_custom \"                 id=\"964\"                 src=\"https:\/\/rafaramirez.org\/blog\/wp-content\/uploads\/photo-gallery\/imported_from_media_libray\/thumb\/Calle_Larios-Blog-de-Rafael-Ramirez.jpg?bwg=1762951212\"                 data-src=\"https:\/\/rafaramirez.org\/blog\/wp-content\/uploads\/photo-gallery\/imported_from_media_libray\/thumb\/Calle_Larios-Blog-de-Rafael-Ramirez.jpg?bwg=1762951212\"                 data-width=\"500.00\"                 data-height=\"500.00\"                 alt=\"Calle Larios - Blog de Rafael Ram\u00edrez.\"                 title=\"Calle Larios - Blog de Rafael Ram\u00edrez.\" \/>                      <\/div>        <\/a>                <a  class=\"bwg-a bwg_lightbox bwg_lightbox_0\" href=\"https:\/\/rafaramirez.org\/blog\/wp-content\/uploads\/photo-gallery\/imported_from_media_libray\/Centro-de-Malaga-Blog-de-Rafael-Ramirez.jpg?bwg=1762951212\" data-image-id=\"965\" data-elementor-open-lightbox=\"no\">          <div class=\"bwg_mosaic_thumb_spun_0 bwg-item0 bwg-mosaic-thumb-span \">            <img decoding=\"async\" class=\"bwg_mosaic_thumb_0 skip-lazy bwg_img_clear bwg_img_custom \"                 id=\"965\"                 src=\"https:\/\/rafaramirez.org\/blog\/wp-content\/uploads\/photo-gallery\/imported_from_media_libray\/thumb\/Centro-de-Malaga-Blog-de-Rafael-Ramirez.jpg?bwg=1762951212\"                 data-src=\"https:\/\/rafaramirez.org\/blog\/wp-content\/uploads\/photo-gallery\/imported_from_media_libray\/thumb\/Centro-de-Malaga-Blog-de-Rafael-Ramirez.jpg?bwg=1762951212\"                 data-width=\"500.00\"                 data-height=\"333.00\"                 alt=\"Centro de M\u00e1laga - Blog de Rafael Ram\u00edrez.\"                 title=\"Centro de M\u00e1laga - Blog de Rafael Ram\u00edrez.\" \/>                      <\/div>        <\/a>                <a  class=\"bwg-a bwg_lightbox bwg_lightbox_0\" href=\"https:\/\/rafaramirez.org\/blog\/wp-content\/uploads\/photo-gallery\/imported_from_media_libray\/Fuente-de-las-Tres-Graciasr-Blog-de-Rafael-Ramirez.jpg?bwg=1762951212\" data-image-id=\"966\" data-elementor-open-lightbox=\"no\">          <div class=\"bwg_mosaic_thumb_spun_0 bwg-item0 bwg-mosaic-thumb-span \">            <img decoding=\"async\" class=\"bwg_mosaic_thumb_0 skip-lazy bwg_img_clear bwg_img_custom \"                 id=\"966\"                 src=\"https:\/\/rafaramirez.org\/blog\/wp-content\/uploads\/photo-gallery\/imported_from_media_libray\/thumb\/Fuente-de-las-Tres-Graciasr-Blog-de-Rafael-Ramirez.jpg?bwg=1762951212\"                 data-src=\"https:\/\/rafaramirez.org\/blog\/wp-content\/uploads\/photo-gallery\/imported_from_media_libray\/thumb\/Fuente-de-las-Tres-Graciasr-Blog-de-Rafael-Ramirez.jpg?bwg=1762951212\"                 data-width=\"500.00\"                 data-height=\"333.00\"                 alt=\"Fuente de las Tres Gracias - Blog de Rafael Ram\u00edrez.\"                 title=\"Fuente de las Tres Gracias - Blog de Rafael Ram\u00edrez.\" \/>                      <\/div>        <\/a>                <a  class=\"bwg-a bwg_lightbox bwg_lightbox_0\" href=\"https:\/\/rafaramirez.org\/blog\/wp-content\/uploads\/photo-gallery\/imported_from_media_libray\/Muelle-Uno-Blog-de-Rafael-Ramirez.jpg?bwg=1762951212\" data-image-id=\"967\" data-elementor-open-lightbox=\"no\">          <div class=\"bwg_mosaic_thumb_spun_0 bwg-item0 bwg-mosaic-thumb-span \">            <img decoding=\"async\" class=\"bwg_mosaic_thumb_0 skip-lazy bwg_img_clear bwg_img_custom \"                 id=\"967\"                 src=\"https:\/\/rafaramirez.org\/blog\/wp-content\/uploads\/photo-gallery\/imported_from_media_libray\/thumb\/Muelle-Uno-Blog-de-Rafael-Ramirez.jpg?bwg=1762951212\"                 data-src=\"https:\/\/rafaramirez.org\/blog\/wp-content\/uploads\/photo-gallery\/imported_from_media_libray\/thumb\/Muelle-Uno-Blog-de-Rafael-Ramirez.jpg?bwg=1762951212\"                 data-width=\"500.00\"                 data-height=\"333.00\"                 alt=\"Muelle Uno - Blog de Rafael Ram\u00edrez.\"                 title=\"Muelle Uno - Blog de Rafael Ram\u00edrez.\" \/>                      <\/div>        <\/a>                <a  class=\"bwg-a bwg_lightbox bwg_lightbox_0\" href=\"https:\/\/rafaramirez.org\/blog\/wp-content\/uploads\/photo-gallery\/imported_from_media_libray\/Muelle-Uno-Blog-de-Rafael-Ramirez_2.jpg?bwg=1762951212\" data-image-id=\"968\" data-elementor-open-lightbox=\"no\">          <div class=\"bwg_mosaic_thumb_spun_0 bwg-item0 bwg-mosaic-thumb-span \">            <img decoding=\"async\" class=\"bwg_mosaic_thumb_0 skip-lazy bwg_img_clear bwg_img_custom \"                 id=\"968\"                 src=\"https:\/\/rafaramirez.org\/blog\/wp-content\/uploads\/photo-gallery\/imported_from_media_libray\/thumb\/Muelle-Uno-Blog-de-Rafael-Ramirez_2.jpg?bwg=1762951212\"                 data-src=\"https:\/\/rafaramirez.org\/blog\/wp-content\/uploads\/photo-gallery\/imported_from_media_libray\/thumb\/Muelle-Uno-Blog-de-Rafael-Ramirez_2.jpg?bwg=1762951212\"                 data-width=\"500.00\"                 data-height=\"333.00\"                 alt=\"Muelle Uno - Blog de Rafael Ram\u00edrez.\"                 title=\"Muelle Uno - Blog de Rafael Ram\u00edrez.\" \/>                      <\/div>        <\/a>                <a  class=\"bwg-a bwg_lightbox bwg_lightbox_0\" href=\"https:\/\/rafaramirez.org\/blog\/wp-content\/uploads\/photo-gallery\/imported_from_media_libray\/Patio-malagueno-Blog-de-Rafael-Ramirez.jpg?bwg=1762951212\" data-image-id=\"969\" data-elementor-open-lightbox=\"no\">          <div class=\"bwg_mosaic_thumb_spun_0 bwg-item0 bwg-mosaic-thumb-span \">            <img decoding=\"async\" class=\"bwg_mosaic_thumb_0 skip-lazy bwg_img_clear bwg_img_custom \"                 id=\"969\"                 src=\"https:\/\/rafaramirez.org\/blog\/wp-content\/uploads\/photo-gallery\/imported_from_media_libray\/thumb\/Patio-malagueno-Blog-de-Rafael-Ramirez.jpg?bwg=1762951212\"                 data-src=\"https:\/\/rafaramirez.org\/blog\/wp-content\/uploads\/photo-gallery\/imported_from_media_libray\/thumb\/Patio-malagueno-Blog-de-Rafael-Ramirez.jpg?bwg=1762951212\"                 data-width=\"500.00\"                 data-height=\"500.00\"                 alt=\"Patio malague\u00f1o - Blog de Rafael Ram\u00edrez.\"                 title=\"Patio malague\u00f1o - Blog de Rafael Ram\u00edrez.\" \/>                      <\/div>        <\/a>                <a  class=\"bwg-a bwg_lightbox bwg_lightbox_0\" href=\"https:\/\/rafaramirez.org\/blog\/wp-content\/uploads\/photo-gallery\/imported_from_media_libray\/Patio-malagueno-Blog-de-Rafael-Ramirez_2.jpg?bwg=1762951212\" data-image-id=\"970\" data-elementor-open-lightbox=\"no\">          <div class=\"bwg_mosaic_thumb_spun_0 bwg-item0 bwg-mosaic-thumb-span \">            <img decoding=\"async\" class=\"bwg_mosaic_thumb_0 skip-lazy bwg_img_clear bwg_img_custom \"                 id=\"970\"                 src=\"https:\/\/rafaramirez.org\/blog\/wp-content\/uploads\/photo-gallery\/imported_from_media_libray\/thumb\/Patio-malagueno-Blog-de-Rafael-Ramirez_2.jpg?bwg=1762951212\"                 data-src=\"https:\/\/rafaramirez.org\/blog\/wp-content\/uploads\/photo-gallery\/imported_from_media_libray\/thumb\/Patio-malagueno-Blog-de-Rafael-Ramirez_2.jpg?bwg=1762951212\"                 data-width=\"500.00\"                 data-height=\"333.00\"                 alt=\"Patio malague\u00f1o - Blog de Rafael Ram\u00edrez.\"                 title=\"Patio malague\u00f1o - Blog de Rafael Ram\u00edrez.\" \/>                      <\/div>        <\/a>                <a  class=\"bwg-a bwg_lightbox bwg_lightbox_0\" href=\"https:\/\/rafaramirez.org\/blog\/wp-content\/uploads\/photo-gallery\/imported_from_media_libray\/Plaza-de-la-Marina-Blog-de-Rafael-Ramirez.jpg?bwg=1762951212\" data-image-id=\"971\" data-elementor-open-lightbox=\"no\">          <div class=\"bwg_mosaic_thumb_spun_0 bwg-item0 bwg-mosaic-thumb-span \">            <img decoding=\"async\" class=\"bwg_mosaic_thumb_0 skip-lazy bwg_img_clear bwg_img_custom \"                 id=\"971\"                 src=\"https:\/\/rafaramirez.org\/blog\/wp-content\/uploads\/photo-gallery\/imported_from_media_libray\/thumb\/Plaza-de-la-Marina-Blog-de-Rafael-Ramirez.jpg?bwg=1762951212\"                 data-src=\"https:\/\/rafaramirez.org\/blog\/wp-content\/uploads\/photo-gallery\/imported_from_media_libray\/thumb\/Plaza-de-la-Marina-Blog-de-Rafael-Ramirez.jpg?bwg=1762951212\"                 data-width=\"500.00\"                 data-height=\"333.00\"                 alt=\"Plaza de la Marina - Blog de Rafael Ram\u00edrez.\"                 title=\"Plaza de la Marina - Blog de Rafael Ram\u00edrez.\" \/>                      <\/div>        <\/a>                <a  class=\"bwg-a bwg_lightbox bwg_lightbox_0\" href=\"https:\/\/rafaramirez.org\/blog\/wp-content\/uploads\/photo-gallery\/imported_from_media_libray\/Puerto-de-Malaga-Blog-de-Rafael-Ramirez.jpg?bwg=1762951212\" data-image-id=\"972\" data-elementor-open-lightbox=\"no\">          <div class=\"bwg_mosaic_thumb_spun_0 bwg-item0 bwg-mosaic-thumb-span \">            <img decoding=\"async\" class=\"bwg_mosaic_thumb_0 skip-lazy bwg_img_clear bwg_img_custom \"                 id=\"972\"                 src=\"https:\/\/rafaramirez.org\/blog\/wp-content\/uploads\/photo-gallery\/imported_from_media_libray\/thumb\/Puerto-de-Malaga-Blog-de-Rafael-Ramirez.jpg?bwg=1762951212\"                 data-src=\"https:\/\/rafaramirez.org\/blog\/wp-content\/uploads\/photo-gallery\/imported_from_media_libray\/thumb\/Puerto-de-Malaga-Blog-de-Rafael-Ramirez.jpg?bwg=1762951212\"                 data-width=\"500.00\"                 data-height=\"500.00\"                 alt=\"Puerto de Malaga - Blog de Rafael Ram\u00edrez.\"                 title=\"Puerto de Malaga - Blog de Rafael Ram\u00edrez.\" \/>                      <\/div>        <\/a>            <\/div>    <\/div>    <style>      \/*pagination styles*\/      #bwg_container1_0 #bwg_container2_0 .tablenav-pages_0 {\t\t\t\ttext-align: center;\t\t\t\tfont-size: 12px;\t\t\t\tfont-family: Ubuntu;\t\t\t\tfont-weight: bold;\t\t\t\tcolor: #666666;\t\t\t\tmargin: 6px 0 4px;\t\t\t\tdisplay: block;      }      @media only screen and (max-width : 320px) {      #bwg_container1_0 #bwg_container2_0 .displaying-num_0 {     \t display: none;      }      }      #bwg_container1_0 #bwg_container2_0 .displaying-num_0 {\t\t\t\tfont-size: 12px;\t\t\t\tfont-family: Ubuntu;\t\t\t\tfont-weight: bold;\t\t\t\tcolor: #666666;\t\t\t\tmargin-right: 10px;\t\t\t\tvertical-align: middle;      }      #bwg_container1_0 #bwg_container2_0 .paging-input_0 {\t\t\t\tfont-size: 12px;\t\t\t\tfont-family: Ubuntu;\t\t\t\tfont-weight: bold;\t\t\t\tcolor: #666666;\t\t\t\tvertical-align: middle;      }      #bwg_container1_0 #bwg_container2_0 .tablenav-pages_0 a.disabled,      #bwg_container1_0 #bwg_container2_0 .tablenav-pages_0 a.disabled:hover,      #bwg_container1_0 #bwg_container2_0 .tablenav-pages_0 a.disabled:focus,\t\t\t#bwg_container1_0 #bwg_container2_0 .tablenav-pages_0 input.bwg_current_page {\t\t\t\tcursor: default;\t\t\t\tcolor: rgba(102, 102, 102, 0.5);      }      #bwg_container1_0 #bwg_container2_0 .tablenav-pages_0 a,      #bwg_container1_0 #bwg_container2_0 .tablenav-pages_0 input.bwg_current_page {\t\t\t\tcursor: pointer;\t\t\t\ttext-align: center;\t\t\t\tfont-size: 12px;\t\t\t\tfont-family: Ubuntu;\t\t\t\tfont-weight: bold;\t\t\t\tcolor: #666666;\t\t\t\ttext-decoration: none;\t\t\t\tpadding: 3px 6px;\t\t\t\tmargin: 0;\t\t\t\tborder-radius: 0;\t\t\t\tborder-style: solid;\t\t\t\tborder-width: 1px;\t\t\t\tborder-color: #E3E3E3;\t\t\t\t\t\t\t\tbackground-color: rgba(255, 255, 255, 1.00);\t\t\t\tbox-shadow: 0;\t\t\t\ttransition: all 0.3s ease 0s;-webkit-transition: all 0.3s ease 0s;      }      <\/style>      <span class=\"bwg_nav_cont_0\">              <div class=\"tablenav-pages_0\">                  <\/div>                <input type=\"hidden\" id=\"page_number_0\" name=\"page_number_0\" value=\"1\" \/>      <script type=\"text\/javascript\">        if( jQuery('.bwg_nav_cont_0').length > 1 ) {          jQuery('.bwg_nav_cont_0').first().remove()        }        function spider_page_0(cur, x, y, load_more) {          if (typeof load_more == \"undefined\") {            var load_more = false;          }          if (jQuery(cur).hasClass('disabled')) {            return false;          }          var items_county_0 = 1;          switch (y) {            case 1:              if (x >= items_county_0) {                document.getElementById('page_number_0').value = items_county_0;              }              else {                document.getElementById('page_number_0').value = x + 1;              }              break;            case 2:              document.getElementById('page_number_0').value = items_county_0;              break;            case -1:              if (x == 1) {                document.getElementById('page_number_0').value = 1;              }              else {                document.getElementById('page_number_0').value = x - 1;              }              break;            case -2:              document.getElementById('page_number_0').value = 1;              break;\t\t\t\t\t\tcase 0:              document.getElementById('page_number_0').value = x;              break;            default:              document.getElementById('page_number_0').value = 1;          }          bwg_ajax('gal_front_form_0', '0', 'bwg_thumbnails_mosaic_0', '0', '', 'gallery', 0, '', '', load_more, '', 1);        }                    jQuery('.first-page-0').on('click', function () {              spider_page_0(this, 1, -2, 'numeric');              return false;            });            jQuery('.prev-page-0').on('click', function () {              spider_page_0(this, 1, -1, 'numeric');              return false;            });            jQuery('.next-page-0').on('click', function () {              spider_page_0(this, 1, 1, 'numeric');              return false;            });            jQuery('.last-page-0').on('click', function () {              spider_page_0(this, 1, 2, 'numeric');              return false;            });        \t\t\t\t\/* Change page on input enter. *\/        function bwg_change_page_0( e, that ) {          if (  e.key == 'Enter' ) {            var to_page = parseInt(jQuery(that).val());            var pages_count = jQuery(that).parents(\".pagination-links\").data(\"pages-count\");            var current_url_param = jQuery(that).attr('data-url-info');            if (to_page > pages_count) {              to_page = 1;            }\t \t\t\t\t\t\t\t\t\t\t\t\tspider_page_0(this, to_page, 0, 'numeric');\t\t\t\t\t\t\treturn false;\t\t\t\t\t\t          }          return true;        }        jQuery('.bwg_load_btn_0').on('click', function () {            spider_page_0(this, 1, 1, true);            return false;        });      <\/script>      <\/span>                <\/div>        <\/form>        <style>          #bwg_container1_0 #bwg_container2_0 #spider_popup_overlay_0 {          background-color: #EEEEEE;          opacity: 0.60;          }          <\/style>        <div id=\"bwg_spider_popup_loading_0\" class=\"bwg_spider_popup_loading\"><\/div>        <div id=\"spider_popup_overlay_0\" class=\"spider_popup_overlay\" onclick=\"spider_destroypopup(1000)\"><\/div>        <input type=\"hidden\" id=\"bwg_random_seed_0\" value=\"1744585713\">                <\/div>    <\/div>    <script>      if (document.readyState === 'complete') {        if( typeof bwg_main_ready == 'function' ) {          if ( jQuery(\"#bwg_container1_0\").height() ) {            bwg_main_ready(jQuery(\"#bwg_container1_0\"));          }        }      } else {        document.addEventListener('DOMContentLoaded', function() {          if( typeof bwg_main_ready == 'function' ) {            if ( jQuery(\"#bwg_container1_0\").height() ) {             bwg_main_ready(jQuery(\"#bwg_container1_0\"));            }          }        });      }    <\/script>    \n<p>M\u00e1s informaci\u00f3n:<\/p>\n<ul>\n<li><a href=\"https:\/\/rafaramirez.org\/blog\/index.php\/category\/arte\/fotografia\/\" target=\"_blank\" rel=\"noopener\">Otras fotograf\u00edas\u00a0 y arte digital en el blog<\/a>.<\/li>\n<li><a href=\"https:\/\/es.pinterest.com\/Ramirez_Rafa\/\" target=\"_blank\" rel=\"noopener\">En Pinterest<\/a>.<\/li>\n<\/ul>\n","protected":false},"excerpt":{"rendered":"<p>En esta colecci\u00f3n de fotograf\u00edas de arte digital titulada M\u00e1laga en Navidad, se despliega una ciudad que no solo se contempla, sino que se sue\u00f1a. M\u00e1laga, con su luz mediterr\u00e1nea y su alma festiva, se convierte aqu\u00ed en el escenario de una celebraci\u00f3n \u00edntima y universal, donde cada rinc\u00f3n es un s\u00edmbolo, cada calle es [&hellip;]<\/p>\n","protected":false},"author":1,"featured_media":11136,"comment_status":"open","ping_status":"closed","sticky":false,"template":"","format":"standard","meta":{"site-container-style":"default","site-container-layout":"default","site-sidebar-layout":"default","disable-article-header":"default","disable-site-header":"default","disable-site-footer":"default","disable-content-area-spacing":"default","_jetpack_newsletter_access":"","_jetpack_dont_email_post_to_subs":false,"_jetpack_newsletter_tier_id":0,"_jetpack_memberships_contains_paywalled_content":false,"_jetpack_feature_clip_id":0,"_jetpack_memberships_contains_paid_content":false,"footnotes":"","jetpack_publicize_message":"","jetpack_publicize_feature_enabled":true,"jetpack_social_post_already_shared":true,"jetpack_social_options":{"image_generator_settings":{"template":"highway","default_image_id":0,"font":"","enabled":false},"version":2},"jetpack_post_was_ever_published":false},"categories":[3],"tags":[4620,4619,771,4618],"class_list":["post-11119","post","type-post","status-publish","format-standard","has-post-thumbnail","hentry","category-fotografia","tag-arte-digital-por-rafael-ramirez","tag-fotografias-de-arte-digital","tag-fotografias-de-rafael-ramirez","tag-malaga-en-navidad"],"yoast_head":"<!-- This site is optimized with the Yoast SEO plugin v28.4 - https:\/\/yoast.com\/product\/yoast-seo-wordpress\/ -->\n<title>M\u00e1laga en navidad, fotograf\u00edas de arte digital. - Blog de Rafael Ram\u00edrez<\/title>\n<meta name=\"description\" content=\"En esta colecci\u00f3n de fotograf\u00edas de arte digital titulada M\u00e1laga en Navidad, se despliega una ciudad que no solo se contempla, sino que se...\" \/>\n<meta name=\"robots\" content=\"index, follow, max-snippet:-1, max-image-preview:large, max-video-preview:-1\" \/>\n<link rel=\"canonical\" href=\"https:\/\/rafaramirez.org\/blog\/index.php\/2025\/12\/03\/malaga-en-navidad-fotografias-de-arte-digital\/\" \/>\n<meta property=\"og:locale\" content=\"es_ES\" \/>\n<meta property=\"og:type\" content=\"article\" \/>\n<meta property=\"og:title\" content=\"M\u00e1laga en navidad, fotograf\u00edas de arte digital. - Blog de Rafael Ram\u00edrez\" \/>\n<meta property=\"og:description\" content=\"En esta colecci\u00f3n de fotograf\u00edas de arte digital titulada M\u00e1laga en Navidad, se despliega una ciudad que no solo se contempla, sino que se...\" \/>\n<meta property=\"og:url\" content=\"https:\/\/rafaramirez.org\/blog\/index.php\/2025\/12\/03\/malaga-en-navidad-fotografias-de-arte-digital\/\" \/>\n<meta property=\"og:site_name\" content=\"Blog de Rafael Ram\u00edrez\" \/>\n<meta property=\"article:published_time\" content=\"2025-12-03T07:00:55+00:00\" \/>\n<meta property=\"og:image\" content=\"https:\/\/rafaramirez.org\/blog\/wp-content\/uploads\/2025\/12\/Malaga-en-Navidad_bannerblog.jpg\" \/>\n\t<meta property=\"og:image:width\" content=\"720\" \/>\n\t<meta property=\"og:image:height\" content=\"440\" \/>\n\t<meta property=\"og:image:type\" content=\"image\/jpeg\" \/>\n<meta name=\"author\" content=\"Rafael Ram\u00edrez\" \/>\n<meta name=\"twitter:card\" content=\"summary_large_image\" \/>\n<meta name=\"twitter:creator\" content=\"@rafaramirez_ok\" \/>\n<meta name=\"twitter:site\" content=\"@rafaramirez_ok\" \/>\n<meta name=\"twitter:label1\" content=\"Escrito por\" \/>\n\t<meta name=\"twitter:data1\" content=\"Rafael Ram\u00edrez\" \/>\n\t<meta name=\"twitter:label2\" content=\"Tiempo de lectura\" \/>\n\t<meta name=\"twitter:data2\" content=\"2 minutos\" \/>\n<script type=\"application\/ld+json\" class=\"yoast-schema-graph\">{\"@context\":\"https:\\\/\\\/schema.org\",\"@graph\":[{\"@type\":\"Article\",\"@id\":\"https:\\\/\\\/rafaramirez.org\\\/blog\\\/index.php\\\/2025\\\/12\\\/03\\\/malaga-en-navidad-fotografias-de-arte-digital\\\/#article\",\"isPartOf\":{\"@id\":\"https:\\\/\\\/rafaramirez.org\\\/blog\\\/index.php\\\/2025\\\/12\\\/03\\\/malaga-en-navidad-fotografias-de-arte-digital\\\/\"},\"author\":{\"name\":\"Rafael Ram\u00edrez\",\"@id\":\"https:\\\/\\\/rafaramirez.org\\\/blog\\\/#\\\/schema\\\/person\\\/50f43b6d60c578760d4c17bda54ab6a5\"},\"headline\":\"M\u00e1laga en navidad, fotograf\u00edas de arte digital.\",\"datePublished\":\"2025-12-03T07:00:55+00:00\",\"mainEntityOfPage\":{\"@id\":\"https:\\\/\\\/rafaramirez.org\\\/blog\\\/index.php\\\/2025\\\/12\\\/03\\\/malaga-en-navidad-fotografias-de-arte-digital\\\/\"},\"wordCount\":390,\"commentCount\":0,\"publisher\":{\"@id\":\"https:\\\/\\\/rafaramirez.org\\\/blog\\\/#\\\/schema\\\/person\\\/50f43b6d60c578760d4c17bda54ab6a5\"},\"image\":{\"@id\":\"https:\\\/\\\/rafaramirez.org\\\/blog\\\/index.php\\\/2025\\\/12\\\/03\\\/malaga-en-navidad-fotografias-de-arte-digital\\\/#primaryimage\"},\"thumbnailUrl\":\"https:\\\/\\\/rafaramirez.org\\\/blog\\\/wp-content\\\/uploads\\\/2025\\\/12\\\/Malaga-en-Navidad_bannerblog.jpg\",\"keywords\":[\"arte digital por Rafael Ram\u00edrez\",\"fotograf\u00edas de arte digital\",\"fotograf\u00edas de Rafael Ram\u00edrez\",\"M\u00e1laga en navidad\"],\"articleSection\":[\"Fotograf\u00eda &amp; Arte digital\"],\"inLanguage\":\"es\",\"potentialAction\":[{\"@type\":\"CommentAction\",\"name\":\"Comment\",\"target\":[\"https:\\\/\\\/rafaramirez.org\\\/blog\\\/index.php\\\/2025\\\/12\\\/03\\\/malaga-en-navidad-fotografias-de-arte-digital\\\/#respond\"]}]},{\"@type\":\"WebPage\",\"@id\":\"https:\\\/\\\/rafaramirez.org\\\/blog\\\/index.php\\\/2025\\\/12\\\/03\\\/malaga-en-navidad-fotografias-de-arte-digital\\\/\",\"url\":\"https:\\\/\\\/rafaramirez.org\\\/blog\\\/index.php\\\/2025\\\/12\\\/03\\\/malaga-en-navidad-fotografias-de-arte-digital\\\/\",\"name\":\"M\u00e1laga en navidad, fotograf\u00edas de arte digital. - Blog de Rafael Ram\u00edrez\",\"isPartOf\":{\"@id\":\"https:\\\/\\\/rafaramirez.org\\\/blog\\\/#website\"},\"primaryImageOfPage\":{\"@id\":\"https:\\\/\\\/rafaramirez.org\\\/blog\\\/index.php\\\/2025\\\/12\\\/03\\\/malaga-en-navidad-fotografias-de-arte-digital\\\/#primaryimage\"},\"image\":{\"@id\":\"https:\\\/\\\/rafaramirez.org\\\/blog\\\/index.php\\\/2025\\\/12\\\/03\\\/malaga-en-navidad-fotografias-de-arte-digital\\\/#primaryimage\"},\"thumbnailUrl\":\"https:\\\/\\\/rafaramirez.org\\\/blog\\\/wp-content\\\/uploads\\\/2025\\\/12\\\/Malaga-en-Navidad_bannerblog.jpg\",\"datePublished\":\"2025-12-03T07:00:55+00:00\",\"description\":\"En esta colecci\u00f3n de fotograf\u00edas de arte digital titulada M\u00e1laga en Navidad, se despliega una ciudad que no solo se contempla, sino que se...\",\"breadcrumb\":{\"@id\":\"https:\\\/\\\/rafaramirez.org\\\/blog\\\/index.php\\\/2025\\\/12\\\/03\\\/malaga-en-navidad-fotografias-de-arte-digital\\\/#breadcrumb\"},\"inLanguage\":\"es\",\"potentialAction\":[{\"@type\":\"ReadAction\",\"target\":[\"https:\\\/\\\/rafaramirez.org\\\/blog\\\/index.php\\\/2025\\\/12\\\/03\\\/malaga-en-navidad-fotografias-de-arte-digital\\\/\"]}]},{\"@type\":\"ImageObject\",\"inLanguage\":\"es\",\"@id\":\"https:\\\/\\\/rafaramirez.org\\\/blog\\\/index.php\\\/2025\\\/12\\\/03\\\/malaga-en-navidad-fotografias-de-arte-digital\\\/#primaryimage\",\"url\":\"https:\\\/\\\/rafaramirez.org\\\/blog\\\/wp-content\\\/uploads\\\/2025\\\/12\\\/Malaga-en-Navidad_bannerblog.jpg\",\"contentUrl\":\"https:\\\/\\\/rafaramirez.org\\\/blog\\\/wp-content\\\/uploads\\\/2025\\\/12\\\/Malaga-en-Navidad_bannerblog.jpg\",\"width\":720,\"height\":440,\"caption\":\"M\u00e1laga en navidad, fotograf\u00edas de arte digital. Blog de Rafael Ram\u00edrez.\"},{\"@type\":\"BreadcrumbList\",\"@id\":\"https:\\\/\\\/rafaramirez.org\\\/blog\\\/index.php\\\/2025\\\/12\\\/03\\\/malaga-en-navidad-fotografias-de-arte-digital\\\/#breadcrumb\",\"itemListElement\":[{\"@type\":\"ListItem\",\"position\":1,\"name\":\"Portada\",\"item\":\"https:\\\/\\\/rafaramirez.org\\\/blog\\\/\"},{\"@type\":\"ListItem\",\"position\":2,\"name\":\"M\u00e1laga en navidad, fotograf\u00edas de arte digital.\"}]},{\"@type\":\"WebSite\",\"@id\":\"https:\\\/\\\/rafaramirez.org\\\/blog\\\/#website\",\"url\":\"https:\\\/\\\/rafaramirez.org\\\/blog\\\/\",\"name\":\"Blog de Rafael Ram\u00edrez\",\"description\":\"Un sitio social, de arte y cultura\",\"publisher\":{\"@id\":\"https:\\\/\\\/rafaramirez.org\\\/blog\\\/#\\\/schema\\\/person\\\/50f43b6d60c578760d4c17bda54ab6a5\"},\"potentialAction\":[{\"@type\":\"SearchAction\",\"target\":{\"@type\":\"EntryPoint\",\"urlTemplate\":\"https:\\\/\\\/rafaramirez.org\\\/blog\\\/?s={search_term_string}\"},\"query-input\":{\"@type\":\"PropertyValueSpecification\",\"valueRequired\":true,\"valueName\":\"search_term_string\"}}],\"inLanguage\":\"es\"},{\"@type\":[\"Person\",\"Organization\"],\"@id\":\"https:\\\/\\\/rafaramirez.org\\\/blog\\\/#\\\/schema\\\/person\\\/50f43b6d60c578760d4c17bda54ab6a5\",\"name\":\"Rafael Ram\u00edrez\",\"image\":{\"@type\":\"ImageObject\",\"inLanguage\":\"es\",\"@id\":\"https:\\\/\\\/rafaramirez.org\\\/blog\\\/wp-content\\\/uploads\\\/2024\\\/09\\\/RR_socialnetwork.jpg\",\"url\":\"https:\\\/\\\/rafaramirez.org\\\/blog\\\/wp-content\\\/uploads\\\/2024\\\/09\\\/RR_socialnetwork.jpg\",\"contentUrl\":\"https:\\\/\\\/rafaramirez.org\\\/blog\\\/wp-content\\\/uploads\\\/2024\\\/09\\\/RR_socialnetwork.jpg\",\"width\":600,\"height\":606,\"caption\":\"Rafael Ram\u00edrez\"},\"logo\":{\"@id\":\"https:\\\/\\\/rafaramirez.org\\\/blog\\\/wp-content\\\/uploads\\\/2024\\\/09\\\/RR_socialnetwork.jpg\"},\"sameAs\":[\"https:\\\/\\\/www.rafaramirez.org\\\/blog\",\"https:\\\/\\\/www.instagram.com\\\/rafaramirez_ok\\\/\",\"https:\\\/\\\/es.pinterest.com\\\/Ramirez_Rafa\\\/\",\"https:\\\/\\\/x.com\\\/rafaramirez_ok\"],\"url\":\"https:\\\/\\\/rafaramirez.org\\\/blog\\\/index.php\\\/author\\\/rafaell_qm6j97da\\\/\"}]}<\/script>\n<!-- \/ Yoast SEO plugin. -->","yoast_head_json":{"title":"M\u00e1laga en navidad, fotograf\u00edas de arte digital. - Blog de Rafael Ram\u00edrez","description":"En esta colecci\u00f3n de fotograf\u00edas de arte digital titulada M\u00e1laga en Navidad, se despliega una ciudad que no solo se contempla, sino que se...","robots":{"index":"index","follow":"follow","max-snippet":"max-snippet:-1","max-image-preview":"max-image-preview:large","max-video-preview":"max-video-preview:-1"},"canonical":"https:\/\/rafaramirez.org\/blog\/index.php\/2025\/12\/03\/malaga-en-navidad-fotografias-de-arte-digital\/","og_locale":"es_ES","og_type":"article","og_title":"M\u00e1laga en navidad, fotograf\u00edas de arte digital. - Blog de Rafael Ram\u00edrez","og_description":"En esta colecci\u00f3n de fotograf\u00edas de arte digital titulada M\u00e1laga en Navidad, se despliega una ciudad que no solo se contempla, sino que se...","og_url":"https:\/\/rafaramirez.org\/blog\/index.php\/2025\/12\/03\/malaga-en-navidad-fotografias-de-arte-digital\/","og_site_name":"Blog de Rafael Ram\u00edrez","article_published_time":"2025-12-03T07:00:55+00:00","og_image":[{"width":720,"height":440,"url":"https:\/\/rafaramirez.org\/blog\/wp-content\/uploads\/2025\/12\/Malaga-en-Navidad_bannerblog.jpg","type":"image\/jpeg"}],"author":"Rafael Ram\u00edrez","twitter_card":"summary_large_image","twitter_creator":"@rafaramirez_ok","twitter_site":"@rafaramirez_ok","twitter_misc":{"Escrito por":"Rafael Ram\u00edrez","Tiempo de lectura":"2 minutos"},"schema":{"@context":"https:\/\/schema.org","@graph":[{"@type":"Article","@id":"https:\/\/rafaramirez.org\/blog\/index.php\/2025\/12\/03\/malaga-en-navidad-fotografias-de-arte-digital\/#article","isPartOf":{"@id":"https:\/\/rafaramirez.org\/blog\/index.php\/2025\/12\/03\/malaga-en-navidad-fotografias-de-arte-digital\/"},"author":{"name":"Rafael Ram\u00edrez","@id":"https:\/\/rafaramirez.org\/blog\/#\/schema\/person\/50f43b6d60c578760d4c17bda54ab6a5"},"headline":"M\u00e1laga en navidad, fotograf\u00edas de arte digital.","datePublished":"2025-12-03T07:00:55+00:00","mainEntityOfPage":{"@id":"https:\/\/rafaramirez.org\/blog\/index.php\/2025\/12\/03\/malaga-en-navidad-fotografias-de-arte-digital\/"},"wordCount":390,"commentCount":0,"publisher":{"@id":"https:\/\/rafaramirez.org\/blog\/#\/schema\/person\/50f43b6d60c578760d4c17bda54ab6a5"},"image":{"@id":"https:\/\/rafaramirez.org\/blog\/index.php\/2025\/12\/03\/malaga-en-navidad-fotografias-de-arte-digital\/#primaryimage"},"thumbnailUrl":"https:\/\/rafaramirez.org\/blog\/wp-content\/uploads\/2025\/12\/Malaga-en-Navidad_bannerblog.jpg","keywords":["arte digital por Rafael Ram\u00edrez","fotograf\u00edas de arte digital","fotograf\u00edas de Rafael Ram\u00edrez","M\u00e1laga en navidad"],"articleSection":["Fotograf\u00eda &amp; Arte digital"],"inLanguage":"es","potentialAction":[{"@type":"CommentAction","name":"Comment","target":["https:\/\/rafaramirez.org\/blog\/index.php\/2025\/12\/03\/malaga-en-navidad-fotografias-de-arte-digital\/#respond"]}]},{"@type":"WebPage","@id":"https:\/\/rafaramirez.org\/blog\/index.php\/2025\/12\/03\/malaga-en-navidad-fotografias-de-arte-digital\/","url":"https:\/\/rafaramirez.org\/blog\/index.php\/2025\/12\/03\/malaga-en-navidad-fotografias-de-arte-digital\/","name":"M\u00e1laga en navidad, fotograf\u00edas de arte digital. - Blog de Rafael Ram\u00edrez","isPartOf":{"@id":"https:\/\/rafaramirez.org\/blog\/#website"},"primaryImageOfPage":{"@id":"https:\/\/rafaramirez.org\/blog\/index.php\/2025\/12\/03\/malaga-en-navidad-fotografias-de-arte-digital\/#primaryimage"},"image":{"@id":"https:\/\/rafaramirez.org\/blog\/index.php\/2025\/12\/03\/malaga-en-navidad-fotografias-de-arte-digital\/#primaryimage"},"thumbnailUrl":"https:\/\/rafaramirez.org\/blog\/wp-content\/uploads\/2025\/12\/Malaga-en-Navidad_bannerblog.jpg","datePublished":"2025-12-03T07:00:55+00:00","description":"En esta colecci\u00f3n de fotograf\u00edas de arte digital titulada M\u00e1laga en Navidad, se despliega una ciudad que no solo se contempla, sino que se...","breadcrumb":{"@id":"https:\/\/rafaramirez.org\/blog\/index.php\/2025\/12\/03\/malaga-en-navidad-fotografias-de-arte-digital\/#breadcrumb"},"inLanguage":"es","potentialAction":[{"@type":"ReadAction","target":["https:\/\/rafaramirez.org\/blog\/index.php\/2025\/12\/03\/malaga-en-navidad-fotografias-de-arte-digital\/"]}]},{"@type":"ImageObject","inLanguage":"es","@id":"https:\/\/rafaramirez.org\/blog\/index.php\/2025\/12\/03\/malaga-en-navidad-fotografias-de-arte-digital\/#primaryimage","url":"https:\/\/rafaramirez.org\/blog\/wp-content\/uploads\/2025\/12\/Malaga-en-Navidad_bannerblog.jpg","contentUrl":"https:\/\/rafaramirez.org\/blog\/wp-content\/uploads\/2025\/12\/Malaga-en-Navidad_bannerblog.jpg","width":720,"height":440,"caption":"M\u00e1laga en navidad, fotograf\u00edas de arte digital. Blog de Rafael Ram\u00edrez."},{"@type":"BreadcrumbList","@id":"https:\/\/rafaramirez.org\/blog\/index.php\/2025\/12\/03\/malaga-en-navidad-fotografias-de-arte-digital\/#breadcrumb","itemListElement":[{"@type":"ListItem","position":1,"name":"Portada","item":"https:\/\/rafaramirez.org\/blog\/"},{"@type":"ListItem","position":2,"name":"M\u00e1laga en navidad, fotograf\u00edas de arte digital."}]},{"@type":"WebSite","@id":"https:\/\/rafaramirez.org\/blog\/#website","url":"https:\/\/rafaramirez.org\/blog\/","name":"Blog de Rafael Ram\u00edrez","description":"Un sitio social, de arte y cultura","publisher":{"@id":"https:\/\/rafaramirez.org\/blog\/#\/schema\/person\/50f43b6d60c578760d4c17bda54ab6a5"},"potentialAction":[{"@type":"SearchAction","target":{"@type":"EntryPoint","urlTemplate":"https:\/\/rafaramirez.org\/blog\/?s={search_term_string}"},"query-input":{"@type":"PropertyValueSpecification","valueRequired":true,"valueName":"search_term_string"}}],"inLanguage":"es"},{"@type":["Person","Organization"],"@id":"https:\/\/rafaramirez.org\/blog\/#\/schema\/person\/50f43b6d60c578760d4c17bda54ab6a5","name":"Rafael Ram\u00edrez","image":{"@type":"ImageObject","inLanguage":"es","@id":"https:\/\/rafaramirez.org\/blog\/wp-content\/uploads\/2024\/09\/RR_socialnetwork.jpg","url":"https:\/\/rafaramirez.org\/blog\/wp-content\/uploads\/2024\/09\/RR_socialnetwork.jpg","contentUrl":"https:\/\/rafaramirez.org\/blog\/wp-content\/uploads\/2024\/09\/RR_socialnetwork.jpg","width":600,"height":606,"caption":"Rafael Ram\u00edrez"},"logo":{"@id":"https:\/\/rafaramirez.org\/blog\/wp-content\/uploads\/2024\/09\/RR_socialnetwork.jpg"},"sameAs":["https:\/\/www.rafaramirez.org\/blog","https:\/\/www.instagram.com\/rafaramirez_ok\/","https:\/\/es.pinterest.com\/Ramirez_Rafa\/","https:\/\/x.com\/rafaramirez_ok"],"url":"https:\/\/rafaramirez.org\/blog\/index.php\/author\/rafaell_qm6j97da\/"}]}},"jetpack_publicize_connections":[],"jetpack_sharing_enabled":true,"jetpack_likes_enabled":true,"jetpack_featured_media_url":"https:\/\/rafaramirez.org\/blog\/wp-content\/uploads\/2025\/12\/Malaga-en-Navidad_bannerblog.jpg","_links":{"self":[{"href":"https:\/\/rafaramirez.org\/blog\/index.php\/wp-json\/wp\/v2\/posts\/11119","targetHints":{"allow":["GET"]}}],"collection":[{"href":"https:\/\/rafaramirez.org\/blog\/index.php\/wp-json\/wp\/v2\/posts"}],"about":[{"href":"https:\/\/rafaramirez.org\/blog\/index.php\/wp-json\/wp\/v2\/types\/post"}],"author":[{"embeddable":true,"href":"https:\/\/rafaramirez.org\/blog\/index.php\/wp-json\/wp\/v2\/users\/1"}],"replies":[{"embeddable":true,"href":"https:\/\/rafaramirez.org\/blog\/index.php\/wp-json\/wp\/v2\/comments?post=11119"}],"version-history":[{"count":4,"href":"https:\/\/rafaramirez.org\/blog\/index.php\/wp-json\/wp\/v2\/posts\/11119\/revisions"}],"predecessor-version":[{"id":11134,"href":"https:\/\/rafaramirez.org\/blog\/index.php\/wp-json\/wp\/v2\/posts\/11119\/revisions\/11134"}],"wp:featuredmedia":[{"embeddable":true,"href":"https:\/\/rafaramirez.org\/blog\/index.php\/wp-json\/wp\/v2\/media\/11136"}],"wp:attachment":[{"href":"https:\/\/rafaramirez.org\/blog\/index.php\/wp-json\/wp\/v2\/media?parent=11119"}],"wp:term":[{"taxonomy":"category","embeddable":true,"href":"https:\/\/rafaramirez.org\/blog\/index.php\/wp-json\/wp\/v2\/categories?post=11119"},{"taxonomy":"post_tag","embeddable":true,"href":"https:\/\/rafaramirez.org\/blog\/index.php\/wp-json\/wp\/v2\/tags?post=11119"}],"curies":[{"name":"wp","href":"https:\/\/api.w.org\/{rel}","templated":true}]}}