{"id":11065,"date":"2025-11-27T08:00:58","date_gmt":"2025-11-27T07:00:58","guid":{"rendered":"https:\/\/rafaramirez.org\/blog\/?p=11065"},"modified":"2026-07-14T11:41:14","modified_gmt":"2026-07-14T09:41:14","slug":"el-modernismo-en-la-pintura","status":"publish","type":"post","link":"https:\/\/rafaramirez.org\/blog\/index.php\/2025\/11\/27\/el-modernismo-en-la-pintura\/","title":{"rendered":"Modernismo en la pintura: la belleza como experiencia vital."},"content":{"rendered":"<p>El modernismo en la pintura fue una corriente art\u00edstica de finales del siglo XIX y principios del XX que busc\u00f3 romper con las normas acad\u00e9micas y crear un \u201carte nuevo\u201d, inspirado en la naturaleza, las formas org\u00e1nicas y la idea de belleza como experiencia total.<\/p>\n<p>El modernismo, conocido internacionalmente como Art Nouveau, surgi\u00f3 en un contexto de transformaci\u00f3n cultural, la Belle \u00c9poque y el fin de siglo. Era una \u00e9poca marcada por la industrializaci\u00f3n, la expansi\u00f3n urbana y el deseo de renovar las artes frente a la rigidez del academicismo y las f\u00f3rmulas agotadas del realismo e incluso del impresionismo. Los pintores modernistas aspiraban a crear un lenguaje visual que no solo representara la realidad, sino que la envolviera en un halo de sensualidad, fluidez y ornamento.<\/p>\n<p>Una de sus caracter\u00edsticas m\u00e1s notables fue la inspiraci\u00f3n en la naturaleza. Los motivos vegetales, las curvas sinuosas y las formas org\u00e1nicas se convirtieron en protagonistas de la pintura, evocando la idea de que el arte deb\u00eda integrarse con la vida y el entorno. Esta b\u00fasqueda de armon\u00eda se plasm\u00f3 en composiciones que parec\u00edan moverse como ramas, flores o cuerpos en danza. El modernismo no se limit\u00f3 a la pintura, sino que fue un estilo transversal que impregn\u00f3 la arquitectura, el dise\u00f1o gr\u00e1fico, las artes decorativas y la escultura, creando un universo est\u00e9tico coherente.<\/p>\n<p>En el campo de la pintura, artistas como Alphonse Mucha, con sus c\u00e9lebres carteles y litograf\u00edas, o <a href=\"https:\/\/rafaramirez.org\/blog\/index.php\/2026\/04\/17\/santiago-rusinol-biografia\/\" target=\"_blank\" rel=\"noopener\">Santiago Rusi\u00f1ol<\/a> y <a href=\"https:\/\/rafaramirez.org\/blog\/index.php\/2026\/06\/18\/ramon-casas-la-luz-moderna-que-retrato-el-alma-de-una-epoca-biografia\/\" target=\"_blank\" rel=\"noopener\">Ram\u00f3n Casas<\/a> en Espa\u00f1a, marcaron el rumbo de esta corriente. Sus obras transmit\u00edan un ideal de belleza refinada, con figuras femeninas estilizadas, atm\u00f3sferas melanc\u00f3licas y un uso del color que buscaba la delicadeza y la intensidad emocional. En Catalu\u00f1a, el modernismo se vincul\u00f3 estrechamente con la renovaci\u00f3n cultural impulsada por artistas y escritores, convirti\u00e9ndose en un s\u00edmbolo de identidad.<\/p>\n<p>El modernismo tambi\u00e9n se distingui\u00f3 por su rechazo a las normas acad\u00e9micas. Los pintores buscaban una expresi\u00f3n m\u00e1s libre, personal y decorativa, en la que la l\u00ednea y el ritmo visual ten\u00edan tanto peso como el tema representado. La pintura se acercaba a la idea de obra total, en di\u00e1logo con la arquitectura y las artes aplicadas, como puede verse en la relaci\u00f3n entre los cuadros y los interiores dise\u00f1ados por figuras como Victor Horta o Antoni Gaud\u00ed en otros campos.<\/p>\n<p>Aunque su auge fue relativamente breve \u2014entre 1890 y 1914 aproximadamente\u2014, el modernismo dej\u00f3 una profunda huella. Supuso un puente entre el arte del siglo XIX y las vanguardias del siglo XX, anticipando la libertad formal del expresionismo y el simbolismo. Su legado se percibe en la manera en que dignific\u00f3 lo ornamental y lo cotidiano, transformando la pintura en un espacio donde la belleza se entend\u00eda como experiencia vital y no solo como representaci\u00f3n.<\/p>\n<p>En definitiva, el modernismo en la pintura fue algo m\u00e1s que un estilo: fue un gesto cultural de renovaci\u00f3n, un intento de reconciliar el arte y la vida, la naturaleza y la modernidad, la tradici\u00f3n y la ruptura. Su fuerza radic\u00f3 en su capacidad para convertir lo decorativo en un lenguaje profundo, capaz de emocionar y de situar la belleza en el centro de la existencia.<\/p>\n<h3>Principales exponentes del modernismo.<\/h3>\n<p>Entre los principales representantes de este movimiento en la pintura destacan <a href=\"https:\/\/rafaramirez.org\/blog\/index.php\/2025\/07\/01\/gustav-klimt\/\" target=\"_blank\" rel=\"noopener\">Gustav Klimt<\/a>, Alphonse Mucha, Ram\u00f3n Casas, Santiago Rusi\u00f1ol y Henri de Toulouse-Lautrec, cada uno con un estilo particular que encarn\u00f3 la est\u00e9tica ornamental, simb\u00f3lica y renovadora del modernismo.<\/p>\n<p>El modernismo, tambi\u00e9n conocido como Art Nouveau, fue un movimiento que busc\u00f3 integrar la belleza en todos los aspectos de la vida cotidiana. En pintura, sus representantes se caracterizaron por el uso de l\u00edneas sinuosas, la inspiraci\u00f3n en la naturaleza y la ornamentaci\u00f3n del color y la forma.<\/p>\n<ul>\n<li><strong><a href=\"https:\/\/rafaramirez.org\/blog\/index.php\/2025\/07\/01\/gustav-klimt\/\" target=\"_blank\" rel=\"noopener\">Gustav Klimt<\/a> (Austria)<\/strong> es uno de los nombres m\u00e1s emblem\u00e1ticos. Su obra El beso es un manifiesto del modernismo pict\u00f3rico, en el que las figuras se encuentran envueltas en patrones dorados y ornamentales. Klimt explor\u00f3 la sensualidad y el simbolismo, y convirti\u00f3 cada cuadro en un mosaico de formas y emociones.\n<p><figure id=\"attachment_9642\" aria-describedby=\"caption-attachment-9642\" style=\"width: 227px\" class=\"wp-caption aligncenter\"><a href=\"https:\/\/rafaramirez.org\/blog\/wp-content\/uploads\/2025\/07\/gustav-klimt-color_portrait_ok.jpg\" target=\"_blank\" rel=\"noopener\"><img loading=\"lazy\" decoding=\"async\" class=\"wp-image-9642 size-medium\" src=\"https:\/\/rafaramirez.org\/blog\/wp-content\/uploads\/2025\/07\/gustav-klimt-color_portrait_ok-227x300.jpg\" alt=\"Retrato de Gustav Klimt. Maestros de la pintura. Blog de Rafael Ram\u00edrez.\" width=\"227\" height=\"300\" srcset=\"https:\/\/rafaramirez.org\/blog\/wp-content\/uploads\/2025\/07\/gustav-klimt-color_portrait_ok-227x300.jpg 227w, https:\/\/rafaramirez.org\/blog\/wp-content\/uploads\/2025\/07\/gustav-klimt-color_portrait_ok.jpg 606w\" sizes=\"auto, (max-width: 227px) 100vw, 227px\" \/><\/a><figcaption id=\"caption-attachment-9642\" class=\"wp-caption-text\">Retrato de Gustav Klimt. Maestros de la pintura. Blog de Rafael Ram\u00edrez.<\/figcaption><\/figure><\/li>\n<li><strong>Alphonse Mucha (Rep\u00fablica Checa)<\/strong>: maestro del cartel y la ilustraci\u00f3n. Sus mujeres estilizadas, rodeadas de motivos florales y arabescos, se convirtieron en iconos del modernismo gr\u00e1fico. Mucha llev\u00f3 el arte a la publicidad y a la vida urbana, dotando de un aura po\u00e9tica a lo cotidiano.\n<p><figure id=\"attachment_11078\" aria-describedby=\"caption-attachment-11078\" style=\"width: 242px\" class=\"wp-caption aligncenter\"><a href=\"https:\/\/rafaramirez.org\/blog\/wp-content\/uploads\/2025\/11\/Alfons_Mucha_portrait.jpg\" target=\"_blank\" rel=\"noopener\"><img loading=\"lazy\" decoding=\"async\" class=\"wp-image-11078 size-medium\" src=\"https:\/\/rafaramirez.org\/blog\/wp-content\/uploads\/2025\/11\/Alfons_Mucha_portrait-242x300.jpg\" alt=\"Retrato de Alphonse Mucha. Maestros de la pintura. Blog de Rafael Ram\u00edrez.\" width=\"242\" height=\"300\" srcset=\"https:\/\/rafaramirez.org\/blog\/wp-content\/uploads\/2025\/11\/Alfons_Mucha_portrait-242x300.jpg 242w, https:\/\/rafaramirez.org\/blog\/wp-content\/uploads\/2025\/11\/Alfons_Mucha_portrait-824x1024.jpg 824w, https:\/\/rafaramirez.org\/blog\/wp-content\/uploads\/2025\/11\/Alfons_Mucha_portrait-768x954.jpg 768w, https:\/\/rafaramirez.org\/blog\/wp-content\/uploads\/2025\/11\/Alfons_Mucha_portrait.jpg 1024w\" sizes=\"auto, (max-width: 242px) 100vw, 242px\" \/><\/a><figcaption id=\"caption-attachment-11078\" class=\"wp-caption-text\">Retrato de Alphonse Mucha. Maestros de la pintura. Blog de Rafael Ram\u00edrez.<\/figcaption><\/figure><\/li>\n<li><strong><a href=\"https:\/\/rafaramirez.org\/blog\/index.php\/2026\/06\/18\/ramon-casas-la-luz-moderna-que-retrato-el-alma-de-una-epoca-biografia\/\" target=\"_blank\" rel=\"noopener\">Ram\u00f3n Casas<\/a> (Espa\u00f1a):<\/strong> pintor catal\u00e1n que retrat\u00f3 la vida moderna de Barcelona, desde escenas urbanas hasta retratos de la burgues\u00eda. Su estilo elegante y su vinculaci\u00f3n con el c\u00edrculo modernista lo convirtieron en una figura central del movimiento en Espa\u00f1a.\n<p><figure id=\"attachment_11079\" aria-describedby=\"caption-attachment-11079\" style=\"width: 222px\" class=\"wp-caption aligncenter\"><a href=\"https:\/\/rafaramirez.org\/blog\/wp-content\/uploads\/2025\/11\/Ramon_Casas_portrait.jpg\" target=\"_blank\" rel=\"noopener\"><img loading=\"lazy\" decoding=\"async\" class=\"wp-image-11079 size-medium\" src=\"https:\/\/rafaramirez.org\/blog\/wp-content\/uploads\/2025\/11\/Ramon_Casas_portrait-222x300.jpg\" alt=\"Retrato de Ram\u00f3n Casas. Maestros de la pintura. Blog de Rafael Ram\u00edrez.\" width=\"222\" height=\"300\" srcset=\"https:\/\/rafaramirez.org\/blog\/wp-content\/uploads\/2025\/11\/Ramon_Casas_portrait-222x300.jpg 222w, https:\/\/rafaramirez.org\/blog\/wp-content\/uploads\/2025\/11\/Ramon_Casas_portrait.jpg 280w\" sizes=\"auto, (max-width: 222px) 100vw, 222px\" \/><\/a><figcaption id=\"caption-attachment-11079\" class=\"wp-caption-text\">Retrato de Ram\u00f3n Casas. Maestros de la pintura. Blog de Rafael Ram\u00edrez.<\/figcaption><\/figure><\/li>\n<li><strong><a href=\"https:\/\/rafaramirez.org\/blog\/index.php\/2026\/04\/17\/santiago-rusinol-biografia\/\" target=\"_blank\" rel=\"noopener\">Santiago Rusi\u00f1ol<\/a> (Espa\u00f1a):<\/strong> pintor, escritor y dramaturgo. Sus paisajes y jardines transmiten una atm\u00f3sfera melanc\u00f3lica y refinada, muy ligada al esp\u00edritu del modernismo catal\u00e1n.\n<p><figure id=\"attachment_11080\" aria-describedby=\"caption-attachment-11080\" style=\"width: 185px\" class=\"wp-caption aligncenter\"><a href=\"https:\/\/rafaramirez.org\/blog\/wp-content\/uploads\/2025\/11\/Santiago_Rusinol_portrait.jpg\" target=\"_blank\" rel=\"noopener\"><img loading=\"lazy\" decoding=\"async\" class=\"wp-image-11080 size-medium\" src=\"https:\/\/rafaramirez.org\/blog\/wp-content\/uploads\/2025\/11\/Santiago_Rusinol_portrait-185x300.jpg\" alt=\"Retrato de Santiago Rusi\u00f1ol. Maestros de la pintura. Blog de Rafael Ram\u00edrez.\" width=\"185\" height=\"300\" srcset=\"https:\/\/rafaramirez.org\/blog\/wp-content\/uploads\/2025\/11\/Santiago_Rusinol_portrait-185x300.jpg 185w, https:\/\/rafaramirez.org\/blog\/wp-content\/uploads\/2025\/11\/Santiago_Rusinol_portrait.jpg 512w\" sizes=\"auto, (max-width: 185px) 100vw, 185px\" \/><\/a><figcaption id=\"caption-attachment-11080\" class=\"wp-caption-text\">Retrato de Santiago Rusi\u00f1ol. Maestros de la pintura. Blog de Rafael Ram\u00edrez.<\/figcaption><\/figure><\/li>\n<li><strong><a href=\"https:\/\/rafaramirez.org\/blog\/index.php\/2025\/07\/16\/henri-de-toulouse-lautrec\/\" target=\"_blank\" rel=\"noopener\">Henri de Toulouse-Lautrec<\/a> (Francia):<\/strong> aunque es m\u00e1s conocido por sus escenas de cabaret y la vida nocturna parisina, su estilo ornamental y su capacidad para captar la vitalidad de la modernidad lo sit\u00faan dentro de la sensibilidad modernista.\n<p><figure id=\"attachment_9793\" aria-describedby=\"caption-attachment-9793\" style=\"width: 197px\" class=\"wp-caption aligncenter\"><a href=\"https:\/\/rafaramirez.org\/blog\/wp-content\/uploads\/2025\/07\/lautrec_portrait_colorSAI_result.jpg\" target=\"_blank\" rel=\"noopener\"><img loading=\"lazy\" decoding=\"async\" class=\"wp-image-9793 size-medium\" src=\"https:\/\/rafaramirez.org\/blog\/wp-content\/uploads\/2025\/07\/lautrec_portrait_colorSAI_result-197x300.jpg\" alt=\"Retrato de Henri de Toulouse-Lautrec. Maestros de la pintura. Blog de Rafael Ram\u00edrez.\" width=\"197\" height=\"300\" srcset=\"https:\/\/rafaramirez.org\/blog\/wp-content\/uploads\/2025\/07\/lautrec_portrait_colorSAI_result-197x300.jpg 197w, https:\/\/rafaramirez.org\/blog\/wp-content\/uploads\/2025\/07\/lautrec_portrait_colorSAI_result.jpg 526w\" sizes=\"auto, (max-width: 197px) 100vw, 197px\" \/><\/a><figcaption id=\"caption-attachment-9793\" class=\"wp-caption-text\">Retrato de Henri de Toulouse-Lautrec. Maestros de la pintura. Blog de Rafael Ram\u00edrez.<\/figcaption><\/figure><\/li>\n<\/ul>\n<p>El modernismo fue un movimiento internacional y, por ello encontramos exponentes en distintos pa\u00edses: Victor Horta y Henry van de Velde en B\u00e9lgica, Jan Toorop en los Pa\u00edses Bajos, o Koloman Moser en Austria, todos ellos vinculados a la idea de un arte total que uniera pintura, arquitectura y dise\u00f1o.<\/p>\n<p>En conjunto, estos artistas crearon un estilo que no solo buscaba representar la realidad, sino transformarla en una experiencia est\u00e9tica y vital, integrando lo ornamental, lo simb\u00f3lico y lo emocional. Su legado fue allanar el camino hacia las vanguardias del siglo XX, demostrando que la pintura pod\u00eda ser tanto un objeto de contemplaci\u00f3n como un acto de renovaci\u00f3n cultural.<\/p>\n<h3>Obras destacadas del modernismo.<\/h3>\n<p>Entre las obras m\u00e1s representativas de este estilo en la pintura se encuentran El beso y El \u00e1rbol de la vida, de Gustav Klimt; los carteles de Alphonse Mucha, y los retratos y paisajes de Ram\u00f3n Casas y Santiago Rusi\u00f1ol. Estas obras encarnan la est\u00e9tica ornamental, simb\u00f3lica y vital del movimiento.<\/p>\n<p>El modernismo o <em>Art Nouveau<\/em>, tuvo como esencia la b\u00fasqueda de un arte total, capaz de integrar belleza, naturaleza y vida cotidiana. En la pintura, esto se tradujo en obras que combinaban l\u00edneas sinuosas, motivos vegetales, figuras estilizadas y un marcado car\u00e1cter decorativo.<\/p>\n<p>Entre las obras m\u00e1s emblem\u00e1ticas podemos mencionar:<\/p>\n<ul>\n<li><a href=\"https:\/\/rafaramirez.org\/blog\/index.php\/2025\/07\/01\/gustav-klimt\/\" target=\"_blank\" rel=\"noopener\"><strong>Gustav Klimt<\/strong><\/a>:\n<ul>\n<li>El beso (1907-1908) es quiz\u00e1 la obra m\u00e1s ic\u00f3nica del modernismo; en ella, la pareja aparece envuelta en un mosaico dorado de formas geom\u00e9tricas y org\u00e1nicas.\n<p><figure id=\"attachment_9643\" aria-describedby=\"caption-attachment-9643\" style=\"width: 300px\" class=\"wp-caption aligncenter\"><a href=\"https:\/\/rafaramirez.org\/blog\/wp-content\/uploads\/2025\/07\/El-Beso_-_Gustav_Klimt_1907-1908.jpg\" target=\"_blank\" rel=\"noopener\"><img loading=\"lazy\" decoding=\"async\" class=\"wp-image-9643 size-medium\" src=\"https:\/\/rafaramirez.org\/blog\/wp-content\/uploads\/2025\/07\/El-Beso_-_Gustav_Klimt_1907-1908-300x300.jpg\" alt=\"El Beso (1907-1908) de Gustav Klimt. Blog de Rafael Ram\u00edrez.\" width=\"300\" height=\"300\" srcset=\"https:\/\/rafaramirez.org\/blog\/wp-content\/uploads\/2025\/07\/El-Beso_-_Gustav_Klimt_1907-1908-300x300.jpg 300w, https:\/\/rafaramirez.org\/blog\/wp-content\/uploads\/2025\/07\/El-Beso_-_Gustav_Klimt_1907-1908-1021x1024.jpg 1021w, https:\/\/rafaramirez.org\/blog\/wp-content\/uploads\/2025\/07\/El-Beso_-_Gustav_Klimt_1907-1908-150x150.jpg 150w, https:\/\/rafaramirez.org\/blog\/wp-content\/uploads\/2025\/07\/El-Beso_-_Gustav_Klimt_1907-1908-768x771.jpg 768w, https:\/\/rafaramirez.org\/blog\/wp-content\/uploads\/2025\/07\/El-Beso_-_Gustav_Klimt_1907-1908.jpg 1196w\" sizes=\"auto, (max-width: 300px) 100vw, 300px\" \/><\/a><figcaption id=\"caption-attachment-9643\" class=\"wp-caption-text\">El Beso (1907-1908) de Gustav Klimt. Blog de Rafael Ram\u00edrez.<\/figcaption><\/figure><\/li>\n<li>El \u00e1rbol de la vida (1905-1909) muestra ramas en espiral que simbolizan la conexi\u00f3n entre lo terrenal y lo espiritual.\n<p><figure id=\"attachment_11070\" aria-describedby=\"caption-attachment-11070\" style=\"width: 300px\" class=\"wp-caption aligncenter\"><a href=\"https:\/\/rafaramirez.org\/blog\/wp-content\/uploads\/2025\/11\/Klimt_Tree_of_Life_1909.jpg\" target=\"_blank\" rel=\"noopener\"><img loading=\"lazy\" decoding=\"async\" class=\"wp-image-11070 size-medium\" src=\"https:\/\/rafaramirez.org\/blog\/wp-content\/uploads\/2025\/11\/Klimt_Tree_of_Life_1909-300x161.jpg\" alt=\"El \u00e1rbol de la vida (1909) de Gustav Klimt. Blog de Rafael Ram\u00edrez.\" width=\"300\" height=\"161\" srcset=\"https:\/\/rafaramirez.org\/blog\/wp-content\/uploads\/2025\/11\/Klimt_Tree_of_Life_1909-300x161.jpg 300w, https:\/\/rafaramirez.org\/blog\/wp-content\/uploads\/2025\/11\/Klimt_Tree_of_Life_1909-1024x549.jpg 1024w, https:\/\/rafaramirez.org\/blog\/wp-content\/uploads\/2025\/11\/Klimt_Tree_of_Life_1909-768x412.jpg 768w, https:\/\/rafaramirez.org\/blog\/wp-content\/uploads\/2025\/11\/Klimt_Tree_of_Life_1909.jpg 1280w\" sizes=\"auto, (max-width: 300px) 100vw, 300px\" \/><\/a><figcaption id=\"caption-attachment-11070\" class=\"wp-caption-text\">El \u00e1rbol de la vida (1909) de Gustav Klimt. Blog de Rafael Ram\u00edrez.<\/figcaption><\/figure><\/li>\n<li>La dama de oro (Retrato de Ad\u00e8le Bloch-Bauer I, 1907), que es un ejemplo de la fusi\u00f3n entre retrato y ornamentaci\u00f3n.\n<p><figure id=\"attachment_9645\" aria-describedby=\"caption-attachment-9645\" style=\"width: 300px\" class=\"wp-caption aligncenter\"><a href=\"https:\/\/rafaramirez.org\/blog\/wp-content\/uploads\/2025\/07\/Retrato-de-Adele-Bloch-Bauer_Gustav_Klimt_1907.jpg\" target=\"_blank\" rel=\"noopener\"><img loading=\"lazy\" decoding=\"async\" class=\"wp-image-9645 size-medium\" src=\"https:\/\/rafaramirez.org\/blog\/wp-content\/uploads\/2025\/07\/Retrato-de-Adele-Bloch-Bauer_Gustav_Klimt_1907-300x300.jpg\" alt=\"Retrato de Adele Bloch-Bauer I (1907) de Gustav Klimt. Blog de Rafael Ram\u00edrez.\" width=\"300\" height=\"300\" srcset=\"https:\/\/rafaramirez.org\/blog\/wp-content\/uploads\/2025\/07\/Retrato-de-Adele-Bloch-Bauer_Gustav_Klimt_1907-300x300.jpg 300w, https:\/\/rafaramirez.org\/blog\/wp-content\/uploads\/2025\/07\/Retrato-de-Adele-Bloch-Bauer_Gustav_Klimt_1907-1024x1024.jpg 1024w, https:\/\/rafaramirez.org\/blog\/wp-content\/uploads\/2025\/07\/Retrato-de-Adele-Bloch-Bauer_Gustav_Klimt_1907-150x150.jpg 150w, https:\/\/rafaramirez.org\/blog\/wp-content\/uploads\/2025\/07\/Retrato-de-Adele-Bloch-Bauer_Gustav_Klimt_1907-768x769.jpg 768w, https:\/\/rafaramirez.org\/blog\/wp-content\/uploads\/2025\/07\/Retrato-de-Adele-Bloch-Bauer_Gustav_Klimt_1907.jpg 1199w\" sizes=\"auto, (max-width: 300px) 100vw, 300px\" \/><\/a><figcaption id=\"caption-attachment-9645\" class=\"wp-caption-text\">Retrato de Adele Bloch-Bauer I (1907) de Gustav Klimt. Blog de Rafael Ram\u00edrez.<\/figcaption><\/figure><\/li>\n<\/ul>\n<\/li>\n<li><strong>Alphonse Mucha<\/strong>:\n<ul>\n<li>Sus carteles litogr\u00e1ficos para marcas y espect\u00e1culos, como la serie Las estaciones (1896), en los que aparecen mujeres aleg\u00f3ricas rodeadas de flores y arabescos.\n<p><figure id=\"attachment_11071\" aria-describedby=\"caption-attachment-11071\" style=\"width: 300px\" class=\"wp-caption aligncenter\"><a href=\"https:\/\/rafaramirez.org\/blog\/wp-content\/uploads\/2025\/11\/1896-Las-estaciones.jpg\" target=\"_blank\" rel=\"noopener\"><img loading=\"lazy\" decoding=\"async\" class=\"wp-image-11071 size-medium\" src=\"https:\/\/rafaramirez.org\/blog\/wp-content\/uploads\/2025\/11\/1896-Las-estaciones-300x145.jpg\" alt=\"Las estaciones (1896) de Alphonse Mucha. Blog de Rafael Ram\u00edrez.\" width=\"300\" height=\"145\" srcset=\"https:\/\/rafaramirez.org\/blog\/wp-content\/uploads\/2025\/11\/1896-Las-estaciones-300x145.jpg 300w, https:\/\/rafaramirez.org\/blog\/wp-content\/uploads\/2025\/11\/1896-Las-estaciones-1024x496.jpg 1024w, https:\/\/rafaramirez.org\/blog\/wp-content\/uploads\/2025\/11\/1896-Las-estaciones-768x372.jpg 768w, https:\/\/rafaramirez.org\/blog\/wp-content\/uploads\/2025\/11\/1896-Las-estaciones.jpg 1120w\" sizes=\"auto, (max-width: 300px) 100vw, 300px\" \/><\/a><figcaption id=\"caption-attachment-11071\" class=\"wp-caption-text\">Las estaciones (1896) de Alphonse Mucha. Blog de Rafael Ram\u00edrez.<\/figcaption><\/figure><\/li>\n<li>Job Cigarettes (1896), que convirti\u00f3 la publicidad en arte refinado.\n<p><figure id=\"attachment_11072\" aria-describedby=\"caption-attachment-11072\" style=\"width: 227px\" class=\"wp-caption aligncenter\"><a href=\"https:\/\/rafaramirez.org\/blog\/wp-content\/uploads\/2025\/11\/Job-Cigarettes-1896.jpg\" target=\"_blank\" rel=\"noopener\"><img loading=\"lazy\" decoding=\"async\" class=\"wp-image-11072 size-medium\" src=\"https:\/\/rafaramirez.org\/blog\/wp-content\/uploads\/2025\/11\/Job-Cigarettes-1896-227x300.jpg\" alt=\"Job Cigarettes (1896) de Alphonse Mucha. Blog de Rafael Ram\u00edrez.\" width=\"227\" height=\"300\" srcset=\"https:\/\/rafaramirez.org\/blog\/wp-content\/uploads\/2025\/11\/Job-Cigarettes-1896-227x300.jpg 227w, https:\/\/rafaramirez.org\/blog\/wp-content\/uploads\/2025\/11\/Job-Cigarettes-1896-776x1024.jpg 776w, https:\/\/rafaramirez.org\/blog\/wp-content\/uploads\/2025\/11\/Job-Cigarettes-1896-768x1014.jpg 768w, https:\/\/rafaramirez.org\/blog\/wp-content\/uploads\/2025\/11\/Job-Cigarettes-1896.jpg 1022w\" sizes=\"auto, (max-width: 227px) 100vw, 227px\" \/><\/a><figcaption id=\"caption-attachment-11072\" class=\"wp-caption-text\">Job Cigarettes (1896) de Alphonse Mucha. Blog de Rafael Ram\u00edrez.<\/figcaption><\/figure><\/li>\n<\/ul>\n<\/li>\n<li><a href=\"https:\/\/rafaramirez.org\/blog\/index.php\/2026\/06\/18\/ramon-casas-la-luz-moderna-que-retrato-el-alma-de-una-epoca-biografia\/\" target=\"_blank\" rel=\"noopener\"><strong>Ram\u00f3n Casas<\/strong><\/a>:\n<ul>\n<li>Ram\u00f3n Casas y Pere Romeu en un t\u00e1ndem (1897), obra que refleja la modernidad y el esp\u00edritu bohemio de la Barcelona modernista.\n<p><figure id=\"attachment_11073\" aria-describedby=\"caption-attachment-11073\" style=\"width: 300px\" class=\"wp-caption aligncenter\"><a href=\"https:\/\/rafaramirez.org\/blog\/wp-content\/uploads\/2025\/11\/Ramon-Casas-y-Pere-Romeu-en-un-tandem-1897.jpg\" target=\"_blank\" rel=\"noopener\"><img loading=\"lazy\" decoding=\"async\" class=\"wp-image-11073 size-medium\" src=\"https:\/\/rafaramirez.org\/blog\/wp-content\/uploads\/2025\/11\/Ramon-Casas-y-Pere-Romeu-en-un-tandem-1897-300x263.jpg\" alt=\"Ram\u00f3n Casas y Pere Romeu en un t\u00e1ndem (1897) de Ram\u00f3n Casas. Blog de Rafael Ram\u00edrez.\" width=\"300\" height=\"263\" srcset=\"https:\/\/rafaramirez.org\/blog\/wp-content\/uploads\/2025\/11\/Ramon-Casas-y-Pere-Romeu-en-un-tandem-1897-300x263.jpg 300w, https:\/\/rafaramirez.org\/blog\/wp-content\/uploads\/2025\/11\/Ramon-Casas-y-Pere-Romeu-en-un-tandem-1897-1024x897.jpg 1024w, https:\/\/rafaramirez.org\/blog\/wp-content\/uploads\/2025\/11\/Ramon-Casas-y-Pere-Romeu-en-un-tandem-1897-768x673.jpg 768w, https:\/\/rafaramirez.org\/blog\/wp-content\/uploads\/2025\/11\/Ramon-Casas-y-Pere-Romeu-en-un-tandem-1897-1536x1346.jpg 1536w, https:\/\/rafaramirez.org\/blog\/wp-content\/uploads\/2025\/11\/Ramon-Casas-y-Pere-Romeu-en-un-tandem-1897.jpg 1600w\" sizes=\"auto, (max-width: 300px) 100vw, 300px\" \/><\/a><figcaption id=\"caption-attachment-11073\" class=\"wp-caption-text\">Ram\u00f3n Casas y Pere Romeu en un t\u00e1ndem (1897) de Ram\u00f3n Casas. Blog de Rafael Ram\u00edrez.<\/figcaption><\/figure><\/li>\n<li>Sus retratos femeninos, como Julia en granate (1906), que transmiten elegancia y melancol\u00eda.\n<p><figure id=\"attachment_11074\" aria-describedby=\"caption-attachment-11074\" style=\"width: 242px\" class=\"wp-caption aligncenter\"><a href=\"https:\/\/rafaramirez.org\/blog\/wp-content\/uploads\/2025\/11\/Julia-en-granate-1906-de-Ramon-Casas.jpg\" target=\"_blank\" rel=\"noopener\"><img loading=\"lazy\" decoding=\"async\" class=\"wp-image-11074 size-medium\" src=\"https:\/\/rafaramirez.org\/blog\/wp-content\/uploads\/2025\/11\/Julia-en-granate-1906-de-Ramon-Casas-242x300.jpg\" alt=\"Julia en granate (1906) de Ram\u00f3n Casas. Blog de Rafael Ram\u00edrez.\" width=\"242\" height=\"300\" srcset=\"https:\/\/rafaramirez.org\/blog\/wp-content\/uploads\/2025\/11\/Julia-en-granate-1906-de-Ramon-Casas-242x300.jpg 242w, https:\/\/rafaramirez.org\/blog\/wp-content\/uploads\/2025\/11\/Julia-en-granate-1906-de-Ramon-Casas-827x1024.jpg 827w, https:\/\/rafaramirez.org\/blog\/wp-content\/uploads\/2025\/11\/Julia-en-granate-1906-de-Ramon-Casas-768x951.jpg 768w, https:\/\/rafaramirez.org\/blog\/wp-content\/uploads\/2025\/11\/Julia-en-granate-1906-de-Ramon-Casas-1240x1536.jpg 1240w, https:\/\/rafaramirez.org\/blog\/wp-content\/uploads\/2025\/11\/Julia-en-granate-1906-de-Ramon-Casas.jpg 1280w\" sizes=\"auto, (max-width: 242px) 100vw, 242px\" \/><\/a><figcaption id=\"caption-attachment-11074\" class=\"wp-caption-text\">Julia en granate (1906) de Ram\u00f3n Casas. Blog de Rafael Ram\u00edrez.<\/figcaption><\/figure><\/li>\n<\/ul>\n<\/li>\n<li><a href=\"https:\/\/rafaramirez.org\/blog\/index.php\/2026\/04\/17\/santiago-rusinol-biografia\/\" target=\"_blank\" rel=\"noopener\"><strong>Santiago Rusi\u00f1ol<\/strong><\/a>:\n<ul>\n<li>Jard\u00edn de Aranjuez (1907) y otros paisajes de jardines, que evocan la calma y la espiritualidad del entorno natural.\n<p><figure id=\"attachment_11076\" aria-describedby=\"caption-attachment-11076\" style=\"width: 300px\" class=\"wp-caption aligncenter\"><a href=\"https:\/\/rafaramirez.org\/blog\/wp-content\/uploads\/2025\/11\/Jardin-de-Aranjuez-1907-de-Santiago-Rusinol.jpg\" target=\"_blank\" rel=\"noopener\"><img loading=\"lazy\" decoding=\"async\" class=\"wp-image-11076 size-medium\" src=\"https:\/\/rafaramirez.org\/blog\/wp-content\/uploads\/2025\/11\/Jardin-de-Aranjuez-1907-de-Santiago-Rusinol-300x222.jpg\" alt=\"Jard\u00edn de Aranjuez (1907) de Santiago Rusi\u00f1ol. Blog de Rafael Ram\u00edrez.\" width=\"300\" height=\"222\" srcset=\"https:\/\/rafaramirez.org\/blog\/wp-content\/uploads\/2025\/11\/Jardin-de-Aranjuez-1907-de-Santiago-Rusinol-300x222.jpg 300w, https:\/\/rafaramirez.org\/blog\/wp-content\/uploads\/2025\/11\/Jardin-de-Aranjuez-1907-de-Santiago-Rusinol-1024x758.jpg 1024w, https:\/\/rafaramirez.org\/blog\/wp-content\/uploads\/2025\/11\/Jardin-de-Aranjuez-1907-de-Santiago-Rusinol-768x568.jpg 768w, https:\/\/rafaramirez.org\/blog\/wp-content\/uploads\/2025\/11\/Jardin-de-Aranjuez-1907-de-Santiago-Rusinol-1536x1137.jpg 1536w, https:\/\/rafaramirez.org\/blog\/wp-content\/uploads\/2025\/11\/Jardin-de-Aranjuez-1907-de-Santiago-Rusinol.jpg 1600w\" sizes=\"auto, (max-width: 300px) 100vw, 300px\" \/><\/a><figcaption id=\"caption-attachment-11076\" class=\"wp-caption-text\">Jard\u00edn de Aranjuez (1907) de Santiago Rusi\u00f1ol. Blog de Rafael Ram\u00edrez.<\/figcaption><\/figure><\/li>\n<li>La morfina (1894) es un cuadro de fuerte carga simb\u00f3lica y social.\n<p><figure id=\"attachment_11077\" aria-describedby=\"caption-attachment-11077\" style=\"width: 300px\" class=\"wp-caption aligncenter\"><a href=\"https:\/\/rafaramirez.org\/blog\/wp-content\/uploads\/2025\/11\/La-morfina-1894-de-Santiago-Rusinol.jpg\" target=\"_blank\" rel=\"noopener\"><img loading=\"lazy\" decoding=\"async\" class=\"wp-image-11077 size-medium\" src=\"https:\/\/rafaramirez.org\/blog\/wp-content\/uploads\/2025\/11\/La-morfina-1894-de-Santiago-Rusinol-300x229.jpg\" alt=\"La morfina (1894) de Santiago Rusi\u00f1ol. Blog de Rafael Ram\u00edrez.\" width=\"300\" height=\"229\" srcset=\"https:\/\/rafaramirez.org\/blog\/wp-content\/uploads\/2025\/11\/La-morfina-1894-de-Santiago-Rusinol-300x229.jpg 300w, https:\/\/rafaramirez.org\/blog\/wp-content\/uploads\/2025\/11\/La-morfina-1894-de-Santiago-Rusinol-1024x780.jpg 1024w, https:\/\/rafaramirez.org\/blog\/wp-content\/uploads\/2025\/11\/La-morfina-1894-de-Santiago-Rusinol-768x585.jpg 768w, https:\/\/rafaramirez.org\/blog\/wp-content\/uploads\/2025\/11\/La-morfina-1894-de-Santiago-Rusinol-1536x1170.jpg 1536w, https:\/\/rafaramirez.org\/blog\/wp-content\/uploads\/2025\/11\/La-morfina-1894-de-Santiago-Rusinol.jpg 1600w\" sizes=\"auto, (max-width: 300px) 100vw, 300px\" \/><\/a><figcaption id=\"caption-attachment-11077\" class=\"wp-caption-text\">La morfina (1894) de Santiago Rusi\u00f1ol. Blog de Rafael Ram\u00edrez.<\/figcaption><\/figure><\/li>\n<\/ul>\n<\/li>\n<\/ul>\n<p>Estas obras no solo representan un estilo, sino tambi\u00e9n un gesto cultural de renovaci\u00f3n, el intento de reconciliar el arte y la vida y de transformar lo cotidiano en experiencia est\u00e9tica. El modernismo dignific\u00f3 lo ornamental y lo convirti\u00f3 en un lenguaje profundo capaz de emocionar y situar la belleza en el centro de la existencia.<\/p>\n<p>En definitiva, las obras m\u00e1s destacadas del modernismo son aquellas que lograron unir ornamento, simbolismo y emoci\u00f3n, anticipando las vanguardias del siglo XX y dejando un legado que a\u00fan hoy se percibe en nuestra forma de entender la relaci\u00f3n entre arte y vida.<\/p>\n<p>M\u00e1s informaci\u00f3n:<\/p>\n<ul>\n<li><a href=\"https:\/\/es.wikipedia.org\/wiki\/Modernismo_%28arte%29\" target=\"_blank\" rel=\"noopener\">Modernismo (arte) &#8211; Wikipedia, la enciclopedia libre<\/a>.<\/li>\n<li><a href=\"https:\/\/www.thehistoryofart.org\/es\/artistas\/modernismo\/\" target=\"_blank\" rel=\"noopener\">Artistas del Modernismo (Art Nouveau)<\/a>.<\/li>\n<li><a href=\"https:\/\/rafaramirez.org\/blog\/index.php\/category\/arte\/historia-del-arte\/\" target=\"_blank\" rel=\"noopener\">M\u00e1s historia del arte y biograf\u00eda de los m\u00e1s destacados pintores<\/a>.<\/li>\n<\/ul>\n","protected":false},"excerpt":{"rendered":"<p>El modernismo en la pintura fue una corriente art\u00edstica de finales del siglo XIX y principios del XX que busc\u00f3 romper con las normas acad\u00e9micas y crear un \u201carte nuevo\u201d, inspirado en la naturaleza, las formas org\u00e1nicas y la idea de belleza como experiencia total. El modernismo, conocido internacionalmente como Art Nouveau, surgi\u00f3 en un [&hellip;]<\/p>\n","protected":false},"author":3,"featured_media":11084,"comment_status":"open","ping_status":"closed","sticky":false,"template":"","format":"standard","meta":{"site-container-style":"default","site-container-layout":"default","site-sidebar-layout":"default","disable-article-header":"default","disable-site-header":"default","disable-site-footer":"default","disable-content-area-spacing":"default","_jetpack_newsletter_access":"","_jetpack_dont_email_post_to_subs":false,"_jetpack_newsletter_tier_id":0,"_jetpack_memberships_contains_paywalled_content":false,"_jetpack_feature_clip_id":0,"_jetpack_memberships_contains_paid_content":false,"footnotes":"","jetpack_publicize_message":"","jetpack_publicize_feature_enabled":true,"jetpack_social_post_already_shared":true,"jetpack_social_options":{"image_generator_settings":{"template":"highway","default_image_id":0,"font":"","enabled":false},"version":2},"jetpack_post_was_ever_published":false},"categories":[1290],"tags":[4608,2711,4606,4607,4367,3748,1383,4609,4610],"class_list":["post-11065","post","type-post","status-publish","format-standard","has-post-thumbnail","hentry","category-historia-del-arte","tag-alphonse-mucha","tag-edvard-munch","tag-el-modernismo-en-el-arte","tag-el-modernismo-en-la-pintura","tag-gustav-klimt","tag-historia-de-la-pintura","tag-historia-del-arte","tag-ramon-casas","tag-santiago-rusinol"],"yoast_head":"<!-- This site is optimized with the Yoast SEO plugin v28.3 - https:\/\/yoast.com\/product\/yoast-seo-wordpress\/ -->\n<title>Modernismo en la pintura: la belleza como experiencia vital. - Blog de Rafael Ram\u00edrez<\/title>\n<meta name=\"description\" content=\"El modernismo en la pintura fue una corriente art\u00edstica de finales del siglo XIX y principios del XX que busc\u00f3 romper con las normas...\" \/>\n<meta name=\"robots\" content=\"index, follow, max-snippet:-1, max-image-preview:large, max-video-preview:-1\" \/>\n<link rel=\"canonical\" href=\"https:\/\/rafaramirez.org\/blog\/index.php\/2025\/11\/27\/el-modernismo-en-la-pintura\/\" \/>\n<meta property=\"og:locale\" content=\"es_ES\" \/>\n<meta property=\"og:type\" content=\"article\" \/>\n<meta property=\"og:title\" content=\"Modernismo en la pintura: la belleza como experiencia vital. - Blog de Rafael Ram\u00edrez\" \/>\n<meta property=\"og:description\" content=\"El modernismo en la pintura fue una corriente art\u00edstica de finales del siglo XIX y principios del XX que busc\u00f3 romper con las normas...\" \/>\n<meta property=\"og:url\" content=\"https:\/\/rafaramirez.org\/blog\/index.php\/2025\/11\/27\/el-modernismo-en-la-pintura\/\" \/>\n<meta property=\"og:site_name\" content=\"Blog de Rafael Ram\u00edrez\" \/>\n<meta property=\"article:published_time\" content=\"2025-11-27T07:00:58+00:00\" \/>\n<meta property=\"article:modified_time\" content=\"2026-07-14T09:41:14+00:00\" \/>\n<meta property=\"og:image\" content=\"https:\/\/rafaramirez.org\/blog\/wp-content\/uploads\/2025\/11\/Modernismo-en-la-pintura_bannerlog.jpg\" \/>\n\t<meta property=\"og:image:width\" content=\"720\" \/>\n\t<meta property=\"og:image:height\" content=\"440\" \/>\n\t<meta property=\"og:image:type\" content=\"image\/jpeg\" \/>\n<meta name=\"author\" content=\"Documentaci\u00f3n e investigaci\u00f3n\" \/>\n<meta name=\"twitter:card\" content=\"summary_large_image\" \/>\n<meta name=\"twitter:site\" content=\"@rafaramirez_ok\" \/>\n<meta name=\"twitter:label1\" content=\"Escrito por\" \/>\n\t<meta name=\"twitter:data1\" content=\"Documentaci\u00f3n e investigaci\u00f3n\" \/>\n\t<meta name=\"twitter:label2\" content=\"Tiempo de lectura\" \/>\n\t<meta name=\"twitter:data2\" content=\"11 minutos\" \/>\n<script type=\"application\/ld+json\" class=\"yoast-schema-graph\">{\"@context\":\"https:\\\/\\\/schema.org\",\"@graph\":[{\"@type\":\"Article\",\"@id\":\"https:\\\/\\\/rafaramirez.org\\\/blog\\\/index.php\\\/2025\\\/11\\\/27\\\/el-modernismo-en-la-pintura\\\/#article\",\"isPartOf\":{\"@id\":\"https:\\\/\\\/rafaramirez.org\\\/blog\\\/index.php\\\/2025\\\/11\\\/27\\\/el-modernismo-en-la-pintura\\\/\"},\"author\":{\"name\":\"Documentaci\u00f3n e investigaci\u00f3n\",\"@id\":\"https:\\\/\\\/rafaramirez.org\\\/blog\\\/#\\\/schema\\\/person\\\/8debd05b3d9a1d16fb21af726811617d\"},\"headline\":\"Modernismo en la pintura: la belleza como experiencia vital.\",\"datePublished\":\"2025-11-27T07:00:58+00:00\",\"dateModified\":\"2026-07-14T09:41:14+00:00\",\"mainEntityOfPage\":{\"@id\":\"https:\\\/\\\/rafaramirez.org\\\/blog\\\/index.php\\\/2025\\\/11\\\/27\\\/el-modernismo-en-la-pintura\\\/\"},\"wordCount\":1727,\"commentCount\":0,\"publisher\":{\"@id\":\"https:\\\/\\\/rafaramirez.org\\\/blog\\\/#\\\/schema\\\/person\\\/50f43b6d60c578760d4c17bda54ab6a5\"},\"image\":{\"@id\":\"https:\\\/\\\/rafaramirez.org\\\/blog\\\/index.php\\\/2025\\\/11\\\/27\\\/el-modernismo-en-la-pintura\\\/#primaryimage\"},\"thumbnailUrl\":\"https:\\\/\\\/rafaramirez.org\\\/blog\\\/wp-content\\\/uploads\\\/2025\\\/11\\\/Modernismo-en-la-pintura_bannerlog.jpg\",\"keywords\":[\"Alphonse Mucha\",\"Edvard Munch\",\"el modernismo en el arte\",\"el modernismo en la pintura\",\"Gustav Klimt\",\"historia de la pintura\",\"historia del arte\",\"Ram\u00f3n Casas\",\"Santiago Rusi\u00f1ol\"],\"articleSection\":[\"Historia del arte\"],\"inLanguage\":\"es\",\"potentialAction\":[{\"@type\":\"CommentAction\",\"name\":\"Comment\",\"target\":[\"https:\\\/\\\/rafaramirez.org\\\/blog\\\/index.php\\\/2025\\\/11\\\/27\\\/el-modernismo-en-la-pintura\\\/#respond\"]}]},{\"@type\":\"WebPage\",\"@id\":\"https:\\\/\\\/rafaramirez.org\\\/blog\\\/index.php\\\/2025\\\/11\\\/27\\\/el-modernismo-en-la-pintura\\\/\",\"url\":\"https:\\\/\\\/rafaramirez.org\\\/blog\\\/index.php\\\/2025\\\/11\\\/27\\\/el-modernismo-en-la-pintura\\\/\",\"name\":\"Modernismo en la pintura: la belleza como experiencia vital. - Blog de Rafael Ram\u00edrez\",\"isPartOf\":{\"@id\":\"https:\\\/\\\/rafaramirez.org\\\/blog\\\/#website\"},\"primaryImageOfPage\":{\"@id\":\"https:\\\/\\\/rafaramirez.org\\\/blog\\\/index.php\\\/2025\\\/11\\\/27\\\/el-modernismo-en-la-pintura\\\/#primaryimage\"},\"image\":{\"@id\":\"https:\\\/\\\/rafaramirez.org\\\/blog\\\/index.php\\\/2025\\\/11\\\/27\\\/el-modernismo-en-la-pintura\\\/#primaryimage\"},\"thumbnailUrl\":\"https:\\\/\\\/rafaramirez.org\\\/blog\\\/wp-content\\\/uploads\\\/2025\\\/11\\\/Modernismo-en-la-pintura_bannerlog.jpg\",\"datePublished\":\"2025-11-27T07:00:58+00:00\",\"dateModified\":\"2026-07-14T09:41:14+00:00\",\"description\":\"El modernismo en la pintura fue una corriente art\u00edstica de finales del siglo XIX y principios del XX que busc\u00f3 romper con las normas...\",\"breadcrumb\":{\"@id\":\"https:\\\/\\\/rafaramirez.org\\\/blog\\\/index.php\\\/2025\\\/11\\\/27\\\/el-modernismo-en-la-pintura\\\/#breadcrumb\"},\"inLanguage\":\"es\",\"potentialAction\":[{\"@type\":\"ReadAction\",\"target\":[\"https:\\\/\\\/rafaramirez.org\\\/blog\\\/index.php\\\/2025\\\/11\\\/27\\\/el-modernismo-en-la-pintura\\\/\"]}]},{\"@type\":\"ImageObject\",\"inLanguage\":\"es\",\"@id\":\"https:\\\/\\\/rafaramirez.org\\\/blog\\\/index.php\\\/2025\\\/11\\\/27\\\/el-modernismo-en-la-pintura\\\/#primaryimage\",\"url\":\"https:\\\/\\\/rafaramirez.org\\\/blog\\\/wp-content\\\/uploads\\\/2025\\\/11\\\/Modernismo-en-la-pintura_bannerlog.jpg\",\"contentUrl\":\"https:\\\/\\\/rafaramirez.org\\\/blog\\\/wp-content\\\/uploads\\\/2025\\\/11\\\/Modernismo-en-la-pintura_bannerlog.jpg\",\"width\":720,\"height\":440,\"caption\":\"Modernismo en la pintura: la belleza como experiencia vital. Blog de Rafael Ram\u00edrez.\"},{\"@type\":\"BreadcrumbList\",\"@id\":\"https:\\\/\\\/rafaramirez.org\\\/blog\\\/index.php\\\/2025\\\/11\\\/27\\\/el-modernismo-en-la-pintura\\\/#breadcrumb\",\"itemListElement\":[{\"@type\":\"ListItem\",\"position\":1,\"name\":\"Portada\",\"item\":\"https:\\\/\\\/rafaramirez.org\\\/blog\\\/\"},{\"@type\":\"ListItem\",\"position\":2,\"name\":\"Modernismo en la pintura: la belleza como experiencia vital.\"}]},{\"@type\":\"WebSite\",\"@id\":\"https:\\\/\\\/rafaramirez.org\\\/blog\\\/#website\",\"url\":\"https:\\\/\\\/rafaramirez.org\\\/blog\\\/\",\"name\":\"Blog de Rafael Ram\u00edrez\",\"description\":\"Un sitio social, de arte y cultura\",\"publisher\":{\"@id\":\"https:\\\/\\\/rafaramirez.org\\\/blog\\\/#\\\/schema\\\/person\\\/50f43b6d60c578760d4c17bda54ab6a5\"},\"potentialAction\":[{\"@type\":\"SearchAction\",\"target\":{\"@type\":\"EntryPoint\",\"urlTemplate\":\"https:\\\/\\\/rafaramirez.org\\\/blog\\\/?s={search_term_string}\"},\"query-input\":{\"@type\":\"PropertyValueSpecification\",\"valueRequired\":true,\"valueName\":\"search_term_string\"}}],\"inLanguage\":\"es\"},{\"@type\":[\"Person\",\"Organization\"],\"@id\":\"https:\\\/\\\/rafaramirez.org\\\/blog\\\/#\\\/schema\\\/person\\\/50f43b6d60c578760d4c17bda54ab6a5\",\"name\":\"Rafael Ram\u00edrez\",\"image\":{\"@type\":\"ImageObject\",\"inLanguage\":\"es\",\"@id\":\"https:\\\/\\\/rafaramirez.org\\\/blog\\\/wp-content\\\/uploads\\\/2024\\\/09\\\/RR_socialnetwork.jpg\",\"url\":\"https:\\\/\\\/rafaramirez.org\\\/blog\\\/wp-content\\\/uploads\\\/2024\\\/09\\\/RR_socialnetwork.jpg\",\"contentUrl\":\"https:\\\/\\\/rafaramirez.org\\\/blog\\\/wp-content\\\/uploads\\\/2024\\\/09\\\/RR_socialnetwork.jpg\",\"width\":600,\"height\":606,\"caption\":\"Rafael Ram\u00edrez\"},\"logo\":{\"@id\":\"https:\\\/\\\/rafaramirez.org\\\/blog\\\/wp-content\\\/uploads\\\/2024\\\/09\\\/RR_socialnetwork.jpg\"},\"sameAs\":[\"https:\\\/\\\/www.rafaramirez.org\\\/blog\",\"https:\\\/\\\/www.instagram.com\\\/rafaramirez_ok\\\/\",\"https:\\\/\\\/es.pinterest.com\\\/Ramirez_Rafa\\\/\",\"https:\\\/\\\/x.com\\\/rafaramirez_ok\"]},{\"@type\":\"Person\",\"@id\":\"https:\\\/\\\/rafaramirez.org\\\/blog\\\/#\\\/schema\\\/person\\\/8debd05b3d9a1d16fb21af726811617d\",\"name\":\"Documentaci\u00f3n e investigaci\u00f3n\",\"image\":{\"@type\":\"ImageObject\",\"inLanguage\":\"es\",\"@id\":\"https:\\\/\\\/secure.gravatar.com\\\/avatar\\\/fe70e496579a39c7a8fc4982b89275403b1092eb200623138a32daada9416911?s=96&d=mm&r=g\",\"url\":\"https:\\\/\\\/secure.gravatar.com\\\/avatar\\\/fe70e496579a39c7a8fc4982b89275403b1092eb200623138a32daada9416911?s=96&d=mm&r=g\",\"contentUrl\":\"https:\\\/\\\/secure.gravatar.com\\\/avatar\\\/fe70e496579a39c7a8fc4982b89275403b1092eb200623138a32daada9416911?s=96&d=mm&r=g\",\"caption\":\"Documentaci\u00f3n e investigaci\u00f3n\"},\"url\":\"https:\\\/\\\/rafaramirez.org\\\/blog\\\/index.php\\\/author\\\/admin\\\/\"}]}<\/script>\n<!-- \/ Yoast SEO plugin. -->","yoast_head_json":{"title":"Modernismo en la pintura: la belleza como experiencia vital. - Blog de Rafael Ram\u00edrez","description":"El modernismo en la pintura fue una corriente art\u00edstica de finales del siglo XIX y principios del XX que busc\u00f3 romper con las normas...","robots":{"index":"index","follow":"follow","max-snippet":"max-snippet:-1","max-image-preview":"max-image-preview:large","max-video-preview":"max-video-preview:-1"},"canonical":"https:\/\/rafaramirez.org\/blog\/index.php\/2025\/11\/27\/el-modernismo-en-la-pintura\/","og_locale":"es_ES","og_type":"article","og_title":"Modernismo en la pintura: la belleza como experiencia vital. - Blog de Rafael Ram\u00edrez","og_description":"El modernismo en la pintura fue una corriente art\u00edstica de finales del siglo XIX y principios del XX que busc\u00f3 romper con las normas...","og_url":"https:\/\/rafaramirez.org\/blog\/index.php\/2025\/11\/27\/el-modernismo-en-la-pintura\/","og_site_name":"Blog de Rafael Ram\u00edrez","article_published_time":"2025-11-27T07:00:58+00:00","article_modified_time":"2026-07-14T09:41:14+00:00","og_image":[{"width":720,"height":440,"url":"https:\/\/rafaramirez.org\/blog\/wp-content\/uploads\/2025\/11\/Modernismo-en-la-pintura_bannerlog.jpg","type":"image\/jpeg"}],"author":"Documentaci\u00f3n e investigaci\u00f3n","twitter_card":"summary_large_image","twitter_site":"@rafaramirez_ok","twitter_misc":{"Escrito por":"Documentaci\u00f3n e investigaci\u00f3n","Tiempo de lectura":"11 minutos"},"schema":{"@context":"https:\/\/schema.org","@graph":[{"@type":"Article","@id":"https:\/\/rafaramirez.org\/blog\/index.php\/2025\/11\/27\/el-modernismo-en-la-pintura\/#article","isPartOf":{"@id":"https:\/\/rafaramirez.org\/blog\/index.php\/2025\/11\/27\/el-modernismo-en-la-pintura\/"},"author":{"name":"Documentaci\u00f3n e investigaci\u00f3n","@id":"https:\/\/rafaramirez.org\/blog\/#\/schema\/person\/8debd05b3d9a1d16fb21af726811617d"},"headline":"Modernismo en la pintura: la belleza como experiencia vital.","datePublished":"2025-11-27T07:00:58+00:00","dateModified":"2026-07-14T09:41:14+00:00","mainEntityOfPage":{"@id":"https:\/\/rafaramirez.org\/blog\/index.php\/2025\/11\/27\/el-modernismo-en-la-pintura\/"},"wordCount":1727,"commentCount":0,"publisher":{"@id":"https:\/\/rafaramirez.org\/blog\/#\/schema\/person\/50f43b6d60c578760d4c17bda54ab6a5"},"image":{"@id":"https:\/\/rafaramirez.org\/blog\/index.php\/2025\/11\/27\/el-modernismo-en-la-pintura\/#primaryimage"},"thumbnailUrl":"https:\/\/rafaramirez.org\/blog\/wp-content\/uploads\/2025\/11\/Modernismo-en-la-pintura_bannerlog.jpg","keywords":["Alphonse Mucha","Edvard Munch","el modernismo en el arte","el modernismo en la pintura","Gustav Klimt","historia de la pintura","historia del arte","Ram\u00f3n Casas","Santiago Rusi\u00f1ol"],"articleSection":["Historia del arte"],"inLanguage":"es","potentialAction":[{"@type":"CommentAction","name":"Comment","target":["https:\/\/rafaramirez.org\/blog\/index.php\/2025\/11\/27\/el-modernismo-en-la-pintura\/#respond"]}]},{"@type":"WebPage","@id":"https:\/\/rafaramirez.org\/blog\/index.php\/2025\/11\/27\/el-modernismo-en-la-pintura\/","url":"https:\/\/rafaramirez.org\/blog\/index.php\/2025\/11\/27\/el-modernismo-en-la-pintura\/","name":"Modernismo en la pintura: la belleza como experiencia vital. - Blog de Rafael Ram\u00edrez","isPartOf":{"@id":"https:\/\/rafaramirez.org\/blog\/#website"},"primaryImageOfPage":{"@id":"https:\/\/rafaramirez.org\/blog\/index.php\/2025\/11\/27\/el-modernismo-en-la-pintura\/#primaryimage"},"image":{"@id":"https:\/\/rafaramirez.org\/blog\/index.php\/2025\/11\/27\/el-modernismo-en-la-pintura\/#primaryimage"},"thumbnailUrl":"https:\/\/rafaramirez.org\/blog\/wp-content\/uploads\/2025\/11\/Modernismo-en-la-pintura_bannerlog.jpg","datePublished":"2025-11-27T07:00:58+00:00","dateModified":"2026-07-14T09:41:14+00:00","description":"El modernismo en la pintura fue una corriente art\u00edstica de finales del siglo XIX y principios del XX que busc\u00f3 romper con las normas...","breadcrumb":{"@id":"https:\/\/rafaramirez.org\/blog\/index.php\/2025\/11\/27\/el-modernismo-en-la-pintura\/#breadcrumb"},"inLanguage":"es","potentialAction":[{"@type":"ReadAction","target":["https:\/\/rafaramirez.org\/blog\/index.php\/2025\/11\/27\/el-modernismo-en-la-pintura\/"]}]},{"@type":"ImageObject","inLanguage":"es","@id":"https:\/\/rafaramirez.org\/blog\/index.php\/2025\/11\/27\/el-modernismo-en-la-pintura\/#primaryimage","url":"https:\/\/rafaramirez.org\/blog\/wp-content\/uploads\/2025\/11\/Modernismo-en-la-pintura_bannerlog.jpg","contentUrl":"https:\/\/rafaramirez.org\/blog\/wp-content\/uploads\/2025\/11\/Modernismo-en-la-pintura_bannerlog.jpg","width":720,"height":440,"caption":"Modernismo en la pintura: la belleza como experiencia vital. Blog de Rafael Ram\u00edrez."},{"@type":"BreadcrumbList","@id":"https:\/\/rafaramirez.org\/blog\/index.php\/2025\/11\/27\/el-modernismo-en-la-pintura\/#breadcrumb","itemListElement":[{"@type":"ListItem","position":1,"name":"Portada","item":"https:\/\/rafaramirez.org\/blog\/"},{"@type":"ListItem","position":2,"name":"Modernismo en la pintura: la belleza como experiencia vital."}]},{"@type":"WebSite","@id":"https:\/\/rafaramirez.org\/blog\/#website","url":"https:\/\/rafaramirez.org\/blog\/","name":"Blog de Rafael Ram\u00edrez","description":"Un sitio social, de arte y cultura","publisher":{"@id":"https:\/\/rafaramirez.org\/blog\/#\/schema\/person\/50f43b6d60c578760d4c17bda54ab6a5"},"potentialAction":[{"@type":"SearchAction","target":{"@type":"EntryPoint","urlTemplate":"https:\/\/rafaramirez.org\/blog\/?s={search_term_string}"},"query-input":{"@type":"PropertyValueSpecification","valueRequired":true,"valueName":"search_term_string"}}],"inLanguage":"es"},{"@type":["Person","Organization"],"@id":"https:\/\/rafaramirez.org\/blog\/#\/schema\/person\/50f43b6d60c578760d4c17bda54ab6a5","name":"Rafael Ram\u00edrez","image":{"@type":"ImageObject","inLanguage":"es","@id":"https:\/\/rafaramirez.org\/blog\/wp-content\/uploads\/2024\/09\/RR_socialnetwork.jpg","url":"https:\/\/rafaramirez.org\/blog\/wp-content\/uploads\/2024\/09\/RR_socialnetwork.jpg","contentUrl":"https:\/\/rafaramirez.org\/blog\/wp-content\/uploads\/2024\/09\/RR_socialnetwork.jpg","width":600,"height":606,"caption":"Rafael Ram\u00edrez"},"logo":{"@id":"https:\/\/rafaramirez.org\/blog\/wp-content\/uploads\/2024\/09\/RR_socialnetwork.jpg"},"sameAs":["https:\/\/www.rafaramirez.org\/blog","https:\/\/www.instagram.com\/rafaramirez_ok\/","https:\/\/es.pinterest.com\/Ramirez_Rafa\/","https:\/\/x.com\/rafaramirez_ok"]},{"@type":"Person","@id":"https:\/\/rafaramirez.org\/blog\/#\/schema\/person\/8debd05b3d9a1d16fb21af726811617d","name":"Documentaci\u00f3n e investigaci\u00f3n","image":{"@type":"ImageObject","inLanguage":"es","@id":"https:\/\/secure.gravatar.com\/avatar\/fe70e496579a39c7a8fc4982b89275403b1092eb200623138a32daada9416911?s=96&d=mm&r=g","url":"https:\/\/secure.gravatar.com\/avatar\/fe70e496579a39c7a8fc4982b89275403b1092eb200623138a32daada9416911?s=96&d=mm&r=g","contentUrl":"https:\/\/secure.gravatar.com\/avatar\/fe70e496579a39c7a8fc4982b89275403b1092eb200623138a32daada9416911?s=96&d=mm&r=g","caption":"Documentaci\u00f3n e investigaci\u00f3n"},"url":"https:\/\/rafaramirez.org\/blog\/index.php\/author\/admin\/"}]}},"jetpack_publicize_connections":[],"jetpack_sharing_enabled":true,"jetpack_likes_enabled":true,"jetpack_featured_media_url":"https:\/\/rafaramirez.org\/blog\/wp-content\/uploads\/2025\/11\/Modernismo-en-la-pintura_bannerlog.jpg","_links":{"self":[{"href":"https:\/\/rafaramirez.org\/blog\/index.php\/wp-json\/wp\/v2\/posts\/11065","targetHints":{"allow":["GET"]}}],"collection":[{"href":"https:\/\/rafaramirez.org\/blog\/index.php\/wp-json\/wp\/v2\/posts"}],"about":[{"href":"https:\/\/rafaramirez.org\/blog\/index.php\/wp-json\/wp\/v2\/types\/post"}],"author":[{"embeddable":true,"href":"https:\/\/rafaramirez.org\/blog\/index.php\/wp-json\/wp\/v2\/users\/3"}],"replies":[{"embeddable":true,"href":"https:\/\/rafaramirez.org\/blog\/index.php\/wp-json\/wp\/v2\/comments?post=11065"}],"version-history":[{"count":14,"href":"https:\/\/rafaramirez.org\/blog\/index.php\/wp-json\/wp\/v2\/posts\/11065\/revisions"}],"predecessor-version":[{"id":13327,"href":"https:\/\/rafaramirez.org\/blog\/index.php\/wp-json\/wp\/v2\/posts\/11065\/revisions\/13327"}],"wp:featuredmedia":[{"embeddable":true,"href":"https:\/\/rafaramirez.org\/blog\/index.php\/wp-json\/wp\/v2\/media\/11084"}],"wp:attachment":[{"href":"https:\/\/rafaramirez.org\/blog\/index.php\/wp-json\/wp\/v2\/media?parent=11065"}],"wp:term":[{"taxonomy":"category","embeddable":true,"href":"https:\/\/rafaramirez.org\/blog\/index.php\/wp-json\/wp\/v2\/categories?post=11065"},{"taxonomy":"post_tag","embeddable":true,"href":"https:\/\/rafaramirez.org\/blog\/index.php\/wp-json\/wp\/v2\/tags?post=11065"}],"curies":[{"name":"wp","href":"https:\/\/api.w.org\/{rel}","templated":true}]}}